{"id":21293,"date":"2025-06-12T16:58:22","date_gmt":"2025-06-12T14:58:22","guid":{"rendered":"https:\/\/www.globalong.com\/blog\/?p=21293"},"modified":"2025-07-06T14:10:03","modified_gmt":"2025-07-06T12:10:03","slug":"humanitaert-forloeb-i-latinamerika","status":"publish","type":"post","link":"https:\/\/www.vita-explorers.dk\/blog\/humanitaert-forloeb-i-latinamerika\/","title":{"rendered":"Humanit\u00e6rt forl\u00f8b i Latinamerika"},"content":{"rendered":"<h1>Humanit\u00e6rt ophold i Latinamerika: den komplette guide til et meningsfuldt engagement<\/h1>\n<h2>Se, hvordan du kan deltage i et humanit\u00e6rt ophold i Latinamerika og g\u00f8re en forskel \u2013 samtidig med at du f\u00e5r en oplevelse, du tager med dig resten af livet.<\/h2>\n<p><iframe loading=\"lazy\" title=\"Projet de protection des tortues au Nicaragua avec l&#039;association Globalong\" width=\"500\" height=\"281\" src=\"https:\/\/www.youtube.com\/embed\/dHYl8HLVY4o?feature=oembed\" frameborder=\"0\" allow=\"accelerometer; autoplay; clipboard-write; encrypted-media; gyroscope; picture-in-picture; web-share\" referrerpolicy=\"strict-origin-when-cross-origin\" allowfullscreen><\/iframe><\/p>\n<h3 data-start=\"248\" data-end=\"293\"><strong data-start=\"251\" data-end=\"293\">Humanit\u00e6rt ophold i Latinamerika<\/strong><\/h3>\n<h3 data-start=\"295\" data-end=\"315\"><strong data-start=\"299\" data-end=\"315\">Introduktion<\/strong><\/h3>\n<p style=\"text-align: justify;\" data-start=\"317\" data-end=\"752\">Du har m\u00e5ske t\u00e6nkt over, hvorfor s\u00e5 mange v\u00e6lger at engagere sig i et <strong data-start=\"393\" data-end=\"435\">humanit\u00e6rt ophold i <a href=\"https:\/\/www.vita-explorers.dk\/blog\/humanitaert-forloeb-i-latinamerika-\/\" target=\"_blank\" rel=\"noopener\">Latinamerika<\/a><\/strong>? For mange er det en s\u00e6rlig kombination af \u00f8nsket om at bidrage og nysgerrigheden efter at l\u00e6re nye kulturer at kende. Det er ikke bare en \u201cgod gerning p\u00e5 rejsen\u201d \u2013 men en reel fordybelse i lokale hverdage, hvor n\u00e6rv\u00e6r og ansvarlighed g\u00f8r, at selv sm\u00e5 bidrag kan m\u00e6rkes.<\/p>\n<p style=\"text-align: justify;\" data-start=\"754\" data-end=\"1183\">At engagere sig i <a href=\"https:\/\/www.vita-explorers.dk\/blog\/humanitaert-forloeb-i-latinamerika-2\/\" target=\"_blank\" rel=\"noopener\">Latinamerika<\/a> handler om empati \u2013 men ogs\u00e5 om at udvikle menneskelige og faglige kompetencer, du kan tage med videre. Det er et kontinent med stor varme og store forskelle, hvor sociale, \u00f8konomiske og milj\u00f8m\u00e6ssige udfordringer stadig fylder meget. Og selv om naturen og bylivet kan v\u00e6re betagende, kan du ogs\u00e5 m\u00f8de sv\u00e6re dilemmaer undervejs \u2013 som kan s\u00e6tte varige spor.<\/p>\n<p data-start=\"754\" data-end=\"1183\"><img loading=\"lazy\" decoding=\"async\" class=\"aligncenter wp-image-21295 size-medium\" src=\"https:\/\/www.vita-explorers.dk\/blog\/wp-content\/uploads\/2025\/06\/Mission-humanitaire-en-action-300x200.png\" alt=\"Humanit\u00e6rt ophold i Latinamerika\" width=\"300\" height=\"200\" srcset=\"https:\/\/www.vita-explorers.dk\/blog\/wp-content\/uploads\/2025\/06\/Mission-humanitaire-en-action-300x200.png 300w, https:\/\/www.vita-explorers.dk\/blog\/wp-content\/uploads\/2025\/06\/Mission-humanitaire-en-action-1024x683.png 1024w, https:\/\/www.vita-explorers.dk\/blog\/wp-content\/uploads\/2025\/06\/Mission-humanitaire-en-action-768x512.png 768w, https:\/\/www.vita-explorers.dk\/blog\/wp-content\/uploads\/2025\/06\/Mission-humanitaire-en-action.png 1536w\" sizes=\"(max-width: 300px) 100vw, 300px\" \/><\/p>\n<hr data-start=\"1185\" data-end=\"1188\" \/>\n<h2 data-start=\"1190\" data-end=\"1274\"><strong data-start=\"1193\" data-end=\"1274\">N\u00e5r motivationen kommer indefra: hvorfor tage p\u00e5 humanit\u00e6rt ophold i Latinamerika?<\/strong><\/h2>\n<p style=\"text-align: justify;\" data-start=\"1276\" data-end=\"1611\">At rejse ud for at hj\u00e6lpe er \u00e9n ting. At tage afsted med ydmyghed, \u00e5bent sind og lyst til at l\u00e6re er noget andet \u2013 og ofte det, der g\u00f8r oplevelsen meningsfuld. Et <a href=\"https:\/\/www.vita-explorers.dk\/blog\/hvordan-engagerer-man-sig-i-et-internationalt-forl\u00f8b\/\" target=\"_blank\" rel=\"noopener\">humanit\u00e6rt ophold<\/a> udspringer tit af et \u00f8nske om at bidrage i en verden, der kan f\u00f8les urolig og uoverskuelig. Og det overrasker mange, hvor meget man selv f\u00e5r med hjem \u2013 ikke som \u201cbel\u00f8nning\u201d, men som indsigt og perspektiv.<\/p>\n<hr data-start=\"1613\" data-end=\"1616\" \/>\n<h2 data-start=\"1618\" data-end=\"1684\"><strong data-start=\"1621\" data-end=\"1684\">Latinamerika: et kludet\u00e6ppe af kulturer og kontraster<\/strong><\/h2>\n<p style=\"text-align: justify;\" data-start=\"1686\" data-end=\"2025\">Latinamerika kan ikke koges ned til salsa eller Inka-ruiner. Regionen er mangfoldig, levende og fuld af kontraster. Hvert land har sin egen historie \u2013 pr\u00e6get af kolonitid, sociale bev\u00e6gelser og nutidens globale p\u00e5virkninger. Samtidig m\u00f8der du ofte en st\u00e6rk robusthed, f\u00e6llesskaber med stor g\u00e6stfrihed og en evne til at finde gl\u00e6de i hverdagen.<\/p>\n<hr data-start=\"2027\" data-end=\"2030\" \/>\n<h2 data-start=\"2032\" data-end=\"2104\"><strong data-start=\"2035\" data-end=\"2104\">Hvorfor v\u00e6lge Latinamerika til et humanit\u00e6rt ophold?<\/strong><\/h2>\n<p style=\"text-align: justify;\" data-start=\"2106\" data-end=\"2452\">Fordi det p\u00e5 \u00e9n gang kan f\u00f8les genkendeligt og helt nyt. Der findes mange muligheder for at engagere sig: l\u00e6se- og skriveindsatser, folkesundhed, st\u00f8tte til b\u00f8rn og unge i s\u00e5rbare situationer, milj\u00f8projekter \u2013 og meget mere. Samtidig er uligheden markant i flere omr\u00e5der, s\u00e6rligt i landdistrikter og i byernes yderzoner.<\/p>\n<p data-start=\"2106\" data-end=\"2452\"><img loading=\"lazy\" decoding=\"async\" class=\"aligncenter wp-image-15745 size-medium\" src=\"https:\/\/www.vita-explorers.dk\/blog\/wp-content\/uploads\/2023\/10\/mission-humanitaire-amerique-du-sud-279x300.png\" alt=\"Humanit\u00e6rt ophold i Sydamerika\" width=\"279\" height=\"300\" srcset=\"https:\/\/www.vita-explorers.dk\/blog\/wp-content\/uploads\/2023\/10\/mission-humanitaire-amerique-du-sud-279x300.png 279w, https:\/\/www.vita-explorers.dk\/blog\/wp-content\/uploads\/2023\/10\/mission-humanitaire-amerique-du-sud-952x1024.png 952w, https:\/\/www.vita-explorers.dk\/blog\/wp-content\/uploads\/2023\/10\/mission-humanitaire-amerique-du-sud-768x826.png 768w, https:\/\/www.vita-explorers.dk\/blog\/wp-content\/uploads\/2023\/10\/mission-humanitaire-amerique-du-sud.png 982w\" sizes=\"(max-width: 279px) 100vw, 279px\" \/><\/p>\n<hr data-start=\"2454\" data-end=\"2457\" \/>\n<h2 data-start=\"2459\" data-end=\"2525\"><strong data-start=\"2462\" data-end=\"2525\">Indsatsomr\u00e5der: forl\u00f8b til mange typer motivation<\/strong><\/h2>\n<p data-start=\"2527\" data-end=\"2946\"><strong data-start=\"2527\" data-end=\"2536\">Sundhed<\/strong> : pleje, forebyggelse, sundhedsformidling.<br data-start=\"2589\" data-end=\"2592\" \/><strong data-start=\"2592\" data-end=\"2605\">Uddannelse<\/strong> : lektiehj\u00e6lp, sprogundervisning, aktiviteter efter skoletid.<br data-start=\"2675\" data-end=\"2678\" \/><strong data-start=\"2678\" data-end=\"2695\">Milj\u00f8<\/strong> : skovrejsning, oplysning, beskyttelse af truede arter.<br data-start=\"2760\" data-end=\"2763\" \/><strong data-start=\"2763\" data-end=\"2779\">Byggeri<\/strong> : renovering af skoler, sundhedsklinikker, f\u00e6lles faciliteter.<br data-start=\"2851\" data-end=\"2854\" \/><strong data-start=\"2854\" data-end=\"2872\">Menneskerettigheder<\/strong> : juridisk st\u00f8tte, medborgerskab, ligestilling.<\/p>\n<hr data-start=\"2948\" data-end=\"2951\" \/>\n<h2 data-start=\"2953\" data-end=\"3019\"><strong data-start=\"2956\" data-end=\"3019\">Popul\u00e6re lande til et humanit\u00e6rt ophold i Latinamerika<\/strong><\/h2>\n<ul data-start=\"3021\" data-end=\"3361\">\n<li data-start=\"3021\" data-end=\"3078\">\n<p data-start=\"3023\" data-end=\"3078\"><a href=\"https:\/\/www.vita-explorers.dk\/sprog-og-frivilligt-arbejde\/frivilligt-arbejde-peru.html\" target=\"_blank\" rel=\"noopener\"><strong data-start=\"3023\" data-end=\"3032\">Peru<\/strong><\/a> : skoler i Andes\u2019 landdistrikter, f\u00f8devarest\u00f8tte.<\/p>\n<\/li>\n<li data-start=\"3079\" data-end=\"3126\">\n<p data-start=\"3081\" data-end=\"3126\"><a href=\"https:\/\/www.vita-explorers.dk\/sprog-og-frivilligt-arbejde\/spansk-frivilligt-arbejde-bolivia.html\" target=\"_blank\" rel=\"noopener\"><strong data-start=\"3081\" data-end=\"3092\">Bolivia<\/strong><\/a> : b\u00f8rnecentre, mobile klinikker.<\/p>\n<\/li>\n<li data-start=\"3127\" data-end=\"3192\">\n<p data-start=\"3129\" data-end=\"3192\"><a href=\"https:\/\/www.vita-explorers.dk\/sprog-og-frivilligt-arbejde\/frivilligt-ophold-guatemala.html\" target=\"_blank\" rel=\"noopener\"><strong data-start=\"3129\" data-end=\"3142\">Guatemala<\/strong><\/a> : uddannelsesprojekter i mayasamfund.<\/p>\n<\/li>\n<li data-start=\"3193\" data-end=\"3244\">\n<p data-start=\"3195\" data-end=\"3244\"><a href=\"https:\/\/www.vita-explorers.dk\/frivilligt-arbejde\/colombia-frivilligt-arbejde-internationalt-vita-erfaringer-service.html\" target=\"_blank\" rel=\"noopener\"><strong data-start=\"3195\" data-end=\"3207\">Colombia<\/strong><\/a> : st\u00f8tte til internt fordrevne.<\/p>\n<\/li>\n<li data-start=\"3245\" data-end=\"3299\">\n<p data-start=\"3247\" data-end=\"3299\"><strong data-start=\"3247\" data-end=\"3257\">Brasilien<\/strong> : udsatte byomr\u00e5der, arbejde for kvinders rettigheder.<\/p>\n<\/li>\n<li data-start=\"3300\" data-end=\"3361\">\n<p data-start=\"3302\" data-end=\"3361\"><a href=\"https:\/\/www.vita-explorers.dk\/frivilligt-arbejde\/frivilligt-arbejde-mexico-internationalt-forloeb-latinamerika.html\" target=\"_blank\" rel=\"noopener\"><strong data-start=\"3302\" data-end=\"3313\">Mexico<\/strong><\/a> : f\u00e6llesskabscentre i udsatte omr\u00e5der.<\/p>\n<\/li>\n<\/ul>\n<hr data-start=\"3363\" data-end=\"3366\" \/>\n<h2 data-start=\"3368\" data-end=\"3423\"><strong data-start=\"3371\" data-end=\"3423\">En fuld kulturfordybelse \u2013 og en l\u00e6rerig hverdag<\/strong><\/h2>\n<p style=\"text-align: justify;\" data-start=\"3425\" data-end=\"3660\">Glem hoteller og klassiske turistplaner. P\u00e5 et ophold bor du t\u00e6t p\u00e5 lokalsamfundet, deler m\u00e5ltider, l\u00e6rer sproget og er sammen med b\u00f8rn og familier i hverdagen. Det kan rykke ved dine vaner, udfordre dine antagelser og bringe dig t\u00e6ttere p\u00e5 det, der betyder noget.<\/p>\n<hr data-start=\"3662\" data-end=\"3665\" \/>\n<h2 data-start=\"3667\" data-end=\"3729\"><strong data-start=\"3670\" data-end=\"3729\">Oplevelser: de rejste ud \u2013 og kom hjem med nye perspektiver<\/strong><\/h2>\n<blockquote>\n<p data-start=\"3731\" data-end=\"3966\">\u201cJeg tog afsted med tanken om at hj\u00e6lpe \u2013 og rejste hjem med en familie mere.\u201d<br data-start=\"3813\" data-end=\"3816\" \/>\u201cEfter tre m\u00e5neder i Guatemala havde jeg f\u00e5et en helt ny m\u00e5de at se livet p\u00e5.\u201d<br data-start=\"3895\" data-end=\"3898\" \/>\u201cOpholdet var med til, at jeg valgte at uddanne mig til specialp\u00e6dagog.\u201d<\/p>\n<p data-start=\"3731\" data-end=\"3966\"><img loading=\"lazy\" decoding=\"async\" class=\"aligncenter wp-image-10442 size-medium\" src=\"https:\/\/www.vita-explorers.dk\/blog\/wp-content\/uploads\/2018\/06\/B\u00e9n\u00e9volat-humanitaire-aux-Galapagos-min-1-300x225.jpg\" alt=\"Humanit\u00e6r rejse i Sydamerika\" width=\"300\" height=\"225\" srcset=\"https:\/\/www.vita-explorers.dk\/blog\/wp-content\/uploads\/2018\/06\/B\u00e9n\u00e9volat-humanitaire-aux-Galapagos-min-1-300x225.jpg 300w, https:\/\/www.vita-explorers.dk\/blog\/wp-content\/uploads\/2018\/06\/B\u00e9n\u00e9volat-humanitaire-aux-Galapagos-min-1-768x576.jpg 768w, https:\/\/www.vita-explorers.dk\/blog\/wp-content\/uploads\/2018\/06\/B\u00e9n\u00e9volat-humanitaire-aux-Galapagos-min-1-1024x768.jpg 1024w, https:\/\/www.vita-explorers.dk\/blog\/wp-content\/uploads\/2018\/06\/B\u00e9n\u00e9volat-humanitaire-aux-Galapagos-min-1-150x113.jpg 150w\" sizes=\"(max-width: 300px) 100vw, 300px\" \/><\/p>\n<\/blockquote>\n<hr data-start=\"3968\" data-end=\"3971\" \/>\n<h2 data-start=\"3973\" data-end=\"4030\"><strong data-start=\"3976\" data-end=\"4030\">S\u00e5dan forbereder du dit humanit\u00e6re ophold i Latinamerika<\/strong><\/h2>\n<ul data-start=\"4032\" data-end=\"4405\">\n<li data-start=\"4032\" data-end=\"4100\">\n<p data-start=\"4034\" data-end=\"4100\"><strong data-start=\"4034\" data-end=\"4058\">N\u00f8dvendige vacciner<\/strong> : hepatitis A og B, gul feber, stivkrampe.<\/p>\n<\/li>\n<li data-start=\"4101\" data-end=\"4155\">\n<p data-start=\"4103\" data-end=\"4155\"><a href=\"https:\/\/www.vita-explorers.dk\/blog\/rejseforsikring-til-internationale-forloeb\/\" target=\"_blank\" rel=\"noopener\"><strong data-start=\"4103\" data-end=\"4123\">Rejseforsikring<\/strong><\/a> : b\u00f8r d\u00e6kke medicinsk evakuering.<\/p>\n<\/li>\n<li data-start=\"4156\" data-end=\"4234\">\n<p data-start=\"4158\" data-end=\"4234\"><strong data-start=\"4158\" data-end=\"4178\">Visum og dokumenter<\/strong> : tjek kravene for det konkrete land.<\/p>\n<\/li>\n<li data-start=\"4235\" data-end=\"4309\">\n<p data-start=\"4237\" data-end=\"4309\"><strong data-start=\"4237\" data-end=\"4260\">Forberedende tr\u00e6ning<\/strong> : et grundl\u00e6ggende niveau i spansk er klart en fordel.<\/p>\n<\/li>\n<li data-start=\"4310\" data-end=\"4405\">\n<p data-start=\"4312\" data-end=\"4405\"><strong data-start=\"4312\" data-end=\"4330\">Nyttigt udstyr<\/strong> : pandelampe, myggenet, rejseadapter, f\u00f8rstehj\u00e6lpskit.<\/p>\n<\/li>\n<\/ul>\n<hr data-start=\"4407\" data-end=\"4410\" \/>\n<h2 data-start=\"4412\" data-end=\"4462\"><strong data-start=\"4415\" data-end=\"4462\">Finansiering af dit forl\u00f8b: gode og realistiske muligheder<\/strong><\/h2>\n<ul data-start=\"4464\" data-end=\"4783\">\n<li data-start=\"4464\" data-end=\"4531\">\n<p data-start=\"4466\" data-end=\"4531\"><strong data-start=\"4466\" data-end=\"4482\">Crowdfunding<\/strong> : platforme som Leetchi.<\/p>\n<\/li>\n<li data-start=\"4532\" data-end=\"4607\">\n<p data-start=\"4534\" data-end=\"4607\"><strong data-start=\"4534\" data-end=\"4557\">Lokale partnerskaber<\/strong> : h\u00e5ndv\u00e6rkere, foreninger, socialt ansvarlige virksomheder.<\/p>\n<\/li>\n<li data-start=\"4608\" data-end=\"4702\">\n<p data-start=\"4610\" data-end=\"4702\"><strong data-start=\"4610\" data-end=\"4630\">Legater og st\u00f8tte<\/strong> : nogle uddannelsessteder st\u00f8tter sociale studenterprojekter.<\/p>\n<\/li>\n<li data-start=\"4703\" data-end=\"4783\">\n<p data-start=\"4705\" data-end=\"4783\"><strong data-start=\"4705\" data-end=\"4725\">Egenfinansiering<\/strong> : s\u00e6lg egne produkter, eller arrang\u00e9r et velg\u00f8renhedsevent.<\/p>\n<\/li>\n<\/ul>\n<hr data-start=\"4785\" data-end=\"4788\" \/>\n<h2 data-start=\"4790\" data-end=\"4851\"><strong data-start=\"4793\" data-end=\"4851\">Den vigtige rolle som organisationer spiller \u2013 lokalt og internationalt<\/strong><\/h2>\n<p style=\"text-align: justify;\" data-start=\"4853\" data-end=\"5140\">Organisationer som <a href=\"https:\/\/www.vita-explorers.dk\/\" target=\"_blank\" rel=\"noopener\"><strong data-start=\"4877\" data-end=\"4890\">VITA Institute<\/strong><\/a> giver deltagerne rammer, forberedelse og st\u00f8tte, s\u00e5 opholdet foreg\u00e5r trygt og med en tydelig retning. N\u00e5r man rejser ud som VITA Explorer, bliver man en del af et ansvarligt forl\u00f8b, der har respekt for lokalsamfundet og bygger p\u00e5 langsigtet t\u00e6nkning.<\/p>\n<hr data-start=\"5142\" data-end=\"5145\" \/>\n<h2 data-start=\"5147\" data-end=\"5199\"><strong data-start=\"5150\" data-end=\"5199\">Varighed: \u00e9n m\u00e5ned, tre m\u00e5neder eller et \u00e5r?<\/strong><\/h2>\n<ul data-start=\"5201\" data-end=\"5432\">\n<li data-start=\"5201\" data-end=\"5273\">\n<p data-start=\"5203\" data-end=\"5273\"><strong data-start=\"5203\" data-end=\"5218\">Kort forl\u00f8b<\/strong> (2\u20134 uger) : hurtig fordybelse og et konkret bidrag.<\/p>\n<\/li>\n<li data-start=\"5274\" data-end=\"5340\">\n<p data-start=\"5276\" data-end=\"5340\"><strong data-start=\"5276\" data-end=\"5291\">Mellemlangt forl\u00f8b<\/strong> (1\u20133 m\u00e5neder) : godt, hvis du vil engagere dig mere.<\/p>\n<\/li>\n<li data-start=\"5341\" data-end=\"5432\">\n<p data-start=\"5343\" data-end=\"5432\"><strong data-start=\"5343\" data-end=\"5357\">Langt forl\u00f8b<\/strong> (+3 m\u00e5neder) : dybere relationer, mere kontinuitet og st\u00e6rk l\u00e6ring.<\/p>\n<\/li>\n<\/ul>\n<hr data-start=\"5434\" data-end=\"5437\" \/>\n<h2 data-start=\"5439\" data-end=\"5494\"><strong data-start=\"5442\" data-end=\"5494\">Risici og ansvar: det er bedre at v\u00e6re forberedt<\/strong><\/h2>\n<ul data-start=\"5496\" data-end=\"5714\">\n<li data-start=\"5496\" data-end=\"5558\">\n<p data-start=\"5498\" data-end=\"5558\"><strong data-start=\"5498\" data-end=\"5507\">Sundhed<\/strong> : v\u00e6r opm\u00e6rksom p\u00e5 drikkevand, myg og h\u00f8jder.<\/p>\n<\/li>\n<li data-start=\"5559\" data-end=\"5629\">\n<p data-start=\"5561\" data-end=\"5629\"><strong data-start=\"5561\" data-end=\"5573\">Sikkerhed<\/strong> : undg\u00e5 visse omr\u00e5der og un\u00f8dige risici.<\/p>\n<\/li>\n<li data-start=\"5630\" data-end=\"5714\">\n<p data-start=\"5632\" data-end=\"5714\"><strong data-start=\"5632\" data-end=\"5643\">Etik<\/strong> : handle aldrig alene \u2013 og altid i rammer, hvor der er ansvar og opf\u00f8lgning.<\/p>\n<\/li>\n<\/ul>\n<hr data-start=\"5716\" data-end=\"5719\" \/>\n<h2 data-start=\"5721\" data-end=\"5769\"><strong data-start=\"5724\" data-end=\"5769\">Deltagelse, frivilligt arbejde eller voluntourisme?<\/strong><\/h2>\n<p data-start=\"5771\" data-end=\"5976\">Undg\u00e5 faldgruberne ved \u201c<a href=\"https:\/\/www.vita-explorers.dk\/blog\/stop-frivilligturisme\/\" target=\"_blank\" rel=\"noopener\">voluntourisme<\/a>\u201d. Et seri\u00f8st forl\u00f8b er en del af et f\u00e6lles projekt med klare m\u00e5l, l\u00f8bende evaluering og plads til refleksion efterf\u00f8lgende.<\/p>\n<hr data-start=\"5978\" data-end=\"5981\" \/>\n<h2 data-start=\"5983\" data-end=\"6033\"><strong data-start=\"5986\" data-end=\"6033\">Sprog og kommunikation: den vigtigste bro<\/strong><\/h2>\n<p style=\"text-align: justify;\" data-start=\"6035\" data-end=\"6213\">At l\u00e6re det grundl\u00e6ggende i spansk eller portugisisk er et tegn p\u00e5 respekt \u2013 og et st\u00e6rkt redskab til at blive en del af hverdagen. Selv p\u00e5 begynderniveau bliver indsatsen n\u00e6sten altid m\u00f8dt positivt.<\/p>\n<p data-start=\"6035\" data-end=\"6213\"><div class=\"ti-widget ti-goog\" data-layout-id=\"4\" data-set-id=\"light-background\" data-pid=\"\" data-language=\"fr\" data-version=\"2\" data-review-target-width=\"300\" data-review-text-mode=\"readmore\" data-pager-autoplay-timeout=\"6\" > <div class=\"ti-widget-container ti-col-3\"> <div class=\"ti-reviews-container\"> <div class=\"ti-controls\"> <div class=\"ti-next\" aria-label=\"Avis suivante\" role=\"button\"><\/div> <div class=\"ti-prev\" aria-label=\"Avis pr\u00e9c\u00e9dent\" role=\"button\"><\/div> <\/div> <div class=\"ti-reviews-container-wrapper\">  <div data-empty=\"0\" class=\"ti-review-item source-Google ti-image-layout-thumbnail\" data-id=\"cfcd208495d565ef66e7dff9f98764da\" > <div class=\"ti-inner\"> <div class=\"ti-review-header\"> <div class=\"ti-profile-img\"> <img decoding=\"async\" src=\"https:\/\/lh3.googleusercontent.com\/a\/ACg8ocKpaoKe37CD0_POxO97KqB60GsWQRsIuG2vmCfXT-W_FY44vw=s120-c-rp-mo-br100\" srcset=\"https:\/\/lh3.googleusercontent.com\/a\/ACg8ocKpaoKe37CD0_POxO97KqB60GsWQRsIuG2vmCfXT-W_FY44vw=s120-c-rp-mo-br100 2x\" alt=\"Lucie Correia\" loading=\"lazy\" \/> <\/div> <div class=\"ti-profile-details\"> <div class=\"ti-name\"> Lucie Correia <\/div> <div class=\"ti-date\">2024-10-17<\/div> <\/div> <\/div> <span class=\"ti-stars\"><span class=\"ti-star f\"><\/span><span class=\"ti-star f\"><\/span><span class=\"ti-star f\"><\/span><span class=\"ti-star f\"><\/span><span class=\"ti-star f\"><\/span><\/span> <div class=\"ti-review-text-container ti-review-content\"><!-- R-CONTENT -->La communication avec Globalong est super, personnes tr\u00e8s pr\u00e9sentes pour les b\u00e9n\u00e9voles et \u00e9tudiants partant avec cette association. Elles r\u00e9pondent \u00e0 toutes nos questions et sont tr\u00e8s accessibles au t\u00e9l\u00e9phone.<!-- R-CONTENT --><\/div> <span class=\"ti-read-more\" data-container=\".ti-review-content\" data-collapse-text=\"Cacher\" data-open-text=\"Lire la suite\" ><\/span> <\/div> <\/div>  <div data-empty=\"0\" class=\"ti-review-item source-Google ti-image-layout-thumbnail\" data-id=\"cfcd208495d565ef66e7dff9f98764da\" > <div class=\"ti-inner\"> <div class=\"ti-review-header\"> <div class=\"ti-profile-img\"> <img decoding=\"async\" src=\"https:\/\/lh3.googleusercontent.com\/a-\/ALV-UjWqnnzM7-7c9BDqeTDF-a7pOgNjvLkJ3WshRd_Tn7z0Eu-AGQwo=s120-c-rp-mo-br100\" srcset=\"https:\/\/lh3.googleusercontent.com\/a-\/ALV-UjWqnnzM7-7c9BDqeTDF-a7pOgNjvLkJ3WshRd_Tn7z0Eu-AGQwo=s120-c-rp-mo-br100 2x\" alt=\"Ra\u00efssa Frisch\" loading=\"lazy\" \/> <\/div> <div class=\"ti-profile-details\"> <div class=\"ti-name\"> Ra\u00efssa Frisch <\/div> <div class=\"ti-date\">2024-10-14<\/div> <\/div> <\/div> <span class=\"ti-stars\"><span class=\"ti-star f\"><\/span><span class=\"ti-star f\"><\/span><span class=\"ti-star f\"><\/span><span class=\"ti-star f\"><\/span><span class=\"ti-star f\"><\/span><\/span> <div class=\"ti-review-text-container ti-review-content\"><!-- R-CONTENT -->J\u2019ai d\u00e9j\u00e0 eu l\u2019opportunit\u00e9 de r\u00e9aliser deux projets humanitaires avec l\u2019association Globalong. Je ne peux que la recommander, car j\u2019ai toujours b\u00e9n\u00e9fici\u00e9 d\u2019un excellent accompagnement, aussi bien avant que pendant le voyage. On ne vous laisse pas vous d\u00e9brouiller seuls, bien au contraire, vous \u00eates tr\u00e8s bien encadr\u00e9s pour accomplir toutes les d\u00e9marches dans les d\u00e9lais.\n\nAu-del\u00e0 du suivi, les exp\u00e9riences humanitaires propos\u00e9es par Globalong ne peuvent que transformer votre vie de mani\u00e8re positive. Elles vous apportent une richesse humaine inestimable.<!-- R-CONTENT --><\/div> <span class=\"ti-read-more\" data-container=\".ti-review-content\" data-collapse-text=\"Cacher\" data-open-text=\"Lire la suite\" ><\/span> <\/div> <\/div>  <div data-empty=\"0\" class=\"ti-review-item source-Google ti-image-layout-thumbnail\" data-id=\"cfcd208495d565ef66e7dff9f98764da\" > <div class=\"ti-inner\"> <div class=\"ti-review-header\"> <div class=\"ti-profile-img\"> <img decoding=\"async\" src=\"https:\/\/lh3.googleusercontent.com\/a\/ACg8ocJL-Dxv25YkXK2QwWPNRxTVqZCv5uTmDQDFg5qslKra3vRZew=s120-c-rp-mo-br100\" srcset=\"https:\/\/lh3.googleusercontent.com\/a\/ACg8ocJL-Dxv25YkXK2QwWPNRxTVqZCv5uTmDQDFg5qslKra3vRZew=s120-c-rp-mo-br100 2x\" alt=\"Tara Turan\" loading=\"lazy\" \/> <\/div> <div class=\"ti-profile-details\"> <div class=\"ti-name\"> Tara Turan <\/div> <div class=\"ti-date\">2024-10-14<\/div> <\/div> <\/div> <span class=\"ti-stars\"><span class=\"ti-star f\"><\/span><span class=\"ti-star f\"><\/span><span class=\"ti-star f\"><\/span><span class=\"ti-star f\"><\/span><span class=\"ti-star f\"><\/span><\/span> <div class=\"ti-review-text-container ti-review-content\"><!-- R-CONTENT -->Une des meilleures associations que j\u2019ai pu faire !\nUne organisation et un suivi vraiment parfait, c\u2019est avec grand plaisir que je referai un projet avec eux.<!-- R-CONTENT --><\/div> <span class=\"ti-read-more\" data-container=\".ti-review-content\" data-collapse-text=\"Cacher\" data-open-text=\"Lire la suite\" ><\/span> <\/div> <\/div>  <div data-empty=\"0\" class=\"ti-review-item source-Google ti-image-layout-thumbnail\" data-id=\"cfcd208495d565ef66e7dff9f98764da\" > <div class=\"ti-inner\"> <div class=\"ti-review-header\"> <div class=\"ti-profile-img\"> <img decoding=\"async\" src=\"https:\/\/lh3.googleusercontent.com\/a\/ACg8ocLctTPNovSk3eKM0b_MIPOfcFEQsz2135Cdu59_BWRVsIYC7Q=s120-c-rp-mo-br100\" srcset=\"https:\/\/lh3.googleusercontent.com\/a\/ACg8ocLctTPNovSk3eKM0b_MIPOfcFEQsz2135Cdu59_BWRVsIYC7Q=s120-c-rp-mo-br100 2x\" alt=\"Repiquet Julie\" loading=\"lazy\" \/> <\/div> <div class=\"ti-profile-details\"> <div class=\"ti-name\"> Repiquet Julie <\/div> <div class=\"ti-date\">2024-10-13<\/div> <\/div> <\/div> <span class=\"ti-stars\"><span class=\"ti-star f\"><\/span><span class=\"ti-star f\"><\/span><span class=\"ti-star f\"><\/span><span class=\"ti-star f\"><\/span><span class=\"ti-star f\"><\/span><\/span> <div class=\"ti-review-text-container ti-review-content\"><!-- R-CONTENT -->Tr\u00e8s bon accompagnement de la part de Globalong, du premier jour avec toutes mes interrogations, jusqu'au d\u00e9part dans quelques jours. Le dossier transmis apr\u00e8s validation de la mission est plus que complet, les webmaster tr\u00e8s int\u00e9ressantes et permettent de d\u00e9charger mentalement ce genre de pr\u00e9paration, tout est pr\u00e9vu il n'y a plus qu'\u00e0 suivre ! Merci \u00e0 Florence de r\u00e9pondre \u00e0 toutes mes questions avec gentillesse et bienveillance, cela m'a permis de passer le cap!\nMaintenant, il n'y a plus qu'\u00e0 \ud83d\ude00<!-- R-CONTENT --><\/div> <span class=\"ti-read-more\" data-container=\".ti-review-content\" data-collapse-text=\"Cacher\" data-open-text=\"Lire la suite\" ><\/span> <\/div> <\/div>  <div data-empty=\"0\" class=\"ti-review-item source-Google ti-image-layout-thumbnail\" data-id=\"cfcd208495d565ef66e7dff9f98764da\" > <div class=\"ti-inner\"> <div class=\"ti-review-header\"> <div class=\"ti-profile-img\"> <img decoding=\"async\" src=\"https:\/\/lh3.googleusercontent.com\/a\/ACg8ocJJTdmTWs8nAA0yuH_cKOUgzc6GFAkHBiXhpnnVYXaWMBZsHw=s120-c-rp-mo-br100\" srcset=\"https:\/\/lh3.googleusercontent.com\/a\/ACg8ocJJTdmTWs8nAA0yuH_cKOUgzc6GFAkHBiXhpnnVYXaWMBZsHw=s120-c-rp-mo-br100 2x\" alt=\"Marine Guilhamat\" loading=\"lazy\" \/> <\/div> <div class=\"ti-profile-details\"> <div class=\"ti-name\"> Marine Guilhamat <\/div> <div class=\"ti-date\">2024-10-09<\/div> <\/div> <\/div> <span class=\"ti-stars\"><span class=\"ti-star f\"><\/span><span class=\"ti-star f\"><\/span><span class=\"ti-star f\"><\/span><span class=\"ti-star f\"><\/span><span class=\"ti-star f\"><\/span><\/span> <div class=\"ti-review-text-container ti-review-content\"><!-- R-CONTENT -->Tr\u00e8s belle association qui offre un cadre super s\u00e9curisant et permet de s\u2019investir dans des projets qui ont du sens. Merci \u00e0 l\u2019\u00e9quipe Globalong pour votre disponibilit\u00e9, gentillesse et accompagnement !<!-- R-CONTENT --><\/div> <span class=\"ti-read-more\" data-container=\".ti-review-content\" data-collapse-text=\"Cacher\" data-open-text=\"Lire la suite\" ><\/span> <\/div> <\/div>  <div data-empty=\"0\" class=\"ti-review-item source-Google ti-image-layout-thumbnail\" data-id=\"cfcd208495d565ef66e7dff9f98764da\" > <div class=\"ti-inner\"> <div class=\"ti-review-header\"> <div class=\"ti-profile-img\"> <img decoding=\"async\" src=\"https:\/\/lh3.googleusercontent.com\/a\/ACg8ocIgITHXKo46qgJyPqlJeAcxz11gCKUJpGIk2qauiIe2O3iZ6w=s120-c-rp-mo-br100\" srcset=\"https:\/\/lh3.googleusercontent.com\/a\/ACg8ocIgITHXKo46qgJyPqlJeAcxz11gCKUJpGIk2qauiIe2O3iZ6w=s120-c-rp-mo-br100 2x\" alt=\"Laura Mercier\" loading=\"lazy\" \/> <\/div> <div class=\"ti-profile-details\"> <div class=\"ti-name\"> Laura Mercier <\/div> <div class=\"ti-date\">2024-10-08<\/div> <\/div> <\/div> <span class=\"ti-stars\"><span class=\"ti-star f\"><\/span><span class=\"ti-star f\"><\/span><span class=\"ti-star f\"><\/span><span class=\"ti-star f\"><\/span><span class=\"ti-star f\"><\/span><\/span> <div class=\"ti-review-text-container ti-review-content\"><!-- R-CONTENT -->Mon d\u00e9part approche, je pars dans une semaine, et depuis le d\u00e9but de mon inscription je suis tr\u00e8s satisfaite du suivi effectu\u00e9 par l\u2019association. Ils sont tr\u00e8s disponibles et r\u00e9pondent rapidement \u00e0 l\u2019ensemble des questions. Je suis tr\u00e8s contente de partir faire cette mission humanitaire encadr\u00e9e par cette association. Je recommande vraiment.<!-- R-CONTENT --><\/div> <span class=\"ti-read-more\" data-container=\".ti-review-content\" data-collapse-text=\"Cacher\" data-open-text=\"Lire la suite\" ><\/span> <\/div> <\/div>  <div data-empty=\"0\" class=\"ti-review-item source-Google ti-image-layout-thumbnail\" data-id=\"cfcd208495d565ef66e7dff9f98764da\" > <div class=\"ti-inner\"> <div class=\"ti-review-header\"> <div class=\"ti-profile-img\"> <img decoding=\"async\" src=\"https:\/\/lh3.googleusercontent.com\/a-\/ALV-UjVVr0YMQhXl8QNEEB32l-rnoaYwvRZUjIEX9OEwPE_1fQwzIyk=s120-c-rp-mo-br100\" srcset=\"https:\/\/lh3.googleusercontent.com\/a-\/ALV-UjVVr0YMQhXl8QNEEB32l-rnoaYwvRZUjIEX9OEwPE_1fQwzIyk=s120-c-rp-mo-br100 2x\" alt=\"Anouk Rzkt\" loading=\"lazy\" \/> <\/div> <div class=\"ti-profile-details\"> <div class=\"ti-name\"> Anouk Rzkt <\/div> <div class=\"ti-date\">2024-10-02<\/div> <\/div> <\/div> <span class=\"ti-stars\"><span class=\"ti-star f\"><\/span><span class=\"ti-star f\"><\/span><span class=\"ti-star f\"><\/span><span class=\"ti-star f\"><\/span><span class=\"ti-star f\"><\/span><\/span> <div class=\"ti-review-text-container ti-review-content\"><!-- R-CONTENT -->Globalong est l'association parfaite. L'\u00e9quipe offre un v\u00e9ritable accompagnement rythm\u00e9 par beaucoup de conseils et d'\u00e9coute. Le site est tr\u00e8s bien fait avec des dossiers complets allant des sujets tr\u00e8s pratiques a d'autres plus th\u00e9oriques (tels que le choc culturel par exemple). Je recommande vivement et remercie sinc\u00e8rement toute l'\u00e9quipe pour leur gentillesse et investissement !<!-- R-CONTENT --><\/div> <span class=\"ti-read-more\" data-container=\".ti-review-content\" data-collapse-text=\"Cacher\" data-open-text=\"Lire la suite\" ><\/span> <\/div> <\/div>  <\/div> <div class=\"ti-controls-line\"> <div class=\"dot\"><\/div> <\/div> <\/div> <div class=\"ti-footer\"> <div class=\"ti-rating-text\"> <span class=\"nowrap\">\u00c9valuation <strong>Google<\/strong> : <\/span><span class=\"nowrap\"><strong>4.8<\/strong> sur 5, <\/span><span class=\"nowrap\">Bas\u00e9e sur <strong>240 avis<\/strong><\/span> <\/div> <\/div>  <\/div> <\/div> \n<hr data-start=\"6215\" data-end=\"6218\" \/>\n<h2 data-start=\"6220\" data-end=\"6285\"><strong data-start=\"6223\" data-end=\"6285\">Den reelle effekt af et humanit\u00e6rt ophold i Latinamerika<\/strong><\/h2>\n<ul data-start=\"6287\" data-end=\"6571\">\n<li data-start=\"6287\" data-end=\"6351\">\n<p data-start=\"6289\" data-end=\"6351\"><strong data-start=\"6289\" data-end=\"6302\">Uddannelse<\/strong> : mange b\u00f8rn og unge f\u00e5r st\u00f8tte i l\u00f8bet af \u00e5ret.<\/p>\n<\/li>\n<li data-start=\"6352\" data-end=\"6420\">\n<p data-start=\"6354\" data-end=\"6420\"><strong data-start=\"6354\" data-end=\"6363\">Sundhed<\/strong> : oplysning om hygiejne og forebyggelige sygdomme.<\/p>\n<\/li>\n<li data-start=\"6421\" data-end=\"6502\">\n<p data-start=\"6423\" data-end=\"6502\"><strong data-start=\"6423\" data-end=\"6440\">Milj\u00f8<\/strong> : skovrejsning, oprydningsindsatser og mindre affald.<\/p>\n<\/li>\n<li data-start=\"6503\" data-end=\"6571\">\n<p data-start=\"6505\" data-end=\"6571\"><strong data-start=\"6505\" data-end=\"6524\">Lokal\u00f8konomi<\/strong> : indk\u00f8b lokalt og st\u00f8tte til lokale h\u00e5ndv\u00e6rk.<\/p>\n<\/li>\n<\/ul>\n<hr data-start=\"6573\" data-end=\"6576\" \/>\n<h2 data-start=\"6578\" data-end=\"6626\"><strong data-start=\"6581\" data-end=\"6626\">Hvad s\u00e5 bagefter? F\u00e5 mest muligt ud af erfaringen<\/strong><\/h2>\n<ul data-start=\"6628\" data-end=\"6892\">\n<li data-start=\"6628\" data-end=\"6709\">\n<p data-start=\"6630\" data-end=\"6709\"><a href=\"https:\/\/www.vita-explorers.dk\/blog\/saadan-fremhaever-du-et-internationalt-forloeb-paa-dit-cv\/\" target=\"_blank\" rel=\"noopener\"><strong data-start=\"6630\" data-end=\"6658\">Brug dit engagement<\/strong> p\u00e5 CV\u2019et<\/a>, i jobsamtaler eller ved et karriereskifte.<\/p>\n<\/li>\n<li data-start=\"6710\" data-end=\"6804\">\n<p data-start=\"6712\" data-end=\"6804\"><strong data-start=\"6712\" data-end=\"6738\">Engag\u00e9r dig lokalt<\/strong> efter hjemkomst: opl\u00e6g p\u00e5 skoler, messer, deling af <a href=\"https:\/\/www.vita-explorers.dk\/blog\/avis-globalong\/\" target=\"_blank\" rel=\"noopener\">oplevelser<\/a>.<\/p>\n<\/li>\n<li data-start=\"6805\" data-end=\"6892\">\n<p data-start=\"6807\" data-end=\"6892\"><strong data-start=\"6807\" data-end=\"6823\">Bliv ved<\/strong> i f\u00e6llesskabet: <a href=\"https:\/\/www.vita-explorers.dk\/blog\/bliv-ambassadoer-for-vita\/\" target=\"_blank\" rel=\"noopener\">bliv ambassad\u00f8r<\/a>, eller st\u00f8t organisationen p\u00e5 afstand.<\/p>\n<\/li>\n<\/ul>\n<hr data-start=\"6894\" data-end=\"6897\" \/>\n<h2 data-start=\"6899\" data-end=\"6932\"><strong data-start=\"6902\" data-end=\"6932\">FAQ \u2013 Ofte stillede sp\u00f8rgsm\u00e5l<\/strong><\/h2>\n<p data-start=\"6934\" data-end=\"7073\"><strong data-start=\"6934\" data-end=\"6997\">Hvad er minimumsalderen for at tage afsted?<\/strong><br data-start=\"6997\" data-end=\"7000\" \/>Typisk 18 \u00e5r. Nogle forl\u00f8b tager imod mindre\u00e5rige, hvis de rejser med en voksen.<\/p>\n<p data-start=\"7075\" data-end=\"7201\"><strong data-start=\"7075\" data-end=\"7118\">Skal man have en uddannelse eller v\u00e6re fagperson?<\/strong><br data-start=\"7118\" data-end=\"7121\" \/>Ikke n\u00f8dvendigvis. Det vigtigste er motivation, omstillingsevne og respekt.<\/p>\n<p data-start=\"7203\" data-end=\"7311\"><strong data-start=\"7203\" data-end=\"7239\">F\u00e5r man l\u00f8n?<\/strong><br data-start=\"7239\" data-end=\"7242\" \/>Nej \u2013 form\u00e5let er at bidrage.<\/p>\n<p data-start=\"7313\" data-end=\"7411\"><strong data-start=\"7313\" data-end=\"7352\">Er der st\u00f8tte og kontaktperson p\u00e5 stedet?<\/strong><br data-start=\"7352\" data-end=\"7355\" \/>Ja, seri\u00f8se forl\u00f8b har en lokal kontaktperson.<\/p>\n<p data-start=\"7413\" data-end=\"7525\"><strong data-start=\"7413\" data-end=\"7453\">Skal jeg tale flydende spansk?<\/strong><br data-start=\"7453\" data-end=\"7456\" \/>Ikke et krav, men klart en fordel for at falde bedre til.<\/p>\n<p data-start=\"7527\" data-end=\"7634\"><strong data-start=\"7527\" data-end=\"7558\">Hvad koster et ophold?<\/strong><br data-start=\"7558\" data-end=\"7561\" \/>Det afh\u00e6nger af varighed, destination og de praktiske udgifter.<\/p>\n<hr data-start=\"7636\" data-end=\"7639\" \/>\n<h2 data-start=\"7641\" data-end=\"7693\"><strong data-start=\"7644\" data-end=\"7693\">Konklusion: en menneskelig erfaring, der f\u00f8lger dig l\u00e6nge<\/strong><\/h2>\n<p style=\"text-align: justify;\" data-start=\"7695\" data-end=\"7973\">Et <strong data-start=\"7699\" data-end=\"7741\">humanit\u00e6rt ophold i Latinamerika<\/strong> er sj\u00e6ldent bare en enkelt indsats. Det former dig, giver nye perspektiver og skaber relationer p\u00e5 tv\u00e6rs af kultur og hverdag. Mange kommer hjem mere bevidste om deres muligheder \u2013 og med en ny ro i, at det at bidrage ogs\u00e5 kan v\u00e6re at lytte, l\u00e6re og v\u00e6re til stede.<\/p>\n<article>\n<section id=\"conclusion\"><strong>S\u00f8g nu<\/strong> og start dit humanit\u00e6re eventyr med VITA Institute.\u00a0<\/section>\n<\/article>\n<p class=\"p4\"><b>Vil du h\u00f8re mere, er du altid velkommen til at kontakte os p\u00e5\u00a0<\/b><a href=\"mailto:info@globalong.com\"><span class=\"s2\"><b>info@globalong.com<\/b><\/span><\/a><\/p>\n<p class=\"p4\"><b>Vil du f\u00f8lge mere med i VITA Institute og vores community, s\u00e5 find os p\u00e5\u00a0<\/b><a href=\"https:\/\/www.instagram.com\/globalongofficiel\/\"><span class=\"s2\"><b>Instagram<\/b><\/span><\/a><b>,\u00a0<\/b><a href=\"https:\/\/www.facebook.com\/globalong\"><span class=\"s2\"><b>Facebook<\/b><\/span><\/a><b>,\u00a0<\/b><a href=\"https:\/\/www.linkedin.com\/company\/5113177\/admin\/feed\/posts\/\"><span class=\"s2\"><b>LinkedIn<\/b><\/span><\/a><b>\u00a0og\u00a0<\/b><a href=\"https:\/\/www.youtube.com\/c\/globalong\/videos\"><span class=\"s2\"><b>YouTube<\/b><\/span><\/a><b>\u00a0!\u00a0<\/b><\/p>\n<footer><strong>\u00a9 2025 VITA Institute. Alle rettigheder forbeholdes.<\/strong><\/footer>\n<p>\u00a0<\/p>\n","protected":false},"excerpt":{"rendered":"<p>Humanit\u00e6rt ophold i Latinamerika: den komplette guide til et meningsfuldt engagement Se, hvordan du kan deltage i et humanit\u00e6rt ophold i Latinamerika og g\u00f8re\u2026<\/p>\n","protected":false},"author":7,"featured_media":9096,"comment_status":"open","ping_status":"open","sticky":false,"template":"","format":"standard","meta":{"footnotes":""},"categories":[6,4],"tags":[],"yoast_head":"<!-- This site is optimized with the Yoast SEO Premium plugin v23.4 (Yoast SEO v23.4) - https:\/\/yoast.com\/wordpress\/plugins\/seo\/ -->\n<title>Humanit\u00e6rt ophold i Latinamerika: 17 gode grunde til at tage afsted<\/title>\n<meta name=\"description\" content=\"Mission humanitaire en Am\u00e9rique latine : avantage, pr\u00e9paration, meilleure ONG, t\u00e9moignages et conseils pratiques pour un impact durable\" \/>\n<meta name=\"robots\" content=\"index, follow, max-snippet:-1, max-image-preview:large, max-video-preview:-1\" \/>\n<link rel=\"canonical\" href=\"https:\/\/www.vita-explorers.dk\/blog\/humanitaert-forloeb-i-latinamerika\/\" \/>\n<meta property=\"og:locale\" content=\"da_DK\" \/>\n<meta property=\"og:type\" content=\"article\" \/>\n<meta property=\"og:title\" content=\"Humanit\u00e6rt forl\u00f8b i Latinamerika\" \/>\n<meta property=\"og:description\" content=\"Mission humanitaire en Am\u00e9rique latine : avantage, pr\u00e9paration, meilleure ONG, t\u00e9moignages et conseils pratiques pour un impact durable\" \/>\n<meta property=\"og:url\" content=\"https:\/\/www.vita-explorers.dk\/blog\/humanitaert-forloeb-i-latinamerika\/\" \/>\n<meta property=\"og:site_name\" content=\"VITA Explorers Blog\" \/>\n<meta property=\"article:publisher\" content=\"https:\/\/www.facebook.com\/globalong\" \/>\n<meta property=\"article:published_time\" content=\"2025-06-12T14:58:22+00:00\" \/>\n<meta property=\"article:modified_time\" content=\"2025-07-06T12:10:03+00:00\" \/>\n<meta property=\"og:image\" content=\"https:\/\/www.vita-explorers.dk\/blog\/wp-content\/uploads\/2018\/03\/20180221_141023-min-1.jpg\" \/>\n\t<meta property=\"og:image:width\" content=\"4128\" \/>\n\t<meta property=\"og:image:height\" content=\"2322\" \/>\n\t<meta property=\"og:image:type\" content=\"image\/jpeg\" \/>\n<meta name=\"author\" content=\"VITA Tribe\" \/>\n<meta name=\"twitter:card\" content=\"summary_large_image\" \/>\n<meta name=\"twitter:label1\" content=\"Skrevet af\" \/>\n\t<meta name=\"twitter:data1\" content=\"VITA Tribe\" \/>\n\t<meta name=\"twitter:label2\" content=\"Estimeret l\u00e6setid\" \/>\n\t<meta name=\"twitter:data2\" content=\"6 minutter\" \/>\n<script type=\"application\/ld+json\" class=\"yoast-schema-graph\">{\"@context\":\"https:\/\/schema.org\",\"@graph\":[{\"@type\":\"Article\",\"@id\":\"https:\/\/www.vita-explorers.dk\/blog\/humanitaert-forloeb-i-latinamerika\/#article\",\"isPartOf\":{\"@id\":\"https:\/\/www.vita-explorers.dk\/blog\/humanitaert-forloeb-i-latinamerika\/\"},\"author\":{\"name\":\"VITA Tribe\",\"@id\":\"https:\/\/www.vita-explorers.dk\/blog\/#\/schema\/person\/fc0343a2f2db2ebb2793c1f62dbe73f0\"},\"headline\":\"Humanit\u00e6rt forl\u00f8b i Latinamerika\",\"datePublished\":\"2025-06-12T14:58:22+00:00\",\"dateModified\":\"2025-07-06T12:10:03+00:00\",\"mainEntityOfPage\":{\"@id\":\"https:\/\/www.vita-explorers.dk\/blog\/humanitaert-forloeb-i-latinamerika\/\"},\"wordCount\":1299,\"commentCount\":0,\"publisher\":{\"@id\":\"https:\/\/www.vita-explorers.dk\/blog\/#organization\"},\"image\":{\"@id\":\"https:\/\/www.vita-explorers.dk\/blog\/humanitaert-forloeb-i-latinamerika\/#primaryimage\"},\"thumbnailUrl\":\"https:\/\/www.vita-explorers.dk\/blog\/wp-content\/uploads\/2018\/03\/20180221_141023-min-1.jpg\",\"articleSection\":[\"Nyheder\",\"VITA Explorers\"],\"inLanguage\":\"da-DK\",\"potentialAction\":[{\"@type\":\"CommentAction\",\"name\":\"Comment\",\"target\":[\"https:\/\/www.vita-explorers.dk\/blog\/humanitaert-forloeb-i-latinamerika\/#respond\"]}]},{\"@type\":\"WebPage\",\"@id\":\"https:\/\/www.vita-explorers.dk\/blog\/humanitaert-forloeb-i-latinamerika\/\",\"url\":\"https:\/\/www.vita-explorers.dk\/blog\/humanitaert-forloeb-i-latinamerika\/\",\"name\":\"Humanit\u00e6rt ophold i Latinamerika: 17 gode grunde til at tage afsted\",\"isPartOf\":{\"@id\":\"https:\/\/www.vita-explorers.dk\/blog\/#website\"},\"primaryImageOfPage\":{\"@id\":\"https:\/\/www.vita-explorers.dk\/blog\/humanitaert-forloeb-i-latinamerika\/#primaryimage\"},\"image\":{\"@id\":\"https:\/\/www.vita-explorers.dk\/blog\/humanitaert-forloeb-i-latinamerika\/#primaryimage\"},\"thumbnailUrl\":\"https:\/\/www.vita-explorers.dk\/blog\/wp-content\/uploads\/2018\/03\/20180221_141023-min-1.jpg\",\"datePublished\":\"2025-06-12T14:58:22+00:00\",\"dateModified\":\"2025-07-06T12:10:03+00:00\",\"description\":\"Mission humanitaire en Am\u00e9rique latine : avantage, pr\u00e9paration, meilleure ONG, t\u00e9moignages et conseils pratiques pour un impact durable\",\"breadcrumb\":{\"@id\":\"https:\/\/www.vita-explorers.dk\/blog\/humanitaert-forloeb-i-latinamerika\/#breadcrumb\"},\"inLanguage\":\"da-DK\",\"potentialAction\":[{\"@type\":\"ReadAction\",\"target\":[\"https:\/\/www.vita-explorers.dk\/blog\/humanitaert-forloeb-i-latinamerika\/\"]}]},{\"@type\":\"ImageObject\",\"inLanguage\":\"da-DK\",\"@id\":\"https:\/\/www.vita-explorers.dk\/blog\/humanitaert-forloeb-i-latinamerika\/#primaryimage\",\"url\":\"https:\/\/www.vita-explorers.dk\/blog\/wp-content\/uploads\/2018\/03\/20180221_141023-min-1.jpg\",\"contentUrl\":\"https:\/\/www.vita-explorers.dk\/blog\/wp-content\/uploads\/2018\/03\/20180221_141023-min-1.jpg\",\"width\":4128,\"height\":2322,\"caption\":\"Mission humanitaire en Am\u00e9rique Latine\"},{\"@type\":\"BreadcrumbList\",\"@id\":\"https:\/\/www.vita-explorers.dk\/blog\/humanitaert-forloeb-i-latinamerika\/#breadcrumb\",\"itemListElement\":[{\"@type\":\"ListItem\",\"position\":1,\"name\":\"Accueil\",\"item\":\"https:\/\/www.vita-explorers.dk\/blog\/\"},{\"@type\":\"ListItem\",\"position\":2,\"name\":\"Humanit\u00e6rt forl\u00f8b i Latinamerika\"}]},{\"@type\":\"WebSite\",\"@id\":\"https:\/\/www.vita-explorers.dk\/blog\/#website\",\"url\":\"https:\/\/www.vita-explorers.dk\/blog\/\",\"name\":\"Association Globalong\",\"description\":\"Frivilligt arbejde, sprogophold, praktik i udlandet og internationale oplevelser\",\"publisher\":{\"@id\":\"https:\/\/www.vita-explorers.dk\/blog\/#organization\"},\"potentialAction\":[{\"@type\":\"SearchAction\",\"target\":{\"@type\":\"EntryPoint\",\"urlTemplate\":\"https:\/\/www.vita-explorers.dk\/blog\/?s={search_term_string}\"},\"query-input\":{\"@type\":\"PropertyValueSpecification\",\"valueRequired\":true,\"valueName\":\"search_term_string\"}}],\"inLanguage\":\"da-DK\"},{\"@type\":\"Organization\",\"@id\":\"https:\/\/www.vita-explorers.dk\/blog\/#organization\",\"name\":\"Association Globalong\",\"url\":\"https:\/\/www.vita-explorers.dk\/blog\/\",\"logo\":{\"@type\":\"ImageObject\",\"inLanguage\":\"da-DK\",\"@id\":\"https:\/\/www.vita-explorers.dk\/blog\/#\/schema\/logo\/image\/\",\"url\":\"https:\/\/www.globalong.com\/blog\/wp-content\/uploads\/2014\/11\/cropped-cropped-Logo-et-Afrique-Globalong-petite-taille-2.jpg\",\"contentUrl\":\"https:\/\/www.globalong.com\/blog\/wp-content\/uploads\/2014\/11\/cropped-cropped-Logo-et-Afrique-Globalong-petite-taille-2.jpg\",\"width\":512,\"height\":512,\"caption\":\"Association Globalong\"},\"image\":{\"@id\":\"https:\/\/www.vita-explorers.dk\/blog\/#\/schema\/logo\/image\/\"},\"sameAs\":[\"https:\/\/www.facebook.com\/globalong\"]},{\"@type\":\"Person\",\"@id\":\"https:\/\/www.vita-explorers.dk\/blog\/#\/schema\/person\/fc0343a2f2db2ebb2793c1f62dbe73f0\",\"name\":\"VITA Tribe\",\"image\":{\"@type\":\"ImageObject\",\"inLanguage\":\"da-DK\",\"@id\":\"https:\/\/www.vita-explorers.dk\/blog\/#\/schema\/person\/image\/\",\"url\":\"https:\/\/secure.gravatar.com\/avatar\/f7f05026bb439d0c96b30e135e5f852c?s=96&d=mm&r=g\",\"contentUrl\":\"https:\/\/secure.gravatar.com\/avatar\/f7f05026bb439d0c96b30e135e5f852c?s=96&d=mm&r=g\",\"caption\":\"VITA Tribe\"},\"sameAs\":[\"http:\/\/www.globalong.com\"],\"url\":\"https:\/\/www.vita-explorers.dk\/blog\/author\/teamglobalong\/\"}]}<\/script>\n<!-- \/ Yoast SEO Premium plugin. -->","yoast_head_json":{"title":"Humanit\u00e6rt ophold i Latinamerika: 17 gode grunde til at tage afsted","description":"Mission humanitaire en Am\u00e9rique latine : avantage, pr\u00e9paration, meilleure ONG, t\u00e9moignages et conseils pratiques pour un impact durable","robots":{"index":"index","follow":"follow","max-snippet":"max-snippet:-1","max-image-preview":"max-image-preview:large","max-video-preview":"max-video-preview:-1"},"canonical":"https:\/\/www.vita-explorers.dk\/blog\/humanitaert-forloeb-i-latinamerika\/","og_locale":"da_DK","og_type":"article","og_title":"Humanit\u00e6rt forl\u00f8b i Latinamerika","og_description":"Mission humanitaire en Am\u00e9rique latine : avantage, pr\u00e9paration, meilleure ONG, t\u00e9moignages et conseils pratiques pour un impact durable","og_url":"https:\/\/www.vita-explorers.dk\/blog\/humanitaert-forloeb-i-latinamerika\/","og_site_name":"VITA Explorers Blog","article_publisher":"https:\/\/www.facebook.com\/globalong","article_published_time":"2025-06-12T14:58:22+00:00","article_modified_time":"2025-07-06T12:10:03+00:00","og_image":[{"width":4128,"height":2322,"url":"https:\/\/www.vita-explorers.dk\/blog\/wp-content\/uploads\/2018\/03\/20180221_141023-min-1.jpg","type":"image\/jpeg"}],"author":"VITA Tribe","twitter_card":"summary_large_image","twitter_misc":{"Skrevet af":"VITA Tribe","Estimeret l\u00e6setid":"6 minutter"},"schema":{"@context":"https:\/\/schema.org","@graph":[{"@type":"Article","@id":"https:\/\/www.vita-explorers.dk\/blog\/humanitaert-forloeb-i-latinamerika\/#article","isPartOf":{"@id":"https:\/\/www.vita-explorers.dk\/blog\/humanitaert-forloeb-i-latinamerika\/"},"author":{"name":"VITA Tribe","@id":"https:\/\/www.vita-explorers.dk\/blog\/#\/schema\/person\/fc0343a2f2db2ebb2793c1f62dbe73f0"},"headline":"Humanit\u00e6rt forl\u00f8b i Latinamerika","datePublished":"2025-06-12T14:58:22+00:00","dateModified":"2025-07-06T12:10:03+00:00","mainEntityOfPage":{"@id":"https:\/\/www.vita-explorers.dk\/blog\/humanitaert-forloeb-i-latinamerika\/"},"wordCount":1299,"commentCount":0,"publisher":{"@id":"https:\/\/www.vita-explorers.dk\/blog\/#organization"},"image":{"@id":"https:\/\/www.vita-explorers.dk\/blog\/humanitaert-forloeb-i-latinamerika\/#primaryimage"},"thumbnailUrl":"https:\/\/www.vita-explorers.dk\/blog\/wp-content\/uploads\/2018\/03\/20180221_141023-min-1.jpg","articleSection":["Nyheder","VITA Explorers"],"inLanguage":"da-DK","potentialAction":[{"@type":"CommentAction","name":"Comment","target":["https:\/\/www.vita-explorers.dk\/blog\/humanitaert-forloeb-i-latinamerika\/#respond"]}]},{"@type":"WebPage","@id":"https:\/\/www.vita-explorers.dk\/blog\/humanitaert-forloeb-i-latinamerika\/","url":"https:\/\/www.vita-explorers.dk\/blog\/humanitaert-forloeb-i-latinamerika\/","name":"Humanit\u00e6rt ophold i Latinamerika: 17 gode grunde til at tage afsted","isPartOf":{"@id":"https:\/\/www.vita-explorers.dk\/blog\/#website"},"primaryImageOfPage":{"@id":"https:\/\/www.vita-explorers.dk\/blog\/humanitaert-forloeb-i-latinamerika\/#primaryimage"},"image":{"@id":"https:\/\/www.vita-explorers.dk\/blog\/humanitaert-forloeb-i-latinamerika\/#primaryimage"},"thumbnailUrl":"https:\/\/www.vita-explorers.dk\/blog\/wp-content\/uploads\/2018\/03\/20180221_141023-min-1.jpg","datePublished":"2025-06-12T14:58:22+00:00","dateModified":"2025-07-06T12:10:03+00:00","description":"Mission humanitaire en Am\u00e9rique latine : avantage, pr\u00e9paration, meilleure ONG, t\u00e9moignages et conseils pratiques pour un impact durable","breadcrumb":{"@id":"https:\/\/www.vita-explorers.dk\/blog\/humanitaert-forloeb-i-latinamerika\/#breadcrumb"},"inLanguage":"da-DK","potentialAction":[{"@type":"ReadAction","target":["https:\/\/www.vita-explorers.dk\/blog\/humanitaert-forloeb-i-latinamerika\/"]}]},{"@type":"ImageObject","inLanguage":"da-DK","@id":"https:\/\/www.vita-explorers.dk\/blog\/humanitaert-forloeb-i-latinamerika\/#primaryimage","url":"https:\/\/www.vita-explorers.dk\/blog\/wp-content\/uploads\/2018\/03\/20180221_141023-min-1.jpg","contentUrl":"https:\/\/www.vita-explorers.dk\/blog\/wp-content\/uploads\/2018\/03\/20180221_141023-min-1.jpg","width":4128,"height":2322,"caption":"Mission humanitaire en Am\u00e9rique Latine"},{"@type":"BreadcrumbList","@id":"https:\/\/www.vita-explorers.dk\/blog\/humanitaert-forloeb-i-latinamerika\/#breadcrumb","itemListElement":[{"@type":"ListItem","position":1,"name":"Accueil","item":"https:\/\/www.vita-explorers.dk\/blog\/"},{"@type":"ListItem","position":2,"name":"Humanit\u00e6rt forl\u00f8b i Latinamerika"}]},{"@type":"WebSite","@id":"https:\/\/www.vita-explorers.dk\/blog\/#website","url":"https:\/\/www.vita-explorers.dk\/blog\/","name":"Association Globalong","description":"Frivilligt arbejde, sprogophold, praktik i udlandet og internationale oplevelser","publisher":{"@id":"https:\/\/www.vita-explorers.dk\/blog\/#organization"},"potentialAction":[{"@type":"SearchAction","target":{"@type":"EntryPoint","urlTemplate":"https:\/\/www.vita-explorers.dk\/blog\/?s={search_term_string}"},"query-input":{"@type":"PropertyValueSpecification","valueRequired":true,"valueName":"search_term_string"}}],"inLanguage":"da-DK"},{"@type":"Organization","@id":"https:\/\/www.vita-explorers.dk\/blog\/#organization","name":"Association Globalong","url":"https:\/\/www.vita-explorers.dk\/blog\/","logo":{"@type":"ImageObject","inLanguage":"da-DK","@id":"https:\/\/www.vita-explorers.dk\/blog\/#\/schema\/logo\/image\/","url":"https:\/\/www.globalong.com\/blog\/wp-content\/uploads\/2014\/11\/cropped-cropped-Logo-et-Afrique-Globalong-petite-taille-2.jpg","contentUrl":"https:\/\/www.globalong.com\/blog\/wp-content\/uploads\/2014\/11\/cropped-cropped-Logo-et-Afrique-Globalong-petite-taille-2.jpg","width":512,"height":512,"caption":"Association Globalong"},"image":{"@id":"https:\/\/www.vita-explorers.dk\/blog\/#\/schema\/logo\/image\/"},"sameAs":["https:\/\/www.facebook.com\/globalong"]},{"@type":"Person","@id":"https:\/\/www.vita-explorers.dk\/blog\/#\/schema\/person\/fc0343a2f2db2ebb2793c1f62dbe73f0","name":"VITA Tribe","image":{"@type":"ImageObject","inLanguage":"da-DK","@id":"https:\/\/www.vita-explorers.dk\/blog\/#\/schema\/person\/image\/","url":"https:\/\/secure.gravatar.com\/avatar\/f7f05026bb439d0c96b30e135e5f852c?s=96&d=mm&r=g","contentUrl":"https:\/\/secure.gravatar.com\/avatar\/f7f05026bb439d0c96b30e135e5f852c?s=96&d=mm&r=g","caption":"VITA Tribe"},"sameAs":["http:\/\/www.globalong.com"],"url":"https:\/\/www.vita-explorers.dk\/blog\/author\/teamglobalong\/"}]}},"_links":{"self":[{"href":"https:\/\/www.vita-explorers.dk\/blog\/wp-json\/wp\/v2\/posts\/21293"}],"collection":[{"href":"https:\/\/www.vita-explorers.dk\/blog\/wp-json\/wp\/v2\/posts"}],"about":[{"href":"https:\/\/www.vita-explorers.dk\/blog\/wp-json\/wp\/v2\/types\/post"}],"author":[{"embeddable":true,"href":"https:\/\/www.vita-explorers.dk\/blog\/wp-json\/wp\/v2\/users\/7"}],"replies":[{"embeddable":true,"href":"https:\/\/www.vita-explorers.dk\/blog\/wp-json\/wp\/v2\/comments?post=21293"}],"version-history":[{"count":7,"href":"https:\/\/www.vita-explorers.dk\/blog\/wp-json\/wp\/v2\/posts\/21293\/revisions"}],"predecessor-version":[{"id":21341,"href":"https:\/\/www.vita-explorers.dk\/blog\/wp-json\/wp\/v2\/posts\/21293\/revisions\/21341"}],"wp:featuredmedia":[{"embeddable":true,"href":"https:\/\/www.vita-explorers.dk\/blog\/wp-json\/wp\/v2\/media\/9096"}],"wp:attachment":[{"href":"https:\/\/www.vita-explorers.dk\/blog\/wp-json\/wp\/v2\/media?parent=21293"}],"wp:term":[{"taxonomy":"category","embeddable":true,"href":"https:\/\/www.vita-explorers.dk\/blog\/wp-json\/wp\/v2\/categories?post=21293"},{"taxonomy":"post_tag","embeddable":true,"href":"https:\/\/www.vita-explorers.dk\/blog\/wp-json\/wp\/v2\/tags?post=21293"}],"curies":[{"name":"wp","href":"https:\/\/api.w.org\/{rel}","templated":true}]}}