{"id":21326,"date":"2025-07-01T04:33:47","date_gmt":"2025-07-01T02:33:47","guid":{"rendered":"https:\/\/www.globalong.com\/blog\/?p=21326"},"modified":"2025-10-29T16:25:47","modified_gmt":"2025-10-29T15:25:47","slug":"humanitaert-forloeb-i-latinamerika-2","status":"publish","type":"post","link":"https:\/\/www.vita-explorers.dk\/blog\/humanitaert-forloeb-i-latinamerika-2\/","title":{"rendered":"Humanit\u00e6rt ophold i Latinamerika"},"content":{"rendered":"<p><iframe loading=\"lazy\" title=\"Partir avec Globalong, c&#039;est... des sourires et des moments inoubliables\" width=\"500\" height=\"281\" src=\"https:\/\/www.youtube.com\/embed\/qTqccmuFj1U?feature=oembed\" frameborder=\"0\" allow=\"accelerometer; autoplay; clipboard-write; encrypted-media; gyroscope; picture-in-picture; web-share\" referrerpolicy=\"strict-origin-when-cross-origin\" allowfullscreen><\/iframe><\/p>\n<h1>Humanit\u00e6rt ophold i Latinamerika: Den komplette guide til at engagere sig, bidrage og udvikle sig<\/h1>\n<p><strong>Opdateret i 2025 \u2013 L\u00e6setid: 20\u201325 minutter<\/strong><\/p>\n<h2>???? Introduktion: Hvorfor tage afsted p\u00e5 et humanit\u00e6rt ophold i Latinamerika?<\/h2>\n<p style=\"text-align: justify;\">Latinamerika fascinerer \u2013 og giver stof til eftertanke. Fra Andesbjergenes h\u00f8jder til Amazoniens regnskove, fra \u00e6ldgamle kulturer til nutidens sociale kontraster: Regionen tiltr\u00e6kker hvert \u00e5r mange deltagere. Men at tage afsted p\u00e5 et <strong>humanit\u00e6rt <a href=\"https:\/\/www.vita-explorers.dk\/blog\/hvordan-engagerer-man-sig-i-et-internationalt-forl\u00f8b\/\" target=\"_blank\" rel=\"noopener\">forl\u00f8b<\/a> i Latinamerika<\/strong> handler ikke kun om at rejse. Det handler om at engagere sig i et mere <a href=\"https:\/\/www.vita-explorers.dk\/blog\/solidarisk-rejse-og-humanitaert-ophold\/\" target=\"_blank\" rel=\"noopener\">solidarisk<\/a> f\u00e6llesskab, l\u00e6re nyt og bidrage aktivt til projekter, der giver mening. Denne grundige guide gennemg\u00e5r, hvad du skal vide for at v\u00e6lge et forl\u00f8b, forberede dig, f\u00e5 mest muligt ud af oplevelsen \u2013 og bruge erfaringen bagefter.<\/p>\n<p><img loading=\"lazy\" decoding=\"async\" class=\"aligncenter wp-image-10881 size-medium\" src=\"https:\/\/www.vita-explorers.dk\/blog\/wp-content\/uploads\/2018\/08\/20017831_1174735279299602_5404711880672420524_o-min-300x233.jpg\" alt=\"Humanit\u00e6rt ophold i Latinamerika\" width=\"300\" height=\"233\" srcset=\"https:\/\/www.vita-explorers.dk\/blog\/wp-content\/uploads\/2018\/08\/20017831_1174735279299602_5404711880672420524_o-min-300x233.jpg 300w, https:\/\/www.vita-explorers.dk\/blog\/wp-content\/uploads\/2018\/08\/20017831_1174735279299602_5404711880672420524_o-min-768x595.jpg 768w, https:\/\/www.vita-explorers.dk\/blog\/wp-content\/uploads\/2018\/08\/20017831_1174735279299602_5404711880672420524_o-min-150x116.jpg 150w, https:\/\/www.vita-explorers.dk\/blog\/wp-content\/uploads\/2018\/08\/20017831_1174735279299602_5404711880672420524_o-min.jpg 809w\" sizes=\"(max-width: 300px) 100vw, 300px\" \/><\/p>\n<h2>???? Del 1: Forst\u00e5 betydningen af humanit\u00e6re ophold i Latinamerika<\/h2>\n<h3>1.1 Forskellige behov fra land til land<\/h3>\n<p style=\"text-align: justify;\">Latinamerika rummer mere end 20 lande med vidt forskellige \u00f8konomiske, sociale og kulturelle vilk\u00e5r. Udfordringerne er ikke de samme i et udsat kvarter i Lima, en oprindelig landsby i Guatemala eller et naturreservat i Costa Rica. Lokale <a href=\"https:\/\/www.vita-explorers.dk\/blog\/frivilligt-arbejde-i-international-ngo\/\" target=\"_blank\" rel=\"noopener\">NGO\u2019er<\/a> mangler ofte ressourcer \u2013 b\u00e5de menneskelige, materielle og \u00f8konomiske \u2013 og deltagere, der m\u00f8der op med motivation og ansvarlighed, kan v\u00e6re en vigtig st\u00f8tte.<\/p>\n<ul>\n<li><strong>Peru og Bolivia<\/strong> : store landdistrikter i Andes med begr\u00e6nset adgang til sundhed og uddannelse.<\/li>\n<li><strong>Brasilien<\/strong> : meget store sociale skel og pres p\u00e5 \u00f8kosystemerne i Amazonas.<\/li>\n<li><strong>Guatemala<\/strong> : vedvarende fattigdom i oprindelige mayasamfund og h\u00f8j grad af manglende skolegang.<\/li>\n<li><a href=\"https:\/\/www.vita-explorers.dk\/frivilligt-arbejde\/costa-rica-internationalt-frivilligt-arbejde-okoprojekt-praktik.html\" target=\"_blank\" rel=\"noopener\"><strong>Costa Rica<\/strong><\/a> : et foregangsland p\u00e5 naturbeskyttelse, som i h\u00f8j grad er afh\u00e6ngigt af deltagere for at v\u00e6rne om biodiversiteten.<\/li>\n<\/ul>\n<h3><strong>Deltageres bidrag p\u00e5 humanit\u00e6re ophold i Latinamerika<\/strong><\/h3>\n<p style=\"text-align: justify;\">N\u00e5r man bidrager med tid, energi og nogle gange faglige kompetencer, er man med til at styrke projekternes kapacitet. Ogs\u00e5 uden en specifik uddannelse kan en deltager fx planl\u00e6gge oplysningsaktiviteter, lave l\u00e6ringslege eller give en h\u00e5nd med i de daglige opgaver. Og lige s\u00e5 vigtigt: M\u00f8derne p\u00e5 tv\u00e6rs af kultur bliver ofte til en gensidig udveksling, der s\u00e6tter varige spor hos begge parter.<\/p>\n<p><img loading=\"lazy\" decoding=\"async\" class=\"aligncenter wp-image-10097 size-medium\" src=\"https:\/\/www.vita-explorers.dk\/blog\/wp-content\/uploads\/2018\/06\/27113028829_678b5f2738_o-min-300x200.jpg\" alt=\"Deltager p\u00e5 humanit\u00e6rt ophold i Latinamerika\" width=\"300\" height=\"200\" srcset=\"https:\/\/www.vita-explorers.dk\/blog\/wp-content\/uploads\/2018\/06\/27113028829_678b5f2738_o-min-300x200.jpg 300w, https:\/\/www.vita-explorers.dk\/blog\/wp-content\/uploads\/2018\/06\/27113028829_678b5f2738_o-min-768x511.jpg 768w, https:\/\/www.vita-explorers.dk\/blog\/wp-content\/uploads\/2018\/06\/27113028829_678b5f2738_o-min-1024x681.jpg 1024w, https:\/\/www.vita-explorers.dk\/blog\/wp-content\/uploads\/2018\/06\/27113028829_678b5f2738_o-min-150x100.jpg 150w\" sizes=\"(max-width: 300px) 100vw, 300px\" \/><\/p>\n<h2>???? Del 2: Hvilke typer humanit\u00e6re forl\u00f8b findes i Latinamerika?<\/h2>\n<h3><strong>2.1 Uddannelse &#038; l\u00e6se-\/skrivef\u00e6rdigheder<\/strong><\/h3>\n<p style=\"text-align: justify;\">P\u00e5 landsbyskoler eller i lokale f\u00e6llesskabscentre kan deltagere st\u00f8tte undervisere med aktiviteter for de mindste, engelskundervisning eller lektiehj\u00e6lp p\u00e5 spansk. N\u00e5r adgangen til uddannelse er begr\u00e6nset, kan det g\u00f8re en m\u00e6rkbar forskel for et barn at m\u00f8de en voksen, der er til stede, t\u00e5lmodig og positiv.<\/p>\n<h3><strong>2.2 Sociale projekter og sundhed<\/strong><\/h3>\n<p style=\"text-align: justify;\">Disse forl\u00f8b henvender sig til deltagere, der gerne vil st\u00f8tte mennesker i s\u00e5rbare situationer: gadeb\u00f8rn, mennesker med handicap, enlige m\u00f8dre eller borgere tilknyttet et sundhedscenter. Opgaverne varierer: st\u00f8tte til personale, aktiviteter, hj\u00e6lp ved m\u00e5ltider, hygiejne og at v\u00e6re en rolig, tryg tilstedev\u00e6relse. Studerende i medicin, sygepleje, psykologi eller socialt arbejde kan i nogle tilf\u00e6lde f\u00e5 forl\u00f8bet godkendt som praktik \u2013 afh\u00e6ngigt af uddannelsens krav.<\/p>\n<h3><strong>2.3 Milj\u00f8 og \u00f8ko-frivilligt arbejde<\/strong><\/h3>\n<p style=\"text-align: justify;\">Latinamerika er kendt for sin enorme biodiversitet. Der findes mange projekter med fokus p\u00e5 natur- og dyrebeskyttelse: skildpaddereservater, dyreoverv\u00e5gning, genplantning, permakultur, strandrensninger og lokalt genbrug. Forl\u00f8bene passer is\u00e6r til naturelskere, der trives med en enkel hverdag og f\u00e6rre digitale forstyrrelser.<\/p>\n<h3><strong>2.4 Byggeri og lokalsamfundsudvikling<\/strong><\/h3>\n<p style=\"text-align: justify;\">Her er man med til at skabe mere holdbare rammer sammen med beboere: klasselokaler, toiletforhold, br\u00f8nde eller gr\u00f8nne tage. M\u00e5let er at forbedre hverdagen konkret \u2013 med praktisk arbejde, ofte i teams, i en \u00e5ben og tv\u00e6rkulturel atmosf\u00e6re.<\/p>\n<p><img loading=\"lazy\" decoding=\"async\" class=\"aligncenter wp-image-9816 size-medium\" src=\"https:\/\/www.vita-explorers.dk\/blog\/wp-content\/uploads\/2018\/04\/testingsoil_preview-min-300x225.jpeg\" alt=\"Humanit\u00e6rt ophold i Latinamerika\" width=\"300\" height=\"225\" srcset=\"https:\/\/www.vita-explorers.dk\/blog\/wp-content\/uploads\/2018\/04\/testingsoil_preview-min-300x225.jpeg 300w, https:\/\/www.vita-explorers.dk\/blog\/wp-content\/uploads\/2018\/04\/testingsoil_preview-min-768x576.jpeg 768w, https:\/\/www.vita-explorers.dk\/blog\/wp-content\/uploads\/2018\/04\/testingsoil_preview-min-1024x768.jpeg 1024w, https:\/\/www.vita-explorers.dk\/blog\/wp-content\/uploads\/2018\/04\/testingsoil_preview-min-150x113.jpeg 150w, https:\/\/www.vita-explorers.dk\/blog\/wp-content\/uploads\/2018\/04\/testingsoil_preview-min.jpeg 1600w\" sizes=\"(max-width: 300px) 100vw, 300px\" \/><\/p>\n<h2><strong>???? Del 3: Fokus p\u00e5 de mest popul\u00e6re lande<\/strong><\/h2>\n<h3><a href=\"https:\/\/www.vita-explorers.dk\/sprog-og-frivilligt-arbejde\/frivilligt-arbejde-peru.html\" target=\"_blank\" rel=\"noopener\">Peru<\/a><\/h3>\n<p style=\"text-align: justify;\">Uddannelsesprojekter i Andes, indkvartering hos v\u00e6rtsfamilie og udflugter til Machu Picchu. Klimaet varierer med h\u00f8jden. M\u00e5lgrupper kan fx v\u00e6re quechua-b\u00f8rn, enlige kvinder og skoleelever uden skolematerialer.<\/p>\n<h3><a href=\"https:\/\/www.vita-explorers.dk\/sprog-og-frivilligt-arbejde\/frivilligt-ophold-guatemala.html\" target=\"_blank\" rel=\"noopener\">Guatemala<\/a><\/h3>\n<p style=\"text-align: justify;\">Bygning af energieffektive ovne, l\u00e6se-\/skriveundervisning for voksne og forl\u00f8b i mayasamfund. St\u00e6rk kulturarv og stor g\u00e6stfrihed. Levevilk\u00e5rene kan v\u00e6re enkle, men oplevelsen f\u00f8les n\u00e6rv\u00e6rende og autentisk.<\/p>\n<h3>Brasilien<\/h3>\n<p style=\"text-align: justify;\">Sociale projekter i favelas i Salvador eller Rio og naturforl\u00f8b i Amazonas. Portugisisk som hverdagssprog, levende rammer og behov for god omstillingsparathed. Tryghed og rammer sikres gennem lokale teams.<\/p>\n<h3><a href=\"https:\/\/www.vita-explorers.dk\/sprog-og-frivilligt-arbejde\/spansk-frivilligt-arbejde-bolivia.html\" target=\"_blank\" rel=\"noopener\">Bolivia<\/a><\/h3>\n<p style=\"text-align: justify;\">Et indlandsland med en varm og im\u00f8dekommende befolkning. <a href=\"https:\/\/www.vita-explorers.dk\/blog\/humanit\u00e6re-forl\u00f8b-i-bolivia\/\" target=\"_blank\" rel=\"noopener\">Forl\u00f8b i Bolivia<\/a> kan foreg\u00e5 i b\u00f8rnecentre, p\u00e5 hospitaler eller i udviklingsprojekter. Nogle omr\u00e5der kan v\u00e6re sv\u00e6re at n\u00e5, men landet byder p\u00e5 storsl\u00e5ede landskaber og st\u00e6rke menneskelige m\u00f8der.<\/p>\n<h3>Costa Rica<\/h3>\n<p style=\"text-align: justify;\">Naturreservater, nationalparker og beskyttede strande. Opgaver kan v\u00e6re dyreoverv\u00e5gning, oprydning og formidling. Gr\u00f8nne omgivelser og et veludbygget netv\u00e6rk af naturprojekter.<\/p>\n<p><img loading=\"lazy\" decoding=\"async\" class=\"aligncenter wp-image-12350 size-medium\" src=\"https:\/\/www.vita-explorers.dk\/blog\/wp-content\/uploads\/2019\/01\/3-Rurrenabaque-San-Miguel-Voyage-Rurrenabaque-18.15-23.mars2015-min-300x200.jpg\" alt=\"Humanit\u00e6rt ophold i Latinamerika\" width=\"300\" height=\"200\" srcset=\"https:\/\/www.vita-explorers.dk\/blog\/wp-content\/uploads\/2019\/01\/3-Rurrenabaque-San-Miguel-Voyage-Rurrenabaque-18.15-23.mars2015-min-300x200.jpg 300w, https:\/\/www.vita-explorers.dk\/blog\/wp-content\/uploads\/2019\/01\/3-Rurrenabaque-San-Miguel-Voyage-Rurrenabaque-18.15-23.mars2015-min-768x512.jpg 768w, https:\/\/www.vita-explorers.dk\/blog\/wp-content\/uploads\/2019\/01\/3-Rurrenabaque-San-Miguel-Voyage-Rurrenabaque-18.15-23.mars2015-min-1024x683.jpg 1024w, https:\/\/www.vita-explorers.dk\/blog\/wp-content\/uploads\/2019\/01\/3-Rurrenabaque-San-Miguel-Voyage-Rurrenabaque-18.15-23.mars2015-min-150x100.jpg 150w, https:\/\/www.vita-explorers.dk\/blog\/wp-content\/uploads\/2019\/01\/3-Rurrenabaque-San-Miguel-Voyage-Rurrenabaque-18.15-23.mars2015-min.jpg 1600w\" sizes=\"(max-width: 300px) 100vw, 300px\" \/><\/p>\n<h2><strong>???? Del 4: Forberedelse og praktiske skridt<\/strong><\/h2>\n<h3><strong>Humanit\u00e6rt ophold i Latinamerika<\/strong><\/h3>\n<p>En god start kr\u00e6ver god forberedelse:<\/p>\n<ul>\n<li><a href=\"https:\/\/www.vita-explorers.dk\/association-globalong.html\" target=\"_blank\" rel=\"noopener\">V\u00e6lg en seri\u00f8s organisation<\/a> med st\u00f8tte f\u00f8r, under og efter opholdet<\/li>\n<li>F\u00e5 styr p\u00e5 dokumenter: pas, visum, vaccinationskort<\/li>\n<li>Tag forberedelse i kulturforst\u00e5else, sprog og det praktiske<\/li>\n<li>L\u00e6g et samlet budget: transport, programomkostninger, ekstraudgifter<\/li>\n<li>Overvej crowdfunding ved behov (donationsplatforme, st\u00f8tteevents)<\/li>\n<\/ul>\n<h2><strong>???? Del 5: Oplevelser fra deltagere<\/strong><\/h2>\n<h3><strong>Lucas, 23 \u00e5r \u2013 uddannelse i Peru<\/strong><\/h3>\n<blockquote><p>\u201cB\u00f8rnene i Andes l\u00e6rte mig mere, end jeg n\u00e5ede at give videre. Jeg underviste i matematik p\u00e5 en skole uden varme \u2013 og blev betalt i smil.\u201d<\/p><\/blockquote>\n<h3><strong>Camille, 29 \u00e5r \u2013 beskyttelse af skildpadder i Costa Rica<\/strong><\/h3>\n<blockquote><p>\u201cAt g\u00e5 p\u00e5 stranden hver nat for at holde \u00f8je med skildpadderederne var helt s\u00e6rligt. Forbindelsen til naturen er st\u00e6rk, og f\u00e6llesskabet mellem deltagerne er virkelig t\u00e6t.\u201d<\/p><\/blockquote>\n<h2 style=\"text-align: justify;\"><strong>???? Del 6: S\u00e5dan bruger du erfaringen, n\u00e5r du er hjemme igen<\/strong><\/h2>\n<ul>\n<li><a href=\"https:\/\/www.vita-explorers.dk\/blog\/s\u00e5dan-forbereder-du-et-cv-til-et-praktikophold-i-udlandet\/\" target=\"_blank\" rel=\"noopener\">Opdat\u00e9r dit CV<\/a> med de tv\u00e6rg\u00e5ende kompetencer, du har f\u00e5et<\/li>\n<li>Beskriv din rolle og dit bidrag i en motiveret ans\u00f8gning<\/li>\n<li>Del dine <a href=\"https:\/\/www.vita-explorers.dk\/blog\/avis-globalong\/\" target=\"_blank\" rel=\"noopener\">oplevelser<\/a> ved fx opl\u00e6g eller solidaritetsarrangementer<\/li>\n<li>Overvej et nyt internationalt forl\u00f8b \u2013 eller at engagere dig lokalt i Danmark<\/li>\n<\/ul>\n<h2><strong>???? Del 7: FAQ<\/strong><\/h2>\n<ul>\n<li>Kan man rejse alene f\u00f8r man fylder 18? Ja, med for\u00e6ldresamtykke hvis n\u00f8dvendigt og en passende rammes\u00e6tning.<\/li>\n<li>Skal man kunne spansk? Nej, men grundl\u00e6ggende kendskab g\u00f8r det nemmere at falde til. Der tilbydes kurser.<\/li>\n<li>Hvad koster et forl\u00f8b? Det afh\u00e6nger af varighed, hvad der er inkluderet, og hvilket land du v\u00e6lger.<\/li>\n<li>Hvilke forsikringer skal man have? Ansvar, sygeforsikring, afbestilling og hjemtransport.<\/li>\n<li>Er forl\u00f8bene anerkendt? Nogle kan godkendes som praktik \u2013 afklar det med din uddannelse.<\/li>\n<li>Kan man rejse som par eller familie? Ja, enkelte projekter kan rumme det. Det skal planl\u00e6gges i god tid.<\/li>\n<li>Hvordan er sikkerhedsniveauet? Projekter udv\u00e6lges med omhu, og der er st\u00f8tte og rammer p\u00e5 plads.<\/li>\n<li>Hvad g\u00f8r man, hvis der opst\u00e5r problemer p\u00e5 stedet? En koordinator er altid tilg\u00e6ngelig og kan hj\u00e6lpe.<\/li>\n<li>Hvad s\u00e5 bagefter? Del erfaringer, forts\u00e6t engagementet og st\u00f8t projekter p\u00e5 afstand.<\/li>\n<\/ul>\n<h2><strong>???? En afslutning, der giver lyst til at tage afsted<\/strong><\/h2>\n<p style=\"text-align: justify;\">At engagere sig i et humanit\u00e6rt ophold i Latinamerika kan v\u00e6re et positivt <a href=\"https:\/\/www.vita-explorers.dk\/blog\/kulturchok-det-er-helt-normalt\/\" target=\"_blank\" rel=\"noopener\">kulturchok<\/a>, en personlig l\u00e6ring og et \u00e6rligt bidrag til et mere retf\u00e6rdigt samfund. Uanset dine foruds\u00e6tninger har du noget at give \u2013 og ofte endnu mere at f\u00e5 med hjem. Kontinentet venter. Det f\u00f8rste skridt er dit.<\/p>\n<h2>???? Ressourcer til download<\/h2>\n<ul>\n<li>Komplet PDF-tjekliste (kuffert + praktiske skridt)<\/li>\n<li>Eksempler p\u00e5 motiverede e-mails<\/li>\n<li>Projektbrochure pr. land<\/li>\n<li>Oplevelser og praktiske guides pr. tema<\/li>\n<li>Infografikker til sociale medier<\/li>\n<\/ul>\n<article>\n<section id=\"conclusion\"><strong>Ans\u00f8g allerede nu<\/strong>\u00a0og start dit humanit\u00e6re ophold med VITA.\u00a0<\/section>\n<\/article>\n<p class=\"p4\"><b>Vil du h\u00f8re mere, er du altid velkommen til at kontakte os p\u00e5\u00a0<\/b><a href=\"mailto:info@globalong.com\"><span class=\"s2\"><b>info@globalong.com<\/b><\/span><\/a><\/p>\n<p class=\"p4\"><b>Hvis du vil vide mere om VITA og vores community, kan du finde os p\u00e5\u00a0<\/b><a href=\"https:\/\/www.instagram.com\/globalongofficiel\/\"><span class=\"s2\"><b>Instagram<\/b><\/span><\/a><b>,\u00a0<\/b><a href=\"https:\/\/www.facebook.com\/globalong\"><span class=\"s2\"><b>Facebook<\/b><\/span><\/a><b>,\u00a0<\/b><a href=\"https:\/\/www.linkedin.com\/company\/5113177\/admin\/feed\/posts\/\"><span class=\"s2\"><b>LinkedIn<\/b><\/span><\/a><b>\u00a0og\u00a0<\/b><a href=\"https:\/\/www.youtube.com\/c\/globalong\/videos\"><span class=\"s2\"><b>YouTube<\/b><\/span><\/a><b>\u00a0!\u00a0<\/b><\/p>\n<footer><strong>\u00a9 2025 VITA. Alle rettigheder forbeholdes.<\/strong><\/footer>\n<p>\u00a0<\/p>\n","protected":false},"excerpt":{"rendered":"<p>Humanit\u00e6rt ophold i Latinamerika: Den komplette guide til at engagere sig, bidrage og udvikle sig Opdateret i 2025 \u2013 L\u00e6setid: 20\u201325 minutter ???? Introduktion:\u2026<\/p>\n","protected":false},"author":7,"featured_media":9096,"comment_status":"open","ping_status":"open","sticky":false,"template":"","format":"standard","meta":{"footnotes":""},"categories":[6,4],"tags":[],"yoast_head":"<!-- This site is optimized with the Yoast SEO Premium plugin v23.4 (Yoast SEO v23.4) - https:\/\/yoast.com\/wordpress\/plugins\/seo\/ -->\n<title>Humanit\u00e6rt ophold i Latinamerika: det skal du vide! - VITA Explorers Blog<\/title>\n<meta name=\"description\" content=\"D\u00e9couvrez les d\u00e9fis et les opportunit\u00e9s d&#039;une mission humanitaire Am\u00e9rique latine. Engagez-vous pour un monde plus solidaire.\" \/>\n<meta name=\"robots\" content=\"index, follow, max-snippet:-1, max-image-preview:large, max-video-preview:-1\" \/>\n<link rel=\"canonical\" href=\"https:\/\/www.vita-explorers.dk\/blog\/humanitaert-forloeb-i-latinamerika-2\/\" \/>\n<meta property=\"og:locale\" content=\"da_DK\" \/>\n<meta property=\"og:type\" content=\"article\" \/>\n<meta property=\"og:title\" content=\"Humanit\u00e6rt ophold i Latinamerika\" \/>\n<meta property=\"og:description\" content=\"D\u00e9couvrez les d\u00e9fis et les opportunit\u00e9s d&#039;une mission humanitaire Am\u00e9rique latine. Engagez-vous pour un monde plus solidaire.\" \/>\n<meta property=\"og:url\" content=\"https:\/\/www.vita-explorers.dk\/blog\/humanitaert-forloeb-i-latinamerika-2\/\" \/>\n<meta property=\"og:site_name\" content=\"VITA Explorers Blog\" \/>\n<meta property=\"article:publisher\" content=\"https:\/\/www.facebook.com\/globalong\" \/>\n<meta property=\"article:published_time\" content=\"2025-07-01T02:33:47+00:00\" \/>\n<meta property=\"article:modified_time\" content=\"2025-10-29T15:25:47+00:00\" \/>\n<meta property=\"og:image\" content=\"https:\/\/www.vita-explorers.dk\/blog\/wp-content\/uploads\/2018\/03\/20180221_141023-min-1.jpg\" \/>\n\t<meta property=\"og:image:width\" content=\"4128\" \/>\n\t<meta property=\"og:image:height\" content=\"2322\" \/>\n\t<meta property=\"og:image:type\" content=\"image\/jpeg\" \/>\n<meta name=\"author\" content=\"VITA Tribe\" \/>\n<meta name=\"twitter:card\" content=\"summary_large_image\" \/>\n<meta name=\"twitter:label1\" content=\"Skrevet af\" \/>\n\t<meta name=\"twitter:data1\" content=\"VITA Tribe\" \/>\n\t<meta name=\"twitter:label2\" content=\"Estimeret l\u00e6setid\" \/>\n\t<meta name=\"twitter:data2\" content=\"7 minutter\" \/>\n<script type=\"application\/ld+json\" class=\"yoast-schema-graph\">{\"@context\":\"https:\/\/schema.org\",\"@graph\":[{\"@type\":\"Article\",\"@id\":\"https:\/\/www.vita-explorers.dk\/blog\/humanitaert-forloeb-i-latinamerika-2\/#article\",\"isPartOf\":{\"@id\":\"https:\/\/www.vita-explorers.dk\/blog\/humanitaert-forloeb-i-latinamerika-2\/\"},\"author\":{\"name\":\"VITA Tribe\",\"@id\":\"https:\/\/www.vita-explorers.dk\/blog\/#\/schema\/person\/fc0343a2f2db2ebb2793c1f62dbe73f0\"},\"headline\":\"Humanit\u00e6rt ophold i Latinamerika\",\"datePublished\":\"2025-07-01T02:33:47+00:00\",\"dateModified\":\"2025-10-29T15:25:47+00:00\",\"mainEntityOfPage\":{\"@id\":\"https:\/\/www.vita-explorers.dk\/blog\/humanitaert-forloeb-i-latinamerika-2\/\"},\"wordCount\":1282,\"commentCount\":0,\"publisher\":{\"@id\":\"https:\/\/www.vita-explorers.dk\/blog\/#organization\"},\"image\":{\"@id\":\"https:\/\/www.vita-explorers.dk\/blog\/humanitaert-forloeb-i-latinamerika-2\/#primaryimage\"},\"thumbnailUrl\":\"https:\/\/www.vita-explorers.dk\/blog\/wp-content\/uploads\/2018\/03\/20180221_141023-min-1.jpg\",\"articleSection\":[\"Nyheder\",\"VITA Explorers\"],\"inLanguage\":\"da-DK\",\"potentialAction\":[{\"@type\":\"CommentAction\",\"name\":\"Comment\",\"target\":[\"https:\/\/www.vita-explorers.dk\/blog\/humanitaert-forloeb-i-latinamerika-2\/#respond\"]}]},{\"@type\":\"WebPage\",\"@id\":\"https:\/\/www.vita-explorers.dk\/blog\/humanitaert-forloeb-i-latinamerika-2\/\",\"url\":\"https:\/\/www.vita-explorers.dk\/blog\/humanitaert-forloeb-i-latinamerika-2\/\",\"name\":\"Humanit\u00e6rt ophold i Latinamerika: det skal du vide! - VITA Explorers Blog\",\"isPartOf\":{\"@id\":\"https:\/\/www.vita-explorers.dk\/blog\/#website\"},\"primaryImageOfPage\":{\"@id\":\"https:\/\/www.vita-explorers.dk\/blog\/humanitaert-forloeb-i-latinamerika-2\/#primaryimage\"},\"image\":{\"@id\":\"https:\/\/www.vita-explorers.dk\/blog\/humanitaert-forloeb-i-latinamerika-2\/#primaryimage\"},\"thumbnailUrl\":\"https:\/\/www.vita-explorers.dk\/blog\/wp-content\/uploads\/2018\/03\/20180221_141023-min-1.jpg\",\"datePublished\":\"2025-07-01T02:33:47+00:00\",\"dateModified\":\"2025-10-29T15:25:47+00:00\",\"description\":\"D\u00e9couvrez les d\u00e9fis et les opportunit\u00e9s d'une mission humanitaire Am\u00e9rique latine. Engagez-vous pour un monde plus solidaire.\",\"breadcrumb\":{\"@id\":\"https:\/\/www.vita-explorers.dk\/blog\/humanitaert-forloeb-i-latinamerika-2\/#breadcrumb\"},\"inLanguage\":\"da-DK\",\"potentialAction\":[{\"@type\":\"ReadAction\",\"target\":[\"https:\/\/www.vita-explorers.dk\/blog\/humanitaert-forloeb-i-latinamerika-2\/\"]}]},{\"@type\":\"ImageObject\",\"inLanguage\":\"da-DK\",\"@id\":\"https:\/\/www.vita-explorers.dk\/blog\/humanitaert-forloeb-i-latinamerika-2\/#primaryimage\",\"url\":\"https:\/\/www.vita-explorers.dk\/blog\/wp-content\/uploads\/2018\/03\/20180221_141023-min-1.jpg\",\"contentUrl\":\"https:\/\/www.vita-explorers.dk\/blog\/wp-content\/uploads\/2018\/03\/20180221_141023-min-1.jpg\",\"width\":4128,\"height\":2322,\"caption\":\"Mission humanitaire en Am\u00e9rique Latine\"},{\"@type\":\"BreadcrumbList\",\"@id\":\"https:\/\/www.vita-explorers.dk\/blog\/humanitaert-forloeb-i-latinamerika-2\/#breadcrumb\",\"itemListElement\":[{\"@type\":\"ListItem\",\"position\":1,\"name\":\"Accueil\",\"item\":\"https:\/\/www.vita-explorers.dk\/blog\/\"},{\"@type\":\"ListItem\",\"position\":2,\"name\":\"Humanit\u00e6rt ophold i Latinamerika\"}]},{\"@type\":\"WebSite\",\"@id\":\"https:\/\/www.vita-explorers.dk\/blog\/#website\",\"url\":\"https:\/\/www.vita-explorers.dk\/blog\/\",\"name\":\"Association Globalong\",\"description\":\"Frivilligt arbejde, sprogophold, praktik i udlandet og internationale oplevelser\",\"publisher\":{\"@id\":\"https:\/\/www.vita-explorers.dk\/blog\/#organization\"},\"potentialAction\":[{\"@type\":\"SearchAction\",\"target\":{\"@type\":\"EntryPoint\",\"urlTemplate\":\"https:\/\/www.vita-explorers.dk\/blog\/?s={search_term_string}\"},\"query-input\":{\"@type\":\"PropertyValueSpecification\",\"valueRequired\":true,\"valueName\":\"search_term_string\"}}],\"inLanguage\":\"da-DK\"},{\"@type\":\"Organization\",\"@id\":\"https:\/\/www.vita-explorers.dk\/blog\/#organization\",\"name\":\"Association Globalong\",\"url\":\"https:\/\/www.vita-explorers.dk\/blog\/\",\"logo\":{\"@type\":\"ImageObject\",\"inLanguage\":\"da-DK\",\"@id\":\"https:\/\/www.vita-explorers.dk\/blog\/#\/schema\/logo\/image\/\",\"url\":\"https:\/\/www.globalong.com\/blog\/wp-content\/uploads\/2014\/11\/cropped-cropped-Logo-et-Afrique-Globalong-petite-taille-2.jpg\",\"contentUrl\":\"https:\/\/www.globalong.com\/blog\/wp-content\/uploads\/2014\/11\/cropped-cropped-Logo-et-Afrique-Globalong-petite-taille-2.jpg\",\"width\":512,\"height\":512,\"caption\":\"Association Globalong\"},\"image\":{\"@id\":\"https:\/\/www.vita-explorers.dk\/blog\/#\/schema\/logo\/image\/\"},\"sameAs\":[\"https:\/\/www.facebook.com\/globalong\"]},{\"@type\":\"Person\",\"@id\":\"https:\/\/www.vita-explorers.dk\/blog\/#\/schema\/person\/fc0343a2f2db2ebb2793c1f62dbe73f0\",\"name\":\"VITA Tribe\",\"image\":{\"@type\":\"ImageObject\",\"inLanguage\":\"da-DK\",\"@id\":\"https:\/\/www.vita-explorers.dk\/blog\/#\/schema\/person\/image\/\",\"url\":\"https:\/\/secure.gravatar.com\/avatar\/f7f05026bb439d0c96b30e135e5f852c?s=96&d=mm&r=g\",\"contentUrl\":\"https:\/\/secure.gravatar.com\/avatar\/f7f05026bb439d0c96b30e135e5f852c?s=96&d=mm&r=g\",\"caption\":\"VITA Tribe\"},\"sameAs\":[\"http:\/\/www.globalong.com\"],\"url\":\"https:\/\/www.vita-explorers.dk\/blog\/author\/teamglobalong\/\"}]}<\/script>\n<!-- \/ Yoast SEO Premium plugin. -->","yoast_head_json":{"title":"Humanit\u00e6rt ophold i Latinamerika: det skal du vide! - VITA Explorers Blog","description":"D\u00e9couvrez les d\u00e9fis et les opportunit\u00e9s d'une mission humanitaire Am\u00e9rique latine. Engagez-vous pour un monde plus solidaire.","robots":{"index":"index","follow":"follow","max-snippet":"max-snippet:-1","max-image-preview":"max-image-preview:large","max-video-preview":"max-video-preview:-1"},"canonical":"https:\/\/www.vita-explorers.dk\/blog\/humanitaert-forloeb-i-latinamerika-2\/","og_locale":"da_DK","og_type":"article","og_title":"Humanit\u00e6rt ophold i Latinamerika","og_description":"D\u00e9couvrez les d\u00e9fis et les opportunit\u00e9s d'une mission humanitaire Am\u00e9rique latine. Engagez-vous pour un monde plus solidaire.","og_url":"https:\/\/www.vita-explorers.dk\/blog\/humanitaert-forloeb-i-latinamerika-2\/","og_site_name":"VITA Explorers Blog","article_publisher":"https:\/\/www.facebook.com\/globalong","article_published_time":"2025-07-01T02:33:47+00:00","article_modified_time":"2025-10-29T15:25:47+00:00","og_image":[{"width":4128,"height":2322,"url":"https:\/\/www.vita-explorers.dk\/blog\/wp-content\/uploads\/2018\/03\/20180221_141023-min-1.jpg","type":"image\/jpeg"}],"author":"VITA Tribe","twitter_card":"summary_large_image","twitter_misc":{"Skrevet af":"VITA Tribe","Estimeret l\u00e6setid":"7 minutter"},"schema":{"@context":"https:\/\/schema.org","@graph":[{"@type":"Article","@id":"https:\/\/www.vita-explorers.dk\/blog\/humanitaert-forloeb-i-latinamerika-2\/#article","isPartOf":{"@id":"https:\/\/www.vita-explorers.dk\/blog\/humanitaert-forloeb-i-latinamerika-2\/"},"author":{"name":"VITA Tribe","@id":"https:\/\/www.vita-explorers.dk\/blog\/#\/schema\/person\/fc0343a2f2db2ebb2793c1f62dbe73f0"},"headline":"Humanit\u00e6rt ophold i Latinamerika","datePublished":"2025-07-01T02:33:47+00:00","dateModified":"2025-10-29T15:25:47+00:00","mainEntityOfPage":{"@id":"https:\/\/www.vita-explorers.dk\/blog\/humanitaert-forloeb-i-latinamerika-2\/"},"wordCount":1282,"commentCount":0,"publisher":{"@id":"https:\/\/www.vita-explorers.dk\/blog\/#organization"},"image":{"@id":"https:\/\/www.vita-explorers.dk\/blog\/humanitaert-forloeb-i-latinamerika-2\/#primaryimage"},"thumbnailUrl":"https:\/\/www.vita-explorers.dk\/blog\/wp-content\/uploads\/2018\/03\/20180221_141023-min-1.jpg","articleSection":["Nyheder","VITA Explorers"],"inLanguage":"da-DK","potentialAction":[{"@type":"CommentAction","name":"Comment","target":["https:\/\/www.vita-explorers.dk\/blog\/humanitaert-forloeb-i-latinamerika-2\/#respond"]}]},{"@type":"WebPage","@id":"https:\/\/www.vita-explorers.dk\/blog\/humanitaert-forloeb-i-latinamerika-2\/","url":"https:\/\/www.vita-explorers.dk\/blog\/humanitaert-forloeb-i-latinamerika-2\/","name":"Humanit\u00e6rt ophold i Latinamerika: det skal du vide! - VITA Explorers Blog","isPartOf":{"@id":"https:\/\/www.vita-explorers.dk\/blog\/#website"},"primaryImageOfPage":{"@id":"https:\/\/www.vita-explorers.dk\/blog\/humanitaert-forloeb-i-latinamerika-2\/#primaryimage"},"image":{"@id":"https:\/\/www.vita-explorers.dk\/blog\/humanitaert-forloeb-i-latinamerika-2\/#primaryimage"},"thumbnailUrl":"https:\/\/www.vita-explorers.dk\/blog\/wp-content\/uploads\/2018\/03\/20180221_141023-min-1.jpg","datePublished":"2025-07-01T02:33:47+00:00","dateModified":"2025-10-29T15:25:47+00:00","description":"D\u00e9couvrez les d\u00e9fis et les opportunit\u00e9s d'une mission humanitaire Am\u00e9rique latine. Engagez-vous pour un monde plus solidaire.","breadcrumb":{"@id":"https:\/\/www.vita-explorers.dk\/blog\/humanitaert-forloeb-i-latinamerika-2\/#breadcrumb"},"inLanguage":"da-DK","potentialAction":[{"@type":"ReadAction","target":["https:\/\/www.vita-explorers.dk\/blog\/humanitaert-forloeb-i-latinamerika-2\/"]}]},{"@type":"ImageObject","inLanguage":"da-DK","@id":"https:\/\/www.vita-explorers.dk\/blog\/humanitaert-forloeb-i-latinamerika-2\/#primaryimage","url":"https:\/\/www.vita-explorers.dk\/blog\/wp-content\/uploads\/2018\/03\/20180221_141023-min-1.jpg","contentUrl":"https:\/\/www.vita-explorers.dk\/blog\/wp-content\/uploads\/2018\/03\/20180221_141023-min-1.jpg","width":4128,"height":2322,"caption":"Mission humanitaire en Am\u00e9rique Latine"},{"@type":"BreadcrumbList","@id":"https:\/\/www.vita-explorers.dk\/blog\/humanitaert-forloeb-i-latinamerika-2\/#breadcrumb","itemListElement":[{"@type":"ListItem","position":1,"name":"Accueil","item":"https:\/\/www.vita-explorers.dk\/blog\/"},{"@type":"ListItem","position":2,"name":"Humanit\u00e6rt ophold i Latinamerika"}]},{"@type":"WebSite","@id":"https:\/\/www.vita-explorers.dk\/blog\/#website","url":"https:\/\/www.vita-explorers.dk\/blog\/","name":"Association Globalong","description":"Frivilligt arbejde, sprogophold, praktik i udlandet og internationale oplevelser","publisher":{"@id":"https:\/\/www.vita-explorers.dk\/blog\/#organization"},"potentialAction":[{"@type":"SearchAction","target":{"@type":"EntryPoint","urlTemplate":"https:\/\/www.vita-explorers.dk\/blog\/?s={search_term_string}"},"query-input":{"@type":"PropertyValueSpecification","valueRequired":true,"valueName":"search_term_string"}}],"inLanguage":"da-DK"},{"@type":"Organization","@id":"https:\/\/www.vita-explorers.dk\/blog\/#organization","name":"Association Globalong","url":"https:\/\/www.vita-explorers.dk\/blog\/","logo":{"@type":"ImageObject","inLanguage":"da-DK","@id":"https:\/\/www.vita-explorers.dk\/blog\/#\/schema\/logo\/image\/","url":"https:\/\/www.globalong.com\/blog\/wp-content\/uploads\/2014\/11\/cropped-cropped-Logo-et-Afrique-Globalong-petite-taille-2.jpg","contentUrl":"https:\/\/www.globalong.com\/blog\/wp-content\/uploads\/2014\/11\/cropped-cropped-Logo-et-Afrique-Globalong-petite-taille-2.jpg","width":512,"height":512,"caption":"Association Globalong"},"image":{"@id":"https:\/\/www.vita-explorers.dk\/blog\/#\/schema\/logo\/image\/"},"sameAs":["https:\/\/www.facebook.com\/globalong"]},{"@type":"Person","@id":"https:\/\/www.vita-explorers.dk\/blog\/#\/schema\/person\/fc0343a2f2db2ebb2793c1f62dbe73f0","name":"VITA Tribe","image":{"@type":"ImageObject","inLanguage":"da-DK","@id":"https:\/\/www.vita-explorers.dk\/blog\/#\/schema\/person\/image\/","url":"https:\/\/secure.gravatar.com\/avatar\/f7f05026bb439d0c96b30e135e5f852c?s=96&d=mm&r=g","contentUrl":"https:\/\/secure.gravatar.com\/avatar\/f7f05026bb439d0c96b30e135e5f852c?s=96&d=mm&r=g","caption":"VITA Tribe"},"sameAs":["http:\/\/www.globalong.com"],"url":"https:\/\/www.vita-explorers.dk\/blog\/author\/teamglobalong\/"}]}},"_links":{"self":[{"href":"https:\/\/www.vita-explorers.dk\/blog\/wp-json\/wp\/v2\/posts\/21326"}],"collection":[{"href":"https:\/\/www.vita-explorers.dk\/blog\/wp-json\/wp\/v2\/posts"}],"about":[{"href":"https:\/\/www.vita-explorers.dk\/blog\/wp-json\/wp\/v2\/types\/post"}],"author":[{"embeddable":true,"href":"https:\/\/www.vita-explorers.dk\/blog\/wp-json\/wp\/v2\/users\/7"}],"replies":[{"embeddable":true,"href":"https:\/\/www.vita-explorers.dk\/blog\/wp-json\/wp\/v2\/comments?post=21326"}],"version-history":[{"count":5,"href":"https:\/\/www.vita-explorers.dk\/blog\/wp-json\/wp\/v2\/posts\/21326\/revisions"}],"predecessor-version":[{"id":22159,"href":"https:\/\/www.vita-explorers.dk\/blog\/wp-json\/wp\/v2\/posts\/21326\/revisions\/22159"}],"wp:featuredmedia":[{"embeddable":true,"href":"https:\/\/www.vita-explorers.dk\/blog\/wp-json\/wp\/v2\/media\/9096"}],"wp:attachment":[{"href":"https:\/\/www.vita-explorers.dk\/blog\/wp-json\/wp\/v2\/media?parent=21326"}],"wp:term":[{"taxonomy":"category","embeddable":true,"href":"https:\/\/www.vita-explorers.dk\/blog\/wp-json\/wp\/v2\/categories?post=21326"},{"taxonomy":"post_tag","embeddable":true,"href":"https:\/\/www.vita-explorers.dk\/blog\/wp-json\/wp\/v2\/tags?post=21326"}],"curies":[{"name":"wp","href":"https:\/\/api.w.org\/{rel}","templated":true}]}}