{"id":21647,"date":"2025-09-09T10:32:53","date_gmt":"2025-09-09T08:32:53","guid":{"rendered":"https:\/\/www.globalong.com\/blog\/?p=21647"},"modified":"2025-09-14T14:43:04","modified_gmt":"2025-09-14T12:43:04","slug":"kunstnerisk-frivilligt-arbejde","status":"publish","type":"post","link":"https:\/\/www.vita-explorers.dk\/blog\/kunstnerisk-frivilligt-arbejde\/","title":{"rendered":"Kreativt frivilligt arbejde: kulturelle og kunstneriske forl\u00f8b"},"content":{"rendered":"<style>\n    article p, article li { text-align: justify; }<br \/>    nav ul { padding-left: 1.2rem; }<br \/>    nav li { margin: 0.25rem 0; }<br \/>    blockquote { margin: 1rem 1.2rem; font-style: italic; }<br \/>  <\/style>\n<article>\n<h1><b>Kunstnerisk frivilligt arbejde<\/b><\/h1>\n<p>Kunstnerisk <a href=\"https:\/\/www.vita-explorers.dk\/blog\/foreningsfrivillighed-i-udlandet\/\" target=\"_blank\" rel=\"noopener\">frivilligt arbejde<\/a> er meget mere end at dele teknikker: Det er en m\u00e5de at skabe videndeling, dialog og social v\u00e6rdi gennem kunst. N\u00e5r kreativitet samler mennesker, kan du i et <em>kulturelt forl\u00f8b<\/em> bringe dine kompetencer i spil \u2014 inden for billedkunst, musik, dans, teater, fotografi og ogs\u00e5 skrivning \u2014 for at styrke individuel udtryksevne, fremh\u00e6ve kulturarv og st\u00f8tte lokale initiativer inden for <em>kunst med socialt sigte<\/em>. Hvis du s\u00f8ger en konkret, struktureret og meningsfuld erfaring, kan <em><a href=\"https:\/\/www.vita-explorers.dk\/blog\/frivilligt-arbejde-og-praktik-i-udlandet\/\" target=\"_blank\" rel=\"noopener\">kunstnerisk frivilligt arbejde<\/a><\/em> v\u00e6re en st\u00e6rk ramme for b\u00e5de at bidrage, l\u00e6re og udvikle dig.<\/p>\n<nav aria-label=\"Sommaire\">\n<h2 id=\"sommaire\"><b>Indhold<\/b><\/h2>\n<ul>\n<li><a href=\"#definition\">Kunstnerisk frivilligt arbejde: definitioner og principper<\/a><\/li>\n<li><a href=\"#valeurs\">Hvorfor v\u00e6lge kunstnerisk frivilligt arbejde?<\/a><\/li>\n<li><a href=\"#projets\">Kulturelle forl\u00f8b &#038; kunst med socialt sigte: eksempler<\/a><\/li>\n<li><a href=\"#preparer\">Kunstnerisk frivilligt arbejde: s\u00e5dan forbereder du dig<\/a><\/li>\n<li><a href=\"#realisation\">Planl\u00e6g og facilit\u00e9r dine workshops p\u00e5 stedet<\/a><\/li>\n<li><a href=\"#impact\">M\u00e5l effekten og synligg\u00f8r din erfaring<\/a><\/li>\n<li><a href=\"#temoignage\">Oplevelse fra en deltager<\/a><\/li>\n<li><a href=\"#faq\">FAQ (5 sp\u00f8rgsm\u00e5l)<\/a><\/li>\n<li><a href=\"#conclusion\">Konklusion<\/a><\/li>\n<\/ul>\n<\/nav>\n<\/article>\n<p><a href=\"https:\/\/www.vita-explorers.dk\/blog\/wp-content\/uploads\/2025\/09\/Mission-culturelle.png\"><img loading=\"lazy\" decoding=\"async\" class=\"wp-image-21666 size-medium aligncenter\" src=\"https:\/\/www.vita-explorers.dk\/blog\/wp-content\/uploads\/2025\/09\/Mission-culturelle-263x300.png\" alt=\"Volontariat artistique\" width=\"263\" height=\"300\" srcset=\"https:\/\/www.vita-explorers.dk\/blog\/wp-content\/uploads\/2025\/09\/Mission-culturelle-263x300.png 263w, https:\/\/www.vita-explorers.dk\/blog\/wp-content\/uploads\/2025\/09\/Mission-culturelle-896x1024.png 896w, https:\/\/www.vita-explorers.dk\/blog\/wp-content\/uploads\/2025\/09\/Mission-culturelle-768x878.png 768w, https:\/\/www.vita-explorers.dk\/blog\/wp-content\/uploads\/2025\/09\/Mission-culturelle.png 966w\" sizes=\"(max-width: 263px) 100vw, 263px\" \/><\/a><\/p>\n<p>0<\/p>\n<article>\n<h2 id=\"definition\"><b>Kunstnerisk frivilligt arbejde: definitioner og principper<br \/>\n<\/b><\/h2>\n<p>Med \u201ckunstnerisk frivilligt arbejde\u201d menes et <a href=\"https:\/\/www.vita-explorers.dk\/blog\/vigtigheden-af-deltagernes-engagement-hos-vita\/\" target=\"_blank\" rel=\"noopener\">frivilligt engagement<\/a> i et socialt, p\u00e6dagogisk eller kulturarvsorienteret projekt gennem kreative praksisser. Dels handler det om at dele f\u00e6rdigheder via workshops, ophold eller f\u00e6lles arrangementer. Dels handler det ogs\u00e5 om at l\u00e6re af den lokale kultur, tilpasse sine metoder og samskabe med deltagerne. Derfor bygger et <em>kulturelt forl\u00f8b<\/em> p\u00e5 tre grundpiller: respekt, relevans og holdbarhed.<\/p>\n<h3><b>En enkel og tydelig etisk ramme for kunstnerisk frivilligt arbejde<\/b><\/h3>\n<p>Den <a href=\"https:\/\/www.vita-explorers.dk\/blog\/etisk-ansvarlig-rejse\/\" target=\"_blank\" rel=\"noopener\">etiske<\/a> ramme for kunstnerisk frivilligt arbejde starter med aktiv lytning til behovene, samskabelse med v\u00e6rterne og et klart fravalg af \u201cat g\u00f8re tingene for andre\u201d. Du faciliterer derfor kunstnerisk udfoldelse, styrker lokale teams og efterlader materialer, der kan bruges igen (undervisningsv\u00e6rkt\u00f8jer, workshopark, playlister, skabeloner til manuskripter m.m.). P\u00e5 den m\u00e5de bliver <em>kunst med socialt sigte<\/em> et gensidigt m\u00f8de: Alle bidrager og alle f\u00e5r noget med.<\/p>\n<\/article>\n<p>0<\/p>\n<p><a href=\"https:\/\/www.vita-explorers.dk\/blog\/wp-content\/uploads\/2025\/09\/Enfants-kenya-slide-1-5fa957ff4dd24.jpeg\"><img loading=\"lazy\" decoding=\"async\" class=\"wp-image-21667 size-medium aligncenter\" src=\"https:\/\/www.vita-explorers.dk\/blog\/wp-content\/uploads\/2025\/09\/Enfants-kenya-slide-1-5fa957ff4dd24-263x300.jpeg\" alt=\"Volontariat artistique\" width=\"263\" height=\"300\" srcset=\"https:\/\/www.vita-explorers.dk\/blog\/wp-content\/uploads\/2025\/09\/Enfants-kenya-slide-1-5fa957ff4dd24-263x300.jpeg 263w, https:\/\/www.vita-explorers.dk\/blog\/wp-content\/uploads\/2025\/09\/Enfants-kenya-slide-1-5fa957ff4dd24-896x1024.jpeg 896w, https:\/\/www.vita-explorers.dk\/blog\/wp-content\/uploads\/2025\/09\/Enfants-kenya-slide-1-5fa957ff4dd24-768x878.jpeg 768w, https:\/\/www.vita-explorers.dk\/blog\/wp-content\/uploads\/2025\/09\/Enfants-kenya-slide-1-5fa957ff4dd24.jpeg 966w\" sizes=\"(max-width: 263px) 100vw, 263px\" \/><\/a><\/p>\n<p>0<\/p>\n<article>\n<h2 id=\"valeurs\"><b>Hvorfor v\u00e6lge kunstnerisk frivilligt arbejde?<\/b><\/h2>\n<p>At v\u00e6lge <em><a href=\"https:\/\/www.vita-explorers.dk\/blog\/internationalt-frivilligt-arbejde-i-europa-hvilke-forloeb\/\" target=\"_blank\" rel=\"noopener\">frivilligt arbejde<\/a> med kunst<\/em> handler om to ting: at styrke f\u00e6llesskaber og samtidig udvikle din egen vej. Kunst kan nemlig skabe tryghed, give form til det, der er sv\u00e6rt at sige, og underst\u00f8tte f\u00e6lles kreativitet. Lidt efter lidt opst\u00e5r der positive bev\u00e6gelser: b\u00f8rn t\u00f8r tage ordet, unge pr\u00f8ver kr\u00e6fter med scenen, og voksne deler fort\u00e6llinger og erfaringer. Og fordi kunst ofte er et f\u00e6lles sprog, bliver sprogbarrierer hurtigt mindre.<\/p>\n<h3><b>Gevinster for lokalsamfund<\/b><\/h3>\n<ul>\n<li>Adgang til kunstneriske aktiviteter af god kvalitet, tilpasset den lokale kontekst.<\/li>\n<li>Synligg\u00f8relse af kulturarv, fort\u00e6llinger og lokale sprog.<\/li>\n<li>Styrket <a href=\"https:\/\/www.vita-explorers.dk\/blog\/leve-sammen-fred-16-maj-2018\/\" target=\"_blank\" rel=\"noopener\">f\u00e6llesskab<\/a> gennem f\u00e6lles produktioner.<\/li>\n<li>Kompetencel\u00f8ft for lokale n\u00f8glepersoner (l\u00e6rere, p\u00e6dagoger, aktivitetsledere).<\/li>\n<\/ul>\n<h3><b>Gevinster for deltagere<\/b><\/h3>\n<ul>\n<li>Udvikling af p\u00e6dagogiske v\u00e6rkt\u00f8jer, der kan bruges igen, og en st\u00e6rkere faciliteringsrolle.<\/li>\n<li>Interkulturel erfaring, metodisk ydmyghed og relationel forst\u00e5else.<\/li>\n<li>En portef\u00f8lje af konkrete projekter (udstillinger, \u00e5bne scener, videodokumentation).<\/li>\n<li>St\u00f8rre evne til at gennemf\u00f8re et <em>kulturelt forl\u00f8b<\/em> fra start til slut.<\/li>\n<\/ul>\n<p>0<\/p>\n<h2 id=\"projets\"><b>Kulturelle forl\u00f8b &#038; kunst med socialt sigte: eksempler p\u00e5 kunstnerisk engagement<\/b><\/h2>\n<p>For at give et billede af, hvad et projekt med <em>kunst med socialt sigte<\/em> kan v\u00e6re, f\u00e5r du her nogle afpr\u00f8vede formater, som kan tilpasses alder, rammer og m\u00e5l:<\/p>\n<ul>\n<li><em>Workshops med v\u00e6gmaleri<\/em> : f\u00e6lles udvikling af motiv, introduktion til teknikker, kollektiv udf\u00f8relse og en enkel offentlig markering.<\/li>\n<li><em>Forumteater<\/em> : korte scener om samfundstemaer, dialog med publikum samt udvikling og spil sammen med deltagerne.<\/li>\n<li><em>F\u00e6lleskor<\/em> : arrangement af traditionelle sange, optagelser og en afsluttende koncert.<\/li>\n<li><em>Kreativt digitalt arbejde<\/em> : dokumentarfoto, podcast, korte videoer og en vandreudstilling.<\/li>\n<li><em>Dans &#038; bev\u00e6gelse<\/em> : inkluderende forl\u00f8b (p\u00e5 tv\u00e6rs af alder, med handicap), med en kort opvisning til sidst.<\/li>\n<\/ul>\n<p>I praksis kan forl\u00f8bene foreg\u00e5 p\u00e5 skoler, i kultur- og fritidscentre, biblioteker, ungdomsklubber, lokale museer eller udend\u00f8rs p\u00e5 offentlige pladser. Det vigtigste er lokal forankring: at finde steder, hvor hverdagen leves, bygge videre p\u00e5 det, der allerede findes, og invitere bredt.<\/p>\n<\/article>\n<p>0<\/p>\n<p><a href=\"https:\/\/www.vita-explorers.dk\/blog\/wp-content\/uploads\/2025\/09\/mission-humanitaire-cuba-1-66028b9b807c1.png\"><img loading=\"lazy\" decoding=\"async\" class=\"wp-image-21668 size-medium aligncenter\" src=\"https:\/\/www.vita-explorers.dk\/blog\/wp-content\/uploads\/2025\/09\/mission-humanitaire-cuba-1-66028b9b807c1-263x300.png\" alt=\"Volontariat artistique\" width=\"263\" height=\"300\" srcset=\"https:\/\/www.vita-explorers.dk\/blog\/wp-content\/uploads\/2025\/09\/mission-humanitaire-cuba-1-66028b9b807c1-263x300.png 263w, https:\/\/www.vita-explorers.dk\/blog\/wp-content\/uploads\/2025\/09\/mission-humanitaire-cuba-1-66028b9b807c1-896x1024.png 896w, https:\/\/www.vita-explorers.dk\/blog\/wp-content\/uploads\/2025\/09\/mission-humanitaire-cuba-1-66028b9b807c1-768x878.png 768w, https:\/\/www.vita-explorers.dk\/blog\/wp-content\/uploads\/2025\/09\/mission-humanitaire-cuba-1-66028b9b807c1.png 966w\" sizes=\"(max-width: 263px) 100vw, 263px\" \/><\/a><\/p>\n<p>0<\/p>\n<article>\n<h2 id=\"preparer\"><b>Kunstnerisk frivilligt arbejde: s\u00e5dan forbereder du dig<\/b><\/h2>\n<p>En god forberedelse er afg\u00f8rende for, at dit <em>kunstneriske frivillige arbejde<\/em> bliver vellykket. Helt konkret giver det mening at strukturere processen omkring de seks spor herunder.<\/p>\n<h3><b>1) M\u00e5l og m\u00e5lgrupper i et kunstnerisk forl\u00f8b med socialt sigte<\/b><\/h3>\n<p>S\u00e6t klare m\u00e5l (udtryk, kulturarv, oplysning, offentlig pr\u00e6sentation) og enkle pejlem\u00e6rker (antal sessions, f\u00e6rdige produktioner, familiernes deltagelse). Afklar m\u00e5lgrupper (alder, niveau, s\u00e6rlige behov) samt rammer og begr\u00e6nsninger (skolekalender, lokale begivenheder).<\/p>\n<h3><b>2) V\u00e6rter og tidsplan<\/b><\/h3>\n<p>V\u00e6lg en trov\u00e6rdig organisation (forening, NGO, kommune), som tydeligg\u00f8r rollefordelingen: modtagelse, formidling, logistik og tilladelser. Lav en realistisk tidsplan: opstart, igangs\u00e6ttelse, workshops, pr\u00f8ver, pr\u00e6sentation og opsamling.<\/p>\n<h3><b>3) Budget og logistik<\/b><\/h3>\n<p>Vurder <a href=\"https:\/\/www.vita-explorers.dk\/tarifs.html\" target=\"_blank\" rel=\"noopener\">omkostninger<\/a>: transport, ophold, m\u00e5ltider, forsikringer og kunstmaterialer (maling, pensler, l\u00e6rreder, h\u00f8jtalere, mikrofoner, materialer til ops\u00e6tning). Planl\u00e6g lokale alternativer (genbrugsmaterialer, l\u00e5n af udstyr) og en plan B ved d\u00e5rligt vejr eller manglende adgang til lokaler.<\/p>\n<h3><b>4) Materialer og workshopark<\/b><\/h3>\n<p>Forbered korte workshopark (m\u00e5l, varighed, instruktioner, variationer, inklusion), s\u00e5 de kan overdrages til lokale aktivitetsledere. Det styrker kontinuiteten efter din afrejse og g\u00f8r <em>det kulturelle forl\u00f8b<\/em> mere b\u00e6redygtigt.<\/p>\n<h3><b>5) Interkulturel forst\u00e5else og inklusion<\/b><\/h3>\n<p>S\u00e6t dig ind i sociale normer, rytmer (religi\u00f8se, skole), k\u00f8nsroller i det offentlige rum og lokale kunstpraksisser. Tilpas ogs\u00e5 din kommunikation (kropssprog, visuelle greb). Brug dern\u00e6st nonverbale \u00f8velser (rytme, krop, billeder), s\u00e5 alle kan v\u00e6re med.<\/p>\n<h3><b>6) Sikkerhed og rammer<\/b><\/h3>\n<p>Tjek n\u00f8dvendige tilladelser (film, lydoptagelse, samtykke til billeder), sundheds-\/hjemtransportd\u00e6kning og stedernes sikkerhed (el, scener, stilladser til v\u00e6gmalerier); det er bedre at forebygge end at reagere. En tydelig procedure skaber tryghed for b\u00e5de team og deltagere.<\/p>\n<\/article>\n<p>0<\/p>\n<p><a href=\"https:\/\/www.vita-explorers.dk\/blog\/wp-content\/uploads\/2018\/09\/Festival-1-min.jpg\"><img loading=\"lazy\" decoding=\"async\" class=\"wp-image-11260 size-medium aligncenter\" src=\"https:\/\/www.vita-explorers.dk\/blog\/wp-content\/uploads\/2018\/09\/Festival-1-min-300x200.jpg\" alt=\"Volontariat artistique\" width=\"300\" height=\"200\" srcset=\"https:\/\/www.vita-explorers.dk\/blog\/wp-content\/uploads\/2018\/09\/Festival-1-min-300x200.jpg 300w, https:\/\/www.vita-explorers.dk\/blog\/wp-content\/uploads\/2018\/09\/Festival-1-min-150x100.jpg 150w, https:\/\/www.vita-explorers.dk\/blog\/wp-content\/uploads\/2018\/09\/Festival-1-min.jpg 500w\" sizes=\"(max-width: 300px) 100vw, 300px\" \/><\/a><\/p>\n<p>0<\/p>\n<article>\n<h2 id=\"realisation\"><b>Planl\u00e6g og facilit\u00e9r dine frivillige aktiviteter p\u00e5 stedet<\/b><\/h2>\n<p>P\u00e5 stedet afh\u00e6nger effekten af dit <em>kunstneriske frivillige arbejde<\/em> is\u00e6r af rytme, tydelighed og f\u00e6lles facilitering. Lav f\u00f8rst et fast \u201cgrundforl\u00f8b\u201d: varm velkomst, kort icebreaker, dagens m\u00e5l, kreativ tid, pr\u00e6sentation, hurtig feedback og en aftale om n\u00e6ste gang. Vari\u00e9r ogs\u00e5 formater (individuelt, i makkerpar, i grupper) og skift mellem intensitet og kreative pauser.<\/p>\n<h3><b>Enkle og effektive redskaber<\/b><\/h3>\n<ul>\n<li>Ritualer ved start\/slut: en kort sang, et f\u00e6lles r\u00e5b, en \u201capplausm\u00e5ler\u201d.<\/li>\n<li>Visuelle kort: f\u00f8lelser, teksturer og farver til at s\u00e6tte fantasien i gang.<\/li>\n<li>Synlige rammer: plakater med \u201cinstruktioner\u201d, \u201cproduktioner\u201d, \u201cinspiration\u201d.<\/li>\n<li>Logbog: daglige noter og fotos af processens trin (med samtykke).<\/li>\n<\/ul>\n<h3><b>Pr\u00e6sentation og formidling<\/b><\/h3>\n<p>Forbered en enkel, men gennemf\u00f8rt pr\u00e6sentation (udstilling, lille forestilling, visning). Skriv derefter en kort introduktion: m\u00e5l, forl\u00f8b, medvirkende og tak. Invit\u00e9r familier, naboer og lokale institutioner. En afslutning forankrer <em>kunst med socialt sigte<\/em> i f\u00e6lles hukommelse og anerkender deltagernes indsats.<\/p>\n<p>0<\/p>\n<h2 id=\"impact\"><b>M\u00e5l effekten og synligg\u00f8r din erfaring<\/b><\/h2>\n<p>Effektm\u00e5ling kr\u00e6ver ikke avancerede v\u00e6rkt\u00f8jer. Men nogle f\u00e5 kvalitative og kvantitative indikatorer g\u00f8r resultatet tydeligere: antal sessions, fremm\u00f8de, skabte produktioner, deltagernes feedback, skriftlige eller lydoptagede oplevelser. Saml derefter en kort opsamling (PDF, slideshow), som kan deles med v\u00e6rterne. Her kan du inkludere dine workshopark, godkendte billeder og forslag til n\u00e6ste skridt.<\/p>\n<p>T\u00e6nk ogs\u00e5 p\u00e5 at synligg\u00f8re dit <em>kunstneriske frivillige arbejde<\/em>: portfolio, hjemmeside, sociale medier, CV. Beskriv din rolle, de kompetencer du har udviklet (p\u00e6dagogik, projektledelse, formidling, interkulturel forst\u00e5else) og de konkrete resultater. Det styrker din trov\u00e6rdighed i kommende <em>kulturelle forl\u00f8b<\/em>.<\/p>\n<\/article>\n<p>0<\/p>\n<article>\n<h2 id=\"temoignage\"><b>Linas oplevelse fra et kunstnerisk forl\u00f8b med socialt sigte<\/b><\/h2>\n<blockquote><p>\u00ab Jeg deltog i et kunstnerisk frivilligforl\u00f8b i et lokalcenter i Senegal. I starten var jeg i tvivl: Var jeg overhovedet den rigtige til det? Men workshop for workshop s\u00e5 jeg b\u00f8rnene opfinde figurer, synge p\u00e5 tre sprog og male minder. Den sidste dag lavede vi en lille udstilling. For\u00e6ldrene s\u00e5 l\u00e6rrederne, skitseb\u00f8gerne \u2014 og is\u00e6r deres b\u00f8rns begejstring. Jeg f\u00f8lte, at jeg bidrog med noget, men jeg blev ogs\u00e5 selv forandret: mere t\u00e5lmodig, mere lyttende og mere <em>f\u00e6llesskabsorienteret gennem kunst<\/em>. \u00bb \u2014 Lina, deltager.<\/p><\/blockquote>\n<\/article>\n<p>0<\/p>\n<p><a href=\"https:\/\/www.vita-explorers.dk\/blog\/wp-content\/uploads\/2024\/10\/20240828_094355-martine-bejarano-scaled.jpg\"><img loading=\"lazy\" decoding=\"async\" class=\"aligncenter wp-image-18045 size-medium\" src=\"https:\/\/www.vita-explorers.dk\/blog\/wp-content\/uploads\/2024\/10\/20240828_094355-martine-bejarano-225x300.jpg\" alt=\"Mission culturelle\" width=\"225\" height=\"300\" srcset=\"https:\/\/www.vita-explorers.dk\/blog\/wp-content\/uploads\/2024\/10\/20240828_094355-martine-bejarano-225x300.jpg 225w, https:\/\/www.vita-explorers.dk\/blog\/wp-content\/uploads\/2024\/10\/20240828_094355-martine-bejarano-768x1024.jpg 768w, https:\/\/www.vita-explorers.dk\/blog\/wp-content\/uploads\/2024\/10\/20240828_094355-martine-bejarano-1152x1536.jpg 1152w, https:\/\/www.vita-explorers.dk\/blog\/wp-content\/uploads\/2024\/10\/20240828_094355-martine-bejarano-1536x2048.jpg 1536w, https:\/\/www.vita-explorers.dk\/blog\/wp-content\/uploads\/2024\/10\/20240828_094355-martine-bejarano-scaled.jpg 1920w\" sizes=\"(max-width: 225px) 100vw, 225px\" \/><\/a><\/p>\n<p>0<\/p>\n<article>\n<h2 id=\"faq\"><b>FAQ (5 sp\u00f8rgsm\u00e5l)<\/b><\/h2>\n<h3><b>1. Skal man v\u00e6re professionel kunstner for at deltage i et kunstnerisk forl\u00f8b med socialt sigte?<\/b><\/h3>\n<p>Nej. Det vigtigste er, at du har en oprigtig praksis og lyst til b\u00e5de at dele og l\u00e6re. P\u00e6dagogiske evner og god lytning vejer ofte tungere end teknisk niveau.<\/p>\n<h3><b>2. Hvor lang tid skal man afs\u00e6tte til et kulturelt forl\u00f8b?<\/b><\/h3>\n<p>Som tommelfingerregel er 3 til 8 uger ideelt for et fuldt forl\u00f8b (opstart, workshops, pr\u00e6sentation). Der kan dog ogs\u00e5 v\u00e6re behov for kortere eller l\u00e6ngere formater.<\/p>\n<h3><b>3. Hvilket budget skal man regne med til et kunstnerisk frivilligprojekt?<\/b><\/h3>\n<p>Det afh\u00e6nger af land og organisation: transport, forsikring, ophold, m\u00e5ltider og materialer. Nogle steder medfinansierer man eller l\u00e5ner udstyr.<\/p>\n<h3><b>4. Hvad hvis jeg ikke taler det lokale sprog?<\/b><\/h3>\n<p>Det beh\u00f8ver ikke at v\u00e6re en barriere. Nonverbale metoder (billeder, rytme, bev\u00e6gelse) g\u00f8r det lettere at facilitere. Nogle gange deltager en tosproget formidler.<\/p>\n<h3><b>5. Hvordan sikrer jeg en varig effekt i mit kunstneriske engagement?<\/b><\/h3>\n<p>Lav enkle workshopark, opl\u00e6r lokale n\u00f8glepersoner, efterlad basismaterialer og dokument\u00e9r forl\u00f8bet. Aftal ogs\u00e5 gerne opf\u00f8lgning p\u00e5 afstand med v\u00e6rts-teamet.<\/p>\n<p>0<\/p>\n<h2 id=\"conclusion\"><b>Konklusion<\/b><\/h2>\n<p>Kunstnerisk frivilligt arbejde forener mening, metode og kreativitet. N\u00e5r det bygger p\u00e5 lytning, samskabelse og videndeling, kan det s\u00e6tte spor, der holder. Hvis du gerne vil kombinere engagement, gener\u00f8sitet og faglighed, kan et <em>kulturelt forl\u00f8b<\/em> med <em>kunst med socialt sigte<\/em> give dig mulighed for at bidrage konkret \u2014 samtidig med at du styrker dine kompetencer. Nu handler det om at afklare dine m\u00e5l, v\u00e6lge en tryg ramme og skitsere din f\u00f8rste workshop: Verden har brug for flere perspektiver, flere nuancer og flere stemmer.<\/p>\n<p>0<\/p>\n<\/article>\n<p style=\"text-align: center;\"><strong>Klar til at komme i gang?<\/strong><br \/>\n0F\u00e5 forslag til forl\u00f8b, der matcher dine kompetencer og dine m\u00e5l.<\/p>\n<p style=\"text-align: center;\"><a href=\"https:\/\/www.vita-explorers.dk\/#tel-contact-form-glob\" target=\"_blank\" rel=\"noopener\">Jeg vil gerne i kontakt<\/a><\/p>\n<p class=\"muted\" style=\"text-align: center;\">\u00a9 VITA Institute \u2014 Ressourcer til ansvarlige internationale forl\u00f8b.<\/p>\n<p class=\"p4\" style=\"text-align: center;\"><b>Hvis du vil h\u00f8re mere, er du velkommen til at kontakte os p\u00e5<br \/>\n0<\/b><a href=\"mailto:info@globalong.com\"><span class=\"s2\"><b>info@globalong.com<\/b><\/span><\/a><\/p>\n<p class=\"p4\" style=\"text-align: center;\"><b>Hvis du vil f\u00f8lge VITA Institute og vores community, kan du finde os p\u00e5<br \/>\n0<\/b><a href=\"https:\/\/www.instagram.com\/globalongofficiel\/\" target=\"_blank\" rel=\"noopener\"><span class=\"s2\"><b>Instagram<\/b><\/span><\/a><b>,<br \/>\n0<\/b><a href=\"https:\/\/www.facebook.com\/globalong\" target=\"_blank\" rel=\"noopener\"><span class=\"s2\"><b>Facebook<\/b><\/span><\/a><b>,<br \/>\n0<\/b><a href=\"https:\/\/www.linkedin.com\/company\/5113177\/admin\/feed\/posts\/\" target=\"_blank\" rel=\"noopener\"><span class=\"s2\"><b>LinkedIn<\/b><\/span><\/a><b><br \/>\n0og<br \/>\n0<\/b><a href=\"https:\/\/www.youtube.com\/c\/globalong\/videos\" target=\"_blank\" rel=\"noopener\"><span class=\"s2\"><b>Youtube<\/b><\/span><\/a><b><br \/>\n0!<br \/>\n0<\/b><\/p>\n<p><!-- Balises ALT optimis\u00e9es (\u00e0 utiliser sur vos images) --><br \/>\n<!-- alt=\"Volontariat artistique : atelier de peinture interg\u00e9n\u00e9rationnel en mission culturelle\" --><br \/>\n<!-- alt=\"Art solidaire : chorale communautaire et restitution publique\" --><br \/>\n<!-- alt=\"Atelier fresque murale : co-cr\u00e9ation entre b\u00e9n\u00e9voles et habitants\" --><br \/>\n<!-- alt=\"Volontariat artistique : s\u00e9ance de th\u00e9\u00e2tre forum en ext\u00e9rieur\" --><br \/>\n<!-- alt=\"Mission culturelle : exposition des \u0153uvres et m\u00e9diation avec les familles\" --><\/p>\n<p>0<\/p>\n","protected":false},"excerpt":{"rendered":"<p>Kunstnerisk frivilligt arbejde Kunstnerisk frivilligt arbejde er meget mere end at dele teknikker: Det er en m\u00e5de at skabe videndeling, dialog og social v\u00e6rdi\u2026<\/p>\n","protected":false},"author":7,"featured_media":21650,"comment_status":"open","ping_status":"open","sticky":false,"template":"","format":"standard","meta":{"footnotes":""},"categories":[1460],"tags":[],"yoast_head":"<!-- This site is optimized with the Yoast SEO Premium plugin v23.4 (Yoast SEO v23.4) - https:\/\/yoast.com\/wordpress\/plugins\/seo\/ -->\n<title>Frivilligt kunstforl\u00f8b: kunstprojekter og kreativt f\u00e6llesskab<\/title>\n<meta name=\"description\" content=\"Volontariat artistique : engagez vos talents dans une mission culturelle d\u2019art solidaire, enrichissante et utile, partout dans le monde.\" \/>\n<meta name=\"robots\" content=\"index, follow, max-snippet:-1, max-image-preview:large, max-video-preview:-1\" \/>\n<link rel=\"canonical\" href=\"https:\/\/www.vita-explorers.dk\/blog\/kunstnerisk-frivilligt-arbejde\/\" \/>\n<meta property=\"og:locale\" content=\"da_DK\" \/>\n<meta property=\"og:type\" content=\"article\" \/>\n<meta property=\"og:title\" content=\"Kreativt frivilligt arbejde: kulturelle og kunstneriske forl\u00f8b\" \/>\n<meta property=\"og:description\" content=\"Volontariat artistique : engagez vos talents dans une mission culturelle d\u2019art solidaire, enrichissante et utile, partout dans le monde.\" \/>\n<meta property=\"og:url\" content=\"https:\/\/www.vita-explorers.dk\/blog\/kunstnerisk-frivilligt-arbejde\/\" \/>\n<meta property=\"og:site_name\" content=\"VITA Explorers Blog\" \/>\n<meta property=\"article:publisher\" content=\"https:\/\/www.facebook.com\/globalong\" \/>\n<meta property=\"article:published_time\" content=\"2025-09-09T08:32:53+00:00\" \/>\n<meta property=\"article:modified_time\" content=\"2025-09-14T12:43:04+00:00\" \/>\n<meta property=\"og:image\" content=\"https:\/\/www.vita-explorers.dk\/blog\/wp-content\/uploads\/2025\/09\/ART1-896x1024.png\" \/>\n\t<meta property=\"og:image:width\" content=\"896\" \/>\n\t<meta property=\"og:image:height\" content=\"1024\" \/>\n\t<meta property=\"og:image:type\" content=\"image\/png\" \/>\n<meta name=\"author\" content=\"VITA Tribe\" \/>\n<meta name=\"twitter:card\" content=\"summary_large_image\" \/>\n<meta name=\"twitter:label1\" content=\"Skrevet af\" \/>\n\t<meta name=\"twitter:data1\" content=\"VITA Tribe\" \/>\n\t<meta name=\"twitter:label2\" content=\"Estimeret l\u00e6setid\" \/>\n\t<meta name=\"twitter:data2\" content=\"9 minutter\" \/>\n<script type=\"application\/ld+json\" class=\"yoast-schema-graph\">{\"@context\":\"https:\/\/schema.org\",\"@graph\":[{\"@type\":\"Article\",\"@id\":\"https:\/\/www.vita-explorers.dk\/blog\/kunstnerisk-frivilligt-arbejde\/#article\",\"isPartOf\":{\"@id\":\"https:\/\/www.vita-explorers.dk\/blog\/kunstnerisk-frivilligt-arbejde\/\"},\"author\":{\"name\":\"VITA Tribe\",\"@id\":\"https:\/\/www.vita-explorers.dk\/blog\/#\/schema\/person\/fc0343a2f2db2ebb2793c1f62dbe73f0\"},\"headline\":\"Kreativt frivilligt arbejde: kulturelle og kunstneriske forl\u00f8b\",\"datePublished\":\"2025-09-09T08:32:53+00:00\",\"dateModified\":\"2025-09-14T12:43:04+00:00\",\"mainEntityOfPage\":{\"@id\":\"https:\/\/www.vita-explorers.dk\/blog\/kunstnerisk-frivilligt-arbejde\/\"},\"wordCount\":1698,\"commentCount\":0,\"publisher\":{\"@id\":\"https:\/\/www.vita-explorers.dk\/blog\/#organization\"},\"image\":{\"@id\":\"https:\/\/www.vita-explorers.dk\/blog\/kunstnerisk-frivilligt-arbejde\/#primaryimage\"},\"thumbnailUrl\":\"https:\/\/www.vita-explorers.dk\/blog\/wp-content\/uploads\/2025\/09\/ART1.png\",\"articleSection\":[\"Kunstnerisk frivilligt arbejde\"],\"inLanguage\":\"da-DK\",\"potentialAction\":[{\"@type\":\"CommentAction\",\"name\":\"Comment\",\"target\":[\"https:\/\/www.vita-explorers.dk\/blog\/kunstnerisk-frivilligt-arbejde\/#respond\"]}]},{\"@type\":\"WebPage\",\"@id\":\"https:\/\/www.vita-explorers.dk\/blog\/kunstnerisk-frivilligt-arbejde\/\",\"url\":\"https:\/\/www.vita-explorers.dk\/blog\/kunstnerisk-frivilligt-arbejde\/\",\"name\":\"Frivilligt kunstforl\u00f8b: kunstprojekter og kreativt f\u00e6llesskab\",\"isPartOf\":{\"@id\":\"https:\/\/www.vita-explorers.dk\/blog\/#website\"},\"primaryImageOfPage\":{\"@id\":\"https:\/\/www.vita-explorers.dk\/blog\/kunstnerisk-frivilligt-arbejde\/#primaryimage\"},\"image\":{\"@id\":\"https:\/\/www.vita-explorers.dk\/blog\/kunstnerisk-frivilligt-arbejde\/#primaryimage\"},\"thumbnailUrl\":\"https:\/\/www.vita-explorers.dk\/blog\/wp-content\/uploads\/2025\/09\/ART1.png\",\"datePublished\":\"2025-09-09T08:32:53+00:00\",\"dateModified\":\"2025-09-14T12:43:04+00:00\",\"description\":\"Volontariat artistique : engagez vos talents dans une mission culturelle d\u2019art solidaire, enrichissante et utile, partout dans le monde.\",\"breadcrumb\":{\"@id\":\"https:\/\/www.vita-explorers.dk\/blog\/kunstnerisk-frivilligt-arbejde\/#breadcrumb\"},\"inLanguage\":\"da-DK\",\"potentialAction\":[{\"@type\":\"ReadAction\",\"target\":[\"https:\/\/www.vita-explorers.dk\/blog\/kunstnerisk-frivilligt-arbejde\/\"]}]},{\"@type\":\"ImageObject\",\"inLanguage\":\"da-DK\",\"@id\":\"https:\/\/www.vita-explorers.dk\/blog\/kunstnerisk-frivilligt-arbejde\/#primaryimage\",\"url\":\"https:\/\/www.vita-explorers.dk\/blog\/wp-content\/uploads\/2025\/09\/ART1.png\",\"contentUrl\":\"https:\/\/www.vita-explorers.dk\/blog\/wp-content\/uploads\/2025\/09\/ART1.png\",\"width\":966,\"height\":1104},{\"@type\":\"BreadcrumbList\",\"@id\":\"https:\/\/www.vita-explorers.dk\/blog\/kunstnerisk-frivilligt-arbejde\/#breadcrumb\",\"itemListElement\":[{\"@type\":\"ListItem\",\"position\":1,\"name\":\"Accueil\",\"item\":\"https:\/\/www.vita-explorers.dk\/blog\/\"},{\"@type\":\"ListItem\",\"position\":2,\"name\":\"Kreativt frivilligt arbejde: kulturelle og kunstneriske forl\u00f8b\"}]},{\"@type\":\"WebSite\",\"@id\":\"https:\/\/www.vita-explorers.dk\/blog\/#website\",\"url\":\"https:\/\/www.vita-explorers.dk\/blog\/\",\"name\":\"Association Globalong\",\"description\":\"Frivilligt arbejde, sprogophold, praktik i udlandet og internationale oplevelser\",\"publisher\":{\"@id\":\"https:\/\/www.vita-explorers.dk\/blog\/#organization\"},\"potentialAction\":[{\"@type\":\"SearchAction\",\"target\":{\"@type\":\"EntryPoint\",\"urlTemplate\":\"https:\/\/www.vita-explorers.dk\/blog\/?s={search_term_string}\"},\"query-input\":{\"@type\":\"PropertyValueSpecification\",\"valueRequired\":true,\"valueName\":\"search_term_string\"}}],\"inLanguage\":\"da-DK\"},{\"@type\":\"Organization\",\"@id\":\"https:\/\/www.vita-explorers.dk\/blog\/#organization\",\"name\":\"Association Globalong\",\"url\":\"https:\/\/www.vita-explorers.dk\/blog\/\",\"logo\":{\"@type\":\"ImageObject\",\"inLanguage\":\"da-DK\",\"@id\":\"https:\/\/www.vita-explorers.dk\/blog\/#\/schema\/logo\/image\/\",\"url\":\"https:\/\/www.globalong.com\/blog\/wp-content\/uploads\/2014\/11\/cropped-cropped-Logo-et-Afrique-Globalong-petite-taille-2.jpg\",\"contentUrl\":\"https:\/\/www.globalong.com\/blog\/wp-content\/uploads\/2014\/11\/cropped-cropped-Logo-et-Afrique-Globalong-petite-taille-2.jpg\",\"width\":512,\"height\":512,\"caption\":\"Association Globalong\"},\"image\":{\"@id\":\"https:\/\/www.vita-explorers.dk\/blog\/#\/schema\/logo\/image\/\"},\"sameAs\":[\"https:\/\/www.facebook.com\/globalong\"]},{\"@type\":\"Person\",\"@id\":\"https:\/\/www.vita-explorers.dk\/blog\/#\/schema\/person\/fc0343a2f2db2ebb2793c1f62dbe73f0\",\"name\":\"VITA Tribe\",\"image\":{\"@type\":\"ImageObject\",\"inLanguage\":\"da-DK\",\"@id\":\"https:\/\/www.vita-explorers.dk\/blog\/#\/schema\/person\/image\/\",\"url\":\"https:\/\/secure.gravatar.com\/avatar\/f7f05026bb439d0c96b30e135e5f852c?s=96&d=mm&r=g\",\"contentUrl\":\"https:\/\/secure.gravatar.com\/avatar\/f7f05026bb439d0c96b30e135e5f852c?s=96&d=mm&r=g\",\"caption\":\"VITA Tribe\"},\"sameAs\":[\"http:\/\/www.globalong.com\"],\"url\":\"https:\/\/www.vita-explorers.dk\/blog\/author\/teamglobalong\/\"}]}<\/script>\n<!-- \/ Yoast SEO Premium plugin. -->","yoast_head_json":{"title":"Frivilligt kunstforl\u00f8b: kunstprojekter og kreativt f\u00e6llesskab","description":"Volontariat artistique : engagez vos talents dans une mission culturelle d\u2019art solidaire, enrichissante et utile, partout dans le monde.","robots":{"index":"index","follow":"follow","max-snippet":"max-snippet:-1","max-image-preview":"max-image-preview:large","max-video-preview":"max-video-preview:-1"},"canonical":"https:\/\/www.vita-explorers.dk\/blog\/kunstnerisk-frivilligt-arbejde\/","og_locale":"da_DK","og_type":"article","og_title":"Kreativt frivilligt arbejde: kulturelle og kunstneriske forl\u00f8b","og_description":"Volontariat artistique : engagez vos talents dans une mission culturelle d\u2019art solidaire, enrichissante et utile, partout dans le monde.","og_url":"https:\/\/www.vita-explorers.dk\/blog\/kunstnerisk-frivilligt-arbejde\/","og_site_name":"VITA Explorers Blog","article_publisher":"https:\/\/www.facebook.com\/globalong","article_published_time":"2025-09-09T08:32:53+00:00","article_modified_time":"2025-09-14T12:43:04+00:00","og_image":[{"width":896,"height":1024,"url":"https:\/\/www.vita-explorers.dk\/blog\/wp-content\/uploads\/2025\/09\/ART1-896x1024.png","type":"image\/png"}],"author":"VITA Tribe","twitter_card":"summary_large_image","twitter_misc":{"Skrevet af":"VITA Tribe","Estimeret l\u00e6setid":"9 minutter"},"schema":{"@context":"https:\/\/schema.org","@graph":[{"@type":"Article","@id":"https:\/\/www.vita-explorers.dk\/blog\/kunstnerisk-frivilligt-arbejde\/#article","isPartOf":{"@id":"https:\/\/www.vita-explorers.dk\/blog\/kunstnerisk-frivilligt-arbejde\/"},"author":{"name":"VITA Tribe","@id":"https:\/\/www.vita-explorers.dk\/blog\/#\/schema\/person\/fc0343a2f2db2ebb2793c1f62dbe73f0"},"headline":"Kreativt frivilligt arbejde: kulturelle og kunstneriske forl\u00f8b","datePublished":"2025-09-09T08:32:53+00:00","dateModified":"2025-09-14T12:43:04+00:00","mainEntityOfPage":{"@id":"https:\/\/www.vita-explorers.dk\/blog\/kunstnerisk-frivilligt-arbejde\/"},"wordCount":1698,"commentCount":0,"publisher":{"@id":"https:\/\/www.vita-explorers.dk\/blog\/#organization"},"image":{"@id":"https:\/\/www.vita-explorers.dk\/blog\/kunstnerisk-frivilligt-arbejde\/#primaryimage"},"thumbnailUrl":"https:\/\/www.vita-explorers.dk\/blog\/wp-content\/uploads\/2025\/09\/ART1.png","articleSection":["Kunstnerisk frivilligt arbejde"],"inLanguage":"da-DK","potentialAction":[{"@type":"CommentAction","name":"Comment","target":["https:\/\/www.vita-explorers.dk\/blog\/kunstnerisk-frivilligt-arbejde\/#respond"]}]},{"@type":"WebPage","@id":"https:\/\/www.vita-explorers.dk\/blog\/kunstnerisk-frivilligt-arbejde\/","url":"https:\/\/www.vita-explorers.dk\/blog\/kunstnerisk-frivilligt-arbejde\/","name":"Frivilligt kunstforl\u00f8b: kunstprojekter og kreativt f\u00e6llesskab","isPartOf":{"@id":"https:\/\/www.vita-explorers.dk\/blog\/#website"},"primaryImageOfPage":{"@id":"https:\/\/www.vita-explorers.dk\/blog\/kunstnerisk-frivilligt-arbejde\/#primaryimage"},"image":{"@id":"https:\/\/www.vita-explorers.dk\/blog\/kunstnerisk-frivilligt-arbejde\/#primaryimage"},"thumbnailUrl":"https:\/\/www.vita-explorers.dk\/blog\/wp-content\/uploads\/2025\/09\/ART1.png","datePublished":"2025-09-09T08:32:53+00:00","dateModified":"2025-09-14T12:43:04+00:00","description":"Volontariat artistique : engagez vos talents dans une mission culturelle d\u2019art solidaire, enrichissante et utile, partout dans le monde.","breadcrumb":{"@id":"https:\/\/www.vita-explorers.dk\/blog\/kunstnerisk-frivilligt-arbejde\/#breadcrumb"},"inLanguage":"da-DK","potentialAction":[{"@type":"ReadAction","target":["https:\/\/www.vita-explorers.dk\/blog\/kunstnerisk-frivilligt-arbejde\/"]}]},{"@type":"ImageObject","inLanguage":"da-DK","@id":"https:\/\/www.vita-explorers.dk\/blog\/kunstnerisk-frivilligt-arbejde\/#primaryimage","url":"https:\/\/www.vita-explorers.dk\/blog\/wp-content\/uploads\/2025\/09\/ART1.png","contentUrl":"https:\/\/www.vita-explorers.dk\/blog\/wp-content\/uploads\/2025\/09\/ART1.png","width":966,"height":1104},{"@type":"BreadcrumbList","@id":"https:\/\/www.vita-explorers.dk\/blog\/kunstnerisk-frivilligt-arbejde\/#breadcrumb","itemListElement":[{"@type":"ListItem","position":1,"name":"Accueil","item":"https:\/\/www.vita-explorers.dk\/blog\/"},{"@type":"ListItem","position":2,"name":"Kreativt frivilligt arbejde: kulturelle og kunstneriske forl\u00f8b"}]},{"@type":"WebSite","@id":"https:\/\/www.vita-explorers.dk\/blog\/#website","url":"https:\/\/www.vita-explorers.dk\/blog\/","name":"Association Globalong","description":"Frivilligt arbejde, sprogophold, praktik i udlandet og internationale oplevelser","publisher":{"@id":"https:\/\/www.vita-explorers.dk\/blog\/#organization"},"potentialAction":[{"@type":"SearchAction","target":{"@type":"EntryPoint","urlTemplate":"https:\/\/www.vita-explorers.dk\/blog\/?s={search_term_string}"},"query-input":{"@type":"PropertyValueSpecification","valueRequired":true,"valueName":"search_term_string"}}],"inLanguage":"da-DK"},{"@type":"Organization","@id":"https:\/\/www.vita-explorers.dk\/blog\/#organization","name":"Association Globalong","url":"https:\/\/www.vita-explorers.dk\/blog\/","logo":{"@type":"ImageObject","inLanguage":"da-DK","@id":"https:\/\/www.vita-explorers.dk\/blog\/#\/schema\/logo\/image\/","url":"https:\/\/www.globalong.com\/blog\/wp-content\/uploads\/2014\/11\/cropped-cropped-Logo-et-Afrique-Globalong-petite-taille-2.jpg","contentUrl":"https:\/\/www.globalong.com\/blog\/wp-content\/uploads\/2014\/11\/cropped-cropped-Logo-et-Afrique-Globalong-petite-taille-2.jpg","width":512,"height":512,"caption":"Association Globalong"},"image":{"@id":"https:\/\/www.vita-explorers.dk\/blog\/#\/schema\/logo\/image\/"},"sameAs":["https:\/\/www.facebook.com\/globalong"]},{"@type":"Person","@id":"https:\/\/www.vita-explorers.dk\/blog\/#\/schema\/person\/fc0343a2f2db2ebb2793c1f62dbe73f0","name":"VITA Tribe","image":{"@type":"ImageObject","inLanguage":"da-DK","@id":"https:\/\/www.vita-explorers.dk\/blog\/#\/schema\/person\/image\/","url":"https:\/\/secure.gravatar.com\/avatar\/f7f05026bb439d0c96b30e135e5f852c?s=96&d=mm&r=g","contentUrl":"https:\/\/secure.gravatar.com\/avatar\/f7f05026bb439d0c96b30e135e5f852c?s=96&d=mm&r=g","caption":"VITA Tribe"},"sameAs":["http:\/\/www.globalong.com"],"url":"https:\/\/www.vita-explorers.dk\/blog\/author\/teamglobalong\/"}]}},"_links":{"self":[{"href":"https:\/\/www.vita-explorers.dk\/blog\/wp-json\/wp\/v2\/posts\/21647"}],"collection":[{"href":"https:\/\/www.vita-explorers.dk\/blog\/wp-json\/wp\/v2\/posts"}],"about":[{"href":"https:\/\/www.vita-explorers.dk\/blog\/wp-json\/wp\/v2\/types\/post"}],"author":[{"embeddable":true,"href":"https:\/\/www.vita-explorers.dk\/blog\/wp-json\/wp\/v2\/users\/7"}],"replies":[{"embeddable":true,"href":"https:\/\/www.vita-explorers.dk\/blog\/wp-json\/wp\/v2\/comments?post=21647"}],"version-history":[{"count":9,"href":"https:\/\/www.vita-explorers.dk\/blog\/wp-json\/wp\/v2\/posts\/21647\/revisions"}],"predecessor-version":[{"id":21798,"href":"https:\/\/www.vita-explorers.dk\/blog\/wp-json\/wp\/v2\/posts\/21647\/revisions\/21798"}],"wp:featuredmedia":[{"embeddable":true,"href":"https:\/\/www.vita-explorers.dk\/blog\/wp-json\/wp\/v2\/media\/21650"}],"wp:attachment":[{"href":"https:\/\/www.vita-explorers.dk\/blog\/wp-json\/wp\/v2\/media?parent=21647"}],"wp:term":[{"taxonomy":"category","embeddable":true,"href":"https:\/\/www.vita-explorers.dk\/blog\/wp-json\/wp\/v2\/categories?post=21647"},{"taxonomy":"post_tag","embeddable":true,"href":"https:\/\/www.vita-explorers.dk\/blog\/wp-json\/wp\/v2\/tags?post=21647"}],"curies":[{"name":"wp","href":"https:\/\/api.w.org\/{rel}","templated":true}]}}