{"id":21753,"date":"2025-09-10T14:59:27","date_gmt":"2025-09-10T12:59:27","guid":{"rendered":"https:\/\/www.globalong.com\/blog\/?p=21753"},"modified":"2025-09-10T14:59:27","modified_gmt":"2025-09-10T12:59:27","slug":"internationalt-frivilligt-arbejde-i-europa-hvilke-forloeb","status":"publish","type":"post","link":"https:\/\/www.vita-explorers.dk\/blog\/internationalt-frivilligt-arbejde-i-europa-hvilke-forloeb\/","title":{"rendered":"Internationalt frivilligt arbejde i Europa: Hvilke forl\u00f8b kan du v\u00e6lge?"},"content":{"rendered":"\n<p><!-- Article --><\/p>\n<article style=\"text-align: justify;\">\n<h1 style=\"text-align: justify;\"><strong>Internationalt frivilligt arbejde i Europa: Hvilke forl\u00f8b findes der?<\/strong><\/h1>\n<p style=\"text-align: justify;\">Flere og flere har lyst til at bruge deres tid p\u00e5 noget meningsfuldt og engagere sig i et <strong>frivilligt forl\u00f8b<\/strong>. Her er <strong>internationalt frivilligt arbejde i Europa<\/strong> en oplagt mulighed: Du kan v\u00e6re med i konkrete, sociale og milj\u00f8rettede indsatser \u2013 og samtidig v\u00e6re relativt t\u00e6t p\u00e5 hjemmet. Gennem VITA er det i dag muligt at deltage i forskellige initiativer i fx Irland, Spanien, Portugal og p\u00e5 Balkan. I denne artikel f\u00e5r du et overblik over, hvilke <a href=\"https:\/\/www.vita-explorers.dk\/frivilligt-arbejde\/\" target=\"_blank\" rel=\"noopener\">forl\u00f8b der er tilg\u00e6ngelige<\/a>, hvordan du forbereder dig, og hvorfor oplevelsen kan v\u00e6re et vigtigt afs\u00e6t \u2013 b\u00e5de personligt og<a href=\"https:\/\/www.vita-explorers.dk\/blog\/sprogophold-med-fokus-paa-karriere\/\" target=\"_blank\" rel=\"noopener\"> professionelt.<\/a><\/p>\n<h2 style=\"text-align: justify;\"><strong>Internationalt frivilligt arbejde i Europa: en tilg\u00e6ngelig og l\u00e6rerig oplevelse<\/strong><\/h2>\n<p style=\"text-align: justify;\">Modsat hvad mange tror, er <strong>internationalt frivilligt arbejde<\/strong> ikke kun for dem, der rejser langt til Afrika eller Asien. Europa rummer masser af projekter, hvor der er brug for engagerede deltagere. Derfor er internationalt frivilligt arbejde i Europa en praktisk l\u00f8sning for dig, der gerne vil bidrage i et <strong>frivilligt forl\u00f8b<\/strong> uden de samme udfordringer med afstand og <a href=\"https:\/\/www.vita-explorers.dk\/blog\/de-mest-populaere-destinationer-til-studieophold-i-udlandet-i-2024-2025\/\" target=\"_blank\" rel=\"noopener\">administrative formaliteter<\/a>.<\/p>\n<p style=\"text-align: justify;\">Samtidig har europ\u00e6iske forl\u00f8b en klar fordel: Du m\u00f8der kulturer, der ligger t\u00e6t p\u00e5, men stadig er anderledes, du f\u00e5r mulighed for at \u00f8ve sprog, og du bor typisk i rammer, hvor man hurtigt f\u00f8ler sig tryg. Derfor tiltr\u00e6kker den type ophold b\u00e5de studerende, mennesker i job og pensionister.<\/p>\n<\/article>\n<p><a href=\"https:\/\/www.vita-explorers.dk\/blog\/wp-content\/uploads\/2023\/08\/humanitaire-en-grece.jpeg\"><img loading=\"lazy\" decoding=\"async\" class=\"aligncenter wp-image-15539 size-medium\" src=\"https:\/\/www.vita-explorers.dk\/blog\/wp-content\/uploads\/2023\/08\/humanitaire-en-grece-263x300.jpeg\" alt=\"Frivilligt arbejde i Europa\" width=\"263\" height=\"300\" srcset=\"https:\/\/www.vita-explorers.dk\/blog\/wp-content\/uploads\/2023\/08\/humanitaire-en-grece-263x300.jpeg 263w, https:\/\/www.vita-explorers.dk\/blog\/wp-content\/uploads\/2023\/08\/humanitaire-en-grece-896x1024.jpeg 896w, https:\/\/www.vita-explorers.dk\/blog\/wp-content\/uploads\/2023\/08\/humanitaire-en-grece-768x878.jpeg 768w, https:\/\/www.vita-explorers.dk\/blog\/wp-content\/uploads\/2023\/08\/humanitaire-en-grece.jpeg 966w\" sizes=\"(max-width: 263px) 100vw, 263px\" \/><\/a><\/p>\n<article style=\"text-align: justify;\">\n<h2 style=\"text-align: justify;\"><strong>Forl\u00f8b med internationalt frivilligt arbejde i Europa hos VITA<\/strong><\/h2>\n<p style=\"text-align: justify;\">VITA arbejder i dialog med lokale teams for at tilbyde <strong>frivillige forl\u00f8b<\/strong>, der matcher behovene p\u00e5 stedet. Forl\u00f8bene varer som regel mindst to uger, s\u00e5 deltagerne kan engagere sig ordentligt og bidrage p\u00e5 en m\u00e5de, der giver mening.<\/p>\n<h3 style=\"text-align: justify;\"><strong>Landbrugsforl\u00f8b i Irland<\/strong><\/h3>\n<p style=\"text-align: justify;\"><a href=\"https:\/\/www.vita-explorers.dk\/frivilligt-arbejde\/vita-institute-frivilligt-arbejde-internationale-forloeb-praktik-irland.html\" target=\"_blank\" rel=\"noopener\">Irland<\/a> er et af de mest popul\u00e6re lande til <strong>internationalt frivilligt arbejde i Europa<\/strong>. Her kan deltagere indg\u00e5 i landbrugs- og milj\u00f8relaterede forl\u00f8b. Det kan fx omfatte:<\/p>\n<ul style=\"text-align: justify;\">\n<li>Arbejdsopgaver p\u00e5 g\u00e5rd (pasning af dyr, havearbejde, h\u00f8st).<\/li>\n<li>Deltagelse i projekter med permakultur og b\u00e6redygtigt landbrug.<\/li>\n<li>St\u00f8tte til lokale initiativer, der arbejder med natur- og milj\u00f8beskyttelse.<\/li>\n<\/ul>\n<p style=\"text-align: justify;\">Denne type frivilligt forl\u00f8b passer godt til dig, der trives t\u00e6t p\u00e5 naturen og gerne vil forst\u00e5, hvordan b\u00e6redygtigt landbrug ser ud i en europ\u00e6isk kontekst.<\/p>\n<h3 style=\"text-align: justify;\"><strong>Sociale og p\u00e6dagogiske forl\u00f8b i Spanien<\/strong><\/h3>\n<p style=\"text-align: justify;\"><a href=\"https:\/\/www.vita-explorers.dk\/frivilligt-arbejde\/humanit\u00e6rt-ophold-frivilligt-arbejde-spanien.html\" target=\"_blank\" rel=\"noopener\">Spanien<\/a> tager ogs\u00e5 imod internationale deltagere. Her handler <strong>frivillige forl\u00f8b<\/strong> is\u00e6r om st\u00f8tte til l\u00e6ring og sociale indsatser. For eksempel:<\/p>\n<ul style=\"text-align: justify;\">\n<li>Lektiehj\u00e6lp og fritidsaktiviteter for b\u00f8rn i udsatte situationer.<\/li>\n<li>St\u00f8tte i tilbud for unge eller familier, der har det sv\u00e6rt.<\/li>\n<li>Deltagelse i kulturprojekter, der bevarer og formidler lokale traditioner.<\/li>\n<\/ul>\n<p style=\"text-align: justify;\">Med <strong>internationalt frivilligt arbejde i Europa<\/strong> i Spanien f\u00e5r deltagerne indblik i landets kultur \u2013 samtidig med at de bidrager til en konkret indsats.<\/p>\n<h3 style=\"text-align: justify;\"><strong>Solidariske projekter i Portugal<\/strong><\/h3>\n<p style=\"text-align: justify;\">I <a href=\"https:\/\/www.vita-explorers.dk\/frivilligt-arbejde\/frivilligt-arbejde-portugal-studiepraktik-europa.html\" target=\"_blank\" rel=\"noopener\">Portugal<\/a> kan forl\u00f8b med internationalt frivilligt arbejde blandt andet handle om:<\/p>\n<ul style=\"text-align: justify;\">\n<li>St\u00f8tte til \u00e6ldre, der lever alene.<\/li>\n<li>Deltagelse i f\u00e6llesskabsprojekter, som styrker det lokale sammenhold.<\/li>\n<li>\u00d8kofrivilligt arbejde ved kysten med fokus p\u00e5 strande og marin biodiversitet.<\/li>\n<\/ul>\n<p style=\"text-align: justify;\">Forl\u00f8bene er popul\u00e6re, fordi de kombinerer socialt engagement med hensyn til natur og milj\u00f8.<\/p>\n<h3 style=\"text-align: justify;\"><strong>Internationalt frivilligt arbejde p\u00e5 Balkan<\/strong><\/h3>\n<p style=\"text-align: justify;\">Balkanlandene, fx Kroatien eller Albanien, rummer ogs\u00e5 sp\u00e6ndende muligheder. Her handler <strong>frivillige forl\u00f8b<\/strong> is\u00e6r om:<\/p>\n<ul style=\"text-align: justify;\">\n<li>St\u00f8tte til lokale organisationer i uddannelsesrelaterede projekter.<\/li>\n<li>Genopretning og vedligehold af natur- eller kulturhistoriske omr\u00e5der.<\/li>\n<li>Aktiviteter, der \u00f8ger unges viden om milj\u00f8 og medborgerskab.<\/li>\n<\/ul>\n<p style=\"text-align: justify;\">De mindre kendte projekter giver adgang til kulturer, som mange ikke har m\u00f8dt f\u00f8r \u2013 og ofte en mere rolig og n\u00e6rv\u00e6rende form for kulturudveksling.<\/p>\n<\/article>\n<p><a href=\"https:\/\/www.vita-explorers.dk\/blog\/wp-content\/uploads\/2023\/08\/eco-volontariat-grece.jpg\"><img loading=\"lazy\" decoding=\"async\" class=\"aligncenter wp-image-15576 size-medium\" src=\"https:\/\/www.vita-explorers.dk\/blog\/wp-content\/uploads\/2023\/08\/eco-volontariat-grece-225x300.jpg\" alt=\"\" width=\"225\" height=\"300\" srcset=\"https:\/\/www.vita-explorers.dk\/blog\/wp-content\/uploads\/2023\/08\/eco-volontariat-grece-225x300.jpg 225w, https:\/\/www.vita-explorers.dk\/blog\/wp-content\/uploads\/2023\/08\/eco-volontariat-grece-768x1024.jpg 768w, https:\/\/www.vita-explorers.dk\/blog\/wp-content\/uploads\/2023\/08\/eco-volontariat-grece-1152x1536.jpg 1152w, https:\/\/www.vita-explorers.dk\/blog\/wp-content\/uploads\/2023\/08\/eco-volontariat-grece.jpg 1500w\" sizes=\"(max-width: 225px) 100vw, 225px\" \/><\/a><\/p>\n<p style=\"text-align: justify;\">\n<blockquote>\n<p style=\"text-align: justify;\">\u00ab Mit <strong>internationalt frivillige ophold i Europa<\/strong> foregik i Barcelona, hvor jeg var tilknyttet et socialt center for b\u00f8rn fra udsatte familier. Hver dag lavede vi legende aktiviteter, lektiehj\u00e6lp og sportsworkshops. Jeg oplevede, hvor stor forskel en stabil tilstedev\u00e6relse kan g\u00f8re for de her unge. Ud over det frivillige arbejde blev mit spansk bedre, og jeg l\u00e6rte den catalanske kultur at kende. Det <strong>frivillige forl\u00f8b<\/strong> vil jeg tage med mig resten af livet. \u00bb <em>Anthony, deltager i Spanien<\/em><\/p>\n<\/blockquote>\n<p style=\"text-align: justify;\">\n<article style=\"text-align: justify;\">\n<h2><strong>Fordelene ved internationalt frivilligt arbejde i Europa<\/strong><\/h2>\n<p>Ud over den st\u00f8tte, du bidrager med, giver <strong>internationalt frivilligt arbejde i Europa<\/strong> en r\u00e6kke fordele for deltagerne. Nogle af de mest markante er:<\/p>\n<ol>\n<li><strong>Opbygge kompetencer<\/strong> : p\u00e6dagogik, planl\u00e6gning, samarbejde, fremmedsprog.<\/li>\n<li><strong>Styrke kulturel forst\u00e5else<\/strong> : at v\u00e6re en del af en <a href=\"https:\/\/www.vita-explorers.dk\/blog\/interkulturel-traening-for-studerende\/\" target=\"_blank\" rel=\"noopener\">ny kultur<\/a>, l\u00e6re lokale traditioner at kende.<\/li>\n<li><a href=\"https:\/\/www.vita-explorers.dk\/blog\/saadan-fremhaever-du-et-internationalt-forloeb-paa-dit-cv\/\" target=\"_blank\" rel=\"noopener\"><strong>Styrke dit CV<\/strong><\/a> : arbejdsgivere l\u00e6gger i stigende grad v\u00e6gt p\u00e5 erfaring med <strong>frivilligt arbejde<\/strong> i udlandet.<\/li>\n<li><strong>Skabe relationer, der holder<\/strong> : mange <a href=\"https:\/\/www.vita-explorers.dk\/blog\/venskab-solidaritet-fred-mellem-folk-udvikling-frivilligt-arbejde-internationalt-forloeb-vita\/\" target=\"_blank\" rel=\"noopener\">internationale venskaber<\/a> opst\u00e5r i den type oplevelser.<\/li>\n<\/ol>\n<p>Kort sagt kan det blive et vigtigt afs\u00e6t \u2013 b\u00e5de personligt og professionelt.<\/p>\n<h2><strong>Hvordan forbereder du dig godt til internationalt frivilligt arbejde i Europa?<\/strong><\/h2>\n<p>En <a href=\"https:\/\/www.vita-explorers.dk\/blog\/checkliste-uundvaerlig-til-et-internationalt-forloeb\/\" target=\"_blank\" rel=\"noopener\">grundig forberedelse<\/a> er afg\u00f8rende, hvis du vil have mest muligt ud af dit ophold. Her er de vigtigste skridt:<\/p>\n<ul>\n<li><strong>V\u00e6lg det rette frivillige forl\u00f8b<\/strong> ud fra dine kompetencer, dine interesser og den tid, du har til r\u00e5dighed.<\/li>\n<li><strong>S\u00e6t dig ind i v\u00e6rtsstedet<\/strong> (VITA, lokal NGO eller partnerorganisation).<\/li>\n<li><strong>Lav et budget<\/strong> : overnatning, mad og transport. Nogle forl\u00f8b inkluderer udgifterne, andre g\u00f8r ikke.<\/li>\n<li><strong>Tjek forsikringer<\/strong> og sundhedsd\u00e6kning.<\/li>\n<li><strong>Forbered dig sprogligt og kulturelt<\/strong> for at g\u00f8re det lettere at falde til p\u00e5 stedet.<\/li>\n<\/ul>\n<p>Jo bedre du er forberedt, jo mere f\u00e5r du typisk ud af dit ophold.<\/p>\n<blockquote><p><em>\u00ab <\/em>Da jeg besluttede mig for at engagere mig i <strong>internationalt frivilligt arbejde i Europa<\/strong>, vidste jeg ikke helt, hvad jeg kunne forvente. Jeg valgte et <strong>frivilligt forl\u00f8b<\/strong> i Irland p\u00e5 en \u00f8kologisk g\u00e5rd. I tre uger deltog jeg i h\u00f8sten, fodrede dyrene og l\u00e6rte enormt meget om b\u00e6redygtigt landbrug. Jeg blev taget varmt imod af en familie, og hver dag gav mig nye f\u00e6rdigheder. Oplevelsen har \u00e6ndret mig: Jeg f\u00f8ler mig mere sikker p\u00e5 mig selv, og jeg har f\u00e5et lyst til at engagere mig mere i milj\u00f8beskyttelse. \u00bb <em>Claire, deltager i Irland<\/em><\/p><\/blockquote>\n<\/article>\n<p><a href=\"https:\/\/www.vita-explorers.dk\/blog\/wp-content\/uploads\/2018\/06\/B\u00e9n\u00e9voles-et-animaux-Hongrie-GlobAlong-min-1.jpg\"><img loading=\"lazy\" decoding=\"async\" class=\"aligncenter wp-image-10434 size-medium\" src=\"https:\/\/www.vita-explorers.dk\/blog\/wp-content\/uploads\/2018\/06\/B\u00e9n\u00e9voles-et-animaux-Hongrie-GlobAlong-min-1-300x193.jpg\" alt=\"Frivilligt arbejde i Europa\" width=\"300\" height=\"193\" srcset=\"https:\/\/www.vita-explorers.dk\/blog\/wp-content\/uploads\/2018\/06\/B\u00e9n\u00e9voles-et-animaux-Hongrie-GlobAlong-min-1-300x193.jpg 300w, https:\/\/www.vita-explorers.dk\/blog\/wp-content\/uploads\/2018\/06\/B\u00e9n\u00e9voles-et-animaux-Hongrie-GlobAlong-min-1-768x493.jpg 768w, https:\/\/www.vita-explorers.dk\/blog\/wp-content\/uploads\/2018\/06\/B\u00e9n\u00e9voles-et-animaux-Hongrie-GlobAlong-min-1-1024x657.jpg 1024w, https:\/\/www.vita-explorers.dk\/blog\/wp-content\/uploads\/2018\/06\/B\u00e9n\u00e9voles-et-animaux-Hongrie-GlobAlong-min-1-150x96.jpg 150w, https:\/\/www.vita-explorers.dk\/blog\/wp-content\/uploads\/2018\/06\/B\u00e9n\u00e9voles-et-animaux-Hongrie-GlobAlong-min-1.jpg 1991w\" sizes=\"(max-width: 300px) 100vw, 300px\" \/><\/a><\/p>\n<p style=\"text-align: justify;\">\n<article style=\"text-align: justify;\">\n<h2 style=\"text-align: justify;\"><strong>FAQ om internationalt frivilligt arbejde i Europa<\/strong><\/h2>\n<h3 style=\"text-align: justify;\"><strong>Hvilke destinationer er mest popul\u00e6re?<\/strong><\/h3>\n<p style=\"text-align: justify;\">Blandt de mest efterspurgte lande til <strong>internationalt frivilligt arbejde i Europa<\/strong> er Irland, Spanien og Portugal \u2013 samt flere destinationer p\u00e5 Balkan.<\/p>\n<h3 style=\"text-align: justify;\"><strong>Hvor l\u00e6nge varer et frivilligt forl\u00f8b i Europa?<\/strong><\/h3>\n<p style=\"text-align: justify;\">De fleste forl\u00f8b varer fra to uger til flere m\u00e5neder, afh\u00e6ngigt af behovene p\u00e5 stedet og deltagernes mulighed for at v\u00e6re afsted.<\/p>\n<h3 style=\"text-align: justify;\"><strong>Skal man have s\u00e6rlige kompetencer?<\/strong><\/h3>\n<p style=\"text-align: justify;\">Nej, de fleste <strong>frivillige forl\u00f8b<\/strong> er \u00e5bne for alle. Nogle mere specialiserede indsatser (milj\u00f8, sundhed, p\u00e6dagogik) kan dog kr\u00e6ve specifikke kompetencer.<\/p>\n<h3 style=\"text-align: justify;\"><strong>Er internationalt frivilligt arbejde i Europa betalt?<\/strong><\/h3>\n<p style=\"text-align: justify;\">Det er ikke l\u00f8nnet arbejde, men nogle v\u00e6rtssteder d\u00e6kker overnatning og m\u00e5ltider. Der kan stadig v\u00e6re udgifter til administration eller rejsen.<\/p>\n<h3 style=\"text-align: justify;\"><strong>Hvilken betydning har det for de lokale f\u00e6llesskaber?<\/strong><\/h3>\n<p style=\"text-align: justify;\"><strong>Internationalt frivilligt arbejde i Europa<\/strong> kan give en direkte effekt: st\u00f8tte til l\u00e6ring, socialt f\u00e6llesskab, milj\u00f8beskyttelse og kulturelle aktiviteter. Lokalsamfund f\u00e5r et konkret bidrag, som kan v\u00e6re med til at styrke eksisterende initiativer over tid.<\/p>\n<h2 style=\"text-align: justify;\"><strong>Konklusion: Kom i gang med internationalt frivilligt arbejde i Europa<\/strong><\/h2>\n<p style=\"text-align: justify;\">Kort fortalt er <strong>internationalt frivilligt arbejde i Europa<\/strong> en st\u00e6rk mulighed for at f\u00e5 en menneskelig, l\u00e6rerig og praktisk erfaring. De landbrugs-, sociale, p\u00e6dagogiske og milj\u00f8rettede forl\u00f8b hos VITA og deres partnere g\u00f8r det muligt at engagere sig seri\u00f8st \u2013 samtidig med at du oplever nabolandenes kulturer.<\/p>\n<p style=\"text-align: justify;\">N\u00e5r du deltager i et <strong>frivilligt forl\u00f8b<\/strong>, bidrager du lokalt og f\u00e5r samtidig nye kompetencer og perspektiver. Derfor kan internationalt frivilligt arbejde i Europa passe til dig, uanset om du er studerende, i job eller pensionist. Med god forberedelse og et gennemt\u00e6nkt valg kan opholdet blive en oplevelse, du tager med dig l\u00e6nge.<\/p>\n<p style=\"text-align: justify;\"><strong>Hvorfor vente? Tilmeld dig et forl\u00f8b med internationalt frivilligt arbejde i Europa allerede i dag, og v\u00e6r med til at styrke f\u00e6llesskaber p\u00e5 tv\u00e6rs af gr\u00e6nser.<\/strong><\/p>\n<\/article>\n<p style=\"text-align: center;\"><strong>Klar til at tage n\u00e6ste skridt?<\/strong> Modtag forslag til forl\u00f8b, der matcher dine kompetencer og dine m\u00e5l.<\/p>\n<p style=\"text-align: center;\"><a href=\"https:\/\/www.vita-explorers.dk\/#tel-contact-form-glob\" target=\"_blank\" rel=\"noopener\">Jeg vil gerne s\u00e6ttes i kontakt<\/a><\/p>\n<p class=\"muted\" style=\"text-align: center;\">\u00a9 VITA Institute \u2014 Ressourcer til ansvarlige internationale forl\u00f8b.<\/p>\n<p class=\"p4\" style=\"text-align: center;\"><b>Har du sp\u00f8rgsm\u00e5l, er du velkommen til at kontakte os p\u00e5 <\/b><a href=\"mailto:info@globalong.com\"><span class=\"s2\"><b>info@globalong.com<\/b><\/span><\/a><\/p>\n<p class=\"p4\" style=\"text-align: center;\"><b>Vil du f\u00f8lge VITA og vores community, kan du finde os p\u00e5 <\/b><a href=\"https:\/\/www.instagram.com\/globalongofficiel\/\" target=\"_blank\" rel=\"noopener\"><span class=\"s2\"><b>Instagram<\/b><\/span><\/a><b>, <\/b><a href=\"https:\/\/www.facebook.com\/globalong\" target=\"_blank\" rel=\"noopener\"><span class=\"s2\"><b>Facebook<\/b><\/span><\/a><b>, <\/b><a href=\"https:\/\/www.linkedin.com\/company\/5113177\/admin\/feed\/posts\/\" target=\"_blank\" rel=\"noopener\"><span class=\"s2\"><b>LinkedIn<\/b><\/span><\/a><b> og <\/b><a href=\"https:\/\/www.youtube.com\/c\/globalong\/videos\" target=\"_blank\" rel=\"noopener\"><span class=\"s2\"><b>YouTube<\/b><\/span><\/a><b>! <\/b><\/p>\n","protected":false},"excerpt":{"rendered":"<p>Internationalt frivilligt arbejde i Europa: Hvilke forl\u00f8b findes der? Flere og flere har lyst til at bruge deres tid p\u00e5 noget meningsfuldt og engagere\u2026<\/p>\n","protected":false},"author":7,"featured_media":15577,"comment_status":"open","ping_status":"open","sticky":false,"template":"","format":"standard","meta":{"footnotes":""},"categories":[8],"tags":[],"yoast_head":"<!-- This site is optimized with the Yoast SEO Premium plugin v23.4 (Yoast SEO v23.4) - https:\/\/yoast.com\/wordpress\/plugins\/seo\/ -->\n<title>Internationalt frivilligt arbejde i Europa: Hvilke forl\u00f8b kan du v\u00e6lge? - VITA Explorers Blog<\/title>\n<meta name=\"description\" content=\"Volontariat international en Europe : partez en mission b\u00e9n\u00e9vole et partagez une aventure humaine, culturelle et solidaire inoubliable.\" \/>\n<meta name=\"robots\" content=\"index, follow, max-snippet:-1, max-image-preview:large, max-video-preview:-1\" \/>\n<link rel=\"canonical\" href=\"https:\/\/www.vita-explorers.dk\/blog\/internationalt-frivilligt-arbejde-i-europa-hvilke-forloeb\/\" \/>\n<meta property=\"og:locale\" content=\"da_DK\" \/>\n<meta property=\"og:type\" content=\"article\" \/>\n<meta property=\"og:title\" content=\"Internationalt frivilligt arbejde i Europa: Hvilke forl\u00f8b kan du v\u00e6lge?\" \/>\n<meta property=\"og:description\" content=\"Volontariat international en Europe : partez en mission b\u00e9n\u00e9vole et partagez une aventure humaine, culturelle et solidaire inoubliable.\" \/>\n<meta property=\"og:url\" content=\"https:\/\/www.vita-explorers.dk\/blog\/internationalt-frivilligt-arbejde-i-europa-hvilke-forloeb\/\" \/>\n<meta property=\"og:site_name\" content=\"VITA Explorers Blog\" \/>\n<meta property=\"article:publisher\" content=\"https:\/\/www.facebook.com\/globalong\" \/>\n<meta property=\"article:published_time\" content=\"2025-09-10T12:59:27+00:00\" \/>\n<meta property=\"og:image\" content=\"https:\/\/www.vita-explorers.dk\/blog\/wp-content\/uploads\/2023\/08\/stage-etudiant-en-grece.jpg\" \/>\n\t<meta property=\"og:image:width\" content=\"1024\" \/>\n\t<meta property=\"og:image:height\" content=\"768\" \/>\n\t<meta property=\"og:image:type\" content=\"image\/jpeg\" \/>\n<meta name=\"author\" content=\"VITA Tribe\" \/>\n<meta name=\"twitter:card\" content=\"summary_large_image\" \/>\n<meta name=\"twitter:label1\" content=\"Skrevet af\" \/>\n\t<meta name=\"twitter:data1\" content=\"VITA Tribe\" \/>\n\t<meta name=\"twitter:label2\" content=\"Estimeret l\u00e6setid\" \/>\n\t<meta name=\"twitter:data2\" content=\"7 minutter\" \/>\n<script type=\"application\/ld+json\" class=\"yoast-schema-graph\">{\"@context\":\"https:\/\/schema.org\",\"@graph\":[{\"@type\":\"Article\",\"@id\":\"https:\/\/www.vita-explorers.dk\/blog\/internationalt-frivilligt-arbejde-i-europa-hvilke-forloeb\/#article\",\"isPartOf\":{\"@id\":\"https:\/\/www.vita-explorers.dk\/blog\/internationalt-frivilligt-arbejde-i-europa-hvilke-forloeb\/\"},\"author\":{\"name\":\"VITA Tribe\",\"@id\":\"https:\/\/www.vita-explorers.dk\/blog\/#\/schema\/person\/fc0343a2f2db2ebb2793c1f62dbe73f0\"},\"headline\":\"Internationalt frivilligt arbejde i Europa: Hvilke forl\u00f8b kan du v\u00e6lge?\",\"datePublished\":\"2025-09-10T12:59:27+00:00\",\"dateModified\":\"2025-09-10T12:59:27+00:00\",\"mainEntityOfPage\":{\"@id\":\"https:\/\/www.vita-explorers.dk\/blog\/internationalt-frivilligt-arbejde-i-europa-hvilke-forloeb\/\"},\"wordCount\":1440,\"commentCount\":0,\"publisher\":{\"@id\":\"https:\/\/www.vita-explorers.dk\/blog\/#organization\"},\"image\":{\"@id\":\"https:\/\/www.vita-explorers.dk\/blog\/internationalt-frivilligt-arbejde-i-europa-hvilke-forloeb\/#primaryimage\"},\"thumbnailUrl\":\"https:\/\/www.vita-explorers.dk\/blog\/wp-content\/uploads\/2023\/08\/stage-etudiant-en-grece.jpg\",\"articleSection\":[\"Humanit\u00e6rt frivilligt arbejde\"],\"inLanguage\":\"da-DK\",\"potentialAction\":[{\"@type\":\"CommentAction\",\"name\":\"Comment\",\"target\":[\"https:\/\/www.vita-explorers.dk\/blog\/internationalt-frivilligt-arbejde-i-europa-hvilke-forloeb\/#respond\"]}]},{\"@type\":\"WebPage\",\"@id\":\"https:\/\/www.vita-explorers.dk\/blog\/internationalt-frivilligt-arbejde-i-europa-hvilke-forloeb\/\",\"url\":\"https:\/\/www.vita-explorers.dk\/blog\/internationalt-frivilligt-arbejde-i-europa-hvilke-forloeb\/\",\"name\":\"Internationalt frivilligt arbejde i Europa: Hvilke forl\u00f8b kan du v\u00e6lge? - VITA Explorers Blog\",\"isPartOf\":{\"@id\":\"https:\/\/www.vita-explorers.dk\/blog\/#website\"},\"primaryImageOfPage\":{\"@id\":\"https:\/\/www.vita-explorers.dk\/blog\/internationalt-frivilligt-arbejde-i-europa-hvilke-forloeb\/#primaryimage\"},\"image\":{\"@id\":\"https:\/\/www.vita-explorers.dk\/blog\/internationalt-frivilligt-arbejde-i-europa-hvilke-forloeb\/#primaryimage\"},\"thumbnailUrl\":\"https:\/\/www.vita-explorers.dk\/blog\/wp-content\/uploads\/2023\/08\/stage-etudiant-en-grece.jpg\",\"datePublished\":\"2025-09-10T12:59:27+00:00\",\"dateModified\":\"2025-09-10T12:59:27+00:00\",\"description\":\"Volontariat international en Europe : partez en mission b\u00e9n\u00e9vole et partagez une aventure humaine, culturelle et solidaire inoubliable.\",\"breadcrumb\":{\"@id\":\"https:\/\/www.vita-explorers.dk\/blog\/internationalt-frivilligt-arbejde-i-europa-hvilke-forloeb\/#breadcrumb\"},\"inLanguage\":\"da-DK\",\"potentialAction\":[{\"@type\":\"ReadAction\",\"target\":[\"https:\/\/www.vita-explorers.dk\/blog\/internationalt-frivilligt-arbejde-i-europa-hvilke-forloeb\/\"]}]},{\"@type\":\"ImageObject\",\"inLanguage\":\"da-DK\",\"@id\":\"https:\/\/www.vita-explorers.dk\/blog\/internationalt-frivilligt-arbejde-i-europa-hvilke-forloeb\/#primaryimage\",\"url\":\"https:\/\/www.vita-explorers.dk\/blog\/wp-content\/uploads\/2023\/08\/stage-etudiant-en-grece.jpg\",\"contentUrl\":\"https:\/\/www.vita-explorers.dk\/blog\/wp-content\/uploads\/2023\/08\/stage-etudiant-en-grece.jpg\",\"width\":1024,\"height\":768,\"caption\":\"Mission humanitaire Europe\"},{\"@type\":\"BreadcrumbList\",\"@id\":\"https:\/\/www.vita-explorers.dk\/blog\/internationalt-frivilligt-arbejde-i-europa-hvilke-forloeb\/#breadcrumb\",\"itemListElement\":[{\"@type\":\"ListItem\",\"position\":1,\"name\":\"Accueil\",\"item\":\"https:\/\/www.vita-explorers.dk\/blog\/\"},{\"@type\":\"ListItem\",\"position\":2,\"name\":\"Internationalt frivilligt arbejde i Europa: Hvilke forl\u00f8b kan du v\u00e6lge?\"}]},{\"@type\":\"WebSite\",\"@id\":\"https:\/\/www.vita-explorers.dk\/blog\/#website\",\"url\":\"https:\/\/www.vita-explorers.dk\/blog\/\",\"name\":\"Association Globalong\",\"description\":\"Frivilligt arbejde, sprogophold, praktik i udlandet og internationale oplevelser\",\"publisher\":{\"@id\":\"https:\/\/www.vita-explorers.dk\/blog\/#organization\"},\"potentialAction\":[{\"@type\":\"SearchAction\",\"target\":{\"@type\":\"EntryPoint\",\"urlTemplate\":\"https:\/\/www.vita-explorers.dk\/blog\/?s={search_term_string}\"},\"query-input\":{\"@type\":\"PropertyValueSpecification\",\"valueRequired\":true,\"valueName\":\"search_term_string\"}}],\"inLanguage\":\"da-DK\"},{\"@type\":\"Organization\",\"@id\":\"https:\/\/www.vita-explorers.dk\/blog\/#organization\",\"name\":\"Association Globalong\",\"url\":\"https:\/\/www.vita-explorers.dk\/blog\/\",\"logo\":{\"@type\":\"ImageObject\",\"inLanguage\":\"da-DK\",\"@id\":\"https:\/\/www.vita-explorers.dk\/blog\/#\/schema\/logo\/image\/\",\"url\":\"https:\/\/www.globalong.com\/blog\/wp-content\/uploads\/2014\/11\/cropped-cropped-Logo-et-Afrique-Globalong-petite-taille-2.jpg\",\"contentUrl\":\"https:\/\/www.globalong.com\/blog\/wp-content\/uploads\/2014\/11\/cropped-cropped-Logo-et-Afrique-Globalong-petite-taille-2.jpg\",\"width\":512,\"height\":512,\"caption\":\"Association Globalong\"},\"image\":{\"@id\":\"https:\/\/www.vita-explorers.dk\/blog\/#\/schema\/logo\/image\/\"},\"sameAs\":[\"https:\/\/www.facebook.com\/globalong\"]},{\"@type\":\"Person\",\"@id\":\"https:\/\/www.vita-explorers.dk\/blog\/#\/schema\/person\/fc0343a2f2db2ebb2793c1f62dbe73f0\",\"name\":\"VITA Tribe\",\"image\":{\"@type\":\"ImageObject\",\"inLanguage\":\"da-DK\",\"@id\":\"https:\/\/www.vita-explorers.dk\/blog\/#\/schema\/person\/image\/\",\"url\":\"https:\/\/secure.gravatar.com\/avatar\/f7f05026bb439d0c96b30e135e5f852c?s=96&d=mm&r=g\",\"contentUrl\":\"https:\/\/secure.gravatar.com\/avatar\/f7f05026bb439d0c96b30e135e5f852c?s=96&d=mm&r=g\",\"caption\":\"VITA Tribe\"},\"sameAs\":[\"http:\/\/www.globalong.com\"],\"url\":\"https:\/\/www.vita-explorers.dk\/blog\/author\/teamglobalong\/\"}]}<\/script>\n<!-- \/ Yoast SEO Premium plugin. -->","yoast_head_json":{"title":"Internationalt frivilligt arbejde i Europa: Hvilke forl\u00f8b kan du v\u00e6lge? - VITA Explorers Blog","description":"Volontariat international en Europe : partez en mission b\u00e9n\u00e9vole et partagez une aventure humaine, culturelle et solidaire inoubliable.","robots":{"index":"index","follow":"follow","max-snippet":"max-snippet:-1","max-image-preview":"max-image-preview:large","max-video-preview":"max-video-preview:-1"},"canonical":"https:\/\/www.vita-explorers.dk\/blog\/internationalt-frivilligt-arbejde-i-europa-hvilke-forloeb\/","og_locale":"da_DK","og_type":"article","og_title":"Internationalt frivilligt arbejde i Europa: Hvilke forl\u00f8b kan du v\u00e6lge?","og_description":"Volontariat international en Europe : partez en mission b\u00e9n\u00e9vole et partagez une aventure humaine, culturelle et solidaire inoubliable.","og_url":"https:\/\/www.vita-explorers.dk\/blog\/internationalt-frivilligt-arbejde-i-europa-hvilke-forloeb\/","og_site_name":"VITA Explorers Blog","article_publisher":"https:\/\/www.facebook.com\/globalong","article_published_time":"2025-09-10T12:59:27+00:00","og_image":[{"width":1024,"height":768,"url":"https:\/\/www.vita-explorers.dk\/blog\/wp-content\/uploads\/2023\/08\/stage-etudiant-en-grece.jpg","type":"image\/jpeg"}],"author":"VITA Tribe","twitter_card":"summary_large_image","twitter_misc":{"Skrevet af":"VITA Tribe","Estimeret l\u00e6setid":"7 minutter"},"schema":{"@context":"https:\/\/schema.org","@graph":[{"@type":"Article","@id":"https:\/\/www.vita-explorers.dk\/blog\/internationalt-frivilligt-arbejde-i-europa-hvilke-forloeb\/#article","isPartOf":{"@id":"https:\/\/www.vita-explorers.dk\/blog\/internationalt-frivilligt-arbejde-i-europa-hvilke-forloeb\/"},"author":{"name":"VITA Tribe","@id":"https:\/\/www.vita-explorers.dk\/blog\/#\/schema\/person\/fc0343a2f2db2ebb2793c1f62dbe73f0"},"headline":"Internationalt frivilligt arbejde i Europa: Hvilke forl\u00f8b kan du v\u00e6lge?","datePublished":"2025-09-10T12:59:27+00:00","dateModified":"2025-09-10T12:59:27+00:00","mainEntityOfPage":{"@id":"https:\/\/www.vita-explorers.dk\/blog\/internationalt-frivilligt-arbejde-i-europa-hvilke-forloeb\/"},"wordCount":1440,"commentCount":0,"publisher":{"@id":"https:\/\/www.vita-explorers.dk\/blog\/#organization"},"image":{"@id":"https:\/\/www.vita-explorers.dk\/blog\/internationalt-frivilligt-arbejde-i-europa-hvilke-forloeb\/#primaryimage"},"thumbnailUrl":"https:\/\/www.vita-explorers.dk\/blog\/wp-content\/uploads\/2023\/08\/stage-etudiant-en-grece.jpg","articleSection":["Humanit\u00e6rt frivilligt arbejde"],"inLanguage":"da-DK","potentialAction":[{"@type":"CommentAction","name":"Comment","target":["https:\/\/www.vita-explorers.dk\/blog\/internationalt-frivilligt-arbejde-i-europa-hvilke-forloeb\/#respond"]}]},{"@type":"WebPage","@id":"https:\/\/www.vita-explorers.dk\/blog\/internationalt-frivilligt-arbejde-i-europa-hvilke-forloeb\/","url":"https:\/\/www.vita-explorers.dk\/blog\/internationalt-frivilligt-arbejde-i-europa-hvilke-forloeb\/","name":"Internationalt frivilligt arbejde i Europa: Hvilke forl\u00f8b kan du v\u00e6lge? - VITA Explorers Blog","isPartOf":{"@id":"https:\/\/www.vita-explorers.dk\/blog\/#website"},"primaryImageOfPage":{"@id":"https:\/\/www.vita-explorers.dk\/blog\/internationalt-frivilligt-arbejde-i-europa-hvilke-forloeb\/#primaryimage"},"image":{"@id":"https:\/\/www.vita-explorers.dk\/blog\/internationalt-frivilligt-arbejde-i-europa-hvilke-forloeb\/#primaryimage"},"thumbnailUrl":"https:\/\/www.vita-explorers.dk\/blog\/wp-content\/uploads\/2023\/08\/stage-etudiant-en-grece.jpg","datePublished":"2025-09-10T12:59:27+00:00","dateModified":"2025-09-10T12:59:27+00:00","description":"Volontariat international en Europe : partez en mission b\u00e9n\u00e9vole et partagez une aventure humaine, culturelle et solidaire inoubliable.","breadcrumb":{"@id":"https:\/\/www.vita-explorers.dk\/blog\/internationalt-frivilligt-arbejde-i-europa-hvilke-forloeb\/#breadcrumb"},"inLanguage":"da-DK","potentialAction":[{"@type":"ReadAction","target":["https:\/\/www.vita-explorers.dk\/blog\/internationalt-frivilligt-arbejde-i-europa-hvilke-forloeb\/"]}]},{"@type":"ImageObject","inLanguage":"da-DK","@id":"https:\/\/www.vita-explorers.dk\/blog\/internationalt-frivilligt-arbejde-i-europa-hvilke-forloeb\/#primaryimage","url":"https:\/\/www.vita-explorers.dk\/blog\/wp-content\/uploads\/2023\/08\/stage-etudiant-en-grece.jpg","contentUrl":"https:\/\/www.vita-explorers.dk\/blog\/wp-content\/uploads\/2023\/08\/stage-etudiant-en-grece.jpg","width":1024,"height":768,"caption":"Mission humanitaire Europe"},{"@type":"BreadcrumbList","@id":"https:\/\/www.vita-explorers.dk\/blog\/internationalt-frivilligt-arbejde-i-europa-hvilke-forloeb\/#breadcrumb","itemListElement":[{"@type":"ListItem","position":1,"name":"Accueil","item":"https:\/\/www.vita-explorers.dk\/blog\/"},{"@type":"ListItem","position":2,"name":"Internationalt frivilligt arbejde i Europa: Hvilke forl\u00f8b kan du v\u00e6lge?"}]},{"@type":"WebSite","@id":"https:\/\/www.vita-explorers.dk\/blog\/#website","url":"https:\/\/www.vita-explorers.dk\/blog\/","name":"Association Globalong","description":"Frivilligt arbejde, sprogophold, praktik i udlandet og internationale oplevelser","publisher":{"@id":"https:\/\/www.vita-explorers.dk\/blog\/#organization"},"potentialAction":[{"@type":"SearchAction","target":{"@type":"EntryPoint","urlTemplate":"https:\/\/www.vita-explorers.dk\/blog\/?s={search_term_string}"},"query-input":{"@type":"PropertyValueSpecification","valueRequired":true,"valueName":"search_term_string"}}],"inLanguage":"da-DK"},{"@type":"Organization","@id":"https:\/\/www.vita-explorers.dk\/blog\/#organization","name":"Association Globalong","url":"https:\/\/www.vita-explorers.dk\/blog\/","logo":{"@type":"ImageObject","inLanguage":"da-DK","@id":"https:\/\/www.vita-explorers.dk\/blog\/#\/schema\/logo\/image\/","url":"https:\/\/www.globalong.com\/blog\/wp-content\/uploads\/2014\/11\/cropped-cropped-Logo-et-Afrique-Globalong-petite-taille-2.jpg","contentUrl":"https:\/\/www.globalong.com\/blog\/wp-content\/uploads\/2014\/11\/cropped-cropped-Logo-et-Afrique-Globalong-petite-taille-2.jpg","width":512,"height":512,"caption":"Association Globalong"},"image":{"@id":"https:\/\/www.vita-explorers.dk\/blog\/#\/schema\/logo\/image\/"},"sameAs":["https:\/\/www.facebook.com\/globalong"]},{"@type":"Person","@id":"https:\/\/www.vita-explorers.dk\/blog\/#\/schema\/person\/fc0343a2f2db2ebb2793c1f62dbe73f0","name":"VITA Tribe","image":{"@type":"ImageObject","inLanguage":"da-DK","@id":"https:\/\/www.vita-explorers.dk\/blog\/#\/schema\/person\/image\/","url":"https:\/\/secure.gravatar.com\/avatar\/f7f05026bb439d0c96b30e135e5f852c?s=96&d=mm&r=g","contentUrl":"https:\/\/secure.gravatar.com\/avatar\/f7f05026bb439d0c96b30e135e5f852c?s=96&d=mm&r=g","caption":"VITA Tribe"},"sameAs":["http:\/\/www.globalong.com"],"url":"https:\/\/www.vita-explorers.dk\/blog\/author\/teamglobalong\/"}]}},"_links":{"self":[{"href":"https:\/\/www.vita-explorers.dk\/blog\/wp-json\/wp\/v2\/posts\/21753"}],"collection":[{"href":"https:\/\/www.vita-explorers.dk\/blog\/wp-json\/wp\/v2\/posts"}],"about":[{"href":"https:\/\/www.vita-explorers.dk\/blog\/wp-json\/wp\/v2\/types\/post"}],"author":[{"embeddable":true,"href":"https:\/\/www.vita-explorers.dk\/blog\/wp-json\/wp\/v2\/users\/7"}],"replies":[{"embeddable":true,"href":"https:\/\/www.vita-explorers.dk\/blog\/wp-json\/wp\/v2\/comments?post=21753"}],"version-history":[{"count":8,"href":"https:\/\/www.vita-explorers.dk\/blog\/wp-json\/wp\/v2\/posts\/21753\/revisions"}],"predecessor-version":[{"id":21797,"href":"https:\/\/www.vita-explorers.dk\/blog\/wp-json\/wp\/v2\/posts\/21753\/revisions\/21797"}],"wp:featuredmedia":[{"embeddable":true,"href":"https:\/\/www.vita-explorers.dk\/blog\/wp-json\/wp\/v2\/media\/15577"}],"wp:attachment":[{"href":"https:\/\/www.vita-explorers.dk\/blog\/wp-json\/wp\/v2\/media?parent=21753"}],"wp:term":[{"taxonomy":"category","embeddable":true,"href":"https:\/\/www.vita-explorers.dk\/blog\/wp-json\/wp\/v2\/categories?post=21753"},{"taxonomy":"post_tag","embeddable":true,"href":"https:\/\/www.vita-explorers.dk\/blog\/wp-json\/wp\/v2\/tags?post=21753"}],"curies":[{"name":"wp","href":"https:\/\/api.w.org\/{rel}","templated":true}]}}