{"id":21779,"date":"2025-09-15T13:40:02","date_gmt":"2025-09-15T11:40:02","guid":{"rendered":"https:\/\/www.globalong.com\/blog\/?p=21779"},"modified":"2025-09-15T13:40:02","modified_gmt":"2025-09-15T11:40:02","slug":"frivilligt-sprogophold-laer-et-sprog-og-stoet-et-lokalsamfund","status":"publish","type":"post","link":"https:\/\/www.vita-explorers.dk\/blog\/frivilligt-sprogophold-laer-et-sprog-og-stoet-et-lokalsamfund\/","title":{"rendered":"Sprogligt frivilligt arbejde: l\u00e6r et sprog ved at st\u00f8tte et lokalsamfund"},"content":{"rendered":"<p><main><\/main><\/p>\n<p><!-- ===== H1 ===== --><\/p>\n<header>\n<h1 style=\"margin: 0px 0px 0.5rem; text-align: justify;\">Sprogligt frivilligforl\u00f8b: l\u00e6r et sprog ved at st\u00f8tte et lokalt f\u00e6llesskab<\/h1>\n<p style=\"text-align: justify; margin-top: 0;\">Et <strong>sprogligt frivilligforl\u00f8b<\/strong> giver dig mulighed for at <a href=\"https:\/\/www.vita-explorers.dk\/sprogophold\/\" target=\"_blank\" rel=\"noopener\"><strong>l\u00e6re et sprog<\/strong><\/a> p\u00e5 en effektiv m\u00e5de, samtidig med at du bidrager til et lokalt socialt projekt. Allerede fra ankomst bliver du en del af et team, deltager i workshops om <strong>sprogundervisning<\/strong> og udvikler dig is\u00e6r gennem en daglig, meningsfuld <em>immersion<\/em> i et im\u00f8dekommende milj\u00f8. Det betyder, at din <strong>sprogl\u00e6ring<\/strong> ofte g\u00e5r hurtigere, dine samtaler bliver mere flydende, og dit bidrag bliver tydeligt fra gang til gang.<\/p>\n<figure style=\"margin: 1rem 0px; text-align: justify;\"><figcaption style=\"font-size: 0.9rem; text-align: center;\"><\/figcaption><\/figure>\n<\/header>\n<p style=\"text-align: justify;\"><!-- ===== SOMMAIRE ===== --><\/p>\n<nav style=\"margin: 1.25rem 0;\" aria-label=\"Table des mati\u00e8res\">\n<h2 id=\"sommaire\">Indhold<\/h2>\n<ul>\n<li><a href=\"#definition\">Hvad er et sprogligt frivilligforl\u00f8b?<\/a><\/li>\n<li><a href=\"#benefices\">Hvorfor v\u00e6lge et sprogligt frivilligforl\u00f8b: konkrete fordele<\/a><\/li>\n<li><a href=\"#missions\">Sproglige frivilligforl\u00f8b: formater og eksempler<\/a><\/li>\n<li><a href=\"#competences\">Kompetencer, foruds\u00e6tninger og forberedelse<\/a><\/li>\n<li><a href=\"#quotidien\">S\u00e5dan ser hverdagen typisk ud<\/a><\/li>\n<li><a href=\"#impact\">S\u00e5dan m\u00e5ler du socialt og sprogligt udbytte<\/a><\/li>\n<li><a href=\"#temoignage\">En deltagers oplevelse<\/a><\/li>\n<li><a href=\"#couts\">Omkostninger, finansiering og praktisk planl\u00e6gning<\/a><\/li>\n<li><a href=\"#ethique\">Etik, kvalitet og gode praksisser<\/a><\/li>\n<li><a href=\"#faq\">FAQ \u2013 Sprogligt frivilligforl\u00f8b<\/a><\/li>\n<li><a href=\"#conclusion\">Konklusion og n\u00e6ste skridt<\/a><\/li>\n<\/ul>\n<\/nav>\n<p style=\"text-align: justify;\"><!-- ===== SECTION : DEFINITION ===== --><\/p>\n<section id=\"definition\" style=\"margin-top: 1.5rem;\">\n<h2><\/h2>\n<\/section>\n<h2><a href=\"https:\/\/www.vita-explorers.dk\/blog\/wp-content\/uploads\/2016\/03\/Summer-Plus-Iona-Classroom.jpg\"><img loading=\"lazy\" decoding=\"async\" class=\"wp-image-3479 size-medium aligncenter\" src=\"https:\/\/www.vita-explorers.dk\/blog\/wp-content\/uploads\/2016\/03\/Summer-Plus-Iona-Classroom-300x225.jpg\" alt=\"sprogrejse med VITA i USA\" width=\"300\" height=\"225\" srcset=\"https:\/\/www.vita-explorers.dk\/blog\/wp-content\/uploads\/2016\/03\/Summer-Plus-Iona-Classroom-300x225.jpg 300w, https:\/\/www.vita-explorers.dk\/blog\/wp-content\/uploads\/2016\/03\/Summer-Plus-Iona-Classroom-768x576.jpg 768w, https:\/\/www.vita-explorers.dk\/blog\/wp-content\/uploads\/2016\/03\/Summer-Plus-Iona-Classroom-1024x768.jpg 1024w, https:\/\/www.vita-explorers.dk\/blog\/wp-content\/uploads\/2016\/03\/Summer-Plus-Iona-Classroom-150x113.jpg 150w\" sizes=\"(max-width: 300px) 100vw, 300px\" \/><\/a><\/h2>\n<section id=\"definition\" style=\"margin-top: 1.5rem;\">\n<h2><\/h2>\n<h2>Hvad er et sprogligt frivilligforl\u00f8b?<\/h2>\n<p style=\"text-align: justify;\">Helt konkret kombinerer et <strong>sprogligt frivilligforl\u00f8b<\/strong> aktiv deltagelse med <a href=\"https:\/\/www.vita-explorers.dk\/blog\/kritik-vita-laere-fremmedsprog-immersion-internationalt-sprogophold\/\" target=\"_blank\" rel=\"noopener\"><strong>sprogl\u00e6ring<\/strong><\/a>. Afh\u00e6ngigt af din profil kan du bidrage i samtalehold, lektiehj\u00e6lp, l\u00e6seklubber eller sprogmakker-forl\u00f8b, samtidig med at du styrker din egen brug af et <strong>fremmedsprog<\/strong>. Fordi rammerne er \u00e6gte og hverdagsn\u00e6re, bliver fremskridtene ofte b\u00e5de hurtige og mere holdbare.<\/p>\n<p style=\"text-align: justify;\">V\u00e6rtsstederne kan v\u00e6re forskellige: skoler, kultur- og medborgercentre, biblioteker, men ogs\u00e5 foreninger og NGO\u2019er. Derfor varierer m\u00e5lgrupper, niveauer og undervisningsm\u00e5l. Kernen er dog den samme: at l\u00e6re ved at hj\u00e6lpe \u2013 og hj\u00e6lpe ved at l\u00e6re \u2013 i en tryg og struktureret <a href=\"https:\/\/www.vita-explorers.dk\/blog\/laer-et-sprog-i-immersion-frivilligt-arbejde\/\" target=\"_blank\" rel=\"noopener\"><em>immersion<\/em><\/a>.<\/p>\n<h3>P\u00e6dagogiske og sociale m\u00e5l med et sprogligt frivilligforl\u00f8b<\/h3>\n<ul>\n<li>Styrke mundtlighed, lytning og evnen til at tale sammenh\u00e6ngende.<\/li>\n<li>G\u00f8re <strong>sprogundervisning<\/strong> mere tilg\u00e6ngelig for forskellige m\u00e5lgrupper.<\/li>\n<li>Fremme tryghed, selvst\u00e6ndighed og samarbejde.<\/li>\n<li>Skabe brugbare og respektfulde kulturm\u00f8der.<\/li>\n<\/ul>\n<\/section>\n<p style=\"text-align: justify;\"><!-- ===== SECTION : BENEFICES ===== --><\/p>\n<section id=\"benefices\" style=\"margin-top: 1.5rem;\">\n<h2>Hvorfor v\u00e6lge et sprogligt frivilligforl\u00f8b: konkrete fordele<\/h2>\n<p style=\"text-align: justify;\">For det f\u00f8rste g\u00f8r daglig praksis det mindre farligt at lave fejl \u2013 og det skaber rutine. For det andet giver den sociale nytte mening til hver session. Og for det tredje kan erfaringen styrke en studie- eller <a href=\"https:\/\/www.vita-explorers.dk\/blog\/sprogophold-med-fokus-paa-karriere\/\" target=\"_blank\" rel=\"noopener\">karriereplan<\/a> inden for sprog, undervisning, turisme, NGO-arbejde eller kommunikation.<\/p>\n<h3>N\u00f8glefordele ved hverdagsn\u00e6r immersion<\/h3>\n<ol>\n<li><strong>Hurtigere fremskridt<\/strong>: \u00e6gte situationer og direkte feedback.<\/li>\n<li><strong>Selvtillid<\/strong>: du t\u00f8r tale \u2013 og s\u00e5 rykker du dig.<\/li>\n<li><strong>Netv\u00e6rk<\/strong>: undervisere, organisationer og andre deltagere.<\/li>\n<li><strong>Effekt<\/strong>: et konkret bidrag til at mindske sproglige barrierer.<\/li>\n<\/ol>\n<h3>Hvem er det relevant for?<\/h3>\n<p style=\"text-align: justify;\">Studerende, unge i job, personer i karriereskift \u2013 og ogs\u00e5 engagerede seniorer: et <strong>sprogligt frivilligforl\u00f8b<\/strong> er for dig, der vil blive bedre til et <strong>fremmedsprog<\/strong> og samtidig bidrage til et lokalt initiativ.<\/p>\n<\/section>\n<p><a href=\"https:\/\/www.vita-explorers.dk\/blog\/wp-content\/uploads\/2017\/11\/Australie-Globalong-excursion-min.jpg\"><img loading=\"lazy\" decoding=\"async\" class=\"aligncenter wp-image-7555 size-medium\" src=\"https:\/\/www.vita-explorers.dk\/blog\/wp-content\/uploads\/2017\/11\/Australie-Globalong-excursion-min-300x205.jpg\" alt=\"Konkrete og l\u00e6rerige forl\u00f8b, altid tilpasset mindre\u00e5rige og med tydelige rammer.\" width=\"300\" height=\"205\" srcset=\"https:\/\/www.vita-explorers.dk\/blog\/wp-content\/uploads\/2017\/11\/Australie-Globalong-excursion-min-300x205.jpg 300w, https:\/\/www.vita-explorers.dk\/blog\/wp-content\/uploads\/2017\/11\/Australie-Globalong-excursion-min-768x526.jpg 768w, https:\/\/www.vita-explorers.dk\/blog\/wp-content\/uploads\/2017\/11\/Australie-Globalong-excursion-min-150x103.jpg 150w, https:\/\/www.vita-explorers.dk\/blog\/wp-content\/uploads\/2017\/11\/Australie-Globalong-excursion-min.jpg 789w\" sizes=\"(max-width: 300px) 100vw, 300px\" \/><\/a><\/p>\n<p style=\"text-align: justify;\"><!-- ===== SECTION : MISSIONS ===== --><\/p>\n<section id=\"missions\" style=\"margin-top: 1.5rem;\">\n<h2>Sproglige frivilligforl\u00f8b: formater og eksempler<\/h2>\n<p style=\"text-align: justify;\">Afh\u00e6ngigt af stedet kan du v\u00e6re med til at co-facilitere undervisning, st\u00f8tte bestemte grupper (begyndere, voksne, teenagere), lave samtalemakker-forl\u00f8b, starte en l\u00e6seklub, udvikle enkle audio-\/videoressourcer eller organisere rollelege med fokus p\u00e5 hverdagssituationer (sundhed, job, transport).<\/p>\n<figure style=\"margin: 1rem 0;\"><\/figure>\n<h3>Konkrete eksempler<\/h3>\n<ul>\n<li><strong>Samtaleworkshops<\/strong> : hverdagstemaer, nyttigt ordforr\u00e5d, kommunikative \u00f8velser.<\/li>\n<li><strong>Co-undervisning<\/strong> : st\u00f8tte til underviser, arbejde med sm\u00e5 grupper.<\/li>\n<li><strong>Sprogmakker<\/strong> : ugentlige 1:1-samtaler.<\/li>\n<li><strong>Klubber<\/strong> : l\u00e6sning, film, debat, improvisationsteater.<\/li>\n<li><strong>Materialer<\/strong> : visuelle kort, mini-podcasts, quizzer.<\/li>\n<\/ul>\n<h3>Varighed og intensitet<\/h3>\n<p style=\"text-align: justify;\">Fra to uger til flere m\u00e5neder. L\u00e6ngere ophold g\u00f8r det lettere at skabe kontinuitet, men et kort forl\u00f8b med gode rammer kan ogs\u00e5 give et reelt sprogligt gennembrud. Et senere genbes\u00f8g kan desuden v\u00e6re med til at fastholde det, du har l\u00e6rt.<\/p>\n<\/section>\n<p style=\"text-align: justify;\"><!-- ===== SECTION : COMPETENCES ===== --><\/p>\n<section id=\"competences\" style=\"margin-top: 1.5rem;\">\n<h2>Kompetencer, foruds\u00e6tninger og forberedelse<\/h2>\n<p style=\"text-align: justify;\">For at f\u00e5 mest muligt ud af et <strong>sprogligt frivilligforl\u00f8b<\/strong> er det en fordel at m\u00f8de op med en l\u00e6rende tilgang, empati, aktiv p\u00e6dagogik og en god fornemmelse for gruppedynamik. Derudover kan grundl\u00e6ggende viden om <strong>sprogundervisning<\/strong> (kommunikativ tilgang, autentiske opgaver, positiv feedback) spare tid og g\u00f8re forl\u00f8bet bedre for alle.<\/p>\n<h3>Nyttige kompetencer<\/h3>\n<ul>\n<li>Fokus p\u00e5 mundtlighed og interaktion.<\/li>\n<li>Facilitering af aktive og legende \u00f8velser.<\/li>\n<li>Tilpasning af tempo og differentiering.<\/li>\n<li>Brug af enkle v\u00e6rkt\u00f8jer (billeder, lyd, rollespil).<\/li>\n<\/ul>\n<h3>Forberedelse f\u00f8r afrejse<\/h3>\n<ol>\n<li>Afklar dine m\u00e5l og vurder dit niveau.<\/li>\n<li>Forbered 3\u20135 genbrugelige sessionplaner.<\/li>\n<li>S\u00e6t dig ind i den lokale kulturelle kontekst.<\/li>\n<li>Afstem forventninger, rolle og ansvar med v\u00e6rtsstedet.<\/li>\n<\/ol>\n<\/section>\n<p><a href=\"https:\/\/www.vita-explorers.dk\/blog\/wp-content\/uploads\/2024\/11\/15369852679_6bde193abb.jpg\"><img loading=\"lazy\" decoding=\"async\" class=\"wp-image-19342 size-full aligncenter\" src=\"https:\/\/www.vita-explorers.dk\/blog\/wp-content\/uploads\/2024\/11\/15369852679_6bde193abb.jpg\" alt=\"Sprogrejse for unge i New York\" width=\"499\" height=\"314\" srcset=\"https:\/\/www.vita-explorers.dk\/blog\/wp-content\/uploads\/2024\/11\/15369852679_6bde193abb.jpg 499w, https:\/\/www.vita-explorers.dk\/blog\/wp-content\/uploads\/2024\/11\/15369852679_6bde193abb-300x189.jpg 300w\" sizes=\"(max-width: 499px) 100vw, 499px\" \/><\/a><\/p>\n<p style=\"text-align: justify;\"><!-- ===== SECTION : QUOTIDIEN ===== --><\/p>\n<section id=\"quotidien\" style=\"margin-top: 1.5rem;\">\n<h2>S\u00e5dan ser en typisk dag ud p\u00e5 et sprogligt frivilligforl\u00f8b<\/h2>\n<p style=\"text-align: justify;\">En typisk dag veksler mellem forberedelse, gennemf\u00f8relse og en kort evaluering. F\u00f8rst justerer du aktiviteterne efter gruppens energi og den tid, der er til r\u00e5dighed. Lidt efter lidt bliver du mere tryg i rollen, og deltagerne f\u00e5r mere mod p\u00e5 at bruge sproget.<\/p>\n<figure style=\"margin: 1rem 0;\"><\/figure>\n<h3>Eksempel p\u00e5 dagsprogram<\/h3>\n<ul>\n<li>Morgen: forberedelse og koordinering med ansvarlig underviser.<\/li>\n<li>Midt p\u00e5 dagen: guidede samtaleworkshops.<\/li>\n<li>Eftermiddag: m\u00e5lrettet st\u00f8tte, repetition, kommunikative lege.<\/li>\n<li>Sidst p\u00e5 dagen: kort opsamling og plan for n\u00e6ste gang.<\/li>\n<\/ul>\n<\/section>\n<p style=\"text-align: justify;\"><!-- ===== SECTION : IMPACT ===== --><\/p>\n<section id=\"impact\" style=\"margin-top: 1.5rem;\">\n<h2>S\u00e5dan m\u00e5ler du udbyttet af et sprogligt frivilligforl\u00f8b<\/h2>\n<p style=\"text-align: justify;\">At m\u00e5le udbyttet er vigtigt for kvalitet og gennemsigtighed. P\u00e5 den ene side hos deltagerne: fremm\u00f8de, tryghed, deltagelse og evnen til at l\u00f8se konkrete opgaver (pr\u00e6sentere et CV, f\u00f8re en samtale, ringe et opkald). P\u00e5 den anden side hos dig: aktivt ordforr\u00e5d, flydende sprog, forst\u00e5else og selvtillid, n\u00e5r du taler foran andre.<\/p>\n<figure style=\"margin: 1rem 0;\"><\/figure>\n<h3>Praktiske indikatorer<\/h3>\n<ul>\n<li>Hvor ofte der tales spontant.<\/li>\n<li>Forst\u00e5else af autentiske instruktioner.<\/li>\n<li>Evnen til at gennemf\u00f8re et mini-projekt (interview, lydklip).<\/li>\n<li>Mere selvst\u00e6ndighed og \u00f8get hj\u00e6lpsomhed i gruppen.<\/li>\n<\/ul>\n<\/section>\n<p style=\"text-align: justify;\"><!-- ===== SECTION : TEMOIGNAGE ===== --><\/p>\n<section id=\"temoignage\" style=\"margin-top: 1.5rem;\">\n<h2>En deltagers oplevelse fra et sprogligt frivilligforl\u00f8b<\/h2>\n<blockquote>\n<p style=\"text-align: justify;\"><em><br \/>\n\u00ab Jeg tog afsted i seks uger p\u00e5 et <strong>sprogligt frivilligforl\u00f8b<\/strong> i et medborgercenter.<br \/>\nI starten var jeg lidt nerv\u00f8s: at co-facilitere en klasse, s\u00e6tte rollespil i gang, arbejde med udtale \u2026 men<br \/>\nallerede i den f\u00f8rste uge \u00e6ndrede dynamikken sig. Deltagerne turde tale mere, grinede af fejl<br \/>\nog rykkede sig fra gang til gang. For mig blev <strong>sprogl\u00e6ring<\/strong> noget, der fortsatte hele tiden:<br \/>\nP\u00e5 markedet, i bussen, derhjemme. Ret hurtigt opdagede jeg, at jeg begyndte at t\u00e6nke i <strong>fremmedsproget<\/strong>.<\/em><\/p>\n<p>Selvf\u00f8lgelig var der udfordringer: forskellige niveauer, sm\u00e5 praktiske overraskelser og tr\u00e6thed. Men den ansvarlige<br \/>\nunderviser st\u00f8ttede mig \u2013 og det samme gjorde de andre deltagere. Vi udviklede sammen visuelle kort og lydfiler,<br \/>\nsom kunne bruges til at \u00f8ve derhjemme. Til sidst pr\u00e6senterede alle et personligt emne for gruppen.<br \/>\nDer var en helt s\u00e6rlig energi i rummet. Da jeg kom hjem, holdt jeg fast i rytmen: jeg \u00f8ver stadig hver uge. I dag f\u00f8ler jeg mig<br \/>\nmere sikker, mere \u00e5ben \u2013 og glad for, at jeg p\u00e5 en stille og respektfuld m\u00e5de kunne bidrage til et forl\u00f8b, der gav mening. \u00bb<\/p><\/blockquote>\n<\/section>\n<p><a href=\"https:\/\/www.vita-explorers.dk\/blog\/wp-content\/uploads\/2017\/06\/Cours-de-langue-anglaise-en-Afrique-du-Sud-GlobAlong-.jpg\"><img loading=\"lazy\" decoding=\"async\" class=\"aligncenter wp-image-6524 size-medium\" src=\"https:\/\/www.vita-explorers.dk\/blog\/wp-content\/uploads\/2017\/06\/Cours-de-langue-anglaise-en-Afrique-du-Sud-GlobAlong--300x200.jpg\" alt=\"l\u00e6re engelsk i Sydafrika - VITA\" width=\"300\" height=\"200\" srcset=\"https:\/\/www.vita-explorers.dk\/blog\/wp-content\/uploads\/2017\/06\/Cours-de-langue-anglaise-en-Afrique-du-Sud-GlobAlong--300x200.jpg 300w, https:\/\/www.vita-explorers.dk\/blog\/wp-content\/uploads\/2017\/06\/Cours-de-langue-anglaise-en-Afrique-du-Sud-GlobAlong--768x512.jpg 768w, https:\/\/www.vita-explorers.dk\/blog\/wp-content\/uploads\/2017\/06\/Cours-de-langue-anglaise-en-Afrique-du-Sud-GlobAlong--1024x683.jpg 1024w, https:\/\/www.vita-explorers.dk\/blog\/wp-content\/uploads\/2017\/06\/Cours-de-langue-anglaise-en-Afrique-du-Sud-GlobAlong--150x100.jpg 150w, https:\/\/www.vita-explorers.dk\/blog\/wp-content\/uploads\/2017\/06\/Cours-de-langue-anglaise-en-Afrique-du-Sud-GlobAlong-.jpg 1152w\" sizes=\"(max-width: 300px) 100vw, 300px\" \/><\/a><\/p>\n<p style=\"text-align: justify;\"><!-- ===== SECTION : COUTS ===== --><\/p>\n<section id=\"couts\" style=\"margin-top: 1.5rem;\">\n<h2>Omkostninger, finansiering og praktisk planl\u00e6gning ved et sprogligt frivilligforl\u00f8b<\/h2>\n<p style=\"text-align: justify;\">Afh\u00e6ngigt af destination og rammer kan der v\u00e6re udgifter, som d\u00e6kker indkvartering, koordinering, sikkerhed og nogle gange m\u00e5ltider. Derudover kommer transport, forsikring og et mindre budget til undervisningsmaterialer. Heldigvis findes der flere m\u00e5der at planl\u00e6gge \u00f8konomien p\u00e5, s\u00e5 det b\u00e5de er realistisk for dig og fair i forhold til lokale vilk\u00e5r.<\/p>\n<h3>Muligheder for finansiering<\/h3>\n<ul>\n<li>M\u00e5lrettet opsparing og m\u00e5nedlig planl\u00e6gning.<\/li>\n<li>Indsamling\/crowdfunding med relevante modydelser.<\/li>\n<li>Lokale puljer, legater, virksomhedsst\u00f8tte.<\/li>\n<li>Solidariske arrangementer (workshops, kultur, sport).<\/li>\n<\/ul>\n<h3><a href=\"https:\/\/www.vita-explorers.dk\/blog\/checkliste-uundvaerlig-til-et-internationalt-forloeb\/\" target=\"_blank\" rel=\"noopener\">Praktisk tjekliste<\/a><\/h3>\n<ol>\n<li>Dokumenter: pas, visa, forsikringer.<\/li>\n<li>Sundhed: relevante vacciner og et basalt rejsekit.<\/li>\n<li>Let undervisningsmateriale: billeder, kort, lyd.<\/li>\n<li>N\u00f8dkontakter og interne procedurer.<\/li>\n<\/ol>\n<\/section>\n<p style=\"text-align: justify;\"><!-- ===== SECTION : ETHIQUE ===== --><\/p>\n<section id=\"ethique\" style=\"margin-top: 1.5rem;\">\n<h2>Etik, kvalitet og gode praksisser i sproglige frivilligforl\u00f8b<\/h2>\n<p style=\"text-align: justify;\"><a href=\"https:\/\/www.vita-explorers.dk\/blog\/etisk-ansvarlig-rejse\/\" target=\"_blank\" rel=\"noopener\">Etik<\/a> er ikke til forhandling. For det f\u00f8rste: koordin\u00e9r med underviserne og v\u00e6rtsorganisationen. For det andet: tilpas aktiviteterne til deltagernes faktiske niveau. Og for det tredje: v\u00e6r opm\u00e6rksom p\u00e5 samtykke, beskyttelse af mindre\u00e5rige og fortrolighed. Det l\u00f8fter kvaliteten og g\u00f8r udbyttet mere holdbart.<\/p>\n<h3>Grundprincipper<\/h3>\n<ul>\n<li>Koordinering, kontinuitet og god overlevering ved afslutning.<\/li>\n<li>Gennemsigtighed om m\u00e5l, rammer og begr\u00e6nsninger.<\/li>\n<li>Ydmyghed, lytten, tilpasning og positiv feedback.<\/li>\n<li>L\u00f8bende opf\u00f8lgning og deling af materialer.<\/li>\n<\/ul>\n<h3>Det b\u00f8r du undg\u00e5<\/h3>\n<ul>\n<li>At presse metoder igennem uden dialog.<\/li>\n<li>At love mere, end din tid eller dine kompetencer r\u00e6kker til.<\/li>\n<li>At overse hensyn til data og personbeskyttelse.<\/li>\n<\/ul>\n<\/section>\n<section id=\"ethique\" style=\"margin-top: 1.5rem;\"><a href=\"https:\/\/www.vita-explorers.dk\/blog\/wp-content\/uploads\/2018\/09\/PHOTO-2018-08-04-00-10-23_5-min-1.jpg\"><img loading=\"lazy\" decoding=\"async\" class=\"aligncenter wp-image-11490 size-medium\" src=\"https:\/\/www.vita-explorers.dk\/blog\/wp-content\/uploads\/2018\/09\/PHOTO-2018-08-04-00-10-23_5-min-1-300x169.jpg\" alt=\"sprogligt forl\u00f8b\" width=\"300\" height=\"169\" srcset=\"https:\/\/www.vita-explorers.dk\/blog\/wp-content\/uploads\/2018\/09\/PHOTO-2018-08-04-00-10-23_5-min-1-300x169.jpg 300w, https:\/\/www.vita-explorers.dk\/blog\/wp-content\/uploads\/2018\/09\/PHOTO-2018-08-04-00-10-23_5-min-1-768x432.jpg 768w, https:\/\/www.vita-explorers.dk\/blog\/wp-content\/uploads\/2018\/09\/PHOTO-2018-08-04-00-10-23_5-min-1-1024x576.jpg 1024w, https:\/\/www.vita-explorers.dk\/blog\/wp-content\/uploads\/2018\/09\/PHOTO-2018-08-04-00-10-23_5-min-1-150x84.jpg 150w, https:\/\/www.vita-explorers.dk\/blog\/wp-content\/uploads\/2018\/09\/PHOTO-2018-08-04-00-10-23_5-min-1.jpg 1336w\" sizes=\"(max-width: 300px) 100vw, 300px\" \/><\/a><\/p>\n<\/section>\n<p style=\"text-align: justify;\"><!-- ===== FAQ ===== --><\/p>\n<section id=\"faq\" style=\"margin-top: 1.5rem;\">\n<h2>FAQ \u2013 Sprogligt frivilligforl\u00f8b<\/h2>\n<h3>1) Er et sprogligt frivilligforl\u00f8b relevant, hvis jeg er begynder i et fremmedsprog?<\/h3>\n<p style=\"text-align: justify;\">Ja, hvis forl\u00f8bet er godt rammesat, og opgaverne er tilpasset (co-facilitering, sm\u00e5 grupper, enkle aktiviteter).<br \/>\nLidt efter lidt bliver du mere tryg ved at tale.<\/p>\n<h3>2) Hvordan kan immersion g\u00f8re sprogl\u00e6ring hurtigere?<\/h3>\n<p style=\"text-align: justify;\">N\u00e5r du er i autentiske situationer, f\u00e5r du flere muligheder for at \u00f8ve, f\u00e5 hurtig feedback og opbygge rutine i<br \/>\nordforr\u00e5d og s\u00e6tninger, der bruges i hverdagen.<\/p>\n<h3>3) Hvilke typer opgaver er almindelige inden for sprogundervisning?<\/h3>\n<p style=\"text-align: justify;\">Samtalehold, sprogmakker-forl\u00f8b, l\u00e6seklubber, co-undervisning og udvikling af audio-\/videoressourcer,<br \/>\nafh\u00e6ngigt af behovene p\u00e5 stedet.<\/p>\n<h3>4) Skal jeg have en uddannelse for at deltage i et sprogligt frivilligforl\u00f8b?<\/h3>\n<p style=\"text-align: justify;\">Ikke n\u00f8dvendigvis. Men et kort forl\u00f8b i aktiv p\u00e6dagogik og klasseledelse anbefales klart,<br \/>\ns\u00e5 din indsats bliver tryg og brugbar.<\/p>\n<h3>5) Hvordan kan jeg f\u00f8lge mine fremskridt i sprogl\u00e6ring under forl\u00f8bet?<\/h3>\n<p style=\"text-align: justify;\">S\u00e6t konkrete delm\u00e5l (holde et opl\u00e6g, klare et opkald, skrive en formel besked) og vurder dem<br \/>\nhver uge sammen med en makker eller en ansvarlig.<\/p>\n<h3>6) Kan et sprogligt frivilligforl\u00f8b st\u00f8tte et karriereskift?<\/h3>\n<p style=\"text-align: justify;\">Ja. Du udvikler kompetencer, der kan bruges mange steder (kommunikation, formidling, interkulturel forst\u00e5else)<br \/>\n\u2013 relevant i fx undervisning, NGO-arbejde, turisme eller kundekontakt.<\/p>\n<h3>7) Hvor lang tid er godt til et f\u00f8rste sprogligt frivilligforl\u00f8b?<\/h3>\n<p style=\"text-align: justify;\">Mellem 4 og 8 uger, s\u00e5 du kan observere, pr\u00f8ve dig frem, justere og skabe et m\u00e5lbart udbytte, samtidig med at du<br \/>\nstyrker din <strong>sprogl\u00e6ring<\/strong>.<\/p>\n<\/section>\n<p style=\"text-align: justify;\"><!-- ===== CONCLUSION ===== --><\/p>\n<section id=\"conclusion\" style=\"margin-top: 1.5rem;\">\n<h2 style=\"text-align: justify;\">Konklusion og n\u00e6ste skridt<\/h2>\n<p style=\"text-align: justify;\">Et <strong>sprogligt frivilligforl\u00f8b<\/strong> er en af de mest virkningsfulde m\u00e5der at <strong>l\u00e6re et sprog<\/strong> i kontakt med virkeligheden \u2013 samtidig med at du bidrager meningsfuldt til et f\u00e6llesskab. Afklar dine m\u00e5l, sammenlign rammerne, forbered nogle enkle standard-sessioner og kom i gang. N\u00e5r du \u00f8ver dig j\u00e6vnligt, bliver fremskridtene b\u00e5de hurtige og mere holdbare \u2013 og ofte ogs\u00e5 sjovere.<\/p>\n<ul style=\"text-align: justify;\">\n<li>Afklar dit niveau, dine rammer og din tilg\u00e6ngelighed.<\/li>\n<li>V\u00e6lg en v\u00e6rtsramme, der er tydelig, tryg og transparent.<\/li>\n<li>Forbered simpelt materiale, der kan genbruges og fungerer for alle.<\/li>\n<li>F\u00f8lg dine fremskridt og del ressourcer med teamet.<\/li>\n<\/ul>\n<\/section>\n<p style=\"text-align: center;\"><strong>Klar til at komme i gang?<\/strong> F\u00e5 forslag til forl\u00f8b, der matcher dine kompetencer og m\u00e5l.<\/p>\n<p style=\"text-align: center;\"><a href=\"https:\/\/www.vita-explorers.dk\/#tel-contact-form-glob\" target=\"_blank\" rel=\"noopener\">Jeg vil gerne s\u00e6ttes i kontakt<\/a><\/p>\n<p class=\"muted\" style=\"text-align: center;\">\u00a9 VITA Institute \u2014 Ressourcer til ansvarlige internationale forl\u00f8b.<\/p>\n<p class=\"p4\" style=\"text-align: center;\"><b>Hvis du vil h\u00f8re mere, er du velkommen til at kontakte os p\u00e5 <\/b><a href=\"mailto:info@globalong.com\"><span class=\"s2\"><b>info@globalong.com<\/b><\/span><\/a><\/p>\n<p class=\"p4\" style=\"text-align: center;\"><b>Vil du f\u00f8lge med i VITA Institute og vores community, s\u00e5 find os p\u00e5 <\/b><a href=\"https:\/\/www.instagram.com\/globalongofficiel\/\" target=\"_blank\" rel=\"noopener\"><span class=\"s2\"><b>Instagram<\/b><\/span><\/a><b>, <\/b><a href=\"https:\/\/www.facebook.com\/globalong\" target=\"_blank\" rel=\"noopener\"><span class=\"s2\"><b>Facebook<\/b><\/span><\/a><b>, <\/b><a href=\"https:\/\/www.linkedin.com\/company\/5113177\/admin\/feed\/posts\/\" target=\"_blank\" rel=\"noopener\"><span class=\"s2\"><b>LinkedIn<\/b><\/span><\/a><b> og <\/b><a href=\"https:\/\/www.youtube.com\/c\/globalong\/videos\" target=\"_blank\" rel=\"noopener\"><span class=\"s2\"><b>YouTube<\/b><\/span><\/a><b>! <\/b><\/p>\n<section id=\"conclusion\" style=\"margin-top: 1.5rem;\">\n<figure style=\"margin: 1rem 0px; text-align: justify;\"><figcaption style=\"font-size: 0.9rem; text-align: center;\"><\/figcaption><\/figure>\n<\/section>\n","protected":false},"excerpt":{"rendered":"<p>Sprogligt frivilligforl\u00f8b: l\u00e6r et sprog ved at st\u00f8tte et lokalt f\u00e6llesskab Et sprogligt frivilligforl\u00f8b giver dig mulighed for at l\u00e6re et sprog p\u00e5 en\u2026<\/p>\n","protected":false},"author":7,"featured_media":3494,"comment_status":"open","ping_status":"open","sticky":false,"template":"","format":"standard","meta":{"footnotes":""},"categories":[1,5],"tags":[],"yoast_head":"<!-- This site is optimized with the Yoast SEO Premium plugin v23.4 (Yoast SEO v23.4) - https:\/\/yoast.com\/wordpress\/plugins\/seo\/ -->\n<title>Sprogligt frivilligt arbejde: l\u00e6r og hj\u00e6lp gennem immersion<\/title>\n<meta name=\"description\" content=\"Am\u00e9liorez vos comp\u00e9tences linguistiques avec le volontariat linguistique : apprendre et aider sur le terrain de mani\u00e8re concr\u00e8te.\" \/>\n<meta name=\"robots\" content=\"index, follow, max-snippet:-1, max-image-preview:large, max-video-preview:-1\" \/>\n<link rel=\"canonical\" href=\"https:\/\/www.vita-explorers.dk\/blog\/frivilligt-sprogophold-laer-et-sprog-og-stoet-et-lokalsamfund\/\" \/>\n<meta property=\"og:locale\" content=\"da_DK\" \/>\n<meta property=\"og:type\" content=\"article\" \/>\n<meta property=\"og:title\" content=\"Sprogligt frivilligt arbejde: l\u00e6r et sprog ved at st\u00f8tte et lokalsamfund\" \/>\n<meta property=\"og:description\" content=\"Am\u00e9liorez vos comp\u00e9tences linguistiques avec le volontariat linguistique : apprendre et aider sur le terrain de mani\u00e8re concr\u00e8te.\" \/>\n<meta property=\"og:url\" content=\"https:\/\/www.vita-explorers.dk\/blog\/frivilligt-sprogophold-laer-et-sprog-og-stoet-et-lokalsamfund\/\" \/>\n<meta property=\"og:site_name\" content=\"VITA Explorers Blog\" \/>\n<meta property=\"article:publisher\" content=\"https:\/\/www.facebook.com\/globalong\" \/>\n<meta property=\"article:published_time\" content=\"2025-09-15T11:40:02+00:00\" \/>\n<meta property=\"og:image\" content=\"https:\/\/www.vita-explorers.dk\/blog\/wp-content\/uploads\/2016\/04\/Summer-Plus-Iona-College-Classroom-3-RHRH-1024x681.jpg\" \/>\n\t<meta property=\"og:image:width\" content=\"1024\" \/>\n\t<meta property=\"og:image:height\" content=\"681\" \/>\n\t<meta property=\"og:image:type\" content=\"image\/jpeg\" \/>\n<meta name=\"author\" content=\"VITA Tribe\" \/>\n<meta name=\"twitter:card\" content=\"summary_large_image\" \/>\n<meta name=\"twitter:label1\" content=\"Skrevet af\" \/>\n\t<meta name=\"twitter:data1\" content=\"VITA Tribe\" \/>\n\t<meta name=\"twitter:label2\" content=\"Estimeret l\u00e6setid\" \/>\n\t<meta name=\"twitter:data2\" content=\"9 minutter\" \/>\n<script type=\"application\/ld+json\" class=\"yoast-schema-graph\">{\"@context\":\"https:\/\/schema.org\",\"@graph\":[{\"@type\":\"Article\",\"@id\":\"https:\/\/www.vita-explorers.dk\/blog\/frivilligt-sprogophold-laer-et-sprog-og-stoet-et-lokalsamfund\/#article\",\"isPartOf\":{\"@id\":\"https:\/\/www.vita-explorers.dk\/blog\/frivilligt-sprogophold-laer-et-sprog-og-stoet-et-lokalsamfund\/\"},\"author\":{\"name\":\"VITA Tribe\",\"@id\":\"https:\/\/www.vita-explorers.dk\/blog\/#\/schema\/person\/fc0343a2f2db2ebb2793c1f62dbe73f0\"},\"headline\":\"Sprogligt frivilligt arbejde: l\u00e6r et sprog ved at st\u00f8tte et lokalsamfund\",\"datePublished\":\"2025-09-15T11:40:02+00:00\",\"dateModified\":\"2025-09-15T11:40:02+00:00\",\"mainEntityOfPage\":{\"@id\":\"https:\/\/www.vita-explorers.dk\/blog\/frivilligt-sprogophold-laer-et-sprog-og-stoet-et-lokalsamfund\/\"},\"wordCount\":1776,\"commentCount\":0,\"publisher\":{\"@id\":\"https:\/\/www.vita-explorers.dk\/blog\/#organization\"},\"image\":{\"@id\":\"https:\/\/www.vita-explorers.dk\/blog\/frivilligt-sprogophold-laer-et-sprog-og-stoet-et-lokalsamfund\/#primaryimage\"},\"thumbnailUrl\":\"https:\/\/www.vita-explorers.dk\/blog\/wp-content\/uploads\/2016\/04\/Summer-Plus-Iona-College-Classroom-3-RHRH.jpg\",\"articleSection\":[\"No Name\",\"Sprogophold\"],\"inLanguage\":\"da-DK\",\"potentialAction\":[{\"@type\":\"CommentAction\",\"name\":\"Comment\",\"target\":[\"https:\/\/www.vita-explorers.dk\/blog\/frivilligt-sprogophold-laer-et-sprog-og-stoet-et-lokalsamfund\/#respond\"]}]},{\"@type\":\"WebPage\",\"@id\":\"https:\/\/www.vita-explorers.dk\/blog\/frivilligt-sprogophold-laer-et-sprog-og-stoet-et-lokalsamfund\/\",\"url\":\"https:\/\/www.vita-explorers.dk\/blog\/frivilligt-sprogophold-laer-et-sprog-og-stoet-et-lokalsamfund\/\",\"name\":\"Sprogligt frivilligt arbejde: l\u00e6r og hj\u00e6lp gennem immersion\",\"isPartOf\":{\"@id\":\"https:\/\/www.vita-explorers.dk\/blog\/#website\"},\"primaryImageOfPage\":{\"@id\":\"https:\/\/www.vita-explorers.dk\/blog\/frivilligt-sprogophold-laer-et-sprog-og-stoet-et-lokalsamfund\/#primaryimage\"},\"image\":{\"@id\":\"https:\/\/www.vita-explorers.dk\/blog\/frivilligt-sprogophold-laer-et-sprog-og-stoet-et-lokalsamfund\/#primaryimage\"},\"thumbnailUrl\":\"https:\/\/www.vita-explorers.dk\/blog\/wp-content\/uploads\/2016\/04\/Summer-Plus-Iona-College-Classroom-3-RHRH.jpg\",\"datePublished\":\"2025-09-15T11:40:02+00:00\",\"dateModified\":\"2025-09-15T11:40:02+00:00\",\"description\":\"Am\u00e9liorez vos comp\u00e9tences linguistiques avec le volontariat linguistique : apprendre et aider sur le terrain de mani\u00e8re concr\u00e8te.\",\"breadcrumb\":{\"@id\":\"https:\/\/www.vita-explorers.dk\/blog\/frivilligt-sprogophold-laer-et-sprog-og-stoet-et-lokalsamfund\/#breadcrumb\"},\"inLanguage\":\"da-DK\",\"potentialAction\":[{\"@type\":\"ReadAction\",\"target\":[\"https:\/\/www.vita-explorers.dk\/blog\/frivilligt-sprogophold-laer-et-sprog-og-stoet-et-lokalsamfund\/\"]}]},{\"@type\":\"ImageObject\",\"inLanguage\":\"da-DK\",\"@id\":\"https:\/\/www.vita-explorers.dk\/blog\/frivilligt-sprogophold-laer-et-sprog-og-stoet-et-lokalsamfund\/#primaryimage\",\"url\":\"https:\/\/www.vita-explorers.dk\/blog\/wp-content\/uploads\/2016\/04\/Summer-Plus-Iona-College-Classroom-3-RHRH.jpg\",\"contentUrl\":\"https:\/\/www.vita-explorers.dk\/blog\/wp-content\/uploads\/2016\/04\/Summer-Plus-Iona-College-Classroom-3-RHRH.jpg\",\"width\":4256,\"height\":2832,\"caption\":\"S\u00e9jour linguistiques \u00e9tranger adolescents\"},{\"@type\":\"BreadcrumbList\",\"@id\":\"https:\/\/www.vita-explorers.dk\/blog\/frivilligt-sprogophold-laer-et-sprog-og-stoet-et-lokalsamfund\/#breadcrumb\",\"itemListElement\":[{\"@type\":\"ListItem\",\"position\":1,\"name\":\"Accueil\",\"item\":\"https:\/\/www.vita-explorers.dk\/blog\/\"},{\"@type\":\"ListItem\",\"position\":2,\"name\":\"Sprogligt frivilligt arbejde: l\u00e6r et sprog ved at st\u00f8tte et lokalsamfund\"}]},{\"@type\":\"WebSite\",\"@id\":\"https:\/\/www.vita-explorers.dk\/blog\/#website\",\"url\":\"https:\/\/www.vita-explorers.dk\/blog\/\",\"name\":\"Association Globalong\",\"description\":\"Frivilligt arbejde, sprogophold, praktik i udlandet og internationale oplevelser\",\"publisher\":{\"@id\":\"https:\/\/www.vita-explorers.dk\/blog\/#organization\"},\"potentialAction\":[{\"@type\":\"SearchAction\",\"target\":{\"@type\":\"EntryPoint\",\"urlTemplate\":\"https:\/\/www.vita-explorers.dk\/blog\/?s={search_term_string}\"},\"query-input\":{\"@type\":\"PropertyValueSpecification\",\"valueRequired\":true,\"valueName\":\"search_term_string\"}}],\"inLanguage\":\"da-DK\"},{\"@type\":\"Organization\",\"@id\":\"https:\/\/www.vita-explorers.dk\/blog\/#organization\",\"name\":\"Association Globalong\",\"url\":\"https:\/\/www.vita-explorers.dk\/blog\/\",\"logo\":{\"@type\":\"ImageObject\",\"inLanguage\":\"da-DK\",\"@id\":\"https:\/\/www.vita-explorers.dk\/blog\/#\/schema\/logo\/image\/\",\"url\":\"https:\/\/www.globalong.com\/blog\/wp-content\/uploads\/2014\/11\/cropped-cropped-Logo-et-Afrique-Globalong-petite-taille-2.jpg\",\"contentUrl\":\"https:\/\/www.globalong.com\/blog\/wp-content\/uploads\/2014\/11\/cropped-cropped-Logo-et-Afrique-Globalong-petite-taille-2.jpg\",\"width\":512,\"height\":512,\"caption\":\"Association Globalong\"},\"image\":{\"@id\":\"https:\/\/www.vita-explorers.dk\/blog\/#\/schema\/logo\/image\/\"},\"sameAs\":[\"https:\/\/www.facebook.com\/globalong\"]},{\"@type\":\"Person\",\"@id\":\"https:\/\/www.vita-explorers.dk\/blog\/#\/schema\/person\/fc0343a2f2db2ebb2793c1f62dbe73f0\",\"name\":\"VITA Tribe\",\"image\":{\"@type\":\"ImageObject\",\"inLanguage\":\"da-DK\",\"@id\":\"https:\/\/www.vita-explorers.dk\/blog\/#\/schema\/person\/image\/\",\"url\":\"https:\/\/secure.gravatar.com\/avatar\/f7f05026bb439d0c96b30e135e5f852c?s=96&d=mm&r=g\",\"contentUrl\":\"https:\/\/secure.gravatar.com\/avatar\/f7f05026bb439d0c96b30e135e5f852c?s=96&d=mm&r=g\",\"caption\":\"VITA Tribe\"},\"sameAs\":[\"http:\/\/www.globalong.com\"],\"url\":\"https:\/\/www.vita-explorers.dk\/blog\/author\/teamglobalong\/\"}]}<\/script>\n<!-- \/ Yoast SEO Premium plugin. -->","yoast_head_json":{"title":"Sprogligt frivilligt arbejde: l\u00e6r og hj\u00e6lp gennem immersion","description":"Am\u00e9liorez vos comp\u00e9tences linguistiques avec le volontariat linguistique : apprendre et aider sur le terrain de mani\u00e8re concr\u00e8te.","robots":{"index":"index","follow":"follow","max-snippet":"max-snippet:-1","max-image-preview":"max-image-preview:large","max-video-preview":"max-video-preview:-1"},"canonical":"https:\/\/www.vita-explorers.dk\/blog\/frivilligt-sprogophold-laer-et-sprog-og-stoet-et-lokalsamfund\/","og_locale":"da_DK","og_type":"article","og_title":"Sprogligt frivilligt arbejde: l\u00e6r et sprog ved at st\u00f8tte et lokalsamfund","og_description":"Am\u00e9liorez vos comp\u00e9tences linguistiques avec le volontariat linguistique : apprendre et aider sur le terrain de mani\u00e8re concr\u00e8te.","og_url":"https:\/\/www.vita-explorers.dk\/blog\/frivilligt-sprogophold-laer-et-sprog-og-stoet-et-lokalsamfund\/","og_site_name":"VITA Explorers Blog","article_publisher":"https:\/\/www.facebook.com\/globalong","article_published_time":"2025-09-15T11:40:02+00:00","og_image":[{"width":1024,"height":681,"url":"https:\/\/www.vita-explorers.dk\/blog\/wp-content\/uploads\/2016\/04\/Summer-Plus-Iona-College-Classroom-3-RHRH-1024x681.jpg","type":"image\/jpeg"}],"author":"VITA Tribe","twitter_card":"summary_large_image","twitter_misc":{"Skrevet af":"VITA Tribe","Estimeret l\u00e6setid":"9 minutter"},"schema":{"@context":"https:\/\/schema.org","@graph":[{"@type":"Article","@id":"https:\/\/www.vita-explorers.dk\/blog\/frivilligt-sprogophold-laer-et-sprog-og-stoet-et-lokalsamfund\/#article","isPartOf":{"@id":"https:\/\/www.vita-explorers.dk\/blog\/frivilligt-sprogophold-laer-et-sprog-og-stoet-et-lokalsamfund\/"},"author":{"name":"VITA Tribe","@id":"https:\/\/www.vita-explorers.dk\/blog\/#\/schema\/person\/fc0343a2f2db2ebb2793c1f62dbe73f0"},"headline":"Sprogligt frivilligt arbejde: l\u00e6r et sprog ved at st\u00f8tte et lokalsamfund","datePublished":"2025-09-15T11:40:02+00:00","dateModified":"2025-09-15T11:40:02+00:00","mainEntityOfPage":{"@id":"https:\/\/www.vita-explorers.dk\/blog\/frivilligt-sprogophold-laer-et-sprog-og-stoet-et-lokalsamfund\/"},"wordCount":1776,"commentCount":0,"publisher":{"@id":"https:\/\/www.vita-explorers.dk\/blog\/#organization"},"image":{"@id":"https:\/\/www.vita-explorers.dk\/blog\/frivilligt-sprogophold-laer-et-sprog-og-stoet-et-lokalsamfund\/#primaryimage"},"thumbnailUrl":"https:\/\/www.vita-explorers.dk\/blog\/wp-content\/uploads\/2016\/04\/Summer-Plus-Iona-College-Classroom-3-RHRH.jpg","articleSection":["No Name","Sprogophold"],"inLanguage":"da-DK","potentialAction":[{"@type":"CommentAction","name":"Comment","target":["https:\/\/www.vita-explorers.dk\/blog\/frivilligt-sprogophold-laer-et-sprog-og-stoet-et-lokalsamfund\/#respond"]}]},{"@type":"WebPage","@id":"https:\/\/www.vita-explorers.dk\/blog\/frivilligt-sprogophold-laer-et-sprog-og-stoet-et-lokalsamfund\/","url":"https:\/\/www.vita-explorers.dk\/blog\/frivilligt-sprogophold-laer-et-sprog-og-stoet-et-lokalsamfund\/","name":"Sprogligt frivilligt arbejde: l\u00e6r og hj\u00e6lp gennem immersion","isPartOf":{"@id":"https:\/\/www.vita-explorers.dk\/blog\/#website"},"primaryImageOfPage":{"@id":"https:\/\/www.vita-explorers.dk\/blog\/frivilligt-sprogophold-laer-et-sprog-og-stoet-et-lokalsamfund\/#primaryimage"},"image":{"@id":"https:\/\/www.vita-explorers.dk\/blog\/frivilligt-sprogophold-laer-et-sprog-og-stoet-et-lokalsamfund\/#primaryimage"},"thumbnailUrl":"https:\/\/www.vita-explorers.dk\/blog\/wp-content\/uploads\/2016\/04\/Summer-Plus-Iona-College-Classroom-3-RHRH.jpg","datePublished":"2025-09-15T11:40:02+00:00","dateModified":"2025-09-15T11:40:02+00:00","description":"Am\u00e9liorez vos comp\u00e9tences linguistiques avec le volontariat linguistique : apprendre et aider sur le terrain de mani\u00e8re concr\u00e8te.","breadcrumb":{"@id":"https:\/\/www.vita-explorers.dk\/blog\/frivilligt-sprogophold-laer-et-sprog-og-stoet-et-lokalsamfund\/#breadcrumb"},"inLanguage":"da-DK","potentialAction":[{"@type":"ReadAction","target":["https:\/\/www.vita-explorers.dk\/blog\/frivilligt-sprogophold-laer-et-sprog-og-stoet-et-lokalsamfund\/"]}]},{"@type":"ImageObject","inLanguage":"da-DK","@id":"https:\/\/www.vita-explorers.dk\/blog\/frivilligt-sprogophold-laer-et-sprog-og-stoet-et-lokalsamfund\/#primaryimage","url":"https:\/\/www.vita-explorers.dk\/blog\/wp-content\/uploads\/2016\/04\/Summer-Plus-Iona-College-Classroom-3-RHRH.jpg","contentUrl":"https:\/\/www.vita-explorers.dk\/blog\/wp-content\/uploads\/2016\/04\/Summer-Plus-Iona-College-Classroom-3-RHRH.jpg","width":4256,"height":2832,"caption":"S\u00e9jour linguistiques \u00e9tranger adolescents"},{"@type":"BreadcrumbList","@id":"https:\/\/www.vita-explorers.dk\/blog\/frivilligt-sprogophold-laer-et-sprog-og-stoet-et-lokalsamfund\/#breadcrumb","itemListElement":[{"@type":"ListItem","position":1,"name":"Accueil","item":"https:\/\/www.vita-explorers.dk\/blog\/"},{"@type":"ListItem","position":2,"name":"Sprogligt frivilligt arbejde: l\u00e6r et sprog ved at st\u00f8tte et lokalsamfund"}]},{"@type":"WebSite","@id":"https:\/\/www.vita-explorers.dk\/blog\/#website","url":"https:\/\/www.vita-explorers.dk\/blog\/","name":"Association Globalong","description":"Frivilligt arbejde, sprogophold, praktik i udlandet og internationale oplevelser","publisher":{"@id":"https:\/\/www.vita-explorers.dk\/blog\/#organization"},"potentialAction":[{"@type":"SearchAction","target":{"@type":"EntryPoint","urlTemplate":"https:\/\/www.vita-explorers.dk\/blog\/?s={search_term_string}"},"query-input":{"@type":"PropertyValueSpecification","valueRequired":true,"valueName":"search_term_string"}}],"inLanguage":"da-DK"},{"@type":"Organization","@id":"https:\/\/www.vita-explorers.dk\/blog\/#organization","name":"Association Globalong","url":"https:\/\/www.vita-explorers.dk\/blog\/","logo":{"@type":"ImageObject","inLanguage":"da-DK","@id":"https:\/\/www.vita-explorers.dk\/blog\/#\/schema\/logo\/image\/","url":"https:\/\/www.globalong.com\/blog\/wp-content\/uploads\/2014\/11\/cropped-cropped-Logo-et-Afrique-Globalong-petite-taille-2.jpg","contentUrl":"https:\/\/www.globalong.com\/blog\/wp-content\/uploads\/2014\/11\/cropped-cropped-Logo-et-Afrique-Globalong-petite-taille-2.jpg","width":512,"height":512,"caption":"Association Globalong"},"image":{"@id":"https:\/\/www.vita-explorers.dk\/blog\/#\/schema\/logo\/image\/"},"sameAs":["https:\/\/www.facebook.com\/globalong"]},{"@type":"Person","@id":"https:\/\/www.vita-explorers.dk\/blog\/#\/schema\/person\/fc0343a2f2db2ebb2793c1f62dbe73f0","name":"VITA Tribe","image":{"@type":"ImageObject","inLanguage":"da-DK","@id":"https:\/\/www.vita-explorers.dk\/blog\/#\/schema\/person\/image\/","url":"https:\/\/secure.gravatar.com\/avatar\/f7f05026bb439d0c96b30e135e5f852c?s=96&d=mm&r=g","contentUrl":"https:\/\/secure.gravatar.com\/avatar\/f7f05026bb439d0c96b30e135e5f852c?s=96&d=mm&r=g","caption":"VITA Tribe"},"sameAs":["http:\/\/www.globalong.com"],"url":"https:\/\/www.vita-explorers.dk\/blog\/author\/teamglobalong\/"}]}},"_links":{"self":[{"href":"https:\/\/www.vita-explorers.dk\/blog\/wp-json\/wp\/v2\/posts\/21779"}],"collection":[{"href":"https:\/\/www.vita-explorers.dk\/blog\/wp-json\/wp\/v2\/posts"}],"about":[{"href":"https:\/\/www.vita-explorers.dk\/blog\/wp-json\/wp\/v2\/types\/post"}],"author":[{"embeddable":true,"href":"https:\/\/www.vita-explorers.dk\/blog\/wp-json\/wp\/v2\/users\/7"}],"replies":[{"embeddable":true,"href":"https:\/\/www.vita-explorers.dk\/blog\/wp-json\/wp\/v2\/comments?post=21779"}],"version-history":[{"count":4,"href":"https:\/\/www.vita-explorers.dk\/blog\/wp-json\/wp\/v2\/posts\/21779\/revisions"}],"predecessor-version":[{"id":21831,"href":"https:\/\/www.vita-explorers.dk\/blog\/wp-json\/wp\/v2\/posts\/21779\/revisions\/21831"}],"wp:featuredmedia":[{"embeddable":true,"href":"https:\/\/www.vita-explorers.dk\/blog\/wp-json\/wp\/v2\/media\/3494"}],"wp:attachment":[{"href":"https:\/\/www.vita-explorers.dk\/blog\/wp-json\/wp\/v2\/media?parent=21779"}],"wp:term":[{"taxonomy":"category","embeddable":true,"href":"https:\/\/www.vita-explorers.dk\/blog\/wp-json\/wp\/v2\/categories?post=21779"},{"taxonomy":"post_tag","embeddable":true,"href":"https:\/\/www.vita-explorers.dk\/blog\/wp-json\/wp\/v2\/tags?post=21779"}],"curies":[{"name":"wp","href":"https:\/\/api.w.org\/{rel}","templated":true}]}}