{"id":21836,"date":"2025-09-17T07:00:39","date_gmt":"2025-09-17T05:00:39","guid":{"rendered":"https:\/\/www.globalong.com\/blog\/?p=21836"},"modified":"2025-09-15T21:53:02","modified_gmt":"2025-09-15T19:53:02","slug":"frivilligt-arbejde-paa-tvaers-af-generationer-i-udlandet","status":"publish","type":"post","link":"https:\/\/www.vita-explorers.dk\/blog\/frivilligt-arbejde-paa-tvaers-af-generationer-i-udlandet\/","title":{"rendered":"Frivilligt arbejde p\u00e5 tv\u00e6rs af generationer: seniorer og unge engagerer sig"},"content":{"rendered":"<style>\n    body{font-family:Arial,Helvetica,sans-serif;line-height:1.7;margin:0;padding:24px;color:#111}<br \/>\n    p,li{text-align:justify;}<br \/>\n    h1,h2,h3{text-align:justify;line-height:1.3;margin:1.2em 0 .6em;}<br \/>\n    nav ul{margin:0 0 1rem 1.2rem}<br \/>\n    nav li{margin:.25rem 0}<br \/>\n    blockquote{border-left:4px solid #ccc;padding-left:14px;margin:18px 0;font-style:italic}<br \/>\n  <\/style>\n<h1>Intergenerationelt frivilligt arbejde i udlandet: seniorer og unge sammen om en f\u00e6lles indsats<\/h1>\n<p style=\"text-align: justify;\"> <strong>Intergenerationelt frivilligt arbejde i udlandet<\/strong> g\u00f8r det muligt for unge og seniorer at engagere sig sammen i et internationalt forl\u00f8b med socialt sigte. Formatet samler to generationer med forskellige styrker: De unge bidrager ofte med energi og digitale kompetencer, mens seniorer kommer med erfaring, ro og praktisk knowhow. Sammen kan de skabe en positiv og langtidsholdbar effekt i lokale f\u00e6llesskaber rundt om i verden.<\/p>\n<p style=\"text-align: justify;\">Her f\u00e5r du overblikket over det vigtigste, f\u00f8r du tager afsted: hvad det er, fordelene, typer af internationale forl\u00f8b, adgangskrav, <a href=\"https:\/\/www.vita-explorers.dk\/tarifs.html\" target=\"_blank\" rel=\"noopener\">budget<\/a>, impact, oplevelser og konkrete r\u00e5d.<\/p>\n<p><!-- TABLE DES MATIERES --><\/p>\n<nav>\n<h2>???? Indhold<\/h2>\n<ul>\n<li><a href=\"#definition\">Hvad er intergenerationelt frivilligt arbejde i udlandet?<\/a><\/li>\n<li><a href=\"#pourquoi\">Hvorfor tage afsted?<\/a><\/li>\n<li><a href=\"#types-missions\">Typer af internationale, sociale forl\u00f8b<\/a><\/li>\n<li><a href=\"#conditions\">Rammer og forberedelse f\u00f8r afrejse<\/a><\/li>\n<li><a href=\"#budget\">Budget og finansiering<\/a><\/li>\n<li><a href=\"#benefices\">Gevinster for b\u00e5de seniorer og unge<\/a><\/li>\n<li><a href=\"#impact\">Langsigtet social og professionel effekt<\/a><\/li>\n<li><a href=\"#temoignage\">Oplevelse fra et makkerpar<\/a><\/li>\n<li><a href=\"#conseils\">R\u00e5d til at lykkes med forl\u00f8bet<\/a><\/li>\n<li><a href=\"#faq\">FAQ<\/a><\/li>\n<li><a href=\"#conclusion\">Konklusion<\/a><\/li>\n<\/ul>\n<\/nav>\n<p><a href=\"https:\/\/www.vita-explorers.dk\/blog\/wp-content\/uploads\/2025\/09\/Mission-humanitaire-Nepal-5.jpg\"><img loading=\"lazy\" decoding=\"async\" class=\"wp-image-21680 size-medium aligncenter\" src=\"https:\/\/www.vita-explorers.dk\/blog\/wp-content\/uploads\/2025\/09\/Mission-humanitaire-Nepal-5-300x225.jpg\" alt=\"Humanit\u00e6rt forl\u00f8b i Nepal\" width=\"300\" height=\"225\" srcset=\"https:\/\/www.vita-explorers.dk\/blog\/wp-content\/uploads\/2025\/09\/Mission-humanitaire-Nepal-5-300x225.jpg 300w, https:\/\/www.vita-explorers.dk\/blog\/wp-content\/uploads\/2025\/09\/Mission-humanitaire-Nepal-5-1024x768.jpg 1024w, https:\/\/www.vita-explorers.dk\/blog\/wp-content\/uploads\/2025\/09\/Mission-humanitaire-Nepal-5-768x576.jpg 768w, https:\/\/www.vita-explorers.dk\/blog\/wp-content\/uploads\/2025\/09\/Mission-humanitaire-Nepal-5-1536x1152.jpg 1536w, https:\/\/www.vita-explorers.dk\/blog\/wp-content\/uploads\/2025\/09\/Mission-humanitaire-Nepal-5.jpg 2048w\" sizes=\"(max-width: 300px) 100vw, 300px\" \/><\/a><\/p>\n<section id=\"definition\">\n<h2>Hvad er intergenerationelt frivilligt arbejde i udlandet?<\/h2>\n<p style=\"text-align: justify;\"> <strong>Intergenerationelt frivilligt arbejde i udlandet<\/strong> handler om, at deltagere fra forskellige generationer samarbejder i et tredje land om et f\u00e6lles m\u00e5l. I mods\u00e6tning til et klassisk individuelt ophold bygger denne form p\u00e5, at alder og erfaring supplerer hinanden \u2013 og at man st\u00f8tter hinanden undervejs.<\/p>\n<p style=\"text-align: justify;\">Forl\u00f8bene kan v\u00e6re for bedstefor\u00e6ldre og b\u00f8rneb\u00f8rn, unge voksne og <a href=\"https:\/\/www.vita-explorers.dk\/blog\/humanitaer-rejse-for-pensionister-og-seniorer\/\" target=\"_blank\" rel=\"noopener\">pensionister<\/a>, eller blandede grupper organiseret via en organisation. N\u00e5r man deler b\u00e5de opgaven og hverdagen, l\u00e6rer man af hinanden \u2013 samtidig med at man bidrager til en indsats, der giver mening lokalt.<\/p>\n<\/section>\n<section id=\"pourquoi\">\n<h2>Hvorfor tage afsted?<\/h2>\n<p style=\"text-align: justify;\">At v\u00e6lge en oplevelse i udlandet giver flere klare fordele. For det f\u00f8rste bliver den <a href=\"https:\/\/www.vita-explorers.dk\/blog\/interkulturel-oplevelse-i-udlandet\/\" target=\"_blank\" rel=\"noopener\">kulturelle fordybelse<\/a> typisk langt st\u00e6rkere end hjemme: sprog, vaner, d\u00f8gnrytme, tempo og omgang med tid \u2013 alt er nyt. Derudover styrker det relationen i en intergenerationel gruppe markant, n\u00e5r man arbejder sammen v\u00e6k fra vante rammer.<\/p>\n<ul style=\"text-align: justify;\">\n<li>At opleve en kultur, der er markant anderledes end ens egen<\/li>\n<li>At l\u00e6re eller forbedre et <a href=\"https:\/\/www.vita-explorers.dk\/blog\/frivilligt-sprogophold-laer-et-sprog-og-stoet-et-lokalsamfund\/\" target=\"_blank\" rel=\"noopener\">fremmedsprog<\/a><\/li>\n<li>At komme ud af komfortzonen og udvikle sig personligt<\/li>\n<li>At deltage i konkrete projekter i omr\u00e5der med store behov<\/li>\n<\/ul>\n<p style=\"text-align: justify;\">Kort sagt: Det er en mindev\u00e6rdig menneskelig og kulturel oplevelse \u2013 og samtidig en indsats, der kan m\u00e6rkes.<\/p>\n<\/section>\n<section id=\"types-missions\">\n<h2>Typer af internationale, sociale forl\u00f8b<\/h2>\n<p style=\"text-align: justify;\"> <strong>Intergenerationelle forl\u00f8b i udlandet<\/strong> kan sp\u00e6nde over mange forskellige omr\u00e5der. De tilpasses typisk deltagernes kompetencer og fysiske niveau og l\u00e6gger op til at arbejde sammen som makkerpar.<\/p>\n<ol style=\"text-align: justify;\">\n<li><strong><a href=\"https:\/\/www.vita-explorers.dk\/blog\/frivilligt-arbejde-inden-for-uddannelse-i-udlandet\/\" target=\"_blank\" rel=\"noopener\">Uddannelse<\/a> :<\/strong> l\u00e6se- og skriveaktiviteter, lektiehj\u00e6lp, undervisning i engelsk eller fransk, kreative workshops.<\/li>\n<li><strong><a href=\"https:\/\/www.vita-explorers.dk\/blog\/humanitaert-miljoeprojekt\/\" target=\"_blank\" rel=\"noopener\">Milj\u00f8<\/a> :<\/strong> genplantning, affaldsh\u00e5ndtering, undervisning i milj\u00f8 og b\u00e6redygtighed p\u00e5 skoler.<\/li>\n<li><strong><a href=\"https:\/\/www.vita-explorers.dk\/blog\/humanit\u00e6rt-forl\u00f8b-under-opbygning\/\" target=\"_blank\" rel=\"noopener\">Byggeri<\/a> :<\/strong> renovering af skoler, br\u00f8nde, sundhedsklinikker eller biblioteker.<\/li>\n<li><strong><a href=\"https:\/\/www.vita-explorers.dk\/blog\/humanitaert-sundhedsforloeb\/\" target=\"_blank\" rel=\"noopener\">Sundhed i lokalsamfund<\/a> :<\/strong> st\u00f8tte i klinikker, forebyggelseskampagner, hygiejne-workshops.<\/li>\n<li><strong><a href=\"https:\/\/www.vita-explorers.dk\/blog\/forbered-dit-barn-paa-at-opleve-en-anden-kultur\/\" target=\"_blank\" rel=\"noopener\">Kultur og kulturarv<\/a> :<\/strong> indsamling af historier, restaurering af \u00e6ldre genstande, planl\u00e6gning af lokale festivaler.<\/li>\n<\/ol>\n<p style=\"text-align: justify;\">Forl\u00f8bene kr\u00e6ver ofte ikke s\u00e6rlige tekniske foruds\u00e6tninger \u2013 men til geng\u00e6ld motivation, respekt og godt samspil p\u00e5 tv\u00e6rs af generationer.<\/p>\n<\/section>\n<section id=\"conditions\">\n<h2><\/h2>\n<h2><a href=\"https:\/\/www.vita-explorers.dk\/blog\/wp-content\/uploads\/2025\/01\/elderly-care1-min-5f69bb4146908.jpeg\"><img loading=\"lazy\" decoding=\"async\" class=\"aligncenter wp-image-20066 size-full\" src=\"https:\/\/www.vita-explorers.dk\/blog\/wp-content\/uploads\/2025\/01\/elderly-care1-min-5f69bb4146908.jpeg\" alt=\"R\u00e5d om internationalt frivilligt arbejde\" width=\"370\" height=\"240\" srcset=\"https:\/\/www.vita-explorers.dk\/blog\/wp-content\/uploads\/2025\/01\/elderly-care1-min-5f69bb4146908.jpeg 370w, https:\/\/www.vita-explorers.dk\/blog\/wp-content\/uploads\/2025\/01\/elderly-care1-min-5f69bb4146908-300x195.jpeg 300w\" sizes=\"(max-width: 370px) 100vw, 370px\" \/><\/a><\/h2>\n<h2><\/h2>\n<h2>Rammer og forberedelse f\u00f8r afrejse<\/h2>\n<p>Et ophold i udlandet kr\u00e6ver god logistisk og mental forberedelse. Her er de vigtigste punkter at have styr p\u00e5:<\/p>\n<ul>\n<li>Tjek pas, visum og forsikringer<\/li>\n<li>F\u00e5 de anbefalede vaccinationer til det valgte land<\/li>\n<li>Deltag i forberedelse om kultur og sprog<\/li>\n<li>Vurd\u00e9r tid, overskud og energiniveau<\/li>\n<li>Aftal roller og ansvar i makkerparret p\u00e5 forh\u00e5nd<\/li>\n<\/ul>\n<p>God forberedelse er afg\u00f8rende for tryghed, sundhed og et godt forl\u00f8b.<\/p>\n<\/section>\n<section id=\"budget\">\n<h2>Budget og finansiering<\/h2>\n<p>I mods\u00e6tning til hvad mange tror, er <strong>internationalt frivilligt arbejde<\/strong> ikke altid gratis. Mange organisationer tager en deltagerbetaling, som d\u00e6kker indkvartering, m\u00e5ltider, materialer, lokal koordinering og nogle gange transport.<\/p>\n<ul>\n<li><strong>Gennemsnitlig pris:<\/strong> mellem 1.500 og 2.500 \u20ac for 2 til 4 uger<\/li>\n<li><strong>Flybilletter:<\/strong> kommer typisk oveni (ofte 400 til 900 \u20ac afh\u00e6ngigt af destination)<\/li>\n<li><strong>Rejse- og sundhedsforsikring:<\/strong> ca. 50 til 150 \u20ac<\/li>\n<li><strong>Vacciner og medicin:<\/strong> varierer efter omr\u00e5de<\/li>\n<\/ul>\n<p>Der er flere m\u00e5der at finansiere hele eller dele af budgettet p\u00e5:<\/p>\n<ul>\n<li>Indsamling blandt familie og venner<\/li>\n<li>Legater til sociale projekter (kommuner, private fonde)<\/li>\n<li>St\u00f8tte fra en virksomhed (fx faglig st\u00f8tte\/kompetencebidrag)<\/li>\n<\/ul>\n<p>Et realistisk budget fra start mindsker stress og g\u00f8r det lettere at planl\u00e6gge finansieringen.<\/p>\n<\/section>\n<section id=\"benefices\">\n<h2>Gevinster for b\u00e5de seniorer og unge<\/h2>\n<p style=\"text-align: justify;\">Den her type forl\u00f8b har stor menneskelig v\u00e6rdi. Unge udvikler selvst\u00e6ndighed, omstillingsparathed, tolerance og interkulturelle kompetencer. Seniorer kan opleve fornyet mening, bruge deres erfaring aktivt og holde sig i gang \u2013 p\u00e5 en m\u00e5de, der f\u00f8les relevant.<\/p>\n<ul>\n<li style=\"text-align: justify;\">Styrket selvv\u00e6rd og st\u00f8rre gensidig tillid<\/li>\n<li style=\"text-align: justify;\">Vidensdeling og st\u00f8rre \u00e5benhed<\/li>\n<li style=\"text-align: justify;\">Udvikling af praktiske og sociale kompetencer<\/li>\n<li style=\"text-align: justify;\">F\u00e6lles minder og en relation, der kan holde l\u00e6nge<\/li>\n<\/ul>\n<\/section>\n<p><a href=\"https:\/\/www.vita-explorers.dk\/blog\/wp-content\/uploads\/2025\/01\/PHOTO-2022-09-22-16-06-22-2-63c54b26776af.jpeg\"><img loading=\"lazy\" decoding=\"async\" class=\"aligncenter wp-image-20057 size-full\" src=\"https:\/\/www.vita-explorers.dk\/blog\/wp-content\/uploads\/2025\/01\/PHOTO-2022-09-22-16-06-22-2-63c54b26776af.jpeg\" alt=\"\u00d8ko-frivilligt arbejde for at beskytte milj\u00f8et\" width=\"370\" height=\"240\" srcset=\"https:\/\/www.vita-explorers.dk\/blog\/wp-content\/uploads\/2025\/01\/PHOTO-2022-09-22-16-06-22-2-63c54b26776af.jpeg 370w, https:\/\/www.vita-explorers.dk\/blog\/wp-content\/uploads\/2025\/01\/PHOTO-2022-09-22-16-06-22-2-63c54b26776af-300x195.jpeg 300w\" sizes=\"(max-width: 370px) 100vw, 370px\" \/><\/a><\/p>\n<section id=\"impact\">\n<h2>Langsigtet social og professionel effekt<\/h2>\n<p><strong>Intergenerationelt frivilligt arbejde i udlandet<\/strong> kan s\u00e6tte spor langt ud over selve opholdet. For unge kan det styrke CV\u2019et og vise evne til at indg\u00e5 i internationale rammer. For seniorer kan det underst\u00f8tte et aktivt og meningsfuldt seniorliv.<\/p>\n<p>Mange v\u00e6lger efterf\u00f8lgende at engagere sig lokalt, blive mentorer eller tage initiativ til nye projekter. Oplevelsen kan give varige perspektiver, styrke sammenhold og bidrage til mere \u00e5benhed p\u00e5 tv\u00e6rs af generationer.<\/p>\n<\/section>\n<section id=\"temoignage\">\n<h2 style=\"text-align: justify;\">Oplevelse fra et makkerpar<\/h2>\n<blockquote>\n<p style=\"text-align: justify;\">\u00ab Som 66-\u00e5rig tog jeg afsted med mit 20-\u00e5rige barnebarn p\u00e5 et ophold i Costa Rica. Vi deltog i et projekt med genplantning og milj\u00f8formidling p\u00e5 skoler i landdistrikter. Han stod for de p\u00e6dagogiske aktiviteter, mens jeg koordinerede logistikken og selve plantningen af tr\u00e6er. Dag for dag l\u00e6rte vi den lokale kultur at kende, fandt nye m\u00e5der at kommunikere p\u00e5 og kom t\u00e6ttere p\u00e5 hinanden. Oplevelsen \u00e6ndrede os begge: Jeg fandt en ny energi, og han fik en tydeligere modenhed med sig hjem. \u00bb<br \/>\n\u2014 <strong>Jean-Michel, senior-deltager<\/strong><\/p>\n<\/blockquote>\n<\/section>\n<section id=\"conseils\">\n<h2 style=\"text-align: justify;\">R\u00e5d til at lykkes med forl\u00f8bet<\/h2>\n<ul style=\"text-align: justify;\">\n<li>V\u00e6lg et forl\u00f8b, der passer til begge parters fysiske niveau<\/li>\n<li>Afstem forventninger og m\u00e5l sammen, f\u00f8r I tager afsted<\/li>\n<li>Giv jer tid til at falde til og respekter det lokale tempo<\/li>\n<li>V\u00e6r t\u00e5lmodige og fleksible, n\u00e5r tingene ikke g\u00e5r som planlagt<\/li>\n<li>Fejr fremskridt \u2013 ogs\u00e5 de sm\u00e5 \u2013 for at holde motivationen oppe<\/li>\n<\/ul>\n<\/section>\n<p><a href=\"https:\/\/www.vita-explorers.dk\/blog\/wp-content\/uploads\/2024\/12\/107695164_1357931937735407_4757696997449785457_n.jpg\"><img loading=\"lazy\" decoding=\"async\" class=\"aligncenter wp-image-19736 size-medium\" src=\"https:\/\/www.vita-explorers.dk\/blog\/wp-content\/uploads\/2024\/12\/107695164_1357931937735407_4757696997449785457_n-225x300.jpg\" alt=\"At forberede sit barn p\u00e5 m\u00f8det med en anden kultur\" width=\"225\" height=\"300\" srcset=\"https:\/\/www.vita-explorers.dk\/blog\/wp-content\/uploads\/2024\/12\/107695164_1357931937735407_4757696997449785457_n-225x300.jpg 225w, https:\/\/www.vita-explorers.dk\/blog\/wp-content\/uploads\/2024\/12\/107695164_1357931937735407_4757696997449785457_n.jpg 720w\" sizes=\"(max-width: 225px) 100vw, 225px\" \/><\/a><\/p>\n<section id=\"faq\">\n<h2>FAQ<\/h2>\n<h3>Hvilke lande tilbyder intergenerationelt frivilligt arbejde i udlandet?<\/h3>\n<p>Mange lande: Cambodja, Vietnam, Costa Rica, Peru, Tanzania \u2026 afh\u00e6ngigt af jeres interesser og muligheder.<\/p>\n<h3>Skal man kunne sproget for at deltage?<\/h3>\n<p>Nej, men det hj\u00e6lper at kunne lidt. Mange forl\u00f8b har tosproget st\u00f8tte eller tilbyder sprogundervisning.<\/p>\n<h3>Er intergenerationelt frivilligt arbejde i udlandet noget, man betaler for?<\/h3>\n<p>Som regel ja, for at d\u00e6kke indkvartering, mad og logistik. Der findes ogs\u00e5 muligheder for \u00f8konomisk st\u00f8tte.<\/p>\n<h3>Hvor l\u00e6nge varer et forl\u00f8b?<\/h3>\n<p>Fra to uger til flere m\u00e5neder: I kan v\u00e6lge et kort ophold eller et l\u00e6ngere projekt alt efter jeres rammer.<\/p>\n<h3>Hvor gammel skal man v\u00e6re for at deltage?<\/h3>\n<p>De fleste programmer tager imod deltagere fra 16 \u00e5r (med ledsager) og uden \u00f8vre aldersgr\u00e6nse for seniorer i god helbredstilstand.<\/p>\n<\/section>\n<section id=\"conclusion\">\n<h2>Konklusion<\/h2>\n<p><strong>Intergenerationelt frivilligt arbejde i udlandet<\/strong> er mere end en almindelig <a href=\"https:\/\/www.vita-explorers.dk\/blog\/solidarisk-rejse-og-humanitaert-ophold\/\" target=\"_blank\" rel=\"noopener\">solidaritetsrejse<\/a>: Det er en meningsfuld oplevelse, der kan bringe generationer t\u00e6ttere p\u00e5 hinanden og samtidig st\u00f8tte vigtige indsatser rundt om i verden.<\/p>\n<p>Hvis I \u00f8nsker en erfaring, der giver mening, kan I tage n\u00e6ste skridt nu: v\u00e6lg et projekt, forbered afrejsen og tag afsted \u2013 to generationer side om side.<\/p>\n<\/section>\n<p style=\"text-align: justify;\">\n<p style=\"text-align: center;\"><strong>Klar til at komme i gang?<\/strong> F\u00e5 forslag til forl\u00f8b, der matcher dine kompetencer og det, du gerne vil opn\u00e5.<\/p>\n<p style=\"text-align: center;\"><a href=\"https:\/\/www.vita-explorers.dk\/#tel-contact-form-glob\" target=\"_blank\" rel=\"noopener\">Jeg vil gerne s\u00e6ttes i kontakt<\/a><\/p>\n<p class=\"muted\" style=\"text-align: center;\">\u00a9 VITA Institute \u2014 Ressourcer til ansvarlige internationale forl\u00f8b og frivilligt arbejde.<\/p>\n<p class=\"p4\" style=\"text-align: center;\"><b>For mere information er du velkommen til at kontakte os p\u00e5 <\/b><a href=\"mailto:info@globalong.com\"><span class=\"s2\"><b>info@globalong.com<\/b><\/span><\/a><\/p>\n<p class=\"p4\" style=\"text-align: center;\"><b>Vil du f\u00f8lge med i VITA Institute og vores community, kan du finde os p\u00e5 <\/b><a href=\"https:\/\/www.instagram.com\/globalongofficiel\/\" target=\"_blank\" rel=\"noopener\"><span class=\"s2\"><b>Instagram<\/b><\/span><\/a><b>,<\/b><a href=\"https:\/\/www.facebook.com\/globalong\" target=\"_blank\" rel=\"noopener\"><span class=\"s2\"><b>Facebook<\/b><\/span><\/a><b>,<\/b><a href=\"https:\/\/www.linkedin.com\/company\/5113177\/admin\/feed\/posts\/\" target=\"_blank\" rel=\"noopener\"><span class=\"s2\"><b>LinkedIn<\/b><\/span><\/a><b>og<\/b><a href=\"https:\/\/www.youtube.com\/c\/globalong\/videos\" target=\"_blank\" rel=\"noopener\"><span class=\"s2\"><b>Youtube<\/b><\/span><\/a><b>!<\/b><\/p>\n<p style=\"text-align: justify;\">\n","protected":false},"excerpt":{"rendered":"<p>Intergenerationelt frivilligt arbejde i udlandet: seniorer og unge sammen om en f\u00e6lles indsats Intergenerationelt frivilligt arbejde i udlandet g\u00f8r det muligt for unge og\u2026<\/p>\n","protected":false},"author":7,"featured_media":21840,"comment_status":"open","ping_status":"open","sticky":false,"template":"","format":"standard","meta":{"footnotes":""},"categories":[8],"tags":[],"yoast_head":"<!-- This site is optimized with the Yoast SEO Premium plugin v23.4 (Yoast SEO v23.4) - https:\/\/yoast.com\/wordpress\/plugins\/seo\/ -->\n<title>Intergenerationelt frivilligt arbejde i udlandet: vigtigste fordele<\/title>\n<meta name=\"description\" content=\"Apprenez comment le volontariat interg\u00e9n\u00e9rationnel \u00e0 l&#039;\u00e9tranger r\u00e9unit jeunes et seniors pour des missions solidaires enrichissantes.\" \/>\n<meta name=\"robots\" content=\"index, follow, max-snippet:-1, max-image-preview:large, max-video-preview:-1\" \/>\n<link rel=\"canonical\" href=\"https:\/\/www.vita-explorers.dk\/blog\/frivilligt-arbejde-paa-tvaers-af-generationer-i-udlandet\/\" \/>\n<meta property=\"og:locale\" content=\"da_DK\" \/>\n<meta property=\"og:type\" content=\"article\" \/>\n<meta property=\"og:title\" content=\"Frivilligt arbejde p\u00e5 tv\u00e6rs af generationer: seniorer og unge engagerer sig\" \/>\n<meta property=\"og:description\" content=\"Apprenez comment le volontariat interg\u00e9n\u00e9rationnel \u00e0 l&#039;\u00e9tranger r\u00e9unit jeunes et seniors pour des missions solidaires enrichissantes.\" \/>\n<meta property=\"og:url\" content=\"https:\/\/www.vita-explorers.dk\/blog\/frivilligt-arbejde-paa-tvaers-af-generationer-i-udlandet\/\" \/>\n<meta property=\"og:site_name\" content=\"VITA Explorers Blog\" \/>\n<meta property=\"article:publisher\" content=\"https:\/\/www.facebook.com\/globalong\" \/>\n<meta property=\"article:published_time\" content=\"2025-09-17T05:00:39+00:00\" \/>\n<meta property=\"article:modified_time\" content=\"2025-09-15T19:53:02+00:00\" \/>\n<meta property=\"og:image\" content=\"https:\/\/www.vita-explorers.dk\/blog\/wp-content\/uploads\/2025\/09\/REPDOM4.jpeg\" \/>\n\t<meta property=\"og:image:width\" content=\"1600\" \/>\n\t<meta property=\"og:image:height\" content=\"1600\" \/>\n\t<meta property=\"og:image:type\" content=\"image\/jpeg\" \/>\n<meta name=\"author\" content=\"VITA Tribe\" \/>\n<meta name=\"twitter:card\" content=\"summary_large_image\" \/>\n<meta name=\"twitter:label1\" content=\"Skrevet af\" \/>\n\t<meta name=\"twitter:data1\" content=\"VITA Tribe\" \/>\n\t<meta name=\"twitter:label2\" content=\"Estimeret l\u00e6setid\" \/>\n\t<meta name=\"twitter:data2\" content=\"7 minutter\" \/>\n<script type=\"application\/ld+json\" class=\"yoast-schema-graph\">{\"@context\":\"https:\/\/schema.org\",\"@graph\":[{\"@type\":\"Article\",\"@id\":\"https:\/\/www.vita-explorers.dk\/blog\/frivilligt-arbejde-paa-tvaers-af-generationer-i-udlandet\/#article\",\"isPartOf\":{\"@id\":\"https:\/\/www.vita-explorers.dk\/blog\/frivilligt-arbejde-paa-tvaers-af-generationer-i-udlandet\/\"},\"author\":{\"name\":\"VITA Tribe\",\"@id\":\"https:\/\/www.vita-explorers.dk\/blog\/#\/schema\/person\/fc0343a2f2db2ebb2793c1f62dbe73f0\"},\"headline\":\"Frivilligt arbejde p\u00e5 tv\u00e6rs af generationer: seniorer og unge engagerer sig\",\"datePublished\":\"2025-09-17T05:00:39+00:00\",\"dateModified\":\"2025-09-15T19:53:02+00:00\",\"mainEntityOfPage\":{\"@id\":\"https:\/\/www.vita-explorers.dk\/blog\/frivilligt-arbejde-paa-tvaers-af-generationer-i-udlandet\/\"},\"wordCount\":1301,\"commentCount\":0,\"publisher\":{\"@id\":\"https:\/\/www.vita-explorers.dk\/blog\/#organization\"},\"image\":{\"@id\":\"https:\/\/www.vita-explorers.dk\/blog\/frivilligt-arbejde-paa-tvaers-af-generationer-i-udlandet\/#primaryimage\"},\"thumbnailUrl\":\"https:\/\/www.vita-explorers.dk\/blog\/wp-content\/uploads\/2025\/09\/REPDOM4.jpeg\",\"articleSection\":[\"Humanit\u00e6rt frivilligt arbejde\"],\"inLanguage\":\"da-DK\",\"potentialAction\":[{\"@type\":\"CommentAction\",\"name\":\"Comment\",\"target\":[\"https:\/\/www.vita-explorers.dk\/blog\/frivilligt-arbejde-paa-tvaers-af-generationer-i-udlandet\/#respond\"]}]},{\"@type\":\"WebPage\",\"@id\":\"https:\/\/www.vita-explorers.dk\/blog\/frivilligt-arbejde-paa-tvaers-af-generationer-i-udlandet\/\",\"url\":\"https:\/\/www.vita-explorers.dk\/blog\/frivilligt-arbejde-paa-tvaers-af-generationer-i-udlandet\/\",\"name\":\"Intergenerationelt frivilligt arbejde i udlandet: vigtigste fordele\",\"isPartOf\":{\"@id\":\"https:\/\/www.vita-explorers.dk\/blog\/#website\"},\"primaryImageOfPage\":{\"@id\":\"https:\/\/www.vita-explorers.dk\/blog\/frivilligt-arbejde-paa-tvaers-af-generationer-i-udlandet\/#primaryimage\"},\"image\":{\"@id\":\"https:\/\/www.vita-explorers.dk\/blog\/frivilligt-arbejde-paa-tvaers-af-generationer-i-udlandet\/#primaryimage\"},\"thumbnailUrl\":\"https:\/\/www.vita-explorers.dk\/blog\/wp-content\/uploads\/2025\/09\/REPDOM4.jpeg\",\"datePublished\":\"2025-09-17T05:00:39+00:00\",\"dateModified\":\"2025-09-15T19:53:02+00:00\",\"description\":\"Apprenez comment le volontariat interg\u00e9n\u00e9rationnel \u00e0 l'\u00e9tranger r\u00e9unit jeunes et seniors pour des missions solidaires enrichissantes.\",\"breadcrumb\":{\"@id\":\"https:\/\/www.vita-explorers.dk\/blog\/frivilligt-arbejde-paa-tvaers-af-generationer-i-udlandet\/#breadcrumb\"},\"inLanguage\":\"da-DK\",\"potentialAction\":[{\"@type\":\"ReadAction\",\"target\":[\"https:\/\/www.vita-explorers.dk\/blog\/frivilligt-arbejde-paa-tvaers-af-generationer-i-udlandet\/\"]}]},{\"@type\":\"ImageObject\",\"inLanguage\":\"da-DK\",\"@id\":\"https:\/\/www.vita-explorers.dk\/blog\/frivilligt-arbejde-paa-tvaers-af-generationer-i-udlandet\/#primaryimage\",\"url\":\"https:\/\/www.vita-explorers.dk\/blog\/wp-content\/uploads\/2025\/09\/REPDOM4.jpeg\",\"contentUrl\":\"https:\/\/www.vita-explorers.dk\/blog\/wp-content\/uploads\/2025\/09\/REPDOM4.jpeg\",\"width\":1600,\"height\":1600,\"caption\":\"Volontariat R\u00e9publique Dominicaine\"},{\"@type\":\"BreadcrumbList\",\"@id\":\"https:\/\/www.vita-explorers.dk\/blog\/frivilligt-arbejde-paa-tvaers-af-generationer-i-udlandet\/#breadcrumb\",\"itemListElement\":[{\"@type\":\"ListItem\",\"position\":1,\"name\":\"Accueil\",\"item\":\"https:\/\/www.vita-explorers.dk\/blog\/\"},{\"@type\":\"ListItem\",\"position\":2,\"name\":\"Frivilligt arbejde p\u00e5 tv\u00e6rs af generationer: seniorer og unge engagerer sig\"}]},{\"@type\":\"WebSite\",\"@id\":\"https:\/\/www.vita-explorers.dk\/blog\/#website\",\"url\":\"https:\/\/www.vita-explorers.dk\/blog\/\",\"name\":\"Association Globalong\",\"description\":\"Frivilligt arbejde, sprogophold, praktik i udlandet og internationale oplevelser\",\"publisher\":{\"@id\":\"https:\/\/www.vita-explorers.dk\/blog\/#organization\"},\"potentialAction\":[{\"@type\":\"SearchAction\",\"target\":{\"@type\":\"EntryPoint\",\"urlTemplate\":\"https:\/\/www.vita-explorers.dk\/blog\/?s={search_term_string}\"},\"query-input\":{\"@type\":\"PropertyValueSpecification\",\"valueRequired\":true,\"valueName\":\"search_term_string\"}}],\"inLanguage\":\"da-DK\"},{\"@type\":\"Organization\",\"@id\":\"https:\/\/www.vita-explorers.dk\/blog\/#organization\",\"name\":\"Association Globalong\",\"url\":\"https:\/\/www.vita-explorers.dk\/blog\/\",\"logo\":{\"@type\":\"ImageObject\",\"inLanguage\":\"da-DK\",\"@id\":\"https:\/\/www.vita-explorers.dk\/blog\/#\/schema\/logo\/image\/\",\"url\":\"https:\/\/www.globalong.com\/blog\/wp-content\/uploads\/2014\/11\/cropped-cropped-Logo-et-Afrique-Globalong-petite-taille-2.jpg\",\"contentUrl\":\"https:\/\/www.globalong.com\/blog\/wp-content\/uploads\/2014\/11\/cropped-cropped-Logo-et-Afrique-Globalong-petite-taille-2.jpg\",\"width\":512,\"height\":512,\"caption\":\"Association Globalong\"},\"image\":{\"@id\":\"https:\/\/www.vita-explorers.dk\/blog\/#\/schema\/logo\/image\/\"},\"sameAs\":[\"https:\/\/www.facebook.com\/globalong\"]},{\"@type\":\"Person\",\"@id\":\"https:\/\/www.vita-explorers.dk\/blog\/#\/schema\/person\/fc0343a2f2db2ebb2793c1f62dbe73f0\",\"name\":\"VITA Tribe\",\"image\":{\"@type\":\"ImageObject\",\"inLanguage\":\"da-DK\",\"@id\":\"https:\/\/www.vita-explorers.dk\/blog\/#\/schema\/person\/image\/\",\"url\":\"https:\/\/secure.gravatar.com\/avatar\/f7f05026bb439d0c96b30e135e5f852c?s=96&d=mm&r=g\",\"contentUrl\":\"https:\/\/secure.gravatar.com\/avatar\/f7f05026bb439d0c96b30e135e5f852c?s=96&d=mm&r=g\",\"caption\":\"VITA Tribe\"},\"sameAs\":[\"http:\/\/www.globalong.com\"],\"url\":\"https:\/\/www.vita-explorers.dk\/blog\/author\/teamglobalong\/\"}]}<\/script>\n<!-- \/ Yoast SEO Premium plugin. -->","yoast_head_json":{"title":"Intergenerationelt frivilligt arbejde i udlandet: vigtigste fordele","description":"Apprenez comment le volontariat interg\u00e9n\u00e9rationnel \u00e0 l'\u00e9tranger r\u00e9unit jeunes et seniors pour des missions solidaires enrichissantes.","robots":{"index":"index","follow":"follow","max-snippet":"max-snippet:-1","max-image-preview":"max-image-preview:large","max-video-preview":"max-video-preview:-1"},"canonical":"https:\/\/www.vita-explorers.dk\/blog\/frivilligt-arbejde-paa-tvaers-af-generationer-i-udlandet\/","og_locale":"da_DK","og_type":"article","og_title":"Frivilligt arbejde p\u00e5 tv\u00e6rs af generationer: seniorer og unge engagerer sig","og_description":"Apprenez comment le volontariat interg\u00e9n\u00e9rationnel \u00e0 l'\u00e9tranger r\u00e9unit jeunes et seniors pour des missions solidaires enrichissantes.","og_url":"https:\/\/www.vita-explorers.dk\/blog\/frivilligt-arbejde-paa-tvaers-af-generationer-i-udlandet\/","og_site_name":"VITA Explorers Blog","article_publisher":"https:\/\/www.facebook.com\/globalong","article_published_time":"2025-09-17T05:00:39+00:00","article_modified_time":"2025-09-15T19:53:02+00:00","og_image":[{"width":1600,"height":1600,"url":"https:\/\/www.vita-explorers.dk\/blog\/wp-content\/uploads\/2025\/09\/REPDOM4.jpeg","type":"image\/jpeg"}],"author":"VITA Tribe","twitter_card":"summary_large_image","twitter_misc":{"Skrevet af":"VITA Tribe","Estimeret l\u00e6setid":"7 minutter"},"schema":{"@context":"https:\/\/schema.org","@graph":[{"@type":"Article","@id":"https:\/\/www.vita-explorers.dk\/blog\/frivilligt-arbejde-paa-tvaers-af-generationer-i-udlandet\/#article","isPartOf":{"@id":"https:\/\/www.vita-explorers.dk\/blog\/frivilligt-arbejde-paa-tvaers-af-generationer-i-udlandet\/"},"author":{"name":"VITA Tribe","@id":"https:\/\/www.vita-explorers.dk\/blog\/#\/schema\/person\/fc0343a2f2db2ebb2793c1f62dbe73f0"},"headline":"Frivilligt arbejde p\u00e5 tv\u00e6rs af generationer: seniorer og unge engagerer sig","datePublished":"2025-09-17T05:00:39+00:00","dateModified":"2025-09-15T19:53:02+00:00","mainEntityOfPage":{"@id":"https:\/\/www.vita-explorers.dk\/blog\/frivilligt-arbejde-paa-tvaers-af-generationer-i-udlandet\/"},"wordCount":1301,"commentCount":0,"publisher":{"@id":"https:\/\/www.vita-explorers.dk\/blog\/#organization"},"image":{"@id":"https:\/\/www.vita-explorers.dk\/blog\/frivilligt-arbejde-paa-tvaers-af-generationer-i-udlandet\/#primaryimage"},"thumbnailUrl":"https:\/\/www.vita-explorers.dk\/blog\/wp-content\/uploads\/2025\/09\/REPDOM4.jpeg","articleSection":["Humanit\u00e6rt frivilligt arbejde"],"inLanguage":"da-DK","potentialAction":[{"@type":"CommentAction","name":"Comment","target":["https:\/\/www.vita-explorers.dk\/blog\/frivilligt-arbejde-paa-tvaers-af-generationer-i-udlandet\/#respond"]}]},{"@type":"WebPage","@id":"https:\/\/www.vita-explorers.dk\/blog\/frivilligt-arbejde-paa-tvaers-af-generationer-i-udlandet\/","url":"https:\/\/www.vita-explorers.dk\/blog\/frivilligt-arbejde-paa-tvaers-af-generationer-i-udlandet\/","name":"Intergenerationelt frivilligt arbejde i udlandet: vigtigste fordele","isPartOf":{"@id":"https:\/\/www.vita-explorers.dk\/blog\/#website"},"primaryImageOfPage":{"@id":"https:\/\/www.vita-explorers.dk\/blog\/frivilligt-arbejde-paa-tvaers-af-generationer-i-udlandet\/#primaryimage"},"image":{"@id":"https:\/\/www.vita-explorers.dk\/blog\/frivilligt-arbejde-paa-tvaers-af-generationer-i-udlandet\/#primaryimage"},"thumbnailUrl":"https:\/\/www.vita-explorers.dk\/blog\/wp-content\/uploads\/2025\/09\/REPDOM4.jpeg","datePublished":"2025-09-17T05:00:39+00:00","dateModified":"2025-09-15T19:53:02+00:00","description":"Apprenez comment le volontariat interg\u00e9n\u00e9rationnel \u00e0 l'\u00e9tranger r\u00e9unit jeunes et seniors pour des missions solidaires enrichissantes.","breadcrumb":{"@id":"https:\/\/www.vita-explorers.dk\/blog\/frivilligt-arbejde-paa-tvaers-af-generationer-i-udlandet\/#breadcrumb"},"inLanguage":"da-DK","potentialAction":[{"@type":"ReadAction","target":["https:\/\/www.vita-explorers.dk\/blog\/frivilligt-arbejde-paa-tvaers-af-generationer-i-udlandet\/"]}]},{"@type":"ImageObject","inLanguage":"da-DK","@id":"https:\/\/www.vita-explorers.dk\/blog\/frivilligt-arbejde-paa-tvaers-af-generationer-i-udlandet\/#primaryimage","url":"https:\/\/www.vita-explorers.dk\/blog\/wp-content\/uploads\/2025\/09\/REPDOM4.jpeg","contentUrl":"https:\/\/www.vita-explorers.dk\/blog\/wp-content\/uploads\/2025\/09\/REPDOM4.jpeg","width":1600,"height":1600,"caption":"Volontariat R\u00e9publique Dominicaine"},{"@type":"BreadcrumbList","@id":"https:\/\/www.vita-explorers.dk\/blog\/frivilligt-arbejde-paa-tvaers-af-generationer-i-udlandet\/#breadcrumb","itemListElement":[{"@type":"ListItem","position":1,"name":"Accueil","item":"https:\/\/www.vita-explorers.dk\/blog\/"},{"@type":"ListItem","position":2,"name":"Frivilligt arbejde p\u00e5 tv\u00e6rs af generationer: seniorer og unge engagerer sig"}]},{"@type":"WebSite","@id":"https:\/\/www.vita-explorers.dk\/blog\/#website","url":"https:\/\/www.vita-explorers.dk\/blog\/","name":"Association Globalong","description":"Frivilligt arbejde, sprogophold, praktik i udlandet og internationale oplevelser","publisher":{"@id":"https:\/\/www.vita-explorers.dk\/blog\/#organization"},"potentialAction":[{"@type":"SearchAction","target":{"@type":"EntryPoint","urlTemplate":"https:\/\/www.vita-explorers.dk\/blog\/?s={search_term_string}"},"query-input":{"@type":"PropertyValueSpecification","valueRequired":true,"valueName":"search_term_string"}}],"inLanguage":"da-DK"},{"@type":"Organization","@id":"https:\/\/www.vita-explorers.dk\/blog\/#organization","name":"Association Globalong","url":"https:\/\/www.vita-explorers.dk\/blog\/","logo":{"@type":"ImageObject","inLanguage":"da-DK","@id":"https:\/\/www.vita-explorers.dk\/blog\/#\/schema\/logo\/image\/","url":"https:\/\/www.globalong.com\/blog\/wp-content\/uploads\/2014\/11\/cropped-cropped-Logo-et-Afrique-Globalong-petite-taille-2.jpg","contentUrl":"https:\/\/www.globalong.com\/blog\/wp-content\/uploads\/2014\/11\/cropped-cropped-Logo-et-Afrique-Globalong-petite-taille-2.jpg","width":512,"height":512,"caption":"Association Globalong"},"image":{"@id":"https:\/\/www.vita-explorers.dk\/blog\/#\/schema\/logo\/image\/"},"sameAs":["https:\/\/www.facebook.com\/globalong"]},{"@type":"Person","@id":"https:\/\/www.vita-explorers.dk\/blog\/#\/schema\/person\/fc0343a2f2db2ebb2793c1f62dbe73f0","name":"VITA Tribe","image":{"@type":"ImageObject","inLanguage":"da-DK","@id":"https:\/\/www.vita-explorers.dk\/blog\/#\/schema\/person\/image\/","url":"https:\/\/secure.gravatar.com\/avatar\/f7f05026bb439d0c96b30e135e5f852c?s=96&d=mm&r=g","contentUrl":"https:\/\/secure.gravatar.com\/avatar\/f7f05026bb439d0c96b30e135e5f852c?s=96&d=mm&r=g","caption":"VITA Tribe"},"sameAs":["http:\/\/www.globalong.com"],"url":"https:\/\/www.vita-explorers.dk\/blog\/author\/teamglobalong\/"}]}},"_links":{"self":[{"href":"https:\/\/www.vita-explorers.dk\/blog\/wp-json\/wp\/v2\/posts\/21836"}],"collection":[{"href":"https:\/\/www.vita-explorers.dk\/blog\/wp-json\/wp\/v2\/posts"}],"about":[{"href":"https:\/\/www.vita-explorers.dk\/blog\/wp-json\/wp\/v2\/types\/post"}],"author":[{"embeddable":true,"href":"https:\/\/www.vita-explorers.dk\/blog\/wp-json\/wp\/v2\/users\/7"}],"replies":[{"embeddable":true,"href":"https:\/\/www.vita-explorers.dk\/blog\/wp-json\/wp\/v2\/comments?post=21836"}],"version-history":[{"count":4,"href":"https:\/\/www.vita-explorers.dk\/blog\/wp-json\/wp\/v2\/posts\/21836\/revisions"}],"predecessor-version":[{"id":21841,"href":"https:\/\/www.vita-explorers.dk\/blog\/wp-json\/wp\/v2\/posts\/21836\/revisions\/21841"}],"wp:featuredmedia":[{"embeddable":true,"href":"https:\/\/www.vita-explorers.dk\/blog\/wp-json\/wp\/v2\/media\/21840"}],"wp:attachment":[{"href":"https:\/\/www.vita-explorers.dk\/blog\/wp-json\/wp\/v2\/media?parent=21836"}],"wp:term":[{"taxonomy":"category","embeddable":true,"href":"https:\/\/www.vita-explorers.dk\/blog\/wp-json\/wp\/v2\/categories?post=21836"},{"taxonomy":"post_tag","embeddable":true,"href":"https:\/\/www.vita-explorers.dk\/blog\/wp-json\/wp\/v2\/tags?post=21836"}],"curies":[{"name":"wp","href":"https:\/\/api.w.org\/{rel}","templated":true}]}}