{"id":21902,"date":"2025-09-25T07:26:46","date_gmt":"2025-09-25T05:26:46","guid":{"rendered":"https:\/\/www.globalong.com\/blog\/?p=21902"},"modified":"2025-09-24T21:20:39","modified_gmt":"2025-09-24T19:20:39","slug":"frivilligt-arbejde-caribien","status":"publish","type":"post","link":"https:\/\/www.vita-explorers.dk\/blog\/frivilligt-arbejde-caribien\/","title":{"rendered":"Frivilligt arbejde i Caribien: ophold p\u00e5 Saint Vincent og Grenadinerne"},"content":{"rendered":"<h1>Frivilligt arbejde i Caribien: forl\u00f8b p\u00e5 Saint Vincent og Grenadinerne<\/h1>\n<p><!-- Phrase requ\u00eate apr\u00e8s H1 (Yoast) --><\/p>\n<p style=\"text-align: justify;\"><strong>Frivilligt arbejde i Caribien<\/strong>: Engag\u00e9r dig p\u00e5 Saint Vincent og Grenadinerne for at st\u00f8tte lokalsamfund, beskytte naturen og f\u00e5 en rig, ansvarlig kulturudveksling.<\/p>\n<p style=\"text-align: justify;\"><!-- Sommaire cliquable --><\/p>\n<nav aria-label=\"Sommaire de l\u2019article\">\n<h2 id=\"sommaire\" style=\"text-align: justify;\">Indhold<\/h2>\n<ul>\n<li style=\"list-style-type: none;\">\n<ul>\n<li style=\"text-align: justify;\"><a href=\"#essentiel\">Frivilligt arbejde i Caribien: hvorfor v\u00e6lge regionen?<\/a><\/li>\n<li style=\"text-align: justify;\"><a href=\"#destination\">Frivilligt arbejde i Caribien: oplev Saint Vincent og Grenadinerne<\/a><\/li>\n<li style=\"text-align: justify;\"><a href=\"#missions\">Frivilligforl\u00f8b i Caribien: undervisning, sundhed og milj\u00f8<\/a><\/li>\n<li style=\"text-align: justify;\"><a href=\"#impact-ethique\">Effekt af frivilligt arbejde i Caribien: etisk og langtidsholdbart engagement<\/a><\/li>\n<li style=\"text-align: justify;\"><a href=\"#preparer\">Forbered dit frivillige ophold i Caribien: vigtige skridt for at lykkes<\/a><\/li>\n<li style=\"text-align: justify;\"><a href=\"#itineraire\">Eksempel p\u00e5 program for et frivilligforl\u00f8b i Caribien (2 uger)<\/a><\/li>\n<li style=\"text-align: justify;\"><a href=\"#temoignage\">Oplevelse: et vellykket frivilligophold i Caribien<\/a><\/li>\n<li style=\"text-align: justify;\"><a href=\"#faq\">FAQ \u2014 Frivilligt arbejde i Caribien<\/a><\/li>\n<li style=\"text-align: justify;\"><a href=\"#conclusion\">Konklusion: hvorfor engagere sig i frivilligt arbejde i Caribien?<\/a><\/li>\n<\/ul>\n<\/li>\n<\/ul>\n<\/nav>\n<section id=\"essentiel\">\n<h2><a href=\"https:\/\/www.vita-explorers.dk\/blog\/wp-content\/uploads\/2023\/10\/mission-humanitaire-saint-vincent-et-les-grenadines.png\"><img loading=\"lazy\" decoding=\"async\" class=\"aligncenter wp-image-15760 size-medium\" src=\"https:\/\/www.vita-explorers.dk\/blog\/wp-content\/uploads\/2023\/10\/mission-humanitaire-saint-vincent-et-les-grenadines-225x300.png\" alt=\"benevolat Caraibes\" width=\"225\" height=\"300\" srcset=\"https:\/\/www.vita-explorers.dk\/blog\/wp-content\/uploads\/2023\/10\/mission-humanitaire-saint-vincent-et-les-grenadines-225x300.png 225w, https:\/\/www.vita-explorers.dk\/blog\/wp-content\/uploads\/2023\/10\/mission-humanitaire-saint-vincent-et-les-grenadines-769x1024.png 769w, https:\/\/www.vita-explorers.dk\/blog\/wp-content\/uploads\/2023\/10\/mission-humanitaire-saint-vincent-et-les-grenadines-768x1023.png 768w, https:\/\/www.vita-explorers.dk\/blog\/wp-content\/uploads\/2023\/10\/mission-humanitaire-saint-vincent-et-les-grenadines.png 772w\" sizes=\"(max-width: 225px) 100vw, 225px\" \/><\/a><\/h2>\n<h2><\/h2>\n<h2>Frivilligt arbejde i Caribien: hvorfor v\u00e6lge regionen?<\/h2>\n<p style=\"text-align: justify;\">Caribiske \u00f8er tiltr\u00e6kker med farver, strande og en afslappet livsstil. Men bag postkortene st\u00e5r regionen ogs\u00e5 over for vedvarende udfordringer. Biodiversiteten er s\u00e5rbar, vejrh\u00e6ndelser bliver mere intense, og nogle lokalsamfund mangler stadig ressourcer. Derfor kan frivilligt arbejde i Caribien g\u00f8re en konkret forskel \u2013 samtidig med, at du l\u00e6rer meget.<\/p>\n<p style=\"text-align: justify;\">Samtidig har frivilligforl\u00f8b i Caribien ofte en overskuelig st\u00f8rrelse. Det giver plads til t\u00e6t opf\u00f8lgning og en blid, tryg introduktion. Derudover g\u00f8r variationen i opgaver det lettere at finde en rolle, der passer til dig. Den ansvarlige tilgang \u00f8ger chancen for, at indsatsen bliver relevant og nyttig i praksis.<\/p>\n<ul>\n<li><strong>Naturoplevelser<\/strong>: strande, mangrover, <a href=\"https:\/\/www.vita-explorers.dk\/blog\/trussel-mod-verdens-stoerste-koralrev\/\" target=\"_blank\" rel=\"noopener\">koraller<\/a> og aktive vulkaner.<\/li>\n<li><strong>M\u00e5lrettede projekter<\/strong>: undervisning, sundhed i lokalsamfundet og milj\u00f8forl\u00f8b.<\/li>\n<li><strong>Lokal forankring<\/strong>: aktiviteterne drives lokalt af erfarne teams.<\/li>\n<li><strong>L\u00e6ring<\/strong>: samarbejde, selvst\u00e6ndighed og <a href=\"https:\/\/www.vita-explorers.dk\/blog\/interkulturel-oplevelse-i-udlandet\/\" target=\"_blank\" rel=\"noopener\">interkulturel<\/a> kommunikation.<\/li>\n<\/ul>\n<\/section>\n<section id=\"destination\">\n<h2><a href=\"https:\/\/www.vita-explorers.dk\/blog\/wp-content\/uploads\/2018\/09\/1NovemberTeam-min.jpg\"><img loading=\"lazy\" decoding=\"async\" class=\"aligncenter wp-image-11507 size-medium\" src=\"https:\/\/www.vita-explorers.dk\/blog\/wp-content\/uploads\/2018\/09\/1NovemberTeam-min-300x175.jpg\" alt=\"Volontaire pr\u00e9parant son d\u00e9part pour une mission humanitaire\" width=\"300\" height=\"175\" srcset=\"https:\/\/www.vita-explorers.dk\/blog\/wp-content\/uploads\/2018\/09\/1NovemberTeam-min-300x175.jpg 300w, https:\/\/www.vita-explorers.dk\/blog\/wp-content\/uploads\/2018\/09\/1NovemberTeam-min-768x449.jpg 768w, https:\/\/www.vita-explorers.dk\/blog\/wp-content\/uploads\/2018\/09\/1NovemberTeam-min-1024x598.jpg 1024w, https:\/\/www.vita-explorers.dk\/blog\/wp-content\/uploads\/2018\/09\/1NovemberTeam-min-150x88.jpg 150w, https:\/\/www.vita-explorers.dk\/blog\/wp-content\/uploads\/2018\/09\/1NovemberTeam-min.jpg 1280w\" sizes=\"(max-width: 300px) 100vw, 300px\" \/><\/a><\/h2>\n<h2><\/h2>\n<h2 style=\"text-align: justify;\">Frivilligt arbejde i Caribien: oplev Saint Vincent og Grenadinerne<\/h2>\n<p style=\"text-align: justify;\">Midt i De Sm\u00e5 Antiller ligger \u00f8gruppen med \u00e9n hoved\u00f8 og en perler\u00e6kke af sm\u00e5\u00f8er. Naturen er imponerende med havbund, vilde strande og La Soufri\u00e8re. Samtidig er \u00f8konomien s\u00e5rbar over for klimatiske udsving. Derfor arbejder mange initiativer med lokal robusthed gennem undervisning, sundhed og milj\u00f8.<\/p>\n<p style=\"text-align: justify;\">Helt konkret egner destinationen sig godt til et ansvarligt ophold. Afstandene er korte, hvilket reducerer transport og logistik. Derudover er v\u00e6rtskabet varmt, og den kreolske kultur er levende. \u00d8gruppen s\u00e6tter pris p\u00e5 initiativer, der kombinerer l\u00e6ring med reel samfundsnytte.<\/p>\n<ol>\n<li style=\"text-align: justify;\"><strong>Sprog<\/strong>: engelsk og lokalt kreolsk; nonverbal kommunikation hj\u00e6lper dog ofte meget.<\/li>\n<li style=\"text-align: justify;\"><strong>Klima<\/strong>: tropisk og til tider fugtigt; pak derfor let og luftigt t\u00f8j.<\/li>\n<li style=\"text-align: justify;\"><strong>Kultur<\/strong>: musik, sport og h\u00e5ndv\u00e6rk; og maden er b\u00e5de varieret og velsmagende.<\/li>\n<li style=\"text-align: justify;\"><strong>Fokusomr\u00e5der<\/strong>: robusthed, unge og cirkul\u00e6r \u00f8konomi; her kan deltageres indsats g\u00f8re en forskel.<\/li>\n<\/ol>\n<\/section>\n<section id=\"missions\">\n<h2><\/h2>\n<h2>Frivilligforl\u00f8b i Caribien: undervisning, sundhed og milj\u00f8<\/h2>\n<p>Typisk er frivilligt arbejde i Caribien bygget op om tre spor: undervisning og unge, sundhed i lokalsamfundet og <a href=\"https:\/\/www.vita-explorers.dk\/blog\/frivilligt-arbejde-miljoe-i-afrika-asien-australien-og-amerika-ansvarlige-internationale-forloeb-og-groenne-projekter\/\" target=\"_blank\" rel=\"noopener\">milj\u00f8indsatser<\/a>. Den enkle struktur g\u00f8r det lettere at bidrage ud fra b\u00e5de kompetencer og motivation. En introduktion ved ankomst hj\u00e6lper desuden med hurtigt at finde sig til rette.<\/p>\n<h3 id=\"education\">Frivilligt arbejde med undervisning i Caribien: st\u00f8tte til b\u00f8rn og unge<\/h3>\n<p style=\"text-align: justify;\">Ofte er klasserne store, og ressourcerne begr\u00e6nsede. I den situation kan deltagernes st\u00f8tte v\u00e6re v\u00e6rdifuld. N\u00e5r b\u00f8rn f\u00e5r hj\u00e6lp i sm\u00e5 grupper, styrkes b\u00e5de selvtillid og faglig udvikling. Samtidig kan legende aktiviteter skabe mere energi i l\u00e6ringen og \u00f8ge motivationen.<\/p>\n<ul style=\"text-align: justify;\">\n<li>Individuel lektiehj\u00e6lp og l\u00e6seaktiviteter; s\u00e5 bygges et solidt fundament.<\/li>\n<li>Workshops med samtale, udtryk og kreativitet; mundtlighed udvikler sig hurtigt.<\/li>\n<li>Sports- og kulturaktiviteter; samtidig styrkes f\u00e6llesskab og hold\u00e5nd.<\/li>\n<li>Styrkelse af skolebiblioteker og sortering af materialer; s\u00e5 bliver adgangen til b\u00f8ger st\u00f8rre.<\/li>\n<\/ul>\n<p style=\"text-align: justify;\">I praksis f\u00f8lger deltagerne l\u00e6rernes prioriteringer. Dermed supplerer indsatsen det lokale arbejde frem for at erstatte det. Derudover efterlades enkle redskaber og materialer, s\u00e5 arbejdet kan forts\u00e6tte efter opholdet.<\/p>\n<h3 id=\"sante\">Frivilligt arbejde med sundhed i Caribien: forebyggelse og st\u00f8tte i lokalsamfundet<\/h3>\n<p style=\"text-align: justify;\">Forebyggelse spiller en central rolle. Workshops kan handle om hygiejne, ern\u00e6ring og mental trivsel. Derudover informerer kampagner om risici knyttet til klima eller myg. Klare og forst\u00e5elige budskaber styrker hverdagsvaner og handlekraft.<\/p>\n<ul style=\"text-align: justify;\">\n<li>Workshops om hygiejne og kost; det kan st\u00f8tte bedre vaner over tid.<\/li>\n<li>Logistisk hj\u00e6lp ved screenings; og deltagelsen kan \u00f8ges.<\/li>\n<li>Udarbejdelse af visuelt materiale; s\u00e5 information er let at bruge.<\/li>\n<li>F\u00e6lles arrangementer; og det lokale sammenhold styrkes.<\/li>\n<\/ul>\n<p style=\"text-align: justify;\">Selvf\u00f8lgelig erstatter disse forl\u00f8b ikke sundhedsprofessionelle. De underst\u00f8tter derimod eksisterende indsatser. Dermed bliver information mere tilg\u00e6ngelig, og forebyggelse kan f\u00e5 bedre gennemslag.<\/p>\n<h3><\/h3>\n<h3 id=\"environnement\">Milj\u00f8frivilligt arbejde i Caribien: beskyt biodiversitet og kystomr\u00e5der<\/h3>\n<p style=\"text-align: justify;\">P\u00e5 \u00f8erne er beskyttelse af \u00f8kosystemer et n\u00f8gletema. Mangrover og rev er afg\u00f8rende for livet i havet. Derudover er <a href=\"https:\/\/www.vita-explorers.dk\/blog\/frivilligt-arbejde-med-dyr-beskyt-havskildpadder-i-feltet\/\" target=\"_blank\" rel=\"noopener\">havskildpadder<\/a> en vigtig art i omr\u00e5det. Derfor kan opgaverne omfatte patruljer, strandrensning og genplantning.<\/p>\n<ul style=\"text-align: justify;\">\n<li>Tidlige patruljer for at sikre skildpaddereder; s\u00e5 beskyttes kl\u00e6kningen bedre.<\/li>\n<li>Indsamling af enkle data; s\u00e5 forbedres opf\u00f8lgning og overblik.<\/li>\n<li>Strandrensning og affaldssortering; og opm\u00e6rksomheden p\u00e5 affald \u00f8ges.<\/li>\n<li>Genplantning af mangrover; s\u00e5 kan levesteder genskabes.<\/li>\n<\/ul>\n<p style=\"text-align: justify;\">Aktiviteterne er som regel tilg\u00e6ngelige, ogs\u00e5 for begyndere. En grundig introduktion guider hvert trin, og arbejdet foreg\u00e5r ofte to og to. Det \u00f8ger sikkerheden og g\u00f8r indsatsen mere b\u00e6redygtig.<\/p>\n<p><a href=\"https:\/\/www.vita-explorers.dk\/blog\/wp-content\/uploads\/2019\/03\/10321019_577095915730211_8869803165837218211_o-min.jpg\"><img loading=\"lazy\" decoding=\"async\" class=\"size-medium wp-image-12462 aligncenter\" src=\"https:\/\/www.vita-explorers.dk\/blog\/wp-content\/uploads\/2019\/03\/10321019_577095915730211_8869803165837218211_o-min-300x200.jpg\" alt=\"Mission humanitaire environnementale\" width=\"300\" height=\"200\" srcset=\"https:\/\/www.vita-explorers.dk\/blog\/wp-content\/uploads\/2019\/03\/10321019_577095915730211_8869803165837218211_o-min-300x200.jpg 300w, https:\/\/www.vita-explorers.dk\/blog\/wp-content\/uploads\/2019\/03\/10321019_577095915730211_8869803165837218211_o-min-768x512.jpg 768w, https:\/\/www.vita-explorers.dk\/blog\/wp-content\/uploads\/2019\/03\/10321019_577095915730211_8869803165837218211_o-min-1024x683.jpg 1024w, https:\/\/www.vita-explorers.dk\/blog\/wp-content\/uploads\/2019\/03\/10321019_577095915730211_8869803165837218211_o-min-150x100.jpg 150w, https:\/\/www.vita-explorers.dk\/blog\/wp-content\/uploads\/2019\/03\/10321019_577095915730211_8869803165837218211_o-min.jpg 2048w\" sizes=\"(max-width: 300px) 100vw, 300px\" \/><\/a><\/p>\n<\/section>\n<section id=\"impact-ethique\">\n<h2 style=\"text-align: justify;\">Effekt af frivilligt arbejde i Caribien: <a href=\"https:\/\/www.vita-explorers.dk\/blog\/etisk-ansvarlig-rejse\/\" target=\"_blank\" rel=\"noopener\">etisk<\/a> og langtidsholdbart engagement<\/h2>\n<p style=\"text-align: justify;\">Et <strong>ansvarligt engagement<\/strong> bygger p\u00e5 klare principper. For det f\u00f8rste skal nytten lokalt v\u00e6re styrende. For det andet er kontinuitet vigtig for at skabe m\u00e6rkbare resultater. Og endelig beskytter gennemsigtighed alle parter. Med de pejlem\u00e6rker holdes forl\u00f8bet t\u00e6t p\u00e5 reelle behov.<\/p>\n<h3 id=\"ethique\">V\u00e6lg et trov\u00e6rdigt og ansvarligt frivilligprogram i Caribien<\/h3>\n<p style=\"text-align: justify;\">F\u00f8r afrejse g\u00f8r det en stor forskel at stille de rigtige sp\u00f8rgsm\u00e5l: Hvem st\u00e5r for aktiviteterne lokalt? Hvilke behov er identificeret \u2013 og hvordan? Hvilke resultater forventes, og hvordan f\u00f8lges der op? Derudover: hvilke sikkerheds- og b\u00f8rnebeskyttelsesprincipper g\u00e6lder? N\u00e5r svarene er tydelige, bliver det lettere at forberede sig og f\u00f8le sig tryg.<\/p>\n<ol>\n<li style=\"text-align: justify;\">Behovsvurdering og m\u00e5lbare m\u00e5l; s\u00e5 forbliver indsatsen fokuseret.<\/li>\n<li style=\"text-align: justify;\">Kompetenceoverf\u00f8rsel til lokale medarbejdere; s\u00e5 styrkes langsigtet selvst\u00e6ndighed.<\/li>\n<li style=\"text-align: justify;\">Tydelighed om udgifter og sporbarhed; s\u00e5 forst\u00e5r man, hvad midlerne g\u00e5r til.<\/li>\n<li style=\"text-align: justify;\">En klar og stram beskyttelsespolitik; s\u00e5 er mennesker altid i centrum.<\/li>\n<\/ol>\n<h3 id=\"budget\">Budget og varighed for frivilligt arbejde i Caribien<\/h3>\n<p style=\"text-align: justify;\">Prisen for et ansvarligt ophold i Caribien varierer efter s\u00e6son, varighed og indkvartering. Nogle forl\u00f8b har en logistisk deltagerbetaling, der d\u00e6kker modtagelse og nogle gange m\u00e5ltider. Fly og forsikring betales typisk af deltageren selv. Derfor giver det mening at planl\u00e6gge budgettet i god tid \u2013 og eventuelt bruge crowdfunding.<\/p>\n<ul>\n<li style=\"text-align: justify;\"><strong>Varighed<\/strong>: fra 2 uger til 3 m\u00e5neder; men en m\u00e5ned kan give mere kontinuitet.<\/li>\n<li style=\"text-align: justify;\"><strong>Indkvartering<\/strong>: frivillighus eller v\u00e6rtsfamilie; og stemningen er ofte uformel og social.<\/li>\n<li style=\"text-align: justify;\"><strong>M\u00e5ltider<\/strong>: halvpension er almindeligt; s\u00e5 kan aftensmaden blive en del af oplevelsen.<\/li>\n<li style=\"text-align: justify;\"><strong>Finansiering<\/strong>: lokale legater og indsamling; s\u00e5 kan forl\u00f8bet blive mere tilg\u00e6ngeligt.<\/li>\n<\/ul>\n<\/section>\n<section id=\"preparer\">\n<h2>Forbered dit frivillige ophold i Caribien: vigtige skridt for at lykkes<\/h2>\n<p style=\"text-align: justify;\">God forberedelse g\u00f8r en stor forskel. F\u00f8rst: v\u00e6lg et forl\u00f8b, der matcher dine kompetencer og forventninger. Dern\u00e6st: f\u00e5 styr p\u00e5 dokumenter i god tid. Til sidst: forbered hverdagen, s\u00e5 du lettere falder til fra starten.<\/p>\n<h3 id=\"documents\" style=\"text-align: justify;\">Dokumenter og sundhed<\/h3>\n<p style=\"text-align: justify;\">Et gyldigt pas er n\u00f8dvendigt. Afh\u00e6ngigt af din situation kan der ogs\u00e5 v\u00e6re krav om visum eller en tilladelse. Derudover anbefales en <a href=\"https:\/\/www.vita-explorers.dk\/blog\/rejseforsikring-til-internationale-forloeb\/\" target=\"_blank\" rel=\"noopener\">rejse- og sundhedsforsikring<\/a> kraftigt. En l\u00e6gekonsultation inden afrejse er ogs\u00e5 en god id\u00e9, s\u00e5 du kan tale om forebyggelse og vaccinationer. S\u00e5 rejser du afsted med ro i maven.<\/p>\n<ul>\n<li style=\"text-align: justify;\">Pas gyldigt i hele perioden; og gem gerne en digital kopi.<\/li>\n<li style=\"text-align: justify;\">Forsikring med assistance og hjemtransport; s\u00e5 er du d\u00e6kket.<\/li>\n<li style=\"text-align: justify;\">Lille f\u00f8rstehj\u00e6lpskit; s\u00e5 kan sm\u00e5skader h\u00e5ndteres.<\/li>\n<li style=\"text-align: justify;\">N\u00f8dkontakter og kontakt til koordinering; s\u00e5 er hj\u00e6lpen t\u00e6t p\u00e5.<\/li>\n<\/ul>\n<h3 id=\"bagages\">Praktisk pakning<\/h3>\n<p>At rejse let er ofte det bedste. Varmen og luftfugtigheden kalder p\u00e5 enkelhed. Robust udstyr, der kan holde til hverdagen, er en fordel. Og en genanvendelig drikkedunk reducerer b\u00e5de affald og udgifter.<\/p>\n<ul>\n<li>Lukkede sko og solide sandaler; s\u00e5 er du klar til forskellige underlag.<\/li>\n<li>Solcreme, hat og myggespray; og huden beskyttes bedre.<\/li>\n<li>Pandelampe og powerbank; s\u00e5 kan du klare dig i hverdagen.<\/li>\n<li>Notesbog og en lille ordbog; s\u00e5 bliver kommunikationen lettere.<\/li>\n<\/ul>\n<h3 id=\"hebergement\">Indkvartering og hverdagsliv<\/h3>\n<p style=\"text-align: justify;\">I et frivillighus er hverdagen enkel og f\u00e6lles. Alle hj\u00e6lper til med de daglige opgaver, s\u00e5 rammerne fungerer for alle. Vand er ofte en knap ressource og bruges med omtanke. Halvpension giver samtidig frihed til at udforske lokale spisesteder om aftenen. Respekt for lokale vaner g\u00f8r det ogs\u00e5 nemmere at falde til.<\/p>\n<\/section>\n<p><a href=\"https:\/\/www.vita-explorers.dk\/blog\/wp-content\/uploads\/2018\/09\/34157753_1455933167846477_3603537639346536448_o-min.jpg\"><img loading=\"lazy\" decoding=\"async\" class=\"size-medium wp-image-10998 aligncenter\" src=\"https:\/\/www.vita-explorers.dk\/blog\/wp-content\/uploads\/2018\/09\/34157753_1455933167846477_3603537639346536448_o-min-300x200.jpg\" alt=\"Association fran\u00e7aise de volontariat\" width=\"300\" height=\"200\" srcset=\"https:\/\/www.vita-explorers.dk\/blog\/wp-content\/uploads\/2018\/09\/34157753_1455933167846477_3603537639346536448_o-min-300x200.jpg 300w, https:\/\/www.vita-explorers.dk\/blog\/wp-content\/uploads\/2018\/09\/34157753_1455933167846477_3603537639346536448_o-min-768x512.jpg 768w, https:\/\/www.vita-explorers.dk\/blog\/wp-content\/uploads\/2018\/09\/34157753_1455933167846477_3603537639346536448_o-min-1024x683.jpg 1024w, https:\/\/www.vita-explorers.dk\/blog\/wp-content\/uploads\/2018\/09\/34157753_1455933167846477_3603537639346536448_o-min-150x100.jpg 150w, https:\/\/www.vita-explorers.dk\/blog\/wp-content\/uploads\/2018\/09\/34157753_1455933167846477_3603537639346536448_o-min.jpg 2048w\" sizes=\"(max-width: 300px) 100vw, 300px\" \/><\/a><\/p>\n<section id=\"itineraire\">\n<h2>Eksempel p\u00e5 program for et frivilligforl\u00f8b i Caribien (2 uger)<\/h2>\n<p style=\"text-align: justify;\">Som et eksempel kan et forl\u00f8b se s\u00e5dan ud. Indholdet tilpasses naturligvis efter lokale behov. Men planen giver et billede af en tryg og logisk progression.<\/p>\n<ol>\n<li style=\"text-align: justify;\"><strong>Dag 1<\/strong>: modtagelse, indkvartering og introduktion; s\u00e5 lander man roligt.<\/li>\n<li style=\"text-align: justify;\"><strong>Dag 2<\/strong>: opl\u00e6ring i retningslinjer; s\u00e5 kan alle arbejde sikkert.<\/li>\n<li style=\"text-align: justify;\"><strong>Dag 3<\/strong>: observation og guidet deltagelse; og du f\u00f8lges med en makker.<\/li>\n<li style=\"text-align: justify;\"><strong>Dag 4<\/strong>: f\u00f8rste workshop; s\u00e5 vokser tryghed og erfaring.<\/li>\n<li style=\"text-align: justify;\"><strong>Dag 5<\/strong>: f\u00e6lles projekt og m\u00f8de; og m\u00e5l justeres l\u00f8bende.<\/li>\n<li style=\"text-align: justify;\"><strong>Dag 6<\/strong>: fritid og kultur; s\u00e5 lades der op.<\/li>\n<li style=\"text-align: justify;\"><strong>Dag 7<\/strong>: milj\u00f8aktivitet; kysten kr\u00e6ver omsorg.<\/li>\n<li style=\"text-align: justify;\"><strong>Dag 8<\/strong>: mere ansvar; s\u00e5 styrkes selvst\u00e6ndigheden.<\/li>\n<li style=\"text-align: justify;\"><strong>Dag 9<\/strong>: opf\u00f8lgning; s\u00e5 bliver udvikling og behov tydelige.<\/li>\n<li style=\"text-align: justify;\"><strong>Dag 10<\/strong>: plantning eller oprydning; og formidling forts\u00e6tter.<\/li>\n<li style=\"text-align: justify;\"><strong>Dag 11<\/strong>: konsolidering og dokumentation; s\u00e5 samles l\u00e6ring og data.<\/li>\n<li style=\"text-align: justify;\"><strong>Dag 12<\/strong>: forberedelse af overlevering; s\u00e5 sikres kontinuitet.<\/li>\n<li style=\"text-align: justify;\"><strong>Dag 13<\/strong>: afrunding og tak; s\u00e5 anerkendes f\u00e6lles indsats.<\/li>\n<li style=\"text-align: justify;\"><strong>Dag 14<\/strong>: evaluering og afrejse; s\u00e5 rejser man hjem med klare erfaringer.<\/li>\n<\/ol>\n<\/section>\n<section id=\"temoignage\">\n<h2><\/h2>\n<h2>Oplevelse: et vellykket frivilligophold i Caribien<\/h2>\n<p style=\"text-align: justify;\"><em>\u00ab Jeg hedder Am\u00e9lie, og jeg var en m\u00e5ned p\u00e5 Saint Vincent og Grenadinerne. Fra f\u00f8rste dag blev jeg taget godt imod, og jeg f\u00f8lte mig hurtigt som en del af hverdagen. Om morgenen st\u00f8ttede jeg en indskolingsklasse. L\u00e6seaktiviteter og sm\u00e5 rollespil skabte hurtigt en positiv dynamik. Jeg hjalp ogs\u00e5 med at etablere et lille bibliotekshj\u00f8rne, og vi sorterede b\u00f8ger, s\u00e5 de passede bedre til b\u00f8rnenes niveau. Om eftermiddagen var jeg med p\u00e5 milj\u00f8holdet. Vi patruljerede strandene og var med til at beskytte flere skildpaddereder. Bagefter lavede vi korte informationsindsatser for familier. Dag for dag blev jeg mere sikker i rollen. Koordineringen gav tydelig og konstruktiv feedback, som hjalp mig meget. Da jeg rejste hjem, efterlod jeg enkle aktivitetsark, s\u00e5 l\u00e6rerne kunne forts\u00e6tte. Jeg tog is\u00e6r med mig, at sm\u00e5 handlinger \u2013 gentaget igen og igen \u2013 kan g\u00f8re en stor forskel. Jeg vil anbefale forl\u00f8bet, fordi det kombinerer l\u00e6ring, nytte og respekt for mennesker. \u00bb<\/em><\/p>\n<\/section>\n<section id=\"faq\">\n<h2><\/h2>\n<h2>FAQ \u2014 Frivilligt arbejde i Caribien<\/h2>\n<h3 style=\"text-align: justify;\">1) Hvilke kompetencer kr\u00e6ver det?<\/h3>\n<p style=\"text-align: justify;\">Motivation og stabilt fremm\u00f8de er ofte det vigtigste. Du f\u00e5r introduktion ved ankomst. P\u00e6dagogiske eller milj\u00f8faglige erfaringer er en fordel, men ikke et krav.<\/p>\n<h3 style=\"text-align: justify;\">2) Hvad er den ideelle varighed?<\/h3>\n<p style=\"text-align: justify;\">To uger giver et f\u00f8rste indblik. En m\u00e5ned giver bedre kontinuitet. Ved l\u00e6ngere ophold bliver du mere selvst\u00e6ndig, og resultaterne kan forankres over tid.<\/p>\n<h3 style=\"text-align: justify;\">3) Skal man v\u00e6re studerende for at deltage?<\/h3>\n<p style=\"text-align: justify;\">Nej. Forl\u00f8bene er \u00e5bne for alle voksne. Nogle projekter kan ogs\u00e5 rumme familier eller seniorer, afh\u00e6ngigt af indsatsen.<\/p>\n<h3 style=\"text-align: justify;\">4) Hvordan kan man mindske sit klimaaftryk?<\/h3>\n<p style=\"text-align: justify;\">Rejs let og brug en genanvendelig drikkedunk. V\u00e6lg delt transport, n\u00e5r det er muligt. Og deltag i tr\u00e6plantning; s\u00e5 bidrager du til at balancere en del af p\u00e5virkningen.<\/p>\n<h3 style=\"text-align: justify;\">5) Hvorfor v\u00e6lge frivilligt arbejde i Caribien frem for en anden region?<\/h3>\n<p style=\"text-align: justify;\">Regionen samler kulturel mangfoldighed, konkrete behov og overskuelige rammer. Derfor er den ogs\u00e5 et godt valg til en f\u00f8rste erfaring med frivilligt arbejde i udlandet.<\/p>\n<\/section>\n<section id=\"conclusion\">\n<h2><\/h2>\n<h2>Konklusion: hvorfor engagere sig i frivilligt arbejde i Caribien?<\/h2>\n<p style=\"text-align: justify;\">Frivilligt arbejde i Caribien er en konkret mulighed for at bidrage inden for undervisning, sundhed og milj\u00f8. Med m\u00e5lrettede forl\u00f8b kan du st\u00f8tte skoler, bakke op om lokale initiativer og hj\u00e6lpe med at beskytte s\u00e5rbare \u00f8kosystemer. Samtidig udvikler du dig personligt og l\u00e6rer en levende kultur at kende.<\/p>\n<p style=\"text-align: justify;\">Start med at afklare dine m\u00e5l. V\u00e6lg derefter et fokusomr\u00e5de og tag dialogen med en trov\u00e6rdig organisation. Bed om en tydelig beskrivelse, stil dine sp\u00f8rgsm\u00e5l og planl\u00e6g dine datoer. S\u00e5 kan din motivation oms\u00e6ttes til konkret v\u00e6rdi p\u00e5 Saint Vincent og Grenadinerne.<\/p>\n<p style=\"text-align: justify;\"><strong>Klar til at tage n\u00e6ste skridt?<\/strong> V\u00e6lg et forl\u00f8b, forbered din afrejse og bliv en del af et lokalt team. Sammen kan vi skabe en positiv, varig effekt \u2013 her og nu.<\/p>\n<\/section>\n<p style=\"text-align: center;\"><strong>Har du lyst til at komme i gang?<\/strong> F\u00e5 forslag til forl\u00f8b, der matcher dine kompetencer og dine m\u00e5l.<\/p>\n<p style=\"text-align: center;\"><a href=\"https:\/\/www.vita-explorers.dk\/#tel-contact-form-glob\" target=\"_blank\" rel=\"noopener\">Jeg vil gerne s\u00e6ttes i kontakt<\/a><\/p>\n<p class=\"muted\" style=\"text-align: center;\">\u00a9 VITA Institute \u2014 Ressourcer til ansvarligt frivilligt arbejde i udlandet.<\/p>\n<p class=\"p4\" style=\"text-align: center;\"><b>Har du sp\u00f8rgsm\u00e5l, er du velkommen til at kontakte os p\u00e5 <\/b><a href=\"mailto:info@globalong.com\"><span class=\"s2\"><b>info@globalong.com<\/b><\/span><\/a><\/p>\n<p class=\"p4\" style=\"text-align: center;\"><b>Vil du f\u00f8lge VITA Institute og vores community, kan du finde os p\u00e5 <\/b><a href=\"https:\/\/www.instagram.com\/globalongofficiel\/\" target=\"_blank\" rel=\"noopener\"><span class=\"s2\"><b>Instagram<\/b><\/span><\/a><b>, <\/b><a href=\"https:\/\/www.facebook.com\/globalong\" target=\"_blank\" rel=\"noopener\"><span class=\"s2\"><b>Facebook<\/b><\/span><\/a><b>, <\/b><a href=\"https:\/\/www.linkedin.com\/company\/5113177\/admin\/feed\/posts\/\" target=\"_blank\" rel=\"noopener\"><span class=\"s2\"><b>LinkedIn<\/b><\/span><\/a><b> og <\/b><a href=\"https:\/\/www.youtube.com\/c\/globalong\/videos\" target=\"_blank\" rel=\"noopener\"><span class=\"s2\"><b>Youtube<\/b><\/span><\/a><b>! <\/b><\/p>\n","protected":false},"excerpt":{"rendered":"<p>Frivilligt arbejde i Caribien: forl\u00f8b p\u00e5 Saint Vincent og Grenadinerne Frivilligt arbejde i Caribien: Engag\u00e9r dig p\u00e5 Saint Vincent og Grenadinerne for at st\u00f8tte\u2026<\/p>\n","protected":false},"author":7,"featured_media":10132,"comment_status":"open","ping_status":"open","sticky":false,"template":"","format":"standard","meta":{"footnotes":""},"categories":[8],"tags":[],"yoast_head":"<!-- This site is optimized with the Yoast SEO Premium plugin v23.4 (Yoast SEO v23.4) - https:\/\/yoast.com\/wordpress\/plugins\/seo\/ -->\n<title>Frivilligt arbejde i Caribien: forl\u00f8b p\u00e5 Saint Vincent og Grenadinerne<\/title>\n<meta name=\"description\" content=\"B\u00e9n\u00e9volat Cara\u00efbes : engagez-vous \u00e0 Saint-Vincent-et-les-Grenadines pour prot\u00e9ger l\u2019environnement et soutenir les communaut\u00e9s locales.\" \/>\n<meta name=\"robots\" content=\"index, follow, max-snippet:-1, max-image-preview:large, max-video-preview:-1\" \/>\n<link rel=\"canonical\" href=\"https:\/\/www.vita-explorers.dk\/blog\/frivilligt-arbejde-caribien\/\" \/>\n<meta property=\"og:locale\" content=\"da_DK\" \/>\n<meta property=\"og:type\" content=\"article\" \/>\n<meta property=\"og:title\" content=\"Frivilligt arbejde i Caribien: ophold p\u00e5 Saint Vincent og Grenadinerne\" \/>\n<meta property=\"og:description\" content=\"B\u00e9n\u00e9volat Cara\u00efbes : engagez-vous \u00e0 Saint-Vincent-et-les-Grenadines pour prot\u00e9ger l\u2019environnement et soutenir les communaut\u00e9s locales.\" \/>\n<meta property=\"og:url\" content=\"https:\/\/www.vita-explorers.dk\/blog\/frivilligt-arbejde-caribien\/\" \/>\n<meta property=\"og:site_name\" content=\"VITA Explorers Blog\" \/>\n<meta property=\"article:publisher\" content=\"https:\/\/www.facebook.com\/globalong\" \/>\n<meta property=\"article:published_time\" content=\"2025-09-25T05:26:46+00:00\" \/>\n<meta property=\"article:modified_time\" content=\"2025-09-24T19:20:39+00:00\" \/>\n<meta property=\"og:image\" content=\"https:\/\/www.vita-explorers.dk\/blog\/wp-content\/uploads\/2018\/06\/DSC_6879-copy-min.jpg\" \/>\n\t<meta property=\"og:image:width\" content=\"3216\" \/>\n\t<meta property=\"og:image:height\" content=\"2136\" \/>\n\t<meta property=\"og:image:type\" content=\"image\/jpeg\" \/>\n<meta name=\"author\" content=\"VITA Tribe\" \/>\n<meta name=\"twitter:card\" content=\"summary_large_image\" \/>\n<meta name=\"twitter:label1\" content=\"Skrevet af\" \/>\n\t<meta name=\"twitter:data1\" content=\"VITA Tribe\" \/>\n\t<meta name=\"twitter:label2\" content=\"Estimeret l\u00e6setid\" \/>\n\t<meta name=\"twitter:data2\" content=\"12 minutter\" \/>\n<script type=\"application\/ld+json\" class=\"yoast-schema-graph\">{\"@context\":\"https:\/\/schema.org\",\"@graph\":[{\"@type\":\"Article\",\"@id\":\"https:\/\/www.vita-explorers.dk\/blog\/frivilligt-arbejde-caribien\/#article\",\"isPartOf\":{\"@id\":\"https:\/\/www.vita-explorers.dk\/blog\/frivilligt-arbejde-caribien\/\"},\"author\":{\"name\":\"VITA Tribe\",\"@id\":\"https:\/\/www.vita-explorers.dk\/blog\/#\/schema\/person\/fc0343a2f2db2ebb2793c1f62dbe73f0\"},\"headline\":\"Frivilligt arbejde i Caribien: ophold p\u00e5 Saint Vincent og Grenadinerne\",\"datePublished\":\"2025-09-25T05:26:46+00:00\",\"dateModified\":\"2025-09-24T19:20:39+00:00\",\"mainEntityOfPage\":{\"@id\":\"https:\/\/www.vita-explorers.dk\/blog\/frivilligt-arbejde-caribien\/\"},\"wordCount\":2164,\"commentCount\":0,\"publisher\":{\"@id\":\"https:\/\/www.vita-explorers.dk\/blog\/#organization\"},\"image\":{\"@id\":\"https:\/\/www.vita-explorers.dk\/blog\/frivilligt-arbejde-caribien\/#primaryimage\"},\"thumbnailUrl\":\"https:\/\/www.vita-explorers.dk\/blog\/wp-content\/uploads\/2018\/06\/DSC_6879-copy-min.jpg\",\"articleSection\":[\"Humanit\u00e6rt frivilligt arbejde\"],\"inLanguage\":\"da-DK\",\"potentialAction\":[{\"@type\":\"CommentAction\",\"name\":\"Comment\",\"target\":[\"https:\/\/www.vita-explorers.dk\/blog\/frivilligt-arbejde-caribien\/#respond\"]}]},{\"@type\":\"WebPage\",\"@id\":\"https:\/\/www.vita-explorers.dk\/blog\/frivilligt-arbejde-caribien\/\",\"url\":\"https:\/\/www.vita-explorers.dk\/blog\/frivilligt-arbejde-caribien\/\",\"name\":\"Frivilligt arbejde i Caribien: forl\u00f8b p\u00e5 Saint Vincent og Grenadinerne\",\"isPartOf\":{\"@id\":\"https:\/\/www.vita-explorers.dk\/blog\/#website\"},\"primaryImageOfPage\":{\"@id\":\"https:\/\/www.vita-explorers.dk\/blog\/frivilligt-arbejde-caribien\/#primaryimage\"},\"image\":{\"@id\":\"https:\/\/www.vita-explorers.dk\/blog\/frivilligt-arbejde-caribien\/#primaryimage\"},\"thumbnailUrl\":\"https:\/\/www.vita-explorers.dk\/blog\/wp-content\/uploads\/2018\/06\/DSC_6879-copy-min.jpg\",\"datePublished\":\"2025-09-25T05:26:46+00:00\",\"dateModified\":\"2025-09-24T19:20:39+00:00\",\"description\":\"B\u00e9n\u00e9volat Cara\u00efbes : engagez-vous \u00e0 Saint-Vincent-et-les-Grenadines pour prot\u00e9ger l\u2019environnement et soutenir les communaut\u00e9s locales.\",\"breadcrumb\":{\"@id\":\"https:\/\/www.vita-explorers.dk\/blog\/frivilligt-arbejde-caribien\/#breadcrumb\"},\"inLanguage\":\"da-DK\",\"potentialAction\":[{\"@type\":\"ReadAction\",\"target\":[\"https:\/\/www.vita-explorers.dk\/blog\/frivilligt-arbejde-caribien\/\"]}]},{\"@type\":\"ImageObject\",\"inLanguage\":\"da-DK\",\"@id\":\"https:\/\/www.vita-explorers.dk\/blog\/frivilligt-arbejde-caribien\/#primaryimage\",\"url\":\"https:\/\/www.vita-explorers.dk\/blog\/wp-content\/uploads\/2018\/06\/DSC_6879-copy-min.jpg\",\"contentUrl\":\"https:\/\/www.vita-explorers.dk\/blog\/wp-content\/uploads\/2018\/06\/DSC_6879-copy-min.jpg\",\"width\":3216,\"height\":2136},{\"@type\":\"BreadcrumbList\",\"@id\":\"https:\/\/www.vita-explorers.dk\/blog\/frivilligt-arbejde-caribien\/#breadcrumb\",\"itemListElement\":[{\"@type\":\"ListItem\",\"position\":1,\"name\":\"Accueil\",\"item\":\"https:\/\/www.vita-explorers.dk\/blog\/\"},{\"@type\":\"ListItem\",\"position\":2,\"name\":\"Frivilligt arbejde i Caribien: ophold p\u00e5 Saint Vincent og Grenadinerne\"}]},{\"@type\":\"WebSite\",\"@id\":\"https:\/\/www.vita-explorers.dk\/blog\/#website\",\"url\":\"https:\/\/www.vita-explorers.dk\/blog\/\",\"name\":\"Association Globalong\",\"description\":\"Frivilligt arbejde, sprogophold, praktik i udlandet og internationale oplevelser\",\"publisher\":{\"@id\":\"https:\/\/www.vita-explorers.dk\/blog\/#organization\"},\"potentialAction\":[{\"@type\":\"SearchAction\",\"target\":{\"@type\":\"EntryPoint\",\"urlTemplate\":\"https:\/\/www.vita-explorers.dk\/blog\/?s={search_term_string}\"},\"query-input\":{\"@type\":\"PropertyValueSpecification\",\"valueRequired\":true,\"valueName\":\"search_term_string\"}}],\"inLanguage\":\"da-DK\"},{\"@type\":\"Organization\",\"@id\":\"https:\/\/www.vita-explorers.dk\/blog\/#organization\",\"name\":\"Association Globalong\",\"url\":\"https:\/\/www.vita-explorers.dk\/blog\/\",\"logo\":{\"@type\":\"ImageObject\",\"inLanguage\":\"da-DK\",\"@id\":\"https:\/\/www.vita-explorers.dk\/blog\/#\/schema\/logo\/image\/\",\"url\":\"https:\/\/www.globalong.com\/blog\/wp-content\/uploads\/2014\/11\/cropped-cropped-Logo-et-Afrique-Globalong-petite-taille-2.jpg\",\"contentUrl\":\"https:\/\/www.globalong.com\/blog\/wp-content\/uploads\/2014\/11\/cropped-cropped-Logo-et-Afrique-Globalong-petite-taille-2.jpg\",\"width\":512,\"height\":512,\"caption\":\"Association Globalong\"},\"image\":{\"@id\":\"https:\/\/www.vita-explorers.dk\/blog\/#\/schema\/logo\/image\/\"},\"sameAs\":[\"https:\/\/www.facebook.com\/globalong\"]},{\"@type\":\"Person\",\"@id\":\"https:\/\/www.vita-explorers.dk\/blog\/#\/schema\/person\/fc0343a2f2db2ebb2793c1f62dbe73f0\",\"name\":\"VITA Tribe\",\"image\":{\"@type\":\"ImageObject\",\"inLanguage\":\"da-DK\",\"@id\":\"https:\/\/www.vita-explorers.dk\/blog\/#\/schema\/person\/image\/\",\"url\":\"https:\/\/secure.gravatar.com\/avatar\/f7f05026bb439d0c96b30e135e5f852c?s=96&d=mm&r=g\",\"contentUrl\":\"https:\/\/secure.gravatar.com\/avatar\/f7f05026bb439d0c96b30e135e5f852c?s=96&d=mm&r=g\",\"caption\":\"VITA Tribe\"},\"sameAs\":[\"http:\/\/www.globalong.com\"],\"url\":\"https:\/\/www.vita-explorers.dk\/blog\/author\/teamglobalong\/\"}]}<\/script>\n<!-- \/ Yoast SEO Premium plugin. -->","yoast_head_json":{"title":"Frivilligt arbejde i Caribien: forl\u00f8b p\u00e5 Saint Vincent og Grenadinerne","description":"B\u00e9n\u00e9volat Cara\u00efbes : engagez-vous \u00e0 Saint-Vincent-et-les-Grenadines pour prot\u00e9ger l\u2019environnement et soutenir les communaut\u00e9s locales.","robots":{"index":"index","follow":"follow","max-snippet":"max-snippet:-1","max-image-preview":"max-image-preview:large","max-video-preview":"max-video-preview:-1"},"canonical":"https:\/\/www.vita-explorers.dk\/blog\/frivilligt-arbejde-caribien\/","og_locale":"da_DK","og_type":"article","og_title":"Frivilligt arbejde i Caribien: ophold p\u00e5 Saint Vincent og Grenadinerne","og_description":"B\u00e9n\u00e9volat Cara\u00efbes : engagez-vous \u00e0 Saint-Vincent-et-les-Grenadines pour prot\u00e9ger l\u2019environnement et soutenir les communaut\u00e9s locales.","og_url":"https:\/\/www.vita-explorers.dk\/blog\/frivilligt-arbejde-caribien\/","og_site_name":"VITA Explorers Blog","article_publisher":"https:\/\/www.facebook.com\/globalong","article_published_time":"2025-09-25T05:26:46+00:00","article_modified_time":"2025-09-24T19:20:39+00:00","og_image":[{"width":3216,"height":2136,"url":"https:\/\/www.vita-explorers.dk\/blog\/wp-content\/uploads\/2018\/06\/DSC_6879-copy-min.jpg","type":"image\/jpeg"}],"author":"VITA Tribe","twitter_card":"summary_large_image","twitter_misc":{"Skrevet af":"VITA Tribe","Estimeret l\u00e6setid":"12 minutter"},"schema":{"@context":"https:\/\/schema.org","@graph":[{"@type":"Article","@id":"https:\/\/www.vita-explorers.dk\/blog\/frivilligt-arbejde-caribien\/#article","isPartOf":{"@id":"https:\/\/www.vita-explorers.dk\/blog\/frivilligt-arbejde-caribien\/"},"author":{"name":"VITA Tribe","@id":"https:\/\/www.vita-explorers.dk\/blog\/#\/schema\/person\/fc0343a2f2db2ebb2793c1f62dbe73f0"},"headline":"Frivilligt arbejde i Caribien: ophold p\u00e5 Saint Vincent og Grenadinerne","datePublished":"2025-09-25T05:26:46+00:00","dateModified":"2025-09-24T19:20:39+00:00","mainEntityOfPage":{"@id":"https:\/\/www.vita-explorers.dk\/blog\/frivilligt-arbejde-caribien\/"},"wordCount":2164,"commentCount":0,"publisher":{"@id":"https:\/\/www.vita-explorers.dk\/blog\/#organization"},"image":{"@id":"https:\/\/www.vita-explorers.dk\/blog\/frivilligt-arbejde-caribien\/#primaryimage"},"thumbnailUrl":"https:\/\/www.vita-explorers.dk\/blog\/wp-content\/uploads\/2018\/06\/DSC_6879-copy-min.jpg","articleSection":["Humanit\u00e6rt frivilligt arbejde"],"inLanguage":"da-DK","potentialAction":[{"@type":"CommentAction","name":"Comment","target":["https:\/\/www.vita-explorers.dk\/blog\/frivilligt-arbejde-caribien\/#respond"]}]},{"@type":"WebPage","@id":"https:\/\/www.vita-explorers.dk\/blog\/frivilligt-arbejde-caribien\/","url":"https:\/\/www.vita-explorers.dk\/blog\/frivilligt-arbejde-caribien\/","name":"Frivilligt arbejde i Caribien: forl\u00f8b p\u00e5 Saint Vincent og Grenadinerne","isPartOf":{"@id":"https:\/\/www.vita-explorers.dk\/blog\/#website"},"primaryImageOfPage":{"@id":"https:\/\/www.vita-explorers.dk\/blog\/frivilligt-arbejde-caribien\/#primaryimage"},"image":{"@id":"https:\/\/www.vita-explorers.dk\/blog\/frivilligt-arbejde-caribien\/#primaryimage"},"thumbnailUrl":"https:\/\/www.vita-explorers.dk\/blog\/wp-content\/uploads\/2018\/06\/DSC_6879-copy-min.jpg","datePublished":"2025-09-25T05:26:46+00:00","dateModified":"2025-09-24T19:20:39+00:00","description":"B\u00e9n\u00e9volat Cara\u00efbes : engagez-vous \u00e0 Saint-Vincent-et-les-Grenadines pour prot\u00e9ger l\u2019environnement et soutenir les communaut\u00e9s locales.","breadcrumb":{"@id":"https:\/\/www.vita-explorers.dk\/blog\/frivilligt-arbejde-caribien\/#breadcrumb"},"inLanguage":"da-DK","potentialAction":[{"@type":"ReadAction","target":["https:\/\/www.vita-explorers.dk\/blog\/frivilligt-arbejde-caribien\/"]}]},{"@type":"ImageObject","inLanguage":"da-DK","@id":"https:\/\/www.vita-explorers.dk\/blog\/frivilligt-arbejde-caribien\/#primaryimage","url":"https:\/\/www.vita-explorers.dk\/blog\/wp-content\/uploads\/2018\/06\/DSC_6879-copy-min.jpg","contentUrl":"https:\/\/www.vita-explorers.dk\/blog\/wp-content\/uploads\/2018\/06\/DSC_6879-copy-min.jpg","width":3216,"height":2136},{"@type":"BreadcrumbList","@id":"https:\/\/www.vita-explorers.dk\/blog\/frivilligt-arbejde-caribien\/#breadcrumb","itemListElement":[{"@type":"ListItem","position":1,"name":"Accueil","item":"https:\/\/www.vita-explorers.dk\/blog\/"},{"@type":"ListItem","position":2,"name":"Frivilligt arbejde i Caribien: ophold p\u00e5 Saint Vincent og Grenadinerne"}]},{"@type":"WebSite","@id":"https:\/\/www.vita-explorers.dk\/blog\/#website","url":"https:\/\/www.vita-explorers.dk\/blog\/","name":"Association Globalong","description":"Frivilligt arbejde, sprogophold, praktik i udlandet og internationale oplevelser","publisher":{"@id":"https:\/\/www.vita-explorers.dk\/blog\/#organization"},"potentialAction":[{"@type":"SearchAction","target":{"@type":"EntryPoint","urlTemplate":"https:\/\/www.vita-explorers.dk\/blog\/?s={search_term_string}"},"query-input":{"@type":"PropertyValueSpecification","valueRequired":true,"valueName":"search_term_string"}}],"inLanguage":"da-DK"},{"@type":"Organization","@id":"https:\/\/www.vita-explorers.dk\/blog\/#organization","name":"Association Globalong","url":"https:\/\/www.vita-explorers.dk\/blog\/","logo":{"@type":"ImageObject","inLanguage":"da-DK","@id":"https:\/\/www.vita-explorers.dk\/blog\/#\/schema\/logo\/image\/","url":"https:\/\/www.globalong.com\/blog\/wp-content\/uploads\/2014\/11\/cropped-cropped-Logo-et-Afrique-Globalong-petite-taille-2.jpg","contentUrl":"https:\/\/www.globalong.com\/blog\/wp-content\/uploads\/2014\/11\/cropped-cropped-Logo-et-Afrique-Globalong-petite-taille-2.jpg","width":512,"height":512,"caption":"Association Globalong"},"image":{"@id":"https:\/\/www.vita-explorers.dk\/blog\/#\/schema\/logo\/image\/"},"sameAs":["https:\/\/www.facebook.com\/globalong"]},{"@type":"Person","@id":"https:\/\/www.vita-explorers.dk\/blog\/#\/schema\/person\/fc0343a2f2db2ebb2793c1f62dbe73f0","name":"VITA Tribe","image":{"@type":"ImageObject","inLanguage":"da-DK","@id":"https:\/\/www.vita-explorers.dk\/blog\/#\/schema\/person\/image\/","url":"https:\/\/secure.gravatar.com\/avatar\/f7f05026bb439d0c96b30e135e5f852c?s=96&d=mm&r=g","contentUrl":"https:\/\/secure.gravatar.com\/avatar\/f7f05026bb439d0c96b30e135e5f852c?s=96&d=mm&r=g","caption":"VITA Tribe"},"sameAs":["http:\/\/www.globalong.com"],"url":"https:\/\/www.vita-explorers.dk\/blog\/author\/teamglobalong\/"}]}},"_links":{"self":[{"href":"https:\/\/www.vita-explorers.dk\/blog\/wp-json\/wp\/v2\/posts\/21902"}],"collection":[{"href":"https:\/\/www.vita-explorers.dk\/blog\/wp-json\/wp\/v2\/posts"}],"about":[{"href":"https:\/\/www.vita-explorers.dk\/blog\/wp-json\/wp\/v2\/types\/post"}],"author":[{"embeddable":true,"href":"https:\/\/www.vita-explorers.dk\/blog\/wp-json\/wp\/v2\/users\/7"}],"replies":[{"embeddable":true,"href":"https:\/\/www.vita-explorers.dk\/blog\/wp-json\/wp\/v2\/comments?post=21902"}],"version-history":[{"count":5,"href":"https:\/\/www.vita-explorers.dk\/blog\/wp-json\/wp\/v2\/posts\/21902\/revisions"}],"predecessor-version":[{"id":21907,"href":"https:\/\/www.vita-explorers.dk\/blog\/wp-json\/wp\/v2\/posts\/21902\/revisions\/21907"}],"wp:featuredmedia":[{"embeddable":true,"href":"https:\/\/www.vita-explorers.dk\/blog\/wp-json\/wp\/v2\/media\/10132"}],"wp:attachment":[{"href":"https:\/\/www.vita-explorers.dk\/blog\/wp-json\/wp\/v2\/media?parent=21902"}],"wp:term":[{"taxonomy":"category","embeddable":true,"href":"https:\/\/www.vita-explorers.dk\/blog\/wp-json\/wp\/v2\/categories?post=21902"},{"taxonomy":"post_tag","embeddable":true,"href":"https:\/\/www.vita-explorers.dk\/blog\/wp-json\/wp\/v2\/tags?post=21902"}],"curies":[{"name":"wp","href":"https:\/\/api.w.org\/{rel}","templated":true}]}}