{"id":21936,"date":"2025-10-02T07:18:30","date_gmt":"2025-10-02T05:18:30","guid":{"rendered":"https:\/\/www.globalong.com\/blog\/?p=21936"},"modified":"2025-10-01T22:10:05","modified_gmt":"2025-10-01T20:10:05","slug":"solidarisk-mikrofinans-senegal","status":"publish","type":"post","link":"https:\/\/www.vita-explorers.dk\/blog\/solidarisk-mikrofinans-senegal\/","title":{"rendered":"Solidarisk mikrofinans i Senegal: n\u00e5r et l\u00e5n kan \u00e6ndre et liv"},"content":{"rendered":"<p>\u00a0<\/p>\n<p>\u00a0<\/p>\n<h1 style=\"text-align: justify;\">Solidarisk mikrofinans i Senegal: et l\u00f8ft mod st\u00f8rre selvst\u00e6ndighed<\/h1>\n<p style=\"text-align: justify;\">Den <strong>solidariske mikrofinans i Senegal<\/strong> er p\u00e5 f\u00e5 \u00e5r blevet en vigtig drivkraft for \u00f8konomisk og social udvikling. Med <em>rentefrie mikrol\u00e5n<\/em> og en n\u00e6rv\u00e6rende st\u00f8tte har mange familier kunnet oms\u00e6tte id\u00e9er til sm\u00e5, b\u00e6redygtige forretninger. Indsatsen kombinerer finansiering, l\u00e6ring og <a href=\"https:\/\/www.vita-explorers.dk\/blog\/hvorfor-v\u00e6lge-frivilligt-arbejde-i-udlandet-7-gode-grunde-til-at-komme-i-gang\/\" target=\"_blank\" rel=\"noopener\">internationalt frivilligt arbejde.<\/a> Det g\u00f8r det muligt b\u00e5de at mindske s\u00e5rbarhed og styrke lokal handlekraft. I denne artikel ser vi n\u00e6rmere p\u00e5, hvordan et <strong>mikrofinansprogram<\/strong> fungerer, hvilken konkret effekt det kan have \u2013 og hvordan du kan v\u00e6re med.<\/p>\n<p><!-- Sommaire --><\/p>\n<h2><\/h2>\n<h2>Indhold<\/h2>\n<ul>\n<li><a href=\"#definition\">Hvad betyder solidarisk mikrofinans i Senegal?<\/a><\/li>\n<li><a href=\"#historique\">Mikrokredittens udvikling i Senegal<\/a><\/li>\n<li><a href=\"#pourquoi\">Hvorfor solidarisk mikrofinans er vigtig<\/a><\/li>\n<li><a href=\"#types\">Hvilke typer projekter mikrol\u00e5n st\u00f8tter<\/a><\/li>\n<li><a href=\"#volontariat\">Frivilliges rolle i mikrofinans i Senegal<\/a><\/li>\n<li><a href=\"#defis\">Udfordringer og l\u00f8sninger<\/a><\/li>\n<li><a href=\"#impact\">Effekten af lokalt \u00f8konomisk l\u00f8ft<\/a><\/li>\n<li><a href=\"#afrique\">Solidarisk mikrofinans og perspektiver i Afrika<\/a><\/li>\n<li><a href=\"#temoignage\">En konkret oplevelse fra en deltager<\/a><\/li>\n<li><a href=\"#faq\">FAQ om solidarisk mikrofinans i Senegal<\/a><\/li>\n<li><a href=\"#conclusion\">Afslutning \u2013 s\u00e5dan kan du bidrage<\/a><\/li>\n<\/ul>\n<h2><a href=\"https:\/\/www.vita-explorers.dk\/blog\/wp-content\/uploads\/2025\/10\/Histoires-Microfinance-GG02-DSCN1804-RBb-705x536-1.jpg\"><img loading=\"lazy\" decoding=\"async\" class=\"aligncenter wp-image-21938 size-medium\" src=\"https:\/\/www.vita-explorers.dk\/blog\/wp-content\/uploads\/2025\/10\/Histoires-Microfinance-GG02-DSCN1804-RBb-705x536-1-300x228.jpg\" alt=\"mikrofinans senegal\" width=\"300\" height=\"228\" srcset=\"https:\/\/www.vita-explorers.dk\/blog\/wp-content\/uploads\/2025\/10\/Histoires-Microfinance-GG02-DSCN1804-RBb-705x536-1-300x228.jpg 300w, https:\/\/www.vita-explorers.dk\/blog\/wp-content\/uploads\/2025\/10\/Histoires-Microfinance-GG02-DSCN1804-RBb-705x536-1.jpg 705w\" sizes=\"(max-width: 300px) 100vw, 300px\" \/><\/a><\/h2>\n<h2 id=\"definition\" style=\"text-align: justify;\">Hvad betyder solidarisk mikrofinans i Senegal?<\/h2>\n<p style=\"text-align: justify;\">Solidarisk mikrofinans i Senegal d\u00e6kker over finansielle tilbud, der er tilg\u00e6ngelige for mennesker, som st\u00e5r uden for de traditionelle banker. Grundid\u00e9en er enkel: at give sm\u00e5 l\u00e5n, typisk uden renter, og samtidig st\u00f8tte deltagerne i at planl\u00e6gge og drive deres projekter. Den <strong>solidariske mikrofinans<\/strong> handler alts\u00e5 ikke kun om penge. Den omfatter ogs\u00e5 opf\u00f8lgning, l\u00e6ring og et menneskeligt <a href=\"https:\/\/www.vita-explorers.dk\/blog\/solidarisk-stoette-i-verden\/\" target=\"_blank\" rel=\"noopener\">st\u00f8tte<\/a>. Derfor kan den fungere som en reel motor for social forandring.<\/p>\n<h2 style=\"text-align: justify;\"><\/h2>\n<h2 id=\"historique\">Mikrokredittens udvikling i Senegal<\/h2>\n<p>Mikrokredit i Senegal begyndte for alvor at udvikle sig i starten af 00\u2019erne. Dengang havde st\u00f8rstedelen af befolkningen ikke adgang til klassiske bankydelser. L\u00e5nekravene var for stramme og ofte forbeholdt dem med flest ressourcer. Mikrofinansprogrammerne \u00e5bnede en ny mulighed. Siden 2020 er der givet flere hundrede l\u00e5n p\u00e5 100 til 600 dollars. Bel\u00f8bene har v\u00e6ret nok til at starte aktiviteter som fjerkr\u00e6hold, gr\u00f8ntsagsdyrkning og h\u00e5ndv\u00e6rk. I dag er solidarisk mikrofinans anerkendt som et effektivt redskab til at mindske fattigdom og styrke social inklusion.<\/p>\n<h2><\/h2>\n<h2 id=\"pourquoi\" style=\"text-align: justify;\">Hvorfor solidarisk mikrofinans er vigtig for lokalt iv\u00e6rks\u00e6tteri<\/h2>\n<p style=\"text-align: justify;\">At engagere sig i et <strong>mikrofinansprogram<\/strong> betyder at g\u00f8re en konkret forskel i hverdagen for hele familier. Et rentefrit l\u00e5n i Afrika handler ikke kun om at starte en lille virksomhed. Det kan ogs\u00e5 give mere selvtillid, v\u00e6rdighed og et tydeligere blik mod fremtiden. Resultaterne kan ses i praksis:<\/p>\n<ul style=\"text-align: justify;\">\n<li>flere lokale jobmuligheder,<\/li>\n<li>nemmere adgang til <a href=\"https:\/\/www.vita-explorers.dk\/blog\/frivilligt-arbejde-inden-for-uddannelse-i-udlandet\/\" target=\"_blank\" rel=\"noopener\">uddannelse<\/a> for b\u00f8rn,<\/li>\n<li>mindre behov for at flytte fra land til by,<\/li>\n<li>udvikling af <strong>lokalt, solidarisk iv\u00e6rks\u00e6tteri<\/strong>.<\/li>\n<\/ul>\n<p style=\"text-align: justify;\">Solidarisk mikrofinans i Senegal er dermed ikke kun et finansielt v\u00e6rkt\u00f8j \u2013 det er ogs\u00e5 en kilde til sammenh\u00e6ngskraft og social fremdrift.<\/p>\n<h3><a href=\"https:\/\/www.vita-explorers.dk\/blog\/wp-content\/uploads\/2025\/10\/Histoires-Microfinance-GG03-El-Hadj-Phincho-07-RB2-768x544-1.jpg\"><img loading=\"lazy\" decoding=\"async\" class=\"size-medium wp-image-21939 aligncenter\" src=\"https:\/\/www.vita-explorers.dk\/blog\/wp-content\/uploads\/2025\/10\/Histoires-Microfinance-GG03-El-Hadj-Phincho-07-RB2-768x544-1-300x213.jpg\" alt=\"mikrofinans Senegal\" width=\"300\" height=\"213\" srcset=\"https:\/\/www.vita-explorers.dk\/blog\/wp-content\/uploads\/2025\/10\/Histoires-Microfinance-GG03-El-Hadj-Phincho-07-RB2-768x544-1-300x213.jpg 300w, https:\/\/www.vita-explorers.dk\/blog\/wp-content\/uploads\/2025\/10\/Histoires-Microfinance-GG03-El-Hadj-Phincho-07-RB2-768x544-1.jpg 768w\" sizes=\"(max-width: 300px) 100vw, 300px\" \/><\/a><\/h3>\n<h3 style=\"text-align: justify;\">En ny oplevelse af v\u00e6rdighed gennem mikrofinans<\/h3>\n<p style=\"text-align: justify;\">Et l\u00e5n \u2013 selv et lille \u2013 kan give modtagerne en f\u00f8lelse af at kunne forme deres egen fremtid. Samtidig giver den menneskelige st\u00f8tte de f\u00e6rdigheder, der skal til for at lykkes. Mikrofinans kan med andre ord styrke b\u00e5de selvtillid og selvst\u00e6ndighed.<\/p>\n<h3><\/h3>\n<h3 style=\"text-align: justify;\">Mikrokredit og lokalt \u00f8konomisk l\u00f8ft<\/h3>\n<p style=\"text-align: justify;\">N\u00e5r projekter lykkes, r\u00e6kker gevinsterne l\u00e6ngere end den enkelte familie. Hele lokalsamfundet f\u00e5r gavn af nye tilbud: sm\u00e5 butikker, gr\u00f8ntsagsproduktion, h\u00e5ndv\u00e6rk. Derfor kan mikrokredit i Senegal blive en katalysator for <strong>lokal \u00f8konomisk udvikling<\/strong>.<\/p>\n<h2><\/h2>\n<h2 id=\"types\">Hvilke typer projekter mikrokredit i Senegal st\u00f8tter<\/h2>\n<p style=\"text-align: justify;\">Bredden i de projekter, der f\u00e5r st\u00f8tte, viser tydeligt v\u00e6rdien af solidarisk mikrofinans i Senegal:<\/p>\n<ul>\n<li style=\"text-align: justify;\"><strong>Fjerkr\u00e6hold<\/strong> ???? : en enkel og ofte indt\u00e6gtsgivende aktivitet, der matcher lokale behov.<\/li>\n<li style=\"text-align: justify;\"><strong>Gr\u00f8ntsagsdyrkning<\/strong> ???? : styrker f\u00f8devaregrundlaget og kan give en mere stabil indkomst.<\/li>\n<li style=\"text-align: justify;\"><strong>Skr\u00e6dderi og h\u00e5ndv\u00e6rk<\/strong> \u2702\ufe0f : bygger p\u00e5 traditionelt h\u00e5ndelag og kan tiltr\u00e6kke en bred kundekreds.<\/li>\n<li style=\"text-align: justify;\"><strong>F\u00f8devareforarbejdning<\/strong> ???? : skaber mere v\u00e6rdi af lokale r\u00e5varer og kan \u00f8ge indtjeningen.<\/li>\n<li style=\"text-align: justify;\"><strong><a href=\"https:\/\/www.vita-explorers.dk\/blog\/ugen-for-international-solidaritet-og-fair-trade\/\" target=\"_blank\" rel=\"noopener\">N\u00e6rbutikker<\/a><\/strong> : vigtige for at d\u00e6kke hverdagens behov i lokalsamfundene.<\/li>\n<\/ul>\n<h3><\/h3>\n<h3 style=\"text-align: justify;\">Fjerkr\u00e6hold: et typisk eksempel p\u00e5 rentefrie l\u00e5n i Afrika<\/h3>\n<p style=\"text-align: justify;\">Mange v\u00e6lger fjerkr\u00e6hold. Med et lille l\u00e5n kan de k\u00f8be kyllinger og foder. P\u00e5 f\u00e5 m\u00e5neder kan det give en mere stabil indkomst. Derfor er denne type projekt udbredt i solidarisk mikrofinans i Senegal.<\/p>\n<h3 style=\"text-align: justify;\">Gr\u00f8ntsagsdyrkning og betydningen for f\u00f8devaresikkerhed<\/h3>\n<p style=\"text-align: justify;\">Gr\u00f8ntsagsdyrkning st\u00f8ttet af <strong>mikrokredit i Senegal<\/strong> kan mindske afh\u00e6ngigheden af import. Samtidig fremmer det sundere, lokale f\u00f8devarer. Derfor bidrager denne type projekt direkte til <a href=\"https:\/\/www.vita-explorers.dk\/blog\/internationalt-frivilligt-arbejde-og-baeredygtig-udvikling\/\" target=\"_blank\" rel=\"noopener\">b\u00e6redygtig udvikling<\/a>.<\/p>\n<h3>Skr\u00e6dderi, h\u00e5ndv\u00e6rk og lokalt, solidarisk iv\u00e6rks\u00e6tteri<\/h3>\n<p style=\"text-align: justify;\">Skr\u00e6dderi og h\u00e5ndv\u00e6rk er en vigtig mulighed \u2013 is\u00e6r for kvinder. Med et rentefrit l\u00e5n kan de k\u00f8be stof og udstyr. Derefter kan de udvikle <strong>lokalt, solidarisk iv\u00e6rks\u00e6tteri<\/strong> ved at fremstille t\u00f8j og tilbeh\u00f8r, der s\u00e6lges p\u00e5 markeder.<\/p>\n<h2><a href=\"https:\/\/www.vita-explorers.dk\/blog\/wp-content\/uploads\/2025\/10\/Histoires-Microfinance-GG05-Josh-avec-entrepreneurs-futurs-705x470-1.jpeg\"><img loading=\"lazy\" decoding=\"async\" class=\"size-medium wp-image-21941 aligncenter\" src=\"https:\/\/www.vita-explorers.dk\/blog\/wp-content\/uploads\/2025\/10\/Histoires-Microfinance-GG05-Josh-avec-entrepreneurs-futurs-705x470-1-300x200.jpeg\" alt=\"Mikrofinans Senegal\" width=\"300\" height=\"200\" srcset=\"https:\/\/www.vita-explorers.dk\/blog\/wp-content\/uploads\/2025\/10\/Histoires-Microfinance-GG05-Josh-avec-entrepreneurs-futurs-705x470-1-300x200.jpeg 300w, https:\/\/www.vita-explorers.dk\/blog\/wp-content\/uploads\/2025\/10\/Histoires-Microfinance-GG05-Josh-avec-entrepreneurs-futurs-705x470-1.jpeg 705w\" sizes=\"(max-width: 300px) 100vw, 300px\" \/><\/a><\/h2>\n<h2 id=\"volontariat\">Frivilliges rolle i mikrofinans i Senegal<\/h2>\n<p style=\"text-align: justify;\"><strong>Frivilligt arbejde og mikrofinans<\/strong> h\u00e6nger t\u00e6t sammen. Deltagere bidrager med energi, kompetencer og st\u00f8tte. De kan facilitere workshops, st\u00f8tte modtagere i opstarten og v\u00e6re med til at styrke overblik og struktur i de f\u00f8rste skridt som iv\u00e6rks\u00e6ttere. Samtidig kan de ogs\u00e5 bidrage til at udvikle simple v\u00e6rkt\u00f8jer til opf\u00f8lgning og administration.<\/p>\n<h3 style=\"text-align: justify;\">Kompetencer, der er nyttige for deltagere<\/h3>\n<p style=\"text-align: justify;\">Man beh\u00f8ver ikke v\u00e6re finansiel specialist. Til geng\u00e6ld er nogle kompetencer s\u00e6rligt nyttige: formidling, budgetforst\u00e5else, kommunikation og organisering. P\u00e5 den m\u00e5de kan mange bidrage \u2013 ogs\u00e5 med begr\u00e6nset erfaring.<\/p>\n<h2><\/h2>\n<h2 id=\"defis\">Udfordringer og l\u00f8sninger<\/h2>\n<p style=\"text-align: justify;\">Som alle ordninger m\u00f8der solidarisk mikrofinans i Senegal ogs\u00e5 udfordringer. Det kan v\u00e6re konkurrence, manglende erfaring eller \u00f8konomiske udsving. Der findes dog konkrete l\u00f8sninger: l\u00f8bende tr\u00e6ning, t\u00e6t opf\u00f8lgning og st\u00f8tte i f\u00e6llesskabet. Derfor form\u00e5r de fleste projekter at blive ved over tid.<\/p>\n<h2><\/h2>\n<h2 id=\"impact\">Effekten af lokalt \u00f8konomisk l\u00f8ft<\/h2>\n<p style=\"text-align: justify;\">Effekten af mikrofinans r\u00e6kker ud over den enkelte. Den kan forbedre familiers hverdag, g\u00f8re det muligt at betale skolegang og styrke den lokale sammenh\u00e6ngskraft. Hver gang et projekt lykkes, bliver det en f\u00e6lles sejr. Derfor bliver solidarisk mikrofinans i Senegal ofte fremh\u00e6vet som et redskab til varig forandring.<\/p>\n<h2 style=\"text-align: justify;\"><\/h2>\n<h2 id=\"afrique\" style=\"text-align: justify;\">Solidarisk mikrofinans og perspektiver i Afrika<\/h2>\n<p style=\"text-align: justify;\">Senegal er \u00e9t eksempel, men flere afrikanske lande arbejder ogs\u00e5 med <strong>rentefrie l\u00e5n i Afrika<\/strong>. Erfaringerne viser, at solidarisk mikrofinans kan skaleres i store dele af Vestafrika. Det g\u00f8r den til et trov\u00e6rdigt alternativ til et banksystem, som alt for ofte er sv\u00e6rt at f\u00e5 adgang til.<\/p>\n<h2 style=\"text-align: justify;\"><\/h2>\n<h2 id=\"temoignage\">En konkret oplevelse fra en deltager<\/h2>\n<blockquote>\n<p style=\"text-align: justify;\"><em>\u00ab I tre uger deltog jeg i et solidarisk mikrofinansforl\u00f8b i Senegal. Min rolle var at st\u00f8tte kvindelige iv\u00e6rks\u00e6ttere i deres l\u00e5neans\u00f8gning og i at skabe overblik over deres aktivitet. Jeg blev imponeret over deres beslutsomhed. Med kun 200 dollars skabte de en lille virksomhed inden for f\u00f8devareforarbejdning, som i dag fors\u00f8rger hele familien. Forl\u00f8bet l\u00e6rte mig, at solidaritet ikke kun m\u00e5les i penge, men ogs\u00e5 i deling af kompetencer. I dag har jeg stadig kontakt med nogle af dem, og det g\u00f8r mig glad at se deres projekter udvikle sig. \u00bb Gabin, deltager hos VITA<\/em><\/p>\n<\/blockquote>\n<h2><a href=\"https:\/\/www.vita-explorers.dk\/blog\/wp-content\/uploads\/2025\/10\/Histoires-Microfinance-GG04-Aliou-Josh-Fenella-crop.jpg\"><img loading=\"lazy\" decoding=\"async\" class=\"size-medium wp-image-21940 aligncenter\" src=\"https:\/\/www.vita-explorers.dk\/blog\/wp-content\/uploads\/2025\/10\/Histoires-Microfinance-GG04-Aliou-Josh-Fenella-crop-300x182.jpg\" alt=\"mikrofinans Senegal\" width=\"300\" height=\"182\" srcset=\"https:\/\/www.vita-explorers.dk\/blog\/wp-content\/uploads\/2025\/10\/Histoires-Microfinance-GG04-Aliou-Josh-Fenella-crop-300x182.jpg 300w, https:\/\/www.vita-explorers.dk\/blog\/wp-content\/uploads\/2025\/10\/Histoires-Microfinance-GG04-Aliou-Josh-Fenella-crop.jpg 684w\" sizes=\"(max-width: 300px) 100vw, 300px\" \/><\/a><\/h2>\n<h2 id=\"faq\">FAQ om solidarisk mikrofinans i Senegal<\/h2>\n<h3 style=\"text-align: justify;\">1. Hvad er solidarisk mikrofinans i Senegal?<\/h3>\n<p style=\"text-align: justify;\">Det er et program, der tilbyder sm\u00e5, rentefrie l\u00e5n kombineret med l\u00e6ring og opf\u00f8lgning til mennesker, som ikke har adgang til traditionelle banker.<\/p>\n<h3 style=\"text-align: justify;\">2. Hvem kan f\u00e5 mikrokredit i Senegal?<\/h3>\n<p style=\"text-align: justify;\">Prim\u00e6rt kvinder, unge uden job og tidligere <a href=\"https:\/\/www.vita-explorers.dk\/blog\/focus-sur-le-senegal-le-cas-des-enfants-talibes\/\" target=\"_blank\" rel=\"noopener\">talib\u00e9<\/a>, der \u00f8nsker at finde fodf\u00e6ste i samfundet.<\/p>\n<h3 style=\"text-align: justify;\">3. Hvilke typer projekter finansieres?<\/h3>\n<p style=\"text-align: justify;\">Fjerkr\u00e6hold, gr\u00f8ntsagsdyrkning, skr\u00e6dderi, h\u00e5ndv\u00e6rk, f\u00f8devareforarbejdning og sm\u00e5 n\u00e6rbutikker.<\/p>\n<h3 style=\"text-align: justify;\">4. Hvilken rolle spiller frivillige?<\/h3>\n<p style=\"text-align: justify;\">Internationale deltagere st\u00f8tter modtagerne, afholder workshops, deler deres kompetencer og bidrager til en bedre struktur i projekternes opstart og drift.<\/p>\n<h3 style=\"text-align: justify;\">5. Hvordan kan man st\u00f8tte solidarisk mikrofinans i Senegal?<\/h3>\n<p style=\"text-align: justify;\">Du kan blive deltager, give et bidrag eller dele initiativerne, s\u00e5 flere f\u00e5r kendskab til dem.<\/p>\n<h2><\/h2>\n<h2 id=\"conclusion\" style=\"text-align: justify;\">Afslutning<\/h2>\n<p style=\"text-align: justify;\">Den <strong>solidariske mikrofinans i Senegal<\/strong> er ikke kun et finansielt system \u2013 det er en vej til st\u00f8rre selvst\u00e6ndighed og v\u00e6rdighed. Med rentefrie l\u00e5n og internationalt frivilligt arbejde bliver id\u00e9er til stabile sm\u00e5 virksomheder. Du kan ogs\u00e5 v\u00e6re med. Ved at deltage i et forl\u00f8b, give et bidrag eller dele historien hj\u00e6lper du med at skabe varig forandring. Sammen kan vi g\u00f8re solidaritet til et b\u00e6redygtigt l\u00f8ft for fremtiden.<\/p>\n<p>\u00a0<\/p>\n<p style=\"text-align: center;\"><strong>Klar til at tage n\u00e6ste skridt?<\/strong>\u00a0F\u00e5 forslag til forl\u00f8b, der matcher dine kompetencer og det, du gerne vil bidrage med.<\/p>\n<p style=\"text-align: center;\"><a href=\"https:\/\/www.vita-explorers.dk\/#tel-contact-form-glob\" target=\"_blank\" rel=\"noopener\">Jeg vil gerne i kontakt<\/a><\/p>\n<p class=\"muted\" style=\"text-align: center;\">\u00a9 VITA Institute \u2014 Ressourcer til ansvarlige internationale forl\u00f8b.<\/p>\n<p class=\"p4\" style=\"text-align: center;\"><b>Hvis du vil h\u00f8re mere, er du velkommen til at kontakte os p\u00e5\u00a0<\/b><a href=\"mailto:info@globalong.com\"><span class=\"s2\"><b>info@globalong.com<\/b><\/span><\/a><\/p>\n<p class=\"p4\" style=\"text-align: center;\"><b>Vil du f\u00f8lge med i VITA Institute og vores community, s\u00e5 find os p\u00e5\u00a0<\/b><a href=\"https:\/\/www.instagram.com\/globalongofficiel\/\" target=\"_blank\" rel=\"noopener\"><span class=\"s2\"><b>Instagram<\/b><\/span><\/a><b>,\u00a0<\/b><a href=\"https:\/\/www.facebook.com\/globalong\" target=\"_blank\" rel=\"noopener\"><span class=\"s2\"><b>Facebook<\/b><\/span><\/a><b>,\u00a0<\/b><a href=\"https:\/\/www.linkedin.com\/company\/5113177\/admin\/feed\/posts\/\" target=\"_blank\" rel=\"noopener\"><span class=\"s2\"><b>LinkedIn<\/b><\/span><\/a><b>\u00a0og\u00a0<\/b><a href=\"https:\/\/www.youtube.com\/c\/globalong\/videos\" target=\"_blank\" rel=\"noopener\"><span class=\"s2\"><b>Youtube<\/b><\/span><\/a><b>\u00a0!\u00a0<\/b><\/p>\n","protected":false},"excerpt":{"rendered":"<p>\u00a0 \u00a0 Solidarisk mikrofinans i Senegal: et l\u00f8ft mod st\u00f8rre selvst\u00e6ndighed Den solidariske mikrofinans i Senegal er p\u00e5 f\u00e5 \u00e5r blevet en vigtig drivkraft\u2026<\/p>\n","protected":false},"author":7,"featured_media":21937,"comment_status":"open","ping_status":"open","sticky":false,"template":"","format":"standard","meta":{"footnotes":""},"categories":[8],"tags":[],"yoast_head":"<!-- This site is optimized with the Yoast SEO Premium plugin v23.4 (Yoast SEO v23.4) - https:\/\/yoast.com\/wordpress\/plugins\/seo\/ -->\n<title>Solidarisk mikrofinans i Senegal: en vej til st\u00f8rre selvst\u00e6ndighed<\/title>\n<meta name=\"description\" content=\"D\u00e9couvrez comment le microfinance solidaire S\u00e9n\u00e9gal aide les entrepreneurs \u00e0 r\u00e9aliser leurs projets et \u00e0 am\u00e9liorer leur vie.\" \/>\n<meta name=\"robots\" content=\"index, follow, max-snippet:-1, max-image-preview:large, max-video-preview:-1\" \/>\n<link rel=\"canonical\" href=\"https:\/\/www.vita-explorers.dk\/blog\/solidarisk-mikrofinans-senegal\/\" \/>\n<meta property=\"og:locale\" content=\"da_DK\" \/>\n<meta property=\"og:type\" content=\"article\" \/>\n<meta property=\"og:title\" content=\"Solidarisk mikrofinans i Senegal: n\u00e5r et l\u00e5n kan \u00e6ndre et liv\" \/>\n<meta property=\"og:description\" content=\"D\u00e9couvrez comment le microfinance solidaire S\u00e9n\u00e9gal aide les entrepreneurs \u00e0 r\u00e9aliser leurs projets et \u00e0 am\u00e9liorer leur vie.\" \/>\n<meta property=\"og:url\" content=\"https:\/\/www.vita-explorers.dk\/blog\/solidarisk-mikrofinans-senegal\/\" \/>\n<meta property=\"og:site_name\" content=\"VITA Explorers Blog\" \/>\n<meta property=\"article:publisher\" content=\"https:\/\/www.facebook.com\/globalong\" \/>\n<meta property=\"article:published_time\" content=\"2025-10-02T05:18:30+00:00\" \/>\n<meta property=\"article:modified_time\" content=\"2025-10-01T20:10:05+00:00\" \/>\n<meta property=\"og:image\" content=\"https:\/\/www.vita-explorers.dk\/blog\/wp-content\/uploads\/2025\/10\/Histoires-Microfinance-GG01-Temoignatge-Anna-Marie-Simon-02.jpg\" \/>\n\t<meta property=\"og:image:width\" content=\"1888\" \/>\n\t<meta property=\"og:image:height\" content=\"1258\" \/>\n\t<meta property=\"og:image:type\" content=\"image\/jpeg\" \/>\n<meta name=\"author\" content=\"VITA Tribe\" \/>\n<meta name=\"twitter:card\" content=\"summary_large_image\" \/>\n<meta name=\"twitter:label1\" content=\"Skrevet af\" \/>\n\t<meta name=\"twitter:data1\" content=\"VITA Tribe\" \/>\n\t<meta name=\"twitter:label2\" content=\"Estimeret l\u00e6setid\" \/>\n\t<meta name=\"twitter:data2\" content=\"8 minutter\" \/>\n<script type=\"application\/ld+json\" class=\"yoast-schema-graph\">{\"@context\":\"https:\/\/schema.org\",\"@graph\":[{\"@type\":\"Article\",\"@id\":\"https:\/\/www.vita-explorers.dk\/blog\/solidarisk-mikrofinans-senegal\/#article\",\"isPartOf\":{\"@id\":\"https:\/\/www.vita-explorers.dk\/blog\/solidarisk-mikrofinans-senegal\/\"},\"author\":{\"name\":\"VITA Tribe\",\"@id\":\"https:\/\/www.vita-explorers.dk\/blog\/#\/schema\/person\/fc0343a2f2db2ebb2793c1f62dbe73f0\"},\"headline\":\"Solidarisk mikrofinans i Senegal: n\u00e5r et l\u00e5n kan \u00e6ndre et liv\",\"datePublished\":\"2025-10-02T05:18:30+00:00\",\"dateModified\":\"2025-10-01T20:10:05+00:00\",\"mainEntityOfPage\":{\"@id\":\"https:\/\/www.vita-explorers.dk\/blog\/solidarisk-mikrofinans-senegal\/\"},\"wordCount\":1487,\"commentCount\":0,\"publisher\":{\"@id\":\"https:\/\/www.vita-explorers.dk\/blog\/#organization\"},\"image\":{\"@id\":\"https:\/\/www.vita-explorers.dk\/blog\/solidarisk-mikrofinans-senegal\/#primaryimage\"},\"thumbnailUrl\":\"https:\/\/www.vita-explorers.dk\/blog\/wp-content\/uploads\/2025\/10\/Histoires-Microfinance-GG01-Temoignatge-Anna-Marie-Simon-02.jpg\",\"articleSection\":[\"Humanit\u00e6rt frivilligt arbejde\"],\"inLanguage\":\"da-DK\",\"potentialAction\":[{\"@type\":\"CommentAction\",\"name\":\"Comment\",\"target\":[\"https:\/\/www.vita-explorers.dk\/blog\/solidarisk-mikrofinans-senegal\/#respond\"]}]},{\"@type\":\"WebPage\",\"@id\":\"https:\/\/www.vita-explorers.dk\/blog\/solidarisk-mikrofinans-senegal\/\",\"url\":\"https:\/\/www.vita-explorers.dk\/blog\/solidarisk-mikrofinans-senegal\/\",\"name\":\"Solidarisk mikrofinans i Senegal: en vej til st\u00f8rre selvst\u00e6ndighed\",\"isPartOf\":{\"@id\":\"https:\/\/www.vita-explorers.dk\/blog\/#website\"},\"primaryImageOfPage\":{\"@id\":\"https:\/\/www.vita-explorers.dk\/blog\/solidarisk-mikrofinans-senegal\/#primaryimage\"},\"image\":{\"@id\":\"https:\/\/www.vita-explorers.dk\/blog\/solidarisk-mikrofinans-senegal\/#primaryimage\"},\"thumbnailUrl\":\"https:\/\/www.vita-explorers.dk\/blog\/wp-content\/uploads\/2025\/10\/Histoires-Microfinance-GG01-Temoignatge-Anna-Marie-Simon-02.jpg\",\"datePublished\":\"2025-10-02T05:18:30+00:00\",\"dateModified\":\"2025-10-01T20:10:05+00:00\",\"description\":\"D\u00e9couvrez comment le microfinance solidaire S\u00e9n\u00e9gal aide les entrepreneurs \u00e0 r\u00e9aliser leurs projets et \u00e0 am\u00e9liorer leur vie.\",\"breadcrumb\":{\"@id\":\"https:\/\/www.vita-explorers.dk\/blog\/solidarisk-mikrofinans-senegal\/#breadcrumb\"},\"inLanguage\":\"da-DK\",\"potentialAction\":[{\"@type\":\"ReadAction\",\"target\":[\"https:\/\/www.vita-explorers.dk\/blog\/solidarisk-mikrofinans-senegal\/\"]}]},{\"@type\":\"ImageObject\",\"inLanguage\":\"da-DK\",\"@id\":\"https:\/\/www.vita-explorers.dk\/blog\/solidarisk-mikrofinans-senegal\/#primaryimage\",\"url\":\"https:\/\/www.vita-explorers.dk\/blog\/wp-content\/uploads\/2025\/10\/Histoires-Microfinance-GG01-Temoignatge-Anna-Marie-Simon-02.jpg\",\"contentUrl\":\"https:\/\/www.vita-explorers.dk\/blog\/wp-content\/uploads\/2025\/10\/Histoires-Microfinance-GG01-Temoignatge-Anna-Marie-Simon-02.jpg\",\"width\":1888,\"height\":1258,\"caption\":\"Microfinance S\u00e9n\u00e9gal\"},{\"@type\":\"BreadcrumbList\",\"@id\":\"https:\/\/www.vita-explorers.dk\/blog\/solidarisk-mikrofinans-senegal\/#breadcrumb\",\"itemListElement\":[{\"@type\":\"ListItem\",\"position\":1,\"name\":\"Accueil\",\"item\":\"https:\/\/www.vita-explorers.dk\/blog\/\"},{\"@type\":\"ListItem\",\"position\":2,\"name\":\"Solidarisk mikrofinans i Senegal: n\u00e5r et l\u00e5n kan \u00e6ndre et liv\"}]},{\"@type\":\"WebSite\",\"@id\":\"https:\/\/www.vita-explorers.dk\/blog\/#website\",\"url\":\"https:\/\/www.vita-explorers.dk\/blog\/\",\"name\":\"Association Globalong\",\"description\":\"Frivilligt arbejde, sprogophold, praktik i udlandet og internationale oplevelser\",\"publisher\":{\"@id\":\"https:\/\/www.vita-explorers.dk\/blog\/#organization\"},\"potentialAction\":[{\"@type\":\"SearchAction\",\"target\":{\"@type\":\"EntryPoint\",\"urlTemplate\":\"https:\/\/www.vita-explorers.dk\/blog\/?s={search_term_string}\"},\"query-input\":{\"@type\":\"PropertyValueSpecification\",\"valueRequired\":true,\"valueName\":\"search_term_string\"}}],\"inLanguage\":\"da-DK\"},{\"@type\":\"Organization\",\"@id\":\"https:\/\/www.vita-explorers.dk\/blog\/#organization\",\"name\":\"Association Globalong\",\"url\":\"https:\/\/www.vita-explorers.dk\/blog\/\",\"logo\":{\"@type\":\"ImageObject\",\"inLanguage\":\"da-DK\",\"@id\":\"https:\/\/www.vita-explorers.dk\/blog\/#\/schema\/logo\/image\/\",\"url\":\"https:\/\/www.globalong.com\/blog\/wp-content\/uploads\/2014\/11\/cropped-cropped-Logo-et-Afrique-Globalong-petite-taille-2.jpg\",\"contentUrl\":\"https:\/\/www.globalong.com\/blog\/wp-content\/uploads\/2014\/11\/cropped-cropped-Logo-et-Afrique-Globalong-petite-taille-2.jpg\",\"width\":512,\"height\":512,\"caption\":\"Association Globalong\"},\"image\":{\"@id\":\"https:\/\/www.vita-explorers.dk\/blog\/#\/schema\/logo\/image\/\"},\"sameAs\":[\"https:\/\/www.facebook.com\/globalong\"]},{\"@type\":\"Person\",\"@id\":\"https:\/\/www.vita-explorers.dk\/blog\/#\/schema\/person\/fc0343a2f2db2ebb2793c1f62dbe73f0\",\"name\":\"VITA Tribe\",\"image\":{\"@type\":\"ImageObject\",\"inLanguage\":\"da-DK\",\"@id\":\"https:\/\/www.vita-explorers.dk\/blog\/#\/schema\/person\/image\/\",\"url\":\"https:\/\/secure.gravatar.com\/avatar\/f7f05026bb439d0c96b30e135e5f852c?s=96&d=mm&r=g\",\"contentUrl\":\"https:\/\/secure.gravatar.com\/avatar\/f7f05026bb439d0c96b30e135e5f852c?s=96&d=mm&r=g\",\"caption\":\"VITA Tribe\"},\"sameAs\":[\"http:\/\/www.globalong.com\"],\"url\":\"https:\/\/www.vita-explorers.dk\/blog\/author\/teamglobalong\/\"}]}<\/script>\n<!-- \/ Yoast SEO Premium plugin. -->","yoast_head_json":{"title":"Solidarisk mikrofinans i Senegal: en vej til st\u00f8rre selvst\u00e6ndighed","description":"D\u00e9couvrez comment le microfinance solidaire S\u00e9n\u00e9gal aide les entrepreneurs \u00e0 r\u00e9aliser leurs projets et \u00e0 am\u00e9liorer leur vie.","robots":{"index":"index","follow":"follow","max-snippet":"max-snippet:-1","max-image-preview":"max-image-preview:large","max-video-preview":"max-video-preview:-1"},"canonical":"https:\/\/www.vita-explorers.dk\/blog\/solidarisk-mikrofinans-senegal\/","og_locale":"da_DK","og_type":"article","og_title":"Solidarisk mikrofinans i Senegal: n\u00e5r et l\u00e5n kan \u00e6ndre et liv","og_description":"D\u00e9couvrez comment le microfinance solidaire S\u00e9n\u00e9gal aide les entrepreneurs \u00e0 r\u00e9aliser leurs projets et \u00e0 am\u00e9liorer leur vie.","og_url":"https:\/\/www.vita-explorers.dk\/blog\/solidarisk-mikrofinans-senegal\/","og_site_name":"VITA Explorers Blog","article_publisher":"https:\/\/www.facebook.com\/globalong","article_published_time":"2025-10-02T05:18:30+00:00","article_modified_time":"2025-10-01T20:10:05+00:00","og_image":[{"width":1888,"height":1258,"url":"https:\/\/www.vita-explorers.dk\/blog\/wp-content\/uploads\/2025\/10\/Histoires-Microfinance-GG01-Temoignatge-Anna-Marie-Simon-02.jpg","type":"image\/jpeg"}],"author":"VITA Tribe","twitter_card":"summary_large_image","twitter_misc":{"Skrevet af":"VITA Tribe","Estimeret l\u00e6setid":"8 minutter"},"schema":{"@context":"https:\/\/schema.org","@graph":[{"@type":"Article","@id":"https:\/\/www.vita-explorers.dk\/blog\/solidarisk-mikrofinans-senegal\/#article","isPartOf":{"@id":"https:\/\/www.vita-explorers.dk\/blog\/solidarisk-mikrofinans-senegal\/"},"author":{"name":"VITA Tribe","@id":"https:\/\/www.vita-explorers.dk\/blog\/#\/schema\/person\/fc0343a2f2db2ebb2793c1f62dbe73f0"},"headline":"Solidarisk mikrofinans i Senegal: n\u00e5r et l\u00e5n kan \u00e6ndre et liv","datePublished":"2025-10-02T05:18:30+00:00","dateModified":"2025-10-01T20:10:05+00:00","mainEntityOfPage":{"@id":"https:\/\/www.vita-explorers.dk\/blog\/solidarisk-mikrofinans-senegal\/"},"wordCount":1487,"commentCount":0,"publisher":{"@id":"https:\/\/www.vita-explorers.dk\/blog\/#organization"},"image":{"@id":"https:\/\/www.vita-explorers.dk\/blog\/solidarisk-mikrofinans-senegal\/#primaryimage"},"thumbnailUrl":"https:\/\/www.vita-explorers.dk\/blog\/wp-content\/uploads\/2025\/10\/Histoires-Microfinance-GG01-Temoignatge-Anna-Marie-Simon-02.jpg","articleSection":["Humanit\u00e6rt frivilligt arbejde"],"inLanguage":"da-DK","potentialAction":[{"@type":"CommentAction","name":"Comment","target":["https:\/\/www.vita-explorers.dk\/blog\/solidarisk-mikrofinans-senegal\/#respond"]}]},{"@type":"WebPage","@id":"https:\/\/www.vita-explorers.dk\/blog\/solidarisk-mikrofinans-senegal\/","url":"https:\/\/www.vita-explorers.dk\/blog\/solidarisk-mikrofinans-senegal\/","name":"Solidarisk mikrofinans i Senegal: en vej til st\u00f8rre selvst\u00e6ndighed","isPartOf":{"@id":"https:\/\/www.vita-explorers.dk\/blog\/#website"},"primaryImageOfPage":{"@id":"https:\/\/www.vita-explorers.dk\/blog\/solidarisk-mikrofinans-senegal\/#primaryimage"},"image":{"@id":"https:\/\/www.vita-explorers.dk\/blog\/solidarisk-mikrofinans-senegal\/#primaryimage"},"thumbnailUrl":"https:\/\/www.vita-explorers.dk\/blog\/wp-content\/uploads\/2025\/10\/Histoires-Microfinance-GG01-Temoignatge-Anna-Marie-Simon-02.jpg","datePublished":"2025-10-02T05:18:30+00:00","dateModified":"2025-10-01T20:10:05+00:00","description":"D\u00e9couvrez comment le microfinance solidaire S\u00e9n\u00e9gal aide les entrepreneurs \u00e0 r\u00e9aliser leurs projets et \u00e0 am\u00e9liorer leur vie.","breadcrumb":{"@id":"https:\/\/www.vita-explorers.dk\/blog\/solidarisk-mikrofinans-senegal\/#breadcrumb"},"inLanguage":"da-DK","potentialAction":[{"@type":"ReadAction","target":["https:\/\/www.vita-explorers.dk\/blog\/solidarisk-mikrofinans-senegal\/"]}]},{"@type":"ImageObject","inLanguage":"da-DK","@id":"https:\/\/www.vita-explorers.dk\/blog\/solidarisk-mikrofinans-senegal\/#primaryimage","url":"https:\/\/www.vita-explorers.dk\/blog\/wp-content\/uploads\/2025\/10\/Histoires-Microfinance-GG01-Temoignatge-Anna-Marie-Simon-02.jpg","contentUrl":"https:\/\/www.vita-explorers.dk\/blog\/wp-content\/uploads\/2025\/10\/Histoires-Microfinance-GG01-Temoignatge-Anna-Marie-Simon-02.jpg","width":1888,"height":1258,"caption":"Microfinance S\u00e9n\u00e9gal"},{"@type":"BreadcrumbList","@id":"https:\/\/www.vita-explorers.dk\/blog\/solidarisk-mikrofinans-senegal\/#breadcrumb","itemListElement":[{"@type":"ListItem","position":1,"name":"Accueil","item":"https:\/\/www.vita-explorers.dk\/blog\/"},{"@type":"ListItem","position":2,"name":"Solidarisk mikrofinans i Senegal: n\u00e5r et l\u00e5n kan \u00e6ndre et liv"}]},{"@type":"WebSite","@id":"https:\/\/www.vita-explorers.dk\/blog\/#website","url":"https:\/\/www.vita-explorers.dk\/blog\/","name":"Association Globalong","description":"Frivilligt arbejde, sprogophold, praktik i udlandet og internationale oplevelser","publisher":{"@id":"https:\/\/www.vita-explorers.dk\/blog\/#organization"},"potentialAction":[{"@type":"SearchAction","target":{"@type":"EntryPoint","urlTemplate":"https:\/\/www.vita-explorers.dk\/blog\/?s={search_term_string}"},"query-input":{"@type":"PropertyValueSpecification","valueRequired":true,"valueName":"search_term_string"}}],"inLanguage":"da-DK"},{"@type":"Organization","@id":"https:\/\/www.vita-explorers.dk\/blog\/#organization","name":"Association Globalong","url":"https:\/\/www.vita-explorers.dk\/blog\/","logo":{"@type":"ImageObject","inLanguage":"da-DK","@id":"https:\/\/www.vita-explorers.dk\/blog\/#\/schema\/logo\/image\/","url":"https:\/\/www.globalong.com\/blog\/wp-content\/uploads\/2014\/11\/cropped-cropped-Logo-et-Afrique-Globalong-petite-taille-2.jpg","contentUrl":"https:\/\/www.globalong.com\/blog\/wp-content\/uploads\/2014\/11\/cropped-cropped-Logo-et-Afrique-Globalong-petite-taille-2.jpg","width":512,"height":512,"caption":"Association Globalong"},"image":{"@id":"https:\/\/www.vita-explorers.dk\/blog\/#\/schema\/logo\/image\/"},"sameAs":["https:\/\/www.facebook.com\/globalong"]},{"@type":"Person","@id":"https:\/\/www.vita-explorers.dk\/blog\/#\/schema\/person\/fc0343a2f2db2ebb2793c1f62dbe73f0","name":"VITA Tribe","image":{"@type":"ImageObject","inLanguage":"da-DK","@id":"https:\/\/www.vita-explorers.dk\/blog\/#\/schema\/person\/image\/","url":"https:\/\/secure.gravatar.com\/avatar\/f7f05026bb439d0c96b30e135e5f852c?s=96&d=mm&r=g","contentUrl":"https:\/\/secure.gravatar.com\/avatar\/f7f05026bb439d0c96b30e135e5f852c?s=96&d=mm&r=g","caption":"VITA Tribe"},"sameAs":["http:\/\/www.globalong.com"],"url":"https:\/\/www.vita-explorers.dk\/blog\/author\/teamglobalong\/"}]}},"_links":{"self":[{"href":"https:\/\/www.vita-explorers.dk\/blog\/wp-json\/wp\/v2\/posts\/21936"}],"collection":[{"href":"https:\/\/www.vita-explorers.dk\/blog\/wp-json\/wp\/v2\/posts"}],"about":[{"href":"https:\/\/www.vita-explorers.dk\/blog\/wp-json\/wp\/v2\/types\/post"}],"author":[{"embeddable":true,"href":"https:\/\/www.vita-explorers.dk\/blog\/wp-json\/wp\/v2\/users\/7"}],"replies":[{"embeddable":true,"href":"https:\/\/www.vita-explorers.dk\/blog\/wp-json\/wp\/v2\/comments?post=21936"}],"version-history":[{"count":3,"href":"https:\/\/www.vita-explorers.dk\/blog\/wp-json\/wp\/v2\/posts\/21936\/revisions"}],"predecessor-version":[{"id":21944,"href":"https:\/\/www.vita-explorers.dk\/blog\/wp-json\/wp\/v2\/posts\/21936\/revisions\/21944"}],"wp:featuredmedia":[{"embeddable":true,"href":"https:\/\/www.vita-explorers.dk\/blog\/wp-json\/wp\/v2\/media\/21937"}],"wp:attachment":[{"href":"https:\/\/www.vita-explorers.dk\/blog\/wp-json\/wp\/v2\/media?parent=21936"}],"wp:term":[{"taxonomy":"category","embeddable":true,"href":"https:\/\/www.vita-explorers.dk\/blog\/wp-json\/wp\/v2\/categories?post=21936"},{"taxonomy":"post_tag","embeddable":true,"href":"https:\/\/www.vita-explorers.dk\/blog\/wp-json\/wp\/v2\/tags?post=21936"}],"curies":[{"name":"wp","href":"https:\/\/api.w.org\/{rel}","templated":true}]}}