{"id":21945,"date":"2025-10-03T06:47:14","date_gmt":"2025-10-03T04:47:14","guid":{"rendered":"https:\/\/www.globalong.com\/blog\/?p=21945"},"modified":"2025-10-02T22:24:01","modified_gmt":"2025-10-02T20:24:01","slug":"eco-frivilligt-arbejde-klima","status":"publish","type":"post","link":"https:\/\/www.vita-explorers.dk\/blog\/eco-frivilligt-arbejde-klima\/","title":{"rendered":"Klima-\u00f8kovolontariat: g\u00f8r en indsats for milj\u00f8et"},"content":{"rendered":"<p>a0<\/p>\n<h1 style=\"text-align: justify;\">Klima- og milj\u00f8frivillighed: g\u00f8r en konkret forskel for planeten<\/h1>\n<p style=\"text-align: justify;\"><strong>Klima- og milj\u00f8frivillighed<\/strong> er et konkret engagement, hvor du kan handle for <a href=\"https:\/\/www.vita-explorers.dk\/blog\/humanitaert-miljoeprojekt\/\" target=\"_blank\" rel=\"noopener\">milj\u00f8et<\/a> og v\u00e6re med i indsatsen mod klimaforandringer. Stadig flere deltagere v\u00e6lger at bruge noget af deres tid p\u00e5 forl\u00f8b med <strong>genplantning af skov<\/strong>, <strong>beskyttelse af koralrev<\/strong> eller <strong>reduktion af plastik i havet<\/strong>. P\u00e5 den m\u00e5de kan man bidrage til en mere b\u00e6redygtig fremtid og samtidig f\u00e5 en meningsfuld oplevelse i f\u00e6llesskab med andre. I denne artikel ser vi n\u00e6rmere p\u00e5 temaer, typer af forl\u00f8b, udbytte og oplevelser knyttet til klima- og milj\u00f8frivillighed  s\u00e5 du som l\u00e6ser f\u00e5r et klart overblik og lyst til at engagere dig.<\/p>\n<p><!-- Sommaire --><\/p>\n<nav>\n<h2>Indhold<\/h2>\n<ul>\n<li><a href=\"#definition\">Klima- og milj\u00f8frivillighed: definition og grundprincipper<\/a><\/li>\n<li><a href=\"#enjeux\">Hvorfor klima- og milj\u00f8frivillighed er vigtig i en tid med klimaforandringer<\/a><\/li>\n<li><a href=\"#missions\">Forl inden for klima- og milj\u00f8frivillighed<\/a>\n<ul>\n<li><a href=\"#reforestation\">Genplantning af skov og klima<\/a><\/li>\n<li><a href=\"#coraux\">Koralrev og beskyttelse af havmilj\u00f8<\/a><\/li>\n<li><a href=\"#plastique\">Mindre plastik i havet gennem milj\u00f8frivillighed<\/a><\/li>\n<\/ul>\n<\/li>\n<li><a href=\"#benefices\">Hvad du f som deltager i klima- og milj\u00f8frivillighed<\/a><\/li>\n<li><a href=\"#communautes\">International milj\u00f8frivillighed og lokalsamfund<\/a><\/li>\n<li><a href=\"#temoignages\">Oplevelser<\/a><\/li>\n<li><a href=\"#faq\">FAQ om klima- og milj\u00f8frivillighed og forl\u00f8b<\/a><\/li>\n<li><a href=\"#conclusion\">Konklusion: kom i gang nu<\/a><\/li>\n<\/ul>\n<\/nav>\n<h2><a href=\"https:\/\/www.vita-explorers.dk\/blog\/wp-content\/uploads\/2018\/05\/24327729380_fdcf5be4b0_o-min.jpg\"><img loading=\"lazy\" decoding=\"async\" class=\"size-medium wp-image-9983 aligncenter\" src=\"https:\/\/www.vita-explorers.dk\/blog\/wp-content\/uploads\/2018\/05\/24327729380_fdcf5be4b0_o-min-300x200.jpg\" alt=\"frivillighed\" width=\"300\" height=\"200\" srcset=\"https:\/\/www.vita-explorers.dk\/blog\/wp-content\/uploads\/2018\/05\/24327729380_fdcf5be4b0_o-min-300x200.jpg 300w, https:\/\/www.vita-explorers.dk\/blog\/wp-content\/uploads\/2018\/05\/24327729380_fdcf5be4b0_o-min-150x100.jpg 150w, https:\/\/www.vita-explorers.dk\/blog\/wp-content\/uploads\/2018\/05\/24327729380_fdcf5be4b0_o-min.jpg 500w\" sizes=\"(max-width: 300px) 100vw, 300px\" \/><\/a><\/h2>\n<h2 id=\"definition\">Klima- og milj\u00f8frivillighed: definition og grundprincipper<\/h2>\n<p style=\"text-align: justify;\">Klima- og milj\u00f8frivillighed er en form for frivilligt arbejde, der kombinerer milj\u00f8indsats med kulturel udveksling. Det er ikke bare en rejse, men et ansvarligt ophold, hvor du som deltager bruger din tid og energi p\u00e5 et konkret, gr\u00f8nt projekt. Derudover er denne type internationale forl\u00f8b \u00e5ben for mange  studerende, i job, familier og seniorer. Man kan derfor bidrage p\u00e5 forskellige m\u00e5der, uanset om det handler om at plante trr, hj\u00e6lpe med at genoprette et <a href=\"https:\/\/www.vita-explorers.dk\/blog\/den-internationale-zero-waste-dag-fokus-paa-beskyttelse-af-koralrevet-i-den-dominikanske-republik\/\" target=\"_blank\" rel=\"noopener\">koralrev<\/a> eller skabe viden om plastikforurening.<\/p>\n<p style=\"text-align: justify;\">Kort sagt bygger klima- og milj\u00f8frivillighed p\u00e5 en enkel, men vigtig tanke: Hver handling t\u00e6ller. Selv sm\u00e5 indsatser f\u00e5r betydning, n\u00e5r de l\u00e6gges sammen med andres, og det kan skabe en m\u00e6rkbar samlet effekt. Derfor kan opholdene b\u00e5de v\u00e6re med til at passe p\u00e5 naturen og give rejsen en tydelig mening.<\/p>\n<h2><\/h2>\n<h2 id=\"enjeux\">Hvorfor klima- og milj\u00f8frivillighed er vigtig i en tid med klimaforandringer<\/h2>\n<p style=\"text-align: justify;\">Klimaforandringer er en global udfordring. Temperaturerne stiger, is og gletsjere smelter, og b\u00e5de t\u00f8rke og oversv\u00f8mmelser rammer oftere. Det presser <a href=\"https:\/\/www.vita-explorers.dk\/blog\/frivilligt-arbejde-galapagos-nat\/\" target=\"_blank\" rel=\"noopener\">biodiversiteten<\/a>, og millioner af mennesker oplever mere usikre levevilk\u00e5r. Derfor er der brug for handling. Klima- og milj\u00f8frivillighed im\u00f8dekommer det behov gennem praktiske indsatser, der kan supplere st\u00f8rre internationale tiltag.<\/p>\n<p style=\"text-align: justify;\">For det er ikke nok kun at afvente beslutninger fra regeringer og virksomheder. Man kan ogs\u00e5 selv bidrage. Samtidig giver arbejde ude i felten en dobbelt effekt: en direkte indsats for naturen og en l\u00e6ring, som b\u00e5de lokalsamfund og deltagere tager med sig. Dermed bliver hvert forl\u00f8b ogs\u00e5 et afs\u00e6t for mere viden og \u00e6ndrede vaner.<\/p>\n<h2><a href=\"https:\/\/www.vita-explorers.dk\/blog\/wp-content\/uploads\/2018\/04\/testingsoil_preview-min.jpeg\"><img loading=\"lazy\" decoding=\"async\" class=\"size-medium wp-image-9816 aligncenter\" src=\"https:\/\/www.vita-explorers.dk\/blog\/wp-content\/uploads\/2018\/04\/testingsoil_preview-min-300x225.jpeg\" alt=\"Deltage i et internationalt forl\u00f8b i Latinamerika\" width=\"300\" height=\"225\" srcset=\"https:\/\/www.vita-explorers.dk\/blog\/wp-content\/uploads\/2018\/04\/testingsoil_preview-min-300x225.jpeg 300w, https:\/\/www.vita-explorers.dk\/blog\/wp-content\/uploads\/2018\/04\/testingsoil_preview-min-768x576.jpeg 768w, https:\/\/www.vita-explorers.dk\/blog\/wp-content\/uploads\/2018\/04\/testingsoil_preview-min-1024x768.jpeg 1024w, https:\/\/www.vita-explorers.dk\/blog\/wp-content\/uploads\/2018\/04\/testingsoil_preview-min-150x113.jpeg 150w, https:\/\/www.vita-explorers.dk\/blog\/wp-content\/uploads\/2018\/04\/testingsoil_preview-min.jpeg 1600w\" sizes=\"(max-width: 300px) 100vw, 300px\" \/><\/a><\/h2>\n<h2 id=\"missions\">Forl inden for klima- og milj\u00f8frivillighed<\/h2>\n<p style=\"text-align: justify;\">Forl\u00f8b inden for klima- og milj\u00f8frivillighed sp\u00e6nder bredt. De g\u00f8r det muligt at engagere sig i flere, gensidigt vigtige omr\u00e5der: <strong>genplantning af skov<\/strong>, <strong>beskyttelse af koralrev<\/strong> og <strong>reduktion af plastik i havet<\/strong>. Hver indsats svarer p\u00e5 en konkret udfordring og bidrager til at modvirke klimaforandringer.<\/p>\n<h3 id=\"reforestation\">Genplantning af skov og klima<\/h3>\n<p style=\"text-align: justify;\"><a href=\"https:\/\/www.vita-explorers.dk\/blog\/den-internationale-skovdag\/\" target=\"_blank\" rel=\"noopener\">Skove<\/a> er centrale for klimaets balance. De optager CO, rummer stor biodiversitet og beskytter jorden mod erosion. Alligevel forts\u00e6tter afskovning mange steder. Derfor er forl\u00f8b med <strong>genplantning af skov<\/strong> en vigtig del af klima- og milj\u00f8frivillighed. Deltagere kan v\u00e6re med til at plante trr, hj\u00e6lpe i planteskoler og dele viden om mere b\u00e6redygtige landbrugsmetoder.<\/p>\n<p style=\"text-align: justify;\">Indsatserne handler desuden ikke kun om at s\u00e6tte trr i jorden. De kan ogs\u00e5 omfatte opf\u00f8lgning p\u00e5 v\u00e6kst, forebyggelse af brand og arbejde med agroforestry. P\u00e5 den m\u00e5de kan genoprettede skovomr\u00e5der blive mere robuste kulstoflagre  og samtidig v\u00e6re en ressource for lokalsamfund.<\/p>\n<ul>\n<li style=\"text-align: justify;\">Plante hjemmeh\u00f8rende trrter, der passer til det lokale klima.<\/li>\n<li style=\"text-align: justify;\">St\u00f8tte op om l\u00e6ring i mere b\u00e6redygtige praksisser.<\/li>\n<li style=\"text-align: justify;\">Beskytte jorden og bidrage til bedre luftkvalitet.<\/li>\n<\/ul>\n<h3 id=\"coraux\">Koralrev og beskyttelse af havmilj\u00f8<\/h3>\n<p style=\"text-align: justify;\">Koralrev spiller en n\u00f8glerolle for <a href=\"https:\/\/www.vita-explorers.dk\/blog\/Sammen har vi styrken til at beskytte havet \u2013 temaet for Verdenshavets Dag den 8. juni 2014\/\" target=\"_blank\" rel=\"noopener\">havene<\/a>. De d\u00e6kker under 1 % af havets areal, men er levested for omkring 25 % af den marine biodiversitet. Samtidig er de h\u00e5rdt presset af varmere vand og forurening. Forl\u00f8b med <strong>koralrev<\/strong> giver mulighed for at dykke og bidrage til at genoprette og beskytte disse s\u00e5rbare \u00f8kosystemer.<\/p>\n<p style=\"text-align: justify;\">Opgaverne kan omfatte udplantning af koralfragmenter, observation af dyreliv og formidling til fiskere og turister. Derudover kan deltagerne indsamle data, som kan bruges i forskning. Dermed bliver man et vigtigt led i arbejdet for et sundere havmilj\u00f8.<\/p>\n<h3 id=\"plastique\">Mindre plastik i havet gennem milj\u00f8frivillighed<\/h3>\n<p style=\"text-align: justify;\">Plastikforurening er et globalt problem. Hvert \u00e5r ender millioner af ton affald i havet. Forl\u00f8b med <strong>reduktion af plastik i havet<\/strong> g\u00f8r det muligt at handle direkte. Deltagere samler affald, arrangerer l\u00e6ringsaktiviteter og st\u00f8tter mere holdbare alternativer. Samtidig kan indsatserne styrke bevidstheden og underst\u00f8tte varige \u00e6ndringer i hverdagsvaner.<\/p>\n<p style=\"text-align: justify;\">At fjerne en ton <a href=\"https:\/\/www.vita-explorers.dk\/blog\/ansvarligt-miljoe-okologi-plastforurening-engagement-frivilligt-arbejde-internationalt-vita\/\" target=\"_blank\" rel=\"noopener\">plastik<\/a> betyder for eksempel, at det ikke nedbrydes til mikroplast, som er ekstremt svrt at f\u00e5 fjernet igen. Derfor kan selv konkrete, lokale indsatser have stor betydning  b\u00e5de for havet og for menneskers sundhed.<\/p>\n<h2><a href=\"https:\/\/www.vita-explorers.dk\/blog\/wp-content\/uploads\/2018\/03\/Queensland-Nettoyage-des-plages-.jpg\"><img loading=\"lazy\" decoding=\"async\" class=\"size-medium wp-image-9363 aligncenter\" src=\"https:\/\/www.vita-explorers.dk\/blog\/wp-content\/uploads\/2018\/03\/Queensland-Nettoyage-des-plages--300x225.jpg\" alt=\"naturdestinationer og frivillighed\" width=\"300\" height=\"225\" srcset=\"https:\/\/www.vita-explorers.dk\/blog\/wp-content\/uploads\/2018\/03\/Queensland-Nettoyage-des-plages--300x225.jpg 300w, https:\/\/www.vita-explorers.dk\/blog\/wp-content\/uploads\/2018\/03\/Queensland-Nettoyage-des-plages--150x112.jpg 150w, https:\/\/www.vita-explorers.dk\/blog\/wp-content\/uploads\/2018\/03\/Queensland-Nettoyage-des-plages-.jpg 403w\" sizes=\"(max-width: 300px) 100vw, 300px\" \/><\/a><\/h2>\n<h2 id=\"benefices\">Hvad du f som deltager i klima- og milj\u00f8frivillighed<\/h2>\n<p style=\"text-align: justify;\">Klima- og milj\u00f8frivillighed kan give meget igen p\u00e5 et personligt plan. For det f\u00f8rste f\u00e5r du konkrete f\u00e6rdigheder: at plante trr, dykke i forbindelse med koralprojekter eller planl\u00e6gge en oplysningsindsats. For det andet skaber opholdet kulturel udveksling gennem m\u00f8der med andre deltagere og mennesker i omr\u00e5det. Endelig kan det give rejsen en tydelig retning  langt fra klassisk turisme.<\/p>\n<p style=\"text-align: justify;\">Mange fort\u00e6ller ogs\u00e5, at de kommer hjem med ny motivation. De f\u00e5r sk\u00e6rpet deres milj\u00f8bevidsthed, st\u00f8rre selvtillid og lyst til at forts\u00e6tte i hverdagen med mere ansvarlige valg. P\u00e5 den m\u00e5de kan klima- og milj\u00f8frivillighed \u00e6ndre b\u00e5de din tilgang  og den indsats, du bliver en del af.<\/p>\n<h2><\/h2>\n<h2 id=\"communautes\">International milj\u00f8frivillighed og lokalsamfund<\/h2>\n<p style=\"text-align: justify;\">Klima- og milj\u00f8frivillighed gavner ikke kun naturen. Den kan ogs\u00e5 st\u00f8tte lokalsamfund. Genplantning kan forbedre jordkvalitet og udbytte, beskyttelse af koralrev kan v\u00e6re vigtig for sm\u00e5skala fiskeri, og mindre plastik kan styrke folkesundheden. Dermed kan hvert forl\u00f8b kombinere milj\u00f8m\u00e6ssig effekt med sociale gevinster.<\/p>\n<p style=\"text-align: justify;\">N\u00e5r beboere inddrages i arbejdet, \u00f8ges sandsynligheden for, at indsatserne forts\u00e6tter efter deltagernes hjemrejse. Derfor kan effekten r\u00e6kke l\u00e6ngere end selve opholdet. Det er netop denne deltagende tilgang, der g\u00f8r klima- og milj\u00f8frivillighed b\u00e5de relevant og virkningsfuld.<\/p>\n<h2><\/h2>\n<h2 id=\"temoignages\">Oplevelser<\/h2>\n<p style=\"text-align: justify;\"><em>\u00ab Jeg deltog i et genplantningsforl\u00f8b i Sydamerika. I l\u00f8bet af en m\u00e5ned plantede vi tusindvis af trr. Det var fysisk arbejde, men f\u00e6llesskabet gjorde hver dag l\u00e6rerig. Da jeg s\u00e5 b\u00f8rnene vande de sm\u00e5 tr\u00e6er, forstod jeg, at vores indsats var mere end en milj\u00f8handling. Den gav et h\u00e5b for fremtiden. \u00bb Charlie, VITA Explorer<\/em><\/p>\n<p style=\"text-align: justify;\"><em>\u00ab Jeg valgte et koralforl\u00f8b i Asien. At dykke hver dag for at hj\u00e6lpe med at genoprette et rev gjorde et stort indtryk. Vi l\u00e6rte at h\u00e5ndtere koraller, observere fisk og tale med turister om hensyn. Siden opholdet har jeg taget mere ansvar i hverdagen. Jeg har sk\u00e5ret ned p\u00e5 plastik og deler mine oplevelser med andre. \u00bb Lyse, VITA Explorer<\/em><\/p>\n<h2><a href=\"https:\/\/www.vita-explorers.dk\/blog\/wp-content\/uploads\/2017\/12\/Une-b\u00e9n\u00e9vole-participe-\u00e0-un-programme-d\u00e9co-volontariat-GlobAlong-min.jpg\"><img loading=\"lazy\" decoding=\"async\" class=\"aligncenter wp-image-8360 size-medium\" src=\"https:\/\/www.vita-explorers.dk\/blog\/wp-content\/uploads\/2017\/12\/Une-b\u00e9n\u00e9vole-participe-\u00e0-un-programme-d\u00e9co-volontariat-GlobAlong-min-300x225.jpg\" alt=\"klima- og milj\u00f8frivillighed\" width=\"300\" height=\"225\" srcset=\"https:\/\/www.vita-explorers.dk\/blog\/wp-content\/uploads\/2017\/12\/Une-b\u00e9n\u00e9vole-participe-\u00e0-un-programme-d\u00e9co-volontariat-GlobAlong-min-300x225.jpg 300w, https:\/\/www.vita-explorers.dk\/blog\/wp-content\/uploads\/2017\/12\/Une-b\u00e9n\u00e9vole-participe-\u00e0-un-programme-d\u00e9co-volontariat-GlobAlong-min-768x576.jpg 768w, https:\/\/www.vita-explorers.dk\/blog\/wp-content\/uploads\/2017\/12\/Une-b\u00e9n\u00e9vole-participe-\u00e0-un-programme-d\u00e9co-volontariat-GlobAlong-min-1024x768.jpg 1024w, https:\/\/www.vita-explorers.dk\/blog\/wp-content\/uploads\/2017\/12\/Une-b\u00e9n\u00e9vole-participe-\u00e0-un-programme-d\u00e9co-volontariat-GlobAlong-min-150x113.jpg 150w\" sizes=\"(max-width: 300px) 100vw, 300px\" \/><\/a><\/h2>\n<h2 id=\"faq\">FAQ om klima- og milj\u00f8frivillighed og forl\u00f8b<\/h2>\n<h3 style=\"text-align: justify;\">1. Hvad er klima- og milj\u00f8frivillighed?<\/h3>\n<p style=\"text-align: justify;\">Det er et ansvarligt engagement, der kombinerer rejse med internationale milj\u00f8forl\u00f8b.<\/p>\n<h3 style=\"text-align: justify;\">2. Hvilke typer forl\u00f8b findes der?<\/h3>\n<p style=\"text-align: justify;\">De mest almindelige er <strong>genplantning af skov<\/strong>, forl\u00f8b med <strong>koralrev<\/strong> og <strong>reduktion af plastik i havet<\/strong>.<\/p>\n<h3 style=\"text-align: justify;\">3. Skal man have s\u00e6rlige kompetencer?<\/h3>\n<p style=\"text-align: justify;\">Nej. De fleste forl\u00f8b inden for <strong>international milj\u00f8frivillighed<\/strong> er \u00e5bne for alle og inkluderer introduktion og opl\u00e6ring.<\/p>\n<h3 style=\"text-align: justify;\">4. Hvor l\u00e6nge varer et forl\u00f8b?<\/h3>\n<p style=\"text-align: justify;\">Det varierer fra to uger til flere m\u00e5neder afh\u00e6ngigt af projektet.<\/p>\n<h3 style=\"text-align: justify;\">5. Hvor kan man deltage?<\/h3>\n<p style=\"text-align: justify;\">I Afrika, Asien, Latinamerika og Europa.<\/p>\n<h3 style=\"text-align: justify;\">6. Hvad f man personligt ud af det?<\/h3>\n<p style=\"text-align: justify;\">Du udvikler kompetencer, f\u00e5r en <a href=\"https:\/\/www.vita-explorers.dk\/blog\/interkulturel-oplevelse-i-udlandet\/\" target=\"_blank\" rel=\"noopener\">interkulturel<\/a> oplevelse og bidrager til klimaindsatsen.<\/p>\n<h3 style=\"text-align: justify;\">7. Er det dyrt?<\/h3>\n<p style=\"text-align: justify;\">De fleste projekter beder om et bidrag, der d\u00e6kker indkvartering og logistik.<\/p>\n<h3 style=\"text-align: justify;\">8. Kan man deltage som familie?<\/h3>\n<p style=\"text-align: justify;\">Ja, nogle forl\u00f8b er \u00e5bne for familier og inddrager ogs\u00e5 b\u00f8rn.<\/p>\n<h3 style=\"text-align: justify;\">9. Hvad er den reelle effekt p\u00e5 klimaet?<\/h3>\n<p style=\"text-align: justify;\">Hver indsats kan v\u00e6re med til at reducere udledninger, beskytte biodiversitet og skabe st\u00f8rre bevidsthed.<\/p>\n<h3 style=\"text-align: justify;\">10. Hvordan tilmelder man sig?<\/h3>\n<p style=\"text-align: justify;\">Ved at kontakte en organisation med erfaring i <strong>klima- og milj\u00f8frivillighed<\/strong> og v\u00e6lge et projekt, der passer til dig.<\/p>\n<h2><\/h2>\n<h2 id=\"conclusion\">Konklusion: kom i gang nu<\/h2>\n<p style=\"text-align: justify;\">Klimakrisen giver ikke plads til at vente. <strong>Klima- og milj\u00f8frivillighed<\/strong> er en konkret og tilg\u00e6ngelig m\u00e5de at engagere sig p\u00e5. Uanset om du v\u00e6lger <strong>genplantning af skov<\/strong>, forl\u00f8b med <strong>koralrev<\/strong> eller <strong>reduktion af plastik i havet<\/strong>, g\u00f8r din indsats en forskel. Hvert tr\u00e6, der plantes, hvert koralstykke, der genoprettes, og hvert stykke affald, der samles, t\u00e6ller. Derfor er det et godt tidspunkt at engagere sig. V\u00e6lg et forl\u00f8b inden for <strong>international milj\u00f8frivillighed<\/strong> og v\u00e6r med til at skabe forandring  p\u00e5 en ansvarlig m\u00e5de.<\/p>\n<p>a0<\/p>\n<p style=\"text-align: center;\"><strong>Klar til at komme i gang?<\/strong>a0F\u00e5 forslag til forl\u00f8b, der matcher dine kompetencer og det, du gerne vil bidrage med.<\/p>\n<p style=\"text-align: center;\"><a href=\"https:\/\/www.vita-explorers.dk\/#tel-contact-form-glob\" target=\"_blank\" rel=\"noopener\">Jeg vil gerne i kontakt<\/a><\/p>\n<p class=\"muted\" style=\"text-align: center;\">\u00a9 VITA Institute  Ressourcer til ansvarlige internationale forl\u00f8b.<\/p>\n<p class=\"p4\" style=\"text-align: center;\"><b>Hvis du vil vide mere, er du velkommen til at kontakte os p\u00e5a0<\/b><a href=\"mailto:info@globalong.com\"><span class=\"s2\"><b>info@globalong.com<\/b><\/span><\/a><\/p>\n<p class=\"p4\" style=\"text-align: center;\"><b>Vil du f\u00f8lge mere med i VITA Institute og vores community, s\u00e5 find os p\u00e5a0<\/b><a href=\"https:\/\/www.instagram.com\/globalongofficiel\/\" target=\"_blank\" rel=\"noopener\"><span class=\"s2\"><b>Instagram<\/b><\/span><\/a><b>,a0<\/b><a href=\"https:\/\/www.facebook.com\/globalong\" target=\"_blank\" rel=\"noopener\"><span class=\"s2\"><b>Facebook<\/b><\/span><\/a><b>,a0<\/b><a href=\"https:\/\/www.linkedin.com\/company\/5113177\/admin\/feed\/posts\/\" target=\"_blank\" rel=\"noopener\"><span class=\"s2\"><b>LinkedIn<\/b><\/span><\/a><b>a0oga0<\/b><a href=\"https:\/\/www.youtube.com\/c\/globalong\/videos\" target=\"_blank\" rel=\"noopener\"><span class=\"s2\"><b>Youtube<\/b><\/span><\/a><b>a0!a0<\/b><\/p>\n","protected":false},"excerpt":{"rendered":"<p>a0 Klima- og milj\u00f8frivillighed: g\u00f8r en konkret forskel for planeten Klima- og milj\u00f8frivillighed er et konkret engagement, hvor du kan handle for milj\u00f8et og\u2026<\/p>\n","protected":false},"author":7,"featured_media":15575,"comment_status":"open","ping_status":"open","sticky":false,"template":"","format":"standard","meta":{"footnotes":""},"categories":[470],"tags":[],"yoast_head":"<!-- This site is optimized with the Yoast SEO Premium plugin v23.4 (Yoast SEO v23.4) - https:\/\/yoast.com\/wordpress\/plugins\/seo\/ -->\n<title>Klima-frivilligt arbejde: S\u00e5dan deltager du aktivt<\/title>\n<meta name=\"description\" content=\"L&#039;\u00e9co-volontariat climat offre une occasion unique de soutenir des projets \u00e9cologiques tout en d\u00e9veloppant des comp\u00e9tences pr\u00e9cieuses.\" \/>\n<meta name=\"robots\" content=\"index, follow, max-snippet:-1, max-image-preview:large, max-video-preview:-1\" \/>\n<link rel=\"canonical\" href=\"https:\/\/www.vita-explorers.dk\/blog\/eco-frivilligt-arbejde-klima\/\" \/>\n<meta property=\"og:locale\" content=\"da_DK\" \/>\n<meta property=\"og:type\" content=\"article\" \/>\n<meta property=\"og:title\" content=\"Klima-\u00f8kovolontariat: g\u00f8r en indsats for milj\u00f8et\" \/>\n<meta property=\"og:description\" content=\"L&#039;\u00e9co-volontariat climat offre une occasion unique de soutenir des projets \u00e9cologiques tout en d\u00e9veloppant des comp\u00e9tences pr\u00e9cieuses.\" \/>\n<meta property=\"og:url\" content=\"https:\/\/www.vita-explorers.dk\/blog\/eco-frivilligt-arbejde-klima\/\" \/>\n<meta property=\"og:site_name\" content=\"VITA Explorers Blog\" \/>\n<meta property=\"article:publisher\" content=\"https:\/\/www.facebook.com\/globalong\" \/>\n<meta property=\"article:published_time\" content=\"2025-10-03T04:47:14+00:00\" \/>\n<meta property=\"article:modified_time\" content=\"2025-10-02T20:24:01+00:00\" \/>\n<meta property=\"og:image\" content=\"https:\/\/www.vita-explorers.dk\/blog\/wp-content\/uploads\/2023\/08\/eco-volontariat-europe.jpg\" \/>\n\t<meta property=\"og:image:width\" content=\"1280\" \/>\n\t<meta property=\"og:image:height\" content=\"960\" \/>\n\t<meta property=\"og:image:type\" content=\"image\/jpeg\" \/>\n<meta name=\"author\" content=\"VITA Tribe\" \/>\n<meta name=\"twitter:card\" content=\"summary_large_image\" \/>\n<meta name=\"twitter:label1\" content=\"Skrevet af\" \/>\n\t<meta name=\"twitter:data1\" content=\"VITA Tribe\" \/>\n\t<meta name=\"twitter:label2\" content=\"Estimeret l\u00e6setid\" \/>\n\t<meta name=\"twitter:data2\" content=\"9 minutter\" \/>\n<script type=\"application\/ld+json\" class=\"yoast-schema-graph\">{\"@context\":\"https:\/\/schema.org\",\"@graph\":[{\"@type\":\"Article\",\"@id\":\"https:\/\/www.vita-explorers.dk\/blog\/eco-frivilligt-arbejde-klima\/#article\",\"isPartOf\":{\"@id\":\"https:\/\/www.vita-explorers.dk\/blog\/eco-frivilligt-arbejde-klima\/\"},\"author\":{\"name\":\"VITA Tribe\",\"@id\":\"https:\/\/www.vita-explorers.dk\/blog\/#\/schema\/person\/fc0343a2f2db2ebb2793c1f62dbe73f0\"},\"headline\":\"Klima-\u00f8kovolontariat: g\u00f8r en indsats for milj\u00f8et\",\"datePublished\":\"2025-10-03T04:47:14+00:00\",\"dateModified\":\"2025-10-02T20:24:01+00:00\",\"mainEntityOfPage\":{\"@id\":\"https:\/\/www.vita-explorers.dk\/blog\/eco-frivilligt-arbejde-klima\/\"},\"wordCount\":1629,\"commentCount\":0,\"publisher\":{\"@id\":\"https:\/\/www.vita-explorers.dk\/blog\/#organization\"},\"image\":{\"@id\":\"https:\/\/www.vita-explorers.dk\/blog\/eco-frivilligt-arbejde-klima\/#primaryimage\"},\"thumbnailUrl\":\"https:\/\/www.vita-explorers.dk\/blog\/wp-content\/uploads\/2023\/08\/eco-volontariat-europe.jpg\",\"articleSection\":[\"Natur- og milj\u00f8frivilligt arbejde\"],\"inLanguage\":\"da-DK\",\"potentialAction\":[{\"@type\":\"CommentAction\",\"name\":\"Comment\",\"target\":[\"https:\/\/www.vita-explorers.dk\/blog\/eco-frivilligt-arbejde-klima\/#respond\"]}]},{\"@type\":\"WebPage\",\"@id\":\"https:\/\/www.vita-explorers.dk\/blog\/eco-frivilligt-arbejde-klima\/\",\"url\":\"https:\/\/www.vita-explorers.dk\/blog\/eco-frivilligt-arbejde-klima\/\",\"name\":\"Klima-frivilligt arbejde: S\u00e5dan deltager du aktivt\",\"isPartOf\":{\"@id\":\"https:\/\/www.vita-explorers.dk\/blog\/#website\"},\"primaryImageOfPage\":{\"@id\":\"https:\/\/www.vita-explorers.dk\/blog\/eco-frivilligt-arbejde-klima\/#primaryimage\"},\"image\":{\"@id\":\"https:\/\/www.vita-explorers.dk\/blog\/eco-frivilligt-arbejde-klima\/#primaryimage\"},\"thumbnailUrl\":\"https:\/\/www.vita-explorers.dk\/blog\/wp-content\/uploads\/2023\/08\/eco-volontariat-europe.jpg\",\"datePublished\":\"2025-10-03T04:47:14+00:00\",\"dateModified\":\"2025-10-02T20:24:01+00:00\",\"description\":\"L'\u00e9co-volontariat climat offre une occasion unique de soutenir des projets \u00e9cologiques tout en d\u00e9veloppant des comp\u00e9tences pr\u00e9cieuses.\",\"breadcrumb\":{\"@id\":\"https:\/\/www.vita-explorers.dk\/blog\/eco-frivilligt-arbejde-klima\/#breadcrumb\"},\"inLanguage\":\"da-DK\",\"potentialAction\":[{\"@type\":\"ReadAction\",\"target\":[\"https:\/\/www.vita-explorers.dk\/blog\/eco-frivilligt-arbejde-klima\/\"]}]},{\"@type\":\"ImageObject\",\"inLanguage\":\"da-DK\",\"@id\":\"https:\/\/www.vita-explorers.dk\/blog\/eco-frivilligt-arbejde-klima\/#primaryimage\",\"url\":\"https:\/\/www.vita-explorers.dk\/blog\/wp-content\/uploads\/2023\/08\/eco-volontariat-europe.jpg\",\"contentUrl\":\"https:\/\/www.vita-explorers.dk\/blog\/wp-content\/uploads\/2023\/08\/eco-volontariat-europe.jpg\",\"width\":1280,\"height\":960,\"caption\":\"Volontariat \u00e0 court terme vs volontariat \u00e0 long terme\"},{\"@type\":\"BreadcrumbList\",\"@id\":\"https:\/\/www.vita-explorers.dk\/blog\/eco-frivilligt-arbejde-klima\/#breadcrumb\",\"itemListElement\":[{\"@type\":\"ListItem\",\"position\":1,\"name\":\"Accueil\",\"item\":\"https:\/\/www.vita-explorers.dk\/blog\/\"},{\"@type\":\"ListItem\",\"position\":2,\"name\":\"Klima-\u00f8kovolontariat: g\u00f8r en indsats for milj\u00f8et\"}]},{\"@type\":\"WebSite\",\"@id\":\"https:\/\/www.vita-explorers.dk\/blog\/#website\",\"url\":\"https:\/\/www.vita-explorers.dk\/blog\/\",\"name\":\"Association Globalong\",\"description\":\"Frivilligt arbejde, sprogophold, praktik i udlandet og internationale oplevelser\",\"publisher\":{\"@id\":\"https:\/\/www.vita-explorers.dk\/blog\/#organization\"},\"potentialAction\":[{\"@type\":\"SearchAction\",\"target\":{\"@type\":\"EntryPoint\",\"urlTemplate\":\"https:\/\/www.vita-explorers.dk\/blog\/?s={search_term_string}\"},\"query-input\":{\"@type\":\"PropertyValueSpecification\",\"valueRequired\":true,\"valueName\":\"search_term_string\"}}],\"inLanguage\":\"da-DK\"},{\"@type\":\"Organization\",\"@id\":\"https:\/\/www.vita-explorers.dk\/blog\/#organization\",\"name\":\"Association Globalong\",\"url\":\"https:\/\/www.vita-explorers.dk\/blog\/\",\"logo\":{\"@type\":\"ImageObject\",\"inLanguage\":\"da-DK\",\"@id\":\"https:\/\/www.vita-explorers.dk\/blog\/#\/schema\/logo\/image\/\",\"url\":\"https:\/\/www.globalong.com\/blog\/wp-content\/uploads\/2014\/11\/cropped-cropped-Logo-et-Afrique-Globalong-petite-taille-2.jpg\",\"contentUrl\":\"https:\/\/www.globalong.com\/blog\/wp-content\/uploads\/2014\/11\/cropped-cropped-Logo-et-Afrique-Globalong-petite-taille-2.jpg\",\"width\":512,\"height\":512,\"caption\":\"Association Globalong\"},\"image\":{\"@id\":\"https:\/\/www.vita-explorers.dk\/blog\/#\/schema\/logo\/image\/\"},\"sameAs\":[\"https:\/\/www.facebook.com\/globalong\"]},{\"@type\":\"Person\",\"@id\":\"https:\/\/www.vita-explorers.dk\/blog\/#\/schema\/person\/fc0343a2f2db2ebb2793c1f62dbe73f0\",\"name\":\"VITA Tribe\",\"image\":{\"@type\":\"ImageObject\",\"inLanguage\":\"da-DK\",\"@id\":\"https:\/\/www.vita-explorers.dk\/blog\/#\/schema\/person\/image\/\",\"url\":\"https:\/\/secure.gravatar.com\/avatar\/f7f05026bb439d0c96b30e135e5f852c?s=96&d=mm&r=g\",\"contentUrl\":\"https:\/\/secure.gravatar.com\/avatar\/f7f05026bb439d0c96b30e135e5f852c?s=96&d=mm&r=g\",\"caption\":\"VITA Tribe\"},\"sameAs\":[\"http:\/\/www.globalong.com\"],\"url\":\"https:\/\/www.vita-explorers.dk\/blog\/author\/teamglobalong\/\"}]}<\/script>\n<!-- \/ Yoast SEO Premium plugin. -->","yoast_head_json":{"title":"Klima-frivilligt arbejde: S\u00e5dan deltager du aktivt","description":"L'\u00e9co-volontariat climat offre une occasion unique de soutenir des projets \u00e9cologiques tout en d\u00e9veloppant des comp\u00e9tences pr\u00e9cieuses.","robots":{"index":"index","follow":"follow","max-snippet":"max-snippet:-1","max-image-preview":"max-image-preview:large","max-video-preview":"max-video-preview:-1"},"canonical":"https:\/\/www.vita-explorers.dk\/blog\/eco-frivilligt-arbejde-klima\/","og_locale":"da_DK","og_type":"article","og_title":"Klima-\u00f8kovolontariat: g\u00f8r en indsats for milj\u00f8et","og_description":"L'\u00e9co-volontariat climat offre une occasion unique de soutenir des projets \u00e9cologiques tout en d\u00e9veloppant des comp\u00e9tences pr\u00e9cieuses.","og_url":"https:\/\/www.vita-explorers.dk\/blog\/eco-frivilligt-arbejde-klima\/","og_site_name":"VITA Explorers Blog","article_publisher":"https:\/\/www.facebook.com\/globalong","article_published_time":"2025-10-03T04:47:14+00:00","article_modified_time":"2025-10-02T20:24:01+00:00","og_image":[{"width":1280,"height":960,"url":"https:\/\/www.vita-explorers.dk\/blog\/wp-content\/uploads\/2023\/08\/eco-volontariat-europe.jpg","type":"image\/jpeg"}],"author":"VITA Tribe","twitter_card":"summary_large_image","twitter_misc":{"Skrevet af":"VITA Tribe","Estimeret l\u00e6setid":"9 minutter"},"schema":{"@context":"https:\/\/schema.org","@graph":[{"@type":"Article","@id":"https:\/\/www.vita-explorers.dk\/blog\/eco-frivilligt-arbejde-klima\/#article","isPartOf":{"@id":"https:\/\/www.vita-explorers.dk\/blog\/eco-frivilligt-arbejde-klima\/"},"author":{"name":"VITA Tribe","@id":"https:\/\/www.vita-explorers.dk\/blog\/#\/schema\/person\/fc0343a2f2db2ebb2793c1f62dbe73f0"},"headline":"Klima-\u00f8kovolontariat: g\u00f8r en indsats for milj\u00f8et","datePublished":"2025-10-03T04:47:14+00:00","dateModified":"2025-10-02T20:24:01+00:00","mainEntityOfPage":{"@id":"https:\/\/www.vita-explorers.dk\/blog\/eco-frivilligt-arbejde-klima\/"},"wordCount":1629,"commentCount":0,"publisher":{"@id":"https:\/\/www.vita-explorers.dk\/blog\/#organization"},"image":{"@id":"https:\/\/www.vita-explorers.dk\/blog\/eco-frivilligt-arbejde-klima\/#primaryimage"},"thumbnailUrl":"https:\/\/www.vita-explorers.dk\/blog\/wp-content\/uploads\/2023\/08\/eco-volontariat-europe.jpg","articleSection":["Natur- og milj\u00f8frivilligt arbejde"],"inLanguage":"da-DK","potentialAction":[{"@type":"CommentAction","name":"Comment","target":["https:\/\/www.vita-explorers.dk\/blog\/eco-frivilligt-arbejde-klima\/#respond"]}]},{"@type":"WebPage","@id":"https:\/\/www.vita-explorers.dk\/blog\/eco-frivilligt-arbejde-klima\/","url":"https:\/\/www.vita-explorers.dk\/blog\/eco-frivilligt-arbejde-klima\/","name":"Klima-frivilligt arbejde: S\u00e5dan deltager du aktivt","isPartOf":{"@id":"https:\/\/www.vita-explorers.dk\/blog\/#website"},"primaryImageOfPage":{"@id":"https:\/\/www.vita-explorers.dk\/blog\/eco-frivilligt-arbejde-klima\/#primaryimage"},"image":{"@id":"https:\/\/www.vita-explorers.dk\/blog\/eco-frivilligt-arbejde-klima\/#primaryimage"},"thumbnailUrl":"https:\/\/www.vita-explorers.dk\/blog\/wp-content\/uploads\/2023\/08\/eco-volontariat-europe.jpg","datePublished":"2025-10-03T04:47:14+00:00","dateModified":"2025-10-02T20:24:01+00:00","description":"L'\u00e9co-volontariat climat offre une occasion unique de soutenir des projets \u00e9cologiques tout en d\u00e9veloppant des comp\u00e9tences pr\u00e9cieuses.","breadcrumb":{"@id":"https:\/\/www.vita-explorers.dk\/blog\/eco-frivilligt-arbejde-klima\/#breadcrumb"},"inLanguage":"da-DK","potentialAction":[{"@type":"ReadAction","target":["https:\/\/www.vita-explorers.dk\/blog\/eco-frivilligt-arbejde-klima\/"]}]},{"@type":"ImageObject","inLanguage":"da-DK","@id":"https:\/\/www.vita-explorers.dk\/blog\/eco-frivilligt-arbejde-klima\/#primaryimage","url":"https:\/\/www.vita-explorers.dk\/blog\/wp-content\/uploads\/2023\/08\/eco-volontariat-europe.jpg","contentUrl":"https:\/\/www.vita-explorers.dk\/blog\/wp-content\/uploads\/2023\/08\/eco-volontariat-europe.jpg","width":1280,"height":960,"caption":"Volontariat \u00e0 court terme vs volontariat \u00e0 long terme"},{"@type":"BreadcrumbList","@id":"https:\/\/www.vita-explorers.dk\/blog\/eco-frivilligt-arbejde-klima\/#breadcrumb","itemListElement":[{"@type":"ListItem","position":1,"name":"Accueil","item":"https:\/\/www.vita-explorers.dk\/blog\/"},{"@type":"ListItem","position":2,"name":"Klima-\u00f8kovolontariat: g\u00f8r en indsats for milj\u00f8et"}]},{"@type":"WebSite","@id":"https:\/\/www.vita-explorers.dk\/blog\/#website","url":"https:\/\/www.vita-explorers.dk\/blog\/","name":"Association Globalong","description":"Frivilligt arbejde, sprogophold, praktik i udlandet og internationale oplevelser","publisher":{"@id":"https:\/\/www.vita-explorers.dk\/blog\/#organization"},"potentialAction":[{"@type":"SearchAction","target":{"@type":"EntryPoint","urlTemplate":"https:\/\/www.vita-explorers.dk\/blog\/?s={search_term_string}"},"query-input":{"@type":"PropertyValueSpecification","valueRequired":true,"valueName":"search_term_string"}}],"inLanguage":"da-DK"},{"@type":"Organization","@id":"https:\/\/www.vita-explorers.dk\/blog\/#organization","name":"Association Globalong","url":"https:\/\/www.vita-explorers.dk\/blog\/","logo":{"@type":"ImageObject","inLanguage":"da-DK","@id":"https:\/\/www.vita-explorers.dk\/blog\/#\/schema\/logo\/image\/","url":"https:\/\/www.globalong.com\/blog\/wp-content\/uploads\/2014\/11\/cropped-cropped-Logo-et-Afrique-Globalong-petite-taille-2.jpg","contentUrl":"https:\/\/www.globalong.com\/blog\/wp-content\/uploads\/2014\/11\/cropped-cropped-Logo-et-Afrique-Globalong-petite-taille-2.jpg","width":512,"height":512,"caption":"Association Globalong"},"image":{"@id":"https:\/\/www.vita-explorers.dk\/blog\/#\/schema\/logo\/image\/"},"sameAs":["https:\/\/www.facebook.com\/globalong"]},{"@type":"Person","@id":"https:\/\/www.vita-explorers.dk\/blog\/#\/schema\/person\/fc0343a2f2db2ebb2793c1f62dbe73f0","name":"VITA Tribe","image":{"@type":"ImageObject","inLanguage":"da-DK","@id":"https:\/\/www.vita-explorers.dk\/blog\/#\/schema\/person\/image\/","url":"https:\/\/secure.gravatar.com\/avatar\/f7f05026bb439d0c96b30e135e5f852c?s=96&d=mm&r=g","contentUrl":"https:\/\/secure.gravatar.com\/avatar\/f7f05026bb439d0c96b30e135e5f852c?s=96&d=mm&r=g","caption":"VITA Tribe"},"sameAs":["http:\/\/www.globalong.com"],"url":"https:\/\/www.vita-explorers.dk\/blog\/author\/teamglobalong\/"}]}},"_links":{"self":[{"href":"https:\/\/www.vita-explorers.dk\/blog\/wp-json\/wp\/v2\/posts\/21945"}],"collection":[{"href":"https:\/\/www.vita-explorers.dk\/blog\/wp-json\/wp\/v2\/posts"}],"about":[{"href":"https:\/\/www.vita-explorers.dk\/blog\/wp-json\/wp\/v2\/types\/post"}],"author":[{"embeddable":true,"href":"https:\/\/www.vita-explorers.dk\/blog\/wp-json\/wp\/v2\/users\/7"}],"replies":[{"embeddable":true,"href":"https:\/\/www.vita-explorers.dk\/blog\/wp-json\/wp\/v2\/comments?post=21945"}],"version-history":[{"count":3,"href":"https:\/\/www.vita-explorers.dk\/blog\/wp-json\/wp\/v2\/posts\/21945\/revisions"}],"predecessor-version":[{"id":21948,"href":"https:\/\/www.vita-explorers.dk\/blog\/wp-json\/wp\/v2\/posts\/21945\/revisions\/21948"}],"wp:featuredmedia":[{"embeddable":true,"href":"https:\/\/www.vita-explorers.dk\/blog\/wp-json\/wp\/v2\/media\/15575"}],"wp:attachment":[{"href":"https:\/\/www.vita-explorers.dk\/blog\/wp-json\/wp\/v2\/media?parent=21945"}],"wp:term":[{"taxonomy":"category","embeddable":true,"href":"https:\/\/www.vita-explorers.dk\/blog\/wp-json\/wp\/v2\/categories?post=21945"},{"taxonomy":"post_tag","embeddable":true,"href":"https:\/\/www.vita-explorers.dk\/blog\/wp-json\/wp\/v2\/tags?post=21945"}],"curies":[{"name":"wp","href":"https:\/\/api.w.org\/{rel}","templated":true}]}}