{"id":21951,"date":"2025-10-04T08:33:59","date_gmt":"2025-10-04T06:33:59","guid":{"rendered":"https:\/\/www.globalong.com\/blog\/?p=21951"},"modified":"2025-10-03T22:53:52","modified_gmt":"2025-10-03T20:53:52","slug":"udvikl-dine-professionelle-kompetencer-med-internationalt-frivilligt-arbejde","status":"publish","type":"post","link":"https:\/\/www.vita-explorers.dk\/blog\/udvikl-dine-professionelle-kompetencer-med-internationalt-frivilligt-arbejde\/","title":{"rendered":"Styrk dine faglige kompetencer gennem internationale forl\u00f8b"},"content":{"rendered":"<h1>Faglige kompetencer gennem internationalt frivilligt arbejde<\/h1>\n<p>Internationalt <strong>frivilligt arbejde<\/strong> tiltr\u00e6kker hvert \u00e5r mange mennesker, der gerne vil engagere sig i en sag og opleve verden fra et nyt perspektiv. Men ud over det sociale engagement er det ogs\u00e5 en st\u00e6rk mulighed for at udvikle <strong>faglige kompetencer gennem internationalt frivilligt arbejde<\/strong> \u2013 kompetencer, der styrker dit CV og g\u00f8r indtryk hos arbejdsgivere. Erfaringen giver dig nye perspektiver, eftertragtede <em>soft skills<\/em> og kan f\u00e5 betydning for din karriere p\u00e5 l\u00e6ngere sigt.<\/p>\n<p><!-- Sommaire --><\/p>\n<nav>\n<h2>Indhold<\/h2>\n<ul>\n<li><a href=\"#importance\">Hvorfor er faglige kompetencer fra internationalt frivilligt arbejde vigtige?<\/a><\/li>\n<li><a href=\"#softskills\">De soft skills, du udvikler gennem internationalt frivilligt arbejde<\/a><\/li>\n<li><a href=\"#techniques\">Tekniske og specialiserede kompetencer, du kan opn\u00e5 p\u00e5 et ophold<\/a><\/li>\n<li><a href=\"#interculturelles\">Interkulturelle og sproglige kompetencer<\/a><\/li>\n<li><a href=\"#cv\">S\u00e5dan fremh\u00e6ver du international erfaring p\u00e5 CV\u2019et og til samtale<\/a><\/li>\n<li><a href=\"#emplois\">Fordele ved internationalt frivilligt arbejde, n\u00e5r du s\u00f8ger job<\/a><\/li>\n<li><a href=\"#secteurs\">St\u00e6rke kompetencer p\u00e5 tv\u00e6rs af brancher<\/a><\/li>\n<li><a href=\"#temoignages\">Oplevelser fra deltagere<\/a><\/li>\n<li><a href=\"#faq\">FAQ \u2013 Faglige kompetencer og internationalt frivilligt arbejde<\/a><\/li>\n<li><a href=\"#conclusion\">Konklusion: et springbr\u00e6t til din fremtid<\/a><\/li>\n<\/ul>\n<\/nav>\n<h2><a href=\"https:\/\/www.vita-explorers.dk\/blog\/wp-content\/uploads\/2025\/09\/Temoignatge-Charlotte-Taveau-2025-01-705x705-1.jpg\"><img loading=\"lazy\" decoding=\"async\" class=\"size-medium wp-image-21865 aligncenter\" src=\"https:\/\/www.vita-explorers.dk\/blog\/wp-content\/uploads\/2025\/09\/Temoignatge-Charlotte-Taveau-2025-01-705x705-1-300x300.jpg\" alt=\"frivilligt arbejde\" width=\"300\" height=\"300\" srcset=\"https:\/\/www.vita-explorers.dk\/blog\/wp-content\/uploads\/2025\/09\/Temoignatge-Charlotte-Taveau-2025-01-705x705-1-300x300.jpg 300w, https:\/\/www.vita-explorers.dk\/blog\/wp-content\/uploads\/2025\/09\/Temoignatge-Charlotte-Taveau-2025-01-705x705-1-150x150.jpg 150w, https:\/\/www.vita-explorers.dk\/blog\/wp-content\/uploads\/2025\/09\/Temoignatge-Charlotte-Taveau-2025-01-705x705-1.jpg 705w\" sizes=\"(max-width: 300px) 100vw, 300px\" \/><\/a><\/h2>\n<h2 id=\"importance\" style=\"text-align: justify;\">Hvorfor er faglige kompetencer fra internationalt frivilligt arbejde vigtige?<\/h2>\n<p style=\"text-align: justify;\">Arbejdsmarkedet \u00e6ndrer sig konstant. I dag leder mange arbejdspladser efter kandidater, der kan kombinere faglighed med menneskelige kompetencer. <strong>Internationalt frivilligt arbejde<\/strong> giver netop den type erfaring, som mange eftersp\u00f8rger. At tage p\u00e5 et internationalt <a href=\"https:\/\/www.vita-explorers.dk\/blog\/internationalt-frivilligt-ophold\/\" target=\"_blank\" rel=\"noopener\">ophold<\/a> betyder ofte, at du skal navigere i nye rammer: sprog, uforudsigelige vilk\u00e5r, internationale teams og konkrete m\u00e5l, der skal n\u00e5s. Det er situationer, der sk\u00e6rper din d\u00f8mmekraft og giver dig vaner, du kan bruge i arbejdslivet.<\/p>\n<p style=\"text-align: justify;\">Et ansvarligt ophold handler nemlig ikke kun om at \u201chj\u00e6lpe p\u00e5 stedet\u201d. Det kan ogs\u00e5 indeb\u00e6re projektkoordinering, kommunikation med mange forskellige mennesker, hurtige prioriteringer og l\u00f8bende tilpasning. Derfor bliver <strong>faglige kompetencer fra internationalt frivilligt arbejde<\/strong> i stigende grad genkendt og v\u00e6rdsat. De siger noget om omstillingsparathed, nysgerrighed og et reelt engagement.<\/p>\n<h2><\/h2>\n<h2 id=\"softskills\">De soft skills, du udvikler gennem internationalt frivilligt arbejde<\/h2>\n<p style=\"text-align: justify;\"><a href=\"https:\/\/www.vita-explorers.dk\/blog\/de-blode-kompetencer-du-udvikler-pa-et-internationalt-forlob\/\" target=\"_blank\" rel=\"noopener\"><em>Soft skills<\/em><\/a> \u2013 ogs\u00e5 kaldet personlige og sociale kompetencer \u2013 er blandt de mest efterspurgte p\u00e5 arbejdsmarkedet. <strong>Frivilligt arbejde i udlandet<\/strong> er en af de mest naturlige m\u00e5der at udvikle dem p\u00e5. Her er nogle af de mest typiske:<\/p>\n<ul style=\"text-align: justify;\">\n<li><strong>Interkulturel kommunikation<\/strong> : at kunne forst\u00e5 og blive forst\u00e5et p\u00e5 tv\u00e6rs af sprog og kultur.<\/li>\n<li><strong>Samarbejdsevner<\/strong> : at arbejde sammen med mennesker med forskellige baggrunde.<\/li>\n<li><strong>Omstillingsparathed<\/strong> : at kunne handle, n\u00e5r tingene \u00e6ndrer sig hurtigt.<\/li>\n<li><strong>Stressh\u00e5ndtering<\/strong> : at bevare overblik i et kr\u00e6vende milj\u00f8.<\/li>\n<li><strong>Lederskab<\/strong> : at koordinere en aktivitet, facilitere en gruppe og tr\u00e6ffe beslutninger.<\/li>\n<li><strong>Kreativ probleml\u00f8sning<\/strong> : at finde l\u00f8sninger, selv n\u00e5r ressourcerne er begr\u00e6nsede.<\/li>\n<\/ul>\n<p style=\"text-align: justify;\">De her <strong>soft skills fra frivilligt arbejde<\/strong> kan bruges i n\u00e6sten alle jobtyper. De styrker selvtillid, arbejdseffektivitet og evnen til at blive en del af et team.<\/p>\n<h2><\/h2>\n<h2 id=\"techniques\" style=\"text-align: justify;\">Tekniske og specialiserede kompetencer, du kan opn\u00e5 p\u00e5 et ophold<\/h2>\n<p style=\"text-align: justify;\">Ud over de personlige kompetencer kan internationalt frivilligt arbejde ogs\u00e5 give konkrete, faglige f\u00e6rdigheder \u2013 ofte knyttet til det omr\u00e5de, opholdet handler om. For eksempel:<\/p>\n<ul style=\"text-align: justify;\">\n<li><a href=\"https:\/\/www.vita-explorers.dk\/blog\/frivilligt-arbejde-inden-for-uddannelse-i-udlandet\/\" target=\"_blank\" rel=\"noopener\"><strong>Uddannelse<\/strong><\/a> : p\u00e6dagogiske metoder, klasse-\/gruppeledelse, udvikling af l\u00e6ringsmaterialer.<\/li>\n<li><a href=\"https:\/\/www.vita-explorers.dk\/blog\/humanitaert-sundhedsforloeb\/\" target=\"_blank\" rel=\"noopener\"><strong>Sundhed<\/strong><\/a> : st\u00f8tte til sundhedspersonale, hygiejneoplysning, ledsagelse af patienter.<\/li>\n<li><a href=\"https:\/\/www.vita-explorers.dk\/blog\/eco-frivilligt-arbejde-klima\/\" target=\"_blank\" rel=\"noopener\"><strong>Milj\u00f8<\/strong><\/a> : artsbeskyttelse, b\u00e6redygtig forvaltning af ressourcer, genplantning.<\/li>\n<li><strong>Kommunikation<\/strong> : planl\u00e6gning af events, formidling, fundraising.<\/li>\n<li><strong>Lokal udvikling<\/strong> : mikrofinans, st\u00f8tte til iv\u00e6rks\u00e6tteri, administrativt arbejde.<\/li>\n<\/ul>\n<p style=\"text-align: justify;\">Den type erfaring kan v\u00e6re en tydelig styrke p\u00e5 et <em>CV<\/em> \u2013 is\u00e6r n\u00e5r den knytter sig til omr\u00e5der, hvor der er stor eftersp\u00f8rgsel. En deltager, der har arbejdet med milj\u00f8oplysning, kan fx fremh\u00e6ve kompetencer inden for b\u00e6redygtig projektstyring eller formidling i lokalsamfund.<\/p>\n<h2><a href=\"https:\/\/www.vita-explorers.dk\/blog\/wp-content\/uploads\/2025\/09\/Temoignage-Quentin-Joly-02-RB2.jpg\"><img loading=\"lazy\" decoding=\"async\" class=\"size-medium wp-image-21856 aligncenter\" src=\"https:\/\/www.vita-explorers.dk\/blog\/wp-content\/uploads\/2025\/09\/Temoignage-Quentin-Joly-02-RB2-300x200.jpg\" alt=\"Frivilligt arbejde Togo\" width=\"300\" height=\"200\" srcset=\"https:\/\/www.vita-explorers.dk\/blog\/wp-content\/uploads\/2025\/09\/Temoignage-Quentin-Joly-02-RB2-300x200.jpg 300w, https:\/\/www.vita-explorers.dk\/blog\/wp-content\/uploads\/2025\/09\/Temoignage-Quentin-Joly-02-RB2-1024x681.jpg 1024w, https:\/\/www.vita-explorers.dk\/blog\/wp-content\/uploads\/2025\/09\/Temoignage-Quentin-Joly-02-RB2-768x511.jpg 768w, https:\/\/www.vita-explorers.dk\/blog\/wp-content\/uploads\/2025\/09\/Temoignage-Quentin-Joly-02-RB2-1536x1022.jpg 1536w, https:\/\/www.vita-explorers.dk\/blog\/wp-content\/uploads\/2025\/09\/Temoignage-Quentin-Joly-02-RB2.jpg 1732w\" sizes=\"(max-width: 300px) 100vw, 300px\" \/><\/a><\/h2>\n<h2 id=\"interculturelles\">Interkulturelle og sproglige kompetencer<\/h2>\n<p style=\"text-align: justify;\">En anden v\u00e6sentlig gevinst ved <strong>internationalt frivilligt arbejde<\/strong> er udviklingen af <a href=\"https:\/\/www.vita-explorers.dk\/blog\/interkulturel-oplevelse-i-udlandet\/\" target=\"_blank\" rel=\"noopener\">interkulturelle<\/a> kompetencer. Evnen til at samarbejde med mennesker fra andre kulturer er en klar fordel i en globaliseret verden. Den viser, at du kan trives i multikulturelle milj\u00f8er \u2013 noget, som i stigende grad er hverdagen i b\u00e5de danske og internationale organisationer.<\/p>\n<p style=\"text-align: justify;\">Samtidig giver ophold i udlandet ofte et l\u00f8ft til dine sprogkundskaber. Selv hvis du ikke bliver flydende, er det et st\u00e6rkt signal til en arbejdsgiver, at du har kommunikeret p\u00e5 et andet sprog i praksis. Det viser l\u00e6ringsvilje, tilpasningsevne og mod til at tage ansvar i nye situationer.<\/p>\n<h2><\/h2>\n<h2 id=\"cv\" style=\"text-align: justify;\">S\u00e5dan fremh\u00e6ver du international erfaring p\u00e5 CV\u2019et og til samtale<\/h2>\n<p style=\"text-align: justify;\">International erfaring er en fordel \u2013 men det kr\u00e6ver, at du pr\u00e6senterer den tydeligt. P\u00e5 dit <a href=\"https:\/\/www.vita-explorers.dk\/blog\/saadan-fremhaever-du-et-internationalt-forloeb-paa-dit-cv\/\" target=\"_blank\" rel=\"noopener\">CV<\/a> b\u00f8r den st\u00e5 klart og konkret:<\/p>\n<ol style=\"text-align: justify;\">\n<li><strong>Beskriv dine opgaver<\/strong> : fort\u00e6l, hvad du faktisk lavede i praksis.<\/li>\n<li><strong>V\u00e6r specifik<\/strong> : skriv ikke bare \u201cfrivilligt arbejde i Kenya\u201d. Skriv fx \u201cafholdt l\u00e6ringsaktiviteter for 200 b\u00f8rn\u201d.<\/li>\n<li><strong>Fremh\u00e6v dine kompetencer<\/strong> : fx \u201cstyrket interkulturel kommunikation og omstillingsparathed\u201d.<\/li>\n<li><strong>Kobl det til stillingen<\/strong> : vis, hvordan din erfaring matcher virksomhedens behov.<\/li>\n<\/ol>\n<p style=\"text-align: justify;\">Til samtale kan du med fordel dele en konkret situation fra dit ophold. Det g\u00f8r dine styrker mere trov\u00e6rdige end generelle udsagn. Arbejdsgivere lytter is\u00e6r efter eksempler, fordi de viser, hvad du kan i praksis.<\/p>\n<h2><\/h2>\n<h2 id=\"emplois\" style=\"text-align: justify;\">Fordele ved internationalt frivilligt arbejde, n\u00e5r du s\u00f8ger job<\/h2>\n<p style=\"text-align: justify;\"><strong>Internationalt frivilligt arbejde<\/strong> er ikke kun et personligt engagement. Det kan ogs\u00e5 v\u00e6re en relevant erfaring at tage med videre. Mange arbejdsgivere ser det som et tegn p\u00e5 \u00e5benhed, ansvarsf\u00f8lelse og evnen til at tilpasse sig. Det er kvaliteter, der v\u00e6gter h\u00f8jt, n\u00e5r man s\u00f8ger profiler, der b\u00e5de kan l\u00e6re og bidrage i skiftende rammer.<\/p>\n<p style=\"text-align: justify;\">For nyuddannede kan et internationalt ophold v\u00e6re med til at udfylde et hul i erfaring. For dig, der skifter spor, kan det understrege motivationen og lysten til at l\u00e6re nyt. Og for studerende kan det v\u00e6re et tydeligt plus, der adskiller dig fra andre ans\u00f8gere.<\/p>\n<h2><\/h2>\n<h2 id=\"secteurs\">St\u00e6rke kompetencer p\u00e5 tv\u00e6rs af brancher<\/h2>\n<p style=\"text-align: justify;\">De <strong>kompetencer, du f\u00e5r gennem internationalt frivilligt arbejde<\/strong>, kan bruges i mange brancher:<\/p>\n<ul style=\"text-align: justify;\">\n<li><strong>Internationale virksomheder<\/strong> : at kunne fungere i multikulturelle milj\u00f8er.<\/li>\n<li><strong>NGO\u2019er og organisationer<\/strong> : projektarbejde, kommunikation, koordinering.<\/li>\n<li><strong>Uddannelse<\/strong> : formidling, planl\u00e6gning, struktur.<\/li>\n<li><strong>Turisme<\/strong> : sprog, kulturforst\u00e5else, g\u00e6stekontakt.<\/li>\n<li><a href=\"https:\/\/www.vita-explorers.dk\/blog\/internationalt-frivilligt-arbejde-og-baeredygtig-udvikling\/\" target=\"_blank\" rel=\"noopener\"><strong>B\u00e6redygtig udvikling<\/strong><\/a> : ressourceforvaltning, oplysning, gr\u00f8nne projekter.<\/li>\n<\/ul>\n<p style=\"text-align: justify;\">I alle disse omr\u00e5der er erfaringer fra praksis en konkret indikator p\u00e5 b\u00e5de faglige og menneskelige kompetencer.<\/p>\n<h2><a href=\"https:\/\/www.vita-explorers.dk\/blog\/wp-content\/uploads\/2025\/09\/Mission-humanitaire-Nepal-6.jpg\"><img loading=\"lazy\" decoding=\"async\" class=\"size-medium wp-image-21681 aligncenter\" src=\"https:\/\/www.vita-explorers.dk\/blog\/wp-content\/uploads\/2025\/09\/Mission-humanitaire-Nepal-6-300x225.jpg\" alt=\"Frivilligt ophold i Nepal\" width=\"300\" height=\"225\" srcset=\"https:\/\/www.vita-explorers.dk\/blog\/wp-content\/uploads\/2025\/09\/Mission-humanitaire-Nepal-6-300x225.jpg 300w, https:\/\/www.vita-explorers.dk\/blog\/wp-content\/uploads\/2025\/09\/Mission-humanitaire-Nepal-6-1024x768.jpg 1024w, https:\/\/www.vita-explorers.dk\/blog\/wp-content\/uploads\/2025\/09\/Mission-humanitaire-Nepal-6-768x576.jpg 768w, https:\/\/www.vita-explorers.dk\/blog\/wp-content\/uploads\/2025\/09\/Mission-humanitaire-Nepal-6.jpg 1280w\" sizes=\"(max-width: 300px) 100vw, 300px\" \/><\/a><\/h2>\n<h2 id=\"temoignages\">Oplevelser fra deltagere<\/h2>\n<blockquote>\n<p style=\"text-align: justify;\"><em>\u00ab Jeg valgte at tage p\u00e5 <strong>internationalt frivilligt arbejde<\/strong> i Peru efter studiet. Jeg blev en del af et undervisningsprojekt for b\u00f8rn i udsatte familier. De f\u00f8rste uger var kr\u00e6vende: sprogbarrierer, mangel p\u00e5 materialer og kulturelle forskelle. Men gradvist l\u00e6rte jeg at tilpasse mig. Jeg udviklede l\u00e6ringslege med de materialer, vi havde, underviste i fransk og samarbejdede med l\u00e6rere p\u00e5 stedet. Det var en erfaring, der flyttede mig. Jeg fik mere selvtillid, blev mere selvst\u00e6ndig og blev bedre til at t\u00e6nke kreativt. Til jobsamtaler fortalte jeg om de situationer, og det fangede virkelig interessen hos arbejdsgiverne. I dag arbejder jeg i en international virksomhed, og jeg er sikker p\u00e5, at mit frivillige ophold havde stor betydning. \u00bb Charles, deltager hos VITA<\/em><\/p>\n<p style=\"text-align: justify;\"><em>\u00ab Efter fem \u00e5r i finans havde jeg brug for en ny retning i min karriere. Jeg tog seks m\u00e5neder til Sydafrika p\u00e5 et projekt om marin naturbeskyttelse. Jeg l\u00e6rte at dykke, indsamle videnskabelige data og formidle viden om havbeskyttelse til lokalsamfund. Ud over de tekniske f\u00e6rdigheder l\u00e6rte opholdet mig t\u00e5lmodighed, teamwork og faglig grundighed. Da jeg kom hjem, skiftede jeg retning mod milj\u00f8projekter. Min nuv\u00e6rende arbejdsgiver var is\u00e6r optaget af den anderledes erfaring, fordi den viser, at jeg kan engagere mig i konkrete og meningsfulde projekter. \u00bb John, deltager hos VITA<\/em><\/p>\n<\/blockquote>\n<h2><\/h2>\n<h2 id=\"faq\" style=\"text-align: justify;\">FAQ \u2013 Faglige kompetencer og internationalt frivilligt arbejde<\/h2>\n<h3 style=\"text-align: justify;\">1. Hvilke faglige kompetencer kan man f\u00e5 gennem internationalt frivilligt arbejde?<\/h3>\n<p style=\"text-align: justify;\">Du udvikler <strong>soft skills<\/strong> som omstillingsparathed, kommunikation og lederskab \u2013 og ogs\u00e5 faglige kompetencer afh\u00e6ngigt af forl\u00f8bet (fx uddannelse, sundhed eller milj\u00f8).<\/p>\n<h3 style=\"text-align: justify;\">2. Hvordan beskriver man et internationalt frivilligforl\u00f8b p\u00e5 et CV?<\/h3>\n<p style=\"text-align: justify;\">Beskriv opgaver, resultater og de kompetencer, der kan overf\u00f8res til den stilling, du s\u00f8ger. Det vigtigste er at v\u00e6re konkret.<\/p>\n<h3 style=\"text-align: justify;\">3. Hvorfor v\u00e6rds\u00e6tter arbejdsgivere internationalt frivilligt arbejde?<\/h3>\n<p style=\"text-align: justify;\">Fordi det ofte viser \u00e5benhed, ansvarsf\u00f8lelse, omstillingsparathed og engagement \u2013 kvaliteter, som mange eftersp\u00f8rger.<\/p>\n<h3 style=\"text-align: justify;\">4. Kan de menneskelige kompetencer fra et ophold bruges i alle fag?<\/h3>\n<p style=\"text-align: justify;\">Ja. Kompetencer som stressh\u00e5ndtering, kommunikation og samarbejdsevner er relevante i langt de fleste jobs.<\/p>\n<h3 style=\"text-align: justify;\">5. Kan man sige, at internationalt frivilligt arbejde ogs\u00e5 udvikler \u00e9n personligt?<\/h3>\n<p style=\"text-align: justify;\">Ja, fordi du bliver udfordret p\u00e5 din komfortzone og m\u00f8der nye m\u00e5der at arbejde og leve p\u00e5.<\/p>\n<h2><\/h2>\n<h2 id=\"conclusion\" style=\"text-align: justify;\">Konklusion: et springbr\u00e6t til din fremtid<\/h2>\n<p style=\"text-align: justify;\">De <strong>faglige kompetencer gennem internationalt frivilligt arbejde<\/strong> kan v\u00e6re meget v\u00e6rdifulde. De kombinerer menneskelige og praktiske f\u00e6rdigheder, styrker dit CV og g\u00f8r dig mere interessant for arbejdsgivere. Uanset om det handler om soft skills, faglige kompetencer eller kulturel forst\u00e5else, kan erfaringen give et solidt aftryk p\u00e5 din karriere.<\/p>\n<p style=\"text-align: justify;\">Internationalt frivilligt arbejde er ikke kun en personlig oplevelse. Det kan ogs\u00e5 v\u00e6re en investering i din faglige og personlige udvikling. Hvert ophold er en mulighed for at l\u00e6re, vokse og blive bedre rustet til arbejdslivet. S\u00e5 hvorfor vente? Tag n\u00e6ste skridt, og brug erfaringen til at skabe nye muligheder.<\/p>\n<p style=\"text-align: center;\"><strong>Klar til at komme i gang?<\/strong>\u00a0F\u00e5 forslag til forl\u00f8b, der matcher dine kompetencer og dine m\u00e5l.<\/p>\n<p style=\"text-align: center;\"><a href=\"https:\/\/www.vita-explorers.dk\/#tel-contact-form-glob\" target=\"_blank\" rel=\"noopener\">Jeg \u00f8nsker at blive sat i forbindelse<\/a><\/p>\n<p class=\"muted\" style=\"text-align: center;\">\u00a9 VITA Institute \u2014 Ressourcer om ansvarligt internationalt frivilligt arbejde.<\/p>\n<p class=\"p4\" style=\"text-align: center;\"><b>Hvis du har sp\u00f8rgsm\u00e5l, er du meget velkommen til at kontakte os p\u00e5\u00a0<\/b><a href=\"mailto:info@globalong.com\"><span class=\"s2\"><b>info@globalong.com<\/b><\/span><\/a><\/p>\n<p class=\"p4\" style=\"text-align: center;\"><b>Vil du f\u00f8lge med i VITA og vores community, s\u00e5 find os p\u00e5\u00a0<\/b><a href=\"https:\/\/www.instagram.com\/globalongofficiel\/\" target=\"_blank\" rel=\"noopener\"><span class=\"s2\"><b>Instagram<\/b><\/span><\/a><b>,\u00a0<\/b><a href=\"https:\/\/www.facebook.com\/globalong\" target=\"_blank\" rel=\"noopener\"><span class=\"s2\"><b>Facebook<\/b><\/span><\/a><b>,\u00a0<\/b><a href=\"https:\/\/www.linkedin.com\/company\/5113177\/admin\/feed\/posts\/\" target=\"_blank\" rel=\"noopener\"><span class=\"s2\"><b>LinkedIn<\/b><\/span><\/a><b>\u00a0og\u00a0<\/b><a href=\"https:\/\/www.youtube.com\/c\/globalong\/videos\" target=\"_blank\" rel=\"noopener\"><span class=\"s2\"><b>Youtube<\/b><\/span><\/a><b>\u00a0!\u00a0<\/b><\/p>\n","protected":false},"excerpt":{"rendered":"<p>Faglige kompetencer gennem internationalt frivilligt arbejde Internationalt frivilligt arbejde tiltr\u00e6kker hvert \u00e5r mange mennesker, der gerne vil engagere sig i en sag og opleve\u2026<\/p>\n","protected":false},"author":7,"featured_media":16198,"comment_status":"open","ping_status":"open","sticky":false,"template":"","format":"standard","meta":{"footnotes":""},"categories":[1459],"tags":[],"yoast_head":"<!-- This site is optimized with the Yoast SEO Premium plugin v23.4 (Yoast SEO v23.4) - https:\/\/yoast.com\/wordpress\/plugins\/seo\/ -->\n<title>faglige kompetencer internationalt frivilligt arbejde<\/title>\n<meta name=\"description\" content=\"Explorez les comp\u00e9tences professionnelles que le volontariat international peut vous offrir pour un avenir meilleur.\" \/>\n<meta name=\"robots\" content=\"index, follow, max-snippet:-1, max-image-preview:large, max-video-preview:-1\" \/>\n<link rel=\"canonical\" href=\"https:\/\/www.vita-explorers.dk\/blog\/udvikl-dine-professionelle-kompetencer-med-internationalt-frivilligt-arbejde\/\" \/>\n<meta property=\"og:locale\" content=\"da_DK\" \/>\n<meta property=\"og:type\" content=\"article\" \/>\n<meta property=\"og:title\" content=\"Styrk dine faglige kompetencer gennem internationale forl\u00f8b\" \/>\n<meta property=\"og:description\" content=\"Explorez les comp\u00e9tences professionnelles que le volontariat international peut vous offrir pour un avenir meilleur.\" \/>\n<meta property=\"og:url\" content=\"https:\/\/www.vita-explorers.dk\/blog\/udvikl-dine-professionelle-kompetencer-med-internationalt-frivilligt-arbejde\/\" \/>\n<meta property=\"og:site_name\" content=\"VITA Explorers Blog\" \/>\n<meta property=\"article:publisher\" content=\"https:\/\/www.facebook.com\/globalong\" \/>\n<meta property=\"article:published_time\" content=\"2025-10-04T06:33:59+00:00\" \/>\n<meta property=\"article:modified_time\" content=\"2025-10-03T20:53:52+00:00\" \/>\n<meta property=\"og:image\" content=\"https:\/\/www.vita-explorers.dk\/blog\/wp-content\/uploads\/2024\/04\/11062b_5e1a4033e8884115adb4948d189d6b69mv2.webp\" \/>\n\t<meta property=\"og:image:width\" content=\"793\" \/>\n\t<meta property=\"og:image:height\" content=\"784\" \/>\n\t<meta property=\"og:image:type\" content=\"image\/webp\" \/>\n<meta name=\"author\" content=\"VITA Tribe\" \/>\n<meta name=\"twitter:card\" content=\"summary_large_image\" \/>\n<meta name=\"twitter:label1\" content=\"Skrevet af\" \/>\n\t<meta name=\"twitter:data1\" content=\"VITA Tribe\" \/>\n\t<meta name=\"twitter:label2\" content=\"Estimeret l\u00e6setid\" \/>\n\t<meta name=\"twitter:data2\" content=\"8 minutter\" \/>\n<script type=\"application\/ld+json\" class=\"yoast-schema-graph\">{\"@context\":\"https:\/\/schema.org\",\"@graph\":[{\"@type\":\"Article\",\"@id\":\"https:\/\/www.vita-explorers.dk\/blog\/udvikl-dine-professionelle-kompetencer-med-internationalt-frivilligt-arbejde\/#article\",\"isPartOf\":{\"@id\":\"https:\/\/www.vita-explorers.dk\/blog\/udvikl-dine-professionelle-kompetencer-med-internationalt-frivilligt-arbejde\/\"},\"author\":{\"name\":\"VITA Tribe\",\"@id\":\"https:\/\/www.vita-explorers.dk\/blog\/#\/schema\/person\/fc0343a2f2db2ebb2793c1f62dbe73f0\"},\"headline\":\"Styrk dine faglige kompetencer gennem internationale forl\u00f8b\",\"datePublished\":\"2025-10-04T06:33:59+00:00\",\"dateModified\":\"2025-10-03T20:53:52+00:00\",\"mainEntityOfPage\":{\"@id\":\"https:\/\/www.vita-explorers.dk\/blog\/udvikl-dine-professionelle-kompetencer-med-internationalt-frivilligt-arbejde\/\"},\"wordCount\":1589,\"commentCount\":0,\"publisher\":{\"@id\":\"https:\/\/www.vita-explorers.dk\/blog\/#organization\"},\"image\":{\"@id\":\"https:\/\/www.vita-explorers.dk\/blog\/udvikl-dine-professionelle-kompetencer-med-internationalt-frivilligt-arbejde\/#primaryimage\"},\"thumbnailUrl\":\"https:\/\/www.vita-explorers.dk\/blog\/wp-content\/uploads\/2024\/04\/11062b_5e1a4033e8884115adb4948d189d6b69mv2.webp\",\"articleSection\":[\"Personlig udvikling\"],\"inLanguage\":\"da-DK\",\"potentialAction\":[{\"@type\":\"CommentAction\",\"name\":\"Comment\",\"target\":[\"https:\/\/www.vita-explorers.dk\/blog\/udvikl-dine-professionelle-kompetencer-med-internationalt-frivilligt-arbejde\/#respond\"]}]},{\"@type\":\"WebPage\",\"@id\":\"https:\/\/www.vita-explorers.dk\/blog\/udvikl-dine-professionelle-kompetencer-med-internationalt-frivilligt-arbejde\/\",\"url\":\"https:\/\/www.vita-explorers.dk\/blog\/udvikl-dine-professionelle-kompetencer-med-internationalt-frivilligt-arbejde\/\",\"name\":\"faglige kompetencer internationalt frivilligt arbejde\",\"isPartOf\":{\"@id\":\"https:\/\/www.vita-explorers.dk\/blog\/#website\"},\"primaryImageOfPage\":{\"@id\":\"https:\/\/www.vita-explorers.dk\/blog\/udvikl-dine-professionelle-kompetencer-med-internationalt-frivilligt-arbejde\/#primaryimage\"},\"image\":{\"@id\":\"https:\/\/www.vita-explorers.dk\/blog\/udvikl-dine-professionelle-kompetencer-med-internationalt-frivilligt-arbejde\/#primaryimage\"},\"thumbnailUrl\":\"https:\/\/www.vita-explorers.dk\/blog\/wp-content\/uploads\/2024\/04\/11062b_5e1a4033e8884115adb4948d189d6b69mv2.webp\",\"datePublished\":\"2025-10-04T06:33:59+00:00\",\"dateModified\":\"2025-10-03T20:53:52+00:00\",\"description\":\"Explorez les comp\u00e9tences professionnelles que le volontariat international peut vous offrir pour un avenir meilleur.\",\"breadcrumb\":{\"@id\":\"https:\/\/www.vita-explorers.dk\/blog\/udvikl-dine-professionelle-kompetencer-med-internationalt-frivilligt-arbejde\/#breadcrumb\"},\"inLanguage\":\"da-DK\",\"potentialAction\":[{\"@type\":\"ReadAction\",\"target\":[\"https:\/\/www.vita-explorers.dk\/blog\/udvikl-dine-professionelle-kompetencer-med-internationalt-frivilligt-arbejde\/\"]}]},{\"@type\":\"ImageObject\",\"inLanguage\":\"da-DK\",\"@id\":\"https:\/\/www.vita-explorers.dk\/blog\/udvikl-dine-professionelle-kompetencer-med-internationalt-frivilligt-arbejde\/#primaryimage\",\"url\":\"https:\/\/www.vita-explorers.dk\/blog\/wp-content\/uploads\/2024\/04\/11062b_5e1a4033e8884115adb4948d189d6b69mv2.webp\",\"contentUrl\":\"https:\/\/www.vita-explorers.dk\/blog\/wp-content\/uploads\/2024\/04\/11062b_5e1a4033e8884115adb4948d189d6b69mv2.webp\",\"width\":793,\"height\":784,\"caption\":\"Qu'est-ce qu'une mission humanitaire\"},{\"@type\":\"BreadcrumbList\",\"@id\":\"https:\/\/www.vita-explorers.dk\/blog\/udvikl-dine-professionelle-kompetencer-med-internationalt-frivilligt-arbejde\/#breadcrumb\",\"itemListElement\":[{\"@type\":\"ListItem\",\"position\":1,\"name\":\"Accueil\",\"item\":\"https:\/\/www.vita-explorers.dk\/blog\/\"},{\"@type\":\"ListItem\",\"position\":2,\"name\":\"Styrk dine faglige kompetencer gennem internationale forl\u00f8b\"}]},{\"@type\":\"WebSite\",\"@id\":\"https:\/\/www.vita-explorers.dk\/blog\/#website\",\"url\":\"https:\/\/www.vita-explorers.dk\/blog\/\",\"name\":\"Association Globalong\",\"description\":\"Frivilligt arbejde, sprogophold, praktik i udlandet og internationale oplevelser\",\"publisher\":{\"@id\":\"https:\/\/www.vita-explorers.dk\/blog\/#organization\"},\"potentialAction\":[{\"@type\":\"SearchAction\",\"target\":{\"@type\":\"EntryPoint\",\"urlTemplate\":\"https:\/\/www.vita-explorers.dk\/blog\/?s={search_term_string}\"},\"query-input\":{\"@type\":\"PropertyValueSpecification\",\"valueRequired\":true,\"valueName\":\"search_term_string\"}}],\"inLanguage\":\"da-DK\"},{\"@type\":\"Organization\",\"@id\":\"https:\/\/www.vita-explorers.dk\/blog\/#organization\",\"name\":\"Association Globalong\",\"url\":\"https:\/\/www.vita-explorers.dk\/blog\/\",\"logo\":{\"@type\":\"ImageObject\",\"inLanguage\":\"da-DK\",\"@id\":\"https:\/\/www.vita-explorers.dk\/blog\/#\/schema\/logo\/image\/\",\"url\":\"https:\/\/www.globalong.com\/blog\/wp-content\/uploads\/2014\/11\/cropped-cropped-Logo-et-Afrique-Globalong-petite-taille-2.jpg\",\"contentUrl\":\"https:\/\/www.globalong.com\/blog\/wp-content\/uploads\/2014\/11\/cropped-cropped-Logo-et-Afrique-Globalong-petite-taille-2.jpg\",\"width\":512,\"height\":512,\"caption\":\"Association Globalong\"},\"image\":{\"@id\":\"https:\/\/www.vita-explorers.dk\/blog\/#\/schema\/logo\/image\/\"},\"sameAs\":[\"https:\/\/www.facebook.com\/globalong\"]},{\"@type\":\"Person\",\"@id\":\"https:\/\/www.vita-explorers.dk\/blog\/#\/schema\/person\/fc0343a2f2db2ebb2793c1f62dbe73f0\",\"name\":\"VITA Tribe\",\"image\":{\"@type\":\"ImageObject\",\"inLanguage\":\"da-DK\",\"@id\":\"https:\/\/www.vita-explorers.dk\/blog\/#\/schema\/person\/image\/\",\"url\":\"https:\/\/secure.gravatar.com\/avatar\/f7f05026bb439d0c96b30e135e5f852c?s=96&d=mm&r=g\",\"contentUrl\":\"https:\/\/secure.gravatar.com\/avatar\/f7f05026bb439d0c96b30e135e5f852c?s=96&d=mm&r=g\",\"caption\":\"VITA Tribe\"},\"sameAs\":[\"http:\/\/www.globalong.com\"],\"url\":\"https:\/\/www.vita-explorers.dk\/blog\/author\/teamglobalong\/\"}]}<\/script>\n<!-- \/ Yoast SEO Premium plugin. -->","yoast_head_json":{"title":"faglige kompetencer internationalt frivilligt arbejde","description":"Explorez les comp\u00e9tences professionnelles que le volontariat international peut vous offrir pour un avenir meilleur.","robots":{"index":"index","follow":"follow","max-snippet":"max-snippet:-1","max-image-preview":"max-image-preview:large","max-video-preview":"max-video-preview:-1"},"canonical":"https:\/\/www.vita-explorers.dk\/blog\/udvikl-dine-professionelle-kompetencer-med-internationalt-frivilligt-arbejde\/","og_locale":"da_DK","og_type":"article","og_title":"Styrk dine faglige kompetencer gennem internationale forl\u00f8b","og_description":"Explorez les comp\u00e9tences professionnelles que le volontariat international peut vous offrir pour un avenir meilleur.","og_url":"https:\/\/www.vita-explorers.dk\/blog\/udvikl-dine-professionelle-kompetencer-med-internationalt-frivilligt-arbejde\/","og_site_name":"VITA Explorers Blog","article_publisher":"https:\/\/www.facebook.com\/globalong","article_published_time":"2025-10-04T06:33:59+00:00","article_modified_time":"2025-10-03T20:53:52+00:00","og_image":[{"width":793,"height":784,"url":"https:\/\/www.vita-explorers.dk\/blog\/wp-content\/uploads\/2024\/04\/11062b_5e1a4033e8884115adb4948d189d6b69mv2.webp","type":"image\/webp"}],"author":"VITA Tribe","twitter_card":"summary_large_image","twitter_misc":{"Skrevet af":"VITA Tribe","Estimeret l\u00e6setid":"8 minutter"},"schema":{"@context":"https:\/\/schema.org","@graph":[{"@type":"Article","@id":"https:\/\/www.vita-explorers.dk\/blog\/udvikl-dine-professionelle-kompetencer-med-internationalt-frivilligt-arbejde\/#article","isPartOf":{"@id":"https:\/\/www.vita-explorers.dk\/blog\/udvikl-dine-professionelle-kompetencer-med-internationalt-frivilligt-arbejde\/"},"author":{"name":"VITA Tribe","@id":"https:\/\/www.vita-explorers.dk\/blog\/#\/schema\/person\/fc0343a2f2db2ebb2793c1f62dbe73f0"},"headline":"Styrk dine faglige kompetencer gennem internationale forl\u00f8b","datePublished":"2025-10-04T06:33:59+00:00","dateModified":"2025-10-03T20:53:52+00:00","mainEntityOfPage":{"@id":"https:\/\/www.vita-explorers.dk\/blog\/udvikl-dine-professionelle-kompetencer-med-internationalt-frivilligt-arbejde\/"},"wordCount":1589,"commentCount":0,"publisher":{"@id":"https:\/\/www.vita-explorers.dk\/blog\/#organization"},"image":{"@id":"https:\/\/www.vita-explorers.dk\/blog\/udvikl-dine-professionelle-kompetencer-med-internationalt-frivilligt-arbejde\/#primaryimage"},"thumbnailUrl":"https:\/\/www.vita-explorers.dk\/blog\/wp-content\/uploads\/2024\/04\/11062b_5e1a4033e8884115adb4948d189d6b69mv2.webp","articleSection":["Personlig udvikling"],"inLanguage":"da-DK","potentialAction":[{"@type":"CommentAction","name":"Comment","target":["https:\/\/www.vita-explorers.dk\/blog\/udvikl-dine-professionelle-kompetencer-med-internationalt-frivilligt-arbejde\/#respond"]}]},{"@type":"WebPage","@id":"https:\/\/www.vita-explorers.dk\/blog\/udvikl-dine-professionelle-kompetencer-med-internationalt-frivilligt-arbejde\/","url":"https:\/\/www.vita-explorers.dk\/blog\/udvikl-dine-professionelle-kompetencer-med-internationalt-frivilligt-arbejde\/","name":"faglige kompetencer internationalt frivilligt arbejde","isPartOf":{"@id":"https:\/\/www.vita-explorers.dk\/blog\/#website"},"primaryImageOfPage":{"@id":"https:\/\/www.vita-explorers.dk\/blog\/udvikl-dine-professionelle-kompetencer-med-internationalt-frivilligt-arbejde\/#primaryimage"},"image":{"@id":"https:\/\/www.vita-explorers.dk\/blog\/udvikl-dine-professionelle-kompetencer-med-internationalt-frivilligt-arbejde\/#primaryimage"},"thumbnailUrl":"https:\/\/www.vita-explorers.dk\/blog\/wp-content\/uploads\/2024\/04\/11062b_5e1a4033e8884115adb4948d189d6b69mv2.webp","datePublished":"2025-10-04T06:33:59+00:00","dateModified":"2025-10-03T20:53:52+00:00","description":"Explorez les comp\u00e9tences professionnelles que le volontariat international peut vous offrir pour un avenir meilleur.","breadcrumb":{"@id":"https:\/\/www.vita-explorers.dk\/blog\/udvikl-dine-professionelle-kompetencer-med-internationalt-frivilligt-arbejde\/#breadcrumb"},"inLanguage":"da-DK","potentialAction":[{"@type":"ReadAction","target":["https:\/\/www.vita-explorers.dk\/blog\/udvikl-dine-professionelle-kompetencer-med-internationalt-frivilligt-arbejde\/"]}]},{"@type":"ImageObject","inLanguage":"da-DK","@id":"https:\/\/www.vita-explorers.dk\/blog\/udvikl-dine-professionelle-kompetencer-med-internationalt-frivilligt-arbejde\/#primaryimage","url":"https:\/\/www.vita-explorers.dk\/blog\/wp-content\/uploads\/2024\/04\/11062b_5e1a4033e8884115adb4948d189d6b69mv2.webp","contentUrl":"https:\/\/www.vita-explorers.dk\/blog\/wp-content\/uploads\/2024\/04\/11062b_5e1a4033e8884115adb4948d189d6b69mv2.webp","width":793,"height":784,"caption":"Qu'est-ce qu'une mission humanitaire"},{"@type":"BreadcrumbList","@id":"https:\/\/www.vita-explorers.dk\/blog\/udvikl-dine-professionelle-kompetencer-med-internationalt-frivilligt-arbejde\/#breadcrumb","itemListElement":[{"@type":"ListItem","position":1,"name":"Accueil","item":"https:\/\/www.vita-explorers.dk\/blog\/"},{"@type":"ListItem","position":2,"name":"Styrk dine faglige kompetencer gennem internationale forl\u00f8b"}]},{"@type":"WebSite","@id":"https:\/\/www.vita-explorers.dk\/blog\/#website","url":"https:\/\/www.vita-explorers.dk\/blog\/","name":"Association Globalong","description":"Frivilligt arbejde, sprogophold, praktik i udlandet og internationale oplevelser","publisher":{"@id":"https:\/\/www.vita-explorers.dk\/blog\/#organization"},"potentialAction":[{"@type":"SearchAction","target":{"@type":"EntryPoint","urlTemplate":"https:\/\/www.vita-explorers.dk\/blog\/?s={search_term_string}"},"query-input":{"@type":"PropertyValueSpecification","valueRequired":true,"valueName":"search_term_string"}}],"inLanguage":"da-DK"},{"@type":"Organization","@id":"https:\/\/www.vita-explorers.dk\/blog\/#organization","name":"Association Globalong","url":"https:\/\/www.vita-explorers.dk\/blog\/","logo":{"@type":"ImageObject","inLanguage":"da-DK","@id":"https:\/\/www.vita-explorers.dk\/blog\/#\/schema\/logo\/image\/","url":"https:\/\/www.globalong.com\/blog\/wp-content\/uploads\/2014\/11\/cropped-cropped-Logo-et-Afrique-Globalong-petite-taille-2.jpg","contentUrl":"https:\/\/www.globalong.com\/blog\/wp-content\/uploads\/2014\/11\/cropped-cropped-Logo-et-Afrique-Globalong-petite-taille-2.jpg","width":512,"height":512,"caption":"Association Globalong"},"image":{"@id":"https:\/\/www.vita-explorers.dk\/blog\/#\/schema\/logo\/image\/"},"sameAs":["https:\/\/www.facebook.com\/globalong"]},{"@type":"Person","@id":"https:\/\/www.vita-explorers.dk\/blog\/#\/schema\/person\/fc0343a2f2db2ebb2793c1f62dbe73f0","name":"VITA Tribe","image":{"@type":"ImageObject","inLanguage":"da-DK","@id":"https:\/\/www.vita-explorers.dk\/blog\/#\/schema\/person\/image\/","url":"https:\/\/secure.gravatar.com\/avatar\/f7f05026bb439d0c96b30e135e5f852c?s=96&d=mm&r=g","contentUrl":"https:\/\/secure.gravatar.com\/avatar\/f7f05026bb439d0c96b30e135e5f852c?s=96&d=mm&r=g","caption":"VITA Tribe"},"sameAs":["http:\/\/www.globalong.com"],"url":"https:\/\/www.vita-explorers.dk\/blog\/author\/teamglobalong\/"}]}},"_links":{"self":[{"href":"https:\/\/www.vita-explorers.dk\/blog\/wp-json\/wp\/v2\/posts\/21951"}],"collection":[{"href":"https:\/\/www.vita-explorers.dk\/blog\/wp-json\/wp\/v2\/posts"}],"about":[{"href":"https:\/\/www.vita-explorers.dk\/blog\/wp-json\/wp\/v2\/types\/post"}],"author":[{"embeddable":true,"href":"https:\/\/www.vita-explorers.dk\/blog\/wp-json\/wp\/v2\/users\/7"}],"replies":[{"embeddable":true,"href":"https:\/\/www.vita-explorers.dk\/blog\/wp-json\/wp\/v2\/comments?post=21951"}],"version-history":[{"count":3,"href":"https:\/\/www.vita-explorers.dk\/blog\/wp-json\/wp\/v2\/posts\/21951\/revisions"}],"predecessor-version":[{"id":21954,"href":"https:\/\/www.vita-explorers.dk\/blog\/wp-json\/wp\/v2\/posts\/21951\/revisions\/21954"}],"wp:featuredmedia":[{"embeddable":true,"href":"https:\/\/www.vita-explorers.dk\/blog\/wp-json\/wp\/v2\/media\/16198"}],"wp:attachment":[{"href":"https:\/\/www.vita-explorers.dk\/blog\/wp-json\/wp\/v2\/media?parent=21951"}],"wp:term":[{"taxonomy":"category","embeddable":true,"href":"https:\/\/www.vita-explorers.dk\/blog\/wp-json\/wp\/v2\/categories?post=21951"},{"taxonomy":"post_tag","embeddable":true,"href":"https:\/\/www.vita-explorers.dk\/blog\/wp-json\/wp\/v2\/tags?post=21951"}],"curies":[{"name":"wp","href":"https:\/\/api.w.org\/{rel}","templated":true}]}}