{"id":21960,"date":"2025-10-07T07:00:00","date_gmt":"2025-10-07T05:00:00","guid":{"rendered":"https:\/\/www.globalong.com\/blog\/?p=21960"},"modified":"2025-10-06T21:38:30","modified_gmt":"2025-10-06T19:38:30","slug":"internationalt-frivilligt-arbejde-fysioterapi","status":"publish","type":"post","link":"https:\/\/www.vita-explorers.dk\/blog\/internationalt-frivilligt-arbejde-fysioterapi\/","title":{"rendered":"Behandling p\u00e5 en ny m\u00e5de: internationalt frivilligt arbejde i fysioterapi"},"content":{"rendered":"<h1 style=\"text-align: justify;\">Internationalt frivilligt arbejde i fysioterapi: g\u00f8re en forskel gennem behandling<\/h1>\n<p style=\"text-align: justify;\">Med <strong>internationalt frivilligt arbejde i fysioterapi<\/strong> kan fagpersoner og <a href=\"https:\/\/www.vita-explorers.dk\/blog\/solidaritetsprojekter-for-studerende\/\" target=\"_blank\" rel=\"noopener\">sundhedsstuderende<\/a> bringe deres kompetencer i spil til gavn for mennesker i s\u00e5rbare situationer. I mange lande er behovet for genoptr\u00e6ning stort, og adgangen til relevante tilbud er stadig begr\u00e6nset. Derfor bliver hver deltager et vigtigt led i en f\u00e6lles indsats, der kan styrke bev\u00e6gelse, selvst\u00e6ndighed og livskvalitet.<\/p>\n<p style=\"text-align: justify;\">Ud over den faglige indsats er det en oplevelse med stor menneskelig v\u00e6rdi. Du m\u00f8der andre praksisser, andre kulturer og andre m\u00e5der at t\u00e6nke behandling p\u00e5. N\u00e5r man arbejder t\u00e6t p\u00e5 hverdagen i lokalsamfundet, m\u00e6rker man, hvor meget deling af viden betyder \u2013 og hvor universelt omsorg og behandling kan v\u00e6re.<\/p>\n<hr \/>\n<h2><strong>Sommaire<\/strong><\/h2>\n<ul>\n<li><a href=\"#pourquoi\">Hvorfor tage afsted p\u00e5 et fysioterapiforl\u00f8b i udlandet?<\/a><\/li>\n<li><a href=\"#missions\">Fysioterapiforl\u00f8b i udlandet<\/a><\/li>\n<li><a href=\"#profil\">Hvilken profil passer til frivilligt arbejde i fysioterapi?<\/a><\/li>\n<li><a href=\"#impact\">Den menneskelige effekt af frivilligt arbejde med genoptr\u00e6ning<\/a><\/li>\n<li><a href=\"#preparer\">Forbered dit ophold: praktiske r\u00e5d<\/a><\/li>\n<li><a href=\"#ethique\">Etik i frivilligt sundhedsarbejde<\/a><\/li>\n<li><a href=\"#temoignage\">En inspirerende oplevelse<\/a><\/li>\n<li><a href=\"#apres\">Efter opholdet: et engagement der varer ved<\/a><\/li>\n<li><a href=\"#faq\">FAQ \u2013 Internationalt frivilligt arbejde i fysioterapi<\/a><\/li>\n<li><a href=\"#conclusion\">Konklusion<\/a><\/li>\n<\/ul>\n<hr \/>\n<h2><a href=\"https:\/\/www.vita-explorers.dk\/blog\/wp-content\/uploads\/2024\/11\/Capture-decran-2024-11-12-a-16.43.15.png\"><img loading=\"lazy\" decoding=\"async\" class=\"size-medium wp-image-18773 aligncenter\" src=\"https:\/\/www.vita-explorers.dk\/blog\/wp-content\/uploads\/2024\/11\/Capture-decran-2024-11-12-a-16.43.15-300x300.png\" alt=\"Praktik som osteopat i udlandet\" width=\"300\" height=\"300\" srcset=\"https:\/\/www.vita-explorers.dk\/blog\/wp-content\/uploads\/2024\/11\/Capture-decran-2024-11-12-a-16.43.15-300x300.png 300w, https:\/\/www.vita-explorers.dk\/blog\/wp-content\/uploads\/2024\/11\/Capture-decran-2024-11-12-a-16.43.15-1020x1024.png 1020w, https:\/\/www.vita-explorers.dk\/blog\/wp-content\/uploads\/2024\/11\/Capture-decran-2024-11-12-a-16.43.15-150x150.png 150w, https:\/\/www.vita-explorers.dk\/blog\/wp-content\/uploads\/2024\/11\/Capture-decran-2024-11-12-a-16.43.15-768x771.png 768w, https:\/\/www.vita-explorers.dk\/blog\/wp-content\/uploads\/2024\/11\/Capture-decran-2024-11-12-a-16.43.15.png 1046w\" sizes=\"(max-width: 300px) 100vw, 300px\" \/><\/a><\/h2>\n<h2 id=\"pourquoi\">Hvorfor tage afsted p\u00e5 et fysioterapiforl\u00f8b i udlandet?<\/h2>\n<p style=\"text-align: justify;\">I flere dele af verden mangler sundhedstilbuddene personale med kompetencer inden for <a href=\"https:\/\/www.vita-explorers.dk\/blog\/projekt-apaso-fem-studerende-engageret-i-et-rehabiliteringscenter-paa-sri-lanka\/\" target=\"_blank\" rel=\"noopener\">genoptr\u00e6ning<\/a>. Det betyder, at mange mennesker ikke f\u00e5r adgang til den st\u00f8tte, de har brug for. <strong>Internationalt frivilligt arbejde i fysioterapi<\/strong> kan bidrage ved at st\u00f8tte de eksisterende teams p\u00e5 stedet.<\/p>\n<p style=\"text-align: justify;\">Forl\u00f8bene giver mulighed for at arbejde t\u00e6t p\u00e5 mennesker i hverdagen, l\u00e6re at tilpasse behandling med f\u00e5 ressourcer og samtidig forst\u00e5 den sociale dimension af funktionsneds\u00e6ttelser. Fysioterapi handler nemlig ikke kun om kroppen: det kan ogs\u00e5 styrke selvtillid, deltagelse og oplevelsen af v\u00e6rdighed.<\/p>\n<h3><strong>En helt s\u00e6rlig menneskelig erfaring<\/strong><\/h3>\n<p style=\"text-align: justify;\">At deltage i et forl\u00f8b med <em>humanit\u00e6r fysioterapi<\/em> er ogs\u00e5 personlig udvikling. Du m\u00f8der andre faglige tilgange og styrker din evne til at tilpasse dig. Samtidig udvikler du <a href=\"https:\/\/www.vita-explorers.dk\/blog\/interkulturel-oplevelse-i-udlandet\/\" target=\"_blank\" rel=\"noopener\">interkulturelle<\/a> kompetencer og l\u00e6rer at kommunikere p\u00e5 nye m\u00e5der. Den erfaring er v\u00e6rdifuld i enhver sundhedsfaglig karriere.<\/p>\n<hr \/>\n<h2 id=\"missions\">Fysioterapiforl\u00f8b i udlandet<\/h2>\n<p style=\"text-align: justify;\">Et <strong>genoptr\u00e6ningsforl\u00f8b i udlandet<\/strong> kan foreg\u00e5 i mange forskellige rammer: hospitaler, specialiserede centre, botilbud, landdistriktsklinikker eller specialskoler. Hvert program tilpasses lokale behov og den enkeltes faglige profil.<\/p>\n<h3 style=\"text-align: justify;\"><strong>Forskellige rammer og m\u00e5lgrupper<\/strong><\/h3>\n<ul style=\"text-align: justify;\">\n<li><strong>Genoptr\u00e6ningscentre:<\/strong> st\u00f8tte til b\u00f8rn med cerebral parese eller motoriske udfordringer.<\/li>\n<li><strong>Hospitaler:<\/strong> bidrag til genoptr\u00e6ning efter operation eller traumer.<\/li>\n<li><strong>Tilbud til \u00e6ldre:<\/strong> vedligehold af mobilitet, faldforebyggelse og styrkende \u00f8velser.<\/li>\n<li><strong>Specialskoler:<\/strong> arbejde med finmotorik og koordination gennem leg og l\u00e6ring.<\/li>\n<\/ul>\n<p style=\"text-align: justify;\">Forl\u00f8bene kan omfatte mange forskellige grupper: b\u00f8rn, voksne, \u00e6ldre eller personer efter ulykker. Gennem det daglige arbejde kan mennesker gradvist genvinde mod og selvst\u00e6ndighed. Hvert lille fremskridt er en f\u00e6lles sejr.<\/p>\n<h3><strong>En indsats der kan r\u00e6kke videre<\/strong><\/h3>\n<p style=\"text-align: justify;\"><strong>Internationalt frivilligt arbejde i fysioterapi<\/strong> bygger ofte p\u00e5 videndeling og kompetenceoverf\u00f8rsel. Ved at arbejde sammen med sundhedspersonalet p\u00e5 stedet kan deltagere dele enkle, praksisn\u00e6re metoder. P\u00e5 den m\u00e5de bliver viden i landet og kan bruges og videreformidles efter hjemrejse. Det er et vigtigt element i ansvarlige internationale forl\u00f8b.<\/p>\n<hr \/>\n<h2><\/h2>\n<h2 id=\"profil\" style=\"text-align: justify;\">Hvilken profil passer til frivilligt arbejde i fysioterapi?<\/h2>\n<p style=\"text-align: justify;\">Forl\u00f8bene henvender sig is\u00e6r til uddannede <a href=\"https:\/\/www.vita-explorers.dk\/blog\/fysioterapi-praktikant-i-nepal\/\" target=\"_blank\" rel=\"noopener\">fysioterapeuter<\/a>, men ogs\u00e5 til studerende p\u00e5 sidste studie\u00e5r. Andre faggrupper inden for rehabilitering \u2013 ergoterapeuter, psykomotoriske terapeuter og logop\u00e6der \u2013 kan ogs\u00e5 bidrage. Motivation, fleksibilitet og evnen til at samarbejde er centrale kvaliteter.<\/p>\n<h3><strong>Kompetencer og personlige styrker<\/strong><\/h3>\n<ul>\n<li style=\"text-align: justify;\">Solidt greb om basale metoder i funktionel genoptr\u00e6ning;<\/li>\n<li style=\"text-align: justify;\">T\u00e5lmodighed og evne til at lytte;<\/li>\n<li style=\"text-align: justify;\">Empati, faglig omhu og respekt for kulturelle forskelle;<\/li>\n<li style=\"text-align: justify;\">Evne til at finde l\u00f8sninger med begr\u00e6nsede ressourcer.<\/li>\n<\/ul>\n<p style=\"text-align: justify;\">Forl\u00f8b med <em>humanit\u00e6r fysioterapi<\/em> kr\u00e6ver ofte b\u00e5de kreativitet og selvst\u00e6ndighed. Udstyr kan v\u00e6re enkelt, men et st\u00e6rkt samarbejde i hverdagen g\u00f8r en stor forskel. Samtidig er deltagere typisk fagligt forankret i lokale professionelle rammer, som sikrer retning og sammenh\u00e6ng i indsatsen.<\/p>\n<h3 style=\"text-align: justify;\"><strong>Interkulturel l\u00e6ring i praksis<\/strong><\/h3>\n<p style=\"text-align: justify;\">At arbejde i udlandet kan udvide dit blik p\u00e5 faget. Du l\u00e6rer at lytte p\u00e5 andre m\u00e5der og tilpasse din tilgang. Den kulturelle indsigt giver en vigtig faglig sensitivitet, som styrker en human og ansvarlig praksis. Erfaringen kan ogs\u00e5 give mere ro og selvtillid i m\u00f8det med nye, tv\u00e6rkulturelle arbejdssituationer.<\/p>\n<hr \/>\n<h2><a href=\"https:\/\/www.vita-explorers.dk\/blog\/wp-content\/uploads\/2024\/03\/mission-humanitaire-au-nepal-osteo-3.png\"><img loading=\"lazy\" decoding=\"async\" class=\"size-medium wp-image-16016 aligncenter\" src=\"https:\/\/www.vita-explorers.dk\/blog\/wp-content\/uploads\/2024\/03\/mission-humanitaire-au-nepal-osteo-3-247x300.png\" alt=\"Fem osteopatstuderende p\u00e5 humanit\u00e6r praktik i Nepal\" width=\"247\" height=\"300\" srcset=\"https:\/\/www.vita-explorers.dk\/blog\/wp-content\/uploads\/2024\/03\/mission-humanitaire-au-nepal-osteo-3-247x300.png 247w, https:\/\/www.vita-explorers.dk\/blog\/wp-content\/uploads\/2024\/03\/mission-humanitaire-au-nepal-osteo-3-843x1024.png 843w, https:\/\/www.vita-explorers.dk\/blog\/wp-content\/uploads\/2024\/03\/mission-humanitaire-au-nepal-osteo-3-768x932.png 768w, https:\/\/www.vita-explorers.dk\/blog\/wp-content\/uploads\/2024\/03\/mission-humanitaire-au-nepal-osteo-3.png 1074w\" sizes=\"(max-width: 247px) 100vw, 247px\" \/><\/a><\/h2>\n<h2 id=\"impact\">Den menneskelige effekt af frivilligt arbejde med genoptr\u00e6ning<\/h2>\n<p style=\"text-align: justify;\"><strong>Internationalt frivilligt arbejde i fysioterapi<\/strong> er mere end et fagligt bidrag. Det kan styrke menneskers tro p\u00e5 egne muligheder, oplevelsen af v\u00e6rdighed og den samlede trivsel. Med relevante \u00f8velser og en respektfuld tilgang kan mennesker ikke kun genvinde funktion \u2013 men ogs\u00e5 modet til igen at deltage i hverdagsliv og f\u00e6llesskab.<\/p>\n<h3 style=\"text-align: justify;\"><strong>Det menneskelige perspektiv f\u00f8rst<\/strong><\/h3>\n<p style=\"text-align: justify;\">I mange lande er <a href=\"https:\/\/www.vita-explorers.dk\/blog\/internationalt-frivilligt-arbejde-med-handicap\/\" target=\"_blank\" rel=\"noopener\">funktionsneds\u00e6ttelse<\/a> stadig forbundet med tabu eller misforst\u00e5elser. Forl\u00f8b med <em>genoptr\u00e6ning i udlandet<\/em> kan v\u00e6re med til at \u00e6ndre denne opfattelse over tid. De bidrager til dialog i familier og lokalsamfund om betydningen af bev\u00e6gelse, leg og psykosocial st\u00f8tte. Samtidig fremh\u00e6ver de ressourcer og muligheder frem for begr\u00e6nsninger. Den \u00e6ndring i perspektiv kan v\u00e6re lige s\u00e5 vigtig som selve behandlingen.<\/p>\n<h3 style=\"text-align: justify;\"><strong>At l\u00e6re fra sig og bygge videre<\/strong><\/h3>\n<p style=\"text-align: justify;\">Et vigtigt element i <strong>internationalt frivilligt sundhedsarbejde<\/strong> er kompetencedeling. Deltagere kan introducere enkle og realistiske teknikker, som passer til de ressourcer, der faktisk er til r\u00e5dighed. Dermed kan indsatsen f\u00e5 l\u00e6ngere levetid. Det styrker de lokale teams og underst\u00f8tter kontinuitet i behandlingen \u2013 ogs\u00e5 efter opholdet.<\/p>\n<hr \/>\n<h2><\/h2>\n<h2 id=\"preparer\">Forbered dit ophold: praktiske r\u00e5d<\/h2>\n<p style=\"text-align: justify;\">F\u00f8r du tager afsted p\u00e5 et <strong>genoptr\u00e6ningsforl\u00f8b i udlandet<\/strong>, er det vigtigt at forberede dig grundigt. God planl\u00e6gning giver b\u00e5de bedre faglig kvalitet og mere ro i hverdagen undervejs.<\/p>\n<h3 style=\"text-align: justify;\"><strong>Inden afrejse<\/strong><\/h3>\n<ol style=\"text-align: justify;\">\n<li><strong>S\u00e6t dig ind i landet:<\/strong> l\u00e6r om kultur, klima og det lokale sundhedssystem.<\/li>\n<li><strong>F\u00e5 styr p\u00e5 det praktiske:<\/strong> pas, visum, <a href=\"https:\/\/www.vita-explorers.dk\/blog\/rejseforsikring-og-vacciner-paa-et-internationalt-forloeb\/\" target=\"_blank\" rel=\"noopener\">vacciner og international rejseforsikring<\/a>.<\/li>\n<li><strong>Pak let og relevant udstyr:<\/strong> elastikker, bolde, balancebr\u00e6t eller enkle undervisningsmaterialer.<\/li>\n<li><strong>G\u00e5 til opgaven med \u00e5benhed:<\/strong> v\u00e6r nysgerrig, respektfuld og ydmyg over for lokale vilk\u00e5r.<\/li>\n<\/ol>\n<h3 style=\"text-align: justify;\"><strong>Tilpasning er en del af opgaven<\/strong><\/h3>\n<p style=\"text-align: justify;\">P\u00e5 stedet kan arbejdsforholdene v\u00e6re anderledes end forventet: begr\u00e6nset udstyr, et h\u00f8jt tempo eller varme dage. Med t\u00e5lmodighed og tydelig kommunikation kan man dog n\u00e5 langt. N\u00e5r du observerer og lytter til teamet p\u00e5 stedet, l\u00e6rer du at improvisere og justere dine metoder. Det giver bedre resultater \u2013 og respekt for den kontekst, du arbejder i.<\/p>\n<p style=\"text-align: justify;\">Til sidst er det vigtigt at prioritere din egen <a href=\"https:\/\/www.vita-explorers.dk\/blog\/humanitaere-forloeb-i-risikoomraader-sikkerhedsguide\/\" target=\"_blank\" rel=\"noopener\">sikkerhed<\/a> og sundhed. S\u00f8rg for hvile, v\u00e6ske og reag\u00e9r, hvis du f\u00e5r symptomer. God fysisk balance g\u00f8r det lettere at st\u00f8tte andre.<\/p>\n<hr \/>\n<h2 id=\"ethique\">Etik i frivilligt sundhedsarbejde<\/h2>\n<p style=\"text-align: justify;\">At deltage i <strong>internationalt frivilligt arbejde i fysioterapi<\/strong> kr\u00e6ver, at man f\u00f8lger tydelige <a href=\"https:\/\/www.vita-explorers.dk\/blog\/etisk-ansvarlig-rejse\/\" target=\"_blank\" rel=\"noopener\">etiske<\/a> principper. Omsorg og behandling foruds\u00e6tter b\u00e5de faglighed og ydmyghed. Indsatsen foreg\u00e5r i samspil med sundhedspersonalet p\u00e5 stedet \u2013 uden at overtage deres rolle.<\/p>\n<h3 style=\"text-align: justify;\"><strong>Respekt for lokale praksisser<\/strong><\/h3>\n<p style=\"text-align: justify;\">Synet p\u00e5 krop og behandling varierer fra land til land. Derfor er det vigtigt at observere, f\u00f8r man handler, og at s\u00f8ge sparring hos fagfolk p\u00e5 stedet. Samtidig b\u00f8r kommunikationen med patienter altid v\u00e6re rolig og respektfuld. Ber\u00f8ring kan fx have forskellig betydning, s\u00e5 man m\u00e5 tilpasse sig med omtanke.<\/p>\n<h3 style=\"text-align: justify;\"><strong>At dele viden uden at presse igennem<\/strong><\/h3>\n<p style=\"text-align: justify;\">M\u00e5let er ikke at \u201credde\u201d, men at st\u00f8tte. Derfor deler man sin viden uden at d\u00f8mme eller g\u00f8re sin egen metode til standard. N\u00e5r teknikker bliver tilpasset og taget i brug lokalt, styrker det b\u00e5de selvst\u00e6ndighed og b\u00e6redygtighed i indsatsen. Den gensidige respekt er grundlaget for et vellykket <em>humanit\u00e6rt fysioterapiforl\u00f8b<\/em>.<\/p>\n<hr \/>\n<h2 style=\"text-align: center;\"><a href=\"https:\/\/www.vita-explorers.dk\/blog\/wp-content\/uploads\/2022\/03\/Aurore-et-Enzo-au-ne\u0301pal-globalong.png\"><img loading=\"lazy\" decoding=\"async\" class=\"alignnone size-medium wp-image-15202\" src=\"https:\/\/www.vita-explorers.dk\/blog\/wp-content\/uploads\/2022\/03\/Aurore-et-Enzo-au-ne\u0301pal-globalong-300x185.png\" alt=\"frivilligt arbejde \" width=\"300\" height=\"185\" srcset=\"https:\/\/www.vita-explorers.dk\/blog\/wp-content\/uploads\/2022\/03\/Aurore-et-Enzo-au-ne\u0301pal-globalong-300x185.png 300w, https:\/\/www.vita-explorers.dk\/blog\/wp-content\/uploads\/2022\/03\/Aurore-et-Enzo-au-ne\u0301pal-globalong-1024x631.png 1024w, https:\/\/www.vita-explorers.dk\/blog\/wp-content\/uploads\/2022\/03\/Aurore-et-Enzo-au-ne\u0301pal-globalong-768x473.png 768w, https:\/\/www.vita-explorers.dk\/blog\/wp-content\/uploads\/2022\/03\/Aurore-et-Enzo-au-ne\u0301pal-globalong-1536x946.png 1536w, https:\/\/www.vita-explorers.dk\/blog\/wp-content\/uploads\/2022\/03\/Aurore-et-Enzo-au-ne\u0301pal-globalong-2048x1262.png 2048w\" sizes=\"(max-width: 300px) 100vw, 300px\" \/><\/a><\/h2>\n<h2 id=\"temoignage\">Oplevelse<\/h2>\n<blockquote>\n<p style=\"text-align: justify;\">\u00ab Jeg hedder Sarah, jeg er 27 \u00e5r og har arbejdet som fysioterapeut i fire \u00e5r. Jeg valgte at engagere mig i <strong>internationalt frivilligt arbejde i fysioterapi<\/strong> i Nepal p\u00e5 et center, der tager imod b\u00f8rn med motoriske funktionsneds\u00e6ttelser. De f\u00f8rste uger var intense: mange indtryk, h\u00f8jt tempo \u2013 og indimellem en f\u00f8lelse af, at jeg ikke gjorde nok. Men allerede da jeg s\u00e5 de f\u00f8rste sm\u00e5 fremskridt, forstod jeg styrken i forl\u00f8bet. Hver morgen arbejdede jeg med omkring ti b\u00f8rn, ofte med cerebral parese. Vi lavede enkle \u00f8velser for at styrke mobiliteten og forbedre balancen. Lidt efter lidt kom smilene tilbage. Sammen med de nepalesiske behandlere lavede vi en illustreret \u00f8velsesguide, s\u00e5 familierne kunne forts\u00e6tte tr\u00e6ningen derhjemme. De \u00f8jeblikke af samarbejde og gl\u00e6de satte sig dybt i mig. Jeg forstod, at fysioterapi r\u00e6kker l\u00e6ngere end kroppen: den kan ogs\u00e5 give h\u00e5b og tryghed. Opholdet l\u00e6rte mig at se ting i perspektiv, v\u00e6re mere t\u00e5lmodig og stole p\u00e5, at f\u00e6llesskab g\u00f8r en forskel. Jeg er stadig i kontakt med teamet, og jeg ved, at mit bidrag har v\u00e6ret brugbart. \u00bb<\/p>\n<\/blockquote>\n<hr \/>\n<h2><\/h2>\n<h2 id=\"apres\">Efter opholdet: et engagement der varer ved<\/h2>\n<p style=\"text-align: justify;\">N\u00e5r opholdet slutter, forts\u00e6tter <strong>internationalt frivilligt arbejde i fysioterapi<\/strong> ofte med at p\u00e5virke deltagerens valg og perspektiv. Mange v\u00e6lger at forblive engagerede \u2013 fx ved at dele faglige ressourcer, indsamle relevant udstyr eller f\u00f8lge projekter p\u00e5 afstand. Ved at holde kontakten bidrager de til kontinuitet i indsatsen og til at styrke faglige kompetencer over tid.<\/p>\n<h3 style=\"text-align: justify;\">Et fagligt og personligt afs\u00e6t<\/h3>\n<p style=\"text-align: justify;\">Erfaring med <em>humanit\u00e6r fysioterapi<\/em> v\u00e6gter h\u00f8jt i en profil. Det viser nemlig kompetencer, som mange arbejdspladser eftersp\u00f8rger: fleksibilitet, \u00e5benhed, gode kommunikationsevner og samarbejde. At arbejde i nye rammer kan ogs\u00e5 berige ens daglige praksis og styrke troen p\u00e5 egne evner. For mange bliver det et vigtigt vendepunkt i arbejdslivet.<\/p>\n<h3>Varige relationer<\/h3>\n<p style=\"text-align: justify;\">De relationer, man skaber under et ophold, r\u00e6kker ofte l\u00e6ngere end det faglige. Kulturudveksling, samarbejde og venskaber kan forts\u00e6tte l\u00e6nge efter. N\u00e5r tidligere deltagere deler deres oplevelser, inspirerer de andre til at engagere sig. P\u00e5 den m\u00e5de kan indsatsen skabe ringe i vandet og underst\u00f8tte et mere ansvarligt internationalt engagement.<\/p>\n<hr \/>\n<h2><\/h2>\n<h2 id=\"faq\">FAQ \u2013 Internationalt frivilligt arbejde i fysioterapi<\/h2>\n<h3 style=\"text-align: justify;\">1. Kan man tage afsted uden at v\u00e6re f\u00e6rdiguddannet?<\/h3>\n<p style=\"text-align: justify;\">Ja, nogle forl\u00f8b tager imod studerende p\u00e5 sidste studie\u00e5r, forudsat at de er fagligt forankret og superviseret p\u00e5 stedet. Det giver mulighed for at l\u00e6re og samtidig bidrage ansvarligt.<\/p>\n<h3 style=\"text-align: justify;\">2. Hvor l\u00e6nge varer et forl\u00f8b?<\/h3>\n<p style=\"text-align: justify;\">Det afh\u00e6nger af projektet: fra to uger til flere m\u00e5neder. Korte ophold giver en f\u00f8rste erfaring, mens l\u00e6ngere ophold kan skabe bedre rammer for videndeling og kontinuitet.<\/p>\n<h3 style=\"text-align: justify;\">3. Skal man kunne landets sprog?<\/h3>\n<p style=\"text-align: justify;\">Ikke n\u00f8dvendigvis. Kommunikation kan ofte ske gennem demonstration, kropssprog og n\u00e6rv\u00e6r. Men lidt engelsk eller lokal overs\u00e6ttelse g\u00f8r hverdagen og samarbejdet lettere.<\/p>\n<h3 style=\"text-align: justify;\">4. Kan opholdet godkendes som praktik?<\/h3>\n<p style=\"text-align: justify;\">Ja. Mange uddannelser inden for fysioterapi og ergoterapi kan godkende opholdet som praktik, hvis de administrative rammer er p\u00e5 plads. Det er en god m\u00e5de at kombinere l\u00e6ring og engagement.<\/p>\n<h3 style=\"text-align: justify;\">5. Hvad f\u00e5r man ud af et humanit\u00e6rt forl\u00f8b?<\/h3>\n<p style=\"text-align: justify;\">Ud over faglig udvikling f\u00e5r man ofte mere modenhed, st\u00f8rre tryghed og et bredere perspektiv. De menneskelige kompetencer kan berige ens praksis og syn p\u00e5 verden i lang tid.<\/p>\n<hr \/>\n<h2><\/h2>\n<h2 id=\"conclusion\">Konklusion: behandling som et f\u00e6lles sprog<\/h2>\n<p style=\"text-align: justify;\"><strong>Internationalt frivilligt arbejde i fysioterapi<\/strong> er mere end en rejse: det er et m\u00f8de mellem viden, kulturer og mennesker. Hver session og hvert f\u00e6lles \u00f8jeblik kan minde os om, at sundhed er et f\u00e6lles sprog. Gennem behandling l\u00e6rer vi at lytte, forst\u00e5 og bygge videre \u2013 sammen.<\/p>\n<p style=\"text-align: justify;\">At deltage i et humanit\u00e6rt ophold er derfor et konkret valg om at bidrage til mere lige adgang til st\u00f8tte og muligheder. Det kan ogs\u00e5 give ny mening til ens fag og motivation. N\u00e5r man st\u00f8tter genoptr\u00e6ning og trivsel for mennesker i s\u00e5rbare situationer, viser man, at fysioterapi er mere end bev\u00e6gelsesl\u00e6re: det er medmenneskelighed i praksis.<\/p>\n<p style=\"text-align: justify;\">Bliv en del af indsatsen, del dine kompetencer, og oplev hvad ansvarlige ophold og f\u00e6lles l\u00e6ring kan skabe. Der er brug for fagpersoner som dig, der kan forene faglighed med omtanke.<\/p>\n<p style=\"text-align: justify;\">\n<p style=\"text-align: center;\"><strong>Klar til at tage n\u00e6ste skridt?<\/strong>\u00a0F\u00e5 forslag til forl\u00f8b, der matcher dine kompetencer og dine m\u00e5l.<\/p>\n<p style=\"text-align: center;\"><a href=\"https:\/\/www.vita-explorers.dk\/#tel-contact-form-glob\" target=\"_blank\" rel=\"noopener\">Jeg vil gerne s\u00e6ttes i kontakt<\/a><\/p>\n<p class=\"muted\" style=\"text-align: center;\">\u00a9 VITA Institute \u2014 Ressourcer til ansvarligt internationalt engagement.<\/p>\n<p class=\"p4\" style=\"text-align: center;\"><b>Har du sp\u00f8rgsm\u00e5l, er du velkommen til at kontakte os p\u00e5\u00a0<\/b><a href=\"mailto:info@globalong.com\"><span class=\"s2\"><b>info@globalong.com<\/b><\/span><\/a><\/p>\n<p class=\"p4\" style=\"text-align: center;\"><b>Vil du f\u00f8lge mere med i VITA Institute og vores community, s\u00e5 find os p\u00e5\u00a0<\/b><a href=\"https:\/\/www.instagram.com\/globalongofficiel\/\" target=\"_blank\" rel=\"noopener\"><span class=\"s2\"><b>Instagram<\/b><\/span><\/a><b>,\u00a0<\/b><a href=\"https:\/\/www.facebook.com\/globalong\" target=\"_blank\" rel=\"noopener\"><span class=\"s2\"><b>Facebook<\/b><\/span><\/a><b>,\u00a0<\/b><a href=\"https:\/\/www.linkedin.com\/company\/5113177\/admin\/feed\/posts\/\" target=\"_blank\" rel=\"noopener\"><span class=\"s2\"><b>LinkedIn<\/b><\/span><\/a><b>\u00a0og\u00a0<\/b><a href=\"https:\/\/www.youtube.com\/c\/globalong\/videos\" target=\"_blank\" rel=\"noopener\"><span class=\"s2\"><b>Youtube<\/b><\/span><\/a><b>\u00a0!\u00a0<\/b><\/p>\n","protected":false},"excerpt":{"rendered":"<p>Internationalt frivilligt arbejde i fysioterapi: g\u00f8re en forskel gennem behandling Med internationalt frivilligt arbejde i fysioterapi kan fagpersoner og sundhedsstuderende bringe deres kompetencer i\u2026<\/p>\n","protected":false},"author":7,"featured_media":21961,"comment_status":"open","ping_status":"open","sticky":false,"template":"","format":"standard","meta":{"footnotes":""},"categories":[8],"tags":[],"yoast_head":"<!-- This site is optimized with the Yoast SEO Premium plugin v23.4 (Yoast SEO v23.4) - https:\/\/yoast.com\/wordpress\/plugins\/seo\/ -->\n<title>Internationalt frivilligt arbejde i fysioterapi: g\u00f8r en forskel gennem behandling<\/title>\n<meta name=\"description\" content=\"Volontariat international en physioth\u00e9rapie : partagez vos comp\u00e9tences pour aider \u00e0 la r\u00e9\u00e9ducation et au bien-\u00eatre des plus fragiles\" \/>\n<meta name=\"robots\" content=\"index, follow, max-snippet:-1, max-image-preview:large, max-video-preview:-1\" \/>\n<link rel=\"canonical\" href=\"https:\/\/www.vita-explorers.dk\/blog\/internationalt-frivilligt-arbejde-fysioterapi\/\" \/>\n<meta property=\"og:locale\" content=\"da_DK\" \/>\n<meta property=\"og:type\" content=\"article\" \/>\n<meta property=\"og:title\" content=\"Behandling p\u00e5 en ny m\u00e5de: internationalt frivilligt arbejde i fysioterapi\" \/>\n<meta property=\"og:description\" content=\"Volontariat international en physioth\u00e9rapie : partagez vos comp\u00e9tences pour aider \u00e0 la r\u00e9\u00e9ducation et au bien-\u00eatre des plus fragiles\" \/>\n<meta property=\"og:url\" content=\"https:\/\/www.vita-explorers.dk\/blog\/internationalt-frivilligt-arbejde-fysioterapi\/\" \/>\n<meta property=\"og:site_name\" content=\"VITA Explorers Blog\" \/>\n<meta property=\"article:publisher\" content=\"https:\/\/www.facebook.com\/globalong\" \/>\n<meta property=\"article:published_time\" content=\"2025-10-07T05:00:00+00:00\" \/>\n<meta property=\"article:modified_time\" content=\"2025-10-06T19:38:30+00:00\" \/>\n<meta property=\"og:image\" content=\"https:\/\/www.vita-explorers.dk\/blog\/wp-content\/uploads\/2025\/10\/Stage-kine-benevolat-en-Asie-Globalong-60069b62f001b.jpeg\" \/>\n\t<meta property=\"og:image:width\" content=\"966\" \/>\n\t<meta property=\"og:image:height\" content=\"1104\" \/>\n\t<meta property=\"og:image:type\" content=\"image\/jpeg\" \/>\n<meta name=\"author\" content=\"VITA Tribe\" \/>\n<meta name=\"twitter:card\" content=\"summary_large_image\" \/>\n<meta name=\"twitter:label1\" content=\"Skrevet af\" \/>\n\t<meta name=\"twitter:data1\" content=\"VITA Tribe\" \/>\n\t<meta name=\"twitter:label2\" content=\"Estimeret l\u00e6setid\" \/>\n\t<meta name=\"twitter:data2\" content=\"10 minutter\" \/>\n<script type=\"application\/ld+json\" class=\"yoast-schema-graph\">{\"@context\":\"https:\/\/schema.org\",\"@graph\":[{\"@type\":\"Article\",\"@id\":\"https:\/\/www.vita-explorers.dk\/blog\/internationalt-frivilligt-arbejde-fysioterapi\/#article\",\"isPartOf\":{\"@id\":\"https:\/\/www.vita-explorers.dk\/blog\/internationalt-frivilligt-arbejde-fysioterapi\/\"},\"author\":{\"name\":\"VITA Tribe\",\"@id\":\"https:\/\/www.vita-explorers.dk\/blog\/#\/schema\/person\/fc0343a2f2db2ebb2793c1f62dbe73f0\"},\"headline\":\"Behandling p\u00e5 en ny m\u00e5de: internationalt frivilligt arbejde i fysioterapi\",\"datePublished\":\"2025-10-07T05:00:00+00:00\",\"dateModified\":\"2025-10-06T19:38:30+00:00\",\"mainEntityOfPage\":{\"@id\":\"https:\/\/www.vita-explorers.dk\/blog\/internationalt-frivilligt-arbejde-fysioterapi\/\"},\"wordCount\":2102,\"commentCount\":0,\"publisher\":{\"@id\":\"https:\/\/www.vita-explorers.dk\/blog\/#organization\"},\"image\":{\"@id\":\"https:\/\/www.vita-explorers.dk\/blog\/internationalt-frivilligt-arbejde-fysioterapi\/#primaryimage\"},\"thumbnailUrl\":\"https:\/\/www.vita-explorers.dk\/blog\/wp-content\/uploads\/2025\/10\/Stage-kine-benevolat-en-Asie-Globalong-60069b62f001b.jpeg\",\"articleSection\":[\"Humanit\u00e6rt frivilligt arbejde\"],\"inLanguage\":\"da-DK\",\"potentialAction\":[{\"@type\":\"CommentAction\",\"name\":\"Comment\",\"target\":[\"https:\/\/www.vita-explorers.dk\/blog\/internationalt-frivilligt-arbejde-fysioterapi\/#respond\"]}]},{\"@type\":\"WebPage\",\"@id\":\"https:\/\/www.vita-explorers.dk\/blog\/internationalt-frivilligt-arbejde-fysioterapi\/\",\"url\":\"https:\/\/www.vita-explorers.dk\/blog\/internationalt-frivilligt-arbejde-fysioterapi\/\",\"name\":\"Internationalt frivilligt arbejde i fysioterapi: g\u00f8r en forskel gennem behandling\",\"isPartOf\":{\"@id\":\"https:\/\/www.vita-explorers.dk\/blog\/#website\"},\"primaryImageOfPage\":{\"@id\":\"https:\/\/www.vita-explorers.dk\/blog\/internationalt-frivilligt-arbejde-fysioterapi\/#primaryimage\"},\"image\":{\"@id\":\"https:\/\/www.vita-explorers.dk\/blog\/internationalt-frivilligt-arbejde-fysioterapi\/#primaryimage\"},\"thumbnailUrl\":\"https:\/\/www.vita-explorers.dk\/blog\/wp-content\/uploads\/2025\/10\/Stage-kine-benevolat-en-Asie-Globalong-60069b62f001b.jpeg\",\"datePublished\":\"2025-10-07T05:00:00+00:00\",\"dateModified\":\"2025-10-06T19:38:30+00:00\",\"description\":\"Volontariat international en physioth\u00e9rapie : partagez vos comp\u00e9tences pour aider \u00e0 la r\u00e9\u00e9ducation et au bien-\u00eatre des plus fragiles\",\"breadcrumb\":{\"@id\":\"https:\/\/www.vita-explorers.dk\/blog\/internationalt-frivilligt-arbejde-fysioterapi\/#breadcrumb\"},\"inLanguage\":\"da-DK\",\"potentialAction\":[{\"@type\":\"ReadAction\",\"target\":[\"https:\/\/www.vita-explorers.dk\/blog\/internationalt-frivilligt-arbejde-fysioterapi\/\"]}]},{\"@type\":\"ImageObject\",\"inLanguage\":\"da-DK\",\"@id\":\"https:\/\/www.vita-explorers.dk\/blog\/internationalt-frivilligt-arbejde-fysioterapi\/#primaryimage\",\"url\":\"https:\/\/www.vita-explorers.dk\/blog\/wp-content\/uploads\/2025\/10\/Stage-kine-benevolat-en-Asie-Globalong-60069b62f001b.jpeg\",\"contentUrl\":\"https:\/\/www.vita-explorers.dk\/blog\/wp-content\/uploads\/2025\/10\/Stage-kine-benevolat-en-Asie-Globalong-60069b62f001b.jpeg\",\"width\":966,\"height\":1104,\"caption\":\"volontariat r\u00e9\u00e9ducation\"},{\"@type\":\"BreadcrumbList\",\"@id\":\"https:\/\/www.vita-explorers.dk\/blog\/internationalt-frivilligt-arbejde-fysioterapi\/#breadcrumb\",\"itemListElement\":[{\"@type\":\"ListItem\",\"position\":1,\"name\":\"Accueil\",\"item\":\"https:\/\/www.vita-explorers.dk\/blog\/\"},{\"@type\":\"ListItem\",\"position\":2,\"name\":\"Behandling p\u00e5 en ny m\u00e5de: internationalt frivilligt arbejde i fysioterapi\"}]},{\"@type\":\"WebSite\",\"@id\":\"https:\/\/www.vita-explorers.dk\/blog\/#website\",\"url\":\"https:\/\/www.vita-explorers.dk\/blog\/\",\"name\":\"Association Globalong\",\"description\":\"Frivilligt arbejde, sprogophold, praktik i udlandet og internationale oplevelser\",\"publisher\":{\"@id\":\"https:\/\/www.vita-explorers.dk\/blog\/#organization\"},\"potentialAction\":[{\"@type\":\"SearchAction\",\"target\":{\"@type\":\"EntryPoint\",\"urlTemplate\":\"https:\/\/www.vita-explorers.dk\/blog\/?s={search_term_string}\"},\"query-input\":{\"@type\":\"PropertyValueSpecification\",\"valueRequired\":true,\"valueName\":\"search_term_string\"}}],\"inLanguage\":\"da-DK\"},{\"@type\":\"Organization\",\"@id\":\"https:\/\/www.vita-explorers.dk\/blog\/#organization\",\"name\":\"Association Globalong\",\"url\":\"https:\/\/www.vita-explorers.dk\/blog\/\",\"logo\":{\"@type\":\"ImageObject\",\"inLanguage\":\"da-DK\",\"@id\":\"https:\/\/www.vita-explorers.dk\/blog\/#\/schema\/logo\/image\/\",\"url\":\"https:\/\/www.globalong.com\/blog\/wp-content\/uploads\/2014\/11\/cropped-cropped-Logo-et-Afrique-Globalong-petite-taille-2.jpg\",\"contentUrl\":\"https:\/\/www.globalong.com\/blog\/wp-content\/uploads\/2014\/11\/cropped-cropped-Logo-et-Afrique-Globalong-petite-taille-2.jpg\",\"width\":512,\"height\":512,\"caption\":\"Association Globalong\"},\"image\":{\"@id\":\"https:\/\/www.vita-explorers.dk\/blog\/#\/schema\/logo\/image\/\"},\"sameAs\":[\"https:\/\/www.facebook.com\/globalong\"]},{\"@type\":\"Person\",\"@id\":\"https:\/\/www.vita-explorers.dk\/blog\/#\/schema\/person\/fc0343a2f2db2ebb2793c1f62dbe73f0\",\"name\":\"VITA Tribe\",\"image\":{\"@type\":\"ImageObject\",\"inLanguage\":\"da-DK\",\"@id\":\"https:\/\/www.vita-explorers.dk\/blog\/#\/schema\/person\/image\/\",\"url\":\"https:\/\/secure.gravatar.com\/avatar\/f7f05026bb439d0c96b30e135e5f852c?s=96&d=mm&r=g\",\"contentUrl\":\"https:\/\/secure.gravatar.com\/avatar\/f7f05026bb439d0c96b30e135e5f852c?s=96&d=mm&r=g\",\"caption\":\"VITA Tribe\"},\"sameAs\":[\"http:\/\/www.globalong.com\"],\"url\":\"https:\/\/www.vita-explorers.dk\/blog\/author\/teamglobalong\/\"}]}<\/script>\n<!-- \/ Yoast SEO Premium plugin. -->","yoast_head_json":{"title":"Internationalt frivilligt arbejde i fysioterapi: g\u00f8r en forskel gennem behandling","description":"Volontariat international en physioth\u00e9rapie : partagez vos comp\u00e9tences pour aider \u00e0 la r\u00e9\u00e9ducation et au bien-\u00eatre des plus fragiles","robots":{"index":"index","follow":"follow","max-snippet":"max-snippet:-1","max-image-preview":"max-image-preview:large","max-video-preview":"max-video-preview:-1"},"canonical":"https:\/\/www.vita-explorers.dk\/blog\/internationalt-frivilligt-arbejde-fysioterapi\/","og_locale":"da_DK","og_type":"article","og_title":"Behandling p\u00e5 en ny m\u00e5de: internationalt frivilligt arbejde i fysioterapi","og_description":"Volontariat international en physioth\u00e9rapie : partagez vos comp\u00e9tences pour aider \u00e0 la r\u00e9\u00e9ducation et au bien-\u00eatre des plus fragiles","og_url":"https:\/\/www.vita-explorers.dk\/blog\/internationalt-frivilligt-arbejde-fysioterapi\/","og_site_name":"VITA Explorers Blog","article_publisher":"https:\/\/www.facebook.com\/globalong","article_published_time":"2025-10-07T05:00:00+00:00","article_modified_time":"2025-10-06T19:38:30+00:00","og_image":[{"width":966,"height":1104,"url":"https:\/\/www.vita-explorers.dk\/blog\/wp-content\/uploads\/2025\/10\/Stage-kine-benevolat-en-Asie-Globalong-60069b62f001b.jpeg","type":"image\/jpeg"}],"author":"VITA Tribe","twitter_card":"summary_large_image","twitter_misc":{"Skrevet af":"VITA Tribe","Estimeret l\u00e6setid":"10 minutter"},"schema":{"@context":"https:\/\/schema.org","@graph":[{"@type":"Article","@id":"https:\/\/www.vita-explorers.dk\/blog\/internationalt-frivilligt-arbejde-fysioterapi\/#article","isPartOf":{"@id":"https:\/\/www.vita-explorers.dk\/blog\/internationalt-frivilligt-arbejde-fysioterapi\/"},"author":{"name":"VITA Tribe","@id":"https:\/\/www.vita-explorers.dk\/blog\/#\/schema\/person\/fc0343a2f2db2ebb2793c1f62dbe73f0"},"headline":"Behandling p\u00e5 en ny m\u00e5de: internationalt frivilligt arbejde i fysioterapi","datePublished":"2025-10-07T05:00:00+00:00","dateModified":"2025-10-06T19:38:30+00:00","mainEntityOfPage":{"@id":"https:\/\/www.vita-explorers.dk\/blog\/internationalt-frivilligt-arbejde-fysioterapi\/"},"wordCount":2102,"commentCount":0,"publisher":{"@id":"https:\/\/www.vita-explorers.dk\/blog\/#organization"},"image":{"@id":"https:\/\/www.vita-explorers.dk\/blog\/internationalt-frivilligt-arbejde-fysioterapi\/#primaryimage"},"thumbnailUrl":"https:\/\/www.vita-explorers.dk\/blog\/wp-content\/uploads\/2025\/10\/Stage-kine-benevolat-en-Asie-Globalong-60069b62f001b.jpeg","articleSection":["Humanit\u00e6rt frivilligt arbejde"],"inLanguage":"da-DK","potentialAction":[{"@type":"CommentAction","name":"Comment","target":["https:\/\/www.vita-explorers.dk\/blog\/internationalt-frivilligt-arbejde-fysioterapi\/#respond"]}]},{"@type":"WebPage","@id":"https:\/\/www.vita-explorers.dk\/blog\/internationalt-frivilligt-arbejde-fysioterapi\/","url":"https:\/\/www.vita-explorers.dk\/blog\/internationalt-frivilligt-arbejde-fysioterapi\/","name":"Internationalt frivilligt arbejde i fysioterapi: g\u00f8r en forskel gennem behandling","isPartOf":{"@id":"https:\/\/www.vita-explorers.dk\/blog\/#website"},"primaryImageOfPage":{"@id":"https:\/\/www.vita-explorers.dk\/blog\/internationalt-frivilligt-arbejde-fysioterapi\/#primaryimage"},"image":{"@id":"https:\/\/www.vita-explorers.dk\/blog\/internationalt-frivilligt-arbejde-fysioterapi\/#primaryimage"},"thumbnailUrl":"https:\/\/www.vita-explorers.dk\/blog\/wp-content\/uploads\/2025\/10\/Stage-kine-benevolat-en-Asie-Globalong-60069b62f001b.jpeg","datePublished":"2025-10-07T05:00:00+00:00","dateModified":"2025-10-06T19:38:30+00:00","description":"Volontariat international en physioth\u00e9rapie : partagez vos comp\u00e9tences pour aider \u00e0 la r\u00e9\u00e9ducation et au bien-\u00eatre des plus fragiles","breadcrumb":{"@id":"https:\/\/www.vita-explorers.dk\/blog\/internationalt-frivilligt-arbejde-fysioterapi\/#breadcrumb"},"inLanguage":"da-DK","potentialAction":[{"@type":"ReadAction","target":["https:\/\/www.vita-explorers.dk\/blog\/internationalt-frivilligt-arbejde-fysioterapi\/"]}]},{"@type":"ImageObject","inLanguage":"da-DK","@id":"https:\/\/www.vita-explorers.dk\/blog\/internationalt-frivilligt-arbejde-fysioterapi\/#primaryimage","url":"https:\/\/www.vita-explorers.dk\/blog\/wp-content\/uploads\/2025\/10\/Stage-kine-benevolat-en-Asie-Globalong-60069b62f001b.jpeg","contentUrl":"https:\/\/www.vita-explorers.dk\/blog\/wp-content\/uploads\/2025\/10\/Stage-kine-benevolat-en-Asie-Globalong-60069b62f001b.jpeg","width":966,"height":1104,"caption":"volontariat r\u00e9\u00e9ducation"},{"@type":"BreadcrumbList","@id":"https:\/\/www.vita-explorers.dk\/blog\/internationalt-frivilligt-arbejde-fysioterapi\/#breadcrumb","itemListElement":[{"@type":"ListItem","position":1,"name":"Accueil","item":"https:\/\/www.vita-explorers.dk\/blog\/"},{"@type":"ListItem","position":2,"name":"Behandling p\u00e5 en ny m\u00e5de: internationalt frivilligt arbejde i fysioterapi"}]},{"@type":"WebSite","@id":"https:\/\/www.vita-explorers.dk\/blog\/#website","url":"https:\/\/www.vita-explorers.dk\/blog\/","name":"Association Globalong","description":"Frivilligt arbejde, sprogophold, praktik i udlandet og internationale oplevelser","publisher":{"@id":"https:\/\/www.vita-explorers.dk\/blog\/#organization"},"potentialAction":[{"@type":"SearchAction","target":{"@type":"EntryPoint","urlTemplate":"https:\/\/www.vita-explorers.dk\/blog\/?s={search_term_string}"},"query-input":{"@type":"PropertyValueSpecification","valueRequired":true,"valueName":"search_term_string"}}],"inLanguage":"da-DK"},{"@type":"Organization","@id":"https:\/\/www.vita-explorers.dk\/blog\/#organization","name":"Association Globalong","url":"https:\/\/www.vita-explorers.dk\/blog\/","logo":{"@type":"ImageObject","inLanguage":"da-DK","@id":"https:\/\/www.vita-explorers.dk\/blog\/#\/schema\/logo\/image\/","url":"https:\/\/www.globalong.com\/blog\/wp-content\/uploads\/2014\/11\/cropped-cropped-Logo-et-Afrique-Globalong-petite-taille-2.jpg","contentUrl":"https:\/\/www.globalong.com\/blog\/wp-content\/uploads\/2014\/11\/cropped-cropped-Logo-et-Afrique-Globalong-petite-taille-2.jpg","width":512,"height":512,"caption":"Association Globalong"},"image":{"@id":"https:\/\/www.vita-explorers.dk\/blog\/#\/schema\/logo\/image\/"},"sameAs":["https:\/\/www.facebook.com\/globalong"]},{"@type":"Person","@id":"https:\/\/www.vita-explorers.dk\/blog\/#\/schema\/person\/fc0343a2f2db2ebb2793c1f62dbe73f0","name":"VITA Tribe","image":{"@type":"ImageObject","inLanguage":"da-DK","@id":"https:\/\/www.vita-explorers.dk\/blog\/#\/schema\/person\/image\/","url":"https:\/\/secure.gravatar.com\/avatar\/f7f05026bb439d0c96b30e135e5f852c?s=96&d=mm&r=g","contentUrl":"https:\/\/secure.gravatar.com\/avatar\/f7f05026bb439d0c96b30e135e5f852c?s=96&d=mm&r=g","caption":"VITA Tribe"},"sameAs":["http:\/\/www.globalong.com"],"url":"https:\/\/www.vita-explorers.dk\/blog\/author\/teamglobalong\/"}]}},"_links":{"self":[{"href":"https:\/\/www.vita-explorers.dk\/blog\/wp-json\/wp\/v2\/posts\/21960"}],"collection":[{"href":"https:\/\/www.vita-explorers.dk\/blog\/wp-json\/wp\/v2\/posts"}],"about":[{"href":"https:\/\/www.vita-explorers.dk\/blog\/wp-json\/wp\/v2\/types\/post"}],"author":[{"embeddable":true,"href":"https:\/\/www.vita-explorers.dk\/blog\/wp-json\/wp\/v2\/users\/7"}],"replies":[{"embeddable":true,"href":"https:\/\/www.vita-explorers.dk\/blog\/wp-json\/wp\/v2\/comments?post=21960"}],"version-history":[{"count":4,"href":"https:\/\/www.vita-explorers.dk\/blog\/wp-json\/wp\/v2\/posts\/21960\/revisions"}],"predecessor-version":[{"id":21965,"href":"https:\/\/www.vita-explorers.dk\/blog\/wp-json\/wp\/v2\/posts\/21960\/revisions\/21965"}],"wp:featuredmedia":[{"embeddable":true,"href":"https:\/\/www.vita-explorers.dk\/blog\/wp-json\/wp\/v2\/media\/21961"}],"wp:attachment":[{"href":"https:\/\/www.vita-explorers.dk\/blog\/wp-json\/wp\/v2\/media?parent=21960"}],"wp:term":[{"taxonomy":"category","embeddable":true,"href":"https:\/\/www.vita-explorers.dk\/blog\/wp-json\/wp\/v2\/categories?post=21960"},{"taxonomy":"post_tag","embeddable":true,"href":"https:\/\/www.vita-explorers.dk\/blog\/wp-json\/wp\/v2\/tags?post=21960"}],"curies":[{"name":"wp","href":"https:\/\/api.w.org\/{rel}","templated":true}]}}