{"id":21978,"date":"2025-10-11T12:37:22","date_gmt":"2025-10-11T10:37:22","guid":{"rendered":"https:\/\/www.globalong.com\/blog\/?p=21978"},"modified":"2025-11-12T18:34:30","modified_gmt":"2025-11-12T17:34:30","slug":"vaccinationer-og-forsikring-til-internationalt-forloeb","status":"publish","type":"post","link":"https:\/\/www.vita-explorers.dk\/blog\/vaccinationer-og-forsikring-til-internationalt-forloeb\/","title":{"rendered":"Vacciner og forsikring ved internationalt frivilligt arbejde: rejs afsted med ro i maven"},"content":{"rendered":"<article style=\"max-width: 860px; margin: 0 auto; padding: 24px; line-height: 1.7; text-align: justify;\">\n<header>\n<h1>Vacciner og forsikring til internationale forl\u00f8b: tag afsted med ro i maven<\/h1>\n<p style=\"margin-top: 8px; color: #374151;\">At tage afsted p\u00e5 et internationalt forl\u00f8b er sp\u00e6ndende \u2013 men en god forberedelse starter med <strong>vacciner og forsikring<\/strong>. Her f\u00e5r du et overblik over det vigtigste (vacciner til internationale ophold, <em>rejseforsikring til frivilligt arbejde<\/em>, hjemtransport og ansvarsforsikring), s\u00e5 du kan rejse afsted informeret, d\u00e6kket og tryg.<\/p>\n<\/header>\n<p><!-- Sommaire --><\/p>\n<nav style=\"border: 1px solid #e5e7eb; border-radius: 12px; padding: 16px; background: #fafafa; margin: 24px 0;\" role=\"navigation\" aria-label=\"Sommaire\"><strong style=\"display: block; margin-bottom: 8px;\">Indhold<\/strong><\/p>\n<ol style=\"margin: 0; padding-left: 18px;\">\n<li><a style=\"text-decoration: none; color: #1f6feb;\" href=\"#pourquoi-sante\">Sundhed og sikkerhed f\u00f8r et internationalt forl\u00f8b<\/a><\/li>\n<li><a style=\"text-decoration: none; color: #1f6feb;\" href=\"#vaccins\">Vacciner til internationale forl\u00f8b: det vigtigste<\/a>\n<ol>\n<li><a style=\"text-decoration: none; color: #1f6feb;\" href=\"#universels\">Basisvacciner f\u00f8r et internationalt ophold<\/a><\/li>\n<li><a style=\"text-decoration: none; color: #1f6feb;\" href=\"#specifiques\">S\u00e6rlige vacciner afh\u00e6ngigt af destinationen<\/a><\/li>\n<li><a style=\"text-decoration: none; color: #1f6feb;\" href=\"#ou-quand\">Hvor og hvorn\u00e5r skal du vaccineres?<\/a><\/li>\n<\/ol>\n<\/li>\n<li><a style=\"text-decoration: none; color: #1f6feb;\" href=\"#assurance\">Forsikringer til internationale forl\u00f8b: beskyt dit ophold<\/a>\n<ol>\n<li><a style=\"text-decoration: none; color: #1f6feb;\" href=\"#pourquoi-assurance\">Hvorfor en m\u00e5lrettet forsikring er n\u00f8dvendig<\/a><\/li>\n<li><a style=\"text-decoration: none; color: #1f6feb;\" href=\"#quelle-assurance\">Hvilken forsikring skal du v\u00e6lge til et forl\u00f8b?<\/a><\/li>\n<li><a style=\"text-decoration: none; color: #1f6feb;\" href=\"#cout\">Hvad koster en forsikring til et internationalt forl\u00f8b?<\/a><\/li>\n<\/ol>\n<\/li>\n<li><a style=\"text-decoration: none; color: #1f6feb;\" href=\"#checklist\">???? Sundheds-checkliste \u2014 vacciner og forsikring til internationale forl\u00f8b<\/a><\/li>\n<li><a style=\"text-decoration: none; color: #1f6feb;\" href=\"#partir-serein\">Vacciner og forsikring til internationale forl\u00f8b: det vigtigste<\/a><\/li>\n<li><a style=\"text-decoration: none; color: #1f6feb;\" href=\"#faq\">FAQ: vacciner og forsikring til internationale forl\u00f8b<\/a><\/li>\n<\/ol>\n<\/nav>\n<section id=\"pourquoi-sante\">\n<h2>Sundhed og sikkerhed f\u00f8r et internationalt forl\u00f8b<\/h2>\n<p>P\u00e5 stedet giver du tid, energi og n\u00e6rv\u00e6r. For at kunne holde til det og bidrage p\u00e5 en god m\u00e5de er din <strong>sundhedsforberedelse<\/strong> lige s\u00e5 vigtig som din motivation. Forholdene kan variere meget fra omr\u00e5de til omr\u00e5de: tropisk klima, lokale sygdomme, forskellige sundhedssystemer, risiko for insektbid og uvant mad. God forebyggelse mindsker risikoen for uplanlagte afbrydelser, passer p\u00e5 dit team og viser hensyn til de mennesker, du m\u00f8der.<\/p>\n<p>Hvis du g\u00e5r i gang <em>seks til otte uger<\/em> f\u00f8r afrejse, f\u00e5r du tid til at opdatere dine <a href=\"https:\/\/www.service-public.gouv.fr\/particuliers\/vosdroits\/F720\" target=\"_blank\" rel=\"noopener\"><strong>vacciner<\/strong><\/a>, sammenligne <strong>forsikringer<\/strong> og samle en f\u00f8rstehj\u00e6lpstaske, der faktisk er nyttig. En overskuelig helbredsoversigt og en forsikringspolice, der er let at forst\u00e5, g\u00f8r processen enklere og giver tryghed hos dem, du skal samarbejde med.<\/p>\n<\/section>\n<section id=\"vaccins\">\n<h2>Vacciner til internationale forl\u00f8b: det vigtigste f\u00f8r afrejse<\/h2>\n<p>Hvilke vacciner der anbefales, afh\u00e6nger af <a href=\"https:\/\/www.vita-explorers.dk\/frivilligt-arbejde\/\" target=\"_blank\" rel=\"noopener\">destinationen<\/a>, \u00e5rstiden, opholdets l\u00e6ngde og din helbredshistorik. Book en <strong>tid hos en sundhedsfaglig<\/strong> (egen l\u00e6ge eller rejsemedicinsk klinik) for en personlig vurdering. N\u00e5r det g\u00e6lder <strong>vacciner og forsikring<\/strong>, sparer god planl\u00e6gning dig for b\u00e5de forsinkelser og un\u00f8dvendige gentagelser.<\/p>\n<h3 id=\"universels\"><strong>Basisvacciner f\u00f8r et internationalt ophold<\/strong><\/h3>\n<p>Start med at tjekke dine <strong>basisvacciner<\/strong> (som ofte forventes af v\u00e6rtsstedet): stivkrampe-difteri-kighoste (Tdap), polio, MFR (m\u00e6slinger-f\u00e5resyge-r\u00f8de hunde) samt <strong>hepatitis B<\/strong>. Afh\u00e6ngigt af din situation kan <strong>s\u00e6soninfluenza<\/strong> ogs\u00e5 v\u00e6re relevant. Et opdateret vaccinationskort beskytter under rejsen, under opholdet og efter hjemkomst.<\/p>\n<h3 id=\"specifiques\"><strong>S\u00e6rlige vacciner afh\u00e6ngigt af destinationen<\/strong><\/h3>\n<p>Afh\u00e6ngigt af omr\u00e5de kan nogle vacciner v\u00e6re <em>st\u00e6rkt anbefalet<\/em> \u2013 eller i enkelte tilf\u00e6lde <em>p\u00e5kr\u00e6vet<\/em>: <a href=\"https:\/\/sante.gouv.fr\/prevention-en-sante\/preserver-sa-sante\/vaccination-fievre-jaune\" target=\"_blank\" rel=\"noopener\"><strong>gul feber<\/strong><\/a> (med internationalt certifikat), <strong>hepatitis A<\/strong>, <strong>tyfus<\/strong>, <strong>rabies<\/strong> (hvis der kan v\u00e6re kontakt med <a href=\"https:\/\/www.vita-explorers.dk\/treeprod?prefilter-get=true&#038;nodes[]=86\" target=\"_blank\" rel=\"noopener\">dyr<\/a>), <strong>japansk encephalitis<\/strong> (ved l\u00e6ngere ophold eller ophold i landomr\u00e5der i Asien). Derudover kan <strong>malariaprofylakse<\/strong> v\u00e6re relevant i omr\u00e5der med malaria.<\/p>\n<p>Sammenhold din l\u00e6ges vurdering med officielle anbefalinger i dit land og information fra <em>rejsemedicinske klinikker<\/em>. S\u00e5 f\u00e5r du det v\u00e6sentlige p\u00e5 plads \u2013 uden forsinkelser eller un\u00f8dvendige stik.<\/p>\n<h3 id=\"ou-quand\"><strong>Hvor og hvorn\u00e5r skal du vaccineres?<\/strong><\/h3>\n<p>Tag helst en <strong>f\u00f8rste konsultation<\/strong>, s\u00e5 snart dit ophold begynder at tage form. Flere vaccinationsforl\u00f8b kr\u00e6ver <em>flere doser<\/em> og tid, f\u00f8r beskyttelsen er fuld. Nogle vacciner kr\u00e6ver <em>certifikat<\/em> eller <em>dokumentation for booster<\/em>. <strong>Rejsevaccinationsklinikker<\/strong> og <strong>rejsemedicinske enheder<\/strong> giver opdateret r\u00e5dgivning og udsteder dokumentation, der typisk accepteres ved gr\u00e6nsekontrol.<\/p>\n<p>Budgetm\u00e6ssigt kan det v\u00e6re en fordel at afs\u00e6tte en s\u00e6rskilt post, gemme kvitteringer og p\u00e5 forh\u00e5nd unders\u00f8ge, om der kan v\u00e6re delvis refusion.<\/p>\n<p style=\"font-size: 0.95em; color: #374151;\"><strong>Vigtigt:<\/strong> Afsnittet her er kun til information. S\u00f8g individuel r\u00e5dgivning hos l\u00e6ge og f\u00f8lg de officielle anbefalinger i dit land, f\u00f8r du tr\u00e6ffer beslutninger.<\/p>\n<\/section>\n<section id=\"assurance\">\n<h2><\/h2>\n<h2>Forsikringer til internationale forl\u00f8b: beskyt dit ophold og dit budget<\/h2>\n<p>Det bl\u00e5 EU-sygesikringskort g\u00e6lder ikke uden for Europa, og d\u00e6kningen via betalingskort er ofte <em>begr\u00e6nset<\/em>. Udgifter til behandling eller <strong>hjemtransport<\/strong> kan blive meget h\u00f8je. En forsikring m\u00e5lrettet internationale ophold er derfor en fornuftig investering \u2013 og i nogle tilf\u00e6lde helt n\u00f8dvendig afh\u00e6ngigt af destinationen.<\/p>\n<h3 id=\"pourquoi-assurance\"><strong>Hvorfor en forsikring til internationale forl\u00f8b er n\u00f8dvendig<\/strong><\/h3>\n<p>Den kan d\u00e6kke uforudsete udgifter til behandling (konsultationer, tests, indl\u00e6ggelse), <strong>medicinsk hjemtransport<\/strong>, <strong>privat ansvarsforsikring<\/strong> i udlandet, <strong>assistance 24\/7<\/strong> og praktiske forhold (flyforsinkelse, bagage, dokumenter). P\u00e5 den m\u00e5de beskytter du b\u00e5de dit helbred, dit budget og andre. En god forsikring spiller naturligt sammen med dine <strong>vacciner og forsikring til internationale forl\u00f8b<\/strong> som en samlet, ansvarlig forberedelse.<\/p>\n<h3 id=\"quelle-assurance\"><strong>Hvilken forsikring skal du v\u00e6lge til et forl\u00f8b?<\/strong><\/h3>\n<p>Tre typiske typer:<\/p>\n<ul style=\"padding-left: 20px; margin: 0 0 16px 0;\">\n<li><strong>Rejseforsikring<\/strong> (korte ophold): enkel l\u00f8sning, men ofte lave d\u00e6kningslofter og mange undtagelser.<\/li>\n<li><strong>International sygeforsikring<\/strong> (l\u00e6ngere ophold): bedre d\u00e6kning af almindelig behandling og indl\u00e6ggelser, ofte med adgang til netv\u00e6rk af behandlingssteder.<\/li>\n<li><strong>Forsikring til internationale forl\u00f8b<\/strong> (frivilligt arbejde, praktik, mobilitet): d\u00e6kning, der typisk matcher aktiviteter p\u00e5 stedet og ansvarsforsikring.<\/li>\n<\/ul>\n<p>Sammenlign is\u00e6r: d\u00e6kningslofter og selvrisiko for <strong>behandling\/indl\u00e6ggelser<\/strong>, vilk\u00e5r for <strong>hjemtransport<\/strong>, <strong>ansvarsforsikring<\/strong>, <strong>bagage\/dokumenter<\/strong>, s\u00e6rlige situationer (sport, fysisk arbejde, afsides omr\u00e5der) samt <strong>undtagelser<\/strong>. L\u00e6s altid <em>d\u00e6kningsoversigten<\/em> og <em>betingelserne<\/em>.<\/p>\n<h3 id=\"cout\"><strong>Hvad koster en forsikring til et internationalt forl\u00f8b?<\/strong><\/h3>\n<p>Prisen afh\u00e6nger af varighed, omr\u00e5de og d\u00e6kningsniveau. Regn med <em>nogle hundrede kroner om m\u00e5neden<\/em> for en basispakke \u2013 mere for udvidet d\u00e6kning. Sammenlign mindst tre tilbud, og v\u00e6lg l\u00f8sninger med tydelige d\u00e6kningslofter.<\/p>\n<\/section>\n<section id=\"checklist\">\n<h2><\/h2>\n<h2>???? Sundheds-checkliste \u2014 vacciner og forsikring til internationale forl\u00f8b<\/h2>\n<div style=\"background: #eef6ff; border: 1px solid #c7e0ff; border-left: 6px solid #3b82f6; border-radius: 10px; padding: 16px; margin: 16px 0;\">\n<p style=\"margin: 0 0 8px 0;\"><strong>Tjek trin for trin:<\/strong><\/p>\n<ul style=\"margin: 0; padding-left: 20px;\">\n<li style=\"text-align: justify;\">\u2705 <strong>Vaccinationskort<\/strong> gennemg\u00e5et: Tdap-Polio, MFR, hepatitis B\u2026<\/li>\n<li style=\"text-align: justify;\">\u2705 <strong>S\u00e6rlige vacciner<\/strong> efter destination (gul feber, hepatitis A, tyfus, rabies, japansk encephalitis).<\/li>\n<li style=\"text-align: justify;\">\u2705 <strong>Malariaprofylakse<\/strong> afklaret ved behov (recept og dosering).<\/li>\n<li style=\"text-align: justify;\">\u2705 <strong>Forsikring<\/strong> p\u00e5 plads: behandling, indl\u00e6ggelse, hjemtransport, ansvarsforsikring, assistance 24\/7.<\/li>\n<li style=\"text-align: justify;\">\u2705 <strong>F\u00f8rstehj\u00e6lpstaske<\/strong> i det n\u00f8dvendige omfang: smertestillende, desinfektion, plastre, egen medicin, myggemiddel, solbeskyttelse.<\/li>\n<li style=\"text-align: justify;\">\u2705 <strong>Certifikater og kopier<\/strong>: forsikringspolice, n\u00f8dkort, recepter, vaccinationsdokumentation, vigtige kontaktpersoner.<\/li>\n<li style=\"text-align: justify;\">\u2705 <strong>Forebyggende vaner<\/strong>: h\u00e5ndhygiejne, sikkert vand, myggenet, lukkede sko, v\u00e6ske.<\/li>\n<li style=\"text-align: justify;\">\u2705 <strong>L\u00e6getid<\/strong> gennemf\u00f8rt 6\u20138 uger f\u00f8r afrejse (kontekst, historik, rute).<\/li>\n<\/ul>\n<\/div>\n<\/section>\n<section id=\"partir-serein\">\n<h2><\/h2>\n<h2>Vacciner og forsikring til internationale forl\u00f8b: det vigtigste at tage med<\/h2>\n<p>Forberedelse er en del af at <a href=\"https:\/\/www.vita-explorers.dk\/frivilligt-arbejde\/\" target=\"_blank\" rel=\"noopener\">tage ansvar<\/a>. Med de rette <strong>vacciner<\/strong> og en <strong>gennemsigtig forsikring<\/strong> passer du p\u00e5 dit helbred, skaber \u00f8konomisk sikkerhed og tager hensyn til dem omkring dig. Det giver mere ro under opholdet \u2013 og mere overskud til at l\u00e6re, dele og indg\u00e5 i samarbejde.<\/p>\n<blockquote style=\"margin: 16px 0; padding: 16px; border-left: 4px solid #e5e7eb; background: #f9fafb;\">\n<p style=\"margin: 0 0 8px 0; font-style: italic;\">\u00ab F\u00f8r afrejse tog jeg mig tid til en rejsemedicinsk konsultation og til at sammenligne forsikringer. P\u00e5 stedet kunne jeg selvf\u00f8lgelig ikke styre alt, men jeg f\u00f8lte mig forberedt. Det gav mig mulighed for at fokusere p\u00e5 det vigtigste: menneskerne jeg m\u00f8dte, og opgaverne undervejs. \u00bb<\/p>\n<p><cite style=\"display: block; color: #6b7280;\">\u2014 Erfaring fra en deltager, 6 m\u00e5neder p\u00e5 ophold<\/cite><\/p><\/blockquote>\n<p>Den bedste forberedelse er den, der passer til dig: p\u00e5lidelige informationer, afbalancerede valg og en enkel plan. S\u00e5 bliver <strong>vacciner og forsikring<\/strong> en naturlig del af dit projekt og styrker kvaliteten af dit ophold.<\/p>\n<\/section>\n<section id=\"faq\">\n<h2><\/h2>\n<h2>FAQ: vacciner og forsikring til internationale forl\u00f8b<\/h2>\n<h3><strong>Er vaccination obligatorisk for at kunne rejse?<\/strong><\/h3>\n<p>Nogle lande <em>kr\u00e6ver<\/em> bestemte vacciner (fx <strong>gul feber<\/strong> for indrejse). Andre <em>anbefaler<\/em> dem st\u00e6rkt. Tjek altid de officielle krav, og tal med en sundhedsfaglig.<\/p>\n<h3><strong>Hvordan ved jeg, hvilke vacciner jeg skal have til et bestemt land?<\/strong><\/h3>\n<p>Brug en <a href=\"https:\/\/www.service-public.gouv.fr\/particuliers\/vosdroits\/F720\" target=\"_blank\" rel=\"noopener\">officiel kilde<\/a> (sundhedsmyndigheder, <a href=\"https:\/\/www.medecinedesvoyages.net\/medvoyages\/index.php\" target=\"_blank\" rel=\"noopener\">rejsemedicin<\/a>) og book tid p\u00e5 en rejsevaccinationsklinik. N\u00e5r du sammenholder r\u00e5dene med din rute, f\u00e5r du en opdateret anbefaling.<\/p>\n<h3>Hvad er forskellen p\u00e5 rejseforsikring og en forsikring til internationale forl\u00f8b?<\/h3>\n<p>En <strong>rejseforsikring<\/strong> d\u00e6kker typisk akutte situationer p\u00e5 korte rejser, ofte med begr\u00e6nsede d\u00e6kningslofter. En <strong>forsikring til internationale forl\u00f8b<\/strong> har ofte bredere d\u00e6kning, der passer bedre til aktiviteter p\u00e5 stedet og ophold i mere landlige eller afsides omr\u00e5der.<\/p>\n<h3><strong>Er mit betalingskort nok?<\/strong><\/h3>\n<p>Sj\u00e6ldent. Kortd\u00e6kning afh\u00e6nger ofte af, at rejsen er betalt med kortet, og d\u00e6kningslofterne er typisk lave. D\u00e6kningen af <strong>ansvar<\/strong> og <strong>hjemtransport<\/strong> er ofte utilstr\u00e6kkelig. Tjek vilk\u00e5rene og suppler ved behov.<\/p>\n<h3><strong>Kan jeg f\u00e5 refunderet udgifter til vacciner?<\/strong><\/h3>\n<p>Det afh\u00e6nger af din almindelige d\u00e6kning og de g\u00e6ldende regler i dit land. Gem altid dokumentation (kvitteringer, recepter, certifikater).<\/p>\n<h3><strong>Skal jeg informere min egen l\u00e6ge?<\/strong><\/h3>\n<p>Ja. Din l\u00e6ge kender din sygehistorik og medicin, kan koordinere med en rejsevaccinationsklinik og kan udstede en egnethedserkl\u00e6ring, hvis det er n\u00f8dvendigt.<\/p>\n<h3><strong>Hvad b\u00f8r der v\u00e6re i en f\u00f8rstehj\u00e6lpstaske?<\/strong><\/h3>\n<p>Hold det enkelt: smertestillende, desinfektion, plastre i flere st\u00f8rrelser, solbeskyttelse, myggemiddel, din egen medicin \u2013 og eventuelt ekstra behandling efter l\u00e6gens r\u00e5d.<\/p>\n<h3><strong>Hvad med malaria?<\/strong><\/h3>\n<p>I risikoomr\u00e5der kan <strong>profylakse<\/strong> v\u00e6re relevant. Valg af pr\u00e6parat, dosering og varighed afh\u00e6nger af omr\u00e5det og din situation. Kombin\u00e9r med fysiske tiltag (myggenet, d\u00e6kkende t\u00f8j, myggemiddel).<\/p>\n<\/section>\n<footer style=\"margin-top: 24px; color: #374151;\">\n<p style=\"font-size: 0.95em;\"><strong>Vigtig note:<\/strong> Denne guide er kun til information og kan ikke erstatte en l\u00e6gefaglig vurdering. Inden afrejse: tal med en sundhedsfaglig, tjek de officielle anbefalinger i dit land, og l\u00e6s forsikringsbetingelserne grundigt.<\/p>\n<\/footer>\n<\/article>\n<div class=\"entry-content\">\n<p style=\"text-align: center;\"><strong>Klar til at tage n\u00e6ste skridt?<\/strong><br \/>\nF\u00e5 forslag til forl\u00f8b, der matcher dine kompetencer og dine m\u00e5l.<\/p>\n<p style=\"text-align: center;\"><a href=\"https:\/\/www.vita-explorers.dk\/#tel-contact-form-glob\" target=\"_blank\" rel=\"noopener\">Jeg vil gerne i kontakt<\/a><\/p>\n<p class=\"muted\" style=\"text-align: center;\">\u00a9 VITA Institute \u2014 Ressourcer til ansvarlige internationale forl\u00f8b.<\/p>\n<p class=\"p4\" style=\"text-align: center;\"><b>Har du sp\u00f8rgsm\u00e5l, er du velkommen til at kontakte os p\u00e5 <\/b><a href=\"mailto:info@globalong.com\"><span class=\"s2\"><b>info@globalong.com<\/b><\/span><\/a><\/p>\n<p class=\"p4\" style=\"text-align: center;\"><b>Vil du f\u00f8lge VITA Institute og vores community, s\u00e5 find os p\u00e5 <\/b><a href=\"https:\/\/www.instagram.com\/globalongofficiel\/\" target=\"_blank\" rel=\"noopener\"><span class=\"s2\"><b>Instagram<\/b><\/span><\/a><b>,<br \/>\n<\/b><a href=\"https:\/\/www.facebook.com\/globalong\" target=\"_blank\" rel=\"noopener\"><span class=\"s2\"><b>Facebook<\/b><\/span><\/a><b>,<br \/>\n<\/b><a href=\"https:\/\/www.linkedin.com\/company\/5113177\/admin\/feed\/posts\/\" target=\"_blank\" rel=\"noopener\"><span class=\"s2\"><b>LinkedIn<\/b><\/span><\/a><b><br \/>\nog<br \/>\n<\/b><a href=\"https:\/\/www.youtube.com\/c\/globalong\/videos\" target=\"_blank\" rel=\"noopener\"><span class=\"s2\"><b>Youtube<\/b><\/span><\/a><b>.<br \/>\n<\/b><\/p>\n<div class=\"getsocial gs-inline-group\" style=\"text-align: center;\"><\/div>\n<\/div>\n","protected":false},"excerpt":{"rendered":"<p>Vacciner og forsikring til internationale forl\u00f8b: tag afsted med ro i maven At tage afsted p\u00e5 et internationalt forl\u00f8b er sp\u00e6ndende \u2013 men en\u2026<\/p>\n","protected":false},"author":7,"featured_media":21979,"comment_status":"open","ping_status":"open","sticky":false,"template":"","format":"standard","meta":{"footnotes":""},"categories":[1457],"tags":[],"yoast_head":"<!-- This site is optimized with the Yoast SEO Premium plugin v23.4 (Yoast SEO v23.4) - https:\/\/yoast.com\/wordpress\/plugins\/seo\/ -->\n<title>Vacciner og forsikring ved internationale forl\u00f8b: tag afsted med ro i maven<\/title>\n<meta name=\"description\" content=\"Vaccins et assurances en volontariat international : les indispensables sant\u00e9 et s\u00e9curit\u00e9 pour partir l\u2019esprit tranquille \u00e0 l\u2019\u00e9tranger.\" \/>\n<meta name=\"robots\" content=\"index, follow, max-snippet:-1, max-image-preview:large, max-video-preview:-1\" \/>\n<link rel=\"canonical\" href=\"https:\/\/www.vita-explorers.dk\/blog\/vaccinationer-og-forsikring-til-internationalt-forloeb\/\" \/>\n<meta property=\"og:locale\" content=\"da_DK\" \/>\n<meta property=\"og:type\" content=\"article\" \/>\n<meta property=\"og:title\" content=\"Vacciner og forsikring ved internationalt frivilligt arbejde: rejs afsted med ro i maven\" \/>\n<meta property=\"og:description\" content=\"Vaccins et assurances en volontariat international : les indispensables sant\u00e9 et s\u00e9curit\u00e9 pour partir l\u2019esprit tranquille \u00e0 l\u2019\u00e9tranger.\" \/>\n<meta property=\"og:url\" content=\"https:\/\/www.vita-explorers.dk\/blog\/vaccinationer-og-forsikring-til-internationalt-forloeb\/\" \/>\n<meta property=\"og:site_name\" content=\"VITA Explorers Blog\" \/>\n<meta property=\"article:publisher\" content=\"https:\/\/www.facebook.com\/globalong\" \/>\n<meta property=\"article:published_time\" content=\"2025-10-11T10:37:22+00:00\" \/>\n<meta property=\"article:modified_time\" content=\"2025-11-12T17:34:30+00:00\" \/>\n<meta property=\"og:image\" content=\"https:\/\/www.vita-explorers.dk\/blog\/wp-content\/uploads\/2025\/10\/A_high-resolution_digital_photograph_displays_trav-1024x683.png\" \/>\n\t<meta property=\"og:image:width\" content=\"1024\" \/>\n\t<meta property=\"og:image:height\" content=\"683\" \/>\n\t<meta property=\"og:image:type\" content=\"image\/png\" \/>\n<meta name=\"author\" content=\"VITA Tribe\" \/>\n<meta name=\"twitter:card\" content=\"summary_large_image\" \/>\n<meta name=\"twitter:label1\" content=\"Skrevet af\" \/>\n\t<meta name=\"twitter:data1\" content=\"VITA Tribe\" \/>\n\t<meta name=\"twitter:label2\" content=\"Estimeret l\u00e6setid\" \/>\n\t<meta name=\"twitter:data2\" content=\"8 minutter\" \/>\n<script type=\"application\/ld+json\" class=\"yoast-schema-graph\">{\"@context\":\"https:\/\/schema.org\",\"@graph\":[{\"@type\":\"Article\",\"@id\":\"https:\/\/www.vita-explorers.dk\/blog\/vaccinationer-og-forsikring-til-internationalt-forloeb\/#article\",\"isPartOf\":{\"@id\":\"https:\/\/www.vita-explorers.dk\/blog\/vaccinationer-og-forsikring-til-internationalt-forloeb\/\"},\"author\":{\"name\":\"VITA Tribe\",\"@id\":\"https:\/\/www.vita-explorers.dk\/blog\/#\/schema\/person\/fc0343a2f2db2ebb2793c1f62dbe73f0\"},\"headline\":\"Vacciner og forsikring ved internationalt frivilligt arbejde: rejs afsted med ro i maven\",\"datePublished\":\"2025-10-11T10:37:22+00:00\",\"dateModified\":\"2025-11-12T17:34:30+00:00\",\"mainEntityOfPage\":{\"@id\":\"https:\/\/www.vita-explorers.dk\/blog\/vaccinationer-og-forsikring-til-internationalt-forloeb\/\"},\"wordCount\":1590,\"commentCount\":0,\"publisher\":{\"@id\":\"https:\/\/www.vita-explorers.dk\/blog\/#organization\"},\"image\":{\"@id\":\"https:\/\/www.vita-explorers.dk\/blog\/vaccinationer-og-forsikring-til-internationalt-forloeb\/#primaryimage\"},\"thumbnailUrl\":\"https:\/\/www.vita-explorers.dk\/blog\/wp-content\/uploads\/2025\/10\/A_high-resolution_digital_photograph_displays_trav.png\",\"articleSection\":[\"Forbered dit ophold!\"],\"inLanguage\":\"da-DK\",\"potentialAction\":[{\"@type\":\"CommentAction\",\"name\":\"Comment\",\"target\":[\"https:\/\/www.vita-explorers.dk\/blog\/vaccinationer-og-forsikring-til-internationalt-forloeb\/#respond\"]}]},{\"@type\":\"WebPage\",\"@id\":\"https:\/\/www.vita-explorers.dk\/blog\/vaccinationer-og-forsikring-til-internationalt-forloeb\/\",\"url\":\"https:\/\/www.vita-explorers.dk\/blog\/vaccinationer-og-forsikring-til-internationalt-forloeb\/\",\"name\":\"Vacciner og forsikring ved internationale forl\u00f8b: tag afsted med ro i maven\",\"isPartOf\":{\"@id\":\"https:\/\/www.vita-explorers.dk\/blog\/#website\"},\"primaryImageOfPage\":{\"@id\":\"https:\/\/www.vita-explorers.dk\/blog\/vaccinationer-og-forsikring-til-internationalt-forloeb\/#primaryimage\"},\"image\":{\"@id\":\"https:\/\/www.vita-explorers.dk\/blog\/vaccinationer-og-forsikring-til-internationalt-forloeb\/#primaryimage\"},\"thumbnailUrl\":\"https:\/\/www.vita-explorers.dk\/blog\/wp-content\/uploads\/2025\/10\/A_high-resolution_digital_photograph_displays_trav.png\",\"datePublished\":\"2025-10-11T10:37:22+00:00\",\"dateModified\":\"2025-11-12T17:34:30+00:00\",\"description\":\"Vaccins et assurances en volontariat international : les indispensables sant\u00e9 et s\u00e9curit\u00e9 pour partir l\u2019esprit tranquille \u00e0 l\u2019\u00e9tranger.\",\"breadcrumb\":{\"@id\":\"https:\/\/www.vita-explorers.dk\/blog\/vaccinationer-og-forsikring-til-internationalt-forloeb\/#breadcrumb\"},\"inLanguage\":\"da-DK\",\"potentialAction\":[{\"@type\":\"ReadAction\",\"target\":[\"https:\/\/www.vita-explorers.dk\/blog\/vaccinationer-og-forsikring-til-internationalt-forloeb\/\"]}]},{\"@type\":\"ImageObject\",\"inLanguage\":\"da-DK\",\"@id\":\"https:\/\/www.vita-explorers.dk\/blog\/vaccinationer-og-forsikring-til-internationalt-forloeb\/#primaryimage\",\"url\":\"https:\/\/www.vita-explorers.dk\/blog\/wp-content\/uploads\/2025\/10\/A_high-resolution_digital_photograph_displays_trav.png\",\"contentUrl\":\"https:\/\/www.vita-explorers.dk\/blog\/wp-content\/uploads\/2025\/10\/A_high-resolution_digital_photograph_displays_trav.png\",\"width\":1536,\"height\":1024,\"caption\":\"vaccins et assurances\"},{\"@type\":\"BreadcrumbList\",\"@id\":\"https:\/\/www.vita-explorers.dk\/blog\/vaccinationer-og-forsikring-til-internationalt-forloeb\/#breadcrumb\",\"itemListElement\":[{\"@type\":\"ListItem\",\"position\":1,\"name\":\"Accueil\",\"item\":\"https:\/\/www.vita-explorers.dk\/blog\/\"},{\"@type\":\"ListItem\",\"position\":2,\"name\":\"Vacciner og forsikring ved internationalt frivilligt arbejde: rejs afsted med ro i maven\"}]},{\"@type\":\"WebSite\",\"@id\":\"https:\/\/www.vita-explorers.dk\/blog\/#website\",\"url\":\"https:\/\/www.vita-explorers.dk\/blog\/\",\"name\":\"Association Globalong\",\"description\":\"Frivilligt arbejde, sprogophold, praktik i udlandet og internationale oplevelser\",\"publisher\":{\"@id\":\"https:\/\/www.vita-explorers.dk\/blog\/#organization\"},\"potentialAction\":[{\"@type\":\"SearchAction\",\"target\":{\"@type\":\"EntryPoint\",\"urlTemplate\":\"https:\/\/www.vita-explorers.dk\/blog\/?s={search_term_string}\"},\"query-input\":{\"@type\":\"PropertyValueSpecification\",\"valueRequired\":true,\"valueName\":\"search_term_string\"}}],\"inLanguage\":\"da-DK\"},{\"@type\":\"Organization\",\"@id\":\"https:\/\/www.vita-explorers.dk\/blog\/#organization\",\"name\":\"Association Globalong\",\"url\":\"https:\/\/www.vita-explorers.dk\/blog\/\",\"logo\":{\"@type\":\"ImageObject\",\"inLanguage\":\"da-DK\",\"@id\":\"https:\/\/www.vita-explorers.dk\/blog\/#\/schema\/logo\/image\/\",\"url\":\"https:\/\/www.globalong.com\/blog\/wp-content\/uploads\/2014\/11\/cropped-cropped-Logo-et-Afrique-Globalong-petite-taille-2.jpg\",\"contentUrl\":\"https:\/\/www.globalong.com\/blog\/wp-content\/uploads\/2014\/11\/cropped-cropped-Logo-et-Afrique-Globalong-petite-taille-2.jpg\",\"width\":512,\"height\":512,\"caption\":\"Association Globalong\"},\"image\":{\"@id\":\"https:\/\/www.vita-explorers.dk\/blog\/#\/schema\/logo\/image\/\"},\"sameAs\":[\"https:\/\/www.facebook.com\/globalong\"]},{\"@type\":\"Person\",\"@id\":\"https:\/\/www.vita-explorers.dk\/blog\/#\/schema\/person\/fc0343a2f2db2ebb2793c1f62dbe73f0\",\"name\":\"VITA Tribe\",\"image\":{\"@type\":\"ImageObject\",\"inLanguage\":\"da-DK\",\"@id\":\"https:\/\/www.vita-explorers.dk\/blog\/#\/schema\/person\/image\/\",\"url\":\"https:\/\/secure.gravatar.com\/avatar\/f7f05026bb439d0c96b30e135e5f852c?s=96&d=mm&r=g\",\"contentUrl\":\"https:\/\/secure.gravatar.com\/avatar\/f7f05026bb439d0c96b30e135e5f852c?s=96&d=mm&r=g\",\"caption\":\"VITA Tribe\"},\"sameAs\":[\"http:\/\/www.globalong.com\"],\"url\":\"https:\/\/www.vita-explorers.dk\/blog\/author\/teamglobalong\/\"}]}<\/script>\n<!-- \/ Yoast SEO Premium plugin. -->","yoast_head_json":{"title":"Vacciner og forsikring ved internationale forl\u00f8b: tag afsted med ro i maven","description":"Vaccins et assurances en volontariat international : les indispensables sant\u00e9 et s\u00e9curit\u00e9 pour partir l\u2019esprit tranquille \u00e0 l\u2019\u00e9tranger.","robots":{"index":"index","follow":"follow","max-snippet":"max-snippet:-1","max-image-preview":"max-image-preview:large","max-video-preview":"max-video-preview:-1"},"canonical":"https:\/\/www.vita-explorers.dk\/blog\/vaccinationer-og-forsikring-til-internationalt-forloeb\/","og_locale":"da_DK","og_type":"article","og_title":"Vacciner og forsikring ved internationalt frivilligt arbejde: rejs afsted med ro i maven","og_description":"Vaccins et assurances en volontariat international : les indispensables sant\u00e9 et s\u00e9curit\u00e9 pour partir l\u2019esprit tranquille \u00e0 l\u2019\u00e9tranger.","og_url":"https:\/\/www.vita-explorers.dk\/blog\/vaccinationer-og-forsikring-til-internationalt-forloeb\/","og_site_name":"VITA Explorers Blog","article_publisher":"https:\/\/www.facebook.com\/globalong","article_published_time":"2025-10-11T10:37:22+00:00","article_modified_time":"2025-11-12T17:34:30+00:00","og_image":[{"width":1024,"height":683,"url":"https:\/\/www.vita-explorers.dk\/blog\/wp-content\/uploads\/2025\/10\/A_high-resolution_digital_photograph_displays_trav-1024x683.png","type":"image\/png"}],"author":"VITA Tribe","twitter_card":"summary_large_image","twitter_misc":{"Skrevet af":"VITA Tribe","Estimeret l\u00e6setid":"8 minutter"},"schema":{"@context":"https:\/\/schema.org","@graph":[{"@type":"Article","@id":"https:\/\/www.vita-explorers.dk\/blog\/vaccinationer-og-forsikring-til-internationalt-forloeb\/#article","isPartOf":{"@id":"https:\/\/www.vita-explorers.dk\/blog\/vaccinationer-og-forsikring-til-internationalt-forloeb\/"},"author":{"name":"VITA Tribe","@id":"https:\/\/www.vita-explorers.dk\/blog\/#\/schema\/person\/fc0343a2f2db2ebb2793c1f62dbe73f0"},"headline":"Vacciner og forsikring ved internationalt frivilligt arbejde: rejs afsted med ro i maven","datePublished":"2025-10-11T10:37:22+00:00","dateModified":"2025-11-12T17:34:30+00:00","mainEntityOfPage":{"@id":"https:\/\/www.vita-explorers.dk\/blog\/vaccinationer-og-forsikring-til-internationalt-forloeb\/"},"wordCount":1590,"commentCount":0,"publisher":{"@id":"https:\/\/www.vita-explorers.dk\/blog\/#organization"},"image":{"@id":"https:\/\/www.vita-explorers.dk\/blog\/vaccinationer-og-forsikring-til-internationalt-forloeb\/#primaryimage"},"thumbnailUrl":"https:\/\/www.vita-explorers.dk\/blog\/wp-content\/uploads\/2025\/10\/A_high-resolution_digital_photograph_displays_trav.png","articleSection":["Forbered dit ophold!"],"inLanguage":"da-DK","potentialAction":[{"@type":"CommentAction","name":"Comment","target":["https:\/\/www.vita-explorers.dk\/blog\/vaccinationer-og-forsikring-til-internationalt-forloeb\/#respond"]}]},{"@type":"WebPage","@id":"https:\/\/www.vita-explorers.dk\/blog\/vaccinationer-og-forsikring-til-internationalt-forloeb\/","url":"https:\/\/www.vita-explorers.dk\/blog\/vaccinationer-og-forsikring-til-internationalt-forloeb\/","name":"Vacciner og forsikring ved internationale forl\u00f8b: tag afsted med ro i maven","isPartOf":{"@id":"https:\/\/www.vita-explorers.dk\/blog\/#website"},"primaryImageOfPage":{"@id":"https:\/\/www.vita-explorers.dk\/blog\/vaccinationer-og-forsikring-til-internationalt-forloeb\/#primaryimage"},"image":{"@id":"https:\/\/www.vita-explorers.dk\/blog\/vaccinationer-og-forsikring-til-internationalt-forloeb\/#primaryimage"},"thumbnailUrl":"https:\/\/www.vita-explorers.dk\/blog\/wp-content\/uploads\/2025\/10\/A_high-resolution_digital_photograph_displays_trav.png","datePublished":"2025-10-11T10:37:22+00:00","dateModified":"2025-11-12T17:34:30+00:00","description":"Vaccins et assurances en volontariat international : les indispensables sant\u00e9 et s\u00e9curit\u00e9 pour partir l\u2019esprit tranquille \u00e0 l\u2019\u00e9tranger.","breadcrumb":{"@id":"https:\/\/www.vita-explorers.dk\/blog\/vaccinationer-og-forsikring-til-internationalt-forloeb\/#breadcrumb"},"inLanguage":"da-DK","potentialAction":[{"@type":"ReadAction","target":["https:\/\/www.vita-explorers.dk\/blog\/vaccinationer-og-forsikring-til-internationalt-forloeb\/"]}]},{"@type":"ImageObject","inLanguage":"da-DK","@id":"https:\/\/www.vita-explorers.dk\/blog\/vaccinationer-og-forsikring-til-internationalt-forloeb\/#primaryimage","url":"https:\/\/www.vita-explorers.dk\/blog\/wp-content\/uploads\/2025\/10\/A_high-resolution_digital_photograph_displays_trav.png","contentUrl":"https:\/\/www.vita-explorers.dk\/blog\/wp-content\/uploads\/2025\/10\/A_high-resolution_digital_photograph_displays_trav.png","width":1536,"height":1024,"caption":"vaccins et assurances"},{"@type":"BreadcrumbList","@id":"https:\/\/www.vita-explorers.dk\/blog\/vaccinationer-og-forsikring-til-internationalt-forloeb\/#breadcrumb","itemListElement":[{"@type":"ListItem","position":1,"name":"Accueil","item":"https:\/\/www.vita-explorers.dk\/blog\/"},{"@type":"ListItem","position":2,"name":"Vacciner og forsikring ved internationalt frivilligt arbejde: rejs afsted med ro i maven"}]},{"@type":"WebSite","@id":"https:\/\/www.vita-explorers.dk\/blog\/#website","url":"https:\/\/www.vita-explorers.dk\/blog\/","name":"Association Globalong","description":"Frivilligt arbejde, sprogophold, praktik i udlandet og internationale oplevelser","publisher":{"@id":"https:\/\/www.vita-explorers.dk\/blog\/#organization"},"potentialAction":[{"@type":"SearchAction","target":{"@type":"EntryPoint","urlTemplate":"https:\/\/www.vita-explorers.dk\/blog\/?s={search_term_string}"},"query-input":{"@type":"PropertyValueSpecification","valueRequired":true,"valueName":"search_term_string"}}],"inLanguage":"da-DK"},{"@type":"Organization","@id":"https:\/\/www.vita-explorers.dk\/blog\/#organization","name":"Association Globalong","url":"https:\/\/www.vita-explorers.dk\/blog\/","logo":{"@type":"ImageObject","inLanguage":"da-DK","@id":"https:\/\/www.vita-explorers.dk\/blog\/#\/schema\/logo\/image\/","url":"https:\/\/www.globalong.com\/blog\/wp-content\/uploads\/2014\/11\/cropped-cropped-Logo-et-Afrique-Globalong-petite-taille-2.jpg","contentUrl":"https:\/\/www.globalong.com\/blog\/wp-content\/uploads\/2014\/11\/cropped-cropped-Logo-et-Afrique-Globalong-petite-taille-2.jpg","width":512,"height":512,"caption":"Association Globalong"},"image":{"@id":"https:\/\/www.vita-explorers.dk\/blog\/#\/schema\/logo\/image\/"},"sameAs":["https:\/\/www.facebook.com\/globalong"]},{"@type":"Person","@id":"https:\/\/www.vita-explorers.dk\/blog\/#\/schema\/person\/fc0343a2f2db2ebb2793c1f62dbe73f0","name":"VITA Tribe","image":{"@type":"ImageObject","inLanguage":"da-DK","@id":"https:\/\/www.vita-explorers.dk\/blog\/#\/schema\/person\/image\/","url":"https:\/\/secure.gravatar.com\/avatar\/f7f05026bb439d0c96b30e135e5f852c?s=96&d=mm&r=g","contentUrl":"https:\/\/secure.gravatar.com\/avatar\/f7f05026bb439d0c96b30e135e5f852c?s=96&d=mm&r=g","caption":"VITA Tribe"},"sameAs":["http:\/\/www.globalong.com"],"url":"https:\/\/www.vita-explorers.dk\/blog\/author\/teamglobalong\/"}]}},"_links":{"self":[{"href":"https:\/\/www.vita-explorers.dk\/blog\/wp-json\/wp\/v2\/posts\/21978"}],"collection":[{"href":"https:\/\/www.vita-explorers.dk\/blog\/wp-json\/wp\/v2\/posts"}],"about":[{"href":"https:\/\/www.vita-explorers.dk\/blog\/wp-json\/wp\/v2\/types\/post"}],"author":[{"embeddable":true,"href":"https:\/\/www.vita-explorers.dk\/blog\/wp-json\/wp\/v2\/users\/7"}],"replies":[{"embeddable":true,"href":"https:\/\/www.vita-explorers.dk\/blog\/wp-json\/wp\/v2\/comments?post=21978"}],"version-history":[{"count":5,"href":"https:\/\/www.vita-explorers.dk\/blog\/wp-json\/wp\/v2\/posts\/21978\/revisions"}],"predecessor-version":[{"id":22519,"href":"https:\/\/www.vita-explorers.dk\/blog\/wp-json\/wp\/v2\/posts\/21978\/revisions\/22519"}],"wp:featuredmedia":[{"embeddable":true,"href":"https:\/\/www.vita-explorers.dk\/blog\/wp-json\/wp\/v2\/media\/21979"}],"wp:attachment":[{"href":"https:\/\/www.vita-explorers.dk\/blog\/wp-json\/wp\/v2\/media?parent=21978"}],"wp:term":[{"taxonomy":"category","embeddable":true,"href":"https:\/\/www.vita-explorers.dk\/blog\/wp-json\/wp\/v2\/categories?post=21978"},{"taxonomy":"post_tag","embeddable":true,"href":"https:\/\/www.vita-explorers.dk\/blog\/wp-json\/wp\/v2\/tags?post=21978"}],"curies":[{"name":"wp","href":"https:\/\/api.w.org\/{rel}","templated":true}]}}