{"id":220,"date":"2014-03-28T14:26:03","date_gmt":"2014-03-28T13:26:03","guid":{"rendered":"https:\/\/www.globalong.com\/blog\/?p=220"},"modified":"2016-03-20T14:33:16","modified_gmt":"2016-03-20T13:33:16","slug":"sovnens-dag-den-28-marts","status":"publish","type":"post","link":"https:\/\/www.vita-explorers.dk\/blog\/sovnens-dag-den-28-marts\/","title":{"rendered":"S\u00f8vndag: 28. marts"},"content":{"rendered":"<p><strong>Vidste du, at n\u00e5r du bliver 75 \u00e5r, har du tilbragt omkring 25 \u00e5r af dit liv med at sove?<\/strong><\/p>\n<p><img loading=\"lazy\" decoding=\"async\" class=\"alignright size-medium wp-image-221\" src=\"https:\/\/www.vita-explorers.dk\/blog\/wp-content\/uploads\/2014\/03\/sommeil-300x223.jpg\" alt=\"sommeil\" width=\"300\" height=\"223\" srcset=\"https:\/\/www.vita-explorers.dk\/blog\/wp-content\/uploads\/2014\/03\/sommeil-300x223.jpg 300w, https:\/\/www.vita-explorers.dk\/blog\/wp-content\/uploads\/2014\/03\/sommeil-150x111.jpg 150w, https:\/\/www.vita-explorers.dk\/blog\/wp-content\/uploads\/2014\/03\/sommeil.jpg 343w\" sizes=\"(max-width: 300px) 100vw, 300px\" \/><\/p>\n<p>I dag er det Verdens S\u00f8vndag, og det er v\u00e6rd at tale om. For lidt s\u00f8vn kan have alvorlige konsekvenser: v\u00e6gt\u00f8gning, diabetes, mere smerte, depression, forv\u00e6rring af \u00e5ndedr\u00e6ts- samt hjerte-kar-problemer, at falde i s\u00f8vn bag rattet eller p\u00e5 jobbet, lavere performance og udfordringer i relationer\u2026<\/p>\n<p>Institut du Sommeil et de la Vigilance har udgivet et \u201cs\u00f8vn-pas\u201d \u2013 et nyt redskab til at optimere din egen \u201cstrategi for bedre s\u00f8vn\u201d, m\u00e5lrettet alle.<\/p>\n<p>S\u00f8vnproblemer er ikke noget, man bare skal affinde sig med!<\/p>\n<p>Mange med s\u00f8vnproblemer er ikke ordentligt informeret og ser det som en uundg\u00e5elig tilstand, man m\u00e5 l\u00e6re at leve med. Over halvdelen har aldrig talt med en sundhedsprofessionel om problemet. Dagen i dag er en god anledning til at dele viden: din egen l\u00e6ge er stadig den f\u00f8rste, du b\u00f8r tale med \u2013 b\u00e5de om s\u00f8vn og resten af dit helbred.<br \/>\nHer er tre enkle r\u00e5d til at forbedre din s\u00f8vn og f\u00e5 mere energi i hverdagen:<\/p>\n<p>1. Dyrk motion. Motion frigiver dopamin, som kan have en positiv effekt p\u00e5 hum\u00f8ret.<\/p>\n<p>2. Brug planter. I stedet for at gribe direkte til medicin kan du f\u00f8rst pr\u00f8ve urtete eller hom\u00f8opatiske planteprodukter.<\/p>\n<p>3. Undg\u00e5 elektroniske enheder. Studier har vist, at lyset fra disse enheder kan forstyrre s\u00f8vnen.<\/p>\n<p>Lad os derfor f\u00e5 gode vaner, s\u00e5 vi kan fungere bedst muligt hele dagen!<\/p>\n<p><span style=\"text-decoration: underline;\"><a href=\"https:\/\/www.vita-explorers.dk\" target=\"_blank\">Klik her<\/a><\/span> for mere information<\/p>\n<p>Kontakt os p\u00e5 <span style=\"text-decoration: underline;\"><a href=\"mailto:info@globalong.com\">info@globalong.com<\/a><\/span><\/p>\n<p>\u00a0<\/p>\n","protected":false},"excerpt":{"rendered":"<p>Vidste du, at n\u00e5r du bliver 75 \u00e5r, har du tilbragt omkring 25 \u00e5r af dit liv med at sove? I dag er det\u2026<\/p>\n","protected":false},"author":1,"featured_media":221,"comment_status":"open","ping_status":"open","sticky":false,"template":"","format":"standard","meta":{"footnotes":""},"categories":[1,6,3],"tags":[48,47],"yoast_head":"<!-- This site is optimized with the Yoast SEO Premium plugin v23.4 (Yoast SEO v23.4) - https:\/\/yoast.com\/wordpress\/plugins\/seo\/ -->\n<title>S\u00f8vndag: 28. marts - VITA Explorers Blog<\/title>\n<meta name=\"robots\" content=\"index, follow, max-snippet:-1, max-image-preview:large, max-video-preview:-1\" \/>\n<link rel=\"canonical\" href=\"https:\/\/www.vita-explorers.dk\/blog\/sovnens-dag-den-28-marts\/\" \/>\n<meta property=\"og:locale\" content=\"da_DK\" \/>\n<meta property=\"og:type\" content=\"article\" \/>\n<meta property=\"og:title\" content=\"S\u00f8vndag: 28. marts\" \/>\n<meta property=\"og:description\" content=\"Vidste du, at n\u00e5r du bliver 75 \u00e5r, har du tilbragt omkring 25 \u00e5r af dit liv med at sove? I dag er det\u2026\" \/>\n<meta property=\"og:url\" content=\"https:\/\/www.vita-explorers.dk\/blog\/sovnens-dag-den-28-marts\/\" \/>\n<meta property=\"og:site_name\" content=\"VITA Explorers Blog\" \/>\n<meta property=\"article:publisher\" content=\"https:\/\/www.facebook.com\/globalong\" \/>\n<meta property=\"article:published_time\" content=\"2014-03-28T13:26:03+00:00\" \/>\n<meta property=\"article:modified_time\" content=\"2016-03-20T13:33:16+00:00\" \/>\n<meta property=\"og:image\" content=\"https:\/\/www.vita-explorers.dk\/blog\/wp-content\/uploads\/2014\/03\/sommeil.jpg\" \/>\n\t<meta property=\"og:image:width\" content=\"343\" \/>\n\t<meta property=\"og:image:height\" content=\"256\" \/>\n\t<meta property=\"og:image:type\" content=\"image\/jpeg\" \/>\n<meta name=\"author\" content=\"VITA Tribe\" \/>\n<meta name=\"twitter:card\" content=\"summary_large_image\" \/>\n<meta name=\"twitter:label1\" content=\"Skrevet af\" \/>\n\t<meta name=\"twitter:data1\" content=\"VITA Tribe\" \/>\n\t<meta name=\"twitter:label2\" content=\"Estimeret l\u00e6setid\" \/>\n\t<meta name=\"twitter:data2\" content=\"1 minut\" \/>\n<script type=\"application\/ld+json\" class=\"yoast-schema-graph\">{\"@context\":\"https:\/\/schema.org\",\"@graph\":[{\"@type\":\"Article\",\"@id\":\"https:\/\/www.vita-explorers.dk\/blog\/sovnens-dag-den-28-marts\/#article\",\"isPartOf\":{\"@id\":\"https:\/\/www.vita-explorers.dk\/blog\/sovnens-dag-den-28-marts\/\"},\"author\":{\"name\":\"VITA Tribe\",\"@id\":\"https:\/\/www.vita-explorers.dk\/blog\/#\/schema\/person\/d7df267b64f23018d1dc519e78fb2735\"},\"headline\":\"S\u00f8vndag: 28. marts\",\"datePublished\":\"2014-03-28T13:26:03+00:00\",\"dateModified\":\"2016-03-20T13:33:16+00:00\",\"mainEntityOfPage\":{\"@id\":\"https:\/\/www.vita-explorers.dk\/blog\/sovnens-dag-den-28-marts\/\"},\"wordCount\":275,\"commentCount\":0,\"publisher\":{\"@id\":\"https:\/\/www.vita-explorers.dk\/blog\/#organization\"},\"image\":{\"@id\":\"https:\/\/www.vita-explorers.dk\/blog\/sovnens-dag-den-28-marts\/#primaryimage\"},\"thumbnailUrl\":\"https:\/\/www.vita-explorers.dk\/blog\/wp-content\/uploads\/2014\/03\/sommeil.jpg\",\"keywords\":[\"journ\u00e9e\",\"Sommeil\"],\"articleSection\":[\"No Name\",\"Nyheder\",\"Rejser - generelle oplysninger\"],\"inLanguage\":\"da-DK\",\"potentialAction\":[{\"@type\":\"CommentAction\",\"name\":\"Comment\",\"target\":[\"https:\/\/www.vita-explorers.dk\/blog\/sovnens-dag-den-28-marts\/#respond\"]}]},{\"@type\":\"WebPage\",\"@id\":\"https:\/\/www.vita-explorers.dk\/blog\/sovnens-dag-den-28-marts\/\",\"url\":\"https:\/\/www.vita-explorers.dk\/blog\/sovnens-dag-den-28-marts\/\",\"name\":\"S\u00f8vndag: 28. marts - VITA Explorers Blog\",\"isPartOf\":{\"@id\":\"https:\/\/www.vita-explorers.dk\/blog\/#website\"},\"primaryImageOfPage\":{\"@id\":\"https:\/\/www.vita-explorers.dk\/blog\/sovnens-dag-den-28-marts\/#primaryimage\"},\"image\":{\"@id\":\"https:\/\/www.vita-explorers.dk\/blog\/sovnens-dag-den-28-marts\/#primaryimage\"},\"thumbnailUrl\":\"https:\/\/www.vita-explorers.dk\/blog\/wp-content\/uploads\/2014\/03\/sommeil.jpg\",\"datePublished\":\"2014-03-28T13:26:03+00:00\",\"dateModified\":\"2016-03-20T13:33:16+00:00\",\"breadcrumb\":{\"@id\":\"https:\/\/www.vita-explorers.dk\/blog\/sovnens-dag-den-28-marts\/#breadcrumb\"},\"inLanguage\":\"da-DK\",\"potentialAction\":[{\"@type\":\"ReadAction\",\"target\":[\"https:\/\/www.vita-explorers.dk\/blog\/sovnens-dag-den-28-marts\/\"]}]},{\"@type\":\"ImageObject\",\"inLanguage\":\"da-DK\",\"@id\":\"https:\/\/www.vita-explorers.dk\/blog\/sovnens-dag-den-28-marts\/#primaryimage\",\"url\":\"https:\/\/www.vita-explorers.dk\/blog\/wp-content\/uploads\/2014\/03\/sommeil.jpg\",\"contentUrl\":\"https:\/\/www.vita-explorers.dk\/blog\/wp-content\/uploads\/2014\/03\/sommeil.jpg\",\"width\":343,\"height\":256},{\"@type\":\"BreadcrumbList\",\"@id\":\"https:\/\/www.vita-explorers.dk\/blog\/sovnens-dag-den-28-marts\/#breadcrumb\",\"itemListElement\":[{\"@type\":\"ListItem\",\"position\":1,\"name\":\"Accueil\",\"item\":\"https:\/\/www.vita-explorers.dk\/blog\/\"},{\"@type\":\"ListItem\",\"position\":2,\"name\":\"S\u00f8vndag: 28. marts\"}]},{\"@type\":\"WebSite\",\"@id\":\"https:\/\/www.vita-explorers.dk\/blog\/#website\",\"url\":\"https:\/\/www.vita-explorers.dk\/blog\/\",\"name\":\"Association Globalong\",\"description\":\"Frivilligt arbejde, sprogophold, praktik i udlandet og internationale oplevelser\",\"publisher\":{\"@id\":\"https:\/\/www.vita-explorers.dk\/blog\/#organization\"},\"potentialAction\":[{\"@type\":\"SearchAction\",\"target\":{\"@type\":\"EntryPoint\",\"urlTemplate\":\"https:\/\/www.vita-explorers.dk\/blog\/?s={search_term_string}\"},\"query-input\":{\"@type\":\"PropertyValueSpecification\",\"valueRequired\":true,\"valueName\":\"search_term_string\"}}],\"inLanguage\":\"da-DK\"},{\"@type\":\"Organization\",\"@id\":\"https:\/\/www.vita-explorers.dk\/blog\/#organization\",\"name\":\"Association Globalong\",\"url\":\"https:\/\/www.vita-explorers.dk\/blog\/\",\"logo\":{\"@type\":\"ImageObject\",\"inLanguage\":\"da-DK\",\"@id\":\"https:\/\/www.vita-explorers.dk\/blog\/#\/schema\/logo\/image\/\",\"url\":\"https:\/\/www.globalong.com\/blog\/wp-content\/uploads\/2014\/11\/cropped-cropped-Logo-et-Afrique-Globalong-petite-taille-2.jpg\",\"contentUrl\":\"https:\/\/www.globalong.com\/blog\/wp-content\/uploads\/2014\/11\/cropped-cropped-Logo-et-Afrique-Globalong-petite-taille-2.jpg\",\"width\":512,\"height\":512,\"caption\":\"Association Globalong\"},\"image\":{\"@id\":\"https:\/\/www.vita-explorers.dk\/blog\/#\/schema\/logo\/image\/\"},\"sameAs\":[\"https:\/\/www.facebook.com\/globalong\"]},{\"@type\":\"Person\",\"@id\":\"https:\/\/www.vita-explorers.dk\/blog\/#\/schema\/person\/d7df267b64f23018d1dc519e78fb2735\",\"name\":\"VITA Tribe\",\"image\":{\"@type\":\"ImageObject\",\"inLanguage\":\"da-DK\",\"@id\":\"https:\/\/www.vita-explorers.dk\/blog\/#\/schema\/person\/image\/\",\"url\":\"https:\/\/secure.gravatar.com\/avatar\/81461bcc213d0ff2bdc043d4206648f0?s=96&d=mm&r=g\",\"contentUrl\":\"https:\/\/secure.gravatar.com\/avatar\/81461bcc213d0ff2bdc043d4206648f0?s=96&d=mm&r=g\",\"caption\":\"VITA Tribe\"},\"sameAs\":[\"https:\/\/www.globalong.com\"],\"url\":\"https:\/\/www.vita-explorers.dk\/blog\/author\/sophie\/\"}]}<\/script>\n<!-- \/ Yoast SEO Premium plugin. -->","yoast_head_json":{"title":"S\u00f8vndag: 28. marts - VITA Explorers Blog","robots":{"index":"index","follow":"follow","max-snippet":"max-snippet:-1","max-image-preview":"max-image-preview:large","max-video-preview":"max-video-preview:-1"},"canonical":"https:\/\/www.vita-explorers.dk\/blog\/sovnens-dag-den-28-marts\/","og_locale":"da_DK","og_type":"article","og_title":"S\u00f8vndag: 28. marts","og_description":"Vidste du, at n\u00e5r du bliver 75 \u00e5r, har du tilbragt omkring 25 \u00e5r af dit liv med at sove? I dag er det\u2026","og_url":"https:\/\/www.vita-explorers.dk\/blog\/sovnens-dag-den-28-marts\/","og_site_name":"VITA Explorers Blog","article_publisher":"https:\/\/www.facebook.com\/globalong","article_published_time":"2014-03-28T13:26:03+00:00","article_modified_time":"2016-03-20T13:33:16+00:00","og_image":[{"width":343,"height":256,"url":"https:\/\/www.vita-explorers.dk\/blog\/wp-content\/uploads\/2014\/03\/sommeil.jpg","type":"image\/jpeg"}],"author":"VITA Tribe","twitter_card":"summary_large_image","twitter_misc":{"Skrevet af":"VITA Tribe","Estimeret l\u00e6setid":"1 minut"},"schema":{"@context":"https:\/\/schema.org","@graph":[{"@type":"Article","@id":"https:\/\/www.vita-explorers.dk\/blog\/sovnens-dag-den-28-marts\/#article","isPartOf":{"@id":"https:\/\/www.vita-explorers.dk\/blog\/sovnens-dag-den-28-marts\/"},"author":{"name":"VITA Tribe","@id":"https:\/\/www.vita-explorers.dk\/blog\/#\/schema\/person\/d7df267b64f23018d1dc519e78fb2735"},"headline":"S\u00f8vndag: 28. marts","datePublished":"2014-03-28T13:26:03+00:00","dateModified":"2016-03-20T13:33:16+00:00","mainEntityOfPage":{"@id":"https:\/\/www.vita-explorers.dk\/blog\/sovnens-dag-den-28-marts\/"},"wordCount":275,"commentCount":0,"publisher":{"@id":"https:\/\/www.vita-explorers.dk\/blog\/#organization"},"image":{"@id":"https:\/\/www.vita-explorers.dk\/blog\/sovnens-dag-den-28-marts\/#primaryimage"},"thumbnailUrl":"https:\/\/www.vita-explorers.dk\/blog\/wp-content\/uploads\/2014\/03\/sommeil.jpg","keywords":["journ\u00e9e","Sommeil"],"articleSection":["No Name","Nyheder","Rejser - generelle oplysninger"],"inLanguage":"da-DK","potentialAction":[{"@type":"CommentAction","name":"Comment","target":["https:\/\/www.vita-explorers.dk\/blog\/sovnens-dag-den-28-marts\/#respond"]}]},{"@type":"WebPage","@id":"https:\/\/www.vita-explorers.dk\/blog\/sovnens-dag-den-28-marts\/","url":"https:\/\/www.vita-explorers.dk\/blog\/sovnens-dag-den-28-marts\/","name":"S\u00f8vndag: 28. marts - VITA Explorers Blog","isPartOf":{"@id":"https:\/\/www.vita-explorers.dk\/blog\/#website"},"primaryImageOfPage":{"@id":"https:\/\/www.vita-explorers.dk\/blog\/sovnens-dag-den-28-marts\/#primaryimage"},"image":{"@id":"https:\/\/www.vita-explorers.dk\/blog\/sovnens-dag-den-28-marts\/#primaryimage"},"thumbnailUrl":"https:\/\/www.vita-explorers.dk\/blog\/wp-content\/uploads\/2014\/03\/sommeil.jpg","datePublished":"2014-03-28T13:26:03+00:00","dateModified":"2016-03-20T13:33:16+00:00","breadcrumb":{"@id":"https:\/\/www.vita-explorers.dk\/blog\/sovnens-dag-den-28-marts\/#breadcrumb"},"inLanguage":"da-DK","potentialAction":[{"@type":"ReadAction","target":["https:\/\/www.vita-explorers.dk\/blog\/sovnens-dag-den-28-marts\/"]}]},{"@type":"ImageObject","inLanguage":"da-DK","@id":"https:\/\/www.vita-explorers.dk\/blog\/sovnens-dag-den-28-marts\/#primaryimage","url":"https:\/\/www.vita-explorers.dk\/blog\/wp-content\/uploads\/2014\/03\/sommeil.jpg","contentUrl":"https:\/\/www.vita-explorers.dk\/blog\/wp-content\/uploads\/2014\/03\/sommeil.jpg","width":343,"height":256},{"@type":"BreadcrumbList","@id":"https:\/\/www.vita-explorers.dk\/blog\/sovnens-dag-den-28-marts\/#breadcrumb","itemListElement":[{"@type":"ListItem","position":1,"name":"Accueil","item":"https:\/\/www.vita-explorers.dk\/blog\/"},{"@type":"ListItem","position":2,"name":"S\u00f8vndag: 28. marts"}]},{"@type":"WebSite","@id":"https:\/\/www.vita-explorers.dk\/blog\/#website","url":"https:\/\/www.vita-explorers.dk\/blog\/","name":"Association Globalong","description":"Frivilligt arbejde, sprogophold, praktik i udlandet og internationale oplevelser","publisher":{"@id":"https:\/\/www.vita-explorers.dk\/blog\/#organization"},"potentialAction":[{"@type":"SearchAction","target":{"@type":"EntryPoint","urlTemplate":"https:\/\/www.vita-explorers.dk\/blog\/?s={search_term_string}"},"query-input":{"@type":"PropertyValueSpecification","valueRequired":true,"valueName":"search_term_string"}}],"inLanguage":"da-DK"},{"@type":"Organization","@id":"https:\/\/www.vita-explorers.dk\/blog\/#organization","name":"Association Globalong","url":"https:\/\/www.vita-explorers.dk\/blog\/","logo":{"@type":"ImageObject","inLanguage":"da-DK","@id":"https:\/\/www.vita-explorers.dk\/blog\/#\/schema\/logo\/image\/","url":"https:\/\/www.globalong.com\/blog\/wp-content\/uploads\/2014\/11\/cropped-cropped-Logo-et-Afrique-Globalong-petite-taille-2.jpg","contentUrl":"https:\/\/www.globalong.com\/blog\/wp-content\/uploads\/2014\/11\/cropped-cropped-Logo-et-Afrique-Globalong-petite-taille-2.jpg","width":512,"height":512,"caption":"Association Globalong"},"image":{"@id":"https:\/\/www.vita-explorers.dk\/blog\/#\/schema\/logo\/image\/"},"sameAs":["https:\/\/www.facebook.com\/globalong"]},{"@type":"Person","@id":"https:\/\/www.vita-explorers.dk\/blog\/#\/schema\/person\/d7df267b64f23018d1dc519e78fb2735","name":"VITA Tribe","image":{"@type":"ImageObject","inLanguage":"da-DK","@id":"https:\/\/www.vita-explorers.dk\/blog\/#\/schema\/person\/image\/","url":"https:\/\/secure.gravatar.com\/avatar\/81461bcc213d0ff2bdc043d4206648f0?s=96&d=mm&r=g","contentUrl":"https:\/\/secure.gravatar.com\/avatar\/81461bcc213d0ff2bdc043d4206648f0?s=96&d=mm&r=g","caption":"VITA Tribe"},"sameAs":["https:\/\/www.globalong.com"],"url":"https:\/\/www.vita-explorers.dk\/blog\/author\/sophie\/"}]}},"_links":{"self":[{"href":"https:\/\/www.vita-explorers.dk\/blog\/wp-json\/wp\/v2\/posts\/220"}],"collection":[{"href":"https:\/\/www.vita-explorers.dk\/blog\/wp-json\/wp\/v2\/posts"}],"about":[{"href":"https:\/\/www.vita-explorers.dk\/blog\/wp-json\/wp\/v2\/types\/post"}],"author":[{"embeddable":true,"href":"https:\/\/www.vita-explorers.dk\/blog\/wp-json\/wp\/v2\/users\/1"}],"replies":[{"embeddable":true,"href":"https:\/\/www.vita-explorers.dk\/blog\/wp-json\/wp\/v2\/comments?post=220"}],"version-history":[{"count":3,"href":"https:\/\/www.vita-explorers.dk\/blog\/wp-json\/wp\/v2\/posts\/220\/revisions"}],"predecessor-version":[{"id":1756,"href":"https:\/\/www.vita-explorers.dk\/blog\/wp-json\/wp\/v2\/posts\/220\/revisions\/1756"}],"wp:featuredmedia":[{"embeddable":true,"href":"https:\/\/www.vita-explorers.dk\/blog\/wp-json\/wp\/v2\/media\/221"}],"wp:attachment":[{"href":"https:\/\/www.vita-explorers.dk\/blog\/wp-json\/wp\/v2\/media?parent=220"}],"wp:term":[{"taxonomy":"category","embeddable":true,"href":"https:\/\/www.vita-explorers.dk\/blog\/wp-json\/wp\/v2\/categories?post=220"},{"taxonomy":"post_tag","embeddable":true,"href":"https:\/\/www.vita-explorers.dk\/blog\/wp-json\/wp\/v2\/tags?post=220"}],"curies":[{"name":"wp","href":"https:\/\/api.w.org\/{rel}","templated":true}]}}