{"id":22018,"date":"2025-10-16T07:00:37","date_gmt":"2025-10-16T05:00:37","guid":{"rendered":"https:\/\/www.globalong.com\/blog\/?p=22018"},"modified":"2025-10-29T16:18:49","modified_gmt":"2025-10-29T15:18:49","slug":"verdens-foedevare-dag","status":"publish","type":"post","link":"https:\/\/www.vita-explorers.dk\/blog\/verdens-foedevare-dag\/","title":{"rendered":"Verdens f\u00f8devaredag: sammen mod sult"},"content":{"rendered":"<article style=\"text-align: justify;\">\n<h1><strong>Verdens F\u00f8devaredag: sammen mod sult<\/strong><\/h1>\n<p>Hvert \u00e5r markerer <strong>16. oktober<\/strong> <strong>Verdens F\u00f8devaredag<\/strong>. Datoen er etableret af <strong>FAO<\/strong> (<a href=\"https:\/\/www.vita-explorers.dk\/blog\/FN-dag for internationalt engagement\/\" target=\"_blank\" rel=\"noopener\">FN\u2019s organisation<\/a> for f\u00f8devarer og landbrug) som en p\u00e5mindelse om et enkelt budskab: alle skal have mulighed for at spise sig m\u00e6tte. Dagen inviterer verden til at se p\u00e5 vores vaner og handle for <strong>f\u00f8devaresikkerhed<\/strong> og <strong>kampen mod sult<\/strong>.<\/p>\n<p>\u201cMad er en rettighed, ikke et privilegium\u201d, understreger FAO. Trods fremskridt lever mere end 735 millioner mennesker stadig med sult. Med det udgangspunkt bliver <strong>Verdens F\u00f8devaredag<\/strong> en tydelig opfordring til solidaritet og f\u00e6lles ansvar.<\/p>\n<h2><\/h2>\n<h2>Indhold<\/h2>\n<ul>\n<li><a href=\"#importance\">Derfor er Verdens F\u00f8devaredag vigtig<\/a><\/li>\n<li><a href=\"#enjeux\">De vigtigste udfordringer for f\u00f8devaresikkerhed<\/a><\/li>\n<li><a href=\"#solidarite\">Solidariske indsatser for en verden uden sult<\/a><\/li>\n<\/ul>\n<\/article>\n<h2 style=\"text-align: justify;\"><\/h2>\n<p style=\"text-align: justify;\"><a href=\"https:\/\/www.vita-explorers.dk\/blog\/wp-content\/uploads\/2016\/10\/Pre\u0301paration-cuisine-Globalong-Afrique.jpg\"><img loading=\"lazy\" decoding=\"async\" class=\"size-medium wp-image-5591 aligncenter\" src=\"https:\/\/www.vita-explorers.dk\/blog\/wp-content\/uploads\/2016\/10\/Pre\u0301paration-cuisine-Globalong-Afrique-300x200.jpg\" alt=\"humanit\u00e6re programmer i Madagascar Globalong\" width=\"300\" height=\"200\" srcset=\"https:\/\/www.vita-explorers.dk\/blog\/wp-content\/uploads\/2016\/10\/Pre\u0301paration-cuisine-Globalong-Afrique-300x200.jpg 300w, https:\/\/www.vita-explorers.dk\/blog\/wp-content\/uploads\/2016\/10\/Pre\u0301paration-cuisine-Globalong-Afrique-768x512.jpg 768w, https:\/\/www.vita-explorers.dk\/blog\/wp-content\/uploads\/2016\/10\/Pre\u0301paration-cuisine-Globalong-Afrique-1024x683.jpg 1024w, https:\/\/www.vita-explorers.dk\/blog\/wp-content\/uploads\/2016\/10\/Pre\u0301paration-cuisine-Globalong-Afrique-150x100.jpg 150w\" sizes=\"(max-width: 300px) 100vw, 300px\" \/><\/a><\/p>\n<article style=\"text-align: justify;\">\n<h2 id=\"importance\">Derfor er Verdens F\u00f8devaredag vigtig<\/h2>\n<p>Dagen blev etableret i 1979 og s\u00e6tter hvert \u00e5r fokus p\u00e5 et nyt tema. Den skaber opm\u00e6rksomhed om <strong>f\u00f8devaresikkerhed<\/strong> og <strong>b\u00e6redygtig ern\u00e6ring<\/strong>. Det handler nemlig ikke kun om at f\u00e5 nok at spise, men ogs\u00e5 om at maden er sund og produceret ansvarligt. Det er afg\u00f8rende for b\u00e5de vores helbred og planeten.<\/p>\n<p><strong>Verdens F\u00f8devaredag<\/strong> minder os om, at adgang til en balanceret kost er en menneskeret. Den samler regeringer, organisationer og borgere om et f\u00e6lles m\u00e5l: at sikre en retf\u00e6rdig og b\u00e6redygtig f\u00f8devareforsyning. Samtidig s\u00e6tter dagen fokus p\u00e5 ansvarlig produktion, mindre madspild og st\u00f8rre social retf\u00e6rdighed.<\/p>\n<h3><strong>Et symbol p\u00e5 globalt f\u00e6llesskab<\/strong><\/h3>\n<p>Hvert land markerer dagen p\u00e5 sin egen m\u00e5de. Nogle arrangerer f\u00e6llesspisninger, andre laver undervisningsaktiviteter eller informationskampagner. F\u00e6lles for initiativerne er \u00f8nsket om mere fair adgang til mad. Med <strong>Verdens F\u00f8devaredag<\/strong> samles millioner hvert \u00e5r om en sag, der ang\u00e5r os alle.<\/p>\n<h3><strong>En f\u00e6lles bevidsthed<\/strong><\/h3>\n<p>Dagen viser, at alle kan bidrage. At k\u00f8be lokalt, mindske madspild, bruge rester eller st\u00f8tte solide indsatser: hver handling t\u00e6ller. N\u00e5r mange g\u00f8r lidt, skaber det en reel forskel. Det er netop tanken om en f\u00e6lles indsats, der giver <strong>Verdens F\u00f8devaredag<\/strong> sin betydning.<\/p>\n<h2><\/h2>\n<h2 id=\"enjeux\">De vigtigste udfordringer for f\u00f8devaresikkerhed<\/h2>\n<p>F\u00f8devaresikkerhed bygger p\u00e5 fire grundpiller: tilg\u00e6ngelighed, adgang, anvendelse og stabilitet. Det er derfor ikke nok, at der findes mad; den skal ogs\u00e5 kunne n\u00e5 ud til mennesker og v\u00e6re n\u00e6rende. Klimakriser, konflikter og ulighed presser dog balancen i mange lande.<\/p>\n<p>For at im\u00f8deg\u00e5 udfordringerne fremh\u00e6ver <strong>Verdens F\u00f8devaredag<\/strong> <strong><a href=\"https:\/\/www.vita-explorers.dk\/blog\/ansvarlig-rejse\/\" target=\"_blank\" rel=\"noopener\">ansvarligt<\/a> landbrug<\/strong> og lokale l\u00f8sninger. N\u00e5r b\u00e6redygtige metoder styrkes, sm\u00e5 producenter st\u00f8ttes, og lokale v\u00e6rdik\u00e6der udvikles, \u00f8ges modstandskraften i lokalsamfund. P\u00e5 den m\u00e5de kan flere blive en del af forandringen.<\/p>\n<p>\u00c5rets tema hos FAO s\u00e6tter fokus p\u00e5 \u201c<a href=\"https:\/\/www.vita-explorers.dk\/blog\/projekt-sibra-projekt-om-etablering-af-et-vandforsyningssystem-i-nepal\/\" target=\"_blank\" rel=\"noopener\">vand<\/a>, en kilde til liv og f\u00f8devaresikkerhed\u201d. Adgang til vand er afg\u00f8rende for landbrugsproduktion og folkesundhed. Derfor er b\u00e6redygtig vandforvaltning central i indsatsen mod sult.<\/p>\n<p>Endelig peger dagen ogs\u00e5 p\u00e5 betydningen af <strong>internationale forl\u00f8b<\/strong>. Mange initiativer, som dem VITA st\u00f8tter, bidrager til bedre madgrundlag: skolek\u00f8kkenhaver, undervisning i ern\u00e6ring eller st\u00f8tte til lokale landbrug. De konkrete indsatser er med til at bygge mere robuste l\u00f8sninger p\u00e5 sigt.<\/p>\n<\/article>\n<p style=\"text-align: justify;\"><a href=\"https:\/\/www.vita-explorers.dk\/blog\/wp-content\/uploads\/2024\/02\/Sophie-leve-des-fonds-pour-un-dispensaire-au-Togo.png\"><img loading=\"lazy\" decoding=\"async\" class=\"size-medium wp-image-15980 aligncenter\" src=\"https:\/\/www.vita-explorers.dk\/blog\/wp-content\/uploads\/2024\/02\/Sophie-leve-des-fonds-pour-un-dispensaire-au-Togo-300x300.png\" alt=\"Sophie medlem af VITA i Togo\" width=\"300\" height=\"300\" srcset=\"https:\/\/www.vita-explorers.dk\/blog\/wp-content\/uploads\/2024\/02\/Sophie-leve-des-fonds-pour-un-dispensaire-au-Togo-300x300.png 300w, https:\/\/www.vita-explorers.dk\/blog\/wp-content\/uploads\/2024\/02\/Sophie-leve-des-fonds-pour-un-dispensaire-au-Togo-1024x1024.png 1024w, https:\/\/www.vita-explorers.dk\/blog\/wp-content\/uploads\/2024\/02\/Sophie-leve-des-fonds-pour-un-dispensaire-au-Togo-150x150.png 150w, https:\/\/www.vita-explorers.dk\/blog\/wp-content\/uploads\/2024\/02\/Sophie-leve-des-fonds-pour-un-dispensaire-au-Togo-768x768.png 768w, https:\/\/www.vita-explorers.dk\/blog\/wp-content\/uploads\/2024\/02\/Sophie-leve-des-fonds-pour-un-dispensaire-au-Togo.png 1080w\" sizes=\"(max-width: 300px) 100vw, 300px\" \/><\/a><\/p>\n<article style=\"text-align: justify;\">\n<h2 id=\"solidarite\">Solidariske indsatser for en verden uden sult<\/h2>\n<p><strong>Verdens F\u00f8devaredag<\/strong> s\u00e6tter fokus p\u00e5 mange projekter p\u00e5 tv\u00e6rs af kontinenter. De viser, at man kan handle \u2013 ogs\u00e5 med begr\u00e6nsede midler. Indsatserne bygger p\u00e5 solidaritet, <a href=\"https:\/\/www.vita-explorers.dk\/blog\/frivilligt-arbejde-inden-for-uddannelse-i-udlandet\/\" target=\"_blank\" rel=\"noopener\">uddannelse<\/a> og viljen til mere ansvarlige vaner. Derfor kan alle finde en m\u00e5de at bidrage p\u00e5.<\/p>\n<h3><strong>Undervisning, der styrker sund mad<\/strong><\/h3>\n<p>I flere lande l\u00e6rer b\u00f8rn allerede i skolen grundprincipperne i en <strong>balanceret kost<\/strong>. Haveworkshops og f\u00e6lles m\u00e5ltider g\u00f8r det konkret og legende at forst\u00e5 v\u00e6rdien af frugt, gr\u00f8nt og variation. Den slags enkle aktiviteter styrker folkesundheden og kan p\u00e5 sigt \u00f8ge selvforsyning.<\/p>\n<p>Samtidig spiller l\u00e6rere og lokale organisationer en vigtig rolle. De deler praktiske r\u00e5d: hvordan man mindsker madspild, handler lokalt eller laver mad med s\u00e6sonens r\u00e5varer. P\u00e5 den m\u00e5de bliver uddannelse et helt konkret redskab til at styrke <strong>f\u00f8devaresikkerhed<\/strong> globalt. N\u00e5r vi forst\u00e5r, hvad vi spiser, bliver det lettere at passe p\u00e5 b\u00e5de vores helbred og milj\u00f8.<\/p>\n<h3><strong>Mere b\u00e6redygtigt landbrug<\/strong><\/h3>\n<p>Hvis verden skal m\u00e6ttes p\u00e5 en holdbar m\u00e5de, skal vi t\u00e6nke produktion anderledes. <strong>Ansvarligt landbrug<\/strong> kan mindske brugen af pesticider, beskytte jorden og styrke biodiversiteten. Det gavner is\u00e6r sm\u00e5 producenter, som ofte rammes h\u00e5rdt af klimaforandringer.<\/p>\n<p>I nogle landsbyer handler tr\u00e6ning om at forbedre h\u00f8sten uden at udt\u00f8mme naturens ressourcer. Kompostering, s\u00e6dskifte og mere sk\u00e5nsom vanding er konkrete eksempler. Med s\u00e5danne metoder kan udbyttet stige, samtidig med at naturen respekteres. Samtidig kan lokale l\u00f8sninger skabe job og styrke f\u00e6llesskabet.<\/p>\n<h3><strong>Projekter drevet af deltagere<\/strong><\/h3>\n<p><strong>Verdens F\u00f8devaredag<\/strong> anerkender ogs\u00e5 indsatsen fra deltagere i <strong>frivilligt arbejde<\/strong> i udlandet. Mange steder bidrager de til forl\u00f8b, der knytter sig til b\u00e6redygtig udvikling: etablering af k\u00f8kkenhaver, m\u00e5ltidsindsatser eller st\u00f8tte til familier i landdistrikter. Det kan styrke f\u00e6llesskab p\u00e5 tv\u00e6rs og give lokale indsatser mere gennemslagskraft.<\/p>\n<p>Hos VITA engagerer mange VITA Explorers sig i projekter, der drives lokalt. Nogle er med til at st\u00f8tte etableringen af \u00f8kologiske haver. Andre faciliterer workshops om ern\u00e6ring, lokal madlavning eller f\u00f8devarehygiejne. Forl\u00f8bene kan styrke b\u00e5de tillid og handlekraft \u2013 og samtidig give en meningsfuld kulturudveksling.<\/p>\n<h3><strong>Mere retf\u00e6rdig og solidarisk adgang til mad<\/strong><\/h3>\n<p>Sult er ikke uundg\u00e5eligt. Sammen kan vi bygge et f\u00f8devaresystem, der er mere retf\u00e6rdigt og mere respektfuldt over for mennesker og natur. Ved at st\u00f8tte lokal handel, mindske spild og eftersp\u00f8rge etisk produktion kan alle blive en del af forandringen. Samtidig arbejder internationale institutioner som FAO og Verdensf\u00f8devareprogrammet med store indsatser for at st\u00f8tte de mest udsatte.<\/p>\n<p><strong>Verdens F\u00f8devaredag<\/strong> minder os om, at l\u00f8sningen kr\u00e6ver f\u00e6lles handling. Regeringer, virksomheder og borgere deler ansvaret. N\u00e5r lokale initiativer l\u00f8ftes, kan de skabe globale resultater.<\/p>\n<\/article>\n<article style=\"text-align: justify;\">\n<h2><\/h2>\n<h2>S\u00e5dan kan du handle for bedre madvaner<\/h2>\n<p><strong>Verdens F\u00f8devaredag<\/strong> er ikke kun en symbolsk markering. Den inviterer os til at g\u00f8re noget i praksis. Der findes mange m\u00e5der at bidrage p\u00e5: sm\u00e5 \u00e6ndringer i hverdagen, st\u00f8tte til solidariske indsatser eller engagement i et internationalt forl\u00f8b. Selv det beskedne g\u00f8r en forskel.<\/p>\n<h3><strong>Sm\u00e5 handlinger i hverdagen<\/strong><\/h3>\n<p>Bedre madvaner starter ofte derhjemme. N\u00e5r du v\u00e6lger lokale varer, prioriterer s\u00e6sonens frugt og gr\u00f8nt eller f\u00e5r brugt dine rester, reducerer du madspild. Hvert m\u00e5ltid, der planl\u00e6gges og laves med omtanke, kan v\u00e6re et ansvarligt valg. Samtidig kan k\u00f8b hos lokale producenter styrke n\u00e6romr\u00e5det og mindske klimaaftrykket fra transport.<\/p>\n<p>Det er ogs\u00e5 v\u00e6rdifuldt at l\u00e6re at l\u00e6se varedeklarationer. N\u00e5r vi forst\u00e5r, hvad vi spiser, bliver det lettere at v\u00e6lge sundere produkter. S\u00e5 passer vi p\u00e5 os selv og st\u00f8tter mere etiske produktionsformer.<\/p>\n<h3><strong>St\u00f8t solidariske initiativer<\/strong><\/h3>\n<p>Mange organisationer arbejder hver dag for at styrke <strong>f\u00f8devaresikkerhed<\/strong> globalt. Nogle uddeler m\u00e5ltider, andre tr\u00e6ner landbrugsteknikker eller etablerer f\u00e6lleshaver. Indsatser t\u00e6t p\u00e5 hverdagen kan have stor effekt, fordi de st\u00f8tter selvst\u00e6ndighed og social inklusion. Samtidig inspirerer de ofte flere til at engagere sig.<\/p>\n<p>At blive en del af en NGO eller et internationalt forl\u00f8b kan v\u00e6re en konkret m\u00e5de at bidrage p\u00e5. Hos VITA er der muligheder inden for mad, ern\u00e6ring og b\u00e6redygtige hverdagsl\u00f8sninger. Uanset om forl\u00f8bet er i Afrika, Asien eller Latinamerika, kan deltagere st\u00f8tte aktiviteter som k\u00f8kkenhaver, ern\u00e6ringsundervisning og indsatser rettet mod unge. Det er erfaringer, der kan s\u00e6tte spor \u2013 b\u00e5de i lokalsamfund og hos den enkelte deltager.<\/p>\n<h3><strong>Oplevelse: at give mad til andre kan ogs\u00e5 give noget tilbage<\/strong><\/h3>\n<blockquote>\n<p style=\"text-align: justify;\"><em>\u201cUnder mit ophold i Kenya var jeg med til at etablere en f\u00e6lleshave. I starten troede jeg, at det mest handlede om at plante gr\u00f8ntsager. Men jeg forstod hurtigt, at projektet var meget mere end det. For beboerne var haven en kilde til h\u00e5b og stolthed. Sammen l\u00e6rte vi nye dyrkningsmetoder, delte h\u00f8sten og blev bedre til at forvalte vandet. Det \u00e6ndrede mig p\u00e5 en m\u00e5de, jeg ikke havde forventet.\u201d<\/em> \u2013 <strong>Cl\u00e9mence, VITA Explorer<\/strong><\/p>\n<\/blockquote>\n<p>Som Cl\u00e9mence er der mange deltagere, der engagerer sig i projekter, hvor solidaritet bliver noget praktisk og n\u00e6rv\u00e6rende. P\u00e5 den m\u00e5de f\u00e5r <strong>Verdens F\u00f8devaredag<\/strong> liv i hverdagen og bliver til konkret handling.<\/p>\n<\/article>\n<h2 style=\"text-align: justify;\"><\/h2>\n<p style=\"text-align: justify;\"><a href=\"https:\/\/www.vita-explorers.dk\/blog\/wp-content\/uploads\/2023\/06\/mission-humanitaire-en-thailande.jpg\"><img loading=\"lazy\" decoding=\"async\" class=\"size-medium wp-image-15456 aligncenter\" src=\"https:\/\/www.vita-explorers.dk\/blog\/wp-content\/uploads\/2023\/06\/mission-humanitaire-en-thailande-300x225.jpg\" alt=\"\" width=\"300\" height=\"225\" srcset=\"https:\/\/www.vita-explorers.dk\/blog\/wp-content\/uploads\/2023\/06\/mission-humanitaire-en-thailande-300x225.jpg 300w, https:\/\/www.vita-explorers.dk\/blog\/wp-content\/uploads\/2023\/06\/mission-humanitaire-en-thailande-1024x768.jpg 1024w, https:\/\/www.vita-explorers.dk\/blog\/wp-content\/uploads\/2023\/06\/mission-humanitaire-en-thailande-768x576.jpg 768w, https:\/\/www.vita-explorers.dk\/blog\/wp-content\/uploads\/2023\/06\/mission-humanitaire-en-thailande-1536x1152.jpg 1536w, https:\/\/www.vita-explorers.dk\/blog\/wp-content\/uploads\/2023\/06\/mission-humanitaire-en-thailande.jpg 1600w\" sizes=\"(max-width: 300px) 100vw, 300px\" \/><\/a><\/p>\n<article style=\"text-align: justify;\">\n<h2 style=\"text-align: justify;\">FAQ \u2013 Verdens F\u00f8devaredag<\/h2>\n<h3 style=\"text-align: justify;\"><strong>Hvorfor ligger Verdens F\u00f8devaredag den 16. oktober?<\/strong><\/h3>\n<p style=\"text-align: justify;\">FAO valgte datoen for at markere organisationens grundl\u00e6ggelse i 1945. Den minder os hvert \u00e5r om, at adgang til sund mad er en grundl\u00e6ggende rettighed for alle.<\/p>\n<h3 style=\"text-align: justify;\"><strong>Hvad er temaet for Verdens F\u00f8devaredag i 2025?<\/strong><\/h3>\n<p style=\"text-align: justify;\">I 2025 er FAO\u2019s tema <em>\u201cVand \u2013 en kilde til liv og f\u00f8devaresikkerhed\u201d<\/em>. Det s\u00e6tter fokus p\u00e5 b\u00e6redygtig vandforvaltning, som er afg\u00f8rende for den globale f\u00f8devareproduktion.<\/p>\n<h3 style=\"text-align: justify;\"><strong>Hvordan kan jeg g\u00f8re en forskel p\u00e5 mit niveau?<\/strong><\/h3>\n<p style=\"text-align: justify;\">Alle kan bidrage: mindske madspild, lave mad af rester, v\u00e6lge lokale varer eller st\u00f8tte indsatser, der arbejder mod sult. Hver handling t\u00e6ller for en mere retf\u00e6rdig verden.<\/p>\n<h3 style=\"text-align: justify;\"><strong>Hvilke typer forl\u00f8b tilbyder VITA?<\/strong><\/h3>\n<p style=\"text-align: justify;\">VITA tilbyder flere internationale forl\u00f8b med fokus p\u00e5 mad, ern\u00e6ring og b\u00e6redygtig udvikling. Deltagere kan st\u00f8tte aktiviteter som skolehaver, sundhedsoplysning eller landbrugsrelateret l\u00e6ring. Forl\u00f8bene har fokus p\u00e5 at styrke handlekraft og f\u00e6llesskab.<\/p>\n<h2 style=\"text-align: justify;\"><\/h2>\n<h2 style=\"text-align: justify;\">Konklusion \u2013 mod en fremtid uden sult<\/h2>\n<p style=\"text-align: justify;\"><strong>Verdens F\u00f8devaredag<\/strong> minder os om, at retten til at kunne spise v\u00e6rdigt skal g\u00e6lde overalt. Hver indsats \u2013 stor som lille \u2013 bidrager til den f\u00e6lles opgave. N\u00e5r vi v\u00e6lger mere ansvarlige madvaner og st\u00f8tter solidariske initiativer, bygger vi en sundere fremtid for flere.<\/p>\n<p style=\"text-align: justify;\">At handle i dag er at tage ansvar for i morgen. Sammen kan vi g\u00f8re dagen til et vedvarende engagement for en verden uden sult.<\/p>\n<\/article>\n<p style=\"text-align: center;\"><strong>Klar til at tage n\u00e6ste skridt?<\/strong><\/p>\n<p style=\"text-align: center;\"><a href=\"https:\/\/www.vita-explorers.dk\/#tel-contact-form-glob\" target=\"_blank\" rel=\"noopener\">Jeg vil gerne i kontakt<\/a><\/p>\n<p class=\"muted\" style=\"text-align: center;\">\u00a9 VITA Institute \u2014 Ressourcer om ansvarligt frivilligt arbejde i udlandet.<\/p>\n<p class=\"p4\" style=\"text-align: center;\"><b>Vil du vide mere, er du altid velkommen til at kontakte os p\u00e5 <\/b><a href=\"mailto:info@globalong.com\"><span class=\"s2\"><b>info@globalong.com<\/b><\/span><\/a><\/p>\n<p class=\"p4\" style=\"text-align: center;\"><b>Vil du f\u00f8lge med i VITA og vores community, kan du finde os p\u00e5 <\/b><a href=\"https:\/\/www.instagram.com\/globalongofficiel\/\" target=\"_blank\" rel=\"noopener\"><span class=\"s2\"><b>Instagram<\/b><\/span><\/a><b>, <\/b><a href=\"https:\/\/www.facebook.com\/globalong\" target=\"_blank\" rel=\"noopener\"><span class=\"s2\"><b>Facebook<\/b><\/span><\/a><b>, <\/b><a href=\"https:\/\/www.linkedin.com\/company\/5113177\/admin\/feed\/posts\/\" target=\"_blank\" rel=\"noopener\"><span class=\"s2\"><b>LinkedIn<\/b><\/span><\/a><b> og <\/b><a href=\"https:\/\/www.youtube.com\/c\/globalong\/videos\" target=\"_blank\" rel=\"noopener\"><span class=\"s2\"><b>YouTube<\/b><\/span><\/a><b>! <\/b><\/p>\n","protected":false},"excerpt":{"rendered":"<p>Verdens F\u00f8devaredag: sammen mod sult Hvert \u00e5r markerer 16. oktober Verdens F\u00f8devaredag. Datoen er etableret af FAO (FN\u2019s organisation for f\u00f8devarer og landbrug) som\u2026<\/p>\n","protected":false},"author":7,"featured_media":22019,"comment_status":"open","ping_status":"open","sticky":false,"template":"","format":"standard","meta":{"footnotes":""},"categories":[472],"tags":[],"yoast_head":"<!-- This site is optimized with the Yoast SEO Premium plugin v23.4 (Yoast SEO v23.4) - https:\/\/yoast.com\/wordpress\/plugins\/seo\/ -->\n<title>Verdens F\u00f8devaredag: sammen for en verden uden sult<\/title>\n<meta name=\"description\" content=\"Journ\u00e9e mondiale de l\u2019alimentation : d\u00e9couvrez comment chacun peut agir pour une alimentation durable et solidaire partout dans le monde.\" \/>\n<meta name=\"robots\" content=\"index, follow, max-snippet:-1, max-image-preview:large, max-video-preview:-1\" \/>\n<link rel=\"canonical\" href=\"https:\/\/www.vita-explorers.dk\/blog\/verdens-foedevare-dag\/\" \/>\n<meta property=\"og:locale\" content=\"da_DK\" \/>\n<meta property=\"og:type\" content=\"article\" \/>\n<meta property=\"og:title\" content=\"Verdens f\u00f8devaredag: sammen mod sult\" \/>\n<meta property=\"og:description\" content=\"Journ\u00e9e mondiale de l\u2019alimentation : d\u00e9couvrez comment chacun peut agir pour une alimentation durable et solidaire partout dans le monde.\" \/>\n<meta property=\"og:url\" content=\"https:\/\/www.vita-explorers.dk\/blog\/verdens-foedevare-dag\/\" \/>\n<meta property=\"og:site_name\" content=\"VITA Explorers Blog\" \/>\n<meta property=\"article:publisher\" content=\"https:\/\/www.facebook.com\/globalong\" \/>\n<meta property=\"article:published_time\" content=\"2025-10-16T05:00:37+00:00\" \/>\n<meta property=\"article:modified_time\" content=\"2025-10-29T15:18:49+00:00\" \/>\n<meta property=\"og:image\" content=\"https:\/\/www.vita-explorers.dk\/blog\/wp-content\/uploads\/2025\/10\/ChatGPT-Image-15-oct.-2025-a-20_23_20-1024x683.png\" \/>\n\t<meta property=\"og:image:width\" content=\"1024\" \/>\n\t<meta property=\"og:image:height\" content=\"683\" \/>\n\t<meta property=\"og:image:type\" content=\"image\/png\" \/>\n<meta name=\"author\" content=\"VITA Tribe\" \/>\n<meta name=\"twitter:card\" content=\"summary_large_image\" \/>\n<meta name=\"twitter:label1\" content=\"Skrevet af\" \/>\n\t<meta name=\"twitter:data1\" content=\"VITA Tribe\" \/>\n\t<meta name=\"twitter:label2\" content=\"Estimeret l\u00e6setid\" \/>\n\t<meta name=\"twitter:data2\" content=\"10 minutter\" \/>\n<script type=\"application\/ld+json\" class=\"yoast-schema-graph\">{\"@context\":\"https:\/\/schema.org\",\"@graph\":[{\"@type\":\"Article\",\"@id\":\"https:\/\/www.vita-explorers.dk\/blog\/verdens-foedevare-dag\/#article\",\"isPartOf\":{\"@id\":\"https:\/\/www.vita-explorers.dk\/blog\/verdens-foedevare-dag\/\"},\"author\":{\"name\":\"VITA Tribe\",\"@id\":\"https:\/\/www.vita-explorers.dk\/blog\/#\/schema\/person\/fc0343a2f2db2ebb2793c1f62dbe73f0\"},\"headline\":\"Verdens f\u00f8devaredag: sammen mod sult\",\"datePublished\":\"2025-10-16T05:00:37+00:00\",\"dateModified\":\"2025-10-29T15:18:49+00:00\",\"mainEntityOfPage\":{\"@id\":\"https:\/\/www.vita-explorers.dk\/blog\/verdens-foedevare-dag\/\"},\"wordCount\":1729,\"commentCount\":0,\"publisher\":{\"@id\":\"https:\/\/www.vita-explorers.dk\/blog\/#organization\"},\"image\":{\"@id\":\"https:\/\/www.vita-explorers.dk\/blog\/verdens-foedevare-dag\/#primaryimage\"},\"thumbnailUrl\":\"https:\/\/www.vita-explorers.dk\/blog\/wp-content\/uploads\/2025\/10\/ChatGPT-Image-15-oct.-2025-a-20_23_20.png\",\"articleSection\":[\"Oplysning\"],\"inLanguage\":\"da-DK\",\"potentialAction\":[{\"@type\":\"CommentAction\",\"name\":\"Comment\",\"target\":[\"https:\/\/www.vita-explorers.dk\/blog\/verdens-foedevare-dag\/#respond\"]}]},{\"@type\":\"WebPage\",\"@id\":\"https:\/\/www.vita-explorers.dk\/blog\/verdens-foedevare-dag\/\",\"url\":\"https:\/\/www.vita-explorers.dk\/blog\/verdens-foedevare-dag\/\",\"name\":\"Verdens F\u00f8devaredag: sammen for en verden uden sult\",\"isPartOf\":{\"@id\":\"https:\/\/www.vita-explorers.dk\/blog\/#website\"},\"primaryImageOfPage\":{\"@id\":\"https:\/\/www.vita-explorers.dk\/blog\/verdens-foedevare-dag\/#primaryimage\"},\"image\":{\"@id\":\"https:\/\/www.vita-explorers.dk\/blog\/verdens-foedevare-dag\/#primaryimage\"},\"thumbnailUrl\":\"https:\/\/www.vita-explorers.dk\/blog\/wp-content\/uploads\/2025\/10\/ChatGPT-Image-15-oct.-2025-a-20_23_20.png\",\"datePublished\":\"2025-10-16T05:00:37+00:00\",\"dateModified\":\"2025-10-29T15:18:49+00:00\",\"description\":\"Journ\u00e9e mondiale de l\u2019alimentation : d\u00e9couvrez comment chacun peut agir pour une alimentation durable et solidaire partout dans le monde.\",\"breadcrumb\":{\"@id\":\"https:\/\/www.vita-explorers.dk\/blog\/verdens-foedevare-dag\/#breadcrumb\"},\"inLanguage\":\"da-DK\",\"potentialAction\":[{\"@type\":\"ReadAction\",\"target\":[\"https:\/\/www.vita-explorers.dk\/blog\/verdens-foedevare-dag\/\"]}]},{\"@type\":\"ImageObject\",\"inLanguage\":\"da-DK\",\"@id\":\"https:\/\/www.vita-explorers.dk\/blog\/verdens-foedevare-dag\/#primaryimage\",\"url\":\"https:\/\/www.vita-explorers.dk\/blog\/wp-content\/uploads\/2025\/10\/ChatGPT-Image-15-oct.-2025-a-20_23_20.png\",\"contentUrl\":\"https:\/\/www.vita-explorers.dk\/blog\/wp-content\/uploads\/2025\/10\/ChatGPT-Image-15-oct.-2025-a-20_23_20.png\",\"width\":1536,\"height\":1024},{\"@type\":\"BreadcrumbList\",\"@id\":\"https:\/\/www.vita-explorers.dk\/blog\/verdens-foedevare-dag\/#breadcrumb\",\"itemListElement\":[{\"@type\":\"ListItem\",\"position\":1,\"name\":\"Accueil\",\"item\":\"https:\/\/www.vita-explorers.dk\/blog\/\"},{\"@type\":\"ListItem\",\"position\":2,\"name\":\"Verdens f\u00f8devaredag: sammen mod sult\"}]},{\"@type\":\"WebSite\",\"@id\":\"https:\/\/www.vita-explorers.dk\/blog\/#website\",\"url\":\"https:\/\/www.vita-explorers.dk\/blog\/\",\"name\":\"Association Globalong\",\"description\":\"Frivilligt arbejde, sprogophold, praktik i udlandet og internationale oplevelser\",\"publisher\":{\"@id\":\"https:\/\/www.vita-explorers.dk\/blog\/#organization\"},\"potentialAction\":[{\"@type\":\"SearchAction\",\"target\":{\"@type\":\"EntryPoint\",\"urlTemplate\":\"https:\/\/www.vita-explorers.dk\/blog\/?s={search_term_string}\"},\"query-input\":{\"@type\":\"PropertyValueSpecification\",\"valueRequired\":true,\"valueName\":\"search_term_string\"}}],\"inLanguage\":\"da-DK\"},{\"@type\":\"Organization\",\"@id\":\"https:\/\/www.vita-explorers.dk\/blog\/#organization\",\"name\":\"Association Globalong\",\"url\":\"https:\/\/www.vita-explorers.dk\/blog\/\",\"logo\":{\"@type\":\"ImageObject\",\"inLanguage\":\"da-DK\",\"@id\":\"https:\/\/www.vita-explorers.dk\/blog\/#\/schema\/logo\/image\/\",\"url\":\"https:\/\/www.globalong.com\/blog\/wp-content\/uploads\/2014\/11\/cropped-cropped-Logo-et-Afrique-Globalong-petite-taille-2.jpg\",\"contentUrl\":\"https:\/\/www.globalong.com\/blog\/wp-content\/uploads\/2014\/11\/cropped-cropped-Logo-et-Afrique-Globalong-petite-taille-2.jpg\",\"width\":512,\"height\":512,\"caption\":\"Association Globalong\"},\"image\":{\"@id\":\"https:\/\/www.vita-explorers.dk\/blog\/#\/schema\/logo\/image\/\"},\"sameAs\":[\"https:\/\/www.facebook.com\/globalong\"]},{\"@type\":\"Person\",\"@id\":\"https:\/\/www.vita-explorers.dk\/blog\/#\/schema\/person\/fc0343a2f2db2ebb2793c1f62dbe73f0\",\"name\":\"VITA Tribe\",\"image\":{\"@type\":\"ImageObject\",\"inLanguage\":\"da-DK\",\"@id\":\"https:\/\/www.vita-explorers.dk\/blog\/#\/schema\/person\/image\/\",\"url\":\"https:\/\/secure.gravatar.com\/avatar\/f7f05026bb439d0c96b30e135e5f852c?s=96&d=mm&r=g\",\"contentUrl\":\"https:\/\/secure.gravatar.com\/avatar\/f7f05026bb439d0c96b30e135e5f852c?s=96&d=mm&r=g\",\"caption\":\"VITA Tribe\"},\"sameAs\":[\"http:\/\/www.globalong.com\"],\"url\":\"https:\/\/www.vita-explorers.dk\/blog\/author\/teamglobalong\/\"}]}<\/script>\n<!-- \/ Yoast SEO Premium plugin. -->","yoast_head_json":{"title":"Verdens F\u00f8devaredag: sammen for en verden uden sult","description":"Journ\u00e9e mondiale de l\u2019alimentation : d\u00e9couvrez comment chacun peut agir pour une alimentation durable et solidaire partout dans le monde.","robots":{"index":"index","follow":"follow","max-snippet":"max-snippet:-1","max-image-preview":"max-image-preview:large","max-video-preview":"max-video-preview:-1"},"canonical":"https:\/\/www.vita-explorers.dk\/blog\/verdens-foedevare-dag\/","og_locale":"da_DK","og_type":"article","og_title":"Verdens f\u00f8devaredag: sammen mod sult","og_description":"Journ\u00e9e mondiale de l\u2019alimentation : d\u00e9couvrez comment chacun peut agir pour une alimentation durable et solidaire partout dans le monde.","og_url":"https:\/\/www.vita-explorers.dk\/blog\/verdens-foedevare-dag\/","og_site_name":"VITA Explorers Blog","article_publisher":"https:\/\/www.facebook.com\/globalong","article_published_time":"2025-10-16T05:00:37+00:00","article_modified_time":"2025-10-29T15:18:49+00:00","og_image":[{"width":1024,"height":683,"url":"https:\/\/www.vita-explorers.dk\/blog\/wp-content\/uploads\/2025\/10\/ChatGPT-Image-15-oct.-2025-a-20_23_20-1024x683.png","type":"image\/png"}],"author":"VITA Tribe","twitter_card":"summary_large_image","twitter_misc":{"Skrevet af":"VITA Tribe","Estimeret l\u00e6setid":"10 minutter"},"schema":{"@context":"https:\/\/schema.org","@graph":[{"@type":"Article","@id":"https:\/\/www.vita-explorers.dk\/blog\/verdens-foedevare-dag\/#article","isPartOf":{"@id":"https:\/\/www.vita-explorers.dk\/blog\/verdens-foedevare-dag\/"},"author":{"name":"VITA Tribe","@id":"https:\/\/www.vita-explorers.dk\/blog\/#\/schema\/person\/fc0343a2f2db2ebb2793c1f62dbe73f0"},"headline":"Verdens f\u00f8devaredag: sammen mod sult","datePublished":"2025-10-16T05:00:37+00:00","dateModified":"2025-10-29T15:18:49+00:00","mainEntityOfPage":{"@id":"https:\/\/www.vita-explorers.dk\/blog\/verdens-foedevare-dag\/"},"wordCount":1729,"commentCount":0,"publisher":{"@id":"https:\/\/www.vita-explorers.dk\/blog\/#organization"},"image":{"@id":"https:\/\/www.vita-explorers.dk\/blog\/verdens-foedevare-dag\/#primaryimage"},"thumbnailUrl":"https:\/\/www.vita-explorers.dk\/blog\/wp-content\/uploads\/2025\/10\/ChatGPT-Image-15-oct.-2025-a-20_23_20.png","articleSection":["Oplysning"],"inLanguage":"da-DK","potentialAction":[{"@type":"CommentAction","name":"Comment","target":["https:\/\/www.vita-explorers.dk\/blog\/verdens-foedevare-dag\/#respond"]}]},{"@type":"WebPage","@id":"https:\/\/www.vita-explorers.dk\/blog\/verdens-foedevare-dag\/","url":"https:\/\/www.vita-explorers.dk\/blog\/verdens-foedevare-dag\/","name":"Verdens F\u00f8devaredag: sammen for en verden uden sult","isPartOf":{"@id":"https:\/\/www.vita-explorers.dk\/blog\/#website"},"primaryImageOfPage":{"@id":"https:\/\/www.vita-explorers.dk\/blog\/verdens-foedevare-dag\/#primaryimage"},"image":{"@id":"https:\/\/www.vita-explorers.dk\/blog\/verdens-foedevare-dag\/#primaryimage"},"thumbnailUrl":"https:\/\/www.vita-explorers.dk\/blog\/wp-content\/uploads\/2025\/10\/ChatGPT-Image-15-oct.-2025-a-20_23_20.png","datePublished":"2025-10-16T05:00:37+00:00","dateModified":"2025-10-29T15:18:49+00:00","description":"Journ\u00e9e mondiale de l\u2019alimentation : d\u00e9couvrez comment chacun peut agir pour une alimentation durable et solidaire partout dans le monde.","breadcrumb":{"@id":"https:\/\/www.vita-explorers.dk\/blog\/verdens-foedevare-dag\/#breadcrumb"},"inLanguage":"da-DK","potentialAction":[{"@type":"ReadAction","target":["https:\/\/www.vita-explorers.dk\/blog\/verdens-foedevare-dag\/"]}]},{"@type":"ImageObject","inLanguage":"da-DK","@id":"https:\/\/www.vita-explorers.dk\/blog\/verdens-foedevare-dag\/#primaryimage","url":"https:\/\/www.vita-explorers.dk\/blog\/wp-content\/uploads\/2025\/10\/ChatGPT-Image-15-oct.-2025-a-20_23_20.png","contentUrl":"https:\/\/www.vita-explorers.dk\/blog\/wp-content\/uploads\/2025\/10\/ChatGPT-Image-15-oct.-2025-a-20_23_20.png","width":1536,"height":1024},{"@type":"BreadcrumbList","@id":"https:\/\/www.vita-explorers.dk\/blog\/verdens-foedevare-dag\/#breadcrumb","itemListElement":[{"@type":"ListItem","position":1,"name":"Accueil","item":"https:\/\/www.vita-explorers.dk\/blog\/"},{"@type":"ListItem","position":2,"name":"Verdens f\u00f8devaredag: sammen mod sult"}]},{"@type":"WebSite","@id":"https:\/\/www.vita-explorers.dk\/blog\/#website","url":"https:\/\/www.vita-explorers.dk\/blog\/","name":"Association Globalong","description":"Frivilligt arbejde, sprogophold, praktik i udlandet og internationale oplevelser","publisher":{"@id":"https:\/\/www.vita-explorers.dk\/blog\/#organization"},"potentialAction":[{"@type":"SearchAction","target":{"@type":"EntryPoint","urlTemplate":"https:\/\/www.vita-explorers.dk\/blog\/?s={search_term_string}"},"query-input":{"@type":"PropertyValueSpecification","valueRequired":true,"valueName":"search_term_string"}}],"inLanguage":"da-DK"},{"@type":"Organization","@id":"https:\/\/www.vita-explorers.dk\/blog\/#organization","name":"Association Globalong","url":"https:\/\/www.vita-explorers.dk\/blog\/","logo":{"@type":"ImageObject","inLanguage":"da-DK","@id":"https:\/\/www.vita-explorers.dk\/blog\/#\/schema\/logo\/image\/","url":"https:\/\/www.globalong.com\/blog\/wp-content\/uploads\/2014\/11\/cropped-cropped-Logo-et-Afrique-Globalong-petite-taille-2.jpg","contentUrl":"https:\/\/www.globalong.com\/blog\/wp-content\/uploads\/2014\/11\/cropped-cropped-Logo-et-Afrique-Globalong-petite-taille-2.jpg","width":512,"height":512,"caption":"Association Globalong"},"image":{"@id":"https:\/\/www.vita-explorers.dk\/blog\/#\/schema\/logo\/image\/"},"sameAs":["https:\/\/www.facebook.com\/globalong"]},{"@type":"Person","@id":"https:\/\/www.vita-explorers.dk\/blog\/#\/schema\/person\/fc0343a2f2db2ebb2793c1f62dbe73f0","name":"VITA Tribe","image":{"@type":"ImageObject","inLanguage":"da-DK","@id":"https:\/\/www.vita-explorers.dk\/blog\/#\/schema\/person\/image\/","url":"https:\/\/secure.gravatar.com\/avatar\/f7f05026bb439d0c96b30e135e5f852c?s=96&d=mm&r=g","contentUrl":"https:\/\/secure.gravatar.com\/avatar\/f7f05026bb439d0c96b30e135e5f852c?s=96&d=mm&r=g","caption":"VITA Tribe"},"sameAs":["http:\/\/www.globalong.com"],"url":"https:\/\/www.vita-explorers.dk\/blog\/author\/teamglobalong\/"}]}},"_links":{"self":[{"href":"https:\/\/www.vita-explorers.dk\/blog\/wp-json\/wp\/v2\/posts\/22018"}],"collection":[{"href":"https:\/\/www.vita-explorers.dk\/blog\/wp-json\/wp\/v2\/posts"}],"about":[{"href":"https:\/\/www.vita-explorers.dk\/blog\/wp-json\/wp\/v2\/types\/post"}],"author":[{"embeddable":true,"href":"https:\/\/www.vita-explorers.dk\/blog\/wp-json\/wp\/v2\/users\/7"}],"replies":[{"embeddable":true,"href":"https:\/\/www.vita-explorers.dk\/blog\/wp-json\/wp\/v2\/comments?post=22018"}],"version-history":[{"count":4,"href":"https:\/\/www.vita-explorers.dk\/blog\/wp-json\/wp\/v2\/posts\/22018\/revisions"}],"predecessor-version":[{"id":22155,"href":"https:\/\/www.vita-explorers.dk\/blog\/wp-json\/wp\/v2\/posts\/22018\/revisions\/22155"}],"wp:featuredmedia":[{"embeddable":true,"href":"https:\/\/www.vita-explorers.dk\/blog\/wp-json\/wp\/v2\/media\/22019"}],"wp:attachment":[{"href":"https:\/\/www.vita-explorers.dk\/blog\/wp-json\/wp\/v2\/media?parent=22018"}],"wp:term":[{"taxonomy":"category","embeddable":true,"href":"https:\/\/www.vita-explorers.dk\/blog\/wp-json\/wp\/v2\/categories?post=22018"},{"taxonomy":"post_tag","embeddable":true,"href":"https:\/\/www.vita-explorers.dk\/blog\/wp-json\/wp\/v2\/tags?post=22018"}],"curies":[{"name":"wp","href":"https:\/\/api.w.org\/{rel}","templated":true}]}}