{"id":22039,"date":"2025-10-19T14:56:04","date_gmt":"2025-10-19T12:56:04","guid":{"rendered":"https:\/\/www.globalong.com\/blog\/?p=22039"},"modified":"2025-10-19T17:10:22","modified_gmt":"2025-10-19T15:10:22","slug":"robusthed-paa-internationalt-forloeb","status":"publish","type":"post","link":"https:\/\/www.vita-explorers.dk\/blog\/robusthed-paa-internationalt-forloeb\/","title":{"rendered":"Styrk din robusthed gennem et humanit\u00e6rt ophold i udlandet"},"content":{"rendered":"<h1 style=\"text-align: justify;\"><strong>Resiliens p\u00e5 et internationalt forl\u00f8b: at finde fodf\u00e6ste i udlandet<\/strong><\/h1>\n<p style=\"text-align: justify;\"><strong>Resiliens p\u00e5 et internationalt forl\u00f8b<\/strong> er en vigtig egenskab for alle, der v\u00e6lger at <a href=\"https:\/\/www.vita-explorers.dk\/frivilligt-arbejde\/\" target=\"_blank\" rel=\"noopener\">engagere sig<\/a> i udlandet. I et nyt milj\u00f8, langt fra det velkendte, l\u00e6rer hver deltager at tr\u00e6kke p\u00e5 sin indre styrke for at tilpasse sig, rejse sig igen og komme videre \u2013 ogs\u00e5 n\u00e5r der opst\u00e5r udfordringer. Opholdet bliver dermed mere end en solidarisk erfaring: det bliver et forl\u00f8b, der ogs\u00e5 rummer personlig udvikling.<\/p>\n<p style=\"text-align: justify;\">At m\u00f8de andre kulturer, leve i et ukendt land og dele hverdagen med et lokalsamfund kr\u00e6ver \u00e5benhed og en god portion ydmyghed. Samtidig gemmer der sig ofte en st\u00e6rk l\u00e6ring bag hver udfordring. Det er netop her, <strong>resiliens p\u00e5 et internationalt forl\u00f8b<\/strong> viser sig: i evnen til at tage imod ubehaget som en naturlig del af rejsen.<\/p>\n<p style=\"text-align: justify;\">For mange deltagere bliver oplevelsen et vendepunkt. Den udfordrer vores id\u00e9er om komfort, succes og stabilitet. N\u00e5r man lever enkelt, l\u00e6rer at give slip og \u00f8ver sig i at have tillid, opdager man ressourcer, man ikke vidste, man havde. Resiliens bliver en r\u00f8d tr\u00e5d \u2013 en rolig energi, der g\u00f8r det muligt at holde retningen, bevare overskuddet og fastholde meningen med sit engagement.<\/p>\n<p style=\"text-align: justify;\">Inden vi g\u00e5r videre, er det v\u00e6rd at se n\u00e6rmere p\u00e5, hvad det egentlig vil sige at v\u00e6re resilient i en humanit\u00e6r sammenh\u00e6ng, og hvorfor det i dag betragtes som en b\u00e6rende del af oplevelsen i praksis.<\/p>\n<p style=\"text-align: justify;\"><!-- ???? Sommaire cliquable --><\/p>\n<h2><\/h2>\n<h2 style=\"text-align: justify;\"><strong>Indhold<\/strong><\/h2>\n<ul style=\"text-align: justify;\">\n<li><a href=\"#definition\">Hvad er resiliens i en humanit\u00e6r sammenh\u00e6ng?<\/a><\/li>\n<li><a href=\"#importance\">Hvorfor er resiliens vigtig for deltagere?<\/a><\/li>\n<li><a href=\"#defis\">Udfordringer i praksis: f\u00f8lelser, tilpasning og hverdagslogistik<\/a><\/li>\n<li><a href=\"#developper\">At styrke sin resiliens f\u00f8r, under og efter opholdet<\/a><\/li>\n<li><a href=\"#temoignage\">En fort\u00e6lling, der inspirerer: en oplevelse, der flytter noget<\/a><\/li>\n<li><a href=\"#confiance\">Hvordan opholdet kan styrke selvtillid og personlig udvikling<\/a><\/li>\n<li><a href=\"#conclusion\">Konklusion: resiliens som livslang l\u00e6ring<\/a><\/li>\n<\/ul>\n<p style=\"text-align: justify;\"><!-- Section 1 --><\/p>\n<h2><\/h2>\n<h2><a href=\"https:\/\/www.vita-explorers.dk\/blog\/wp-content\/uploads\/2025\/09\/IMG_1404-min-5fbfb374ce018.jpeg\"><img loading=\"lazy\" decoding=\"async\" class=\"size-medium wp-image-21918 aligncenter\" src=\"https:\/\/www.vita-explorers.dk\/blog\/wp-content\/uploads\/2025\/09\/IMG_1404-min-5fbfb374ce018-300x195.jpeg\" alt=\"resiliens humanit\u00e6rt forl\u00f8b\" width=\"300\" height=\"195\" srcset=\"https:\/\/www.vita-explorers.dk\/blog\/wp-content\/uploads\/2025\/09\/IMG_1404-min-5fbfb374ce018-300x195.jpeg 300w, https:\/\/www.vita-explorers.dk\/blog\/wp-content\/uploads\/2025\/09\/IMG_1404-min-5fbfb374ce018.jpeg 350w\" sizes=\"(max-width: 300px) 100vw, 300px\" \/><\/a><\/h2>\n<h2><\/h2>\n<h2 id=\"definition\" style=\"text-align: justify;\"><strong>Hvad er resiliens i en humanit\u00e6r sammenh\u00e6ng?<\/strong><\/h2>\n<p style=\"text-align: justify;\">Begrebet <strong>resiliens p\u00e5 et internationalt forl\u00f8b<\/strong> handler om evnen til at komme igennem udfordringer og samtidig bevare f\u00f8lelsesm\u00e6ssig balance og et konstruktivt mindset. Det viser sig som mental fleksibilitet, t\u00e5lmodighed og tro p\u00e5 egne evner. I en hverdag, der ofte kan v\u00e6re uforudsigelig, hj\u00e6lper denne indre styrke deltagerne med at finde l\u00f8sninger \u2013 ogs\u00e5 n\u00e5r det hele f\u00f8les l\u00e5st.<\/p>\n<p style=\"text-align: justify;\">At v\u00e6re resilient betyder ikke at ignorere f\u00f8lelser eller skjule tr\u00e6thed; det handler snarere om at kunne rumme dem. Mange l\u00e6rer gradvist at acceptere det, de ikke selv styrer: vejret, forsinkelser, <a href=\"https:\/\/www.vita-explorers.dk\/blog\/interkulturelle-forloeb-i-udlandet-frivilligt-arbejde\/\" target=\"_blank\" rel=\"noopener\">kulturelle<\/a> forskelle eller \u00e6ndringer i planerne. N\u00e5r man \u00f8ver sig i at give slip, kan hver udfordring blive til en vigtig erfaring.<\/p>\n<p style=\"text-align: justify;\">I praksis bygges den tilgang op dag for dag. Nogle finder ro gennem meditation eller ved at skrive dagbog, andre gennem f\u00e6llesskabet i gruppen. Metoden kan variere, men mange oplever, at <strong>resiliens<\/strong> n\u00e6res af det menneskelige m\u00f8de: et barns smil, en families taknemmelighed eller den stille fornemmelse af at bidrage med noget meningsfuldt.<\/p>\n<p style=\"text-align: justify;\">Den indre styrke opst\u00e5r sj\u00e6ldent af sig selv \u2013 den udvikles gennem m\u00f8der, dialog og gensidig st\u00f8tte. Hver samtale giver bedre forst\u00e5else for landets virkelighed og s\u00e6tter egne udfordringer i perspektiv. Med tiden bliver <strong>resiliens p\u00e5 et internationalt forl\u00f8b<\/strong> en naturlig refleks: at st\u00e5 mere grounded, bevare roen og holde fast, ogs\u00e5 n\u00e5r tvivlen melder sig.<\/p>\n<p style=\"text-align: justify;\"><!-- Section 2 --><\/p>\n<h2><\/h2>\n<p style=\"text-align: center;\"><a href=\"https:\/\/www.vita-explorers.dk\/blog\/wp-content\/uploads\/2025\/09\/Capture-decran-2025-07-14-a-08.07.50-68749ecdd47d5.png\"><img loading=\"lazy\" decoding=\"async\" class=\"alignnone size-medium wp-image-21931\" src=\"https:\/\/www.vita-explorers.dk\/blog\/wp-content\/uploads\/2025\/09\/Capture-decran-2025-07-14-a-08.07.50-68749ecdd47d5-300x195.png\" alt=\"frivilligt arbejde og handicap\" width=\"300\" height=\"195\" srcset=\"https:\/\/www.vita-explorers.dk\/blog\/wp-content\/uploads\/2025\/09\/Capture-decran-2025-07-14-a-08.07.50-68749ecdd47d5-300x195.png 300w, https:\/\/www.vita-explorers.dk\/blog\/wp-content\/uploads\/2025\/09\/Capture-decran-2025-07-14-a-08.07.50-68749ecdd47d5.png 350w\" sizes=\"(max-width: 300px) 100vw, 300px\" \/><\/a><\/p>\n<p>0<\/p>\n<h2 id=\"importance\" style=\"text-align: justify;\"><strong>Hvorfor er resiliens vigtig for deltagere?<\/strong><\/h2>\n<p style=\"text-align: justify;\">I praksis g\u00e5r tingene sj\u00e6ldent helt efter planen. Det uventede, afstanden til hverdagen derhjemme og st\u00e6rke indtryk er en del af et ophold. I de rammer er <strong>resiliens p\u00e5 et internationalt forl\u00f8b<\/strong> mere end en styrke \u2013 det er en form for f\u00f8lelsesm\u00e6ssigt v\u00e6rkt\u00f8j, der hj\u00e6lper med at holde fokus, bevare motivationen og finde mening, ogs\u00e5 n\u00e5r udfordringerne hober sig op.<\/p>\n<p style=\"text-align: justify;\">Deltagere, der udvikler den evne, m\u00f8der modstand med mere ro. I stedet for at blive opslugt af stress leder de efter konkrete l\u00f8sninger. De opdager, at problemer sj\u00e6ldent er endegyldige, og at t\u00e5lmodighed ofte betaler sig. Den tilgang smitter og styrker hj\u00e6lpsomheden i teamet.<\/p>\n<p style=\"text-align: justify;\"><strong>Resiliens<\/strong> kan ogs\u00e5 styrke relationerne mellem deltagerne. P\u00e5 et ophold kan forskellige personligheder, sprog og vaner skabe gnidninger. N\u00e5r man kan tage et skridt tilbage og m\u00f8de hinanden med venlighed, bliver det lettere at holde sammen som gruppe. Rolig adf\u00e6rd kan v\u00e6re smitsom \u2013 og et n\u00f8gternt h\u00e5b kan hj\u00e6lpe alle videre.<\/p>\n<p style=\"text-align: justify;\">Og erfaringen stopper ikke, n\u00e5r man rejser hjem. Mange fort\u00e6ller, at de efter opholdet f\u00f8ler sig mere robuste og trygge. Det, de l\u00e6rer gennem <strong>resiliens p\u00e5 et internationalt forl\u00f8b<\/strong>, kan bruges i hverdagen: ved udfordringer p\u00e5 studiet, i jobbet eller ved uventede \u00e6ndringer reagerer de med mere overblik og tillid.<\/p>\n<p style=\"text-align: justify;\">At v\u00e6re resilient handler i bund og grund om at omdanne erfaring til l\u00e6ring. At acceptere, at livet ikke skal v\u00e6re perfekt \u2013 men kan leves med mod, taknemmelighed og \u00e5benhed. Det er netop den n\u00f8gterne, positive tilgang, der g\u00f8r et humanit\u00e6rt forl\u00f8b menneskeligt og meningsfuldt.<\/p>\n<h2><\/h2>\n<h2 id=\"defis\" style=\"text-align: justify;\"><strong>Udfordringer i praksis: f\u00f8lelser, tilpasning og hverdagslogistik<\/strong><\/h2>\n<p style=\"text-align: justify;\">P\u00e5 stedet bliver det hurtigt tydeligt, at <strong>resiliens p\u00e5 et internationalt forl\u00f8b<\/strong> ikke er en abstrakt id\u00e9, men noget man bruger hver dag. Levevilk\u00e5r, varme, tr\u00e6thed og afstand rykker ved det velkendte. Samtidig kan netop de ustabile \u00f8jeblikke blive st\u00e6rke l\u00e6ringspunkter.<\/p>\n<h3 style=\"text-align: justify;\"><strong>At l\u00e6re at tilpasse sig \u2013 igen og igen<\/strong><\/h3>\n<p style=\"text-align: justify;\">Den f\u00f8rste store udfordring er tilpasning. Lokalt tempo kan v\u00e6re anderledes, og b\u00e5de mad, klima og rutiner kan overraske. For at finde balance hj\u00e6lper det at observere, lytte og acceptere. Det giver plads til at finde sin rolle uden at presse sin egen m\u00e5de igennem. Over tid bliver det klart, at t\u00e5lmodighed og fleksibilitet er n\u00f8gler til at falde til.<\/p>\n<p style=\"text-align: justify;\">F\u00f8lelser spiller ogs\u00e5 en stor rolle. At m\u00f8de fattigdom eller lidelse kan g\u00f8re indtryk. Nogle bliver kede af det, andre f\u00f8ler afmagt. Det er normale reaktioner. N\u00e5r man kan tale om det i gruppen eller med mennesker omkring sig, kan det forandres og f\u00e5 retning. Det er s\u00e5dan, <strong>resiliens<\/strong> opbygges \u2013 gennem f\u00e6llesskab og omsorg.<\/p>\n<h3 style=\"text-align: justify;\"><strong>Menneskelige relationer: b\u00e5de udfordring og gave<\/strong><\/h3>\n<p style=\"text-align: justify;\">F\u00e6llesskabet er ikke altid enkelt. At bo, spise og arbejde t\u00e6t sammen kr\u00e6ver lydh\u00f8rhed og respekt. Forskelle i kultur og personlighed kan skabe sp\u00e6ndinger. I stedet for at tr\u00e6kke sig l\u00e6rer mange at tage dialogen. Det styrker gruppen og udvikler <strong>resiliens p\u00e5 et internationalt forl\u00f8b<\/strong>. Sammen kan man finde en balance pr\u00e6get af samarbejde og humor.<\/p>\n<p style=\"text-align: justify;\">Ogs\u00e5 det uforudsete tester evnen til at omstille sig: et voldsomt regnskyl, str\u00f8mafbrydelser eller et projekt, der udskydes. Intet bliver helt, som man havde forestillet sig. Det kan v\u00e6re frustrerende i starten, men bliver ofte til v\u00e6rdifuld l\u00e6ring. Det minder os om, at man nogle gange m\u00e5 give slip og tilpasse sig de lokale rammer.<\/p>\n<h3 style=\"text-align: justify;\"><strong>At oms\u00e6tte modstand til indre styrke<\/strong><\/h3>\n<p style=\"text-align: justify;\">Stille og roligt opdager deltagerne, at de kan mere, end de troede. De f\u00e5r tillid til egne evner og ser udfordringer som trin i en udvikling. Det styrker den f\u00f8lelsesm\u00e6ssige stabilitet. <strong>Resiliens p\u00e5 et internationalt forl\u00f8b<\/strong> bliver dermed mere end en kompetence \u2013 det bliver en m\u00e5de at v\u00e6re i verden p\u00e5. Den l\u00e6rer \u00e9n at komme videre med ro, at omstille sig uden at miste sig selv og at holde fast i troen p\u00e5 mennesker, ogs\u00e5 n\u00e5r der er tvivl.<\/p>\n<p style=\"text-align: justify;\">De erfaringer, man g\u00f8r sig i hverdagen, s\u00e6tter sig ofte som varige minder. Mange deltagere fort\u00e6ller, at de netop d\u00e9r forstod, hvad styrke er: at kunne blive ved med at smile, h\u00e5be og r\u00e6kke ud \u2013 uanset omst\u00e6ndighederne.<\/p>\n<h2><\/h2>\n<p><a href=\"https:\/\/www.vita-explorers.dk\/blog\/wp-content\/uploads\/2025\/01\/Capture-decran-2022-12-22-a-12.17.43-63a43ce3bc4da.png\"><img loading=\"lazy\" decoding=\"async\" class=\"size-medium wp-image-20068 aligncenter\" src=\"https:\/\/www.vita-explorers.dk\/blog\/wp-content\/uploads\/2025\/01\/Capture-decran-2022-12-22-a-12.17.43-63a43ce3bc4da-263x300.png\" alt=\"Internationalt ophold i Asien\" width=\"263\" height=\"300\" srcset=\"https:\/\/www.vita-explorers.dk\/blog\/wp-content\/uploads\/2025\/01\/Capture-decran-2022-12-22-a-12.17.43-63a43ce3bc4da-263x300.png 263w, https:\/\/www.vita-explorers.dk\/blog\/wp-content\/uploads\/2025\/01\/Capture-decran-2022-12-22-a-12.17.43-63a43ce3bc4da-896x1024.png 896w, https:\/\/www.vita-explorers.dk\/blog\/wp-content\/uploads\/2025\/01\/Capture-decran-2022-12-22-a-12.17.43-63a43ce3bc4da-768x878.png 768w, https:\/\/www.vita-explorers.dk\/blog\/wp-content\/uploads\/2025\/01\/Capture-decran-2022-12-22-a-12.17.43-63a43ce3bc4da.png 966w\" sizes=\"(max-width: 263px) 100vw, 263px\" \/><\/a><\/p>\n<p>0<\/p>\n<h2 id=\"temoignage\" style=\"text-align: justify;\"><strong>Fort\u00e6lling: en oplevelse, der kan forandre noget<\/strong><\/h2>\n<p style=\"text-align: justify;\">Bag hvert ophold gemmer der sig en historie. Claires, 25 \u00e5r, er et godt eksempel. Hun rejste ud i flere uger til et undervisningsmilj\u00f8 i <a href=\"https:\/\/www.vita-explorers.dk\/frivilligt-arbejde\/frivilligt-arbejde-sydafrika.html\" target=\"_blank\" rel=\"noopener\">Afrika<\/a> og fik en oplevelse, der \u00e6ndrede hendes syn p\u00e5 livet. Hendes forl\u00f8b viser, hvordan <strong>resiliens p\u00e5 et internationalt forl\u00f8b<\/strong> kan bygges dag for dag \u2013 mellem tvivl, f\u00f8lelser og det at finde nye sider af sig selv.<\/p>\n<h3 style=\"text-align: justify;\"><strong>Starten: mellem begejstring og vildrede<\/strong><\/h3>\n<blockquote>\n<p style=\"text-align: justify;\">\u00ab Jeg husker min ankomst, fort\u00e6ller Claire. Det var meget varmt, alt gik st\u00e6rkt, og jeg forstod ikke altid, hvad der blev sagt til mig. \u00bb De f\u00f8rste dage var pr\u00e6get af tr\u00e6thed, forvirring og en f\u00f8lelse af at st\u00e5 lidt alene. Selvom teamet p\u00e5 stedet var im\u00f8dekommende, var <a href=\"https:\/\/www.vita-explorers.dk\/blog\/kulturchok-frivilligt-ophold\/\" target=\"_blank\" rel=\"noopener\">kulturchokket<\/a> reelt. \u00ab Jeg havde lyst til at tage hjem efter to dage. \u00bb<\/p>\n<p style=\"text-align: justify;\">Det \u00f8jeblik af modl\u00f8shed, som mange oplever i starten, er ofte det f\u00f8rste skridt mod <strong>resiliens<\/strong>.<\/p>\n<\/blockquote>\n<p style=\"text-align: justify;\">Lidt efter lidt l\u00e6rte hun at lytte, observere og s\u00e6tte tingene i perspektiv. B\u00f8rnene gav hende et smil, en tegning, en sang. De sm\u00e5 \u00f8jeblikke \u00e6ndrede det hele.<\/p>\n<blockquote>\n<p style=\"text-align: justify;\">\u00ab Jeg forstod, at jeg ikke var der for at l\u00f8se alt, men for at dele, hj\u00e6lpe og l\u00e6re. \u00bb<\/p>\n<\/blockquote>\n<h3 style=\"text-align: justify;\"><strong>Resiliens midt i hverdagen<\/strong><\/h3>\n<p style=\"text-align: justify;\">De f\u00f8lgende uger b\u00f8d p\u00e5 klassiske uforudsete situationer: et uvejr, der oversv\u00f8mmer sovesalen, en aktivitet der aflyses, og str\u00f8msvigt. Claire forstod hurtigt, at n\u00f8gleordet var omstilling. \u00ab Jeg begyndte at grine af det, der ikke fungerede, og lede efter l\u00f8sninger i stedet for at blive irriteret. \u00bb Ved at v\u00e6lge en anden reaktion styrkede hun sin <strong>resiliens p\u00e5 et internationalt forl\u00f8b<\/strong> \u2013 uden rigtigt at t\u00e6nke over det.<\/p>\n<p style=\"text-align: justify;\">Hun oplevede ogs\u00e5, hvor meget f\u00e6llesskabet kan b\u00e6re. \u00ab N\u00e5r \u00e9n af os kn\u00e6kkede lidt, tog de andre over. \u00bb Den st\u00f8tte gjorde udfordringerne til \u00f8jeblikke af sammenhold. Sammen fandt de kreative m\u00e5der at forts\u00e6tte aktiviteterne p\u00e5, ogs\u00e5 med helt enkle midler.<\/p>\n<h3 style=\"text-align: justify;\"><strong>Hjemkomst med blandede f\u00f8lelser og taknemmelighed<\/strong><\/h3>\n<p style=\"text-align: justify;\">Hjemme igen tog det Claire tid at v\u00e6nne sig til hverdagen. \u00ab Alt f\u00f8ltes for hurtigt og for larmende. \u00bb Men hun blev is\u00e6r opm\u00e6rksom p\u00e5, hvor meget opholdet havde l\u00e6rt hende. T\u00e5lmodighed, empati og overblik: kvaliteter hun i dag bruger i sit arbejde som p\u00e6dagog. \u00ab Oplevelsen l\u00e6rte mig at s\u00e6tte ting i perspektiv. Jeg f\u00f8ler mig st\u00e6rkere, roligere og mere \u00e5ben. \u00bb<\/p>\n<p style=\"text-align: justify;\">For hende blev <strong>resiliens p\u00e5 et internationalt forl\u00f8b<\/strong> til en livsindstilling. Det handler ikke kun om at h\u00e5ndtere sv\u00e6re situationer, men ogs\u00e5 om at finde mening i det, man oplever \u2013 og holde fast i det positive, selv n\u00e5r alt virker usikkert. \u00ab Jeg ved nu, at styrke ikke er at kontrollere alt, men at kunne omstille sig med et smil. \u00bb<\/p>\n<h2><\/h2>\n<h2 id=\"confiance\" style=\"text-align: justify;\"><strong>Hvordan opholdet kan styrke selvtillid og personlig udvikling<\/strong><\/h2>\n<p style=\"text-align: justify;\"><strong>Resiliens p\u00e5 et internationalt forl\u00f8b<\/strong> handler ikke kun om de udfordringer, man kommer igennem. Den s\u00e6tter spor. N\u00e5r man indg\u00e5r i en meningsfuld hverdag langt hjemmefra, opdager mange sider af sig selv, som de ikke havde lagt m\u00e6rke til f\u00f8r. Man l\u00e6rer sig selv bedre at kende, f\u00e5r mere tillid til egne valg og l\u00e6rer at v\u00e6rds\u00e6tte de sm\u00e5 sejre. Det er den indre bev\u00e6gelse, der g\u00f8r opholdet s\u00e5 mindev\u00e6rdigt.<\/p>\n<h3 style=\"text-align: justify;\"><strong>Selvtillid gennem handling<\/strong><\/h3>\n<p style=\"text-align: justify;\">At handle \u2013 ogs\u00e5 i det sm\u00e5 \u2013 kan give selvtillid. N\u00e5r man deltager i et projekt, der giver mening, kan man m\u00e6rke v\u00e6rdien af sin indsats i praksis. Mange ser, at de kan bidrage, ogs\u00e5 uden at v\u00e6re eksperter. Det skaber en sund og realistisk selvf\u00f8lelse.<\/p>\n<p style=\"text-align: justify;\">P\u00e5 stedet t\u00e6ller hvert skridt: en aktivitet, der lykkes, en god samtale, et smil man f\u00e5r igen. De \u00f8jeblikke, enkle men \u00e6gte, giver energi. P\u00e5 den m\u00e5de vokser <strong>resiliens<\/strong> gennem de positive erfaringer. Deltagerne l\u00e6rer, at de ikke er der for at \u00e6ndre alt, men for at g\u00e5 fremad \u2013 trin for trin, med omtanke og stabilitet.<\/p>\n<h3 style=\"text-align: justify;\"><strong>At give slip for at komme videre<\/strong><\/h3>\n<p style=\"text-align: justify;\">Et ophold l\u00e6rer ogs\u00e5 mange at give slip. Nogle ting kan man ikke styre, og det er ikke det samme som at fejle. At kunne acceptere situationen og finde en ny vej er en del af processen. Den mere afslappede tilgang kan give en f\u00f8lelse af indre ro. Den viser, at <strong>resiliens p\u00e5 et internationalt forl\u00f8b<\/strong> ikke er h\u00e5rdhed, men et valg om balance.<\/p>\n<p style=\"text-align: justify;\">Mange oplever samtidig, at de bliver bedre til at h\u00e5ndtere deres f\u00f8lelser. De tager et skridt tilbage, tr\u00e6kker vejret og fokuserer p\u00e5 det vigtigste. Den ro kan de tage med sig langt ud over opholdet.<\/p>\n<h3 style=\"text-align: justify;\"><strong>En forandring, der r\u00e6kker videre<\/strong><\/h3>\n<p style=\"text-align: justify;\">Gevinsterne ved <strong>resiliens<\/strong> forts\u00e6tter ofte l\u00e6nge efter hjemkomsten. Mange fort\u00e6ller, at de f\u00f8ler sig mere sikre i studier, arbejdsliv og relationer. Situationer, der f\u00f8r virkede stressende, f\u00f8les mere h\u00e5ndterbare. De ved, at t\u00e5lmodighed, n\u00e6rv\u00e6r og ydmyghed ofte \u00e5bner d\u00f8re.<\/p>\n<p style=\"text-align: justify;\">I sidste ende fungerer <strong>resiliens p\u00e5 et <a href=\"https:\/\/www.vita-explorers.dk\/blog\/internationalt-immersionsforloeb-og-frivilligt-arbejde\/\" target=\"_blank\" rel=\"noopener\">internationalt forl\u00f8b<\/a><\/strong> som en slags livsskole. Den l\u00e6rer \u00e9n at omstille sig, s\u00e6tte ting i perspektiv og bevare et positivt blik. Den bygger en holdbar selvtillid og et nyt syn p\u00e5 verden. Derfor kommer mange hjem forandrede: mere robuste, roligere og ofte mere bevidste om v\u00e6rdien af menneskelige relationer.<\/p>\n<h2><\/h2>\n<h2><a href=\"https:\/\/www.vita-explorers.dk\/blog\/wp-content\/uploads\/2024\/10\/WhatsApp-Image-2024-09-13-at-19.43.14-1.jpeg\"><img loading=\"lazy\" decoding=\"async\" class=\"size-medium wp-image-17873 aligncenter\" src=\"https:\/\/www.vita-explorers.dk\/blog\/wp-content\/uploads\/2024\/10\/WhatsApp-Image-2024-09-13-at-19.43.14-1-225x300.jpeg\" alt=\"Internationalt frivilligt arbejde\" width=\"225\" height=\"300\" srcset=\"https:\/\/www.vita-explorers.dk\/blog\/wp-content\/uploads\/2024\/10\/WhatsApp-Image-2024-09-13-at-19.43.14-1-225x300.jpeg 225w, https:\/\/www.vita-explorers.dk\/blog\/wp-content\/uploads\/2024\/10\/WhatsApp-Image-2024-09-13-at-19.43.14-1-768x1024.jpeg 768w, https:\/\/www.vita-explorers.dk\/blog\/wp-content\/uploads\/2024\/10\/WhatsApp-Image-2024-09-13-at-19.43.14-1-1152x1536.jpeg 1152w, https:\/\/www.vita-explorers.dk\/blog\/wp-content\/uploads\/2024\/10\/WhatsApp-Image-2024-09-13-at-19.43.14-1.jpeg 1536w\" sizes=\"(max-width: 225px) 100vw, 225px\" \/><\/a><\/h2>\n<h2><\/h2>\n<h2 id=\"conclusion\" style=\"text-align: justify;\"><strong>Konklusion: resiliens som livslang l\u00e6ring<\/strong><\/h2>\n<p style=\"text-align: justify;\"><strong>Resiliens p\u00e5 et internationalt forl\u00f8b<\/strong> er ikke kun en kompetence, man f\u00e5r med tiden. Det er ogs\u00e5 en livsindstilling. Den l\u00e6rer os at acceptere det uventede, bevare roen i det ukendte og have tillid til f\u00e6llesskabet. Med den kan hver deltager opdage en styrke, de ikke vidste, de havde.<\/p>\n<p style=\"text-align: justify;\">Dag for dag bliver udfordringer til erfaringer, og f\u00f8lelser kan blive drivkraft for udvikling. N\u00e5r man st\u00e5r i virkelige situationer, l\u00e6rer man at reagere med mere fleksibilitet og empati. Man forst\u00e5r, at vedholdenhed og venlighed kan skabe en mere stabil balance.<\/p>\n<p style=\"text-align: justify;\">Samtidig r\u00e6kker <strong>resiliens<\/strong> langt ud over selve opholdet. Den f\u00f8lger med i hverdagen, i studierne, p\u00e5 arbejdet og i relationer. Erfaringerne fra tiden ude kan blive en kilde til inspiration, n\u00e5r man m\u00f8der fremtidige udfordringer.<\/p>\n<p style=\"text-align: justify;\">P\u00e5 den m\u00e5de kan <strong>resiliens p\u00e5 et internationalt forl\u00f8b<\/strong> ogs\u00e5 forbinde mennesker. Den fremmer lytten, respekt og forst\u00e5else. Den l\u00e6rer os, at vi kan tilpasse os, l\u00e6re og bev\u00e6ge os fremad \u2013 ogs\u00e5 n\u00e5r vejen er usikker.<\/p>\n<p style=\"text-align: justify;\">I sidste ende er den rolige styrke ikke et medf\u00f8dt talent for de f\u00e5. Den kan \u00f8ves, l\u00e6res og deles. Hvert ophold, hvert m\u00f8de og hvert smil f\u00e5r den til at vokse. Evnen til at rejse sig igen, st\u00e5 fast og holde h\u00e5bet g\u00f8r resiliens til en af de mest v\u00e6rdifulde erfaringer, man kan tage med sig fra et humanit\u00e6rt ophold.<\/p>\n<p>0<\/p>\n<h3 id=\"contact\" style=\"text-align: center;\">Klar til at tage n\u00e6ste skridt?<\/h3>\n<p style=\"text-align: center;\"><a href=\"https:\/\/www.vita-explorers.dk\/#tel-contact-form-glob\" target=\"_blank\" rel=\"noopener\">Jeg vil gerne s\u00e6ttes i kontakt<\/a><\/p>\n<p class=\"muted\" style=\"text-align: center;\">\u00a9 VITA Institute \u2014 ressourcer til ansvarlige internationale forl\u00f8b.<\/p>\n<p class=\"p4\" style=\"text-align: center;\"><b>Har du sp\u00f8rgsm\u00e5l, er du velkommen til at kontakte os p\u00e5 <\/b><a href=\"mailto:info@globalong.com\"><span class=\"s2\"><b>info@globalong.com<\/b><\/span><\/a><\/p>\n<p class=\"p4\" style=\"text-align: center;\"><b>Vil du f\u00f8lge med i VITA Institute og vores community, s\u00e5 find os p\u00e5 <\/b><a href=\"https:\/\/www.instagram.com\/globalongofficiel\/\" target=\"_blank\" rel=\"noopener\"><span class=\"s2\"><b>Instagram<\/b><\/span><\/a><b>, <\/b><a href=\"https:\/\/www.facebook.com\/globalong\" target=\"_blank\" rel=\"noopener\"><span class=\"s2\"><b>Facebook<\/b><\/span><\/a><b>, <\/b><a href=\"https:\/\/www.linkedin.com\/company\/5113177\/admin\/feed\/posts\/\" target=\"_blank\" rel=\"noopener\"><span class=\"s2\"><b>LinkedIn<\/b><\/span><\/a><b> og <\/b><a href=\"https:\/\/www.youtube.com\/c\/globalong\/videos\" target=\"_blank\" rel=\"noopener\"><span class=\"s2\"><b>Youtube<\/b><\/span><\/a><b>!<\/b><\/p>\n","protected":false},"excerpt":{"rendered":"<p>Resiliens p\u00e5 et internationalt forl\u00f8b: at finde fodf\u00e6ste i udlandet Resiliens p\u00e5 et internationalt forl\u00f8b er en vigtig egenskab for alle, der v\u00e6lger at\u2026<\/p>\n","protected":false},"author":7,"featured_media":16770,"comment_status":"open","ping_status":"open","sticky":false,"template":"","format":"standard","meta":{"footnotes":""},"categories":[1459],"tags":[],"yoast_head":"<!-- This site is optimized with the Yoast SEO Premium plugin v23.4 (Yoast SEO v23.4) - https:\/\/yoast.com\/wordpress\/plugins\/seo\/ -->\n<title>Robusthed i internationale forl\u00f8b og personlig udvikling<\/title>\n<meta name=\"description\" content=\"D\u00e9couvrez comment les missions humanitaires renforcent la r\u00e9silience, l\u2019adaptation et la force int\u00e9rieure des volontaires \u00e0 travers le monde.\" \/>\n<meta name=\"robots\" content=\"index, follow, max-snippet:-1, max-image-preview:large, max-video-preview:-1\" \/>\n<link rel=\"canonical\" href=\"https:\/\/www.vita-explorers.dk\/blog\/robusthed-paa-internationalt-forloeb\/\" \/>\n<meta property=\"og:locale\" content=\"da_DK\" \/>\n<meta property=\"og:type\" content=\"article\" \/>\n<meta property=\"og:title\" content=\"Styrk din robusthed gennem et humanit\u00e6rt ophold i udlandet\" \/>\n<meta property=\"og:description\" content=\"D\u00e9couvrez comment les missions humanitaires renforcent la r\u00e9silience, l\u2019adaptation et la force int\u00e9rieure des volontaires \u00e0 travers le monde.\" \/>\n<meta property=\"og:url\" content=\"https:\/\/www.vita-explorers.dk\/blog\/robusthed-paa-internationalt-forloeb\/\" \/>\n<meta property=\"og:site_name\" content=\"VITA Explorers Blog\" \/>\n<meta property=\"article:publisher\" content=\"https:\/\/www.facebook.com\/globalong\" \/>\n<meta property=\"article:published_time\" content=\"2025-10-19T12:56:04+00:00\" \/>\n<meta property=\"article:modified_time\" content=\"2025-10-19T15:10:22+00:00\" \/>\n<meta property=\"og:image\" content=\"https:\/\/www.vita-explorers.dk\/blog\/wp-content\/uploads\/2024\/06\/IMG_7868-Marie-Mahaut.jpeg\" \/>\n\t<meta property=\"og:image:width\" content=\"2208\" \/>\n\t<meta property=\"og:image:height\" content=\"1656\" \/>\n\t<meta property=\"og:image:type\" content=\"image\/jpeg\" \/>\n<meta name=\"author\" content=\"VITA Tribe\" \/>\n<meta name=\"twitter:card\" content=\"summary_large_image\" \/>\n<meta name=\"twitter:label1\" content=\"Skrevet af\" \/>\n\t<meta name=\"twitter:data1\" content=\"VITA Tribe\" \/>\n\t<meta name=\"twitter:label2\" content=\"Estimeret l\u00e6setid\" \/>\n\t<meta name=\"twitter:data2\" content=\"13 minutter\" \/>\n<script type=\"application\/ld+json\" class=\"yoast-schema-graph\">{\"@context\":\"https:\/\/schema.org\",\"@graph\":[{\"@type\":\"Article\",\"@id\":\"https:\/\/www.vita-explorers.dk\/blog\/robusthed-paa-internationalt-forloeb\/#article\",\"isPartOf\":{\"@id\":\"https:\/\/www.vita-explorers.dk\/blog\/robusthed-paa-internationalt-forloeb\/\"},\"author\":{\"name\":\"VITA Tribe\",\"@id\":\"https:\/\/www.vita-explorers.dk\/blog\/#\/schema\/person\/fc0343a2f2db2ebb2793c1f62dbe73f0\"},\"headline\":\"Styrk din robusthed gennem et humanit\u00e6rt ophold i udlandet\",\"datePublished\":\"2025-10-19T12:56:04+00:00\",\"dateModified\":\"2025-10-19T15:10:22+00:00\",\"mainEntityOfPage\":{\"@id\":\"https:\/\/www.vita-explorers.dk\/blog\/robusthed-paa-internationalt-forloeb\/\"},\"wordCount\":2560,\"commentCount\":0,\"publisher\":{\"@id\":\"https:\/\/www.vita-explorers.dk\/blog\/#organization\"},\"image\":{\"@id\":\"https:\/\/www.vita-explorers.dk\/blog\/robusthed-paa-internationalt-forloeb\/#primaryimage\"},\"thumbnailUrl\":\"https:\/\/www.vita-explorers.dk\/blog\/wp-content\/uploads\/2024\/06\/IMG_7868-Marie-Mahaut.jpeg\",\"articleSection\":[\"Personlig udvikling\"],\"inLanguage\":\"da-DK\",\"potentialAction\":[{\"@type\":\"CommentAction\",\"name\":\"Comment\",\"target\":[\"https:\/\/www.vita-explorers.dk\/blog\/robusthed-paa-internationalt-forloeb\/#respond\"]}]},{\"@type\":\"WebPage\",\"@id\":\"https:\/\/www.vita-explorers.dk\/blog\/robusthed-paa-internationalt-forloeb\/\",\"url\":\"https:\/\/www.vita-explorers.dk\/blog\/robusthed-paa-internationalt-forloeb\/\",\"name\":\"Robusthed i internationale forl\u00f8b og personlig udvikling\",\"isPartOf\":{\"@id\":\"https:\/\/www.vita-explorers.dk\/blog\/#website\"},\"primaryImageOfPage\":{\"@id\":\"https:\/\/www.vita-explorers.dk\/blog\/robusthed-paa-internationalt-forloeb\/#primaryimage\"},\"image\":{\"@id\":\"https:\/\/www.vita-explorers.dk\/blog\/robusthed-paa-internationalt-forloeb\/#primaryimage\"},\"thumbnailUrl\":\"https:\/\/www.vita-explorers.dk\/blog\/wp-content\/uploads\/2024\/06\/IMG_7868-Marie-Mahaut.jpeg\",\"datePublished\":\"2025-10-19T12:56:04+00:00\",\"dateModified\":\"2025-10-19T15:10:22+00:00\",\"description\":\"D\u00e9couvrez comment les missions humanitaires renforcent la r\u00e9silience, l\u2019adaptation et la force int\u00e9rieure des volontaires \u00e0 travers le monde.\",\"breadcrumb\":{\"@id\":\"https:\/\/www.vita-explorers.dk\/blog\/robusthed-paa-internationalt-forloeb\/#breadcrumb\"},\"inLanguage\":\"da-DK\",\"potentialAction\":[{\"@type\":\"ReadAction\",\"target\":[\"https:\/\/www.vita-explorers.dk\/blog\/robusthed-paa-internationalt-forloeb\/\"]}]},{\"@type\":\"ImageObject\",\"inLanguage\":\"da-DK\",\"@id\":\"https:\/\/www.vita-explorers.dk\/blog\/robusthed-paa-internationalt-forloeb\/#primaryimage\",\"url\":\"https:\/\/www.vita-explorers.dk\/blog\/wp-content\/uploads\/2024\/06\/IMG_7868-Marie-Mahaut.jpeg\",\"contentUrl\":\"https:\/\/www.vita-explorers.dk\/blog\/wp-content\/uploads\/2024\/06\/IMG_7868-Marie-Mahaut.jpeg\",\"width\":2208,\"height\":1656,\"caption\":\"Mission humanitaire \u00e0 l'\u00e9tranger\"},{\"@type\":\"BreadcrumbList\",\"@id\":\"https:\/\/www.vita-explorers.dk\/blog\/robusthed-paa-internationalt-forloeb\/#breadcrumb\",\"itemListElement\":[{\"@type\":\"ListItem\",\"position\":1,\"name\":\"Accueil\",\"item\":\"https:\/\/www.vita-explorers.dk\/blog\/\"},{\"@type\":\"ListItem\",\"position\":2,\"name\":\"Styrk din robusthed gennem et humanit\u00e6rt ophold i udlandet\"}]},{\"@type\":\"WebSite\",\"@id\":\"https:\/\/www.vita-explorers.dk\/blog\/#website\",\"url\":\"https:\/\/www.vita-explorers.dk\/blog\/\",\"name\":\"Association Globalong\",\"description\":\"Frivilligt arbejde, sprogophold, praktik i udlandet og internationale oplevelser\",\"publisher\":{\"@id\":\"https:\/\/www.vita-explorers.dk\/blog\/#organization\"},\"potentialAction\":[{\"@type\":\"SearchAction\",\"target\":{\"@type\":\"EntryPoint\",\"urlTemplate\":\"https:\/\/www.vita-explorers.dk\/blog\/?s={search_term_string}\"},\"query-input\":{\"@type\":\"PropertyValueSpecification\",\"valueRequired\":true,\"valueName\":\"search_term_string\"}}],\"inLanguage\":\"da-DK\"},{\"@type\":\"Organization\",\"@id\":\"https:\/\/www.vita-explorers.dk\/blog\/#organization\",\"name\":\"Association Globalong\",\"url\":\"https:\/\/www.vita-explorers.dk\/blog\/\",\"logo\":{\"@type\":\"ImageObject\",\"inLanguage\":\"da-DK\",\"@id\":\"https:\/\/www.vita-explorers.dk\/blog\/#\/schema\/logo\/image\/\",\"url\":\"https:\/\/www.globalong.com\/blog\/wp-content\/uploads\/2014\/11\/cropped-cropped-Logo-et-Afrique-Globalong-petite-taille-2.jpg\",\"contentUrl\":\"https:\/\/www.globalong.com\/blog\/wp-content\/uploads\/2014\/11\/cropped-cropped-Logo-et-Afrique-Globalong-petite-taille-2.jpg\",\"width\":512,\"height\":512,\"caption\":\"Association Globalong\"},\"image\":{\"@id\":\"https:\/\/www.vita-explorers.dk\/blog\/#\/schema\/logo\/image\/\"},\"sameAs\":[\"https:\/\/www.facebook.com\/globalong\"]},{\"@type\":\"Person\",\"@id\":\"https:\/\/www.vita-explorers.dk\/blog\/#\/schema\/person\/fc0343a2f2db2ebb2793c1f62dbe73f0\",\"name\":\"VITA Tribe\",\"image\":{\"@type\":\"ImageObject\",\"inLanguage\":\"da-DK\",\"@id\":\"https:\/\/www.vita-explorers.dk\/blog\/#\/schema\/person\/image\/\",\"url\":\"https:\/\/secure.gravatar.com\/avatar\/f7f05026bb439d0c96b30e135e5f852c?s=96&d=mm&r=g\",\"contentUrl\":\"https:\/\/secure.gravatar.com\/avatar\/f7f05026bb439d0c96b30e135e5f852c?s=96&d=mm&r=g\",\"caption\":\"VITA Tribe\"},\"sameAs\":[\"http:\/\/www.globalong.com\"],\"url\":\"https:\/\/www.vita-explorers.dk\/blog\/author\/teamglobalong\/\"}]}<\/script>\n<!-- \/ Yoast SEO Premium plugin. -->","yoast_head_json":{"title":"Robusthed i internationale forl\u00f8b og personlig udvikling","description":"D\u00e9couvrez comment les missions humanitaires renforcent la r\u00e9silience, l\u2019adaptation et la force int\u00e9rieure des volontaires \u00e0 travers le monde.","robots":{"index":"index","follow":"follow","max-snippet":"max-snippet:-1","max-image-preview":"max-image-preview:large","max-video-preview":"max-video-preview:-1"},"canonical":"https:\/\/www.vita-explorers.dk\/blog\/robusthed-paa-internationalt-forloeb\/","og_locale":"da_DK","og_type":"article","og_title":"Styrk din robusthed gennem et humanit\u00e6rt ophold i udlandet","og_description":"D\u00e9couvrez comment les missions humanitaires renforcent la r\u00e9silience, l\u2019adaptation et la force int\u00e9rieure des volontaires \u00e0 travers le monde.","og_url":"https:\/\/www.vita-explorers.dk\/blog\/robusthed-paa-internationalt-forloeb\/","og_site_name":"VITA Explorers Blog","article_publisher":"https:\/\/www.facebook.com\/globalong","article_published_time":"2025-10-19T12:56:04+00:00","article_modified_time":"2025-10-19T15:10:22+00:00","og_image":[{"width":2208,"height":1656,"url":"https:\/\/www.vita-explorers.dk\/blog\/wp-content\/uploads\/2024\/06\/IMG_7868-Marie-Mahaut.jpeg","type":"image\/jpeg"}],"author":"VITA Tribe","twitter_card":"summary_large_image","twitter_misc":{"Skrevet af":"VITA Tribe","Estimeret l\u00e6setid":"13 minutter"},"schema":{"@context":"https:\/\/schema.org","@graph":[{"@type":"Article","@id":"https:\/\/www.vita-explorers.dk\/blog\/robusthed-paa-internationalt-forloeb\/#article","isPartOf":{"@id":"https:\/\/www.vita-explorers.dk\/blog\/robusthed-paa-internationalt-forloeb\/"},"author":{"name":"VITA Tribe","@id":"https:\/\/www.vita-explorers.dk\/blog\/#\/schema\/person\/fc0343a2f2db2ebb2793c1f62dbe73f0"},"headline":"Styrk din robusthed gennem et humanit\u00e6rt ophold i udlandet","datePublished":"2025-10-19T12:56:04+00:00","dateModified":"2025-10-19T15:10:22+00:00","mainEntityOfPage":{"@id":"https:\/\/www.vita-explorers.dk\/blog\/robusthed-paa-internationalt-forloeb\/"},"wordCount":2560,"commentCount":0,"publisher":{"@id":"https:\/\/www.vita-explorers.dk\/blog\/#organization"},"image":{"@id":"https:\/\/www.vita-explorers.dk\/blog\/robusthed-paa-internationalt-forloeb\/#primaryimage"},"thumbnailUrl":"https:\/\/www.vita-explorers.dk\/blog\/wp-content\/uploads\/2024\/06\/IMG_7868-Marie-Mahaut.jpeg","articleSection":["Personlig udvikling"],"inLanguage":"da-DK","potentialAction":[{"@type":"CommentAction","name":"Comment","target":["https:\/\/www.vita-explorers.dk\/blog\/robusthed-paa-internationalt-forloeb\/#respond"]}]},{"@type":"WebPage","@id":"https:\/\/www.vita-explorers.dk\/blog\/robusthed-paa-internationalt-forloeb\/","url":"https:\/\/www.vita-explorers.dk\/blog\/robusthed-paa-internationalt-forloeb\/","name":"Robusthed i internationale forl\u00f8b og personlig udvikling","isPartOf":{"@id":"https:\/\/www.vita-explorers.dk\/blog\/#website"},"primaryImageOfPage":{"@id":"https:\/\/www.vita-explorers.dk\/blog\/robusthed-paa-internationalt-forloeb\/#primaryimage"},"image":{"@id":"https:\/\/www.vita-explorers.dk\/blog\/robusthed-paa-internationalt-forloeb\/#primaryimage"},"thumbnailUrl":"https:\/\/www.vita-explorers.dk\/blog\/wp-content\/uploads\/2024\/06\/IMG_7868-Marie-Mahaut.jpeg","datePublished":"2025-10-19T12:56:04+00:00","dateModified":"2025-10-19T15:10:22+00:00","description":"D\u00e9couvrez comment les missions humanitaires renforcent la r\u00e9silience, l\u2019adaptation et la force int\u00e9rieure des volontaires \u00e0 travers le monde.","breadcrumb":{"@id":"https:\/\/www.vita-explorers.dk\/blog\/robusthed-paa-internationalt-forloeb\/#breadcrumb"},"inLanguage":"da-DK","potentialAction":[{"@type":"ReadAction","target":["https:\/\/www.vita-explorers.dk\/blog\/robusthed-paa-internationalt-forloeb\/"]}]},{"@type":"ImageObject","inLanguage":"da-DK","@id":"https:\/\/www.vita-explorers.dk\/blog\/robusthed-paa-internationalt-forloeb\/#primaryimage","url":"https:\/\/www.vita-explorers.dk\/blog\/wp-content\/uploads\/2024\/06\/IMG_7868-Marie-Mahaut.jpeg","contentUrl":"https:\/\/www.vita-explorers.dk\/blog\/wp-content\/uploads\/2024\/06\/IMG_7868-Marie-Mahaut.jpeg","width":2208,"height":1656,"caption":"Mission humanitaire \u00e0 l'\u00e9tranger"},{"@type":"BreadcrumbList","@id":"https:\/\/www.vita-explorers.dk\/blog\/robusthed-paa-internationalt-forloeb\/#breadcrumb","itemListElement":[{"@type":"ListItem","position":1,"name":"Accueil","item":"https:\/\/www.vita-explorers.dk\/blog\/"},{"@type":"ListItem","position":2,"name":"Styrk din robusthed gennem et humanit\u00e6rt ophold i udlandet"}]},{"@type":"WebSite","@id":"https:\/\/www.vita-explorers.dk\/blog\/#website","url":"https:\/\/www.vita-explorers.dk\/blog\/","name":"Association Globalong","description":"Frivilligt arbejde, sprogophold, praktik i udlandet og internationale oplevelser","publisher":{"@id":"https:\/\/www.vita-explorers.dk\/blog\/#organization"},"potentialAction":[{"@type":"SearchAction","target":{"@type":"EntryPoint","urlTemplate":"https:\/\/www.vita-explorers.dk\/blog\/?s={search_term_string}"},"query-input":{"@type":"PropertyValueSpecification","valueRequired":true,"valueName":"search_term_string"}}],"inLanguage":"da-DK"},{"@type":"Organization","@id":"https:\/\/www.vita-explorers.dk\/blog\/#organization","name":"Association Globalong","url":"https:\/\/www.vita-explorers.dk\/blog\/","logo":{"@type":"ImageObject","inLanguage":"da-DK","@id":"https:\/\/www.vita-explorers.dk\/blog\/#\/schema\/logo\/image\/","url":"https:\/\/www.globalong.com\/blog\/wp-content\/uploads\/2014\/11\/cropped-cropped-Logo-et-Afrique-Globalong-petite-taille-2.jpg","contentUrl":"https:\/\/www.globalong.com\/blog\/wp-content\/uploads\/2014\/11\/cropped-cropped-Logo-et-Afrique-Globalong-petite-taille-2.jpg","width":512,"height":512,"caption":"Association Globalong"},"image":{"@id":"https:\/\/www.vita-explorers.dk\/blog\/#\/schema\/logo\/image\/"},"sameAs":["https:\/\/www.facebook.com\/globalong"]},{"@type":"Person","@id":"https:\/\/www.vita-explorers.dk\/blog\/#\/schema\/person\/fc0343a2f2db2ebb2793c1f62dbe73f0","name":"VITA Tribe","image":{"@type":"ImageObject","inLanguage":"da-DK","@id":"https:\/\/www.vita-explorers.dk\/blog\/#\/schema\/person\/image\/","url":"https:\/\/secure.gravatar.com\/avatar\/f7f05026bb439d0c96b30e135e5f852c?s=96&d=mm&r=g","contentUrl":"https:\/\/secure.gravatar.com\/avatar\/f7f05026bb439d0c96b30e135e5f852c?s=96&d=mm&r=g","caption":"VITA Tribe"},"sameAs":["http:\/\/www.globalong.com"],"url":"https:\/\/www.vita-explorers.dk\/blog\/author\/teamglobalong\/"}]}},"_links":{"self":[{"href":"https:\/\/www.vita-explorers.dk\/blog\/wp-json\/wp\/v2\/posts\/22039"}],"collection":[{"href":"https:\/\/www.vita-explorers.dk\/blog\/wp-json\/wp\/v2\/posts"}],"about":[{"href":"https:\/\/www.vita-explorers.dk\/blog\/wp-json\/wp\/v2\/types\/post"}],"author":[{"embeddable":true,"href":"https:\/\/www.vita-explorers.dk\/blog\/wp-json\/wp\/v2\/users\/7"}],"replies":[{"embeddable":true,"href":"https:\/\/www.vita-explorers.dk\/blog\/wp-json\/wp\/v2\/comments?post=22039"}],"version-history":[{"count":3,"href":"https:\/\/www.vita-explorers.dk\/blog\/wp-json\/wp\/v2\/posts\/22039\/revisions"}],"predecessor-version":[{"id":22042,"href":"https:\/\/www.vita-explorers.dk\/blog\/wp-json\/wp\/v2\/posts\/22039\/revisions\/22042"}],"wp:featuredmedia":[{"embeddable":true,"href":"https:\/\/www.vita-explorers.dk\/blog\/wp-json\/wp\/v2\/media\/16770"}],"wp:attachment":[{"href":"https:\/\/www.vita-explorers.dk\/blog\/wp-json\/wp\/v2\/media?parent=22039"}],"wp:term":[{"taxonomy":"category","embeddable":true,"href":"https:\/\/www.vita-explorers.dk\/blog\/wp-json\/wp\/v2\/categories?post=22039"},{"taxonomy":"post_tag","embeddable":true,"href":"https:\/\/www.vita-explorers.dk\/blog\/wp-json\/wp\/v2\/tags?post=22039"}],"curies":[{"name":"wp","href":"https:\/\/api.w.org\/{rel}","templated":true}]}}