{"id":22107,"date":"2025-10-22T07:26:04","date_gmt":"2025-10-22T05:26:04","guid":{"rendered":"https:\/\/www.globalong.com\/blog\/?p=22107"},"modified":"2025-10-21T14:26:37","modified_gmt":"2025-10-21T12:26:37","slug":"humanitaere-forlob-i-bolivia","status":"publish","type":"post","link":"https:\/\/www.vita-explorers.dk\/blog\/humanitaere-forlob-i-bolivia\/","title":{"rendered":"Humanit\u00e6re forl\u00f8b i Bolivia: Frivilligt arbejde og meningsfulde praktikophold"},"content":{"rendered":"<p><!-- M\u00c9TA SEO --><\/p>\n<p><!-- \/M\u00c9TA SEO --><\/p>\n<h1>Humanit\u00e6re forl\u00f8b i Bolivia<\/h1>\n<p style=\"text-align: justify;\">At deltage i et <strong>humanit\u00e6rt forl\u00f8b i Bolivia<\/strong> er en meningsfuld rejse, der b\u00e5de giver f\u00e6llesskab og nye perspektiver. Midt i Sydamerika imponerer <strong>Bolivia<\/strong> med store naturoplevelser og en rig kulturarv. Fra Andesbjergene og Altiplano-h\u00f8jlandet til Amazonas\u2019 tropiske skove har hver region sin egen identitet. Samtidig er mange bolivianere kendt for deres varme g\u00e6stfrihed, som g\u00f8r det lettere at falde til.<\/p>\n<p style=\"text-align: justify;\">De <strong>humanit\u00e6re forl\u00f8b i Bolivia<\/strong> giver mulighed for at bidrage til lokale indsatser, mens du l\u00e6rer landet at kende p\u00e5 en n\u00e6r og respektfuld m\u00e5de. <strong>Solidariske projekter<\/strong> kan sp\u00e6nde bredt \u2013 fra undervisning og sundhed til milj\u00f8 og st\u00f8tte til b\u00f8rn. Med en s\u00e5dan indsats kan deltagere styrke lokale initiativer og skabe rum for kulturudveksling. P\u00e5 den m\u00e5de g\u00f8r hver VITA Explorer en konkret forskel \u2013 og f\u00e5r samtidig en l\u00e6rerig erfaring, der s\u00e6tter sig.<\/p>\n<p style=\"text-align: justify;\">At v\u00e6lge et <strong>humanit\u00e6rt praktikforl\u00f8b i Bolivia<\/strong> kan ogs\u00e5 v\u00e6re en mulighed for at udvikle sig og udfordre sig selv. N\u00e5r man tager del i hverdagen, opbygger man kompetencer som omstillingsparathed, interkulturel kommunikation og samarbejde. Derudover giver et ophold t\u00e6t p\u00e5 lokalsamfundene ofte bedre spansk og et indblik i en enkel, f\u00e6llesskabsorienteret livsform. Inden afrejse er det dog vigtigt at s\u00e6tte sig ind i rammerne for opholdet og de forskellige typer <strong>solidariske forl\u00f8b<\/strong>, s\u00e5 man kan forberede sig bedst muligt.<\/p>\n<p style=\"text-align: justify;\">Kort sagt kombinerer <strong>humanit\u00e6re forl\u00f8b i Bolivia<\/strong> oplevelser, l\u00e6ring og engagement. De giver mulighed for at bidrage konkret og samtidig dele st\u00e6rke \u00f8jeblikke med mennesker, man m\u00f8der undervejs. Denne guide hj\u00e6lper dig med at forst\u00e5 de mulige projekter, deres form\u00e5l og hvordan du kan engagere dig p\u00e5 en ansvarlig m\u00e5de.<\/p>\n<hr \/>\n<h2>Indhold \u2013 Humanit\u00e6re forl\u00f8b i Bolivia<\/h2>\n<ul>\n<li><a href=\"#pourquoi-partir\">Hvorfor tage afsted p\u00e5 et humanit\u00e6rt forl\u00f8b i Bolivia?<\/a><\/li>\n<li><a href=\"#types-missions\">De forskellige typer forl\u00f8b og praktikophold<\/a>\n<ul>\n<li><a href=\"#enfants\">Forl\u00f8b med b\u00f8rn<\/a><\/li>\n<li><a href=\"#medicales\">Sundheds- og socialfaglige forl\u00f8b<\/a><\/li>\n<li><a href=\"#ecovolontariat\">\u00d8ko-frivilligt arbejde og lokale f\u00e6llesskabsprojekter<\/a><\/li>\n<\/ul>\n<\/li>\n<li><a href=\"#preparer-depart\">S\u00e5dan forbereder du dit ophold i Bolivia<\/a>\n<ul>\n<li><a href=\"#conditions\">Krav, varighed og indkvartering<\/a><\/li>\n<li><a href=\"#immersion\">Sprog og kulturel indlevelse<\/a><\/li>\n<\/ul>\n<\/li>\n<li><a href=\"#temoignage\">En deltagers oplevelse<\/a><\/li>\n<li><a href=\"#benefices\">Det f\u00e5r du ud af et forl\u00f8b i Bolivia<\/a><\/li>\n<li><a href=\"#faq\">FAQ \u2013 Humanit\u00e6re forl\u00f8b i Bolivia<\/a><\/li>\n<li><a href=\"#conclusion\">Konklusion<\/a><\/li>\n<\/ul>\n<hr \/>\n<h2><\/h2>\n<p><a href=\"https:\/\/www.vita-explorers.dk\/blog\/wp-content\/uploads\/2018\/04\/8-Rurrenabaque-San-Miguel-Voyage-Rurrenabaque-17.22-31.mars2015.jpg\"><img loading=\"lazy\" decoding=\"async\" class=\"size-medium wp-image-9513 aligncenter\" src=\"https:\/\/www.vita-explorers.dk\/blog\/wp-content\/uploads\/2018\/04\/8-Rurrenabaque-San-Miguel-Voyage-Rurrenabaque-17.22-31.mars2015-300x200.jpg\" alt=\"Forl\u00f8b i Bolivia\" width=\"300\" height=\"200\" srcset=\"https:\/\/www.vita-explorers.dk\/blog\/wp-content\/uploads\/2018\/04\/8-Rurrenabaque-San-Miguel-Voyage-Rurrenabaque-17.22-31.mars2015-300x200.jpg 300w, https:\/\/www.vita-explorers.dk\/blog\/wp-content\/uploads\/2018\/04\/8-Rurrenabaque-San-Miguel-Voyage-Rurrenabaque-17.22-31.mars2015-768x512.jpg 768w, https:\/\/www.vita-explorers.dk\/blog\/wp-content\/uploads\/2018\/04\/8-Rurrenabaque-San-Miguel-Voyage-Rurrenabaque-17.22-31.mars2015-1024x683.jpg 1024w, https:\/\/www.vita-explorers.dk\/blog\/wp-content\/uploads\/2018\/04\/8-Rurrenabaque-San-Miguel-Voyage-Rurrenabaque-17.22-31.mars2015-150x100.jpg 150w, https:\/\/www.vita-explorers.dk\/blog\/wp-content\/uploads\/2018\/04\/8-Rurrenabaque-San-Miguel-Voyage-Rurrenabaque-17.22-31.mars2015.jpg 1600w\" sizes=\"(max-width: 300px) 100vw, 300px\" \/><\/a><\/p>\n<h2><\/h2>\n<h2 id=\"pourquoi-partir\">Hvorfor engagere sig i et solidarisk forl\u00f8b i Bolivia?<\/h2>\n<p style=\"text-align: justify;\">At engagere sig i et <strong>humanit\u00e6rt forl\u00f8b i Bolivia<\/strong> er en oplevelse, der rummer b\u00e5de menneskelig n\u00e6rhed, kulturm\u00f8der og l\u00e6ring. Dette andinske land, som mange kender mindre til, fascinerer med sin storsl\u00e5ede natur og st\u00e6rke traditioner. N\u00e5r du deltager i et lokalt projekt, f\u00e5r du indblik i en hverdag, hvor natur og f\u00e6llesskab fylder meget. Samtidig bidrager du til konkrete indsatser, der underst\u00f8tter <a href=\"https:\/\/www.vita-explorers.dk\/blog\/internationalt-frivilligt-arbejde-og-baeredygtig-udvikling\/\" target=\"_blank\" rel=\"noopener\">b\u00e6redygtig udvikling<\/a>.<\/p>\n<p style=\"text-align: justify;\">De <strong>solidariske projekter<\/strong> p\u00e5 stedet tager afs\u00e6t i reelle behov: bedre adgang til undervisning, st\u00f8tte til sundhedstilbud, beskyttelse af milj\u00f8et eller st\u00f8tte til mennesker i s\u00e5rbare situationer. Initiativerne skaber ogs\u00e5 kulturudveksling og giver et mere nuanceret blik p\u00e5 de sociale udfordringer, Bolivia st\u00e5r med. P\u00e5 den m\u00e5de hj\u00e6lper man til \u2013 og f\u00e5r samtidig en v\u00e6rdifuld livserfaring med hjem.<\/p>\n<p style=\"text-align: justify;\">At deltage i et <strong>humanit\u00e6rt praktikforl\u00f8b i Bolivia<\/strong> handler ogs\u00e5 om at kunne tilpasse sig og samarbejde i en anden kontekst. At leve i takt med lokalsamfundene kr\u00e6ver \u00e5benhed, lydh\u00f8rhed og fleksibilitet. Den form for indlevelse kan styrke b\u00e5de selvtillid, tolerance og evnen til at se situationer fra flere perspektiver. Derfor bliver oplevelsen for mange et vigtigt skridt \u2013 b\u00e5de personligt og fagligt.<\/p>\n<p style=\"text-align: justify;\">At v\u00e6lge <strong>Bolivia<\/strong> som ramme for et solidarisk engagement er samtidig at v\u00e6re med i en menneskelig fort\u00e6lling, der ofte s\u00e6tter spor l\u00e6nge efter hjemkomsten. De relationer, der opst\u00e5r, og de projekter, man l\u00f8fter sammen, kan g\u00f8re indtryk p\u00e5 en stille, men varig m\u00e5de. Samlet set giver <strong>humanit\u00e6re forl\u00f8b<\/strong> noget tilbage til begge sider \u2013 og kan \u00e6ndre, hvordan man ser verden og sin egen rolle i den.<\/p>\n<h2><\/h2>\n<h2 id=\"types-missions\">De forskellige typer forl\u00f8b og praktik i Bolivia<\/h2>\n<p style=\"text-align: justify;\">Der findes mange <strong>solidariske forl\u00f8b i Bolivia<\/strong>, og de kan tilpasses forskellige baggrunde. Uanset om du er studerende, nyuddannet eller bare s\u00f8ger et ophold med mening, kan du finde et projekt, der matcher dine interesser. Programmerne kombinerer konkret deltagelse, kulturel indlevelse og f\u00e6llesskab. De foreg\u00e5r is\u00e6r omkring Sucre i Andesregionen \u2013 eller i mere afsides omr\u00e5der t\u00e6t p\u00e5 Amazonas.<\/p>\n<h3 id=\"enfants\">Forl\u00f8b med b\u00f8rn<\/h3>\n<p style=\"text-align: justify;\">Indsatser inden for l\u00e6ring og hverdagsp\u00e6dagogik fylder meget i frivilligt arbejde i Bolivia. Mange b\u00f8rn fra \u00f8konomisk pressede familier mangler ekstra st\u00f8tte og adgang til p\u00e6dagogiske ressourcer. Her kan deltagere hj\u00e6lpe i skoler, dagtilbud eller b\u00f8rnecentre med l\u00e6sning, kreative aktiviteter og st\u00f8tte i hverdagen. Ved at give tid, n\u00e6rv\u00e6r og viden bidrager man direkte til b\u00f8rns trivsel og udvikling. Samtidig skaber denne type ophold naturligt plads til <a href=\"https:\/\/www.vita-explorers.dk\/blog\/interkulturelle-forloeb-i-udlandet-frivilligt-arbejde\/\" target=\"_blank\" rel=\"noopener\">kulturudveksling<\/a> og gensidig respekt.<\/p>\n<h3 id=\"medicales\">Sundheds- og socialfaglige forl\u00f8b<\/h3>\n<p style=\"text-align: justify;\">Andre <strong>humanit\u00e6re forl\u00f8b i Bolivia<\/strong> handler om sundhed og social st\u00f8tte. Lokale tilbud kan v\u00e6re begr\u00e6nset af b\u00e5de udstyr og bemanding. Derfor kan studerende inden for medicin, fysioterapi, psykologi eller socialt arbejde st\u00f8tte op om fagpersoner, f\u00f8lge konsultationer eller facilitere forebyggende aktiviteter. Ogs\u00e5 uden sundhedsfaglig baggrund kan man bidrage med fx formidling om hygiejne eller kost. Den type ophold bygger p\u00e5 l\u00e6ring i begge retninger og et t\u00e6t samarbejde med de lokale teams.<\/p>\n<h3 id=\"ecovolontariat\">\u00d8ko-frivilligt arbejde og lokale f\u00e6llesskabsprojekter<\/h3>\n<p style=\"text-align: justify;\">Endelig findes der initiativer i landdistrikter og i Amazonas-omr\u00e5det. Disse forl\u00f8b med \u00f8ko-frivilligt arbejde har fokus p\u00e5 naturbeskyttelse, genplantning og b\u00e6redygtig udvikling. Deltagere kan v\u00e6re med til konkrete opgaver som at plante tr\u00e6er, etablere f\u00e6lleshaver eller vedligeholde simple faciliteter. Derudover giver opholdet ofte indblik i traditionelle metoder og hverdagsviden i lokale f\u00e6llesskaber \u2013 med et liv t\u00e6t p\u00e5 naturen. Det kan v\u00e6re fysisk kr\u00e6vende, men mange beskriver det som en oplevelse, der b\u00e5de f\u00f8les meningsfuld og bliver siddende i kroppen l\u00e6nge.<\/p>\n<h2><\/h2>\n<p><a href=\"https:\/\/www.vita-explorers.dk\/blog\/wp-content\/uploads\/2019\/01\/2-Rurrenabaque-San-Miguel-Voyage-Rurrenabaque-18.08-23.mars2015-1-min.jpg\"><img loading=\"lazy\" decoding=\"async\" class=\"size-medium wp-image-12346 aligncenter\" src=\"https:\/\/www.vita-explorers.dk\/blog\/wp-content\/uploads\/2019\/01\/2-Rurrenabaque-San-Miguel-Voyage-Rurrenabaque-18.08-23.mars2015-1-min-300x200.jpg\" alt=\"Forl\u00f8b i Bolivia\" width=\"300\" height=\"200\" srcset=\"https:\/\/www.vita-explorers.dk\/blog\/wp-content\/uploads\/2019\/01\/2-Rurrenabaque-San-Miguel-Voyage-Rurrenabaque-18.08-23.mars2015-1-min-300x200.jpg 300w, https:\/\/www.vita-explorers.dk\/blog\/wp-content\/uploads\/2019\/01\/2-Rurrenabaque-San-Miguel-Voyage-Rurrenabaque-18.08-23.mars2015-1-min-768x512.jpg 768w, https:\/\/www.vita-explorers.dk\/blog\/wp-content\/uploads\/2019\/01\/2-Rurrenabaque-San-Miguel-Voyage-Rurrenabaque-18.08-23.mars2015-1-min-1024x683.jpg 1024w, https:\/\/www.vita-explorers.dk\/blog\/wp-content\/uploads\/2019\/01\/2-Rurrenabaque-San-Miguel-Voyage-Rurrenabaque-18.08-23.mars2015-1-min-150x100.jpg 150w, https:\/\/www.vita-explorers.dk\/blog\/wp-content\/uploads\/2019\/01\/2-Rurrenabaque-San-Miguel-Voyage-Rurrenabaque-18.08-23.mars2015-1-min.jpg 1600w\" sizes=\"(max-width: 300px) 100vw, 300px\" \/><\/a><\/p>\n<p>\u00a0<\/p>\n<h2 id=\"preparer-depart\">S\u00e5dan forbereder du dit ophold i Bolivia<\/h2>\n<p style=\"text-align: justify;\">Inden du tager afsted p\u00e5 et <strong>humanit\u00e6rt forl\u00f8b i Bolivia<\/strong>, er det en god id\u00e9 at planl\u00e6gge de vigtigste dele af opholdet i god tid. En solid forberedelse g\u00f8r det nemmere at f\u00e5 mest muligt ud af erfaringen og samtidig m\u00f8de de lokale rammer med realisme. Et ansvarligt ophold afh\u00e6nger b\u00e5de af din egen indsats og af, hvordan du forbereder dig. S\u00e6t dig derfor ind i landet, hverdagskultur, levevilk\u00e5r og de behov, der findes i de milj\u00f8er, du skal v\u00e6re en del af.<\/p>\n<h3 id=\"conditions\">Krav, varighed og indkvartering<\/h3>\n<p style=\"text-align: justify;\">De <strong>solidariske forl\u00f8b i Bolivia<\/strong> er typisk \u00e5bne fra 18 \u00e5r og uden \u00f8vre aldersgr\u00e6nse. Nogle steder er det ogs\u00e5 muligt for studerende at deltage som et <strong>humanit\u00e6rt praktikforl\u00f8b<\/strong> i forbindelse med deres uddannelse. Afh\u00e6ngigt af projektet varierer varigheden ofte mellem to uger og tre m\u00e5neder, s\u00e5 du kan tilpasse opholdet til din kalender.<br \/>\nDerudover bor deltagere ofte hos v\u00e6rtsfamilier. Det giver en naturlig hverdag, mere spansk i praksis og en t\u00e6ttere kulturel indlevelse. Ved forl\u00f8b i landdistrikter eller Amazonas kan indkvarteringen ogs\u00e5 v\u00e6re enkel f\u00e6llesbolig t\u00e6t p\u00e5 projektets aktiviteter.<\/p>\n<p style=\"text-align: justify;\">F\u00f8r afrejse er det vigtigt at have styr p\u00e5 praktiske forhold som pas, forsikring, vaccinationer og eventuelt visum, hvis opholdets l\u00e6ngde kr\u00e6ver det. N\u00e5r de formelle ting er p\u00e5 plads, bliver det lettere at fokusere p\u00e5 det vigtigste: m\u00f8det med mennesker og arbejdet i hverdagen. For at g\u00f8re overgangen tryg tilbyder mange samarbejder en forberedelse inden afrejse samt st\u00f8tte under hele opholdet.<\/p>\n<h3 id=\"immersion\">Sprog og kulturel indlevelse<\/h3>\n<p style=\"text-align: justify;\">Spansk er ikke altid et krav, men et basalt niveau g\u00f8r det v\u00e6sentligt lettere at kommunikere i hverdagen. Mange v\u00e6lger derfor at tage et par lektioner inden afrejse eller ved ankomst. Det styrker b\u00e5de selvst\u00e6ndighed og tryghed \u2013 og giver en bedre forst\u00e5else af det, man er en del af.<br \/>\nDerudover er <a href=\"https:\/\/www.vita-explorers.dk\/blog\/internationalt-immersionsforloeb-og-frivilligt-arbejde\/\" target=\"_blank\" rel=\"noopener\">kulturel indlevelse<\/a> en central del af oplevelsen: lokale h\u00f8jtider, madkultur og sociale normer giver opholdet dybde. N\u00e5r man m\u00f8der hverdagen med respekt for vaner og v\u00e6rdier, skaber det tillid og g\u00f8r engagementet mere meningsfuldt.<br \/>\nTil sidst er mental forberedelse ogs\u00e5 vigtig. Levevilk\u00e5rene kan v\u00e6re enkle, og kulturskiftet kan m\u00e6rkes. Alligevel er det ofte netop de \u00f8jeblikke, hvor man \u00f8ver sig i t\u00e5lmodighed og tilpasning, som bliver til de st\u00e6rkeste minder og den mest varige l\u00e6ring.<\/p>\n<h2><\/h2>\n<h2 id=\"temoignage\">En deltagers oplevelse: en uforglemmelig menneskelig erfaring<\/h2>\n<p style=\"text-align: justify;\">At tage afsted p\u00e5 et <strong>humanit\u00e6rt forl\u00f8b i Bolivia<\/strong> er mere end en rejse \u2013 det er en t\u00e6t indlevelse i en anden hverdag. Camille, som l\u00e6ser samfundsvidenskab, valgte at bruge seks uger p\u00e5 et undervisningsrelateret projekt i Sucre. Fra f\u00f8rste dag blev hun taget imod af en v\u00e6rtsfamilie, som delte deres hverdag med hende. Den n\u00e6rhed gjorde, at hun hurtigt fandt sig til rette og fik en forst\u00e5else for livet i omr\u00e5det \u2013 langt fra turistperspektivet.<\/p>\n<p style=\"text-align: justify;\">Hver morgen tog Camille til en lokal skole for at st\u00f8tte l\u00e6rerne i undervisningen. Med ro og kreativitet hjalp hun b\u00f8rnene med l\u00e6sning og skrivning og lavede l\u00e6ringslege. For hende var det her, at et <strong>solidarisk forl\u00f8b i Bolivia<\/strong> gav mest mening. Til geng\u00e6ld l\u00e6rte b\u00f8rnene hende nogle ord p\u00e5 quechua og delte deres energi og humor. Den daglige kontakt gav hende b\u00e5de motivation og st\u00f8rre tro p\u00e5 egne evner.<\/p>\n<p style=\"text-align: justify;\">Uden for skoletiden tog Camille del i kvarterets liv: f\u00e6lles madlavning, bes\u00f8g p\u00e5 markedet og lange samtaler over en mat\u00e9. For hende blev det netop de enkle, \u00e6rlige \u00f8jeblikke, der l\u00e6rte hende mest. Samtidig gjorde st\u00f8tten fra koordinatorerne p\u00e5 stedet det lettere at finde sin plads og engagere sig i projektet p\u00e5 en god m\u00e5de.<\/p>\n<p style=\"text-align: justify;\">Da opholdet sluttede, rejste Camille hjem med en oplevelse, der havde sat spor. Hun husker sit <strong>humanit\u00e6re forl\u00f8b i Bolivia<\/strong> som en tid pr\u00e6get af f\u00e6llesskab, venlighed og l\u00e6ring p\u00e5 tv\u00e6rs. I dag opfordrer hun andre til at tage afsted. For hende handler det om at l\u00e6re at se verden lidt bredere \u2013 og om at forst\u00e5, at selv sm\u00e5 bidrag kan have v\u00e6rdi, n\u00e5r de gives med respekt.<\/p>\n<h2><\/h2>\n<p><a href=\"https:\/\/www.vita-explorers.dk\/blog\/wp-content\/uploads\/2016\/04\/24-San-Miguel-Rurrenabaque-15.18-02.avr_.2015.jpg\"><img loading=\"lazy\" decoding=\"async\" class=\"size-medium wp-image-3677 aligncenter\" src=\"https:\/\/www.vita-explorers.dk\/blog\/wp-content\/uploads\/2016\/04\/24-San-Miguel-Rurrenabaque-15.18-02.avr_.2015-300x200.jpg\" alt=\"Charter for internationalt frivilligt arbejde\" width=\"300\" height=\"200\" srcset=\"https:\/\/www.vita-explorers.dk\/blog\/wp-content\/uploads\/2016\/04\/24-San-Miguel-Rurrenabaque-15.18-02.avr_.2015-300x200.jpg 300w, https:\/\/www.vita-explorers.dk\/blog\/wp-content\/uploads\/2016\/04\/24-San-Miguel-Rurrenabaque-15.18-02.avr_.2015-768x512.jpg 768w, https:\/\/www.vita-explorers.dk\/blog\/wp-content\/uploads\/2016\/04\/24-San-Miguel-Rurrenabaque-15.18-02.avr_.2015-1024x683.jpg 1024w, https:\/\/www.vita-explorers.dk\/blog\/wp-content\/uploads\/2016\/04\/24-San-Miguel-Rurrenabaque-15.18-02.avr_.2015-150x100.jpg 150w, https:\/\/www.vita-explorers.dk\/blog\/wp-content\/uploads\/2016\/04\/24-San-Miguel-Rurrenabaque-15.18-02.avr_.2015.jpg 1600w\" sizes=\"(max-width: 300px) 100vw, 300px\" \/><\/a><\/p>\n<p>\u00a0<\/p>\n<h2 id=\"benefices\">Det f\u00e5r du ud af et humanit\u00e6rt forl\u00f8b i Bolivia<\/h2>\n<p style=\"text-align: justify;\">At deltage i et <strong>humanit\u00e6rt forl\u00f8b i Bolivia<\/strong> kan give meget \u2013 b\u00e5de personligt og i f\u00e6llesskab. N\u00e5r du engagerer dig i et solidarisk projekt, f\u00e5r du mulighed for at bidrage konkret og samtidig opleve en hverdag, der adskiller sig fra din egen. Den type ophold kan styrke selvtillid, tolerance og evnen til at samarbejde. Det kan ogs\u00e5 udvikle initiativ, nysgerrighed og \u00e5benhed \u2013 kvaliteter, der er v\u00e6rdifulde b\u00e5de p\u00e5 studie, arbejde og i livet generelt.<\/p>\n<p style=\"text-align: justify;\">For studerende og nyuddannede kan et <strong>humanit\u00e6rt praktikforl\u00f8b i Bolivia<\/strong> v\u00e6re en s\u00e6rlig l\u00e6rerig ramme. Situationerne i praksis g\u00f8r det muligt at oms\u00e6tte teori til erfaring og opbygge nye kompetencer som projektforst\u00e5else, <a href=\"https:\/\/www.vita-explorers.dk\/blog\/interkulturelle-forloeb-i-udlandet-frivilligt-arbejde\/\" target=\"_blank\" rel=\"noopener\">interkulturel<\/a> kommunikation og tilpasning til et ukendt milj\u00f8. Samtidig kan et s\u00e5dant forl\u00f8b v\u00e6re et relevant punkt p\u00e5 CV\u2019et og vise, at man tager socialt ansvar.<\/p>\n<p style=\"text-align: justify;\">Gevinsten kan ogs\u00e5 m\u00e6rkes lokalt. N\u00e5r der er deltagere til stede, kan skoler, sundhedstilbud eller sociale initiativer f\u00e5 ekstra h\u00e6nder og energi. P\u00e5 den m\u00e5de skaber <strong>solidariske forl\u00f8b i Bolivia<\/strong> en udveksling, hvor deltagere bidrager med deres tid, og hvor lokalsamfundet deler viden og kultur. Den l\u00f8bende dialog kan styrke gensidig respekt og forst\u00e5else. Derfor er det ofte en erfaring, hvor begge parter st\u00e5r lidt st\u00e6rkere efterf\u00f8lgende.<\/p>\n<p style=\"text-align: justify;\">Endelig kan et <strong>humanit\u00e6rt forl\u00f8b i Bolivia<\/strong> \u00e6ndre, hvordan man ser verden. Nye omgivelser, en enklere hverdag og f\u00e6llesskab i praksis kan minde \u00e9n om, hvad der betyder noget. Efter hjemkomst v\u00e6lger mange at holde fast i forbindelsen til landet og engagere sig i nye indsatser. For nogle bliver opholdet et vendepunkt, der inspirerer til et l\u00e6ngerevarende engagement i internationalt samarbejde og respekt for forskellighed.<\/p>\n<h2><\/h2>\n<h2 id=\"faq\">FAQ \u2013 Humanit\u00e6re forl\u00f8b i Bolivia<\/h2>\n<p><strong>Skal man kunne spansk for at deltage i et humanit\u00e6rt forl\u00f8b i Bolivia?<\/strong><\/p>\n<p>Et grundl\u00e6ggende niveau i <a href=\"https:\/\/www.vita-explorers.dk\/sprogophold\/\" target=\"_blank\" rel=\"noopener\">spansk<\/a> g\u00f8r det lettere at kommunikere i hverdagen. Det er dog ikke altid et krav. Nogle projekter tilbyder undervisning p\u00e5 stedet, s\u00e5 deltagere kan rykke hurtigt. Derfor kan du ofte finde dig til rette, ogs\u00e5 selv om du ikke taler flydende.<\/p>\n<p><strong>Hvor l\u00e6nge varer et humanit\u00e6rt forl\u00f8b i Bolivia typisk?<\/strong><\/p>\n<p>Varigheden afh\u00e6nger af projektet og din situation. Ofte ligger forl\u00f8bene mellem to uger og tre m\u00e5neder. Det g\u00f8r det muligt at tilpasse opholdet til b\u00e5de tid, \u00f8konomi og personlige m\u00e5l.<\/p>\n<p><strong>Hvilke typer humanit\u00e6re forl\u00f8b kan man v\u00e6lge?<\/strong><\/p>\n<p>De <strong>humanit\u00e6re forl\u00f8b i Bolivia<\/strong> d\u00e6kker flere omr\u00e5der: undervisning, sundhed, st\u00f8tte til b\u00f8rn, milj\u00f8 og lokalsamfundsudvikling. Dermed kan du v\u00e6lge et projekt, der passer til dine kompetencer, dit studie eller din interesse for kulturudveksling.<\/p>\n<p><strong>Hvordan foreg\u00e5r indkvarteringen under opholdet?<\/strong><\/p>\n<p>De fleste deltagere bor hos v\u00e6rtsfamilier. Det giver kulturel indlevelse og et naturligt hverdagsf\u00e6llesskab. I nogle landomr\u00e5der kan der ogs\u00e5 v\u00e6re enkel f\u00e6lles indkvartering t\u00e6t p\u00e5 projektet. Derfor findes der typisk en l\u00f8sning, der passer til b\u00e5de sted og forl\u00f8b.<\/p>\n<p><strong>Hvorfor v\u00e6lge Bolivia til et solidarisk forl\u00f8b?<\/strong><\/p>\n<p><strong>Bolivia<\/strong> giver en autentisk kulturel indlevelse, stor naturm\u00e6ssig variation og mennesker, der ofte tager godt imod bes\u00f8gende. Et solidarisk ophold her g\u00f8r det muligt at bidrage konkret og samtidig l\u00e6re en rig og levende kultur at kende. For mange bliver det en erfaring, der s\u00e6tter sig gennem m\u00f8derne og udvekslingen i hverdagen.<\/p>\n<h2><\/h2>\n<h2><a href=\"https:\/\/www.vita-explorers.dk\/blog\/wp-content\/uploads\/2019\/01\/2-Sucre-Tarabuco-Voyage-Sucre-12.00-15.mars2015-min.jpg\"><img loading=\"lazy\" decoding=\"async\" class=\"size-medium wp-image-12289 aligncenter\" src=\"https:\/\/www.vita-explorers.dk\/blog\/wp-content\/uploads\/2019\/01\/2-Sucre-Tarabuco-Voyage-Sucre-12.00-15.mars2015-min-300x200.jpg\" alt=\"Humanit\u00e6rt ophold i Sydamerika\" width=\"300\" height=\"200\" srcset=\"https:\/\/www.vita-explorers.dk\/blog\/wp-content\/uploads\/2019\/01\/2-Sucre-Tarabuco-Voyage-Sucre-12.00-15.mars2015-min-300x200.jpg 300w, https:\/\/www.vita-explorers.dk\/blog\/wp-content\/uploads\/2019\/01\/2-Sucre-Tarabuco-Voyage-Sucre-12.00-15.mars2015-min-768x512.jpg 768w, https:\/\/www.vita-explorers.dk\/blog\/wp-content\/uploads\/2019\/01\/2-Sucre-Tarabuco-Voyage-Sucre-12.00-15.mars2015-min-1024x683.jpg 1024w, https:\/\/www.vita-explorers.dk\/blog\/wp-content\/uploads\/2019\/01\/2-Sucre-Tarabuco-Voyage-Sucre-12.00-15.mars2015-min-150x100.jpg 150w, https:\/\/www.vita-explorers.dk\/blog\/wp-content\/uploads\/2019\/01\/2-Sucre-Tarabuco-Voyage-Sucre-12.00-15.mars2015-min.jpg 1920w\" sizes=\"(max-width: 300px) 100vw, 300px\" \/><\/a><\/h2>\n<p>\u00a0<\/p>\n<h2 id=\"conclusion\">Konklusion<\/h2>\n<p style=\"text-align: justify;\">De <strong>humanit\u00e6re forl\u00f8b i Bolivia<\/strong> kombinerer konkret deltagelse, kulturm\u00f8der og personlig l\u00e6ring. Gennem projekterne kan du engagere dig p\u00e5 en meningsfuld m\u00e5de og give rejserammen et tydeligt form\u00e5l. Deltagere deler viden, f\u00e5r mindst lige s\u00e5 meget tilbage og indg\u00e5r i en \u00e6rlig udveksling med de mennesker, de m\u00f8der.<\/p>\n<p style=\"text-align: justify;\">At v\u00e6lge et <strong>humanit\u00e6rt praktikforl\u00f8b i Bolivia<\/strong> kan ogs\u00e5 styrke t\u00e5lmodighed, tolerance og omstillingsevne. Den daglige indlevelse g\u00f8r det lettere at forst\u00e5 lokale vilk\u00e5r og udvider perspektivet. Derfor efterlader hvert ophold ofte et varigt aftryk og en mere menneskelig m\u00e5de at se verden p\u00e5.<\/p>\n<p style=\"text-align: justify;\">De <strong>solidariske forl\u00f8b<\/strong> har en dobbelt effekt: de st\u00f8tter lokale indsatser og udvikler deltagerne. Relationerne, de delte smil og de erfaringer, man tager med sig, bliver en naturlig del af rejsen. Derfor vender mange hjem med nye pejlem\u00e6rker og et reelt \u00f8nske om at forts\u00e6tte med at engagere sig.<\/p>\n<p style=\"text-align: justify;\">Alt i alt kan et <strong>humanit\u00e6rt forl\u00f8b i Bolivia<\/strong> v\u00e6re en mulighed for at vokse, dele og bidrage til en mere solidarisk verden. Minderne og v\u00e6rdierne r\u00e6kker langt ud over selve opholdet. S\u00e5 hvorfor ikke tage n\u00e6ste skridt? Bolivia kan v\u00e6re rammen om din egen historie om f\u00e6llesskab og ansvarligt engagement.<\/p>\n<p>\u00a0<\/p>\n<p style=\"text-align: center;\"><strong>Klar til at tage n\u00e6ste skridt?<\/strong><\/p>\n<p style=\"text-align: center;\"><a href=\"https:\/\/www.vita-explorers.dk\/#tel-contact-form-glob\" target=\"_blank\" rel=\"noopener\">Jeg vil gerne h\u00f8re mere<\/a><\/p>\n<p class=\"muted\" style=\"text-align: center;\">\u00a9 VITA Institute \u2014 Ressourcer til ansvarlige internationale forl\u00f8b.<\/p>\n<p class=\"p4\" style=\"text-align: center;\"><b>Hvis du vil vide mere, er du velkommen til at kontakte os p\u00e5\u00a0<\/b><a href=\"mailto:info@globalong.com\"><span class=\"s2\"><b>info@globalong.com<\/b><\/span><\/a><\/p>\n<p class=\"p4\" style=\"text-align: center;\"><b>Vil du f\u00f8lge med i VITA Institute og vores community, s\u00e5 find os p\u00e5\u00a0<\/b><a href=\"https:\/\/www.instagram.com\/globalongofficiel\/\" target=\"_blank\" rel=\"noopener\"><span class=\"s2\"><b>Instagram<\/b><\/span><\/a><b>,\u00a0<\/b><a href=\"https:\/\/www.facebook.com\/globalong\" target=\"_blank\" rel=\"noopener\"><span class=\"s2\"><b>Facebook<\/b><\/span><\/a><b>,\u00a0<\/b><a href=\"https:\/\/www.linkedin.com\/company\/5113177\/admin\/feed\/posts\/\" target=\"_blank\" rel=\"noopener\"><span class=\"s2\"><b>LinkedIn<\/b><\/span><\/a><b>\u00a0og\u00a0<\/b><a href=\"https:\/\/www.youtube.com\/c\/globalong\/videos\" target=\"_blank\" rel=\"noopener\"><span class=\"s2\"><b>Youtube<\/b><\/span><\/a><b>\u00a0!\u00a0<\/b><\/p>\n","protected":false},"excerpt":{"rendered":"<p>Humanit\u00e6re forl\u00f8b i Bolivia At deltage i et humanit\u00e6rt forl\u00f8b i Bolivia er en meningsfuld rejse, der b\u00e5de giver f\u00e6llesskab og nye perspektiver. Midt\u2026<\/p>\n","protected":false},"author":7,"featured_media":15272,"comment_status":"open","ping_status":"open","sticky":false,"template":"","format":"standard","meta":{"footnotes":""},"categories":[8],"tags":[],"yoast_head":"<!-- This site is optimized with the Yoast SEO Premium plugin v23.4 (Yoast SEO v23.4) - https:\/\/yoast.com\/wordpress\/plugins\/seo\/ -->\n<title>frivilligt arbejde i Bolivia<\/title>\n<meta name=\"description\" content=\"D\u00e9couvrez les missions humanitaires en Bolivie et participez \u00e0 des projets enrichissants tout en soutenant les populations locales.\" \/>\n<meta name=\"robots\" content=\"index, follow, max-snippet:-1, max-image-preview:large, max-video-preview:-1\" \/>\n<link rel=\"canonical\" href=\"https:\/\/www.vita-explorers.dk\/blog\/humanitaere-forlob-i-bolivia\/\" \/>\n<meta property=\"og:locale\" content=\"da_DK\" \/>\n<meta property=\"og:type\" content=\"article\" \/>\n<meta property=\"og:title\" content=\"Humanit\u00e6re forl\u00f8b i Bolivia: Frivilligt arbejde og meningsfulde praktikophold\" \/>\n<meta property=\"og:description\" content=\"D\u00e9couvrez les missions humanitaires en Bolivie et participez \u00e0 des projets enrichissants tout en soutenant les populations locales.\" \/>\n<meta property=\"og:url\" content=\"https:\/\/www.vita-explorers.dk\/blog\/humanitaere-forlob-i-bolivia\/\" \/>\n<meta property=\"og:site_name\" content=\"VITA Explorers Blog\" \/>\n<meta property=\"article:publisher\" content=\"https:\/\/www.facebook.com\/globalong\" \/>\n<meta property=\"article:published_time\" content=\"2025-10-22T05:26:04+00:00\" \/>\n<meta property=\"article:modified_time\" content=\"2025-10-21T12:26:37+00:00\" \/>\n<meta property=\"og:image\" content=\"https:\/\/www.vita-explorers.dk\/blog\/wp-content\/uploads\/2023\/03\/20230305_120924-scaled.jpg\" \/>\n\t<meta property=\"og:image:width\" content=\"2560\" \/>\n\t<meta property=\"og:image:height\" content=\"1440\" \/>\n\t<meta property=\"og:image:type\" content=\"image\/jpeg\" \/>\n<meta name=\"author\" content=\"VITA Tribe\" \/>\n<meta name=\"twitter:card\" content=\"summary_large_image\" \/>\n<meta name=\"twitter:label1\" content=\"Skrevet af\" \/>\n\t<meta name=\"twitter:data1\" content=\"VITA Tribe\" \/>\n\t<meta name=\"twitter:label2\" content=\"Estimeret l\u00e6setid\" \/>\n\t<meta name=\"twitter:data2\" content=\"14 minutter\" \/>\n<script type=\"application\/ld+json\" class=\"yoast-schema-graph\">{\"@context\":\"https:\/\/schema.org\",\"@graph\":[{\"@type\":\"Article\",\"@id\":\"https:\/\/www.vita-explorers.dk\/blog\/humanitaere-forlob-i-bolivia\/#article\",\"isPartOf\":{\"@id\":\"https:\/\/www.vita-explorers.dk\/blog\/humanitaere-forlob-i-bolivia\/\"},\"author\":{\"name\":\"VITA Tribe\",\"@id\":\"https:\/\/www.vita-explorers.dk\/blog\/#\/schema\/person\/fc0343a2f2db2ebb2793c1f62dbe73f0\"},\"headline\":\"Humanit\u00e6re forl\u00f8b i Bolivia: Frivilligt arbejde og meningsfulde praktikophold\",\"datePublished\":\"2025-10-22T05:26:04+00:00\",\"dateModified\":\"2025-10-21T12:26:37+00:00\",\"mainEntityOfPage\":{\"@id\":\"https:\/\/www.vita-explorers.dk\/blog\/humanitaere-forlob-i-bolivia\/\"},\"wordCount\":2661,\"commentCount\":0,\"publisher\":{\"@id\":\"https:\/\/www.vita-explorers.dk\/blog\/#organization\"},\"image\":{\"@id\":\"https:\/\/www.vita-explorers.dk\/blog\/humanitaere-forlob-i-bolivia\/#primaryimage\"},\"thumbnailUrl\":\"https:\/\/www.vita-explorers.dk\/blog\/wp-content\/uploads\/2023\/03\/20230305_120924-scaled.jpg\",\"articleSection\":[\"Humanit\u00e6rt frivilligt arbejde\"],\"inLanguage\":\"da-DK\",\"potentialAction\":[{\"@type\":\"CommentAction\",\"name\":\"Comment\",\"target\":[\"https:\/\/www.vita-explorers.dk\/blog\/humanitaere-forlob-i-bolivia\/#respond\"]}]},{\"@type\":\"WebPage\",\"@id\":\"https:\/\/www.vita-explorers.dk\/blog\/humanitaere-forlob-i-bolivia\/\",\"url\":\"https:\/\/www.vita-explorers.dk\/blog\/humanitaere-forlob-i-bolivia\/\",\"name\":\"frivilligt arbejde i Bolivia\",\"isPartOf\":{\"@id\":\"https:\/\/www.vita-explorers.dk\/blog\/#website\"},\"primaryImageOfPage\":{\"@id\":\"https:\/\/www.vita-explorers.dk\/blog\/humanitaere-forlob-i-bolivia\/#primaryimage\"},\"image\":{\"@id\":\"https:\/\/www.vita-explorers.dk\/blog\/humanitaere-forlob-i-bolivia\/#primaryimage\"},\"thumbnailUrl\":\"https:\/\/www.vita-explorers.dk\/blog\/wp-content\/uploads\/2023\/03\/20230305_120924-scaled.jpg\",\"datePublished\":\"2025-10-22T05:26:04+00:00\",\"dateModified\":\"2025-10-21T12:26:37+00:00\",\"description\":\"D\u00e9couvrez les missions humanitaires en Bolivie et participez \u00e0 des projets enrichissants tout en soutenant les populations locales.\",\"breadcrumb\":{\"@id\":\"https:\/\/www.vita-explorers.dk\/blog\/humanitaere-forlob-i-bolivia\/#breadcrumb\"},\"inLanguage\":\"da-DK\",\"potentialAction\":[{\"@type\":\"ReadAction\",\"target\":[\"https:\/\/www.vita-explorers.dk\/blog\/humanitaere-forlob-i-bolivia\/\"]}]},{\"@type\":\"ImageObject\",\"inLanguage\":\"da-DK\",\"@id\":\"https:\/\/www.vita-explorers.dk\/blog\/humanitaere-forlob-i-bolivia\/#primaryimage\",\"url\":\"https:\/\/www.vita-explorers.dk\/blog\/wp-content\/uploads\/2023\/03\/20230305_120924-scaled.jpg\",\"contentUrl\":\"https:\/\/www.vita-explorers.dk\/blog\/wp-content\/uploads\/2023\/03\/20230305_120924-scaled.jpg\",\"width\":2560,\"height\":1440,\"caption\":\"Mission humanitaire en Bolivie.jeune volontaire participant \u00e0 un projet de service civique \u00e0 l'\u00e9tranger, collaborant avec une \u00e9quipe locale sur des initiatives communautaires.\"},{\"@type\":\"BreadcrumbList\",\"@id\":\"https:\/\/www.vita-explorers.dk\/blog\/humanitaere-forlob-i-bolivia\/#breadcrumb\",\"itemListElement\":[{\"@type\":\"ListItem\",\"position\":1,\"name\":\"Accueil\",\"item\":\"https:\/\/www.vita-explorers.dk\/blog\/\"},{\"@type\":\"ListItem\",\"position\":2,\"name\":\"Humanit\u00e6re forl\u00f8b i Bolivia: Frivilligt arbejde og meningsfulde praktikophold\"}]},{\"@type\":\"WebSite\",\"@id\":\"https:\/\/www.vita-explorers.dk\/blog\/#website\",\"url\":\"https:\/\/www.vita-explorers.dk\/blog\/\",\"name\":\"Association Globalong\",\"description\":\"Frivilligt arbejde, sprogophold, praktik i udlandet og internationale oplevelser\",\"publisher\":{\"@id\":\"https:\/\/www.vita-explorers.dk\/blog\/#organization\"},\"potentialAction\":[{\"@type\":\"SearchAction\",\"target\":{\"@type\":\"EntryPoint\",\"urlTemplate\":\"https:\/\/www.vita-explorers.dk\/blog\/?s={search_term_string}\"},\"query-input\":{\"@type\":\"PropertyValueSpecification\",\"valueRequired\":true,\"valueName\":\"search_term_string\"}}],\"inLanguage\":\"da-DK\"},{\"@type\":\"Organization\",\"@id\":\"https:\/\/www.vita-explorers.dk\/blog\/#organization\",\"name\":\"Association Globalong\",\"url\":\"https:\/\/www.vita-explorers.dk\/blog\/\",\"logo\":{\"@type\":\"ImageObject\",\"inLanguage\":\"da-DK\",\"@id\":\"https:\/\/www.vita-explorers.dk\/blog\/#\/schema\/logo\/image\/\",\"url\":\"https:\/\/www.globalong.com\/blog\/wp-content\/uploads\/2014\/11\/cropped-cropped-Logo-et-Afrique-Globalong-petite-taille-2.jpg\",\"contentUrl\":\"https:\/\/www.globalong.com\/blog\/wp-content\/uploads\/2014\/11\/cropped-cropped-Logo-et-Afrique-Globalong-petite-taille-2.jpg\",\"width\":512,\"height\":512,\"caption\":\"Association Globalong\"},\"image\":{\"@id\":\"https:\/\/www.vita-explorers.dk\/blog\/#\/schema\/logo\/image\/\"},\"sameAs\":[\"https:\/\/www.facebook.com\/globalong\"]},{\"@type\":\"Person\",\"@id\":\"https:\/\/www.vita-explorers.dk\/blog\/#\/schema\/person\/fc0343a2f2db2ebb2793c1f62dbe73f0\",\"name\":\"VITA Tribe\",\"image\":{\"@type\":\"ImageObject\",\"inLanguage\":\"da-DK\",\"@id\":\"https:\/\/www.vita-explorers.dk\/blog\/#\/schema\/person\/image\/\",\"url\":\"https:\/\/secure.gravatar.com\/avatar\/f7f05026bb439d0c96b30e135e5f852c?s=96&d=mm&r=g\",\"contentUrl\":\"https:\/\/secure.gravatar.com\/avatar\/f7f05026bb439d0c96b30e135e5f852c?s=96&d=mm&r=g\",\"caption\":\"VITA Tribe\"},\"sameAs\":[\"http:\/\/www.globalong.com\"],\"url\":\"https:\/\/www.vita-explorers.dk\/blog\/author\/teamglobalong\/\"}]}<\/script>\n<!-- \/ Yoast SEO Premium plugin. -->","yoast_head_json":{"title":"frivilligt arbejde i Bolivia","description":"D\u00e9couvrez les missions humanitaires en Bolivie et participez \u00e0 des projets enrichissants tout en soutenant les populations locales.","robots":{"index":"index","follow":"follow","max-snippet":"max-snippet:-1","max-image-preview":"max-image-preview:large","max-video-preview":"max-video-preview:-1"},"canonical":"https:\/\/www.vita-explorers.dk\/blog\/humanitaere-forlob-i-bolivia\/","og_locale":"da_DK","og_type":"article","og_title":"Humanit\u00e6re forl\u00f8b i Bolivia: Frivilligt arbejde og meningsfulde praktikophold","og_description":"D\u00e9couvrez les missions humanitaires en Bolivie et participez \u00e0 des projets enrichissants tout en soutenant les populations locales.","og_url":"https:\/\/www.vita-explorers.dk\/blog\/humanitaere-forlob-i-bolivia\/","og_site_name":"VITA Explorers Blog","article_publisher":"https:\/\/www.facebook.com\/globalong","article_published_time":"2025-10-22T05:26:04+00:00","article_modified_time":"2025-10-21T12:26:37+00:00","og_image":[{"width":2560,"height":1440,"url":"https:\/\/www.vita-explorers.dk\/blog\/wp-content\/uploads\/2023\/03\/20230305_120924-scaled.jpg","type":"image\/jpeg"}],"author":"VITA Tribe","twitter_card":"summary_large_image","twitter_misc":{"Skrevet af":"VITA Tribe","Estimeret l\u00e6setid":"14 minutter"},"schema":{"@context":"https:\/\/schema.org","@graph":[{"@type":"Article","@id":"https:\/\/www.vita-explorers.dk\/blog\/humanitaere-forlob-i-bolivia\/#article","isPartOf":{"@id":"https:\/\/www.vita-explorers.dk\/blog\/humanitaere-forlob-i-bolivia\/"},"author":{"name":"VITA Tribe","@id":"https:\/\/www.vita-explorers.dk\/blog\/#\/schema\/person\/fc0343a2f2db2ebb2793c1f62dbe73f0"},"headline":"Humanit\u00e6re forl\u00f8b i Bolivia: Frivilligt arbejde og meningsfulde praktikophold","datePublished":"2025-10-22T05:26:04+00:00","dateModified":"2025-10-21T12:26:37+00:00","mainEntityOfPage":{"@id":"https:\/\/www.vita-explorers.dk\/blog\/humanitaere-forlob-i-bolivia\/"},"wordCount":2661,"commentCount":0,"publisher":{"@id":"https:\/\/www.vita-explorers.dk\/blog\/#organization"},"image":{"@id":"https:\/\/www.vita-explorers.dk\/blog\/humanitaere-forlob-i-bolivia\/#primaryimage"},"thumbnailUrl":"https:\/\/www.vita-explorers.dk\/blog\/wp-content\/uploads\/2023\/03\/20230305_120924-scaled.jpg","articleSection":["Humanit\u00e6rt frivilligt arbejde"],"inLanguage":"da-DK","potentialAction":[{"@type":"CommentAction","name":"Comment","target":["https:\/\/www.vita-explorers.dk\/blog\/humanitaere-forlob-i-bolivia\/#respond"]}]},{"@type":"WebPage","@id":"https:\/\/www.vita-explorers.dk\/blog\/humanitaere-forlob-i-bolivia\/","url":"https:\/\/www.vita-explorers.dk\/blog\/humanitaere-forlob-i-bolivia\/","name":"frivilligt arbejde i Bolivia","isPartOf":{"@id":"https:\/\/www.vita-explorers.dk\/blog\/#website"},"primaryImageOfPage":{"@id":"https:\/\/www.vita-explorers.dk\/blog\/humanitaere-forlob-i-bolivia\/#primaryimage"},"image":{"@id":"https:\/\/www.vita-explorers.dk\/blog\/humanitaere-forlob-i-bolivia\/#primaryimage"},"thumbnailUrl":"https:\/\/www.vita-explorers.dk\/blog\/wp-content\/uploads\/2023\/03\/20230305_120924-scaled.jpg","datePublished":"2025-10-22T05:26:04+00:00","dateModified":"2025-10-21T12:26:37+00:00","description":"D\u00e9couvrez les missions humanitaires en Bolivie et participez \u00e0 des projets enrichissants tout en soutenant les populations locales.","breadcrumb":{"@id":"https:\/\/www.vita-explorers.dk\/blog\/humanitaere-forlob-i-bolivia\/#breadcrumb"},"inLanguage":"da-DK","potentialAction":[{"@type":"ReadAction","target":["https:\/\/www.vita-explorers.dk\/blog\/humanitaere-forlob-i-bolivia\/"]}]},{"@type":"ImageObject","inLanguage":"da-DK","@id":"https:\/\/www.vita-explorers.dk\/blog\/humanitaere-forlob-i-bolivia\/#primaryimage","url":"https:\/\/www.vita-explorers.dk\/blog\/wp-content\/uploads\/2023\/03\/20230305_120924-scaled.jpg","contentUrl":"https:\/\/www.vita-explorers.dk\/blog\/wp-content\/uploads\/2023\/03\/20230305_120924-scaled.jpg","width":2560,"height":1440,"caption":"Mission humanitaire en Bolivie.jeune volontaire participant \u00e0 un projet de service civique \u00e0 l'\u00e9tranger, collaborant avec une \u00e9quipe locale sur des initiatives communautaires."},{"@type":"BreadcrumbList","@id":"https:\/\/www.vita-explorers.dk\/blog\/humanitaere-forlob-i-bolivia\/#breadcrumb","itemListElement":[{"@type":"ListItem","position":1,"name":"Accueil","item":"https:\/\/www.vita-explorers.dk\/blog\/"},{"@type":"ListItem","position":2,"name":"Humanit\u00e6re forl\u00f8b i Bolivia: Frivilligt arbejde og meningsfulde praktikophold"}]},{"@type":"WebSite","@id":"https:\/\/www.vita-explorers.dk\/blog\/#website","url":"https:\/\/www.vita-explorers.dk\/blog\/","name":"Association Globalong","description":"Frivilligt arbejde, sprogophold, praktik i udlandet og internationale oplevelser","publisher":{"@id":"https:\/\/www.vita-explorers.dk\/blog\/#organization"},"potentialAction":[{"@type":"SearchAction","target":{"@type":"EntryPoint","urlTemplate":"https:\/\/www.vita-explorers.dk\/blog\/?s={search_term_string}"},"query-input":{"@type":"PropertyValueSpecification","valueRequired":true,"valueName":"search_term_string"}}],"inLanguage":"da-DK"},{"@type":"Organization","@id":"https:\/\/www.vita-explorers.dk\/blog\/#organization","name":"Association Globalong","url":"https:\/\/www.vita-explorers.dk\/blog\/","logo":{"@type":"ImageObject","inLanguage":"da-DK","@id":"https:\/\/www.vita-explorers.dk\/blog\/#\/schema\/logo\/image\/","url":"https:\/\/www.globalong.com\/blog\/wp-content\/uploads\/2014\/11\/cropped-cropped-Logo-et-Afrique-Globalong-petite-taille-2.jpg","contentUrl":"https:\/\/www.globalong.com\/blog\/wp-content\/uploads\/2014\/11\/cropped-cropped-Logo-et-Afrique-Globalong-petite-taille-2.jpg","width":512,"height":512,"caption":"Association Globalong"},"image":{"@id":"https:\/\/www.vita-explorers.dk\/blog\/#\/schema\/logo\/image\/"},"sameAs":["https:\/\/www.facebook.com\/globalong"]},{"@type":"Person","@id":"https:\/\/www.vita-explorers.dk\/blog\/#\/schema\/person\/fc0343a2f2db2ebb2793c1f62dbe73f0","name":"VITA Tribe","image":{"@type":"ImageObject","inLanguage":"da-DK","@id":"https:\/\/www.vita-explorers.dk\/blog\/#\/schema\/person\/image\/","url":"https:\/\/secure.gravatar.com\/avatar\/f7f05026bb439d0c96b30e135e5f852c?s=96&d=mm&r=g","contentUrl":"https:\/\/secure.gravatar.com\/avatar\/f7f05026bb439d0c96b30e135e5f852c?s=96&d=mm&r=g","caption":"VITA Tribe"},"sameAs":["http:\/\/www.globalong.com"],"url":"https:\/\/www.vita-explorers.dk\/blog\/author\/teamglobalong\/"}]}},"_links":{"self":[{"href":"https:\/\/www.vita-explorers.dk\/blog\/wp-json\/wp\/v2\/posts\/22107"}],"collection":[{"href":"https:\/\/www.vita-explorers.dk\/blog\/wp-json\/wp\/v2\/posts"}],"about":[{"href":"https:\/\/www.vita-explorers.dk\/blog\/wp-json\/wp\/v2\/types\/post"}],"author":[{"embeddable":true,"href":"https:\/\/www.vita-explorers.dk\/blog\/wp-json\/wp\/v2\/users\/7"}],"replies":[{"embeddable":true,"href":"https:\/\/www.vita-explorers.dk\/blog\/wp-json\/wp\/v2\/comments?post=22107"}],"version-history":[{"count":4,"href":"https:\/\/www.vita-explorers.dk\/blog\/wp-json\/wp\/v2\/posts\/22107\/revisions"}],"predecessor-version":[{"id":22111,"href":"https:\/\/www.vita-explorers.dk\/blog\/wp-json\/wp\/v2\/posts\/22107\/revisions\/22111"}],"wp:featuredmedia":[{"embeddable":true,"href":"https:\/\/www.vita-explorers.dk\/blog\/wp-json\/wp\/v2\/media\/15272"}],"wp:attachment":[{"href":"https:\/\/www.vita-explorers.dk\/blog\/wp-json\/wp\/v2\/media?parent=22107"}],"wp:term":[{"taxonomy":"category","embeddable":true,"href":"https:\/\/www.vita-explorers.dk\/blog\/wp-json\/wp\/v2\/categories?post=22107"},{"taxonomy":"post_tag","embeddable":true,"href":"https:\/\/www.vita-explorers.dk\/blog\/wp-json\/wp\/v2\/tags?post=22107"}],"curies":[{"name":"wp","href":"https:\/\/api.w.org\/{rel}","templated":true}]}}