{"id":22118,"date":"2025-10-24T00:06:06","date_gmt":"2025-10-23T22:06:06","guid":{"rendered":"https:\/\/www.globalong.com\/blog\/?p=22118"},"modified":"2025-10-24T00:06:06","modified_gmt":"2025-10-23T22:06:06","slug":"fn-dag-for-internationalt-engagement","status":"publish","type":"post","link":"https:\/\/www.vita-explorers.dk\/blog\/fn-dag-for-internationalt-engagement\/","title":{"rendered":"FN-dagen: s\u00e5dan forl\u00e6nger VITA Explorers indsatsen for globalt sammenhold"},"content":{"rendered":"<p style=\"text-align: justify;\">\n<h1 style=\"text-align: justify;\">FN-dagen: deltageres engagement<\/h1>\n<p style=\"text-align: justify;\"><!-- SOMMAIRE CLIQUABLE --><\/p>\n<nav id=\"sommaire\" aria-label=\"Sommaire\">\n<h2>Indhold<\/h2>\n<ul>\n<li><a href=\"#origine\">Oprindelse og betydning af FN-dagen<\/a><\/li>\n<li><a href=\"#valeurs\">FN\u2019s v\u00e6rdier og frivilligt engagement<\/a><\/li>\n<li><a href=\"#missions\">Forl\u00f8b, der afspejler FN\u2019s \u00e5nd<\/a><\/li>\n<li><a href=\"#temoignage\">En deltagers oplevelse<\/a><\/li>\n<li><a href=\"#agir\">Hvordan kan du selv engagere dig?<\/a><\/li>\n<li><a href=\"#faq\">FAQ \u2014 FN-dagen og frivilligt engagement<\/a><\/li>\n<li><a href=\"#conclusion\">Konklusion<\/a><\/li>\n<\/ul>\n<\/nav>\n<p style=\"text-align: justify;\"><!-- BLOC 1 --><\/p>\n<h2><\/h2>\n<h2><a href=\"https:\/\/www.vita-explorers.dk\/blog\/wp-content\/uploads\/2017\/11\/enfants-guatemala.jpg\"><img loading=\"lazy\" decoding=\"async\" class=\"size-medium wp-image-7815 aligncenter\" src=\"https:\/\/www.vita-explorers.dk\/blog\/wp-content\/uploads\/2017\/11\/enfants-guatemala-300x202.jpg\" alt=\"Mission humanitaire\" width=\"300\" height=\"202\" srcset=\"https:\/\/www.vita-explorers.dk\/blog\/wp-content\/uploads\/2017\/11\/enfants-guatemala-300x202.jpg 300w, https:\/\/www.vita-explorers.dk\/blog\/wp-content\/uploads\/2017\/11\/enfants-guatemala-150x101.jpg 150w, https:\/\/www.vita-explorers.dk\/blog\/wp-content\/uploads\/2017\/11\/enfants-guatemala.jpg 448w\" sizes=\"(max-width: 300px) 100vw, 300px\" \/><\/a><\/h2>\n<h2><\/h2>\n<h2 id=\"origine\" style=\"text-align: justify;\">Oprindelse og betydning af FN-dagen<\/h2>\n<h3 style=\"text-align: justify;\"><strong>En grundl\u00e6ggende dato og et klart budskab<\/strong><\/h3>\n<p style=\"text-align: justify;\">Hvert \u00e5r den 24. oktober markerer FN-dagen FN-pagten fra 1945. Dagen s\u00e6tter fokus p\u00e5 fred, samarbejde og <a href=\"https:\/\/www.vita-explorers.dk\/blog\/humanitaere-forloeb-zanzibar\/\" target=\"_blank\" rel=\"noopener\">solidaritet<\/a>. Budskabet er enkelt: at bygge bro mellem mennesker og beskytte menneskelig v\u00e6rdighed. Derfor forbinder markeringen historien med handlinger i dag. Og den minder os om, at alle kan bidrage \u2013 her og nu.<\/p>\n<h3 style=\"text-align: justify;\"><strong>Hvorfor dagen ang\u00e5r os alle<\/strong><\/h3>\n<p style=\"text-align: justify;\">FN-dagen handler ikke kun om stater. Den involverer ogs\u00e5 skoler, foreninger og borgere. Samtidig anerkender den lokale initiativer, der tilsammen kan skabe global effekt. Det kan v\u00e6re at undervise, yde omsorg, plante tr\u00e6er eller skabe opm\u00e6rksomhed \u2013 alt sammen i samme v\u00e6rdim\u00e6ssige retning. Kort sagt giver FN-dagen en f\u00e6lles ramme og et f\u00e6lles afs\u00e6t.<\/p>\n<ul style=\"text-align: justify;\">\n<li>At fremme menneskerettigheder og dialog.<\/li>\n<li>At forbinde lokale indsatser med globale m\u00e5l.<\/li>\n<li>At styrke en varig kultur for fred.<\/li>\n<\/ul>\n<h3 style=\"text-align: justify;\"><strong>At forbinde lokalt og globalt gennem Verdensm\u00e5lene<\/strong><\/h3>\n<p style=\"text-align: justify;\">FN-dagen knytter lokale indsatser til FN\u2019s Verdensm\u00e5l for <a href=\"https:\/\/www.vita-explorers.dk\/blog\/internationalt-frivilligt-arbejde-og-baeredygtig-udvikling\/\" target=\"_blank\" rel=\"noopener\">b\u00e6redygtig udvikling<\/a>. Derfor kan en workshop om hygiejne, en genplantningsindsats eller lektiehj\u00e6lp f\u00e5 en tydeligere global betydning. Samtidig kan projekter inspirere andre til at handle. Dagen fungerer som et pejlem\u00e6rke: den hj\u00e6lper med at prioritere, f\u00f8lge op og l\u00f8bende forbedre indsatsen.<\/p>\n<p style=\"text-align: justify;\"><!-- BLOC 2 --><\/p>\n<h2><\/h2>\n<h2 id=\"valeurs\" style=\"text-align: justify;\">FN\u2019s v\u00e6rdier og frivilligt engagement<\/h2>\n<h3 style=\"text-align: justify;\"><strong>At handle for fred og forebygge sp\u00e6ndinger<\/strong><\/h3>\n<p style=\"text-align: justify;\">FN\u2019s v\u00e6rdier bygger p\u00e5 fred, v\u00e6rdighed og lighed. De underst\u00f8tter ogs\u00e5 internationalt samarbejde og solidaritet. I praksis handler konflikth\u00e5ndtering ofte om uddannelse, lydh\u00f8rhed og dialog. Deltagere bidrager til det i hverdagen, fordi konkrete aktiviteter kan bringe mennesker t\u00e6ttere p\u00e5 hinanden og mindske sp\u00e6ndinger.<\/p>\n<ul style=\"text-align: justify;\">\n<li>Dialogforl\u00f8b og m\u00e6gling.<\/li>\n<li>Trygge rum for unges stemmer.<\/li>\n<li>Oplysning om misinformation og f\u00e6llesskab.<\/li>\n<\/ul>\n<h3 style=\"text-align: justify;\"><strong>At beskytte rettigheder og mindske ulighed<\/strong><\/h3>\n<p style=\"text-align: justify;\">Adgang til skole, viden og sundhed er fortsat afg\u00f8rende. Derfor kan sociale forl\u00f8b st\u00f8tte ligestilling og inklusion. Samtidig tager de hensyn til lokale forhold og styrker kompetencer. Med den slags konkrete skridt bliver FN\u2019s v\u00e6rdier synlige i hverdagen.<\/p>\n<ul style=\"text-align: justify;\">\n<li>Lektiehj\u00e6lp og <a href=\"https:\/\/www.vita-explorers.dk\/blog\/undervisningsprogram-i-it-nepal\/\" target=\"_blank\" rel=\"noopener\">digital inklusion<\/a>.<\/li>\n<li>St\u00f8tte til sundhed og ern\u00e6ring.<\/li>\n<li>Indsatser for mennesker med handicap.<\/li>\n<\/ul>\n<h3 style=\"text-align: justify;\"><strong>At passe p\u00e5 planeten med enkle greb<\/strong><\/h3>\n<p style=\"text-align: justify;\">Beskyttelse af naturen er en central del af Verdensm\u00e5lene. FN-dagen minder os om, at sm\u00e5 valg kan g\u00f8re en reel forskel. At genplante, reducere affald eller spare p\u00e5 vandet bidrager til helheden. Derfor kan lokale projekter kobles til en f\u00e6lles global retning og f\u00e5 st\u00f8rre sammenh\u00e6ng.<\/p>\n<ul style=\"text-align: justify;\">\n<li>Oprydning og kildesortering.<\/li>\n<li>Genplantning og fokus p\u00e5 biodiversitet.<\/li>\n<li>Hverdagsn\u00e6re <a href=\"https:\/\/www.vita-explorers.dk\/blog\/eco-frivilligt-arbejde-australien\/\" target=\"_blank\" rel=\"noopener\">gr\u00f8nne vaner<\/a>.<\/li>\n<\/ul>\n<p style=\"text-align: justify;\"><!-- BLOC 3 --><\/p>\n<h2><\/h2>\n<h2><a href=\"https:\/\/www.vita-explorers.dk\/blog\/wp-content\/uploads\/2018\/01\/Enfants-de-la-communaut\u00e9-Rohingyas-min-1.jpg\"><img loading=\"lazy\" decoding=\"async\" class=\"size-medium wp-image-8609 aligncenter\" src=\"https:\/\/www.vita-explorers.dk\/blog\/wp-content\/uploads\/2018\/01\/Enfants-de-la-communaut\u00e9-Rohingyas-min-1-300x200.jpg\" alt=\"mission humanitaire\" width=\"300\" height=\"200\" srcset=\"https:\/\/www.vita-explorers.dk\/blog\/wp-content\/uploads\/2018\/01\/Enfants-de-la-communaut\u00e9-Rohingyas-min-1-300x200.jpg 300w, https:\/\/www.vita-explorers.dk\/blog\/wp-content\/uploads\/2018\/01\/Enfants-de-la-communaut\u00e9-Rohingyas-min-1-768x512.jpg 768w, https:\/\/www.vita-explorers.dk\/blog\/wp-content\/uploads\/2018\/01\/Enfants-de-la-communaut\u00e9-Rohingyas-min-1.jpg 1024w, https:\/\/www.vita-explorers.dk\/blog\/wp-content\/uploads\/2018\/01\/Enfants-de-la-communaut\u00e9-Rohingyas-min-1-150x100.jpg 150w\" sizes=\"(max-width: 300px) 100vw, 300px\" \/><\/a><\/h2>\n<h2 id=\"missions\" style=\"text-align: justify;\">Forl\u00f8b, der afspejler FN\u2019s \u00e5nd<\/h2>\n<h3 style=\"text-align: justify;\"><strong>At dele viden<\/strong><\/h3>\n<p style=\"text-align: justify;\">Deltagere st\u00f8tter skoler i mange lande. De hj\u00e6lper b\u00f8rn med at l\u00e6re og f\u00e5 mere selvtillid. Samtidig styrker de nysgerrighed og udsyn. P\u00e5 den m\u00e5de bliver uddannelse en vej til mere lige muligheder. Her f\u00e5r FN-dagens v\u00e6rdier et konkret udtryk.<\/p>\n<ul style=\"text-align: justify;\">\n<li>Lektiehj\u00e6lp og aktive l\u00e6ringsmetoder.<\/li>\n<li>L\u00e6seklubber og kreative workshops.<\/li>\n<li>Introduktion til digitale f\u00e6rdigheder og kritisk t\u00e6nkning.<\/li>\n<\/ul>\n<h3 style=\"text-align: justify;\"><strong>At styrke sundhed<\/strong><\/h3>\n<p style=\"text-align: justify;\">Forl\u00f8b med fokus p\u00e5 <a href=\"https:\/\/www.vita-explorers.dk\/blog\/humanitaert-sundhedsforloeb\/\" target=\"_blank\" rel=\"noopener\">sundhed<\/a> kan styrke hygiejne, forebyggelse og basal f\u00f8rstehj\u00e6lp. Sm\u00e5, praktiske tiltag kan forbedre hverdagen. Derfor kan lokalsamfund f\u00e5 mere tryghed og handlekraft. Og udvekslingen mellem fagpersoner og deltagere kan st\u00f8tte l\u00e6ring og tillid.<\/p>\n<ul style=\"text-align: justify;\">\n<li>Forebyggelse af almindelige sygdomme.<\/li>\n<li>Basal opf\u00f8lgning p\u00e5 ern\u00e6ring.<\/li>\n<li>Adgang til vand og h\u00e5ndhygiejne.<\/li>\n<\/ul>\n<h3 style=\"text-align: justify;\"><strong>At handle for milj\u00f8et<\/strong><\/h3>\n<p style=\"text-align: justify;\">Genopretning af \u00f8kosystemer er vigtig. At rydde op p\u00e5 en strand, genplante et omr\u00e5de eller f\u00f8lge dyrelivet kan skabe ringe i vandet. Samtidig viser det, at solidaritet ogs\u00e5 omfatter naturen. Derfor kommer FN-dagens \u00e5nd ogs\u00e5 til udtryk i gr\u00f8nne, lokale handlinger.<\/p>\n<ul style=\"text-align: justify;\">\n<li>Genplantning og agroforestry.<\/li>\n<li>Oprydning ved floder og p\u00e5 stier.<\/li>\n<li>Borgerbaseret registrering af arter.<\/li>\n<\/ul>\n<p style=\"text-align: justify;\"><!-- BLOC 4 --><\/p>\n<h2><\/h2>\n<p><a href=\"https:\/\/www.vita-explorers.dk\/blog\/wp-content\/uploads\/2018\/06\/Enfants-Mada-globalong-min.jpg\"><img loading=\"lazy\" decoding=\"async\" class=\"size-medium wp-image-10378 aligncenter\" src=\"https:\/\/www.vita-explorers.dk\/blog\/wp-content\/uploads\/2018\/06\/Enfants-Mada-globalong-min-300x169.jpg\" alt=\"mission humanitaire\" width=\"300\" height=\"169\" srcset=\"https:\/\/www.vita-explorers.dk\/blog\/wp-content\/uploads\/2018\/06\/Enfants-Mada-globalong-min-300x169.jpg 300w, https:\/\/www.vita-explorers.dk\/blog\/wp-content\/uploads\/2018\/06\/Enfants-Mada-globalong-min-768x432.jpg 768w, https:\/\/www.vita-explorers.dk\/blog\/wp-content\/uploads\/2018\/06\/Enfants-Mada-globalong-min-150x84.jpg 150w, https:\/\/www.vita-explorers.dk\/blog\/wp-content\/uploads\/2018\/06\/Enfants-Mada-globalong-min.jpg 960w\" sizes=\"(max-width: 300px) 100vw, 300px\" \/><\/a><\/p>\n<p>\u00a0<\/p>\n<h2 id=\"temoignage\" style=\"text-align: justify;\">En deltagers oplevelse<\/h2>\n<h3 style=\"text-align: justify;\"><strong>En enkel, men st\u00e6rk erfaring<\/strong><\/h3>\n<p style=\"text-align: justify;\">Clara gennemf\u00f8rte et undervisningsforl\u00f8b i udlandet. Hun ville gerne bidrage til mere lige muligheder. Hun blev hurtigt en del af det lokale team. Sammen skabte de workshops, der passede til behovene. Undervejs gav FN-dagen en ekstra mening til hvert skridt.<\/p>\n<h3 style=\"text-align: justify;\"><strong>At l\u00e6re og dele i hverdagen<\/strong><\/h3>\n<p style=\"text-align: justify;\">Dagene bestod af samarbejdslege, l\u00e6sning og samtaler. Samtidig gav dialogen med familierne nye perspektiver. Lydh\u00f8rhed og t\u00e5lmodighed byggede tillid. Efterh\u00e5nden opstod st\u00e6rke relationer, som l\u00f8ftede projektet.<\/p>\n<ul style=\"text-align: justify;\">\n<li>Enkle og inkluderende l\u00e6ringsv\u00e6rkt\u00f8jer.<\/li>\n<li>Workshops om tolerance og respekt for forskelle.<\/li>\n<li>Rolig m\u00e6gling for at forebygge konflikter.<\/li>\n<\/ul>\n<h3 style=\"text-align: justify;\"><strong>V\u00e6rdier, der bliver ved<\/strong><\/h3>\n<p style=\"text-align: justify;\">Da Clara kom hjem, oplevede hun, at hun havde f\u00e5et lige s\u00e5 meget, som hun havde givet. Hun siger, at ydmyghed g\u00f8r en stor forskel. Hun opfordrer ogs\u00e5 andre unge til at pr\u00f8ve. Kort sagt viser f\u00e6lles indsatser, at alle kan bidrage \u2013 skridt for skridt.<\/p>\n<p style=\"text-align: justify;\"><!-- BLOC 5 --><\/p>\n<h2><\/h2>\n<p><a href=\"https:\/\/www.vita-explorers.dk\/blog\/wp-content\/uploads\/2017\/12\/B\u00e9n\u00e9volat-dans-le-centre-prou-enfants-\u00e0-Hano\u00ef-GlobAlong-min-1.jpg\"><img loading=\"lazy\" decoding=\"async\" class=\"size-medium wp-image-8445 aligncenter\" src=\"https:\/\/www.vita-explorers.dk\/blog\/wp-content\/uploads\/2017\/12\/B\u00e9n\u00e9volat-dans-le-centre-prou-enfants-\u00e0-Hano\u00ef-GlobAlong-min-1-300x225.jpg\" alt=\"mission humanitaire\" width=\"300\" height=\"225\" srcset=\"https:\/\/www.vita-explorers.dk\/blog\/wp-content\/uploads\/2017\/12\/B\u00e9n\u00e9volat-dans-le-centre-prou-enfants-\u00e0-Hano\u00ef-GlobAlong-min-1-300x225.jpg 300w, https:\/\/www.vita-explorers.dk\/blog\/wp-content\/uploads\/2017\/12\/B\u00e9n\u00e9volat-dans-le-centre-prou-enfants-\u00e0-Hano\u00ef-GlobAlong-min-1-768x576.jpg 768w, https:\/\/www.vita-explorers.dk\/blog\/wp-content\/uploads\/2017\/12\/B\u00e9n\u00e9volat-dans-le-centre-prou-enfants-\u00e0-Hano\u00ef-GlobAlong-min-1-150x113.jpg 150w, https:\/\/www.vita-explorers.dk\/blog\/wp-content\/uploads\/2017\/12\/B\u00e9n\u00e9volat-dans-le-centre-prou-enfants-\u00e0-Hano\u00ef-GlobAlong-min-1.jpg 960w\" sizes=\"(max-width: 300px) 100vw, 300px\" \/><\/a><\/p>\n<p>\u00a0<\/p>\n<h2 id=\"agir\" style=\"text-align: justify;\">Hvordan kan du selv engagere dig?<\/h2>\n<h3 style=\"text-align: justify;\"><strong>V\u00e6lg den vej, der passer til dig<\/strong><\/h3>\n<p style=\"text-align: justify;\">FN-dagen inviterer til handling. Frivilligt engagement kan v\u00e6re i udlandet eller t\u00e6t p\u00e5, hvor du bor. Det vigtigste er at bidrage med det, man kan. Over tid kan initiativet sprede sig og inspirere andre. I sidste ende er der plads til alle.<\/p>\n<ul style=\"text-align: justify;\">\n<li>Struktureret internationalt forl\u00f8b.<\/li>\n<li>Frivilligt arbejde i en lokal forening.<\/li>\n<li>Online st\u00f8tte med dine kompetencer.<\/li>\n<\/ul>\n<h3 style=\"text-align: justify;\"><strong>Forbered dig grundigt<\/strong><\/h3>\n<p style=\"text-align: justify;\">F\u00f8r man tager afsted, er forberedelse vigtig. At forst\u00e5 konteksten, afklare forventninger og vise respekt for kulturer g\u00f8r en forskel. S\u00e5 bliver indsatsen mere nyttig og holdbar. Frivilligt arbejde handler om at \u201cg\u00f8re noget sammen\u201d \u2013 ikke om at \u201cg\u00f8re det i stedet for\u201d.<\/p>\n<ul style=\"text-align: justify;\">\n<li>V\u00e6lg et forl\u00f8b, der matcher dine v\u00e6rdier.<\/li>\n<li>Tag en kort forberedelse inden afrejse.<\/li>\n<li>Arbejd med p\u00e5lidelige lokale samarbejder.<\/li>\n<\/ul>\n<h3 style=\"text-align: justify;\"><strong>Engag\u00e9r dig uden at rejse<\/strong><\/h3>\n<p style=\"text-align: justify;\">Du kan ogs\u00e5 engagere dig lokalt. Det kan v\u00e6re at arrangere en indsamling, hj\u00e6lpe med lektier eller skabe fokus p\u00e5 affaldssortering. De enkle handlinger t\u00e6ller. FN-dagen minder os om, at forandring ofte starter lige i n\u00e6rheden.<\/p>\n<ul style=\"text-align: justify;\">\n<li>Skolementorordninger og digital inklusion.<\/li>\n<li>Klimaworkshops og gr\u00f8nne hverdagsvaner.<\/li>\n<li>Lokale kampagner om forebyggelse.<\/li>\n<\/ul>\n<p style=\"text-align: justify;\"><!-- BLOC 6 --><\/p>\n<h2><\/h2>\n<h2 id=\"faq\" style=\"text-align: justify;\">FAQ \u2014 FN-dagen og frivilligt engagement<\/h2>\n<h3 style=\"text-align: justify;\"><strong>1) Hvad er FN-dagen?<\/strong><\/h3>\n<p style=\"text-align: justify;\">Det er markeringen den 24. oktober \u2013 datoen for FN-pagten fra 1945. Dagen s\u00e6tter fokus p\u00e5 fred, samarbejde og solidaritet. Kort sagt giver den en f\u00e6lles retning.<\/p>\n<h3 style=\"text-align: justify;\"><strong>2) Hvorfor er dagen relevant for deltagere?<\/strong><\/h3>\n<p style=\"text-align: justify;\">Fordi den forbinder v\u00e6rdier med handling. Indsatser inden for undervisning, sociale forhold og milj\u00f8 passer naturligt ind. Derfor kan lokale bidrag f\u00e5 en st\u00f8rre sammenh\u00e6ng.<\/p>\n<h3 style=\"text-align: justify;\"><strong>3) Hvad er koblingen til Verdensm\u00e5lene?<\/strong><\/h3>\n<p style=\"text-align: justify;\">FN\u2019s <a href=\"https:\/\/www.un.org\/sustainabledevelopment\/fr\/objectifs-de-developpement-durable\/\" target=\"_blank\" rel=\"noopener\">Verdensm\u00e5l<\/a> fungerer som en f\u00e6lles ramme. De g\u00f8r det lettere at f\u00f8lge resultater og forbedre projekter. S\u00e5 kan man udvikle sig trin for trin.<\/p>\n<h3 style=\"text-align: justify;\"><strong>4) Kan man g\u00f8re en forskel uden at rejse?<\/strong><\/h3>\n<p style=\"text-align: justify;\">Ja. Lektiehj\u00e6lp, indsamlinger, frivilligt arbejde i foreninger eller oplysning om sortering \u2013 det hele t\u00e6ller. Og det ligger i tr\u00e5d med \u00e5nden i FN-dagen.<\/p>\n<h3 style=\"text-align: justify;\"><strong>5) Kr\u00e6ver det sj\u00e6ldne kompetencer?<\/strong><\/h3>\n<p style=\"text-align: justify;\">Nej. Mange forskellige erfaringer kan v\u00e6re relevante. Men en etisk og gennemt\u00e6nkt forberedelse er vigtig. Respekt, lydh\u00f8rhed og ydmyghed er grundlaget for enhver ansvarlig indsats.<\/p>\n<h3 style=\"text-align: justify;\"><strong>6) Hvordan v\u00e6lger man et forl\u00f8b, der passer godt?<\/strong><\/h3>\n<p style=\"text-align: justify;\">Start med at vurdere den lokale relevans. Se derefter p\u00e5 rammerne og m\u00e5lene. Til sidst: v\u00e6lg indsatser, der styrker kompetencer p\u00e5 stedet.<\/p>\n<h3 style=\"text-align: justify;\"><strong>7) Hvad betyder FN-dagen for lokalsamfund?<\/strong><\/h3>\n<p style=\"text-align: justify;\">Den giver et f\u00e6lles sprog og f\u00e6lles prioriteter. Samtidig kan den styrke samspillet mellem akt\u00f8rer. Derfor kan projekter f\u00e5 mere sammenh\u00e6ng og retning.<\/p>\n<h3 style=\"text-align: justify;\"><strong>8) Hvordan m\u00e5ler man effekt?<\/strong><\/h3>\n<p style=\"text-align: justify;\">Man f\u00f8lger enkle indikatorer: antal b\u00f8rn, der f\u00e5r st\u00f8tte, workshops gennemf\u00f8rt, tr\u00e6er plantet, omr\u00e5der ryddet op. Derefter dokumenterer man og justerer. S\u00e5 bliver indsatsen bedre over tid.<\/p>\n<p>\u00a0<\/p>\n<p><a href=\"https:\/\/www.vita-explorers.dk\/blog\/wp-content\/uploads\/2019\/03\/Jeux-des-enfants-dans-la-cour-GlobAlong-min.jpg\"><img loading=\"lazy\" decoding=\"async\" class=\"size-medium wp-image-12444 aligncenter\" src=\"https:\/\/www.vita-explorers.dk\/blog\/wp-content\/uploads\/2019\/03\/Jeux-des-enfants-dans-la-cour-GlobAlong-min-300x169.jpg\" alt=\"Avis et t\u00e9moignages sur l'association Globalong\" width=\"300\" height=\"169\" srcset=\"https:\/\/www.vita-explorers.dk\/blog\/wp-content\/uploads\/2019\/03\/Jeux-des-enfants-dans-la-cour-GlobAlong-min-300x169.jpg 300w, https:\/\/www.vita-explorers.dk\/blog\/wp-content\/uploads\/2019\/03\/Jeux-des-enfants-dans-la-cour-GlobAlong-min-768x432.jpg 768w, https:\/\/www.vita-explorers.dk\/blog\/wp-content\/uploads\/2019\/03\/Jeux-des-enfants-dans-la-cour-GlobAlong-min-1024x576.jpg 1024w, https:\/\/www.vita-explorers.dk\/blog\/wp-content\/uploads\/2019\/03\/Jeux-des-enfants-dans-la-cour-GlobAlong-min-150x84.jpg 150w\" sizes=\"(max-width: 300px) 100vw, 300px\" \/><\/a><\/p>\n<p style=\"text-align: justify;\"><!-- Donn\u00e9es structur\u00e9es FAQPage (JSON-LD) --><br \/>\n<script type=\"application\/ld+json\">\n{\n  \"@context\": \"https:\/\/schema.org\",\n  \"@type\": \"FAQPage\",\n  \"mainEntity\": [\n    {\n      \"@type\": \"Question\",\n      \"name\": \"Hvad er FN-dagen?\",\n      \"acceptedAnswer\": {\n        \"@type\": \"Answer\",\n        \"text\": \"Det er markeringen den 24. oktober \u2013 datoen for FN-pagten fra 1945. Dagen s\u00e6tter fokus p\u00e5 fred, samarbejde og solidaritet og giver en f\u00e6lles retning.\"\n      }\n    },\n    {\n      \"@type\": \"Question\",\n      \"name\": \"Hvorfor er dagen relevant for deltagere?\",\n      \"acceptedAnswer\": {\n        \"@type\": \"Answer\",\n        \"text\": \"Fordi den forbinder v\u00e6rdier med handling. Indsatser inden for undervisning, sociale forhold og milj\u00f8 passer naturligt ind og giver lokale bidrag en st\u00f8rre sammenh\u00e6ng.\"\n      }\n    },\n    {\n      \"@type\": \"Question\",\n      \"name\": \"Hvad er koblingen til Verdensm\u00e5lene?\",\n      \"acceptedAnswer\": {\n        \"@type\": \"Answer\",\n        \"text\": \"Verdensm\u00e5lene fungerer som en f\u00e6lles ramme. De g\u00f8r det lettere at f\u00f8lge resultater og forbedre projekter trin for trin.\"\n      }\n    },\n    {\n      \"@type\": \"Question\",\n      \"name\": \"Kan man g\u00f8re en forskel uden at rejse?\",\n      \"acceptedAnswer\": {\n        \"@type\": \"Answer\",\n        \"text\": \"Ja: lektiehj\u00e6lp, indsamlinger, frivilligt arbejde i foreninger og oplysning om sortering og gr\u00f8nne hverdagsvaner. Det ligger i tr\u00e5d med \u00e5nden i FN-dagen.\"\n      }\n    },\n    {\n      \"@type\": \"Question\",\n      \"name\": \"Kr\u00e6ver det sj\u00e6ldne kompetencer?\",\n      \"acceptedAnswer\": {\n        \"@type\": \"Answer\",\n        \"text\": \"Nej. Mange forskellige erfaringer kan v\u00e6re relevante. Men en etisk og gennemt\u00e6nkt forberedelse er vigtig: respekt, lydh\u00f8rhed og ydmyghed.\"\n      }\n    },\n    {\n      \"@type\": \"Question\",\n      \"name\": \"Hvordan v\u00e6lger man et forl\u00f8b, der passer godt?\",\n      \"acceptedAnswer\": {\n        \"@type\": \"Answer\",\n        \"text\": \"Vurd\u00e9r den lokale relevans, se p\u00e5 rammerne og m\u00e5lene, og v\u00e6lg indsatser, der styrker kompetencer p\u00e5 stedet.\"\n      }\n    },\n    {\n      \"@type\": \"Question\",\n      \"name\": \"Hvad betyder FN-dagen for lokalsamfund?\",\n      \"acceptedAnswer\": {\n        \"@type\": \"Answer\",\n        \"text\": \"Den giver et f\u00e6lles sprog og f\u00e6lles prioriteter, som kan styrke samspillet mellem akt\u00f8rer og skabe mere sammenh\u00e6ng i projekter.\"\n      }\n    },\n    {\n      \"@type\": \"Question\",\n      \"name\": \"Hvordan m\u00e5ler man effekt?\",\n      \"acceptedAnswer\": {\n        \"@type\": \"Answer\",\n        \"text\": \"F\u00f8lg enkle indikatorer (deltagere, workshops, tr\u00e6er, opryddede omr\u00e5der), dokument\u00e9r effekten og just\u00e9r l\u00f8bende indsatsen.\"\n      }\n    }\n  ]\n}\n<\/script><\/p>\n<p style=\"text-align: justify;\"><!-- BLOC 7 --><\/p>\n<h2 id=\"conclusion\" style=\"text-align: justify;\">Konklusion<\/h2>\n<h3 style=\"text-align: justify;\"><strong>Mening, her og nu<\/strong><\/h3>\n<p style=\"text-align: justify;\">FN-dagen forbinder historien med nutiden. Den viser, at fred, v\u00e6rdighed og samarbejde stadig kan guide vores valg. Derfor kan alle handle ud fra deres muligheder \u2013 skridt for skridt. Og lokale handlinger kan f\u00e5 global betydning, n\u00e5r de l\u00e6ner sig op ad f\u00e6lles m\u00e5l.<\/p>\n<h3 style=\"text-align: justify;\"><strong>Fra symbol til holdbar handling<\/strong><\/h3>\n<p style=\"text-align: justify;\">En r\u00f8d tr\u00e5d tegner sig. Uddannelse \u00e5bner d\u00f8re. Sundhed beskytter de mest s\u00e5rbare. Naturen kalder p\u00e5 enkle, konsekvente valg. Og dialog bygger tillid. Samlet set udtrykker det essensen i FN-dagen.<\/p>\n<ul style=\"text-align: justify;\">\n<li>Knyt handlinger til Verdensm\u00e5lene.<\/li>\n<li>F\u00f8lg resultater og del l\u00e6ring.<\/li>\n<li>Handle med lydh\u00f8rhed, respekt og vedholdenhed.<\/li>\n<\/ul>\n<h3 style=\"text-align: justify;\"><strong>N\u00e6ste skridt<\/strong><\/h3>\n<p style=\"text-align: justify;\">Deltagere bygger bro mellem mennesker og id\u00e9er. P\u00e5 den m\u00e5de bliver samarbejde synligt og trov\u00e6rdigt. FN-dagen minder os om, at udvikling ofte skabes gennem t\u00e5lmodige f\u00e6llesskaber. Lad os starte med \u00e9n konkret handling i dag \u2013 s\u00e5dan begynder et mere retf\u00e6rdigt samfund.<\/p>\n<p>\u00a0<\/p>\n<h3 id=\"contact\" style=\"text-align: center;\">Har du lyst til at komme i gang?<\/h3>\n<p style=\"text-align: center;\"><a href=\"https:\/\/www.vita-explorers.dk\/#tel-contact-form-glob\" target=\"_blank\" rel=\"noopener\">Jeg vil gerne i kontakt<\/a><\/p>\n<p class=\"muted\" style=\"text-align: center;\">\u00a9 VITA Institute \u2014 Ressourcer til ansvarligt frivilligt arbejde i udlandet.<\/p>\n<p class=\"p4\" style=\"text-align: center;\"><b>Hvis du vil h\u00f8re mere, er du velkommen til at skrive til os p\u00e5 <\/b><a href=\"mailto:info@globalong.com\"><span class=\"s2\"><b>info@globalong.com<\/b><\/span><\/a><\/p>\n<p class=\"p4\" style=\"text-align: center;\"><b>Vil du f\u00f8lge med i VITA Institute og vores community, kan du finde os p\u00e5 <\/b><a href=\"https:\/\/www.instagram.com\/globalongofficiel\/\" target=\"_blank\" rel=\"noopener\"><span class=\"s2\"><b>Instagram<\/b><\/span><\/a><b>, <\/b><a href=\"https:\/\/www.facebook.com\/globalong\" target=\"_blank\" rel=\"noopener\"><span class=\"s2\"><b>Facebook<\/b><\/span><\/a><b>, <\/b><a href=\"https:\/\/www.linkedin.com\/company\/5113177\/admin\/feed\/posts\/\" target=\"_blank\" rel=\"noopener\"><span class=\"s2\"><b>LinkedIn<\/b><\/span><\/a><b> og <\/b><a href=\"https:\/\/www.youtube.com\/c\/globalong\/videos\" target=\"_blank\" rel=\"noopener\"><span class=\"s2\"><b>YouTube<\/b><\/span><\/a><b>!<\/b><\/p>\n","protected":false},"excerpt":{"rendered":"<p>FN-dagen: deltageres engagement Indhold Oprindelse og betydning af FN-dagen FN\u2019s v\u00e6rdier og frivilligt engagement Forl\u00f8b, der afspejler FN\u2019s \u00e5nd En deltagers oplevelse Hvordan kan\u2026<\/p>\n","protected":false},"author":7,"featured_media":22119,"comment_status":"open","ping_status":"open","sticky":false,"template":"","format":"standard","meta":{"footnotes":""},"categories":[6,472],"tags":[],"yoast_head":"<!-- This site is optimized with the Yoast SEO Premium plugin v23.4 (Yoast SEO v23.4) - https:\/\/yoast.com\/wordpress\/plugins\/seo\/ -->\n<title>FN-dagen: frivilliges engagement<\/title>\n<meta name=\"description\" content=\"\u00c0 l\u2019occasion de la Journ\u00e9e des Nations Unies, d\u00e9couvrez comment les volontaires participent \u00e0 un monde plus juste et solidaire.\" \/>\n<meta name=\"robots\" content=\"index, follow, max-snippet:-1, max-image-preview:large, max-video-preview:-1\" \/>\n<link rel=\"canonical\" href=\"https:\/\/www.vita-explorers.dk\/blog\/FN-dag%20for%20internationalt%20engagement\/\" \/>\n<meta property=\"og:locale\" content=\"da_DK\" \/>\n<meta property=\"og:type\" content=\"article\" \/>\n<meta property=\"og:title\" content=\"FN-dagen: s\u00e5dan forl\u00e6nger VITA Explorers indsatsen for globalt sammenhold\" \/>\n<meta property=\"og:description\" content=\"\u00c0 l\u2019occasion de la Journ\u00e9e des Nations Unies, d\u00e9couvrez comment les volontaires participent \u00e0 un monde plus juste et solidaire.\" \/>\n<meta property=\"og:url\" content=\"https:\/\/www.vita-explorers.dk\/blog\/FN-dag for internationalt engagement\/\" \/>\n<meta property=\"og:site_name\" content=\"VITA Explorers Blog\" \/>\n<meta property=\"article:publisher\" content=\"https:\/\/www.facebook.com\/globalong\" \/>\n<meta property=\"article:published_time\" content=\"2025-10-23T22:06:06+00:00\" \/>\n<meta property=\"og:image\" content=\"https:\/\/www.vita-explorers.dk\/blog\/wp-content\/uploads\/2025\/10\/ChatGPT-Image-23-oct.-2025-a-23_00_49.png\" \/>\n\t<meta property=\"og:image:width\" content=\"1024\" \/>\n\t<meta property=\"og:image:height\" content=\"1024\" \/>\n\t<meta property=\"og:image:type\" content=\"image\/png\" \/>\n<meta name=\"author\" content=\"VITA Tribe\" \/>\n<meta name=\"twitter:card\" content=\"summary_large_image\" \/>\n<meta name=\"twitter:label1\" content=\"Skrevet af\" \/>\n\t<meta name=\"twitter:data1\" content=\"VITA Tribe\" \/>\n\t<meta name=\"twitter:label2\" content=\"Estimeret l\u00e6setid\" \/>\n\t<meta name=\"twitter:data2\" content=\"9 minutter\" \/>\n<script type=\"application\/ld+json\" class=\"yoast-schema-graph\">{\"@context\":\"https:\/\/schema.org\",\"@graph\":[{\"@type\":\"Article\",\"@id\":\"https:\/\/www.vita-explorers.dk\/blog\/FN-dag for internationalt engagement\/#article\",\"isPartOf\":{\"@id\":\"https:\/\/www.vita-explorers.dk\/blog\/FN-dag for internationalt engagement\/\"},\"author\":{\"name\":\"VITA Tribe\",\"@id\":\"https:\/\/www.vita-explorers.dk\/blog\/#\/schema\/person\/fc0343a2f2db2ebb2793c1f62dbe73f0\"},\"headline\":\"FN-dagen: s\u00e5dan forl\u00e6nger VITA Explorers indsatsen for globalt sammenhold\",\"datePublished\":\"2025-10-23T22:06:06+00:00\",\"dateModified\":\"2025-10-23T22:06:06+00:00\",\"mainEntityOfPage\":{\"@id\":\"https:\/\/www.vita-explorers.dk\/blog\/FN-dag for internationalt engagement\/\"},\"wordCount\":1554,\"commentCount\":0,\"publisher\":{\"@id\":\"https:\/\/www.vita-explorers.dk\/blog\/#organization\"},\"image\":{\"@id\":\"https:\/\/www.vita-explorers.dk\/blog\/FN-dag for internationalt engagement\/#primaryimage\"},\"thumbnailUrl\":\"https:\/\/www.vita-explorers.dk\/blog\/wp-content\/uploads\/2025\/10\/ChatGPT-Image-23-oct.-2025-a-23_00_49.png\",\"articleSection\":[\"Nyheder\",\"Oplysning\"],\"inLanguage\":\"da-DK\",\"potentialAction\":[{\"@type\":\"CommentAction\",\"name\":\"Comment\",\"target\":[\"https:\/\/www.vita-explorers.dk\/blog\/FN-dag for internationalt engagement\/#respond\"]}]},{\"@type\":\"WebPage\",\"@id\":\"https:\/\/www.vita-explorers.dk\/blog\/FN-dag for internationalt engagement\/\",\"url\":\"https:\/\/www.vita-explorers.dk\/blog\/FN-dag for internationalt engagement\/\",\"name\":\"FN-dagen: frivilliges engagement\",\"isPartOf\":{\"@id\":\"https:\/\/www.vita-explorers.dk\/blog\/#website\"},\"primaryImageOfPage\":{\"@id\":\"https:\/\/www.vita-explorers.dk\/blog\/FN-dag for internationalt engagement\/#primaryimage\"},\"image\":{\"@id\":\"https:\/\/www.vita-explorers.dk\/blog\/FN-dag for internationalt engagement\/#primaryimage\"},\"thumbnailUrl\":\"https:\/\/www.vita-explorers.dk\/blog\/wp-content\/uploads\/2025\/10\/ChatGPT-Image-23-oct.-2025-a-23_00_49.png\",\"datePublished\":\"2025-10-23T22:06:06+00:00\",\"dateModified\":\"2025-10-23T22:06:06+00:00\",\"description\":\"\u00c0 l\u2019occasion de la Journ\u00e9e des Nations Unies, d\u00e9couvrez comment les volontaires participent \u00e0 un monde plus juste et solidaire.\",\"breadcrumb\":{\"@id\":\"https:\/\/www.vita-explorers.dk\/blog\/FN-dag for internationalt engagement\/#breadcrumb\"},\"inLanguage\":\"da-DK\",\"potentialAction\":[{\"@type\":\"ReadAction\",\"target\":[\"https:\/\/www.vita-explorers.dk\/blog\/FN-dag for internationalt engagement\/\"]}]},{\"@type\":\"ImageObject\",\"inLanguage\":\"da-DK\",\"@id\":\"https:\/\/www.vita-explorers.dk\/blog\/FN-dag for internationalt engagement\/#primaryimage\",\"url\":\"https:\/\/www.vita-explorers.dk\/blog\/wp-content\/uploads\/2025\/10\/ChatGPT-Image-23-oct.-2025-a-23_00_49.png\",\"contentUrl\":\"https:\/\/www.vita-explorers.dk\/blog\/wp-content\/uploads\/2025\/10\/ChatGPT-Image-23-oct.-2025-a-23_00_49.png\",\"width\":1024,\"height\":1024,\"caption\":\"nations unies\"},{\"@type\":\"BreadcrumbList\",\"@id\":\"https:\/\/www.vita-explorers.dk\/blog\/FN-dag for internationalt engagement\/#breadcrumb\",\"itemListElement\":[{\"@type\":\"ListItem\",\"position\":1,\"name\":\"Accueil\",\"item\":\"https:\/\/www.vita-explorers.dk\/blog\/\"},{\"@type\":\"ListItem\",\"position\":2,\"name\":\"FN-dagen: s\u00e5dan forl\u00e6nger VITA Explorers indsatsen for globalt sammenhold\"}]},{\"@type\":\"WebSite\",\"@id\":\"https:\/\/www.vita-explorers.dk\/blog\/#website\",\"url\":\"https:\/\/www.vita-explorers.dk\/blog\/\",\"name\":\"Association Globalong\",\"description\":\"Frivilligt arbejde, sprogophold, praktik i udlandet og internationale oplevelser\",\"publisher\":{\"@id\":\"https:\/\/www.vita-explorers.dk\/blog\/#organization\"},\"potentialAction\":[{\"@type\":\"SearchAction\",\"target\":{\"@type\":\"EntryPoint\",\"urlTemplate\":\"https:\/\/www.vita-explorers.dk\/blog\/?s={search_term_string}\"},\"query-input\":{\"@type\":\"PropertyValueSpecification\",\"valueRequired\":true,\"valueName\":\"search_term_string\"}}],\"inLanguage\":\"da-DK\"},{\"@type\":\"Organization\",\"@id\":\"https:\/\/www.vita-explorers.dk\/blog\/#organization\",\"name\":\"Association Globalong\",\"url\":\"https:\/\/www.vita-explorers.dk\/blog\/\",\"logo\":{\"@type\":\"ImageObject\",\"inLanguage\":\"da-DK\",\"@id\":\"https:\/\/www.vita-explorers.dk\/blog\/#\/schema\/logo\/image\/\",\"url\":\"https:\/\/www.globalong.com\/blog\/wp-content\/uploads\/2014\/11\/cropped-cropped-Logo-et-Afrique-Globalong-petite-taille-2.jpg\",\"contentUrl\":\"https:\/\/www.globalong.com\/blog\/wp-content\/uploads\/2014\/11\/cropped-cropped-Logo-et-Afrique-Globalong-petite-taille-2.jpg\",\"width\":512,\"height\":512,\"caption\":\"Association Globalong\"},\"image\":{\"@id\":\"https:\/\/www.vita-explorers.dk\/blog\/#\/schema\/logo\/image\/\"},\"sameAs\":[\"https:\/\/www.facebook.com\/globalong\"]},{\"@type\":\"Person\",\"@id\":\"https:\/\/www.vita-explorers.dk\/blog\/#\/schema\/person\/fc0343a2f2db2ebb2793c1f62dbe73f0\",\"name\":\"VITA Tribe\",\"image\":{\"@type\":\"ImageObject\",\"inLanguage\":\"da-DK\",\"@id\":\"https:\/\/www.vita-explorers.dk\/blog\/#\/schema\/person\/image\/\",\"url\":\"https:\/\/secure.gravatar.com\/avatar\/f7f05026bb439d0c96b30e135e5f852c?s=96&d=mm&r=g\",\"contentUrl\":\"https:\/\/secure.gravatar.com\/avatar\/f7f05026bb439d0c96b30e135e5f852c?s=96&d=mm&r=g\",\"caption\":\"VITA Tribe\"},\"sameAs\":[\"http:\/\/www.globalong.com\"],\"url\":\"https:\/\/www.vita-explorers.dk\/blog\/author\/teamglobalong\/\"}]}<\/script>\n<!-- \/ Yoast SEO Premium plugin. -->","yoast_head_json":{"title":"FN-dagen: frivilliges engagement","description":"\u00c0 l\u2019occasion de la Journ\u00e9e des Nations Unies, d\u00e9couvrez comment les volontaires participent \u00e0 un monde plus juste et solidaire.","robots":{"index":"index","follow":"follow","max-snippet":"max-snippet:-1","max-image-preview":"max-image-preview:large","max-video-preview":"max-video-preview:-1"},"canonical":"https:\/\/www.vita-explorers.dk\/blog\/FN-dag for internationalt engagement\/","og_locale":"da_DK","og_type":"article","og_title":"FN-dagen: s\u00e5dan forl\u00e6nger VITA Explorers indsatsen for globalt sammenhold","og_description":"\u00c0 l\u2019occasion de la Journ\u00e9e des Nations Unies, d\u00e9couvrez comment les volontaires participent \u00e0 un monde plus juste et solidaire.","og_url":"https:\/\/www.vita-explorers.dk\/blog\/FN-dag for internationalt engagement\/","og_site_name":"VITA Explorers Blog","article_publisher":"https:\/\/www.facebook.com\/globalong","article_published_time":"2025-10-23T22:06:06+00:00","og_image":[{"url":"https:\/\/www.vita-explorers.dk\/blog\/wp-content\/uploads\/2025\/10\/ChatGPT-Image-23-oct.-2025-a-23_00_49.png","width":1024,"height":1024,"type":"image\/png"}],"author":"VITA Tribe","twitter_card":"summary_large_image","twitter_misc":{"Skrevet af":"VITA Tribe","Estimeret l\u00e6setid":"9 minutter"},"schema":{"@context":"https:\/\/schema.org","@graph":[{"@type":"Article","@id":"https:\/\/www.vita-explorers.dk\/blog\/FN-dag for internationalt engagement\/#article","isPartOf":{"@id":"https:\/\/www.vita-explorers.dk\/blog\/FN-dag for internationalt engagement\/"},"author":{"name":"VITA Tribe","@id":"https:\/\/www.vita-explorers.dk\/blog\/#\/schema\/person\/fc0343a2f2db2ebb2793c1f62dbe73f0"},"headline":"FN-dagen: s\u00e5dan forl\u00e6nger VITA Explorers indsatsen for globalt sammenhold","datePublished":"2025-10-23T22:06:06+00:00","dateModified":"2025-10-23T22:06:06+00:00","mainEntityOfPage":{"@id":"https:\/\/www.vita-explorers.dk\/blog\/FN-dag for internationalt engagement\/"},"wordCount":1554,"commentCount":0,"publisher":{"@id":"https:\/\/www.vita-explorers.dk\/blog\/#organization"},"image":{"@id":"https:\/\/www.vita-explorers.dk\/blog\/FN-dag for internationalt engagement\/#primaryimage"},"thumbnailUrl":"https:\/\/www.vita-explorers.dk\/blog\/wp-content\/uploads\/2025\/10\/ChatGPT-Image-23-oct.-2025-a-23_00_49.png","articleSection":["Nyheder","Oplysning"],"inLanguage":"da-DK","potentialAction":[{"@type":"CommentAction","name":"Comment","target":["https:\/\/www.vita-explorers.dk\/blog\/FN-dag for internationalt engagement\/#respond"]}]},{"@type":"WebPage","@id":"https:\/\/www.vita-explorers.dk\/blog\/FN-dag for internationalt engagement\/","url":"https:\/\/www.vita-explorers.dk\/blog\/FN-dag for internationalt engagement\/","name":"FN-dagen: frivilliges engagement","isPartOf":{"@id":"https:\/\/www.vita-explorers.dk\/blog\/#website"},"primaryImageOfPage":{"@id":"https:\/\/www.vita-explorers.dk\/blog\/FN-dag for internationalt engagement\/#primaryimage"},"image":{"@id":"https:\/\/www.vita-explorers.dk\/blog\/FN-dag for internationalt engagement\/#primaryimage"},"thumbnailUrl":"https:\/\/www.vita-explorers.dk\/blog\/wp-content\/uploads\/2025\/10\/ChatGPT-Image-23-oct.-2025-a-23_00_49.png","datePublished":"2025-10-23T22:06:06+00:00","dateModified":"2025-10-23T22:06:06+00:00","description":"\u00c0 l\u2019occasion de la Journ\u00e9e des Nations Unies, d\u00e9couvrez comment les volontaires participent \u00e0 un monde plus juste et solidaire.","breadcrumb":{"@id":"https:\/\/www.vita-explorers.dk\/blog\/FN-dag for internationalt engagement\/#breadcrumb"},"inLanguage":"da-DK","potentialAction":[{"@type":"ReadAction","target":["https:\/\/www.vita-explorers.dk\/blog\/FN-dag for internationalt engagement\/"]}]},{"@type":"ImageObject","inLanguage":"da-DK","@id":"https:\/\/www.vita-explorers.dk\/blog\/FN-dag for internationalt engagement\/#primaryimage","url":"https:\/\/www.vita-explorers.dk\/blog\/wp-content\/uploads\/2025\/10\/ChatGPT-Image-23-oct.-2025-a-23_00_49.png","contentUrl":"https:\/\/www.vita-explorers.dk\/blog\/wp-content\/uploads\/2025\/10\/ChatGPT-Image-23-oct.-2025-a-23_00_49.png","width":1024,"height":1024,"caption":"nations unies"},{"@type":"BreadcrumbList","@id":"https:\/\/www.vita-explorers.dk\/blog\/FN-dag for internationalt engagement\/#breadcrumb","itemListElement":[{"@type":"ListItem","position":1,"name":"Accueil","item":"https:\/\/www.vita-explorers.dk\/blog\/"},{"@type":"ListItem","position":2,"name":"FN-dagen: s\u00e5dan forl\u00e6nger VITA Explorers indsatsen for globalt sammenhold"}]},{"@type":"WebSite","@id":"https:\/\/www.vita-explorers.dk\/blog\/#website","url":"https:\/\/www.vita-explorers.dk\/blog\/","name":"Association Globalong","description":"Frivilligt arbejde, sprogophold, praktik i udlandet og internationale oplevelser","publisher":{"@id":"https:\/\/www.vita-explorers.dk\/blog\/#organization"},"potentialAction":[{"@type":"SearchAction","target":{"@type":"EntryPoint","urlTemplate":"https:\/\/www.vita-explorers.dk\/blog\/?s={search_term_string}"},"query-input":{"@type":"PropertyValueSpecification","valueRequired":true,"valueName":"search_term_string"}}],"inLanguage":"da-DK"},{"@type":"Organization","@id":"https:\/\/www.vita-explorers.dk\/blog\/#organization","name":"Association Globalong","url":"https:\/\/www.vita-explorers.dk\/blog\/","logo":{"@type":"ImageObject","inLanguage":"da-DK","@id":"https:\/\/www.vita-explorers.dk\/blog\/#\/schema\/logo\/image\/","url":"https:\/\/www.globalong.com\/blog\/wp-content\/uploads\/2014\/11\/cropped-cropped-Logo-et-Afrique-Globalong-petite-taille-2.jpg","contentUrl":"https:\/\/www.globalong.com\/blog\/wp-content\/uploads\/2014\/11\/cropped-cropped-Logo-et-Afrique-Globalong-petite-taille-2.jpg","width":512,"height":512,"caption":"Association Globalong"},"image":{"@id":"https:\/\/www.vita-explorers.dk\/blog\/#\/schema\/logo\/image\/"},"sameAs":["https:\/\/www.facebook.com\/globalong"]},{"@type":"Person","@id":"https:\/\/www.vita-explorers.dk\/blog\/#\/schema\/person\/fc0343a2f2db2ebb2793c1f62dbe73f0","name":"VITA Tribe","image":{"@type":"ImageObject","inLanguage":"da-DK","@id":"https:\/\/www.vita-explorers.dk\/blog\/#\/schema\/person\/image\/","url":"https:\/\/secure.gravatar.com\/avatar\/f7f05026bb439d0c96b30e135e5f852c?s=96&d=mm&r=g","contentUrl":"https:\/\/secure.gravatar.com\/avatar\/f7f05026bb439d0c96b30e135e5f852c?s=96&d=mm&r=g","caption":"VITA Tribe"},"sameAs":["http:\/\/www.globalong.com"],"url":"https:\/\/www.vita-explorers.dk\/blog\/author\/teamglobalong\/"}]}},"_links":{"self":[{"href":"https:\/\/www.vita-explorers.dk\/blog\/wp-json\/wp\/v2\/posts\/22118"}],"collection":[{"href":"https:\/\/www.vita-explorers.dk\/blog\/wp-json\/wp\/v2\/posts"}],"about":[{"href":"https:\/\/www.vita-explorers.dk\/blog\/wp-json\/wp\/v2\/types\/post"}],"author":[{"embeddable":true,"href":"https:\/\/www.vita-explorers.dk\/blog\/wp-json\/wp\/v2\/users\/7"}],"replies":[{"embeddable":true,"href":"https:\/\/www.vita-explorers.dk\/blog\/wp-json\/wp\/v2\/comments?post=22118"}],"version-history":[{"count":3,"href":"https:\/\/www.vita-explorers.dk\/blog\/wp-json\/wp\/v2\/posts\/22118\/revisions"}],"predecessor-version":[{"id":22122,"href":"https:\/\/www.vita-explorers.dk\/blog\/wp-json\/wp\/v2\/posts\/22118\/revisions\/22122"}],"wp:featuredmedia":[{"embeddable":true,"href":"https:\/\/www.vita-explorers.dk\/blog\/wp-json\/wp\/v2\/media\/22119"}],"wp:attachment":[{"href":"https:\/\/www.vita-explorers.dk\/blog\/wp-json\/wp\/v2\/media?parent=22118"}],"wp:term":[{"taxonomy":"category","embeddable":true,"href":"https:\/\/www.vita-explorers.dk\/blog\/wp-json\/wp\/v2\/categories?post=22118"},{"taxonomy":"post_tag","embeddable":true,"href":"https:\/\/www.vita-explorers.dk\/blog\/wp-json\/wp\/v2\/tags?post=22118"}],"curies":[{"name":"wp","href":"https:\/\/api.w.org\/{rel}","templated":true}]}}