{"id":22127,"date":"2025-10-26T05:06:27","date_gmt":"2025-10-26T04:06:27","guid":{"rendered":"https:\/\/www.globalong.com\/blog\/?p=22127"},"modified":"2025-10-25T21:46:19","modified_gmt":"2025-10-25T19:46:19","slug":"baeredygtig-udvikling","status":"publish","type":"post","link":"https:\/\/www.vita-explorers.dk\/blog\/baeredygtig-udvikling\/","title":{"rendered":"B\u00e6redygtig udvikling: forst\u00e5, handle og engag\u00e9r dig"},"content":{"rendered":"<h1>B\u00e6redygtig udvikling: forst\u00e5, handle og engag\u00e9r dig<\/h1>\n<p style=\"text-align: justify;\"> <strong>B\u00e6redygtig udvikling<\/strong> er blevet et af de vigtigste temaer i det 21. \u00e5rhundrede. I m\u00f8det med klima- og sociale kriser leder mange efter konkrete l\u00f8sninger, der kan v\u00e6re med til at skabe en mere balanceret fremtid. Men hvad betyder b\u00e6redygtighed egentlig? Og hvordan kan du handle allerede i dag og bidrage til forandring?<\/p>\n<p style=\"text-align: justify;\">At v\u00e6lge en ansvarlig retning handler om at gent\u00e6nke m\u00e5den, vi producerer, forbruger og lever sammen p\u00e5. Ideen er at d\u00e6kke nutidens behov uden at s\u00e6tte kommende generationers muligheder over styr. Det bygger p\u00e5 et helhedssyn, hvor planeten, mennesker og \u00f8konomi skal kunne udvikle sig i sammenh\u00e6ng.<\/p>\n<p style=\"text-align: justify;\">I denne artikel f\u00e5r du et overblik over b\u00e6redygtighed, de tre centrale s\u00f8jler og enkle vaner, der g\u00f8r det muligt at bidrage \u2013 p\u00e5 din egen m\u00e5de \u2013 til en mere ansvarlig verden.<\/p>\n<p><!-- Sommaire --><\/p>\n<nav id=\"sommaire\">\n<h2>Indhold<\/h2>\n<ul>\n<li><a href=\"#definition\">Hvad er b\u00e6redygtig udvikling?<\/a><\/li>\n<li><a href=\"#piliers\">De tre s\u00f8jler i b\u00e6redygtig udvikling<\/a><\/li>\n<li><a href=\"#importance\">Hvorfor er denne tilgang vigtig?<\/a><\/li>\n<li><a href=\"#agir\">Hvordan kan du engagere dig for en mere respektfuld verden?<\/a><\/li>\n<li><a href=\"#temoignage\">En erfaring med konkret engagement<\/a><\/li>\n<li><a href=\"#faq\">FAQ om b\u00e6redygtighed<\/a><\/li>\n<li><a href=\"#conclusion\">Konklusion: alle kan handle i deres eget tempo<\/a><\/li>\n<\/ul>\n<\/nav>\n<h2><\/h2>\n<h2><a href=\"https:\/\/www.vita-explorers.dk\/blog\/wp-content\/uploads\/2018\/06\/Programme-de-be\u0301ne\u0301volat-en-Mongolie-GlobAlong-min.jpg\"><img loading=\"lazy\" decoding=\"async\" class=\"size-medium wp-image-10174 aligncenter\" src=\"https:\/\/www.vita-explorers.dk\/blog\/wp-content\/uploads\/2018\/06\/Programme-de-be\u0301ne\u0301volat-en-Mongolie-GlobAlong-min-300x225.jpg\" alt=\"Frivilligt arbejde i Mongoliet\" width=\"300\" height=\"225\" srcset=\"https:\/\/www.vita-explorers.dk\/blog\/wp-content\/uploads\/2018\/06\/Programme-de-be\u0301ne\u0301volat-en-Mongolie-GlobAlong-min-300x225.jpg 300w, https:\/\/www.vita-explorers.dk\/blog\/wp-content\/uploads\/2018\/06\/Programme-de-be\u0301ne\u0301volat-en-Mongolie-GlobAlong-min-768x576.jpg 768w, https:\/\/www.vita-explorers.dk\/blog\/wp-content\/uploads\/2018\/06\/Programme-de-be\u0301ne\u0301volat-en-Mongolie-GlobAlong-min-150x113.jpg 150w, https:\/\/www.vita-explorers.dk\/blog\/wp-content\/uploads\/2018\/06\/Programme-de-be\u0301ne\u0301volat-en-Mongolie-GlobAlong-min.jpg 960w\" sizes=\"(max-width: 300px) 100vw, 300px\" \/><\/a><\/h2>\n<h2><\/h2>\n<h2 id=\"definition\">Hvad er b\u00e6redygtig udvikling?<\/h2>\n<p style=\"text-align: justify;\">B\u00e6redygtighed handler om en samfundsmodel, der fors\u00f8ger at forene \u00f8konomisk udvikling, social retf\u00e6rdighed og beskyttelse af milj\u00f8et. Princippet bygger p\u00e5 en enkel erkendelse: Jordens ressourcer er begr\u00e6nsede, og derfor skal vi bruge dem med omtanke.<\/p>\n<p style=\"text-align: justify;\">Begrebet fik for alvor gennemslag i 1980\u2019erne med <em>Brundtland-rapporten<\/em>, udarbejdet af Verdenskommissionen for <a href=\"https:\/\/www.vita-explorers.dk\/blog\/eco-frivilligt-arbejde-klima\/\" target=\"_blank\" rel=\"noopener\">milj\u00f8<\/a> og udvikling. Her defineres b\u00e6redygtig udvikling som \u201cen udvikling, der opfylder nutidens behov uden at forringe fremtidige generationers muligheder for at opfylde deres\u201d.<\/p>\n<p style=\"text-align: justify;\">Det betyder, at b\u00e6redygtighed ikke kun handler om natur og klima. Det omfatter ogs\u00e5 bek\u00e6mpelse af fattigdom, adgang til uddannelse, sundhed, ligestilling og beskyttelse af grundl\u00e6ggende rettigheder. Tilsammen tegner det et mere retf\u00e6rdigt og menneskeligt perspektiv p\u00e5 fremtiden.<\/p>\n<p style=\"text-align: justify;\">B\u00e6redygtig udvikling er derfor ogs\u00e5 en m\u00e5de at t\u00e6nke handling p\u00e5. Den inviterer alle \u2013 borgere, civilsamfund, virksomheder og institutioner \u2013 til at v\u00e6lge mere ansvarlige l\u00f8sninger. Med samarbejde og f\u00e6lles ansvar kan vi skabe en fremtid, der respekterer b\u00e5de naturens og samfundets balancer.<\/p>\n<h2><\/h2>\n<h2 id=\"piliers\">De tre s\u00f8jler i b\u00e6redygtig udvikling<\/h2>\n<p style=\"text-align: justify;\"> <strong>B\u00e6redygtig udvikling<\/strong> bygger p\u00e5 tre supplerende s\u00f8jler: milj\u00f8, sociale forhold og \u00f8konomi. De h\u00e6nger ul\u00f8seligt sammen, fordi et reelt b\u00e6redygtigt initiativ kr\u00e6ver balance mellem dem. Samlet set danner de en helhedsorienteret tilgang til menneskelig udvikling.<\/p>\n<h3><strong>Milj\u00f8s\u00f8jlen<\/strong><\/h3>\n<p style=\"text-align: justify;\">Den f\u00f8rste s\u00f8jle handler om at beskytte naturressourcer og begr\u00e6nse menneskers p\u00e5virkning af planeten. Den fremmer mindre affald, brug af vedvarende energi og beskyttelse af <a href=\"https:\/\/www.vita-explorers.dk\/blog\/frivilligt-arbejde-galapagos-nat\/\" target=\"_blank\" rel=\"noopener\">biodiversitet<\/a>. Med enkle vaner kan alle v\u00e6re med til at l\u00f8fte en f\u00e6lles indsats.<\/p>\n<p style=\"text-align: justify;\">Det kan fx v\u00e6re at sortere affald, undg\u00e5 madspild eller v\u00e6lge mere sk\u00e5nsomme transportformer. Ogs\u00e5 virksomheder kan mindske deres klimaaftryk ved at prioritere kortere forsyningsk\u00e6der og mere milj\u00f8venligt design. Sm\u00e5 handlinger kan \u2013 samlet set \u2013 g\u00f8re en reel forskel for milj\u00f8et.<\/p>\n<h3><strong>Den sociale s\u00f8jle<\/strong><\/h3>\n<p style=\"text-align: justify;\">Den anden s\u00f8jle s\u00e6tter mennesker i centrum. Den handler om lige muligheder, solidaritet og respekt for grundl\u00e6ggende rettigheder. Adgang til uddannelse, sundhed og ordentlige job er afg\u00f8rende, hvis vi vil skabe et samfund i bedre balance.<\/p>\n<p style=\"text-align: justify;\">Sociale initiativer styrker sammenh\u00e6ngskraft og dialog mellem mennesker. De bidrager ogs\u00e5 til inklusion, s\u00e6rligt for de mest s\u00e5rbare grupper. Ved at st\u00f8tte uddannelses- eller f\u00e6llesskabsprojekter kan man v\u00e6re med til at styrke det sociale fundament og arbejde for en mere retf\u00e6rdig verden.<\/p>\n<h3 style=\"text-align: justify;\"><strong>Den \u00f8konomiske s\u00f8jle<\/strong><\/h3>\n<p style=\"text-align: justify;\">Den tredje s\u00f8jle handler om v\u00e6kst og ansvarlig forvaltning af \u00f8konomiske ressourcer. En b\u00e6redygtig \u00f8konomi bygger p\u00e5 innovation, transparens og jobskabelse, der tager hensyn til milj\u00f8et. Den underst\u00f8tter en mere ressourcelet og effektiv produktion.<\/p>\n<p style=\"text-align: justify;\">Virksomheder, der arbejder ud fra disse v\u00e6rdier, v\u00e6lger ofte en mere etisk tilgang: De styrker korte v\u00e6rdik\u00e6der, lokal produktion og arbejder for at mindske l\u00f8nforskelle. En balanceret \u00f8konomisk model g\u00f8r det muligt at kombinere l\u00f8nsomhed med respekt for planeten \u2013 uden at sv\u00e6kke kommende generationers muligheder.<\/p>\n<p style=\"text-align: justify;\">N\u00e5r de tre s\u00f8jler t\u00e6nkes sammen, bliver b\u00e6redygtig udvikling en sammenh\u00e6ngende strategi. Den kan guide b\u00e5de f\u00e6lles beslutninger og personlige valg, s\u00e5 velstand, retf\u00e6rdighed og natur kan udvikle sig side om side.<\/p>\n<h2><\/h2>\n<p><a href=\"https:\/\/www.vita-explorers.dk\/blog\/wp-content\/uploads\/2018\/11\/1457729_10152033012453695_596766106_n1-min.jpg\"><img loading=\"lazy\" decoding=\"async\" class=\"size-full wp-image-11872 aligncenter\" src=\"https:\/\/www.vita-explorers.dk\/blog\/wp-content\/uploads\/2018\/11\/1457729_10152033012453695_596766106_n1-min.jpg\" alt=\"b\u00e6redygtig udvikling\" width=\"250\" height=\"187\" srcset=\"https:\/\/www.vita-explorers.dk\/blog\/wp-content\/uploads\/2018\/11\/1457729_10152033012453695_596766106_n1-min.jpg 250w, https:\/\/www.vita-explorers.dk\/blog\/wp-content\/uploads\/2018\/11\/1457729_10152033012453695_596766106_n1-min-150x112.jpg 150w\" sizes=\"(max-width: 250px) 100vw, 250px\" \/><\/a><\/p>\n<p>\u00a0<\/p>\n<h2 id=\"importance\" style=\"text-align: justify;\">Hvorfor er b\u00e6redygtig udvikling afg\u00f8rende i dag?<\/h2>\n<p style=\"text-align: justify;\">Milj\u00f8m\u00e6ssige og sociale udfordringer bliver mere tydelige \u00e5r for \u00e5r. <strong>B\u00e6redygtig udvikling<\/strong> er ikke l\u00e6ngere et tilvalg, men en n\u00f8dvendighed. Den hj\u00e6lper med at beskytte planeten og samtidig skabe bedre livsvilk\u00e5r for flere. Tilgangen giver konkrete svar p\u00e5 klimakrisen, presset p\u00e5 ressourcer og voksende ulighed.<\/p>\n<p style=\"text-align: justify;\">Konsekvenserne af klimaforandringer ses allerede: h\u00f8jere temperaturer, t\u00f8rke, brande, <a href=\"https:\/\/www.vita-explorers.dk\/blog\/forloeb-plastforurening-i-havene\/\" target=\"_blank\" rel=\"noopener\">forurening af havene<\/a> og tab af dyrearter. Det sv\u00e6kker b\u00e5de \u00f8kosystemer og menneskers levevilk\u00e5r. Med en b\u00e6redygtig tilgang kan vi begr\u00e6nse skaderne og genskabe en n\u00f8dvendig balance mellem mennesker og natur.<\/p>\n<p style=\"text-align: justify;\">Ud over milj\u00f8et kan b\u00e6redygtighed ogs\u00e5 styrke \u00f8konomisk stabilitet og social sammenh\u00e6ngskraft. Ved at st\u00f8tte mere retf\u00e6rdige produktionsformer kan den v\u00e6re med til at skabe lokale og ansvarlige jobs. Samtidig \u00f8ger den forst\u00e5elsen af, at mange udfordringer kr\u00e6ver f\u00e6lles l\u00f8sninger p\u00e5 tv\u00e6rs af landegr\u00e6nser.<\/p>\n<p style=\"text-align: justify;\">B\u00e6redygtig udvikling bygger derfor p\u00e5 et langsigtet perspektiv. Den minder os om, at enhver beslutning \u2013 politisk, \u00f8konomisk eller personlig \u2013 har betydning for vores f\u00e6lles fremtid. N\u00e5r vi tager b\u00e6redygtighed med i hverdagsvalg, er vi alle med til at skabe en mere tryg, sund og respektfuld verden.<\/p>\n<p style=\"text-align: justify;\">Det er vigtigt at handle nu. Jo l\u00e6ngere vi venter, jo st\u00f8rre bliver ubalancerne. Den gode nyhed er, at alt t\u00e6ller: At \u00e6ndre forbrugsvaner, spare p\u00e5 energien eller bakke op om lokale initiativer kan g\u00f8re en forskel. N\u00e5r mange sm\u00e5 skridt g\u00e5r i samme retning, bliver det en st\u00e6rk drivkraft for varig forandring.<\/p>\n<h2 style=\"text-align: justify;\"><\/h2>\n<h2 id=\"agir\">Hvordan kan du engagere dig for en b\u00e6redygtig verden?<\/h2>\n<p><strong>B\u00e6redygtig udvikling<\/strong> handler i praksis om handling. Alle kan bidrage til en mere ansvarlig fremtid \u2013 gennem personlige valg, forbrugsvaner og f\u00e6lles engagement. Det handler ikke om at \u00e6ndre alt fra den ene dag til den anden, men om at tage skridt for skridt mod en m\u00e5de at leve p\u00e5, der tager hensyn til b\u00e5de planeten og andre mennesker.<\/p>\n<h3><strong>\u00c6ndre vaner i hverdagen<\/strong><\/h3>\n<p style=\"text-align: justify;\">De sm\u00e5 valg i hverdagen har st\u00f8rre betydning, end man ofte tror. N\u00e5r man justerer sine vaner over tid, kan man reducere sit aftryk m\u00e6rkbart. M\u00e5let er ikke perfektion, men at g\u00f8re en indsats, man kan holde fast i.<\/p>\n<ul style=\"text-align: justify;\">\n<li>V\u00e6lg lokale og s\u00e6sonbaserede varer for at mindske transport.<\/li>\n<li>Skru ned for vand- og elforbrug med enkle rutiner.<\/li>\n<li>Undg\u00e5 engangsplast ved at v\u00e6lge mere holdbare alternativer.<\/li>\n<li>Priorit\u00e9r sortering, reparation og genbrug frem for \u201cbrug og smid v\u00e6k\u201d.<\/li>\n<li>G\u00e5, cykl eller brug offentlig transport, n\u00e5r det er muligt.<\/li>\n<\/ul>\n<p style=\"text-align: justify;\">De enkelte \u00e6ndringer kan virke sm\u00e5, men n\u00e5r mange g\u00f8r det samme, bliver effekten stor. Over tid p\u00e5virker det b\u00e5de produktion, virksomheder og politiske prioriteringer.<\/p>\n<h3><strong>Styrke f\u00e6lles ansvar<\/strong><\/h3>\n<p style=\"text-align: justify;\">Personlige valg f\u00e5r endnu st\u00f8rre gennemslagskraft, n\u00e5r de kobles til f\u00e6llesskab og lokale initiativer. Kommuner, skoler og foreninger spiller en vigtig rolle i at fremme en mere b\u00e6redygtig retning. De skaber viden, rammer og samarbejde mellem borgere.<\/p>\n<p style=\"text-align: justify;\">Virksomheder har ogs\u00e5 stor indflydelse. N\u00e5r de v\u00e6lger <a href=\"https:\/\/www.vita-explorers.dk\/blog\/ansvarlig-rejse\/\" target=\"_blank\" rel=\"noopener\">mere milj\u00f8ansvarlige<\/a> l\u00f8sninger, kan de reducere udledninger, styrke lokale \u00f8konomier og sikre ordentlige arbejdsvilk\u00e5r. Flere og flere organisationer integrerer i dag b\u00e6redygtighed i deres strategi \u2013 fordi det ogs\u00e5 h\u00e6nger sammen med kvalitet, robusthed og langsigtet drift.<\/p>\n<h3><strong>Deltage i b\u00e6redygtige projekter og internationale forl\u00f8b<\/strong><\/h3>\n<p style=\"text-align: justify;\">At engagere sig p\u00e5 tv\u00e6rs af gr\u00e6nser kan v\u00e6re en anden m\u00e5de at handle p\u00e5. Mange internationale initiativer st\u00f8tter lokalsamfund og natur p\u00e5 samme tid. <strong>Ansvarlige internationale forl\u00f8b<\/strong> l\u00e6gger v\u00e6gt p\u00e5 respekt for b\u00e5de mennesker og \u00f8kosystemer.<\/p>\n<p style=\"text-align: justify;\">S\u00e5danne oplevelser kan give et dobbelt udbytte: De styrker f\u00e6llesskab og ansvarsf\u00f8lelse og kan samtidig g\u00f8re ens klima- og naturforst\u00e5else mere konkret. At bidrage i et naturreservat, deltage i undervisningsaktiviteter eller st\u00f8tte genplantning af skov er eksempler p\u00e5 indsatser, der kan g\u00f8re en forskel.<\/p>\n<p style=\"text-align: justify;\">Derudover giver denne type engagement mulighed for kulturudveksling og for at udvikle nye menneskelige kompetencer. N\u00e5r deltagere og lokale ildsj\u00e6le arbejder side om side, opst\u00e5r der ofte st\u00e6rke relationer og en mere nuanceret forst\u00e5else af globale udfordringer. Det er en m\u00e5de at give mening til sin indsats \u2013 og samtidig f\u00e5 en oplevelse, der s\u00e6tter sig.<\/p>\n<p style=\"text-align: justify;\">I sidste ende handler b\u00e6redygtig udvikling om at engagere sig p\u00e5 flere niveauer. Man kan begynde t\u00e6t p\u00e5 hverdagen og senere rette blikket ud i verden. Hvert skridt \u2013 ogs\u00e5 de sm\u00e5 \u2013 er en del af en f\u00e6lles bev\u00e6gelse mod en mere retf\u00e6rdig og balanceret fremtid.<\/p>\n<h2><\/h2>\n<h2><a href=\"https:\/\/www.vita-explorers.dk\/blog\/wp-content\/uploads\/2018\/09\/IMG_20180712_090611-1-min.jpg\"><img loading=\"lazy\" decoding=\"async\" class=\"size-medium wp-image-11213 aligncenter\" src=\"https:\/\/www.vita-explorers.dk\/blog\/wp-content\/uploads\/2018\/09\/IMG_20180712_090611-1-min-300x225.jpg\" alt=\"b\u00e6redygtig udvikling\" width=\"300\" height=\"225\" srcset=\"https:\/\/www.vita-explorers.dk\/blog\/wp-content\/uploads\/2018\/09\/IMG_20180712_090611-1-min-300x225.jpg 300w, https:\/\/www.vita-explorers.dk\/blog\/wp-content\/uploads\/2018\/09\/IMG_20180712_090611-1-min-768x576.jpg 768w, https:\/\/www.vita-explorers.dk\/blog\/wp-content\/uploads\/2018\/09\/IMG_20180712_090611-1-min-1024x768.jpg 1024w, https:\/\/www.vita-explorers.dk\/blog\/wp-content\/uploads\/2018\/09\/IMG_20180712_090611-1-min-150x113.jpg 150w\" sizes=\"(max-width: 300px) 100vw, 300px\" \/><\/a><\/h2>\n<h2><\/h2>\n<h2 id=\"temoignage\">En erfaring med konkret engagement<\/h2>\n<p style=\"text-align: justify;\">Vil man se <strong>b\u00e6redygtig udvikling<\/strong> omsat til handling, kan man tage udgangspunkt i de mange mennesker, der v\u00e6lger at engagere sig i ansvarlige projekter. Deres erfaringer viser, at sm\u00e5 bidrag kan g\u00f8re en reel forskel \u2013 is\u00e6r n\u00e5r de indg\u00e5r i en gennemt\u00e6nkt indsats sammen med andre.<\/p>\n<p style=\"text-align: justify;\">Marie valgte for eksempel at bruge flere uger p\u00e5 et milj\u00f8projekt i det sydlige <a href=\"https:\/\/www.vita-explorers.dk\/frivilligt-arbejde\/\" target=\"_blank\" rel=\"noopener\">Afrika<\/a>. Her deltog hun i genplantning af tr\u00e6er og i aktiviteter, der gav b\u00f8rn og unge viden om beskyttelse af naturressourcer. Hver morgen m\u00f8dtes hun med det lokale team for at plante nye tr\u00e6er og pleje omr\u00e5der, der var s\u00e5rbare efter afskovning.<\/p>\n<p style=\"text-align: justify;\">Ud over arbejdet i felten oplevede hun, hvor meget der kan skabes gennem f\u00e6lles indsats. Folk delte viden, metoder og kultur, og det gav en st\u00e6rk f\u00f8lelse af at tr\u00e6kke i samme retning. Den slags initiativer viser, at b\u00e6redygtighed ikke kun handler om natur: Det handler ogs\u00e5 om udveksling, respekt og solidaritet.<\/p>\n<p style=\"text-align: justify;\">Marie fort\u00e6ller, at oplevelsen \u00e6ndrede hendes blik p\u00e5 verden. Det mest afg\u00f8rende var ikke bare at plante tr\u00e6er, men at forst\u00e5, hvordan selv sm\u00e5 handlinger kan bidrage til en st\u00f8rre balance. \u201cJeg kom hjem med et andet syn p\u00e5 forbrug, natur og det at dele\u201d, fort\u00e6ller hun.<\/p>\n<p style=\"text-align: justify;\">Hendes erfaring peger p\u00e5 en vigtig pointe i b\u00e6redygtig udvikling: At skabe lokal v\u00e6rdi, der kan r\u00e6kke l\u00e6ngere ud. Den menneskelige oplevelse, m\u00f8det med andre hverdage og forst\u00e5elsen af milj\u00f8udfordringer h\u00e6nger t\u00e6t sammen. Projekterne viser, at man kan forene nytte, l\u00e6ring og hensyn til milj\u00f8et.<\/p>\n<p style=\"text-align: justify;\">Kort sagt: Enkeltpersoners initiativer l\u00e6gger sig oven p\u00e5 hinanden og skaber varig forandring. Hver deltager, hver borger og hver virksomhed kan spille en rolle. Det er summen af mange sm\u00e5 og store bidrag, der \u2013 dag for dag \u2013 tegner en mere solidarisk og ansvarlig verden.<\/p>\n<h2><\/h2>\n<h2 id=\"faq\" style=\"text-align: justify;\">FAQ om b\u00e6redygtig udvikling<\/h2>\n<h3><strong>Hvilke indsatser er centrale i b\u00e6redygtig udvikling?<\/strong><\/h3>\n<p style=\"text-align: justify;\">B\u00e6redygtig udvikling fremmer ansvarlige praksisser p\u00e5 tv\u00e6rs af omr\u00e5der. Det kan v\u00e6re mindre affald, beskyttelse af biodiversitet, styrkelse af lokal \u00f8konomi og bedre levevilk\u00e5r. Alle kan bidrage ved at forbruge mindre, prioritere genbrug og st\u00f8tte milj\u00f8venlige initiativer.<\/p>\n<h3><strong>Hvorfor er b\u00e6redygtig udvikling s\u00e5 vigtig?<\/strong><\/h3>\n<p style=\"text-align: justify;\">Fordi den underst\u00f8tter en mere balanceret fremtid for b\u00e5de planeten og mennesker. Den beskytter naturressourcer og modvirker ulighed. Med en b\u00e6redygtig tilgang passer vi p\u00e5 milj\u00f8et og arbejder for en mere retf\u00e6rdig udvikling for kommende generationer.<\/p>\n<h3><strong>Hvordan kan du helt konkret bidrage til b\u00e6redygtig udvikling?<\/strong><\/h3>\n<p style=\"text-align: justify;\">Der er mange m\u00e5der at handle p\u00e5: \u00e6ndre forbrugsvaner, engagere sig i en forening, deltage i genplantningsprojekter eller st\u00f8tte uddannelsesindsatser. Selv de enkleste vaner \u2013 som at spare p\u00e5 vandet eller v\u00e6lge genanvendelige produkter \u2013 kan have en positiv effekt p\u00e5 lang sigt.<\/p>\n<p><!-- FAQ JSON-LD --><br \/>\n<script type=\"application\/ld+json\">\n{\n  \"@context\": \"https:\/\/schema.org\",\n  \"@type\": \"FAQPage\",\n  \"mainEntity\": [\n    {\n      \"@type\": \"Question\",\n      \"name\": \"Hvilke indsatser er centrale i b\u00e6redygtig udvikling?\",\n      \"acceptedAnswer\": {\n        \"@type\": \"Answer\",\n        \"text\": \"B\u00e6redygtig udvikling fremmer ansvarlige praksisser p\u00e5 tv\u00e6rs af omr\u00e5der : mindre affald, beskyttelse af biodiversitet, lokal \u00f8konomi og bedre levevilk\u00e5r.\"\n      }\n    },\n    {\n      \"@type\": \"Question\",\n      \"name\": \"Hvorfor er b\u00e6redygtig udvikling s\u00e5 vigtig?\",\n      \"acceptedAnswer\": {\n        \"@type\": \"Answer\",\n        \"text\": \"Fordi den underst\u00f8tter en mere balanceret fremtid for b\u00e5de planeten og mennesker, ved at beskytte naturressourcer og modvirke ulighed.\"\n      }\n    },\n    {\n      \"@type\": \"Question\",\n      \"name\": \"Hvordan kan du helt konkret bidrage til b\u00e6redygtig udvikling?\",\n      \"acceptedAnswer\": {\n        \"@type\": \"Answer\",\n        \"text\": \"Man kan handle ved at \u00e6ndre vaner, st\u00f8tte foreninger, deltage i milj\u00f8projekter eller v\u00e6lge mere ansvarligt forbrug.\"\n      }\n    }\n  ]\n}\n<\/script><\/p>\n<h2><a href=\"https:\/\/www.vita-explorers.dk\/blog\/wp-content\/uploads\/2018\/12\/communaut\u00e9s-ghan\u00e9ennes-Globalong-min.jpg\"><img loading=\"lazy\" decoding=\"async\" class=\"size-medium wp-image-12211 aligncenter\" src=\"https:\/\/www.vita-explorers.dk\/blog\/wp-content\/uploads\/2018\/12\/communaut\u00e9s-ghan\u00e9ennes-Globalong-min-300x225.jpg\" alt=\"Frivilligt arbejde i udlandet\" width=\"300\" height=\"225\" srcset=\"https:\/\/www.vita-explorers.dk\/blog\/wp-content\/uploads\/2018\/12\/communaut\u00e9s-ghan\u00e9ennes-Globalong-min-300x225.jpg 300w, https:\/\/www.vita-explorers.dk\/blog\/wp-content\/uploads\/2018\/12\/communaut\u00e9s-ghan\u00e9ennes-Globalong-min-768x576.jpg 768w, https:\/\/www.vita-explorers.dk\/blog\/wp-content\/uploads\/2018\/12\/communaut\u00e9s-ghan\u00e9ennes-Globalong-min-1024x768.jpg 1024w, https:\/\/www.vita-explorers.dk\/blog\/wp-content\/uploads\/2018\/12\/communaut\u00e9s-ghan\u00e9ennes-Globalong-min-150x113.jpg 150w\" sizes=\"(max-width: 300px) 100vw, 300px\" \/><\/a><\/h2>\n<h2><\/h2>\n<h2 id=\"conclusion\">Konklusion: alle kan handle i deres eget tempo<\/h2>\n<p style=\"text-align: justify;\"> <strong>B\u00e6redygtig udvikling<\/strong> er ikke et abstrakt begreb, men en tilgang, der er tilg\u00e6ngelig for alle. Hver handling, hvert valg og hvert engagement t\u00e6ller. N\u00e5r vi justerer vaner, st\u00f8tter f\u00e6llesskabsprojekter og viser respekt for naturen, bliver vi medskabere af en mere balanceret fremtid.<\/p>\n<p style=\"text-align: justify;\">At t\u00e6nke b\u00e6redygtigt er at tro p\u00e5, at et andet samfund kan lade sig g\u00f8re. Det er ogs\u00e5 at anerkende vores f\u00e6lles ansvar over for Jorden og de generationer, der kommer efter os. N\u00e5r vi l\u00f8fter i flok, kan vi g\u00f8re nutidens udfordringer til muligheder for i morgen.<\/p>\n<p style=\"text-align: justify;\">Forandring begynder ofte med et enkelt skridt. Det er op til den enkelte at finde sit \u2013 og bidrage til en mere respektfuld, retf\u00e6rdig og reelt b\u00e6redygtig verden.<\/p>\n<p style=\"text-align: justify;\">\n<h3 id=\"contact\" style=\"text-align: center;\">Har du lyst til at oms\u00e6tte det til handling?<\/h3>\n<p style=\"text-align: center;\"><a href=\"https:\/\/www.vita-explorers.dk\/#tel-contact-form-glob\" target=\"_blank\" rel=\"noopener\">Jeg vil gerne i kontakt<\/a><\/p>\n<p class=\"muted\" style=\"text-align: center;\">\u00a9 VITA Institute \u2014 Ressourcer til ansvarlige internationale forl\u00f8b.<\/p>\n<p class=\"p4\" style=\"text-align: center;\"><b>Hvis du vil h\u00f8re mere, er du velkommen til at skrive til os p\u00e5 <\/b><a href=\"mailto:info@globalong.com\"><span class=\"s2\"><b>info@globalong.com<\/b><\/span><\/a><\/p>\n<p class=\"p4\" style=\"text-align: center;\"><b>Vil du vide mere om VITA Institute og vores community, s\u00e5 f\u00f8lg med p\u00e5 <\/b><a href=\"https:\/\/www.instagram.com\/globalongofficiel\/\" target=\"_blank\" rel=\"noopener\"><span class=\"s2\"><b>Instagram<\/b><\/span><\/a><b>, <\/b><a href=\"https:\/\/www.facebook.com\/globalong\" target=\"_blank\" rel=\"noopener\"><span class=\"s2\"><b>Facebook<\/b><\/span><\/a><b>, <\/b><a href=\"https:\/\/www.linkedin.com\/company\/5113177\/admin\/feed\/posts\/\" target=\"_blank\" rel=\"noopener\"><span class=\"s2\"><b>LinkedIn<\/b><\/span><\/a><b> og <\/b><a href=\"https:\/\/www.youtube.com\/c\/globalong\/videos\" target=\"_blank\" rel=\"noopener\"><span class=\"s2\"><b>Youtube<\/b><\/span><\/a><b>! <\/b><\/p>\n","protected":false},"excerpt":{"rendered":"<p>B\u00e6redygtig udvikling: forst\u00e5, handle og engag\u00e9r dig B\u00e6redygtig udvikling er blevet et af de vigtigste temaer i det 21. \u00e5rhundrede. I m\u00f8det med klima-\u2026<\/p>\n","protected":false},"author":7,"featured_media":22129,"comment_status":"open","ping_status":"open","sticky":false,"template":"","format":"standard","meta":{"footnotes":""},"categories":[472],"tags":[],"yoast_head":"<!-- This site is optimized with the Yoast SEO Premium plugin v23.4 (Yoast SEO v23.4) - https:\/\/yoast.com\/wordpress\/plugins\/seo\/ -->\n<title>B\u00e6redygtig udvikling: forst\u00e5, handle og engag\u00e9r dig<\/title>\n<meta name=\"description\" content=\"Agir pour un avenir durable : d\u00e9couvrez les cl\u00e9s du d\u00e9veloppement durable et les gestes concrets pour prot\u00e9ger la plan\u00e8te.\" \/>\n<meta name=\"robots\" content=\"index, follow, max-snippet:-1, max-image-preview:large, max-video-preview:-1\" \/>\n<link rel=\"canonical\" href=\"https:\/\/www.vita-explorers.dk\/blog\/baeredygtig-udvikling\/\" \/>\n<meta property=\"og:locale\" content=\"da_DK\" \/>\n<meta property=\"og:type\" content=\"article\" \/>\n<meta property=\"og:title\" content=\"B\u00e6redygtig udvikling: forst\u00e5, handle og engag\u00e9r dig\" \/>\n<meta property=\"og:description\" content=\"Agir pour un avenir durable : d\u00e9couvrez les cl\u00e9s du d\u00e9veloppement durable et les gestes concrets pour prot\u00e9ger la plan\u00e8te.\" \/>\n<meta property=\"og:url\" content=\"https:\/\/www.vita-explorers.dk\/blog\/baeredygtig-udvikling\/\" \/>\n<meta property=\"og:site_name\" content=\"VITA Explorers Blog\" \/>\n<meta property=\"article:publisher\" content=\"https:\/\/www.facebook.com\/globalong\" \/>\n<meta property=\"article:published_time\" content=\"2025-10-26T04:06:27+00:00\" \/>\n<meta property=\"article:modified_time\" content=\"2025-10-25T19:46:19+00:00\" \/>\n<meta property=\"og:image\" content=\"https:\/\/www.vita-explorers.dk\/blog\/wp-content\/uploads\/2025\/10\/ecran-numerique-avec-journee-de-l-environnement-scaled.jpg\" \/>\n\t<meta property=\"og:image:width\" content=\"2560\" \/>\n\t<meta property=\"og:image:height\" content=\"2048\" \/>\n\t<meta property=\"og:image:type\" content=\"image\/jpeg\" \/>\n<meta name=\"author\" content=\"VITA Tribe\" \/>\n<meta name=\"twitter:card\" content=\"summary_large_image\" \/>\n<meta name=\"twitter:label1\" content=\"Skrevet af\" \/>\n\t<meta name=\"twitter:data1\" content=\"VITA Tribe\" \/>\n\t<meta name=\"twitter:label2\" content=\"Estimeret l\u00e6setid\" \/>\n\t<meta name=\"twitter:data2\" content=\"12 minutter\" \/>\n<script type=\"application\/ld+json\" class=\"yoast-schema-graph\">{\"@context\":\"https:\/\/schema.org\",\"@graph\":[{\"@type\":\"Article\",\"@id\":\"https:\/\/www.vita-explorers.dk\/blog\/baeredygtig-udvikling\/#article\",\"isPartOf\":{\"@id\":\"https:\/\/www.vita-explorers.dk\/blog\/baeredygtig-udvikling\/\"},\"author\":{\"name\":\"VITA Tribe\",\"@id\":\"https:\/\/www.vita-explorers.dk\/blog\/#\/schema\/person\/fc0343a2f2db2ebb2793c1f62dbe73f0\"},\"headline\":\"B\u00e6redygtig udvikling: forst\u00e5, handle og engag\u00e9r dig\",\"datePublished\":\"2025-10-26T04:06:27+00:00\",\"dateModified\":\"2025-10-25T19:46:19+00:00\",\"mainEntityOfPage\":{\"@id\":\"https:\/\/www.vita-explorers.dk\/blog\/baeredygtig-udvikling\/\"},\"wordCount\":2241,\"commentCount\":0,\"publisher\":{\"@id\":\"https:\/\/www.vita-explorers.dk\/blog\/#organization\"},\"image\":{\"@id\":\"https:\/\/www.vita-explorers.dk\/blog\/baeredygtig-udvikling\/#primaryimage\"},\"thumbnailUrl\":\"https:\/\/www.vita-explorers.dk\/blog\/wp-content\/uploads\/2025\/10\/ecran-numerique-avec-journee-de-l-environnement-scaled.jpg\",\"articleSection\":[\"Oplysning\"],\"inLanguage\":\"da-DK\",\"potentialAction\":[{\"@type\":\"CommentAction\",\"name\":\"Comment\",\"target\":[\"https:\/\/www.vita-explorers.dk\/blog\/baeredygtig-udvikling\/#respond\"]}]},{\"@type\":\"WebPage\",\"@id\":\"https:\/\/www.vita-explorers.dk\/blog\/baeredygtig-udvikling\/\",\"url\":\"https:\/\/www.vita-explorers.dk\/blog\/baeredygtig-udvikling\/\",\"name\":\"B\u00e6redygtig udvikling: forst\u00e5, handle og engag\u00e9r dig\",\"isPartOf\":{\"@id\":\"https:\/\/www.vita-explorers.dk\/blog\/#website\"},\"primaryImageOfPage\":{\"@id\":\"https:\/\/www.vita-explorers.dk\/blog\/baeredygtig-udvikling\/#primaryimage\"},\"image\":{\"@id\":\"https:\/\/www.vita-explorers.dk\/blog\/baeredygtig-udvikling\/#primaryimage\"},\"thumbnailUrl\":\"https:\/\/www.vita-explorers.dk\/blog\/wp-content\/uploads\/2025\/10\/ecran-numerique-avec-journee-de-l-environnement-scaled.jpg\",\"datePublished\":\"2025-10-26T04:06:27+00:00\",\"dateModified\":\"2025-10-25T19:46:19+00:00\",\"description\":\"Agir pour un avenir durable : d\u00e9couvrez les cl\u00e9s du d\u00e9veloppement durable et les gestes concrets pour prot\u00e9ger la plan\u00e8te.\",\"breadcrumb\":{\"@id\":\"https:\/\/www.vita-explorers.dk\/blog\/baeredygtig-udvikling\/#breadcrumb\"},\"inLanguage\":\"da-DK\",\"potentialAction\":[{\"@type\":\"ReadAction\",\"target\":[\"https:\/\/www.vita-explorers.dk\/blog\/baeredygtig-udvikling\/\"]}]},{\"@type\":\"ImageObject\",\"inLanguage\":\"da-DK\",\"@id\":\"https:\/\/www.vita-explorers.dk\/blog\/baeredygtig-udvikling\/#primaryimage\",\"url\":\"https:\/\/www.vita-explorers.dk\/blog\/wp-content\/uploads\/2025\/10\/ecran-numerique-avec-journee-de-l-environnement-scaled.jpg\",\"contentUrl\":\"https:\/\/www.vita-explorers.dk\/blog\/wp-content\/uploads\/2025\/10\/ecran-numerique-avec-journee-de-l-environnement-scaled.jpg\",\"width\":2560,\"height\":2048,\"caption\":\"d\u00e9veloppement durable\"},{\"@type\":\"BreadcrumbList\",\"@id\":\"https:\/\/www.vita-explorers.dk\/blog\/baeredygtig-udvikling\/#breadcrumb\",\"itemListElement\":[{\"@type\":\"ListItem\",\"position\":1,\"name\":\"Accueil\",\"item\":\"https:\/\/www.vita-explorers.dk\/blog\/\"},{\"@type\":\"ListItem\",\"position\":2,\"name\":\"B\u00e6redygtig udvikling: forst\u00e5, handle og engag\u00e9r dig\"}]},{\"@type\":\"WebSite\",\"@id\":\"https:\/\/www.vita-explorers.dk\/blog\/#website\",\"url\":\"https:\/\/www.vita-explorers.dk\/blog\/\",\"name\":\"Association Globalong\",\"description\":\"Frivilligt arbejde, sprogophold, praktik i udlandet og internationale oplevelser\",\"publisher\":{\"@id\":\"https:\/\/www.vita-explorers.dk\/blog\/#organization\"},\"potentialAction\":[{\"@type\":\"SearchAction\",\"target\":{\"@type\":\"EntryPoint\",\"urlTemplate\":\"https:\/\/www.vita-explorers.dk\/blog\/?s={search_term_string}\"},\"query-input\":{\"@type\":\"PropertyValueSpecification\",\"valueRequired\":true,\"valueName\":\"search_term_string\"}}],\"inLanguage\":\"da-DK\"},{\"@type\":\"Organization\",\"@id\":\"https:\/\/www.vita-explorers.dk\/blog\/#organization\",\"name\":\"Association Globalong\",\"url\":\"https:\/\/www.vita-explorers.dk\/blog\/\",\"logo\":{\"@type\":\"ImageObject\",\"inLanguage\":\"da-DK\",\"@id\":\"https:\/\/www.vita-explorers.dk\/blog\/#\/schema\/logo\/image\/\",\"url\":\"https:\/\/www.globalong.com\/blog\/wp-content\/uploads\/2014\/11\/cropped-cropped-Logo-et-Afrique-Globalong-petite-taille-2.jpg\",\"contentUrl\":\"https:\/\/www.globalong.com\/blog\/wp-content\/uploads\/2014\/11\/cropped-cropped-Logo-et-Afrique-Globalong-petite-taille-2.jpg\",\"width\":512,\"height\":512,\"caption\":\"Association Globalong\"},\"image\":{\"@id\":\"https:\/\/www.vita-explorers.dk\/blog\/#\/schema\/logo\/image\/\"},\"sameAs\":[\"https:\/\/www.facebook.com\/globalong\"]},{\"@type\":\"Person\",\"@id\":\"https:\/\/www.vita-explorers.dk\/blog\/#\/schema\/person\/fc0343a2f2db2ebb2793c1f62dbe73f0\",\"name\":\"VITA Tribe\",\"image\":{\"@type\":\"ImageObject\",\"inLanguage\":\"da-DK\",\"@id\":\"https:\/\/www.vita-explorers.dk\/blog\/#\/schema\/person\/image\/\",\"url\":\"https:\/\/secure.gravatar.com\/avatar\/f7f05026bb439d0c96b30e135e5f852c?s=96&d=mm&r=g\",\"contentUrl\":\"https:\/\/secure.gravatar.com\/avatar\/f7f05026bb439d0c96b30e135e5f852c?s=96&d=mm&r=g\",\"caption\":\"VITA Tribe\"},\"sameAs\":[\"http:\/\/www.globalong.com\"],\"url\":\"https:\/\/www.vita-explorers.dk\/blog\/author\/teamglobalong\/\"}]}<\/script>\n<!-- \/ Yoast SEO Premium plugin. -->","yoast_head_json":{"title":"B\u00e6redygtig udvikling: forst\u00e5, handle og engag\u00e9r dig","description":"Agir pour un avenir durable : d\u00e9couvrez les cl\u00e9s du d\u00e9veloppement durable et les gestes concrets pour prot\u00e9ger la plan\u00e8te.","robots":{"index":"index","follow":"follow","max-snippet":"max-snippet:-1","max-image-preview":"max-image-preview:large","max-video-preview":"max-video-preview:-1"},"canonical":"https:\/\/www.vita-explorers.dk\/blog\/baeredygtig-udvikling\/","og_locale":"da_DK","og_type":"article","og_title":"B\u00e6redygtig udvikling: forst\u00e5, handle og engag\u00e9r dig","og_description":"Agir pour un avenir durable : d\u00e9couvrez les cl\u00e9s du d\u00e9veloppement durable et les gestes concrets pour prot\u00e9ger la plan\u00e8te.","og_url":"https:\/\/www.vita-explorers.dk\/blog\/baeredygtig-udvikling\/","og_site_name":"VITA Explorers Blog","article_publisher":"https:\/\/www.facebook.com\/globalong","article_published_time":"2025-10-26T04:06:27+00:00","article_modified_time":"2025-10-25T19:46:19+00:00","og_image":[{"width":2560,"height":2048,"url":"https:\/\/www.vita-explorers.dk\/blog\/wp-content\/uploads\/2025\/10\/ecran-numerique-avec-journee-de-l-environnement-scaled.jpg","type":"image\/jpeg"}],"author":"VITA Tribe","twitter_card":"summary_large_image","twitter_misc":{"Skrevet af":"VITA Tribe","Estimeret l\u00e6setid":"12 minutter"},"schema":{"@context":"https:\/\/schema.org","@graph":[{"@type":"Article","@id":"https:\/\/www.vita-explorers.dk\/blog\/baeredygtig-udvikling\/#article","isPartOf":{"@id":"https:\/\/www.vita-explorers.dk\/blog\/baeredygtig-udvikling\/"},"author":{"name":"VITA Tribe","@id":"https:\/\/www.vita-explorers.dk\/blog\/#\/schema\/person\/fc0343a2f2db2ebb2793c1f62dbe73f0"},"headline":"B\u00e6redygtig udvikling: forst\u00e5, handle og engag\u00e9r dig","datePublished":"2025-10-26T04:06:27+00:00","dateModified":"2025-10-25T19:46:19+00:00","mainEntityOfPage":{"@id":"https:\/\/www.vita-explorers.dk\/blog\/baeredygtig-udvikling\/"},"wordCount":2241,"commentCount":0,"publisher":{"@id":"https:\/\/www.vita-explorers.dk\/blog\/#organization"},"image":{"@id":"https:\/\/www.vita-explorers.dk\/blog\/baeredygtig-udvikling\/#primaryimage"},"thumbnailUrl":"https:\/\/www.vita-explorers.dk\/blog\/wp-content\/uploads\/2025\/10\/ecran-numerique-avec-journee-de-l-environnement-scaled.jpg","articleSection":["Oplysning"],"inLanguage":"da-DK","potentialAction":[{"@type":"CommentAction","name":"Comment","target":["https:\/\/www.vita-explorers.dk\/blog\/baeredygtig-udvikling\/#respond"]}]},{"@type":"WebPage","@id":"https:\/\/www.vita-explorers.dk\/blog\/baeredygtig-udvikling\/","url":"https:\/\/www.vita-explorers.dk\/blog\/baeredygtig-udvikling\/","name":"B\u00e6redygtig udvikling: forst\u00e5, handle og engag\u00e9r dig","isPartOf":{"@id":"https:\/\/www.vita-explorers.dk\/blog\/#website"},"primaryImageOfPage":{"@id":"https:\/\/www.vita-explorers.dk\/blog\/baeredygtig-udvikling\/#primaryimage"},"image":{"@id":"https:\/\/www.vita-explorers.dk\/blog\/baeredygtig-udvikling\/#primaryimage"},"thumbnailUrl":"https:\/\/www.vita-explorers.dk\/blog\/wp-content\/uploads\/2025\/10\/ecran-numerique-avec-journee-de-l-environnement-scaled.jpg","datePublished":"2025-10-26T04:06:27+00:00","dateModified":"2025-10-25T19:46:19+00:00","description":"Agir pour un avenir durable : d\u00e9couvrez les cl\u00e9s du d\u00e9veloppement durable et les gestes concrets pour prot\u00e9ger la plan\u00e8te.","breadcrumb":{"@id":"https:\/\/www.vita-explorers.dk\/blog\/baeredygtig-udvikling\/#breadcrumb"},"inLanguage":"da-DK","potentialAction":[{"@type":"ReadAction","target":["https:\/\/www.vita-explorers.dk\/blog\/baeredygtig-udvikling\/"]}]},{"@type":"ImageObject","inLanguage":"da-DK","@id":"https:\/\/www.vita-explorers.dk\/blog\/baeredygtig-udvikling\/#primaryimage","url":"https:\/\/www.vita-explorers.dk\/blog\/wp-content\/uploads\/2025\/10\/ecran-numerique-avec-journee-de-l-environnement-scaled.jpg","contentUrl":"https:\/\/www.vita-explorers.dk\/blog\/wp-content\/uploads\/2025\/10\/ecran-numerique-avec-journee-de-l-environnement-scaled.jpg","width":2560,"height":2048,"caption":"d\u00e9veloppement durable"},{"@type":"BreadcrumbList","@id":"https:\/\/www.vita-explorers.dk\/blog\/baeredygtig-udvikling\/#breadcrumb","itemListElement":[{"@type":"ListItem","position":1,"name":"Accueil","item":"https:\/\/www.vita-explorers.dk\/blog\/"},{"@type":"ListItem","position":2,"name":"B\u00e6redygtig udvikling: forst\u00e5, handle og engag\u00e9r dig"}]},{"@type":"WebSite","@id":"https:\/\/www.vita-explorers.dk\/blog\/#website","url":"https:\/\/www.vita-explorers.dk\/blog\/","name":"Association Globalong","description":"Frivilligt arbejde, sprogophold, praktik i udlandet og internationale oplevelser","publisher":{"@id":"https:\/\/www.vita-explorers.dk\/blog\/#organization"},"potentialAction":[{"@type":"SearchAction","target":{"@type":"EntryPoint","urlTemplate":"https:\/\/www.vita-explorers.dk\/blog\/?s={search_term_string}"},"query-input":{"@type":"PropertyValueSpecification","valueRequired":true,"valueName":"search_term_string"}}],"inLanguage":"da-DK"},{"@type":"Organization","@id":"https:\/\/www.vita-explorers.dk\/blog\/#organization","name":"Association Globalong","url":"https:\/\/www.vita-explorers.dk\/blog\/","logo":{"@type":"ImageObject","inLanguage":"da-DK","@id":"https:\/\/www.vita-explorers.dk\/blog\/#\/schema\/logo\/image\/","url":"https:\/\/www.globalong.com\/blog\/wp-content\/uploads\/2014\/11\/cropped-cropped-Logo-et-Afrique-Globalong-petite-taille-2.jpg","contentUrl":"https:\/\/www.globalong.com\/blog\/wp-content\/uploads\/2014\/11\/cropped-cropped-Logo-et-Afrique-Globalong-petite-taille-2.jpg","width":512,"height":512,"caption":"Association Globalong"},"image":{"@id":"https:\/\/www.vita-explorers.dk\/blog\/#\/schema\/logo\/image\/"},"sameAs":["https:\/\/www.facebook.com\/globalong"]},{"@type":"Person","@id":"https:\/\/www.vita-explorers.dk\/blog\/#\/schema\/person\/fc0343a2f2db2ebb2793c1f62dbe73f0","name":"VITA Tribe","image":{"@type":"ImageObject","inLanguage":"da-DK","@id":"https:\/\/www.vita-explorers.dk\/blog\/#\/schema\/person\/image\/","url":"https:\/\/secure.gravatar.com\/avatar\/f7f05026bb439d0c96b30e135e5f852c?s=96&d=mm&r=g","contentUrl":"https:\/\/secure.gravatar.com\/avatar\/f7f05026bb439d0c96b30e135e5f852c?s=96&d=mm&r=g","caption":"VITA Tribe"},"sameAs":["http:\/\/www.globalong.com"],"url":"https:\/\/www.vita-explorers.dk\/blog\/author\/teamglobalong\/"}]}},"_links":{"self":[{"href":"https:\/\/www.vita-explorers.dk\/blog\/wp-json\/wp\/v2\/posts\/22127"}],"collection":[{"href":"https:\/\/www.vita-explorers.dk\/blog\/wp-json\/wp\/v2\/posts"}],"about":[{"href":"https:\/\/www.vita-explorers.dk\/blog\/wp-json\/wp\/v2\/types\/post"}],"author":[{"embeddable":true,"href":"https:\/\/www.vita-explorers.dk\/blog\/wp-json\/wp\/v2\/users\/7"}],"replies":[{"embeddable":true,"href":"https:\/\/www.vita-explorers.dk\/blog\/wp-json\/wp\/v2\/comments?post=22127"}],"version-history":[{"count":4,"href":"https:\/\/www.vita-explorers.dk\/blog\/wp-json\/wp\/v2\/posts\/22127\/revisions"}],"predecessor-version":[{"id":22132,"href":"https:\/\/www.vita-explorers.dk\/blog\/wp-json\/wp\/v2\/posts\/22127\/revisions\/22132"}],"wp:featuredmedia":[{"embeddable":true,"href":"https:\/\/www.vita-explorers.dk\/blog\/wp-json\/wp\/v2\/media\/22129"}],"wp:attachment":[{"href":"https:\/\/www.vita-explorers.dk\/blog\/wp-json\/wp\/v2\/media?parent=22127"}],"wp:term":[{"taxonomy":"category","embeddable":true,"href":"https:\/\/www.vita-explorers.dk\/blog\/wp-json\/wp\/v2\/categories?post=22127"},{"taxonomy":"post_tag","embeddable":true,"href":"https:\/\/www.vita-explorers.dk\/blog\/wp-json\/wp\/v2\/tags?post=22127"}],"curies":[{"name":"wp","href":"https:\/\/api.w.org\/{rel}","templated":true}]}}