{"id":22219,"date":"2025-10-30T05:33:44","date_gmt":"2025-10-30T04:33:44","guid":{"rendered":"https:\/\/www.globalong.com\/blog\/?p=22219"},"modified":"2025-10-29T21:59:27","modified_gmt":"2025-10-29T20:59:27","slug":"internationalt-frivilligt-arbejde-socialt-faellesskab","status":"publish","type":"post","link":"https:\/\/www.vita-explorers.dk\/blog\/internationalt-frivilligt-arbejde-socialt-faellesskab\/","title":{"rendered":"Internationalt frivilligt arbejde og f\u00e6llesskab: et engagement, der bringer mennesker t\u00e6ttere p\u00e5 hinanden"},"content":{"rendered":"<p><!-- H1 --><\/p>\n<h1 style=\"text-align: justify;\">Internationalt frivilligt arbejde og sociale f\u00e6llesskaber: et engagement, der bringer mennesker t\u00e6ttere p\u00e5 hinanden<\/h1>\n<p style=\"text-align: justify;\"><!-- Introduction --><\/p>\n<p style=\"text-align: justify;\"><strong>Internationalt frivilligt arbejde og sociale f\u00e6llesskaber<\/strong> h\u00e6nger t\u00e6t sammen. N\u00e5r man arbejder om noget konkret, m\u00f8des mennesker p\u00e5 tv\u00e6rs af forskelle, der opst\u00e5r tillid, og samarbejdet bliver lettere. Med tydelige m\u00e5l, en etisk ramme og respektfulde <a href=\"https:\/\/www.vita-explorers.dk\/blog\/interkulturelle-forloeb-i-udlandet-frivilligt-arbejde\/\" target=\"_blank\" rel=\"noopener\">interkulturelle<\/a> udvekslinger kan internationale forl\u00f8b styrke den <strong>sociale sammenh\u00e6ngskraft<\/strong>. Det betyder, at f\u00e6llesskaber kan st\u00e5 st\u00e6rkere og mere selvst\u00e6ndigt, mens deltagerne udvikler menneskelige kompetencer, de kan bruge videre.<\/p>\n<p><!-- Sommaire --><\/p>\n<nav aria-label=\"Sommaire\">\n<h2>Indhold<\/h2>\n<ol>\n<li><a href=\"#pourquoi-lien-social\">Hvorfor internationalt frivilligt arbejde skaber sociale f\u00e6llesskaber<\/a><\/li>\n<li><a href=\"#benefices-communautes\">Fordele for lokalsamfund<\/a><\/li>\n<li><a href=\"#gains-volontaires\">Deltagernes sociale og menneskelige kompetencer<\/a><\/li>\n<li><a href=\"#rencontres-interculturelles\">Interkulturelle m\u00f8der: tillid, respekt og gensidighed<\/a><\/li>\n<li><a href=\"#cadre-projets\">Rammer og god praksis<\/a><\/li>\n<li><a href=\"#conseils-integration\">Gode r\u00e5d til at falde til p\u00e5 stedet<\/a><\/li>\n<li><a href=\"#ethique-respect\">Etik, v\u00e6rdighed og beskyttelse af mennesker<\/a><\/li>\n<li><a href=\"#faq\">FAQ<\/a><\/li>\n<li><a href=\"#conclusion\">Konklusion<\/a><\/li>\n<\/ol>\n<\/nav>\n<p><!-- Bloc 2 --><\/p>\n<section aria-labelledby=\"pourquoi-lien-social\">\n<h2><\/h2>\n<h2><a href=\"https:\/\/www.vita-explorers.dk\/blog\/wp-content\/uploads\/2025\/09\/Temoignage-volontaire-Charlie-1-scaled-1.jpg\"><img loading=\"lazy\" decoding=\"async\" class=\"size-medium wp-image-21860 aligncenter\" src=\"https:\/\/www.vita-explorers.dk\/blog\/wp-content\/uploads\/2025\/09\/Temoignage-volontaire-Charlie-1-scaled-1-300x218.jpg\" alt=\"volontariat international et lien social\" width=\"300\" height=\"218\" srcset=\"https:\/\/www.vita-explorers.dk\/blog\/wp-content\/uploads\/2025\/09\/Temoignage-volontaire-Charlie-1-scaled-1-300x218.jpg 300w, https:\/\/www.vita-explorers.dk\/blog\/wp-content\/uploads\/2025\/09\/Temoignage-volontaire-Charlie-1-scaled-1-1024x743.jpg 1024w, https:\/\/www.vita-explorers.dk\/blog\/wp-content\/uploads\/2025\/09\/Temoignage-volontaire-Charlie-1-scaled-1-768x557.jpg 768w, https:\/\/www.vita-explorers.dk\/blog\/wp-content\/uploads\/2025\/09\/Temoignage-volontaire-Charlie-1-scaled-1-1536x1114.jpg 1536w, https:\/\/www.vita-explorers.dk\/blog\/wp-content\/uploads\/2025\/09\/Temoignage-volontaire-Charlie-1-scaled-1-2048x1486.jpg 2048w\" sizes=\"(max-width: 300px) 100vw, 300px\" \/><\/a><\/h2>\n<h2><\/h2>\n<h2 id=\"pourquoi-lien-social\" style=\"text-align: justify;\">Hvorfor internationalt frivilligt arbejde og sociale f\u00e6llesskaber g\u00e5r h\u00e5nd i h\u00e5nd<\/h2>\n<p style=\"text-align: justify;\">I praksis skaber den daglige indsats f\u00e6lles rutiner. F\u00f8rst bliver man enige om enkle m\u00e5l. Derefter koordinerer man opgaverne. Til sidst evaluerer man resultaterne. N\u00e5r rytmen deles, opbygges tillid, og de <strong>sociale b\u00e5nd<\/strong> styrkes. Det g\u00f8r indsatsen mere effektiv og mere sammenh\u00e6ngende.<\/p>\n<p style=\"text-align: justify;\">Samtidig forbinder internationalt frivilligt arbejde forskellige verdener. Man sammenligner tilgange, forst\u00e5r vilk\u00e5r og f\u00e5r \u00f8je p\u00e5 lokale l\u00f8sninger, der virker. Den gensidige anerkendelse g\u00f8r forskellighed til en ressource. P\u00e5 den m\u00e5de bliver <strong><a href=\"https:\/\/www.vita-explorers.dk\/blog\/internationalt-sportsfrivilligt-arbejde\/\" target=\"_blank\" rel=\"noopener\">international solidaritet<\/a><\/strong> konkret og holdbar.<\/p>\n<ul style=\"text-align: justify;\">\n<li style=\"text-align: justify;\"><strong>F\u00e6lles m\u00e5l<\/strong>: en delt forst\u00e5else af \u201chvorfor\u201d.<\/li>\n<li style=\"text-align: justify;\"><strong>Samarbejde<\/strong>: klare roller, hj\u00e6lpsomhed, transparens.<\/li>\n<li style=\"text-align: justify;\"><strong>Tillid<\/strong>: synlige resultater, l\u00f8bende feedback, gensidig respekt.<\/li>\n<\/ul>\n<\/section>\n<p style=\"text-align: justify;\"><!-- Bloc 3 --><\/p>\n<section aria-labelledby=\"benefices-communautes\">\n<h2><\/h2>\n<h2 id=\"benefices-communautes\" style=\"text-align: justify;\">Fordele for lokalsamfund: internationalt frivilligt arbejde og sociale f\u00e6llesskaber med konkrete effekter<\/h2>\n<p style=\"text-align: justify;\">N\u00e5r behovene bliver formuleret lokalt, bliver effekten st\u00f8rre. Forl\u00f8b kan st\u00f8tte nyttige tilbud og styrke netv\u00e6rk, hvor man hj\u00e6lper hinanden. Det g\u00f8r, at flere deltager, tager ordet og er med til at finde l\u00f8sninger.<\/p>\n<p style=\"text-align: justify;\">P\u00e5 mellemlangt sigt f\u00e5r f\u00e6llesskabet mere <a href=\"https:\/\/www.vita-explorers.dk\/blog\/robusthed-paa-internationalt-forloeb\/\" target=\"_blank\" rel=\"noopener\">robusthed<\/a>. Man organiserer sig bedre, dokumenterer metoder og mobiliserer egne ressourcer. Dermed afh\u00e6nger de <strong>sociale b\u00e5nd<\/strong> ikke kun af deltagerne udefra. Det bliver en f\u00e6lles kapacitet.<\/p>\n<ul>\n<li style=\"text-align: justify;\"><strong>Hj\u00e6lpenetv\u00e6rk<\/strong>: videndeling, m\u00e6gling, praktisk st\u00f8tte.<\/li>\n<li style=\"text-align: justify;\"><strong>Adgang til tilbud<\/strong>: st\u00f8tte til l\u00e6ring, oplysning om sundhed og milj\u00f8.<\/li>\n<li style=\"text-align: justify;\"><strong>Deltagelse<\/strong>: f\u00e6lles behovsafd\u00e6kning, transparens, vidensopsamling.<\/li>\n<\/ul>\n<\/section>\n<p><!-- Bloc 4 --><\/p>\n<h2><\/h2>\n<p><a href=\"https:\/\/www.vita-explorers.dk\/blog\/wp-content\/uploads\/2025\/09\/Mission-humanitaire-Nepal-6.jpg\"><img loading=\"lazy\" decoding=\"async\" class=\"size-medium wp-image-21681 aligncenter\" src=\"https:\/\/www.vita-explorers.dk\/blog\/wp-content\/uploads\/2025\/09\/Mission-humanitaire-Nepal-6-300x225.jpg\" alt=\"Mission b\u00e9n\u00e9vole au Nepal\" width=\"300\" height=\"225\" srcset=\"https:\/\/www.vita-explorers.dk\/blog\/wp-content\/uploads\/2025\/09\/Mission-humanitaire-Nepal-6-300x225.jpg 300w, https:\/\/www.vita-explorers.dk\/blog\/wp-content\/uploads\/2025\/09\/Mission-humanitaire-Nepal-6-1024x768.jpg 1024w, https:\/\/www.vita-explorers.dk\/blog\/wp-content\/uploads\/2025\/09\/Mission-humanitaire-Nepal-6-768x576.jpg 768w, https:\/\/www.vita-explorers.dk\/blog\/wp-content\/uploads\/2025\/09\/Mission-humanitaire-Nepal-6.jpg 1280w\" sizes=\"(max-width: 300px) 100vw, 300px\" \/><\/a><\/p>\n<p>a0<\/p>\n<section aria-labelledby=\"gains-volontaires\">\n<h2 id=\"gains-volontaires\" style=\"text-align: justify;\">Deltagernes kompetencer: internationalt frivilligt arbejde og sociale f\u00e6llesskaber som en genvej til l\u00e6ring<\/h2>\n<p style=\"text-align: justify;\">At deltage i et forl\u00f8b med <strong>internationalt frivilligt arbejde og sociale f\u00e6llesskaber<\/strong> udvikler centrale kompetencer.<br \/>\nF\u00f8rst bliver lytning og kommunikation skarpere. Derefter styrkes evnen til at tilpasse sig. Til sidst bliver probleml\u00f8sning mere struktureret. Det g\u00f8r indsatsen mere relevant og giver et tydeligt menneskeligt aftryk.<\/p>\n<h3 style=\"text-align: justify;\"><strong>Interkulturel kommunikation og social sammenh\u00e6ngskraft<\/strong><\/h3>\n<p style=\"text-align: justify;\">Deltagere g\u00f8r budskaber enklere, tjekker forst\u00e5elsen og bruger lokale eksempler. Med den tydelighed bliver den <strong>sociale sammenh\u00e6ngskraft<\/strong> st\u00e6rkere, og misforst\u00e5elser fylder mindre.<\/p>\n<ul>\n<li style=\"text-align: justify;\"><strong>Aktiv lytning<\/strong>: opsummering, \u00e5bne sp\u00f8rgsm\u00e5l, nyttige noter.<\/li>\n<li style=\"text-align: justify;\"><strong>Tydelighed<\/strong>: korte instruktioner, visuelle hj\u00e6lpemidler, klare gestus.<\/li>\n<li style=\"text-align: justify;\"><strong>M\u00e6gling<\/strong>: rolig h\u00e5ndtering af uenigheder.<\/li>\n<\/ul>\n<h3 style=\"text-align: justify;\"><strong>Samarbejde og ansvar<\/strong><\/h3>\n<p style=\"text-align: justify;\">Opgaver deles, roller respekteres, og aftaler holdes. S\u00e5 kan gruppen arbejde i et roligt tempo, og de <strong>sociale b\u00e5nd<\/strong> styrkes i hverdagen.<\/p>\n<ul>\n<li style=\"text-align: justify;\"><strong>Teamarbejde<\/strong>: blandede makkerpar, hj\u00e6lp til hinanden, fleksibel koordinering.<\/li>\n<li style=\"text-align: justify;\"><strong>Selvst\u00e6ndighed<\/strong>: prioritering, korte statusopdateringer, rammesat initiativ.<\/li>\n<li style=\"text-align: justify;\"><strong>P\u00e5lidelighed<\/strong>: punktlighed, overholdte deadlines, feedback.<\/li>\n<\/ul>\n<h3><strong>Tilpasningsevne og probleml\u00f8sning<\/strong><\/h3>\n<p style=\"text-align: justify;\">Konteksterne skifter. Alligevel finder teamet l\u00f8sninger. Man tester, dokumenterer og giver viden videre. Det \u00f8ger robustheden, og forl\u00f8bet bliver mere effektivt.<\/p>\n<ul>\n<li style=\"text-align: justify;\"><strong>Plan B<\/strong>: alternative redskaber, fleksibel tidsplan.<\/li>\n<li style=\"text-align: justify;\"><strong>Kritisk sans<\/strong>: observere, formulere, tjekke.<\/li>\n<li style=\"text-align: justify;\"><strong>Vidensopsamling<\/strong>: praktiske skemaer, <a href=\"https:\/\/www.vita-explorers.dk\/blog\/checkliste-uundvaerlig-til-et-internationalt-forloeb\/\" target=\"_blank\" rel=\"noopener\">tjeklister<\/a>.<\/li>\n<\/ul>\n<\/section>\n<p><!-- Bloc 5 --><\/p>\n<h2><\/h2>\n<p><a href=\"https:\/\/www.vita-explorers.dk\/blog\/wp-content\/uploads\/2025\/09\/Mission-culturelle.png\"><img loading=\"lazy\" decoding=\"async\" class=\"size-medium wp-image-21666 aligncenter\" src=\"https:\/\/www.vita-explorers.dk\/blog\/wp-content\/uploads\/2025\/09\/Mission-culturelle-263x300.png\" alt=\"Volontariat international\" width=\"263\" height=\"300\" srcset=\"https:\/\/www.vita-explorers.dk\/blog\/wp-content\/uploads\/2025\/09\/Mission-culturelle-263x300.png 263w, https:\/\/www.vita-explorers.dk\/blog\/wp-content\/uploads\/2025\/09\/Mission-culturelle-896x1024.png 896w, https:\/\/www.vita-explorers.dk\/blog\/wp-content\/uploads\/2025\/09\/Mission-culturelle-768x878.png 768w, https:\/\/www.vita-explorers.dk\/blog\/wp-content\/uploads\/2025\/09\/Mission-culturelle.png 966w\" sizes=\"(max-width: 263px) 100vw, 263px\" \/><\/a><\/p>\n<p>a0<\/p>\n<section aria-labelledby=\"rencontres-interculturelles\">\n<h2 id=\"rencontres-interculturelles\" style=\"text-align: justify;\">Interkulturelle m\u00f8der: tillid, respekt og gensidighed i internationalt frivilligt arbejde og sociale f\u00e6llesskaber<\/h2>\n<p style=\"text-align: justify;\">De <strong>interkulturelle m\u00f8der<\/strong> \u00e6ndrer oplevelsen. N\u00e5r man l\u00e6rer at forst\u00e5 hinanden, opst\u00e5r en \u00e6rlig dialog. Samtidig skaber gensidighed balance i udvekslingen: alle bidrager, og alle l\u00e6rer. S\u00e5 vokser tilliden.<\/p>\n<h3><strong>Gensidig forst\u00e5else og dialog<\/strong><\/h3>\n<p style=\"text-align: justify;\">Et enkelt sprog, tydelige gestus og en venlig nysgerrighed g\u00f8r det lettere at m\u00f8des. Derfor styrkes den <strong>sociale sammenh\u00e6ngskraft<\/strong>.<\/p>\n<ul>\n<li><strong>Enkelt sprog<\/strong>: undg\u00e5 fagsprog, hold det til det vigtigste.<\/li>\n<li><strong>T\u00e5lmodighed<\/strong>: lytte, opsummere, rumme forskelle.<\/li>\n<li><strong>\u00c5benhed<\/strong>: forst\u00e5 uden at d\u00f8mme.<\/li>\n<\/ul>\n<h3>Respekt for kulturer og inklusion<\/h3>\n<p style=\"text-align: justify;\">Se f\u00f8rst, handle bagefter. Den tilgang viser, at solidaritet bygger p\u00e5 at lytte \u2013 ikke p\u00e5 at trumfe noget igennem. Det styrker de <strong>sociale b\u00e5nd<\/strong>.<\/p>\n<ul>\n<li><strong>Observation<\/strong>: sociale koder, prioriteringer, tempo.<\/li>\n<li><strong>Ydmyghed<\/strong>: anerkende egne begr\u00e6nsninger.<\/li>\n<li><strong>Involvering<\/strong>: invitere beboere med i beslutninger.<\/li>\n<\/ul>\n<\/section>\n<p><!-- Bloc 6 --><\/p>\n<h2><\/h2>\n<p><a href=\"https:\/\/www.vita-explorers.dk\/blog\/wp-content\/uploads\/2025\/01\/Capture-decran-2022-12-22-a-12.17.43-63a43ce3bc4da.png\"><img loading=\"lazy\" decoding=\"async\" class=\"size-medium wp-image-20068 aligncenter\" src=\"https:\/\/www.vita-explorers.dk\/blog\/wp-content\/uploads\/2025\/01\/Capture-decran-2022-12-22-a-12.17.43-63a43ce3bc4da-263x300.png\" alt=\"Volontariat en Asie\" width=\"263\" height=\"300\" srcset=\"https:\/\/www.vita-explorers.dk\/blog\/wp-content\/uploads\/2025\/01\/Capture-decran-2022-12-22-a-12.17.43-63a43ce3bc4da-263x300.png 263w, https:\/\/www.vita-explorers.dk\/blog\/wp-content\/uploads\/2025\/01\/Capture-decran-2022-12-22-a-12.17.43-63a43ce3bc4da-896x1024.png 896w, https:\/\/www.vita-explorers.dk\/blog\/wp-content\/uploads\/2025\/01\/Capture-decran-2022-12-22-a-12.17.43-63a43ce3bc4da-768x878.png 768w, https:\/\/www.vita-explorers.dk\/blog\/wp-content\/uploads\/2025\/01\/Capture-decran-2022-12-22-a-12.17.43-63a43ce3bc4da.png 966w\" sizes=\"(max-width: 263px) 100vw, 263px\" \/><\/a><\/p>\n<p>a0<\/p>\n<section aria-labelledby=\"cadre-projets\">\n<h2 id=\"cadre-projets\" style=\"text-align: justify;\">Rammer for forl\u00f8bet: god praksis for internationalt frivilligt arbejde og sociale f\u00e6llesskaber<\/h2>\n<p style=\"text-align: justify;\">En tydelig ramme g\u00f8r indsatsen nem at forst\u00e5. F\u00f8rst forbereder man afrejse og forventninger. Derefter fastl\u00e6gger man m\u00e5l. Til sidst f\u00f8lger man op undervejs. Med de holdepunkter forbliver forl\u00f8bet relevant og respektfuldt.<\/p>\n<h3><strong>Forberedelse og viden<\/strong><\/h3>\n<p style=\"text-align: justify;\">N\u00e5r man forst\u00e5r konteksten, behovene og programmets v\u00e6rdier, undg\u00e5r man kulturelle misforst\u00e5elser. Samtidig skaber forberedelsen tillid fra start.<\/p>\n<ul>\n<li><strong>Materiale<\/strong>: landeguide, normer, lokale retningslinjer.<\/li>\n<li><strong>Tr\u00e6ning<\/strong>: interkulturel forst\u00e5else, vigtige greb.<\/li>\n<li><strong>Praktik<\/strong>: <a href=\"https:\/\/www.vita-explorers.dk\/blog\/vaccinationer-og-forsikring-til-internationalt-forloeb\/\" target=\"_blank\" rel=\"noopener\">forsikringer<\/a>, sundhed, udstyr.<\/li>\n<\/ul>\n<h3><strong>M\u00e5l og roller<\/strong><\/h3>\n<p style=\"text-align: justify;\">M\u00e5l, der kan f\u00f8lges, og tydelige roller mindsker friktion. S\u00e5 kan <strong>internationalt frivilligt arbejde og sociale f\u00e6llesskaber<\/strong> udvikle sig i en rolig og tryg atmosf\u00e6re.<\/p>\n<ul>\n<li><strong>M\u00e5l<\/strong>: daglige indsatser, enkle indikatorer.<\/li>\n<li><strong>Fordeling<\/strong>: klare opgaver, komplement\u00e6re styrker.<\/li>\n<li><strong>Kommunikation<\/strong>: korte m\u00f8der, l\u00f8bende feedback.<\/li>\n<\/ul>\n<h3><strong>St\u00f8tte og sikkerhed<\/strong><\/h3>\n<p style=\"text-align: justify;\">Lokal st\u00f8tte hj\u00e6lper deltagerne og passer p\u00e5 de mennesker, forl\u00f8bet ber\u00f8rer. Derfor forbliver indsatsen tryg og effektiv.<\/p>\n<ul>\n<li><strong>Opf\u00f8lgning<\/strong>: ugentlige status, hurtige justeringer.<\/li>\n<li><strong>St\u00f8tte<\/strong>: individuel sparring, svar p\u00e5 sp\u00f8rgsm\u00e5l.<\/li>\n<li><strong>Forebyggelse<\/strong>: beredskabsplan, p\u00e5lidelige kontaktpersoner.<\/li>\n<\/ul>\n<\/section>\n<p><!-- Bloc 7 --><\/p>\n<h2><\/h2>\n<p><a href=\"https:\/\/www.vita-explorers.dk\/blog\/wp-content\/uploads\/2024\/11\/20054119329_d511e97df9.jpg\"><img loading=\"lazy\" decoding=\"async\" class=\"size-medium wp-image-19375 aligncenter\" src=\"https:\/\/www.vita-explorers.dk\/blog\/wp-content\/uploads\/2024\/11\/20054119329_d511e97df9-300x169.jpg\" alt=\"Mission solidaire \u00e0 l'\\u00e9tranger\" width=\"300\" height=\"169\" srcset=\"https:\/\/www.vita-explorers.dk\/blog\/wp-content\/uploads\/2024\/11\/20054119329_d511e97df9-300x169.jpg 300w, https:\/\/www.vita-explorers.dk\/blog\/wp-content\/uploads\/2024\/11\/20054119329_d511e97df9.jpg 500w\" sizes=\"(max-width: 300px) 100vw, 300px\" \/><\/a><\/p>\n<p>a0<\/p>\n<section aria-labelledby=\"conseils-integration\">\n<h2 id=\"conseils-integration\">Praktiske r\u00e5d til at falde godt til og styrke internationalt frivilligt arbejde og sociale f\u00e6llesskaber<\/h2>\n<p style=\"text-align: justify;\">Det er ofte detaljerne, der g\u00f8r forskellen. Med respekt, tydelighed og stabilitet skabes relationer hurtigt. S\u00e5 bliver forl\u00f8bet b\u00e5de effektivt og rart at v\u00e6re en del af.<\/p>\n<h3><strong>En \u00e5ben og respektfuld tilgang<\/strong><\/h3>\n<p style=\"text-align: justify;\">Observer, lyt og v\u00e6r med: sm\u00e5 greb, der viser, at du gerne vil samarbejde. Det skaber ro og \u00e5bner for deling.<\/p>\n<ul>\n<li><strong>Observere<\/strong>: tider, prioriteringer, vaner.<\/li>\n<li><strong>Lytte<\/strong>: enkle sp\u00f8rgsm\u00e5l, opsummering.<\/li>\n<li><strong>Deltage<\/strong>: sm\u00e5 opgaver, stabilt fremm\u00f8de.<\/li>\n<\/ul>\n<h3><strong>Tydelig og im\u00f8dekommende kommunikation<\/strong><\/h3>\n<p style=\"text-align: justify;\">N\u00e5r budskaber er enkle og bliver tjekket, undg\u00e5r man misforst\u00e5elser. Derfor glider samarbejdet lettere.<\/p>\n<ul>\n<li><strong>Enkelt sprog<\/strong>: korte s\u00e6tninger, konkrete eksempler.<\/li>\n<li><strong>Rutiner<\/strong>: korte briefs, debriefs, hurtige tilbagemeldinger.<\/li>\n<li><strong>Feedback<\/strong>: sige tak, anerkende, justere.<\/li>\n<\/ul>\n<h3><strong>At g\u00e5 forrest i hverdagen<\/strong><\/h3>\n<p style=\"text-align: justify;\">P\u00e5lidelighed smitter. Den skaber struktur og styrker de <strong>sociale b\u00e5nd<\/strong>.<\/p>\n<ul>\n<li><strong>Punktlighed<\/strong>: holde det, man har aftalt.<\/li>\n<li><strong>Samarbejde<\/strong>: hj\u00e6lpe hinanden, dele udstyr.<\/li>\n<li><strong>Respekt<\/strong>: anerkende andres indsats.<\/li>\n<\/ul>\n<\/section>\n<p><!-- Bloc 8 --><\/p>\n<p>a0<\/p>\n<p><a href=\"https:\/\/www.vita-explorers.dk\/blog\/wp-content\/uploads\/2024\/11\/40820310053_4f9d7c0b57_w.jpg\"><img loading=\"lazy\" decoding=\"async\" class=\"size-medium wp-image-19310 aligncenter\" src=\"https:\/\/www.vita-explorers.dk\/blog\/wp-content\/uploads\/2024\/11\/40820310053_4f9d7c0b57_w-300x225.jpg\" alt=\"Stage en ONG\" width=\"300\" height=\"225\" srcset=\"https:\/\/www.vita-explorers.dk\/blog\/wp-content\/uploads\/2024\/11\/40820310053_4f9d7c0b57_w-300x225.jpg 300w, https:\/\/www.vita-explorers.dk\/blog\/wp-content\/uploads\/2024\/11\/40820310053_4f9d7c0b57_w.jpg 400w\" sizes=\"(max-width: 300px) 100vw, 300px\" \/><\/a><\/p>\n<p>a0<\/p>\n<section aria-labelledby=\"ethique-respect\">\n<h2 id=\"ethique-respect\" style=\"text-align: justify;\">Etik, v\u00e6rdighed og beskyttelse af mennesker i internationalt frivilligt arbejde og sociale f\u00e6llesskaber<\/h2>\n<p style=\"text-align: justify;\"><a href=\"https:\/\/www.vita-explorers.dk\/blog\/etisk-ansvarlig-rejse\/\" target=\"_blank\" rel=\"noopener\">Etik<\/a> beskytter b\u00e5de v\u00e6rdighed og tryghed. Med klare retningslinjer forbliver hj\u00e6lpen fair, og tilliden vokser. P\u00e5 den m\u00e5de bliver <strong>international solidaritet<\/strong> ansvarlig.<\/p>\n<h3><strong>Menneskerettigheder og ligev\u00e6rd<\/strong><\/h3>\n<p style=\"text-align: justify;\">Ingen favorisering. Ingen diskrimination. Alle fortjener samme respekt. Derfor respekterer indsatsen b\u00e5de frihed og tryghed for alle.<\/p>\n<ul>\n<li><strong>Ligev\u00e6rd<\/strong>: retf\u00e6rdig behandling, gennemsigtig adgang.<\/li>\n<li><strong>V\u00e6rdighed<\/strong>: opm\u00e6rksomhed p\u00e5 levevilk\u00e5r.<\/li>\n<li><strong>Beskyttelse<\/strong>: omtanke i m\u00f8det med s\u00e5rbarhed.<\/li>\n<\/ul>\n<h3><strong>Fortrolighed og ret til eget billede<\/strong><\/h3>\n<p style=\"text-align: justify;\">Informeret samtykke er helt afg\u00f8rende. S\u00e5 kan man fort\u00e6lle om mennesker uden at udstille dem.<\/p>\n<ul>\n<li><strong>Tilladelse<\/strong>: sp\u00f8rg f\u00f8r du fotograferer eller deler.<\/li>\n<li><strong>Anonymitet<\/strong>: sl\u00f8r, hvis der er behov.<\/li>\n<li><strong>Sikkerhed<\/strong>: ansvarlig opbevaring af data.<\/li>\n<\/ul>\n<h3><strong>Transparens og ansvarlighed<\/strong><\/h3>\n<p style=\"text-align: justify;\">N\u00e5r man er tydelig om intentioner, kender sine gr\u00e6nser og f\u00f8lger op, skaber det en mere ligev\u00e6rdig relation. S\u00e5 h\u00e6nger <strong>internationalt frivilligt arbejde og sociale f\u00e6llesskaber<\/strong> bedre sammen.<\/p>\n<ul>\n<li><strong>Kommunikation<\/strong>: m\u00e5l, tidsrammer, ressourcer.<\/li>\n<li><strong>Ansvar<\/strong>: rette til, forbedre, dele erfaringer.<\/li>\n<li><strong>Dialog<\/strong>: tjekke, om alle parter er tilfredse.<\/li>\n<\/ul>\n<\/section>\n<p><!-- Bloc 9 : FAQ + Conclusion --><\/p>\n<section aria-labelledby=\"faq\">\n<h2><\/h2>\n<h2 id=\"faq\" style=\"text-align: justify;\">FAQ \u2013 internationalt frivilligt arbejde og sociale f\u00e6llesskaber<\/h2>\n<h3><strong>Hvordan skaber internationalt frivilligt arbejde sociale f\u00e6llesskaber?<\/strong><\/h3>\n<p style=\"text-align: justify;\">Det samler mennesker om f\u00e6lles m\u00e5l. Samarbejde og lydh\u00f8rhed opbygger tillid. P\u00e5 den m\u00e5de kan relationer vare ved.<\/p>\n<h3><strong>Hvilke sociale kompetencer udvikler man i et forl\u00f8b?<\/strong><\/h3>\n<p style=\"text-align: justify;\">Aktiv lytning, interkulturel kommunikation, samarbejde og m\u00e6gling. Derudover styrkes tilpasningsevne og evnen til at l\u00f8se problemer.<\/p>\n<h3><strong>Hvorfor er forberedelse f\u00f8r afrejse vigtig?<\/strong><\/h3>\n<p style=\"text-align: justify;\">Den forebygger kulturelle misforst\u00e5elser og g\u00f8r roller og m\u00e5l tydelige. Derfor bliver indsatsen b\u00e5de tryggere og mere relevant.<\/p>\n<h3><strong>Hvordan undg\u00e5r man afh\u00e6ngighed og st\u00f8tter lokal selvst\u00e6ndighed?<\/strong><\/h3>\n<p style=\"text-align: justify;\">Ved at udvikle projekter sammen, dele kompetencer og dokumentere metoder. S\u00e5 st\u00e5r f\u00e6llesskabet st\u00e6rkere p\u00e5 egne ben.<\/p>\n<h3><strong>Er respekt for retten til eget billede obligatorisk?<\/strong><\/h3>\n<p style=\"text-align: justify;\">Ja. Man skal have informeret samtykke f\u00f8r foto og deling. P\u00e5 den m\u00e5de beskytter man b\u00e5de v\u00e6rdighed og privatliv.<\/p>\n<h3><strong>Hvordan m\u00e5ler man den sociale effekt af et forl\u00f8b?<\/strong><\/h3>\n<p style=\"text-align: justify;\">Med enkle indikatorer (fremm\u00f8de, fremdrift, feedback fra dem, det handler om) og l\u00f8bende justeringer.<\/p>\n<p><!-- JSON-LD FAQ --><br \/>\n<a href=\"https:\/\/www.vita-explorers.dk\/blog\/wp-content\/uploads\/2023\/10\/mission-humanitaire-saint-vincent-et-les-grenadines.png\"><img loading=\"lazy\" decoding=\"async\" class=\"size-medium wp-image-15760 aligncenter\" src=\"https:\/\/www.vita-explorers.dk\/blog\/wp-content\/uploads\/2023\/10\/mission-humanitaire-saint-vincent-et-les-grenadines-225x300.png\" alt=\"benevolat Caraibes\" width=\"225\" height=\"300\" srcset=\"https:\/\/www.vita-explorers.dk\/blog\/wp-content\/uploads\/2023\/10\/mission-humanitaire-saint-vincent-et-les-grenadines-225x300.png 225w, https:\/\/www.vita-explorers.dk\/blog\/wp-content\/uploads\/2023\/10\/mission-humanitaire-saint-vincent-et-les-grenadines-769x1024.png 769w, https:\/\/www.vita-explorers.dk\/blog\/wp-content\/uploads\/2023\/10\/mission-humanitaire-saint-vincent-et-les-grenadines-768x1023.png 768w, https:\/\/www.vita-explorers.dk\/blog\/wp-content\/uploads\/2023\/10\/mission-humanitaire-saint-vincent-et-les-grenadines.png 772w\" sizes=\"(max-width: 225px) 100vw, 225px\" \/><\/a><script type=\"application\/ld+json\">\n    {\n      \"@context\": \"https:\/\/schema.org\",\n      \"@type\": \"FAQPage\",\n      \"mainEntity\": [\n        {\n          \"@type\": \"Question\",\n          \"name\": \"Hvordan skaber internationalt frivilligt arbejde sociale f\u00e6llesskaber?\",\n          \"acceptedAnswer\": {\n            \"@type\": \"Answer\",\n            \"text\": \"Det samler mennesker om f\u00e6lles m\u00e5l. Samarbejde og lydh\u00f8rhed opbygger tillid. P\u00e5 den m\u00e5de kan relationer vare ved.\"\n          }\n        },\n        {\n          \"@type\": \"Question\",\n          \"name\": \"Hvilke sociale kompetencer udvikler man i et forl\u00f8b?\",\n          \"acceptedAnswer\": {\n            \"@type\": \"Answer\",\n            \"text\": \"Aktiv lytning, interkulturel kommunikation, samarbejde og m\u00e6gling. Derudover styrkes tilpasningsevne og evnen til at l\u00f8se problemer.\"\n          }\n        },\n        {\n          \"@type\": \"Question\",\n          \"name\": \"Hvorfor er forberedelse f\u00f8r afrejse vigtig?\",\n          \"acceptedAnswer\": {\n            \"@type\": \"Answer\",\n            \"text\": \"Den forebygger kulturelle misforst\u00e5elser og g\u00f8r roller og m\u00e5l tydelige, s\u00e5 indsatsen bliver tryggere og mere relevant.\"\n          }\n        },\n        {\n          \"@type\": \"Question\",\n          \"name\": \"Hvordan undg\u00e5r man afh\u00e6ngighed og st\u00f8tter lokal selvst\u00e6ndighed?\",\n          \"acceptedAnswer\": {\n            \"@type\": \"Answer\",\n            \"text\": \"Ved at udvikle projekter sammen, dele kompetencer og dokumentere metoder, s\u00e5 f\u00e6llesskabet kan forts\u00e6tte arbejdet.\"\n          }\n        },\n        {\n          \"@type\": \"Question\",\n          \"name\": \"Er respekt for retten til eget billede obligatorisk?\",\n          \"acceptedAnswer\": {\n            \"@type\": \"Answer\",\n            \"text\": \"Ja. Man skal have informeret samtykke f\u00f8r foto og deling for at beskytte b\u00e5de v\u00e6rdighed og privatliv.\"\n          }\n        },\n        {\n          \"@type\": \"Question\",\n          \"name\": \"Hvordan m\u00e5ler man den sociale effekt af et forl\u00f8b?\",\n          \"acceptedAnswer\": {\n            \"@type\": \"Answer\",\n            \"text\": \"Med enkle indikatorer (fremm\u00f8de, fremdrift i aktiviteterne, feedback fra dem, det handler om) og l\u00f8bende justeringer.\"\n          }\n        }\n      ]\n    }\n    <\/script><\/p>\n<\/section>\n<h2><\/h2>\n<section aria-labelledby=\"conclusion\">\n<h2 id=\"conclusion\">Konklusion \u2013 internationalt frivilligt arbejde og sociale f\u00e6llesskaber, der bygger varige broer<\/h2>\n<p style=\"text-align: justify;\"><strong>Internationalt frivilligt arbejde og sociale f\u00e6llesskaber<\/strong> styrker hinanden: samarbejde skaber tillid, og tillid g\u00f8r indsatsen mere virkningsfuld. Med grundig forberedelse, en etisk ramme og l\u00f8bende dialog kan hvert forl\u00f8b efterlade et positivt menneskeligt aftryk. Det giver f\u00e6llesskaber bedre muligheder for selv at drive udviklingen, og deltagerne rejser hjem med solide sociale kompetencer. Kort sagt: lokalt engagement og et \u00e5bent blik mod verden kan bygge broer, der holder.<\/p>\n<\/section>\n<p>a0<\/p>\n","protected":false},"excerpt":{"rendered":"<p>Internationalt frivilligt arbejde og sociale f\u00e6llesskaber: et engagement, der bringer mennesker t\u00e6ttere p\u00e5 hinanden Internationalt frivilligt arbejde og sociale f\u00e6llesskaber h\u00e6nger t\u00e6t sammen. N\u00e5r\u2026<\/p>\n","protected":false},"author":7,"featured_media":15442,"comment_status":"open","ping_status":"open","sticky":false,"template":"","format":"standard","meta":{"footnotes":""},"categories":[1459],"tags":[],"yoast_head":"<!-- This site is optimized with the Yoast SEO Premium plugin v23.4 (Yoast SEO v23.4) - https:\/\/yoast.com\/wordpress\/plugins\/seo\/ -->\n<title>Internationalt frivilligt arbejde og f\u00e6llesskab<\/title>\n<meta name=\"description\" content=\"D\u00e9couvrez comment le volontariat international renforce le lien social, cr\u00e9e des \u00e9changes interculturels et favorise la solidarit\u00e9 mondiale.\" \/>\n<meta name=\"robots\" content=\"index, follow, max-snippet:-1, max-image-preview:large, max-video-preview:-1\" \/>\n<link rel=\"canonical\" href=\"https:\/\/www.vita-explorers.dk\/blog\/internationalt-frivilligt-arbejde-socialt-faellesskab\/\" \/>\n<meta property=\"og:locale\" content=\"da_DK\" \/>\n<meta property=\"og:type\" content=\"article\" \/>\n<meta property=\"og:title\" content=\"Internationalt frivilligt arbejde og f\u00e6llesskab: et engagement, der bringer mennesker t\u00e6ttere p\u00e5 hinanden\" \/>\n<meta property=\"og:description\" content=\"D\u00e9couvrez comment le volontariat international renforce le lien social, cr\u00e9e des \u00e9changes interculturels et favorise la solidarit\u00e9 mondiale.\" \/>\n<meta property=\"og:url\" content=\"https:\/\/www.vita-explorers.dk\/blog\/internationalt-frivilligt-arbejde-socialt-faellesskab\/\" \/>\n<meta property=\"og:site_name\" content=\"VITA Explorers Blog\" \/>\n<meta property=\"article:publisher\" content=\"https:\/\/www.facebook.com\/globalong\" \/>\n<meta property=\"article:published_time\" content=\"2025-10-30T04:33:44+00:00\" \/>\n<meta property=\"article:modified_time\" content=\"2025-10-29T20:59:27+00:00\" \/>\n<meta property=\"og:image\" content=\"https:\/\/www.vita-explorers.dk\/blog\/wp-content\/uploads\/2023\/06\/nepal4.jpeg\" \/>\n\t<meta property=\"og:image:width\" content=\"1536\" \/>\n\t<meta property=\"og:image:height\" content=\"2048\" \/>\n\t<meta property=\"og:image:type\" content=\"image\/jpeg\" \/>\n<meta name=\"author\" content=\"VITA Tribe\" \/>\n<meta name=\"twitter:card\" content=\"summary_large_image\" \/>\n<meta name=\"twitter:label1\" content=\"Skrevet af\" \/>\n\t<meta name=\"twitter:data1\" content=\"VITA Tribe\" \/>\n\t<meta name=\"twitter:label2\" content=\"Estimeret l\u00e6setid\" \/>\n\t<meta name=\"twitter:data2\" content=\"9 minutter\" \/>\n<script type=\"application\/ld+json\" class=\"yoast-schema-graph\">{\"@context\":\"https:\/\/schema.org\",\"@graph\":[{\"@type\":\"Article\",\"@id\":\"https:\/\/www.vita-explorers.dk\/blog\/internationalt-frivilligt-arbejde-socialt-faellesskab\/#article\",\"isPartOf\":{\"@id\":\"https:\/\/www.vita-explorers.dk\/blog\/internationalt-frivilligt-arbejde-socialt-faellesskab\/\"},\"author\":{\"name\":\"VITA Tribe\",\"@id\":\"https:\/\/www.vita-explorers.dk\/blog\/#\/schema\/person\/fc0343a2f2db2ebb2793c1f62dbe73f0\"},\"headline\":\"Internationalt frivilligt arbejde og f\u00e6llesskab: et engagement, der bringer mennesker t\u00e6ttere p\u00e5 hinanden\",\"datePublished\":\"2025-10-30T04:33:44+00:00\",\"dateModified\":\"2025-10-29T20:59:27+00:00\",\"mainEntityOfPage\":{\"@id\":\"https:\/\/www.vita-explorers.dk\/blog\/internationalt-frivilligt-arbejde-socialt-faellesskab\/\"},\"wordCount\":1576,\"commentCount\":0,\"publisher\":{\"@id\":\"https:\/\/www.vita-explorers.dk\/blog\/#organization\"},\"image\":{\"@id\":\"https:\/\/www.vita-explorers.dk\/blog\/internationalt-frivilligt-arbejde-socialt-faellesskab\/#primaryimage\"},\"thumbnailUrl\":\"https:\/\/www.vita-explorers.dk\/blog\/wp-content\/uploads\/2023\/06\/nepal4.jpeg\",\"articleSection\":[\"Personlig udvikling\"],\"inLanguage\":\"da-DK\",\"potentialAction\":[{\"@type\":\"CommentAction\",\"name\":\"Comment\",\"target\":[\"https:\/\/www.vita-explorers.dk\/blog\/internationalt-frivilligt-arbejde-socialt-faellesskab\/#respond\"]}]},{\"@type\":\"WebPage\",\"@id\":\"https:\/\/www.vita-explorers.dk\/blog\/internationalt-frivilligt-arbejde-socialt-faellesskab\/\",\"url\":\"https:\/\/www.vita-explorers.dk\/blog\/internationalt-frivilligt-arbejde-socialt-faellesskab\/\",\"name\":\"Internationalt frivilligt arbejde og f\u00e6llesskab\",\"isPartOf\":{\"@id\":\"https:\/\/www.vita-explorers.dk\/blog\/#website\"},\"primaryImageOfPage\":{\"@id\":\"https:\/\/www.vita-explorers.dk\/blog\/internationalt-frivilligt-arbejde-socialt-faellesskab\/#primaryimage\"},\"image\":{\"@id\":\"https:\/\/www.vita-explorers.dk\/blog\/internationalt-frivilligt-arbejde-socialt-faellesskab\/#primaryimage\"},\"thumbnailUrl\":\"https:\/\/www.vita-explorers.dk\/blog\/wp-content\/uploads\/2023\/06\/nepal4.jpeg\",\"datePublished\":\"2025-10-30T04:33:44+00:00\",\"dateModified\":\"2025-10-29T20:59:27+00:00\",\"description\":\"D\u00e9couvrez comment le volontariat international renforce le lien social, cr\u00e9e des \u00e9changes interculturels et favorise la solidarit\u00e9 mondiale.\",\"breadcrumb\":{\"@id\":\"https:\/\/www.vita-explorers.dk\/blog\/internationalt-frivilligt-arbejde-socialt-faellesskab\/#breadcrumb\"},\"inLanguage\":\"da-DK\",\"potentialAction\":[{\"@type\":\"ReadAction\",\"target\":[\"https:\/\/www.vita-explorers.dk\/blog\/internationalt-frivilligt-arbejde-socialt-faellesskab\/\"]}]},{\"@type\":\"ImageObject\",\"inLanguage\":\"da-DK\",\"@id\":\"https:\/\/www.vita-explorers.dk\/blog\/internationalt-frivilligt-arbejde-socialt-faellesskab\/#primaryimage\",\"url\":\"https:\/\/www.vita-explorers.dk\/blog\/wp-content\/uploads\/2023\/06\/nepal4.jpeg\",\"contentUrl\":\"https:\/\/www.vita-explorers.dk\/blog\/wp-content\/uploads\/2023\/06\/nepal4.jpeg\",\"width\":1536,\"height\":2048,\"caption\":\"Volontariat international et lien social\"},{\"@type\":\"BreadcrumbList\",\"@id\":\"https:\/\/www.vita-explorers.dk\/blog\/internationalt-frivilligt-arbejde-socialt-faellesskab\/#breadcrumb\",\"itemListElement\":[{\"@type\":\"ListItem\",\"position\":1,\"name\":\"Accueil\",\"item\":\"https:\/\/www.vita-explorers.dk\/blog\/\"},{\"@type\":\"ListItem\",\"position\":2,\"name\":\"Internationalt frivilligt arbejde og f\u00e6llesskab: et engagement, der bringer mennesker t\u00e6ttere p\u00e5 hinanden\"}]},{\"@type\":\"WebSite\",\"@id\":\"https:\/\/www.vita-explorers.dk\/blog\/#website\",\"url\":\"https:\/\/www.vita-explorers.dk\/blog\/\",\"name\":\"Association Globalong\",\"description\":\"Frivilligt arbejde, sprogophold, praktik i udlandet og internationale oplevelser\",\"publisher\":{\"@id\":\"https:\/\/www.vita-explorers.dk\/blog\/#organization\"},\"potentialAction\":[{\"@type\":\"SearchAction\",\"target\":{\"@type\":\"EntryPoint\",\"urlTemplate\":\"https:\/\/www.vita-explorers.dk\/blog\/?s={search_term_string}\"},\"query-input\":{\"@type\":\"PropertyValueSpecification\",\"valueRequired\":true,\"valueName\":\"search_term_string\"}}],\"inLanguage\":\"da-DK\"},{\"@type\":\"Organization\",\"@id\":\"https:\/\/www.vita-explorers.dk\/blog\/#organization\",\"name\":\"Association Globalong\",\"url\":\"https:\/\/www.vita-explorers.dk\/blog\/\",\"logo\":{\"@type\":\"ImageObject\",\"inLanguage\":\"da-DK\",\"@id\":\"https:\/\/www.vita-explorers.dk\/blog\/#\/schema\/logo\/image\/\",\"url\":\"https:\/\/www.globalong.com\/blog\/wp-content\/uploads\/2014\/11\/cropped-cropped-Logo-et-Afrique-Globalong-petite-taille-2.jpg\",\"contentUrl\":\"https:\/\/www.globalong.com\/blog\/wp-content\/uploads\/2014\/11\/cropped-cropped-Logo-et-Afrique-Globalong-petite-taille-2.jpg\",\"width\":512,\"height\":512,\"caption\":\"Association Globalong\"},\"image\":{\"@id\":\"https:\/\/www.vita-explorers.dk\/blog\/#\/schema\/logo\/image\/\"},\"sameAs\":[\"https:\/\/www.facebook.com\/globalong\"]},{\"@type\":\"Person\",\"@id\":\"https:\/\/www.vita-explorers.dk\/blog\/#\/schema\/person\/fc0343a2f2db2ebb2793c1f62dbe73f0\",\"name\":\"VITA Tribe\",\"image\":{\"@type\":\"ImageObject\",\"inLanguage\":\"da-DK\",\"@id\":\"https:\/\/www.vita-explorers.dk\/blog\/#\/schema\/person\/image\/\",\"url\":\"https:\/\/secure.gravatar.com\/avatar\/f7f05026bb439d0c96b30e135e5f852c?s=96&d=mm&r=g\",\"contentUrl\":\"https:\/\/secure.gravatar.com\/avatar\/f7f05026bb439d0c96b30e135e5f852c?s=96&d=mm&r=g\",\"caption\":\"VITA Tribe\"},\"sameAs\":[\"http:\/\/www.globalong.com\"],\"url\":\"https:\/\/www.vita-explorers.dk\/blog\/author\/teamglobalong\/\"}]}<\/script>\n<!-- \/ Yoast SEO Premium plugin. -->","yoast_head_json":{"title":"Internationalt frivilligt arbejde og f\u00e6llesskab","description":"D\u00e9couvrez comment le volontariat international renforce le lien social, cr\u00e9e des \u00e9changes interculturels et favorise la solidarit\u00e9 mondiale.","robots":{"index":"index","follow":"follow","max-snippet":"max-snippet:-1","max-image-preview":"max-image-preview:large","max-video-preview":"max-video-preview:-1"},"canonical":"https:\/\/www.vita-explorers.dk\/blog\/internationalt-frivilligt-arbejde-socialt-faellesskab\/","og_locale":"da_DK","og_type":"article","og_title":"Internationalt frivilligt arbejde og f\u00e6llesskab: et engagement, der bringer mennesker t\u00e6ttere p\u00e5 hinanden","og_description":"D\u00e9couvrez comment le volontariat international renforce le lien social, cr\u00e9e des \u00e9changes interculturels et favorise la solidarit\u00e9 mondiale.","og_url":"https:\/\/www.vita-explorers.dk\/blog\/internationalt-frivilligt-arbejde-socialt-faellesskab\/","og_site_name":"VITA Explorers Blog","article_publisher":"https:\/\/www.facebook.com\/globalong","article_published_time":"2025-10-30T04:33:44+00:00","article_modified_time":"2025-10-29T20:59:27+00:00","og_image":[{"width":1536,"height":2048,"url":"https:\/\/www.vita-explorers.dk\/blog\/wp-content\/uploads\/2023\/06\/nepal4.jpeg","type":"image\/jpeg"}],"author":"VITA Tribe","twitter_card":"summary_large_image","twitter_misc":{"Skrevet af":"VITA Tribe","Estimeret l\u00e6setid":"9 minutter"},"schema":{"@context":"https:\/\/schema.org","@graph":[{"@type":"Article","@id":"https:\/\/www.vita-explorers.dk\/blog\/internationalt-frivilligt-arbejde-socialt-faellesskab\/#article","isPartOf":{"@id":"https:\/\/www.vita-explorers.dk\/blog\/internationalt-frivilligt-arbejde-socialt-faellesskab\/"},"author":{"name":"VITA Tribe","@id":"https:\/\/www.vita-explorers.dk\/blog\/#\/schema\/person\/fc0343a2f2db2ebb2793c1f62dbe73f0"},"headline":"Internationalt frivilligt arbejde og f\u00e6llesskab: et engagement, der bringer mennesker t\u00e6ttere p\u00e5 hinanden","datePublished":"2025-10-30T04:33:44+00:00","dateModified":"2025-10-29T20:59:27+00:00","mainEntityOfPage":{"@id":"https:\/\/www.vita-explorers.dk\/blog\/internationalt-frivilligt-arbejde-socialt-faellesskab\/"},"wordCount":1576,"commentCount":0,"publisher":{"@id":"https:\/\/www.vita-explorers.dk\/blog\/#organization"},"image":{"@id":"https:\/\/www.vita-explorers.dk\/blog\/internationalt-frivilligt-arbejde-socialt-faellesskab\/#primaryimage"},"thumbnailUrl":"https:\/\/www.vita-explorers.dk\/blog\/wp-content\/uploads\/2023\/06\/nepal4.jpeg","articleSection":["Personlig udvikling"],"inLanguage":"da-DK","potentialAction":[{"@type":"CommentAction","name":"Comment","target":["https:\/\/www.vita-explorers.dk\/blog\/internationalt-frivilligt-arbejde-socialt-faellesskab\/#respond"]}]},{"@type":"WebPage","@id":"https:\/\/www.vita-explorers.dk\/blog\/internationalt-frivilligt-arbejde-socialt-faellesskab\/","url":"https:\/\/www.vita-explorers.dk\/blog\/internationalt-frivilligt-arbejde-socialt-faellesskab\/","name":"Internationalt frivilligt arbejde og f\u00e6llesskab","isPartOf":{"@id":"https:\/\/www.vita-explorers.dk\/blog\/#website"},"primaryImageOfPage":{"@id":"https:\/\/www.vita-explorers.dk\/blog\/internationalt-frivilligt-arbejde-socialt-faellesskab\/#primaryimage"},"image":{"@id":"https:\/\/www.vita-explorers.dk\/blog\/internationalt-frivilligt-arbejde-socialt-faellesskab\/#primaryimage"},"thumbnailUrl":"https:\/\/www.vita-explorers.dk\/blog\/wp-content\/uploads\/2023\/06\/nepal4.jpeg","datePublished":"2025-10-30T04:33:44+00:00","dateModified":"2025-10-29T20:59:27+00:00","description":"D\u00e9couvrez comment le volontariat international renforce le lien social, cr\u00e9e des \u00e9changes interculturels et favorise la solidarit\u00e9 mondiale.","breadcrumb":{"@id":"https:\/\/www.vita-explorers.dk\/blog\/internationalt-frivilligt-arbejde-socialt-faellesskab\/#breadcrumb"},"inLanguage":"da-DK","potentialAction":[{"@type":"ReadAction","target":["https:\/\/www.vita-explorers.dk\/blog\/internationalt-frivilligt-arbejde-socialt-faellesskab\/"]}]},{"@type":"ImageObject","inLanguage":"da-DK","@id":"https:\/\/www.vita-explorers.dk\/blog\/internationalt-frivilligt-arbejde-socialt-faellesskab\/#primaryimage","url":"https:\/\/www.vita-explorers.dk\/blog\/wp-content\/uploads\/2023\/06\/nepal4.jpeg","contentUrl":"https:\/\/www.vita-explorers.dk\/blog\/wp-content\/uploads\/2023\/06\/nepal4.jpeg","width":1536,"height":2048,"caption":"Volontariat international et lien social"},{"@type":"BreadcrumbList","@id":"https:\/\/www.vita-explorers.dk\/blog\/internationalt-frivilligt-arbejde-socialt-faellesskab\/#breadcrumb","itemListElement":[{"@type":"ListItem","position":1,"name":"Accueil","item":"https:\/\/www.vita-explorers.dk\/blog\/"},{"@type":"ListItem","position":2,"name":"Internationalt frivilligt arbejde og f\u00e6llesskab: et engagement, der bringer mennesker t\u00e6ttere p\u00e5 hinanden"}]},{"@type":"WebSite","@id":"https:\/\/www.vita-explorers.dk\/blog\/#website","url":"https:\/\/www.vita-explorers.dk\/blog\/","name":"Association Globalong","description":"Frivilligt arbejde, sprogophold, praktik i udlandet og internationale oplevelser","publisher":{"@id":"https:\/\/www.vita-explorers.dk\/blog\/#organization"},"potentialAction":[{"@type":"SearchAction","target":{"@type":"EntryPoint","urlTemplate":"https:\/\/www.vita-explorers.dk\/blog\/?s={search_term_string}"},"query-input":{"@type":"PropertyValueSpecification","valueRequired":true,"valueName":"search_term_string"}}],"inLanguage":"da-DK"},{"@type":"Organization","@id":"https:\/\/www.vita-explorers.dk\/blog\/#organization","name":"Association Globalong","url":"https:\/\/www.vita-explorers.dk\/blog\/","logo":{"@type":"ImageObject","inLanguage":"da-DK","@id":"https:\/\/www.vita-explorers.dk\/blog\/#\/schema\/logo\/image\/","url":"https:\/\/www.globalong.com\/blog\/wp-content\/uploads\/2014\/11\/cropped-cropped-Logo-et-Afrique-Globalong-petite-taille-2.jpg","contentUrl":"https:\/\/www.globalong.com\/blog\/wp-content\/uploads\/2014\/11\/cropped-cropped-Logo-et-Afrique-Globalong-petite-taille-2.jpg","width":512,"height":512,"caption":"Association Globalong"},"image":{"@id":"https:\/\/www.vita-explorers.dk\/blog\/#\/schema\/logo\/image\/"},"sameAs":["https:\/\/www.facebook.com\/globalong"]},{"@type":"Person","@id":"https:\/\/www.vita-explorers.dk\/blog\/#\/schema\/person\/fc0343a2f2db2ebb2793c1f62dbe73f0","name":"VITA Tribe","image":{"@type":"ImageObject","inLanguage":"da-DK","@id":"https:\/\/www.vita-explorers.dk\/blog\/#\/schema\/person\/image\/","url":"https:\/\/secure.gravatar.com\/avatar\/f7f05026bb439d0c96b30e135e5f852c?s=96&d=mm&r=g","contentUrl":"https:\/\/secure.gravatar.com\/avatar\/f7f05026bb439d0c96b30e135e5f852c?s=96&d=mm&r=g","caption":"VITA Tribe"},"sameAs":["http:\/\/www.globalong.com"],"url":"https:\/\/www.vita-explorers.dk\/blog\/author\/teamglobalong\/"}]}},"_links":{"self":[{"href":"https:\/\/www.vita-explorers.dk\/blog\/wp-json\/wp\/v2\/posts\/22219"}],"collection":[{"href":"https:\/\/www.vita-explorers.dk\/blog\/wp-json\/wp\/v2\/posts"}],"about":[{"href":"https:\/\/www.vita-explorers.dk\/blog\/wp-json\/wp\/v2\/types\/post"}],"author":[{"embeddable":true,"href":"https:\/\/www.vita-explorers.dk\/blog\/wp-json\/wp\/v2\/users\/7"}],"replies":[{"embeddable":true,"href":"https:\/\/www.vita-explorers.dk\/blog\/wp-json\/wp\/v2\/comments?post=22219"}],"version-history":[{"count":5,"href":"https:\/\/www.vita-explorers.dk\/blog\/wp-json\/wp\/v2\/posts\/22219\/revisions"}],"predecessor-version":[{"id":22224,"href":"https:\/\/www.vita-explorers.dk\/blog\/wp-json\/wp\/v2\/posts\/22219\/revisions\/22224"}],"wp:featuredmedia":[{"embeddable":true,"href":"https:\/\/www.vita-explorers.dk\/blog\/wp-json\/wp\/v2\/media\/15442"}],"wp:attachment":[{"href":"https:\/\/www.vita-explorers.dk\/blog\/wp-json\/wp\/v2\/media?parent=22219"}],"wp:term":[{"taxonomy":"category","embeddable":true,"href":"https:\/\/www.vita-explorers.dk\/blog\/wp-json\/wp\/v2\/categories?post=22219"},{"taxonomy":"post_tag","embeddable":true,"href":"https:\/\/www.vita-explorers.dk\/blog\/wp-json\/wp\/v2\/tags?post=22219"}],"curies":[{"name":"wp","href":"https:\/\/api.w.org\/{rel}","templated":true}]}}