{"id":22227,"date":"2025-10-31T11:59:44","date_gmt":"2025-10-31T10:59:44","guid":{"rendered":"https:\/\/www.globalong.com\/blog\/?p=22227"},"modified":"2025-10-31T11:59:59","modified_gmt":"2025-10-31T10:59:59","slug":"halloween-de-dodes-fest-i-verden","status":"publish","type":"post","link":"https:\/\/www.vita-explorers.dk\/blog\/halloween-de-dodes-fest-i-verden\/","title":{"rendered":"Halloween og de d\u00f8des fest verden over: en kulturel rejse ind i traditionerne"},"content":{"rendered":"<h1 style=\"text-align: justify;\">Halloween og de d\u00f8des fest verden over: en kulturel rejse ind i traditionerne<\/h1>\n<p style=\"text-align: justify;\">Hvert \u00e5r sidst i oktober markerer mange kulturer overgangen mellem de levendes verden og forf\u00e6drenes. Traditionerne er ofte farverige og fulde af symbolik \u2013 og de viser, at <strong>Halloween og de d\u00f8des fest verden over<\/strong> er langt mere end en enkel mindedag. De holder forbindelsen mellem generationer levende. P\u00e5 den m\u00e5de bliver d\u00f8den et rum for minde og f\u00e6llesskab \u2013 ikke et emne, man skal frygte.<\/p>\n<p style=\"text-align: justify;\">I Europa, Asien, Afrika og Latinamerika mindes man dem, der er g\u00e5et bort, p\u00e5 vidt forskellige m\u00e5der \u2013 formet af tro, historie og lokale skikke. Nogle l\u00e6gger blomster. Andre t\u00e6nder lys. Andre igen laver mad eller danser for at byde \u00e5nder velkommen. Skikkene minder os om, at mennesker p\u00e5 tv\u00e6rs af afstand deler den samme f\u00f8lelse: respekt for dem, der har sat spor i vores liv. Gennem disse fejringer giver familier v\u00e6rdier, kultur og menneskelighed videre.<\/p>\n<p style=\"text-align: justify;\">I dag oplever <strong>de d\u00f8des fester verden over<\/strong> en tydelig interesse. Halloween, som har r\u00f8dder i keltiske traditioner, er blevet en popul\u00e6r folkefest. Omvendt rummer mexicanske <em>D\u00eda de los Muertos<\/em> og japanske Obon stadig en st\u00e6rk spirituel dimension. Alligevel peger de p\u00e5 den samme pointe: de forskellige <a href=\"https:\/\/www.vita-explorers.dk\/blog\/interkulturelle-forloeb-i-udlandet-frivilligt-arbejde\/\" target=\"_blank\" rel=\"noopener\">kulturelle<\/a> m\u00e5der at forst\u00e5 d\u00f8den p\u00e5 \u2013 og betydningen af at huske. N\u00e5r man l\u00e6rer ritualerne at kende, opdager man ogs\u00e5 rigdommen i <strong>verdens kulturer<\/strong> og styrken i b\u00e5ndet mellem de levende og forf\u00e6drene.<\/p>\n<div style=\"background-color: #fdf3e3; border-left: 6px solid #ff6600; padding: 20px 25px; margin: 35px 0; border-radius: 10px; box-shadow: 0 2px 8px rgba(0,0,0,0.15);\">\n<h2 style=\"color: #ff6600; margin-top: 0;\">????\ufe0f Indhold \u2013 Halloween og de d\u00f8des fest verden over<\/h2>\n<ul style=\"list-style: none; padding-left: 10px; margin: 0;\">\n<li style=\"margin-bottom: 8px;\"><a style=\"color: #333; text-decoration: none;\" href=\"#origines\">Halloween og de d\u00f8des fest verden over: oprindelse og r\u00f8dder<\/a><\/li>\n<li style=\"margin-bottom: 8px;\"><a style=\"color: #333; text-decoration: none;\" href=\"#traditions\">Begravelsestraditioner og de d\u00f8des fester p\u00e5 tv\u00e6rs af verden<\/a><\/li>\n<li style=\"margin-bottom: 8px;\"><a style=\"color: #333; text-decoration: none;\" href=\"#valeurs\">Det, festerne l\u00e6rer os om verdens kulturer<\/a><\/li>\n<li style=\"margin-bottom: 8px;\"><a style=\"color: #333; text-decoration: none;\" href=\"#volontariat\">N\u00e5r internationale forl\u00f8b hj\u00e6lper os med at forst\u00e5 traditionerne<\/a><\/li>\n<li style=\"margin-bottom: 8px;\"><a style=\"color: #333; text-decoration: none;\" href=\"#conclusion\">Konklusion<\/a><\/li>\n<li><a style=\"color: #333; text-decoration: none;\" href=\"#faq\">FAQ<\/a><\/li>\n<\/ul>\n<\/div>\n<p><a href=\"https:\/\/www.vita-explorers.dk\/blog\/wp-content\/uploads\/2025\/10\/celebration-du-jour-des-morts-avec-autel-scaled.jpg\"><img loading=\"lazy\" decoding=\"async\" class=\"size-medium wp-image-22240 aligncenter\" src=\"https:\/\/www.vita-explorers.dk\/blog\/wp-content\/uploads\/2025\/10\/celebration-du-jour-des-morts-avec-autel-200x300.jpg\" alt=\"de d\u00f8des fest\" width=\"200\" height=\"300\" srcset=\"https:\/\/www.vita-explorers.dk\/blog\/wp-content\/uploads\/2025\/10\/celebration-du-jour-des-morts-avec-autel-200x300.jpg 200w, https:\/\/www.vita-explorers.dk\/blog\/wp-content\/uploads\/2025\/10\/celebration-du-jour-des-morts-avec-autel-683x1024.jpg 683w, https:\/\/www.vita-explorers.dk\/blog\/wp-content\/uploads\/2025\/10\/celebration-du-jour-des-morts-avec-autel-768x1152.jpg 768w, https:\/\/www.vita-explorers.dk\/blog\/wp-content\/uploads\/2025\/10\/celebration-du-jour-des-morts-avec-autel-1024x1536.jpg 1024w, https:\/\/www.vita-explorers.dk\/blog\/wp-content\/uploads\/2025\/10\/celebration-du-jour-des-morts-avec-autel-1365x2048.jpg 1365w, https:\/\/www.vita-explorers.dk\/blog\/wp-content\/uploads\/2025\/10\/celebration-du-jour-des-morts-avec-autel-scaled.jpg 1707w\" sizes=\"(max-width: 200px) 100vw, 200px\" \/><\/a><\/p>\n<h2 id=\"origines\" style=\"text-align: justify;\">Halloween og de d\u00f8des fest verden over: oprindelse og r\u00f8dder<\/h2>\n<p style=\"text-align: justify;\">Fejringer knyttet til <strong>Halloween og de d\u00f8des fest verden over<\/strong> har meget gamle r\u00f8dder. I tusinder af \u00e5r har mennesker \u00e6ret deres forf\u00e6dre for at fastholde forbindelsen mellem de levende og de d\u00f8de. Traditionerne h\u00e6nger ofte sammen med \u00e5rstiderne og symboliserer afslutningen p\u00e5 \u00e9n cyklus og begyndelsen p\u00e5 en ny. Derfor forbindes mindet om de d\u00f8de t\u00e6t med fornyelse og h\u00e5b.<\/p>\n<h3 style=\"text-align: justify;\"><strong>Fra keltiske r\u00f8dder til Allehelgensdag<\/strong><\/h3>\n<p style=\"text-align: justify;\">I Europa kan de tidligste former for Halloween spores tilbage til den keltiske fest <em>Samhain<\/em>. Den markerede afslutningen p\u00e5 h\u00f8sten og indgangen til \u00e5rets m\u00f8rke periode. Her t\u00e6ndte kelterne b\u00e5l for at holde onde \u00e5nder p\u00e5 afstand. De bar masker, s\u00e5 de ikke blev genkendt af omvandrende sj\u00e6le. If\u00f8lge troen kunne forf\u00e6drene denne nat vende tilbage og bes\u00f8ge deres n\u00e6rmeste. Skikkene har siden \u00e6ndret sig \u2013 men de er aldrig helt forsvundet.<\/p>\n<p style=\"text-align: justify;\">Med kristningen blev flere keltiske ritualer flettet ind i kirkelig praksis. I 800-tallet indf\u00f8rte kirken <strong>Allehelgensdag<\/strong> for at \u00e6re helgenerne, efterfulgt af 2. november som mindedag for de d\u00f8de. De nye fejringer afl\u00f8ste de f\u00f8rkristne former, men bevarede den samme kerne: at vise respekt og mindes dem, der er g\u00e5et bort. Derfor rummer nutidens traditioner omkring Halloween og de d\u00f8des fester stadig b\u00e5de spiritualitet og \u00e6ldgamle symboler.<\/p>\n<h3 style=\"text-align: justify;\"><strong>Fra Europa til USA: Halloween i moderne form<\/strong><\/h3>\n<p style=\"text-align: justify;\">I 1800-tallet tog irske immigranter deres traditioner med til USA. Her blev de hellige b\u00e5l til udhulede gr\u00e6skar med lys. B\u00f8rn begyndte at kl\u00e6de sig ud og g\u00e5 fra d\u00f8r til d\u00f8r efter slik. Blandingen af <a href=\"https:\/\/www.vita-explorers.dk\/blog\/frivilligt-arbejde-i-asien-traditioner-kulturel-respekt-og-ansvarlig-immersion\/\" target=\"_blank\" rel=\"noopener\">traditioner<\/a> og amerikanske skikke skabte den Halloween, mange kender i dag. Den spirituelle dimension er blevet mindre tydelig, men festen har fortsat en vigtig rolle som <a href=\"https:\/\/www.vita-explorers.dk\/blog\/internationalt-frivilligt-arbejde-socialt-f\u00e6llesskab\/\" target=\"_blank\" rel=\"noopener\">socialt f\u00e6llesskab<\/a> og som noget, der gives videre.<\/p>\n<h3><strong>Universelle skikke omkring d\u00f8d og minde<\/strong><\/h3>\n<p style=\"text-align: justify;\">Andre steder i verden spiller <strong>de d\u00f8des fest<\/strong> ogs\u00e5 en central rolle. I Asien, Afrika og Latinamerika mindes man forf\u00e6dre med sang, mad og dans. De f\u00e6lles stunder understreger, at d\u00f8den ikke n\u00f8dvendigvis ses som en afslutning. Tv\u00e6rtimod forst\u00e5s den ofte som et skridt videre i tilv\u00e6relsen. P\u00e5 den m\u00e5de samler <strong>de d\u00f8des fester verden over<\/strong> kulturer om en f\u00e6lles v\u00e6rdi: respekt for livet \u2013 og for dem, der kom f\u00f8r.<\/p>\n<h3 style=\"text-align: justify;\"><strong>Symboler, der lever videre<\/strong><\/h3>\n<p style=\"text-align: justify;\">Selv om udtrykkene er forskellige, bygger traditionerne ofte p\u00e5 de samme symboler: lys, mad, blomster og farver. Lys guider sj\u00e6le, m\u00e5ltider holder mindet levende, og blomster hylder livets sk\u00f8nhed. Enkle handlinger, givet videre fra generation til generation, minder os om, at k\u00e6rlighed og erindring ikke forsvinder. Derfor forbliver <strong>de d\u00f8des fester verden over<\/strong> levende \u2013 og genkendelige p\u00e5 tv\u00e6rs af tid og steder.<\/p>\n<h2><\/h2>\n<h2 id=\"traditions\" style=\"text-align: justify;\">Begravelsestraditioner og de d\u00f8des fester p\u00e5 tv\u00e6rs af verden<\/h2>\n<h3 id=\"mexique\" style=\"text-align: justify;\"><strong>Mexico \u2013 <em>D\u00eda de los Muertos<\/em>, minde og livsgl\u00e6de<\/strong><\/h3>\n<p style=\"text-align: justify;\">I Mexico hylder <a href=\"https:\/\/www.nationalgeographic.fr\/histoire\/amerique-latine-traditions-dia-de-los-muertos-dix-choses-a-savoir-sur-la-fete-des-morts-au-mexique\" target=\"_blank\" rel=\"noopener\"><em>D\u00eda de los Muertos<\/em><\/a> de d\u00f8de med b\u00e5de varme og fest. Familier laver altre, <em>ofrendas<\/em>, pyntet med stearinlys, fotos og cempas\u00fachil-blomster. P\u00e5 alteret l\u00e6gger de ogs\u00e5 den afd\u00f8des yndlingsretter for at \u201dn\u00e6re\u201d sj\u00e6len. Musik, dans og farver samler generationerne. Under den synlige gl\u00e6de er det spirituelle stadig helt centralt. Hvert symbol \u2013 fra sukkerskaller til udklippet papir \u2013 udtrykker forbindelsen mellem liv og d\u00f8d.<\/p>\n<h3 id=\"japon\" style=\"text-align: justify;\"><strong>Japan \u2013 Obon, forf\u00e6drenes tilbagevenden<\/strong><\/h3>\n<p style=\"text-align: justify;\">I Japan er <a href=\"https:\/\/www.nationalgeographic.fr\/photography\/2018\/07\/a-la-decouverte-de-la-fete-des-morts-japonaise?image=obon-festival-himeshima-japan01.adapt_.1900.1\" target=\"_blank\" rel=\"noopener\">Obon<\/a> en sommerlig h\u00f8jtid, hvor man mindes forf\u00e6dre. F\u00f8r ritualerne begynder, reng\u00f8r familier gravstederne omhyggeligt. Derefter t\u00e6nder de lanterner, der skal vise \u00e5nderne vej hjem til familien. N\u00e5r fejringen slutter, s\u00e6ttes lysene p\u00e5 vandet som et symbol p\u00e5 sj\u00e6lenes rejse tilbage til det hinsides. Samtidig samler <em>Bon Odori<\/em>-dansene b\u00e5de b\u00f8rn og voksne i en rolig stemning. Balancen mellem minde og gl\u00e6de afspejler en japansk forst\u00e5else af en fredfyldt d\u00f8d \u2013 pr\u00e6get af taknemmelighed.<\/p>\n<h3 id=\"madagascar\" style=\"text-align: justify;\"><strong>Madagaskar \u2013 Famadihana, \u201cde d\u00f8des vendning\u201d<\/strong><\/h3>\n<p style=\"text-align: justify;\">P\u00e5 Madagaskar er <a href=\"https:\/\/www.voyagemadagascar.com\/famadihana-retournement-morts\" target=\"_blank\" rel=\"noopener\"><em>Famadihana<\/em><\/a> en markant tradition, som samtidig er dybt respektfuld. Under ceremonien \u00e5bner familier gravene for at skifte forf\u00e6drenes ligkl\u00e6der. Derefter danser og synger man omkring dem i en stemning af f\u00e6lles gl\u00e6de. Det styrker familieb\u00e5ndene og understreger de \u00e6ldres plads i samfundet. Forberedelserne kan tage m\u00e5neder og involverer hele landsbyen. P\u00e5 den m\u00e5de forvandler <em>Famadihana<\/em> sorgen til en st\u00e6rk handling af f\u00e6llesskab og anerkendelse.<\/p>\n<h3 id=\"indonesie\" style=\"text-align: justify;\"><strong>Indonesien \u2013 Toraja, et t\u00e5lmodigt og h\u00f8jtideligt farvel<\/strong><\/h3>\n<p style=\"text-align: justify;\">Hos <a href=\"https:\/\/www.mondeasie.com\/voyages-sur-mesure\/blog-indonesie-toraja.html\" target=\"_blank\" rel=\"noopener\">Toraja<\/a> p\u00e5 den indonesiske \u00f8 Sulawesi er begravelser et langvarigt f\u00e6lles ritual. Den d\u00f8de bliver ofte i flere uger i familiehjemmet, s\u00e5 alle kan tage afsked. Senere f\u00f8lger en stor procession kroppen til bjergene, hvor gravene hugges ud. Tr\u00e6figurerne <em>tau-tau<\/em> bliver derefter st\u00e5ende som vogtere. De minder om betydningen af erindring og om f\u00e6llesskabets ansvar. Hele ceremonien peger p\u00e5 sammenh\u00e6ngen mellem generationer.<\/p>\n<h3 id=\"nepal-inde\"><strong>Nepal og Indien \u2013 b\u00f8nner og ofre for forf\u00e6drene<\/strong><\/h3>\n<p style=\"text-align: justify;\">I Nepal lyser h\u00f8jtiden <a href=\"https:\/\/planete-eed.org\/dashain-tihar-nepal\/\" target=\"_blank\" rel=\"noopener\">Tihar<\/a> hjemmene op med guirlander og olielamper. Man \u00e6rer guder, dyr og afd\u00f8de ved at dekorere med blomster-mandalaer. I samme \u00e5nd er perioden <a href=\"https:\/\/www.radhakrishnatemple.net\/blog\/pitru-paksha-2025-dates-significance-rituals#:~:text=Pitru%20Paksha%20is%20a%20sacred,spiritual%20obligations%20to%20one's%20lineage.\" target=\"_blank\" rel=\"noopener\"><em>Pitru Paksha<\/em><\/a> i Indien dedikeret til mindet om forf\u00e6drene. Familier m\u00f8des ved flodbredder for at udf\u00f8re <em>\u015br\u0101ddha<\/em>-ritualer og dele rituelle m\u00e5ltider. Handlingerne styrker taknemmelighed og sammenhold. De viser, at spirituel tradition ofte udtrykkes gennem respekt og b\u00f8n.<\/p>\n<h3 id=\"autres-pays\"><strong>Andre fejringer rundt om i verden<\/strong><\/h3>\n<p style=\"text-align: justify;\">Mange andre steder afspejler de d\u00f8des fester den store variation i menneskelige skikke. P\u00e5 <a href=\"https:\/\/www.vita-explorers.dk\/frivilligt-arbejde\/stage-frivilligt-arbejde-studerende-filippinerne.html\" target=\"_blank\" rel=\"noopener\">Filippinerne<\/a> tilbringer familier natten p\u00e5 kirkeg\u00e5rdene for at v\u00e5ge over gravene. I Haiti samler dyrkelsen af <em>Baron Samedi<\/em> musik, dans og eftertanke, i \u00d8steuropa t\u00e6nder man lys i vinduerne for at guide omvandrende sj\u00e6le, og i Afrika arrangerer nogle f\u00e6llesskaber maskerede danse til \u00e6re for beskyttende \u00e5nder. P\u00e5 hver sin m\u00e5de holder folk fast i den usynlige forbindelse mellem levende og forf\u00e6dre. Skikkene viser ogs\u00e5, at minde kan blive en fejring af livet.<\/p>\n<p style=\"text-align: justify;\"><strong>Kort fortalt<\/strong>, de mange traditioner viser, hvordan d\u00f8den kan inspirere til sk\u00f8nhed, sammenhold og gl\u00e6de. De deler et f\u00e6lles budskab: at huske, give videre og holde af \u2013 ogs\u00e5 p\u00e5 tv\u00e6rs af tid. Derfor forbliver <strong>de d\u00f8des fester verden over<\/strong> universelle \u00f8jeblikke af n\u00e6rv\u00e6r og menneskelighed.<\/p>\n<h2><\/h2>\n<p><a href=\"https:\/\/www.vita-explorers.dk\/blog\/wp-content\/uploads\/2025\/10\/ChatGPT-Image-31-oct.-2025-a-11_05_55.png\"><img loading=\"lazy\" decoding=\"async\" class=\"size-medium wp-image-22238 aligncenter\" src=\"https:\/\/www.vita-explorers.dk\/blog\/wp-content\/uploads\/2025\/10\/ChatGPT-Image-31-oct.-2025-a-11_05_55-300x200.png\" alt=\"de d\u00f8des fest\" width=\"300\" height=\"200\" srcset=\"https:\/\/www.vita-explorers.dk\/blog\/wp-content\/uploads\/2025\/10\/ChatGPT-Image-31-oct.-2025-a-11_05_55-300x200.png 300w, https:\/\/www.vita-explorers.dk\/blog\/wp-content\/uploads\/2025\/10\/ChatGPT-Image-31-oct.-2025-a-11_05_55-1024x683.png 1024w, https:\/\/www.vita-explorers.dk\/blog\/wp-content\/uploads\/2025\/10\/ChatGPT-Image-31-oct.-2025-a-11_05_55-768x512.png 768w, https:\/\/www.vita-explorers.dk\/blog\/wp-content\/uploads\/2025\/10\/ChatGPT-Image-31-oct.-2025-a-11_05_55.png 1536w\" sizes=\"(max-width: 300px) 100vw, 300px\" \/><\/a><\/p>\n<h2 id=\"valeurs\" style=\"text-align: justify;\">Det, festerne l\u00e6rer os om verdens kulturer<\/h2>\n<h3 style=\"text-align: justify;\"><strong>Et universelt syn p\u00e5 liv og d\u00f8d<\/strong><\/h3>\n<p style=\"text-align: justify;\">N\u00e5r man ser p\u00e5 <strong>de d\u00f8des fester verden over<\/strong>, bliver det tydeligt, hvordan forskellige samfund forst\u00e5r liv og d\u00f8d. Hver fejring udtrykker en s\u00e6rlig livsfilosofi, men budskabet er genkendeligt: at \u00e6re forf\u00e6drene og markere kontinuiteten. Gennem lys, blomster og ofre mindes man, at frav\u00e6r ikke oph\u00e6ver relationen. D\u00f8den bliver en overgang \u2013 ikke et brud. Ritualerne styrker ogs\u00e5 b\u00e5ndet mellem generationer og holder den f\u00e6lles hukommelse levende.<\/p>\n<h3 style=\"text-align: justify;\"><strong>At give v\u00e6rdier og minder videre<\/strong><\/h3>\n<p style=\"text-align: justify;\">I mange samfund fylder mindet om de d\u00f8de meget. Forf\u00e6drene ses som velvillige vejvisere. Deres liv og valg kan give de levende retning og ro. Ceremonierne peger samtidig p\u00e5 v\u00e6rdier, der g\u00e5r igen: respekt, taknemmelighed og solidaritet. S\u00e5dan g\u00e5r dyder i arv. Ved at mindes de d\u00f8de bekr\u00e6fter man identitet og f\u00e6llesskab. Mindet bliver et socialt og spirituelt b\u00e5nd \u2013 lige s\u00e5 st\u00e6rkt som ord og tro.<\/p>\n<h3 style=\"text-align: justify;\"><strong>Et f\u00e6lles sprog af symboler<\/strong><\/h3>\n<p style=\"text-align: justify;\">P\u00e5 tv\u00e6rs af verden har kulturer udviklet et symbolsk sprog for liv og d\u00f8d. Farver, blomster og lys har konkrete betydninger. For eksempel forbindes hvid ofte med renhed i Asien, mens gul i Mexico kan st\u00e5 for lys og h\u00e5b. P\u00e5 trods af nuancer er budskabet det samme: at fejre livet og udtrykke tak. Symbolerne minder os ogs\u00e5 om, hvor skr\u00f8beligt livet er, og hvor vigtigt n\u00e6rv\u00e6ret er. Hver gestus bliver en lille lektion i livsvisdom.<\/p>\n<h3><strong>F\u00e6llesskabets styrke<\/strong><\/h3>\n<p style=\"text-align: justify;\">Festerne viser ogs\u00e5, hvor meget f\u00e6llesskab betyder. F\u00e6lles m\u00e5ltider, dans og sang skaber et s\u00e6rligt n\u00e6rv\u00e6r. N\u00e5r man samles, styrker familier relationer og dyrker solidaritet. P\u00e5 tv\u00e6rs af forskelle kan mindet om de d\u00f8de samle mennesker. At \u00e6re bliver dermed en universel, menneskelig handling. Samtidig kan de festlige rammer \u00e5bne for nysgerrighed og udveksling mellem kulturer. P\u00e5 den m\u00e5de kan sorg forvandles til h\u00e5b.<\/p>\n<h3><strong>Traditioner, der styrker respekt og \u00e5benhed<\/strong><\/h3>\n<p style=\"text-align: justify;\">Til sidst minder ritualerne os om betydningen af gensidig respekt. I en verden i forandring giver de et f\u00e6lles holdepunkt. Ved at v\u00e6rne om minderne bevarer man r\u00f8dder og identitet. Derfor er det ogs\u00e5 at l\u00e6re fejringerne at kende en m\u00e5de at forst\u00e5 menneskelig mangfoldighed p\u00e5. Dialogen mellem kulturer kan styrke tolerance og fred. Gennem <strong>de d\u00f8des fest verden over<\/strong> l\u00e6rer man at v\u00e6rds\u00e6tte forskelle \u2013 og samtidig se det, vi har til f\u00e6lles.<\/p>\n<h2><\/h2>\n<h2 id=\"volontariat\" style=\"text-align: justify;\">N\u00e5r internationale forl\u00f8b hj\u00e6lper os med at forst\u00e5 traditionerne<\/h2>\n<h3 style=\"text-align: justify;\"><strong>En \u00e6gte kulturel fordybelse<\/strong><\/h3>\n<p style=\"text-align: justify;\">At deltage i et <strong>internationalt forl\u00f8b<\/strong> handler ikke kun om at bidrage praktisk. Det kan ogs\u00e5 v\u00e6re en l\u00e6rerig kulturel erfaring. N\u00e5r man lever t\u00e6t p\u00e5 hverdagen, m\u00f8der man nye skikke og deler dagligliv med mennesker lokalt. Denne <a href=\"https:\/\/www.vita-explorers.dk\/blog\/internationalt-immersionsforloeb-og-frivilligt-arbejde\/\" target=\"_blank\" rel=\"noopener\">fordybelse<\/a> g\u00f8r det lettere at forst\u00e5 v\u00e6rdierne bag <strong>de d\u00f8des fester verden over<\/strong>. Samtidig tr\u00e6ner den evnen til at lytte, vise respekt og v\u00e6re nysgerrig. Opholdet bliver et reelt m\u00f8de \u2013 bygget p\u00e5 \u00e5benhed og ordentlighed.<\/p>\n<h3 style=\"text-align: justify;\"><strong>Menneskelige oplevelser, der s\u00e6tter sig<\/strong><\/h3>\n<p style=\"text-align: justify;\">Undervejs kan deltagere opleve ceremonier, v\u00e6re med til h\u00e5ndv\u00e6rksaktiviteter eller st\u00f8tte kulturelle arrangementer. De m\u00f8der mange m\u00e5der at tro og mindes p\u00e5. Det kan udvide perspektivet p\u00e5 verden. For mange v\u00e6kker m\u00f8det med ritualer omkring d\u00f8den ogs\u00e5 en s\u00e6rlig ydmyghed. P\u00e5 den m\u00e5de bliver et internationalt ophold en slags livsl\u00e6ring \u2013 hvor man \u00f8ver sig i at m\u00f8de forskellighed med respekt.<\/p>\n<h3><strong>Deltagernes rolle i kulturel videref\u00f8relse<\/strong><\/h3>\n<p style=\"text-align: justify;\">Ud over at opleve kan forl\u00f8b ogs\u00e5 v\u00e6re med til at st\u00f8tte <a href=\"https:\/\/www.vita-explorers.dk\/blog\/bevar-kulturarv-engager-dig-med-frivilligt-arbejde-i-udlandet\/\" target=\"_blank\" rel=\"noopener\">kulturarv<\/a> i praksis. I dialog med lokale f\u00e6llesskaber kan deltagere bakke op om at bevare traditioner. De kan dele kompetencer, dokumentere skikke eller st\u00f8tte aktiviteter for b\u00f8rn og unge. Det kan styrke kulturens synlighed og f\u00e6lles stolthed. Samtidig bygger det bro mellem generationer og p\u00e5 tv\u00e6rs af lande. S\u00e5dan kan traditioner forts\u00e6tte med at leve og udvikle sig.<\/p>\n<h3><strong>At se verden med nye \u00f8jne<\/strong><\/h3>\n<p style=\"text-align: justify;\">At m\u00f8de en anden m\u00e5de at forholde sig til d\u00f8den p\u00e5 kan \u00e6ndre ens egen forst\u00e5else. Nogle steder fylder musik og gl\u00e6de mere end tristhed. Andre steder st\u00e5r stilhed og b\u00f8n i centrum. N\u00e5r man ser forskellene t\u00e6t p\u00e5, bliver det tydeligt, at hvert samfund rummer sin egen form for visdom. Det kan styrke empati og \u00e5benhed. Humanit\u00e6re eller kulturelle forl\u00f8b bliver dermed en invitation til at gent\u00e6nke relationen til b\u00e5de liv og d\u00f8d.<\/p>\n<h3><strong>Et engagement med mening<\/strong><\/h3>\n<p style=\"text-align: justify;\">Hvert ophold i udlandet kan skabe <a href=\"https:\/\/www.vita-explorers.dk\/blog\/internationalt-frivilligt-arbejde-socialt-f\u00e6llesskab\/\" target=\"_blank\" rel=\"noopener\">forbindelser<\/a> p\u00e5 tv\u00e6rs af mennesker. Deltagere m\u00f8der mangfoldigheden i praksis og bidrager til et mere ansvarligt f\u00e6llesskab. N\u00e5r man deler hverdagen med familier, skoler eller organisationer, f\u00e5r man indblik i traditioner, der er unikke. Derfor kan <strong>internationalt frivilligt arbejde<\/strong> ogs\u00e5 styrke forst\u00e5elsen for, hvorfor minde og respekt er universelle v\u00e6rdier. Det minder os om, at kulturelle forskelle ikke beh\u00f8ver at adskille \u2013 de kan berige og samle.<\/p>\n<h2><\/h2>\n<p><a href=\"https:\/\/www.vita-explorers.dk\/blog\/wp-content\/uploads\/2025\/10\/amis-s-amusant-au-bord-de-la-mer.jpg\"><img loading=\"lazy\" decoding=\"async\" class=\"size-medium wp-image-22239 aligncenter\" src=\"https:\/\/www.vita-explorers.dk\/blog\/wp-content\/uploads\/2025\/10\/amis-s-amusant-au-bord-de-la-mer-300x200.jpg\" alt=\"de d\u00f8des fest\" width=\"300\" height=\"200\" srcset=\"https:\/\/www.vita-explorers.dk\/blog\/wp-content\/uploads\/2025\/10\/amis-s-amusant-au-bord-de-la-mer-300x200.jpg 300w, https:\/\/www.vita-explorers.dk\/blog\/wp-content\/uploads\/2025\/10\/amis-s-amusant-au-bord-de-la-mer-1024x683.jpg 1024w, https:\/\/www.vita-explorers.dk\/blog\/wp-content\/uploads\/2025\/10\/amis-s-amusant-au-bord-de-la-mer-768x512.jpg 768w, https:\/\/www.vita-explorers.dk\/blog\/wp-content\/uploads\/2025\/10\/amis-s-amusant-au-bord-de-la-mer-1536x1024.jpg 1536w\" sizes=\"(max-width: 300px) 100vw, 300px\" \/><\/a><\/p>\n<h2 id=\"conclusion\" style=\"text-align: justify;\">Konklusion \u2013 Det, Halloween og de d\u00f8des fester verden over kan l\u00e6re os<\/h2>\n<h3 style=\"text-align: justify;\"><strong>Traditioner, der forbinder verdens kulturer<\/strong><\/h3>\n<p style=\"text-align: justify;\">Gennem historien har <strong>Halloween og de d\u00f8des fester verden over<\/strong> fastholdt deres grundid\u00e9: at bringe de levende t\u00e6ttere p\u00e5 forf\u00e6drene. Hver kultur udtrykker det p\u00e5 sin egen m\u00e5de, men budskabet er universelt. Traditionerne \u2013 hvad enten de er h\u00f8jtidelige eller festlige \u2013 s\u00e6tter minde og respekt i centrum. N\u00e5r man ser n\u00e6rmere p\u00e5 dem, finder man ligheder p\u00e5 tv\u00e6rs af store afstande. Samtidig viser de, at d\u00f8den, n\u00e5r den markeres, ogs\u00e5 kan blive en kilde til f\u00e6llesskab og ro.<\/p>\n<h3 style=\"text-align: justify;\"><strong>Fester, der hylder mindet og livet<\/strong><\/h3>\n<p style=\"text-align: justify;\">Overalt i verden inviterer <strong>de d\u00f8des fester<\/strong> til eftertanke. Blomster, lys og b\u00f8nner symboliserer k\u00e6rlighed, der gives videre mellem generationer. N\u00e5r familier deler ritualerne, holder de fast i r\u00f8dder og historie. Fejringerne l\u00e6rer ogs\u00e5 taknemmelighed og omtanke. De minder os om, at livet fortjener at blive levet med n\u00e6rv\u00e6r. Og de viser, hvor st\u00e6rkt et familieb\u00e5nd kan v\u00e6re \u2013 ogs\u00e5 n\u00e5r nogen ikke l\u00e6ngere er her.<\/p>\n<h3><strong>Internationalt frivilligt arbejde som en naturlig forl\u00e6ngelse af v\u00e6rdierne<\/strong><\/h3>\n<p style=\"text-align: justify;\"><strong>Internationalt frivilligt arbejde<\/strong> kan give mulighed for at opleve traditionerne indefra. N\u00e5r man deler hverdagen med mennesker lokalt, m\u00f8der man nye m\u00e5der at forst\u00e5 b\u00e5de d\u00f8den og livet p\u00e5. Fordybelsen kan skabe en dybere forst\u00e5else af lokale skikke. Samtidig kan <a href=\"https:\/\/www.vita-explorers.dk\/blog\/interkulturelle-forloeb-i-udlandet-frivilligt-arbejde\/\" target=\"_blank\" rel=\"noopener\">kulturudveksling<\/a> styrke tolerance og \u00e5benhed. Hvert m\u00f8de kan blive en p\u00e5mindelse om, at kulturel mangfoldighed er en ressource, vi l\u00e6rer af.<\/p>\n<h3><strong>Et f\u00e6lles budskab om h\u00e5b og respekt<\/strong><\/h3>\n<p style=\"text-align: justify;\">I en verden, hvor frygt og splittelse nogle gange fylder, kan <strong>de d\u00f8des fester verden over<\/strong> bringe et h\u00e5befuldt perspektiv. De viser, at mindet ofte samler mere, end det adskiller. N\u00e5r traditioner gives videre, bevarer man forf\u00e6drenes historie og bygger samtidig fremtid. M\u00f8det med skikkene kan ogs\u00e5 styrke respekt mellem kulturer. Gennem <strong>de d\u00f8des fester verden over<\/strong> l\u00e6rer man at fejre livet i al dets mangfoldighed.<\/p>\n<p style=\"text-align: justify;\"><strong>Alt i alt<\/strong> er traditionerne ikke kun stunder med stilhed og eftertanke. De inviterer til gensidig forst\u00e5else og til at st\u00e5 sammen. N\u00e5r vi \u00e6rer dem, der er g\u00e5et bort, hylder vi ogs\u00e5 noget grundl\u00e6ggende menneskeligt: minderne, det vi giver videre, og omsorg p\u00e5 tv\u00e6rs af tid.<\/p>\n<h2 id=\"faq\" style=\"text-align: justify;\">FAQ \u2013 Halloween og de d\u00f8des fester verden over<\/h2>\n<h3 style=\"text-align: justify;\"><strong>Hvad er forskellen p\u00e5 Halloween og de d\u00f8des fest verden over?<\/strong><\/h3>\n<p style=\"text-align: justify;\">Halloween er blevet en popul\u00e6r og legende fejring. De d\u00f8des fester er ofte mere rituelle og familiebaserede, med fokus p\u00e5 minde og respekt for forf\u00e6dre.<\/p>\n<h3 style=\"text-align: justify;\"><strong>Hvor stammer Halloween oprindeligt fra?<\/strong><\/h3>\n<p style=\"text-align: justify;\">Halloween har r\u00f8dder i den keltiske fest <a href=\"https:\/\/www.lenlumineur.com\/scriptorium-fete-samhain.html\" target=\"_blank\" rel=\"noopener\"><em>Samhain<\/em><\/a>. Den markerede overgangen til den m\u00f8rke \u00e5rstid og en symbolsk kontakt med \u00e5ndeverdenen.<\/p>\n<h3 style=\"text-align: justify;\"><strong>Hvorfor virker <em>D\u00eda de los Muertos<\/em> i Mexico s\u00e5 glad?<\/strong><\/h3>\n<p style=\"text-align: justify;\">Fordi den fejrer de d\u00f8des liv. Altre, blomster og musik udtrykker k\u00e6rlighed, taknemmelighed og det, man giver videre i familien.<\/p>\n<h3 style=\"text-align: justify;\"><strong>Hvad symboliserer Obon-lanternerne i Japan?<\/strong><\/h3>\n<p style=\"text-align: justify;\">De viser forf\u00e6drene vej hjem \u2013 og siden tilbage til det hinsides. Lyset st\u00e5r for respekt, fred og et b\u00e5nd, der forts\u00e6tter.<\/p>\n<h3 style=\"text-align: justify;\"><strong>Chokerer <em>Famadihana<\/em> p\u00e5 Madagaskar familierne?<\/strong><\/h3>\n<p style=\"text-align: justify;\">Nej. Ritualet er b\u00e5de gl\u00e6desfyldt og respektfuldt. Det styrker sl\u00e6gtens sammenhold og \u00e6rer forf\u00e6dre som beskyttere.<\/p>\n<h3 style=\"text-align: justify;\"><strong>Kan man deltage i traditionerne som frivillig deltager?<\/strong><\/h3>\n<p style=\"text-align: justify;\">Ja, med omtanke og i t\u00e6t dialog med v\u00e6rterne. Kulturel fordybelse og frivilligt arbejde kan styrke lytning, l\u00e6ring og respekt for lokale skikke.<\/p>\n<h3 style=\"text-align: justify;\"><strong>Hvilke symboler g\u00e5r ofte igen i de d\u00f8des fester?<\/strong><\/h3>\n<p style=\"text-align: justify;\">Lys, blomster, ofre og farver. De udtrykker minde, taknemmelighed og en hyldest til livet.<\/p>\n<h3 style=\"text-align: justify;\"><strong>Hvordan viser man respekt under fejringerne?<\/strong><\/h3>\n<p style=\"text-align: justify;\">Sp\u00f8rg om lov, f\u00f8r du tager billeder. F\u00f8lg lokale retningslinjer. Kl\u00e6d dig enkelt. Observer, f\u00f8r du deltager, og tak dem, der inviterer dig med.<\/p>\n<p style=\"text-align: justify;\"><!-- JSON-LD FAQPage --><br \/>\n<script type=\"application\/ld+json\">\n{\n  \"@context\": \"https:\/\/schema.org\",\n  \"@type\": \"FAQPage\",\n  \"mainEntity\": [\n    {\n      \"@type\": \"Question\",\n      \"name\": \"Quelle est la diff\u00e9rence entre Halloween et la f\u00eate des morts dans le monde ?\",\n      \"acceptedAnswer\": {\n        \"@type\": \"Answer\",\n        \"text\": \"Halloween er blevet en popul\u00e6r og legende fejring, mens de d\u00f8des fester ofte er mere rituelle og familiebaserede. De l\u00e6gger v\u00e6gt p\u00e5 minde og respekt for forf\u00e6dre.\"\n      }\n    },\n    {\n      \"@type\": \"Question\",\n      \"name\": \"D\u2019o\u00f9 vient Halloween \u00e0 l\u2019origine ?\",\n      \"acceptedAnswer\": {\n        \"@type\": \"Answer\",\n        \"text\": \"Halloween har r\u00f8dder i den keltiske fest Samhain, som markerede indgangen til den m\u00f8rke \u00e5rstid og et symbolsk tidspunkt, hvor \u00e5nder kunne komme t\u00e6ttere p\u00e5.\"\n      }\n    },\n    {\n      \"@type\": \"Question\",\n      \"name\": \"Pourquoi le D\u00eda de los Muertos au Mexique para\u00eet-il joyeux ?\",\n      \"acceptedAnswer\": {\n        \"@type\": \"Answer\",\n        \"text\": \"Fordi den hylder de d\u00f8des liv: altre, blomster, musik og m\u00e5ltider udtrykker k\u00e6rlighed, taknemmelighed og familiehistorie.\"\n      }\n    },\n    {\n      \"@type\": \"Question\",\n      \"name\": \"Que symbolisent les lanternes d\u2019Obon au Japon ?\",\n      \"acceptedAnswer\": {\n        \"@type\": \"Answer\",\n        \"text\": \"Lanternerne guider forf\u00e6drene hjem og siden tilbage til det hinsides. Lyset symboliserer respekt, fred og et b\u00e5nd, der forts\u00e6tter.\"\n      }\n    },\n    {\n      \"@type\": \"Question\",\n      \"name\": \"Le Famadihana \u00e0 Madagascar choque-t-il les familles ?\",\n      \"acceptedAnswer\": {\n        \"@type\": \"Answer\",\n        \"text\": \"Nej. Ritualet er gl\u00e6desfyldt, men samtidig meget respektfuldt. Det styrker sl\u00e6gtens sammenhold og \u00e6rer forf\u00e6dre som beskyttere.\"\n      }\n    },\n    {\n      \"@type\": \"Question\",\n      \"name\": \"Peut-on participer \u00e0 ces traditions en tant que volontaire ?\",\n      \"acceptedAnswer\": {\n        \"@type\": \"Answer\",\n        \"text\": \"Ja, med v\u00e6rternes accept og rammer. Kulturelt frivilligt arbejde styrker lytning, l\u00e6ring og respekt for lokale skikke.\"\n      }\n    },\n    {\n      \"@type\": \"Question\",\n      \"name\": \"Quels symboles reviennent souvent dans les f\u00eates des morts ?\",\n      \"acceptedAnswer\": {\n        \"@type\": \"Answer\",\n        \"text\": \"Lys, blomster, ofre og st\u00e6rke farver. De udtrykker minde, taknemmelighed og en hyldest til livet.\"\n      }\n    },\n    {\n      \"@type\": \"Question\",\n      \"name\": \"Comment rester respectueux pendant ces c\u00e9l\u00e9brations ?\",\n      \"acceptedAnswer\": {\n        \"@type\": \"Answer\",\n        \"text\": \"Sp\u00f8rg om lov f\u00f8r fotos, f\u00f8lg lokale retningslinjer, kl\u00e6d dig enkelt, observer f\u00f8r du deltager, og tak dem, der inviterer dig med.\"\n      }\n    }\n  ]\n}\n<\/script><\/p>\n<p style=\"text-align: center;\"><strong>Klar til at tage n\u00e6ste skridt?<\/strong><\/p>\n<p style=\"text-align: center;\"><a href=\"https:\/\/www.vita-explorers.dk\/#tel-contact-form-glob\" target=\"_blank\" rel=\"noopener\">Jeg vil gerne i kontakt<\/a><\/p>\n<p class=\"muted\" style=\"text-align: center;\">\u00a9 VITA Institute \u2014 Ressourcer til ansvarligt internationalt frivilligt arbejde.<\/p>\n<p class=\"p4\" style=\"text-align: center;\"><b>Har du sp\u00f8rgsm\u00e5l, er du altid velkommen til at skrive til os p\u00e5 <\/b><a href=\"mailto:info@globalong.com\"><span class=\"s2\"><b>info@globalong.com<\/b><\/span><\/a><\/p>\n<p class=\"p4\" style=\"text-align: center;\"><b>Vil du h\u00f8re mere om VITA Institute og vores community, kan du f\u00f8lge med p\u00e5 <\/b><a href=\"https:\/\/www.instagram.com\/globalongofficiel\/\" target=\"_blank\" rel=\"noopener\"><span class=\"s2\"><b>Instagram<\/b><\/span><\/a><b>, <\/b><a href=\"https:\/\/www.facebook.com\/globalong\" target=\"_blank\" rel=\"noopener\"><span class=\"s2\"><b>Facebook<\/b><\/span><\/a><b>, <\/b><a href=\"https:\/\/www.linkedin.com\/company\/5113177\/admin\/feed\/posts\/\" target=\"_blank\" rel=\"noopener\"><span class=\"s2\"><b>LinkedIn<\/b><\/span><\/a><b> og <\/b><a href=\"https:\/\/www.youtube.com\/c\/globalong\/videos\" target=\"_blank\" rel=\"noopener\"><span class=\"s2\"><b>Youtube<\/b><\/span><\/a><b>! <\/b><\/p>\n","protected":false},"excerpt":{"rendered":"<p>Halloween og de d\u00f8des fest verden over: en kulturel rejse ind i traditionerne Hvert \u00e5r sidst i oktober markerer mange kulturer overgangen mellem de\u2026<\/p>\n","protected":false},"author":7,"featured_media":22237,"comment_status":"open","ping_status":"open","sticky":false,"template":"","format":"standard","meta":{"footnotes":""},"categories":[6],"tags":[],"yoast_head":"<!-- This site is optimized with the Yoast SEO Premium plugin v23.4 (Yoast SEO v23.4) - https:\/\/yoast.com\/wordpress\/plugins\/seo\/ -->\n<title>Halloween og d\u00f8dedag rundt om i verden | Traditioner og kulturer<\/title>\n<meta name=\"description\" content=\"D\u00e9couvrez comment le monde c\u00e9l\u00e8bre la mort et la vie \u00e0 travers Halloween, le D\u00eda de los Muertos, Obon et d\u2019autres f\u00eates ancestrales.\" \/>\n<meta name=\"robots\" content=\"index, follow, max-snippet:-1, max-image-preview:large, max-video-preview:-1\" \/>\n<link rel=\"canonical\" href=\"https:\/\/www.vita-explorers.dk\/blog\/halloween-de-dodes-fest-i-verden\/\" \/>\n<meta property=\"og:locale\" content=\"da_DK\" \/>\n<meta property=\"og:type\" content=\"article\" \/>\n<meta property=\"og:title\" content=\"Halloween og de d\u00f8des fest verden over: en kulturel rejse ind i traditionerne\" \/>\n<meta property=\"og:description\" content=\"D\u00e9couvrez comment le monde c\u00e9l\u00e8bre la mort et la vie \u00e0 travers Halloween, le D\u00eda de los Muertos, Obon et d\u2019autres f\u00eates ancestrales.\" \/>\n<meta property=\"og:url\" content=\"https:\/\/www.vita-explorers.dk\/blog\/halloween-de-dodes-fest-i-verden\/\" \/>\n<meta property=\"og:site_name\" content=\"VITA Explorers Blog\" \/>\n<meta property=\"article:publisher\" content=\"https:\/\/www.facebook.com\/globalong\" \/>\n<meta property=\"article:published_time\" content=\"2025-10-31T10:59:44+00:00\" \/>\n<meta property=\"article:modified_time\" content=\"2025-10-31T10:59:59+00:00\" \/>\n<meta property=\"og:image\" content=\"https:\/\/www.vita-explorers.dk\/blog\/wp-content\/uploads\/2025\/10\/ChatGPT-Image-31-oct.-2025-a-11_08_01-1024x683.png\" \/>\n\t<meta property=\"og:image:width\" content=\"1024\" \/>\n\t<meta property=\"og:image:height\" content=\"683\" \/>\n\t<meta property=\"og:image:type\" content=\"image\/png\" \/>\n<meta name=\"author\" content=\"VITA Tribe\" \/>\n<meta name=\"twitter:card\" content=\"summary_large_image\" \/>\n<meta name=\"twitter:label1\" content=\"Skrevet af\" \/>\n\t<meta name=\"twitter:data1\" content=\"VITA Tribe\" \/>\n\t<meta name=\"twitter:label2\" content=\"Estimeret l\u00e6setid\" \/>\n\t<meta name=\"twitter:data2\" content=\"17 minutter\" \/>\n<script type=\"application\/ld+json\" class=\"yoast-schema-graph\">{\"@context\":\"https:\/\/schema.org\",\"@graph\":[{\"@type\":\"Article\",\"@id\":\"https:\/\/www.vita-explorers.dk\/blog\/halloween-de-dodes-fest-i-verden\/#article\",\"isPartOf\":{\"@id\":\"https:\/\/www.vita-explorers.dk\/blog\/halloween-de-dodes-fest-i-verden\/\"},\"author\":{\"name\":\"VITA Tribe\",\"@id\":\"https:\/\/www.vita-explorers.dk\/blog\/#\/schema\/person\/fc0343a2f2db2ebb2793c1f62dbe73f0\"},\"headline\":\"Halloween og de d\u00f8des fest verden over: en kulturel rejse ind i traditionerne\",\"datePublished\":\"2025-10-31T10:59:44+00:00\",\"dateModified\":\"2025-10-31T10:59:59+00:00\",\"mainEntityOfPage\":{\"@id\":\"https:\/\/www.vita-explorers.dk\/blog\/halloween-de-dodes-fest-i-verden\/\"},\"wordCount\":2999,\"commentCount\":0,\"publisher\":{\"@id\":\"https:\/\/www.vita-explorers.dk\/blog\/#organization\"},\"image\":{\"@id\":\"https:\/\/www.vita-explorers.dk\/blog\/halloween-de-dodes-fest-i-verden\/#primaryimage\"},\"thumbnailUrl\":\"https:\/\/www.vita-explorers.dk\/blog\/wp-content\/uploads\/2025\/10\/ChatGPT-Image-31-oct.-2025-a-11_08_01.png\",\"articleSection\":[\"Nyheder\"],\"inLanguage\":\"da-DK\",\"potentialAction\":[{\"@type\":\"CommentAction\",\"name\":\"Comment\",\"target\":[\"https:\/\/www.vita-explorers.dk\/blog\/halloween-de-dodes-fest-i-verden\/#respond\"]}]},{\"@type\":\"WebPage\",\"@id\":\"https:\/\/www.vita-explorers.dk\/blog\/halloween-de-dodes-fest-i-verden\/\",\"url\":\"https:\/\/www.vita-explorers.dk\/blog\/halloween-de-dodes-fest-i-verden\/\",\"name\":\"Halloween og d\u00f8dedag rundt om i verden | Traditioner og kulturer\",\"isPartOf\":{\"@id\":\"https:\/\/www.vita-explorers.dk\/blog\/#website\"},\"primaryImageOfPage\":{\"@id\":\"https:\/\/www.vita-explorers.dk\/blog\/halloween-de-dodes-fest-i-verden\/#primaryimage\"},\"image\":{\"@id\":\"https:\/\/www.vita-explorers.dk\/blog\/halloween-de-dodes-fest-i-verden\/#primaryimage\"},\"thumbnailUrl\":\"https:\/\/www.vita-explorers.dk\/blog\/wp-content\/uploads\/2025\/10\/ChatGPT-Image-31-oct.-2025-a-11_08_01.png\",\"datePublished\":\"2025-10-31T10:59:44+00:00\",\"dateModified\":\"2025-10-31T10:59:59+00:00\",\"description\":\"D\u00e9couvrez comment le monde c\u00e9l\u00e8bre la mort et la vie \u00e0 travers Halloween, le D\u00eda de los Muertos, Obon et d\u2019autres f\u00eates ancestrales.\",\"breadcrumb\":{\"@id\":\"https:\/\/www.vita-explorers.dk\/blog\/halloween-de-dodes-fest-i-verden\/#breadcrumb\"},\"inLanguage\":\"da-DK\",\"potentialAction\":[{\"@type\":\"ReadAction\",\"target\":[\"https:\/\/www.vita-explorers.dk\/blog\/halloween-de-dodes-fest-i-verden\/\"]}]},{\"@type\":\"ImageObject\",\"inLanguage\":\"da-DK\",\"@id\":\"https:\/\/www.vita-explorers.dk\/blog\/halloween-de-dodes-fest-i-verden\/#primaryimage\",\"url\":\"https:\/\/www.vita-explorers.dk\/blog\/wp-content\/uploads\/2025\/10\/ChatGPT-Image-31-oct.-2025-a-11_08_01.png\",\"contentUrl\":\"https:\/\/www.vita-explorers.dk\/blog\/wp-content\/uploads\/2025\/10\/ChatGPT-Image-31-oct.-2025-a-11_08_01.png\",\"width\":1536,\"height\":1024,\"caption\":\"Halloween et f\u00eate des morts\"},{\"@type\":\"BreadcrumbList\",\"@id\":\"https:\/\/www.vita-explorers.dk\/blog\/halloween-de-dodes-fest-i-verden\/#breadcrumb\",\"itemListElement\":[{\"@type\":\"ListItem\",\"position\":1,\"name\":\"Accueil\",\"item\":\"https:\/\/www.vita-explorers.dk\/blog\/\"},{\"@type\":\"ListItem\",\"position\":2,\"name\":\"Halloween og de d\u00f8des fest verden over: en kulturel rejse ind i traditionerne\"}]},{\"@type\":\"WebSite\",\"@id\":\"https:\/\/www.vita-explorers.dk\/blog\/#website\",\"url\":\"https:\/\/www.vita-explorers.dk\/blog\/\",\"name\":\"Association Globalong\",\"description\":\"Frivilligt arbejde, sprogophold, praktik i udlandet og internationale oplevelser\",\"publisher\":{\"@id\":\"https:\/\/www.vita-explorers.dk\/blog\/#organization\"},\"potentialAction\":[{\"@type\":\"SearchAction\",\"target\":{\"@type\":\"EntryPoint\",\"urlTemplate\":\"https:\/\/www.vita-explorers.dk\/blog\/?s={search_term_string}\"},\"query-input\":{\"@type\":\"PropertyValueSpecification\",\"valueRequired\":true,\"valueName\":\"search_term_string\"}}],\"inLanguage\":\"da-DK\"},{\"@type\":\"Organization\",\"@id\":\"https:\/\/www.vita-explorers.dk\/blog\/#organization\",\"name\":\"Association Globalong\",\"url\":\"https:\/\/www.vita-explorers.dk\/blog\/\",\"logo\":{\"@type\":\"ImageObject\",\"inLanguage\":\"da-DK\",\"@id\":\"https:\/\/www.vita-explorers.dk\/blog\/#\/schema\/logo\/image\/\",\"url\":\"https:\/\/www.globalong.com\/blog\/wp-content\/uploads\/2014\/11\/cropped-cropped-Logo-et-Afrique-Globalong-petite-taille-2.jpg\",\"contentUrl\":\"https:\/\/www.globalong.com\/blog\/wp-content\/uploads\/2014\/11\/cropped-cropped-Logo-et-Afrique-Globalong-petite-taille-2.jpg\",\"width\":512,\"height\":512,\"caption\":\"Association Globalong\"},\"image\":{\"@id\":\"https:\/\/www.vita-explorers.dk\/blog\/#\/schema\/logo\/image\/\"},\"sameAs\":[\"https:\/\/www.facebook.com\/globalong\"]},{\"@type\":\"Person\",\"@id\":\"https:\/\/www.vita-explorers.dk\/blog\/#\/schema\/person\/fc0343a2f2db2ebb2793c1f62dbe73f0\",\"name\":\"VITA Tribe\",\"image\":{\"@type\":\"ImageObject\",\"inLanguage\":\"da-DK\",\"@id\":\"https:\/\/www.vita-explorers.dk\/blog\/#\/schema\/person\/image\/\",\"url\":\"https:\/\/secure.gravatar.com\/avatar\/f7f05026bb439d0c96b30e135e5f852c?s=96&d=mm&r=g\",\"contentUrl\":\"https:\/\/secure.gravatar.com\/avatar\/f7f05026bb439d0c96b30e135e5f852c?s=96&d=mm&r=g\",\"caption\":\"VITA Tribe\"},\"sameAs\":[\"http:\/\/www.globalong.com\"],\"url\":\"https:\/\/www.vita-explorers.dk\/blog\/author\/teamglobalong\/\"}]}<\/script>\n<!-- \/ Yoast SEO Premium plugin. -->","yoast_head_json":{"title":"Halloween og d\u00f8dedag rundt om i verden | Traditioner og kulturer","description":"D\u00e9couvrez comment le monde c\u00e9l\u00e8bre la mort et la vie \u00e0 travers Halloween, le D\u00eda de los Muertos, Obon et d\u2019autres f\u00eates ancestrales.","robots":{"index":"index","follow":"follow","max-snippet":"max-snippet:-1","max-image-preview":"max-image-preview:large","max-video-preview":"max-video-preview:-1"},"canonical":"https:\/\/www.vita-explorers.dk\/blog\/halloween-de-dodes-fest-i-verden\/","og_locale":"da_DK","og_type":"article","og_title":"Halloween og de d\u00f8des fest verden over: en kulturel rejse ind i traditionerne","og_description":"D\u00e9couvrez comment le monde c\u00e9l\u00e8bre la mort et la vie \u00e0 travers Halloween, le D\u00eda de los Muertos, Obon et d\u2019autres f\u00eates ancestrales.","og_url":"https:\/\/www.vita-explorers.dk\/blog\/halloween-de-dodes-fest-i-verden\/","og_site_name":"VITA Explorers Blog","article_publisher":"https:\/\/www.facebook.com\/globalong","article_published_time":"2025-10-31T10:59:44+00:00","article_modified_time":"2025-10-31T10:59:59+00:00","og_image":[{"width":1024,"height":683,"url":"https:\/\/www.vita-explorers.dk\/blog\/wp-content\/uploads\/2025\/10\/ChatGPT-Image-31-oct.-2025-a-11_08_01-1024x683.png","type":"image\/png"}],"author":"VITA Tribe","twitter_card":"summary_large_image","twitter_misc":{"Skrevet af":"VITA Tribe","Estimeret l\u00e6setid":"17 minutter"},"schema":{"@context":"https:\/\/schema.org","@graph":[{"@type":"Article","@id":"https:\/\/www.vita-explorers.dk\/blog\/halloween-de-dodes-fest-i-verden\/#article","isPartOf":{"@id":"https:\/\/www.vita-explorers.dk\/blog\/halloween-de-dodes-fest-i-verden\/"},"author":{"name":"VITA Tribe","@id":"https:\/\/www.vita-explorers.dk\/blog\/#\/schema\/person\/fc0343a2f2db2ebb2793c1f62dbe73f0"},"headline":"Halloween og de d\u00f8des fest verden over: en kulturel rejse ind i traditionerne","datePublished":"2025-10-31T10:59:44+00:00","dateModified":"2025-10-31T10:59:59+00:00","mainEntityOfPage":{"@id":"https:\/\/www.vita-explorers.dk\/blog\/halloween-de-dodes-fest-i-verden\/"},"wordCount":2999,"commentCount":0,"publisher":{"@id":"https:\/\/www.vita-explorers.dk\/blog\/#organization"},"image":{"@id":"https:\/\/www.vita-explorers.dk\/blog\/halloween-de-dodes-fest-i-verden\/#primaryimage"},"thumbnailUrl":"https:\/\/www.vita-explorers.dk\/blog\/wp-content\/uploads\/2025\/10\/ChatGPT-Image-31-oct.-2025-a-11_08_01.png","articleSection":["Nyheder"],"inLanguage":"da-DK","potentialAction":[{"@type":"CommentAction","name":"Comment","target":["https:\/\/www.vita-explorers.dk\/blog\/halloween-de-dodes-fest-i-verden\/#respond"]}]},{"@type":"WebPage","@id":"https:\/\/www.vita-explorers.dk\/blog\/halloween-de-dodes-fest-i-verden\/","url":"https:\/\/www.vita-explorers.dk\/blog\/halloween-de-dodes-fest-i-verden\/","name":"Halloween og d\u00f8dedag rundt om i verden | Traditioner og kulturer","isPartOf":{"@id":"https:\/\/www.vita-explorers.dk\/blog\/#website"},"primaryImageOfPage":{"@id":"https:\/\/www.vita-explorers.dk\/blog\/halloween-de-dodes-fest-i-verden\/#primaryimage"},"image":{"@id":"https:\/\/www.vita-explorers.dk\/blog\/halloween-de-dodes-fest-i-verden\/#primaryimage"},"thumbnailUrl":"https:\/\/www.vita-explorers.dk\/blog\/wp-content\/uploads\/2025\/10\/ChatGPT-Image-31-oct.-2025-a-11_08_01.png","datePublished":"2025-10-31T10:59:44+00:00","dateModified":"2025-10-31T10:59:59+00:00","description":"D\u00e9couvrez comment le monde c\u00e9l\u00e8bre la mort et la vie \u00e0 travers Halloween, le D\u00eda de los Muertos, Obon et d\u2019autres f\u00eates ancestrales.","breadcrumb":{"@id":"https:\/\/www.vita-explorers.dk\/blog\/halloween-de-dodes-fest-i-verden\/#breadcrumb"},"inLanguage":"da-DK","potentialAction":[{"@type":"ReadAction","target":["https:\/\/www.vita-explorers.dk\/blog\/halloween-de-dodes-fest-i-verden\/"]}]},{"@type":"ImageObject","inLanguage":"da-DK","@id":"https:\/\/www.vita-explorers.dk\/blog\/halloween-de-dodes-fest-i-verden\/#primaryimage","url":"https:\/\/www.vita-explorers.dk\/blog\/wp-content\/uploads\/2025\/10\/ChatGPT-Image-31-oct.-2025-a-11_08_01.png","contentUrl":"https:\/\/www.vita-explorers.dk\/blog\/wp-content\/uploads\/2025\/10\/ChatGPT-Image-31-oct.-2025-a-11_08_01.png","width":1536,"height":1024,"caption":"Halloween et f\u00eate des morts"},{"@type":"BreadcrumbList","@id":"https:\/\/www.vita-explorers.dk\/blog\/halloween-de-dodes-fest-i-verden\/#breadcrumb","itemListElement":[{"@type":"ListItem","position":1,"name":"Accueil","item":"https:\/\/www.vita-explorers.dk\/blog\/"},{"@type":"ListItem","position":2,"name":"Halloween og de d\u00f8des fest verden over: en kulturel rejse ind i traditionerne"}]},{"@type":"WebSite","@id":"https:\/\/www.vita-explorers.dk\/blog\/#website","url":"https:\/\/www.vita-explorers.dk\/blog\/","name":"Association Globalong","description":"Frivilligt arbejde, sprogophold, praktik i udlandet og internationale oplevelser","publisher":{"@id":"https:\/\/www.vita-explorers.dk\/blog\/#organization"},"potentialAction":[{"@type":"SearchAction","target":{"@type":"EntryPoint","urlTemplate":"https:\/\/www.vita-explorers.dk\/blog\/?s={search_term_string}"},"query-input":{"@type":"PropertyValueSpecification","valueRequired":true,"valueName":"search_term_string"}}],"inLanguage":"da-DK"},{"@type":"Organization","@id":"https:\/\/www.vita-explorers.dk\/blog\/#organization","name":"Association Globalong","url":"https:\/\/www.vita-explorers.dk\/blog\/","logo":{"@type":"ImageObject","inLanguage":"da-DK","@id":"https:\/\/www.vita-explorers.dk\/blog\/#\/schema\/logo\/image\/","url":"https:\/\/www.globalong.com\/blog\/wp-content\/uploads\/2014\/11\/cropped-cropped-Logo-et-Afrique-Globalong-petite-taille-2.jpg","contentUrl":"https:\/\/www.globalong.com\/blog\/wp-content\/uploads\/2014\/11\/cropped-cropped-Logo-et-Afrique-Globalong-petite-taille-2.jpg","width":512,"height":512,"caption":"Association Globalong"},"image":{"@id":"https:\/\/www.vita-explorers.dk\/blog\/#\/schema\/logo\/image\/"},"sameAs":["https:\/\/www.facebook.com\/globalong"]},{"@type":"Person","@id":"https:\/\/www.vita-explorers.dk\/blog\/#\/schema\/person\/fc0343a2f2db2ebb2793c1f62dbe73f0","name":"VITA Tribe","image":{"@type":"ImageObject","inLanguage":"da-DK","@id":"https:\/\/www.vita-explorers.dk\/blog\/#\/schema\/person\/image\/","url":"https:\/\/secure.gravatar.com\/avatar\/f7f05026bb439d0c96b30e135e5f852c?s=96&d=mm&r=g","contentUrl":"https:\/\/secure.gravatar.com\/avatar\/f7f05026bb439d0c96b30e135e5f852c?s=96&d=mm&r=g","caption":"VITA Tribe"},"sameAs":["http:\/\/www.globalong.com"],"url":"https:\/\/www.vita-explorers.dk\/blog\/author\/teamglobalong\/"}]}},"_links":{"self":[{"href":"https:\/\/www.vita-explorers.dk\/blog\/wp-json\/wp\/v2\/posts\/22227"}],"collection":[{"href":"https:\/\/www.vita-explorers.dk\/blog\/wp-json\/wp\/v2\/posts"}],"about":[{"href":"https:\/\/www.vita-explorers.dk\/blog\/wp-json\/wp\/v2\/types\/post"}],"author":[{"embeddable":true,"href":"https:\/\/www.vita-explorers.dk\/blog\/wp-json\/wp\/v2\/users\/7"}],"replies":[{"embeddable":true,"href":"https:\/\/www.vita-explorers.dk\/blog\/wp-json\/wp\/v2\/comments?post=22227"}],"version-history":[{"count":6,"href":"https:\/\/www.vita-explorers.dk\/blog\/wp-json\/wp\/v2\/posts\/22227\/revisions"}],"predecessor-version":[{"id":22368,"href":"https:\/\/www.vita-explorers.dk\/blog\/wp-json\/wp\/v2\/posts\/22227\/revisions\/22368"}],"wp:featuredmedia":[{"embeddable":true,"href":"https:\/\/www.vita-explorers.dk\/blog\/wp-json\/wp\/v2\/media\/22237"}],"wp:attachment":[{"href":"https:\/\/www.vita-explorers.dk\/blog\/wp-json\/wp\/v2\/media?parent=22227"}],"wp:term":[{"taxonomy":"category","embeddable":true,"href":"https:\/\/www.vita-explorers.dk\/blog\/wp-json\/wp\/v2\/categories?post=22227"},{"taxonomy":"post_tag","embeddable":true,"href":"https:\/\/www.vita-explorers.dk\/blog\/wp-json\/wp\/v2\/tags?post=22227"}],"curies":[{"name":"wp","href":"https:\/\/api.w.org\/{rel}","templated":true}]}}