{"id":22369,"date":"2025-11-06T16:25:55","date_gmt":"2025-11-06T15:25:55","guid":{"rendered":"https:\/\/www.globalong.com\/blog\/?p=22369"},"modified":"2025-11-06T16:25:55","modified_gmt":"2025-11-06T15:25:55","slug":"kampen-mod-undernaering-hos-born","status":"publish","type":"post","link":"https:\/\/www.vita-explorers.dk\/blog\/kampen-mod-undernaering-hos-born\/","title":{"rendered":"Bek\u00e6mp b\u00f8rneunderern\u00e6ring: dit engagement for sund og b\u00e6redygtig ern\u00e6ring for s\u00e5rbare b\u00f8rn"},"content":{"rendered":"<h1 style=\"text-align: justify;\">Bek\u00e6mpelse af b\u00f8rneunderern\u00e6ring: dit engagement for sund og b\u00e6redygtig mad til udsatte b\u00f8rn<\/h1>\n<p style=\"text-align: justify;\">Bek\u00e6mpelse af <strong>b\u00f8rneunderern\u00e6ring<\/strong> er fortsat en global prioritet. I mange landdistrikter vokser tusindvis af b\u00f8rn op uden de n\u00e6ringsstoffer, de har brug for. Manglen p\u00e5 egnet mad sv\u00e6kker kroppen, h\u00e6mmer v\u00e6ksten og g\u00f8r det sv\u00e6rere at l\u00e6re. Alligevel er der noget at g\u00f8re. Sm\u00e5, konkrete indsatser \u2013 gennemf\u00f8rt med t\u00e5lmodighed og f\u00e6llesskab \u2013 kan skabe varige forandringer i b\u00f8rns liv.<\/p>\n<p style=\"text-align: justify;\">P\u00e5 Filippinerne har fattigdom og naturkatastrofer gjort adgangen til en balanceret kost mere usikker. Derfor er der etableret et program med fokus p\u00e5 <strong>humanit\u00e6r ern\u00e6ring<\/strong>, som st\u00f8tter udsatte b\u00f8rn. Form\u00e5let er at styrke deres modstandskraft, forebygge mangler og fremme enkel, b\u00e6redygtig madkundskab. Forl\u00f8bet kombinerer forebyggelse, basal st\u00f8tte og oplysning i dialog med familierne.<\/p>\n<p style=\"text-align: justify;\">Deltagere, der engagerer sig i projektet, bidrager aktivt til <strong>bek\u00e6mpelse af b\u00f8rneunderern\u00e6ring<\/strong>. Med deres faglige og menneskelige ressourcer er de med til at vurdere b\u00f8rnenes ern\u00e6ringstilstand, facilitere madworkshops og formidle, hvorfor en varieret kost betyder noget. Samtidig kan deres tilstedev\u00e6relse v\u00e6re en vigtig st\u00f8tte i lokalsamfund, hvor ressourcerne ofte er knappe. Hver indsats p\u00e5 stedet er med til at styrke f\u00f8devaresikkerhed og folkesundhed.<\/p>\n<p style=\"text-align: justify;\">At forst\u00e5 \u00e5rsagerne til <strong>underern\u00e6ring hos b\u00f8rn<\/strong> \u2013 og oms\u00e6tte viden til handling \u2013 er et skridt mod en mere retf\u00e6rdig og sund fremtid. N\u00e5r kr\u00e6fterne samles, bliver det muligt at give flere b\u00f8rn bedre muligheder for at vokse op med sundhed, v\u00e6rdighed og balance. Den f\u00e6lles indsats viser, at en fremtid med mindre underern\u00e6ring kan blive en realitet.<\/p>\n<nav>\n<ul>\n<li><a href=\"#comprendre\">Forst\u00e5 b\u00f8rneunderern\u00e6ring i verden<\/a><\/li>\n<li><a href=\"#importance\">Hvorfor alderssvarende ern\u00e6ring er afg\u00f8rende i barndommen<\/a><\/li>\n<li><a href=\"#agir\">Indsatser p\u00e5 stedet: bek\u00e6mpelse af underern\u00e6ring i Tacloban<\/a><\/li>\n<li><a href=\"#role\">Deltagernes rolle i et ern\u00e6ringsforl\u00f8b<\/a><\/li>\n<li><a href=\"#durable\">Mod b\u00e6redygtig og ansvarlig mad for alle<\/a><\/li>\n<li><a href=\"#temoignage\">Oplevelse \u2013 En menneskelig erfaring t\u00e6t p\u00e5 ern\u00e6ringsindsatsen<\/a><\/li>\n<li><a href=\"#faq\">FAQ \u2013 Bek\u00e6mpelse af b\u00f8rneunderern\u00e6ring<\/a><\/li>\n<\/ul>\n<\/nav>\n<h2 style=\"text-align: justify;\"><\/h2>\n<p><a href=\"https:\/\/www.vita-explorers.dk\/blog\/wp-content\/uploads\/2017\/12\/B\u00e9n\u00e9volat-international-avce-les-enfants-au-Cambodge-GlobAlong-min.jpg\"><img loading=\"lazy\" decoding=\"async\" class=\"size-medium wp-image-8296 aligncenter\" src=\"https:\/\/www.vita-explorers.dk\/blog\/wp-content\/uploads\/2017\/12\/B\u00e9n\u00e9volat-international-avce-les-enfants-au-Cambodge-GlobAlong-min-300x200.jpg\" alt=\"\" width=\"300\" height=\"200\" srcset=\"https:\/\/www.vita-explorers.dk\/blog\/wp-content\/uploads\/2017\/12\/B\u00e9n\u00e9volat-international-avce-les-enfants-au-Cambodge-GlobAlong-min-300x200.jpg 300w, https:\/\/www.vita-explorers.dk\/blog\/wp-content\/uploads\/2017\/12\/B\u00e9n\u00e9volat-international-avce-les-enfants-au-Cambodge-GlobAlong-min-768x512.jpg 768w, https:\/\/www.vita-explorers.dk\/blog\/wp-content\/uploads\/2017\/12\/B\u00e9n\u00e9volat-international-avce-les-enfants-au-Cambodge-GlobAlong-min-1024x683.jpg 1024w, https:\/\/www.vita-explorers.dk\/blog\/wp-content\/uploads\/2017\/12\/B\u00e9n\u00e9volat-international-avce-les-enfants-au-Cambodge-GlobAlong-min-150x100.jpg 150w\" sizes=\"(max-width: 300px) 100vw, 300px\" \/><\/a><\/p>\n<p>\u00a0<\/p>\n<h2 id=\"comprendre\" style=\"text-align: justify;\">Forst\u00e5 b\u00f8rneunderern\u00e6ring i verden<\/h2>\n<p style=\"text-align: justify;\"><strong>B\u00f8rneunderern\u00e6ring<\/strong> rammer fortsat millioner af b\u00f8rn verden over. Det er et ofte overset problem, som typisk h\u00e6nger sammen med fattigdom og som p\u00e5virker b\u00e5de helbred og fremtidsmuligheder. Bek\u00e6mpelse af <strong>b\u00f8rneunderern\u00e6ring<\/strong> handler ikke kun om adgang til mad: det handler ogs\u00e5 om madens kvalitet, viden om ern\u00e6ring og familiers \u00f8konomiske stabilitet. N\u00e5r vi forst\u00e5r \u00e5rsager og konsekvenser, kan indsatser m\u00e5lrettes bedre, s\u00e5 f\u00e6rre b\u00f8rn vokser op med afsavn.<\/p>\n<h3 style=\"text-align: justify;\"><strong>De bagvedliggende \u00e5rsager til underern\u00e6ring<\/strong><\/h3>\n<p style=\"text-align: justify;\">\u00c5rsagerne til <strong>underern\u00e6ring hos b\u00f8rn<\/strong> er mange. F\u00f8rst og fremmest kan mangel p\u00e5 f\u00f8devarer f\u00f8re til for lavt indtag af vitaminer, protein og mineraler. Derudover kan familiers s\u00e5rbare livsvilk\u00e5r g\u00f8re det sv\u00e6rt at f\u00e5 regelm\u00e6ssig adgang til sundhedsydelser og <a href=\"https:\/\/www.vita-explorers.dk\/blog\/bevar-vand\/\" target=\"_blank\" rel=\"noopener\">rent drikkevand<\/a>. Samtidig forv\u00e6rrer naturkatastrofer, konflikter og klima\u00e6ndringer ofte mangelsituationer. Endelig spiller mangel p\u00e5 ern\u00e6ringsviden en stor rolle: mange for\u00e6ldre har ikke f\u00e5et redskaber til at vurdere, hvilke f\u00f8devarer der er vigtige for b\u00f8rns udvikling.<\/p>\n<p style=\"text-align: justify;\">Ulighed mellem land og by kan forst\u00e6rke udfordringen. I mere isolerede omr\u00e5der er markeder f\u00e5, og priserne h\u00f8je. Derfor bliver familier ofte afh\u00e6ngige af billige produkter med meget stivelse, men f\u00e5 n\u00e6ringsstoffer. Programmer med fokus p\u00e5 <strong>humanit\u00e6r ern\u00e6ring<\/strong> kan v\u00e6re med til at genoprette balancen ved at st\u00f8tte lokal produktion og fremme mere varierede kostvaner.<\/p>\n<h3 style=\"text-align: justify;\">Konsekvenser for barnets helbred og udvikling<\/h3>\n<p style=\"text-align: justify;\">Konsekvenserne af underern\u00e6ring kan v\u00e6re dybe og langvarige. Et barn, der f\u00e5r for lidt n\u00e6ring, bliver mere s\u00e5rbart over for sygdomme, fordi immunforsvaret sv\u00e6kkes. Det kan f\u00f8re til flere infektioner og langsommere v\u00e6kst. Samtidig kan tr\u00e6thed og manglende koncentration g\u00f8re skolegang og l\u00e6ring vanskeligere. P\u00e5 l\u00e6ngere sigt kan mangler give forsinket fysisk og kognitiv udvikling \u2013 i nogle tilf\u00e6lde med varige f\u00f8lger.<\/p>\n<p style=\"text-align: justify;\">Heldigvis kan meget forebygges. Med oplysning, st\u00f8tte til lokal f\u00f8devareproduktion og praktisk vejledning til familier kan underern\u00e6ring reduceres. Hver indsats i <strong>bek\u00e6mpelse af b\u00f8rneunderern\u00e6ring<\/strong> bidrager til en sundere og mere lige fremtid.<\/p>\n<h2 style=\"text-align: justify;\"><\/h2>\n<h2 id=\"importance\" style=\"text-align: justify;\">Hvorfor alderssvarende ern\u00e6ring er afg\u00f8rende i bek\u00e6mpelsen af b\u00f8rneunderern\u00e6ring<\/h2>\n<p style=\"text-align: justify;\">Barndommen er en afg\u00f8rende periode. Det er her, kroppen og hjernen udvikler sig hurtigst. En varieret kost st\u00f8tter en sund v\u00e6kst, styrker immunforsvaret og giver bedre foruds\u00e6tninger for l\u00e6ring. Omvendt kan utilstr\u00e6kkelig ern\u00e6ring sv\u00e6kke barnet og \u00f8ge risikoen for sygdom. Derfor begynder <strong>bek\u00e6mpelse af b\u00f8rneunderern\u00e6ring<\/strong> helt tidligt \u2013 gennem forebyggelse og enkle, holdbare madvaner.<\/p>\n<h3 style=\"text-align: justify;\"><strong>Vigtige ern\u00e6ringsbehov for at forebygge underern\u00e6ring hos b\u00f8rn<\/strong><\/h3>\n<p style=\"text-align: justify;\">Behovet for n\u00e6ring varierer med alder, k\u00f8n og hverdag, men nogle grundprincipper g\u00e5r igen: Protein st\u00f8tter v\u00e6kst, jern er vigtigt for blodet, calcium styrker knoglerne, og vitaminer beskytter kroppen. En kost med frugt, gr\u00f8nt, b\u00e6lgfrugter og fuldkorn kan desuden st\u00f8tte energi, koncentration og trivsel. N\u00e5r kosten er alderssvarende og varieret, forebygges mangler, og <strong>underern\u00e6ring hos b\u00f8rn<\/strong> kan reduceres.<\/p>\n<p style=\"text-align: justify;\">Der hvor ressourcerne er begr\u00e6nsede, kan det v\u00e6re sv\u00e6rt at n\u00e5 den balance. Men lokale l\u00f8sninger findes. For eksempel kan k\u00f8kkenhaver, fokus p\u00e5 s\u00e6sonvarer og aktiviteter p\u00e5 skoler v\u00e6re med til at styrke f\u00f8devaresikkerheden. P\u00e5 den m\u00e5de bliver hver handling et konkret bidrag til <strong>bek\u00e6mpelse af b\u00f8rneunderern\u00e6ring<\/strong>.<\/p>\n<h3 style=\"text-align: justify;\"><strong>Mad som n\u00f8gle til folkesundhed og humanit\u00e6r ern\u00e6ring<\/strong><\/h3>\n<p style=\"text-align: justify;\">En balanceret kost er et st\u00e6rkt redskab i folkesundheden. N\u00e5r b\u00f8rn f\u00e5r bedre ern\u00e6ring, falder sygdomsbyrden, og familiernes hverdag bliver mere stabil. Samtidig bliver lokalsamfund mere robuste over for kriser. Indsatser inden for <strong>humanit\u00e6r ern\u00e6ring<\/strong> handler ogs\u00e5 om at oplyse, tr\u00e6ne og st\u00f8tte, s\u00e5 flere kan f\u00e5 en b\u00e6redygtig madpraksis.<\/p>\n<p style=\"text-align: justify;\">At fremme gode kostvaner fra tidlig alder er en investering i fremtiden. Hvert sundt m\u00e5ltid, hver workshop og hvert forebyggende budskab styrker b\u00e5de f\u00e6llesskab og sundhed. I sidste ende er det at forst\u00e5 og handle mod <strong>b\u00f8rneunderern\u00e6ring<\/strong> ogs\u00e5 at bygge et mere retf\u00e6rdigt og sundt samfund. Denne tilgang ligger i tr\u00e5d med <a class=\"decorated-link cursor-pointer\" target=\"_new\" rel=\"noopener\" data-start=\"762\" data-end=\"891\">forl\u00f8b inden for folkesundhed og sundhedsoplysning<\/a><\/p>\n<h2 style=\"text-align: justify;\"><\/h2>\n<p><a href=\"https:\/\/www.vita-explorers.dk\/blog\/wp-content\/uploads\/2016\/11\/gouter-avec-les-enfants-globalong-cambodge.jpg\"><img loading=\"lazy\" decoding=\"async\" class=\"size-medium wp-image-5860 aligncenter\" src=\"https:\/\/www.vita-explorers.dk\/blog\/wp-content\/uploads\/2016\/11\/gouter-avec-les-enfants-globalong-cambodge-300x225.jpg\" alt=\"Internationalt frivilligt arbejde i Asien - Cambodja - GlobAlong\" width=\"300\" height=\"225\" srcset=\"https:\/\/www.vita-explorers.dk\/blog\/wp-content\/uploads\/2016\/11\/gouter-avec-les-enfants-globalong-cambodge-300x225.jpg 300w, https:\/\/www.vita-explorers.dk\/blog\/wp-content\/uploads\/2016\/11\/gouter-avec-les-enfants-globalong-cambodge-768x576.jpg 768w, https:\/\/www.vita-explorers.dk\/blog\/wp-content\/uploads\/2016\/11\/gouter-avec-les-enfants-globalong-cambodge.jpg 1024w, https:\/\/www.vita-explorers.dk\/blog\/wp-content\/uploads\/2016\/11\/gouter-avec-les-enfants-globalong-cambodge-150x113.jpg 150w\" sizes=\"(max-width: 300px) 100vw, 300px\" \/><\/a><\/p>\n<p>\u00a0<\/p>\n<h2 id=\"agir\" style=\"text-align: justify;\">Indsatser p\u00e5 stedet: bek\u00e6mpelse af b\u00f8rneunderern\u00e6ring i Tacloban<\/h2>\n<p style=\"text-align: justify;\">I Tacloban og landsbyerne omkring f\u00e5r <strong>bek\u00e6mpelse af b\u00f8rneunderern\u00e6ring<\/strong> en meget konkret form. Omr\u00e5det p\u00e5 Filippinerne rammes ofte af tyfoner, som kan \u00f8del\u00e6gge afgr\u00f8der og presse f\u00f8devarepriserne op. Derfor har mange familier sv\u00e6rt ved at give b\u00f8rnene en varieret og n\u00e6rende kost. Med strukturerede lokalsamfundsprogrammer er det dog muligt at skabe mere langtidsholdbare l\u00f8sninger, der passer til lokale behov.<\/p>\n<h3 style=\"text-align: justify;\"><strong>En region pr\u00e6get af fattigdom og naturkatastrofer<\/strong><\/h3>\n<p style=\"text-align: justify;\">Tacloban er kendt for at v\u00e6re h\u00e5rdt ramt af tyfonen Haiyan og st\u00e5r med flere udfordringer. Fattigdom kan begr\u00e6nse adgangen til friske og n\u00e6ringsrige r\u00e5varer, og naturkatastrofer kan \u00f8del\u00e6gge h\u00f8sten og sv\u00e6kke infrastrukturen. Det betyder, at mange bliver s\u00e5rbare, n\u00e5r priserne stiger, eller forsyningerne svigter. Samtidig vokser lokale initiativer frem: f\u00e6lleshaver, skolemadprogrammer og aktiviteter, der s\u00e6tter fokus p\u00e5 <strong>ern\u00e6ring til b\u00f8rn<\/strong> og hverdagsmad.<\/p>\n<p style=\"text-align: justify;\">Indsatserne handler ikke kun om at uddele m\u00e5ltider. De har is\u00e6r fokus p\u00e5 at genskabe en mere stabil og b\u00e6redygtig madforsyning. M\u00e5let er, at familier selv kan producere sund mad ved at l\u00e6re at dyrke, opbevare og tilberede lokale r\u00e5varer. Derudover kan undervisningen styrke familiers planl\u00e6gning og f\u00e6lles ansvar for husholdningens ressourcer.<\/p>\n<h3 style=\"text-align: justify;\"><strong>Et humanit\u00e6rt ern\u00e6ringsprogram med fokus p\u00e5 udsatte b\u00f8rn<\/strong><\/h3>\n<p style=\"text-align: justify;\">Kernen i projektet er et t\u00e6t arbejde mellem lokale teams og deltagere for at styrke b\u00f8rns sundhed. Der laves regelm\u00e6ssige ern\u00e6ringsvurderinger, v\u00e6kst f\u00f8lges, og der tilrettel\u00e6gges m\u00e5lrettet st\u00f8tte for at forebygge mangeltilstande. Samtidig f\u00e5r for\u00e6ldre konkrete r\u00e5d til, hvordan man kan lave enkle, n\u00e6rende m\u00e5ltider med ingredienser, der er til at f\u00e5 fat i. P\u00e5 den m\u00e5de bliver <strong>humanit\u00e6r ern\u00e6ring<\/strong> et redskab til handlekraft frem for kortsigtet hj\u00e6lp.<\/p>\n<p style=\"text-align: justify;\">Resultater kan m\u00e6rkes i hverdagen: f\u00e6rre tegn p\u00e5 underern\u00e6ring, mere stabil skolegang og generelt bedre trivsel. Oplysning og dialog med familierne kan ogs\u00e5 \u00e6ndre madvaner p\u00e5 l\u00e6ngere sigt. Alt i alt indg\u00e5r indsatsen i Tacloban i en langsigtet, f\u00e6llesskabsbaseret retning \u2013 i tjeneste for <strong>bek\u00e6mpelse af b\u00f8rneunderern\u00e6ring<\/strong>.<\/p>\n<h2 style=\"text-align: justify;\"><\/h2>\n<h2 id=\"role\" style=\"text-align: justify;\">Deltagernes rolle i et ern\u00e6ringsforl\u00f8b og bek\u00e6mpelse af b\u00f8rneunderern\u00e6ring<\/h2>\n<p style=\"text-align: justify;\">Et program med fokus p\u00e5 <strong>humanit\u00e6r ern\u00e6ring<\/strong> st\u00e5r og falder ofte med deltagernes engagement. Deres tilstedev\u00e6relse p\u00e5 stedet g\u00f8r det muligt at st\u00f8tte b\u00f8rn direkte og f\u00f8lge familier over tid. Med lyttende tilgang og relevante kompetencer kan de fungere som et vigtigt bindeled mellem lokale teams og familier. Rollen handler ikke kun om madst\u00f8tte: den bidrager til gradvise \u00e6ndringer i vaner og forst\u00e5else \u2013 midt i <strong>bek\u00e6mpelse af b\u00f8rneunderern\u00e6ring<\/strong>.<\/p>\n<h3 style=\"text-align: justify;\"><strong>Bidrage med viden om sundhed, kost og madoplysning<\/strong><\/h3>\n<p style=\"text-align: justify;\">Deltagere kan v\u00e6re med til at styrke lokale kompetencer inden for sundhed og ern\u00e6ring. Mange kommer med erfaring fra <strong>ern\u00e6ring<\/strong>, <strong>folkesundhed<\/strong> eller undervisning. Opgaven er at dele viden, facilitere praktiske workshops og g\u00f8re det lettere for b\u00f8rn at forst\u00e5 v\u00e6rdien af en varieret kost. Derudover kan de st\u00f8tte lokale fagpersoner i at vurdere behov og tilpasse aktiviteter, s\u00e5 de passer til hverdagen. P\u00e5 den m\u00e5de bliver videndeling et vigtigt forebyggelsesv\u00e6rkt\u00f8j i arbejdet med at mindske <strong>underern\u00e6ring hos b\u00f8rn<\/strong>. Indsatsen h\u00e6nger sammen med principperne i <a href=\"https:\/\/www.vita-explorers.dk\/blog\/de-5-principper-for-etisk-frivilligt-arbejde-saadan-bliver-du-en-respektfuld-og-ansvarlig-deltager\/\" target=\"_blank\" rel=\"noopener\">5 principper for etisk frivilligt arbejde<\/a>, hvor respekt og f\u00e6lles ansvar er centralt.<\/p>\n<p style=\"text-align: justify;\">Samtidig kan aktiviteterne invitere familier til at deltage aktivt. N\u00e5r for\u00e6ldre l\u00e6rer at lave enkle retter, bruge lokale r\u00e5varer og undg\u00e5 madspild, bliver de medspillere i forandringen. P\u00e5 den m\u00e5de skabes en st\u00e6rk forbindelse mellem l\u00e6ring, selvst\u00e6ndighed og f\u00e6llesskab.<\/p>\n<h3 style=\"text-align: justify;\"><strong>Styrke lokalsamfund p\u00e5 en m\u00e5de, der holder p\u00e5 sigt<\/strong><\/h3>\n<p style=\"text-align: justify;\">Indsatsen handler ikke kun om her-og-nu. M\u00e5let er ogs\u00e5 at styrke modstandskraften lokalt og underst\u00f8tte, at aktiviteterne kan forts\u00e6tte, n\u00e5r forl\u00f8bet slutter. Derfor kan der indg\u00e5 opf\u00f8lgning, tr\u00e6ning og erfaringsudveksling. Det kan styrke samarbejdet blandt beboere og st\u00f8tte, at relevante akt\u00f8rer kan finde hinanden.<\/p>\n<p style=\"text-align: justify;\">Derudover kan deltagere bidrage til indsamling af viden og opf\u00f8lgning p\u00e5 programmets <a href=\"https:\/\/www.vita-explorers.dk\/blog\/impact-frivilligt-arbejde-i-udlandet\/\" target=\"_blank\" rel=\"noopener\">sociale effekt<\/a>. De data g\u00f8r det muligt at justere indsatser og forbedre resultater over tid. Ved at st\u00f8tte Taclobans befolkning er de med til at bygge en mere holdbar model for <strong>bek\u00e6mpelse af b\u00f8rneunderern\u00e6ring<\/strong> baseret p\u00e5 tillid og videndeling.<\/p>\n<h2 style=\"text-align: justify;\"><\/h2>\n<h2 id=\"role\" style=\"text-align: justify;\">Deltagernes rolle i et ern\u00e6ringsforl\u00f8b og bek\u00e6mpelse af b\u00f8rneunderern\u00e6ring<\/h2>\n<p style=\"text-align: justify;\">Et program med fokus p\u00e5 <strong>humanit\u00e6r ern\u00e6ring<\/strong> st\u00e5r og falder ofte med deltagernes engagement. Deres tilstedev\u00e6relse p\u00e5 stedet g\u00f8r det muligt at st\u00f8tte b\u00f8rn direkte og f\u00f8lge familier over tid. Med lyttende tilgang og relevante kompetencer kan de fungere som et vigtigt bindeled mellem lokale teams og familier. Rollen handler ikke kun om madst\u00f8tte: den bidrager til gradvise \u00e6ndringer i vaner og forst\u00e5else \u2013 midt i <strong>bek\u00e6mpelse af b\u00f8rneunderern\u00e6ring<\/strong>.<\/p>\n<h3 style=\"text-align: justify;\"><strong>Bidrage med viden om sundhed, kost og madoplysning<\/strong><\/h3>\n<p style=\"text-align: justify;\">Deltagere kan v\u00e6re med til at styrke lokale kompetencer inden for sundhed og ern\u00e6ring. Mange kommer med erfaring fra <strong>ern\u00e6ring<\/strong>, <strong>folkesundhed<\/strong> eller undervisning. Opgaven er at dele viden, facilitere praktiske workshops og g\u00f8re det lettere for b\u00f8rn at forst\u00e5 v\u00e6rdien af en varieret kost. Derudover kan de st\u00f8tte lokale fagpersoner i at vurdere behov og tilpasse aktiviteter, s\u00e5 de passer til hverdagen. P\u00e5 den m\u00e5de bliver videndeling et vigtigt forebyggelsesv\u00e6rkt\u00f8j i arbejdet med at mindske <strong>underern\u00e6ring hos b\u00f8rn<\/strong>.<\/p>\n<p style=\"text-align: justify;\">Samtidig kan aktiviteterne invitere familier til at deltage aktivt. N\u00e5r for\u00e6ldre l\u00e6rer at lave enkle retter, bruge lokale r\u00e5varer og undg\u00e5 madspild, bliver de medspillere i forandringen. P\u00e5 den m\u00e5de skabes en st\u00e6rk forbindelse mellem l\u00e6ring, selvst\u00e6ndighed og f\u00e6llesskab.<\/p>\n<h3 style=\"text-align: justify;\"><strong>Styrke lokalsamfund p\u00e5 en m\u00e5de, der holder p\u00e5 sigt<\/strong><\/h3>\n<p style=\"text-align: justify;\">Indsatsen handler ikke kun om her-og-nu. M\u00e5let er ogs\u00e5 at styrke modstandskraften lokalt og underst\u00f8tte, at aktiviteterne kan forts\u00e6tte, n\u00e5r forl\u00f8bet slutter. Derfor kan der indg\u00e5 opf\u00f8lgning, tr\u00e6ning og erfaringsudveksling. Det kan styrke samarbejdet blandt beboere og st\u00f8tte, at relevante akt\u00f8rer kan finde hinanden.<\/p>\n<p style=\"text-align: justify;\">Derudover kan deltagere bidrage til indsamling af viden og opf\u00f8lgning p\u00e5 programmets sociale effekt. De data g\u00f8r det muligt at justere indsatser og forbedre resultater over tid. Ved at st\u00f8tte Taclobans befolkning er de med til at bygge en mere holdbar model for <strong>bek\u00e6mpelse af b\u00f8rneunderern\u00e6ring<\/strong> baseret p\u00e5 tillid og videndeling.<\/p>\n<p>\u00a0<\/p>\n<p><a href=\"https:\/\/www.vita-explorers.dk\/blog\/wp-content\/uploads\/2018\/02\/Vietnam-min.jpg\"><img loading=\"lazy\" decoding=\"async\" class=\"size-medium wp-image-8764 aligncenter\" src=\"https:\/\/www.vita-explorers.dk\/blog\/wp-content\/uploads\/2018\/02\/Vietnam-min-300x260.jpg\" alt=\"\" width=\"300\" height=\"260\" srcset=\"https:\/\/www.vita-explorers.dk\/blog\/wp-content\/uploads\/2018\/02\/Vietnam-min-300x260.jpg 300w, https:\/\/www.vita-explorers.dk\/blog\/wp-content\/uploads\/2018\/02\/Vietnam-min-768x666.jpg 768w, https:\/\/www.vita-explorers.dk\/blog\/wp-content\/uploads\/2018\/02\/Vietnam-min-1024x888.jpg 1024w, https:\/\/www.vita-explorers.dk\/blog\/wp-content\/uploads\/2018\/02\/Vietnam-min-150x130.jpg 150w\" sizes=\"(max-width: 300px) 100vw, 300px\" \/><\/a><\/p>\n<p>\u00a0<\/p>\n<h2 id=\"temoignage\" style=\"text-align: justify;\">Oplevelse \u2013 En menneskelig erfaring t\u00e6t p\u00e5 ern\u00e6ringsindsatsen<\/h2>\n<p style=\"text-align: justify;\">At deltage i et forl\u00f8b med <strong>bek\u00e6mpelse af b\u00f8rneunderern\u00e6ring<\/strong> kan s\u00e6tte dybe spor. For mange er det f\u00f8rst og fremmest en menneskelig erfaring. I Tacloban begynder dagene tidligt \u2013 ofte p\u00e5 skoler eller i klinikker. Hver morgen arbejder lokale teams og deltagere med samme m\u00e5l: at sikre b\u00f8rn n\u00e6rende m\u00e5ltider, et grundl\u00e6ggende sundhedstjek og ikke mindst et \u00f8jeblik med ro, n\u00e6rv\u00e6r og opm\u00e6rksomhed.<\/p>\n<p style=\"text-align: justify;\">En deltager fort\u00e6ller: \u00ab I min f\u00f8rste uge var jeg med til en madworkshop i en lille landsby. For\u00e6ldrene l\u00e6rte at lave enkle retter med protein og vitaminer. Det viste mig, hvor meget <strong>humanit\u00e6r ern\u00e6ring<\/strong> kan flytte i et lokalsamfund. \u00bb Ud over selve maden skaber de \u00f8jeblikke relationer, tillid og ofte st\u00e6rke indtryk.<\/p>\n<h3 style=\"text-align: justify;\"><strong>En erfaring med mening og l\u00e6ring<\/strong><\/h3>\n<p style=\"text-align: justify;\">Mange opdager, at solidaritet ikke kun handler om materiel st\u00f8tte. Hver samtale og hvert lille samarbejde giver l\u00e6ring \u2013 begge veje. Samtidig giver arbejdet sammen med lokale teams en bedre forst\u00e5else af landets kulturelle og sociale rammer. Dermed rejser deltagerne hjem med et mere nuanceret blik p\u00e5 <strong>underern\u00e6ring hos b\u00f8rn<\/strong> og p\u00e5, hvad der kan virke p\u00e5 lang sigt.<\/p>\n<p style=\"text-align: justify;\">Derudover giver denne <a href=\"https:\/\/www.vita-explorers.dk\/blog\/internationalt-immersionsforloeb-og-frivilligt-arbejde\/\" target=\"_blank\" rel=\"noopener\">fordybelse<\/a> et reelt personligt perspektivskifte. Mange fort\u00e6ller, at de har tr\u00e6net t\u00e5lmodighed, ydmyghed og robusthed. Ved at st\u00f8tte andre har de ogs\u00e5 styrket deres egen tro p\u00e5, at sm\u00e5 skridt kan g\u00f8re en forskel. Den gensidighed giver mening til <strong>ern\u00e6ringsforl\u00f8bet<\/strong>: man f\u00e5r ofte lige s\u00e5 meget, som man giver.<\/p>\n<h3 style=\"text-align: justify;\"><strong>Et engagement, der kan m\u00e6rkes<\/strong><\/h3>\n<p style=\"text-align: justify;\">Effekten r\u00e6kker l\u00e6ngere end tiden p\u00e5 stedet. B\u00f8rn f\u00e5r mere energi, familier bliver mere selvhjulpne, og hverdagen kan blive mere stabil. Samtidig tager deltagerne en st\u00f8rre bevidsthed med hjem om vigtigheden af sund og ansvarlig mad. N\u00e5r de deler deres oplevelser, er de med til at g\u00f8re flere opm\u00e6rksomme p\u00e5 <strong>bek\u00e6mpelse af b\u00f8rneunderern\u00e6ring<\/strong>. P\u00e5 den m\u00e5de kan et personligt engagement inspirere til st\u00f8rre, f\u00e6lles bev\u00e6gelser.<\/p>\n<p style=\"text-align: justify;\">Stemmerne herfra minder om, at en solidarisk handling \u2013 ogs\u00e5 i det sm\u00e5 \u2013 kan g\u00f8re en forskel. I hvert forl\u00f8b tegner der sig en mere retf\u00e6rdig fremtid, hvor flere b\u00f8rn kan vokse op med sundhed og v\u00e6rdighed. Det er kernen i <strong>ern\u00e6ringsf\u00e6llesskab<\/strong>.<\/p>\n<p>\u00a0<\/p>\n<p>\u00a0<\/p>\n<h2 id=\"conclusion\" style=\"text-align: justify;\">Konklusion: engag\u00e9r dig for en fremtid med mindre underern\u00e6ring<\/h2>\n<p style=\"text-align: justify;\"><strong>Bek\u00e6mpelse af b\u00f8rneunderern\u00e6ring<\/strong> er ikke en enkeltst\u00e5ende indsats, men et f\u00e6lles og langvarigt engagement. I Tacloban som andre steder t\u00e6ller hvert bidrag, n\u00e5r b\u00f8rn skal have bedre muligheder. Lokale initiativer, deltagernes indsats og oplysning af familier viser, at positiv forandring er mulig. At handle i dag for sund og ansvarlig mad er samtidig at styrke et mere balanceret og solidarisk samfund.<\/p>\n<p style=\"text-align: justify;\">Gennem programmer med fokus p\u00e5 <strong>humanit\u00e6r ern\u00e6ring<\/strong> kan lokalsamfund genfinde handlekraft og mere stabilitet. B\u00f8rn f\u00e5r kr\u00e6fterne tilbage, flere kan deltage i undervisning, og familier l\u00e6rer at bruge deres ressourcer klogere. Den udvikling viser, hvordan f\u00e6lles indsats og praktisk viden kan \u00e6ndre hverdagen.<\/p>\n<p style=\"text-align: justify;\">Alle kan bidrage p\u00e5 deres m\u00e5de. Det kan v\u00e6re ved at dele viden, stille kompetencer til r\u00e5dighed eller st\u00f8tte ern\u00e6ringsprojekter. Sammen kan vi skabe en fremtid med mindre underern\u00e6ring \u2013 med udgangspunkt i v\u00e6rdighed, sundhed og f\u00e6llesskab.<\/p>\n<p style=\"text-align: justify;\">\n<h2 id=\"faq\" style=\"text-align: justify;\">FAQ \u2013 Bek\u00e6mpelse af b\u00f8rneunderern\u00e6ring<\/h2>\n<h3 style=\"text-align: justify;\"><strong>1. Hvad er b\u00f8rneunderern\u00e6ring?<\/strong><\/h3>\n<p style=\"text-align: justify;\">B\u00f8rneunderern\u00e6ring er en ubalance mellem barnets behov for n\u00e6ringsstoffer og det, barnet faktisk f\u00e5r. Det kan skyldes for lidt eller uhensigtsm\u00e6ssig mad og kan f\u00f8re til mangel p\u00e5 vigtige n\u00e6ringsstoffer.<\/p>\n<h3 style=\"text-align: justify;\"><strong>2. Hvad er de vigtigste \u00e5rsager til underern\u00e6ring hos b\u00f8rn?<\/strong><\/h3>\n<p style=\"text-align: justify;\">\u00c5rsagerne kan v\u00e6re flere: fattigdom, manglende adgang til rent drikkevand, naturkatastrofer, konflikter og mangel p\u00e5 viden om ern\u00e6ring. Ofte p\u00e5virker faktorerne hinanden i de mest s\u00e5rbare omr\u00e5der.<\/p>\n<h3 style=\"text-align: justify;\"><strong>3. Hvordan kan man forebygge b\u00f8rneunderern\u00e6ring?<\/strong><\/h3>\n<p style=\"text-align: justify;\">Forebyggelse bygger p\u00e5 en varieret kost, madoplysning og l\u00f8bende opf\u00f8lgning p\u00e5 b\u00f8rns sundhed. Adgang til lokale f\u00f8devarer og rent drikkevand er ogs\u00e5 centralt.<\/p>\n<h3 style=\"text-align: justify;\"><strong>4. Hvilken rolle spiller deltagere i indsatsen mod underern\u00e6ring?<\/strong><\/h3>\n<p style=\"text-align: justify;\">Deltagere kan st\u00f8tte indsatser p\u00e5 stedet ved at facilitere workshops, f\u00f8lge b\u00f8rns udvikling og give familier konkrete redskaber. Deres tilstedev\u00e6relse kan styrke effekten af programmer med humanit\u00e6r ern\u00e6ring.<\/p>\n<h3 style=\"text-align: justify;\"><strong>5. Hvorfor er b\u00e6redygtig mad relevant i denne sammenh\u00e6ng?<\/strong><\/h3>\n<p style=\"text-align: justify;\">Fordi b\u00e6redygtig mad styrker f\u00f8devaresikkerheden p\u00e5 lang sigt. Den passer p\u00e5 naturressourcerne, fremh\u00e6ver lokale r\u00e5varer og underst\u00f8tter sundheden i de mest s\u00e5rbare grupper.<\/p>\n<p style=\"text-align: justify;\"><script type=\"application\/ld+json\">\n{\n  \"@context\": \"https:\/\/schema.org\",\n  \"@type\": \"FAQPage\",\n  \"mainEntity\": [\n    {\n      \"@type\": \"Question\",\n      \"name\": \"Hvad er b\u00f8rneunderern\u00e6ring?\",\n      \"acceptedAnswer\": {\n        \"@type\": \"Answer\",\n        \"text\": \"B\u00f8rneunderern\u00e6ring er en ubalance mellem barnets behov for n\u00e6ringsstoffer og det, barnet faktisk f\u00e5r, hvilket kan f\u00f8re til mangler og h\u00e6mmet v\u00e6kst.\"\n      }\n    },\n    {\n      \"@type\": \"Question\",\n      \"name\": \"Hvad er de vigtigste \u00e5rsager til underern\u00e6ring hos b\u00f8rn?\",\n      \"acceptedAnswer\": {\n        \"@type\": \"Answer\",\n        \"text\": \"De vigtigste \u00e5rsager er fattigdom, mangel p\u00e5 rent drikkevand, naturkatastrofer, konflikter og mangel p\u00e5 viden om ern\u00e6ring.\"\n      }\n    },\n    {\n      \"@type\": \"Question\",\n      \"name\": \"Hvordan kan man forebygge b\u00f8rneunderern\u00e6ring?\",\n      \"acceptedAnswer\": {\n        \"@type\": \"Answer\",\n        \"text\": \"Det forebygges gennem en varieret kost, m\u00e5lrettet madoplysning og regelm\u00e6ssig sundhedsopf\u00f8lgning for b\u00f8rn.\"\n      }\n    },\n    {\n      \"@type\": \"Question\",\n      \"name\": \"Hvilken rolle spiller deltagere i indsatsen mod underern\u00e6ring?\",\n      \"acceptedAnswer\": {\n        \"@type\": \"Answer\",\n        \"text\": \"Deltagere st\u00f8tter lokale teams, f\u00f8lger b\u00f8rns sundhed og gennemf\u00f8rer workshops, der g\u00f8r familier klogere p\u00e5 balanceret kost.\"\n      }\n    },\n    {\n      \"@type\": \"Question\",\n      \"name\": \"Hvorfor er b\u00e6redygtig mad relevant i denne sammenh\u00e6ng?\",\n      \"acceptedAnswer\": {\n        \"@type\": \"Answer\",\n        \"text\": \"Fordi b\u00e6redygtig mad sikrer fremtidig f\u00f8devaresikkerhed, beskytter milj\u00f8et og fremmer sundhed i lokalsamfund.\"\n      }\n    }\n  ]\n}\n<\/script><\/p>\n<p>\u00a0<\/p>\n<p id=\"contact\" style=\"text-align: center;\"><strong>Har du lyst til at tage n\u00e6ste skridt?<\/strong><\/p>\n<p style=\"text-align: center;\"><a href=\"https:\/\/www.vita-explorers.dk\/#tel-contact-form-glob\" target=\"_blank\" rel=\"noopener\">Jeg \u00f8nsker at blive sat i kontakt<\/a><\/p>\n<p class=\"muted\" style=\"text-align: center;\">\u00a9 VITA Institute \u2014 Ressourcer til ansvarlige internationale forl\u00f8b.<\/p>\n<p class=\"p4\" style=\"text-align: center;\"><b>Har du sp\u00f8rgsm\u00e5l, er du velkommen til at kontakte os p\u00e5 <\/b><a href=\"mailto:info@globalong.com\"><span class=\"s2\"><b>info@globalong.com<\/b><\/span><\/a><\/p>\n<p class=\"p4\" style=\"text-align: center;\"><b>Vil du vide mere om VITA Institute og vores community, s\u00e5 f\u00f8lg os p\u00e5 <\/b><a href=\"https:\/\/www.instagram.com\/globalongofficiel\/\" target=\"_blank\" rel=\"noopener\"><span class=\"s2\"><b>Instagram<\/b><\/span><\/a><b>, <\/b><a href=\"https:\/\/www.facebook.com\/globalong\" target=\"_blank\" rel=\"noopener\"><span class=\"s2\"><b>Facebook<\/b><\/span><\/a><b>, <\/b><a href=\"https:\/\/www.linkedin.com\/company\/5113177\/admin\/feed\/posts\/\" target=\"_blank\" rel=\"noopener\"><span class=\"s2\"><b>LinkedIn<\/b><\/span><\/a><b> og <\/b><a href=\"https:\/\/www.youtube.com\/c\/globalong\/videos\" target=\"_blank\" rel=\"noopener\"><span class=\"s2\"><b>YouTube<\/b><\/span><\/a><b>!<\/b><\/p>\n","protected":false},"excerpt":{"rendered":"<p>Bek\u00e6mpelse af b\u00f8rneunderern\u00e6ring: dit engagement for sund og b\u00e6redygtig mad til udsatte b\u00f8rn Bek\u00e6mpelse af b\u00f8rneunderern\u00e6ring er fortsat en global prioritet. I mange landdistrikter\u2026<\/p>\n","protected":false},"author":7,"featured_media":5860,"comment_status":"open","ping_status":"open","sticky":false,"template":"","format":"standard","meta":{"footnotes":""},"categories":[12,8],"tags":[],"yoast_head":"<!-- This site is optimized with the Yoast SEO Premium plugin v23.4 (Yoast SEO v23.4) - https:\/\/yoast.com\/wordpress\/plugins\/seo\/ -->\n<title>Indsats mod b\u00f8rneunderern\u00e6ring: Humanit\u00e6rt ern\u00e6ringsforl\u00f8b<\/title>\n<meta name=\"description\" content=\"Participez \u00e0 la lutte contre la malnutrition infantile et contribuez \u00e0 une alimentation saine et durable pour les enfants vuln\u00e9rables.\" \/>\n<meta name=\"robots\" content=\"index, follow, max-snippet:-1, max-image-preview:large, max-video-preview:-1\" \/>\n<link rel=\"canonical\" href=\"https:\/\/www.vita-explorers.dk\/blog\/kampen-mod-undernaering-hos-born\/\" \/>\n<meta property=\"og:locale\" content=\"da_DK\" \/>\n<meta property=\"og:type\" content=\"article\" \/>\n<meta property=\"og:title\" content=\"Bek\u00e6mp b\u00f8rneunderern\u00e6ring: dit engagement for sund og b\u00e6redygtig ern\u00e6ring for s\u00e5rbare b\u00f8rn\" \/>\n<meta property=\"og:description\" content=\"Participez \u00e0 la lutte contre la malnutrition infantile et contribuez \u00e0 une alimentation saine et durable pour les enfants vuln\u00e9rables.\" \/>\n<meta property=\"og:url\" content=\"https:\/\/www.vita-explorers.dk\/blog\/kampen-mod-undernaering-hos-born\/\" \/>\n<meta property=\"og:site_name\" content=\"VITA Explorers Blog\" \/>\n<meta property=\"article:publisher\" content=\"https:\/\/www.facebook.com\/globalong\" \/>\n<meta property=\"article:published_time\" content=\"2025-11-06T15:25:55+00:00\" \/>\n<meta property=\"og:image\" content=\"https:\/\/www.vita-explorers.dk\/blog\/wp-content\/uploads\/2016\/11\/gouter-avec-les-enfants-globalong-cambodge.jpg\" \/>\n\t<meta property=\"og:image:width\" content=\"1024\" \/>\n\t<meta property=\"og:image:height\" content=\"768\" \/>\n\t<meta property=\"og:image:type\" content=\"image\/jpeg\" \/>\n<meta name=\"author\" content=\"VITA Tribe\" \/>\n<meta name=\"twitter:card\" content=\"summary_large_image\" \/>\n<meta name=\"twitter:label1\" content=\"Skrevet af\" \/>\n\t<meta name=\"twitter:data1\" content=\"VITA Tribe\" \/>\n\t<meta name=\"twitter:label2\" content=\"Estimeret l\u00e6setid\" \/>\n\t<meta name=\"twitter:data2\" content=\"17 minutter\" \/>\n<script type=\"application\/ld+json\" class=\"yoast-schema-graph\">{\"@context\":\"https:\/\/schema.org\",\"@graph\":[{\"@type\":\"Article\",\"@id\":\"https:\/\/www.vita-explorers.dk\/blog\/kampen-mod-undernaering-hos-born\/#article\",\"isPartOf\":{\"@id\":\"https:\/\/www.vita-explorers.dk\/blog\/kampen-mod-undernaering-hos-born\/\"},\"author\":{\"name\":\"VITA Tribe\",\"@id\":\"https:\/\/www.vita-explorers.dk\/blog\/#\/schema\/person\/fc0343a2f2db2ebb2793c1f62dbe73f0\"},\"headline\":\"Bek\u00e6mp b\u00f8rneunderern\u00e6ring: dit engagement for sund og b\u00e6redygtig ern\u00e6ring for s\u00e5rbare b\u00f8rn\",\"datePublished\":\"2025-11-06T15:25:55+00:00\",\"dateModified\":\"2025-11-06T15:25:55+00:00\",\"mainEntityOfPage\":{\"@id\":\"https:\/\/www.vita-explorers.dk\/blog\/kampen-mod-undernaering-hos-born\/\"},\"wordCount\":3061,\"commentCount\":0,\"publisher\":{\"@id\":\"https:\/\/www.vita-explorers.dk\/blog\/#organization\"},\"image\":{\"@id\":\"https:\/\/www.vita-explorers.dk\/blog\/kampen-mod-undernaering-hos-born\/#primaryimage\"},\"thumbnailUrl\":\"https:\/\/www.vita-explorers.dk\/blog\/wp-content\/uploads\/2016\/11\/gouter-avec-les-enfants-globalong-cambodge.jpg\",\"articleSection\":[\"Asien\",\"Humanit\u00e6rt frivilligt arbejde\"],\"inLanguage\":\"da-DK\",\"potentialAction\":[{\"@type\":\"CommentAction\",\"name\":\"Comment\",\"target\":[\"https:\/\/www.vita-explorers.dk\/blog\/kampen-mod-undernaering-hos-born\/#respond\"]}]},{\"@type\":\"WebPage\",\"@id\":\"https:\/\/www.vita-explorers.dk\/blog\/kampen-mod-undernaering-hos-born\/\",\"url\":\"https:\/\/www.vita-explorers.dk\/blog\/kampen-mod-undernaering-hos-born\/\",\"name\":\"Indsats mod b\u00f8rneunderern\u00e6ring: Humanit\u00e6rt ern\u00e6ringsforl\u00f8b\",\"isPartOf\":{\"@id\":\"https:\/\/www.vita-explorers.dk\/blog\/#website\"},\"primaryImageOfPage\":{\"@id\":\"https:\/\/www.vita-explorers.dk\/blog\/kampen-mod-undernaering-hos-born\/#primaryimage\"},\"image\":{\"@id\":\"https:\/\/www.vita-explorers.dk\/blog\/kampen-mod-undernaering-hos-born\/#primaryimage\"},\"thumbnailUrl\":\"https:\/\/www.vita-explorers.dk\/blog\/wp-content\/uploads\/2016\/11\/gouter-avec-les-enfants-globalong-cambodge.jpg\",\"datePublished\":\"2025-11-06T15:25:55+00:00\",\"dateModified\":\"2025-11-06T15:25:55+00:00\",\"description\":\"Participez \u00e0 la lutte contre la malnutrition infantile et contribuez \u00e0 une alimentation saine et durable pour les enfants vuln\u00e9rables.\",\"breadcrumb\":{\"@id\":\"https:\/\/www.vita-explorers.dk\/blog\/kampen-mod-undernaering-hos-born\/#breadcrumb\"},\"inLanguage\":\"da-DK\",\"potentialAction\":[{\"@type\":\"ReadAction\",\"target\":[\"https:\/\/www.vita-explorers.dk\/blog\/kampen-mod-undernaering-hos-born\/\"]}]},{\"@type\":\"ImageObject\",\"inLanguage\":\"da-DK\",\"@id\":\"https:\/\/www.vita-explorers.dk\/blog\/kampen-mod-undernaering-hos-born\/#primaryimage\",\"url\":\"https:\/\/www.vita-explorers.dk\/blog\/wp-content\/uploads\/2016\/11\/gouter-avec-les-enfants-globalong-cambodge.jpg\",\"contentUrl\":\"https:\/\/www.vita-explorers.dk\/blog\/wp-content\/uploads\/2016\/11\/gouter-avec-les-enfants-globalong-cambodge.jpg\",\"width\":1024,\"height\":768,\"caption\":\"B\u00e9n\u00e9volat international en Asie - Cambodge - GlobAlong\"},{\"@type\":\"BreadcrumbList\",\"@id\":\"https:\/\/www.vita-explorers.dk\/blog\/kampen-mod-undernaering-hos-born\/#breadcrumb\",\"itemListElement\":[{\"@type\":\"ListItem\",\"position\":1,\"name\":\"Accueil\",\"item\":\"https:\/\/www.vita-explorers.dk\/blog\/\"},{\"@type\":\"ListItem\",\"position\":2,\"name\":\"Bek\u00e6mp b\u00f8rneunderern\u00e6ring: dit engagement for sund og b\u00e6redygtig ern\u00e6ring for s\u00e5rbare b\u00f8rn\"}]},{\"@type\":\"WebSite\",\"@id\":\"https:\/\/www.vita-explorers.dk\/blog\/#website\",\"url\":\"https:\/\/www.vita-explorers.dk\/blog\/\",\"name\":\"Association Globalong\",\"description\":\"Frivilligt arbejde, sprogophold, praktik i udlandet og internationale oplevelser\",\"publisher\":{\"@id\":\"https:\/\/www.vita-explorers.dk\/blog\/#organization\"},\"potentialAction\":[{\"@type\":\"SearchAction\",\"target\":{\"@type\":\"EntryPoint\",\"urlTemplate\":\"https:\/\/www.vita-explorers.dk\/blog\/?s={search_term_string}\"},\"query-input\":{\"@type\":\"PropertyValueSpecification\",\"valueRequired\":true,\"valueName\":\"search_term_string\"}}],\"inLanguage\":\"da-DK\"},{\"@type\":\"Organization\",\"@id\":\"https:\/\/www.vita-explorers.dk\/blog\/#organization\",\"name\":\"Association Globalong\",\"url\":\"https:\/\/www.vita-explorers.dk\/blog\/\",\"logo\":{\"@type\":\"ImageObject\",\"inLanguage\":\"da-DK\",\"@id\":\"https:\/\/www.vita-explorers.dk\/blog\/#\/schema\/logo\/image\/\",\"url\":\"https:\/\/www.globalong.com\/blog\/wp-content\/uploads\/2014\/11\/cropped-cropped-Logo-et-Afrique-Globalong-petite-taille-2.jpg\",\"contentUrl\":\"https:\/\/www.globalong.com\/blog\/wp-content\/uploads\/2014\/11\/cropped-cropped-Logo-et-Afrique-Globalong-petite-taille-2.jpg\",\"width\":512,\"height\":512,\"caption\":\"Association Globalong\"},\"image\":{\"@id\":\"https:\/\/www.vita-explorers.dk\/blog\/#\/schema\/logo\/image\/\"},\"sameAs\":[\"https:\/\/www.facebook.com\/globalong\"]},{\"@type\":\"Person\",\"@id\":\"https:\/\/www.vita-explorers.dk\/blog\/#\/schema\/person\/fc0343a2f2db2ebb2793c1f62dbe73f0\",\"name\":\"VITA Tribe\",\"image\":{\"@type\":\"ImageObject\",\"inLanguage\":\"da-DK\",\"@id\":\"https:\/\/www.vita-explorers.dk\/blog\/#\/schema\/person\/image\/\",\"url\":\"https:\/\/secure.gravatar.com\/avatar\/f7f05026bb439d0c96b30e135e5f852c?s=96&d=mm&r=g\",\"contentUrl\":\"https:\/\/secure.gravatar.com\/avatar\/f7f05026bb439d0c96b30e135e5f852c?s=96&d=mm&r=g\",\"caption\":\"VITA Tribe\"},\"sameAs\":[\"http:\/\/www.globalong.com\"],\"url\":\"https:\/\/www.vita-explorers.dk\/blog\/author\/teamglobalong\/\"}]}<\/script>\n<!-- \/ Yoast SEO Premium plugin. -->","yoast_head_json":{"title":"Indsats mod b\u00f8rneunderern\u00e6ring: Humanit\u00e6rt ern\u00e6ringsforl\u00f8b","description":"Participez \u00e0 la lutte contre la malnutrition infantile et contribuez \u00e0 une alimentation saine et durable pour les enfants vuln\u00e9rables.","robots":{"index":"index","follow":"follow","max-snippet":"max-snippet:-1","max-image-preview":"max-image-preview:large","max-video-preview":"max-video-preview:-1"},"canonical":"https:\/\/www.vita-explorers.dk\/blog\/kampen-mod-undernaering-hos-born\/","og_locale":"da_DK","og_type":"article","og_title":"Bek\u00e6mp b\u00f8rneunderern\u00e6ring: dit engagement for sund og b\u00e6redygtig ern\u00e6ring for s\u00e5rbare b\u00f8rn","og_description":"Participez \u00e0 la lutte contre la malnutrition infantile et contribuez \u00e0 une alimentation saine et durable pour les enfants vuln\u00e9rables.","og_url":"https:\/\/www.vita-explorers.dk\/blog\/kampen-mod-undernaering-hos-born\/","og_site_name":"VITA Explorers Blog","article_publisher":"https:\/\/www.facebook.com\/globalong","article_published_time":"2025-11-06T15:25:55+00:00","og_image":[{"width":1024,"height":768,"url":"https:\/\/www.vita-explorers.dk\/blog\/wp-content\/uploads\/2016\/11\/gouter-avec-les-enfants-globalong-cambodge.jpg","type":"image\/jpeg"}],"author":"VITA Tribe","twitter_card":"summary_large_image","twitter_misc":{"Skrevet af":"VITA Tribe","Estimeret l\u00e6setid":"17 minutter"},"schema":{"@context":"https:\/\/schema.org","@graph":[{"@type":"Article","@id":"https:\/\/www.vita-explorers.dk\/blog\/kampen-mod-undernaering-hos-born\/#article","isPartOf":{"@id":"https:\/\/www.vita-explorers.dk\/blog\/kampen-mod-undernaering-hos-born\/"},"author":{"name":"VITA Tribe","@id":"https:\/\/www.vita-explorers.dk\/blog\/#\/schema\/person\/fc0343a2f2db2ebb2793c1f62dbe73f0"},"headline":"Bek\u00e6mp b\u00f8rneunderern\u00e6ring: dit engagement for sund og b\u00e6redygtig ern\u00e6ring for s\u00e5rbare b\u00f8rn","datePublished":"2025-11-06T15:25:55+00:00","dateModified":"2025-11-06T15:25:55+00:00","mainEntityOfPage":{"@id":"https:\/\/www.vita-explorers.dk\/blog\/kampen-mod-undernaering-hos-born\/"},"wordCount":3061,"commentCount":0,"publisher":{"@id":"https:\/\/www.vita-explorers.dk\/blog\/#organization"},"image":{"@id":"https:\/\/www.vita-explorers.dk\/blog\/kampen-mod-undernaering-hos-born\/#primaryimage"},"thumbnailUrl":"https:\/\/www.vita-explorers.dk\/blog\/wp-content\/uploads\/2016\/11\/gouter-avec-les-enfants-globalong-cambodge.jpg","articleSection":["Asien","Humanit\u00e6rt frivilligt arbejde"],"inLanguage":"da-DK","potentialAction":[{"@type":"CommentAction","name":"Comment","target":["https:\/\/www.vita-explorers.dk\/blog\/kampen-mod-undernaering-hos-born\/#respond"]}]},{"@type":"WebPage","@id":"https:\/\/www.vita-explorers.dk\/blog\/kampen-mod-undernaering-hos-born\/","url":"https:\/\/www.vita-explorers.dk\/blog\/kampen-mod-undernaering-hos-born\/","name":"Indsats mod b\u00f8rneunderern\u00e6ring: Humanit\u00e6rt ern\u00e6ringsforl\u00f8b","isPartOf":{"@id":"https:\/\/www.vita-explorers.dk\/blog\/#website"},"primaryImageOfPage":{"@id":"https:\/\/www.vita-explorers.dk\/blog\/kampen-mod-undernaering-hos-born\/#primaryimage"},"image":{"@id":"https:\/\/www.vita-explorers.dk\/blog\/kampen-mod-undernaering-hos-born\/#primaryimage"},"thumbnailUrl":"https:\/\/www.vita-explorers.dk\/blog\/wp-content\/uploads\/2016\/11\/gouter-avec-les-enfants-globalong-cambodge.jpg","datePublished":"2025-11-06T15:25:55+00:00","dateModified":"2025-11-06T15:25:55+00:00","description":"Participez \u00e0 la lutte contre la malnutrition infantile et contribuez \u00e0 une alimentation saine et durable pour les enfants vuln\u00e9rables.","breadcrumb":{"@id":"https:\/\/www.vita-explorers.dk\/blog\/kampen-mod-undernaering-hos-born\/#breadcrumb"},"inLanguage":"da-DK","potentialAction":[{"@type":"ReadAction","target":["https:\/\/www.vita-explorers.dk\/blog\/kampen-mod-undernaering-hos-born\/"]}]},{"@type":"ImageObject","inLanguage":"da-DK","@id":"https:\/\/www.vita-explorers.dk\/blog\/kampen-mod-undernaering-hos-born\/#primaryimage","url":"https:\/\/www.vita-explorers.dk\/blog\/wp-content\/uploads\/2016\/11\/gouter-avec-les-enfants-globalong-cambodge.jpg","contentUrl":"https:\/\/www.vita-explorers.dk\/blog\/wp-content\/uploads\/2016\/11\/gouter-avec-les-enfants-globalong-cambodge.jpg","width":1024,"height":768,"caption":"B\u00e9n\u00e9volat international en Asie - Cambodge - GlobAlong"},{"@type":"BreadcrumbList","@id":"https:\/\/www.vita-explorers.dk\/blog\/kampen-mod-undernaering-hos-born\/#breadcrumb","itemListElement":[{"@type":"ListItem","position":1,"name":"Accueil","item":"https:\/\/www.vita-explorers.dk\/blog\/"},{"@type":"ListItem","position":2,"name":"Bek\u00e6mp b\u00f8rneunderern\u00e6ring: dit engagement for sund og b\u00e6redygtig ern\u00e6ring for s\u00e5rbare b\u00f8rn"}]},{"@type":"WebSite","@id":"https:\/\/www.vita-explorers.dk\/blog\/#website","url":"https:\/\/www.vita-explorers.dk\/blog\/","name":"Association Globalong","description":"Frivilligt arbejde, sprogophold, praktik i udlandet og internationale oplevelser","publisher":{"@id":"https:\/\/www.vita-explorers.dk\/blog\/#organization"},"potentialAction":[{"@type":"SearchAction","target":{"@type":"EntryPoint","urlTemplate":"https:\/\/www.vita-explorers.dk\/blog\/?s={search_term_string}"},"query-input":{"@type":"PropertyValueSpecification","valueRequired":true,"valueName":"search_term_string"}}],"inLanguage":"da-DK"},{"@type":"Organization","@id":"https:\/\/www.vita-explorers.dk\/blog\/#organization","name":"Association Globalong","url":"https:\/\/www.vita-explorers.dk\/blog\/","logo":{"@type":"ImageObject","inLanguage":"da-DK","@id":"https:\/\/www.vita-explorers.dk\/blog\/#\/schema\/logo\/image\/","url":"https:\/\/www.globalong.com\/blog\/wp-content\/uploads\/2014\/11\/cropped-cropped-Logo-et-Afrique-Globalong-petite-taille-2.jpg","contentUrl":"https:\/\/www.globalong.com\/blog\/wp-content\/uploads\/2014\/11\/cropped-cropped-Logo-et-Afrique-Globalong-petite-taille-2.jpg","width":512,"height":512,"caption":"Association Globalong"},"image":{"@id":"https:\/\/www.vita-explorers.dk\/blog\/#\/schema\/logo\/image\/"},"sameAs":["https:\/\/www.facebook.com\/globalong"]},{"@type":"Person","@id":"https:\/\/www.vita-explorers.dk\/blog\/#\/schema\/person\/fc0343a2f2db2ebb2793c1f62dbe73f0","name":"VITA Tribe","image":{"@type":"ImageObject","inLanguage":"da-DK","@id":"https:\/\/www.vita-explorers.dk\/blog\/#\/schema\/person\/image\/","url":"https:\/\/secure.gravatar.com\/avatar\/f7f05026bb439d0c96b30e135e5f852c?s=96&d=mm&r=g","contentUrl":"https:\/\/secure.gravatar.com\/avatar\/f7f05026bb439d0c96b30e135e5f852c?s=96&d=mm&r=g","caption":"VITA Tribe"},"sameAs":["http:\/\/www.globalong.com"],"url":"https:\/\/www.vita-explorers.dk\/blog\/author\/teamglobalong\/"}]}},"_links":{"self":[{"href":"https:\/\/www.vita-explorers.dk\/blog\/wp-json\/wp\/v2\/posts\/22369"}],"collection":[{"href":"https:\/\/www.vita-explorers.dk\/blog\/wp-json\/wp\/v2\/posts"}],"about":[{"href":"https:\/\/www.vita-explorers.dk\/blog\/wp-json\/wp\/v2\/types\/post"}],"author":[{"embeddable":true,"href":"https:\/\/www.vita-explorers.dk\/blog\/wp-json\/wp\/v2\/users\/7"}],"replies":[{"embeddable":true,"href":"https:\/\/www.vita-explorers.dk\/blog\/wp-json\/wp\/v2\/comments?post=22369"}],"version-history":[{"count":4,"href":"https:\/\/www.vita-explorers.dk\/blog\/wp-json\/wp\/v2\/posts\/22369\/revisions"}],"predecessor-version":[{"id":22505,"href":"https:\/\/www.vita-explorers.dk\/blog\/wp-json\/wp\/v2\/posts\/22369\/revisions\/22505"}],"wp:featuredmedia":[{"embeddable":true,"href":"https:\/\/www.vita-explorers.dk\/blog\/wp-json\/wp\/v2\/media\/5860"}],"wp:attachment":[{"href":"https:\/\/www.vita-explorers.dk\/blog\/wp-json\/wp\/v2\/media?parent=22369"}],"wp:term":[{"taxonomy":"category","embeddable":true,"href":"https:\/\/www.vita-explorers.dk\/blog\/wp-json\/wp\/v2\/categories?post=22369"},{"taxonomy":"post_tag","embeddable":true,"href":"https:\/\/www.vita-explorers.dk\/blog\/wp-json\/wp\/v2\/tags?post=22369"}],"curies":[{"name":"wp","href":"https:\/\/api.w.org\/{rel}","templated":true}]}}