{"id":22389,"date":"2025-11-07T11:13:17","date_gmt":"2025-11-07T10:13:17","guid":{"rendered":"https:\/\/www.globalong.com\/blog\/?p=22389"},"modified":"2025-11-07T15:28:42","modified_gmt":"2025-11-07T14:28:42","slug":"pleje-og-rehabilitering-af-dyr","status":"publish","type":"post","link":"https:\/\/www.vita-explorers.dk\/blog\/pleje-og-rehabilitering-af-dyr\/","title":{"rendered":"Dyrepleje og rehabilitering i Namibia: en fordybelse i natur og San-kultur"},"content":{"rendered":"<p style=\"text-align: center;\"><span style=\"font-size: 14pt;\"><strong>Forl\u00e6ng dit ophold i Namibia med en uforglemmelig uge med frivilligt arbejde med skadede dyr \u2013 og f\u00e5 samtidig indblik i San-folkets rige kultur.<\/strong><\/span><\/p>\n<p>\u00a0<\/p>\n<p style=\"text-align: justify;\" data-start=\"992\" data-end=\"1418\"><span style=\"font-size: 14pt;\">Cirka tre timer fra Windhoek ligger dette supplerende forl\u00f8b, som inviterer deltagere til en helt s\u00e6rlig uge: syv dage med fokus p\u00e5 <strong data-start=\"1361\" data-end=\"1387\">rehabilitering af dyr<\/strong> og m\u00f8det med <strong data-start=\"1413\" data-end=\"1428\">San-kulturen<\/strong> \u2013 et af de \u00e6ldste oprindelige folk i det sydlige Afrika.<\/span><\/p>\n<p style=\"text-align: justify;\" data-start=\"1420\" data-end=\"2109\"><span style=\"font-size: 14pt;\">Forl\u00f8bet er for deltagere, der allerede er med i et af VITAs tre hovedprogrammer i Namibia: <a class=\"decorated-link\" href=\"https:\/\/www.vita-explorers.dk\/frivilligt-arbejde\/frivilligt-arbejde-humanitaert-afrika-namibie-ansvarlig-rejse\/b%C3%A9n%C3%A9volat-medical-clinique-soin-analyse-stage-humanitaire.html\" target=\"_new\" rel=\"noopener\" data-start=\"1521\" data-end=\"1725\">community sundhedsprojekt<\/a>, <a class=\"decorated-link\" href=\"https:\/\/www.vita-explorers.dk\/frivilligt-arbejde\/frivilligt-arbejde-humanitaert-afrika-namibie-ansvarlig-rejse\/internationalt-frivilligt-arbejde-undervisning.html\" target=\"_new\" rel=\"noopener\" data-start=\"1730\" data-end=\"1921\">undervisning med San-b\u00f8rn<\/a>, eller <a class=\"decorated-link\" href=\"https:\/\/www.vita-explorers.dk\/frivilligt-arbejde\/frivilligt-arbejde-humanitaert-afrika-namibie-ansvarlig-rejse\/dyrefrivilligt-arbejde-namibia-veterinaerklinik.html\" target=\"_new\" rel=\"noopener\" data-start=\"1929\" data-end=\"2106\">det prim\u00e6re dyre- og naturforl\u00f8b<\/a>.<\/span><\/p>\n<h3 style=\"text-align: justify;\" data-start=\"2116\" data-end=\"2183\"><\/h3>\n<h3 style=\"text-align: justify;\" data-start=\"2116\" data-end=\"2183\"><span style=\"color: #b81657; font-size: 14pt;\"><strong data-start=\"2123\" data-end=\"2181\">Et bindeled mellem dyrevelf\u00e6rd og levende kulturarv<\/strong><\/span><\/h3>\n<p style=\"text-align: justify;\" data-start=\"2289\" data-end=\"2573\"><span style=\"font-size: 14pt;\">Sanctuariet tager imod dyr, der er skadet, for\u00e6ldrel\u00f8se eller kommet til skade i konflikter med mennesker. Hver dag bidrager deltagerne til deres <strong data-start=\"2431\" data-end=\"2475\">pasning og rehabilitering<\/strong>: klarg\u00f8ring af foder, adf\u00e6rdsobservation, basal pleje og forbedring af indhegninger.<\/span><\/p>\n<p style=\"text-align: justify;\" data-start=\"2575\" data-end=\"2935\"><span style=\"font-size: 14pt;\">Men forl\u00f8bet handler ikke kun om dyrebeskyttelse. Deltagerne f\u00e5r ogs\u00e5 mulighed for at m\u00f8de <strong data-start=\"2694\" data-end=\"2712\">San-samfundet<\/strong>, l\u00e6re om traditioner, overlevelsesteknikker og deres t\u00e6tte relation til naturen. De samtaler og udvekslinger er kernen i oplevelsen \u2013 og viser m\u00f8det mellem <strong data-start=\"2892\" data-end=\"2932\">biodiversitet og kulturel mangfoldighed<\/strong>.<\/span><\/p>\n<h3 data-start=\"2845\" data-end=\"2892\"><\/h3>\n<h3 style=\"text-align: justify;\" data-start=\"2845\" data-end=\"2892\"><span style=\"font-size: 14pt; color: #b81657;\"><strong data-start=\"2852\" data-end=\"2890\">Varierede og konkrete opgaver<\/strong><\/span><\/h3>\n<p data-start=\"2990\" data-end=\"3062\"><span style=\"font-size: 14pt;\">Dagene veksler mellem dyrepleje og lokale oplevelser:<\/span><\/p>\n<ul>\n<li data-start=\"3065\" data-end=\"3112\"><span style=\"font-size: 14pt;\">Forberedelse og uddeling af foder.<\/span><\/li>\n<li data-start=\"3115\" data-end=\"3156\"><span style=\"font-size: 14pt;\">Reng\u00f8ring og forbedring af habitater.<\/span><\/li>\n<li data-start=\"3159\" data-end=\"3209\"><span style=\"font-size: 14pt;\">L\u00e6rerige g\u00e5ture med observation af dyreliv.<\/span><\/li>\n<li data-start=\"3212\" data-end=\"3294\"><span style=\"font-size: 14pt;\">San-kulturworkshops: h\u00e5ndv\u00e6rk, bueskydning, fort\u00e6llinger og traditionelle sange.<\/span><\/li>\n<li data-start=\"3297\" data-end=\"3372\"><span style=\"font-size: 14pt;\">Deltagelse i aktiviteter, der skaber viden om dyrevelf\u00e6rd.<\/span><\/li>\n<\/ul>\n<p data-start=\"3374\" data-end=\"3510\"><span style=\"font-size: 14pt;\">Variation i opgaver g\u00f8r det muligt at bidrage ud fra egne kompetencer og i eget tempo \u2013 i et trygt og l\u00e6rende milj\u00f8.<\/span><\/p>\n<h3 data-start=\"3403\" data-end=\"3444\"><\/h3>\n<h3 style=\"text-align: justify;\" data-start=\"3403\" data-end=\"3444\"><span style=\"font-size: 14pt; color: #b81657;\"><strong data-start=\"3411\" data-end=\"3442\">Indkvartering og rammer<\/strong><\/span><\/h3>\n<p data-start=\"3559\" data-end=\"3777\"><span style=\"font-size: 14pt;\">Deltagerne bor i <strong data-start=\"3595\" data-end=\"3614\">tr\u00e6hytter<\/strong> med enkeltsenge og moderne toilet- og badeforhold. Der serveres tre m\u00e5ltider om dagen i en afslappet og social atmosf\u00e6re med b\u00e5de lokale og internationale retter.<\/span><\/p>\n<p data-start=\"3779\" data-end=\"3996\"><span style=\"font-size: 14pt;\">Teamet p\u00e5 stedet f\u00f8lger deltagerne t\u00e6t og er en del af hverdagen. N\u00e5r dagen slutter, bliver solnedgangen over den namibiske savanne ofte rammen om gode samtaler, grin og venskaber, der varer ved.<\/span><\/p>\n<p data-start=\"3690\" data-end=\"3741\"><span style=\"font-size: 14pt; color: #b81657;\"><strong data-start=\"3693\" data-end=\"3739\">Programpris: 805 \u20ac for en uge<\/strong><\/span><\/p>\n<p style=\"text-align: justify;\" data-start=\"3743\" data-end=\"3764\"><span style=\"font-size: 14pt;\">Bel\u00f8bet<em><strong> l\u00e6gges oven i prisen for hovedforl\u00f8bet<\/strong><\/em> (sundhed, undervisning eller dyre- og naturbeskyttelse) og d\u00e6kker en ekstra uge med erfaring i felten. Det inkluderer indkvartering, fuld forplejning, interne transporter og lokal st\u00f8tte:<\/span><\/p>\n<ul style=\"text-align: justify;\">\n<li data-start=\"3767\" data-end=\"3821\"><span style=\"font-size: 14pt;\">Indkvartering i delt v\u00e6relse (tr\u00e6hytter).<\/span><\/li>\n<li data-start=\"3824\" data-end=\"3865\"><span style=\"font-size: 14pt;\">Fuld forplejning (3 m\u00e5ltider om dagen).<\/span><\/li>\n<li data-start=\"3868\" data-end=\"3908\"><span style=\"font-size: 14pt;\">Interne transporter mellem projekter.<\/span><\/li>\n<li data-start=\"3911\" data-end=\"3977\"><span style=\"font-size: 14pt;\">Vejledning og st\u00f8tte fra VITA-teamet p\u00e5 stedet.<\/span><\/li>\n<li data-start=\"3980\" data-end=\"4044\"><span style=\"font-size: 14pt;\">Adgang til introduktion, kulturelle aktiviteter og l\u00e6ringsforl\u00f8b.<\/span><\/li>\n<li data-start=\"4047\" data-end=\"4116\"><span style=\"font-size: 14pt;\">Praktisk opf\u00f8lgning og deltagerbevis fra VITA.<\/span><\/li>\n<li data-start=\"4119\" data-end=\"4157\"><span style=\"font-size: 14pt;\">Support p\u00e5 stedet d\u00f8gnet rundt, alle ugens dage.<\/span><\/li>\n<\/ul>\n<p style=\"text-align: justify;\" data-start=\"4159\" data-end=\"4251\"><span style=\"font-size: 14pt;\">Personlige udgifter, ekstra udflugter og forsikringer er ikke inkluderet.<\/span><\/p>\n<p style=\"text-align: justify;\" data-start=\"4159\" data-end=\"4251\"><span style=\"font-size: 14pt;\"><strong><span style=\"color: #b81657;\">Varighed<\/span><\/strong><\/span><\/p>\n<p style=\"text-align: justify;\" data-start=\"4159\" data-end=\"4251\"><span style=\"font-size: 14pt;\">???? N\u00e5r du v\u00e6lger en add-on, <strong data-start=\"1216\" data-end=\"1312\">forl\u00e6nges dit samlede ophold automatisk med \u00e9n ekstra uge<\/strong>, s\u00e5 du f\u00e5r tid til b\u00e5de dyrehabilitering og kulturel fordybelse.<\/span><\/p>\n<h3 style=\"text-align: justify;\" data-start=\"3967\" data-end=\"4024\"><span style=\"font-size: 14pt; color: #b81657;\"><strong data-start=\"3974\" data-end=\"4022\">Et supplerende forl\u00f8b med stor betydning<\/strong><\/span><\/h3>\n<p style=\"text-align: justify;\" data-start=\"4025\" data-end=\"4357\"><span style=\"font-size: 14pt;\">At v\u00e6re med i denne uge er at bidrage til <strong data-start=\"4111\" data-end=\"4145\">beskyttelse af vilde dyr<\/strong> samtidig med, at du l\u00e6rer en <strong data-start=\"4169\" data-end=\"4191\">\u00e6ldgammel kultur<\/strong> at kende i en nutidig kontekst. Forl\u00f8bet videref\u00f8rer det, VITA st\u00e5r for: ansvarlige ophold med menneskeligt n\u00e6rv\u00e6r, l\u00e6ring og respekt.<\/span><\/p>\n<p style=\"text-align: justify;\" data-start=\"4401\" data-end=\"4752\"><br data-start=\"4554\" data-end=\"4557\" \/><span style=\"font-size: 14pt;\">???? Se ogs\u00e5 de andre supplerende forl\u00f8b:<\/span><\/p>\n<ul>\n<li style=\"text-align: justify;\" data-start=\"4401\" data-end=\"4752\"><span style=\"font-size: 14pt;\"><a href=\"https:\/\/www.vita-explorers.dk\/blog\/kystbeskyttelse-og-marin-okofrivilligt-arbejde\/\" target=\"_blank\" rel=\"noopener\">Beskyttelse af kystlinjen og marint naturarbejde<\/a><\/span><\/li>\n<li style=\"text-align: justify;\" data-start=\"4401\" data-end=\"4752\"><span style=\"font-size: 14pt;\"><a href=\"https:\/\/www.vita-explorers.dk\/blog\/namibisk-\u00f8rken-og-naturbevarelse\/\" target=\"_blank\" rel=\"noopener\">Udforskning af Namib-\u00f8rkenen og naturbevarelse<\/a><\/span><\/li>\n<li style=\"text-align: justify;\" data-start=\"4401\" data-end=\"4752\"><span style=\"font-size: 14pt;\"><a href=\"https:\/\/www.vita-explorers.dk\/blog\/rehabiliteret-dyreliv-i-reservat\/\" target=\"_blank\" rel=\"noopener\">Observation af rehabiliterede dyr i naturreservat<\/a><\/span><\/li>\n<li style=\"text-align: justify;\" data-start=\"4401\" data-end=\"4752\"><span style=\"font-size: 14pt;\"><a href=\"https:\/\/www.vita-explorers.dk\/blog\/vinoplevelser-og-beskyttelse-af-geparder\/\" target=\"_blank\" rel=\"noopener\">Vinoplevelser og bevaring af geparder<\/a><\/span><\/li>\n<\/ul>\n<div id=\"aircall-extension-app\"><\/div>\n<div id=\"aircall-extension-app\"><img loading=\"lazy\" decoding=\"async\" class=\"aligncenter wp-image-22390 size-large\" src=\"https:\/\/www.vita-explorers.dk\/blog\/wp-content\/uploads\/2025\/11\/Capture-decran-2025-11-07-a-10.54.36-1024x518.png\" alt=\"\" width=\"640\" height=\"324\" srcset=\"https:\/\/www.vita-explorers.dk\/blog\/wp-content\/uploads\/2025\/11\/Capture-decran-2025-11-07-a-10.54.36-1024x518.png 1024w, https:\/\/www.vita-explorers.dk\/blog\/wp-content\/uploads\/2025\/11\/Capture-decran-2025-11-07-a-10.54.36-300x152.png 300w, https:\/\/www.vita-explorers.dk\/blog\/wp-content\/uploads\/2025\/11\/Capture-decran-2025-11-07-a-10.54.36-768x389.png 768w, https:\/\/www.vita-explorers.dk\/blog\/wp-content\/uploads\/2025\/11\/Capture-decran-2025-11-07-a-10.54.36-1536x777.png 1536w, https:\/\/www.vita-explorers.dk\/blog\/wp-content\/uploads\/2025\/11\/Capture-decran-2025-11-07-a-10.54.36.png 1822w\" sizes=\"(max-width: 640px) 100vw, 640px\" \/><\/div>\n<div id=\"aircall-extension-app\"><\/div>\n<div id=\"aircall-extension-app\"><\/div>\n<div id=\"aircall-extension-app\"><\/div>\n<div id=\"aircall-extension-app\"><\/div>\n<div id=\"aircall-extension-app\"><\/div>\n<div id=\"aircall-extension-app\"><\/div>\n","protected":false},"excerpt":{"rendered":"<p>Forl\u00e6ng dit ophold i Namibia med en uforglemmelig uge med frivilligt arbejde med skadede dyr \u2013 og f\u00e5 samtidig indblik i San-folkets rige kultur.\u2026<\/p>\n","protected":false},"author":1,"featured_media":22390,"comment_status":"open","ping_status":"open","sticky":false,"template":"","format":"standard","meta":{"footnotes":""},"categories":[1462],"tags":[],"yoast_head":"<!-- This site is optimized with the Yoast SEO Premium plugin v23.4 (Yoast SEO v23.4) - https:\/\/yoast.com\/wordpress\/plugins\/seo\/ -->\n<title>Frivilligt arbejde i Namibia med rehabilitering af dyr - VITA Explorers Blog<\/title>\n<meta name=\"description\" content=\"Engagez-vous dans le b\u00e9n\u00e9volat en Namibie et participez \u00e0 la r\u00e9habilitation animale tout en d\u00e9couvrant les traditions San.\" \/>\n<meta name=\"robots\" content=\"index, follow, max-snippet:-1, max-image-preview:large, max-video-preview:-1\" \/>\n<link rel=\"canonical\" href=\"https:\/\/www.vita-explorers.dk\/blog\/pleje-og-rehabilitering-af-dyr\/\" \/>\n<meta property=\"og:locale\" content=\"da_DK\" \/>\n<meta property=\"og:type\" content=\"article\" \/>\n<meta property=\"og:title\" content=\"Dyrepleje og rehabilitering i Namibia: en fordybelse i natur og San-kultur\" \/>\n<meta property=\"og:description\" content=\"Engagez-vous dans le b\u00e9n\u00e9volat en Namibie et participez \u00e0 la r\u00e9habilitation animale tout en d\u00e9couvrant les traditions San.\" \/>\n<meta property=\"og:url\" content=\"https:\/\/www.vita-explorers.dk\/blog\/pleje-og-rehabilitering-af-dyr\/\" \/>\n<meta property=\"og:site_name\" content=\"VITA Explorers Blog\" \/>\n<meta property=\"article:publisher\" content=\"https:\/\/www.facebook.com\/globalong\" \/>\n<meta property=\"article:published_time\" content=\"2025-11-07T10:13:17+00:00\" \/>\n<meta property=\"article:modified_time\" content=\"2025-11-07T14:28:42+00:00\" \/>\n<meta property=\"og:image\" content=\"https:\/\/www.vita-explorers.dk\/blog\/wp-content\/uploads\/2025\/11\/Capture-decran-2025-11-07-a-10.54.36-1024x518.png\" \/>\n\t<meta property=\"og:image:width\" content=\"1024\" \/>\n\t<meta property=\"og:image:height\" content=\"518\" \/>\n\t<meta property=\"og:image:type\" content=\"image\/png\" \/>\n<meta name=\"author\" content=\"VITA Tribe\" \/>\n<meta name=\"twitter:card\" content=\"summary_large_image\" \/>\n<meta name=\"twitter:label1\" content=\"Skrevet af\" \/>\n\t<meta name=\"twitter:data1\" content=\"VITA Tribe\" \/>\n\t<meta name=\"twitter:label2\" content=\"Estimeret l\u00e6setid\" \/>\n\t<meta name=\"twitter:data2\" content=\"4 minutter\" \/>\n<script type=\"application\/ld+json\" class=\"yoast-schema-graph\">{\"@context\":\"https:\/\/schema.org\",\"@graph\":[{\"@type\":\"Article\",\"@id\":\"https:\/\/www.vita-explorers.dk\/blog\/pleje-og-rehabilitering-af-dyr\/#article\",\"isPartOf\":{\"@id\":\"https:\/\/www.vita-explorers.dk\/blog\/pleje-og-rehabilitering-af-dyr\/\"},\"author\":{\"name\":\"VITA Tribe\",\"@id\":\"https:\/\/www.vita-explorers.dk\/blog\/#\/schema\/person\/d7df267b64f23018d1dc519e78fb2735\"},\"headline\":\"Dyrepleje og rehabilitering i Namibia: en fordybelse i natur og San-kultur\",\"datePublished\":\"2025-11-07T10:13:17+00:00\",\"dateModified\":\"2025-11-07T14:28:42+00:00\",\"mainEntityOfPage\":{\"@id\":\"https:\/\/www.vita-explorers.dk\/blog\/pleje-og-rehabilitering-af-dyr\/\"},\"wordCount\":563,\"commentCount\":0,\"publisher\":{\"@id\":\"https:\/\/www.vita-explorers.dk\/blog\/#organization\"},\"image\":{\"@id\":\"https:\/\/www.vita-explorers.dk\/blog\/pleje-og-rehabilitering-af-dyr\/#primaryimage\"},\"thumbnailUrl\":\"https:\/\/www.vita-explorers.dk\/blog\/wp-content\/uploads\/2025\/11\/Capture-decran-2025-11-07-a-10.54.36.png\",\"articleSection\":[\"Add-on Namibia\"],\"inLanguage\":\"da-DK\",\"potentialAction\":[{\"@type\":\"CommentAction\",\"name\":\"Comment\",\"target\":[\"https:\/\/www.vita-explorers.dk\/blog\/pleje-og-rehabilitering-af-dyr\/#respond\"]}]},{\"@type\":\"WebPage\",\"@id\":\"https:\/\/www.vita-explorers.dk\/blog\/pleje-og-rehabilitering-af-dyr\/\",\"url\":\"https:\/\/www.vita-explorers.dk\/blog\/pleje-og-rehabilitering-af-dyr\/\",\"name\":\"Frivilligt arbejde i Namibia med rehabilitering af dyr - VITA Explorers Blog\",\"isPartOf\":{\"@id\":\"https:\/\/www.vita-explorers.dk\/blog\/#website\"},\"primaryImageOfPage\":{\"@id\":\"https:\/\/www.vita-explorers.dk\/blog\/pleje-og-rehabilitering-af-dyr\/#primaryimage\"},\"image\":{\"@id\":\"https:\/\/www.vita-explorers.dk\/blog\/pleje-og-rehabilitering-af-dyr\/#primaryimage\"},\"thumbnailUrl\":\"https:\/\/www.vita-explorers.dk\/blog\/wp-content\/uploads\/2025\/11\/Capture-decran-2025-11-07-a-10.54.36.png\",\"datePublished\":\"2025-11-07T10:13:17+00:00\",\"dateModified\":\"2025-11-07T14:28:42+00:00\",\"description\":\"Engagez-vous dans le b\u00e9n\u00e9volat en Namibie et participez \u00e0 la r\u00e9habilitation animale tout en d\u00e9couvrant les traditions San.\",\"breadcrumb\":{\"@id\":\"https:\/\/www.vita-explorers.dk\/blog\/pleje-og-rehabilitering-af-dyr\/#breadcrumb\"},\"inLanguage\":\"da-DK\",\"potentialAction\":[{\"@type\":\"ReadAction\",\"target\":[\"https:\/\/www.vita-explorers.dk\/blog\/pleje-og-rehabilitering-af-dyr\/\"]}]},{\"@type\":\"ImageObject\",\"inLanguage\":\"da-DK\",\"@id\":\"https:\/\/www.vita-explorers.dk\/blog\/pleje-og-rehabilitering-af-dyr\/#primaryimage\",\"url\":\"https:\/\/www.vita-explorers.dk\/blog\/wp-content\/uploads\/2025\/11\/Capture-decran-2025-11-07-a-10.54.36.png\",\"contentUrl\":\"https:\/\/www.vita-explorers.dk\/blog\/wp-content\/uploads\/2025\/11\/Capture-decran-2025-11-07-a-10.54.36.png\",\"width\":1822,\"height\":922},{\"@type\":\"BreadcrumbList\",\"@id\":\"https:\/\/www.vita-explorers.dk\/blog\/pleje-og-rehabilitering-af-dyr\/#breadcrumb\",\"itemListElement\":[{\"@type\":\"ListItem\",\"position\":1,\"name\":\"Accueil\",\"item\":\"https:\/\/www.vita-explorers.dk\/blog\/\"},{\"@type\":\"ListItem\",\"position\":2,\"name\":\"Dyrepleje og rehabilitering i Namibia: en fordybelse i natur og San-kultur\"}]},{\"@type\":\"WebSite\",\"@id\":\"https:\/\/www.vita-explorers.dk\/blog\/#website\",\"url\":\"https:\/\/www.vita-explorers.dk\/blog\/\",\"name\":\"Association Globalong\",\"description\":\"Frivilligt arbejde, sprogophold, praktik i udlandet og internationale oplevelser\",\"publisher\":{\"@id\":\"https:\/\/www.vita-explorers.dk\/blog\/#organization\"},\"potentialAction\":[{\"@type\":\"SearchAction\",\"target\":{\"@type\":\"EntryPoint\",\"urlTemplate\":\"https:\/\/www.vita-explorers.dk\/blog\/?s={search_term_string}\"},\"query-input\":{\"@type\":\"PropertyValueSpecification\",\"valueRequired\":true,\"valueName\":\"search_term_string\"}}],\"inLanguage\":\"da-DK\"},{\"@type\":\"Organization\",\"@id\":\"https:\/\/www.vita-explorers.dk\/blog\/#organization\",\"name\":\"Association Globalong\",\"url\":\"https:\/\/www.vita-explorers.dk\/blog\/\",\"logo\":{\"@type\":\"ImageObject\",\"inLanguage\":\"da-DK\",\"@id\":\"https:\/\/www.vita-explorers.dk\/blog\/#\/schema\/logo\/image\/\",\"url\":\"https:\/\/www.globalong.com\/blog\/wp-content\/uploads\/2014\/11\/cropped-cropped-Logo-et-Afrique-Globalong-petite-taille-2.jpg\",\"contentUrl\":\"https:\/\/www.globalong.com\/blog\/wp-content\/uploads\/2014\/11\/cropped-cropped-Logo-et-Afrique-Globalong-petite-taille-2.jpg\",\"width\":512,\"height\":512,\"caption\":\"Association Globalong\"},\"image\":{\"@id\":\"https:\/\/www.vita-explorers.dk\/blog\/#\/schema\/logo\/image\/\"},\"sameAs\":[\"https:\/\/www.facebook.com\/globalong\"]},{\"@type\":\"Person\",\"@id\":\"https:\/\/www.vita-explorers.dk\/blog\/#\/schema\/person\/d7df267b64f23018d1dc519e78fb2735\",\"name\":\"VITA Tribe\",\"image\":{\"@type\":\"ImageObject\",\"inLanguage\":\"da-DK\",\"@id\":\"https:\/\/www.vita-explorers.dk\/blog\/#\/schema\/person\/image\/\",\"url\":\"https:\/\/secure.gravatar.com\/avatar\/81461bcc213d0ff2bdc043d4206648f0?s=96&d=mm&r=g\",\"contentUrl\":\"https:\/\/secure.gravatar.com\/avatar\/81461bcc213d0ff2bdc043d4206648f0?s=96&d=mm&r=g\",\"caption\":\"VITA Tribe\"},\"sameAs\":[\"https:\/\/www.globalong.com\"],\"url\":\"https:\/\/www.vita-explorers.dk\/blog\/author\/sophie\/\"}]}<\/script>\n<!-- \/ Yoast SEO Premium plugin. -->","yoast_head_json":{"title":"Frivilligt arbejde i Namibia med rehabilitering af dyr - VITA Explorers Blog","description":"Engagez-vous dans le b\u00e9n\u00e9volat en Namibie et participez \u00e0 la r\u00e9habilitation animale tout en d\u00e9couvrant les traditions San.","robots":{"index":"index","follow":"follow","max-snippet":"max-snippet:-1","max-image-preview":"max-image-preview:large","max-video-preview":"max-video-preview:-1"},"canonical":"https:\/\/www.vita-explorers.dk\/blog\/pleje-og-rehabilitering-af-dyr\/","og_locale":"da_DK","og_type":"article","og_title":"Dyrepleje og rehabilitering i Namibia: en fordybelse i natur og San-kultur","og_description":"Engagez-vous dans le b\u00e9n\u00e9volat en Namibie et participez \u00e0 la r\u00e9habilitation animale tout en d\u00e9couvrant les traditions San.","og_url":"https:\/\/www.vita-explorers.dk\/blog\/pleje-og-rehabilitering-af-dyr\/","og_site_name":"VITA Explorers Blog","article_publisher":"https:\/\/www.facebook.com\/globalong","article_published_time":"2025-11-07T10:13:17+00:00","article_modified_time":"2025-11-07T14:28:42+00:00","og_image":[{"width":1024,"height":518,"url":"https:\/\/www.vita-explorers.dk\/blog\/wp-content\/uploads\/2025\/11\/Capture-decran-2025-11-07-a-10.54.36-1024x518.png","type":"image\/png"}],"author":"VITA Tribe","twitter_card":"summary_large_image","twitter_misc":{"Skrevet af":"VITA Tribe","Estimeret l\u00e6setid":"4 minutter"},"schema":{"@context":"https:\/\/schema.org","@graph":[{"@type":"Article","@id":"https:\/\/www.vita-explorers.dk\/blog\/pleje-og-rehabilitering-af-dyr\/#article","isPartOf":{"@id":"https:\/\/www.vita-explorers.dk\/blog\/pleje-og-rehabilitering-af-dyr\/"},"author":{"name":"VITA Tribe","@id":"https:\/\/www.vita-explorers.dk\/blog\/#\/schema\/person\/d7df267b64f23018d1dc519e78fb2735"},"headline":"Dyrepleje og rehabilitering i Namibia: en fordybelse i natur og San-kultur","datePublished":"2025-11-07T10:13:17+00:00","dateModified":"2025-11-07T14:28:42+00:00","mainEntityOfPage":{"@id":"https:\/\/www.vita-explorers.dk\/blog\/pleje-og-rehabilitering-af-dyr\/"},"wordCount":563,"commentCount":0,"publisher":{"@id":"https:\/\/www.vita-explorers.dk\/blog\/#organization"},"image":{"@id":"https:\/\/www.vita-explorers.dk\/blog\/pleje-og-rehabilitering-af-dyr\/#primaryimage"},"thumbnailUrl":"https:\/\/www.vita-explorers.dk\/blog\/wp-content\/uploads\/2025\/11\/Capture-decran-2025-11-07-a-10.54.36.png","articleSection":["Add-on Namibia"],"inLanguage":"da-DK","potentialAction":[{"@type":"CommentAction","name":"Comment","target":["https:\/\/www.vita-explorers.dk\/blog\/pleje-og-rehabilitering-af-dyr\/#respond"]}]},{"@type":"WebPage","@id":"https:\/\/www.vita-explorers.dk\/blog\/pleje-og-rehabilitering-af-dyr\/","url":"https:\/\/www.vita-explorers.dk\/blog\/pleje-og-rehabilitering-af-dyr\/","name":"Frivilligt arbejde i Namibia med rehabilitering af dyr - VITA Explorers Blog","isPartOf":{"@id":"https:\/\/www.vita-explorers.dk\/blog\/#website"},"primaryImageOfPage":{"@id":"https:\/\/www.vita-explorers.dk\/blog\/pleje-og-rehabilitering-af-dyr\/#primaryimage"},"image":{"@id":"https:\/\/www.vita-explorers.dk\/blog\/pleje-og-rehabilitering-af-dyr\/#primaryimage"},"thumbnailUrl":"https:\/\/www.vita-explorers.dk\/blog\/wp-content\/uploads\/2025\/11\/Capture-decran-2025-11-07-a-10.54.36.png","datePublished":"2025-11-07T10:13:17+00:00","dateModified":"2025-11-07T14:28:42+00:00","description":"Engagez-vous dans le b\u00e9n\u00e9volat en Namibie et participez \u00e0 la r\u00e9habilitation animale tout en d\u00e9couvrant les traditions San.","breadcrumb":{"@id":"https:\/\/www.vita-explorers.dk\/blog\/pleje-og-rehabilitering-af-dyr\/#breadcrumb"},"inLanguage":"da-DK","potentialAction":[{"@type":"ReadAction","target":["https:\/\/www.vita-explorers.dk\/blog\/pleje-og-rehabilitering-af-dyr\/"]}]},{"@type":"ImageObject","inLanguage":"da-DK","@id":"https:\/\/www.vita-explorers.dk\/blog\/pleje-og-rehabilitering-af-dyr\/#primaryimage","url":"https:\/\/www.vita-explorers.dk\/blog\/wp-content\/uploads\/2025\/11\/Capture-decran-2025-11-07-a-10.54.36.png","contentUrl":"https:\/\/www.vita-explorers.dk\/blog\/wp-content\/uploads\/2025\/11\/Capture-decran-2025-11-07-a-10.54.36.png","width":1822,"height":922},{"@type":"BreadcrumbList","@id":"https:\/\/www.vita-explorers.dk\/blog\/pleje-og-rehabilitering-af-dyr\/#breadcrumb","itemListElement":[{"@type":"ListItem","position":1,"name":"Accueil","item":"https:\/\/www.vita-explorers.dk\/blog\/"},{"@type":"ListItem","position":2,"name":"Dyrepleje og rehabilitering i Namibia: en fordybelse i natur og San-kultur"}]},{"@type":"WebSite","@id":"https:\/\/www.vita-explorers.dk\/blog\/#website","url":"https:\/\/www.vita-explorers.dk\/blog\/","name":"Association Globalong","description":"Frivilligt arbejde, sprogophold, praktik i udlandet og internationale oplevelser","publisher":{"@id":"https:\/\/www.vita-explorers.dk\/blog\/#organization"},"potentialAction":[{"@type":"SearchAction","target":{"@type":"EntryPoint","urlTemplate":"https:\/\/www.vita-explorers.dk\/blog\/?s={search_term_string}"},"query-input":{"@type":"PropertyValueSpecification","valueRequired":true,"valueName":"search_term_string"}}],"inLanguage":"da-DK"},{"@type":"Organization","@id":"https:\/\/www.vita-explorers.dk\/blog\/#organization","name":"Association Globalong","url":"https:\/\/www.vita-explorers.dk\/blog\/","logo":{"@type":"ImageObject","inLanguage":"da-DK","@id":"https:\/\/www.vita-explorers.dk\/blog\/#\/schema\/logo\/image\/","url":"https:\/\/www.globalong.com\/blog\/wp-content\/uploads\/2014\/11\/cropped-cropped-Logo-et-Afrique-Globalong-petite-taille-2.jpg","contentUrl":"https:\/\/www.globalong.com\/blog\/wp-content\/uploads\/2014\/11\/cropped-cropped-Logo-et-Afrique-Globalong-petite-taille-2.jpg","width":512,"height":512,"caption":"Association Globalong"},"image":{"@id":"https:\/\/www.vita-explorers.dk\/blog\/#\/schema\/logo\/image\/"},"sameAs":["https:\/\/www.facebook.com\/globalong"]},{"@type":"Person","@id":"https:\/\/www.vita-explorers.dk\/blog\/#\/schema\/person\/d7df267b64f23018d1dc519e78fb2735","name":"VITA Tribe","image":{"@type":"ImageObject","inLanguage":"da-DK","@id":"https:\/\/www.vita-explorers.dk\/blog\/#\/schema\/person\/image\/","url":"https:\/\/secure.gravatar.com\/avatar\/81461bcc213d0ff2bdc043d4206648f0?s=96&d=mm&r=g","contentUrl":"https:\/\/secure.gravatar.com\/avatar\/81461bcc213d0ff2bdc043d4206648f0?s=96&d=mm&r=g","caption":"VITA Tribe"},"sameAs":["https:\/\/www.globalong.com"],"url":"https:\/\/www.vita-explorers.dk\/blog\/author\/sophie\/"}]}},"_links":{"self":[{"href":"https:\/\/www.vita-explorers.dk\/blog\/wp-json\/wp\/v2\/posts\/22389"}],"collection":[{"href":"https:\/\/www.vita-explorers.dk\/blog\/wp-json\/wp\/v2\/posts"}],"about":[{"href":"https:\/\/www.vita-explorers.dk\/blog\/wp-json\/wp\/v2\/types\/post"}],"author":[{"embeddable":true,"href":"https:\/\/www.vita-explorers.dk\/blog\/wp-json\/wp\/v2\/users\/1"}],"replies":[{"embeddable":true,"href":"https:\/\/www.vita-explorers.dk\/blog\/wp-json\/wp\/v2\/comments?post=22389"}],"version-history":[{"count":9,"href":"https:\/\/www.vita-explorers.dk\/blog\/wp-json\/wp\/v2\/posts\/22389\/revisions"}],"predecessor-version":[{"id":22438,"href":"https:\/\/www.vita-explorers.dk\/blog\/wp-json\/wp\/v2\/posts\/22389\/revisions\/22438"}],"wp:featuredmedia":[{"embeddable":true,"href":"https:\/\/www.vita-explorers.dk\/blog\/wp-json\/wp\/v2\/media\/22390"}],"wp:attachment":[{"href":"https:\/\/www.vita-explorers.dk\/blog\/wp-json\/wp\/v2\/media?parent=22389"}],"wp:term":[{"taxonomy":"category","embeddable":true,"href":"https:\/\/www.vita-explorers.dk\/blog\/wp-json\/wp\/v2\/categories?post=22389"},{"taxonomy":"post_tag","embeddable":true,"href":"https:\/\/www.vita-explorers.dk\/blog\/wp-json\/wp\/v2\/tags?post=22389"}],"curies":[{"name":"wp","href":"https:\/\/api.w.org\/{rel}","templated":true}]}}