{"id":22396,"date":"2025-11-07T11:22:38","date_gmt":"2025-11-07T10:22:38","guid":{"rendered":"https:\/\/www.globalong.com\/blog\/?p=22396"},"modified":"2025-11-07T15:28:31","modified_gmt":"2025-11-07T14:28:31","slug":"kystbeskyttelse-og-marin-okofrivilligt-arbejde","status":"publish","type":"post","link":"https:\/\/www.vita-explorers.dk\/blog\/kystbeskyttelse-og-marin-okofrivilligt-arbejde\/","title":{"rendered":"Beskyttelse af kysten og marint \u00f8kofrivilligt arbejde: en uges f\u00e6lles indsats langs Namibias kyster"},"content":{"rendered":"<h2 style=\"text-align: center;\"><span style=\"font-size: 14pt;\">En uge mellem \u00f8rken og ocean \u2013 hvor frivilligt engagement g\u00e5r h\u00e5nd i h\u00e5nd med milj\u00f8bevidsthed og m\u00f8det med Namibias vilde kystnatur.<\/span><\/h2>\n<p style=\"text-align: justify;\" data-start=\"1035\" data-end=\"1435\"><span style=\"font-size: 14pt;\">Mellem klitterne og Atlanterhavet inviterer dette supplerende VITA-forl\u00f8b deltagerne til at bidrage til <strong data-start=\"1146\" data-end=\"1186\">beskyttelsen af kystens \u00f8kosystemer<\/strong> \u2013 samtidig med at du oplever et af Namibias mest fascinerende landskaber.<\/span><br data-start=\"1255\" data-end=\"1258\" \/><span style=\"font-size: 14pt;\">I l\u00f8bet af en uge er du med i konkrete indsatser for at beskytte kystlinjen, mens du ogs\u00e5 udforsker det marine dyreliv og regionens naturlige h\u00f8jdepunkter.<\/span><\/p>\n<p style=\"text-align: justify;\" data-start=\"1437\" data-end=\"2284\"><span style=\"font-size: 14pt;\">Dette ugeprogram er for dig, der allerede har deltaget i et VITA-hovedforl\u00f8b \u2013 uanset om det er <a class=\"decorated-link\" href=\"https:\/\/www.vita-explorers.dk\/frivilligt-arbejde\/frivilligt-arbejde-humanitaert-afrika-namibie-ansvarlig-rejse\/b%C3%A9n%C3%A9volat-medical-clinique-soin-analyse-stage-humanitaire.html\" target=\"_new\" rel=\"noopener\" data-start=\"1559\" data-end=\"1763\">det lokale sundhedsforl\u00f8b<\/a>, <a class=\"decorated-link\" href=\"https:\/\/www.vita-explorers.dk\/frivilligt-arbejde\/frivilligt-arbejde-humanitaert-afrika-namibie-ansvarlig-rejse\/internationalt-frivilligt-arbejde-undervisning.html\" target=\"_new\" rel=\"noopener\" data-start=\"1768\" data-end=\"1959\">undervisningsforl\u00f8bet med San-b\u00f8rn<\/a> eller <a class=\"decorated-link\" href=\"https:\/\/www.vita-explorers.dk\/frivilligt-arbejde\/frivilligt-arbejde-humanitaert-afrika-namibie-ansvarlig-rejse\/dyrefrivilligt-arbejde-namibia-veterinaerklinik.html\" target=\"_new\" rel=\"noopener\" data-start=\"1966\" data-end=\"2149\">natur- og dyrebevaringsforl\u00f8bet<\/a>.<\/span><br data-start=\"2150\" data-end=\"2153\" \/><span style=\"font-size: 14pt;\">Det fungerer <strong data-start=\"2162\" data-end=\"2179\">som et add-on<\/strong> til dit prim\u00e6re engagement og giver dig <strong data-start=\"2220\" data-end=\"2258\">en ekstra uge med aktivt \u00f8ko-frivilligt arbejde<\/strong> ved Atlanterhavskysten.<\/span><\/p>\n<h3 data-start=\"2291\" data-end=\"2347\"><\/h3>\n<h3 style=\"text-align: justify;\" data-start=\"2291\" data-end=\"2347\"><span style=\"font-size: 14pt; color: #b81657;\"><strong data-start=\"2298\" data-end=\"2345\">Beskyt kysten \u2013 og styrk biodiversiteten<\/strong><\/span><\/h3>\n<p style=\"text-align: justify;\" data-start=\"2349\" data-end=\"2709\"><span style=\"font-size: 14pt;\">Namibias kyst rummer en helt s\u00e6rlig biodiversitet: s\u00e6lkolonier ved Cape Cross, havfugle, delfiner og tr\u00e6kg\u00e6ster.<\/span><br data-start=\"2485\" data-end=\"2488\" \/><span style=\"font-size: 14pt;\">Men den enest\u00e5ende natur er presset af forurening, ikke-b\u00e6redygtig turisme og intensivt fiskeri.<\/span><br data-start=\"2592\" data-end=\"2595\" \/><span style=\"font-size: 14pt;\">Som VITA-deltager er du med i milj\u00f8indsatser, der har fokus p\u00e5 at beskytte dette s\u00e5rbare \u00f8kosystem:<\/span><\/p>\n<ul>\n<li data-start=\"2713\" data-end=\"2770\"><span style=\"font-size: 14pt;\"><strong data-start=\"2713\" data-end=\"2737\">Strandrensning<\/strong> og sortering af plastaffald.<\/span><\/li>\n<li data-start=\"2773\" data-end=\"2861\"><span style=\"font-size: 14pt;\"><strong data-start=\"2773\" data-end=\"2816\">Vejning, registrering og kategorisering<\/strong> af indsamlet materiale til genanvendelse.<\/span><\/li>\n<li data-start=\"2864\" data-end=\"2926\"><span style=\"font-size: 14pt;\"><strong data-start=\"2864\" data-end=\"2897\">Hj\u00e6lp til skadet dyreliv<\/strong> eller dyr, der er viklet ind i net.<\/span><\/li>\n<li data-start=\"2929\" data-end=\"3016\"><span style=\"font-size: 14pt;\"><strong data-start=\"2929\" data-end=\"2959\">Milj\u00f8formidling<\/strong> om beskyttelse af kysten og livet i havet.<\/span><\/li>\n<\/ul>\n<p style=\"text-align: justify;\" data-start=\"3018\" data-end=\"3166\"><span style=\"font-size: 14pt;\">Aktiviteterne g\u00f8r det muligt b\u00e5de at handle konkret og at f\u00e5 en bedre forst\u00e5else af udfordringerne ved <strong data-start=\"3120\" data-end=\"3143\">marine naturbevarelse<\/strong> i det sydlige Afrika.<\/span><\/p>\n<h3 data-start=\"3173\" data-end=\"3211\"><\/h3>\n<h3 style=\"text-align: justify;\" data-start=\"3173\" data-end=\"3211\"><span style=\"color: #b81657; font-size: 14pt;\"><strong data-start=\"3180\" data-end=\"3209\">Oplevelser og udforskning<\/strong><\/span><\/h3>\n<p style=\"text-align: justify;\" data-start=\"3213\" data-end=\"3430\"><span style=\"font-size: 14pt;\">Ud over indsatsen giver ugen dig mulighed for at opleve den namibiske kyst \u2013 et omr\u00e5de mellem \u00f8rken og hav, hvor naturen stadig s\u00e6tter dagsordenen.<\/span><br data-start=\"3370\" data-end=\"3373\" \/><span style=\"font-size: 14pt;\">Deltagerne kan se frem til s\u00e6rlige oplevelser:<\/span><\/p>\n<ul>\n<li data-start=\"3434\" data-end=\"3491\"><span style=\"font-size: 14pt;\"><strong data-start=\"3434\" data-end=\"3474\">Observation af s\u00e6lkolonien<\/strong> ved Cape Cross.<\/span><\/li>\n<li data-start=\"3494\" data-end=\"3543\"><span style=\"font-size: 14pt;\"><strong data-start=\"3494\" data-end=\"3519\">G\u00e5tur i klitterne<\/strong> i Atlanterhavets \u00f8rkenlandskab.<\/span><\/li>\n<li data-start=\"3546\" data-end=\"3600\"><span style=\"font-size: 14pt;\"><strong data-start=\"3546\" data-end=\"3568\">\u00d8ko-camping<\/strong> ved Jakkalsputz eller St. Nowhere.<\/span><\/li>\n<li data-start=\"3603\" data-end=\"3646\"><span style=\"font-size: 14pt;\"><strong data-start=\"3603\" data-end=\"3629\">Kajak med s\u00f8l\u00f8ver<\/strong> ved Walvis Bay.<\/span><\/li>\n<li data-start=\"3649\" data-end=\"3717\"><span style=\"font-size: 14pt;\"><strong data-start=\"3649\" data-end=\"3678\">Udforskning af Swakopmund<\/strong>, en kystby med historisk charme.<\/span><\/li>\n<li data-start=\"3720\" data-end=\"3800\"><span style=\"font-size: 14pt;\"><strong data-start=\"3720\" data-end=\"3759\">Skydiving eller fatbike p\u00e5 klitterne<\/strong> for de mest eventyrlystne (tilvalg).<\/span><\/li>\n<\/ul>\n<p style=\"text-align: justify;\" data-start=\"3802\" data-end=\"3908\"><span style=\"font-size: 14pt;\">Hver dag kombinerer naturindsats, nye oplevelser og f\u00e6llesskab ved havet.<\/span><\/p>\n<h3 data-start=\"3915\" data-end=\"3962\"><\/h3>\n<h3 style=\"text-align: justify;\" data-start=\"3915\" data-end=\"3962\"><span style=\"color: #b81657; font-size: 14pt;\"><strong data-start=\"3922\" data-end=\"3960\">Indkvartering, rammer og pris<\/strong><\/span><\/h3>\n<p style=\"text-align: justify;\" data-start=\"3964\" data-end=\"4259\"><span style=\"font-size: 14pt;\">Deltagerne bor i et <strong data-start=\"4003\" data-end=\"4040\">komfortabelt hus t\u00e6t p\u00e5 havet<\/strong> med dobbelt- eller tremandsv\u00e6relser og eget badev\u00e6relse.<\/span><br data-start=\"4111\" data-end=\"4114\" \/><span style=\"font-size: 14pt;\">M\u00e5ltiderne spises sammen i en afslappet atmosf\u00e6re med udsigt til oceanet og varierede menuer, der kan tilpasses forskellige kostbehov.<\/span><\/p>\n<p style=\"text-align: justify;\" data-start=\"4261\" data-end=\"4608\"><span style=\"font-size: 14pt; color: #b81657;\"><strong data-start=\"3693\" data-end=\"3739\">Pris for programmet: 805 \u20ac for \u00e9n uge<\/strong><\/span><\/p>\n<p style=\"text-align: justify;\" data-start=\"4261\" data-end=\"4608\"><span style=\"font-size: 14pt;\">Bel\u00f8bet<em><strong> l\u00e6gges oven i prisen for dit hovedforl\u00f8b<\/strong><\/em> (sundhed, undervisning eller dyrebeskyttelse) og d\u00e6kker en ekstra uge med erfaring i felten. Det inkluderer indkvartering, fuld forplejning, interne transporter og st\u00f8tte fra teamet p\u00e5 stedet:<\/span><\/p>\n<p style=\"text-align: justify;\" data-start=\"4610\" data-end=\"4629\"><span style=\"font-size: 14pt;\">Prisen inkluderer:<\/span><\/p>\n<ul>\n<li data-start=\"4632\" data-end=\"4693\"><span style=\"font-size: 14pt;\">Indkvartering i delt hus med privat badev\u00e6relse.<\/span><\/li>\n<li data-start=\"4696\" data-end=\"4719\"><span style=\"font-size: 14pt;\">Tre m\u00e5ltider om dagen.<\/span><\/li>\n<li data-start=\"4722\" data-end=\"4762\"><span style=\"font-size: 14pt;\">Interne transporter mellem forl\u00f8b.<\/span><\/li>\n<li data-start=\"4765\" data-end=\"4811\"><span style=\"font-size: 14pt;\">St\u00f8tte fra VITA\u2019s lokale team.<\/span><\/li>\n<li data-start=\"4814\" data-end=\"4882\"><span style=\"font-size: 14pt;\">Udstyr til strandrensning og formidlingsaktiviteter.<\/span><\/li>\n<li data-start=\"4885\" data-end=\"4928\"><span style=\"font-size: 14pt;\">Deltagerbevis fra VITA.<\/span><\/li>\n<li data-start=\"4931\" data-end=\"4980\"><span style=\"font-size: 14pt;\">Support og koordinering p\u00e5 stedet d\u00f8gnet rundt.<\/span><\/li>\n<\/ul>\n<p style=\"text-align: justify;\" data-start=\"4982\" data-end=\"5108\"><span style=\"font-size: 14pt;\">Tilvalgsaktiviteter (kajak, skydiving, quad eller kulturelle bes\u00f8g) kan arrangeres efter \u00f8nske og betales p\u00e5 stedet.<\/span><\/p>\n<p style=\"text-align: justify;\" data-start=\"4159\" data-end=\"4251\"><span style=\"font-size: 14pt;\"><strong><span style=\"color: #b81657;\">Varighed<\/span><\/strong><\/span><\/p>\n<p style=\"text-align: justify;\" data-start=\"4159\" data-end=\"4251\"><span style=\"font-size: 14pt;\">???? N\u00e5r du v\u00e6lger et add-on, <strong data-start=\"1216\" data-end=\"1312\">forl\u00e6nger du automatisk den samlede varighed af dit forl\u00f8b med en ekstra uge<\/strong>, s\u00e5 du f\u00e5r det fulde udbytte af denne oplevelse med dyrevelf\u00e6rd og kulturel fordybelse.<\/span><\/p>\n<h3 style=\"text-align: justify;\" data-start=\"5115\" data-end=\"5168\"><span style=\"color: #b81657; font-size: 14pt;\"><strong data-start=\"5122\" data-end=\"5166\">En uge med mening \u2013 og store naturoplevelser<\/strong><\/span><\/h3>\n<p style=\"text-align: justify;\" data-start=\"5170\" data-end=\"5402\"><span style=\"font-size: 14pt;\">Dette supplerende forl\u00f8b kombinerer <strong data-start=\"5205\" data-end=\"5233\">gl\u00e6den ved at g\u00e5 p\u00e5 opdagelse<\/strong> med <strong data-start=\"5237\" data-end=\"5267\">konkret milj\u00f8engagement<\/strong>. Det er for dig, der gerne vil give din rejse retning ved at bidrage til en h\u00e5ndgribelig indsats for naturen.<\/span><\/p>\n<p style=\"text-align: justify;\" data-start=\"4401\" data-end=\"4752\"><span style=\"font-size: 14pt;\">???? Se ogs\u00e5 de andre supplerende forl\u00f8b:<\/span><\/p>\n<ul style=\"text-align: justify;\">\n<li style=\"text-align: justify;\" data-start=\"4401\" data-end=\"4752\"><span style=\"font-size: 14pt;\"><a href=\"https:\/\/www.vita-explorers.dk\/blog\/pleje-og-rehabilitering-af-dyr\/\" target=\"_blank\" rel=\"noopener\">Pleje og rehabilitering af dyr<\/a><\/span><\/li>\n<li style=\"text-align: justify;\" data-start=\"4401\" data-end=\"4752\"><span style=\"font-size: 14pt;\"><a href=\"https:\/\/www.vita-explorers.dk\/blog\/namibisk-\u00f8rken-og-naturbevarelse\/\" target=\"_blank\" rel=\"noopener\">Udforskning af Namib-\u00f8rkenen og naturbevarelse<\/a><\/span><\/li>\n<li style=\"text-align: justify;\" data-start=\"4401\" data-end=\"4752\"><span style=\"font-size: 14pt;\"><a href=\"https:\/\/www.vita-explorers.dk\/blog\/rehabiliteret-dyreliv-i-reservat\/\" target=\"_blank\" rel=\"noopener\">Observation af rehabiliteret dyreliv i naturreservat<\/a><\/span><\/li>\n<li style=\"text-align: justify;\" data-start=\"4401\" data-end=\"4752\"><span style=\"font-size: 14pt;\"><a href=\"https:\/\/www.vita-explorers.dk\/blog\/vinoplevelser-og-beskyttelse-af-geparder\/\" target=\"_blank\" rel=\"noopener\">Gastronomi og gepardbevarelse<\/a><\/span><\/li>\n<\/ul>\n<p>\u00a0<\/p>\n<div id=\"aircall-extension-app\" style=\"text-align: justify;\"><img loading=\"lazy\" decoding=\"async\" class=\"aligncenter wp-image-22400 size-large\" src=\"https:\/\/www.vita-explorers.dk\/blog\/wp-content\/uploads\/2025\/11\/Capture-decran-2025-11-07-a-11.23.05-1024x545.png\" alt=\"\" width=\"640\" height=\"341\" srcset=\"https:\/\/www.vita-explorers.dk\/blog\/wp-content\/uploads\/2025\/11\/Capture-decran-2025-11-07-a-11.23.05-1024x545.png 1024w, https:\/\/www.vita-explorers.dk\/blog\/wp-content\/uploads\/2025\/11\/Capture-decran-2025-11-07-a-11.23.05-300x160.png 300w, https:\/\/www.vita-explorers.dk\/blog\/wp-content\/uploads\/2025\/11\/Capture-decran-2025-11-07-a-11.23.05-768x409.png 768w, https:\/\/www.vita-explorers.dk\/blog\/wp-content\/uploads\/2025\/11\/Capture-decran-2025-11-07-a-11.23.05-1536x817.png 1536w, https:\/\/www.vita-explorers.dk\/blog\/wp-content\/uploads\/2025\/11\/Capture-decran-2025-11-07-a-11.23.05.png 1924w\" sizes=\"(max-width: 640px) 100vw, 640px\" \/><\/div>\n<div id=\"aircall-extension-app\"><\/div>\n<div id=\"aircall-extension-app\"><\/div>\n<div id=\"aircall-extension-app\"><\/div>\n<div id=\"aircall-extension-app\"><\/div>\n<div id=\"aircall-extension-app\"><\/div>\n<div id=\"aircall-extension-app\"><\/div>\n<div id=\"aircall-extension-app\"><\/div>\n<div id=\"aircall-extension-app\"><\/div>\n","protected":false},"excerpt":{"rendered":"<p>En uge mellem \u00f8rken og ocean \u2013 hvor frivilligt engagement g\u00e5r h\u00e5nd i h\u00e5nd med milj\u00f8bevidsthed og m\u00f8det med Namibias vilde kystnatur. Mellem klitterne\u2026<\/p>\n","protected":false},"author":1,"featured_media":22400,"comment_status":"open","ping_status":"open","sticky":false,"template":"","format":"standard","meta":{"footnotes":""},"categories":[1462],"tags":[],"yoast_head":"<!-- This site is optimized with the Yoast SEO Premium plugin v23.4 (Yoast SEO v23.4) - https:\/\/yoast.com\/wordpress\/plugins\/seo\/ -->\n<title>Beskyttelse af Namibias kystlinje og dens \u00f8kosystemer - VITA Explorers Blog<\/title>\n<meta name=\"description\" content=\"Participez \u00e0 la protection du littoral en Namibie et d\u00e9couvrez ses \u00e9cosyst\u00e8mes c\u00f4tiers lors d&#039;un programme d&#039;\u00e9covolontariat.\" \/>\n<meta name=\"robots\" content=\"index, follow, max-snippet:-1, max-image-preview:large, max-video-preview:-1\" \/>\n<link rel=\"canonical\" href=\"https:\/\/www.vita-explorers.dk\/blog\/kystbeskyttelse-og-marin-okofrivilligt-arbejde\/\" \/>\n<meta property=\"og:locale\" content=\"da_DK\" \/>\n<meta property=\"og:type\" content=\"article\" \/>\n<meta property=\"og:title\" content=\"Beskyttelse af kysten og marint \u00f8kofrivilligt arbejde: en uges f\u00e6lles indsats langs Namibias kyster\" \/>\n<meta property=\"og:description\" content=\"Participez \u00e0 la protection du littoral en Namibie et d\u00e9couvrez ses \u00e9cosyst\u00e8mes c\u00f4tiers lors d&#039;un programme d&#039;\u00e9covolontariat.\" \/>\n<meta property=\"og:url\" content=\"https:\/\/www.vita-explorers.dk\/blog\/kystbeskyttelse-og-marin-okofrivilligt-arbejde\/\" \/>\n<meta property=\"og:site_name\" content=\"VITA Explorers Blog\" \/>\n<meta property=\"article:publisher\" content=\"https:\/\/www.facebook.com\/globalong\" \/>\n<meta property=\"article:published_time\" content=\"2025-11-07T10:22:38+00:00\" \/>\n<meta property=\"article:modified_time\" content=\"2025-11-07T14:28:31+00:00\" \/>\n<meta property=\"og:image\" content=\"https:\/\/www.vita-explorers.dk\/blog\/wp-content\/uploads\/2025\/11\/Capture-decran-2025-11-07-a-11.23.05-1024x545.png\" \/>\n\t<meta property=\"og:image:width\" content=\"1024\" \/>\n\t<meta property=\"og:image:height\" content=\"545\" \/>\n\t<meta property=\"og:image:type\" content=\"image\/png\" \/>\n<meta name=\"author\" content=\"VITA Tribe\" \/>\n<meta name=\"twitter:card\" content=\"summary_large_image\" \/>\n<meta name=\"twitter:label1\" content=\"Skrevet af\" \/>\n\t<meta name=\"twitter:data1\" content=\"VITA Tribe\" \/>\n\t<meta name=\"twitter:label2\" content=\"Estimeret l\u00e6setid\" \/>\n\t<meta name=\"twitter:data2\" content=\"4 minutter\" \/>\n<script type=\"application\/ld+json\" class=\"yoast-schema-graph\">{\"@context\":\"https:\/\/schema.org\",\"@graph\":[{\"@type\":\"Article\",\"@id\":\"https:\/\/www.vita-explorers.dk\/blog\/kystbeskyttelse-og-marin-okofrivilligt-arbejde\/#article\",\"isPartOf\":{\"@id\":\"https:\/\/www.vita-explorers.dk\/blog\/kystbeskyttelse-og-marin-okofrivilligt-arbejde\/\"},\"author\":{\"name\":\"VITA Tribe\",\"@id\":\"https:\/\/www.vita-explorers.dk\/blog\/#\/schema\/person\/d7df267b64f23018d1dc519e78fb2735\"},\"headline\":\"Beskyttelse af kysten og marint \u00f8kofrivilligt arbejde: en uges f\u00e6lles indsats langs Namibias kyster\",\"datePublished\":\"2025-11-07T10:22:38+00:00\",\"dateModified\":\"2025-11-07T14:28:31+00:00\",\"mainEntityOfPage\":{\"@id\":\"https:\/\/www.vita-explorers.dk\/blog\/kystbeskyttelse-og-marin-okofrivilligt-arbejde\/\"},\"wordCount\":623,\"commentCount\":0,\"publisher\":{\"@id\":\"https:\/\/www.vita-explorers.dk\/blog\/#organization\"},\"image\":{\"@id\":\"https:\/\/www.vita-explorers.dk\/blog\/kystbeskyttelse-og-marin-okofrivilligt-arbejde\/#primaryimage\"},\"thumbnailUrl\":\"https:\/\/www.vita-explorers.dk\/blog\/wp-content\/uploads\/2025\/11\/Capture-decran-2025-11-07-a-11.23.05.png\",\"articleSection\":[\"Add-on Namibia\"],\"inLanguage\":\"da-DK\",\"potentialAction\":[{\"@type\":\"CommentAction\",\"name\":\"Comment\",\"target\":[\"https:\/\/www.vita-explorers.dk\/blog\/kystbeskyttelse-og-marin-okofrivilligt-arbejde\/#respond\"]}]},{\"@type\":\"WebPage\",\"@id\":\"https:\/\/www.vita-explorers.dk\/blog\/kystbeskyttelse-og-marin-okofrivilligt-arbejde\/\",\"url\":\"https:\/\/www.vita-explorers.dk\/blog\/kystbeskyttelse-og-marin-okofrivilligt-arbejde\/\",\"name\":\"Beskyttelse af Namibias kystlinje og dens \u00f8kosystemer - VITA Explorers Blog\",\"isPartOf\":{\"@id\":\"https:\/\/www.vita-explorers.dk\/blog\/#website\"},\"primaryImageOfPage\":{\"@id\":\"https:\/\/www.vita-explorers.dk\/blog\/kystbeskyttelse-og-marin-okofrivilligt-arbejde\/#primaryimage\"},\"image\":{\"@id\":\"https:\/\/www.vita-explorers.dk\/blog\/kystbeskyttelse-og-marin-okofrivilligt-arbejde\/#primaryimage\"},\"thumbnailUrl\":\"https:\/\/www.vita-explorers.dk\/blog\/wp-content\/uploads\/2025\/11\/Capture-decran-2025-11-07-a-11.23.05.png\",\"datePublished\":\"2025-11-07T10:22:38+00:00\",\"dateModified\":\"2025-11-07T14:28:31+00:00\",\"description\":\"Participez \u00e0 la protection du littoral en Namibie et d\u00e9couvrez ses \u00e9cosyst\u00e8mes c\u00f4tiers lors d'un programme d'\u00e9covolontariat.\",\"breadcrumb\":{\"@id\":\"https:\/\/www.vita-explorers.dk\/blog\/kystbeskyttelse-og-marin-okofrivilligt-arbejde\/#breadcrumb\"},\"inLanguage\":\"da-DK\",\"potentialAction\":[{\"@type\":\"ReadAction\",\"target\":[\"https:\/\/www.vita-explorers.dk\/blog\/kystbeskyttelse-og-marin-okofrivilligt-arbejde\/\"]}]},{\"@type\":\"ImageObject\",\"inLanguage\":\"da-DK\",\"@id\":\"https:\/\/www.vita-explorers.dk\/blog\/kystbeskyttelse-og-marin-okofrivilligt-arbejde\/#primaryimage\",\"url\":\"https:\/\/www.vita-explorers.dk\/blog\/wp-content\/uploads\/2025\/11\/Capture-decran-2025-11-07-a-11.23.05.png\",\"contentUrl\":\"https:\/\/www.vita-explorers.dk\/blog\/wp-content\/uploads\/2025\/11\/Capture-decran-2025-11-07-a-11.23.05.png\",\"width\":1924,\"height\":1024},{\"@type\":\"BreadcrumbList\",\"@id\":\"https:\/\/www.vita-explorers.dk\/blog\/kystbeskyttelse-og-marin-okofrivilligt-arbejde\/#breadcrumb\",\"itemListElement\":[{\"@type\":\"ListItem\",\"position\":1,\"name\":\"Accueil\",\"item\":\"https:\/\/www.vita-explorers.dk\/blog\/\"},{\"@type\":\"ListItem\",\"position\":2,\"name\":\"Beskyttelse af kysten og marint \u00f8kofrivilligt arbejde: en uges f\u00e6lles indsats langs Namibias kyster\"}]},{\"@type\":\"WebSite\",\"@id\":\"https:\/\/www.vita-explorers.dk\/blog\/#website\",\"url\":\"https:\/\/www.vita-explorers.dk\/blog\/\",\"name\":\"Association Globalong\",\"description\":\"Frivilligt arbejde, sprogophold, praktik i udlandet og internationale oplevelser\",\"publisher\":{\"@id\":\"https:\/\/www.vita-explorers.dk\/blog\/#organization\"},\"potentialAction\":[{\"@type\":\"SearchAction\",\"target\":{\"@type\":\"EntryPoint\",\"urlTemplate\":\"https:\/\/www.vita-explorers.dk\/blog\/?s={search_term_string}\"},\"query-input\":{\"@type\":\"PropertyValueSpecification\",\"valueRequired\":true,\"valueName\":\"search_term_string\"}}],\"inLanguage\":\"da-DK\"},{\"@type\":\"Organization\",\"@id\":\"https:\/\/www.vita-explorers.dk\/blog\/#organization\",\"name\":\"Association Globalong\",\"url\":\"https:\/\/www.vita-explorers.dk\/blog\/\",\"logo\":{\"@type\":\"ImageObject\",\"inLanguage\":\"da-DK\",\"@id\":\"https:\/\/www.vita-explorers.dk\/blog\/#\/schema\/logo\/image\/\",\"url\":\"https:\/\/www.globalong.com\/blog\/wp-content\/uploads\/2014\/11\/cropped-cropped-Logo-et-Afrique-Globalong-petite-taille-2.jpg\",\"contentUrl\":\"https:\/\/www.globalong.com\/blog\/wp-content\/uploads\/2014\/11\/cropped-cropped-Logo-et-Afrique-Globalong-petite-taille-2.jpg\",\"width\":512,\"height\":512,\"caption\":\"Association Globalong\"},\"image\":{\"@id\":\"https:\/\/www.vita-explorers.dk\/blog\/#\/schema\/logo\/image\/\"},\"sameAs\":[\"https:\/\/www.facebook.com\/globalong\"]},{\"@type\":\"Person\",\"@id\":\"https:\/\/www.vita-explorers.dk\/blog\/#\/schema\/person\/d7df267b64f23018d1dc519e78fb2735\",\"name\":\"VITA Tribe\",\"image\":{\"@type\":\"ImageObject\",\"inLanguage\":\"da-DK\",\"@id\":\"https:\/\/www.vita-explorers.dk\/blog\/#\/schema\/person\/image\/\",\"url\":\"https:\/\/secure.gravatar.com\/avatar\/81461bcc213d0ff2bdc043d4206648f0?s=96&d=mm&r=g\",\"contentUrl\":\"https:\/\/secure.gravatar.com\/avatar\/81461bcc213d0ff2bdc043d4206648f0?s=96&d=mm&r=g\",\"caption\":\"VITA Tribe\"},\"sameAs\":[\"https:\/\/www.globalong.com\"],\"url\":\"https:\/\/www.vita-explorers.dk\/blog\/author\/sophie\/\"}]}<\/script>\n<!-- \/ Yoast SEO Premium plugin. -->","yoast_head_json":{"title":"Beskyttelse af Namibias kystlinje og dens \u00f8kosystemer - VITA Explorers Blog","description":"Participez \u00e0 la protection du littoral en Namibie et d\u00e9couvrez ses \u00e9cosyst\u00e8mes c\u00f4tiers lors d'un programme d'\u00e9covolontariat.","robots":{"index":"index","follow":"follow","max-snippet":"max-snippet:-1","max-image-preview":"max-image-preview:large","max-video-preview":"max-video-preview:-1"},"canonical":"https:\/\/www.vita-explorers.dk\/blog\/kystbeskyttelse-og-marin-okofrivilligt-arbejde\/","og_locale":"da_DK","og_type":"article","og_title":"Beskyttelse af kysten og marint \u00f8kofrivilligt arbejde: en uges f\u00e6lles indsats langs Namibias kyster","og_description":"Participez \u00e0 la protection du littoral en Namibie et d\u00e9couvrez ses \u00e9cosyst\u00e8mes c\u00f4tiers lors d'un programme d'\u00e9covolontariat.","og_url":"https:\/\/www.vita-explorers.dk\/blog\/kystbeskyttelse-og-marin-okofrivilligt-arbejde\/","og_site_name":"VITA Explorers Blog","article_publisher":"https:\/\/www.facebook.com\/globalong","article_published_time":"2025-11-07T10:22:38+00:00","article_modified_time":"2025-11-07T14:28:31+00:00","og_image":[{"width":1024,"height":545,"url":"https:\/\/www.vita-explorers.dk\/blog\/wp-content\/uploads\/2025\/11\/Capture-decran-2025-11-07-a-11.23.05-1024x545.png","type":"image\/png"}],"author":"VITA Tribe","twitter_card":"summary_large_image","twitter_misc":{"Skrevet af":"VITA Tribe","Estimeret l\u00e6setid":"4 minutter"},"schema":{"@context":"https:\/\/schema.org","@graph":[{"@type":"Article","@id":"https:\/\/www.vita-explorers.dk\/blog\/kystbeskyttelse-og-marin-okofrivilligt-arbejde\/#article","isPartOf":{"@id":"https:\/\/www.vita-explorers.dk\/blog\/kystbeskyttelse-og-marin-okofrivilligt-arbejde\/"},"author":{"name":"VITA Tribe","@id":"https:\/\/www.vita-explorers.dk\/blog\/#\/schema\/person\/d7df267b64f23018d1dc519e78fb2735"},"headline":"Beskyttelse af kysten og marint \u00f8kofrivilligt arbejde: en uges f\u00e6lles indsats langs Namibias kyster","datePublished":"2025-11-07T10:22:38+00:00","dateModified":"2025-11-07T14:28:31+00:00","mainEntityOfPage":{"@id":"https:\/\/www.vita-explorers.dk\/blog\/kystbeskyttelse-og-marin-okofrivilligt-arbejde\/"},"wordCount":623,"commentCount":0,"publisher":{"@id":"https:\/\/www.vita-explorers.dk\/blog\/#organization"},"image":{"@id":"https:\/\/www.vita-explorers.dk\/blog\/kystbeskyttelse-og-marin-okofrivilligt-arbejde\/#primaryimage"},"thumbnailUrl":"https:\/\/www.vita-explorers.dk\/blog\/wp-content\/uploads\/2025\/11\/Capture-decran-2025-11-07-a-11.23.05.png","articleSection":["Add-on Namibia"],"inLanguage":"da-DK","potentialAction":[{"@type":"CommentAction","name":"Comment","target":["https:\/\/www.vita-explorers.dk\/blog\/kystbeskyttelse-og-marin-okofrivilligt-arbejde\/#respond"]}]},{"@type":"WebPage","@id":"https:\/\/www.vita-explorers.dk\/blog\/kystbeskyttelse-og-marin-okofrivilligt-arbejde\/","url":"https:\/\/www.vita-explorers.dk\/blog\/kystbeskyttelse-og-marin-okofrivilligt-arbejde\/","name":"Beskyttelse af Namibias kystlinje og dens \u00f8kosystemer - VITA Explorers Blog","isPartOf":{"@id":"https:\/\/www.vita-explorers.dk\/blog\/#website"},"primaryImageOfPage":{"@id":"https:\/\/www.vita-explorers.dk\/blog\/kystbeskyttelse-og-marin-okofrivilligt-arbejde\/#primaryimage"},"image":{"@id":"https:\/\/www.vita-explorers.dk\/blog\/kystbeskyttelse-og-marin-okofrivilligt-arbejde\/#primaryimage"},"thumbnailUrl":"https:\/\/www.vita-explorers.dk\/blog\/wp-content\/uploads\/2025\/11\/Capture-decran-2025-11-07-a-11.23.05.png","datePublished":"2025-11-07T10:22:38+00:00","dateModified":"2025-11-07T14:28:31+00:00","description":"Participez \u00e0 la protection du littoral en Namibie et d\u00e9couvrez ses \u00e9cosyst\u00e8mes c\u00f4tiers lors d'un programme d'\u00e9covolontariat.","breadcrumb":{"@id":"https:\/\/www.vita-explorers.dk\/blog\/kystbeskyttelse-og-marin-okofrivilligt-arbejde\/#breadcrumb"},"inLanguage":"da-DK","potentialAction":[{"@type":"ReadAction","target":["https:\/\/www.vita-explorers.dk\/blog\/kystbeskyttelse-og-marin-okofrivilligt-arbejde\/"]}]},{"@type":"ImageObject","inLanguage":"da-DK","@id":"https:\/\/www.vita-explorers.dk\/blog\/kystbeskyttelse-og-marin-okofrivilligt-arbejde\/#primaryimage","url":"https:\/\/www.vita-explorers.dk\/blog\/wp-content\/uploads\/2025\/11\/Capture-decran-2025-11-07-a-11.23.05.png","contentUrl":"https:\/\/www.vita-explorers.dk\/blog\/wp-content\/uploads\/2025\/11\/Capture-decran-2025-11-07-a-11.23.05.png","width":1924,"height":1024},{"@type":"BreadcrumbList","@id":"https:\/\/www.vita-explorers.dk\/blog\/kystbeskyttelse-og-marin-okofrivilligt-arbejde\/#breadcrumb","itemListElement":[{"@type":"ListItem","position":1,"name":"Accueil","item":"https:\/\/www.vita-explorers.dk\/blog\/"},{"@type":"ListItem","position":2,"name":"Beskyttelse af kysten og marint \u00f8kofrivilligt arbejde: en uges f\u00e6lles indsats langs Namibias kyster"}]},{"@type":"WebSite","@id":"https:\/\/www.vita-explorers.dk\/blog\/#website","url":"https:\/\/www.vita-explorers.dk\/blog\/","name":"Association Globalong","description":"Frivilligt arbejde, sprogophold, praktik i udlandet og internationale oplevelser","publisher":{"@id":"https:\/\/www.vita-explorers.dk\/blog\/#organization"},"potentialAction":[{"@type":"SearchAction","target":{"@type":"EntryPoint","urlTemplate":"https:\/\/www.vita-explorers.dk\/blog\/?s={search_term_string}"},"query-input":{"@type":"PropertyValueSpecification","valueRequired":true,"valueName":"search_term_string"}}],"inLanguage":"da-DK"},{"@type":"Organization","@id":"https:\/\/www.vita-explorers.dk\/blog\/#organization","name":"Association Globalong","url":"https:\/\/www.vita-explorers.dk\/blog\/","logo":{"@type":"ImageObject","inLanguage":"da-DK","@id":"https:\/\/www.vita-explorers.dk\/blog\/#\/schema\/logo\/image\/","url":"https:\/\/www.globalong.com\/blog\/wp-content\/uploads\/2014\/11\/cropped-cropped-Logo-et-Afrique-Globalong-petite-taille-2.jpg","contentUrl":"https:\/\/www.globalong.com\/blog\/wp-content\/uploads\/2014\/11\/cropped-cropped-Logo-et-Afrique-Globalong-petite-taille-2.jpg","width":512,"height":512,"caption":"Association Globalong"},"image":{"@id":"https:\/\/www.vita-explorers.dk\/blog\/#\/schema\/logo\/image\/"},"sameAs":["https:\/\/www.facebook.com\/globalong"]},{"@type":"Person","@id":"https:\/\/www.vita-explorers.dk\/blog\/#\/schema\/person\/d7df267b64f23018d1dc519e78fb2735","name":"VITA Tribe","image":{"@type":"ImageObject","inLanguage":"da-DK","@id":"https:\/\/www.vita-explorers.dk\/blog\/#\/schema\/person\/image\/","url":"https:\/\/secure.gravatar.com\/avatar\/81461bcc213d0ff2bdc043d4206648f0?s=96&d=mm&r=g","contentUrl":"https:\/\/secure.gravatar.com\/avatar\/81461bcc213d0ff2bdc043d4206648f0?s=96&d=mm&r=g","caption":"VITA Tribe"},"sameAs":["https:\/\/www.globalong.com"],"url":"https:\/\/www.vita-explorers.dk\/blog\/author\/sophie\/"}]}},"_links":{"self":[{"href":"https:\/\/www.vita-explorers.dk\/blog\/wp-json\/wp\/v2\/posts\/22396"}],"collection":[{"href":"https:\/\/www.vita-explorers.dk\/blog\/wp-json\/wp\/v2\/posts"}],"about":[{"href":"https:\/\/www.vita-explorers.dk\/blog\/wp-json\/wp\/v2\/types\/post"}],"author":[{"embeddable":true,"href":"https:\/\/www.vita-explorers.dk\/blog\/wp-json\/wp\/v2\/users\/1"}],"replies":[{"embeddable":true,"href":"https:\/\/www.vita-explorers.dk\/blog\/wp-json\/wp\/v2\/comments?post=22396"}],"version-history":[{"count":11,"href":"https:\/\/www.vita-explorers.dk\/blog\/wp-json\/wp\/v2\/posts\/22396\/revisions"}],"predecessor-version":[{"id":22437,"href":"https:\/\/www.vita-explorers.dk\/blog\/wp-json\/wp\/v2\/posts\/22396\/revisions\/22437"}],"wp:featuredmedia":[{"embeddable":true,"href":"https:\/\/www.vita-explorers.dk\/blog\/wp-json\/wp\/v2\/media\/22400"}],"wp:attachment":[{"href":"https:\/\/www.vita-explorers.dk\/blog\/wp-json\/wp\/v2\/media?parent=22396"}],"wp:term":[{"taxonomy":"category","embeddable":true,"href":"https:\/\/www.vita-explorers.dk\/blog\/wp-json\/wp\/v2\/categories?post=22396"},{"taxonomy":"post_tag","embeddable":true,"href":"https:\/\/www.vita-explorers.dk\/blog\/wp-json\/wp\/v2\/tags?post=22396"}],"curies":[{"name":"wp","href":"https:\/\/api.w.org\/{rel}","templated":true}]}}