{"id":22408,"date":"2025-11-07T11:36:59","date_gmt":"2025-11-07T10:36:59","guid":{"rendered":"https:\/\/www.globalong.com\/blog\/?p=22408"},"modified":"2025-11-07T15:28:50","modified_gmt":"2025-11-07T14:28:50","slug":"namibisk-orken-og-naturbevarelse","status":"publish","type":"post","link":"https:\/\/www.vita-explorers.dk\/blog\/namibisk-orken-og-naturbevarelse\/","title":{"rendered":"Udforsk Namibs \u00f8rken og naturbevarelse: et ophold midt i den vilde natur"},"content":{"rendered":"<h2 style=\"text-align: center;\"><span style=\"font-size: 14pt;\">Mellem b\u00f8lgende sandklitter og en uendelig horisont kan du opleve et helt s\u00e6rligt, menneskeligt og naturfagligt forl\u00f8b med fokus p\u00e5 naturbeskyttelse og observation af dyrelivet i Namibias \u00f8rken.<\/span><\/h2>\n<p>\u00a0<\/p>\n<p style=\"text-align: justify;\" data-start=\"1125\" data-end=\"1630\"><span style=\"font-size: 14pt;\">Den namibiske \u00f8rken er et sted fuld af kontraster: enorme flader af r\u00f8dt sand, stejle bjergsider, dyb stilhed \u2013 og et overraskende rigt dyreliv.<\/span><br data-start=\"1276\" data-end=\"1279\" \/><span style=\"font-size: 14pt;\">VITA\u2019s supplerende program <strong data-start=\"1282\" data-end=\"1369\">\u201cUdforskning af den namibiske \u00f8rken og naturbevarelse\u201d<\/strong> giver dig en helhedsoplevelse med fuld fordybelse i et helt unikt milj\u00f8.<\/span><br data-start=\"1456\" data-end=\"1459\" \/><span style=\"font-size: 14pt;\">I l\u00f8bet af en uge bidrager deltagerne til <strong data-start=\"1513\" data-end=\"1557\">at beskytte \u00f8rkenens \u00f8kosystemer<\/strong> og oplever samtidig nogle af Namibias mest ikoniske landskaber.<\/span><\/p>\n<p style=\"text-align: justify;\" data-start=\"1632\" data-end=\"2452\"><span style=\"font-size: 14pt;\">Programmet er for dig, der \u00f8nsker at forl\u00e6nge dit prim\u00e6re VITA-forl\u00f8b \u2014 uanset om det er <a class=\"decorated-link\" href=\"https:\/\/www.vita-explorers.dk\/frivilligt-arbejde\/frivilligt-arbejde-humanitaert-afrika-namibie-ansvarlig-rejse\/b%C3%A9n%C3%A9volat-medical-clinique-soin-analyse-stage-humanitaire.html\" target=\"_new\" rel=\"noopener\" data-start=\"1747\" data-end=\"1951\">community sundhedsprojektet<\/a>, <a class=\"decorated-link\" href=\"https:\/\/www.vita-explorers.dk\/frivilligt-arbejde\/frivilligt-arbejde-humanitaert-afrika-namibie-ansvarlig-rejse\/internationalt-frivilligt-arbejde-undervisning.html\" target=\"_new\" rel=\"noopener\" data-start=\"1956\" data-end=\"2141\">det p\u00e6dagogiske projekt med San-b\u00f8rn<\/a> eller <a class=\"decorated-link\" href=\"https:\/\/www.vita-explorers.dk\/frivilligt-arbejde\/frivilligt-arbejde-humanitaert-afrika-namibie-ansvarlig-rejse\/dyrefrivilligt-arbejde-namibia-veterinaerklinik.html\" target=\"_new\" rel=\"noopener\" data-start=\"2148\" data-end=\"2330\">dyre- og naturforl\u00f8bet<\/a>.<\/span><br data-start=\"2331\" data-end=\"2334\" \/><span style=\"font-size: 14pt;\">Det l\u00e6gger <strong data-start=\"2344\" data-end=\"2401\">en ekstra uge med engagement og oplevelser<\/strong> til \u2013 med conservation, observation og udforskning i fokus.<\/span><\/p>\n<h3 style=\"text-align: justify;\" data-start=\"2459\" data-end=\"2514\"><\/h3>\n<h3 style=\"text-align: justify;\" data-start=\"2459\" data-end=\"2514\"><span style=\"color: #b81657; font-size: 14pt;\"><strong data-start=\"2466\" data-end=\"2512\">Fordybelse midt i den vilde natur<\/strong><\/span><\/h3>\n<p style=\"text-align: justify;\" data-start=\"2516\" data-end=\"2639\"><span style=\"font-size: 14pt;\">Deltagerne indg\u00e5r i varierede aktiviteter, hvor observation, l\u00e6ring og respekt for naturen g\u00e5r h\u00e5nd i h\u00e5nd:<\/span><\/p>\n<ul>\n<li data-start=\"2642\" data-end=\"2711\"><span style=\"font-size: 14pt;\"><strong data-start=\"2642\" data-end=\"2671\">Sporing af dyr<\/strong> (oryx, zebraer, sjakaler, springbukke m.fl.).<\/span><\/li>\n<li data-start=\"2714\" data-end=\"2788\"><span style=\"font-size: 14pt;\"><strong data-start=\"2714\" data-end=\"2752\">Identifikation af lokale planter<\/strong> og deres traditionelle anvendelser.<\/span><\/li>\n<li data-start=\"2791\" data-end=\"2857\"><span style=\"font-size: 14pt;\"><strong data-start=\"2791\" data-end=\"2827\">Genopretning af naturlige habitater<\/strong> og forebyggelse af erosion.<\/span><\/li>\n<li data-start=\"2860\" data-end=\"2923\"><span style=\"font-size: 14pt;\"><strong data-start=\"2860\" data-end=\"2921\">Observation af dyreliv ved solopgang og solnedgang.<\/strong><\/span><\/li>\n<li data-start=\"2926\" data-end=\"2989\"><span style=\"font-size: 14pt;\"><strong data-start=\"2926\" data-end=\"2951\">L\u00e6rende vandreture<\/strong> i \u00f8rkenens beskyttede omr\u00e5der.<\/span><\/li>\n<\/ul>\n<p style=\"text-align: justify;\" data-start=\"2991\" data-end=\"3182\"><span style=\"font-size: 14pt;\">Sammen med specialiserede guides og VITA\u2019s koordinatorer f\u00e5r deltagerne indblik i, hvordan dyr og planter tilpasser sig et af verdens mest t\u00f8rre milj\u00f8er.<\/span><\/p>\n<h3 data-start=\"3189\" data-end=\"3237\"><\/h3>\n<h3 style=\"text-align: justify;\" data-start=\"3189\" data-end=\"3237\"><span style=\"color: #b81657; font-size: 14pt;\"><strong data-start=\"3196\" data-end=\"3235\">En menneskelig og sanselig oplevelse<\/strong><\/span><\/h3>\n<p style=\"text-align: justify;\" data-start=\"3239\" data-end=\"3630\"><span style=\"font-size: 14pt;\">Ud over naturdelen giver ugen ogs\u00e5 en tydeligt menneskelig oplevelse.<\/span><br data-start=\"3327\" data-end=\"3330\" \/><span style=\"font-size: 14pt;\">Deltagerne bor <strong data-start=\"3357\" data-end=\"3374\">t\u00e6t p\u00e5 naturen<\/strong>, spiser sammen omkring b\u00e5let og sover under stjernerne i \u00f8rkenens s\u00e6rlige ro.<\/span><br data-start=\"3470\" data-end=\"3473\" \/><span style=\"font-size: 14pt;\">Aftenerne er fyldt med samtaler, grin og delte oplevelser \u2013 en ramme, der g\u00f8r det lettere at koble af og f\u00e5 ro til egne refleksioner.<\/span><\/p>\n<p style=\"text-align: justify;\" data-start=\"3632\" data-end=\"3738\"><span style=\"font-size: 14pt;\">Det er en sj\u00e6lden pause, hvor enkelhed og naturens r\u00e5 sk\u00f8nhed f\u00e5r lov at fylde.<\/span><\/p>\n<h3 data-start=\"3745\" data-end=\"3792\"><\/h3>\n<h3 style=\"text-align: justify;\" data-start=\"3745\" data-end=\"3792\"><span style=\"color: #b81657; font-size: 14pt;\"><strong data-start=\"3753\" data-end=\"3790\">Indkvartering og rammer<\/strong><\/span><\/h3>\n<p style=\"text-align: justify;\" data-start=\"3794\" data-end=\"4080\"><span style=\"font-size: 14pt;\">Deltagerne bor p\u00e5 en <strong data-start=\"3833\" data-end=\"3881\">traditionel g\u00e5rd med fokus p\u00e5 ansvarlig \u00f8koturisme<\/strong>, med rustikke men komfortable v\u00e6relser.<\/span><br data-start=\"3925\" data-end=\"3928\" \/><span style=\"font-size: 14pt;\">Der tilberedes hver dag afbalancerede m\u00e5ltider med lokale r\u00e5varer, og der er mulighed for at tr\u00e6kke sig tilbage og lade op mellem udflugterne.<\/span><\/p>\n<p style=\"text-align: justify;\" data-start=\"4261\" data-end=\"4608\"><span style=\"font-size: 14pt; color: #b81657;\"><strong data-start=\"3693\" data-end=\"3739\">Pris for programmet: 805 \u20ac for \u00e9n uge<\/strong><\/span><\/p>\n<p style=\"text-align: justify;\" data-start=\"4261\" data-end=\"4608\"><span style=\"font-size: 14pt;\">Bel\u00f8bet<em><strong> l\u00e6gges oven i prisen for dit prim\u00e6re forl\u00f8b<\/strong><\/em> (sundhed, undervisning eller dyrebeskyttelse) og d\u00e6kker en ekstra uge med erfaringer i felten. Det inkluderer indkvartering, fuld forplejning, interne transfers og lokalt tilsyn:<\/span><\/p>\n<p style=\"text-align: justify;\" data-start=\"4399\" data-end=\"4420\"><span style=\"font-size: 14pt;\">Bel\u00f8bet inkluderer:<\/span><\/p>\n<ul>\n<li data-start=\"4423\" data-end=\"4463\"><span style=\"font-size: 14pt;\">Indkvartering p\u00e5 traditionel g\u00e5rd.<\/span><\/li>\n<li data-start=\"4466\" data-end=\"4497\"><span style=\"font-size: 14pt;\">M\u00e5ltider (fuld forplejning).<\/span><\/li>\n<li data-start=\"4500\" data-end=\"4540\"><span style=\"font-size: 14pt;\">Interne transfers mellem projekter.<\/span><\/li>\n<li data-start=\"4543\" data-end=\"4614\"><span style=\"font-size: 14pt;\">Tilsyn fra VITA\u2019s lokale team og feltguider.<\/span><\/li>\n<li data-start=\"4617\" data-end=\"4684\"><span style=\"font-size: 14pt;\">Det n\u00f8dvendige udstyr til sporings- og bevaringsaktiviteter.<\/span><\/li>\n<li data-start=\"4687\" data-end=\"4730\"><span style=\"font-size: 14pt;\">VITA deltagerbevis.<\/span><\/li>\n<li data-start=\"4733\" data-end=\"4793\"><span style=\"font-size: 14pt;\">Logistisk support og koordinering p\u00e5 stedet 24\/7.<\/span><\/li>\n<\/ul>\n<p style=\"text-align: justify;\" data-start=\"4795\" data-end=\"4923\"><span style=\"font-size: 14pt;\">Valgfrie udflugter (fotografi, safari, kamelture) kan tilk\u00f8bes p\u00e5 foresp\u00f8rgsel og betales p\u00e5 stedet.<\/span><\/p>\n<p style=\"text-align: justify;\" data-start=\"4159\" data-end=\"4251\"><span style=\"font-size: 14pt;\"><strong><span style=\"color: #b81657;\">Varighed<\/span><\/strong><\/span><\/p>\n<p style=\"text-align: justify;\" data-start=\"4159\" data-end=\"4251\"><span style=\"font-size: 14pt;\">???? N\u00e5r du v\u00e6lger et add-on, <strong data-start=\"1216\" data-end=\"1312\">forl\u00e6nger du automatisk den samlede varighed af dit forl\u00f8b med \u00e9n ekstra uge<\/strong>, s\u00e5 du kan f\u00e5 det fulde udbytte af denne oplevelse med naturbevarelse og kulturm\u00f8de.<\/span><\/p>\n<h3 style=\"text-align: justify;\" data-start=\"4930\" data-end=\"4986\"><span style=\"color: #b81657; font-size: 14pt;\"><strong data-start=\"4937\" data-end=\"4984\">En oplevelse mellem eventyr og ansvar<\/strong><\/span><\/h3>\n<p style=\"text-align: justify;\" data-start=\"4988\" data-end=\"5288\"><span style=\"font-size: 14pt;\">Programmet er et m\u00f8de mellem <strong data-start=\"5009\" data-end=\"5052\">udforskning og \u00f8kologi<\/strong>. Du f\u00e5r indblik i \u00f8rkenens s\u00e5rbare balance \u2013 og er med til at passe p\u00e5 den.<\/span><br data-start=\"5150\" data-end=\"5153\" \/><span style=\"font-size: 14pt;\">Hver registrering, hver observation og hvert \u00f8jeblik i felten bidrager til at bevare denne enest\u00e5ende naturarv.<\/span><\/p>\n<p style=\"text-align: justify;\" data-start=\"5290\" data-end=\"5413\"><span style=\"font-size: 14pt;\">At opleve den namibiske \u00f8rken med VITA handler om at vende tilbage til det enkle: naturen, f\u00e6llesskabet og gl\u00e6den ved at dele.<\/span><\/p>\n<div id=\"aircall-extension-app\"><\/div>\n<div><span style=\"font-size: 14pt;\">???? Se ogs\u00e5 de andre supplerende forl\u00f8b:<\/span><\/div>\n<div id=\"aircall-extension-app\">\n<ul style=\"text-align: justify;\">\n<li style=\"text-align: justify;\" data-start=\"4401\" data-end=\"4752\"><span style=\"font-size: 14pt;\"><a href=\"https:\/\/www.vita-explorers.dk\/blog\/pleje-og-rehabilitering-af-dyr\/\" target=\"_blank\" rel=\"noopener\">Pleje og rehabilitering af dyr<\/a><\/span><\/li>\n<li><span style=\"font-size: 14pt;\"><a href=\"https:\/\/www.vita-explorers.dk\/blog\/kystbeskyttelse-og-marin-okofrivilligt-arbejde\/\" target=\"_blank\" rel=\"noopener\">Beskyttelse af kysten og marint naturforl\u00f8b<\/a><\/span><\/li>\n<li style=\"text-align: justify;\" data-start=\"4401\" data-end=\"4752\"><span style=\"font-size: 14pt;\"><a href=\"https:\/\/www.vita-explorers.dk\/blog\/rehabiliteret-dyreliv-i-reservat\/\" target=\"_blank\" rel=\"noopener\">Observation af rehabiliterede dyr i et naturreservat<\/a><\/span><\/li>\n<li style=\"text-align: justify;\" data-start=\"4401\" data-end=\"4752\"><span style=\"font-size: 14pt;\"><a href=\"https:\/\/www.vita-explorers.dk\/blog\/vinoplevelser-og-beskyttelse-af-geparder\/\" target=\"_blank\" rel=\"noopener\">Vinoplevelser og bevaring af geparder<\/a><\/span><\/li>\n<\/ul>\n<\/div>\n<p>\u00a0<\/p>\n<p><img loading=\"lazy\" decoding=\"async\" class=\"aligncenter wp-image-22412 size-large\" src=\"https:\/\/www.vita-explorers.dk\/blog\/wp-content\/uploads\/2025\/11\/Capture-decran-2025-11-07-a-11.36.07-1024x565.png\" alt=\"\" width=\"640\" height=\"353\" srcset=\"https:\/\/www.vita-explorers.dk\/blog\/wp-content\/uploads\/2025\/11\/Capture-decran-2025-11-07-a-11.36.07-1024x565.png 1024w, https:\/\/www.vita-explorers.dk\/blog\/wp-content\/uploads\/2025\/11\/Capture-decran-2025-11-07-a-11.36.07-300x165.png 300w, https:\/\/www.vita-explorers.dk\/blog\/wp-content\/uploads\/2025\/11\/Capture-decran-2025-11-07-a-11.36.07-768x423.png 768w, https:\/\/www.vita-explorers.dk\/blog\/wp-content\/uploads\/2025\/11\/Capture-decran-2025-11-07-a-11.36.07-1536x847.png 1536w, https:\/\/www.vita-explorers.dk\/blog\/wp-content\/uploads\/2025\/11\/Capture-decran-2025-11-07-a-11.36.07.png 1890w\" sizes=\"(max-width: 640px) 100vw, 640px\" \/><\/p>\n<div id=\"aircall-extension-app\"><\/div>\n<div id=\"aircall-extension-app\"><\/div>\n<div id=\"aircall-extension-app\"><\/div>\n<div id=\"aircall-extension-app\"><\/div>\n<div id=\"aircall-extension-app\"><\/div>\n<div id=\"aircall-extension-app\"><\/div>\n<div id=\"aircall-extension-app\"><\/div>\n","protected":false},"excerpt":{"rendered":"<p>Mellem b\u00f8lgende sandklitter og en uendelig horisont kan du opleve et helt s\u00e6rligt, menneskeligt og naturfagligt forl\u00f8b med fokus p\u00e5 naturbeskyttelse og observation af\u2026<\/p>\n","protected":false},"author":1,"featured_media":22412,"comment_status":"open","ping_status":"open","sticky":false,"template":"","format":"standard","meta":{"footnotes":""},"categories":[1462],"tags":[],"yoast_head":"<!-- This site is optimized with the Yoast SEO Premium plugin v23.4 (Yoast SEO v23.4) - https:\/\/yoast.com\/wordpress\/plugins\/seo\/ -->\n<title>Udforsk Namibs \u00f8rken og naturbevarelse: et ophold midt i den vilde natur - VITA Explorers Blog<\/title>\n<meta name=\"robots\" content=\"index, follow, max-snippet:-1, max-image-preview:large, max-video-preview:-1\" \/>\n<link rel=\"canonical\" href=\"https:\/\/www.vita-explorers.dk\/blog\/namibisk-orken-og-naturbevarelse\/\" \/>\n<meta property=\"og:locale\" content=\"da_DK\" \/>\n<meta property=\"og:type\" content=\"article\" \/>\n<meta property=\"og:title\" content=\"Udforsk Namibs \u00f8rken og naturbevarelse: et ophold midt i den vilde natur\" \/>\n<meta property=\"og:description\" content=\"Mellem b\u00f8lgende sandklitter og en uendelig horisont kan du opleve et helt s\u00e6rligt, menneskeligt og naturfagligt forl\u00f8b med fokus p\u00e5 naturbeskyttelse og observation af\u2026\" \/>\n<meta property=\"og:url\" content=\"https:\/\/www.vita-explorers.dk\/blog\/namibisk-orken-og-naturbevarelse\/\" \/>\n<meta property=\"og:site_name\" content=\"VITA Explorers Blog\" \/>\n<meta property=\"article:publisher\" content=\"https:\/\/www.facebook.com\/globalong\" \/>\n<meta property=\"article:published_time\" content=\"2025-11-07T10:36:59+00:00\" \/>\n<meta property=\"article:modified_time\" content=\"2025-11-07T14:28:50+00:00\" \/>\n<meta property=\"og:image\" content=\"https:\/\/www.vita-explorers.dk\/blog\/wp-content\/uploads\/2025\/11\/Capture-decran-2025-11-07-a-11.36.07-1024x565.png\" \/>\n\t<meta property=\"og:image:width\" content=\"1024\" \/>\n\t<meta property=\"og:image:height\" content=\"565\" \/>\n\t<meta property=\"og:image:type\" content=\"image\/png\" \/>\n<meta name=\"author\" content=\"VITA Tribe\" \/>\n<meta name=\"twitter:card\" content=\"summary_large_image\" \/>\n<meta name=\"twitter:label1\" content=\"Skrevet af\" \/>\n\t<meta name=\"twitter:data1\" content=\"VITA Tribe\" \/>\n\t<meta name=\"twitter:label2\" content=\"Estimeret l\u00e6setid\" \/>\n\t<meta name=\"twitter:data2\" content=\"4 minutter\" \/>\n<script type=\"application\/ld+json\" class=\"yoast-schema-graph\">{\"@context\":\"https:\/\/schema.org\",\"@graph\":[{\"@type\":\"Article\",\"@id\":\"https:\/\/www.vita-explorers.dk\/blog\/namibisk-orken-og-naturbevarelse\/#article\",\"isPartOf\":{\"@id\":\"https:\/\/www.vita-explorers.dk\/blog\/namibisk-orken-og-naturbevarelse\/\"},\"author\":{\"name\":\"VITA Tribe\",\"@id\":\"https:\/\/www.vita-explorers.dk\/blog\/#\/schema\/person\/d7df267b64f23018d1dc519e78fb2735\"},\"headline\":\"Udforsk Namibs \u00f8rken og naturbevarelse: et ophold midt i den vilde natur\",\"datePublished\":\"2025-11-07T10:36:59+00:00\",\"dateModified\":\"2025-11-07T14:28:50+00:00\",\"mainEntityOfPage\":{\"@id\":\"https:\/\/www.vita-explorers.dk\/blog\/namibisk-orken-og-naturbevarelse\/\"},\"wordCount\":621,\"commentCount\":0,\"publisher\":{\"@id\":\"https:\/\/www.vita-explorers.dk\/blog\/#organization\"},\"image\":{\"@id\":\"https:\/\/www.vita-explorers.dk\/blog\/namibisk-orken-og-naturbevarelse\/#primaryimage\"},\"thumbnailUrl\":\"https:\/\/www.vita-explorers.dk\/blog\/wp-content\/uploads\/2025\/11\/Capture-decran-2025-11-07-a-11.36.07.png\",\"articleSection\":[\"Add-on Namibia\"],\"inLanguage\":\"da-DK\",\"potentialAction\":[{\"@type\":\"CommentAction\",\"name\":\"Comment\",\"target\":[\"https:\/\/www.vita-explorers.dk\/blog\/namibisk-orken-og-naturbevarelse\/#respond\"]}]},{\"@type\":\"WebPage\",\"@id\":\"https:\/\/www.vita-explorers.dk\/blog\/namibisk-orken-og-naturbevarelse\/\",\"url\":\"https:\/\/www.vita-explorers.dk\/blog\/namibisk-orken-og-naturbevarelse\/\",\"name\":\"Udforsk Namibs \u00f8rken og naturbevarelse: et ophold midt i den vilde natur - VITA Explorers Blog\",\"isPartOf\":{\"@id\":\"https:\/\/www.vita-explorers.dk\/blog\/#website\"},\"primaryImageOfPage\":{\"@id\":\"https:\/\/www.vita-explorers.dk\/blog\/namibisk-orken-og-naturbevarelse\/#primaryimage\"},\"image\":{\"@id\":\"https:\/\/www.vita-explorers.dk\/blog\/namibisk-orken-og-naturbevarelse\/#primaryimage\"},\"thumbnailUrl\":\"https:\/\/www.vita-explorers.dk\/blog\/wp-content\/uploads\/2025\/11\/Capture-decran-2025-11-07-a-11.36.07.png\",\"datePublished\":\"2025-11-07T10:36:59+00:00\",\"dateModified\":\"2025-11-07T14:28:50+00:00\",\"breadcrumb\":{\"@id\":\"https:\/\/www.vita-explorers.dk\/blog\/namibisk-orken-og-naturbevarelse\/#breadcrumb\"},\"inLanguage\":\"da-DK\",\"potentialAction\":[{\"@type\":\"ReadAction\",\"target\":[\"https:\/\/www.vita-explorers.dk\/blog\/namibisk-orken-og-naturbevarelse\/\"]}]},{\"@type\":\"ImageObject\",\"inLanguage\":\"da-DK\",\"@id\":\"https:\/\/www.vita-explorers.dk\/blog\/namibisk-orken-og-naturbevarelse\/#primaryimage\",\"url\":\"https:\/\/www.vita-explorers.dk\/blog\/wp-content\/uploads\/2025\/11\/Capture-decran-2025-11-07-a-11.36.07.png\",\"contentUrl\":\"https:\/\/www.vita-explorers.dk\/blog\/wp-content\/uploads\/2025\/11\/Capture-decran-2025-11-07-a-11.36.07.png\",\"width\":1890,\"height\":1042},{\"@type\":\"BreadcrumbList\",\"@id\":\"https:\/\/www.vita-explorers.dk\/blog\/namibisk-orken-og-naturbevarelse\/#breadcrumb\",\"itemListElement\":[{\"@type\":\"ListItem\",\"position\":1,\"name\":\"Accueil\",\"item\":\"https:\/\/www.vita-explorers.dk\/blog\/\"},{\"@type\":\"ListItem\",\"position\":2,\"name\":\"Udforsk Namibs \u00f8rken og naturbevarelse: et ophold midt i den vilde natur\"}]},{\"@type\":\"WebSite\",\"@id\":\"https:\/\/www.vita-explorers.dk\/blog\/#website\",\"url\":\"https:\/\/www.vita-explorers.dk\/blog\/\",\"name\":\"Association Globalong\",\"description\":\"Frivilligt arbejde, sprogophold, praktik i udlandet og internationale oplevelser\",\"publisher\":{\"@id\":\"https:\/\/www.vita-explorers.dk\/blog\/#organization\"},\"potentialAction\":[{\"@type\":\"SearchAction\",\"target\":{\"@type\":\"EntryPoint\",\"urlTemplate\":\"https:\/\/www.vita-explorers.dk\/blog\/?s={search_term_string}\"},\"query-input\":{\"@type\":\"PropertyValueSpecification\",\"valueRequired\":true,\"valueName\":\"search_term_string\"}}],\"inLanguage\":\"da-DK\"},{\"@type\":\"Organization\",\"@id\":\"https:\/\/www.vita-explorers.dk\/blog\/#organization\",\"name\":\"Association Globalong\",\"url\":\"https:\/\/www.vita-explorers.dk\/blog\/\",\"logo\":{\"@type\":\"ImageObject\",\"inLanguage\":\"da-DK\",\"@id\":\"https:\/\/www.vita-explorers.dk\/blog\/#\/schema\/logo\/image\/\",\"url\":\"https:\/\/www.globalong.com\/blog\/wp-content\/uploads\/2014\/11\/cropped-cropped-Logo-et-Afrique-Globalong-petite-taille-2.jpg\",\"contentUrl\":\"https:\/\/www.globalong.com\/blog\/wp-content\/uploads\/2014\/11\/cropped-cropped-Logo-et-Afrique-Globalong-petite-taille-2.jpg\",\"width\":512,\"height\":512,\"caption\":\"Association Globalong\"},\"image\":{\"@id\":\"https:\/\/www.vita-explorers.dk\/blog\/#\/schema\/logo\/image\/\"},\"sameAs\":[\"https:\/\/www.facebook.com\/globalong\"]},{\"@type\":\"Person\",\"@id\":\"https:\/\/www.vita-explorers.dk\/blog\/#\/schema\/person\/d7df267b64f23018d1dc519e78fb2735\",\"name\":\"VITA Tribe\",\"image\":{\"@type\":\"ImageObject\",\"inLanguage\":\"da-DK\",\"@id\":\"https:\/\/www.vita-explorers.dk\/blog\/#\/schema\/person\/image\/\",\"url\":\"https:\/\/secure.gravatar.com\/avatar\/81461bcc213d0ff2bdc043d4206648f0?s=96&d=mm&r=g\",\"contentUrl\":\"https:\/\/secure.gravatar.com\/avatar\/81461bcc213d0ff2bdc043d4206648f0?s=96&d=mm&r=g\",\"caption\":\"VITA Tribe\"},\"sameAs\":[\"https:\/\/www.globalong.com\"],\"url\":\"https:\/\/www.vita-explorers.dk\/blog\/author\/sophie\/\"}]}<\/script>\n<!-- \/ Yoast SEO Premium plugin. -->","yoast_head_json":{"title":"Udforsk Namibs \u00f8rken og naturbevarelse: et ophold midt i den vilde natur - VITA Explorers Blog","robots":{"index":"index","follow":"follow","max-snippet":"max-snippet:-1","max-image-preview":"max-image-preview:large","max-video-preview":"max-video-preview:-1"},"canonical":"https:\/\/www.vita-explorers.dk\/blog\/namibisk-orken-og-naturbevarelse\/","og_locale":"da_DK","og_type":"article","og_title":"Udforsk Namibs \u00f8rken og naturbevarelse: et ophold midt i den vilde natur","og_description":"Mellem b\u00f8lgende sandklitter og en uendelig horisont kan du opleve et helt s\u00e6rligt, menneskeligt og naturfagligt forl\u00f8b med fokus p\u00e5 naturbeskyttelse og observation af\u2026","og_url":"https:\/\/www.vita-explorers.dk\/blog\/namibisk-orken-og-naturbevarelse\/","og_site_name":"VITA Explorers Blog","article_publisher":"https:\/\/www.facebook.com\/globalong","article_published_time":"2025-11-07T10:36:59+00:00","article_modified_time":"2025-11-07T14:28:50+00:00","og_image":[{"width":1024,"height":565,"url":"https:\/\/www.vita-explorers.dk\/blog\/wp-content\/uploads\/2025\/11\/Capture-decran-2025-11-07-a-11.36.07-1024x565.png","type":"image\/png"}],"author":"VITA Tribe","twitter_card":"summary_large_image","twitter_misc":{"Skrevet af":"VITA Tribe","Estimeret l\u00e6setid":"4 minutter"},"schema":{"@context":"https:\/\/schema.org","@graph":[{"@type":"Article","@id":"https:\/\/www.vita-explorers.dk\/blog\/namibisk-orken-og-naturbevarelse\/#article","isPartOf":{"@id":"https:\/\/www.vita-explorers.dk\/blog\/namibisk-orken-og-naturbevarelse\/"},"author":{"name":"VITA Tribe","@id":"https:\/\/www.vita-explorers.dk\/blog\/#\/schema\/person\/d7df267b64f23018d1dc519e78fb2735"},"headline":"Udforsk Namibs \u00f8rken og naturbevarelse: et ophold midt i den vilde natur","datePublished":"2025-11-07T10:36:59+00:00","dateModified":"2025-11-07T14:28:50+00:00","mainEntityOfPage":{"@id":"https:\/\/www.vita-explorers.dk\/blog\/namibisk-orken-og-naturbevarelse\/"},"wordCount":621,"commentCount":0,"publisher":{"@id":"https:\/\/www.vita-explorers.dk\/blog\/#organization"},"image":{"@id":"https:\/\/www.vita-explorers.dk\/blog\/namibisk-orken-og-naturbevarelse\/#primaryimage"},"thumbnailUrl":"https:\/\/www.vita-explorers.dk\/blog\/wp-content\/uploads\/2025\/11\/Capture-decran-2025-11-07-a-11.36.07.png","articleSection":["Add-on Namibia"],"inLanguage":"da-DK","potentialAction":[{"@type":"CommentAction","name":"Comment","target":["https:\/\/www.vita-explorers.dk\/blog\/namibisk-orken-og-naturbevarelse\/#respond"]}]},{"@type":"WebPage","@id":"https:\/\/www.vita-explorers.dk\/blog\/namibisk-orken-og-naturbevarelse\/","url":"https:\/\/www.vita-explorers.dk\/blog\/namibisk-orken-og-naturbevarelse\/","name":"Udforsk Namibs \u00f8rken og naturbevarelse: et ophold midt i den vilde natur - VITA Explorers Blog","isPartOf":{"@id":"https:\/\/www.vita-explorers.dk\/blog\/#website"},"primaryImageOfPage":{"@id":"https:\/\/www.vita-explorers.dk\/blog\/namibisk-orken-og-naturbevarelse\/#primaryimage"},"image":{"@id":"https:\/\/www.vita-explorers.dk\/blog\/namibisk-orken-og-naturbevarelse\/#primaryimage"},"thumbnailUrl":"https:\/\/www.vita-explorers.dk\/blog\/wp-content\/uploads\/2025\/11\/Capture-decran-2025-11-07-a-11.36.07.png","datePublished":"2025-11-07T10:36:59+00:00","dateModified":"2025-11-07T14:28:50+00:00","breadcrumb":{"@id":"https:\/\/www.vita-explorers.dk\/blog\/namibisk-orken-og-naturbevarelse\/#breadcrumb"},"inLanguage":"da-DK","potentialAction":[{"@type":"ReadAction","target":["https:\/\/www.vita-explorers.dk\/blog\/namibisk-orken-og-naturbevarelse\/"]}]},{"@type":"ImageObject","inLanguage":"da-DK","@id":"https:\/\/www.vita-explorers.dk\/blog\/namibisk-orken-og-naturbevarelse\/#primaryimage","url":"https:\/\/www.vita-explorers.dk\/blog\/wp-content\/uploads\/2025\/11\/Capture-decran-2025-11-07-a-11.36.07.png","contentUrl":"https:\/\/www.vita-explorers.dk\/blog\/wp-content\/uploads\/2025\/11\/Capture-decran-2025-11-07-a-11.36.07.png","width":1890,"height":1042},{"@type":"BreadcrumbList","@id":"https:\/\/www.vita-explorers.dk\/blog\/namibisk-orken-og-naturbevarelse\/#breadcrumb","itemListElement":[{"@type":"ListItem","position":1,"name":"Accueil","item":"https:\/\/www.vita-explorers.dk\/blog\/"},{"@type":"ListItem","position":2,"name":"Udforsk Namibs \u00f8rken og naturbevarelse: et ophold midt i den vilde natur"}]},{"@type":"WebSite","@id":"https:\/\/www.vita-explorers.dk\/blog\/#website","url":"https:\/\/www.vita-explorers.dk\/blog\/","name":"Association Globalong","description":"Frivilligt arbejde, sprogophold, praktik i udlandet og internationale oplevelser","publisher":{"@id":"https:\/\/www.vita-explorers.dk\/blog\/#organization"},"potentialAction":[{"@type":"SearchAction","target":{"@type":"EntryPoint","urlTemplate":"https:\/\/www.vita-explorers.dk\/blog\/?s={search_term_string}"},"query-input":{"@type":"PropertyValueSpecification","valueRequired":true,"valueName":"search_term_string"}}],"inLanguage":"da-DK"},{"@type":"Organization","@id":"https:\/\/www.vita-explorers.dk\/blog\/#organization","name":"Association Globalong","url":"https:\/\/www.vita-explorers.dk\/blog\/","logo":{"@type":"ImageObject","inLanguage":"da-DK","@id":"https:\/\/www.vita-explorers.dk\/blog\/#\/schema\/logo\/image\/","url":"https:\/\/www.globalong.com\/blog\/wp-content\/uploads\/2014\/11\/cropped-cropped-Logo-et-Afrique-Globalong-petite-taille-2.jpg","contentUrl":"https:\/\/www.globalong.com\/blog\/wp-content\/uploads\/2014\/11\/cropped-cropped-Logo-et-Afrique-Globalong-petite-taille-2.jpg","width":512,"height":512,"caption":"Association Globalong"},"image":{"@id":"https:\/\/www.vita-explorers.dk\/blog\/#\/schema\/logo\/image\/"},"sameAs":["https:\/\/www.facebook.com\/globalong"]},{"@type":"Person","@id":"https:\/\/www.vita-explorers.dk\/blog\/#\/schema\/person\/d7df267b64f23018d1dc519e78fb2735","name":"VITA Tribe","image":{"@type":"ImageObject","inLanguage":"da-DK","@id":"https:\/\/www.vita-explorers.dk\/blog\/#\/schema\/person\/image\/","url":"https:\/\/secure.gravatar.com\/avatar\/81461bcc213d0ff2bdc043d4206648f0?s=96&d=mm&r=g","contentUrl":"https:\/\/secure.gravatar.com\/avatar\/81461bcc213d0ff2bdc043d4206648f0?s=96&d=mm&r=g","caption":"VITA Tribe"},"sameAs":["https:\/\/www.globalong.com"],"url":"https:\/\/www.vita-explorers.dk\/blog\/author\/sophie\/"}]}},"_links":{"self":[{"href":"https:\/\/www.vita-explorers.dk\/blog\/wp-json\/wp\/v2\/posts\/22408"}],"collection":[{"href":"https:\/\/www.vita-explorers.dk\/blog\/wp-json\/wp\/v2\/posts"}],"about":[{"href":"https:\/\/www.vita-explorers.dk\/blog\/wp-json\/wp\/v2\/types\/post"}],"author":[{"embeddable":true,"href":"https:\/\/www.vita-explorers.dk\/blog\/wp-json\/wp\/v2\/users\/1"}],"replies":[{"embeddable":true,"href":"https:\/\/www.vita-explorers.dk\/blog\/wp-json\/wp\/v2\/comments?post=22408"}],"version-history":[{"count":10,"href":"https:\/\/www.vita-explorers.dk\/blog\/wp-json\/wp\/v2\/posts\/22408\/revisions"}],"predecessor-version":[{"id":22439,"href":"https:\/\/www.vita-explorers.dk\/blog\/wp-json\/wp\/v2\/posts\/22408\/revisions\/22439"}],"wp:featuredmedia":[{"embeddable":true,"href":"https:\/\/www.vita-explorers.dk\/blog\/wp-json\/wp\/v2\/media\/22412"}],"wp:attachment":[{"href":"https:\/\/www.vita-explorers.dk\/blog\/wp-json\/wp\/v2\/media?parent=22408"}],"wp:term":[{"taxonomy":"category","embeddable":true,"href":"https:\/\/www.vita-explorers.dk\/blog\/wp-json\/wp\/v2\/categories?post=22408"},{"taxonomy":"post_tag","embeddable":true,"href":"https:\/\/www.vita-explorers.dk\/blog\/wp-json\/wp\/v2\/tags?post=22408"}],"curies":[{"name":"wp","href":"https:\/\/api.w.org\/{rel}","templated":true}]}}