{"id":22414,"date":"2025-11-07T15:12:17","date_gmt":"2025-11-07T14:12:17","guid":{"rendered":"https:\/\/www.globalong.com\/blog\/?p=22414"},"modified":"2025-11-07T15:29:00","modified_gmt":"2025-11-07T14:29:00","slug":"rehabiliteret-dyreliv-i-reservat","status":"publish","type":"post","link":"https:\/\/www.vita-explorers.dk\/blog\/rehabiliteret-dyreliv-i-reservat\/","title":{"rendered":"Observation af rehabiliteret dyreliv i et naturreservat: oplev naturbevarelse helt t\u00e6t p\u00e5 dyrene"},"content":{"rendered":"<h2 style=\"text-align: center;\"><span style=\"font-size: 14pt;\">En uges fordybelse i et naturreservat i Namibia, hvor du f\u00f8lger rehabiliterede dyr og bidrager til deres tilbagevenden til livet i det fri.<\/span><\/h2>\n<p style=\"text-align: justify;\" data-start=\"1059\" data-end=\"1410\"><span style=\"font-size: 14pt;\">Midt i et reservat p\u00e5 over 30.000 hektar giver dette ekstra forl\u00f8b, som tilbydes af <strong data-start=\"1161\" data-end=\"1174\">VITA Institute<\/strong>, en s\u00e6rlig tilgang til <strong data-start=\"1207\" data-end=\"1246\">beskyttelse af Namibias dyreliv<\/strong>.<\/span><br data-start=\"1247\" data-end=\"1250\" \/><span style=\"font-size: 14pt;\">I l\u00f8bet af en uge deltager du i observation, tracking og dataindsamling om dyr, der er blevet genudsat i deres naturlige habitat.<\/span><\/p>\n<p style=\"text-align: justify;\" data-start=\"1412\" data-end=\"2289\"><span style=\"font-size: 14pt;\">Programmet er for dig, der gerne vil forl\u00e6nge dit prim\u00e6re VITA-forl\u00f8b \u2014 uanset om det er et <a class=\"decorated-link\" href=\"https:\/\/www.vita-explorers.dk\/frivilligt-arbejde\/frivilligt-arbejde-humanitaert-afrika-namibie-ansvarlig-rejse\/b%C3%A9n%C3%A9volat-medical-clinique-soin-analyse-stage-humanitaire.html\" target=\"_new\" rel=\"noopener\" data-start=\"1531\" data-end=\"1735\">sundhedsforl\u00f8b i lokalsamfundet<\/a>, et <a class=\"decorated-link\" href=\"https:\/\/www.vita-explorers.dk\/frivilligt-arbejde\/frivilligt-arbejde-humanitaert-afrika-namibie-ansvarlig-rejse\/internationalt-frivilligt-arbejde-undervisning.html\" target=\"_new\" rel=\"noopener\" data-start=\"1740\" data-end=\"1925\">undervisningsforl\u00f8b med San-b\u00f8rn<\/a> eller et <a class=\"decorated-link\" href=\"https:\/\/www.vita-explorers.dk\/frivilligt-arbejde\/frivilligt-arbejde-humanitaert-afrika-namibie-ansvarlig-rejse\/dyrefrivilligt-arbejde-namibia-veterinaerklinik.html\" target=\"_new\" rel=\"noopener\" data-start=\"1932\" data-end=\"2125\">dyre- og naturforl\u00f8b med fokus p\u00e5 artsbeskyttelse<\/a>.<\/span><br data-start=\"2126\" data-end=\"2129\" \/><span style=\"font-size: 14pt;\">Du kan tilf\u00f8je <strong data-start=\"2149\" data-end=\"2194\">en uges videnskabeligt milj\u00f8forl\u00f8b<\/strong> til dit prim\u00e6re ophold og opleve naturen helt t\u00e6t p\u00e5.<\/span><\/p>\n<h3 data-start=\"2296\" data-end=\"2365\"><\/h3>\n<h3 style=\"text-align: justify;\" data-start=\"2296\" data-end=\"2365\"><span style=\"color: #b81657; font-size: 14pt;\"><strong data-start=\"2303\" data-end=\"2363\">F\u00f8lg rehabiliterede dyr i deres naturlige habitat<\/strong><\/span><\/h3>\n<p style=\"text-align: justify;\" data-start=\"2367\" data-end=\"2509\"><span style=\"font-size: 14pt;\">Reservatet huser dyr, der tidligere har v\u00e6ret i behandling eller rehabilitering. De lever nu frit, men f\u00f8lges fortsat for at sikre, at de trives og tilpasser sig:<\/span><\/p>\n<ul style=\"text-align: justify;\" data-start=\"2510\" data-end=\"2798\">\n<li data-start=\"2510\" data-end=\"2798\">\n<p data-start=\"2512\" data-end=\"2798\"><span style=\"font-size: 14pt;\"><strong data-start=\"2512\" data-end=\"2569\">Elefanter, geparder, giraffer, oryx, zebraer og sjakaler<\/strong> bev\u00e6ger sig alle i deres naturlige omgivelser.<\/span><br data-start=\"2617\" data-end=\"2620\" \/><span style=\"font-size: 14pt;\">Du deltager i <strong data-start=\"2651\" data-end=\"2664\">GPS-tracking<\/strong> og adf\u00e6rdsobservationer og indsamler data om deres bev\u00e6gelser, samspil og f\u00f8devalg.<\/span><\/p>\n<\/li>\n<\/ul>\n<p style=\"text-align: justify;\" data-start=\"2800\" data-end=\"3068\"><span style=\"font-size: 14pt;\">Dagene foreg\u00e5r p\u00e5 savannen med feltk\u00f8rsler og videnskabelige \u201csafaris\u201d samt tid til dialog med parkens rangers og biologer. Hver indsats bidrager til at forbedre overv\u00e5gningsmetoderne og til at forst\u00e5 processen bag rehabilitering af vilde dyr.<\/span><\/p>\n<h3 data-start=\"3075\" data-end=\"3126\"><\/h3>\n<h3 style=\"text-align: justify;\" data-start=\"3075\" data-end=\"3126\"><span style=\"color: #b81657; font-size: 14pt;\"><strong data-start=\"3082\" data-end=\"3124\">Sp\u00e6ndende feltaktiviteter<\/strong><\/span><\/h3>\n<p style=\"text-align: justify;\" data-start=\"3128\" data-end=\"3226\"><span style=\"font-size: 14pt;\">I l\u00f8bet af ugen bliver du en del af opgaver, der er vigtige for reservatet:<\/span><\/p>\n<ul>\n<li data-start=\"3229\" data-end=\"3294\"><span style=\"font-size: 14pt;\">Daglig observation af dyr, der er identificeret via GPS-halsb\u00e5nd.<\/span><\/li>\n<li data-start=\"3297\" data-end=\"3360\"><span style=\"font-size: 14pt;\">Bidrag til <strong data-start=\"3316\" data-end=\"3357\">indsamling af milj\u00f8data<\/strong>.<\/span><\/li>\n<li data-start=\"3363\" data-end=\"3416\"><span style=\"font-size: 14pt;\">Vedligeholdelse og pleje af naturlige vandhuller.<\/span><\/li>\n<li data-start=\"3419\" data-end=\"3468\"><span style=\"font-size: 14pt;\">Registrering og indrapportering af arter i bev\u00e6gelse.<\/span><\/li>\n<li data-start=\"3471\" data-end=\"3518\"><span style=\"font-size: 14pt;\">Reng\u00f8ring og reparation af udstyr til monitoring.<\/span><\/li>\n<\/ul>\n<p style=\"text-align: justify;\" data-start=\"3520\" data-end=\"3781\"><span style=\"font-size: 14pt;\">Forl\u00f8bet er en konkret <strong data-start=\"3557\" data-end=\"3602\">introduktion til naturbevarelse i praksis<\/strong> og kan deltage af alle, ogs\u00e5 uden forudg\u00e5ende erfaring.<\/span><br data-start=\"3665\" data-end=\"3668\" \/><span style=\"font-size: 14pt;\">De lokale koordinatorer s\u00f8rger for grundig st\u00f8tte og deler deres erfaring gennem hele programmet.<\/span><\/p>\n<h3 data-start=\"3788\" data-end=\"3834\"><\/h3>\n<h3 style=\"text-align: justify;\" data-start=\"3788\" data-end=\"3834\"><span style=\"color: #b81657; font-size: 14pt;\"><strong data-start=\"3795\" data-end=\"3832\">Indkvartering og rammer<\/strong><\/span><\/h3>\n<p style=\"text-align: justify;\" data-start=\"3836\" data-end=\"4177\"><span style=\"font-size: 14pt;\">Du bor i en <strong data-start=\"3874\" data-end=\"3909\">lejr midt i reservatet<\/strong> \u2014 i udstyrede telte eller enkle bungalows, afh\u00e6ngigt af s\u00e6son.<\/span><br data-start=\"3970\" data-end=\"3973\" \/><span style=\"font-size: 14pt;\">Indkvarteringen har enkeltsenge, f\u00e6lles sanit\u00e6re faciliteter og et f\u00e6llesomr\u00e5de til m\u00e5ltider.<\/span><br data-start=\"4078\" data-end=\"4081\" \/><span style=\"font-size: 14pt;\">Om aftenen samles man ofte omkring b\u00e5let i en rolig og uformel stemning.<\/span><\/p>\n<p style=\"text-align: justify;\" data-start=\"4261\" data-end=\"4608\"><span style=\"font-size: 14pt; color: #b81657;\"><strong data-start=\"3693\" data-end=\"3739\">Pris for programmet: 805 \u20ac for \u00e9n uge<\/strong><\/span><\/p>\n<p style=\"text-align: justify;\" data-start=\"4261\" data-end=\"4608\"><span style=\"font-size: 14pt;\">Bel\u00f8bet<em><strong> l\u00e6gges oven i prisen for dit prim\u00e6re forl\u00f8b<\/strong><\/em> (sundhed, undervisning eller dyre- og naturbeskyttelse) og d\u00e6kker en ekstra uge med feltbaseret erfaring. Prisen inkluderer indkvartering, fuld forplejning, interne transporter og lokal st\u00f8tte:<\/span><\/p>\n<p style=\"text-align: justify;\" data-start=\"4478\" data-end=\"4497\"><span style=\"font-size: 14pt;\">Prisen inkluderer:<\/span><\/p>\n<ul>\n<li data-start=\"4500\" data-end=\"4542\"><span style=\"font-size: 14pt;\">Indkvartering i reservatet.<\/span><\/li>\n<li data-start=\"4545\" data-end=\"4568\"><span style=\"font-size: 14pt;\">Tre m\u00e5ltider om dagen.<\/span><\/li>\n<li data-start=\"4571\" data-end=\"4611\"><span style=\"font-size: 14pt;\">Interne transporter mellem forl\u00f8b.<\/span><\/li>\n<li data-start=\"4614\" data-end=\"4675\"><span style=\"font-size: 14pt;\">St\u00f8tte fra VITA Institute\u2019s lokale team og rangers.<\/span><\/li>\n<li data-start=\"4678\" data-end=\"4731\"><span style=\"font-size: 14pt;\">Videnskabeligt udstyr til tracking af dyrelivet.<\/span><\/li>\n<li data-start=\"4734\" data-end=\"4777\"><span style=\"font-size: 14pt;\">Deltagerbevis fra VITA Institute.<\/span><\/li>\n<li data-start=\"4780\" data-end=\"4818\"><span style=\"font-size: 14pt;\">Support p\u00e5 stedet 24\/7.<\/span><\/li>\n<\/ul>\n<p style=\"text-align: justify;\" data-start=\"4820\" data-end=\"4965\"><span style=\"font-size: 14pt;\">Tilvalgsaktiviteter (fotosafari, guidede vandreture, workshops i avanceret tracking) kan tilk\u00f8bes efter \u00f8nske og betales p\u00e5 stedet.<\/span><\/p>\n<p style=\"text-align: justify;\" data-start=\"4159\" data-end=\"4251\"><span style=\"font-size: 14pt;\"><strong><span style=\"color: #b81657;\">Varighed<\/span><\/strong><\/span><\/p>\n<p style=\"text-align: justify;\" data-start=\"4159\" data-end=\"4251\"><span style=\"font-size: 14pt;\">???? Ved at v\u00e6lge et add-on <strong data-start=\"1216\" data-end=\"1312\">forl\u00e6nger du automatisk den samlede varighed af dit forl\u00f8b med \u00e9n ekstra uge<\/strong>, s\u00e5 du f\u00e5r tid til b\u00e5de dyre-rehabilitering og kulturel fordybelse.<\/span><\/p>\n<h3 style=\"text-align: justify;\" data-start=\"4972\" data-end=\"5029\"><span style=\"color: #b81657; font-size: 14pt;\"><strong data-start=\"4979\" data-end=\"5027\">En s\u00e6rlig oplevelse med aktiv naturbevarelse<\/strong><\/span><\/h3>\n<p style=\"text-align: justify;\" data-start=\"5031\" data-end=\"5295\"><span style=\"font-size: 14pt;\">At se en gepard jage frit, opleve en oryx drikke ved solopgang eller h\u00f8re et fjernt l\u00f8vebr\u00f8l er indtryk, der bliver siddende l\u00e6nge.<\/span><br data-start=\"5195\" data-end=\"5198\" \/><span style=\"font-size: 14pt;\">Ugen er en <strong data-start=\"5220\" data-end=\"5261\">videnskabelig og sanselig fordybelse<\/strong> med fokus p\u00e5 vilde dyr og deres levesteder.<\/span><\/p>\n<p style=\"text-align: justify;\" data-start=\"5297\" data-end=\"5520\"><span style=\"font-size: 14pt;\">Ved at deltage bidrager VITA Explorers direkte til <strong data-start=\"5377\" data-end=\"5423\">at bevare Namibias biodiversitet<\/strong>, samtidig med at du opbygger v\u00e6rdifulde kompetencer inden for observation, analyse og felt\u00f8kologi.<\/span><\/p>\n<h3 data-start=\"5527\" data-end=\"5585\"><\/h3>\n<h3 style=\"text-align: justify;\" data-start=\"5527\" data-end=\"5585\"><span style=\"font-size: 14pt;\"><strong data-start=\"5534\" data-end=\"5583\">Har du lyst til at forl\u00e6nge dit engagement?<\/strong><\/span><\/h3>\n<p style=\"text-align: justify;\" data-start=\"5587\" data-end=\"6024\"><span style=\"font-size: 14pt;\">L\u00e6s mere om programmet <strong data-start=\"5609\" data-end=\"5669\">Observation af rehabiliteret dyreliv i naturreservat<\/strong> \u2014 et videnskabeligt og milj\u00f8fagligt forl\u00f8b med VITA Institute.<\/span><\/p>\n<div><span style=\"font-size: 14pt;\">???? Se ogs\u00e5 de andre supplerende forl\u00f8b:<\/span><\/div>\n<div id=\"aircall-extension-app\">\n<ul style=\"text-align: justify;\">\n<li style=\"text-align: justify;\" data-start=\"4401\" data-end=\"4752\"><span style=\"font-size: 14pt;\"><a href=\"https:\/\/www.vita-explorers.dk\/blog\/pleje-og-rehabilitering-af-dyr\/\" target=\"_blank\" rel=\"noopener\">Pleje og rehabilitering af dyr<\/a><\/span><\/li>\n<li><span style=\"font-size: 14pt;\"><a href=\"https:\/\/www.vita-explorers.dk\/blog\/kystbeskyttelse-og-marin-okofrivilligt-arbejde\/\" target=\"_blank\" rel=\"noopener\">Beskyttelse af kystomr\u00e5der og marint milj\u00f8forl\u00f8b<\/a><\/span><\/li>\n<li><span style=\"font-size: 14pt;\"><a href=\"https:\/\/www.vita-explorers.dk\/blog\/namibisk-\u00f8rken-og-naturbevarelse\/\" target=\"_blank\" rel=\"noopener\">Oplev Namib-\u00f8rkenen og naturbevarelse<\/a><\/span><\/li>\n<li style=\"text-align: justify;\" data-start=\"4401\" data-end=\"4752\"><span style=\"font-size: 14pt;\"><a href=\"https:\/\/www.vita-explorers.dk\/blog\/vinoplevelser-og-beskyttelse-af-geparder\/\" target=\"_blank\" rel=\"noopener\">Vinoplevelser og bevaring af geparder<\/a><\/span><\/li>\n<\/ul>\n<\/div>\n<p data-start=\"5587\" data-end=\"6024\"><img loading=\"lazy\" decoding=\"async\" class=\"aligncenter size-large wp-image-22415\" src=\"https:\/\/www.vita-explorers.dk\/blog\/wp-content\/uploads\/2025\/11\/Capture-decran-2025-11-07-a-15.09.02-1024x730.png\" alt=\"\" width=\"640\" height=\"456\" srcset=\"https:\/\/www.vita-explorers.dk\/blog\/wp-content\/uploads\/2025\/11\/Capture-decran-2025-11-07-a-15.09.02-1024x730.png 1024w, https:\/\/www.vita-explorers.dk\/blog\/wp-content\/uploads\/2025\/11\/Capture-decran-2025-11-07-a-15.09.02-300x214.png 300w, https:\/\/www.vita-explorers.dk\/blog\/wp-content\/uploads\/2025\/11\/Capture-decran-2025-11-07-a-15.09.02-768x548.png 768w, https:\/\/www.vita-explorers.dk\/blog\/wp-content\/uploads\/2025\/11\/Capture-decran-2025-11-07-a-15.09.02.png 1498w\" sizes=\"(max-width: 640px) 100vw, 640px\" \/><\/p>\n<div id=\"aircall-extension-app\"><\/div>\n<div id=\"aircall-extension-app\"><\/div>\n<div id=\"aircall-extension-app\"><\/div>\n<div id=\"aircall-extension-app\"><\/div>\n<div id=\"aircall-extension-app\"><\/div>\n<div id=\"aircall-extension-app\"><\/div>\n","protected":false},"excerpt":{"rendered":"<p>En uges fordybelse i et naturreservat i Namibia, hvor du f\u00f8lger rehabiliterede dyr og bidrager til deres tilbagevenden til livet i det fri. Midt\u2026<\/p>\n","protected":false},"author":1,"featured_media":22415,"comment_status":"open","ping_status":"open","sticky":false,"template":"","format":"standard","meta":{"footnotes":""},"categories":[1462],"tags":[],"yoast_head":"<!-- This site is optimized with the Yoast SEO Premium plugin v23.4 (Yoast SEO v23.4) - https:\/\/yoast.com\/wordpress\/plugins\/seo\/ -->\n<title>Observation af rehabiliteret dyreliv i et naturreservat: oplev naturbevarelse helt t\u00e6t p\u00e5 dyrene - VITA Explorers Blog<\/title>\n<meta name=\"robots\" content=\"index, follow, max-snippet:-1, max-image-preview:large, max-video-preview:-1\" \/>\n<link rel=\"canonical\" href=\"https:\/\/www.vita-explorers.dk\/blog\/rehabiliteret-dyreliv-i-reservat\/\" \/>\n<meta property=\"og:locale\" content=\"da_DK\" \/>\n<meta property=\"og:type\" content=\"article\" \/>\n<meta property=\"og:title\" content=\"Observation af rehabiliteret dyreliv i et naturreservat: oplev naturbevarelse helt t\u00e6t p\u00e5 dyrene\" \/>\n<meta property=\"og:description\" content=\"En uges fordybelse i et naturreservat i Namibia, hvor du f\u00f8lger rehabiliterede dyr og bidrager til deres tilbagevenden til livet i det fri. Midt\u2026\" \/>\n<meta property=\"og:url\" content=\"https:\/\/www.vita-explorers.dk\/blog\/rehabiliteret-dyreliv-i-reservat\/\" \/>\n<meta property=\"og:site_name\" content=\"VITA Explorers Blog\" \/>\n<meta property=\"article:publisher\" content=\"https:\/\/www.facebook.com\/globalong\" \/>\n<meta property=\"article:published_time\" content=\"2025-11-07T14:12:17+00:00\" \/>\n<meta property=\"article:modified_time\" content=\"2025-11-07T14:29:00+00:00\" \/>\n<meta property=\"og:image\" content=\"https:\/\/www.vita-explorers.dk\/blog\/wp-content\/uploads\/2025\/11\/Capture-decran-2025-11-07-a-15.09.02-1024x730.png\" \/>\n\t<meta property=\"og:image:width\" content=\"1024\" \/>\n\t<meta property=\"og:image:height\" content=\"730\" \/>\n\t<meta property=\"og:image:type\" content=\"image\/png\" \/>\n<meta name=\"author\" content=\"VITA Tribe\" \/>\n<meta name=\"twitter:card\" content=\"summary_large_image\" \/>\n<meta name=\"twitter:label1\" content=\"Skrevet af\" \/>\n\t<meta name=\"twitter:data1\" content=\"VITA Tribe\" \/>\n\t<meta name=\"twitter:label2\" content=\"Estimeret l\u00e6setid\" \/>\n\t<meta name=\"twitter:data2\" content=\"4 minutter\" \/>\n<script type=\"application\/ld+json\" class=\"yoast-schema-graph\">{\"@context\":\"https:\/\/schema.org\",\"@graph\":[{\"@type\":\"Article\",\"@id\":\"https:\/\/www.vita-explorers.dk\/blog\/rehabiliteret-dyreliv-i-reservat\/#article\",\"isPartOf\":{\"@id\":\"https:\/\/www.vita-explorers.dk\/blog\/rehabiliteret-dyreliv-i-reservat\/\"},\"author\":{\"name\":\"VITA Tribe\",\"@id\":\"https:\/\/www.vita-explorers.dk\/blog\/#\/schema\/person\/d7df267b64f23018d1dc519e78fb2735\"},\"headline\":\"Observation af rehabiliteret dyreliv i et naturreservat: oplev naturbevarelse helt t\u00e6t p\u00e5 dyrene\",\"datePublished\":\"2025-11-07T14:12:17+00:00\",\"dateModified\":\"2025-11-07T14:29:00+00:00\",\"mainEntityOfPage\":{\"@id\":\"https:\/\/www.vita-explorers.dk\/blog\/rehabiliteret-dyreliv-i-reservat\/\"},\"wordCount\":672,\"commentCount\":0,\"publisher\":{\"@id\":\"https:\/\/www.vita-explorers.dk\/blog\/#organization\"},\"image\":{\"@id\":\"https:\/\/www.vita-explorers.dk\/blog\/rehabiliteret-dyreliv-i-reservat\/#primaryimage\"},\"thumbnailUrl\":\"https:\/\/www.vita-explorers.dk\/blog\/wp-content\/uploads\/2025\/11\/Capture-decran-2025-11-07-a-15.09.02.png\",\"articleSection\":[\"Add-on Namibia\"],\"inLanguage\":\"da-DK\",\"potentialAction\":[{\"@type\":\"CommentAction\",\"name\":\"Comment\",\"target\":[\"https:\/\/www.vita-explorers.dk\/blog\/rehabiliteret-dyreliv-i-reservat\/#respond\"]}]},{\"@type\":\"WebPage\",\"@id\":\"https:\/\/www.vita-explorers.dk\/blog\/rehabiliteret-dyreliv-i-reservat\/\",\"url\":\"https:\/\/www.vita-explorers.dk\/blog\/rehabiliteret-dyreliv-i-reservat\/\",\"name\":\"Observation af rehabiliteret dyreliv i et naturreservat: oplev naturbevarelse helt t\u00e6t p\u00e5 dyrene - VITA Explorers Blog\",\"isPartOf\":{\"@id\":\"https:\/\/www.vita-explorers.dk\/blog\/#website\"},\"primaryImageOfPage\":{\"@id\":\"https:\/\/www.vita-explorers.dk\/blog\/rehabiliteret-dyreliv-i-reservat\/#primaryimage\"},\"image\":{\"@id\":\"https:\/\/www.vita-explorers.dk\/blog\/rehabiliteret-dyreliv-i-reservat\/#primaryimage\"},\"thumbnailUrl\":\"https:\/\/www.vita-explorers.dk\/blog\/wp-content\/uploads\/2025\/11\/Capture-decran-2025-11-07-a-15.09.02.png\",\"datePublished\":\"2025-11-07T14:12:17+00:00\",\"dateModified\":\"2025-11-07T14:29:00+00:00\",\"breadcrumb\":{\"@id\":\"https:\/\/www.vita-explorers.dk\/blog\/rehabiliteret-dyreliv-i-reservat\/#breadcrumb\"},\"inLanguage\":\"da-DK\",\"potentialAction\":[{\"@type\":\"ReadAction\",\"target\":[\"https:\/\/www.vita-explorers.dk\/blog\/rehabiliteret-dyreliv-i-reservat\/\"]}]},{\"@type\":\"ImageObject\",\"inLanguage\":\"da-DK\",\"@id\":\"https:\/\/www.vita-explorers.dk\/blog\/rehabiliteret-dyreliv-i-reservat\/#primaryimage\",\"url\":\"https:\/\/www.vita-explorers.dk\/blog\/wp-content\/uploads\/2025\/11\/Capture-decran-2025-11-07-a-15.09.02.png\",\"contentUrl\":\"https:\/\/www.vita-explorers.dk\/blog\/wp-content\/uploads\/2025\/11\/Capture-decran-2025-11-07-a-15.09.02.png\",\"width\":1498,\"height\":1068},{\"@type\":\"BreadcrumbList\",\"@id\":\"https:\/\/www.vita-explorers.dk\/blog\/rehabiliteret-dyreliv-i-reservat\/#breadcrumb\",\"itemListElement\":[{\"@type\":\"ListItem\",\"position\":1,\"name\":\"Accueil\",\"item\":\"https:\/\/www.vita-explorers.dk\/blog\/\"},{\"@type\":\"ListItem\",\"position\":2,\"name\":\"Observation af rehabiliteret dyreliv i et naturreservat: oplev naturbevarelse helt t\u00e6t p\u00e5 dyrene\"}]},{\"@type\":\"WebSite\",\"@id\":\"https:\/\/www.vita-explorers.dk\/blog\/#website\",\"url\":\"https:\/\/www.vita-explorers.dk\/blog\/\",\"name\":\"Association Globalong\",\"description\":\"Frivilligt arbejde, sprogophold, praktik i udlandet og internationale oplevelser\",\"publisher\":{\"@id\":\"https:\/\/www.vita-explorers.dk\/blog\/#organization\"},\"potentialAction\":[{\"@type\":\"SearchAction\",\"target\":{\"@type\":\"EntryPoint\",\"urlTemplate\":\"https:\/\/www.vita-explorers.dk\/blog\/?s={search_term_string}\"},\"query-input\":{\"@type\":\"PropertyValueSpecification\",\"valueRequired\":true,\"valueName\":\"search_term_string\"}}],\"inLanguage\":\"da-DK\"},{\"@type\":\"Organization\",\"@id\":\"https:\/\/www.vita-explorers.dk\/blog\/#organization\",\"name\":\"Association Globalong\",\"url\":\"https:\/\/www.vita-explorers.dk\/blog\/\",\"logo\":{\"@type\":\"ImageObject\",\"inLanguage\":\"da-DK\",\"@id\":\"https:\/\/www.vita-explorers.dk\/blog\/#\/schema\/logo\/image\/\",\"url\":\"https:\/\/www.globalong.com\/blog\/wp-content\/uploads\/2014\/11\/cropped-cropped-Logo-et-Afrique-Globalong-petite-taille-2.jpg\",\"contentUrl\":\"https:\/\/www.globalong.com\/blog\/wp-content\/uploads\/2014\/11\/cropped-cropped-Logo-et-Afrique-Globalong-petite-taille-2.jpg\",\"width\":512,\"height\":512,\"caption\":\"Association Globalong\"},\"image\":{\"@id\":\"https:\/\/www.vita-explorers.dk\/blog\/#\/schema\/logo\/image\/\"},\"sameAs\":[\"https:\/\/www.facebook.com\/globalong\"]},{\"@type\":\"Person\",\"@id\":\"https:\/\/www.vita-explorers.dk\/blog\/#\/schema\/person\/d7df267b64f23018d1dc519e78fb2735\",\"name\":\"VITA Tribe\",\"image\":{\"@type\":\"ImageObject\",\"inLanguage\":\"da-DK\",\"@id\":\"https:\/\/www.vita-explorers.dk\/blog\/#\/schema\/person\/image\/\",\"url\":\"https:\/\/secure.gravatar.com\/avatar\/81461bcc213d0ff2bdc043d4206648f0?s=96&d=mm&r=g\",\"contentUrl\":\"https:\/\/secure.gravatar.com\/avatar\/81461bcc213d0ff2bdc043d4206648f0?s=96&d=mm&r=g\",\"caption\":\"VITA Tribe\"},\"sameAs\":[\"https:\/\/www.globalong.com\"],\"url\":\"https:\/\/www.vita-explorers.dk\/blog\/author\/sophie\/\"}]}<\/script>\n<!-- \/ Yoast SEO Premium plugin. -->","yoast_head_json":{"title":"Observation af rehabiliteret dyreliv i et naturreservat: oplev naturbevarelse helt t\u00e6t p\u00e5 dyrene - VITA Explorers Blog","robots":{"index":"index","follow":"follow","max-snippet":"max-snippet:-1","max-image-preview":"max-image-preview:large","max-video-preview":"max-video-preview:-1"},"canonical":"https:\/\/www.vita-explorers.dk\/blog\/rehabiliteret-dyreliv-i-reservat\/","og_locale":"da_DK","og_type":"article","og_title":"Observation af rehabiliteret dyreliv i et naturreservat: oplev naturbevarelse helt t\u00e6t p\u00e5 dyrene","og_description":"En uges fordybelse i et naturreservat i Namibia, hvor du f\u00f8lger rehabiliterede dyr og bidrager til deres tilbagevenden til livet i det fri. Midt\u2026","og_url":"https:\/\/www.vita-explorers.dk\/blog\/rehabiliteret-dyreliv-i-reservat\/","og_site_name":"VITA Explorers Blog","article_publisher":"https:\/\/www.facebook.com\/globalong","article_published_time":"2025-11-07T14:12:17+00:00","article_modified_time":"2025-11-07T14:29:00+00:00","og_image":[{"width":1024,"height":730,"url":"https:\/\/www.vita-explorers.dk\/blog\/wp-content\/uploads\/2025\/11\/Capture-decran-2025-11-07-a-15.09.02-1024x730.png","type":"image\/png"}],"author":"VITA Tribe","twitter_card":"summary_large_image","twitter_misc":{"Skrevet af":"VITA Tribe","Estimeret l\u00e6setid":"4 minutter"},"schema":{"@context":"https:\/\/schema.org","@graph":[{"@type":"Article","@id":"https:\/\/www.vita-explorers.dk\/blog\/rehabiliteret-dyreliv-i-reservat\/#article","isPartOf":{"@id":"https:\/\/www.vita-explorers.dk\/blog\/rehabiliteret-dyreliv-i-reservat\/"},"author":{"name":"VITA Tribe","@id":"https:\/\/www.vita-explorers.dk\/blog\/#\/schema\/person\/d7df267b64f23018d1dc519e78fb2735"},"headline":"Observation af rehabiliteret dyreliv i et naturreservat: oplev naturbevarelse helt t\u00e6t p\u00e5 dyrene","datePublished":"2025-11-07T14:12:17+00:00","dateModified":"2025-11-07T14:29:00+00:00","mainEntityOfPage":{"@id":"https:\/\/www.vita-explorers.dk\/blog\/rehabiliteret-dyreliv-i-reservat\/"},"wordCount":672,"commentCount":0,"publisher":{"@id":"https:\/\/www.vita-explorers.dk\/blog\/#organization"},"image":{"@id":"https:\/\/www.vita-explorers.dk\/blog\/rehabiliteret-dyreliv-i-reservat\/#primaryimage"},"thumbnailUrl":"https:\/\/www.vita-explorers.dk\/blog\/wp-content\/uploads\/2025\/11\/Capture-decran-2025-11-07-a-15.09.02.png","articleSection":["Add-on Namibia"],"inLanguage":"da-DK","potentialAction":[{"@type":"CommentAction","name":"Comment","target":["https:\/\/www.vita-explorers.dk\/blog\/rehabiliteret-dyreliv-i-reservat\/#respond"]}]},{"@type":"WebPage","@id":"https:\/\/www.vita-explorers.dk\/blog\/rehabiliteret-dyreliv-i-reservat\/","url":"https:\/\/www.vita-explorers.dk\/blog\/rehabiliteret-dyreliv-i-reservat\/","name":"Observation af rehabiliteret dyreliv i et naturreservat: oplev naturbevarelse helt t\u00e6t p\u00e5 dyrene - VITA Explorers Blog","isPartOf":{"@id":"https:\/\/www.vita-explorers.dk\/blog\/#website"},"primaryImageOfPage":{"@id":"https:\/\/www.vita-explorers.dk\/blog\/rehabiliteret-dyreliv-i-reservat\/#primaryimage"},"image":{"@id":"https:\/\/www.vita-explorers.dk\/blog\/rehabiliteret-dyreliv-i-reservat\/#primaryimage"},"thumbnailUrl":"https:\/\/www.vita-explorers.dk\/blog\/wp-content\/uploads\/2025\/11\/Capture-decran-2025-11-07-a-15.09.02.png","datePublished":"2025-11-07T14:12:17+00:00","dateModified":"2025-11-07T14:29:00+00:00","breadcrumb":{"@id":"https:\/\/www.vita-explorers.dk\/blog\/rehabiliteret-dyreliv-i-reservat\/#breadcrumb"},"inLanguage":"da-DK","potentialAction":[{"@type":"ReadAction","target":["https:\/\/www.vita-explorers.dk\/blog\/rehabiliteret-dyreliv-i-reservat\/"]}]},{"@type":"ImageObject","inLanguage":"da-DK","@id":"https:\/\/www.vita-explorers.dk\/blog\/rehabiliteret-dyreliv-i-reservat\/#primaryimage","url":"https:\/\/www.vita-explorers.dk\/blog\/wp-content\/uploads\/2025\/11\/Capture-decran-2025-11-07-a-15.09.02.png","contentUrl":"https:\/\/www.vita-explorers.dk\/blog\/wp-content\/uploads\/2025\/11\/Capture-decran-2025-11-07-a-15.09.02.png","width":1498,"height":1068},{"@type":"BreadcrumbList","@id":"https:\/\/www.vita-explorers.dk\/blog\/rehabiliteret-dyreliv-i-reservat\/#breadcrumb","itemListElement":[{"@type":"ListItem","position":1,"name":"Accueil","item":"https:\/\/www.vita-explorers.dk\/blog\/"},{"@type":"ListItem","position":2,"name":"Observation af rehabiliteret dyreliv i et naturreservat: oplev naturbevarelse helt t\u00e6t p\u00e5 dyrene"}]},{"@type":"WebSite","@id":"https:\/\/www.vita-explorers.dk\/blog\/#website","url":"https:\/\/www.vita-explorers.dk\/blog\/","name":"Association Globalong","description":"Frivilligt arbejde, sprogophold, praktik i udlandet og internationale oplevelser","publisher":{"@id":"https:\/\/www.vita-explorers.dk\/blog\/#organization"},"potentialAction":[{"@type":"SearchAction","target":{"@type":"EntryPoint","urlTemplate":"https:\/\/www.vita-explorers.dk\/blog\/?s={search_term_string}"},"query-input":{"@type":"PropertyValueSpecification","valueRequired":true,"valueName":"search_term_string"}}],"inLanguage":"da-DK"},{"@type":"Organization","@id":"https:\/\/www.vita-explorers.dk\/blog\/#organization","name":"Association Globalong","url":"https:\/\/www.vita-explorers.dk\/blog\/","logo":{"@type":"ImageObject","inLanguage":"da-DK","@id":"https:\/\/www.vita-explorers.dk\/blog\/#\/schema\/logo\/image\/","url":"https:\/\/www.globalong.com\/blog\/wp-content\/uploads\/2014\/11\/cropped-cropped-Logo-et-Afrique-Globalong-petite-taille-2.jpg","contentUrl":"https:\/\/www.globalong.com\/blog\/wp-content\/uploads\/2014\/11\/cropped-cropped-Logo-et-Afrique-Globalong-petite-taille-2.jpg","width":512,"height":512,"caption":"Association Globalong"},"image":{"@id":"https:\/\/www.vita-explorers.dk\/blog\/#\/schema\/logo\/image\/"},"sameAs":["https:\/\/www.facebook.com\/globalong"]},{"@type":"Person","@id":"https:\/\/www.vita-explorers.dk\/blog\/#\/schema\/person\/d7df267b64f23018d1dc519e78fb2735","name":"VITA Tribe","image":{"@type":"ImageObject","inLanguage":"da-DK","@id":"https:\/\/www.vita-explorers.dk\/blog\/#\/schema\/person\/image\/","url":"https:\/\/secure.gravatar.com\/avatar\/81461bcc213d0ff2bdc043d4206648f0?s=96&d=mm&r=g","contentUrl":"https:\/\/secure.gravatar.com\/avatar\/81461bcc213d0ff2bdc043d4206648f0?s=96&d=mm&r=g","caption":"VITA Tribe"},"sameAs":["https:\/\/www.globalong.com"],"url":"https:\/\/www.vita-explorers.dk\/blog\/author\/sophie\/"}]}},"_links":{"self":[{"href":"https:\/\/www.vita-explorers.dk\/blog\/wp-json\/wp\/v2\/posts\/22414"}],"collection":[{"href":"https:\/\/www.vita-explorers.dk\/blog\/wp-json\/wp\/v2\/posts"}],"about":[{"href":"https:\/\/www.vita-explorers.dk\/blog\/wp-json\/wp\/v2\/types\/post"}],"author":[{"embeddable":true,"href":"https:\/\/www.vita-explorers.dk\/blog\/wp-json\/wp\/v2\/users\/1"}],"replies":[{"embeddable":true,"href":"https:\/\/www.vita-explorers.dk\/blog\/wp-json\/wp\/v2\/comments?post=22414"}],"version-history":[{"count":6,"href":"https:\/\/www.vita-explorers.dk\/blog\/wp-json\/wp\/v2\/posts\/22414\/revisions"}],"predecessor-version":[{"id":22440,"href":"https:\/\/www.vita-explorers.dk\/blog\/wp-json\/wp\/v2\/posts\/22414\/revisions\/22440"}],"wp:featuredmedia":[{"embeddable":true,"href":"https:\/\/www.vita-explorers.dk\/blog\/wp-json\/wp\/v2\/media\/22415"}],"wp:attachment":[{"href":"https:\/\/www.vita-explorers.dk\/blog\/wp-json\/wp\/v2\/media?parent=22414"}],"wp:term":[{"taxonomy":"category","embeddable":true,"href":"https:\/\/www.vita-explorers.dk\/blog\/wp-json\/wp\/v2\/categories?post=22414"},{"taxonomy":"post_tag","embeddable":true,"href":"https:\/\/www.vita-explorers.dk\/blog\/wp-json\/wp\/v2\/tags?post=22414"}],"curies":[{"name":"wp","href":"https:\/\/api.w.org\/{rel}","templated":true}]}}