{"id":22442,"date":"2025-11-08T17:15:21","date_gmt":"2025-11-08T16:15:21","guid":{"rendered":"https:\/\/www.globalong.com\/blog\/?p=22442"},"modified":"2025-11-08T17:15:21","modified_gmt":"2025-11-08T16:15:21","slug":"humanitaert-forloeb-i-ecuador","status":"publish","type":"post","link":"https:\/\/www.vita-explorers.dk\/blog\/humanitaert-forloeb-i-ecuador\/","title":{"rendered":"Humanit\u00e6rt ophold i Ecuador: Bliv deltager og v\u00e6r med til at skabe reel, lokal effekt"},"content":{"rendered":"<h1 style=\"text-align: justify;\">Humanit\u00e6rt forl\u00f8b i Ecuador: bliv VITA Explorer og g\u00f8r en konkret forskel<\/h1>\n<h2 style=\"text-align: justify;\">Humanit\u00e6rt forl\u00f8b i Ecuador: et meningsfuldt engagement t\u00e6t p\u00e5 hverdagen<\/h2>\n<p style=\"text-align: justify;\">Et <strong>humanit\u00e6rt forl\u00f8b i Ecuador<\/strong> tiltr\u00e6kker deltagere, der gerne vil engagere sig i praksis. Landet rummer projekter, der er b\u00e5de relevante og til at g\u00e5 til. <strong>Frivilligt arbejde i Ecuador<\/strong> giver mulighed for at bidrage, l\u00e6re og f\u00e5 indblik i lokale forhold. Mange forl\u00f8b omfatter ogs\u00e5 sundhedsindsatser, fx <strong>medicinske ophold<\/strong> eller osteopati-projekter. Derfor kan de fleste finde en rolle, der passer til kompetencer eller interesse.<\/p>\n<h3 style=\"text-align: justify;\"><strong><span style=\"color: #993366;\">Derfor v\u00e6lger mange frivilligt arbejde i Ecuador<\/span><\/strong><\/h3>\n<p style=\"text-align: justify;\"><strong>Frivilligt arbejde i Ecuador<\/strong> kan tilpasses mange forskellige profiler. Det kr\u00e6ver ikke altid en uddannelse \u2013 det vigtigste er motivation og ansvarlighed. <strong>Internationalt frivilligt arbejde i Ecuador<\/strong> bygger p\u00e5 udveksling og f\u00e6lles l\u00e6ring. Hvert <strong>ophold i Ecuador<\/strong> tager udgangspunkt i konkrete behov. M\u00e5let er at handle sammen med mennesker lokalt \u2013 aldrig p\u00e5 deres vegne. Et s\u00e5dant <strong>humanit\u00e6rt program<\/strong> kan skabe resultater, som ofte overrasker deltagerne selv.<\/p>\n<p style=\"text-align: justify;\">Ecuador har en s\u00e6rlig ramme: Andesbjergene, Amazonas og Stillehavskysten ligger side om side. Det g\u00f8r hvert <strong>ophold i Ecuador<\/strong> forskelligt. Man bliver hurtigt en del af hverdagen, og spansk bruges naturligt. Det daglige liv bliver i sig selv en l\u00e6ringsproces. Derfor giver et ophold <strong>i Ecuador<\/strong> ogs\u00e5 mere selvst\u00e6ndighed og selvtillid.<\/p>\n<h3 style=\"text-align: justify;\"><strong><span style=\"color: #993366;\">Medicinske ophold og osteopati i Ecuador: et vigtigt behov<\/span><\/strong><\/h3>\n<p style=\"text-align: justify;\">Nogle <strong>humanit\u00e6re forl\u00f8b i Ecuador<\/strong> har fokus p\u00e5 adgang til sundhed. <strong>Medicinske ophold i Ecuador<\/strong> st\u00f8tter eksisterende indsatser \u2013 s\u00e6rligt i omr\u00e5der, hvor der er langt til behandling. Osteopati-forl\u00f8b d\u00e6kker ogs\u00e5 et tydeligt behov og kan give hurtig lindring til mennesker med begr\u00e6nset opf\u00f8lgning. Disse projekter supplerer de sociale og uddannelsesrettede aktiviteter i <strong>frivilligt arbejde i Ecuador<\/strong>.<\/p>\n<p style=\"text-align: justify;\">Indsatserne erstatter ikke lokale fagpersoner. De fungerer som et supplement og kan styrke b\u00e5de forebyggelse og st\u00f8tte. Derfor bygger et <strong>humanit\u00e6rt forl\u00f8b i Ecuador<\/strong> p\u00e5 respekt og ansvarlighed.<\/p>\n<h3 style=\"text-align: justify;\"><strong><span style=\"color: #993366;\">Hvad frivilligt arbejde i Ecuador ogs\u00e5 giver deltagerne<\/span><\/strong><\/h3>\n<p style=\"text-align: justify;\">At deltage i et <strong>solidaritetsforl\u00f8b i Ecuador<\/strong> kan s\u00e6tte spor. Man tr\u00e6ner evnen til at tilpasse sig, lytte og samarbejde. <strong>Frivilligt arbejde i Ecuador<\/strong> l\u00e6rer \u00e9n at handle med f\u00e6rre ressourcer \u2013 men mere bevidst. Det udfordrer ogs\u00e5 vaner og perspektiver. Mange fort\u00e6ller, at et <strong>humanit\u00e6rt forl\u00f8b i Ecuador<\/strong> \u00e6ndrer deres m\u00e5de at se verden p\u00e5.<\/p>\n<p style=\"text-align: justify;\">Forl\u00f8bet skaber ofte st\u00e6rke relationer. Det giver v\u00e6rdi i hverdagen p\u00e5 stedet \u2013 og bliver samtidig en erfaring, man tager med sig l\u00e6nge. Derfor bliver <strong>internationalt frivilligt arbejde i Ecuador<\/strong> for mange et personligt vendepunkt og et meningsfuldt engagement.<\/p>\n<h2 style=\"text-align: justify;\">Indhold: artikel om humanit\u00e6rt forl\u00f8b i Ecuador<\/h2>\n<nav>\n<ul>\n<li><a href=\"#pourquoi-equateur\">Hvorfor v\u00e6lge et humanit\u00e6rt forl\u00f8b i Ecuador?<\/a><\/li>\n<li><a href=\"#types-missions\">Typer af forl\u00f8b: socialt, medicinsk og osteopati<\/a><\/li>\n<li><a href=\"#benefices\">Hvad du f\u00e5r ud af frivilligt arbejde i Ecuador<\/a><\/li>\n<li><a href=\"#preparer-depart\">S\u00e5dan forbereder du dit solidaritetsophold i Ecuador<\/a><\/li>\n<li><a href=\"#faq-equateur\">FAQ om frivilligt arbejde og humanit\u00e6re forl\u00f8b i Ecuador<\/a><\/li>\n<\/ul>\n<\/nav>\n<h2><\/h2>\n<h2><a href=\"https:\/\/www.vita-explorers.dk\/blog\/wp-content\/uploads\/2025\/11\/WhatsApp_Image_2025-11-07_at_12.18.06.jpeg\"><img loading=\"lazy\" decoding=\"async\" class=\"size-medium wp-image-22454 aligncenter\" src=\"https:\/\/www.vita-explorers.dk\/blog\/wp-content\/uploads\/2025\/11\/WhatsApp_Image_2025-11-07_at_12.18.06-300x225.jpeg\" alt=\"\" width=\"300\" height=\"225\" srcset=\"https:\/\/www.vita-explorers.dk\/blog\/wp-content\/uploads\/2025\/11\/WhatsApp_Image_2025-11-07_at_12.18.06-300x225.jpeg 300w, https:\/\/www.vita-explorers.dk\/blog\/wp-content\/uploads\/2025\/11\/WhatsApp_Image_2025-11-07_at_12.18.06-1024x768.jpeg 1024w, https:\/\/www.vita-explorers.dk\/blog\/wp-content\/uploads\/2025\/11\/WhatsApp_Image_2025-11-07_at_12.18.06-768x576.jpeg 768w, https:\/\/www.vita-explorers.dk\/blog\/wp-content\/uploads\/2025\/11\/WhatsApp_Image_2025-11-07_at_12.18.06-1536x1152.jpeg 1536w, https:\/\/www.vita-explorers.dk\/blog\/wp-content\/uploads\/2025\/11\/WhatsApp_Image_2025-11-07_at_12.18.06.jpeg 2048w\" sizes=\"(max-width: 300px) 100vw, 300px\" \/><\/a><\/h2>\n<h2 id=\"pourquoi-equateur\" style=\"text-align: justify;\">Hvorfor tage p\u00e5 humanit\u00e6rt forl\u00f8b i Ecuador?<\/h2>\n<p style=\"text-align: justify;\">Et <strong>humanit\u00e6rt forl\u00f8b i Ecuador<\/strong> g\u00f8r det muligt at bidrage konkret. Projekterne tager udgangspunkt i reelle behov og planl\u00e6gges i dialog med lokale akt\u00f8rer. Derfor bliver <strong>frivilligt arbejde i Ecuador<\/strong> meningsfuldt allerede fra de f\u00f8rste dage. Samtidig er mulighederne mange, s\u00e5 hvert ophold rummer nye erfaringer.<\/p>\n<p style=\"text-align: justify;\">Ecuador har en st\u00e6rk kulturel mangfoldighed. Andinske traditioner m\u00f8der kulturer fra Amazonas og kystomr\u00e5derne. Dermed giver <strong>frivilligt arbejde i Ecuador<\/strong> ogs\u00e5 et bedre indblik i sociale udfordringer og lokale prioriteringer. Derudover styrker <a href=\"https:\/\/www.vita-explorers.dk\/blog\/internationalt-immersionsforloeb-og-frivilligt-arbejde\/\" target=\"_blank\" rel=\"noopener\">fordybelsen<\/a> det menneskelige m\u00f8de i oplevelsen. N\u00e5r man deler hverdagen, bliver udvekslingen konkret og n\u00e6rv\u00e6rende.<\/p>\n<h3 style=\"text-align: justify;\"><strong><span style=\"color: #993366;\">Et solidaritetsforl\u00f8b midt i virkeligheden<\/span><\/strong><\/h3>\n<p style=\"text-align: justify;\"><strong>Internationalt frivilligt arbejde i Ecuador<\/strong> m\u00f8der ofte sociale og sundhedsm\u00e6ssige udfordringer. Nogle landsbyer har fx begr\u00e6nset adgang til behandling, og derfor er <strong>medicinske ophold<\/strong> og osteopati-projekter relevante. Men behov handler ikke kun om sundhed. Uddannelse, sociale indsatser og milj\u00f8 fylder ogs\u00e5 i mange omr\u00e5der.<\/p>\n<p style=\"text-align: justify;\">At deltage i et <strong>humanit\u00e6rt program i Ecuador<\/strong> kr\u00e6ver ikke, at man er specialist. Til geng\u00e6ld kr\u00e6ver det lytten, respekt og et stabilt engagement. Til geng\u00e6ld kan effekten m\u00e6rkes direkte, og selv enkle opgaver kan f\u00e5 betydning. Derfor oplever mange, at deres tilstedev\u00e6relse hurtigt bliver nyttig.<\/p>\n<p style=\"text-align: justify;\">At tage p\u00e5 <strong>ophold i Ecuador<\/strong> er ogs\u00e5 at v\u00e6re villig til at l\u00e6re mindst lige s\u00e5 meget, som man bidrager. Udveksling tr\u00e6der i stedet for \u201cat komme og hj\u00e6lpe\u201d. Alle deler viden og erfaringer, og det skaber ofte en mere holdbar og fair tilgang.<\/p>\n<p style=\"text-align: justify;\">Kort sagt samler et <strong>humanit\u00e6rt forl\u00f8b i Ecuador<\/strong> konkrete bidrag, l\u00e6ring og m\u00f8der med mennesker. Det kan v\u00e6re kr\u00e6vende, men ogs\u00e5 udviklende \u2013 og det kan efterlade et positivt aftryk for begge parter.<\/p>\n<h2><\/h2>\n<h2 id=\"types-missions\" style=\"text-align: justify;\">Typer af humanit\u00e6re forl\u00f8b i Ecuador: socialt, medicinsk og osteopati<\/h2>\n<p style=\"text-align: justify;\">Et <strong>humanit\u00e6rt forl\u00f8b i Ecuador<\/strong> kan se ud p\u00e5 flere m\u00e5der. Behovene er forskellige, og derfor kan de fleste finde en rolle, der giver mening. <strong>Frivilligt arbejde i Ecuador<\/strong> organiseres i samspil med lokale akt\u00f8rer, s\u00e5 aktiviteterne tager udgangspunkt i konkrete udfordringer.<\/p>\n<h3 style=\"text-align: justify;\"><strong><span style=\"color: #993366;\">Socialt og p\u00e6dagogisk frivilligt arbejde i Ecuador<\/span><\/strong><\/h3>\n<p style=\"text-align: justify;\"><strong>Frivilligt arbejde i Ecuador<\/strong> har ofte et uddannelsesfokus. Nogle deltagere st\u00f8tter b\u00f8rn i skolen, andre faciliterer aktiviteter, workshops eller lektiehj\u00e6lp. Indsatserne kan styrke b\u00e5de l\u00e6ring og trivsel, og <a href=\"https:\/\/www.vita-explorers.dk\/blog\/impact-frivilligt-arbejde-i-udlandet\/\" target=\"_blank\" rel=\"noopener\">effekten<\/a> ses ofte ret hurtigt i hverdagen.<\/p>\n<p style=\"text-align: justify;\">Der findes ogs\u00e5 sociale projekter, fx st\u00f8tte til familier, f\u00e6llesskabscentre eller lokale initiativer. <strong>Internationalt frivilligt arbejde i Ecuador<\/strong> handler i h\u00f8j grad om relationer og n\u00e6rv\u00e6r, hvor evnen til at lytte er et vigtigt redskab.<\/p>\n<h3 style=\"text-align: justify;\"><strong><span style=\"color: #993366;\">Medicinske ophold i Ecuador og sundhedsindsatser<\/span><\/strong><\/h3>\n<p style=\"text-align: justify;\"><strong>Medicinske ophold i Ecuador<\/strong> underst\u00f8tter lokale strukturer. I nogle afsides omr\u00e5der er adgangen til behandling begr\u00e6nset, og derfor kan deltagere med relevant baggrund v\u00e6re en hj\u00e6lp. Indsatserne erstatter dog aldrig lokale sundhedsprofessionelle \u2013 de fungerer som st\u00f8tte.<\/p>\n<p style=\"text-align: justify;\">Deltagere kan bidrage ved konsultationer, forebyggelseskampagner eller opf\u00f8lgning under vejledning. Sundhedsformidling indg\u00e5r ofte ogs\u00e5. Dermed styrker <strong>humanit\u00e6re programmer i Ecuador<\/strong> forebyggelse og viden.<\/p>\n<h3 style=\"text-align: justify;\"><strong><span style=\"color: #993366;\">Osteopati og trivsel i Ecuador<\/span><\/strong><\/h3>\n<p style=\"text-align: justify;\">Et <strong>osteopati-forl\u00f8b i Ecuador<\/strong> d\u00e6kker et voksende behov. Mange har ikke adgang til denne type behandling, og sessioner kan lindre sp\u00e6ndinger, smerter eller fysiske l\u00e5sninger. Det kan give en m\u00e6rkbar forbedring i hverdagen.<\/p>\n<p style=\"text-align: justify;\">Forl\u00f8bene indg\u00e5r altid i en lokal ramme og l\u00e6gger v\u00e6gt p\u00e5 udveksling og forebyggelse. De supplerer andre indsatser i et <strong>solidaritetsforl\u00f8b i Ecuador<\/strong>, s\u00e6rligt i landdistrikter og mere afsides omr\u00e5der.<\/p>\n<p style=\"text-align: justify;\">Samlet set d\u00e6kker et <strong>ophold i Ecuador<\/strong> flere felter: socialt, p\u00e6dagogisk, medicinsk eller med fokus p\u00e5 trivsel. P\u00e5 den m\u00e5de kan man bidrage ud fra sine kompetencer \u2013 og samtidig v\u00e6re med til en indsats, der kan m\u00e6rkes.<\/p>\n<h2><\/h2>\n<p><a href=\"https:\/\/www.vita-explorers.dk\/blog\/wp-content\/uploads\/2025\/11\/WhatsApp_Image_2025-11-07_at_12.17.52.jpeg\"><img loading=\"lazy\" decoding=\"async\" class=\"size-medium wp-image-22453 aligncenter\" src=\"https:\/\/www.vita-explorers.dk\/blog\/wp-content\/uploads\/2025\/11\/WhatsApp_Image_2025-11-07_at_12.17.52-300x225.jpeg\" alt=\"Osteopati-forl\u00f8b i Ecuador\" width=\"300\" height=\"225\" srcset=\"https:\/\/www.vita-explorers.dk\/blog\/wp-content\/uploads\/2025\/11\/WhatsApp_Image_2025-11-07_at_12.17.52-300x225.jpeg 300w, https:\/\/www.vita-explorers.dk\/blog\/wp-content\/uploads\/2025\/11\/WhatsApp_Image_2025-11-07_at_12.17.52-1024x768.jpeg 1024w, https:\/\/www.vita-explorers.dk\/blog\/wp-content\/uploads\/2025\/11\/WhatsApp_Image_2025-11-07_at_12.17.52-768x576.jpeg 768w, https:\/\/www.vita-explorers.dk\/blog\/wp-content\/uploads\/2025\/11\/WhatsApp_Image_2025-11-07_at_12.17.52-1536x1152.jpeg 1536w, https:\/\/www.vita-explorers.dk\/blog\/wp-content\/uploads\/2025\/11\/WhatsApp_Image_2025-11-07_at_12.17.52.jpeg 2048w\" sizes=\"(max-width: 300px) 100vw, 300px\" \/><\/a><\/p>\n<h2><\/h2>\n<h2 id=\"benefices\" style=\"text-align: justify;\">Hvad et humanit\u00e6rt forl\u00f8b i Ecuador giver dig<\/h2>\n<p style=\"text-align: justify;\">Et <strong>humanit\u00e6rt forl\u00f8b i Ecuador<\/strong> handler ikke kun om at bidrage. Det handler ogs\u00e5 om at l\u00e6re, opdage og udvikle sig. Derfor giver <strong>frivilligt arbejde i Ecuador<\/strong> b\u00e5de personlige og menneskelige gevinster. Erfaringen kan \u00e6ndre, hvordan man ser sig selv \u2013 og den verden, man er en del af.<\/p>\n<h3 style=\"text-align: justify;\"><strong><span style=\"color: #993366;\">Nye kompetencer gennem frivilligt arbejde i Ecuador<\/span><\/strong><\/h3>\n<p style=\"text-align: justify;\"><strong>Internationalt frivilligt arbejde i Ecuador<\/strong> udvikler praktiske kompetencer. Organisation, kommunikation og aktiv lytning bliver hurtigt styrket, og man l\u00e6rer at tilpasse sig p\u00e5 en naturlig m\u00e5de. Det er erfaringer, som kan bruges b\u00e5de privat og professionelt.<\/p>\n<p style=\"text-align: justify;\"><strong>Medicinske ophold i Ecuador<\/strong> og osteopati-projekter kan ogs\u00e5 styrke praksiserfaring i felten. Men uanset baggrund l\u00e6rer man at samarbejde, observere og m\u00f8de mennesker med respekt. Derfor er <strong>frivilligt arbejde i Ecuador<\/strong> l\u00e6rerigt for de fleste.<\/p>\n<h3 style=\"text-align: justify;\"><strong><span style=\"color: #993366;\">Kulturel fordybelse, der f\u00f8les \u00e6gte<\/span><\/strong><\/h3>\n<p style=\"text-align: justify;\">Et <strong>solidaritetsforl\u00f8b i Ecuador<\/strong> giver et t\u00e6t m\u00f8de med en levende kultur. N\u00e5r man deler hverdagen, opst\u00e5r der ofte \u00e6rlige samtaler og relationer. Derfor g\u00e5r <a href=\"https:\/\/www.vita-explorers.dk\/sprogophold\/spansk-ecuador.html\" target=\"_blank\" rel=\"noopener\">l\u00e6ring af spansk<\/a> typisk hurtigere. Samtidig giver kendskab til lokale traditioner dybde til oplevelsen.<\/p>\n<p style=\"text-align: justify;\">Derudover kan et <strong>humanit\u00e6rt program i Ecuador<\/strong> \u00e5bne d\u00f8re til omr\u00e5der, man ellers sj\u00e6ldent ser som rejsende. Det giver et mere n\u00e6rt og realistisk billede af landet. Mange tager ogs\u00e5 relationer med sig, som varer ved.<\/p>\n<h3 style=\"text-align: justify;\"><strong><span style=\"color: #993366;\">At finde nye sider af sig selv og f\u00e5 mere selvtillid<\/span><\/strong><\/h3>\n<p style=\"text-align: justify;\">At v\u00e6lge et <strong>humanit\u00e6rt forl\u00f8b i Ecuador<\/strong> kan ogs\u00e5 v\u00e6re en personlig rejse. Det ukendte kr\u00e6ver mod og handlekraft, og mange oplever at blive mere selvst\u00e6ndige. At tr\u00e6de ud af sin komfortzone kan blive en styrke.<\/p>\n<p style=\"text-align: justify;\"><strong>Frivilligt arbejde i Ecuador<\/strong> giver ofte ogs\u00e5 perspektiv. Prioriteter bliver tydeligere, og mange beskriver erfaringen som livsforandrende. Ud over det, man bidrager med, er det for mange en af de mest meningsfulde oplevelser, de har haft.<\/p>\n<p style=\"text-align: justify;\">Kort sagt: Et <strong>humanit\u00e6rt forl\u00f8b i Ecuador<\/strong> g\u00f8r det muligt at bidrage p\u00e5 en ansvarlig m\u00e5de \u2013 og samtidig udvikle sig m\u00e6rkbart. Det er et engagement, der kan f\u00e5 betydning b\u00e5de nu og p\u00e5 l\u00e6ngere sigt.<\/p>\n<h2><\/h2>\n<h2 id=\"preparer-depart\" style=\"text-align: justify;\">S\u00e5dan forbereder du dit humanit\u00e6re forl\u00f8b i Ecuador<\/h2>\n<p style=\"text-align: justify;\">Et <strong>humanit\u00e6rt forl\u00f8b i Ecuador<\/strong> kr\u00e6ver lidt planl\u00e6gning. En god forberedelse g\u00f8r ofte en stor forskel, mindsker stress og giver et mere roligt og nyttigt <strong>frivilligt ophold<\/strong>.<\/p>\n<h3 style=\"text-align: justify;\"><strong><span style=\"color: #993366;\">V\u00e6lg det rette frivilligprojekt i Ecuador<\/span><\/strong><\/h3>\n<p style=\"text-align: justify;\">Valget af projekt betyder meget. Nogle foretr\u00e6kker <strong>frivilligt arbejde i Ecuador<\/strong> inden for undervisning, andre v\u00e6lger <strong>medicinske ophold<\/strong> eller <a href=\"https:\/\/www.vita-explorers.dk\/frivilligt-arbejde\/frivilligt-arbejde-i-nepal\/frivilligt-arbejde-i-osteopati-i-nepal.html\" target=\"_blank\" rel=\"noopener\">osteopati<\/a>. Det vigtigste er at v\u00e6lge et forl\u00f8b, der passer til dine kompetencer og din motivation. Det kan ogs\u00e5 v\u00e6re en fordel at tale med teamet p\u00e5 stedet inden afrejse, s\u00e5 forventningerne er tydelige fra start.<\/p>\n<h3 style=\"text-align: justify;\"><strong><span style=\"color: #993366;\">Forbered de praktiske forhold<\/span><\/strong><\/h3>\n<p style=\"text-align: justify;\">Inden <strong>internationalt frivilligt arbejde i Ecuador<\/strong> b\u00f8r nogle praktiske punkter v\u00e6re p\u00e5 plads. F\u00f8rst og fremmest skal passet v\u00e6re gyldigt. Dern\u00e6st er <a href=\"https:\/\/www.vita-explorers.dk\/blog\/vaccinationer-og-forsikring-til-internationalt-forloeb\/\" target=\"_blank\" rel=\"noopener\">rejseforsikring<\/a> vigtig. I nogle regioner anbefales vacciner, og et realistisk budget g\u00f8r det lettere at rejse afsted med ro i maven.<\/p>\n<p style=\"text-align: justify;\">Det er ogs\u00e5 en god id\u00e9 at l\u00e6re nogle grundl\u00e6ggende spanske fraser. Det g\u00f8r hverdagen lettere, og selv f\u00e5 s\u00e6tninger kan skabe kontakt. At pakke med omtanke hj\u00e6lper ogs\u00e5 \u2013 ofte er det bedre at prioritere det praktiske frem for det overfl\u00f8dige.<\/p>\n<h3 style=\"text-align: justify;\"><strong><span style=\"color: #993366;\">Den rette tilgang til et solidaritetsforl\u00f8b i Ecuador<\/span><\/strong><\/h3>\n<p style=\"text-align: justify;\">Et <strong>solidaritetsforl\u00f8b i Ecuador<\/strong> bygger p\u00e5 respekt og lytten. Derfor er det vigtigt at v\u00e6re fleksibel. Tempoet kan v\u00e6re anderledes, og planer kan \u00e6ndre sig. Det er en del af oplevelsen. At stille sp\u00f8rgsm\u00e5l og observere hj\u00e6lper med at forst\u00e5 konteksten og finde sin rolle.<\/p>\n<p style=\"text-align: justify;\">At bevare et \u00e5bent sind er afg\u00f8rende. S\u00e5 bliver situationer til l\u00e6ring, og man kan indg\u00e5 i et <strong>humanit\u00e6rt program<\/strong> p\u00e5 en m\u00e5de, der f\u00f8les b\u00e5de rigere, mere fair og mere menneskelig.<\/p>\n<p style=\"text-align: justify;\">Kort fortalt: God forberedelse \u00f8ger effekten af dit <strong>humanit\u00e6re forl\u00f8b i Ecuador<\/strong> og g\u00f8r opholdet mere smidigt og meningsfuldt \u2013 for b\u00e5de deltagere og de mennesker, man m\u00f8der.<\/p>\n<h2><\/h2>\n<p><a href=\"https:\/\/www.vita-explorers.dk\/blog\/wp-content\/uploads\/2018\/09\/Classroom-min-1.jpg\"><img loading=\"lazy\" decoding=\"async\" class=\"size-medium wp-image-11596 aligncenter\" src=\"https:\/\/www.vita-explorers.dk\/blog\/wp-content\/uploads\/2018\/09\/Classroom-min-1-300x267.jpg\" alt=\"Humanit\u00e6rt ophold i Ecuador\" width=\"300\" height=\"267\" srcset=\"https:\/\/www.vita-explorers.dk\/blog\/wp-content\/uploads\/2018\/09\/Classroom-min-1-300x267.jpg 300w, https:\/\/www.vita-explorers.dk\/blog\/wp-content\/uploads\/2018\/09\/Classroom-min-1-150x134.jpg 150w, https:\/\/www.vita-explorers.dk\/blog\/wp-content\/uploads\/2018\/09\/Classroom-min-1.jpg 464w\" sizes=\"(max-width: 300px) 100vw, 300px\" \/><\/a><\/p>\n<p>\u00a0<\/p>\n<h2 id=\"responsabilites\" style=\"text-align: justify;\">Hvad er rollen som deltager p\u00e5 et humanit\u00e6rt forl\u00f8b i Ecuador?<\/h2>\n<p style=\"text-align: justify;\">Et <strong>humanit\u00e6rt forl\u00f8b i Ecuador<\/strong> bygger p\u00e5 en tydelig rolle: at st\u00f8tte, bidrage og samarbejde uden at overtage lokale opgaver. <strong>Frivilligt arbejde i Ecuador<\/strong> er en indsats baseret p\u00e5 gensidig hj\u00e6lp. Derfor formes hvert forl\u00f8b ud fra reelle behov i hverdagen. M\u00e5let er at styrke \u2013 ikke at erstatte.<\/p>\n<h3 style=\"text-align: justify;\"><strong><span style=\"color: #993366;\">At st\u00f8tte i hverdagen gennem frivilligt arbejde i Ecuador<\/span><\/strong><\/h3>\n<p style=\"text-align: justify;\"><strong>Frivilligt arbejde i Ecuador<\/strong> handler ofte om at v\u00e6re en hj\u00e6lp i projektets daglige drift. I undervisning kan man fx st\u00f8tte i klassen, facilitere aktiviteter eller lave workshops. I sociale indsatser kan man hj\u00e6lpe teams, skabe kontakt og deltage i f\u00e6llesskabsaktiviteter. Opgaverne kan v\u00e6re enkle, men stadig vigtige.<\/p>\n<p style=\"text-align: justify;\">I <strong>medicinske ophold<\/strong> afh\u00e6nger rollen af, hvad der er muligt inden for rammerne. Man kan fx bidrage med formidling, forebyggelse eller modtagelse. Man udf\u00f8rer aldrig opgaver, der kr\u00e6ver lokal autorisation, uden relevant supervision. Det samme g\u00e6lder ved osteopati-forl\u00f8b, hvor indsatsen er rammesat og supplerende.<\/p>\n<h3 style=\"text-align: justify;\"><strong><span style=\"color: #993366;\">At observere, l\u00e6re og samarbejde under frivilligt arbejde i Ecuador<\/span><\/strong><\/h3>\n<p style=\"text-align: justify;\"><strong>Internationalt frivilligt arbejde i Ecuador<\/strong> kr\u00e6ver ogs\u00e5 tilpasning. Det er en god tommelfingerregel at lytte f\u00f8r man handler. At observere er en vigtig del af at forst\u00e5 lokale virkeligheder. Samarbejde med teamet g\u00f8r det lettere at justere sin rolle efter aktuelle behov.<\/p>\n<p style=\"text-align: justify;\">Et <strong>solidaritetsforl\u00f8b i Ecuador<\/strong> kr\u00e6ver desuden ydmyghed og t\u00e5lmodighed. Ikke alt g\u00e5r som planlagt, og fleksibilitet er en del af processen. At kunne omstille sig bliver derfor en reel kompetence.<\/p>\n<h3 style=\"text-align: justify;\"><strong><span style=\"color: #993366;\">At skabe varig v\u00e6rdi ud over den konkrete indsats<\/span><\/strong><\/h3>\n<p style=\"text-align: justify;\">Et <strong>humanit\u00e6rt forl\u00f8b i Ecuador<\/strong> m\u00e5les ikke kun i opgaver, men ogs\u00e5 i det, man giver videre. At dele id\u00e9er, styrke kapacitet eller bakke op om initiativer kan efterlade et aftryk. Relationer kan skabe en dybere effekt end den enkeltst\u00e5ende aktivitet alene.<\/p>\n<p style=\"text-align: justify;\">At deltage i et <strong>humanit\u00e6rt program i Ecuador<\/strong> handler derfor om at bidrage med respekt, l\u00e6re undervejs og v\u00e6re en st\u00f8tte. Rollen er f\u00f8rst og fremmest at indg\u00e5 som en hj\u00e6lpende h\u00e5nd, i udveksling og menneskeligt engagement.<\/p>\n<h2><\/h2>\n<h2 id=\"obstacles\" style=\"text-align: justify;\">Udfordringer ved et humanit\u00e6rt forl\u00f8b i Ecuador \u2013 og hvordan du h\u00e5ndterer dem<\/h2>\n<p style=\"text-align: justify;\">Et <strong>humanit\u00e6rt forl\u00f8b i Ecuador<\/strong> er givende, men kan ogs\u00e5 overraske. Ting g\u00e5r ikke altid som forventet. N\u00e5r man kender de typiske udfordringer, er det lettere at tilpasse sig. <strong>Frivilligt arbejde i Ecuador<\/strong> kan kr\u00e6ve, at man justerer sine forventninger. Til geng\u00e6ld kan udfordringer blive til v\u00e6rdifuld l\u00e6ring.<\/p>\n<h3 style=\"text-align: justify;\"><strong><span style=\"color: #993366;\">At tilpasse sig rytmen i frivilligt arbejde i Ecuador<\/span><\/strong><\/h3>\n<p style=\"text-align: justify;\"><strong>Frivilligt arbejde i Ecuador<\/strong> f\u00f8lger ikke n\u00f8dvendigvis samme tempo som i Europa. Aktiviteter kan \u00e6ndre sig i sidste \u00f8jeblik, og derfor er fleksibilitet vigtig. N\u00e5r man accepterer det uforudsete, bliver det lettere at v\u00e6re i. Det handler om at kunne give slip \u2013 uden at give op.<\/p>\n<h3 style=\"text-align: justify;\"><span style=\"color: #993366;\"><strong>Udfordringer i medicinske ophold og osteopati<\/strong>\u00a0<\/span><\/h3>\n<p style=\"text-align: justify;\">I <strong>medicinske ophold i Ecuador<\/strong> kan ressourcer v\u00e6re begr\u00e6nsede. Derfor m\u00e5 l\u00f8sninger nogle gange v\u00e6re enkle. Det kan til geng\u00e6ld styrke kreativitet og praktisk sans. I osteopati-forl\u00f8b kan man ogs\u00e5 skulle tilpasse redskaber og rammer, hvilket ofte giver en mere helhedsorienteret og menneskelig tilgang.<\/p>\n<p style=\"text-align: justify;\">Sprog kan desuden g\u00f8re nogle samtaler sv\u00e6rere i starten. Men med f\u00e5 spanske fraser skabes der hurtigt kontakt. Nonverbal kommunikation og observation hj\u00e6lper ogs\u00e5, og teamet p\u00e5 stedet kan ofte underst\u00f8tte forst\u00e5elsen.<\/p>\n<h3 style=\"text-align: justify;\"><strong><span style=\"color: #993366;\">F\u00f8lelser, fordybelse og afstand: at finde balancen<\/span><\/strong><\/h3>\n<p style=\"text-align: justify;\">Et <strong>solidaritetsforl\u00f8b i Ecuador<\/strong> kan v\u00e6re f\u00f8lelsesm\u00e6ssigt intenst. Nogle situationer kan ber\u00f8re dybt. At kunne rumme sine reaktioner uden at blive overv\u00e6ldet er vigtigt. Det hj\u00e6lper ofte at dele tanker med andre deltagere og holde fast i gode pauser.<\/p>\n<p style=\"text-align: justify;\"><strong>Internationalt frivilligt arbejde i Ecuador<\/strong> kr\u00e6ver ogs\u00e5 respekt for kulturelle koder. At observere, stille sp\u00f8rgsm\u00e5l og lytte mindsker risikoen for misforst\u00e5elser. At tage et skridt tilbage kan g\u00f8re det lettere at forst\u00e5 og handle med omtanke.<\/p>\n<p style=\"text-align: justify;\">Kort sagt: Udfordringerne i et <strong>humanit\u00e6rt program i Ecuador<\/strong> er en del af forl\u00f8bet. De kan samtidig styrke tilpasningsevne, ydmyghed og kvaliteten i indsatsen \u2013 og det er ofte her, l\u00e6ringen bliver st\u00f8rst.<\/p>\n<h2><\/h2>\n<p><a href=\"https:\/\/www.vita-explorers.dk\/blog\/wp-content\/uploads\/2018\/05\/Sandy-b\u00e9n\u00e9vole-de-Globalong-en-Equateur-min.jpg\"><img loading=\"lazy\" decoding=\"async\" class=\"size-medium wp-image-9863 aligncenter\" src=\"https:\/\/www.vita-explorers.dk\/blog\/wp-content\/uploads\/2018\/05\/Sandy-b\u00e9n\u00e9vole-de-Globalong-en-Equateur-min-225x300.jpg\" alt=\"Ophold i Ecuador\" width=\"225\" height=\"300\" srcset=\"https:\/\/www.vita-explorers.dk\/blog\/wp-content\/uploads\/2018\/05\/Sandy-b\u00e9n\u00e9vole-de-Globalong-en-Equateur-min.jpg 225w, https:\/\/www.vita-explorers.dk\/blog\/wp-content\/uploads\/2018\/05\/Sandy-b\u00e9n\u00e9vole-de-Globalong-en-Equateur-min-113x150.jpg 113w\" sizes=\"(max-width: 225px) 100vw, 225px\" \/><\/a><\/p>\n<p>\u00a0<\/p>\n<h2 style=\"text-align: justify;\">Den konkrete effekt af et humanit\u00e6rt forl\u00f8b i Ecuador i praksis<\/h2>\n<p style=\"text-align: justify;\">Et <strong>humanit\u00e6rt forl\u00f8b i Ecuador<\/strong> handler ikke kun om midlertidig st\u00f8tte. Det kan skabe en reel effekt \u2013 og nogle gange en varig forbedring. <strong>Frivilligt arbejde i Ecuador<\/strong> kan bidrage socialt, p\u00e6dagogisk og sundhedsm\u00e6ssigt. P\u00e5 den m\u00e5de kan hvert projekt v\u00e6re med til at styrke hverdagen for mennesker lokalt.<\/p>\n<h3 style=\"text-align: justify;\"><strong><span style=\"color: #993366;\">Direkte menneskelig betydning gennem frivilligt arbejde i Ecuador<\/span><\/strong><\/h3>\n<p style=\"text-align: justify;\">F\u00f8rst og fremmest giver et <strong>frivilligforl\u00f8b i Ecuador<\/strong> mere end praktisk st\u00f8tte. Det kan skabe relationer, styrke tillid og give plads til menneskelig udveksling. Derfor kan f\u00e6llesskaber opleve sig mere set og st\u00f8ttet i hverdagen.<\/p>\n<h3 style=\"text-align: justify;\"><strong><span style=\"color: #993366;\">Medicinske ophold i Ecuador og osteopatiens bidrag<\/span><\/strong><\/h3>\n<p style=\"text-align: justify;\">Dern\u00e6st kan <strong>medicinske ophold i Ecuador<\/strong> im\u00f8dekomme konkrete behov. Deltagere i osteopati kan fx afhj\u00e6lpe fysiske smerter relateret til arbejde, stress eller belastende kropsholdninger. Derudover kan indsatserne bidrage til:<\/p>\n<ul style=\"text-align: justify;\">\n<li>Lindring af muskel- og ledsmerter<\/li>\n<li>Kropslig st\u00f8tte til mennesker med begr\u00e6nset adgang til behandling<\/li>\n<li>Deling af enkle teknikker til trivsel og velv\u00e6re<\/li>\n<\/ul>\n<p style=\"text-align: justify;\">Dermed kan <strong>osteopati-forl\u00f8b i Ecuador<\/strong> give hurtig lindring og samtidig st\u00f8tte videreformidling af gode vaner. P\u00e5 den m\u00e5de kan effekten leve videre efter deltagernes afrejse.<\/p>\n<h3 style=\"text-align: justify;\"><strong><span style=\"color: #993366;\">Indsatser for b\u00f8rn: hvad et humanit\u00e6rt forl\u00f8b kan betyde<\/span><\/strong><\/h3>\n<p style=\"text-align: justify;\">Et <strong>humanit\u00e6rt forl\u00f8b i Ecuador<\/strong> med fokus p\u00e5 b\u00f8rn kan styrke b\u00e5de social og f\u00f8lelsesm\u00e6ssig udvikling. Gennem deltagernes bidrag kan:<\/p>\n<ul style=\"text-align: justify;\">\n<li>Uddannelses- og kreative aktiviteter f\u00e5 mere energi og kontinuitet<\/li>\n<li>B\u00f8rns tro p\u00e5 egne evner vokse<\/li>\n<li>Nye, positive rutiner blive en del af hverdagen<\/li>\n<\/ul>\n<p style=\"text-align: justify;\">Dermed handler st\u00f8tten ikke kun om l\u00e6ring, men ogs\u00e5 om trivsel og personlig udvikling.<\/p>\n<h3 style=\"text-align: justify;\"><strong><span style=\"color: #993366;\">Frivilligt arbejde i Ecuador, der efterlader et aftryk<\/span><\/strong><\/h3>\n<p style=\"text-align: justify;\">Til sidst kan et <strong>solidaritetsprogram i Ecuador<\/strong> v\u00e6re med til at styrke praksisser, der holder. Det kan ogs\u00e5 st\u00f8tte lokal handlekraft. Dermed kan resultaterne forts\u00e6tte efter opholdet. Samlet set kan et <strong>humanit\u00e6rt forl\u00f8b i Ecuador<\/strong> forbedre hverdagen, dele nyttige redskaber og skabe konkret forandring.<\/p>\n<h2><\/h2>\n<h2 style=\"text-align: justify;\">S\u00e5dan v\u00e6lger du det rette humanit\u00e6re forl\u00f8b i Ecuador ud fra din profil<\/h2>\n<p style=\"text-align: justify;\">Valget af <strong>humanit\u00e6rt forl\u00f8b i Ecuador<\/strong> afh\u00e6nger is\u00e6r af dine kompetencer, dit sprogniveau og dine m\u00e5l. Nogle trives bedst i sociale indsatser, andre i undervisning eller sundhed. N\u00e5r du kender din profil, er det nemmere at finde et <strong>frivilligophold i Ecuador<\/strong>, der b\u00e5de er realistisk og nyttigt.<\/p>\n<h3 style=\"text-align: justify;\"><strong><span style=\"color: #993366;\">Til sundhedsfaglige og behandlingsfaglige profiler<\/span><\/strong><\/h3>\n<p style=\"text-align: justify;\">Personer med baggrund inden for sundhed kan v\u00e6lge <strong>medicinske ophold i Ecuador<\/strong>. Det kan fx v\u00e6re:<\/p>\n<ul style=\"text-align: justify;\">\n<li>Forebyggelse og sundhedsformidling i lokalsamfund<\/li>\n<li>Lindring af smerter gennem <strong>osteopati-forl\u00f8b<\/strong><\/li>\n<li>Kropslig st\u00f8tte og trivsel i arbejdet med familier<\/li>\n<\/ul>\n<p style=\"text-align: justify;\">P\u00e5 den m\u00e5de kan forl\u00f8bene kombinere faglig erfaring med direkte menneskelig betydning.<\/p>\n<h3 style=\"text-align: justify;\"><strong><span style=\"color: #993366;\">Til sociale og p\u00e6dagogiske profiler<\/span><\/strong><\/h3>\n<p style=\"text-align: justify;\">Hvis du motiveres af arbejdet med mennesker, kan du v\u00e6lge et <strong>frivilligforl\u00f8b i Ecuador<\/strong> med fokus p\u00e5 b\u00f8rn, skole eller social st\u00f8tte. Indsatserne handler ofte om:<\/p>\n<ul style=\"text-align: justify;\">\n<li>P\u00e6dagogisk st\u00f8tte<\/li>\n<li>At styrke selvtillid og mulighed for at udtrykke sig<\/li>\n<li>At skabe kreative eller l\u00e6ringsrettede aktiviteter<\/li>\n<\/ul>\n<p style=\"text-align: justify;\">Dermed kan effekten blive synlig i b\u00f8rns udvikling og trivsel.<\/p>\n<h3 style=\"text-align: justify;\"><strong><span style=\"color: #993366;\">Til alsidige profiler eller ved karriereskifte<\/span><\/strong><\/h3>\n<p style=\"text-align: justify;\">Selv uden en specifik uddannelse kan du godt indg\u00e5 i et <strong>frivilligprogram i Ecuador<\/strong>. Motivation, fleksibilitet og lysten til at bidrage er centralt. Disse deltagere arbejder ofte med:<\/p>\n<ul style=\"text-align: justify;\">\n<li>Logistik og praktisk organisering<\/li>\n<li>St\u00f8tte til teamets daglige opgaver<\/li>\n<li>Deltagelse i hverdagsn\u00e6re solidaritetsaktiviteter<\/li>\n<\/ul>\n<p style=\"text-align: justify;\">Uanset retning kr\u00e6ver et <strong>humanit\u00e6rt forl\u00f8b i Ecuador<\/strong> engagement, lytten og en oprigtig vilje til at v\u00e6re til nytte.<\/p>\n<h2><\/h2>\n<p><a href=\"https:\/\/www.vita-explorers.dk\/blog\/wp-content\/uploads\/2017\/10\/Participez-au-programme-d\u00e9covolontariat-en-Equateur-min.jpg\"><img loading=\"lazy\" decoding=\"async\" class=\"size-medium wp-image-7028 aligncenter\" src=\"https:\/\/www.vita-explorers.dk\/blog\/wp-content\/uploads\/2017\/10\/Participez-au-programme-d\u00e9covolontariat-en-Equateur-min-300x225.jpg\" alt=\"Frivilligt milj\u00f8arbejde i Ecuador\" width=\"300\" height=\"225\" srcset=\"https:\/\/www.vita-explorers.dk\/blog\/wp-content\/uploads\/2017\/10\/Participez-au-programme-d\u00e9covolontariat-en-Equateur-min-300x225.jpg 300w, https:\/\/www.vita-explorers.dk\/blog\/wp-content\/uploads\/2017\/10\/Participez-au-programme-d\u00e9covolontariat-en-Equateur-min-768x576.jpg 768w, https:\/\/www.vita-explorers.dk\/blog\/wp-content\/uploads\/2017\/10\/Participez-au-programme-d\u00e9covolontariat-en-Equateur-min-1024x768.jpg 1024w, https:\/\/www.vita-explorers.dk\/blog\/wp-content\/uploads\/2017\/10\/Participez-au-programme-d\u00e9covolontariat-en-Equateur-min-150x113.jpg 150w\" sizes=\"(max-width: 300px) 100vw, 300px\" \/><\/a><\/p>\n<p>\u00a0<\/p>\n<h2 id=\"faq-equateur\" style=\"text-align: justify;\">FAQ \u2013 Humanit\u00e6rt forl\u00f8b i Ecuador<\/h2>\n<h3 style=\"text-align: justify;\">Skal man kunne spansk for at tage p\u00e5 humanit\u00e6rt forl\u00f8b i Ecuador?<\/h3>\n<p style=\"text-align: justify;\">Det er ikke et krav, men det anbefales. Et basalt niveau g\u00f8r det lettere at tale med mennesker i hverdagen. Samtidig giver et <strong>humanit\u00e6rt forl\u00f8b i Ecuador<\/strong> typisk hurtig fremgang gennem fordybelse.<\/p>\n<h3 style=\"text-align: justify;\">Er medicinske ophold i Ecuador \u00e5bne for studerende?<\/h3>\n<p style=\"text-align: justify;\">Ja, nogle <strong>medicinske ophold i Ecuador<\/strong> kan tage imod studerende afh\u00e6ngigt af forl\u00f8b, rammer og supervision. Opgaver, der kr\u00e6ver autorisation, er dog forbeholdt fagpersoner \u2013 ogs\u00e5 i <strong>osteopati-forl\u00f8b.<\/strong><\/p>\n<h3 style=\"text-align: justify;\">Hvor l\u00e6nge b\u00f8r et frivilligophold i Ecuador vare?<\/h3>\n<p style=\"text-align: justify;\">De fleste <strong>frivilligprogrammer i Ecuador<\/strong> varer mellem 2 og 12 uger. Et ophold p\u00e5 4 uger eller mere giver ofte bedre mulighed for integration og en st\u00e6rkere indsats.<\/p>\n<h3 style=\"text-align: justify;\">Skal man betale for at deltage i et humanit\u00e6rt forl\u00f8b i Ecuador?<\/h3>\n<p style=\"text-align: justify;\">I de fleste tilf\u00e6lde ja. Udgifterne d\u00e6kker typisk bolig, koordinering, st\u00f8tte p\u00e5 stedet og de lokale projekter, der er knyttet til <strong>frivilligt arbejde i Ecuador<\/strong>.<\/p>\n<h3 style=\"text-align: justify;\">Hvilke typer humanit\u00e6re forl\u00f8b i Ecuador kan man deltage i uden uddannelse?<\/h3>\n<p style=\"text-align: justify;\">Der findes mange forl\u00f8b uden krav om specifikke kvalifikationer: p\u00e6dagogisk st\u00f8tte, aktiviteter og animation, arbejde med b\u00f8rn, deltagelse i f\u00e6llesskabsprojekter eller logistik.<\/p>\n<p style=\"text-align: justify;\"><script type=\"application\/ld+json\">\n{\n  \"@context\": \"https:\/\/schema.org\",\n  \"@type\": \"FAQPage\",\n  \"mainEntity\": [\n    {\n      \"@type\": \"Question\",\n      \"name\": \"Faut-il parler espagnol pour partir en mission humanitaire en \u00c9quateur ?\",\n      \"acceptedAnswer\": {\n        \"@type\": \"Answer\",\n        \"text\": \"Det er ikke et krav, men det anbefales. Et basalt niveau g\u00f8r udvekslingen lettere, og fordybelsen g\u00f8r, at man ofte rykker sig hurtigt.\"\n      }\n    },\n    {\n      \"@type\": \"Question\",\n      \"name\": \"Les missions m\u00e9dicales en \u00c9quateur sont-elles accessibles aux \u00e9tudiants ?\",\n      \"acceptedAnswer\": {\n        \"@type\": \"Answer\",\n        \"text\": \"Ja, nogle medicinske ophold kan tage imod studerende afh\u00e6ngigt af rammer og supervision. Autorisationskr\u00e6vende opgaver er forbeholdt fagpersoner, ogs\u00e5 i osteopati.\"\n      }\n    },\n    {\n      \"@type\": \"Question\",\n      \"name\": \"Quelle est la dur\u00e9e id\u00e9ale d\u2019un volontariat en \u00c9quateur ?\",\n      \"acceptedAnswer\": {\n        \"@type\": \"Answer\",\n        \"text\": \"Mellem 2 og 12 uger, hvor 4 uger eller mere ofte giver bedre integration og mulighed for at bidrage mere stabilt.\"\n      }\n    },\n    {\n      \"@type\": \"Question\",\n      \"name\": \"Faut-il payer pour participer \u00e0 une mission humanitaire en \u00c9quateur ?\",\n      \"acceptedAnswer\": {\n        \"@type\": \"Answer\",\n        \"text\": \"Ja i de fleste tilf\u00e6lde, for at d\u00e6kke bolig, koordinering og st\u00f8tte til lokale projekter.\"\n      }\n    },\n    {\n      \"@type\": \"Question\",\n      \"name\": \"Quel type de mission est possible sans dipl\u00f4me ?\",\n      \"acceptedAnswer\": {\n        \"@type\": \"Answer\",\n        \"text\": \"Man kan deltage i p\u00e6dagogiske og sociale indsatser, f\u00e6llesskabsprojekter, logistik og opgaver med fokus p\u00e5 n\u00e6rv\u00e6r \u2013 uden specifikke kvalifikationer.\"\n      }\n    }\n  ]\n}\n<\/script><\/p>\n<h2 style=\"text-align: justify;\">Konklusion: at engagere sig i et humanit\u00e6rt forl\u00f8b i Ecuador<\/h2>\n<p style=\"text-align: justify;\">At deltage i et <strong>humanit\u00e6rt forl\u00f8b i Ecuador<\/strong> er mere end et solidarisk valg. Det er en fordybende erfaring, som kan p\u00e5virke b\u00e5de deltagere og de mennesker, man m\u00f8der. <strong>Frivilligt arbejde i Ecuador<\/strong> g\u00f8r det muligt at bidrage inden for sociale, p\u00e6dagogiske og sundhedsm\u00e6ssige omr\u00e5der \u2013 blandt andet gennem <strong>medicinske ophold<\/strong> og <strong>osteopati-forl\u00f8b<\/strong>, der kan give lindring og samtidig st\u00f8tte gode, holdbare vaner.<\/p>\n<p style=\"text-align: justify;\">Samtidig styrker oplevelsen spansk, menneskelige kompetencer og relationer. Derfor kan hvert <strong>frivilligforl\u00f8b i Ecuador<\/strong> efterlade en positiv effekt \u2013 b\u00e5de her og nu og p\u00e5 l\u00e6ngere sigt.<\/p>\n<p style=\"text-align: justify;\">At v\u00e6lge et <strong>frivilligprogram i Ecuador<\/strong> er at v\u00e6lge et engagement, der er meningsfuldt og muligt for mange profiler. Uanset om du st\u00f8tter undervisning, trivsel eller sundhedsindsatser, kan din tilstedev\u00e6relse g\u00f8re en forskel, n\u00e5r den bygger p\u00e5 respekt og et reelt behov.<\/p>\n<p style=\"text-align: justify;\">Hvis du \u00f8nsker en menneskelig oplevelse og gerne vil bidrage konkret, kan et <strong>humanit\u00e6rt forl\u00f8b i Ecuador<\/strong> v\u00e6re en st\u00e6rk mulighed for at v\u00e6re til nytte og l\u00e6re<\/p>\n<p style=\"text-align: justify;\">\n<p id=\"contact\" style=\"text-align: center;\"><strong>Klar til n\u00e6ste skridt?<\/strong><\/p>\n<p style=\"text-align: center;\"><a href=\"https:\/\/www.vita-explorers.dk\/#tel-contact-form-glob\" target=\"_blank\" rel=\"noopener\">Jeg \u00f8nsker at blive sat i kontakt<\/a><\/p>\n<p class=\"muted\" style=\"text-align: center;\">\u00a9 VITA Institute \u2014 viden og ressourcer om ansvarlige internationale forl\u00f8b.<\/p>\n<p class=\"p4\" style=\"text-align: center;\"><b>Hvis du vil h\u00f8re mere, er du velkommen til at kontakte os p\u00e5 <\/b><a href=\"mailto:info@globalong.com\"><span class=\"s2\"><b>info@globalong.com<\/b><\/span><\/a><\/p>\n<p class=\"p4\" style=\"text-align: center;\"><b>F\u00f8lg VITA Institute og vores community p\u00e5 <\/b><a href=\"https:\/\/www.instagram.com\/globalongofficiel\/\" target=\"_blank\" rel=\"noopener\"><span class=\"s2\"><b>Instagram<\/b><\/span><\/a><b>, <\/b><a href=\"https:\/\/www.facebook.com\/globalong\" target=\"_blank\" rel=\"noopener\"><span class=\"s2\"><b>Facebook<\/b><\/span><\/a><b>, <\/b><a href=\"https:\/\/www.linkedin.com\/company\/5113177\/admin\/feed\/posts\/\" target=\"_blank\" rel=\"noopener\"><span class=\"s2\"><b>LinkedIn<\/b><\/span><\/a><b> og <\/b><a href=\"https:\/\/www.youtube.com\/c\/globalong\/videos\" target=\"_blank\" rel=\"noopener\"><span class=\"s2\"><b>YouTube<\/b><\/span><\/a><b>!<\/b><\/p>\n","protected":false},"excerpt":{"rendered":"<p>Humanit\u00e6rt forl\u00f8b i Ecuador: bliv VITA Explorer og g\u00f8r en konkret forskel Humanit\u00e6rt forl\u00f8b i Ecuador: et meningsfuldt engagement t\u00e6t p\u00e5 hverdagen Et humanit\u00e6rt\u2026<\/p>\n","protected":false},"author":7,"featured_media":5947,"comment_status":"open","ping_status":"open","sticky":false,"template":"","format":"standard","meta":{"footnotes":""},"categories":[191,8],"tags":[],"yoast_head":"<!-- This site is optimized with the Yoast SEO Premium plugin v23.4 (Yoast SEO v23.4) - https:\/\/yoast.com\/wordpress\/plugins\/seo\/ -->\n<title>Humanit\u00e6rt ophold i Ecuador: tag afsted p\u00e5 et ansvarligt frivilligt forl\u00f8b<\/title>\n<meta name=\"description\" content=\"Participez \u00e0 une mission humanitaire en \u00c9quateur. Engagez-vous, vivez une immersion unique et soutenez des projets solidaires.\" \/>\n<meta name=\"robots\" content=\"index, follow, max-snippet:-1, max-image-preview:large, max-video-preview:-1\" \/>\n<link rel=\"canonical\" href=\"https:\/\/www.vita-explorers.dk\/blog\/humanitaert-forloeb-i-ecuador\/\" \/>\n<meta property=\"og:locale\" content=\"da_DK\" \/>\n<meta property=\"og:type\" content=\"article\" \/>\n<meta property=\"og:title\" content=\"Humanit\u00e6rt ophold i Ecuador: Bliv deltager og v\u00e6r med til at skabe reel, lokal effekt\" \/>\n<meta property=\"og:description\" content=\"Participez \u00e0 une mission humanitaire en \u00c9quateur. Engagez-vous, vivez une immersion unique et soutenez des projets solidaires.\" \/>\n<meta property=\"og:url\" content=\"https:\/\/www.vita-explorers.dk\/blog\/humanitaert-forloeb-i-ecuador\/\" \/>\n<meta property=\"og:site_name\" content=\"VITA Explorers Blog\" \/>\n<meta property=\"article:publisher\" content=\"https:\/\/www.facebook.com\/globalong\" \/>\n<meta property=\"article:published_time\" content=\"2025-11-08T16:15:21+00:00\" \/>\n<meta property=\"og:image\" content=\"https:\/\/www.vita-explorers.dk\/blog\/wp-content\/uploads\/2016\/12\/En-equateur-avec-globalong.jpg\" \/>\n\t<meta property=\"og:image:width\" content=\"2560\" \/>\n\t<meta property=\"og:image:height\" content=\"1920\" \/>\n\t<meta property=\"og:image:type\" content=\"image\/jpeg\" \/>\n<meta name=\"author\" content=\"VITA Tribe\" \/>\n<meta name=\"twitter:card\" content=\"summary_large_image\" \/>\n<meta name=\"twitter:label1\" content=\"Skrevet af\" \/>\n\t<meta name=\"twitter:data1\" content=\"VITA Tribe\" \/>\n\t<meta name=\"twitter:label2\" content=\"Estimeret l\u00e6setid\" \/>\n\t<meta name=\"twitter:data2\" content=\"19 minutter\" \/>\n<script type=\"application\/ld+json\" class=\"yoast-schema-graph\">{\"@context\":\"https:\/\/schema.org\",\"@graph\":[{\"@type\":\"Article\",\"@id\":\"https:\/\/www.vita-explorers.dk\/blog\/humanitaert-forloeb-i-ecuador\/#article\",\"isPartOf\":{\"@id\":\"https:\/\/www.vita-explorers.dk\/blog\/humanitaert-forloeb-i-ecuador\/\"},\"author\":{\"name\":\"VITA Tribe\",\"@id\":\"https:\/\/www.vita-explorers.dk\/blog\/#\/schema\/person\/fc0343a2f2db2ebb2793c1f62dbe73f0\"},\"headline\":\"Humanit\u00e6rt ophold i Ecuador: Bliv deltager og v\u00e6r med til at skabe reel, lokal effekt\",\"datePublished\":\"2025-11-08T16:15:21+00:00\",\"dateModified\":\"2025-11-08T16:15:21+00:00\",\"mainEntityOfPage\":{\"@id\":\"https:\/\/www.vita-explorers.dk\/blog\/humanitaert-forloeb-i-ecuador\/\"},\"wordCount\":3685,\"commentCount\":0,\"publisher\":{\"@id\":\"https:\/\/www.vita-explorers.dk\/blog\/#organization\"},\"image\":{\"@id\":\"https:\/\/www.vita-explorers.dk\/blog\/humanitaert-forloeb-i-ecuador\/#primaryimage\"},\"thumbnailUrl\":\"https:\/\/www.vita-explorers.dk\/blog\/wp-content\/uploads\/2016\/12\/En-equateur-avec-globalong.jpg\",\"articleSection\":[\"Amerika\",\"Humanit\u00e6rt frivilligt arbejde\"],\"inLanguage\":\"da-DK\",\"potentialAction\":[{\"@type\":\"CommentAction\",\"name\":\"Comment\",\"target\":[\"https:\/\/www.vita-explorers.dk\/blog\/humanitaert-forloeb-i-ecuador\/#respond\"]}]},{\"@type\":\"WebPage\",\"@id\":\"https:\/\/www.vita-explorers.dk\/blog\/humanitaert-forloeb-i-ecuador\/\",\"url\":\"https:\/\/www.vita-explorers.dk\/blog\/humanitaert-forloeb-i-ecuador\/\",\"name\":\"Humanit\u00e6rt ophold i Ecuador: tag afsted p\u00e5 et ansvarligt frivilligt forl\u00f8b\",\"isPartOf\":{\"@id\":\"https:\/\/www.vita-explorers.dk\/blog\/#website\"},\"primaryImageOfPage\":{\"@id\":\"https:\/\/www.vita-explorers.dk\/blog\/humanitaert-forloeb-i-ecuador\/#primaryimage\"},\"image\":{\"@id\":\"https:\/\/www.vita-explorers.dk\/blog\/humanitaert-forloeb-i-ecuador\/#primaryimage\"},\"thumbnailUrl\":\"https:\/\/www.vita-explorers.dk\/blog\/wp-content\/uploads\/2016\/12\/En-equateur-avec-globalong.jpg\",\"datePublished\":\"2025-11-08T16:15:21+00:00\",\"dateModified\":\"2025-11-08T16:15:21+00:00\",\"description\":\"Participez \u00e0 une mission humanitaire en \u00c9quateur. Engagez-vous, vivez une immersion unique et soutenez des projets solidaires.\",\"breadcrumb\":{\"@id\":\"https:\/\/www.vita-explorers.dk\/blog\/humanitaert-forloeb-i-ecuador\/#breadcrumb\"},\"inLanguage\":\"da-DK\",\"potentialAction\":[{\"@type\":\"ReadAction\",\"target\":[\"https:\/\/www.vita-explorers.dk\/blog\/humanitaert-forloeb-i-ecuador\/\"]}]},{\"@type\":\"ImageObject\",\"inLanguage\":\"da-DK\",\"@id\":\"https:\/\/www.vita-explorers.dk\/blog\/humanitaert-forloeb-i-ecuador\/#primaryimage\",\"url\":\"https:\/\/www.vita-explorers.dk\/blog\/wp-content\/uploads\/2016\/12\/En-equateur-avec-globalong.jpg\",\"contentUrl\":\"https:\/\/www.vita-explorers.dk\/blog\/wp-content\/uploads\/2016\/12\/En-equateur-avec-globalong.jpg\",\"width\":2560,\"height\":1920,\"caption\":\"Mission Equateur\"},{\"@type\":\"BreadcrumbList\",\"@id\":\"https:\/\/www.vita-explorers.dk\/blog\/humanitaert-forloeb-i-ecuador\/#breadcrumb\",\"itemListElement\":[{\"@type\":\"ListItem\",\"position\":1,\"name\":\"Accueil\",\"item\":\"https:\/\/www.vita-explorers.dk\/blog\/\"},{\"@type\":\"ListItem\",\"position\":2,\"name\":\"Humanit\u00e6rt ophold i Ecuador: Bliv deltager og v\u00e6r med til at skabe reel, lokal effekt\"}]},{\"@type\":\"WebSite\",\"@id\":\"https:\/\/www.vita-explorers.dk\/blog\/#website\",\"url\":\"https:\/\/www.vita-explorers.dk\/blog\/\",\"name\":\"Association Globalong\",\"description\":\"Frivilligt arbejde, sprogophold, praktik i udlandet og internationale oplevelser\",\"publisher\":{\"@id\":\"https:\/\/www.vita-explorers.dk\/blog\/#organization\"},\"potentialAction\":[{\"@type\":\"SearchAction\",\"target\":{\"@type\":\"EntryPoint\",\"urlTemplate\":\"https:\/\/www.vita-explorers.dk\/blog\/?s={search_term_string}\"},\"query-input\":{\"@type\":\"PropertyValueSpecification\",\"valueRequired\":true,\"valueName\":\"search_term_string\"}}],\"inLanguage\":\"da-DK\"},{\"@type\":\"Organization\",\"@id\":\"https:\/\/www.vita-explorers.dk\/blog\/#organization\",\"name\":\"Association Globalong\",\"url\":\"https:\/\/www.vita-explorers.dk\/blog\/\",\"logo\":{\"@type\":\"ImageObject\",\"inLanguage\":\"da-DK\",\"@id\":\"https:\/\/www.vita-explorers.dk\/blog\/#\/schema\/logo\/image\/\",\"url\":\"https:\/\/www.globalong.com\/blog\/wp-content\/uploads\/2014\/11\/cropped-cropped-Logo-et-Afrique-Globalong-petite-taille-2.jpg\",\"contentUrl\":\"https:\/\/www.globalong.com\/blog\/wp-content\/uploads\/2014\/11\/cropped-cropped-Logo-et-Afrique-Globalong-petite-taille-2.jpg\",\"width\":512,\"height\":512,\"caption\":\"Association Globalong\"},\"image\":{\"@id\":\"https:\/\/www.vita-explorers.dk\/blog\/#\/schema\/logo\/image\/\"},\"sameAs\":[\"https:\/\/www.facebook.com\/globalong\"]},{\"@type\":\"Person\",\"@id\":\"https:\/\/www.vita-explorers.dk\/blog\/#\/schema\/person\/fc0343a2f2db2ebb2793c1f62dbe73f0\",\"name\":\"VITA Tribe\",\"image\":{\"@type\":\"ImageObject\",\"inLanguage\":\"da-DK\",\"@id\":\"https:\/\/www.vita-explorers.dk\/blog\/#\/schema\/person\/image\/\",\"url\":\"https:\/\/secure.gravatar.com\/avatar\/f7f05026bb439d0c96b30e135e5f852c?s=96&d=mm&r=g\",\"contentUrl\":\"https:\/\/secure.gravatar.com\/avatar\/f7f05026bb439d0c96b30e135e5f852c?s=96&d=mm&r=g\",\"caption\":\"VITA Tribe\"},\"sameAs\":[\"http:\/\/www.globalong.com\"],\"url\":\"https:\/\/www.vita-explorers.dk\/blog\/author\/teamglobalong\/\"}]}<\/script>\n<!-- \/ Yoast SEO Premium plugin. -->","yoast_head_json":{"title":"Humanit\u00e6rt ophold i Ecuador: tag afsted p\u00e5 et ansvarligt frivilligt forl\u00f8b","description":"Participez \u00e0 une mission humanitaire en \u00c9quateur. Engagez-vous, vivez une immersion unique et soutenez des projets solidaires.","robots":{"index":"index","follow":"follow","max-snippet":"max-snippet:-1","max-image-preview":"max-image-preview:large","max-video-preview":"max-video-preview:-1"},"canonical":"https:\/\/www.vita-explorers.dk\/blog\/humanitaert-forloeb-i-ecuador\/","og_locale":"da_DK","og_type":"article","og_title":"Humanit\u00e6rt ophold i Ecuador: Bliv deltager og v\u00e6r med til at skabe reel, lokal effekt","og_description":"Participez \u00e0 une mission humanitaire en \u00c9quateur. Engagez-vous, vivez une immersion unique et soutenez des projets solidaires.","og_url":"https:\/\/www.vita-explorers.dk\/blog\/humanitaert-forloeb-i-ecuador\/","og_site_name":"VITA Explorers Blog","article_publisher":"https:\/\/www.facebook.com\/globalong","article_published_time":"2025-11-08T16:15:21+00:00","og_image":[{"width":2560,"height":1920,"url":"https:\/\/www.vita-explorers.dk\/blog\/wp-content\/uploads\/2016\/12\/En-equateur-avec-globalong.jpg","type":"image\/jpeg"}],"author":"VITA Tribe","twitter_card":"summary_large_image","twitter_misc":{"Skrevet af":"VITA Tribe","Estimeret l\u00e6setid":"19 minutter"},"schema":{"@context":"https:\/\/schema.org","@graph":[{"@type":"Article","@id":"https:\/\/www.vita-explorers.dk\/blog\/humanitaert-forloeb-i-ecuador\/#article","isPartOf":{"@id":"https:\/\/www.vita-explorers.dk\/blog\/humanitaert-forloeb-i-ecuador\/"},"author":{"name":"VITA Tribe","@id":"https:\/\/www.vita-explorers.dk\/blog\/#\/schema\/person\/fc0343a2f2db2ebb2793c1f62dbe73f0"},"headline":"Humanit\u00e6rt ophold i Ecuador: Bliv deltager og v\u00e6r med til at skabe reel, lokal effekt","datePublished":"2025-11-08T16:15:21+00:00","dateModified":"2025-11-08T16:15:21+00:00","mainEntityOfPage":{"@id":"https:\/\/www.vita-explorers.dk\/blog\/humanitaert-forloeb-i-ecuador\/"},"wordCount":3685,"commentCount":0,"publisher":{"@id":"https:\/\/www.vita-explorers.dk\/blog\/#organization"},"image":{"@id":"https:\/\/www.vita-explorers.dk\/blog\/humanitaert-forloeb-i-ecuador\/#primaryimage"},"thumbnailUrl":"https:\/\/www.vita-explorers.dk\/blog\/wp-content\/uploads\/2016\/12\/En-equateur-avec-globalong.jpg","articleSection":["Amerika","Humanit\u00e6rt frivilligt arbejde"],"inLanguage":"da-DK","potentialAction":[{"@type":"CommentAction","name":"Comment","target":["https:\/\/www.vita-explorers.dk\/blog\/humanitaert-forloeb-i-ecuador\/#respond"]}]},{"@type":"WebPage","@id":"https:\/\/www.vita-explorers.dk\/blog\/humanitaert-forloeb-i-ecuador\/","url":"https:\/\/www.vita-explorers.dk\/blog\/humanitaert-forloeb-i-ecuador\/","name":"Humanit\u00e6rt ophold i Ecuador: tag afsted p\u00e5 et ansvarligt frivilligt forl\u00f8b","isPartOf":{"@id":"https:\/\/www.vita-explorers.dk\/blog\/#website"},"primaryImageOfPage":{"@id":"https:\/\/www.vita-explorers.dk\/blog\/humanitaert-forloeb-i-ecuador\/#primaryimage"},"image":{"@id":"https:\/\/www.vita-explorers.dk\/blog\/humanitaert-forloeb-i-ecuador\/#primaryimage"},"thumbnailUrl":"https:\/\/www.vita-explorers.dk\/blog\/wp-content\/uploads\/2016\/12\/En-equateur-avec-globalong.jpg","datePublished":"2025-11-08T16:15:21+00:00","dateModified":"2025-11-08T16:15:21+00:00","description":"Participez \u00e0 une mission humanitaire en \u00c9quateur. Engagez-vous, vivez une immersion unique et soutenez des projets solidaires.","breadcrumb":{"@id":"https:\/\/www.vita-explorers.dk\/blog\/humanitaert-forloeb-i-ecuador\/#breadcrumb"},"inLanguage":"da-DK","potentialAction":[{"@type":"ReadAction","target":["https:\/\/www.vita-explorers.dk\/blog\/humanitaert-forloeb-i-ecuador\/"]}]},{"@type":"ImageObject","inLanguage":"da-DK","@id":"https:\/\/www.vita-explorers.dk\/blog\/humanitaert-forloeb-i-ecuador\/#primaryimage","url":"https:\/\/www.vita-explorers.dk\/blog\/wp-content\/uploads\/2016\/12\/En-equateur-avec-globalong.jpg","contentUrl":"https:\/\/www.vita-explorers.dk\/blog\/wp-content\/uploads\/2016\/12\/En-equateur-avec-globalong.jpg","width":2560,"height":1920,"caption":"Mission Equateur"},{"@type":"BreadcrumbList","@id":"https:\/\/www.vita-explorers.dk\/blog\/humanitaert-forloeb-i-ecuador\/#breadcrumb","itemListElement":[{"@type":"ListItem","position":1,"name":"Accueil","item":"https:\/\/www.vita-explorers.dk\/blog\/"},{"@type":"ListItem","position":2,"name":"Humanit\u00e6rt ophold i Ecuador: Bliv deltager og v\u00e6r med til at skabe reel, lokal effekt"}]},{"@type":"WebSite","@id":"https:\/\/www.vita-explorers.dk\/blog\/#website","url":"https:\/\/www.vita-explorers.dk\/blog\/","name":"Association Globalong","description":"Frivilligt arbejde, sprogophold, praktik i udlandet og internationale oplevelser","publisher":{"@id":"https:\/\/www.vita-explorers.dk\/blog\/#organization"},"potentialAction":[{"@type":"SearchAction","target":{"@type":"EntryPoint","urlTemplate":"https:\/\/www.vita-explorers.dk\/blog\/?s={search_term_string}"},"query-input":{"@type":"PropertyValueSpecification","valueRequired":true,"valueName":"search_term_string"}}],"inLanguage":"da-DK"},{"@type":"Organization","@id":"https:\/\/www.vita-explorers.dk\/blog\/#organization","name":"Association Globalong","url":"https:\/\/www.vita-explorers.dk\/blog\/","logo":{"@type":"ImageObject","inLanguage":"da-DK","@id":"https:\/\/www.vita-explorers.dk\/blog\/#\/schema\/logo\/image\/","url":"https:\/\/www.globalong.com\/blog\/wp-content\/uploads\/2014\/11\/cropped-cropped-Logo-et-Afrique-Globalong-petite-taille-2.jpg","contentUrl":"https:\/\/www.globalong.com\/blog\/wp-content\/uploads\/2014\/11\/cropped-cropped-Logo-et-Afrique-Globalong-petite-taille-2.jpg","width":512,"height":512,"caption":"Association Globalong"},"image":{"@id":"https:\/\/www.vita-explorers.dk\/blog\/#\/schema\/logo\/image\/"},"sameAs":["https:\/\/www.facebook.com\/globalong"]},{"@type":"Person","@id":"https:\/\/www.vita-explorers.dk\/blog\/#\/schema\/person\/fc0343a2f2db2ebb2793c1f62dbe73f0","name":"VITA Tribe","image":{"@type":"ImageObject","inLanguage":"da-DK","@id":"https:\/\/www.vita-explorers.dk\/blog\/#\/schema\/person\/image\/","url":"https:\/\/secure.gravatar.com\/avatar\/f7f05026bb439d0c96b30e135e5f852c?s=96&d=mm&r=g","contentUrl":"https:\/\/secure.gravatar.com\/avatar\/f7f05026bb439d0c96b30e135e5f852c?s=96&d=mm&r=g","caption":"VITA Tribe"},"sameAs":["http:\/\/www.globalong.com"],"url":"https:\/\/www.vita-explorers.dk\/blog\/author\/teamglobalong\/"}]}},"_links":{"self":[{"href":"https:\/\/www.vita-explorers.dk\/blog\/wp-json\/wp\/v2\/posts\/22442"}],"collection":[{"href":"https:\/\/www.vita-explorers.dk\/blog\/wp-json\/wp\/v2\/posts"}],"about":[{"href":"https:\/\/www.vita-explorers.dk\/blog\/wp-json\/wp\/v2\/types\/post"}],"author":[{"embeddable":true,"href":"https:\/\/www.vita-explorers.dk\/blog\/wp-json\/wp\/v2\/users\/7"}],"replies":[{"embeddable":true,"href":"https:\/\/www.vita-explorers.dk\/blog\/wp-json\/wp\/v2\/comments?post=22442"}],"version-history":[{"count":4,"href":"https:\/\/www.vita-explorers.dk\/blog\/wp-json\/wp\/v2\/posts\/22442\/revisions"}],"predecessor-version":[{"id":22496,"href":"https:\/\/www.vita-explorers.dk\/blog\/wp-json\/wp\/v2\/posts\/22442\/revisions\/22496"}],"wp:featuredmedia":[{"embeddable":true,"href":"https:\/\/www.vita-explorers.dk\/blog\/wp-json\/wp\/v2\/media\/5947"}],"wp:attachment":[{"href":"https:\/\/www.vita-explorers.dk\/blog\/wp-json\/wp\/v2\/media?parent=22442"}],"wp:term":[{"taxonomy":"category","embeddable":true,"href":"https:\/\/www.vita-explorers.dk\/blog\/wp-json\/wp\/v2\/categories?post=22442"},{"taxonomy":"post_tag","embeddable":true,"href":"https:\/\/www.vita-explorers.dk\/blog\/wp-json\/wp\/v2\/tags?post=22442"}],"curies":[{"name":"wp","href":"https:\/\/api.w.org\/{rel}","templated":true}]}}