{"id":22460,"date":"2025-11-10T11:29:49","date_gmt":"2025-11-10T10:29:49","guid":{"rendered":"https:\/\/www.globalong.com\/blog\/?p=22460"},"modified":"2025-11-10T11:29:49","modified_gmt":"2025-11-10T10:29:49","slug":"humanitaere-forloeb-den-dominikanske-republik","status":"publish","type":"post","link":"https:\/\/www.vita-explorers.dk\/blog\/humanitaere-forloeb-den-dominikanske-republik\/","title":{"rendered":"Humanit\u00e6re ophold i Den Dominikanske Republik: engagement for uddannelse, ligestilling og biodiversitet"},"content":{"rendered":"<h1 style=\"text-align: justify;\">Humanit\u00e6re forl\u00f8b i Den Dominikanske Republik: engag\u00e9r dig i Saman\u00e1 med varig effekt<\/h1>\n<p style=\"text-align: justify;\">Humanit\u00e6re forl\u00f8b i Den Dominikanske Republik giver mulighed for at <a href=\"https:\/\/www.vita-explorers.dk\/frivilligt-arbejde\/humanitaert-ophold-den-dominikanske-republik-praktik-i-udlandet.html\" target=\"_blank\" rel=\"noopener\">bidrage i lokalsamfund<\/a>, der st\u00e5r med store sociale og milj\u00f8m\u00e6ssige udfordringer. P\u00e5 Saman\u00e1-halv\u00f8en \u2013 en region med stor natur- og kulturarv \u2013 er behovene fortsat mange. Samtidig skabes der, i dialog med lokale akt\u00f8rer og internationale deltagere, konkrete indsatser inden for uddannelse, menneskerettigheder, ligestilling, milj\u00f8beskyttelse og dyrevelf\u00e6rd. Humanit\u00e6re forl\u00f8b i Den Dominikanske Republik handler derfor ikke om kortvarig hj\u00e6lp, men om ansvarlige ophold, der bygger p\u00e5 kontinuitet, n\u00e6rv\u00e6r og langsigtede l\u00f8sninger.<\/p>\n<nav>\n<ul>\n<li><a href=\"#h2-1\">Humanit\u00e6rt forl\u00f8b i Den Dominikanske Republik: fokus p\u00e5 Saman\u00e1<\/a><\/li>\n<li><a href=\"#h2-2\">Frivilligt arbejde i Den Dominikanske Republik: de vigtigste behov<\/a><\/li>\n<li><a href=\"#h2-3\">Solidaritetsprojekter i Den Dominikanske Republik<\/a><\/li>\n<li><a href=\"#h2-4\">Oplevelser<\/a><\/li>\n<li><a href=\"#h2-5\">Hvorfor er dette humanit\u00e6re ern\u00e6ringsforl\u00f8b vigtigt?<\/a><\/li>\n<li><a href=\"#h2-6\">S\u00e5dan engagerer du dig i humanit\u00e6re forl\u00f8b i Den Dominikanske Republik: trin for trin<\/a><\/li>\n<li><a href=\"#h2-7\">Hvorfor tage afsted p\u00e5 et humanit\u00e6rt forl\u00f8b i Den Dominikanske Republik?<\/a><\/li>\n<li><a href=\"#h2-8\">Indsatsomr\u00e5der i humanit\u00e6re forl\u00f8b i Den Dominikanske Republik<\/a><\/li>\n<li><a href=\"#h2-9\">Hvad f\u00e5r du ud af et humanit\u00e6rt forl\u00f8b i Den Dominikanske Republik?<\/a><\/li>\n<li><a href=\"#h2-10\">Et menneskeligt engagement, der s\u00e6tter varige spor<\/a><\/li>\n<li><a href=\"#h2-11\">FAQ: Humanit\u00e6re forl\u00f8b i Den Dominikanske Republik<\/a><\/li>\n<li><a href=\"#h2-12\">Konklusion: hvorfor v\u00e6lge et humanit\u00e6rt forl\u00f8b i Den Dominikanske Republik<\/a><\/li>\n<\/ul>\n<\/nav>\n<p style=\"text-align: justify;\"><!-- ====================================================== --><\/p>\n<h2><\/h2>\n<p><a href=\"https:\/\/www.vita-explorers.dk\/blog\/wp-content\/uploads\/2024\/11\/51971080636_a2699e564b_w.jpg\"><img loading=\"lazy\" decoding=\"async\" class=\"size-medium wp-image-19297 aligncenter\" src=\"https:\/\/www.vita-explorers.dk\/blog\/wp-content\/uploads\/2024\/11\/51971080636_a2699e564b_w-300x225.jpg\" alt=\"Humanit\u00e6rt forl\u00f8b i Den Dominikanske Republik\" width=\"300\" height=\"225\" srcset=\"https:\/\/www.vita-explorers.dk\/blog\/wp-content\/uploads\/2024\/11\/51971080636_a2699e564b_w-300x225.jpg 300w, https:\/\/www.vita-explorers.dk\/blog\/wp-content\/uploads\/2024\/11\/51971080636_a2699e564b_w.jpg 400w\" sizes=\"(max-width: 300px) 100vw, 300px\" \/><\/a><\/p>\n<h2 id=\"h2-1\" style=\"text-align: justify;\">Humanit\u00e6rt forl\u00f8b i Den Dominikanske Republik: fokus p\u00e5 Saman\u00e1<\/h2>\n<p style=\"text-align: justify;\">Saman\u00e1-halv\u00f8en, som ligger i den nord\u00f8stlige del af \u00f8en, er kendt for dramatiske landskaber, strande og h\u00f8j <a href=\"https:\/\/www.vita-explorers.dk\/blog\/beskyttelse-af-bestoevende-insekter-internationalt-forloeb\/\" target=\"_blank\" rel=\"noopener\">biodiversitet<\/a>. Men bag den smukke overflade findes der fortsat barrierer for udvikling. Derfor fungerer humanit\u00e6re forl\u00f8b i Den Dominikanske Republik i dette omr\u00e5de som en vigtig l\u00f8ftestang for forandring. Selvom turismen er stor, er nogle lokalsamfund stadig isolerede og f\u00e5r begr\u00e6nset st\u00f8tte. Derfor udvikles der m\u00e5lrettede programmer, is\u00e6r i Santa B\u00e1rbara de Saman\u00e1 og Las Terrenas. Indsatserne p\u00e5 stedet im\u00f8dekommer akutte behov, men er samtidig t\u00e6nkt i et l\u00e6ngere perspektiv.<\/p>\n<h3 style=\"text-align: justify;\"><span style=\"color: #800080;\"><strong>Et omr\u00e5de med store ressourcer \u2013 og tydelige skel<\/strong><\/span><\/h3>\n<p style=\"text-align: justify;\">Selvom regionen skaber s\u00e6sonjob gennem turisme, giver det ikke n\u00f8dvendigvis stabile vilk\u00e5r. Mange familier lever med \u00f8konomisk usikkerhed. Samtidig er adgangen til uddannelse, ern\u00e6ring og sundhed ikke lige for alle. Derfor kan et humanit\u00e6rt forl\u00f8b her svare p\u00e5 et reelt socialt behov.<\/p>\n<h3 style=\"text-align: justify;\"><span style=\"color: #800080;\"><strong>Et engagement t\u00e6t p\u00e5 hverdagen<\/strong><\/span><\/h3>\n<p style=\"text-align: justify;\">Indsatserne bygger p\u00e5 f\u00e6lles arbejde og kommer ikke som l\u00f8sninger udefra. Tv\u00e6rtimod udvikles de med mennesker, der kender hverdagen og prioriteringerne. P\u00e5 den m\u00e5de rammer aktiviteterne mere pr\u00e6cist og styrker selvst\u00e6ndighed frem for afh\u00e6ngighed.<\/p>\n<p style=\"text-align: justify;\"><!-- ====================================================== --><\/p>\n<h2><\/h2>\n<h2 id=\"h2-2\" style=\"text-align: justify;\">Frivilligt arbejde i Den Dominikanske Republik: de vigtigste behov<\/h2>\n<p style=\"text-align: justify;\">Humanit\u00e6re forl\u00f8b i Den Dominikanske Republik d\u00e6kker flere prioriterede behov. Nogle temaer g\u00e5r dog igen. For det f\u00f8rste er ern\u00e6ring et centralt fokus. Dern\u00e6st er uddannelse og ligestilling vigtige indsatsomr\u00e5der. Derudover er natur- og milj\u00f8beskyttelse blevet mere presserende. Endelig f\u00e5r <a href=\"https:\/\/www.vita-explorers.dk\/blog\/dyrebeskyttelse-frivilligt-arbejde-internationalt\/\" target=\"_blank\" rel=\"noopener\">dyrevelf\u00e6rd<\/a> gradvist en st\u00f8rre rolle.<\/p>\n<h3 style=\"text-align: justify;\"><span style=\"color: #800080;\"><strong>Ern\u00e6ring, adgang til ressourcer og forebyggende sundhed<\/strong><\/span><\/h3>\n<p style=\"text-align: justify;\">I nogle omr\u00e5der er adgangen til sund og regelm\u00e6ssig mad stadig begr\u00e6nset. Derfor er indsatser som uddeling, ern\u00e6ringsformidling og st\u00f8tte til familier vigtige. Nogle gange handler det ikke kun om at m\u00e6tte, men ogs\u00e5 om at dele holdbare vaner og praksisser, der kan fungere p\u00e5 sigt.<\/p>\n<h3 style=\"text-align: justify;\"><span style=\"color: #800080;\"><strong>Uddannelse, social beskyttelse og st\u00f8tte i hverdagen<\/strong><\/span><\/h3>\n<p style=\"text-align: justify;\">Skolesystemet findes, men pr\u00e6ges af ulighed. Nogle familier har ikke r\u00e5d til materialer eller transport. Samtidig er der ofte for lidt lektiehj\u00e6lp og st\u00f8tte efter skoletid. Her kan deltagere v\u00e6re en v\u00e6rdifuld ekstra h\u00e5nd til at styrke adgangen til l\u00e6ring.<\/p>\n<h3 style=\"text-align: justify;\">Milj\u00f8pres og f\u00e6lles ansvar<\/h3>\n<p style=\"text-align: justify;\">Saman\u00e1 rummer mangrover, rev, tropeskove og en sj\u00e6lden biodiversitet. Men naturen er under pres fra menneskelig aktivitet. Derfor omfatter humanit\u00e6re forl\u00f8b i Den Dominikanske Republik i stigende grad milj\u00f8indsatser \u2013 fra oplysning til genplantning.<\/p>\n<p style=\"text-align: justify;\"><!-- ====================================================== --><\/p>\n<h2><\/h2>\n<p><a href=\"https:\/\/www.vita-explorers.dk\/blog\/wp-content\/uploads\/2023\/10\/mission-humanitaire-republique-dominicaine.png\"><img loading=\"lazy\" decoding=\"async\" class=\"size-medium wp-image-15759 aligncenter\" src=\"https:\/\/www.vita-explorers.dk\/blog\/wp-content\/uploads\/2023\/10\/mission-humanitaire-republique-dominicaine-300x224.png\" alt=\"Internationalt \u00f8kofrivilligt arbejde\" width=\"300\" height=\"224\" srcset=\"https:\/\/www.vita-explorers.dk\/blog\/wp-content\/uploads\/2023\/10\/mission-humanitaire-republique-dominicaine-300x224.png 300w, https:\/\/www.vita-explorers.dk\/blog\/wp-content\/uploads\/2023\/10\/mission-humanitaire-republique-dominicaine-1024x764.png 1024w, https:\/\/www.vita-explorers.dk\/blog\/wp-content\/uploads\/2023\/10\/mission-humanitaire-republique-dominicaine-768x573.png 768w, https:\/\/www.vita-explorers.dk\/blog\/wp-content\/uploads\/2023\/10\/mission-humanitaire-republique-dominicaine.png 1182w\" sizes=\"(max-width: 300px) 100vw, 300px\" \/><\/a><\/p>\n<h2 id=\"h2-3\" style=\"text-align: justify;\">Solidaritetsprojekter i Den Dominikanske Republik<\/h2>\n<p style=\"text-align: justify;\">Der findes flere projekter, som supplerer hinanden. Hvert af dem sigter mod m\u00e5lbare, strukturerede og gentagelige forbedringer. M\u00e5let er alts\u00e5 ikke at g\u00f8re en hurtig indsats, men at skabe forandringer, der kan holde over tid.<\/p>\n<h3 style=\"text-align: justify;\"><span style=\"color: #800080;\"><strong>Uddannelsesforl\u00f8b og grundl\u00e6ggende rettigheder<\/strong><\/span><\/h3>\n<p style=\"text-align: justify;\">M\u00e5let er at styrke adgangen til uddannelse og samtidig skabe viden om menneskerettigheder. Derfor gennemf\u00f8res workshops, der fremmer ligestilling, selvtillid og forst\u00e5else for grundl\u00e6ggende rettigheder. P\u00e5 den m\u00e5de f\u00e5r b\u00f8rn redskaber til bedre at passe p\u00e5 sig selv, udtrykke sig og handle.<\/p>\n<h3 style=\"text-align: justify;\"><span style=\"color: #800080;\"><strong>Indsatser for k\u00f8nsligestilling<\/strong><\/span><\/h3>\n<p style=\"text-align: justify;\">I nogle lokalsamfund m\u00f8der kvinder stadig sociale og \u00f8konomiske barrierer. Derfor findes der programmer m\u00e5lrettet dem, som fremmer kompetenceudvikling, muligheder for arbejde og st\u00f8rre selvst\u00e6ndighed. Derudover tilbydes workshops til b\u00f8rn og unge, s\u00e5 stereotype forestillinger udfordres tidligt.<\/p>\n<h3 style=\"text-align: justify;\"><span style=\"color: #800080;\"><strong>Struktureret lokalsamfundsudvikling<\/strong><\/span><\/h3>\n<p style=\"text-align: justify;\">Lokal udvikling bygger p\u00e5 konkrete handlinger: lektiehj\u00e6lp, st\u00f8tte til mad og basale behov, adgang til information, f\u00e6lles initiativer og aktivt medborgerskab. Familierne inddrages i processen, s\u00e5 l\u00f8sningerne ikke bare modtages, men skabes sammen.<\/p>\n<h3 style=\"text-align: justify;\"><span style=\"color: #800080;\"><strong>Milj\u00f8- og klimaindsatser<\/strong><\/span><\/h3>\n<p style=\"text-align: justify;\">Humanit\u00e6re forl\u00f8b i Den Dominikanske Republik rummer ogs\u00e5 arbejde med at beskytte naturen. Det kan v\u00e6re programmer, der v\u00e6rner om naturomr\u00e5der, oplysningskampagner og aktiviteter med genplantning. Samtidig mobiliseres unge, s\u00e5 de f\u00e5r mulighed for selv at v\u00e6re med til at skabe forandring.<\/p>\n<h3 style=\"text-align: justify;\"><span style=\"color: #800080;\"><strong>Redning og dyrevelf\u00e6rd<\/strong><\/span><\/h3>\n<p style=\"text-align: justify;\">I omr\u00e5det findes mange dyr i s\u00e5rbare situationer. Derfor kan projekter omfatte dyrl\u00e6gebehandling, redning, steriliseringskampagner og oplysning om dyrevelf\u00e6rd. Indsatserne gennemf\u00f8res i t\u00e6t dialog med lokale organisationer, der arbejder med omr\u00e5det til daglig.<\/p>\n<p style=\"text-align: justify;\"><!-- ====================================================== --><\/p>\n<h2 id=\"h2-4\" style=\"text-align: justify;\">Oplevelser<\/h2>\n<blockquote>\n<p style=\"text-align: justify;\">\u00ab F\u00f8r jeg tog afsted, troede jeg, at jeg skulle hj\u00e6lpe. I virkeligheden l\u00e6rte jeg. Jeg l\u00e6rte styrken i f\u00e6llesskabet, vigtigheden af at lytte, f\u00f8r man handler, og effekten af sm\u00e5 handlinger, der gentages over tid. Her s\u00e5 jeg b\u00f8rn f\u00e5 troen p\u00e5 sig selv tilbage gennem skolen, jeg s\u00e5 familier tage ejerskab over projekter, og jeg s\u00e5 l\u00f8sninger opst\u00e5, n\u00e5r lokalsamfund f\u00e5r plads til at v\u00e6re medskabere. Det er ikke bare et forl\u00f8b \u2013 det er et skifte i perspektiv. \u00bb \u2014 Maxime, deltager hos VITA<\/p>\n<\/blockquote>\n<p style=\"text-align: justify;\"><!-- ====================================================== --><\/p>\n<p style=\"text-align: justify;\">\n<p style=\"text-align: justify;\"><!-- ====================================================== --><\/p>\n<h2 id=\"h2-6\" style=\"text-align: justify;\">S\u00e5dan engagerer du dig i humanit\u00e6re forl\u00f8b i Den Dominikanske Republik: trin for trin<\/h2>\n<p style=\"text-align: justify;\">At deltage i humanit\u00e6re forl\u00f8b i Den Dominikanske Republik kr\u00e6ver forberedelse. F\u00f8rst er det en fordel at forst\u00e5 den lokale kontekst. Dern\u00e6st handler det om at m\u00f8de op med en lyttende og samarbejdende tilgang. Endelig er det vigtigt at vide, at effekt typisk skabes gennem stabilt engagement og kontinuitet.<\/p>\n<h3 style=\"text-align: justify;\"><span style=\"color: #800080;\"><strong>Se og lyt, f\u00f8r du handler<\/strong><\/span><\/h3>\n<p style=\"text-align: justify;\">At handle hurtigt er ikke altid det samme som at handle godt. Derfor er f\u00f8rste skridt at lytte og forst\u00e5 de reelle behov.<\/p>\n<h3 style=\"text-align: justify;\"><span style=\"color: #800080;\"><strong>Byg videre \u2013 i stedet for at overtage<\/strong><\/span><\/h3>\n<p style=\"text-align: justify;\">De indsatser, der holder, er dem, hvor lokalsamfund har ejerskab. Derfor b\u00f8r projekter styrke det, der allerede findes \u2013 ikke erstatte det.<\/p>\n<p style=\"text-align: justify;\"><!-- ====================================================== --><\/p>\n<h2><\/h2>\n<h2 id=\"h2-7\" style=\"text-align: justify;\">Hvorfor tage afsted p\u00e5 et humanit\u00e6rt forl\u00f8b i Den Dominikanske Republik?<\/h2>\n<p style=\"text-align: justify;\">Fordi landet rummer b\u00e5de tydelige sociale udfordringer og stor menneskelig varme. Humanit\u00e6re forl\u00f8b i Den Dominikanske Republik g\u00f8r det muligt at bidrage konkret og samtidig indg\u00e5 i en meningsfuld, menneskelig proces. Derudover kan m\u00f8det p\u00e5 tv\u00e6rs af <a href=\"https:\/\/www.vita-explorers.dk\/blog\/interkulturelle-forloeb-i-udlandet-frivilligt-arbejde\/\" target=\"_blank\" rel=\"noopener\">kulturer<\/a> v\u00e6re st\u00e6rkt, l\u00e6rende og perspektivskabende.<\/p>\n<p style=\"text-align: justify;\"><!-- ====================================================== --><\/p>\n<h2><\/h2>\n<h2 id=\"h2-8\" style=\"text-align: justify;\">Indsatsomr\u00e5der i humanit\u00e6re forl\u00f8b i Den Dominikanske Republik<\/h2>\n<p style=\"text-align: justify;\">Forl\u00f8bene d\u00e6kker centrale omr\u00e5der: uddannelse, menneskerettigheder, ligestilling, lokal udvikling, ern\u00e6ring, milj\u00f8, klima og dyrevelf\u00e6rd. Samlet set udg\u00f8r de en helhed af indsatser, der underst\u00f8tter hinanden.<\/p>\n<p style=\"text-align: justify;\"><!-- ====================================================== --><\/p>\n<h2><\/h2>\n<h2 id=\"h2-9\" style=\"text-align: justify;\">Hvad f\u00e5r du ud af et humanit\u00e6rt forl\u00f8b i Den Dominikanske Republik?<\/h2>\n<p style=\"text-align: justify;\">Effekten g\u00e5r begge veje. Ikke alene kan lokalsamfund f\u00e5 gavn af indsatsen \u2013 det g\u00f8r deltagerne ogs\u00e5. Erfaringen er l\u00e6rerig, n\u00e6rv\u00e6rende og menneskelig.<\/p>\n<p style=\"text-align: justify;\"><!-- ====================================================== --><\/p>\n<h2><\/h2>\n<h2 id=\"h2-10\" style=\"text-align: justify;\">Et menneskeligt engagement, der s\u00e6tter varige spor<\/h2>\n<p style=\"text-align: justify;\">Det arbejde, der betyder mest, er sj\u00e6ldent det, der larmer mest. Det m\u00e5les p\u00e5 langsigtede fremskridt \u2013 ikke p\u00e5 store ord. Derfor er de bedste forl\u00f8b ofte dem, der foreg\u00e5r roligt og vedholdende.<\/p>\n<p style=\"text-align: justify;\"><!-- ====================================================== --><\/p>\n<h2><\/h2>\n<p><a href=\"https:\/\/www.vita-explorers.dk\/blog\/wp-content\/uploads\/2023\/06\/mission-humanitaire-republique-dominicaine-scaled.jpeg\"><img loading=\"lazy\" decoding=\"async\" class=\"size-medium wp-image-15426 aligncenter\" src=\"https:\/\/www.vita-explorers.dk\/blog\/wp-content\/uploads\/2023\/06\/mission-humanitaire-republique-dominicaine-225x300.jpeg\" alt=\"Praktikophold i Den Dominikanske Republik\" width=\"225\" height=\"300\" srcset=\"https:\/\/www.vita-explorers.dk\/blog\/wp-content\/uploads\/2023\/06\/mission-humanitaire-republique-dominicaine-225x300.jpeg 225w, https:\/\/www.vita-explorers.dk\/blog\/wp-content\/uploads\/2023\/06\/mission-humanitaire-republique-dominicaine-768x1024.jpeg 768w, https:\/\/www.vita-explorers.dk\/blog\/wp-content\/uploads\/2023\/06\/mission-humanitaire-republique-dominicaine-1152x1536.jpeg 1152w, https:\/\/www.vita-explorers.dk\/blog\/wp-content\/uploads\/2023\/06\/mission-humanitaire-republique-dominicaine-1536x2048.jpeg 1536w, https:\/\/www.vita-explorers.dk\/blog\/wp-content\/uploads\/2023\/06\/mission-humanitaire-republique-dominicaine-scaled.jpeg 1920w\" sizes=\"(max-width: 225px) 100vw, 225px\" \/><\/a><\/p>\n<h2 id=\"h2-11\" style=\"text-align: justify;\">FAQ: Humanit\u00e6re forl\u00f8b i Den Dominikanske Republik<\/h2>\n<h3 style=\"text-align: justify;\"><strong>Kan man deltage uden en specifik uddannelse?<\/strong><\/h3>\n<p style=\"text-align: justify;\">Ja, de fleste forl\u00f8b kr\u00e6ver ikke s\u00e6rlige kvalifikationer. Til geng\u00e6ld er motivation, lydh\u00f8rhed og engagement afg\u00f8rende.<\/p>\n<h3 style=\"text-align: justify;\"><strong>Er sprog en barriere?<\/strong><\/h3>\n<p style=\"text-align: justify;\">Du beh\u00f8ver ikke v\u00e6re tosproget, men du skal kunne kommunikere i hverdagen p\u00e5 engelsk eller spansk. Det forventede niveau st\u00e5r i projektbeskrivelsen, og typisk anbefales niveau B1\/B2.<\/p>\n<h3 style=\"text-align: justify;\"><strong>Har indsatserne reelt en varig <a href=\"https:\/\/www.vita-explorers.dk\/blog\/impact-frivilligt-arbejde-i-udlandet\/\" target=\"_blank\" rel=\"noopener\">effekt<\/a>?<\/strong><\/h3>\n<p style=\"text-align: justify;\">Ja, n\u00e5r de udvikles sammen med lokalsamfund og bygger p\u00e5 kontinuitet frem for kun at reagere p\u00e5 akutte behov.<\/p>\n<h3 style=\"text-align: justify;\"><strong>Kan man kombinere flere typer forl\u00f8b p\u00e5 stedet?<\/strong><\/h3>\n<p style=\"text-align: justify;\">Ja, fordi projekterne ofte h\u00e6nger sammen (uddannelse, ern\u00e6ring, milj\u00f8, rettigheder, dyr\u2026).<\/p>\n<h3 style=\"text-align: justify;\"><strong>Hvad l\u00e6rer man i praksis?<\/strong><\/h3>\n<p style=\"text-align: justify;\">Man l\u00e6rer at lytte, tilpasse sig, m\u00f8de andre med ydmyghed, samarbejde og forst\u00e5, hvad f\u00e6llesskab betyder i praksis.<\/p>\n<p style=\"text-align: justify;\"><!-- ====================================================== --><\/p>\n<h2><\/h2>\n<h2 id=\"h2-12\" style=\"text-align: justify;\">Konklusion: hvorfor v\u00e6lge et humanit\u00e6rt forl\u00f8b i Den Dominikanske Republik<\/h2>\n<p style=\"text-align: justify;\">Humanit\u00e6re forl\u00f8b i Den Dominikanske Republik bidrager d\u00e9r, hvor behovene er store, sammensatte og ikke altid synlige. De g\u00f8r det muligt at arbejde med uddannelse, ligestilling, milj\u00f8, ern\u00e6ring, klima og dyrevelf\u00e6rd. De fremmer l\u00f8sninger, der skabes sammen, kan fastholdes og opleves meningsfulde. Og de minder os om, at reel effekt sj\u00e6ldent ligger i \u00e9n stor handling \u2013 men i et engagement, der holder ved.<\/p>\n<p id=\"contact\" style=\"text-align: center;\"><strong>Klar til at tage n\u00e6ste skridt?<\/strong><\/p>\n<p style=\"text-align: center;\"><a href=\"https:\/\/www.vita-explorers.dk\/#tel-contact-form-glob\" target=\"_blank\" rel=\"noopener\">Jeg vil gerne s\u00e6ttes i kontakt<\/a><\/p>\n<p class=\"muted\" style=\"text-align: center;\">\u00a9 VITA Institute \u2014 Ressourcer til ansvarlige internationale forl\u00f8b.<\/p>\n<p class=\"p4\" style=\"text-align: center;\"><b>Har du sp\u00f8rgsm\u00e5l, er du velkommen til at kontakte os p\u00e5 <\/b><a href=\"mailto:info@globalong.com\"><span class=\"s2\"><b>info@globalong.com<\/b><\/span><\/a><\/p>\n<p class=\"p4\" style=\"text-align: center;\"><b>Vil du f\u00f8lge med i VITA Institute og vores community, s\u00e5 find os p\u00e5 <\/b><a href=\"https:\/\/www.instagram.com\/globalongofficiel\/\" target=\"_blank\" rel=\"noopener\"><span class=\"s2\"><b>Instagram<\/b><\/span><\/a><b>, <\/b><a href=\"https:\/\/www.facebook.com\/globalong\" target=\"_blank\" rel=\"noopener\"><span class=\"s2\"><b>Facebook<\/b><\/span><\/a><b>, <\/b><a href=\"https:\/\/www.linkedin.com\/company\/5113177\/admin\/feed\/posts\/\" target=\"_blank\" rel=\"noopener\"><span class=\"s2\"><b>LinkedIn<\/b><\/span><\/a><b> og <\/b><a href=\"https:\/\/www.youtube.com\/c\/globalong\/videos\" target=\"_blank\" rel=\"noopener\"><span class=\"s2\"><b>Youtube<\/b><\/span><\/a><b>!<\/b><\/p>\n","protected":false},"excerpt":{"rendered":"<p>Humanit\u00e6re forl\u00f8b i Den Dominikanske Republik: engag\u00e9r dig i Saman\u00e1 med varig effekt Humanit\u00e6re forl\u00f8b i Den Dominikanske Republik giver mulighed for at bidrage\u2026<\/p>\n","protected":false},"author":7,"featured_media":22462,"comment_status":"open","ping_status":"open","sticky":false,"template":"","format":"standard","meta":{"footnotes":""},"categories":[191,8],"tags":[],"yoast_head":"<!-- This site is optimized with the Yoast SEO Premium plugin v23.4 (Yoast SEO v23.4) - https:\/\/yoast.com\/wordpress\/plugins\/seo\/ -->\n<title>Humanit\u00e6re forl\u00f8b i Den Dominikanske Republik<\/title>\n<meta name=\"description\" content=\"Participez \u00e0 une mission humanitaire en R\u00e9publique dominicaine. \u00c9ducation, environnement : engagez-vous \u00e0 Saman\u00e1 pour un impact durable.\" \/>\n<meta name=\"robots\" content=\"index, follow, max-snippet:-1, max-image-preview:large, max-video-preview:-1\" \/>\n<link rel=\"canonical\" href=\"https:\/\/www.vita-explorers.dk\/blog\/humanitaere-forloeb-den-dominikanske-republik\/\" \/>\n<meta property=\"og:locale\" content=\"da_DK\" \/>\n<meta property=\"og:type\" content=\"article\" \/>\n<meta property=\"og:title\" content=\"Humanit\u00e6re ophold i Den Dominikanske Republik: engagement for uddannelse, ligestilling og biodiversitet\" \/>\n<meta property=\"og:description\" content=\"Participez \u00e0 une mission humanitaire en R\u00e9publique dominicaine. \u00c9ducation, environnement : engagez-vous \u00e0 Saman\u00e1 pour un impact durable.\" \/>\n<meta property=\"og:url\" content=\"https:\/\/www.vita-explorers.dk\/blog\/humanitaere-forloeb-den-dominikanske-republik\/\" \/>\n<meta property=\"og:site_name\" content=\"VITA Explorers Blog\" \/>\n<meta property=\"article:publisher\" content=\"https:\/\/www.facebook.com\/globalong\" \/>\n<meta property=\"article:published_time\" content=\"2025-11-10T10:29:49+00:00\" \/>\n<meta property=\"og:image\" content=\"https:\/\/www.vita-explorers.dk\/blog\/wp-content\/uploads\/2025\/11\/Gemini_Generated_Image_p3qku6p3qku6p3qk.png\" \/>\n\t<meta property=\"og:image:width\" content=\"1024\" \/>\n\t<meta property=\"og:image:height\" content=\"1024\" \/>\n\t<meta property=\"og:image:type\" content=\"image\/png\" \/>\n<meta name=\"author\" content=\"VITA Tribe\" \/>\n<meta name=\"twitter:card\" content=\"summary_large_image\" \/>\n<meta name=\"twitter:label1\" content=\"Skrevet af\" \/>\n\t<meta name=\"twitter:data1\" content=\"VITA Tribe\" \/>\n\t<meta name=\"twitter:label2\" content=\"Estimeret l\u00e6setid\" \/>\n\t<meta name=\"twitter:data2\" content=\"8 minutter\" \/>\n<script type=\"application\/ld+json\" class=\"yoast-schema-graph\">{\"@context\":\"https:\/\/schema.org\",\"@graph\":[{\"@type\":\"Article\",\"@id\":\"https:\/\/www.vita-explorers.dk\/blog\/humanitaere-forloeb-den-dominikanske-republik\/#article\",\"isPartOf\":{\"@id\":\"https:\/\/www.vita-explorers.dk\/blog\/humanitaere-forloeb-den-dominikanske-republik\/\"},\"author\":{\"name\":\"VITA Tribe\",\"@id\":\"https:\/\/www.vita-explorers.dk\/blog\/#\/schema\/person\/fc0343a2f2db2ebb2793c1f62dbe73f0\"},\"headline\":\"Humanit\u00e6re ophold i Den Dominikanske Republik: engagement for uddannelse, ligestilling og biodiversitet\",\"datePublished\":\"2025-11-10T10:29:49+00:00\",\"dateModified\":\"2025-11-10T10:29:49+00:00\",\"mainEntityOfPage\":{\"@id\":\"https:\/\/www.vita-explorers.dk\/blog\/humanitaere-forloeb-den-dominikanske-republik\/\"},\"wordCount\":1681,\"commentCount\":0,\"publisher\":{\"@id\":\"https:\/\/www.vita-explorers.dk\/blog\/#organization\"},\"image\":{\"@id\":\"https:\/\/www.vita-explorers.dk\/blog\/humanitaere-forloeb-den-dominikanske-republik\/#primaryimage\"},\"thumbnailUrl\":\"https:\/\/www.vita-explorers.dk\/blog\/wp-content\/uploads\/2025\/11\/Gemini_Generated_Image_p3qku6p3qku6p3qk.png\",\"articleSection\":[\"Amerika\",\"Humanit\u00e6rt frivilligt arbejde\"],\"inLanguage\":\"da-DK\",\"potentialAction\":[{\"@type\":\"CommentAction\",\"name\":\"Comment\",\"target\":[\"https:\/\/www.vita-explorers.dk\/blog\/humanitaere-forloeb-den-dominikanske-republik\/#respond\"]}]},{\"@type\":\"WebPage\",\"@id\":\"https:\/\/www.vita-explorers.dk\/blog\/humanitaere-forloeb-den-dominikanske-republik\/\",\"url\":\"https:\/\/www.vita-explorers.dk\/blog\/humanitaere-forloeb-den-dominikanske-republik\/\",\"name\":\"Humanit\u00e6re forl\u00f8b i Den Dominikanske Republik\",\"isPartOf\":{\"@id\":\"https:\/\/www.vita-explorers.dk\/blog\/#website\"},\"primaryImageOfPage\":{\"@id\":\"https:\/\/www.vita-explorers.dk\/blog\/humanitaere-forloeb-den-dominikanske-republik\/#primaryimage\"},\"image\":{\"@id\":\"https:\/\/www.vita-explorers.dk\/blog\/humanitaere-forloeb-den-dominikanske-republik\/#primaryimage\"},\"thumbnailUrl\":\"https:\/\/www.vita-explorers.dk\/blog\/wp-content\/uploads\/2025\/11\/Gemini_Generated_Image_p3qku6p3qku6p3qk.png\",\"datePublished\":\"2025-11-10T10:29:49+00:00\",\"dateModified\":\"2025-11-10T10:29:49+00:00\",\"description\":\"Participez \u00e0 une mission humanitaire en R\u00e9publique dominicaine. \u00c9ducation, environnement : engagez-vous \u00e0 Saman\u00e1 pour un impact durable.\",\"breadcrumb\":{\"@id\":\"https:\/\/www.vita-explorers.dk\/blog\/humanitaere-forloeb-den-dominikanske-republik\/#breadcrumb\"},\"inLanguage\":\"da-DK\",\"potentialAction\":[{\"@type\":\"ReadAction\",\"target\":[\"https:\/\/www.vita-explorers.dk\/blog\/humanitaere-forloeb-den-dominikanske-republik\/\"]}]},{\"@type\":\"ImageObject\",\"inLanguage\":\"da-DK\",\"@id\":\"https:\/\/www.vita-explorers.dk\/blog\/humanitaere-forloeb-den-dominikanske-republik\/#primaryimage\",\"url\":\"https:\/\/www.vita-explorers.dk\/blog\/wp-content\/uploads\/2025\/11\/Gemini_Generated_Image_p3qku6p3qku6p3qk.png\",\"contentUrl\":\"https:\/\/www.vita-explorers.dk\/blog\/wp-content\/uploads\/2025\/11\/Gemini_Generated_Image_p3qku6p3qku6p3qk.png\",\"width\":1024,\"height\":1024,\"caption\":\"MissionS R\u00e9publique dominicaine\"},{\"@type\":\"BreadcrumbList\",\"@id\":\"https:\/\/www.vita-explorers.dk\/blog\/humanitaere-forloeb-den-dominikanske-republik\/#breadcrumb\",\"itemListElement\":[{\"@type\":\"ListItem\",\"position\":1,\"name\":\"Accueil\",\"item\":\"https:\/\/www.vita-explorers.dk\/blog\/\"},{\"@type\":\"ListItem\",\"position\":2,\"name\":\"Humanit\u00e6re ophold i Den Dominikanske Republik: engagement for uddannelse, ligestilling og biodiversitet\"}]},{\"@type\":\"WebSite\",\"@id\":\"https:\/\/www.vita-explorers.dk\/blog\/#website\",\"url\":\"https:\/\/www.vita-explorers.dk\/blog\/\",\"name\":\"Association Globalong\",\"description\":\"Frivilligt arbejde, sprogophold, praktik i udlandet og internationale oplevelser\",\"publisher\":{\"@id\":\"https:\/\/www.vita-explorers.dk\/blog\/#organization\"},\"potentialAction\":[{\"@type\":\"SearchAction\",\"target\":{\"@type\":\"EntryPoint\",\"urlTemplate\":\"https:\/\/www.vita-explorers.dk\/blog\/?s={search_term_string}\"},\"query-input\":{\"@type\":\"PropertyValueSpecification\",\"valueRequired\":true,\"valueName\":\"search_term_string\"}}],\"inLanguage\":\"da-DK\"},{\"@type\":\"Organization\",\"@id\":\"https:\/\/www.vita-explorers.dk\/blog\/#organization\",\"name\":\"Association Globalong\",\"url\":\"https:\/\/www.vita-explorers.dk\/blog\/\",\"logo\":{\"@type\":\"ImageObject\",\"inLanguage\":\"da-DK\",\"@id\":\"https:\/\/www.vita-explorers.dk\/blog\/#\/schema\/logo\/image\/\",\"url\":\"https:\/\/www.globalong.com\/blog\/wp-content\/uploads\/2014\/11\/cropped-cropped-Logo-et-Afrique-Globalong-petite-taille-2.jpg\",\"contentUrl\":\"https:\/\/www.globalong.com\/blog\/wp-content\/uploads\/2014\/11\/cropped-cropped-Logo-et-Afrique-Globalong-petite-taille-2.jpg\",\"width\":512,\"height\":512,\"caption\":\"Association Globalong\"},\"image\":{\"@id\":\"https:\/\/www.vita-explorers.dk\/blog\/#\/schema\/logo\/image\/\"},\"sameAs\":[\"https:\/\/www.facebook.com\/globalong\"]},{\"@type\":\"Person\",\"@id\":\"https:\/\/www.vita-explorers.dk\/blog\/#\/schema\/person\/fc0343a2f2db2ebb2793c1f62dbe73f0\",\"name\":\"VITA Tribe\",\"image\":{\"@type\":\"ImageObject\",\"inLanguage\":\"da-DK\",\"@id\":\"https:\/\/www.vita-explorers.dk\/blog\/#\/schema\/person\/image\/\",\"url\":\"https:\/\/secure.gravatar.com\/avatar\/f7f05026bb439d0c96b30e135e5f852c?s=96&d=mm&r=g\",\"contentUrl\":\"https:\/\/secure.gravatar.com\/avatar\/f7f05026bb439d0c96b30e135e5f852c?s=96&d=mm&r=g\",\"caption\":\"VITA Tribe\"},\"sameAs\":[\"http:\/\/www.globalong.com\"],\"url\":\"https:\/\/www.vita-explorers.dk\/blog\/author\/teamglobalong\/\"}]}<\/script>\n<!-- \/ Yoast SEO Premium plugin. -->","yoast_head_json":{"title":"Humanit\u00e6re forl\u00f8b i Den Dominikanske Republik","description":"Participez \u00e0 une mission humanitaire en R\u00e9publique dominicaine. \u00c9ducation, environnement : engagez-vous \u00e0 Saman\u00e1 pour un impact durable.","robots":{"index":"index","follow":"follow","max-snippet":"max-snippet:-1","max-image-preview":"max-image-preview:large","max-video-preview":"max-video-preview:-1"},"canonical":"https:\/\/www.vita-explorers.dk\/blog\/humanitaere-forloeb-den-dominikanske-republik\/","og_locale":"da_DK","og_type":"article","og_title":"Humanit\u00e6re ophold i Den Dominikanske Republik: engagement for uddannelse, ligestilling og biodiversitet","og_description":"Participez \u00e0 une mission humanitaire en R\u00e9publique dominicaine. \u00c9ducation, environnement : engagez-vous \u00e0 Saman\u00e1 pour un impact durable.","og_url":"https:\/\/www.vita-explorers.dk\/blog\/humanitaere-forloeb-den-dominikanske-republik\/","og_site_name":"VITA Explorers Blog","article_publisher":"https:\/\/www.facebook.com\/globalong","article_published_time":"2025-11-10T10:29:49+00:00","og_image":[{"width":1024,"height":1024,"url":"https:\/\/www.vita-explorers.dk\/blog\/wp-content\/uploads\/2025\/11\/Gemini_Generated_Image_p3qku6p3qku6p3qk.png","type":"image\/png"}],"author":"VITA Tribe","twitter_card":"summary_large_image","twitter_misc":{"Skrevet af":"VITA Tribe","Estimeret l\u00e6setid":"8 minutter"},"schema":{"@context":"https:\/\/schema.org","@graph":[{"@type":"Article","@id":"https:\/\/www.vita-explorers.dk\/blog\/humanitaere-forloeb-den-dominikanske-republik\/#article","isPartOf":{"@id":"https:\/\/www.vita-explorers.dk\/blog\/humanitaere-forloeb-den-dominikanske-republik\/"},"author":{"name":"VITA Tribe","@id":"https:\/\/www.vita-explorers.dk\/blog\/#\/schema\/person\/fc0343a2f2db2ebb2793c1f62dbe73f0"},"headline":"Humanit\u00e6re ophold i Den Dominikanske Republik: engagement for uddannelse, ligestilling og biodiversitet","datePublished":"2025-11-10T10:29:49+00:00","dateModified":"2025-11-10T10:29:49+00:00","mainEntityOfPage":{"@id":"https:\/\/www.vita-explorers.dk\/blog\/humanitaere-forloeb-den-dominikanske-republik\/"},"wordCount":1681,"commentCount":0,"publisher":{"@id":"https:\/\/www.vita-explorers.dk\/blog\/#organization"},"image":{"@id":"https:\/\/www.vita-explorers.dk\/blog\/humanitaere-forloeb-den-dominikanske-republik\/#primaryimage"},"thumbnailUrl":"https:\/\/www.vita-explorers.dk\/blog\/wp-content\/uploads\/2025\/11\/Gemini_Generated_Image_p3qku6p3qku6p3qk.png","articleSection":["Amerika","Humanit\u00e6rt frivilligt arbejde"],"inLanguage":"da-DK","potentialAction":[{"@type":"CommentAction","name":"Comment","target":["https:\/\/www.vita-explorers.dk\/blog\/humanitaere-forloeb-den-dominikanske-republik\/#respond"]}]},{"@type":"WebPage","@id":"https:\/\/www.vita-explorers.dk\/blog\/humanitaere-forloeb-den-dominikanske-republik\/","url":"https:\/\/www.vita-explorers.dk\/blog\/humanitaere-forloeb-den-dominikanske-republik\/","name":"Humanit\u00e6re forl\u00f8b i Den Dominikanske Republik","isPartOf":{"@id":"https:\/\/www.vita-explorers.dk\/blog\/#website"},"primaryImageOfPage":{"@id":"https:\/\/www.vita-explorers.dk\/blog\/humanitaere-forloeb-den-dominikanske-republik\/#primaryimage"},"image":{"@id":"https:\/\/www.vita-explorers.dk\/blog\/humanitaere-forloeb-den-dominikanske-republik\/#primaryimage"},"thumbnailUrl":"https:\/\/www.vita-explorers.dk\/blog\/wp-content\/uploads\/2025\/11\/Gemini_Generated_Image_p3qku6p3qku6p3qk.png","datePublished":"2025-11-10T10:29:49+00:00","dateModified":"2025-11-10T10:29:49+00:00","description":"Participez \u00e0 une mission humanitaire en R\u00e9publique dominicaine. \u00c9ducation, environnement : engagez-vous \u00e0 Saman\u00e1 pour un impact durable.","breadcrumb":{"@id":"https:\/\/www.vita-explorers.dk\/blog\/humanitaere-forloeb-den-dominikanske-republik\/#breadcrumb"},"inLanguage":"da-DK","potentialAction":[{"@type":"ReadAction","target":["https:\/\/www.vita-explorers.dk\/blog\/humanitaere-forloeb-den-dominikanske-republik\/"]}]},{"@type":"ImageObject","inLanguage":"da-DK","@id":"https:\/\/www.vita-explorers.dk\/blog\/humanitaere-forloeb-den-dominikanske-republik\/#primaryimage","url":"https:\/\/www.vita-explorers.dk\/blog\/wp-content\/uploads\/2025\/11\/Gemini_Generated_Image_p3qku6p3qku6p3qk.png","contentUrl":"https:\/\/www.vita-explorers.dk\/blog\/wp-content\/uploads\/2025\/11\/Gemini_Generated_Image_p3qku6p3qku6p3qk.png","width":1024,"height":1024,"caption":"MissionS R\u00e9publique dominicaine"},{"@type":"BreadcrumbList","@id":"https:\/\/www.vita-explorers.dk\/blog\/humanitaere-forloeb-den-dominikanske-republik\/#breadcrumb","itemListElement":[{"@type":"ListItem","position":1,"name":"Accueil","item":"https:\/\/www.vita-explorers.dk\/blog\/"},{"@type":"ListItem","position":2,"name":"Humanit\u00e6re ophold i Den Dominikanske Republik: engagement for uddannelse, ligestilling og biodiversitet"}]},{"@type":"WebSite","@id":"https:\/\/www.vita-explorers.dk\/blog\/#website","url":"https:\/\/www.vita-explorers.dk\/blog\/","name":"Association Globalong","description":"Frivilligt arbejde, sprogophold, praktik i udlandet og internationale oplevelser","publisher":{"@id":"https:\/\/www.vita-explorers.dk\/blog\/#organization"},"potentialAction":[{"@type":"SearchAction","target":{"@type":"EntryPoint","urlTemplate":"https:\/\/www.vita-explorers.dk\/blog\/?s={search_term_string}"},"query-input":{"@type":"PropertyValueSpecification","valueRequired":true,"valueName":"search_term_string"}}],"inLanguage":"da-DK"},{"@type":"Organization","@id":"https:\/\/www.vita-explorers.dk\/blog\/#organization","name":"Association Globalong","url":"https:\/\/www.vita-explorers.dk\/blog\/","logo":{"@type":"ImageObject","inLanguage":"da-DK","@id":"https:\/\/www.vita-explorers.dk\/blog\/#\/schema\/logo\/image\/","url":"https:\/\/www.globalong.com\/blog\/wp-content\/uploads\/2014\/11\/cropped-cropped-Logo-et-Afrique-Globalong-petite-taille-2.jpg","contentUrl":"https:\/\/www.globalong.com\/blog\/wp-content\/uploads\/2014\/11\/cropped-cropped-Logo-et-Afrique-Globalong-petite-taille-2.jpg","width":512,"height":512,"caption":"Association Globalong"},"image":{"@id":"https:\/\/www.vita-explorers.dk\/blog\/#\/schema\/logo\/image\/"},"sameAs":["https:\/\/www.facebook.com\/globalong"]},{"@type":"Person","@id":"https:\/\/www.vita-explorers.dk\/blog\/#\/schema\/person\/fc0343a2f2db2ebb2793c1f62dbe73f0","name":"VITA Tribe","image":{"@type":"ImageObject","inLanguage":"da-DK","@id":"https:\/\/www.vita-explorers.dk\/blog\/#\/schema\/person\/image\/","url":"https:\/\/secure.gravatar.com\/avatar\/f7f05026bb439d0c96b30e135e5f852c?s=96&d=mm&r=g","contentUrl":"https:\/\/secure.gravatar.com\/avatar\/f7f05026bb439d0c96b30e135e5f852c?s=96&d=mm&r=g","caption":"VITA Tribe"},"sameAs":["http:\/\/www.globalong.com"],"url":"https:\/\/www.vita-explorers.dk\/blog\/author\/teamglobalong\/"}]}},"_links":{"self":[{"href":"https:\/\/www.vita-explorers.dk\/blog\/wp-json\/wp\/v2\/posts\/22460"}],"collection":[{"href":"https:\/\/www.vita-explorers.dk\/blog\/wp-json\/wp\/v2\/posts"}],"about":[{"href":"https:\/\/www.vita-explorers.dk\/blog\/wp-json\/wp\/v2\/types\/post"}],"author":[{"embeddable":true,"href":"https:\/\/www.vita-explorers.dk\/blog\/wp-json\/wp\/v2\/users\/7"}],"replies":[{"embeddable":true,"href":"https:\/\/www.vita-explorers.dk\/blog\/wp-json\/wp\/v2\/comments?post=22460"}],"version-history":[{"count":5,"href":"https:\/\/www.vita-explorers.dk\/blog\/wp-json\/wp\/v2\/posts\/22460\/revisions"}],"predecessor-version":[{"id":22490,"href":"https:\/\/www.vita-explorers.dk\/blog\/wp-json\/wp\/v2\/posts\/22460\/revisions\/22490"}],"wp:featuredmedia":[{"embeddable":true,"href":"https:\/\/www.vita-explorers.dk\/blog\/wp-json\/wp\/v2\/media\/22462"}],"wp:attachment":[{"href":"https:\/\/www.vita-explorers.dk\/blog\/wp-json\/wp\/v2\/media?parent=22460"}],"wp:term":[{"taxonomy":"category","embeddable":true,"href":"https:\/\/www.vita-explorers.dk\/blog\/wp-json\/wp\/v2\/categories?post=22460"},{"taxonomy":"post_tag","embeddable":true,"href":"https:\/\/www.vita-explorers.dk\/blog\/wp-json\/wp\/v2\/tags?post=22460"}],"curies":[{"name":"wp","href":"https:\/\/api.w.org\/{rel}","templated":true}]}}