{"id":22467,"date":"2025-11-12T11:26:39","date_gmt":"2025-11-12T10:26:39","guid":{"rendered":"https:\/\/www.globalong.com\/blog\/?p=22467"},"modified":"2025-11-12T11:26:39","modified_gmt":"2025-11-12T10:26:39","slug":"humanitaert-ophold-colombia-2026","status":"publish","type":"post","link":"https:\/\/www.vita-explorers.dk\/blog\/humanitaert-ophold-colombia-2026\/","title":{"rendered":"Humanit\u00e6rt ophold i Colombia 2026: engag\u00e9r dig for varig, lokal forandring"},"content":{"rendered":"<h1 style=\"text-align: justify;\">Humanit\u00e6rt ophold i Colombia 2026: projekter, engagement og varig effekt<\/h1>\n<p style=\"text-align: justify;\">Et <strong>humanit\u00e6rt ophold i Colombia 2026<\/strong> er en st\u00e6rk mulighed for dig, der gerne vil bruge din tid meningsfuldt. Med sociale indsatser, milj\u00f8beskyttelse og st\u00f8tte til lokalsamfund giver et ophold i Colombia plads til b\u00e5de konkret bidrag og personlig l\u00e6ring. Landet rummer store sociale forskelle, men ogs\u00e5 en helt s\u00e6rlig kulturel mangfoldighed, og hvert \u00e5r tager deltagere af sted for at indg\u00e5 i et <strong>solidaritetsprojekt i Colombia<\/strong> med n\u00e6rv\u00e6r og ansvar.<\/p>\n<nav>\n<ul>\n<li><a href=\"#pourquoi\">Hvorfor v\u00e6lge Colombia i 2026?<\/a><\/li>\n<li><a href=\"#zones\">De vigtigste omr\u00e5der for humanit\u00e6rt frivilligt arbejde<\/a><\/li>\n<li><a href=\"#domaines\">Hvilke indsatser kan et humanit\u00e6rt ophold omfatte?<\/a><\/li>\n<li><a href=\"#participer\">S\u00e5dan deltager du i et solidaritetsophold i Colombia<\/a><\/li>\n<li><a href=\"#impact\">Effekten af et humanit\u00e6rt engagement i 2026<\/a><\/li>\n<li><a href=\"#transformation\">Det, opholdet \u00e6ndrer i dig<\/a><\/li>\n<li><a href=\"#temoignage\">Oplevelse: Julie, deltager i 2026<\/a><\/li>\n<li><a href=\"#faq\">FAQ<\/a><\/li>\n<li><a href=\"#conclusion\">Konklusion<\/a><\/li>\n<\/ul>\n<\/nav>\n<p style=\"text-align: justify;\"><!-- ================= SECTION 1 ================= --><\/p>\n<h2><\/h2>\n<h2><a href=\"https:\/\/www.vita-explorers.dk\/blog\/wp-content\/uploads\/2023\/08\/mission-humanitaire-en-colombie-1.jpeg\"><img loading=\"lazy\" decoding=\"async\" class=\"size-medium wp-image-15593 aligncenter\" src=\"https:\/\/www.vita-explorers.dk\/blog\/wp-content\/uploads\/2023\/08\/mission-humanitaire-en-colombie-1-300x225.jpeg\" alt=\"Humanit\u00e6rt ophold i Colombia\" width=\"300\" height=\"225\" srcset=\"https:\/\/www.vita-explorers.dk\/blog\/wp-content\/uploads\/2023\/08\/mission-humanitaire-en-colombie-1-300x225.jpeg 300w, https:\/\/www.vita-explorers.dk\/blog\/wp-content\/uploads\/2023\/08\/mission-humanitaire-en-colombie-1-1024x768.jpeg 1024w, https:\/\/www.vita-explorers.dk\/blog\/wp-content\/uploads\/2023\/08\/mission-humanitaire-en-colombie-1-768x576.jpeg 768w, https:\/\/www.vita-explorers.dk\/blog\/wp-content\/uploads\/2023\/08\/mission-humanitaire-en-colombie-1-1536x1152.jpeg 1536w, https:\/\/www.vita-explorers.dk\/blog\/wp-content\/uploads\/2023\/08\/mission-humanitaire-en-colombie-1.jpeg 1600w\" sizes=\"(max-width: 300px) 100vw, 300px\" \/><\/a><\/h2>\n<p>a0<\/p>\n<h2 id=\"pourquoi\" style=\"text-align: justify;\">Hvorfor v\u00e6lge Colombia i 2026 til et humanit\u00e6rt ophold?<\/h2>\n<p style=\"text-align: justify;\">At engagere sig i <strong>humanit\u00e6rt frivilligt arbejde i Colombia<\/strong> handler i h\u00f8j grad om den s\u00e6rlige kombination af sociale behov, kulturel rigdom og stor \u00f8kologisk variation. Efter \u00e5rtier med interne sp\u00e6ndinger har landet gennemg\u00e5et store forandringer. Samtidig er der fortsat omr\u00e5der, hvor hverdagen er s\u00e5rbar, og hvor en ansvarlig indsats kan g\u00f8re en reel forskel. Derfor giver et humanit\u00e6rt engagement god mening netop her. Derudover er <a href=\"https:\/\/www.vita-explorers.dk\/frivilligt-arbejde\/colombia-frivilligt-arbejde-internationalt-vita-erfaringer-service.html\" target=\"_blank\" rel=\"noopener\">Colombia<\/a> i stigende grad pr\u00e6get af sociale genopbygningsinitiativer, hvilket g\u00f8r det muligt at deltage i forl\u00f8b, der er tydeligt rammesat og relevante.<\/p>\n<p style=\"text-align: justify;\">Samtidig betyder et <strong>humanit\u00e6rt ophold i Colombia 2026<\/strong>, at du kan st\u00f8tte initiativer, der er t\u00e6nkt til at holde p\u00e5 sigt. Det handler ikke kun om at hj\u00e6lpe her og nu, men ogs\u00e5 om at styrke lokalsamfunds muligheder for at st\u00e5 st\u00e6rkere selv. Mange forl\u00f8b arbejder derfor med kompetenceoverf\u00f8rsel, l\u00e6ring og milj\u00f8hensyn. Og fordi der findes forskellige typer indsatser, kan du v\u00e6lge et engagement, der passer til dine v\u00e6rdier \u2013 fx inden for undervisning, sundhed, biodiversitet eller social st\u00f8tte.<\/p>\n<p style=\"text-align: justify;\">At tage af sted p\u00e5 et <em>solidaritetsophold i Colombia<\/em> handler alts\u00e5 ikke bare om at rejse til et fascinerende land. Det handler ogs\u00e5 om at forst\u00e5 de udfordringer, der findes, se ressourcerne og bidrage \u2013 ogs\u00e5 i det sm\u00e5 \u2013 til positive forandringer. For mange rammer det b\u00e5de et lokalt behov og et personligt \u00f8nske om at handle konkret og ansvarligt.<\/p>\n<ul style=\"text-align: justify;\">\n<li>En social virkelighed, hvor solidarisk st\u00f8tte er vigtig<\/li>\n<li>Strukturerede og relevante humanit\u00e6re projekter<\/li>\n<li>En st\u00e6rk kulturudveksling, der kan give nye perspektiver<\/li>\n<li>En enest\u00e5ende biodiversitet med behov for beskyttelse og oplysning<\/li>\n<li>Muligheden for et <strong>humanit\u00e6rt engagement i 2026<\/strong> med tydelig mening<\/li>\n<\/ul>\n<p style=\"text-align: justify;\"><!-- ================= SECTION 2 ================= --><\/p>\n<h2><\/h2>\n<h2 id=\"zones\" style=\"text-align: justify;\">De vigtigste omr\u00e5der for et humanit\u00e6rt ophold i Colombia<\/h2>\n<p style=\"text-align: justify;\">Et <strong>ophold i Colombia<\/strong> kan foreg\u00e5 i meget forskellige regioner \u2013 hver med sine egne udfordringer og behov. Derfor er det vigtigt p\u00e5 forh\u00e5nd at v\u00e6lge et omr\u00e5de, der matcher dine interesser og kompetencer. F\u00e6lles for omr\u00e5derne er, at de giver mulighed for at v\u00e6re t\u00e6t p\u00e5 Colombias sociale og milj\u00f8m\u00e6ssige hverdag.<\/p>\n<h3 style=\"text-align: justify;\"><span style=\"color: #800080;\"><strong>Bogot\u00e1 og omegn<\/strong><\/span><\/h3>\n<p style=\"text-align: justify;\">Hovedstaden rummer store sociale skel. Her retter <em>frivilligt arbejde i Colombia<\/em> sig ofte mod adgang til undervisning, st\u00f8tte til b\u00f8rn i udsatte situationer og psykosocial st\u00f8tte til familier, der er blevet fordrevet. Derudover kan lektiecaf\u00e9er og kreative aktiviteter give b\u00f8rn og unge et trygt rum til at udvikle deres potentiale.<\/p>\n<h3 style=\"text-align: justify;\"><span style=\"color: #800080;\"><strong>Caribien (Cartagena, Santa Marta, La Guajira)<\/strong><\/span><\/h3>\n<p style=\"text-align: justify;\">Her handler <strong>solidaritetsprojekter i Colombia<\/strong> ofte om adgang til rent drikkevand, lokalsundhed og viden om ern\u00e6ring. Samtidig findes der mange initiativer, der arbejder med at bevare lokalsamfunds kulturarv \u2013 blandt andet i samarbejde med Way\u00fau-befolkningen i La Guajira.<\/p>\n<h3 style=\"text-align: justify;\"><span style=\"color: #800080;\"><strong>Den colombianske Amazonas<\/strong><\/span><\/h3>\n<p style=\"text-align: justify;\">Omr\u00e5det tiltr\u00e6kker is\u00e6r deltagere med fokus p\u00e5 natur og milj\u00f8. At indg\u00e5 i et <strong>solidaritetsprojekt i Colombia<\/strong> i Amazonas kan fx indeb\u00e6re skovrejsning, <a href=\"https:\/\/www.vita-explorers.dk\/blog\/dyrebeskyttelse-frivilligt-arbejde-internationalt\/\" target=\"_blank\" rel=\"noopener\">beskyttelse af dyreliv<\/a> og milj\u00f8undervisning. Der findes ogs\u00e5 indsatser, der st\u00f8tter oprindelige folks arbejde med at bevare deres omr\u00e5der.<\/p>\n<h3 style=\"text-align: justify;\"><strong><span style=\"color: #800080;\">Andesregionen (Medell\u00edn, Pereira, Manizales)<\/span><\/strong><\/h3>\n<p style=\"text-align: justify;\">Her fylder social udvikling, lokalt iv\u00e6rks\u00e6tteri og undervisningsinitiativer meget. Et <em>humanit\u00e6rt ophold i Colombia<\/em> i disse omr\u00e5der kan derfor ofte handle om at st\u00f8tte unges muligheder og bidrage til lokalt forankrede l\u00f8sninger, der kan holde p\u00e5 l\u00e6ngere sigt.<\/p>\n<p style=\"text-align: justify;\"><!-- ================= SECTION 3 ================= --><\/p>\n<h2><\/h2>\n<h2><a href=\"https:\/\/www.vita-explorers.dk\/blog\/wp-content\/uploads\/2024\/11\/27442034179_31d6851a37.jpg\"><img loading=\"lazy\" decoding=\"async\" class=\"size-medium wp-image-19307 aligncenter\" src=\"https:\/\/www.vita-explorers.dk\/blog\/wp-content\/uploads\/2024\/11\/27442034179_31d6851a37-300x225.jpg\" alt=\"Humanit\u00e6rt frivilligt arbejde i Colombia\" width=\"300\" height=\"225\" srcset=\"https:\/\/www.vita-explorers.dk\/blog\/wp-content\/uploads\/2024\/11\/27442034179_31d6851a37-300x225.jpg 300w, https:\/\/www.vita-explorers.dk\/blog\/wp-content\/uploads\/2024\/11\/27442034179_31d6851a37.jpg 500w\" sizes=\"(max-width: 300px) 100vw, 300px\" \/><\/a><\/h2>\n<p>a0<\/p>\n<h2 id=\"domaines\" style=\"text-align: justify;\">Indsatsomr\u00e5der for et humanit\u00e6rt ophold i Colombia 2026<\/h2>\n<p style=\"text-align: justify;\"><strong>Humanit\u00e6rt frivilligt arbejde i Colombia<\/strong> kan tage mange former. For det f\u00f8rste er undervisning et centralt omr\u00e5de \u2013 is\u00e6r hvor skoleinfrastruktur og ressourcer er begr\u00e6nsede. Derudover er adgang til sundhed og forebyggelse vigtige indsatser i mere isolerede omr\u00e5der. Endelig er naturbeskyttelse blevet en tydelig prioritet, hvor deltagere kan bidrage med konkrete aktiviteter i feltet.<\/p>\n<h3 style=\"text-align: justify;\"><span style=\"color: #800080;\"><strong>Undervisning og st\u00f8tte til b\u00f8rn og unge<\/strong><\/span><\/h3>\n<ul style=\"text-align: justify;\">\n<li>Lektiehj\u00e6lp og facilitering af workshops<\/li>\n<li>Sprog- og digitale l\u00e6ringsaktiviteter<\/li>\n<li>Kunst og sport som inkluderende f\u00e6llesskaber<\/li>\n<li>Deltagelse i <strong>solidaritetsophold i Colombia<\/strong> med fokus p\u00e5 b\u00f8rn<\/li>\n<\/ul>\n<h3 style=\"text-align: justify;\"><span style=\"color: #800080;\"><strong>Sundhed og forebyggelse<\/strong><\/span><\/h3>\n<ul style=\"text-align: justify;\">\n<li>Oplysningsindsatser om hygiejne og ern\u00e6ring<\/li>\n<li>Styrkelse af lokalsundhedsarbejde<\/li>\n<li>St\u00f8tte i landomr\u00e5der med begr\u00e6nset adgang til behandling<\/li>\n<\/ul>\n<h3 style=\"text-align: justify;\"><strong><span style=\"color: #800080;\">Natur- og milj\u00f8beskyttelse<\/span><\/strong><\/h3>\n<ul style=\"text-align: justify;\">\n<li>Skovrejsning og monitorering af \u00f8kosystemer<\/li>\n<li><a href=\"https:\/\/www.vita-explorers.dk\/blog\/beskyttelse-af-bestoevende-insekter-internationalt-forloeb\/\" target=\"_blank\" rel=\"noopener\">Beskyttelse af biodiversitet<\/a> og truede arter<\/li>\n<li>Milj\u00f8undervisning i lokalsamfund<\/li>\n<li>Deltagelse i et <strong>humanit\u00e6rt engagement i 2026<\/strong> med fokus p\u00e5 natur<\/li>\n<\/ul>\n<h3 style=\"text-align: justify;\"><span style=\"color: #800080;\"><strong>Styrkelse af muligheder og social inklusion<\/strong><\/span><\/h3>\n<ul style=\"text-align: justify;\">\n<li>St\u00f8tte til lokale mikro-iv\u00e6rks\u00e6ttere<\/li>\n<li>Workshops om selvtillid og personlig udvikling<\/li>\n<li>Social st\u00f8tte til familier og kvinder i s\u00e5rbare situationer<\/li>\n<\/ul>\n<p style=\"text-align: justify;\"><!-- ================= SECTION 4 ================= --><\/p>\n<h2><\/h2>\n<h2><a href=\"https:\/\/www.vita-explorers.dk\/blog\/wp-content\/uploads\/2018\/11\/Agriculture.Chapoleando.CoffeeFarm-min.jpg\"><img loading=\"lazy\" decoding=\"async\" class=\"size-medium wp-image-11972 aligncenter\" src=\"https:\/\/www.vita-explorers.dk\/blog\/wp-content\/uploads\/2018\/11\/Agriculture.Chapoleando.CoffeeFarm-min-300x225.jpg\" alt=\"Frivilligt arbejde i landbrug i Colombia\" width=\"300\" height=\"225\" srcset=\"https:\/\/www.vita-explorers.dk\/blog\/wp-content\/uploads\/2018\/11\/Agriculture.Chapoleando.CoffeeFarm-min-300x225.jpg 300w, https:\/\/www.vita-explorers.dk\/blog\/wp-content\/uploads\/2018\/11\/Agriculture.Chapoleando.CoffeeFarm-min-768x576.jpg 768w, https:\/\/www.vita-explorers.dk\/blog\/wp-content\/uploads\/2018\/11\/Agriculture.Chapoleando.CoffeeFarm-min-1024x768.jpg 1024w, https:\/\/www.vita-explorers.dk\/blog\/wp-content\/uploads\/2018\/11\/Agriculture.Chapoleando.CoffeeFarm-min-150x113.jpg 150w\" sizes=\"(max-width: 300px) 100vw, 300px\" \/><\/a><\/h2>\n<h2><\/h2>\n<h2 id=\"participer\" style=\"text-align: justify;\">S\u00e5dan deltager du i et humanit\u00e6rt ophold i Colombia i 2026<\/h2>\n<p style=\"text-align: justify;\">Hvis du vil med i et <strong>solidaritetsprojekt i Colombia<\/strong>, er god forberedelse afg\u00f8rende. Start med at finde et forl\u00f8b, der passer til dine kompetencer \u2013 eller din lyst til at l\u00e6re. Dern\u00e6st hj\u00e6lper planl\u00e6gning dig til at rejse af sted p\u00e5 en tryg og realistisk m\u00e5de. Forberedelsen handler nemlig ikke kun om det praktiske, men ogs\u00e5 om kulturforst\u00e5else, respekt og en samarbejdende tilgang \u2013 at bidrage uden at overtage.<\/p>\n<h3 style=\"text-align: justify;\"><span style=\"color: #800080;\"><strong>Vigtige skridt f\u00f8r afrejse<\/strong><\/span><\/h3>\n<ul style=\"text-align: justify;\">\n<li>Afklar dine motivationer og forventninger<\/li>\n<li>V\u00e6lg det omr\u00e5de, du gerne vil engagere dig i<\/li>\n<li>S\u00e6t dig ind i omr\u00e5det, du skal til<\/li>\n<li>Forbered det praktiske (vacciner, forsikring, logistik)<\/li>\n<li>M\u00f8d op med \u00e5benhed, nysgerrighed og ydmyghed<\/li>\n<\/ul>\n<p style=\"text-align: justify;\">P\u00e5 den m\u00e5de bliver et ophold i Colombia en ansvarlig og b\u00e6redygtig proces. Og du f\u00e5r de bedste foruds\u00e6tninger for at v\u00e6re til stede og bidrage med et reelt, respektfuldt engagement.<\/p>\n<p style=\"text-align: justify;\"><!-- ================= SECTION 5 ================= --><\/p>\n<h2><\/h2>\n<h2 id=\"impact\" style=\"text-align: justify;\">Effekten af et humanit\u00e6rt engagement i 2026 i Colombia<\/h2>\n<p style=\"text-align: justify;\">Effekten af et <strong>humanit\u00e6rt ophold i Colombia 2026<\/strong> kan ses p\u00e5 flere niveauer. Dels er der den direkte effekt: lektiehj\u00e6lp, workshops, oplysning og menneskelig tilstedev\u00e6relse. Dels er der den langsigtede effekt gennem videndeling og styrkelse af lokale kompetencer. Og selv en indsats, der kan f\u00f8les \u201clille\u201d, kan have stor betydning i hverdagen.<\/p>\n<p style=\"text-align: justify;\">Derudover handler den menneskelige effekt ogs\u00e5 om relationer, tillid og oplevelsen af ikke at st\u00e5 alene. Derfor har din tilstedev\u00e6relse en social, f\u00f8lelsesm\u00e6ssig og symbolsk betydning \u2013 ud over de konkrete aktiviteter.<\/p>\n<p style=\"text-align: justify;\"><!-- ================= SECTION 6 ================= --><\/p>\n<h2><\/h2>\n<h2 id=\"transformation\" style=\"text-align: justify;\">Det, opholdet \u00e6ndrer i dig<\/h2>\n<p style=\"text-align: justify;\">Et <strong>humanit\u00e6rt frivilligt arbejde i Colombia<\/strong> s\u00e6tter n\u00e6sten altid spor. F\u00f8rst og fremmest f\u00e5r mange et klarere blik for, hvad der betyder noget. Derudover styrker oplevelsen ofte empati og evnen til at tilpasse sig. Og man udvikler en st\u00f8rre lydh\u00f8rhed og kreativitet, n\u00e5r tingene ikke g\u00e5r som planlagt. Derfor rejser man ikke kun hjem med minder, men med et nyt perspektiv p\u00e5 verden.<\/p>\n<p style=\"text-align: justify;\">For mange bliver et <em>solidaritetsophold i Colombia<\/em> ogs\u00e5 et vendepunkt. Nogle justerer deres uddannelses- eller karrierevalg. Andre engagerer sig p\u00e5 l\u00e6ngere sigt i sociale indsatser. Og mange f\u00e5r lyst til at leve mere enkelt, t\u00e6nke mere over forbrug \u2013 eller handle mere lokalt derhjemme.<\/p>\n<ul style=\"text-align: justify;\">\n<li><a href=\"https:\/\/www.vita-explorers.dk\/blog\/robusthed-paa-internationalt-forloeb\/\" target=\"_blank\" rel=\"noopener\">Styrket robusthed<\/a><\/li>\n<li>Et nyt forhold til andre og til dig selv<\/li>\n<li>Lyst til en mere bevidst og ansvarlig hverdag<\/li>\n<li>St\u00e6rkere menneskelige kompetencer<\/li>\n<li>Kan s\u00e6tte gang i nye faglige retninger<\/li>\n<\/ul>\n<p style=\"text-align: justify;\"><!-- ================= SECTION 7 ================= --><\/p>\n<h2><\/h2>\n<p><a href=\"https:\/\/www.vita-explorers.dk\/blog\/wp-content\/uploads\/2019\/05\/VolunteerInColombia.Beekeeping.5-min.jpg\"><img loading=\"lazy\" decoding=\"async\" class=\"size-medium wp-image-12627 aligncenter\" src=\"https:\/\/www.vita-explorers.dk\/blog\/wp-content\/uploads\/2019\/05\/VolunteerInColombia.Beekeeping.5-min-300x225.jpg\" alt=\"Frivilligt arbejde i landbrug i Colombia\" width=\"300\" height=\"225\" srcset=\"https:\/\/www.vita-explorers.dk\/blog\/wp-content\/uploads\/2019\/05\/VolunteerInColombia.Beekeeping.5-min-300x225.jpg 300w, https:\/\/www.vita-explorers.dk\/blog\/wp-content\/uploads\/2019\/05\/VolunteerInColombia.Beekeeping.5-min-768x576.jpg 768w, https:\/\/www.vita-explorers.dk\/blog\/wp-content\/uploads\/2019\/05\/VolunteerInColombia.Beekeeping.5-min-150x113.jpg 150w, https:\/\/www.vita-explorers.dk\/blog\/wp-content\/uploads\/2019\/05\/VolunteerInColombia.Beekeeping.5-min.jpg 900w\" sizes=\"(max-width: 300px) 100vw, 300px\" \/><\/a><\/p>\n<p>a0<\/p>\n<h2 id=\"temoignage\" style=\"text-align: justify;\">Oplevelse: Julie, deltager p\u00e5 humanit\u00e6rt ophold i Colombia 2026<\/h2>\n<blockquote style=\"border-left: 4px solid #ccc; padding-left: 15px; font-style: italic;\">\n<p style=\"text-align: justify;\">\u00ab Jeg valgte et <strong>humanit\u00e6rt ophold i Colombia<\/strong> for at bruge min tid meningsfuldt. I starten t\u00e6nkte jeg, at jeg skulle hj\u00e6lpe. I virkeligheden fik jeg mindst lige s\u00e5 meget igen, som jeg gav. B\u00f8rnene, jeg hjalp med lektier, l\u00e6rte mig t\u00e5lmodighed. M\u00f8drene, som vi lavede madworkshops med, l\u00e6rte mig at dele. Og bjergene omkring os l\u00e6rte mig ydmyghed. Jeg rejste af sted for at \u00e6ndre verden en lille smule \u2013 og det blev verden, der \u00e6ndrede mig. \u00bb \u2014 Julie, 24 \u00e5r, deltager hos VITA<\/p>\n<\/blockquote>\n<p style=\"text-align: justify;\"><!-- ================= FAQ ================= --><\/p>\n<h2><\/h2>\n<h2 id=\"faq\" style=\"text-align: justify;\">FAQ: Humanit\u00e6rt ophold i Colombia 2026<\/h2>\n<h3 style=\"text-align: justify;\"><span style=\"color: #800080;\"><strong>Skal man tale spansk for et humanit\u00e6rt ophold i Colombia i 2026?<\/strong><\/span><\/h3>\n<p style=\"text-align: justify;\">Du beh\u00f8ver ikke v\u00e6re tosproget, men du skal kunne kommunikere i hverdagen p\u00e5 spansk. Kravene varierer fra projekt til projekt, og typisk anbefales et niveau omkring B1\/B2.<\/p>\n<h3 style=\"text-align: justify;\"><strong><span style=\"color: #800080;\">Fra hvilken alder kan man tage p\u00e5 solidaritetsophold i Colombia?<\/span><\/strong><\/h3>\n<p style=\"text-align: justify;\">De fleste forl\u00f8b er \u00e5bne fra 18 \u00e5r. Nogle s\u00e6rlige initiativer kan ogs\u00e5 tage imod mindre\u00e5rige, hvis de er ledsaget og under klare rammer.<\/p>\n<h3 style=\"text-align: justify;\"><span style=\"color: #800080;\"><strong>Hvilke omr\u00e5der har st\u00f8rst behov i forbindelse med et humanit\u00e6rt engagement i 2026?<\/strong><\/span><\/h3>\n<p style=\"text-align: justify;\">Undervisning, lokalsundhed og naturbeskyttelse er blandt de omr\u00e5der, hvor behovet ofte er st\u00f8rst.<\/p>\n<p style=\"text-align: justify;\"><!-- ================= JSON-LD ================= --><br \/>\n<script type=\"application\/ld+json\">\n{\n  \"@context\": \"https:\/\/schema.org\",\n  \"@type\": \"FAQPage\",\n  \"mainEntity\": [\n    {\n      \"@type\": \"Question\",\n      \"name\": \"Skal man tale spansk for et humanit\u00e6rt ophold i Colombia i 2026?\",\n      \"acceptedAnswer\": {\n        \"@type\": \"Answer\",\n        \"text\": \"Det er ikke et krav, men det er klart en fordel. Et grundl\u00e6ggende niveau g\u00f8r hverdagskommunikationen lettere og styrker udbyttet af m\u00f8det med mennesker.\" \n      }\n    },\n    {\n      \"@type\": \"Question\",\n      \"name\": \"Fra hvilken alder kan man tage p\u00e5 solidaritetsophold i Colombia?\",\n      \"acceptedAnswer\": {\n        \"@type\": \"Answer\",\n        \"text\": \"De fleste forl\u00f8b er \u00e5bne fra 18 \u00e5r. Nogle kan tage imod mindre\u00e5rige p\u00e5 s\u00e6rlige vilk\u00e5r.\" \n      }\n    },\n    {\n      \"@type\": \"Question\",\n      \"name\": \"Hvilke omr\u00e5der har st\u00f8rst behov i forbindelse med et humanit\u00e6rt engagement i 2026?\",\n      \"acceptedAnswer\": {\n        \"@type\": \"Answer\",\n        \"text\": \"Undervisning, sundhed og natur- og milj\u00f8beskyttelse er typisk blandt de mest efterspurgte omr\u00e5der.\" \n      }\n    }\n  ]\n}\n<\/script><\/p>\n<p style=\"text-align: justify;\"><!-- ================= CONCLUSION ================= --><\/p>\n<h2 id=\"conclusion\" style=\"text-align: justify;\">Konklusion<\/h2>\n<p style=\"text-align: justify;\">At v\u00e6lge et <strong>humanit\u00e6rt ophold i Colombia 2026<\/strong> er at sige ja til en menneskelig, konkret og l\u00e6rerig indsats. Den slags erfaring r\u00e6kker ofte l\u00e6ngere end det, man n\u00e5r p\u00e5 stedet \u2013 den kan ogs\u00e5 blive et personligt pejlem\u00e6rke. N\u00e5r du deltager i et <em>solidaritetsprojekt i Colombia<\/em>, bliver du en del af en tilgang, der bygger p\u00e5 ansvar, samarbejde og respekt. Dit engagement kan v\u00e6re med til at g\u00f8re en forskel i hverdagen for andre \u2013 og samtidig s\u00e6tte varige spor i dit eget liv.<\/p>\n<p>a0<\/p>\n<p id=\"contact\" style=\"text-align: center;\"><strong>Klar til at tage n\u00e6ste skridt?<\/strong><\/p>\n<p style=\"text-align: center;\"><a href=\"https:\/\/www.vita-explorers.dk\/#tel-contact-form-glob\" target=\"_blank\" rel=\"noopener\">Jeg vil gerne kontaktes<\/a><\/p>\n<p class=\"muted\" style=\"text-align: center;\">\u00a9 VITA Institute \u2014 Ressourcer til ansvarlige internationale forl\u00f8b.<\/p>\n<p class=\"p4\" style=\"text-align: center;\"><b>Har du sp\u00f8rgsm\u00e5l, er du altid velkommen til at kontakte os p\u00e5 <\/b><a href=\"mailto:info@globalong.com\"><span class=\"s2\"><b>info@globalong.com<\/b><\/span><\/a><\/p>\n<p class=\"p4\" style=\"text-align: center;\"><b>Vil du f\u00f8lge VITA og vores community, s\u00e5 find os p\u00e5 <\/b><a href=\"https:\/\/www.instagram.com\/globalongofficiel\/\" target=\"_blank\" rel=\"noopener\"><span class=\"s2\"><b>Instagram<\/b><\/span><\/a><b>, <\/b><a href=\"https:\/\/www.facebook.com\/globalong\" target=\"_blank\" rel=\"noopener\"><span class=\"s2\"><b>Facebook<\/b><\/span><\/a><b>, <\/b><a href=\"https:\/\/www.linkedin.com\/company\/5113177\/admin\/feed\/posts\/\" target=\"_blank\" rel=\"noopener\"><span class=\"s2\"><b>LinkedIn<\/b><\/span><\/a><b> og <\/b><a href=\"https:\/\/www.youtube.com\/c\/globalong\/videos\" target=\"_blank\" rel=\"noopener\"><span class=\"s2\"><b>YouTube<\/b><\/span><\/a><b>!<\/b><\/p>\n","protected":false},"excerpt":{"rendered":"<p>Humanit\u00e6rt ophold i Colombia 2026: projekter, engagement og varig effekt Et humanit\u00e6rt ophold i Colombia 2026 er en st\u00e6rk mulighed for dig, der gerne\u2026<\/p>\n","protected":false},"author":7,"featured_media":19313,"comment_status":"open","ping_status":"open","sticky":false,"template":"","format":"standard","meta":{"footnotes":""},"categories":[191,8],"tags":[],"yoast_head":"<!-- This site is optimized with the Yoast SEO Premium plugin v23.4 (Yoast SEO v23.4) - https:\/\/yoast.com\/wordpress\/plugins\/seo\/ -->\n<title>Humanit\u00e6rt ophold i Colombia 2026: engagement &amp; effekt<\/title>\n<meta name=\"description\" content=\"Participez \u00e0 une mission humanitaire en Colombie en 2026 : engagement, projets \u00e9ducatifs, protection de l\u2019environnement et impact durable.\" \/>\n<meta name=\"robots\" content=\"index, follow, max-snippet:-1, max-image-preview:large, max-video-preview:-1\" \/>\n<link rel=\"canonical\" href=\"https:\/\/www.vita-explorers.dk\/blog\/humanitaert-ophold-colombia-2026\/\" \/>\n<meta property=\"og:locale\" content=\"da_DK\" \/>\n<meta property=\"og:type\" content=\"article\" \/>\n<meta property=\"og:title\" content=\"Humanit\u00e6rt ophold i Colombia 2026: engag\u00e9r dig for varig, lokal forandring\" \/>\n<meta property=\"og:description\" content=\"Participez \u00e0 une mission humanitaire en Colombie en 2026 : engagement, projets \u00e9ducatifs, protection de l\u2019environnement et impact durable.\" \/>\n<meta property=\"og:url\" content=\"https:\/\/www.vita-explorers.dk\/blog\/humanitaert-ophold-colombia-2026\/\" \/>\n<meta property=\"og:site_name\" content=\"VITA Explorers Blog\" \/>\n<meta property=\"article:publisher\" content=\"https:\/\/www.facebook.com\/globalong\" \/>\n<meta property=\"article:published_time\" content=\"2025-11-12T10:26:39+00:00\" \/>\n<meta property=\"og:image\" content=\"https:\/\/www.vita-explorers.dk\/blog\/wp-content\/uploads\/2024\/11\/274704176_10159346104131487_7539803438515950641_n.jpg\" \/>\n\t<meta property=\"og:image:width\" content=\"960\" \/>\n\t<meta property=\"og:image:height\" content=\"720\" \/>\n\t<meta property=\"og:image:type\" content=\"image\/jpeg\" \/>\n<meta name=\"author\" content=\"VITA Tribe\" \/>\n<meta name=\"twitter:card\" content=\"summary_large_image\" \/>\n<meta name=\"twitter:label1\" content=\"Skrevet af\" \/>\n\t<meta name=\"twitter:data1\" content=\"VITA Tribe\" \/>\n\t<meta name=\"twitter:label2\" content=\"Estimeret l\u00e6setid\" \/>\n\t<meta name=\"twitter:data2\" content=\"9 minutter\" \/>\n<script type=\"application\/ld+json\" class=\"yoast-schema-graph\">{\"@context\":\"https:\/\/schema.org\",\"@graph\":[{\"@type\":\"Article\",\"@id\":\"https:\/\/www.vita-explorers.dk\/blog\/humanitaert-ophold-colombia-2026\/#article\",\"isPartOf\":{\"@id\":\"https:\/\/www.vita-explorers.dk\/blog\/humanitaert-ophold-colombia-2026\/\"},\"author\":{\"name\":\"VITA Tribe\",\"@id\":\"https:\/\/www.vita-explorers.dk\/blog\/#\/schema\/person\/fc0343a2f2db2ebb2793c1f62dbe73f0\"},\"headline\":\"Humanit\u00e6rt ophold i Colombia 2026: engag\u00e9r dig for varig, lokal forandring\",\"datePublished\":\"2025-11-12T10:26:39+00:00\",\"dateModified\":\"2025-11-12T10:26:39+00:00\",\"mainEntityOfPage\":{\"@id\":\"https:\/\/www.vita-explorers.dk\/blog\/humanitaert-ophold-colombia-2026\/\"},\"wordCount\":1701,\"commentCount\":0,\"publisher\":{\"@id\":\"https:\/\/www.vita-explorers.dk\/blog\/#organization\"},\"image\":{\"@id\":\"https:\/\/www.vita-explorers.dk\/blog\/humanitaert-ophold-colombia-2026\/#primaryimage\"},\"thumbnailUrl\":\"https:\/\/www.vita-explorers.dk\/blog\/wp-content\/uploads\/2024\/11\/274704176_10159346104131487_7539803438515950641_n.jpg\",\"articleSection\":[\"Amerika\",\"Humanit\u00e6rt frivilligt arbejde\"],\"inLanguage\":\"da-DK\",\"potentialAction\":[{\"@type\":\"CommentAction\",\"name\":\"Comment\",\"target\":[\"https:\/\/www.vita-explorers.dk\/blog\/humanitaert-ophold-colombia-2026\/#respond\"]}]},{\"@type\":\"WebPage\",\"@id\":\"https:\/\/www.vita-explorers.dk\/blog\/humanitaert-ophold-colombia-2026\/\",\"url\":\"https:\/\/www.vita-explorers.dk\/blog\/humanitaert-ophold-colombia-2026\/\",\"name\":\"Humanit\u00e6rt ophold i Colombia 2026: engagement & effekt\",\"isPartOf\":{\"@id\":\"https:\/\/www.vita-explorers.dk\/blog\/#website\"},\"primaryImageOfPage\":{\"@id\":\"https:\/\/www.vita-explorers.dk\/blog\/humanitaert-ophold-colombia-2026\/#primaryimage\"},\"image\":{\"@id\":\"https:\/\/www.vita-explorers.dk\/blog\/humanitaert-ophold-colombia-2026\/#primaryimage\"},\"thumbnailUrl\":\"https:\/\/www.vita-explorers.dk\/blog\/wp-content\/uploads\/2024\/11\/274704176_10159346104131487_7539803438515950641_n.jpg\",\"datePublished\":\"2025-11-12T10:26:39+00:00\",\"dateModified\":\"2025-11-12T10:26:39+00:00\",\"description\":\"Participez \u00e0 une mission humanitaire en Colombie en 2026 : engagement, projets \u00e9ducatifs, protection de l\u2019environnement et impact durable.\",\"breadcrumb\":{\"@id\":\"https:\/\/www.vita-explorers.dk\/blog\/humanitaert-ophold-colombia-2026\/#breadcrumb\"},\"inLanguage\":\"da-DK\",\"potentialAction\":[{\"@type\":\"ReadAction\",\"target\":[\"https:\/\/www.vita-explorers.dk\/blog\/humanitaert-ophold-colombia-2026\/\"]}]},{\"@type\":\"ImageObject\",\"inLanguage\":\"da-DK\",\"@id\":\"https:\/\/www.vita-explorers.dk\/blog\/humanitaert-ophold-colombia-2026\/#primaryimage\",\"url\":\"https:\/\/www.vita-explorers.dk\/blog\/wp-content\/uploads\/2024\/11\/274704176_10159346104131487_7539803438515950641_n.jpg\",\"contentUrl\":\"https:\/\/www.vita-explorers.dk\/blog\/wp-content\/uploads\/2024\/11\/274704176_10159346104131487_7539803438515950641_n.jpg\",\"width\":960,\"height\":720,\"caption\":\"Mission humanitaire en Colombie\"},{\"@type\":\"BreadcrumbList\",\"@id\":\"https:\/\/www.vita-explorers.dk\/blog\/humanitaert-ophold-colombia-2026\/#breadcrumb\",\"itemListElement\":[{\"@type\":\"ListItem\",\"position\":1,\"name\":\"Accueil\",\"item\":\"https:\/\/www.vita-explorers.dk\/blog\/\"},{\"@type\":\"ListItem\",\"position\":2,\"name\":\"Humanit\u00e6rt ophold i Colombia 2026: engag\u00e9r dig for varig, lokal forandring\"}]},{\"@type\":\"WebSite\",\"@id\":\"https:\/\/www.vita-explorers.dk\/blog\/#website\",\"url\":\"https:\/\/www.vita-explorers.dk\/blog\/\",\"name\":\"Association Globalong\",\"description\":\"Frivilligt arbejde, sprogophold, praktik i udlandet og internationale oplevelser\",\"publisher\":{\"@id\":\"https:\/\/www.vita-explorers.dk\/blog\/#organization\"},\"potentialAction\":[{\"@type\":\"SearchAction\",\"target\":{\"@type\":\"EntryPoint\",\"urlTemplate\":\"https:\/\/www.vita-explorers.dk\/blog\/?s={search_term_string}\"},\"query-input\":{\"@type\":\"PropertyValueSpecification\",\"valueRequired\":true,\"valueName\":\"search_term_string\"}}],\"inLanguage\":\"da-DK\"},{\"@type\":\"Organization\",\"@id\":\"https:\/\/www.vita-explorers.dk\/blog\/#organization\",\"name\":\"Association Globalong\",\"url\":\"https:\/\/www.vita-explorers.dk\/blog\/\",\"logo\":{\"@type\":\"ImageObject\",\"inLanguage\":\"da-DK\",\"@id\":\"https:\/\/www.vita-explorers.dk\/blog\/#\/schema\/logo\/image\/\",\"url\":\"https:\/\/www.globalong.com\/blog\/wp-content\/uploads\/2014\/11\/cropped-cropped-Logo-et-Afrique-Globalong-petite-taille-2.jpg\",\"contentUrl\":\"https:\/\/www.globalong.com\/blog\/wp-content\/uploads\/2014\/11\/cropped-cropped-Logo-et-Afrique-Globalong-petite-taille-2.jpg\",\"width\":512,\"height\":512,\"caption\":\"Association Globalong\"},\"image\":{\"@id\":\"https:\/\/www.vita-explorers.dk\/blog\/#\/schema\/logo\/image\/\"},\"sameAs\":[\"https:\/\/www.facebook.com\/globalong\"]},{\"@type\":\"Person\",\"@id\":\"https:\/\/www.vita-explorers.dk\/blog\/#\/schema\/person\/fc0343a2f2db2ebb2793c1f62dbe73f0\",\"name\":\"VITA Tribe\",\"image\":{\"@type\":\"ImageObject\",\"inLanguage\":\"da-DK\",\"@id\":\"https:\/\/www.vita-explorers.dk\/blog\/#\/schema\/person\/image\/\",\"url\":\"https:\/\/secure.gravatar.com\/avatar\/f7f05026bb439d0c96b30e135e5f852c?s=96&d=mm&r=g\",\"contentUrl\":\"https:\/\/secure.gravatar.com\/avatar\/f7f05026bb439d0c96b30e135e5f852c?s=96&d=mm&r=g\",\"caption\":\"VITA Tribe\"},\"sameAs\":[\"http:\/\/www.globalong.com\"],\"url\":\"https:\/\/www.vita-explorers.dk\/blog\/author\/teamglobalong\/\"}]}<\/script>\n<!-- \/ Yoast SEO Premium plugin. -->","yoast_head_json":{"title":"Humanit\u00e6rt ophold i Colombia 2026: engagement & effekt","description":"Participez \u00e0 une mission humanitaire en Colombie en 2026 : engagement, projets \u00e9ducatifs, protection de l\u2019environnement et impact durable.","robots":{"index":"index","follow":"follow","max-snippet":"max-snippet:-1","max-image-preview":"max-image-preview:large","max-video-preview":"max-video-preview:-1"},"canonical":"https:\/\/www.vita-explorers.dk\/blog\/humanitaert-ophold-colombia-2026\/","og_locale":"da_DK","og_type":"article","og_title":"Humanit\u00e6rt ophold i Colombia 2026: engag\u00e9r dig for varig, lokal forandring","og_description":"Participez \u00e0 une mission humanitaire en Colombie en 2026 : engagement, projets \u00e9ducatifs, protection de l\u2019environnement et impact durable.","og_url":"https:\/\/www.vita-explorers.dk\/blog\/humanitaert-ophold-colombia-2026\/","og_site_name":"VITA Explorers Blog","article_publisher":"https:\/\/www.facebook.com\/globalong","article_published_time":"2025-11-12T10:26:39+00:00","og_image":[{"width":960,"height":720,"url":"https:\/\/www.vita-explorers.dk\/blog\/wp-content\/uploads\/2024\/11\/274704176_10159346104131487_7539803438515950641_n.jpg","type":"image\/jpeg"}],"author":"VITA Tribe","twitter_card":"summary_large_image","twitter_misc":{"Skrevet af":"VITA Tribe","Estimeret l\u00e6setid":"9 minutter"},"schema":{"@context":"https:\/\/schema.org","@graph":[{"@type":"Article","@id":"https:\/\/www.vita-explorers.dk\/blog\/humanitaert-ophold-colombia-2026\/#article","isPartOf":{"@id":"https:\/\/www.vita-explorers.dk\/blog\/humanitaert-ophold-colombia-2026\/"},"author":{"name":"VITA Tribe","@id":"https:\/\/www.vita-explorers.dk\/blog\/#\/schema\/person\/fc0343a2f2db2ebb2793c1f62dbe73f0"},"headline":"Humanit\u00e6rt ophold i Colombia 2026: engag\u00e9r dig for varig, lokal forandring","datePublished":"2025-11-12T10:26:39+00:00","dateModified":"2025-11-12T10:26:39+00:00","mainEntityOfPage":{"@id":"https:\/\/www.vita-explorers.dk\/blog\/humanitaert-ophold-colombia-2026\/"},"wordCount":1701,"commentCount":0,"publisher":{"@id":"https:\/\/www.vita-explorers.dk\/blog\/#organization"},"image":{"@id":"https:\/\/www.vita-explorers.dk\/blog\/humanitaert-ophold-colombia-2026\/#primaryimage"},"thumbnailUrl":"https:\/\/www.vita-explorers.dk\/blog\/wp-content\/uploads\/2024\/11\/274704176_10159346104131487_7539803438515950641_n.jpg","articleSection":["Amerika","Humanit\u00e6rt frivilligt arbejde"],"inLanguage":"da-DK","potentialAction":[{"@type":"CommentAction","name":"Comment","target":["https:\/\/www.vita-explorers.dk\/blog\/humanitaert-ophold-colombia-2026\/#respond"]}]},{"@type":"WebPage","@id":"https:\/\/www.vita-explorers.dk\/blog\/humanitaert-ophold-colombia-2026\/","url":"https:\/\/www.vita-explorers.dk\/blog\/humanitaert-ophold-colombia-2026\/","name":"Humanit\u00e6rt ophold i Colombia 2026: engagement & effekt","isPartOf":{"@id":"https:\/\/www.vita-explorers.dk\/blog\/#website"},"primaryImageOfPage":{"@id":"https:\/\/www.vita-explorers.dk\/blog\/humanitaert-ophold-colombia-2026\/#primaryimage"},"image":{"@id":"https:\/\/www.vita-explorers.dk\/blog\/humanitaert-ophold-colombia-2026\/#primaryimage"},"thumbnailUrl":"https:\/\/www.vita-explorers.dk\/blog\/wp-content\/uploads\/2024\/11\/274704176_10159346104131487_7539803438515950641_n.jpg","datePublished":"2025-11-12T10:26:39+00:00","dateModified":"2025-11-12T10:26:39+00:00","description":"Participez \u00e0 une mission humanitaire en Colombie en 2026 : engagement, projets \u00e9ducatifs, protection de l\u2019environnement et impact durable.","breadcrumb":{"@id":"https:\/\/www.vita-explorers.dk\/blog\/humanitaert-ophold-colombia-2026\/#breadcrumb"},"inLanguage":"da-DK","potentialAction":[{"@type":"ReadAction","target":["https:\/\/www.vita-explorers.dk\/blog\/humanitaert-ophold-colombia-2026\/"]}]},{"@type":"ImageObject","inLanguage":"da-DK","@id":"https:\/\/www.vita-explorers.dk\/blog\/humanitaert-ophold-colombia-2026\/#primaryimage","url":"https:\/\/www.vita-explorers.dk\/blog\/wp-content\/uploads\/2024\/11\/274704176_10159346104131487_7539803438515950641_n.jpg","contentUrl":"https:\/\/www.vita-explorers.dk\/blog\/wp-content\/uploads\/2024\/11\/274704176_10159346104131487_7539803438515950641_n.jpg","width":960,"height":720,"caption":"Mission humanitaire en Colombie"},{"@type":"BreadcrumbList","@id":"https:\/\/www.vita-explorers.dk\/blog\/humanitaert-ophold-colombia-2026\/#breadcrumb","itemListElement":[{"@type":"ListItem","position":1,"name":"Accueil","item":"https:\/\/www.vita-explorers.dk\/blog\/"},{"@type":"ListItem","position":2,"name":"Humanit\u00e6rt ophold i Colombia 2026: engag\u00e9r dig for varig, lokal forandring"}]},{"@type":"WebSite","@id":"https:\/\/www.vita-explorers.dk\/blog\/#website","url":"https:\/\/www.vita-explorers.dk\/blog\/","name":"Association Globalong","description":"Frivilligt arbejde, sprogophold, praktik i udlandet og internationale oplevelser","publisher":{"@id":"https:\/\/www.vita-explorers.dk\/blog\/#organization"},"potentialAction":[{"@type":"SearchAction","target":{"@type":"EntryPoint","urlTemplate":"https:\/\/www.vita-explorers.dk\/blog\/?s={search_term_string}"},"query-input":{"@type":"PropertyValueSpecification","valueRequired":true,"valueName":"search_term_string"}}],"inLanguage":"da-DK"},{"@type":"Organization","@id":"https:\/\/www.vita-explorers.dk\/blog\/#organization","name":"Association Globalong","url":"https:\/\/www.vita-explorers.dk\/blog\/","logo":{"@type":"ImageObject","inLanguage":"da-DK","@id":"https:\/\/www.vita-explorers.dk\/blog\/#\/schema\/logo\/image\/","url":"https:\/\/www.globalong.com\/blog\/wp-content\/uploads\/2014\/11\/cropped-cropped-Logo-et-Afrique-Globalong-petite-taille-2.jpg","contentUrl":"https:\/\/www.globalong.com\/blog\/wp-content\/uploads\/2014\/11\/cropped-cropped-Logo-et-Afrique-Globalong-petite-taille-2.jpg","width":512,"height":512,"caption":"Association Globalong"},"image":{"@id":"https:\/\/www.vita-explorers.dk\/blog\/#\/schema\/logo\/image\/"},"sameAs":["https:\/\/www.facebook.com\/globalong"]},{"@type":"Person","@id":"https:\/\/www.vita-explorers.dk\/blog\/#\/schema\/person\/fc0343a2f2db2ebb2793c1f62dbe73f0","name":"VITA Tribe","image":{"@type":"ImageObject","inLanguage":"da-DK","@id":"https:\/\/www.vita-explorers.dk\/blog\/#\/schema\/person\/image\/","url":"https:\/\/secure.gravatar.com\/avatar\/f7f05026bb439d0c96b30e135e5f852c?s=96&d=mm&r=g","contentUrl":"https:\/\/secure.gravatar.com\/avatar\/f7f05026bb439d0c96b30e135e5f852c?s=96&d=mm&r=g","caption":"VITA Tribe"},"sameAs":["http:\/\/www.globalong.com"],"url":"https:\/\/www.vita-explorers.dk\/blog\/author\/teamglobalong\/"}]}},"_links":{"self":[{"href":"https:\/\/www.vita-explorers.dk\/blog\/wp-json\/wp\/v2\/posts\/22467"}],"collection":[{"href":"https:\/\/www.vita-explorers.dk\/blog\/wp-json\/wp\/v2\/posts"}],"about":[{"href":"https:\/\/www.vita-explorers.dk\/blog\/wp-json\/wp\/v2\/types\/post"}],"author":[{"embeddable":true,"href":"https:\/\/www.vita-explorers.dk\/blog\/wp-json\/wp\/v2\/users\/7"}],"replies":[{"embeddable":true,"href":"https:\/\/www.vita-explorers.dk\/blog\/wp-json\/wp\/v2\/comments?post=22467"}],"version-history":[{"count":3,"href":"https:\/\/www.vita-explorers.dk\/blog\/wp-json\/wp\/v2\/posts\/22467\/revisions"}],"predecessor-version":[{"id":22486,"href":"https:\/\/www.vita-explorers.dk\/blog\/wp-json\/wp\/v2\/posts\/22467\/revisions\/22486"}],"wp:featuredmedia":[{"embeddable":true,"href":"https:\/\/www.vita-explorers.dk\/blog\/wp-json\/wp\/v2\/media\/19313"}],"wp:attachment":[{"href":"https:\/\/www.vita-explorers.dk\/blog\/wp-json\/wp\/v2\/media?parent=22467"}],"wp:term":[{"taxonomy":"category","embeddable":true,"href":"https:\/\/www.vita-explorers.dk\/blog\/wp-json\/wp\/v2\/categories?post=22467"},{"taxonomy":"post_tag","embeddable":true,"href":"https:\/\/www.vita-explorers.dk\/blog\/wp-json\/wp\/v2\/tags?post=22467"}],"curies":[{"name":"wp","href":"https:\/\/api.w.org\/{rel}","templated":true}]}}