{"id":22550,"date":"2025-11-16T05:28:25","date_gmt":"2025-11-16T04:28:25","guid":{"rendered":"https:\/\/www.globalong.com\/blog\/?p=22550"},"modified":"2025-11-15T20:55:47","modified_gmt":"2025-11-15T19:55:47","slug":"udviklingen-i-frivilligt-arbejde-deltagerprofiler","status":"publish","type":"post","link":"https:\/\/www.vita-explorers.dk\/blog\/udviklingen-i-frivilligt-arbejde-deltagerprofiler\/","title":{"rendered":"Udviklingen i frivilligt engagement: plads til alle profiler \u2013 fra nybegynder til ekspert"},"content":{"rendered":"<h1 style=\"text-align: justify;\">Udviklingen i frivilligt arbejde: der er plads til alle \u2013 fra nybegynder til specialist<\/h1>\n<p style=\"text-align: justify;\">Udviklingen i <strong>frivilligt arbejde<\/strong> afspejler et tydeligt skifte i m\u00e5den at engagere sig internationalt p\u00e5. Moderne frivilligt arbejde er ikke l\u00e6ngere forbeholdt \u00e9n bestemt type deltager. I dag rummer det b\u00e5de motiverede f\u00f8rstegangsrejsende, mennesker i overgang og mere erfarne deltagere. Udviklingen g\u00f8r ikke frivilligt arbejde mere elit\u00e6rt \u2013 tv\u00e6rtimod udvider den mulighederne, s\u00e5 flere kan finde et ophold, der passer til dem. Med den \u00e6ndring kan alle bidrage p\u00e5 en meningsfuld m\u00e5de, uanset om erfaringen er bred eller mere specialiseret.<\/p>\n<p style=\"text-align: justify;\">Denne <strong>udvikling i frivilligt arbejde<\/strong> skyldes flere forhold. P\u00e5 den ene side har lokale projekter fortsat brug for st\u00f8tte i hverdagen, hvilket fastholder betydningen af de mere generelle opgaver. P\u00e5 den anden side eftersp\u00f8rger nogle projekter konkrete kompetencer til at strukturere aktiviteter eller styrke deres v\u00e6rkt\u00f8jer. Derfor skaber udviklingen en balance mellem simple opgaver og kompetencebaserede forl\u00f8b. Det g\u00f8r engagementet mere fleksibelt, mere helhedsorienteret og mere tilg\u00e6ngeligt.<\/p>\n<p style=\"text-align: justify;\">Samtidig s\u00f8ger deltagere oftere en oplevelse, der passer bedre til deres forventninger. Mange \u00f8nsker en menneskelig og kulturel fordybelse gennem klassiske forl\u00f8b. Andre vil bringe deres erfaring i spil \u2013 fx inden for kommunikation, undervisning, milj\u00f8 eller intern organisering. Denne sp\u00e6ndvidde f\u00f8lger naturligt med udviklingen og g\u00f8r det muligt for forskellige profiler at deltage i forl\u00f8b, der er sammenh\u00e6ngende, nyttige og ansvarlige.<\/p>\n<p style=\"text-align: justify;\">Med denne udvikling bliver internationalt frivilligt arbejde mere inkluderende. Det v\u00e6rds\u00e6tter b\u00e5de energien hos nye deltagere og erfaringen hos dem, der har v\u00e6ret afsted f\u00f8r. Det \u00e5bner ogs\u00e5 for en ny m\u00e5de at engagere sig p\u00e5 \u2013 mere fleksibel, mere struktureret og bedre afstemt med de reelle behov i de lokale f\u00e6llesskaber.<\/p>\n<nav id=\"sommaire\"><strong>Indhold:<\/strong><\/p>\n<ul>\n<li><a href=\"#attentes-volontaires\">Frivilliges forventninger i forandring<\/a><\/li>\n<li><a href=\"#evolution-aide-competences\">Fra generel st\u00f8tte til kompetencebaserede forl\u00f8b<\/a><\/li>\n<li><a href=\"#place-pour-tous\">Plads til alle profiler<\/a><\/li>\n<li><a href=\"#exemples-missions\">Eksempler p\u00e5 forskellige typer forl\u00f8b<\/a><\/li>\n<li><a href=\"#preparation-accompagnement\">Forberedelse og st\u00f8tte undervejs<\/a><\/li>\n<li><a href=\"#benefices-volontariat\">Fordele ved et mere mangfoldigt frivilligt arbejde<\/a><\/li>\n<li><a href=\"#faq-volontariat\">FAQ<\/a><\/li>\n<li><a href=\"#conclusion\">Konklusion<\/a><\/li>\n<\/ul>\n<\/nav>\n<h2 style=\"text-align: justify;\"><\/h2>\n<p><a href=\"https:\/\/www.vita-explorers.dk\/blog\/wp-content\/uploads\/2023\/11\/IMG_0537-Eva-Mondin-scaled.jpg\"><img loading=\"lazy\" decoding=\"async\" class=\"size-medium wp-image-15796 aligncenter\" src=\"https:\/\/www.vita-explorers.dk\/blog\/wp-content\/uploads\/2023\/11\/IMG_0537-Eva-Mondin-225x300.jpg\" alt=\"fordybelse\" width=\"225\" height=\"300\" srcset=\"https:\/\/www.vita-explorers.dk\/blog\/wp-content\/uploads\/2023\/11\/IMG_0537-Eva-Mondin-225x300.jpg 225w, https:\/\/www.vita-explorers.dk\/blog\/wp-content\/uploads\/2023\/11\/IMG_0537-Eva-Mondin-768x1024.jpg 768w, https:\/\/www.vita-explorers.dk\/blog\/wp-content\/uploads\/2023\/11\/IMG_0537-Eva-Mondin-1152x1536.jpg 1152w, https:\/\/www.vita-explorers.dk\/blog\/wp-content\/uploads\/2023\/11\/IMG_0537-Eva-Mondin-1536x2048.jpg 1536w, https:\/\/www.vita-explorers.dk\/blog\/wp-content\/uploads\/2023\/11\/IMG_0537-Eva-Mondin-scaled.jpg 1920w\" sizes=\"(max-width: 225px) 100vw, 225px\" \/><\/a><\/p>\n<p>a0<\/p>\n<h2 id=\"attentes-volontaires\" style=\"text-align: justify;\">Udviklingen i frivilligt arbejde og deltagernes forventninger<\/h2>\n<p style=\"text-align: justify;\">Udviklingen i <strong>frivilligt arbejde<\/strong> ses f\u00f8rst og fremmest i de motivationer, mennesker har, n\u00e5r de \u00f8nsker at engagere sig. Mange leder efter en oplevelse, der giver mening \u2013 hvor de kan bidrage til et konkret projekt og samtidig f\u00e5 en bedre forst\u00e5else af hverdagen i et land. De vil ikke l\u00e6ngere kun \u201ctage afsted for at hj\u00e6lpe\u201d, men indg\u00e5 i et ansvarligt forl\u00f8b, der er gennemt\u00e6nkt og i tr\u00e5d med deres v\u00e6rdier.<\/p>\n<p style=\"text-align: justify;\">I den sammenh\u00e6ng stiller deltagere flere sp\u00f8rgsm\u00e5l. De unders\u00f8ger, hvor relevant indsatsen er, hvad <a href=\"https:\/\/www.vita-explorers.dk\/blog\/impact-frivilligt-arbejde-i-udlandet\/\" target=\"_blank\" rel=\"noopener\">effekten<\/a> er p\u00e5 l\u00e6ngere sigt, og hvordan deres tilstedev\u00e6relse passer ind i det arbejde, der allerede foreg\u00e5r i de lokale teams. Derfor betyder udviklingen ogs\u00e5, at organisationer bliver bedre til at beskrive deres forl\u00f8b, tydeligg\u00f8re roller og tilbyde ophold, der passer til forskellige profiler.<\/p>\n<p style=\"text-align: justify;\">Samtidig \u00f8nsker mange, at erfaringen bliver en del af deres livsforl\u00f8b. For nogle er det en f\u00f8rste international fordybelse; for andre er det et skridt i en karriere\u00e6ndring eller et mere langvarigt engagement. Det er en af forklaringerne p\u00e5, at moderne frivilligt arbejde i dag b\u00e5de tilbyder generelle opgaver og kompetencebaserede forl\u00f8b, s\u00e5 forskellige forventninger kan m\u00f8des.<\/p>\n<h2><\/h2>\n<h2 id=\"evolution-aide-competences\" style=\"text-align: justify;\">Udviklingen mellem generelle opgaver og kompetencebaserede forl\u00f8b<\/h2>\n<h3 style=\"text-align: justify;\"><span style=\"color: #800080;\"><strong>De generelle opgaver \u2013 den klassiske kerne i frivilligt arbejde<\/strong><\/span><\/h3>\n<p style=\"text-align: justify;\">I mange \u00e5r byggede de fleste forl\u00f8b p\u00e5 generel st\u00f8tte. Deltageren kom for at styrke et team i hverdagens opgaver: hj\u00e6lp i skoler, deltagelse i aktiviteter for b\u00f8rn, tilstedev\u00e6relse i sociale tilbud eller i projekter med fokus p\u00e5 milj\u00f8. De opgaver er stadig centrale i mange initiativer i dag, fordi de tilf\u00f8rer tid, n\u00e6rv\u00e6r og en stabil menneskelig indsats.<\/p>\n<p style=\"text-align: justify;\">De generelle opgaver har flere fordele. For det f\u00f8rste er de tilg\u00e6ngelige for personer uden en specifik faglig baggrund. For det andet giver de mulighed for gradvist at l\u00e6re konteksten at kende og forst\u00e5, hvordan stedet fungerer. Endelig svarer de ofte p\u00e5 helt konkrete behov \u2013 fx n\u00e5r teams har travlt eller mangler h\u00e6nder.<\/p>\n<h3 style=\"text-align: justify;\"><span style=\"color: #800080;\"><strong>Kompetencebaserede forl\u00f8b \u2013 svar p\u00e5 mere pr\u00e6cise behov<\/strong><\/span><\/h3>\n<p style=\"text-align: justify;\">Med tiden har nogle projekter f\u00e5et mere tekniske behov. Det kan fx v\u00e6re et \u00f8nske om bedre struktur i administrationen, st\u00e6rkere kommunikation eller mere overskuelig datah\u00e5ndtering. Derfor er der i takt med <strong>udviklingen i frivilligt arbejde<\/strong> opst\u00e5et kompetencebaserede forl\u00f8b. De erstatter ikke de generelle opgaver, men supplerer mulighederne.<\/p>\n<p style=\"text-align: justify;\">I denne type forl\u00f8b bidrager deltageren med en konkret kompetence: udvikling af undervisningsmaterialer, st\u00f8tte til simple digitale v\u00e6rkt\u00f8jer, hj\u00e6lp til drift eller kommunikation, eller en kort opl\u00e6ring af et mindre team i et bestemt emne. M\u00e5let er ikke at \u201cforandre\u201d et lokalt projekt, men at give ekstra ressourcer, s\u00e5 det kan styrke sin egen kapacitet i et tempo, der giver mening.<\/p>\n<p style=\"text-align: justify;\">I praksis er kompetenceforl\u00f8b altid forankret og rammesat af de lokale teams. De forberedes p\u00e5 forh\u00e5nd, tilpasses konteksten og justeres p\u00e5 stedet. Den tilgang viser, at udviklingen sker i dialog \u2013 og ikke p\u00e5 andres vegne.<\/p>\n<h3 style=\"text-align: justify;\"><span style=\"color: #800080;\"><strong>Hybride forl\u00f8b som en vigtig del af udviklingen<\/strong><\/span><\/h3>\n<p style=\"text-align: justify;\">I mange projekter er virkeligheden hybrid. Den samme deltager kan v\u00e6re med i simple opgaver \u2013 som aktiviteter og st\u00f8tte til m\u00e5lgruppen \u2013 og samtidig bringe en s\u00e6rlig kompetence i spil. Det kan fx v\u00e6re at arrangere workshops for b\u00f8rn og derefter hj\u00e6lpe teamet med at skrive en kort rapport eller forbedre et opf\u00f8lgningsskema.<\/p>\n<p style=\"text-align: justify;\">Det miks illustrerer de nyere former for frivilligt arbejde. Deltageren bevarer kontakten med hverdagen p\u00e5 stedet, samtidig med at et konkret fagligt bidrag kan g\u00f8re en forskel. Projekterne f\u00e5r st\u00f8tte p\u00e5 flere niveauer uden at miste fokus p\u00e5 deres egne prioriteringer. Med den fleksibilitet tilpasses udviklingen i frivilligt arbejde bedre til b\u00e5de behov og rammer.<\/p>\n<h2><\/h2>\n<p><a href=\"https:\/\/www.vita-explorers.dk\/blog\/wp-content\/uploads\/2025\/11\/WhatsApp_Image_2025-11-07_at_12.18.14.jpeg\"><img loading=\"lazy\" decoding=\"async\" class=\"wp-image-22455 size-medium aligncenter\" src=\"https:\/\/www.vita-explorers.dk\/blog\/wp-content\/uploads\/2025\/11\/WhatsApp_Image_2025-11-07_at_12.18.14-300x225.jpeg\" alt=\"\" width=\"300\" height=\"225\" srcset=\"https:\/\/www.vita-explorers.dk\/blog\/wp-content\/uploads\/2025\/11\/WhatsApp_Image_2025-11-07_at_12.18.14-300x225.jpeg 300w, https:\/\/www.vita-explorers.dk\/blog\/wp-content\/uploads\/2025\/11\/WhatsApp_Image_2025-11-07_at_12.18.14-1024x768.jpeg 1024w, https:\/\/www.vita-explorers.dk\/blog\/wp-content\/uploads\/2025\/11\/WhatsApp_Image_2025-11-07_at_12.18.14-768x576.jpeg 768w, https:\/\/www.vita-explorers.dk\/blog\/wp-content\/uploads\/2025\/11\/WhatsApp_Image_2025-11-07_at_12.18.14-1536x1152.jpeg 1536w, https:\/\/www.vita-explorers.dk\/blog\/wp-content\/uploads\/2025\/11\/WhatsApp_Image_2025-11-07_at_12.18.14.jpeg 2048w\" sizes=\"(max-width: 300px) 100vw, 300px\" \/><\/a><\/p>\n<p>a0<\/p>\n<h2 id=\"place-pour-tous\" style=\"text-align: justify;\">Plads til alle profiler i denne udvikling<\/h2>\n<p style=\"text-align: justify;\">Et af de vigtigste kendetegn ved udviklingen i frivilligt arbejde er, at der i dag er plads til mange forskellige profiler. Der findes ikke l\u00e6ngere \u00e9n \u201cstandardprofil\u201d. Tv\u00e6rtimod bliver projekter ofte styrket af deltagere, der kommer med forskellige baggrunde og er i forskellige livsfaser \u2013 og som hver is\u00e6r bidrager med noget s\u00e6rligt.<\/p>\n<h3 style=\"text-align: justify;\"><strong><span style=\"color: #800080;\">Nybegyndere<\/span><\/strong><\/h3>\n<p style=\"text-align: justify;\">Personer, der aldrig har v\u00e6ret med i et forl\u00f8b som dette, finder ofte hurtigt deres plads i de generelle opgaver. De kan v\u00e6re til konkret nytte og er samtidig st\u00f8ttet af et lokalt team. Lidt efter lidt opbygger de tryghed, finder nye holdepunkter og l\u00e6rer at samarbejde i en anden <a href=\"https:\/\/www.vita-explorers.dk\/blog\/interkulturelle-forloeb-i-udlandet-frivilligt-arbejde\/\" target=\"_blank\" rel=\"noopener\">kulturel kontekst<\/a>.<\/p>\n<p style=\"text-align: justify;\">For mange er det en f\u00f8rste erfaring med internationalt frivilligt arbejde. Det giver mulighed for at afpr\u00f8ve engagementet, m\u00e6rke egne reaktioner p\u00e5 det ukendte og blive klogere p\u00e5, hvad man \u00f8nsker fremover. Ogs\u00e5 uden en specifik kompetence fra start kan man bidrage reelt til projektet.<\/p>\n<h3 style=\"text-align: justify;\"><strong><span style=\"color: #800080;\">Erhvervsaktive og erfarne profiler<\/span><\/strong><\/h3>\n<p style=\"text-align: justify;\">Personer med erhvervserfaring kan ogs\u00e5 finde en naturlig plads i udviklingen i frivilligt arbejde. De kan v\u00e6lge generelle opgaver, hvis de is\u00e6r \u00f8nsker en menneskelig og kulturel fordybelse. Eller de kan g\u00e5 ind i kompetencebaserede forl\u00f8b, hvis de gerne vil bringe et konkret fagomr\u00e5de i spil.<\/p>\n<p style=\"text-align: justify;\">En person med kommunikationsbaggrund kan fx hj\u00e6lpe med at tydeligg\u00f8re budskaber. En underviser kan bidrage med enkle redskaber til at strukturere et l\u00e6ringsforl\u00f8b. En milj\u00f8faglig profil kan st\u00f8tte et projekt med fokus p\u00e5 formidling og adf\u00e6rd. F\u00e6llesn\u00e6vneren er at bygge videre p\u00e5 det, der allerede fungerer \u2013 ikke at starte forfra.<\/p>\n<h3 style=\"text-align: justify;\"><strong><span style=\"color: #800080;\">Personer i overgang<\/span><\/strong><\/h3>\n<p style=\"text-align: justify;\">Overgangsperioder kan v\u00e6re et naturligt tidspunkt at engagere sig. Ved jobskifte, uddannelse eller personlig afklaring kan et frivilligt forl\u00f8b v\u00e6re en hj\u00e6lp til at f\u00e5 perspektiv. Det giver en konkret ramme til at afpr\u00f8ve et felt, skabe afstand til hverdagen og afklare, om en ny retning giver mening.<\/p>\n<p style=\"text-align: justify;\">Disse deltagere veksler ofte mellem simple opgaver og mere strukturerede bidrag. De m\u00f8der en ny arbejdskultur, ser andre m\u00e5der at g\u00f8re tingene p\u00e5 og f\u00e5r \u00f8je p\u00e5 b\u00e5de egne styrker og begr\u00e6nsninger. P\u00e5 den m\u00e5de kan de nyere former for frivilligt arbejde blive et springbr\u00e6t \u2013 b\u00e5de fagligt og personligt.<\/p>\n<h3 style=\"text-align: justify;\"><strong><span style=\"color: #800080;\">Seniorer og meget erfarne profiler<\/span><\/strong><\/h3>\n<p style=\"text-align: justify;\">Seniorer og meget erfarne profiler spiller ogs\u00e5 en s\u00e6rlig rolle i udviklingen i frivilligt arbejde. De kan tr\u00e6kke p\u00e5 mange \u00e5rs erfaring og har ofte mere tid til at engagere sig. Deres ro, overblik og evne til at lytte bliver ofte v\u00e6rdsat i praksis.<\/p>\n<p style=\"text-align: justify;\">De kan fx st\u00f8tte en mindre organisations struktur, f\u00f8lge et team over l\u00e6ngere tid eller hj\u00e6lpe med at formulere enkle arbejdsgange. Engagementet bliver dermed ogs\u00e5 et sp\u00f8rgsm\u00e5l om videndeling. Ogs\u00e5 her handler det om at arbejde i dialog og med respekt for tempo og prioriteringer p\u00e5 stedet.<\/p>\n<h2><\/h2>\n<p><a href=\"https:\/\/www.vita-explorers.dk\/blog\/wp-content\/uploads\/2023\/11\/IMG_0562-Eva-Mondin-scaled.jpg\"><img loading=\"lazy\" decoding=\"async\" class=\"size-medium wp-image-15797 aligncenter\" src=\"https:\/\/www.vita-explorers.dk\/blog\/wp-content\/uploads\/2023\/11\/IMG_0562-Eva-Mondin-225x300.jpg\" alt=\"\" width=\"225\" height=\"300\" srcset=\"https:\/\/www.vita-explorers.dk\/blog\/wp-content\/uploads\/2023\/11\/IMG_0562-Eva-Mondin-225x300.jpg 225w, https:\/\/www.vita-explorers.dk\/blog\/wp-content\/uploads\/2023\/11\/IMG_0562-Eva-Mondin-768x1024.jpg 768w, https:\/\/www.vita-explorers.dk\/blog\/wp-content\/uploads\/2023\/11\/IMG_0562-Eva-Mondin-1152x1536.jpg 1152w, https:\/\/www.vita-explorers.dk\/blog\/wp-content\/uploads\/2023\/11\/IMG_0562-Eva-Mondin-1536x2048.jpg 1536w, https:\/\/www.vita-explorers.dk\/blog\/wp-content\/uploads\/2023\/11\/IMG_0562-Eva-Mondin-scaled.jpg 1920w\" sizes=\"(max-width: 225px) 100vw, 225px\" \/><\/a><\/p>\n<p>a0<\/p>\n<h2 id=\"exemples-missions\" style=\"text-align: justify;\">Konkrete eksempler, der viser udviklingen i frivilligt arbejde<\/h2>\n<p style=\"text-align: justify;\">For at g\u00f8re udviklingen mere tydelig kan det v\u00e6re hj\u00e6lpsomt at se p\u00e5 nogle eksempler. De viser, hvordan meget forskellige opgaver kan eksistere side om side i samme type projekt \u2013 og hvordan forskellige profiler kan finde deres rolle.<\/p>\n<h3 style=\"text-align: justify;\"><strong><span style=\"color: #800080;\">Generelle opgaver: bidrag i hverdagen<\/span><\/strong><\/h3>\n<ul style=\"text-align: justify;\">\n<li>Deltage i p\u00e6dagogiske eller kreative aktiviteter med b\u00f8rn.<\/li>\n<li>St\u00f8tte et team i modtagelse og daglig kontakt med m\u00e5lgruppen i et socialt tilbud.<\/li>\n<li>Bidrage til planl\u00e6gning og gennemf\u00f8relse af oplysningsaktiviteter.<\/li>\n<li>Hj\u00e6lpe med vedligehold af lokaler eller omr\u00e5der, der h\u00f8rer til projektet.<\/li>\n<li>F\u00f8lge med p\u00e5 udflugter eller f\u00e6lles aktiviteter.<\/li>\n<\/ul>\n<p style=\"text-align: justify;\">Opgaverne kan virke enkle, men de frigiver tid for de lokale teams og styrker kvaliteten i tilbuddet. De er fortsat en kerne i frivilligt arbejde \u2013 ogs\u00e5 i en tid med forandring.<\/p>\n<h3 style=\"text-align: justify;\"><strong><span style=\"color: #800080;\">Kompetencebaserede forl\u00f8b: styrkelse p\u00e5 l\u00e6ngere sigt<\/span><\/strong><\/h3>\n<ul style=\"text-align: justify;\">\n<li>Udarbejde eller opdatere kommunikationsmaterialer.<\/li>\n<li>Skabe et enkelt system til opf\u00f8lgning p\u00e5 aktiviteter i et overskueligt skema.<\/li>\n<li>Foresl\u00e5 grundl\u00e6ggende v\u00e6rkt\u00f8jer til at f\u00f8lge udgifter eller lagerbeholdning.<\/li>\n<li>St\u00f8tte udviklingen af undervisningsmaterialer, der kan genbruges.<\/li>\n<li>Bidrage til at skrive dokumenter til samarbejdspartnere eller finansieringskilder.<\/li>\n<\/ul>\n<p style=\"text-align: justify;\">Disse forl\u00f8b kr\u00e6ver mere forberedelse, men kan skabe v\u00e6rdi over tid. De ligger i forl\u00e6ngelse af udviklingen i frivilligt arbejde, hvor fokus er at styrke lokale kapaciteter \u2013 ikke at overtage dem.<\/p>\n<h3 style=\"text-align: justify;\"><strong><span style=\"color: #800080;\">Hybride forl\u00f8b: bro mellem praksis og struktur<\/span><\/strong><\/h3>\n<p style=\"text-align: justify;\">Mange projekter tilbyder ogs\u00e5 hybride forl\u00f8b. En deltager kan fx st\u00e5 for l\u00e6ringslege med b\u00f8rn og samtidig hj\u00e6lpe teamet med at samle et pr\u00e6sentationsmateriale. En anden kan deltage i aktiviteter p\u00e5 stedet og samtidig udvikle et materiale til oplysning, som organisationen kan bruge efterf\u00f8lgende.<\/p>\n<p style=\"text-align: justify;\">Denne type forl\u00f8b viser tydeligt udviklingen i frivilligt arbejde. Man forbliver t\u00e6t p\u00e5 den daglige virkelighed og bidrager samtidig til konkrete forbedringer i organiseringen.<\/p>\n<p style=\"text-align: justify;\">Hvis du vil kunne forestille dig det mere konkret, kan det v\u00e6re relevant at se eksempler p\u00e5 programmer som et internationalt ophold i Ecuador med fokus p\u00e5 <a href=\"https:\/\/www.vita-explorers.dk\/blog\/humanitaere-forloeb-den-dominikanske-republik\/\" target=\"_blank\" rel=\"noopener\">uddannelse<\/a> og milj\u00f8 \u2013 eller et solidaritetsprojekt i Colombia, der arbejder t\u00e6t med lokale f\u00e6llesskaber. Beskrivelserne viser, hvordan forl\u00f8b tilpasses b\u00e5de kontekst og deltagernes profiler.<\/p>\n<h2><\/h2>\n<p style=\"text-align: center;\"><a href=\"https:\/\/www.vita-explorers.dk\/blog\/wp-content\/uploads\/2023\/10\/jeunes-en-mission-humanitaire.png\"><img loading=\"lazy\" decoding=\"async\" class=\"alignnone size-medium wp-image-15773\" src=\"https:\/\/www.vita-explorers.dk\/blog\/wp-content\/uploads\/2023\/10\/jeunes-en-mission-humanitaire-300x296.png\" alt=\"Sikkerhed og logistik p\u00e5 et ansvarligt ophold\" width=\"300\" height=\"296\" srcset=\"https:\/\/www.vita-explorers.dk\/blog\/wp-content\/uploads\/2023\/10\/jeunes-en-mission-humanitaire-300x296.png 300w, https:\/\/www.vita-explorers.dk\/blog\/wp-content\/uploads\/2023\/10\/jeunes-en-mission-humanitaire-1024x1009.png 1024w, https:\/\/www.vita-explorers.dk\/blog\/wp-content\/uploads\/2023\/10\/jeunes-en-mission-humanitaire-768x757.png 768w, https:\/\/www.vita-explorers.dk\/blog\/wp-content\/uploads\/2023\/10\/jeunes-en-mission-humanitaire-1536x1513.png 1536w, https:\/\/www.vita-explorers.dk\/blog\/wp-content\/uploads\/2023\/10\/jeunes-en-mission-humanitaire.png 1870w\" sizes=\"(max-width: 300px) 100vw, 300px\" \/><\/a><\/p>\n<p>a0<\/p>\n<h2 id=\"preparation-accompagnement\" style=\"text-align: justify;\">God forberedelse til et ansvarligt forl\u00f8b<\/h2>\n<p style=\"text-align: justify;\">I udviklingen i frivilligt arbejde spiller forberedelse en afg\u00f8rende rolle. F\u00f8r afrejse er det vigtigt at overveje motivation, forventninger og egne gr\u00e6nser. Det er ogs\u00e5 en fordel at s\u00e6tte sig ind i landet, kulturen og levevilk\u00e5rene. Forberedelsen g\u00f8r det lettere at m\u00f8de forl\u00f8bet med realisme og respekt.<\/p>\n<p style=\"text-align: justify;\">Derefter b\u00f8r valget af forl\u00f8b ske i dialog med den organisation, der f\u00f8lger projektet. Samtalen hj\u00e6lper med at afstemme deltagerens profil med behovene p\u00e5 stedet. Den g\u00f8r det ogs\u00e5 muligt at tilpasse ansvaret, s\u00e5 man b\u00e5de f\u00f8ler sig nyttig og tryg.<\/p>\n<p style=\"text-align: justify;\">Endelig er st\u00f8tte p\u00e5 stedet vigtig. De lokale teams introducerer projektets rammer, gennemg\u00e5r de regler, der skal respekteres, og er tilg\u00e6ngelige, hvis der opst\u00e5r sp\u00f8rgsm\u00e5l. Den st\u00f8tte g\u00f8r oplevelsen mere rolig for deltageren og mere v\u00e6rdifuld for projektet.<\/p>\n<h2><\/h2>\n<h2 id=\"benefices-volontariat\" style=\"text-align: justify;\">Fordele ved et frivilligt arbejde i udvikling<\/h2>\n<p style=\"text-align: justify;\">Udviklingen i <strong>frivilligt arbejde<\/strong> handler ikke kun om opgavernes form. Den p\u00e5virker ogs\u00e5, hvordan vi forst\u00e5r udbyttet af engagementet. For projekter lokalt kan motiverede deltagere bidrage med energi, st\u00f8tte og nogle gange konkrete v\u00e6rkt\u00f8jer. For deltagerne giver erfaringen mulighed for at m\u00f8de andre hverdage, udvikle kompetencer og f\u00e5 perspektiv p\u00e5 eget liv.<\/p>\n<p style=\"text-align: justify;\">Oplevelsen kan s\u00e6tte varige spor. Nogle v\u00e6lger at forts\u00e6tte med frivilligt arbejde, rette studier eller karriere mod et socialt felt. Andre tager is\u00e6r m\u00f8derne, de f\u00e6lles \u00f8jeblikke og et mere nuanceret blik p\u00e5 verden med sig hjem. Uanset hvad efterlader forl\u00f8bet en erfaring.<\/p>\n<h2><\/h2>\n<h2 id=\"faq-volontariat\" style=\"text-align: justify;\">FAQ: ofte stillede sp\u00f8rgsm\u00e5l om udviklingen i frivilligt arbejde<\/h2>\n<h3 style=\"text-align: justify;\"><strong>Skal man have en s\u00e6rlig kompetence for at tage afsted?<\/strong><\/h3>\n<p style=\"text-align: justify;\">Nej, det er ikke et krav at have en specifik teknisk kompetence for at engagere sig. Mange generelle forl\u00f8b er \u00e5bne for personer uden en bestemt faglig baggrund. Motivation, respekt for den lokale ramme og lysten til at l\u00e6re er ofte det vigtigste. Kompetencebaserede forl\u00f8b henvender sig typisk til dem, der \u00f8nsker at dele et konkret fagligt knowhow.<\/p>\n<h3 style=\"text-align: justify;\"><strong>Er generelle opgaver mindre nyttige end kompetencebaserede forl\u00f8b?<\/strong><\/h3>\n<p style=\"text-align: justify;\">Generelle opgaver og kompetencebaserede forl\u00f8b supplerer hinanden. De f\u00f8rste giver tid, n\u00e6rv\u00e6r og st\u00f8tte i hverdagen. De sidste kan tilf\u00f8re v\u00e6rkt\u00f8jer eller metoder, som kan bruges over l\u00e6ngere tid. Ingen af dem er \u201cbedre\u201d end den anden. Det vigtigste er, at forl\u00f8bet svarer p\u00e5 et reelt behov og er afstemt med de lokale teams.<\/p>\n<h3 style=\"text-align: justify;\"><strong>Hvordan ved jeg, om et forl\u00f8b passer til mig?<\/strong><\/h3>\n<p style=\"text-align: justify;\">Det er en god id\u00e9 at g\u00f8re status over dine \u00f8nsker, erfaringer og gr\u00e6nser. Derefter kan en \u00e5ben dialog med den organisation, der f\u00f8lger projektet, hj\u00e6lpe med at tilpasse forl\u00f8bet. I kan tale om opgaverne, graden af selvst\u00e6ndighed og hvilken m\u00e5lgruppe man arbejder med. Det g\u00f8r det lettere at v\u00e6lge et realistisk og passende forl\u00f8b.<\/p>\n<h3 style=\"text-align: justify;\"><strong>Er de nye former for frivilligt arbejde kun for unge?<\/strong><\/h3>\n<p style=\"text-align: justify;\">Nej, udviklingen i frivilligt arbejde handler ikke kun om unge voksne. <a href=\"https:\/\/www.vita-explorers.dk\/frivilligt-arbejde\/\" target=\"_blank\" rel=\"noopener\">Forl\u00f8b<\/a> kan rumme mennesker i alle aldre: studerende, erhvervsaktive, personer i overgang og seniorer. Alle bidrager p\u00e5 deres m\u00e5de. Den mangfoldighed er en styrke for projekterne.<\/p>\n<h3 style=\"text-align: justify;\"><strong>Kan man kombinere simple opgaver og mere tekniske bidrag?<\/strong><\/h3>\n<p style=\"text-align: justify;\">Ja, det er meget almindeligt. Mange deltagere er b\u00e5de med i aktiviteter p\u00e5 stedet og i mere strukturerende opgaver. Kombinationen g\u00f8r, at man bevarer kontakten til hverdagen i projektet og samtidig kan bidrage til organiseringen. Det afspejler den retning, frivilligt arbejde bev\u00e6ger sig i.<\/p>\n<h2><\/h2>\n<p><a href=\"https:\/\/www.vita-explorers.dk\/blog\/wp-content\/uploads\/2018\/08\/43773152412_6d8a6cf372_o-min.jpg\"><img loading=\"lazy\" decoding=\"async\" class=\"size-medium wp-image-10885 aligncenter\" src=\"https:\/\/www.vita-explorers.dk\/blog\/wp-content\/uploads\/2018\/08\/43773152412_6d8a6cf372_o-min-225x300.jpg\" alt=\"\" width=\"225\" height=\"300\" srcset=\"https:\/\/www.vita-explorers.dk\/blog\/wp-content\/uploads\/2018\/08\/43773152412_6d8a6cf372_o-min-225x300.jpg 225w, https:\/\/www.vita-explorers.dk\/blog\/wp-content\/uploads\/2018\/08\/43773152412_6d8a6cf372_o-min.jpg 768w, https:\/\/www.vita-explorers.dk\/blog\/wp-content\/uploads\/2018\/08\/43773152412_6d8a6cf372_o-min-113x150.jpg 113w\" sizes=\"(max-width: 225px) 100vw, 225px\" \/><\/a><\/p>\n<p>a0<\/p>\n<h2 id=\"conclusion\" style=\"text-align: justify;\">Konklusion: mere mangfoldighed \u2013 ikke mere elitisme<\/h2>\n<p style=\"text-align: justify;\">Samlet set lukker udviklingen i <strong>frivilligt arbejde<\/strong> ikke d\u00f8ren for nybegyndere. Den forbeholder ikke engagementet til f\u00e5, meget specialiserede profiler. Tv\u00e6rtimod skaber den flere muligheder ved at kombinere generelle opgaver, kompetencebaserede forl\u00f8b og hybride ophold. Alle kan finde en plads \u2013 n\u00e5r forl\u00f8bet v\u00e6lges med omtanke og forberedes seri\u00f8st.<\/p>\n<p style=\"text-align: justify;\">Udviklingen inviterer os ogs\u00e5 til at se frivilligt arbejde som et m\u00f8de. P\u00e5 den ene side st\u00e5r lokale projekter med konkrete behov og begr\u00e6nsede ressourcer. P\u00e5 den anden side deltagere, der \u00f8nsker at bidrage med respekt og ydmyghed. Imellem dem bygges en relation trin for trin. Det er i den balance, at frivilligt arbejde bevarer sin mening.<\/p>\n<p style=\"text-align: justify;\"><script type=\"application\/ld+json\">\n{\n  \"@context\": \"https:\/\/schema.org\",\n  \"@type\": \"FAQPage\",\n  \"mainEntity\": [\n    {\n      \"@type\": \"Question\",\n      \"name\": \"Skal man have en s\u00e6rlig kompetence for at tage afsted?\",\n      \"acceptedAnswer\": {\n        \"@type\": \"Answer\",\n        \"text\": \"Nej, det er ikke et krav at have en specifik teknisk kompetence for at engagere sig. Mange generelle forl\u00f8b er \u00e5bne for personer uden en bestemt faglig baggrund. Motivation, respekt for den lokale ramme og lysten til at l\u00e6re er ofte det vigtigste. Kompetencebaserede forl\u00f8b henvender sig typisk til dem, der \u00f8nsker at dele et konkret fagligt knowhow.\"\n      }\n    },\n    {\n      \"@type\": \"Question\",\n      \"name\": \"Er generelle opgaver mindre nyttige end kompetencebaserede forl\u00f8b?\",\n      \"acceptedAnswer\": {\n        \"@type\": \"Answer\",\n        \"text\": \"Generelle opgaver og kompetencebaserede forl\u00f8b supplerer hinanden. De f\u00f8rste giver tid, n\u00e6rv\u00e6r og st\u00f8tte i hverdagen. De sidste kan tilf\u00f8re v\u00e6rkt\u00f8jer eller metoder, som kan bruges over l\u00e6ngere tid. Ingen af dem er \\\"bedre\\\" end den anden. Det vigtigste er, at forl\u00f8bet svarer p\u00e5 et reelt behov og er afstemt med de lokale teams.\"\n      }\n    },\n    {\n      \"@type\": \"Question\",\n      \"name\": \"Hvordan ved jeg, om et forl\u00f8b passer til mig?\",\n      \"acceptedAnswer\": {\n        \"@type\": \"Answer\",\n        \"text\": \"Det er en god id\u00e9 at g\u00f8re status over dine \u00f8nsker, erfaringer og gr\u00e6nser. Derefter kan en \u00e5ben dialog med den organisation, der f\u00f8lger projektet, hj\u00e6lpe med at tilpasse forl\u00f8bet. I kan tale om opgaverne, graden af selvst\u00e6ndighed og hvilken m\u00e5lgruppe man arbejder med. Det g\u00f8r det lettere at v\u00e6lge et realistisk og passende forl\u00f8b.\"\n      }\n    },\n    {\n      \"@type\": \"Question\",\n      \"name\": \"Er de nye former for frivilligt arbejde kun for unge?\",\n      \"acceptedAnswer\": {\n        \"@type\": \"Answer\",\n        \"text\": \"Nej, udviklingen i frivilligt arbejde handler ikke kun om unge voksne. Forl\u00f8b kan rumme mennesker i alle aldre: studerende, erhvervsaktive, personer i overgang og seniorer. Alle bidrager p\u00e5 deres m\u00e5de. Den mangfoldighed er en styrke for projekterne.\"\n      }\n    },\n    {\n      \"@type\": \"Question\",\n      \"name\": \"Kan man kombinere simple opgaver og mere tekniske bidrag?\",\n      \"acceptedAnswer\": {\n        \"@type\": \"Answer\",\n        \"text\": \"Ja, det er meget almindeligt. Mange deltagere er b\u00e5de med i aktiviteter p\u00e5 stedet og i mere strukturerende opgaver. Kombinationen g\u00f8r, at man bevarer kontakten til hverdagen i projektet og samtidig kan bidrage til organiseringen. Det afspejler den retning, frivilligt arbejde bev\u00e6ger sig i.\"\n      }\n    }\n  ]\n}\n<\/script><\/p>\n<p id=\"contact\" style=\"text-align: center;\"><strong>Klar til at tage n\u00e6ste skridt?<\/strong><\/p>\n<p style=\"text-align: center;\"><a href=\"https:\/\/www.vita-explorers.dk\/#tel-contact-form-glob\" target=\"_blank\" rel=\"noopener\">Jeg vil gerne i kontakt<\/a><\/p>\n<p class=\"muted\" style=\"text-align: center;\">\u00a9 VITA Institute \u2014 ressourcer til ansvarligt internationalt frivilligt arbejde.<\/p>\n<p class=\"p4\" style=\"text-align: center;\"><b>Vil du h\u00f8re mere, er du altid velkommen til at kontakte os p\u00e5 <\/b><a href=\"mailto:info@globalong.com\"><span class=\"s2\"><b>info@globalong.com<\/b><\/span><\/a><\/p>\n<p class=\"p4\" style=\"text-align: center;\"><b>Vil du f\u00f8lge VITA Institute og vores community, kan du finde os p\u00e5 <\/b><a href=\"https:\/\/www.instagram.com\/globalongofficiel\/\" target=\"_blank\" rel=\"noopener\"><span class=\"s2\"><b>Instagram<\/b><\/span><\/a><b>, <\/b><a href=\"https:\/\/www.facebook.com\/globalong\" target=\"_blank\" rel=\"noopener\"><span class=\"s2\"><b>Facebook<\/b><\/span><\/a><b>, <\/b><a href=\"https:\/\/www.linkedin.com\/company\/5113177\/admin\/feed\/posts\/\" target=\"_blank\" rel=\"noopener\"><span class=\"s2\"><b>LinkedIn<\/b><\/span><\/a><b> og <\/b><a href=\"https:\/\/www.youtube.com\/c\/globalong\/videos\" target=\"_blank\" rel=\"noopener\"><span class=\"s2\"><b>YouTube<\/b><\/span><\/a><b>!<\/b><\/p>\n","protected":false},"excerpt":{"rendered":"<p>Udviklingen i frivilligt arbejde: der er plads til alle \u2013 fra nybegynder til specialist Udviklingen i frivilligt arbejde afspejler et tydeligt skifte i m\u00e5den\u2026<\/p>\n","protected":false},"author":7,"featured_media":15734,"comment_status":"open","ping_status":"open","sticky":false,"template":"","format":"standard","meta":{"footnotes":""},"categories":[8],"tags":[],"yoast_head":"<!-- This site is optimized with the Yoast SEO Premium plugin v23.4 (Yoast SEO v23.4) - https:\/\/yoast.com\/wordpress\/plugins\/seo\/ -->\n<title>Udviklingen i frivilligt engagement: der er plads til alle profiler<\/title>\n<meta name=\"description\" content=\"L\u2019\u00e9volution du volontariat ouvre des missions adapt\u00e9es \u00e0 tous les profils, du d\u00e9butant \u00e0 l\u2019expert, pour un engagement utile et responsable.\" \/>\n<meta name=\"robots\" content=\"index, follow, max-snippet:-1, max-image-preview:large, max-video-preview:-1\" \/>\n<link rel=\"canonical\" href=\"https:\/\/www.vita-explorers.dk\/blog\/udviklingen-i-frivilligt-arbejde-deltagerprofiler\/\" \/>\n<meta property=\"og:locale\" content=\"da_DK\" \/>\n<meta property=\"og:type\" content=\"article\" \/>\n<meta property=\"og:title\" content=\"Udviklingen i frivilligt engagement: plads til alle profiler \u2013 fra nybegynder til ekspert\" \/>\n<meta property=\"og:description\" content=\"L\u2019\u00e9volution du volontariat ouvre des missions adapt\u00e9es \u00e0 tous les profils, du d\u00e9butant \u00e0 l\u2019expert, pour un engagement utile et responsable.\" \/>\n<meta property=\"og:url\" content=\"https:\/\/www.vita-explorers.dk\/blog\/udviklingen-i-frivilligt-arbejde-deltagerprofiler\/\" \/>\n<meta property=\"og:site_name\" content=\"VITA Explorers Blog\" \/>\n<meta property=\"article:publisher\" content=\"https:\/\/www.facebook.com\/globalong\" \/>\n<meta property=\"article:published_time\" content=\"2025-11-16T04:28:25+00:00\" \/>\n<meta property=\"article:modified_time\" content=\"2025-11-15T19:55:47+00:00\" \/>\n<meta property=\"og:image\" content=\"https:\/\/www.vita-explorers.dk\/blog\/wp-content\/uploads\/2023\/10\/mission-humanitaire-en-afrique-ong-1024x670.png\" \/>\n\t<meta property=\"og:image:width\" content=\"1024\" \/>\n\t<meta property=\"og:image:height\" content=\"670\" \/>\n\t<meta property=\"og:image:type\" content=\"image\/png\" \/>\n<meta name=\"author\" content=\"VITA Tribe\" \/>\n<meta name=\"twitter:card\" content=\"summary_large_image\" \/>\n<meta name=\"twitter:label1\" content=\"Skrevet af\" \/>\n\t<meta name=\"twitter:data1\" content=\"VITA Tribe\" \/>\n\t<meta name=\"twitter:label2\" content=\"Estimeret l\u00e6setid\" \/>\n\t<meta name=\"twitter:data2\" content=\"15 minutter\" \/>\n<script type=\"application\/ld+json\" class=\"yoast-schema-graph\">{\"@context\":\"https:\/\/schema.org\",\"@graph\":[{\"@type\":\"Article\",\"@id\":\"https:\/\/www.vita-explorers.dk\/blog\/udviklingen-i-frivilligt-arbejde-deltagerprofiler\/#article\",\"isPartOf\":{\"@id\":\"https:\/\/www.vita-explorers.dk\/blog\/udviklingen-i-frivilligt-arbejde-deltagerprofiler\/\"},\"author\":{\"name\":\"VITA Tribe\",\"@id\":\"https:\/\/www.vita-explorers.dk\/blog\/#\/schema\/person\/fc0343a2f2db2ebb2793c1f62dbe73f0\"},\"headline\":\"Udviklingen i frivilligt engagement: plads til alle profiler \u2013 fra nybegynder til ekspert\",\"datePublished\":\"2025-11-16T04:28:25+00:00\",\"dateModified\":\"2025-11-15T19:55:47+00:00\",\"mainEntityOfPage\":{\"@id\":\"https:\/\/www.vita-explorers.dk\/blog\/udviklingen-i-frivilligt-arbejde-deltagerprofiler\/\"},\"wordCount\":2668,\"commentCount\":0,\"publisher\":{\"@id\":\"https:\/\/www.vita-explorers.dk\/blog\/#organization\"},\"image\":{\"@id\":\"https:\/\/www.vita-explorers.dk\/blog\/udviklingen-i-frivilligt-arbejde-deltagerprofiler\/#primaryimage\"},\"thumbnailUrl\":\"https:\/\/www.vita-explorers.dk\/blog\/wp-content\/uploads\/2023\/10\/mission-humanitaire-en-afrique-ong.png\",\"articleSection\":[\"Humanit\u00e6rt frivilligt arbejde\"],\"inLanguage\":\"da-DK\",\"potentialAction\":[{\"@type\":\"CommentAction\",\"name\":\"Comment\",\"target\":[\"https:\/\/www.vita-explorers.dk\/blog\/udviklingen-i-frivilligt-arbejde-deltagerprofiler\/#respond\"]}]},{\"@type\":\"WebPage\",\"@id\":\"https:\/\/www.vita-explorers.dk\/blog\/udviklingen-i-frivilligt-arbejde-deltagerprofiler\/\",\"url\":\"https:\/\/www.vita-explorers.dk\/blog\/udviklingen-i-frivilligt-arbejde-deltagerprofiler\/\",\"name\":\"Udviklingen i frivilligt engagement: der er plads til alle profiler\",\"isPartOf\":{\"@id\":\"https:\/\/www.vita-explorers.dk\/blog\/#website\"},\"primaryImageOfPage\":{\"@id\":\"https:\/\/www.vita-explorers.dk\/blog\/udviklingen-i-frivilligt-arbejde-deltagerprofiler\/#primaryimage\"},\"image\":{\"@id\":\"https:\/\/www.vita-explorers.dk\/blog\/udviklingen-i-frivilligt-arbejde-deltagerprofiler\/#primaryimage\"},\"thumbnailUrl\":\"https:\/\/www.vita-explorers.dk\/blog\/wp-content\/uploads\/2023\/10\/mission-humanitaire-en-afrique-ong.png\",\"datePublished\":\"2025-11-16T04:28:25+00:00\",\"dateModified\":\"2025-11-15T19:55:47+00:00\",\"description\":\"L\u2019\u00e9volution du volontariat ouvre des missions adapt\u00e9es \u00e0 tous les profils, du d\u00e9butant \u00e0 l\u2019expert, pour un engagement utile et responsable.\",\"breadcrumb\":{\"@id\":\"https:\/\/www.vita-explorers.dk\/blog\/udviklingen-i-frivilligt-arbejde-deltagerprofiler\/#breadcrumb\"},\"inLanguage\":\"da-DK\",\"potentialAction\":[{\"@type\":\"ReadAction\",\"target\":[\"https:\/\/www.vita-explorers.dk\/blog\/udviklingen-i-frivilligt-arbejde-deltagerprofiler\/\"]}]},{\"@type\":\"ImageObject\",\"inLanguage\":\"da-DK\",\"@id\":\"https:\/\/www.vita-explorers.dk\/blog\/udviklingen-i-frivilligt-arbejde-deltagerprofiler\/#primaryimage\",\"url\":\"https:\/\/www.vita-explorers.dk\/blog\/wp-content\/uploads\/2023\/10\/mission-humanitaire-en-afrique-ong.png\",\"contentUrl\":\"https:\/\/www.vita-explorers.dk\/blog\/wp-content\/uploads\/2023\/10\/mission-humanitaire-en-afrique-ong.png\",\"width\":1456,\"height\":952,\"caption\":\"Association humanitaire en Afrique\"},{\"@type\":\"BreadcrumbList\",\"@id\":\"https:\/\/www.vita-explorers.dk\/blog\/udviklingen-i-frivilligt-arbejde-deltagerprofiler\/#breadcrumb\",\"itemListElement\":[{\"@type\":\"ListItem\",\"position\":1,\"name\":\"Accueil\",\"item\":\"https:\/\/www.vita-explorers.dk\/blog\/\"},{\"@type\":\"ListItem\",\"position\":2,\"name\":\"Udviklingen i frivilligt engagement: plads til alle profiler \u2013 fra nybegynder til ekspert\"}]},{\"@type\":\"WebSite\",\"@id\":\"https:\/\/www.vita-explorers.dk\/blog\/#website\",\"url\":\"https:\/\/www.vita-explorers.dk\/blog\/\",\"name\":\"Association Globalong\",\"description\":\"Frivilligt arbejde, sprogophold, praktik i udlandet og internationale oplevelser\",\"publisher\":{\"@id\":\"https:\/\/www.vita-explorers.dk\/blog\/#organization\"},\"potentialAction\":[{\"@type\":\"SearchAction\",\"target\":{\"@type\":\"EntryPoint\",\"urlTemplate\":\"https:\/\/www.vita-explorers.dk\/blog\/?s={search_term_string}\"},\"query-input\":{\"@type\":\"PropertyValueSpecification\",\"valueRequired\":true,\"valueName\":\"search_term_string\"}}],\"inLanguage\":\"da-DK\"},{\"@type\":\"Organization\",\"@id\":\"https:\/\/www.vita-explorers.dk\/blog\/#organization\",\"name\":\"Association Globalong\",\"url\":\"https:\/\/www.vita-explorers.dk\/blog\/\",\"logo\":{\"@type\":\"ImageObject\",\"inLanguage\":\"da-DK\",\"@id\":\"https:\/\/www.vita-explorers.dk\/blog\/#\/schema\/logo\/image\/\",\"url\":\"https:\/\/www.globalong.com\/blog\/wp-content\/uploads\/2014\/11\/cropped-cropped-Logo-et-Afrique-Globalong-petite-taille-2.jpg\",\"contentUrl\":\"https:\/\/www.globalong.com\/blog\/wp-content\/uploads\/2014\/11\/cropped-cropped-Logo-et-Afrique-Globalong-petite-taille-2.jpg\",\"width\":512,\"height\":512,\"caption\":\"Association Globalong\"},\"image\":{\"@id\":\"https:\/\/www.vita-explorers.dk\/blog\/#\/schema\/logo\/image\/\"},\"sameAs\":[\"https:\/\/www.facebook.com\/globalong\"]},{\"@type\":\"Person\",\"@id\":\"https:\/\/www.vita-explorers.dk\/blog\/#\/schema\/person\/fc0343a2f2db2ebb2793c1f62dbe73f0\",\"name\":\"VITA Tribe\",\"image\":{\"@type\":\"ImageObject\",\"inLanguage\":\"da-DK\",\"@id\":\"https:\/\/www.vita-explorers.dk\/blog\/#\/schema\/person\/image\/\",\"url\":\"https:\/\/secure.gravatar.com\/avatar\/f7f05026bb439d0c96b30e135e5f852c?s=96&d=mm&r=g\",\"contentUrl\":\"https:\/\/secure.gravatar.com\/avatar\/f7f05026bb439d0c96b30e135e5f852c?s=96&d=mm&r=g\",\"caption\":\"VITA Tribe\"},\"sameAs\":[\"http:\/\/www.globalong.com\"],\"url\":\"https:\/\/www.vita-explorers.dk\/blog\/author\/teamglobalong\/\"}]}<\/script>\n<!-- \/ Yoast SEO Premium plugin. -->","yoast_head_json":{"title":"Udviklingen i frivilligt engagement: der er plads til alle profiler","description":"L\u2019\u00e9volution du volontariat ouvre des missions adapt\u00e9es \u00e0 tous les profils, du d\u00e9butant \u00e0 l\u2019expert, pour un engagement utile et responsable.","robots":{"index":"index","follow":"follow","max-snippet":"max-snippet:-1","max-image-preview":"max-image-preview:large","max-video-preview":"max-video-preview:-1"},"canonical":"https:\/\/www.vita-explorers.dk\/blog\/udviklingen-i-frivilligt-arbejde-deltagerprofiler\/","og_locale":"da_DK","og_type":"article","og_title":"Udviklingen i frivilligt engagement: plads til alle profiler \u2013 fra nybegynder til ekspert","og_description":"L\u2019\u00e9volution du volontariat ouvre des missions adapt\u00e9es \u00e0 tous les profils, du d\u00e9butant \u00e0 l\u2019expert, pour un engagement utile et responsable.","og_url":"https:\/\/www.vita-explorers.dk\/blog\/udviklingen-i-frivilligt-arbejde-deltagerprofiler\/","og_site_name":"VITA Explorers Blog","article_publisher":"https:\/\/www.facebook.com\/globalong","article_published_time":"2025-11-16T04:28:25+00:00","article_modified_time":"2025-11-15T19:55:47+00:00","og_image":[{"width":1024,"height":670,"url":"https:\/\/www.vita-explorers.dk\/blog\/wp-content\/uploads\/2023\/10\/mission-humanitaire-en-afrique-ong-1024x670.png","type":"image\/png"}],"author":"VITA Tribe","twitter_card":"summary_large_image","twitter_misc":{"Skrevet af":"VITA Tribe","Estimeret l\u00e6setid":"15 minutter"},"schema":{"@context":"https:\/\/schema.org","@graph":[{"@type":"Article","@id":"https:\/\/www.vita-explorers.dk\/blog\/udviklingen-i-frivilligt-arbejde-deltagerprofiler\/#article","isPartOf":{"@id":"https:\/\/www.vita-explorers.dk\/blog\/udviklingen-i-frivilligt-arbejde-deltagerprofiler\/"},"author":{"name":"VITA Tribe","@id":"https:\/\/www.vita-explorers.dk\/blog\/#\/schema\/person\/fc0343a2f2db2ebb2793c1f62dbe73f0"},"headline":"Udviklingen i frivilligt engagement: plads til alle profiler \u2013 fra nybegynder til ekspert","datePublished":"2025-11-16T04:28:25+00:00","dateModified":"2025-11-15T19:55:47+00:00","mainEntityOfPage":{"@id":"https:\/\/www.vita-explorers.dk\/blog\/udviklingen-i-frivilligt-arbejde-deltagerprofiler\/"},"wordCount":2668,"commentCount":0,"publisher":{"@id":"https:\/\/www.vita-explorers.dk\/blog\/#organization"},"image":{"@id":"https:\/\/www.vita-explorers.dk\/blog\/udviklingen-i-frivilligt-arbejde-deltagerprofiler\/#primaryimage"},"thumbnailUrl":"https:\/\/www.vita-explorers.dk\/blog\/wp-content\/uploads\/2023\/10\/mission-humanitaire-en-afrique-ong.png","articleSection":["Humanit\u00e6rt frivilligt arbejde"],"inLanguage":"da-DK","potentialAction":[{"@type":"CommentAction","name":"Comment","target":["https:\/\/www.vita-explorers.dk\/blog\/udviklingen-i-frivilligt-arbejde-deltagerprofiler\/#respond"]}]},{"@type":"WebPage","@id":"https:\/\/www.vita-explorers.dk\/blog\/udviklingen-i-frivilligt-arbejde-deltagerprofiler\/","url":"https:\/\/www.vita-explorers.dk\/blog\/udviklingen-i-frivilligt-arbejde-deltagerprofiler\/","name":"Udviklingen i frivilligt engagement: der er plads til alle profiler","isPartOf":{"@id":"https:\/\/www.vita-explorers.dk\/blog\/#website"},"primaryImageOfPage":{"@id":"https:\/\/www.vita-explorers.dk\/blog\/udviklingen-i-frivilligt-arbejde-deltagerprofiler\/#primaryimage"},"image":{"@id":"https:\/\/www.vita-explorers.dk\/blog\/udviklingen-i-frivilligt-arbejde-deltagerprofiler\/#primaryimage"},"thumbnailUrl":"https:\/\/www.vita-explorers.dk\/blog\/wp-content\/uploads\/2023\/10\/mission-humanitaire-en-afrique-ong.png","datePublished":"2025-11-16T04:28:25+00:00","dateModified":"2025-11-15T19:55:47+00:00","description":"L\u2019\u00e9volution du volontariat ouvre des missions adapt\u00e9es \u00e0 tous les profils, du d\u00e9butant \u00e0 l\u2019expert, pour un engagement utile et responsable.","breadcrumb":{"@id":"https:\/\/www.vita-explorers.dk\/blog\/udviklingen-i-frivilligt-arbejde-deltagerprofiler\/#breadcrumb"},"inLanguage":"da-DK","potentialAction":[{"@type":"ReadAction","target":["https:\/\/www.vita-explorers.dk\/blog\/udviklingen-i-frivilligt-arbejde-deltagerprofiler\/"]}]},{"@type":"ImageObject","inLanguage":"da-DK","@id":"https:\/\/www.vita-explorers.dk\/blog\/udviklingen-i-frivilligt-arbejde-deltagerprofiler\/#primaryimage","url":"https:\/\/www.vita-explorers.dk\/blog\/wp-content\/uploads\/2023\/10\/mission-humanitaire-en-afrique-ong.png","contentUrl":"https:\/\/www.vita-explorers.dk\/blog\/wp-content\/uploads\/2023\/10\/mission-humanitaire-en-afrique-ong.png","width":1456,"height":952,"caption":"Association humanitaire en Afrique"},{"@type":"BreadcrumbList","@id":"https:\/\/www.vita-explorers.dk\/blog\/udviklingen-i-frivilligt-arbejde-deltagerprofiler\/#breadcrumb","itemListElement":[{"@type":"ListItem","position":1,"name":"Accueil","item":"https:\/\/www.vita-explorers.dk\/blog\/"},{"@type":"ListItem","position":2,"name":"Udviklingen i frivilligt engagement: plads til alle profiler \u2013 fra nybegynder til ekspert"}]},{"@type":"WebSite","@id":"https:\/\/www.vita-explorers.dk\/blog\/#website","url":"https:\/\/www.vita-explorers.dk\/blog\/","name":"Association Globalong","description":"Frivilligt arbejde, sprogophold, praktik i udlandet og internationale oplevelser","publisher":{"@id":"https:\/\/www.vita-explorers.dk\/blog\/#organization"},"potentialAction":[{"@type":"SearchAction","target":{"@type":"EntryPoint","urlTemplate":"https:\/\/www.vita-explorers.dk\/blog\/?s={search_term_string}"},"query-input":{"@type":"PropertyValueSpecification","valueRequired":true,"valueName":"search_term_string"}}],"inLanguage":"da-DK"},{"@type":"Organization","@id":"https:\/\/www.vita-explorers.dk\/blog\/#organization","name":"Association Globalong","url":"https:\/\/www.vita-explorers.dk\/blog\/","logo":{"@type":"ImageObject","inLanguage":"da-DK","@id":"https:\/\/www.vita-explorers.dk\/blog\/#\/schema\/logo\/image\/","url":"https:\/\/www.globalong.com\/blog\/wp-content\/uploads\/2014\/11\/cropped-cropped-Logo-et-Afrique-Globalong-petite-taille-2.jpg","contentUrl":"https:\/\/www.globalong.com\/blog\/wp-content\/uploads\/2014\/11\/cropped-cropped-Logo-et-Afrique-Globalong-petite-taille-2.jpg","width":512,"height":512,"caption":"Association Globalong"},"image":{"@id":"https:\/\/www.vita-explorers.dk\/blog\/#\/schema\/logo\/image\/"},"sameAs":["https:\/\/www.facebook.com\/globalong"]},{"@type":"Person","@id":"https:\/\/www.vita-explorers.dk\/blog\/#\/schema\/person\/fc0343a2f2db2ebb2793c1f62dbe73f0","name":"VITA Tribe","image":{"@type":"ImageObject","inLanguage":"da-DK","@id":"https:\/\/www.vita-explorers.dk\/blog\/#\/schema\/person\/image\/","url":"https:\/\/secure.gravatar.com\/avatar\/f7f05026bb439d0c96b30e135e5f852c?s=96&d=mm&r=g","contentUrl":"https:\/\/secure.gravatar.com\/avatar\/f7f05026bb439d0c96b30e135e5f852c?s=96&d=mm&r=g","caption":"VITA Tribe"},"sameAs":["http:\/\/www.globalong.com"],"url":"https:\/\/www.vita-explorers.dk\/blog\/author\/teamglobalong\/"}]}},"_links":{"self":[{"href":"https:\/\/www.vita-explorers.dk\/blog\/wp-json\/wp\/v2\/posts\/22550"}],"collection":[{"href":"https:\/\/www.vita-explorers.dk\/blog\/wp-json\/wp\/v2\/posts"}],"about":[{"href":"https:\/\/www.vita-explorers.dk\/blog\/wp-json\/wp\/v2\/types\/post"}],"author":[{"embeddable":true,"href":"https:\/\/www.vita-explorers.dk\/blog\/wp-json\/wp\/v2\/users\/7"}],"replies":[{"embeddable":true,"href":"https:\/\/www.vita-explorers.dk\/blog\/wp-json\/wp\/v2\/comments?post=22550"}],"version-history":[{"count":3,"href":"https:\/\/www.vita-explorers.dk\/blog\/wp-json\/wp\/v2\/posts\/22550\/revisions"}],"predecessor-version":[{"id":22553,"href":"https:\/\/www.vita-explorers.dk\/blog\/wp-json\/wp\/v2\/posts\/22550\/revisions\/22553"}],"wp:featuredmedia":[{"embeddable":true,"href":"https:\/\/www.vita-explorers.dk\/blog\/wp-json\/wp\/v2\/media\/15734"}],"wp:attachment":[{"href":"https:\/\/www.vita-explorers.dk\/blog\/wp-json\/wp\/v2\/media?parent=22550"}],"wp:term":[{"taxonomy":"category","embeddable":true,"href":"https:\/\/www.vita-explorers.dk\/blog\/wp-json\/wp\/v2\/categories?post=22550"},{"taxonomy":"post_tag","embeddable":true,"href":"https:\/\/www.vita-explorers.dk\/blog\/wp-json\/wp\/v2\/tags?post=22550"}],"curies":[{"name":"wp","href":"https:\/\/api.w.org\/{rel}","templated":true}]}}