{"id":22584,"date":"2025-11-20T05:42:18","date_gmt":"2025-11-20T04:42:18","guid":{"rendered":"https:\/\/www.globalong.com\/blog\/?p=22584"},"modified":"2025-11-17T22:30:46","modified_gmt":"2025-11-17T21:30:46","slug":"international-dag-for-boerns-rettigheder-frivilligt-arbejde","status":"publish","type":"post","link":"https:\/\/www.vita-explorers.dk\/blog\/international-dag-for-boerns-rettigheder-frivilligt-arbejde\/","title":{"rendered":"B\u00f8rnenes Internationale Rettighedsdag: forst\u00e5, handle og engagere dig i frivilligt arbejde i udlandet"},"content":{"rendered":"<article>\n<h1 style=\"text-align: justify;\">International dag for b\u00f8rns rettigheder: forst\u00e5, handle og engag\u00e9r dig i internationale forl\u00f8b<\/h1>\n<p style=\"text-align: justify;\">Den <strong>internationale dag for b\u00f8rns rettigheder<\/strong>, der markeres hvert \u00e5r den 20. november, s\u00e6tter fokus p\u00e5 b\u00f8rns grundl\u00e6ggende rettigheder og minder os om, at alle b\u00f8rn har ret til beskyttelse, v\u00e6rdighed og adgang til n\u00f8dvendige tilbud. Dagen er ogs\u00e5 relevant for dig, der overvejer et <strong>internationalt forl\u00f8b<\/strong>, fordi den g\u00f8r det tydeligere, hvilket ansvar der f\u00f8lger med, n\u00e5r man arbejder t\u00e6t p\u00e5 b\u00f8rn og unge i s\u00e5rbare situationer. F\u00f8r du rejser ud, er det en fordel at kende principperne i 1989-konventionen, forst\u00e5 hverdagen i praksis og have styr p\u00e5 de etiske rammer, der hj\u00e6lper dig med at bidrage ansvarligt.<\/p>\n<p style=\"text-align: justify;\">Artiklen giver et samlet overblik, s\u00e5 du bedre kan forst\u00e5 denne <a href=\"https:\/\/www.education.gouv.fr\/journee-internationale-des-droits-de-l-enfant-12578\" target=\"_blank\" rel=\"noopener\">symbolske dag<\/a>. Den gennemg\u00e5r centrale temaer i b\u00f8rns rettigheder, beskriver sammenh\u00e6ngen mellem internationale ophold og beskyttelse af b\u00f8rn og giver konkrete pejlem\u00e6rker til at v\u00e6lge et etisk forl\u00f8b. Til sidst opfordrer den alle deltagere til at m\u00f8de lokale kulturer med respekt, lytte til b\u00f8rnenes behov og f\u00f8lge internationale anbefalinger.<\/p>\n<nav aria-label=\"Sommaire de l'article\">\n<h2>Indhold<\/h2>\n<ul>\n<li><a href=\"#origine-enfant-volontariat\">Baggrund for den internationale dag for b\u00f8rns rettigheder<\/a><\/li>\n<li><a href=\"#principes-droits-enfant\">Vigtige principper i b\u00f8rns rettigheder<\/a><\/li>\n<li><a href=\"#volontariat-droits-enfant\">Internationale forl\u00f8b og b\u00f8rns rettigheder: dilemmaer og ansvar<\/a><\/li>\n<li><a href=\"#missions-enfants\">Eksempler p\u00e5 forl\u00f8b med fokus p\u00e5 b\u00f8rnebeskyttelse<\/a><\/li>\n<li><a href=\"#choisir-mission-enfants\">Hvordan v\u00e6lger man et etisk forl\u00f8b med b\u00f8rn?<\/a><\/li>\n<li><a href=\"#bonnes-pratiques-enfants\">Gode praksisser: s\u00e5dan respekterer du b\u00f8rns rettigheder i hverdagen<\/a><\/li>\n<li><a href=\"#faq-volontariat-enfants\">FAQ \u2013 International dag for b\u00f8rns rettigheder &#038; internationale forl\u00f8b<\/a><\/li>\n<li><a href=\"#conclusion-enfant-volontariat\">Konklusion: at engagere sig over tid<\/a><\/li>\n<\/ul>\n<\/nav>\n<h2><\/h2>\n<h2><a href=\"https:\/\/www.vita-explorers.dk\/blog\/wp-content\/uploads\/2018\/12\/IMG_20180919_114525-min.jpg\"><img loading=\"lazy\" decoding=\"async\" class=\"size-medium wp-image-12162 aligncenter\" src=\"https:\/\/www.vita-explorers.dk\/blog\/wp-content\/uploads\/2018\/12\/IMG_20180919_114525-min-226x300.jpg\" alt=\"international dag for b\u00f8rns rettigheder\" width=\"226\" height=\"300\" srcset=\"https:\/\/www.vita-explorers.dk\/blog\/wp-content\/uploads\/2018\/12\/IMG_20180919_114525-min-226x300.jpg 226w, https:\/\/www.vita-explorers.dk\/blog\/wp-content\/uploads\/2018\/12\/IMG_20180919_114525-min-768x1020.jpg 768w, https:\/\/www.vita-explorers.dk\/blog\/wp-content\/uploads\/2018\/12\/IMG_20180919_114525-min-771x1024.jpg 771w, https:\/\/www.vita-explorers.dk\/blog\/wp-content\/uploads\/2018\/12\/IMG_20180919_114525-min-113x150.jpg 113w, https:\/\/www.vita-explorers.dk\/blog\/wp-content\/uploads\/2018\/12\/IMG_20180919_114525-min.jpg 1952w\" sizes=\"(max-width: 226px) 100vw, 226px\" \/><\/a><\/h2>\n<h2 id=\"origine-enfant-volontariat\" style=\"text-align: justify;\">Baggrund for den internationale dag for b\u00f8rns rettigheder<\/h2>\n<p style=\"text-align: justify;\">Den internationale dag for <a href=\"https:\/\/www.vita-explorers.dk\/blog\/frivilligt-arbejde-med-boern-cambodja\/\" target=\"_blank\" rel=\"noopener\">b\u00f8rns rettigheder<\/a> udspringer af vedtagelsen den 20. november 1989 af <strong>FN\u2019s B\u00f8rnekonvention<\/strong>. Den sl\u00e5r fast, at b\u00f8rn har egne rettigheder. Den understreger ogs\u00e5, at stater, institutioner og voksne har pligt til at beskytte b\u00f8rn, lytte til dem, respektere deres v\u00e6rdighed og sikre deres udvikling. Siden vedtagelsen har n\u00e6sten alle lande ratificeret konventionen, hvilket g\u00f8r den til en af verdens mest udbredte traktater.<\/p>\n<p style=\"text-align: justify;\">Dagen har ogs\u00e5 til form\u00e5l at g\u00f8re opm\u00e6rksom p\u00e5 forhold, som mange ikke ser i hverdagen. I nogle omr\u00e5der g\u00e5r millioner af b\u00f8rn ikke i skole, blandt andet p\u00e5 grund af konflikter, katastrofer eller ekstrem fattigdom. Andre steder oplever b\u00f8rn diskrimination, fysisk eller psykisk vold eller tvangs\u00e6gteskaber. Den internationale dag minder os derfor om, at b\u00f8rns rettigheder fortsat er skr\u00f8belige i mange sammenh\u00e6nge, og at de kr\u00e6ver koordineret indsats.<\/p>\n<p style=\"text-align: justify;\">Derudover er datoen vigtig for deltagere og organisationer, der arbejder med b\u00f8rn. Den understreger, at alle indsatser omkring b\u00f8rn skal foreg\u00e5 inden for tydelige rammer. Med andre ord handler et ansvarligt internationalt engagement altid om at beskytte b\u00f8rn, styrke deres handlekraft og underst\u00f8tte lokale kompetencer.<\/p>\n<h2><\/h2>\n<h2 id=\"principes-droits-enfant\" style=\"text-align: justify;\">Vigtige principper i b\u00f8rns rettigheder<\/h2>\n<p style=\"text-align: justify;\">F\u00f8r du rejser ud, er det afg\u00f8rende at kende de overordnede principper i konventionen. De udg\u00f8r et solidt fundament for alle aktiviteter i et <strong>internationalt forl\u00f8b<\/strong>. Principperne er ikke kun teori \u2013 de bliver til konkrete valg i hverdagen og p\u00e5virker den adf\u00e6rd, deltagere b\u00f8r have p\u00e5 stedet.<\/p>\n<h3 style=\"text-align: justify;\"><strong><span style=\"color: #800080;\">Princip om ikke-diskrimination<\/span><\/strong><\/h3>\n<p style=\"text-align: justify;\">Alle b\u00f8rn har de samme rettigheder \u2013 uanset baggrund, k\u00f8n, religion, sprog eller familiens situation. I praksis handler det om retf\u00e6rdighed og lige adgang. Det opfordrer deltagere til at skabe et inkluderende milj\u00f8 og undg\u00e5 b\u00e5de bevidste og ubevidste favoriseringer. Den daglige respekt kan styrke b\u00f8rns tryghed og selvv\u00e6rd.<\/p>\n<h3 style=\"text-align: justify;\"><strong><span style=\"color: #800080;\">Barnets bedste<\/span><\/strong><\/h3>\n<p style=\"text-align: justify;\">Princippet betyder, at beslutninger, der vedr\u00f8rer et barn, skal tage udgangspunkt i barnets trivsel. I praksis indeb\u00e6rer det, at aktiviteter tilpasses alder, tempo og behov. Det handler ogs\u00e5 om stabilitet, fordi sammenh\u00e6ngende, gradvise og godt rammesatte aktiviteter g\u00f8r det lettere for b\u00f8rn at f\u00f8le sig trygge.<\/p>\n<h3 style=\"text-align: justify;\"><strong><span style=\"color: #800080;\">Ret til overlevelse og udvikling<\/span><\/strong><\/h3>\n<p style=\"text-align: justify;\">B\u00f8rn har ret til en god og sammenh\u00e6ngende udvikling. Det omfatter fysisk og mental sundhed, skolegang, sikkerhed, sociale relationer og adgang til leg. Deltagere b\u00f8r derfor bidrage som et supplement til de lokale teams. Det mindsker afbrydelser og sikrer, at b\u00f8rn m\u00f8der en mere stabil og struktureret st\u00f8tte.<\/p>\n<h3 style=\"text-align: justify;\"><span style=\"color: #800080;\"><strong>Ret til at blive h\u00f8rt<\/strong><\/span><\/h3>\n<p style=\"text-align: justify;\">B\u00f8rn har ret til at udtrykke deres mening og blive taget alvorligt. P\u00e5 stedet betyder det, at deltagere lytter til b\u00f8rnenes faktiske behov. Det handler ogs\u00e5 om at tilpasse aktiviteter, stille enkle sp\u00f8rgsm\u00e5l og forklare, hvad der skal ske. N\u00e5r b\u00f8rns stemme respekteres, skaber det ro og styrker deres tillid.<\/p>\n<\/article>\n<p style=\"text-align: justify;\">\n<p><a href=\"https:\/\/www.vita-explorers.dk\/blog\/wp-content\/uploads\/2018\/05\/Programme-de-b\u00e9n\u00e9volat-international-avec-les-enfants-au-Cambodge-GlobAlong-min.jpg\"><img loading=\"lazy\" decoding=\"async\" class=\"size-medium wp-image-9877 aligncenter\" src=\"https:\/\/www.vita-explorers.dk\/blog\/wp-content\/uploads\/2018\/05\/Programme-de-b\u00e9n\u00e9volat-international-avec-les-enfants-au-Cambodge-GlobAlong-min-300x200.jpg\" alt=\"B\u00f8rn i Cambodja\" width=\"300\" height=\"200\" srcset=\"https:\/\/www.vita-explorers.dk\/blog\/wp-content\/uploads\/2018\/05\/Programme-de-b\u00e9n\u00e9volat-international-avec-les-enfants-au-Cambodge-GlobAlong-min-300x200.jpg 300w, https:\/\/www.vita-explorers.dk\/blog\/wp-content\/uploads\/2018\/05\/Programme-de-b\u00e9n\u00e9volat-international-avec-les-enfants-au-Cambodge-GlobAlong-min-768x512.jpg 768w, https:\/\/www.vita-explorers.dk\/blog\/wp-content\/uploads\/2018\/05\/Programme-de-b\u00e9n\u00e9volat-international-avec-les-enfants-au-Cambodge-GlobAlong-min-1024x683.jpg 1024w, https:\/\/www.vita-explorers.dk\/blog\/wp-content\/uploads\/2018\/05\/Programme-de-b\u00e9n\u00e9volat-international-avec-les-enfants-au-Cambodge-GlobAlong-min-150x100.jpg 150w\" sizes=\"(max-width: 300px) 100vw, 300px\" \/><\/a><\/p>\n<p>0<\/p>\n<article>\n<h2 id=\"volontariat-droits-enfant\" style=\"text-align: justify;\">Internationale forl\u00f8b og b\u00f8rns rettigheder: dilemmaer og ansvar<\/h2>\n<p style=\"text-align: justify;\">Et forl\u00f8b med aktiviteter omkring b\u00f8rn kan have en <a href=\"https:\/\/www.vita-explorers.dk\/blog\/impact-frivilligt-arbejde-i-udlandet\/\" target=\"_blank\" rel=\"noopener\">positiv effekt<\/a>. Samtidig f\u00f8lger der et stort ansvar med. B\u00f8rn er ikke en m\u00e5lgruppe som alle andre. De reagerer ofte st\u00e6rkere p\u00e5 forandringer, afsked og brud i relationer. Derfor b\u00f8r et godt projekt sikre kontinuitet, professionel rammes\u00e6tning og tydelige regler for deltagere.<\/p>\n<p style=\"text-align: justify;\">Et ansvarligt forl\u00f8b bygger p\u00e5 flere vigtige elementer. For det f\u00f8rste skal projekterne udvikles i samarbejde med lokale organisationer. Derudover skal de styrke det, der allerede fungerer. Samtidig skal deltagerens rolle v\u00e6re tydelig og afgr\u00e6nset til opgaver, der passer til vedkommendes kompetencer. Endelig kr\u00e6ver det respekt for lokale normer, fordi p\u00e6dagogiske og sociale praksisser kan variere fra sted til sted.<\/p>\n<p style=\"text-align: justify;\">I nogle sammenh\u00e6nge kan deltagere ogs\u00e5 st\u00f8tte forebyggende indsatser. Det kan for eksempel v\u00e6re at bidrage til workshops om hygiejne, ern\u00e6ring eller f\u00e6llesskab. De kan ogs\u00e5 indg\u00e5 sammen med sociale teams i legende eller kreative aktiviteter. Den type indsatser kan underst\u00f8tte b\u00f8rns rettigheder og samtidig bidrage til lokalsamfundet.<\/p>\n<h2><\/h2>\n<h2 id=\"missions-enfants\" style=\"text-align: justify;\">Eksempler p\u00e5 forl\u00f8b med fokus p\u00e5 b\u00f8rnebeskyttelse<\/h2>\n<p style=\"text-align: justify;\">Der findes mange typer forl\u00f8b, der relaterer sig til b\u00f8rns rettigheder. Nogle foreg\u00e5r p\u00e5 skoler, andre i sociale centre eller i lokale f\u00e6llesskabsrammer. Valget afh\u00e6nger af deltagerens kompetencer, opholdets l\u00e6ngde og de rammer, der er sat af det lokale team.<\/p>\n<h3 style=\"text-align: justify;\"><strong><span style=\"color: #800080;\">Lektiehj\u00e6lp og p\u00e6dagogiske aktiviteter<\/span><\/strong><\/h3>\n<p style=\"text-align: justify;\">Deltagere kan v\u00e6re med i l\u00e6ringsaktiviteter som l\u00e6seforl\u00f8b, l\u00e6ringslege eller kreative v\u00e6rksteder. Det kan styrke kreativitet, st\u00f8tte skolef\u00e6rdigheder og give b\u00f8rn mere selvtillid. Samtidig er det vigtigt, at deltagere ikke tager l\u00e6rernes rolle, men bidrager som st\u00f8tte.<\/p>\n<h3 style=\"text-align: justify;\"><strong><span style=\"color: #800080;\">Sociale, sportslige eller kulturelle aktiviteter<\/span><\/strong><\/h3>\n<p style=\"text-align: justify;\">I nogle tilbud kan deltagere v\u00e6re med til sport, udend\u00f8rs lege eller kulturaktiviteter. Det kan styrke f\u00e6llesskabet og give b\u00f8rn et rum til at udtrykke sig. Det bidrager ogs\u00e5 til deres fysiske og f\u00f8lelsesm\u00e6ssige trivsel.<\/p>\n<h3 style=\"text-align: justify;\"><strong><span style=\"color: #800080;\">Forebyggelse og undervisning i hverdagskompetencer<\/span><\/strong><\/h3>\n<p style=\"text-align: justify;\">Andre forl\u00f8b omfatter workshops om sundhed, ern\u00e6ring, hygiejne eller f\u00e6llesskab og medborgerskab. Den type aktiviteter kan st\u00f8tte familier og skabe bedre forbindelse mellem b\u00f8rn og deres sociale omgivelser. De kan ogs\u00e5 styrke forebyggelse og fremme positive vaner.<\/p>\n<h3 style=\"text-align: justify;\"><span style=\"color: #800080;\"><strong>Indirekte indsatser til gavn for b\u00f8rn<\/strong><\/span><\/h3>\n<p style=\"text-align: justify;\">Nogle forl\u00f8b indeb\u00e6rer ikke direkte kontakt med b\u00f8rn. Det kan for eksempel v\u00e6re kommunikation, administration eller planl\u00e6gning af lokale kampagner. Alligevel kan det underst\u00f8tte b\u00f8rns rettigheder ved at styrke de lokale tilbud og bidrage til bedre beskyttelse af b\u00f8rn og unge.<\/p>\n<\/article>\n<p>0<\/p>\n<p><a href=\"https:\/\/www.vita-explorers.dk\/blog\/wp-content\/uploads\/2018\/05\/IMG_0316-min.jpg\"><img loading=\"lazy\" decoding=\"async\" class=\"size-medium wp-image-10077 aligncenter\" src=\"https:\/\/www.vita-explorers.dk\/blog\/wp-content\/uploads\/2018\/05\/IMG_0316-min-300x225.jpg\" alt=\"international dag for b\u00f8rns rettigheder\" width=\"300\" height=\"225\" srcset=\"https:\/\/www.vita-explorers.dk\/blog\/wp-content\/uploads\/2018\/05\/IMG_0316-min-300x225.jpg 300w, https:\/\/www.vita-explorers.dk\/blog\/wp-content\/uploads\/2018\/05\/IMG_0316-min-768x576.jpg 768w, https:\/\/www.vita-explorers.dk\/blog\/wp-content\/uploads\/2018\/05\/IMG_0316-min-1024x768.jpg 1024w, https:\/\/www.vita-explorers.dk\/blog\/wp-content\/uploads\/2018\/05\/IMG_0316-min-150x113.jpg 150w\" sizes=\"(max-width: 300px) 100vw, 300px\" \/><\/a><\/p>\n<p>0<\/p>\n<article>\n<h2 id=\"choisir-mission-enfants\" style=\"text-align: justify;\">Hvordan v\u00e6lger man et etisk forl\u00f8b med b\u00f8rn?<\/h2>\n<p style=\"text-align: justify;\">At v\u00e6lge et <a href=\"https:\/\/www.vita-explorers.dk\/blog\/de-5-principper-for-etisk-frivilligt-arbejde-saadan-bliver-du-en-respektfuld-og-ansvarlig-deltager\/\" target=\"_blank\" rel=\"noopener\">etisk forl\u00f8b<\/a> er afg\u00f8rende for at beskytte b\u00f8rn. Flere kriterier kan hj\u00e6lpe med at vurdere, om et projekt er ansvarligt. For det f\u00f8rste skal rolle og forventninger v\u00e6re tydeligt beskrevet. For det andet skal det drives af en seri\u00f8s lokal organisation. Og endelig skal der v\u00e6re klare og strenge retningslinjer for b\u00f8rnebeskyttelse.<\/p>\n<h3 style=\"text-align: justify;\"><strong><span style=\"color: #800080;\">Kvaliteten af rammerne for deltageren<\/span><\/strong><\/h3>\n<p style=\"text-align: justify;\">Et etisk projekt beskriver opgaverne pr\u00e6cist og g\u00f8r det tydeligt, hvor gr\u00e6nserne g\u00e5r. Deltageren bidrager som st\u00f8tte og er under faglig rammes\u00e6tning p\u00e5 stedet. Det mindsker improvisation, sikrer sammenh\u00e6ng i aktiviteterne og beskytter b\u00f8rnene.<\/p>\n<h3 style=\"text-align: justify;\"><span style=\"color: #800080;\"><strong>St\u00e6rke lokale akt\u00f8rer<\/strong><\/span><\/h3>\n<p style=\"text-align: justify;\">Kvaliteten af et forl\u00f8b h\u00e6nger sammen med de lokale akt\u00f8rers erfaring. En solid organisation har ofte arbejdet med lokalsamfundet i flere \u00e5r. Den kontinuitet giver bedre opf\u00f8lgning for b\u00f8rnene og en bedre koordinering af deltageres indsats.<\/p>\n<h3 style=\"text-align: justify;\"><strong><span style=\"color: #800080;\">Retningslinjer for b\u00f8rnebeskyttelse<\/span><\/strong><\/h3>\n<p style=\"text-align: justify;\">Seri\u00f8se forl\u00f8b har en tydelig b\u00f8rnebeskyttelsespolitik. Den omfatter blandt andet regler for fotos, samv\u00e6r, brug af sociale medier og hvad der er passende i kontakt med b\u00f8rn. Retningslinjerne \u00f8ger b\u00f8rnenes sikkerhed og beskytter ogs\u00e5 deltagerne.<\/p>\n<h3 style=\"text-align: justify;\"><span style=\"color: #800080;\"><strong>Bevidsthed om egne gr\u00e6nser<\/strong><\/span><\/h3>\n<p style=\"text-align: justify;\">At arbejde t\u00e6t p\u00e5 b\u00f8rn kr\u00e6ver empati, t\u00e5lmodighed og f\u00f8lelsesm\u00e6ssig stabilitet. Derfor kan det v\u00e6re en god id\u00e9 at overveje sine motiver, sin tid og sin evne til at h\u00e5ndtere udfordrende situationer, f\u00f8r man rejser. Den forberedelse mindsker skuffelser og l\u00f8fter kvaliteten af opholdet.<\/p>\n<p style=\"text-align: justify;\">Hvis du vil forst\u00e5 perspektiverne bedre, kan du l\u00e6se de informationssider, der handler om internationale forl\u00f8b, eller artikler om projekter med b\u00f8rn. Det kan hj\u00e6lpe dig med at v\u00e6lge mere pr\u00e6cist og finde et forl\u00f8b, der passer til dig.<\/p>\n<\/article>\n<h2 style=\"text-align: justify;\"><\/h2>\n<p><a href=\"https:\/\/www.vita-explorers.dk\/blog\/wp-content\/uploads\/2017\/09\/Groupe-denfants-au-Maroc-GlobAlong-min.jpg\"><img loading=\"lazy\" decoding=\"async\" class=\"size-medium wp-image-6871 aligncenter\" src=\"https:\/\/www.vita-explorers.dk\/blog\/wp-content\/uploads\/2017\/09\/Groupe-denfants-au-Maroc-GlobAlong-min-300x225.jpg\" alt=\"international dag for b\u00f8rns rettigheder\" width=\"300\" height=\"225\" srcset=\"https:\/\/www.vita-explorers.dk\/blog\/wp-content\/uploads\/2017\/09\/Groupe-denfants-au-Maroc-GlobAlong-min-300x225.jpg 300w, https:\/\/www.vita-explorers.dk\/blog\/wp-content\/uploads\/2017\/09\/Groupe-denfants-au-Maroc-GlobAlong-min-768x576.jpg 768w, https:\/\/www.vita-explorers.dk\/blog\/wp-content\/uploads\/2017\/09\/Groupe-denfants-au-Maroc-GlobAlong-min-1024x768.jpg 1024w, https:\/\/www.vita-explorers.dk\/blog\/wp-content\/uploads\/2017\/09\/Groupe-denfants-au-Maroc-GlobAlong-min-150x113.jpg 150w\" sizes=\"(max-width: 300px) 100vw, 300px\" \/><\/a><\/p>\n<article>\n<h2><\/h2>\n<h2 id=\"bonnes-pratiques-enfants\" style=\"text-align: justify;\">Gode praksisser: s\u00e5dan respekterer du b\u00f8rns rettigheder i hverdagen<\/h2>\n<p style=\"text-align: justify;\">Respekt for b\u00f8rns rettigheder skabes i de sm\u00e5 ting \u2013 hver dag. Deltagere kan v\u00e6re med til at skabe trygge rammer ved at f\u00f8lge nogle enkle gode praksisser. De g\u00f8r en reel forskel og viser b\u00f8rn, at de bliver respekteret, lyttet til og beskyttet.<\/p>\n<h3 style=\"text-align: justify;\"><span style=\"color: #800080;\"><strong>F\u00f8lg de lokale retningslinjer<\/strong><\/span><\/h3>\n<p style=\"text-align: justify;\">De lokale teams fasts\u00e6tter regler, der skal sikre b\u00f8rnenes tryghed. Deltagere skal derfor f\u00f8lge disse retningslinjer. Selv hvis noget kan virke uvant, kan det h\u00e6nge sammen med kulturelle eller juridiske forhold. N\u00e5r reglerne respekteres, styrker det b\u00e5de tillid og sammenh\u00e6ng i indsatsen.<\/p>\n<h3 style=\"text-align: justify;\"><strong><span style=\"color: #800080;\">Beskyt b\u00f8rns privatliv<\/span><\/strong><\/h3>\n<p style=\"text-align: justify;\">Billeder af b\u00f8rn skal h\u00e5ndteres med omtanke. Deltagere b\u00f8r indhente tilladelse, f\u00f8r der tages billeder, og undg\u00e5 at dele f\u00f8lsomt materiale p\u00e5 sociale medier. Det beskytter b\u00f8rnenes v\u00e6rdighed og forebygger u\u00f8nsket spredning.<\/p>\n<h3 style=\"text-align: justify;\"><strong><span style=\"color: #800080;\">Styrk selvst\u00e6ndighed og deltagelse<\/span><\/strong><\/h3>\n<p style=\"text-align: justify;\">Aktiviteter b\u00f8r give b\u00f8rn plads. N\u00e5r man opmuntrer deres id\u00e9er, stiller enkle sp\u00f8rgsm\u00e5l eller giver dem en rolle i en leg, styrker det deres selvst\u00e6ndighed. Det respekterer retten til at blive h\u00f8rt og giver et mere balanceret l\u00e6ringsrum.<\/p>\n<h3 style=\"text-align: justify;\"><strong><span style=\"color: #800080;\">V\u00e6r rolig og konsekvent<\/span><\/strong><\/h3>\n<p style=\"text-align: justify;\">B\u00f8rn observerer meget. En rolig, respektfuld og konsekvent adf\u00e6rd skaber tryghed. Deltagere b\u00f8r derfor v\u00e6re stabile, forklare hvad der skal ske, og undg\u00e5 l\u00f8fter, der kan v\u00e6re sv\u00e6re at holde. Det beskytter b\u00f8rnene og styrker deres tillid.<\/p>\n<h2 style=\"text-align: justify;\"><\/h2>\n<h2 id=\"faq-volontariat-enfants\" style=\"text-align: justify;\">FAQ \u2013 International dag for b\u00f8rns rettigheder &#038; internationale forl\u00f8b<\/h2>\n<h3 style=\"text-align: justify;\"><span style=\"color: #800080;\"><strong>Hvorfor er denne dag relevant for deltagere?<\/strong><\/span><\/h3>\n<p style=\"text-align: justify;\">Dagen minder os om b\u00f8rns grundl\u00e6ggende rettigheder. Den opfordrer deltagere til at handle ansvarligt og tage udgangspunkt i b\u00f8rns reelle behov. Den g\u00f8r det ogs\u00e5 lettere at forst\u00e5, hvad b\u00f8rnebeskyttelse indeb\u00e6rer, f\u00f8r man rejser ud.<\/p>\n<h3 style=\"text-align: justify;\"><span style=\"color: #800080;\"><strong>Kan man deltage uden erfaring?<\/strong><\/span><\/h3>\n<p style=\"text-align: justify;\">Ja, hvis man er godt rammesat. Nybegyndere kan deltage i enkle opgaver, der er tilpasset og superviseret. Ofte f\u00e5r man ogs\u00e5 introduktion eller tr\u00e6ning, f\u00f8r aktiviteterne starter. Det \u00f8ger sikkerheden for b\u00f8rnene og mindsker fejl, der kan opst\u00e5 ved manglende erfaring.<\/p>\n<h3 style=\"text-align: justify;\"><strong><span style=\"color: #800080;\">Hvordan kan man kende et etisk forl\u00f8b?<\/span><\/strong><\/h3>\n<p style=\"text-align: justify;\">Et etisk forl\u00f8b har en tydelig b\u00f8rnebeskyttelsespolitik, en p\u00e5lidelig lokal organisation og en pr\u00e6cis beskrivelse af deltagerens rolle. Det sikrer ogs\u00e5 l\u00f8bende st\u00f8tte og opf\u00f8lgning. De kriterier g\u00f8r det mere sandsynligt, at b\u00f8rns rettigheder bliver respekteret.<\/p>\n<h3 style=\"text-align: justify;\"><span style=\"color: #800080;\"><strong>Er forl\u00f8b p\u00e5 b\u00f8rnecentre anbefalet?<\/strong><\/span><\/h3>\n<p style=\"text-align: justify;\">Fagfolk anbefaler at v\u00e6re varsom. Nogle former for institutionsophold kan \u00f8ge b\u00f8rns f\u00f8lelsesm\u00e6ssige utryghed. Samtidig kan hyppige skift af deltagere g\u00f8re relationer skr\u00f8belige. Derfor er det ofte bedre at prioritere lokalt forankrede, stabile rammer.<\/p>\n<h3 style=\"text-align: justify;\"><span style=\"color: #800080;\"><strong>Hvad g\u00f8r man, hvis noget virker skadeligt for b\u00f8rns trivsel?<\/strong><\/span><\/h3>\n<p style=\"text-align: justify;\">Hvis noget virker bekymrende, skal du informere de ansvarlige p\u00e5 stedet. Det g\u00f8r det muligt at vurdere situationen og beskytte b\u00f8rnene. Deltagere b\u00f8r aldrig handle alene i f\u00f8lsomme sager.<\/p>\n<h2 style=\"text-align: justify;\"><\/h2>\n<h2><a href=\"https:\/\/www.vita-explorers.dk\/blog\/wp-content\/uploads\/2016\/02\/FB_IMG_1439416535429.jpg\"><img loading=\"lazy\" decoding=\"async\" class=\"size-medium wp-image-989 aligncenter\" src=\"https:\/\/www.vita-explorers.dk\/blog\/wp-content\/uploads\/2016\/02\/FB_IMG_1439416535429-300x200.jpg\" alt=\"international dag for b\u00f8rns rettigheder\" width=\"300\" height=\"200\" srcset=\"https:\/\/www.vita-explorers.dk\/blog\/wp-content\/uploads\/2016\/02\/FB_IMG_1439416535429-300x200.jpg 300w, https:\/\/www.vita-explorers.dk\/blog\/wp-content\/uploads\/2016\/02\/FB_IMG_1439416535429-150x100.jpg 150w, https:\/\/www.vita-explorers.dk\/blog\/wp-content\/uploads\/2016\/02\/FB_IMG_1439416535429.jpg 720w\" sizes=\"(max-width: 300px) 100vw, 300px\" \/><\/a><\/h2>\n<h2><\/h2>\n<h2 id=\"conclusion-enfant-volontariat\" style=\"text-align: justify;\">Konklusion: at engagere sig over tid<\/h2>\n<p style=\"text-align: justify;\">Den <strong>internationale dag for b\u00f8rns rettigheder<\/strong> minder os om, at alle b\u00f8rn har ret til beskyttelse, respekt og st\u00f8tte. Den inviterer deltagere til at reflektere over deres rolle og v\u00e6lge en ansvarlig tilgang. Et etisk internationalt engagement bygger p\u00e5 forberedelse, dialog med de lokale teams og respekt for b\u00f8rnenes perspektiv.<\/p>\n<p style=\"text-align: justify;\">N\u00e5r man s\u00e6tter sig ind i omr\u00e5det, forbereder sig og v\u00e6lger seri\u00f8se forl\u00f8b, kan man v\u00e6re med til at underst\u00f8tte b\u00f8rns rettigheder. Engagementet kan ogs\u00e5 forts\u00e6tte efter opholdet \u2013 ved at dele viden i sit netv\u00e6rk, st\u00f8tte lokale initiativer eller videreformidle p\u00e5lidelige informationer. Det skaber en mere holdbar og sammenh\u00e6ngende indsats til gavn for b\u00e5de lokalsamfund og b\u00f8rn.<\/p>\n<\/article>\n<p><!-- ================== FAQ JSON-LD ================== --><br \/>\n<script type=\"application\/ld+json\">\n{\n\"@context\": \"https:\/\/schema.org\",\n\"@type\": \"FAQPage\",\n\"mainEntity\":[\n{\n\"@type\":\"Question\",\n\"name\":\"Hvorfor er denne dag relevant for deltagere?\",\n\"acceptedAnswer\":{\"@type\":\"Answer\",\"text\":\"Dagen minder os om b\u00f8rns grundl\u00e6ggende rettigheder og opfordrer deltagere til at arbejde ansvarligt og konsekvent.\"}\n},\n{\n\"@type\":\"Question\",\n\"name\":\"Kan man deltage uden erfaring?\",\n\"acceptedAnswer\":{\"@type\":\"Answer\",\"text\":\"Ja, hvis man er godt rammesat, f\u00e5r introduktion og indg\u00e5r i en tydelig rolle, der passer til begyndere.\"}\n},\n{\n\"@type\":\"Question\",\n\"name\":\"Hvordan kan man kende et etisk forl\u00f8b?\",\n\"acceptedAnswer\":{\"@type\":\"Answer\",\"text\":\"Et etisk forl\u00f8b har klare retningslinjer for b\u00f8rnebeskyttelse, en tydeligt defineret rolle og en p\u00e5lidelig lokal organisation.\"}\n},\n{\n\"@type\":\"Question\",\n\"name\":\"Er forl\u00f8b p\u00e5 b\u00f8rnecentre anbefalet?\",\n\"acceptedAnswer\":{\"@type\":\"Answer\",\"text\":\"Det kr\u00e6ver stor omtanke og b\u00f8r f\u00f8lge internationale anbefalinger for at beskytte b\u00f8rn.\"}\n},\n{\n\"@type\":\"Question\",\n\"name\":\"Hvad g\u00f8r man, hvis noget virker i strid med b\u00f8rns rettigheder?\",\n\"acceptedAnswer\":{\"@type\":\"Answer\",\"text\":\"Man skal informere de ansvarlige p\u00e5 stedet og f\u00f8lge de aftalte procedurer for at beskytte b\u00f8rnene.\"}\n}\n]\n}\n<\/script><\/p>\n<p id=\"contact\" style=\"text-align: center;\"><strong>Klar til at tage n\u00e6ste skridt?<\/strong><\/p>\n<p style=\"text-align: center;\"><a href=\"https:\/\/www.vita-explorers.dk\/#tel-contact-form-glob\" target=\"_blank\" rel=\"noopener\">Jeg vil gerne s\u00e6ttes i kontakt<\/a><\/p>\n<p class=\"muted\" style=\"text-align: center;\">\u00a9 VITA Institute \u2014 Ressourcer til ansvarlige internationale forl\u00f8b.<\/p>\n<p class=\"p4\" style=\"text-align: center;\"><b>Vil du h\u00f8re mere, er du velkommen til at kontakte os p\u00e5 <\/b><a href=\"mailto:info@globalong.com\"><span class=\"s2\"><b>info@globalong.com<\/b><\/span><\/a><\/p>\n<p class=\"p4\" style=\"text-align: center;\"><b>Vil du f\u00f8lge VITA og vores community, kan du finde os p\u00e5 <\/b><a href=\"https:\/\/www.instagram.com\/globalongofficiel\/\" target=\"_blank\" rel=\"noopener\"><span class=\"s2\"><b>Instagram<\/b><\/span><\/a><b>,<\/b><a href=\"https:\/\/www.facebook.com\/globalong\" target=\"_blank\" rel=\"noopener\"><span class=\"s2\"><b>Facebook<\/b><\/span><\/a><b>,<\/b><a href=\"https:\/\/www.linkedin.com\/company\/5113177\/admin\/feed\/posts\/\" target=\"_blank\" rel=\"noopener\"><span class=\"s2\"><b>LinkedIn<\/b><\/span><\/a><b>og<\/b><a href=\"https:\/\/www.youtube.com\/c\/globalong\/videos\" target=\"_blank\" rel=\"noopener\"><span class=\"s2\"><b>Youtube<\/b><\/span><\/a><b>!<\/b><\/p>\n","protected":false},"excerpt":{"rendered":"<p>International dag for b\u00f8rns rettigheder: forst\u00e5, handle og engag\u00e9r dig i internationale forl\u00f8b Den internationale dag for b\u00f8rns rettigheder, der markeres hvert \u00e5r den\u2026<\/p>\n","protected":false},"author":7,"featured_media":10737,"comment_status":"open","ping_status":"open","sticky":false,"template":"","format":"standard","meta":{"footnotes":""},"categories":[472],"tags":[],"yoast_head":"<!-- This site is optimized with the Yoast SEO Premium plugin v23.4 (Yoast SEO v23.4) - https:\/\/yoast.com\/wordpress\/plugins\/seo\/ -->\n<title>International dag for b\u00f8rns rettigheder &amp; frivilligt arbejde<\/title>\n<meta name=\"description\" content=\"Comprendre la journ\u00e9e internationale des droits de l\u2019enfant et choisir un volontariat international \u00e9thique et responsabl\" \/>\n<meta name=\"robots\" content=\"index, follow, max-snippet:-1, max-image-preview:large, max-video-preview:-1\" \/>\n<link rel=\"canonical\" href=\"https:\/\/www.vita-explorers.dk\/blog\/international-dag-for-boerns-rettigheder-frivilligt-arbejde\/\" \/>\n<meta property=\"og:locale\" content=\"da_DK\" \/>\n<meta property=\"og:type\" content=\"article\" \/>\n<meta property=\"og:title\" content=\"B\u00f8rnenes Internationale Rettighedsdag: forst\u00e5, handle og engagere dig i frivilligt arbejde i udlandet\" \/>\n<meta property=\"og:description\" content=\"Comprendre la journ\u00e9e internationale des droits de l\u2019enfant et choisir un volontariat international \u00e9thique et responsabl\" \/>\n<meta property=\"og:url\" content=\"https:\/\/www.vita-explorers.dk\/blog\/international-dag-for-boerns-rettigheder-frivilligt-arbejde\/\" \/>\n<meta property=\"og:site_name\" content=\"VITA Explorers Blog\" \/>\n<meta property=\"article:publisher\" content=\"https:\/\/www.facebook.com\/globalong\" \/>\n<meta property=\"article:published_time\" content=\"2025-11-20T04:42:18+00:00\" \/>\n<meta property=\"article:modified_time\" content=\"2025-11-17T21:30:46+00:00\" \/>\n<meta property=\"og:image\" content=\"https:\/\/www.vita-explorers.dk\/blog\/wp-content\/uploads\/2018\/07\/bonheur-denfants-volontariat-Globalong-min.jpg\" \/>\n\t<meta property=\"og:image:width\" content=\"1296\" \/>\n\t<meta property=\"og:image:height\" content=\"864\" \/>\n\t<meta property=\"og:image:type\" content=\"image\/jpeg\" \/>\n<meta name=\"author\" content=\"VITA Tribe\" \/>\n<meta name=\"twitter:card\" content=\"summary_large_image\" \/>\n<meta name=\"twitter:label1\" content=\"Skrevet af\" \/>\n\t<meta name=\"twitter:data1\" content=\"VITA Tribe\" \/>\n\t<meta name=\"twitter:label2\" content=\"Estimeret l\u00e6setid\" \/>\n\t<meta name=\"twitter:data2\" content=\"13 minutter\" \/>\n<script type=\"application\/ld+json\" class=\"yoast-schema-graph\">{\"@context\":\"https:\/\/schema.org\",\"@graph\":[{\"@type\":\"Article\",\"@id\":\"https:\/\/www.vita-explorers.dk\/blog\/international-dag-for-boerns-rettigheder-frivilligt-arbejde\/#article\",\"isPartOf\":{\"@id\":\"https:\/\/www.vita-explorers.dk\/blog\/international-dag-for-boerns-rettigheder-frivilligt-arbejde\/\"},\"author\":{\"name\":\"VITA Tribe\",\"@id\":\"https:\/\/www.vita-explorers.dk\/blog\/#\/schema\/person\/fc0343a2f2db2ebb2793c1f62dbe73f0\"},\"headline\":\"B\u00f8rnenes Internationale Rettighedsdag: forst\u00e5, handle og engagere dig i frivilligt arbejde i udlandet\",\"datePublished\":\"2025-11-20T04:42:18+00:00\",\"dateModified\":\"2025-11-17T21:30:46+00:00\",\"mainEntityOfPage\":{\"@id\":\"https:\/\/www.vita-explorers.dk\/blog\/international-dag-for-boerns-rettigheder-frivilligt-arbejde\/\"},\"wordCount\":2261,\"commentCount\":0,\"publisher\":{\"@id\":\"https:\/\/www.vita-explorers.dk\/blog\/#organization\"},\"image\":{\"@id\":\"https:\/\/www.vita-explorers.dk\/blog\/international-dag-for-boerns-rettigheder-frivilligt-arbejde\/#primaryimage\"},\"thumbnailUrl\":\"https:\/\/www.vita-explorers.dk\/blog\/wp-content\/uploads\/2018\/07\/bonheur-denfants-volontariat-Globalong-min.jpg\",\"articleSection\":[\"Oplysning\"],\"inLanguage\":\"da-DK\",\"potentialAction\":[{\"@type\":\"CommentAction\",\"name\":\"Comment\",\"target\":[\"https:\/\/www.vita-explorers.dk\/blog\/international-dag-for-boerns-rettigheder-frivilligt-arbejde\/#respond\"]}]},{\"@type\":\"WebPage\",\"@id\":\"https:\/\/www.vita-explorers.dk\/blog\/international-dag-for-boerns-rettigheder-frivilligt-arbejde\/\",\"url\":\"https:\/\/www.vita-explorers.dk\/blog\/international-dag-for-boerns-rettigheder-frivilligt-arbejde\/\",\"name\":\"International dag for b\u00f8rns rettigheder & frivilligt arbejde\",\"isPartOf\":{\"@id\":\"https:\/\/www.vita-explorers.dk\/blog\/#website\"},\"primaryImageOfPage\":{\"@id\":\"https:\/\/www.vita-explorers.dk\/blog\/international-dag-for-boerns-rettigheder-frivilligt-arbejde\/#primaryimage\"},\"image\":{\"@id\":\"https:\/\/www.vita-explorers.dk\/blog\/international-dag-for-boerns-rettigheder-frivilligt-arbejde\/#primaryimage\"},\"thumbnailUrl\":\"https:\/\/www.vita-explorers.dk\/blog\/wp-content\/uploads\/2018\/07\/bonheur-denfants-volontariat-Globalong-min.jpg\",\"datePublished\":\"2025-11-20T04:42:18+00:00\",\"dateModified\":\"2025-11-17T21:30:46+00:00\",\"description\":\"Comprendre la journ\u00e9e internationale des droits de l\u2019enfant et choisir un volontariat international \u00e9thique et responsabl\",\"breadcrumb\":{\"@id\":\"https:\/\/www.vita-explorers.dk\/blog\/international-dag-for-boerns-rettigheder-frivilligt-arbejde\/#breadcrumb\"},\"inLanguage\":\"da-DK\",\"potentialAction\":[{\"@type\":\"ReadAction\",\"target\":[\"https:\/\/www.vita-explorers.dk\/blog\/international-dag-for-boerns-rettigheder-frivilligt-arbejde\/\"]}]},{\"@type\":\"ImageObject\",\"inLanguage\":\"da-DK\",\"@id\":\"https:\/\/www.vita-explorers.dk\/blog\/international-dag-for-boerns-rettigheder-frivilligt-arbejde\/#primaryimage\",\"url\":\"https:\/\/www.vita-explorers.dk\/blog\/wp-content\/uploads\/2018\/07\/bonheur-denfants-volontariat-Globalong-min.jpg\",\"contentUrl\":\"https:\/\/www.vita-explorers.dk\/blog\/wp-content\/uploads\/2018\/07\/bonheur-denfants-volontariat-Globalong-min.jpg\",\"width\":1296,\"height\":864,\"caption\":\"journ\u00e9e mondiale de l'enfance\"},{\"@type\":\"BreadcrumbList\",\"@id\":\"https:\/\/www.vita-explorers.dk\/blog\/international-dag-for-boerns-rettigheder-frivilligt-arbejde\/#breadcrumb\",\"itemListElement\":[{\"@type\":\"ListItem\",\"position\":1,\"name\":\"Accueil\",\"item\":\"https:\/\/www.vita-explorers.dk\/blog\/\"},{\"@type\":\"ListItem\",\"position\":2,\"name\":\"B\u00f8rnenes Internationale Rettighedsdag: forst\u00e5, handle og engagere dig i frivilligt arbejde i udlandet\"}]},{\"@type\":\"WebSite\",\"@id\":\"https:\/\/www.vita-explorers.dk\/blog\/#website\",\"url\":\"https:\/\/www.vita-explorers.dk\/blog\/\",\"name\":\"Association Globalong\",\"description\":\"Frivilligt arbejde, sprogophold, praktik i udlandet og internationale oplevelser\",\"publisher\":{\"@id\":\"https:\/\/www.vita-explorers.dk\/blog\/#organization\"},\"potentialAction\":[{\"@type\":\"SearchAction\",\"target\":{\"@type\":\"EntryPoint\",\"urlTemplate\":\"https:\/\/www.vita-explorers.dk\/blog\/?s={search_term_string}\"},\"query-input\":{\"@type\":\"PropertyValueSpecification\",\"valueRequired\":true,\"valueName\":\"search_term_string\"}}],\"inLanguage\":\"da-DK\"},{\"@type\":\"Organization\",\"@id\":\"https:\/\/www.vita-explorers.dk\/blog\/#organization\",\"name\":\"Association Globalong\",\"url\":\"https:\/\/www.vita-explorers.dk\/blog\/\",\"logo\":{\"@type\":\"ImageObject\",\"inLanguage\":\"da-DK\",\"@id\":\"https:\/\/www.vita-explorers.dk\/blog\/#\/schema\/logo\/image\/\",\"url\":\"https:\/\/www.globalong.com\/blog\/wp-content\/uploads\/2014\/11\/cropped-cropped-Logo-et-Afrique-Globalong-petite-taille-2.jpg\",\"contentUrl\":\"https:\/\/www.globalong.com\/blog\/wp-content\/uploads\/2014\/11\/cropped-cropped-Logo-et-Afrique-Globalong-petite-taille-2.jpg\",\"width\":512,\"height\":512,\"caption\":\"Association Globalong\"},\"image\":{\"@id\":\"https:\/\/www.vita-explorers.dk\/blog\/#\/schema\/logo\/image\/\"},\"sameAs\":[\"https:\/\/www.facebook.com\/globalong\"]},{\"@type\":\"Person\",\"@id\":\"https:\/\/www.vita-explorers.dk\/blog\/#\/schema\/person\/fc0343a2f2db2ebb2793c1f62dbe73f0\",\"name\":\"VITA Tribe\",\"image\":{\"@type\":\"ImageObject\",\"inLanguage\":\"da-DK\",\"@id\":\"https:\/\/www.vita-explorers.dk\/blog\/#\/schema\/person\/image\/\",\"url\":\"https:\/\/secure.gravatar.com\/avatar\/f7f05026bb439d0c96b30e135e5f852c?s=96&d=mm&r=g\",\"contentUrl\":\"https:\/\/secure.gravatar.com\/avatar\/f7f05026bb439d0c96b30e135e5f852c?s=96&d=mm&r=g\",\"caption\":\"VITA Tribe\"},\"sameAs\":[\"http:\/\/www.globalong.com\"],\"url\":\"https:\/\/www.vita-explorers.dk\/blog\/author\/teamglobalong\/\"}]}<\/script>\n<!-- \/ Yoast SEO Premium plugin. -->","yoast_head_json":{"title":"International dag for b\u00f8rns rettigheder & frivilligt arbejde","description":"Comprendre la journ\u00e9e internationale des droits de l\u2019enfant et choisir un volontariat international \u00e9thique et responsabl","robots":{"index":"index","follow":"follow","max-snippet":"max-snippet:-1","max-image-preview":"max-image-preview:large","max-video-preview":"max-video-preview:-1"},"canonical":"https:\/\/www.vita-explorers.dk\/blog\/international-dag-for-boerns-rettigheder-frivilligt-arbejde\/","og_locale":"da_DK","og_type":"article","og_title":"B\u00f8rnenes Internationale Rettighedsdag: forst\u00e5, handle og engagere dig i frivilligt arbejde i udlandet","og_description":"Comprendre la journ\u00e9e internationale des droits de l\u2019enfant et choisir un volontariat international \u00e9thique et responsabl","og_url":"https:\/\/www.vita-explorers.dk\/blog\/international-dag-for-boerns-rettigheder-frivilligt-arbejde\/","og_site_name":"VITA Explorers Blog","article_publisher":"https:\/\/www.facebook.com\/globalong","article_published_time":"2025-11-20T04:42:18+00:00","article_modified_time":"2025-11-17T21:30:46+00:00","og_image":[{"width":1296,"height":864,"url":"https:\/\/www.vita-explorers.dk\/blog\/wp-content\/uploads\/2018\/07\/bonheur-denfants-volontariat-Globalong-min.jpg","type":"image\/jpeg"}],"author":"VITA Tribe","twitter_card":"summary_large_image","twitter_misc":{"Skrevet af":"VITA Tribe","Estimeret l\u00e6setid":"13 minutter"},"schema":{"@context":"https:\/\/schema.org","@graph":[{"@type":"Article","@id":"https:\/\/www.vita-explorers.dk\/blog\/international-dag-for-boerns-rettigheder-frivilligt-arbejde\/#article","isPartOf":{"@id":"https:\/\/www.vita-explorers.dk\/blog\/international-dag-for-boerns-rettigheder-frivilligt-arbejde\/"},"author":{"name":"VITA Tribe","@id":"https:\/\/www.vita-explorers.dk\/blog\/#\/schema\/person\/fc0343a2f2db2ebb2793c1f62dbe73f0"},"headline":"B\u00f8rnenes Internationale Rettighedsdag: forst\u00e5, handle og engagere dig i frivilligt arbejde i udlandet","datePublished":"2025-11-20T04:42:18+00:00","dateModified":"2025-11-17T21:30:46+00:00","mainEntityOfPage":{"@id":"https:\/\/www.vita-explorers.dk\/blog\/international-dag-for-boerns-rettigheder-frivilligt-arbejde\/"},"wordCount":2261,"commentCount":0,"publisher":{"@id":"https:\/\/www.vita-explorers.dk\/blog\/#organization"},"image":{"@id":"https:\/\/www.vita-explorers.dk\/blog\/international-dag-for-boerns-rettigheder-frivilligt-arbejde\/#primaryimage"},"thumbnailUrl":"https:\/\/www.vita-explorers.dk\/blog\/wp-content\/uploads\/2018\/07\/bonheur-denfants-volontariat-Globalong-min.jpg","articleSection":["Oplysning"],"inLanguage":"da-DK","potentialAction":[{"@type":"CommentAction","name":"Comment","target":["https:\/\/www.vita-explorers.dk\/blog\/international-dag-for-boerns-rettigheder-frivilligt-arbejde\/#respond"]}]},{"@type":"WebPage","@id":"https:\/\/www.vita-explorers.dk\/blog\/international-dag-for-boerns-rettigheder-frivilligt-arbejde\/","url":"https:\/\/www.vita-explorers.dk\/blog\/international-dag-for-boerns-rettigheder-frivilligt-arbejde\/","name":"International dag for b\u00f8rns rettigheder & frivilligt arbejde","isPartOf":{"@id":"https:\/\/www.vita-explorers.dk\/blog\/#website"},"primaryImageOfPage":{"@id":"https:\/\/www.vita-explorers.dk\/blog\/international-dag-for-boerns-rettigheder-frivilligt-arbejde\/#primaryimage"},"image":{"@id":"https:\/\/www.vita-explorers.dk\/blog\/international-dag-for-boerns-rettigheder-frivilligt-arbejde\/#primaryimage"},"thumbnailUrl":"https:\/\/www.vita-explorers.dk\/blog\/wp-content\/uploads\/2018\/07\/bonheur-denfants-volontariat-Globalong-min.jpg","datePublished":"2025-11-20T04:42:18+00:00","dateModified":"2025-11-17T21:30:46+00:00","description":"Comprendre la journ\u00e9e internationale des droits de l\u2019enfant et choisir un volontariat international \u00e9thique et responsabl","breadcrumb":{"@id":"https:\/\/www.vita-explorers.dk\/blog\/international-dag-for-boerns-rettigheder-frivilligt-arbejde\/#breadcrumb"},"inLanguage":"da-DK","potentialAction":[{"@type":"ReadAction","target":["https:\/\/www.vita-explorers.dk\/blog\/international-dag-for-boerns-rettigheder-frivilligt-arbejde\/"]}]},{"@type":"ImageObject","inLanguage":"da-DK","@id":"https:\/\/www.vita-explorers.dk\/blog\/international-dag-for-boerns-rettigheder-frivilligt-arbejde\/#primaryimage","url":"https:\/\/www.vita-explorers.dk\/blog\/wp-content\/uploads\/2018\/07\/bonheur-denfants-volontariat-Globalong-min.jpg","contentUrl":"https:\/\/www.vita-explorers.dk\/blog\/wp-content\/uploads\/2018\/07\/bonheur-denfants-volontariat-Globalong-min.jpg","width":1296,"height":864,"caption":"journ\u00e9e mondiale de l'enfance"},{"@type":"BreadcrumbList","@id":"https:\/\/www.vita-explorers.dk\/blog\/international-dag-for-boerns-rettigheder-frivilligt-arbejde\/#breadcrumb","itemListElement":[{"@type":"ListItem","position":1,"name":"Accueil","item":"https:\/\/www.vita-explorers.dk\/blog\/"},{"@type":"ListItem","position":2,"name":"B\u00f8rnenes Internationale Rettighedsdag: forst\u00e5, handle og engagere dig i frivilligt arbejde i udlandet"}]},{"@type":"WebSite","@id":"https:\/\/www.vita-explorers.dk\/blog\/#website","url":"https:\/\/www.vita-explorers.dk\/blog\/","name":"Association Globalong","description":"Frivilligt arbejde, sprogophold, praktik i udlandet og internationale oplevelser","publisher":{"@id":"https:\/\/www.vita-explorers.dk\/blog\/#organization"},"potentialAction":[{"@type":"SearchAction","target":{"@type":"EntryPoint","urlTemplate":"https:\/\/www.vita-explorers.dk\/blog\/?s={search_term_string}"},"query-input":{"@type":"PropertyValueSpecification","valueRequired":true,"valueName":"search_term_string"}}],"inLanguage":"da-DK"},{"@type":"Organization","@id":"https:\/\/www.vita-explorers.dk\/blog\/#organization","name":"Association Globalong","url":"https:\/\/www.vita-explorers.dk\/blog\/","logo":{"@type":"ImageObject","inLanguage":"da-DK","@id":"https:\/\/www.vita-explorers.dk\/blog\/#\/schema\/logo\/image\/","url":"https:\/\/www.globalong.com\/blog\/wp-content\/uploads\/2014\/11\/cropped-cropped-Logo-et-Afrique-Globalong-petite-taille-2.jpg","contentUrl":"https:\/\/www.globalong.com\/blog\/wp-content\/uploads\/2014\/11\/cropped-cropped-Logo-et-Afrique-Globalong-petite-taille-2.jpg","width":512,"height":512,"caption":"Association Globalong"},"image":{"@id":"https:\/\/www.vita-explorers.dk\/blog\/#\/schema\/logo\/image\/"},"sameAs":["https:\/\/www.facebook.com\/globalong"]},{"@type":"Person","@id":"https:\/\/www.vita-explorers.dk\/blog\/#\/schema\/person\/fc0343a2f2db2ebb2793c1f62dbe73f0","name":"VITA Tribe","image":{"@type":"ImageObject","inLanguage":"da-DK","@id":"https:\/\/www.vita-explorers.dk\/blog\/#\/schema\/person\/image\/","url":"https:\/\/secure.gravatar.com\/avatar\/f7f05026bb439d0c96b30e135e5f852c?s=96&d=mm&r=g","contentUrl":"https:\/\/secure.gravatar.com\/avatar\/f7f05026bb439d0c96b30e135e5f852c?s=96&d=mm&r=g","caption":"VITA Tribe"},"sameAs":["http:\/\/www.globalong.com"],"url":"https:\/\/www.vita-explorers.dk\/blog\/author\/teamglobalong\/"}]}},"_links":{"self":[{"href":"https:\/\/www.vita-explorers.dk\/blog\/wp-json\/wp\/v2\/posts\/22584"}],"collection":[{"href":"https:\/\/www.vita-explorers.dk\/blog\/wp-json\/wp\/v2\/posts"}],"about":[{"href":"https:\/\/www.vita-explorers.dk\/blog\/wp-json\/wp\/v2\/types\/post"}],"author":[{"embeddable":true,"href":"https:\/\/www.vita-explorers.dk\/blog\/wp-json\/wp\/v2\/users\/7"}],"replies":[{"embeddable":true,"href":"https:\/\/www.vita-explorers.dk\/blog\/wp-json\/wp\/v2\/comments?post=22584"}],"version-history":[{"count":2,"href":"https:\/\/www.vita-explorers.dk\/blog\/wp-json\/wp\/v2\/posts\/22584\/revisions"}],"predecessor-version":[{"id":22586,"href":"https:\/\/www.vita-explorers.dk\/blog\/wp-json\/wp\/v2\/posts\/22584\/revisions\/22586"}],"wp:featuredmedia":[{"embeddable":true,"href":"https:\/\/www.vita-explorers.dk\/blog\/wp-json\/wp\/v2\/media\/10737"}],"wp:attachment":[{"href":"https:\/\/www.vita-explorers.dk\/blog\/wp-json\/wp\/v2\/media?parent=22584"}],"wp:term":[{"taxonomy":"category","embeddable":true,"href":"https:\/\/www.vita-explorers.dk\/blog\/wp-json\/wp\/v2\/categories?post=22584"},{"taxonomy":"post_tag","embeddable":true,"href":"https:\/\/www.vita-explorers.dk\/blog\/wp-json\/wp\/v2\/tags?post=22584"}],"curies":[{"name":"wp","href":"https:\/\/api.w.org\/{rel}","templated":true}]}}