{"id":22651,"date":"2025-11-24T21:59:53","date_gmt":"2025-11-24T20:59:53","guid":{"rendered":"https:\/\/www.globalong.com\/blog\/?p=22651"},"modified":"2025-11-25T21:46:28","modified_gmt":"2025-11-25T20:46:28","slug":"humanitaert-unge","status":"publish","type":"post","link":"https:\/\/www.vita-explorers.dk\/blog\/humanitaert-unge\/","title":{"rendered":"At lade sit barn tage p\u00e5 et internationalt forl\u00f8b: en beslutning, der kan forandre"},"content":{"rendered":"<h1>At lade sit barn rejse ud p\u00e5 et internationalt forl\u00f8b: en beslutning, der kan g\u00f8re en forskel<\/h1>\n<p style=\"text-align: justify;\">N\u00e5r ens barn fort\u00e6ller, at det gerne vil deltage i et <strong>internationalt frivilligt forl\u00f8b for unge<\/strong>, rammer det ofte flere f\u00f8lelser p\u00e5 \u00e9n gang. Der er stoltheden \u2013 men ogs\u00e5 utrygheden ved det ukendte, bekymringen ved at sende sit barn langt v\u00e6k og tvivlen om, hvorvidt det kan h\u00e5ndtere oplevelsen. Samtidig kan den type engagement blive et vigtigt vendepunkt. N\u00e5r et ophold eller praktik i udlandet er godt forberedt og rammesat, kan det hj\u00e6lpe den unge med at l\u00e6re sig selv bedre at kende, blive mere moden og opbygge en selvst\u00e6ndighed, som kan v\u00e6re sv\u00e6r at f\u00e5 i mere velkendte rammer.<\/p>\n<p style=\"text-align: justify;\">Solidaritetsprojekter og internationale ophold er mere end \u201cbare en rejse\u201d. De giver unge et s\u00e6rligt l\u00e6ringsrum, hvor hver dag bringer nye erfaringer. Oplevelsen udfordrer vaner og trygge rammer, giver indblik i andre livsvilk\u00e5r og kr\u00e6ver ansvar p\u00e5 nye m\u00e5der. Derfor kan et s\u00e5dant forl\u00f8b blive en st\u00e6rk byggesten i den unges udvikling \u2013 og samtidig noget, der p\u00e5virker hele familien.<\/p>\n<nav id=\"sommaire\"><strong>Indhold<\/strong><\/p>\n<ul>\n<li><a href=\"#motivation-jeunes\">Hvorfor vil unge gerne rejse ud?<\/a><\/li>\n<li><a href=\"#impact-experience\">De positive effekter af en international erfaring<\/a><\/li>\n<li><a href=\"#autonomie-maturite\">Selvst\u00e6ndighed, selvtillid og overgangen til voksenlivet<\/a><\/li>\n<li><a href=\"#competences-humaines\">Menneskelige kompetencer, man udvikler undervejs<\/a><\/li>\n<li><a href=\"#stages-etranger\">Praktik i udlandet: en anden vej for unge<\/a><\/li>\n<li><a href=\"#inquietudes-parents\">For\u00e6ldres bekymringer: hvordan kan de m\u00f8des?<\/a><\/li>\n<li><a href=\"#encadrement-securite\">Tryghed, rammer og organisering af opholdet<\/a><\/li>\n<li><a href=\"#temoignage-famille\">Oplevelse: et ophold, der \u00e6ndrede en familie<\/a><\/li>\n<li><a href=\"#accompagnement-parental\">At st\u00f8tte sit barn f\u00f8r, under og efter<\/a><\/li>\n<li><a href=\"#faq-mission\">FAQ \u2013 Internationale forl\u00f8b og praktik i udlandet for unge<\/a><\/li>\n<\/ul>\n<\/nav>\n<h2><\/h2>\n<h2><a href=\"https:\/\/www.vita-explorers.dk\/blog\/wp-content\/uploads\/2017\/11\/Australie-Globalong-excursion-min.jpg\"><img loading=\"lazy\" decoding=\"async\" class=\"size-medium wp-image-7555 aligncenter\" src=\"https:\/\/www.vita-explorers.dk\/blog\/wp-content\/uploads\/2017\/11\/Australie-Globalong-excursion-min-300x205.jpg\" alt=\"Konkrete og l\u00e6rerige forl\u00f8b \u2013 altid tilpasset mindre\u00e5rige og med tydelige rammer.\" width=\"300\" height=\"205\" srcset=\"https:\/\/www.vita-explorers.dk\/blog\/wp-content\/uploads\/2017\/11\/Australie-Globalong-excursion-min-300x205.jpg 300w, https:\/\/www.vita-explorers.dk\/blog\/wp-content\/uploads\/2017\/11\/Australie-Globalong-excursion-min-768x526.jpg 768w, https:\/\/www.vita-explorers.dk\/blog\/wp-content\/uploads\/2017\/11\/Australie-Globalong-excursion-min-150x103.jpg 150w, https:\/\/www.vita-explorers.dk\/blog\/wp-content\/uploads\/2017\/11\/Australie-Globalong-excursion-min.jpg 789w\" sizes=\"(max-width: 300px) 100vw, 300px\" \/><\/a><\/h2>\n<p>\u00a0<\/p>\n<h2 id=\"motivation-jeunes\" style=\"text-align: justify;\">Hvorfor vil unge gerne rejse ud?<\/h2>\n<p style=\"text-align: justify;\">\u00d8nsket om at rejse v\u00e6k fra hjemmet opst\u00e5r sj\u00e6ldent ud af det bl\u00e5. Mange unge og unge voksne har et behov for at m\u00f8de andre virkeligheder, g\u00f8re sig nyttige og finde mening i deres retning. De vil gerne opleve noget, der adskiller sig fra familieferier eller studieture. For dem kan det at deltage i et solidaritetsprojekt eller et <a href=\"https:\/\/www.vita-explorers.dk\/treeprod?prefilter-get=true&#038;nodes[]=10\" target=\"_blank\" rel=\"noopener\">praktikforl\u00f8b i udlandet<\/a> v\u00e6re en sj\u00e6lden mulighed for at tage et aktivt skridt ud i verden.<\/p>\n<p style=\"text-align: justify;\">Det h\u00e6nger ogs\u00e5 ofte sammen med tanker om fremtiden. I slutningen af gymnasiet eller i starten af videreg\u00e5ende uddannelse er der unge, der endnu ikke ved, hvilken retning de vil g\u00e5. En periode i udlandet, i et struktureret forl\u00f8b, giver dem mulighed for at afpr\u00f8ve sig selv, m\u00e6rke deres gr\u00e6nser og opdage, hvad der motiverer dem \u2013 i en hverdag, der kan v\u00e6re langt fra deres egen. I den sammenh\u00e6ng kan et internationalt frivilligt ophold eller en ansvarlig praktik v\u00e6re det, der s\u00e6tter noget i gang.<\/p>\n<h3 style=\"text-align: justify;\"><span style=\"color: #800080;\"><strong>Betydningen af fort\u00e6llinger og gode eksempler<\/strong><\/span><\/h3>\n<p style=\"text-align: justify;\">Fort\u00e6llinger fra andre unge spiller ogs\u00e5 en stor rolle. Online eller i deres netv\u00e6rk m\u00f8der de erfaringer, der beskriver et intensivt ophold med nye relationer, kulturm\u00f8der og nogle gange vigtige erkendelser. N\u00e5r det bliver konkret, f\u00f8les det mere realistisk. Det viser, at med god forberedelse og tydelige rammer kan et internationalt ophold eller en praktik i udlandet v\u00e6re inden for r\u00e6kkevidde for mange.<\/p>\n<h2><\/h2>\n<h2 id=\"impact-experience\" style=\"text-align: justify;\">De positive effekter af en international erfaring<\/h2>\n<p style=\"text-align: justify;\">Et <a href=\"https:\/\/www.vita-explorers.dk\/blog\/internationalt-immersionsforloeb-og-frivilligt-arbejde\/\" target=\"_blank\" rel=\"noopener\">ophold i udlandet<\/a> kan give mange positive effekter. F\u00f8rst og fremmest f\u00e5r den unge kulturm\u00f8det helt t\u00e6t p\u00e5: sprog, hverdagsvaner, m\u00e5ltider, m\u00e5der at hilse p\u00e5 \u2013 og hvordan man samarbejder. Den respektfulde kontakt med det, der er anderledes, udvider perspektivet og styrker \u00e5benheden. Man opdager, at verden er st\u00f8rre end de rammer, man kommer fra.<\/p>\n<p style=\"text-align: justify;\">Derudover \u00e6ndrer det ofte m\u00e5den, man l\u00e6rer p\u00e5. V\u00e6k fra klasselokalet bliver den unge medskaber af sin egen hverdag. Man observerer, stiller sp\u00f8rgsm\u00e5l, deltager i konkrete opgaver og ser resultaterne t\u00e6t p\u00e5. Den mere praksisn\u00e6re l\u00e6ring g\u00f8r oplevelsen levende og til at forst\u00e5 i dybden \u2013 og den supplerer fint det, man f\u00e5r med fra skole eller uddannelse.<\/p>\n<h3 style=\"text-align: justify;\"><strong><span style=\"color: #800080;\">Et varigt perspektiv p\u00e5 verden<\/span><\/strong><\/h3>\n<p style=\"text-align: justify;\">Efter et ophold med god st\u00f8tte fort\u00e6ller mange unge, at de ser verden med nye \u00f8jne. De f\u00f8ler sig mere forbundet med, hvad der sker andre steder, interesserer sig for emner, de ikke tidligere har t\u00e6nkt over, og reflekterer over deres valg i hverdagen \u2013 fx forbrug, rejsevaner eller hvordan de selv kan bidrage. Den form for perspektiv er en af de store styrker ved internationale forl\u00f8b, uanset om det er praktik i udlandet eller et ophold med et socialt form\u00e5l.<\/p>\n<h2><\/h2>\n<p><a href=\"https:\/\/www.vita-explorers.dk\/blog\/wp-content\/uploads\/2018\/10\/Vol1_turtle-2-min.jpg\"><img loading=\"lazy\" decoding=\"async\" class=\"size-medium wp-image-11787 aligncenter\" src=\"https:\/\/www.vita-explorers.dk\/blog\/wp-content\/uploads\/2018\/10\/Vol1_turtle-2-min-300x204.jpg\" alt=\"Veterin\u00e6rstuderende, der arbejder med dyr under et praktikforl\u00f8b i udlandet.\" width=\"300\" height=\"204\" srcset=\"https:\/\/www.vita-explorers.dk\/blog\/wp-content\/uploads\/2018\/10\/Vol1_turtle-2-min-300x204.jpg 300w, https:\/\/www.vita-explorers.dk\/blog\/wp-content\/uploads\/2018\/10\/Vol1_turtle-2-min-768x522.jpg 768w, https:\/\/www.vita-explorers.dk\/blog\/wp-content\/uploads\/2018\/10\/Vol1_turtle-2-min-1024x697.jpg 1024w, https:\/\/www.vita-explorers.dk\/blog\/wp-content\/uploads\/2018\/10\/Vol1_turtle-2-min-150x102.jpg 150w, https:\/\/www.vita-explorers.dk\/blog\/wp-content\/uploads\/2018\/10\/Vol1_turtle-2-min.jpg 1426w\" sizes=\"(max-width: 300px) 100vw, 300px\" \/><\/a><\/p>\n<p>\u00a0<\/p>\n<h2 id=\"autonomie-maturite\" style=\"text-align: justify;\">Selvst\u00e6ndighed, selvtillid og overgangen til voksenlivet<\/h2>\n<p style=\"text-align: justify;\">En af de mest tydelige effekter handler om selvst\u00e6ndighed. For f\u00f8rste gang skal den unge h\u00e5ndtere mange dele af hverdagen uden for\u00e6ldre t\u00e6t p\u00e5. Man skal kunne m\u00f8de til tiden, planl\u00e6gge, pakke, t\u00e6nke fremad \u2013 og indimellem h\u00e5ndtere sm\u00e5 udfordringer. Det ansvar, der kommer gradvist, giver mulighed for at erfare, at man faktisk kan.<\/p>\n<p style=\"text-align: justify;\">Den nye selvst\u00e6ndighed f\u00f8lges ofte af mere selvtillid. N\u00e5r man l\u00e6rer at finde sig til rette, skabe relationer og bidrage til konkrete opgaver, vokser trygheden i egne evner. Den unge oplever, at id\u00e9er kan v\u00e6re brugbare, at indsats betyder noget, og at man kan indg\u00e5 i noget, der r\u00e6kker ud over \u00e9n selv. Det spiller en vigtig rolle i overgangen til voksenlivet.<\/p>\n<h3 style=\"text-align: justify;\"><strong><span style=\"color: #800080;\">Et vigtigt skridt for hele familien<\/span><\/strong><\/h3>\n<p style=\"text-align: justify;\">For for\u00e6ldre er det sj\u00e6ldent let at sige farvel. Men mange oplever, at det ogs\u00e5 er godt for familien som helhed. N\u00e5r den unge kommer hjem, vender vedkommende ofte tilbage med en ny ro, mere ansvarsf\u00f8lelse og en bedre evne til at s\u00e6tte ord p\u00e5 behov. Ogs\u00e5 samtalerne derhjemme kan udvikle sig i retning af mere tillid og gensidig respekt. P\u00e5 den m\u00e5de kan det at st\u00f8tte et <strong>internationalt frivilligt forl\u00f8b for unge<\/strong> eller en praktik i udlandet blive en f\u00e6lles familiebeslutning.<\/p>\n<h2><\/h2>\n<h2 id=\"competences-humaines\" style=\"text-align: justify;\">De kompetencer, man udvikler i internationale forl\u00f8b for unge<\/h2>\n<p style=\"text-align: justify;\">Undervejs udvikler unge en r\u00e6kke vigtige menneskelige kompetencer. De \u00f8ver sig i at lytte, forst\u00e5 andre og samarbejde i nye rammer. Den type kompetencer er sv\u00e6re at l\u00e6re udelukkende i teori \u2013 men de vokser naturligt, n\u00e5r man indg\u00e5r i et <strong>internationalt frivilligt forl\u00f8b for unge<\/strong> eller et n\u00e6rt solidaritetsprojekt.<\/p>\n<p style=\"text-align: justify;\">Samarbejde fylder typisk meget. Det kr\u00e6ver opm\u00e6rksomhed p\u00e5 andre, tydelig kommunikation og vilje til at tage forskellige perspektiver alvorligt. I den proces l\u00e6rer den unge, hvor meget respekt, t\u00e5lmodighed og fleksibilitet betyder. Det er erfaringer, man senere kan bruge i studier, job og i hverdagen.<\/p>\n<h3 style=\"text-align: justify;\"><strong><span style=\"color: #800080;\">At h\u00e5ndtere f\u00f8lelser og uforudsete situationer<\/span><\/strong><\/h3>\n<p style=\"text-align: justify;\">Et ophold i udlandet kan ogs\u00e5 byde p\u00e5 situationer, man ikke havde forudset. En \u00e6ndring i programmet, en sproglig misforst\u00e5else eller en lille frustration kan v\u00e6re sv\u00e6r i starten. Over tid l\u00e6rer mange at s\u00e6tte ting i perspektiv, bede om hj\u00e6lp og finde konkrete l\u00f8sninger. Evnen til at h\u00e5ndtere egne f\u00f8lelser og bevare roen er en af de mest v\u00e6rdifulde ting, man kan tage med hjem.<\/p>\n<h2><\/h2>\n<h2 id=\"stages-etranger\" style=\"text-align: justify;\">Praktik i udlandet: en anden vej for unge<\/h2>\n<p style=\"text-align: justify;\">Et <a href=\"https:\/\/www.vita-explorers.dk\/blog\/studiepraktik-usa-2026-og-2027\/\" target=\"_blank\" rel=\"noopener\">praktikforl\u00f8b i udlandet<\/a> kan v\u00e6re et godt supplement til solidaritetsprojekter. Det giver en f\u00f8rste indgang til en professionel hverdag og samtidig et kulturm\u00f8de. Den unge l\u00e6rer arbejdslivets grundl\u00e6ggende spilleregler at kende, ser nye m\u00e5der at g\u00f8re ting p\u00e5 og bidrager \u2013 p\u00e5 et niveau, der passer \u2013 til konkrete opgaver. Det g\u00f8r det lettere at m\u00e6rke efter, om et fagomr\u00e5de eller en retning giver mening.<\/p>\n<p style=\"text-align: justify;\">I en international praktik l\u00e6rer man at overholde arbejdstider, f\u00f8lge aftaler og samarbejde med kolleger med forskellige baggrunde. Samtidig bliver man bedre til at formulere sig klart og tilpasse sig teamets forventninger. N\u00e5r praktikforl\u00f8bet ligger i forl\u00e6ngelse af et internationalt frivilligt forl\u00f8b for unge eller et andet engagement, kan det give en tydelig r\u00f8d tr\u00e5d i den unges udvikling.<\/p>\n<h3 style=\"text-align: justify;\"><strong><span style=\"color: #800080;\">En konkret styrke senere<\/span><\/strong><\/h3>\n<p style=\"text-align: justify;\">Uanset om det er et forl\u00f8b med socialt fokus eller en praktik i en organisation, s\u00e6tter et ophold i udlandet ofte tydelige spor. Det <a href=\"https:\/\/www.vita-explorers.dk\/blog\/udvikl-dine-professionelle-kompetencer-med-internationalt-frivilligt-arbejde\/\" target=\"_blank\" rel=\"noopener\">styrker CV\u2019et<\/a> \u2013 men is\u00e6r den unges evne til at pr\u00e6sentere sig selv og s\u00e6tte ord p\u00e5 sine kompetencer. Til jobsamtaler eller mundtlige eksamener bliver erfaringen ofte et konkret eksempel, man kan tr\u00e6kke p\u00e5.<\/p>\n<h2><\/h2>\n<p><a href=\"https:\/\/www.vita-explorers.dk\/blog\/wp-content\/uploads\/2023\/02\/Capture-de\u0301cran-2023-02-07-a\u0300-16.44.02.png\"><img loading=\"lazy\" decoding=\"async\" class=\"size-medium wp-image-15172 aligncenter\" src=\"https:\/\/www.vita-explorers.dk\/blog\/wp-content\/uploads\/2023\/02\/Capture-de\u0301cran-2023-02-07-a\u0300-16.44.02-300x193.png\" alt=\"Sprogophold for teenagere\" width=\"300\" height=\"193\" srcset=\"https:\/\/www.vita-explorers.dk\/blog\/wp-content\/uploads\/2023\/02\/Capture-de\u0301cran-2023-02-07-a\u0300-16.44.02-300x193.png 300w, https:\/\/www.vita-explorers.dk\/blog\/wp-content\/uploads\/2023\/02\/Capture-de\u0301cran-2023-02-07-a\u0300-16.44.02-1024x659.png 1024w, https:\/\/www.vita-explorers.dk\/blog\/wp-content\/uploads\/2023\/02\/Capture-de\u0301cran-2023-02-07-a\u0300-16.44.02-768x494.png 768w, https:\/\/www.vita-explorers.dk\/blog\/wp-content\/uploads\/2023\/02\/Capture-de\u0301cran-2023-02-07-a\u0300-16.44.02-1536x988.png 1536w, https:\/\/www.vita-explorers.dk\/blog\/wp-content\/uploads\/2023\/02\/Capture-de\u0301cran-2023-02-07-a\u0300-16.44.02.png 2024w\" sizes=\"(max-width: 300px) 100vw, 300px\" \/><\/a><\/p>\n<p>\u00a0<\/p>\n<h2 id=\"inquietudes-parents\" style=\"text-align: justify;\">For\u00e6ldres bekymringer: hvordan kan de m\u00f8des?<\/h2>\n<p style=\"text-align: justify;\">Det er helt naturligt at t\u00e6nke p\u00e5 tryghed, helbred, afstand og kvaliteten af rammerne. Nogle for\u00e6ldre frygter, at deres barn er for ungt, ikke selvst\u00e6ndigt nok eller ikke godt nok forberedt. For at komme videre, selv med tvivl, er dialog det vigtigste. At lytte til den unges begrundelser, stille sp\u00f8rgsm\u00e5l og dele egne bekymringer skaber et f\u00e6lles udgangspunkt.<\/p>\n<p style=\"text-align: justify;\">Det hj\u00e6lper ogs\u00e5 at s\u00e6tte sig grundigt ind i, hvem der st\u00e5r bag opholdet. En seri\u00f8s akt\u00f8r er tydelig om, hvordan opholdet er organiseret, hvem der er ansvarlige p\u00e5 stedet, og hvilke sikkerheds- og st\u00f8tteprocedurer der g\u00e6lder. Den forklarer ogs\u00e5, hvilke opgaver unge kan f\u00e5, s\u00e5 for\u00e6ldre kan vurdere, om indholdet passer til barnets alder og modenhed.<\/p>\n<h3 style=\"text-align: justify;\"><strong><span style=\"color: #800080;\">At vurdere forberedelse og motivation sammen<\/span><\/strong><\/h3>\n<p style=\"text-align: justify;\">F\u00f8r man siger ja til afrejse, kan det v\u00e6re beroligende at se p\u00e5 nogle helt konkrete ting: evnen til at f\u00f8lge aftaler, holde styr p\u00e5 egne ting, finde rundt og reagere, n\u00e5r noget ikke g\u00e5r som planlagt. At tale om det uden at d\u00f8mme g\u00f8r det lettere at vurdere, om den unge er klar til et <strong>internationalt frivilligt forl\u00f8b for unge<\/strong> eller en international praktik p\u00e5 en tryg og realistisk m\u00e5de.<\/p>\n<h2><\/h2>\n<h2 id=\"encadrement-securite\" style=\"text-align: justify;\">Tryghed, rammer og organisering af opholdet<\/h2>\n<p style=\"text-align: justify;\">Tryghed er et n\u00f8glepunkt, n\u00e5r man overvejer et ophold i udlandet. Familier har brug for at vide, hvem de overlader ansvaret til, og hvilke rammer den unge indg\u00e5r i. Derfor er det vigtigt at v\u00e6lge en erfaren akt\u00f8r, som arbejder i dialog med lokale teams og kan sikre l\u00f8bende opf\u00f8lgning samt reagere hurtigt, hvis der opst\u00e5r behov.<\/p>\n<p style=\"text-align: justify;\">En god organisering giver tydelig information f\u00f8r afrejse: kontaktoplysninger p\u00e5 ansvarlige, boligforhold, husregler, transport, medicinske procedurer og retningslinjer i n\u00f8dsituationer. N\u00e5r det er klart, kan b\u00e5de for\u00e6ldre og den unge forholde sig mere roligt til opholdet \u2013 uanset om det er praktik i udlandet eller et forl\u00f8b med et socialt sigte.<\/p>\n<h2><\/h2>\n<h2 id=\"temoignage-famille\" style=\"text-align: justify;\">Oplevelse: et ophold, der \u00e6ndrede en familie<\/h2>\n<blockquote>\n<p style=\"text-align: justify;\">\u00ab\u00a0<em>Da vores datter n\u00e6vnte, at hun gerne ville rejse ud i flere uger til et andet land, blev vi f\u00f8rst overraskede. Vi var nerv\u00f8se for afstanden og spekulerede p\u00e5, hvordan hun ville klare hverdagen uden os. Lidt efter lidt, gennem samtaler med hende og organisationen, forstod vi, at det bet\u00f8d meget for hende. Vi valgte at vise tillid. Under opholdet fik vi indimellem beroligende beskeder. Da hun kom hjem, m\u00f8dte vi en ung kvinde, der var mere rolig, mere selvst\u00e6ndig og mere \u00e5ben. Det her <strong>internationalt frivilligt forl\u00f8b for unge<\/strong> \u00e6ndrede hendes blik p\u00e5 verden \u2013 men det \u00e6ndrede ogs\u00e5 vores m\u00e5de at se hende p\u00e5.<\/em>\u00a0\u00bb<\/p>\n<\/blockquote>\n<h2><\/h2>\n<h2 style=\"text-align: center;\"><a href=\"https:\/\/www.vita-explorers.dk\/blog\/wp-content\/uploads\/2016\/03\/Summer-Plus-Iona-Classroom.jpg\"><img loading=\"lazy\" decoding=\"async\" class=\"alignnone size-medium wp-image-3479\" src=\"https:\/\/www.vita-explorers.dk\/blog\/wp-content\/uploads\/2016\/03\/Summer-Plus-Iona-Classroom-300x225.jpg\" alt=\"sprogophold med VITA i USA\" width=\"300\" height=\"225\" srcset=\"https:\/\/www.vita-explorers.dk\/blog\/wp-content\/uploads\/2016\/03\/Summer-Plus-Iona-Classroom-300x225.jpg 300w, https:\/\/www.vita-explorers.dk\/blog\/wp-content\/uploads\/2016\/03\/Summer-Plus-Iona-Classroom-768x576.jpg 768w, https:\/\/www.vita-explorers.dk\/blog\/wp-content\/uploads\/2016\/03\/Summer-Plus-Iona-Classroom-1024x768.jpg 1024w, https:\/\/www.vita-explorers.dk\/blog\/wp-content\/uploads\/2016\/03\/Summer-Plus-Iona-Classroom-150x113.jpg 150w\" sizes=\"(max-width: 300px) 100vw, 300px\" \/><\/a><\/h2>\n<h2><\/h2>\n<h2 id=\"accompagnement-parental\" style=\"text-align: justify;\">At st\u00f8tte sit barn f\u00f8r, under og efter<\/h2>\n<p style=\"text-align: justify;\">For\u00e6ldrest\u00f8tte starter l\u00e6nge f\u00f8r afrejsedagen. Allerede i de f\u00f8rste samtaler kan det v\u00e6re en hj\u00e6lp at opmuntre den unge til at unders\u00f8ge mulighederne, stille sp\u00f8rgsm\u00e5l og s\u00e6tte ord p\u00e5 sine forventninger. N\u00e5r man bygger projektet sammen og respekterer hinandens tempo, styrker det tilliden. For\u00e6ldre kan bidrage til det praktiske \u2013 samtidig med at den unge gradvist f\u00e5r mere ansvar.<\/p>\n<p style=\"text-align: justify;\">Under opholdet er det vigtigt at finde en god balance mellem n\u00e6rhed og afstand. Sm\u00e5 beskeder indimellem, et fast opkald eller aftalte tidspunkter for kontakt kan holde forbindelsen uden at fylde hele den unges hverdag. Den form for aktiv tillid viser, at man st\u00e5r bag \u2013 og giver samtidig plads til, at oplevelsen kan folde sig ud.<\/p>\n<p style=\"text-align: justify;\">N\u00e5r den unge kommer hjem, kan det v\u00e6re v\u00e6rdifuldt at skabe tid til at lytte. Mange har behov for at fort\u00e6lle om h\u00f8jdepunkterne, men ogs\u00e5 om tvivl, overraskelser og det, der var sv\u00e6rt. N\u00e5r der er plads til den fort\u00e6lling, bliver det lettere at integrere l\u00e6ringen. Det er ogs\u00e5 her, man tydeligt kan se, hvor langt den unge er kommet siden starten p\u00e5 sit <strong>internationalt frivilligt forl\u00f8b for unge<\/strong>.<\/p>\n<h2><\/h2>\n<h2 id=\"conclusion\" style=\"text-align: justify;\">Konklusion: en beslutning, der f\u00e5r alle til at vokse<\/h2>\n<p style=\"text-align: justify;\">At lade sit barn tage af sted p\u00e5 et solidaritetsprojekt eller i praktik i udlandet er ikke en lille beslutning. Den kr\u00e6ver mod, tillid og \u00e6rlig dialog i familien. Men n\u00e5r beslutningen er gennemt\u00e6nkt, og rammerne er gode, kan den give meget tilbage. Den unge bliver ofte mere selvst\u00e6ndig, moden og \u00e5ben. For\u00e6ldre oplever p\u00e5 deres side en ny side af deres barn \u2013 og styrker deres egen evne til at give plads til, at barnet bliver voksen.<\/p>\n<p style=\"text-align: justify;\">I sidste ende handler st\u00f8tte til international mobilitet \u2013 hvad enten det er praktik, studier eller et forl\u00f8b med socialt sigte \u2013 om at give den unge en mulighed for at bygge sin egen vej. Erfaringen kan give solide pejlem\u00e6rker for resten af livet. Det er netop derfor, at <strong>internationalt frivilligt forl\u00f8b for unge<\/strong> og lignende engagementer kan blive en beslutning, der reelt g\u00f8r en forskel for hele familien.<\/p>\n<h2><\/h2>\n<p><a href=\"https:\/\/www.vita-explorers.dk\/blog\/wp-content\/uploads\/2016\/05\/ACE-helps-Grand-Canyon-Hazard-Tree-201406-6.jpg\"><img loading=\"lazy\" decoding=\"async\" class=\"size-medium wp-image-4104 aligncenter\" src=\"https:\/\/www.vita-explorers.dk\/blog\/wp-content\/uploads\/2016\/05\/ACE-helps-Grand-Canyon-Hazard-Tree-201406-6-300x225.jpg\" alt=\"Internationalt frivilligt ophold med VITA i USA\" width=\"300\" height=\"225\" srcset=\"https:\/\/www.vita-explorers.dk\/blog\/wp-content\/uploads\/2016\/05\/ACE-helps-Grand-Canyon-Hazard-Tree-201406-6-300x225.jpg 300w, https:\/\/www.vita-explorers.dk\/blog\/wp-content\/uploads\/2016\/05\/ACE-helps-Grand-Canyon-Hazard-Tree-201406-6-768x576.jpg 768w, https:\/\/www.vita-explorers.dk\/blog\/wp-content\/uploads\/2016\/05\/ACE-helps-Grand-Canyon-Hazard-Tree-201406-6-1024x768.jpg 1024w, https:\/\/www.vita-explorers.dk\/blog\/wp-content\/uploads\/2016\/05\/ACE-helps-Grand-Canyon-Hazard-Tree-201406-6-150x113.jpg 150w, https:\/\/www.vita-explorers.dk\/blog\/wp-content\/uploads\/2016\/05\/ACE-helps-Grand-Canyon-Hazard-Tree-201406-6.jpg 1280w\" sizes=\"(max-width: 300px) 100vw, 300px\" \/><\/a><\/p>\n<p>\u00a0<\/p>\n<h2 id=\"faq-mission\" style=\"text-align: justify;\">FAQ \u2013 Internationale forl\u00f8b for unge og praktik i udlandet<\/h2>\n<h3 style=\"text-align: justify;\"><strong>Fra hvilken alder kan unge deltage i et forl\u00f8b i udlandet?<\/strong><\/h3>\n<p style=\"text-align: justify;\">De fleste programmer tager imod unge fra 16 eller 17 \u00e5r, med rammer og st\u00f8tte, der passer til alderen og et trygt hverdagssetup.<\/p>\n<h3 style=\"text-align: justify;\"><strong>Skal man tale flydende engelsk for at kunne rejse ud?<\/strong><\/h3>\n<p style=\"text-align: justify;\">Nej, det er ikke et krav. Mange steder kan unge deltage med forskellige niveauer af engelsk og f\u00e5 st\u00f8tte til at kunne kommunikere i hverdagen.<\/p>\n<h3 style=\"text-align: justify;\"><strong>Er internationale frivillige forl\u00f8b for unge sikre?<\/strong><\/h3>\n<p style=\"text-align: justify;\">De kan v\u00e6re trygge, n\u00e5r man v\u00e6lger en erfaren og transparent akt\u00f8r, der er tydelig om organisering og sikkerhedsprocedurer. Det er vigtigt at afklare det f\u00f8r tilmelding.<\/p>\n<h3 style=\"text-align: justify;\"><strong>Bliver praktik i udlandet anerkendt af skole eller uddannelse?<\/strong><\/h3>\n<p style=\"text-align: justify;\">I mange tilf\u00e6lde ja. Nogle praktikforl\u00f8b kan indg\u00e5 i et uddannelsesforl\u00f8b, give merit eller styrke en ans\u00f8gning.<\/p>\n<h3 style=\"text-align: justify;\"><strong>Hvordan ved jeg, om mit barn er klar til den type erfaring?<\/strong><\/h3>\n<p style=\"text-align: justify;\">Motivation er en vigtig indikator. Hvis den unge kan forklare, hvad han eller hun s\u00f8ger, hvad der forventes at v\u00e6re udfordrende, og hvordan man vil bidrage, er det ofte et tegn p\u00e5, at vedkommende er klar til at tage af sted.<\/p>\n<p style=\"text-align: justify;\"><script type=\"application\/ld+json\">\n{\n  \"@context\": \"https:\/\/schema.org\",\n  \"@type\": \"FAQPage\",\n  \"mainEntity\": [\n    {\n      \"@type\": \"Question\",\n      \"name\": \"Fra hvilken alder kan unge deltage i et forl\u00f8b i udlandet ?\",\n      \"acceptedAnswer\": {\n        \"@type\": \"Answer\",\n        \"text\": \"De fleste programmer tager imod unge fra 16 eller 17 \u00e5r, med rammer og st\u00f8tte, der passer til alderen og et trygt hverdagssetup.\"\n      }\n    },\n    {\n      \"@type\": \"Question\",\n      \"name\": \"Skal man tale flydende engelsk for at kunne rejse ud ?\",\n      \"acceptedAnswer\": {\n        \"@type\": \"Answer\",\n        \"text\": \"Nej, det er ikke et krav. Mange steder kan unge deltage med forskellige niveauer af engelsk og f\u00e5 st\u00f8tte til at kunne kommunikere i hverdagen.\"\n      }\n    },\n    {\n      \"@type\": \"Question\",\n      \"name\": \"Er internationale frivillige forl\u00f8b for unge sikre ?\",\n      \"acceptedAnswer\": {\n        \"@type\": \"Answer\",\n        \"text\": \"De kan v\u00e6re trygge, n\u00e5r man v\u00e6lger en erfaren og transparent akt\u00f8r, der er tydelig om organisering og sikkerhedsprocedurer p\u00e5 stedet.\"\n      }\n    },\n    {\n      \"@type\": \"Question\",\n      \"name\": \"Bliver praktik i udlandet anerkendt af skoler og uddannelser ?\",\n      \"acceptedAnswer\": {\n        \"@type\": \"Answer\",\n        \"text\": \"I mange tilf\u00e6lde ja. Nogle praktikforl\u00f8b kan indg\u00e5 i et uddannelsesforl\u00f8b, give merit eller styrke en ans\u00f8gning.\"\n      }\n    },\n    {\n      \"@type\": \"Question\",\n      \"name\": \"Hvordan ved jeg, om mit barn er klar til den type erfaring ?\",\n      \"acceptedAnswer\": {\n        \"@type\": \"Answer\",\n        \"text\": \"Motivation og evnen til tydeligt at s\u00e6tte ord p\u00e5 forventninger er to vigtige indikatorer, n\u00e5r man vurderer den unges forberedelse.\"\n      }\n    }\n  ]\n}\n<\/script><\/p>\n<div class=\"entry-content\">\n<p id=\"contact\" style=\"text-align: center;\"><strong>Klar til n\u00e6ste skridt?<\/strong><\/p>\n<p style=\"text-align: center;\"><a href=\"https:\/\/www.vita-explorers.dk\/#tel-contact-form-glob\" target=\"_blank\" rel=\"noopener\">Jeg vil gerne kontaktes<\/a><\/p>\n<p class=\"muted\" style=\"text-align: center;\">\u00a9 VITA Institute \u2014 Ressourcer til ansvarlige internationale forl\u00f8b.<\/p>\n<p class=\"p4\" style=\"text-align: center;\"><b>Vil du vide mere, er du velkommen til at kontakte os p\u00e5\u00a0<\/b><a href=\"mailto:info@globalong.com\"><span class=\"s2\"><b>info@globalong.com<\/b><\/span><\/a><\/p>\n<p class=\"p4\" style=\"text-align: center;\"><b>F\u00f8lg VITA Institute og VITA community her:\u00a0<\/b><a href=\"https:\/\/www.instagram.com\/globalongofficiel\/\" target=\"_blank\" rel=\"noopener\"><span class=\"s2\"><b>Instagram<\/b><\/span><\/a><b>,\u00a0<\/b><a href=\"https:\/\/www.facebook.com\/globalong\" target=\"_blank\" rel=\"noopener\"><span class=\"s2\"><b>Facebook<\/b><\/span><\/a><b>,\u00a0<\/b><a href=\"https:\/\/www.linkedin.com\/company\/5113177\/admin\/feed\/posts\/\" target=\"_blank\" rel=\"noopener\"><span class=\"s2\"><b>LinkedIn<\/b><\/span><\/a><b>\u00a0og\u00a0<\/b><a href=\"https:\/\/www.youtube.com\/c\/globalong\/videos\" target=\"_blank\" rel=\"noopener\"><span class=\"s2\"><b>YouTube<\/b><\/span><\/a><b>\u00a0!<\/b><\/p>\n<div class=\"getsocial gs-inline-group\" style=\"text-align: center;\"><\/div>\n<\/div>\n<nav class=\"navigation post-navigation\" aria-label=\"Publications\">\n<h2 class=\"screen-reader-text\" style=\"text-align: center;\"><\/h2>\n<div class=\"nav-links\"><\/div>\n<\/nav>\n","protected":false},"excerpt":{"rendered":"<p>At lade sit barn rejse ud p\u00e5 et internationalt forl\u00f8b: en beslutning, der kan g\u00f8re en forskel N\u00e5r ens barn fort\u00e6ller, at det gerne\u2026<\/p>\n","protected":false},"author":7,"featured_media":11794,"comment_status":"open","ping_status":"open","sticky":false,"template":"","format":"standard","meta":{"footnotes":""},"categories":[8,1463],"tags":[],"yoast_head":"<!-- This site is optimized with the Yoast SEO Premium plugin v23.4 (Yoast SEO v23.4) - https:\/\/yoast.com\/wordpress\/plugins\/seo\/ -->\n<title>Ung p\u00e5 humanit\u00e6rt ophold: at give sit barn trygt afsted<\/title>\n<meta name=\"description\" content=\"D\u00e9couvrir pourquoi une mission humanitaire jeune apporte \u00e0 votre enfant autonomie, maturit\u00e9 et vraie ouverture internationale.\" \/>\n<meta name=\"robots\" content=\"index, follow, max-snippet:-1, max-image-preview:large, max-video-preview:-1\" \/>\n<link rel=\"canonical\" href=\"https:\/\/www.vita-explorers.dk\/blog\/humanitaert-unge\/\" \/>\n<meta property=\"og:locale\" content=\"da_DK\" \/>\n<meta property=\"og:type\" content=\"article\" \/>\n<meta property=\"og:title\" content=\"At lade sit barn tage p\u00e5 et internationalt forl\u00f8b: en beslutning, der kan forandre\" \/>\n<meta property=\"og:description\" content=\"D\u00e9couvrir pourquoi une mission humanitaire jeune apporte \u00e0 votre enfant autonomie, maturit\u00e9 et vraie ouverture internationale.\" \/>\n<meta property=\"og:url\" content=\"https:\/\/www.vita-explorers.dk\/blog\/humanitaert-unge\/\" \/>\n<meta property=\"og:site_name\" content=\"VITA Explorers Blog\" \/>\n<meta property=\"article:publisher\" content=\"https:\/\/www.facebook.com\/globalong\" \/>\n<meta property=\"article:published_time\" content=\"2025-11-24T20:59:53+00:00\" \/>\n<meta property=\"article:modified_time\" content=\"2025-11-25T20:46:28+00:00\" \/>\n<meta property=\"og:image\" content=\"https:\/\/www.vita-explorers.dk\/blog\/wp-content\/uploads\/2018\/10\/Festival-5-min.jpg\" \/>\n\t<meta property=\"og:image:width\" content=\"500\" \/>\n\t<meta property=\"og:image:height\" content=\"354\" \/>\n\t<meta property=\"og:image:type\" content=\"image\/jpeg\" \/>\n<meta name=\"author\" content=\"VITA Tribe\" \/>\n<meta name=\"twitter:card\" content=\"summary_large_image\" \/>\n<meta name=\"twitter:label1\" content=\"Skrevet af\" \/>\n\t<meta name=\"twitter:data1\" content=\"VITA Tribe\" \/>\n\t<meta name=\"twitter:label2\" content=\"Estimeret l\u00e6setid\" \/>\n\t<meta name=\"twitter:data2\" content=\"14 minutter\" \/>\n<script type=\"application\/ld+json\" class=\"yoast-schema-graph\">{\"@context\":\"https:\/\/schema.org\",\"@graph\":[{\"@type\":\"Article\",\"@id\":\"https:\/\/www.vita-explorers.dk\/blog\/humanitaert-unge\/#article\",\"isPartOf\":{\"@id\":\"https:\/\/www.vita-explorers.dk\/blog\/humanitaert-unge\/\"},\"author\":{\"name\":\"VITA Tribe\",\"@id\":\"https:\/\/www.vita-explorers.dk\/blog\/#\/schema\/person\/fc0343a2f2db2ebb2793c1f62dbe73f0\"},\"headline\":\"At lade sit barn tage p\u00e5 et internationalt forl\u00f8b: en beslutning, der kan forandre\",\"datePublished\":\"2025-11-24T20:59:53+00:00\",\"dateModified\":\"2025-11-25T20:46:28+00:00\",\"mainEntityOfPage\":{\"@id\":\"https:\/\/www.vita-explorers.dk\/blog\/humanitaert-unge\/\"},\"wordCount\":2532,\"commentCount\":0,\"publisher\":{\"@id\":\"https:\/\/www.vita-explorers.dk\/blog\/#organization\"},\"image\":{\"@id\":\"https:\/\/www.vita-explorers.dk\/blog\/humanitaert-unge\/#primaryimage\"},\"thumbnailUrl\":\"https:\/\/www.vita-explorers.dk\/blog\/wp-content\/uploads\/2018\/10\/Festival-5-min.jpg\",\"articleSection\":[\"Humanit\u00e6rt frivilligt arbejde\",\"Praktik i udlandet\"],\"inLanguage\":\"da-DK\",\"potentialAction\":[{\"@type\":\"CommentAction\",\"name\":\"Comment\",\"target\":[\"https:\/\/www.vita-explorers.dk\/blog\/humanitaert-unge\/#respond\"]}]},{\"@type\":\"WebPage\",\"@id\":\"https:\/\/www.vita-explorers.dk\/blog\/humanitaert-unge\/\",\"url\":\"https:\/\/www.vita-explorers.dk\/blog\/humanitaert-unge\/\",\"name\":\"Ung p\u00e5 humanit\u00e6rt ophold: at give sit barn trygt afsted\",\"isPartOf\":{\"@id\":\"https:\/\/www.vita-explorers.dk\/blog\/#website\"},\"primaryImageOfPage\":{\"@id\":\"https:\/\/www.vita-explorers.dk\/blog\/humanitaert-unge\/#primaryimage\"},\"image\":{\"@id\":\"https:\/\/www.vita-explorers.dk\/blog\/humanitaert-unge\/#primaryimage\"},\"thumbnailUrl\":\"https:\/\/www.vita-explorers.dk\/blog\/wp-content\/uploads\/2018\/10\/Festival-5-min.jpg\",\"datePublished\":\"2025-11-24T20:59:53+00:00\",\"dateModified\":\"2025-11-25T20:46:28+00:00\",\"description\":\"D\u00e9couvrir pourquoi une mission humanitaire jeune apporte \u00e0 votre enfant autonomie, maturit\u00e9 et vraie ouverture internationale.\",\"breadcrumb\":{\"@id\":\"https:\/\/www.vita-explorers.dk\/blog\/humanitaert-unge\/#breadcrumb\"},\"inLanguage\":\"da-DK\",\"potentialAction\":[{\"@type\":\"ReadAction\",\"target\":[\"https:\/\/www.vita-explorers.dk\/blog\/humanitaert-unge\/\"]}]},{\"@type\":\"ImageObject\",\"inLanguage\":\"da-DK\",\"@id\":\"https:\/\/www.vita-explorers.dk\/blog\/humanitaert-unge\/#primaryimage\",\"url\":\"https:\/\/www.vita-explorers.dk\/blog\/wp-content\/uploads\/2018\/10\/Festival-5-min.jpg\",\"contentUrl\":\"https:\/\/www.vita-explorers.dk\/blog\/wp-content\/uploads\/2018\/10\/Festival-5-min.jpg\",\"width\":500,\"height\":354,\"caption\":\"JEUNES VOLONTAIRES EN MISSION \u00c0 L'\u00c9TRANGER\"},{\"@type\":\"BreadcrumbList\",\"@id\":\"https:\/\/www.vita-explorers.dk\/blog\/humanitaert-unge\/#breadcrumb\",\"itemListElement\":[{\"@type\":\"ListItem\",\"position\":1,\"name\":\"Accueil\",\"item\":\"https:\/\/www.vita-explorers.dk\/blog\/\"},{\"@type\":\"ListItem\",\"position\":2,\"name\":\"At lade sit barn tage p\u00e5 et internationalt forl\u00f8b: en beslutning, der kan forandre\"}]},{\"@type\":\"WebSite\",\"@id\":\"https:\/\/www.vita-explorers.dk\/blog\/#website\",\"url\":\"https:\/\/www.vita-explorers.dk\/blog\/\",\"name\":\"Association Globalong\",\"description\":\"Frivilligt arbejde, sprogophold, praktik i udlandet og internationale oplevelser\",\"publisher\":{\"@id\":\"https:\/\/www.vita-explorers.dk\/blog\/#organization\"},\"potentialAction\":[{\"@type\":\"SearchAction\",\"target\":{\"@type\":\"EntryPoint\",\"urlTemplate\":\"https:\/\/www.vita-explorers.dk\/blog\/?s={search_term_string}\"},\"query-input\":{\"@type\":\"PropertyValueSpecification\",\"valueRequired\":true,\"valueName\":\"search_term_string\"}}],\"inLanguage\":\"da-DK\"},{\"@type\":\"Organization\",\"@id\":\"https:\/\/www.vita-explorers.dk\/blog\/#organization\",\"name\":\"Association Globalong\",\"url\":\"https:\/\/www.vita-explorers.dk\/blog\/\",\"logo\":{\"@type\":\"ImageObject\",\"inLanguage\":\"da-DK\",\"@id\":\"https:\/\/www.vita-explorers.dk\/blog\/#\/schema\/logo\/image\/\",\"url\":\"https:\/\/www.globalong.com\/blog\/wp-content\/uploads\/2014\/11\/cropped-cropped-Logo-et-Afrique-Globalong-petite-taille-2.jpg\",\"contentUrl\":\"https:\/\/www.globalong.com\/blog\/wp-content\/uploads\/2014\/11\/cropped-cropped-Logo-et-Afrique-Globalong-petite-taille-2.jpg\",\"width\":512,\"height\":512,\"caption\":\"Association Globalong\"},\"image\":{\"@id\":\"https:\/\/www.vita-explorers.dk\/blog\/#\/schema\/logo\/image\/\"},\"sameAs\":[\"https:\/\/www.facebook.com\/globalong\"]},{\"@type\":\"Person\",\"@id\":\"https:\/\/www.vita-explorers.dk\/blog\/#\/schema\/person\/fc0343a2f2db2ebb2793c1f62dbe73f0\",\"name\":\"VITA Tribe\",\"image\":{\"@type\":\"ImageObject\",\"inLanguage\":\"da-DK\",\"@id\":\"https:\/\/www.vita-explorers.dk\/blog\/#\/schema\/person\/image\/\",\"url\":\"https:\/\/secure.gravatar.com\/avatar\/f7f05026bb439d0c96b30e135e5f852c?s=96&d=mm&r=g\",\"contentUrl\":\"https:\/\/secure.gravatar.com\/avatar\/f7f05026bb439d0c96b30e135e5f852c?s=96&d=mm&r=g\",\"caption\":\"VITA Tribe\"},\"sameAs\":[\"http:\/\/www.globalong.com\"],\"url\":\"https:\/\/www.vita-explorers.dk\/blog\/author\/teamglobalong\/\"}]}<\/script>\n<!-- \/ Yoast SEO Premium plugin. -->","yoast_head_json":{"title":"Ung p\u00e5 humanit\u00e6rt ophold: at give sit barn trygt afsted","description":"D\u00e9couvrir pourquoi une mission humanitaire jeune apporte \u00e0 votre enfant autonomie, maturit\u00e9 et vraie ouverture internationale.","robots":{"index":"index","follow":"follow","max-snippet":"max-snippet:-1","max-image-preview":"max-image-preview:large","max-video-preview":"max-video-preview:-1"},"canonical":"https:\/\/www.vita-explorers.dk\/blog\/humanitaert-unge\/","og_locale":"da_DK","og_type":"article","og_title":"At lade sit barn tage p\u00e5 et internationalt forl\u00f8b: en beslutning, der kan forandre","og_description":"D\u00e9couvrir pourquoi une mission humanitaire jeune apporte \u00e0 votre enfant autonomie, maturit\u00e9 et vraie ouverture internationale.","og_url":"https:\/\/www.vita-explorers.dk\/blog\/humanitaert-unge\/","og_site_name":"VITA Explorers Blog","article_publisher":"https:\/\/www.facebook.com\/globalong","article_published_time":"2025-11-24T20:59:53+00:00","article_modified_time":"2025-11-25T20:46:28+00:00","og_image":[{"width":500,"height":354,"url":"https:\/\/www.vita-explorers.dk\/blog\/wp-content\/uploads\/2018\/10\/Festival-5-min.jpg","type":"image\/jpeg"}],"author":"VITA Tribe","twitter_card":"summary_large_image","twitter_misc":{"Skrevet af":"VITA Tribe","Estimeret l\u00e6setid":"14 minutter"},"schema":{"@context":"https:\/\/schema.org","@graph":[{"@type":"Article","@id":"https:\/\/www.vita-explorers.dk\/blog\/humanitaert-unge\/#article","isPartOf":{"@id":"https:\/\/www.vita-explorers.dk\/blog\/humanitaert-unge\/"},"author":{"name":"VITA Tribe","@id":"https:\/\/www.vita-explorers.dk\/blog\/#\/schema\/person\/fc0343a2f2db2ebb2793c1f62dbe73f0"},"headline":"At lade sit barn tage p\u00e5 et internationalt forl\u00f8b: en beslutning, der kan forandre","datePublished":"2025-11-24T20:59:53+00:00","dateModified":"2025-11-25T20:46:28+00:00","mainEntityOfPage":{"@id":"https:\/\/www.vita-explorers.dk\/blog\/humanitaert-unge\/"},"wordCount":2532,"commentCount":0,"publisher":{"@id":"https:\/\/www.vita-explorers.dk\/blog\/#organization"},"image":{"@id":"https:\/\/www.vita-explorers.dk\/blog\/humanitaert-unge\/#primaryimage"},"thumbnailUrl":"https:\/\/www.vita-explorers.dk\/blog\/wp-content\/uploads\/2018\/10\/Festival-5-min.jpg","articleSection":["Humanit\u00e6rt frivilligt arbejde","Praktik i udlandet"],"inLanguage":"da-DK","potentialAction":[{"@type":"CommentAction","name":"Comment","target":["https:\/\/www.vita-explorers.dk\/blog\/humanitaert-unge\/#respond"]}]},{"@type":"WebPage","@id":"https:\/\/www.vita-explorers.dk\/blog\/humanitaert-unge\/","url":"https:\/\/www.vita-explorers.dk\/blog\/humanitaert-unge\/","name":"Ung p\u00e5 humanit\u00e6rt ophold: at give sit barn trygt afsted","isPartOf":{"@id":"https:\/\/www.vita-explorers.dk\/blog\/#website"},"primaryImageOfPage":{"@id":"https:\/\/www.vita-explorers.dk\/blog\/humanitaert-unge\/#primaryimage"},"image":{"@id":"https:\/\/www.vita-explorers.dk\/blog\/humanitaert-unge\/#primaryimage"},"thumbnailUrl":"https:\/\/www.vita-explorers.dk\/blog\/wp-content\/uploads\/2018\/10\/Festival-5-min.jpg","datePublished":"2025-11-24T20:59:53+00:00","dateModified":"2025-11-25T20:46:28+00:00","description":"D\u00e9couvrir pourquoi une mission humanitaire jeune apporte \u00e0 votre enfant autonomie, maturit\u00e9 et vraie ouverture internationale.","breadcrumb":{"@id":"https:\/\/www.vita-explorers.dk\/blog\/humanitaert-unge\/#breadcrumb"},"inLanguage":"da-DK","potentialAction":[{"@type":"ReadAction","target":["https:\/\/www.vita-explorers.dk\/blog\/humanitaert-unge\/"]}]},{"@type":"ImageObject","inLanguage":"da-DK","@id":"https:\/\/www.vita-explorers.dk\/blog\/humanitaert-unge\/#primaryimage","url":"https:\/\/www.vita-explorers.dk\/blog\/wp-content\/uploads\/2018\/10\/Festival-5-min.jpg","contentUrl":"https:\/\/www.vita-explorers.dk\/blog\/wp-content\/uploads\/2018\/10\/Festival-5-min.jpg","width":500,"height":354,"caption":"JEUNES VOLONTAIRES EN MISSION \u00c0 L'\u00c9TRANGER"},{"@type":"BreadcrumbList","@id":"https:\/\/www.vita-explorers.dk\/blog\/humanitaert-unge\/#breadcrumb","itemListElement":[{"@type":"ListItem","position":1,"name":"Accueil","item":"https:\/\/www.vita-explorers.dk\/blog\/"},{"@type":"ListItem","position":2,"name":"At lade sit barn tage p\u00e5 et internationalt forl\u00f8b: en beslutning, der kan forandre"}]},{"@type":"WebSite","@id":"https:\/\/www.vita-explorers.dk\/blog\/#website","url":"https:\/\/www.vita-explorers.dk\/blog\/","name":"Association Globalong","description":"Frivilligt arbejde, sprogophold, praktik i udlandet og internationale oplevelser","publisher":{"@id":"https:\/\/www.vita-explorers.dk\/blog\/#organization"},"potentialAction":[{"@type":"SearchAction","target":{"@type":"EntryPoint","urlTemplate":"https:\/\/www.vita-explorers.dk\/blog\/?s={search_term_string}"},"query-input":{"@type":"PropertyValueSpecification","valueRequired":true,"valueName":"search_term_string"}}],"inLanguage":"da-DK"},{"@type":"Organization","@id":"https:\/\/www.vita-explorers.dk\/blog\/#organization","name":"Association Globalong","url":"https:\/\/www.vita-explorers.dk\/blog\/","logo":{"@type":"ImageObject","inLanguage":"da-DK","@id":"https:\/\/www.vita-explorers.dk\/blog\/#\/schema\/logo\/image\/","url":"https:\/\/www.globalong.com\/blog\/wp-content\/uploads\/2014\/11\/cropped-cropped-Logo-et-Afrique-Globalong-petite-taille-2.jpg","contentUrl":"https:\/\/www.globalong.com\/blog\/wp-content\/uploads\/2014\/11\/cropped-cropped-Logo-et-Afrique-Globalong-petite-taille-2.jpg","width":512,"height":512,"caption":"Association Globalong"},"image":{"@id":"https:\/\/www.vita-explorers.dk\/blog\/#\/schema\/logo\/image\/"},"sameAs":["https:\/\/www.facebook.com\/globalong"]},{"@type":"Person","@id":"https:\/\/www.vita-explorers.dk\/blog\/#\/schema\/person\/fc0343a2f2db2ebb2793c1f62dbe73f0","name":"VITA Tribe","image":{"@type":"ImageObject","inLanguage":"da-DK","@id":"https:\/\/www.vita-explorers.dk\/blog\/#\/schema\/person\/image\/","url":"https:\/\/secure.gravatar.com\/avatar\/f7f05026bb439d0c96b30e135e5f852c?s=96&d=mm&r=g","contentUrl":"https:\/\/secure.gravatar.com\/avatar\/f7f05026bb439d0c96b30e135e5f852c?s=96&d=mm&r=g","caption":"VITA Tribe"},"sameAs":["http:\/\/www.globalong.com"],"url":"https:\/\/www.vita-explorers.dk\/blog\/author\/teamglobalong\/"}]}},"_links":{"self":[{"href":"https:\/\/www.vita-explorers.dk\/blog\/wp-json\/wp\/v2\/posts\/22651"}],"collection":[{"href":"https:\/\/www.vita-explorers.dk\/blog\/wp-json\/wp\/v2\/posts"}],"about":[{"href":"https:\/\/www.vita-explorers.dk\/blog\/wp-json\/wp\/v2\/types\/post"}],"author":[{"embeddable":true,"href":"https:\/\/www.vita-explorers.dk\/blog\/wp-json\/wp\/v2\/users\/7"}],"replies":[{"embeddable":true,"href":"https:\/\/www.vita-explorers.dk\/blog\/wp-json\/wp\/v2\/comments?post=22651"}],"version-history":[{"count":2,"href":"https:\/\/www.vita-explorers.dk\/blog\/wp-json\/wp\/v2\/posts\/22651\/revisions"}],"predecessor-version":[{"id":22657,"href":"https:\/\/www.vita-explorers.dk\/blog\/wp-json\/wp\/v2\/posts\/22651\/revisions\/22657"}],"wp:featuredmedia":[{"embeddable":true,"href":"https:\/\/www.vita-explorers.dk\/blog\/wp-json\/wp\/v2\/media\/11794"}],"wp:attachment":[{"href":"https:\/\/www.vita-explorers.dk\/blog\/wp-json\/wp\/v2\/media?parent=22651"}],"wp:term":[{"taxonomy":"category","embeddable":true,"href":"https:\/\/www.vita-explorers.dk\/blog\/wp-json\/wp\/v2\/categories?post=22651"},{"taxonomy":"post_tag","embeddable":true,"href":"https:\/\/www.vita-explorers.dk\/blog\/wp-json\/wp\/v2\/tags?post=22651"}],"curies":[{"name":"wp","href":"https:\/\/api.w.org\/{rel}","templated":true}]}}