{"id":22664,"date":"2025-12-05T05:58:49","date_gmt":"2025-12-05T04:58:49","guid":{"rendered":"https:\/\/www.globalong.com\/blog\/?p=22664"},"modified":"2025-12-01T22:28:12","modified_gmt":"2025-12-01T21:28:12","slug":"international-frivillighedsdag","status":"publish","type":"post","link":"https:\/\/www.vita-explorers.dk\/blog\/international-frivillighedsdag\/","title":{"rendered":"International frivillighedsdag: forst\u00e5 og anerkend et vigtigt engagement"},"content":{"rendered":"<h1 style=\"text-align: justify;\">International frivillighedsdag: forst\u00e5 og fejre en vigtig indsats<\/h1>\n<p style=\"text-align: justify;\">Den <strong>internationale frivillighedsdag<\/strong> markeres hvert \u00e5r den 5. december. Dagen blev etableret i 1985 af FN\u2019s Generalforsamling og s\u00e6tter fokus p\u00e5 engagementet hos millioner af mennesker. Den giver os mulighed for bedre at forst\u00e5 frivilliges rolle \u2013 og hvorfor frivilligt arbejde er vigtigt i vores samfund.<\/p>\n<div id=\"sommaire\" style=\"text-align: justify;\">\n<div id=\"sommaire\">\n<div id=\"sommaire\" style=\"background-color: #fce6f3; padding: 20px; border-radius: 12px; border: 1px solid #f5c8df; margin: 25px 0;\">\n<div id=\"sommaire\" style=\"background-color: #fdeef7; padding: 22px; border-radius: 14px; border: 1px solid #f7d7e9; margin: 28px 0; box-shadow: 0 4px 12px rgba(0,0,0,0.08);\">\n<h2 style=\"color: #7a2c91; margin-top: 0; font-weight: 600;\">Indhold<\/h2>\n<ul style=\"list-style-type: disc; padding-left: 20px; margin: 0; color: #7a2c91;\">\n<li style=\"margin-bottom: 10px;\"><a style=\"color: #7a2c91; text-decoration: none;\" href=\"#definitions\">International frivillighedsdag: baggrund og form\u00e5l<\/a><\/li>\n<li style=\"margin-bottom: 10px;\"><a style=\"color: #7a2c91; text-decoration: none;\" href=\"#formes-volontariat\">Former for frivilligt arbejde, der markeres den 5. december<\/a><\/li>\n<li style=\"margin-bottom: 10px;\"><a style=\"color: #7a2c91; text-decoration: none;\" href=\"#impact-societe\">Hvorfor International frivillighedsdag er vigtig<\/a><\/li>\n<li style=\"margin-bottom: 10px;\"><a style=\"color: #7a2c91; text-decoration: none;\" href=\"#volontariat-international\">International frivillighedsdag og engagement i udlandet<\/a><\/li>\n<li style=\"margin-bottom: 10px;\"><a style=\"color: #7a2c91; text-decoration: none;\" href=\"#initiatives-monde\">Inspirerende initiativer rundt om i verden<\/a><\/li>\n<li style=\"margin-bottom: 10px;\"><a style=\"color: #7a2c91; text-decoration: none;\" href=\"#gratitude-volontaires\">Et tidspunkt til at sige tak<\/a><\/li>\n<li style=\"margin-bottom: 10px;\"><a style=\"color: #7a2c91; text-decoration: none;\" href=\"#conclusion-volontaires\">Konklusion<\/a><\/li>\n<li><a style=\"color: #7a2c91; text-decoration: none;\" href=\"#faq\">FAQ \u2013 International frivillighedsdag<\/a><\/li>\n<\/ul>\n<\/div>\n<\/div>\n<\/div>\n<\/div>\n<h2><\/h2>\n<p><a href=\"https:\/\/www.vita-explorers.dk\/blog\/wp-content\/uploads\/2023\/04\/volontaires-au-vietnam.jpg\"><img loading=\"lazy\" decoding=\"async\" class=\"size-medium wp-image-15316 aligncenter\" src=\"https:\/\/www.vita-explorers.dk\/blog\/wp-content\/uploads\/2023\/04\/volontaires-au-vietnam-300x223.jpg\" alt=\"Frivillighedsdag\" width=\"300\" height=\"223\" srcset=\"https:\/\/www.vita-explorers.dk\/blog\/wp-content\/uploads\/2023\/04\/volontaires-au-vietnam-300x223.jpg 300w, https:\/\/www.vita-explorers.dk\/blog\/wp-content\/uploads\/2023\/04\/volontaires-au-vietnam-1024x760.jpg 1024w, https:\/\/www.vita-explorers.dk\/blog\/wp-content\/uploads\/2023\/04\/volontaires-au-vietnam-768x570.jpg 768w, https:\/\/www.vita-explorers.dk\/blog\/wp-content\/uploads\/2023\/04\/volontaires-au-vietnam-1536x1140.jpg 1536w, https:\/\/www.vita-explorers.dk\/blog\/wp-content\/uploads\/2023\/04\/volontaires-au-vietnam.jpg 2048w\" sizes=\"(max-width: 300px) 100vw, 300px\" \/><\/a><\/p>\n<h2 id=\"definitions\" style=\"text-align: justify;\">International frivillighedsdag: baggrund og form\u00e5l<\/h2>\n<p style=\"text-align: justify;\">Den <strong>internationale frivillighedsdag<\/strong> er et globalt initiativ, der hylder frivillig indsats. Dagen blev skabt for at anerkende dem, der giver af deres tid uden at forvente noget til geng\u00e6ld. Den minder os om, at sm\u00e5 handlinger betyder noget \u2013 og at frivilliges bidrag fortsat er helt afg\u00f8rende.<\/p>\n<p style=\"text-align: justify;\">Gennem \u00e5rene er dagen blevet et vigtigt tilbagevendende tidspunkt. Den opfordrer institutioner, organisationer og borgere til at styrke frivilligt arbejde. Samtidig g\u00f8r den det lettere at se den konkrete effekt af lokale og internationale initiativer, som drives af frivillige verden over.<\/p>\n<h2><\/h2>\n<h2 id=\"formes-volontariat\" style=\"text-align: justify;\">Former for frivilligt arbejde, der markeres den 5. december<\/h2>\n<p style=\"text-align: justify;\">Mangfoldigheden i indsatserne g\u00f8r <strong>International frivillighedsdag<\/strong> relevant for alle. Frivilligt arbejde kan se ud p\u00e5 mange m\u00e5der og tilpasses b\u00e5de lokale behov og den enkeltes muligheder. Netop derfor kan de fleste finde en m\u00e5de at bidrage p\u00e5 \u2013 ud fra egne ressourcer.<\/p>\n<h3 style=\"text-align: justify;\"><span style=\"color: #800080;\"><strong>Socialt frivilligt arbejde<\/strong><\/span><\/h3>\n<p style=\"text-align: justify;\">Her handler det om at st\u00f8tte mennesker i s\u00e5rbare situationer. Det kan v\u00e6re hj\u00e6lp til b\u00f8rn, st\u00f8tte til familier, n\u00e6rv\u00e6r for \u00e6ldre eller opbakning til <a href=\"https:\/\/www.vita-explorers.dk\/blog\/internationalt-frivilligt-arbejde-med-handicap\/\" target=\"_blank\" rel=\"noopener\">personer med handicap<\/a>. Enkle indsatser kan skabe relationer og styrke f\u00e6llesskabet.<\/p>\n<h3 style=\"text-align: justify;\"><span style=\"color: #800080;\"><strong>Milj\u00f8frivillighed<\/strong><\/span><\/h3>\n<p style=\"text-align: justify;\">Denne type engagement handler om at passe p\u00e5 naturen. Frivillige deltager fx i oprydninger, formidling og bevidstg\u00f8rende aktiviteter eller tr\u00e6plantningsprojekter. Med deres indsats kan flere naturomr\u00e5der bevares og forbedres.<\/p>\n<h3 style=\"text-align: justify;\"><span style=\"color: #800080;\"><strong>Frivilligt arbejde med dyr<\/strong><\/span><\/h3>\n<p style=\"text-align: justify;\">Her ligger fokus p\u00e5 dyrevelf\u00e6rd. Frivillige hj\u00e6lper i internater, rehabiliteringscentre eller bevaringsprogrammer. Indsatsen kan g\u00f8re en stor forskel i hverdagen for dyrene og bidrage til beskyttelse af truede arter.<\/p>\n<h3 style=\"text-align: justify;\"><span style=\"color: #800080;\"><strong>Kulturelt frivilligt arbejde<\/strong><\/span><\/h3>\n<p style=\"text-align: justify;\">Kulturelle indsatser styrker adgangen til kultur. Frivillige kan v\u00e6re med i museer, p\u00e5 festivaler eller p\u00e5 biblioteker. Deres hj\u00e6lp g\u00f8r det lettere at afvikle arrangementer og underst\u00f8tter kulturudveksling og f\u00e6lles oplevelser.<\/p>\n<h3 style=\"text-align: justify;\"><span style=\"color: #800080;\"><strong>Frivillighed i akutte situationer<\/strong><\/span><\/h3>\n<p style=\"text-align: justify;\">I kriser spiller frivillige ofte en vigtig rolle. De kan st\u00f8tte beredskab og hj\u00e6lpearbejde, hj\u00e6lpe ber\u00f8rte mennesker og bidrage til uddeling af udstyr og n\u00f8dvendigheder. Deres hurtige indsats kan give vigtig st\u00f8tte, n\u00e5r det er sv\u00e6rt.<\/p>\n<h2><\/h2>\n<p><a href=\"https:\/\/www.vita-explorers.dk\/blog\/wp-content\/uploads\/2018\/03\/Selfie-avec-un-animal-Globalong-min.jpg\"><img loading=\"lazy\" decoding=\"async\" class=\"size-full wp-image-9097 aligncenter\" src=\"https:\/\/www.vita-explorers.dk\/blog\/wp-content\/uploads\/2018\/03\/Selfie-avec-un-animal-Globalong-min.jpg\" alt=\"Frivillighedsdag\" width=\"206\" height=\"206\" srcset=\"https:\/\/www.vita-explorers.dk\/blog\/wp-content\/uploads\/2018\/03\/Selfie-avec-un-animal-Globalong-min.jpg 206w, https:\/\/www.vita-explorers.dk\/blog\/wp-content\/uploads\/2018\/03\/Selfie-avec-un-animal-Globalong-min-150x150.jpg 150w\" sizes=\"(max-width: 206px) 100vw, 206px\" \/><\/a><\/p>\n<h2 id=\"impact-societe\" style=\"text-align: justify;\">Hvorfor International frivillighedsdag er vigtig for samfundet<\/h2>\n<p style=\"text-align: justify;\">Den <strong>internationale frivillighedsdag<\/strong> spiller en vigtig rolle i forst\u00e5elsen af frivilligt arbejde. Dagen g\u00f8r det lettere at se <a href=\"https:\/\/www.vita-explorers.dk\/blog\/impact-frivilligt-arbejde-i-udlandet\/\" target=\"_blank\" rel=\"noopener\">den reelle effekt<\/a> af frivillige indsatser i lokalsamfund. Den synligg\u00f8r det arbejde, der foreg\u00e5r \u00e5ret rundt, og minder os om, at ogs\u00e5 sm\u00e5 bidrag kan styrke f\u00e6lles trivsel.<\/p>\n<h3 style=\"text-align: justify;\"><span style=\"color: #800080;\"><strong>En international dag til at takke de frivillige<\/strong><\/span><\/h3>\n<p style=\"text-align: justify;\">International frivillighedsdag er f\u00f8rst og fremmest et tidspunkt til at sige tak. Overalt i verden bruger frivillige tid og energi p\u00e5 at hj\u00e6lpe andre. Dagen giver mulighed for at anerkende indsatsen og synligg\u00f8re, hvor vigtig den er i organisationer, skoler, sociale tilbud og milj\u00f8projekter.<\/p>\n<p style=\"text-align: justify;\">N\u00e5r indsatsen bliver set og v\u00e6rdsat, oplever mange frivillige st\u00f8rre opbakning. Det g\u00f8r det tydeligere, at deres bidrag skaber v\u00e6rdi \u2013 og det kan styrke motivationen til at forts\u00e6tte.<\/p>\n<h3 style=\"text-align: justify;\"><strong><span style=\"color: #800080;\">En dag, der viser frivillighedens konkrete effekt<\/span><\/strong><\/h3>\n<p style=\"text-align: justify;\">Den <strong>internationale frivillighedsdag<\/strong> s\u00e6tter ogs\u00e5 fokus p\u00e5 de resultater, der skabes gennem arbejde t\u00e6t p\u00e5 hverdagen. Det kan v\u00e6re renovering af skoler, st\u00f8tte til b\u00f8rn, pleje af dyr eller beskyttelse af naturomr\u00e5der. Indsatserne er ofte stille og uden spotlight, men de g\u00f8r en reel forskel for mange.<\/p>\n<p style=\"text-align: justify;\">N\u00e5r de gode eksempler bliver fremh\u00e6vet, bliver det lettere for flere at forst\u00e5, hvorfor frivillighed betyder noget. Samtidig viser det, at man kan bidrage p\u00e5 mange niveauer.<\/p>\n<h3 style=\"text-align: justify;\"><span style=\"color: #800080;\"><strong>En dag, der inspirerer nye til at engagere sig<\/strong><\/span><\/h3>\n<p style=\"text-align: justify;\">N\u00e5r <strong>International frivillighedsdag<\/strong> f\u00e5r opm\u00e6rksomhed, f\u00e5r flere \u00f8je p\u00e5 enkle m\u00e5der at <a href=\"https:\/\/www.vita-explorers.dk\/frivilligt-arbejde\/\" target=\"_blank\" rel=\"noopener\">engagere sig<\/a>. Nogle v\u00e6lger at blive frivillige lokalt, mens andre s\u00f8ger l\u00e6ngere forl\u00f8b \u2013 i hjemlandet eller i udlandet. Dagen kan derfor v\u00e6re en anledning til, at nye mennesker finder vej ind i frivilligt arbejde og f\u00e6llesskaber.<\/p>\n<p style=\"text-align: justify;\">Dagen viser ogs\u00e5, at frivillighed ikke er forbeholdt en bestemt gruppe. Den er \u00e5ben for unge og voksne, studerende og fagpersoner, pensionister og mennesker midt i et skifte. Den bredde styrker oplevelsen af at h\u00f8re til i et f\u00e6llesskab, hvor man hj\u00e6lper hinanden.<\/p>\n<h3 style=\"text-align: justify;\"><span style=\"color: #800080;\"><strong>En international dag, der styrker de sociale b\u00e5nd<\/strong><\/span><\/h3>\n<p style=\"text-align: justify;\">International frivillighedsdag peger endelig p\u00e5 styrken i de sociale b\u00e5nd. Frivillige forl\u00f8b skaber m\u00f8der, bygger bro mellem mennesker og underst\u00f8tter respekt og forst\u00e5else. Over tid kan det g\u00f8re lokalsamfund mere robuste, n\u00e5r der opst\u00e5r udfordringer.<\/p>\n<p style=\"text-align: justify;\">Ved at minde os om disse v\u00e6rdier kan dagen styrke lysten til at handle sammen. Den understreger, at hj\u00e6lpsomhed og f\u00e6llesskab fortsat er vigtige byggesten i et velfungerende samfund.<\/p>\n<h2><\/h2>\n<p><a href=\"https:\/\/www.vita-explorers.dk\/blog\/wp-content\/uploads\/2018\/01\/Chicas-Costa-Rica-Globalong-volunteering-min.jpg\"><img loading=\"lazy\" decoding=\"async\" class=\"size-medium wp-image-8709 aligncenter\" src=\"https:\/\/www.vita-explorers.dk\/blog\/wp-content\/uploads\/2018\/01\/Chicas-Costa-Rica-Globalong-volunteering-min-300x225.jpg\" alt=\"Frivillighedsdag\" width=\"300\" height=\"225\" srcset=\"https:\/\/www.vita-explorers.dk\/blog\/wp-content\/uploads\/2018\/01\/Chicas-Costa-Rica-Globalong-volunteering-min-300x225.jpg 300w, https:\/\/www.vita-explorers.dk\/blog\/wp-content\/uploads\/2018\/01\/Chicas-Costa-Rica-Globalong-volunteering-min-768x577.jpg 768w, https:\/\/www.vita-explorers.dk\/blog\/wp-content\/uploads\/2018\/01\/Chicas-Costa-Rica-Globalong-volunteering-min-150x113.jpg 150w, https:\/\/www.vita-explorers.dk\/blog\/wp-content\/uploads\/2018\/01\/Chicas-Costa-Rica-Globalong-volunteering-min.jpg 852w\" sizes=\"(max-width: 300px) 100vw, 300px\" \/><\/a><\/p>\n<h2 id=\"volontariat-international\" style=\"text-align: justify;\">International frivillighedsdag og engagement i udlandet<\/h2>\n<p style=\"text-align: justify;\">Den <strong>internationale frivillighedsdag<\/strong> er ogs\u00e5 en anledning til at s\u00e6tte fokus p\u00e5 internationale forl\u00f8b. Mange indsatser foreg\u00e5r i forskellige lande og kan st\u00f8tte sociale, uddannelses- og milj\u00f8projekter \u2013 og nogle steder ogs\u00e5 sundhedsrelaterede initiativer. Med deres engagement bidrager deltagerne med v\u00e6rdifuld st\u00f8tte i dialog med de lokale teams.<\/p>\n<h3 style=\"text-align: justify;\"><strong><span style=\"color: #800080;\">Hvorfor betyder frivilligt arbejde i udlandet s\u00e5 meget?<\/span><\/strong><\/h3>\n<p style=\"text-align: justify;\">Frivilligt arbejde i udlandet kan v\u00e6re et godt supplement til lokale indsatser. Dels kan det give ekstra h\u00e6nder, hvor behovene er store, og dels kan det skabe meningsfuld kulturudveksling. International frivillighedsdag minder os om, at s\u00e5danne forl\u00f8b kan styrke forst\u00e5else p\u00e5 tv\u00e6rs af lande.<\/p>\n<p style=\"text-align: justify;\">Gennem m\u00f8derne f\u00e5r mange et mere nuanceret blik p\u00e5 verden. For mange betyder det, at de kommer hjem med en st\u00f8rre forst\u00e5else for kulturforskelle og sociale udfordringer.<\/p>\n<h3 style=\"text-align: justify;\"><strong><span style=\"color: #800080;\">Mange typer forl\u00f8b \u2013 i hele verden<\/span><\/strong><\/h3>\n<p style=\"text-align: justify;\">P\u00e5 International frivillighedsdag fort\u00e6lles der ofte om den store variation i indsatser. Deltagere kan fx st\u00f8tte b\u00f8rn, v\u00e6re med i milj\u00f8projekter, <a href=\"https:\/\/www.vita-explorers.dk\/blog\/humanitaere-forloeb-smaaboernsinstitution\/\" target=\"_blank\" rel=\"noopener\">hj\u00e6lpe i en sm\u00e5b\u00f8rnsinstitution<\/a>, st\u00f8tte uddannelsesaktiviteter eller indg\u00e5 i dyrepleje- og rehabiliteringscentre. Den brede palet g\u00f8r det muligt at finde et forl\u00f8b, der passer til b\u00e5de kompetencer og motivation.<\/p>\n<p style=\"text-align: justify;\">Samtidig kan internationale forl\u00f8b give en s\u00e6rlig menneskelig erfaring: at bidrage konkret og l\u00e6re nyt gennem m\u00f8det med andre hverdage og perspektiver.<\/p>\n<h3 style=\"text-align: justify;\"><strong><span style=\"color: #800080;\">En dag, der fremh\u00e6ver internationalt samarbejde<\/span><\/strong><\/h3>\n<p style=\"text-align: justify;\">International frivillighedsdag fremh\u00e6ver ogs\u00e5 v\u00e6rdien af samarbejde mellem lokale organisationer og internationale akt\u00f8rer. Det g\u00f8r det lettere at skabe mere langtidsholdbare projekter, som tager udgangspunkt i reelle behov.<\/p>\n<p style=\"text-align: justify;\">Deltagerne kommer ikke for at erstatte lokale kr\u00e6fter. Tv\u00e6rtimod handler det om at supplere og st\u00f8tte den daglige indsats. Den tilgang kan styrke et mere respektfuldt og effektivt f\u00e6lles arbejde.<\/p>\n<h3 style=\"text-align: justify;\"><strong><span style=\"color: #800080;\">Frivilligt arbejde i udlandet: et engagement, der er \u00e5bent for mange<\/span><\/strong><\/h3>\n<p style=\"text-align: justify;\">P\u00e5 International frivillighedsdag fremh\u00e6ver mange organisationer, at internationale forl\u00f8b kan v\u00e6re tilg\u00e6ngelige for flere. Man beh\u00f8ver ikke n\u00f8dvendigvis en specifik uddannelse eller specialiseret erfaring. Ofte er motivation, ansvarlighed og et oprigtigt \u00f8nske om at bidrage det vigtigste.<\/p>\n<p style=\"text-align: justify;\">Derfor kan man engagere sig b\u00e5de for f\u00e5 uger eller i flere m\u00e5neder. Det underst\u00f8tter pointen om, at internationale forl\u00f8b kan v\u00e6re relevante for mange \u2013 p\u00e5 forskellige livstrin.<\/p>\n<h2><\/h2>\n<p><a href=\"https:\/\/www.vita-explorers.dk\/blog\/wp-content\/uploads\/2022\/04\/Nepal-enfants-2.jpeg\"><img loading=\"lazy\" decoding=\"async\" class=\"size-medium wp-image-14411 aligncenter\" src=\"https:\/\/www.vita-explorers.dk\/blog\/wp-content\/uploads\/2022\/04\/Nepal-enfants-2-300x200.jpeg\" alt=\"Familieforl\u00f8b i udlandet med b\u00f8rn\" width=\"300\" height=\"200\" srcset=\"https:\/\/www.vita-explorers.dk\/blog\/wp-content\/uploads\/2022\/04\/Nepal-enfants-2-300x200.jpeg 300w, https:\/\/www.vita-explorers.dk\/blog\/wp-content\/uploads\/2022\/04\/Nepal-enfants-2-1024x683.jpeg 1024w, https:\/\/www.vita-explorers.dk\/blog\/wp-content\/uploads\/2022\/04\/Nepal-enfants-2-768x512.jpeg 768w, https:\/\/www.vita-explorers.dk\/blog\/wp-content\/uploads\/2022\/04\/Nepal-enfants-2.jpeg 1200w\" sizes=\"(max-width: 300px) 100vw, 300px\" \/><\/a><\/p>\n<h2 id=\"gratitude-volontaires\" style=\"text-align: justify;\">International frivillighedsdag: et tidspunkt til at sige tak<\/h2>\n<p style=\"text-align: justify;\">Den <strong>internationale frivillighedsdag<\/strong> er en oplagt anledning til at takke alle, der engagerer sig \u2013 i nabolaget eller p\u00e5 den anden side af kloden. Uden frivillige ville mange sociale, uddannelsesm\u00e6ssige, kulturelle og milj\u00f8m\u00e6ssige initiativer ikke kunne blive til. Med deres tid og energi underst\u00f8tter de hver dag indsatser, der betyder noget for andre.<\/p>\n<p style=\"text-align: justify;\">Dagen minder ogs\u00e5 om v\u00e6rdien af menneskelige m\u00f8der. Hvert forl\u00f8b, uanset varighed, skaber relationer, giver st\u00f8tte og styrker solidaritet. Derfor s\u00e6tter markeringen lys p\u00e5 tusindvis af handlinger, der ofte foreg\u00e5r uden megen opm\u00e6rksomhed.<\/p>\n<h3 style=\"text-align: justify;\"><strong><span style=\"color: #800080;\">En s\u00e6rlig tanke til dem, der engagerer sig rundt om i verden<\/span><\/strong><\/h3>\n<p style=\"text-align: justify;\">I forbindelse med International frivillighedsdag er det v\u00e6rd at anerkende dem, der arbejder i rammer, som til tider kan v\u00e6re kr\u00e6vende. De st\u00f8tter mennesker i s\u00e5rbare situationer, bidrager til uddannelsesindsatser og hj\u00e6lper med at beskytte natur og milj\u00f8. Deres daglige engagement viser, at solidaritet kan r\u00e6kke p\u00e5 tv\u00e6rs af gr\u00e6nser.<\/p>\n<p style=\"text-align: justify;\">Organisationer, der arbejder sammen med frivillige \u2013 <strong>som VITA Institute<\/strong> \u2013 udtrykker hvert \u00e5r deres taknemmelighed. Budskabet er enkelt: Uden deltagerne ville mange indsatser t\u00e6t p\u00e5 lokalsamfund ikke kunne lade sig g\u00f8re. Takken handler om mennesker, hverdagsindsats og respekt for virkeligheden p\u00e5 stedet.<\/p>\n<h2><\/h2>\n<h2 id=\"initiatives-monde\" style=\"text-align: justify;\">International frivillighedsdag i verden: inspirerende initiativer<\/h2>\n<p style=\"text-align: justify;\">Hvert \u00e5r giver <strong>International frivillighedsdag<\/strong> anledning til mange initiativer verden over. Den internationale mobilisering g\u00f8r dagen til et tidspunkt for b\u00e5de f\u00e6llesskab og inspiration. Samtidig viser den, at frivillighed kan se meget forskellig ud fra land til land \u2013 men med et f\u00e6lles m\u00e5l: at st\u00f8tte andre og styrke sammenholdet.<\/p>\n<p style=\"text-align: justify;\">I flere europ\u00e6iske lande markeres dagen med b\u00e5de folkelige og l\u00e6rende aktiviteter. Der kan fx v\u00e6re forenings- og frivilligmarkeder, hvor lokale indsatser pr\u00e6senteres, flere opfordres til at deltage, og eksisterende initiativer bliver synliggjort. Den type m\u00f8der g\u00f8r det lettere at opdage muligheder t\u00e6t p\u00e5, hvor man bor.<\/p>\n<p style=\"text-align: justify;\">I Afrika har International frivillighedsdag ofte fokus p\u00e5 f\u00e6llesskabsbaserede aktiviteter. Frivillige grupper samles om at renovere skoler, rydde op i kvarterer, afholde oplysningsworkshops eller styrke adgangen til uddannelse. De enkle, men m\u00e5lrettede indsatser kan forbedre hverdagen og styrke lokal sammenh\u00e6ngskraft.<\/p>\n<p style=\"text-align: justify;\">I Asien rummer dagen mange typer projekter \u2013 fra <a href=\"https:\/\/www.vita-explorers.dk\/blog\/frivilligt-arbejde-for-beskyttelse-af-miljoeet\/\" target=\"_blank\" rel=\"noopener\">milj\u00f8beskyttelse<\/a> til st\u00f8tte til mennesker i s\u00e5rbare situationer. Frivillige kan fx arbejde med genplantning af mangrover, deltage i sundhedskampagner eller st\u00f8tte dyreinternater. S\u00e5danne indsatser kan g\u00f8re International frivillighedsdag til en motiverende ramme, is\u00e6r for unge.<\/p>\n<p style=\"text-align: justify;\">I Sydamerika og Caribien bruger mange frivillige dagen til at styrke f\u00e6llesskab gennem kulturelle, sportslige eller sociale aktiviteter. Projekterne samler beboere og underst\u00f8tter m\u00f8der p\u00e5 tv\u00e6rs af forskellige grupper.<\/p>\n<p style=\"text-align: justify;\">P\u00e5 den m\u00e5de st\u00e5r <strong>International frivillighedsdag<\/strong> som en global markering med mange positive handlinger. Mangfoldigheden af initiativer p\u00e5 tv\u00e6rs af regioner minder os om, at frivilligt arbejde er en vigtig drivkraft for et mere ansvarligt og solidarisk samfund.<\/p>\n<h2><\/h2>\n<p><a href=\"https:\/\/www.vita-explorers.dk\/blog\/wp-content\/uploads\/2022\/04\/Nepal-enfants.jpeg\"><img loading=\"lazy\" decoding=\"async\" class=\"size-medium wp-image-14412 aligncenter\" src=\"https:\/\/www.vita-explorers.dk\/blog\/wp-content\/uploads\/2022\/04\/Nepal-enfants-300x229.jpeg\" alt=\"At tage et sabbat\u00e5r og rejse jorden rundt\" width=\"300\" height=\"229\" srcset=\"https:\/\/www.vita-explorers.dk\/blog\/wp-content\/uploads\/2022\/04\/Nepal-enfants-300x229.jpeg 300w, https:\/\/www.vita-explorers.dk\/blog\/wp-content\/uploads\/2022\/04\/Nepal-enfants-1024x780.jpeg 1024w, https:\/\/www.vita-explorers.dk\/blog\/wp-content\/uploads\/2022\/04\/Nepal-enfants-768x585.jpeg 768w, https:\/\/www.vita-explorers.dk\/blog\/wp-content\/uploads\/2022\/04\/Nepal-enfants.jpeg 1200w\" sizes=\"(max-width: 300px) 100vw, 300px\" \/><\/a><\/p>\n<h2 id=\"conclusion-volontaires\" style=\"text-align: justify;\">Konklusion: fejring af International frivillighedsdag kan styrke engagementet<\/h2>\n<p style=\"text-align: justify;\">Den <strong>internationale frivillighedsdag<\/strong> den 5. december minder os om, at frivilligt engagement er en st\u00e6rk ressource. Det f\u00e5r projekter til at rykke, skaber relationer og kan forandre hverdage. Ved at synligg\u00f8re de mange former for frivilligt arbejde viser dagen, at alle kan bidrage ud fra egne muligheder. Den kan ogs\u00e5 give lyst til at forts\u00e6tte, st\u00f8tte nye initiativer og styrke solidaritet.<\/p>\n<p style=\"text-align: justify;\">Derfor er dagen hvert \u00e5r en anledning til b\u00e5de at takke de frivillige, inspirere nye til at engagere sig og minde om, at hj\u00e6lpsomhed og f\u00e6llesskab er afg\u00f8rende for en mere retf\u00e6rdig fremtid.<\/p>\n<div style=\"background-color: #fdeef7; padding: 20px; border-radius: 12px; border: 1px solid #f7d7e9; margin: 25px 0;\">\n<p style=\"color: #7a2c91; margin: 0px; font-size: 16px; text-align: justify;\">Til sidst vil VITA-teamet gerne sige en oprigtig tak til alle vores frivillige og deltagere. Jeres tilstedev\u00e6relse, jeres smil, jeres hj\u00e6lpsomhed og jeres omtanke g\u00f8r en forskel i hvert forl\u00f8b. I bidrager med ro, h\u00e5b og v\u00e6rdighed d\u00e9r, hvor I er. Det ville ikke kunne lade sig g\u00f8re uden jer. <strong>TAK!<\/strong><\/p>\n<\/div>\n<h2><\/h2>\n<h2 id=\"faq\" style=\"text-align: justify;\">FAQ \u2013 International frivillighedsdag<\/h2>\n<h3 style=\"text-align: justify;\"><strong>Hvorfor markeres International frivillighedsdag den 5. december?<\/strong><\/h3>\n<p style=\"text-align: justify;\">Den 5. december er valgt af FN for at anerkende frivilligt engagement og give synlighed til indsatser, der foreg\u00e5r over hele verden.<\/p>\n<h3 style=\"text-align: justify;\"><strong>Hvilke typer indsatser fremh\u00e6ves p\u00e5 dagen?<\/strong><\/h3>\n<p style=\"text-align: justify;\">Den <strong>internationale frivillighedsdag<\/strong> viser bredden i frivilligt arbejde: sociale, uddannelsesm\u00e6ssige, milj\u00f8m\u00e6ssige, kulturelle, humanit\u00e6re og indsatser med dyr.<\/p>\n<h3 style=\"text-align: justify;\"><strong>Hvordan kan man deltage i International frivillighedsdag?<\/strong><\/h3>\n<p style=\"text-align: justify;\">Man kan deltage ved at blive frivillig lokalt, st\u00f8tte et enkeltst\u00e5ende projekt eller unders\u00f8ge muligheder for internationale forl\u00f8b.<\/p>\n<h3 style=\"text-align: justify;\"><strong>G\u00e6lder International frivillighedsdag kun NGO\u2019er<\/strong>?<\/h3>\n<p style=\"text-align: justify;\">Nej, dagen omfatter alle former for engagement: individuelt, i foreninger, i f\u00e6llesskaber eller i institutioner.<\/p>\n<p style=\"text-align: justify;\"><script type=\"application\/ld+json\">\n{\n  \"@context\": \"https:\/\/schema.org\",\n  \"@type\": \"FAQPage\",\n  \"mainEntity\": [\n    {\n      \"@type\": \"Question\",\n      \"name\": \"Hvorfor markeres International frivillighedsdag den 5. december?\",\n      \"acceptedAnswer\": {\n        \"@type\": \"Answer\",\n        \"text\": \"Den 5. december er valgt af FN for at anerkende frivilligt engagement og give synlighed til indsatser, der foreg\u00e5r over hele verden.\"\n      }\n    },\n    {\n      \"@type\": \"Question\",\n      \"name\": \"Hvilke typer indsatser fremh\u00e6ves p\u00e5 dagen?\",\n      \"acceptedAnswer\": {\n        \"@type\": \"Answer\",\n        \"text\": \"International frivillighedsdag fremh\u00e6ver sociale, uddannelsesm\u00e6ssige, milj\u00f8m\u00e6ssige, kulturelle, humanit\u00e6re og indsatser med dyr.\"\n      }\n    },\n    {\n      \"@type\": \"Question\",\n      \"name\": \"Hvordan kan man deltage i International frivillighedsdag?\",\n      \"acceptedAnswer\": {\n        \"@type\": \"Answer\",\n        \"text\": \"Man kan deltage ved at blive frivillig lokalt, st\u00f8tte et enkeltst\u00e5ende projekt eller unders\u00f8ge muligheder for internationale forl\u00f8b.\"\n      }\n    },\n    {\n      \"@type\": \"Question\",\n      \"name\": \"G\u00e6lder International frivillighedsdag kun NGO\u2019er?\",\n      \"acceptedAnswer\": {\n        \"@type\": \"Answer\",\n        \"text\": \"Nej, dagen omfatter alle former for engagement: individuelt, i f\u00e6llesskaber, i foreninger eller i institutioner.\"\n      }\n    }\n  ]\n}\n<\/script><\/p>\n<p id=\"contact\" style=\"text-align: center;\"><strong>Klar til at tage n\u00e6ste skridt?<\/strong><\/p>\n<p style=\"text-align: center;\"><a href=\"https:\/\/www.vita-explorers.dk\/#tel-contact-form-glob\" target=\"_blank\" rel=\"noopener\">Jeg vil gerne i kontakt<\/a><\/p>\n<p class=\"muted\" style=\"text-align: center;\">\u00a9 VITA Institute \u2014 viden og ressourcer om ansvarlige internationale forl\u00f8b.<\/p>\n<p class=\"p4\" style=\"text-align: center;\"><b>Vil du vide mere, er du velkommen til at kontakte os p\u00e5 <\/b><a href=\"mailto:info@globalong.com\"><span class=\"s2\"><b>info@globalong.com<\/b><\/span><\/a><\/p>\n<p class=\"p4\" style=\"text-align: center;\"><b>F\u00f8lg VITA Institute og vores community p\u00e5 <\/b><a href=\"https:\/\/www.instagram.com\/globalongofficiel\/\" target=\"_blank\" rel=\"noopener\"><span class=\"s2\"><b>Instagram<\/b><\/span><\/a><b>, <\/b><a href=\"https:\/\/www.facebook.com\/globalong\" target=\"_blank\" rel=\"noopener\"><span class=\"s2\"><b>Facebook<\/b><\/span><\/a><b>, <\/b><a href=\"https:\/\/www.linkedin.com\/company\/5113177\/admin\/feed\/posts\/\" target=\"_blank\" rel=\"noopener\"><span class=\"s2\"><b>LinkedIn<\/b><\/span><\/a><b> og <\/b><a href=\"https:\/\/www.youtube.com\/c\/globalong\/videos\" target=\"_blank\" rel=\"noopener\"><span class=\"s2\"><b>YouTube<\/b><\/span><\/a><b>!<\/b><\/p>\n","protected":false},"excerpt":{"rendered":"<p>International frivillighedsdag: forst\u00e5 og fejre en vigtig indsats Den internationale frivillighedsdag markeres hvert \u00e5r den 5. december. Dagen blev etableret i 1985 af FN\u2019s\u2026<\/p>\n","protected":false},"author":7,"featured_media":22705,"comment_status":"open","ping_status":"open","sticky":false,"template":"","format":"standard","meta":{"footnotes":""},"categories":[8,472],"tags":[],"yoast_head":"<!-- This site is optimized with the Yoast SEO Premium plugin v23.4 (Yoast SEO v23.4) - https:\/\/yoast.com\/wordpress\/plugins\/seo\/ -->\n<title>International dag for frivillige \u2013 5. december<\/title>\n<meta name=\"description\" content=\"D\u00e9couvrez la Journ\u00e9e internationale des volontaires du 5 d\u00e9cembre, une date d\u00e9di\u00e9e \u00e0 l\u2019engagement et \u00e0 la solidarit\u00e9 dans le monde.\" \/>\n<meta name=\"robots\" content=\"index, follow, max-snippet:-1, max-image-preview:large, max-video-preview:-1\" \/>\n<link rel=\"canonical\" href=\"https:\/\/www.vita-explorers.dk\/blog\/international-frivillighedsdag\/\" \/>\n<meta property=\"og:locale\" content=\"da_DK\" \/>\n<meta property=\"og:type\" content=\"article\" \/>\n<meta property=\"og:title\" content=\"International frivillighedsdag: forst\u00e5 og anerkend et vigtigt engagement\" \/>\n<meta property=\"og:description\" content=\"D\u00e9couvrez la Journ\u00e9e internationale des volontaires du 5 d\u00e9cembre, une date d\u00e9di\u00e9e \u00e0 l\u2019engagement et \u00e0 la solidarit\u00e9 dans le monde.\" \/>\n<meta property=\"og:url\" content=\"https:\/\/www.vita-explorers.dk\/blog\/international-frivillighedsdag\/\" \/>\n<meta property=\"og:site_name\" content=\"VITA Explorers Blog\" \/>\n<meta property=\"article:publisher\" content=\"https:\/\/www.facebook.com\/globalong\" \/>\n<meta property=\"article:published_time\" content=\"2025-12-05T04:58:49+00:00\" \/>\n<meta property=\"article:modified_time\" content=\"2025-12-01T21:28:12+00:00\" \/>\n<meta property=\"og:image\" content=\"https:\/\/www.vita-explorers.dk\/blog\/wp-content\/uploads\/2025\/12\/Capture-decran-2025-12-01-a-22.07.08-1024x536.png\" \/>\n\t<meta property=\"og:image:width\" content=\"1024\" \/>\n\t<meta property=\"og:image:height\" content=\"536\" \/>\n\t<meta property=\"og:image:type\" content=\"image\/png\" \/>\n<meta name=\"author\" content=\"VITA Tribe\" \/>\n<meta name=\"twitter:card\" content=\"summary_large_image\" \/>\n<meta name=\"twitter:label1\" content=\"Skrevet af\" \/>\n\t<meta name=\"twitter:data1\" content=\"VITA Tribe\" \/>\n\t<meta name=\"twitter:label2\" content=\"Estimeret l\u00e6setid\" \/>\n\t<meta name=\"twitter:data2\" content=\"13 minutter\" \/>\n<script type=\"application\/ld+json\" class=\"yoast-schema-graph\">{\"@context\":\"https:\/\/schema.org\",\"@graph\":[{\"@type\":\"Article\",\"@id\":\"https:\/\/www.vita-explorers.dk\/blog\/international-frivillighedsdag\/#article\",\"isPartOf\":{\"@id\":\"https:\/\/www.vita-explorers.dk\/blog\/international-frivillighedsdag\/\"},\"author\":{\"name\":\"VITA Tribe\",\"@id\":\"https:\/\/www.vita-explorers.dk\/blog\/#\/schema\/person\/fc0343a2f2db2ebb2793c1f62dbe73f0\"},\"headline\":\"International frivillighedsdag: forst\u00e5 og anerkend et vigtigt engagement\",\"datePublished\":\"2025-12-05T04:58:49+00:00\",\"dateModified\":\"2025-12-01T21:28:12+00:00\",\"mainEntityOfPage\":{\"@id\":\"https:\/\/www.vita-explorers.dk\/blog\/international-frivillighedsdag\/\"},\"wordCount\":2130,\"commentCount\":0,\"publisher\":{\"@id\":\"https:\/\/www.vita-explorers.dk\/blog\/#organization\"},\"image\":{\"@id\":\"https:\/\/www.vita-explorers.dk\/blog\/international-frivillighedsdag\/#primaryimage\"},\"thumbnailUrl\":\"https:\/\/www.vita-explorers.dk\/blog\/wp-content\/uploads\/2025\/12\/Capture-decran-2025-12-01-a-22.07.08.png\",\"articleSection\":[\"Humanit\u00e6rt frivilligt arbejde\",\"Oplysning\"],\"inLanguage\":\"da-DK\",\"potentialAction\":[{\"@type\":\"CommentAction\",\"name\":\"Comment\",\"target\":[\"https:\/\/www.vita-explorers.dk\/blog\/international-frivillighedsdag\/#respond\"]}]},{\"@type\":\"WebPage\",\"@id\":\"https:\/\/www.vita-explorers.dk\/blog\/international-frivillighedsdag\/\",\"url\":\"https:\/\/www.vita-explorers.dk\/blog\/international-frivillighedsdag\/\",\"name\":\"International dag for frivillige \u2013 5. december\",\"isPartOf\":{\"@id\":\"https:\/\/www.vita-explorers.dk\/blog\/#website\"},\"primaryImageOfPage\":{\"@id\":\"https:\/\/www.vita-explorers.dk\/blog\/international-frivillighedsdag\/#primaryimage\"},\"image\":{\"@id\":\"https:\/\/www.vita-explorers.dk\/blog\/international-frivillighedsdag\/#primaryimage\"},\"thumbnailUrl\":\"https:\/\/www.vita-explorers.dk\/blog\/wp-content\/uploads\/2025\/12\/Capture-decran-2025-12-01-a-22.07.08.png\",\"datePublished\":\"2025-12-05T04:58:49+00:00\",\"dateModified\":\"2025-12-01T21:28:12+00:00\",\"description\":\"D\u00e9couvrez la Journ\u00e9e internationale des volontaires du 5 d\u00e9cembre, une date d\u00e9di\u00e9e \u00e0 l\u2019engagement et \u00e0 la solidarit\u00e9 dans le monde.\",\"breadcrumb\":{\"@id\":\"https:\/\/www.vita-explorers.dk\/blog\/international-frivillighedsdag\/#breadcrumb\"},\"inLanguage\":\"da-DK\",\"potentialAction\":[{\"@type\":\"ReadAction\",\"target\":[\"https:\/\/www.vita-explorers.dk\/blog\/international-frivillighedsdag\/\"]}]},{\"@type\":\"ImageObject\",\"inLanguage\":\"da-DK\",\"@id\":\"https:\/\/www.vita-explorers.dk\/blog\/international-frivillighedsdag\/#primaryimage\",\"url\":\"https:\/\/www.vita-explorers.dk\/blog\/wp-content\/uploads\/2025\/12\/Capture-decran-2025-12-01-a-22.07.08.png\",\"contentUrl\":\"https:\/\/www.vita-explorers.dk\/blog\/wp-content\/uploads\/2025\/12\/Capture-decran-2025-12-01-a-22.07.08.png\",\"width\":1494,\"height\":782},{\"@type\":\"BreadcrumbList\",\"@id\":\"https:\/\/www.vita-explorers.dk\/blog\/international-frivillighedsdag\/#breadcrumb\",\"itemListElement\":[{\"@type\":\"ListItem\",\"position\":1,\"name\":\"Accueil\",\"item\":\"https:\/\/www.vita-explorers.dk\/blog\/\"},{\"@type\":\"ListItem\",\"position\":2,\"name\":\"International frivillighedsdag: forst\u00e5 og anerkend et vigtigt engagement\"}]},{\"@type\":\"WebSite\",\"@id\":\"https:\/\/www.vita-explorers.dk\/blog\/#website\",\"url\":\"https:\/\/www.vita-explorers.dk\/blog\/\",\"name\":\"Association Globalong\",\"description\":\"Frivilligt arbejde, sprogophold, praktik i udlandet og internationale oplevelser\",\"publisher\":{\"@id\":\"https:\/\/www.vita-explorers.dk\/blog\/#organization\"},\"potentialAction\":[{\"@type\":\"SearchAction\",\"target\":{\"@type\":\"EntryPoint\",\"urlTemplate\":\"https:\/\/www.vita-explorers.dk\/blog\/?s={search_term_string}\"},\"query-input\":{\"@type\":\"PropertyValueSpecification\",\"valueRequired\":true,\"valueName\":\"search_term_string\"}}],\"inLanguage\":\"da-DK\"},{\"@type\":\"Organization\",\"@id\":\"https:\/\/www.vita-explorers.dk\/blog\/#organization\",\"name\":\"Association Globalong\",\"url\":\"https:\/\/www.vita-explorers.dk\/blog\/\",\"logo\":{\"@type\":\"ImageObject\",\"inLanguage\":\"da-DK\",\"@id\":\"https:\/\/www.vita-explorers.dk\/blog\/#\/schema\/logo\/image\/\",\"url\":\"https:\/\/www.globalong.com\/blog\/wp-content\/uploads\/2014\/11\/cropped-cropped-Logo-et-Afrique-Globalong-petite-taille-2.jpg\",\"contentUrl\":\"https:\/\/www.globalong.com\/blog\/wp-content\/uploads\/2014\/11\/cropped-cropped-Logo-et-Afrique-Globalong-petite-taille-2.jpg\",\"width\":512,\"height\":512,\"caption\":\"Association Globalong\"},\"image\":{\"@id\":\"https:\/\/www.vita-explorers.dk\/blog\/#\/schema\/logo\/image\/\"},\"sameAs\":[\"https:\/\/www.facebook.com\/globalong\"]},{\"@type\":\"Person\",\"@id\":\"https:\/\/www.vita-explorers.dk\/blog\/#\/schema\/person\/fc0343a2f2db2ebb2793c1f62dbe73f0\",\"name\":\"VITA Tribe\",\"image\":{\"@type\":\"ImageObject\",\"inLanguage\":\"da-DK\",\"@id\":\"https:\/\/www.vita-explorers.dk\/blog\/#\/schema\/person\/image\/\",\"url\":\"https:\/\/secure.gravatar.com\/avatar\/f7f05026bb439d0c96b30e135e5f852c?s=96&d=mm&r=g\",\"contentUrl\":\"https:\/\/secure.gravatar.com\/avatar\/f7f05026bb439d0c96b30e135e5f852c?s=96&d=mm&r=g\",\"caption\":\"VITA Tribe\"},\"sameAs\":[\"http:\/\/www.globalong.com\"],\"url\":\"https:\/\/www.vita-explorers.dk\/blog\/author\/teamglobalong\/\"}]}<\/script>\n<!-- \/ Yoast SEO Premium plugin. -->","yoast_head_json":{"title":"International dag for frivillige \u2013 5. december","description":"D\u00e9couvrez la Journ\u00e9e internationale des volontaires du 5 d\u00e9cembre, une date d\u00e9di\u00e9e \u00e0 l\u2019engagement et \u00e0 la solidarit\u00e9 dans le monde.","robots":{"index":"index","follow":"follow","max-snippet":"max-snippet:-1","max-image-preview":"max-image-preview:large","max-video-preview":"max-video-preview:-1"},"canonical":"https:\/\/www.vita-explorers.dk\/blog\/international-frivillighedsdag\/","og_locale":"da_DK","og_type":"article","og_title":"International frivillighedsdag: forst\u00e5 og anerkend et vigtigt engagement","og_description":"D\u00e9couvrez la Journ\u00e9e internationale des volontaires du 5 d\u00e9cembre, une date d\u00e9di\u00e9e \u00e0 l\u2019engagement et \u00e0 la solidarit\u00e9 dans le monde.","og_url":"https:\/\/www.vita-explorers.dk\/blog\/international-frivillighedsdag\/","og_site_name":"VITA Explorers Blog","article_publisher":"https:\/\/www.facebook.com\/globalong","article_published_time":"2025-12-05T04:58:49+00:00","article_modified_time":"2025-12-01T21:28:12+00:00","og_image":[{"width":1024,"height":536,"url":"https:\/\/www.vita-explorers.dk\/blog\/wp-content\/uploads\/2025\/12\/Capture-decran-2025-12-01-a-22.07.08-1024x536.png","type":"image\/png"}],"author":"VITA Tribe","twitter_card":"summary_large_image","twitter_misc":{"Skrevet af":"VITA Tribe","Estimeret l\u00e6setid":"13 minutter"},"schema":{"@context":"https:\/\/schema.org","@graph":[{"@type":"Article","@id":"https:\/\/www.vita-explorers.dk\/blog\/international-frivillighedsdag\/#article","isPartOf":{"@id":"https:\/\/www.vita-explorers.dk\/blog\/international-frivillighedsdag\/"},"author":{"name":"VITA Tribe","@id":"https:\/\/www.vita-explorers.dk\/blog\/#\/schema\/person\/fc0343a2f2db2ebb2793c1f62dbe73f0"},"headline":"International frivillighedsdag: forst\u00e5 og anerkend et vigtigt engagement","datePublished":"2025-12-05T04:58:49+00:00","dateModified":"2025-12-01T21:28:12+00:00","mainEntityOfPage":{"@id":"https:\/\/www.vita-explorers.dk\/blog\/international-frivillighedsdag\/"},"wordCount":2130,"commentCount":0,"publisher":{"@id":"https:\/\/www.vita-explorers.dk\/blog\/#organization"},"image":{"@id":"https:\/\/www.vita-explorers.dk\/blog\/international-frivillighedsdag\/#primaryimage"},"thumbnailUrl":"https:\/\/www.vita-explorers.dk\/blog\/wp-content\/uploads\/2025\/12\/Capture-decran-2025-12-01-a-22.07.08.png","articleSection":["Humanit\u00e6rt frivilligt arbejde","Oplysning"],"inLanguage":"da-DK","potentialAction":[{"@type":"CommentAction","name":"Comment","target":["https:\/\/www.vita-explorers.dk\/blog\/international-frivillighedsdag\/#respond"]}]},{"@type":"WebPage","@id":"https:\/\/www.vita-explorers.dk\/blog\/international-frivillighedsdag\/","url":"https:\/\/www.vita-explorers.dk\/blog\/international-frivillighedsdag\/","name":"International dag for frivillige \u2013 5. december","isPartOf":{"@id":"https:\/\/www.vita-explorers.dk\/blog\/#website"},"primaryImageOfPage":{"@id":"https:\/\/www.vita-explorers.dk\/blog\/international-frivillighedsdag\/#primaryimage"},"image":{"@id":"https:\/\/www.vita-explorers.dk\/blog\/international-frivillighedsdag\/#primaryimage"},"thumbnailUrl":"https:\/\/www.vita-explorers.dk\/blog\/wp-content\/uploads\/2025\/12\/Capture-decran-2025-12-01-a-22.07.08.png","datePublished":"2025-12-05T04:58:49+00:00","dateModified":"2025-12-01T21:28:12+00:00","description":"D\u00e9couvrez la Journ\u00e9e internationale des volontaires du 5 d\u00e9cembre, une date d\u00e9di\u00e9e \u00e0 l\u2019engagement et \u00e0 la solidarit\u00e9 dans le monde.","breadcrumb":{"@id":"https:\/\/www.vita-explorers.dk\/blog\/international-frivillighedsdag\/#breadcrumb"},"inLanguage":"da-DK","potentialAction":[{"@type":"ReadAction","target":["https:\/\/www.vita-explorers.dk\/blog\/international-frivillighedsdag\/"]}]},{"@type":"ImageObject","inLanguage":"da-DK","@id":"https:\/\/www.vita-explorers.dk\/blog\/international-frivillighedsdag\/#primaryimage","url":"https:\/\/www.vita-explorers.dk\/blog\/wp-content\/uploads\/2025\/12\/Capture-decran-2025-12-01-a-22.07.08.png","contentUrl":"https:\/\/www.vita-explorers.dk\/blog\/wp-content\/uploads\/2025\/12\/Capture-decran-2025-12-01-a-22.07.08.png","width":1494,"height":782},{"@type":"BreadcrumbList","@id":"https:\/\/www.vita-explorers.dk\/blog\/international-frivillighedsdag\/#breadcrumb","itemListElement":[{"@type":"ListItem","position":1,"name":"Accueil","item":"https:\/\/www.vita-explorers.dk\/blog\/"},{"@type":"ListItem","position":2,"name":"International frivillighedsdag: forst\u00e5 og anerkend et vigtigt engagement"}]},{"@type":"WebSite","@id":"https:\/\/www.vita-explorers.dk\/blog\/#website","url":"https:\/\/www.vita-explorers.dk\/blog\/","name":"Association Globalong","description":"Frivilligt arbejde, sprogophold, praktik i udlandet og internationale oplevelser","publisher":{"@id":"https:\/\/www.vita-explorers.dk\/blog\/#organization"},"potentialAction":[{"@type":"SearchAction","target":{"@type":"EntryPoint","urlTemplate":"https:\/\/www.vita-explorers.dk\/blog\/?s={search_term_string}"},"query-input":{"@type":"PropertyValueSpecification","valueRequired":true,"valueName":"search_term_string"}}],"inLanguage":"da-DK"},{"@type":"Organization","@id":"https:\/\/www.vita-explorers.dk\/blog\/#organization","name":"Association Globalong","url":"https:\/\/www.vita-explorers.dk\/blog\/","logo":{"@type":"ImageObject","inLanguage":"da-DK","@id":"https:\/\/www.vita-explorers.dk\/blog\/#\/schema\/logo\/image\/","url":"https:\/\/www.globalong.com\/blog\/wp-content\/uploads\/2014\/11\/cropped-cropped-Logo-et-Afrique-Globalong-petite-taille-2.jpg","contentUrl":"https:\/\/www.globalong.com\/blog\/wp-content\/uploads\/2014\/11\/cropped-cropped-Logo-et-Afrique-Globalong-petite-taille-2.jpg","width":512,"height":512,"caption":"Association Globalong"},"image":{"@id":"https:\/\/www.vita-explorers.dk\/blog\/#\/schema\/logo\/image\/"},"sameAs":["https:\/\/www.facebook.com\/globalong"]},{"@type":"Person","@id":"https:\/\/www.vita-explorers.dk\/blog\/#\/schema\/person\/fc0343a2f2db2ebb2793c1f62dbe73f0","name":"VITA Tribe","image":{"@type":"ImageObject","inLanguage":"da-DK","@id":"https:\/\/www.vita-explorers.dk\/blog\/#\/schema\/person\/image\/","url":"https:\/\/secure.gravatar.com\/avatar\/f7f05026bb439d0c96b30e135e5f852c?s=96&d=mm&r=g","contentUrl":"https:\/\/secure.gravatar.com\/avatar\/f7f05026bb439d0c96b30e135e5f852c?s=96&d=mm&r=g","caption":"VITA Tribe"},"sameAs":["http:\/\/www.globalong.com"],"url":"https:\/\/www.vita-explorers.dk\/blog\/author\/teamglobalong\/"}]}},"_links":{"self":[{"href":"https:\/\/www.vita-explorers.dk\/blog\/wp-json\/wp\/v2\/posts\/22664"}],"collection":[{"href":"https:\/\/www.vita-explorers.dk\/blog\/wp-json\/wp\/v2\/posts"}],"about":[{"href":"https:\/\/www.vita-explorers.dk\/blog\/wp-json\/wp\/v2\/types\/post"}],"author":[{"embeddable":true,"href":"https:\/\/www.vita-explorers.dk\/blog\/wp-json\/wp\/v2\/users\/7"}],"replies":[{"embeddable":true,"href":"https:\/\/www.vita-explorers.dk\/blog\/wp-json\/wp\/v2\/comments?post=22664"}],"version-history":[{"count":8,"href":"https:\/\/www.vita-explorers.dk\/blog\/wp-json\/wp\/v2\/posts\/22664\/revisions"}],"predecessor-version":[{"id":22711,"href":"https:\/\/www.vita-explorers.dk\/blog\/wp-json\/wp\/v2\/posts\/22664\/revisions\/22711"}],"wp:featuredmedia":[{"embeddable":true,"href":"https:\/\/www.vita-explorers.dk\/blog\/wp-json\/wp\/v2\/media\/22705"}],"wp:attachment":[{"href":"https:\/\/www.vita-explorers.dk\/blog\/wp-json\/wp\/v2\/media?parent=22664"}],"wp:term":[{"taxonomy":"category","embeddable":true,"href":"https:\/\/www.vita-explorers.dk\/blog\/wp-json\/wp\/v2\/categories?post=22664"},{"taxonomy":"post_tag","embeddable":true,"href":"https:\/\/www.vita-explorers.dk\/blog\/wp-json\/wp\/v2\/tags?post=22664"}],"curies":[{"name":"wp","href":"https:\/\/api.w.org\/{rel}","templated":true}]}}