{"id":22686,"date":"2025-11-29T11:38:05","date_gmt":"2025-11-29T10:38:05","guid":{"rendered":"https:\/\/www.globalong.com\/blog\/?p=22686"},"modified":"2025-11-29T11:38:05","modified_gmt":"2025-11-29T10:38:05","slug":"frivilligt-arbejde-social-isolation","status":"publish","type":"post","link":"https:\/\/www.vita-explorers.dk\/blog\/frivilligt-arbejde-social-isolation\/","title":{"rendered":"Hvordan frivilligt arbejde kan v\u00e6re med til at modvirke social isolation"},"content":{"rendered":"<h1 style=\"text-align: justify;\">Hvordan frivilligt arbejde kan v\u00e6re med til at mindske social isolation<\/h1>\n<p style=\"text-align: justify;\">Verden over f\u00e5r sammenh\u00e6ngen mellem <strong>frivilligt arbejde og social isolation<\/strong> en s\u00e6rlig betydning. I dele af Afrika, Asien og Latinamerika lever mange langt fra familie, isoleret i landomr\u00e5der eller afsk\u00e5ret fra socialt f\u00e6llesskab p\u00e5 grund af s\u00e5rbare livsvilk\u00e5r. I m\u00f8det med disse realiteter spiller <strong>internationalt frivilligt arbejde mod social isolation<\/strong> en vigtig rolle. N\u00e5r man bliver en del af f\u00e6llesskabsskoler, dag- og aktivitetstilbud, herberger eller lokale sociale indsatser, er man med til at genskabe menneskelig kontakt d\u00e9r, hvor den mangler mest.<\/p>\n<p style=\"text-align: justify;\"><strong>Frivilligt arbejde for at bryde social isolation<\/strong> kan b\u00e5de st\u00f8tte mennesker i udsatte situationer og styrke den <a href=\"https:\/\/www.vita-explorers.dk\/blog\/interkulturelle-forloeb-i-udlandet-frivilligt-arbejde\/\" target=\"_blank\" rel=\"noopener\">interkulturelle<\/a> udveksling. Deltagere bliver en del af hverdagen i lokalsamfundet, tager del i aktiviteterne og bidrager med en n\u00e6rv\u00e6rende tilstedev\u00e6relse, der kan mindske ensomhed. P\u00e5 internationale forl\u00f8b bliver deling, n\u00e6rv\u00e6r og samarbejde st\u00e6rke redskaber til at reducere isolation og underst\u00f8tte et f\u00e6lles \u201dvi\u201d.<\/p>\n<p style=\"text-align: justify;\">I denne artikel ser vi n\u00e6rmere p\u00e5, hvordan <strong>internationale sociale forl\u00f8b<\/strong> konkret kan g\u00f8re en forskel i forhold til social isolation, hvilke sm\u00e5 handlinger der kan betyde meget, og hvordan man kan blive en del af forandringen ved at engagere sig i frivilligt arbejde i udlandet.<\/p>\n<div id=\"sommaire\" style=\"text-align: justify;\">\n<h2><\/h2>\n<h2>Indhold<\/h2>\n<ul>\n<li><a href=\"#comprendre-isolement-social\">At forst\u00e5 social isolation i dag<\/a><\/li>\n<li><a href=\"#volontariat-isolement-social\">Frivilligt arbejde og social isolation: en vigtig sammenh\u00e6ng<\/a><\/li>\n<li><a href=\"#missions-sociales-isolement\">Sociale forl\u00f8b og isolation: hvor indsatsen g\u00f8r en konkret forskel<\/a><\/li>\n<li><a href=\"#benevolat-isolement-social\">Frivilligt engagement og social isolation: sm\u00e5 handlinger, der g\u00f8r en stor forskel<\/a><\/li>\n<li><a href=\"#temoignage-volontariat-isolement\">Oplevelse: at tage afsted for at bryde social isolation<\/a><\/li>\n<li><a href=\"#benefices-volontaires-isolement\">Gevinsterne for deltagerne ved frivilligt arbejde mod social isolation<\/a><\/li>\n<li><a href=\"#preparer-mission-isolement\">S\u00e5dan forbereder du et frivilligforl\u00f8b med fokus p\u00e5 social isolation<\/a><\/li>\n<li><a href=\"#faq\">FAQ om frivilligt arbejde og social isolation<\/a><\/li>\n<li><a href=\"#conclusion-volontariat-isolement\">Konklusion: at engagere sig for at bryde social isolation<\/a><\/li>\n<\/ul>\n<\/div>\n<h2><\/h2>\n<h2><a href=\"https:\/\/www.vita-explorers.dk\/blog\/wp-content\/uploads\/2016\/10\/Re\u0301paration-ve\u0301lo-Centre-daccueil-Globalong-Madagascar.jpg\"><img loading=\"lazy\" decoding=\"async\" class=\"size-medium wp-image-5585 aligncenter\" src=\"https:\/\/www.vita-explorers.dk\/blog\/wp-content\/uploads\/2016\/10\/Re\u0301paration-ve\u0301lo-Centre-daccueil-Globalong-Madagascar-300x225.jpg\" alt=\"Schweizere p\u00e5 frivilligforl\u00f8b i udlandet, socialt engagement.\" width=\"300\" height=\"225\" srcset=\"https:\/\/www.vita-explorers.dk\/blog\/wp-content\/uploads\/2016\/10\/Re\u0301paration-ve\u0301lo-Centre-daccueil-Globalong-Madagascar-300x225.jpg 300w, https:\/\/www.vita-explorers.dk\/blog\/wp-content\/uploads\/2016\/10\/Re\u0301paration-ve\u0301lo-Centre-daccueil-Globalong-Madagascar-768x576.jpg 768w, https:\/\/www.vita-explorers.dk\/blog\/wp-content\/uploads\/2016\/10\/Re\u0301paration-ve\u0301lo-Centre-daccueil-Globalong-Madagascar.jpg 1024w, https:\/\/www.vita-explorers.dk\/blog\/wp-content\/uploads\/2016\/10\/Re\u0301paration-ve\u0301lo-Centre-daccueil-Globalong-Madagascar-150x113.jpg 150w\" sizes=\"(max-width: 300px) 100vw, 300px\" \/><\/a><\/h2>\n<p>\u00a0<\/p>\n<h2 id=\"comprendre-isolement-social\" style=\"text-align: justify;\">At forst\u00e5 social isolation i dag<\/h2>\n<p style=\"text-align: justify;\">Social isolation handler ikke kun om at bo alene. Den opst\u00e5r, n\u00e5r de regelm\u00e6ssige kontakter til andre bliver f\u00e5 eller overfladiske. Nogle ser n\u00e6sten ingen, andre mangler et netv\u00e6rk at l\u00e6ne sig op ad. Det kan ramme alle aldre: b\u00f8rn, unge, for\u00e6ldre og \u00e6ldre.<\/p>\n<p style=\"text-align: justify;\">Flere forhold kan v\u00e6re med til at forklare, hvorfor social isolation fylder mere:<\/p>\n<ul style=\"text-align: justify;\">\n<li>\u00f8konomisk usikkerhed, som g\u00f8r hverdagen mere uforudsigelig;<\/li>\n<li>hyppige flytninger eller et liv langt fra familien;<\/li>\n<li>brud i familie- eller arbejdsliv;<\/li>\n<li>tab af fysisk eller psykisk handlekraft;<\/li>\n<li>meget brug af digitale medier, som kan begr\u00e6nse m\u00f8der ansigt til ansigt.<\/li>\n<\/ul>\n<p style=\"text-align: justify;\">Konsekvenserne kan v\u00e6re store. Social isolation \u00f8ger risikoen for mistrivsel, skolefrafald, tilbagetr\u00e6kning og i nogle tilf\u00e6lde ogs\u00e5 helbredsproblemer. N\u00e5r der ikke er nogen til at lytte, forebygge eller st\u00f8tte, kan hverdagens udfordringer f\u00f8les tungere at b\u00e6re.<\/p>\n<p style=\"text-align: justify;\">Her giver <strong>frivilligt arbejde mod social isolation<\/strong> s\u00e6rlig mening. N\u00e5r deltagere bidrager med tid, n\u00e6rv\u00e6r og opm\u00e6rksom lytten, kan det lette presset og st\u00f8tte mennesker, der st\u00e5r alene, i at finde tilbage til en plads i f\u00e6llesskabet.<\/p>\n<h2><\/h2>\n<h2 id=\"volontariat-isolement-social\" style=\"text-align: justify;\">Frivilligt arbejde og social isolation: en vigtig sammenh\u00e6ng<\/h2>\n<p style=\"text-align: justify;\">Sammenh\u00e6ngen mellem <strong>frivilligt arbejde og social isolation<\/strong> bygger p\u00e5 en enkel pointe: Frivilligt arbejde skaber relationer. N\u00e5r man engagerer sig i et forl\u00f8b, m\u00f8der man mennesker, man ellers aldrig ville have m\u00f8dt. Man bliver en del af hverdagen, forst\u00e5r behovene og bidrager til at styrke sociale netv\u00e6rk.<\/p>\n<p style=\"text-align: justify;\"><strong>Frivilligt arbejde for at bryde social isolation<\/strong> rummer ofte nogle klare elementer:<\/p>\n<ul style=\"text-align: justify;\">\n<li>en regelm\u00e6ssig tilstedev\u00e6relse, der skaber tryghed og struktur i dagen;<\/li>\n<li>aktiv lytning, s\u00e5 mennesker f\u00e5r plads til at fort\u00e6lle og blive m\u00f8dt;<\/li>\n<li>f\u00e6lles aktiviteter, der skaber oplevelser og minder;<\/li>\n<li>et respektfuldt blik, der kan styrke selvv\u00e6rd og mod.<\/li>\n<\/ul>\n<p style=\"text-align: justify;\">I mange sociale indsatser handler rollen ikke kun om at \u201dg\u00f8re\u201d. Det handler ogs\u00e5 om at \u201dv\u00e6re der\u201d og give n\u00e6rv\u00e6r til mennesker, som savner det. Den menneskelige dimension er central i arbejdet mod social isolation.<\/p>\n<p style=\"text-align: justify;\">Derfor er <strong>frivilligt arbejde mod social isolation<\/strong> ikke kun praktisk st\u00f8tte. Det skaber rammer, hvor mennesker f\u00f8ler sig set, lyttet til og m\u00f8dt med respekt\u2014en vigtig del af vejen ud af ensomhed.<\/p>\n<h2><\/h2>\n<p><a href=\"https:\/\/www.vita-explorers.dk\/blog\/wp-content\/uploads\/2018\/06\/7.-Social-Care-Disability.png\"><img loading=\"lazy\" decoding=\"async\" class=\"size-medium wp-image-10128 aligncenter\" src=\"https:\/\/www.vita-explorers.dk\/blog\/wp-content\/uploads\/2018\/06\/7.-Social-Care-Disability-300x251.png\" alt=\"frivilligt arbejde og social isolation\" width=\"300\" height=\"251\" srcset=\"https:\/\/www.vita-explorers.dk\/blog\/wp-content\/uploads\/2018\/06\/7.-Social-Care-Disability-300x251.png 300w, https:\/\/www.vita-explorers.dk\/blog\/wp-content\/uploads\/2018\/06\/7.-Social-Care-Disability-150x126.png 150w, https:\/\/www.vita-explorers.dk\/blog\/wp-content\/uploads\/2018\/06\/7.-Social-Care-Disability.png 340w\" sizes=\"(max-width: 300px) 100vw, 300px\" \/><\/a><\/p>\n<p>\u00a0<\/p>\n<h2 id=\"missions-sociales-isolement\" style=\"text-align: justify;\">Sociale forl\u00f8b og isolation: hvor indsatsen g\u00f8r en konkret forskel<\/h2>\n<p style=\"text-align: justify;\">Der er ofte en t\u00e6t forbindelse mellem <strong>sociale forl\u00f8b og isolation<\/strong>, fordi mange projekter retter sig mod mennesker i s\u00e5rbare situationer. Nogle forl\u00f8b foreg\u00e5r i dag- og aktivitetstilbud, andre i skoler, bosteder eller sundhedsfaglige rammer. F\u00e6llesn\u00e6vneren er, at de skaber m\u00f8der mellem mennesker.<\/p>\n<h3 style=\"text-align: justify;\"><span style=\"color: #800080;\"><strong>At st\u00f8tte b\u00f8rn i s\u00e5rbare livssituationer<\/strong><\/span><\/h3>\n<p style=\"text-align: justify;\">I mange lande\u2014bl.a. i Sydasien, \u00d8stafrika og Latinamerika\u2014oplever b\u00f8rn i b\u00f8rnecentre, <a href=\"https:\/\/www.vita-explorers.dk\/blog\/ugens-fokus-frivilligt-arbejde-i-boernecentre\/\" target=\"_blank\" rel=\"noopener\">b\u00f8rnecentre<\/a> eller f\u00e6llesskabsskoler ofte en markant grad af isolation. Nogle familier bor langt fra undervisningstilbuddene, andre er \u00f8konomisk pressede, hvilket kan begr\u00e6nse b\u00f8rns sociale muligheder.<\/p>\n<p style=\"text-align: justify;\"><a href=\"https:\/\/www.vita-explorers.dk\/treeprod?prefilter-get=true&#038;nodes[]=11\" target=\"_blank\" rel=\"noopener\">Internationalt frivilligt arbejde med b\u00f8rn<\/a> kan her spille en vigtig rolle. Deltagere st\u00f8tter de lokale teams, bidrager til l\u00e6ring og laver aktiviteter, der passer til hverdagen: kreative workshops, l\u00e6ringslege, sport eller l\u00e6sestunder. I de rammer f\u00e5r b\u00f8rn et trygt sted, hvor de kan udtrykke sig, grine, l\u00e6re og skabe relationer.<\/p>\n<p style=\"text-align: justify;\">Med den type ophold i udlandet mindskes isolationen ofte gradvist. B\u00f8rnene knytter b\u00e5nd til deltagerne, men ogs\u00e5 til hinanden. De f\u00e5r mere selvtillid, m\u00f8der nye perspektiver og \u00f8ver sig i at samarbejde i et respektfuldt milj\u00f8. Internationalt frivilligt arbejde kan dermed v\u00e6re med til at styrke sammenhold og \u00e5benhed i mange lokalsamfund.<\/p>\n<h3><strong><span style=\"color: #800080;\">At st\u00f8tte mennesker i stor udsathed<\/span><\/strong><\/h3>\n<p>I nogle lande\u2014s\u00e6rligt i st\u00f8rre byer i Afrika, Asien og Mellemamerika\u2014kan udsatte livsvilk\u00e5r f\u00f8re til tydelig social isolation. Mennesker, der lever p\u00e5 gaden, i slumomr\u00e5der eller i herberger, bliver ofte usynlige i resten af samfundet. Afstand til familien, vanskeligheder ved at finde stabilt arbejde og intern migration kan forst\u00e6rke ensomheden.<\/p>\n<p>Internationalt frivilligt arbejde mod social isolation g\u00f8r en konkret forskel her. Deltagere kan v\u00e6re med til at uddele m\u00e5ltider, lave oplysende aktiviteter, st\u00f8tte de lokale teams i dag- og aktivitetstilbud eller bidrage til f\u00e6llesskabsaktiviteter i nabolaget. Selv korte m\u00f8der kan v\u00e6re et vigtigt holdepunkt for mennesker, der ikke l\u00e6ngere er vant til at blive m\u00f8dt med opm\u00e6rksomhed eller respekt.<\/p>\n<p>I de her sammenh\u00e6nge minder frivilligt arbejde for at bryde social isolation om, at alle fortjener at blive set og lyttet til. Et smil, en samtale eller en f\u00e6lles aktivitet kan reelt g\u00f8re hverdagen lettere for mennesker, der lever under sv\u00e6re vilk\u00e5r.<\/p>\n<h3 style=\"text-align: justify;\"><strong><span style=\"color: #800080;\">At v\u00e6re der for \u00e6ldre, der st\u00e5r alene<\/span><\/strong><\/h3>\n<p style=\"text-align: justify;\">I mange lande\u2014bl.a. i \u00d8stafrika, Sydasien og Latinamerika\u2014lever <a href=\"https:\/\/www.vita-explorers.dk\/treeprod?prefilter-get=true&#038;nodes[]=84\" target=\"_blank\" rel=\"noopener\">\u00e6ldre<\/a> nogle gange langt fra deres n\u00e6rmeste eller i f\u00e6llesskabsbaserede tilbud, hvor bes\u00f8g kan v\u00e6re sj\u00e6ldne. Nogle har mistet deres familie, andre bor i centre for \u00e6ldre i udsatte situationer. Det kan g\u00f8re social isolation s\u00e6rligt m\u00e6rkbar, is\u00e6r i landomr\u00e5der eller regioner med f\u00e5 sociale ressourcer.<\/p>\n<p style=\"text-align: justify;\">Internationalt frivilligt arbejde mod social isolation kan ogs\u00e5 her spille en vigtig rolle. Deltagere bruger tid sammen med beboerne, laver enkle aktiviteter, l\u00e6ser h\u00f8jt, taler sammen eller f\u00f8lger med p\u00e5 korte ture, n\u00e5r det er muligt. I nogle lande er der ogs\u00e5 behov for st\u00f8tte til aktiviteter som sundheds- og hukommelsesworkshops, musik eller initiativer, der skaber m\u00f8der p\u00e5 tv\u00e6rs af generationer.<\/p>\n<p style=\"text-align: justify;\">Med den ekstra tilstedev\u00e6relse kan \u00e6ldre f\u00f8le sig v\u00e6rdsat og anerkendt. Interkulturelle m\u00f8der kan v\u00e6kke nysgerrighed, stimulere hukommelsen og give hverdagen mere mening. I de rammer kan en lille handling, en samtale eller en aktivitet sammen v\u00e6re nok til at bryde m\u00e5neder med ensomhed. Det er netop styrken ved <strong>frivilligt arbejde for at bryde social isolation<\/strong>\u2014ogs\u00e5 langt hjemmefra.<\/p>\n<h3 style=\"text-align: justify;\"><strong><span style=\"color: #800080;\">At st\u00f8tte mennesker i stor udsathed<\/span><\/strong><\/h3>\n<p style=\"text-align: justify;\">I nogle lande\u2014s\u00e6rligt i st\u00f8rre byer i Afrika, Asien eller Mellemamerika\u2014f\u00f8rer udsatte livsvilk\u00e5r til markant social isolation. Mennesker, der lever p\u00e5 gaden, i udsatte kvarterer eller i herberger, bliver ofte usynlige for resten af samfundet. Afstand til familien, intern migration eller manglende jobmuligheder kan forst\u00e6rke ensomheden yderligere.<\/p>\n<p style=\"text-align: justify;\">Internationalt frivilligt arbejde mod social isolation kan give direkte og menneskelig st\u00f8tte i sv\u00e6re situationer. Deltagere kan v\u00e6re med til at uddele m\u00e5ltider, st\u00f8tte de lokale teams ved f\u00e6llesskabsaktiviteter, facilitere oplysende workshops eller ganske enkelt tilbyde et lyttende n\u00e6rv\u00e6r. Selv korte m\u00f8der kan v\u00e6re v\u00e6rdifulde for mennesker, der ikke l\u00e6ngere er vant til at blive taget alvorligt eller m\u00f8dt med respekt.<\/p>\n<p style=\"text-align: justify;\">I de rammer giver <strong>frivilligt arbejde for at bryde social isolation<\/strong> plads til dem, der st\u00e5r mest udsat. Et smil, en samtale eller en f\u00e6lles aktivitet kan g\u00f8re en reel forskel i hverdagen. Hver lille handling minder om, at alle fortjener respekt, at blive set og at f\u00e5 st\u00f8tte\u2014uanset livssituation.<\/p>\n<h2 style=\"text-align: justify;\"><\/h2>\n<p><a href=\"https:\/\/www.vita-explorers.dk\/blog\/wp-content\/uploads\/2018\/12\/IMG_20180919_114525-min.jpg\"><img loading=\"lazy\" decoding=\"async\" class=\"size-medium wp-image-12162 aligncenter\" src=\"https:\/\/www.vita-explorers.dk\/blog\/wp-content\/uploads\/2018\/12\/IMG_20180919_114525-min-226x300.jpg\" alt=\"verdens b\u00f8rnedag\" width=\"226\" height=\"300\" srcset=\"https:\/\/www.vita-explorers.dk\/blog\/wp-content\/uploads\/2018\/12\/IMG_20180919_114525-min-226x300.jpg 226w, https:\/\/www.vita-explorers.dk\/blog\/wp-content\/uploads\/2018\/12\/IMG_20180919_114525-min-768x1020.jpg 768w, https:\/\/www.vita-explorers.dk\/blog\/wp-content\/uploads\/2018\/12\/IMG_20180919_114525-min-771x1024.jpg 771w, https:\/\/www.vita-explorers.dk\/blog\/wp-content\/uploads\/2018\/12\/IMG_20180919_114525-min-113x150.jpg 113w, https:\/\/www.vita-explorers.dk\/blog\/wp-content\/uploads\/2018\/12\/IMG_20180919_114525-min.jpg 1952w\" sizes=\"(max-width: 226px) 100vw, 226px\" \/><\/a><\/p>\n<p>\u00a0<\/p>\n<h2 id=\"benevolat-isolement-social\" style=\"text-align: justify;\">Frivilligt engagement og social isolation: sm\u00e5 handlinger, der g\u00f8r en stor forskel<\/h2>\n<p style=\"text-align: justify;\">Sammenh\u00e6ngen mellem <strong>frivilligt engagement og social isolation<\/strong> er t\u00e6t, fordi enkle ting ofte kan lette ensomhed. Der er ikke altid behov for store, komplicerede initiativer. Tv\u00e6rtimod er det ofte de sm\u00e5, gentagne opm\u00e6rksomheder, der skaber mest effekt.<\/p>\n<p style=\"text-align: justify;\">P\u00e5 et forl\u00f8b med <strong>frivilligt arbejde mod social isolation<\/strong> kan en deltager f.eks.:<\/p>\n<ul style=\"text-align: justify;\">\n<li>hilse p\u00e5 hver person ved navn;<\/li>\n<li>tage et par minutter til en reel snak om dagen, der er g\u00e5et;<\/li>\n<li>foresl\u00e5 et spil, en kreativ aktivitet eller et madlavningsv\u00e6rksted;<\/li>\n<li>invitere de mere tilbageholdende med p\u00e5 en tryg m\u00e5de;<\/li>\n<li>anerkende alles sm\u00e5 og store styrker.<\/li>\n<\/ul>\n<p style=\"text-align: justify;\">Det lyder enkelt, men det viser mennesker, der st\u00e5r alene, at de betyder noget. Med <strong>frivilligt arbejde for at bryde social isolation<\/strong> f\u00e5r de gradvist mere mod p\u00e5 at tale, dele og \u00e5bne sig for andre.<\/p>\n<h2><\/h2>\n<h2><a href=\"https:\/\/www.vita-explorers.dk\/blog\/wp-content\/uploads\/2024\/06\/Capture-decran-2024-06-13-a-15.22.45.png\"><img loading=\"lazy\" decoding=\"async\" class=\"size-medium wp-image-16878 aligncenter\" src=\"https:\/\/www.vita-explorers.dk\/blog\/wp-content\/uploads\/2024\/06\/Capture-decran-2024-06-13-a-15.22.45-177x300.png\" alt=\"\" width=\"177\" height=\"300\" srcset=\"https:\/\/www.vita-explorers.dk\/blog\/wp-content\/uploads\/2024\/06\/Capture-decran-2024-06-13-a-15.22.45-177x300.png 177w, https:\/\/www.vita-explorers.dk\/blog\/wp-content\/uploads\/2024\/06\/Capture-decran-2024-06-13-a-15.22.45-603x1024.png 603w, https:\/\/www.vita-explorers.dk\/blog\/wp-content\/uploads\/2024\/06\/Capture-decran-2024-06-13-a-15.22.45.png 734w\" sizes=\"(max-width: 177px) 100vw, 177px\" \/><\/a><\/h2>\n<h2 id=\"temoignage-volontariat-isolement\" style=\"text-align: justify;\"><\/h2>\n<h2 id=\"temoignage-volontariat-isolement\" style=\"text-align: justify;\">Oplevelse: at tage p\u00e5 internationalt forl\u00f8b for at bryde social isolation<\/h2>\n<p style=\"text-align: justify;\">For at g\u00f8re effekten af <strong>internationalt frivilligt arbejde mod social isolation<\/strong> mere konkret, f\u00e5r du her en repr\u00e6sentativ oplevelse fra en deltager, der var afsted i flere uger i et lokalt f\u00e6llesskabscenter i udlandet.<\/p>\n<div style=\"border-left: 4px solid #cccccc; padding: 15px; margin: 20px 0px; text-align: justify;\">\n<blockquote><p><em>\u00ab Jeg tog til en lille landsby i Latinamerika for at st\u00f8tte et center for \u00e6ldre, der stod meget alene. Allerede ved ankomsten forstod jeg, at mange boede for sig selv\u2014nogle meget langt fra deres familie. Der var stille, og mange virkede generte, som om man havde v\u00e6nnet sig af med at fort\u00e6lle om sin hverdag. <\/em><em>Efterh\u00e5nden begyndte jeg at lave sm\u00e5 aktiviteter: samtalegrupper, enkle spil og h\u00f8jtl\u00e6sning. Nogle havde ikke h\u00f8rt deres navn blive sagt med opm\u00e6rksomhed i lang tid. En kvinde fortalte mig, at hun ikke havde haft bes\u00f8g i flere m\u00e5neder, og at de her stunder gav hende ny energi. <\/em><em>Det, der gjorde st\u00f8rst indtryk, var, hvordan gruppen \u00e6ndrede sig. Efter to uger fl\u00f8d samtalerne lettere, der kom flere smil, og der opstod en f\u00e6lles dynamik. Jeg oplevede, at selvom jeg var udefrakommende, kunne min tilstedev\u00e6relse v\u00e6re med til at lette deres isolation. Og jeg blev ogs\u00e5 selv forandret: det her frivillige engagement l\u00e6rte mig t\u00e5lmodighed, at lytte og hvor meget relationer betyder. \u00bb<\/em><\/p><\/blockquote>\n<\/div>\n<p style=\"text-align: justify;\">Oplevelsen viser styrken ved <strong>internationalt frivilligt arbejde mod social isolation<\/strong>. Ogs\u00e5 i udlandet kan f\u00e5, enkle handlinger skabe \u00e6gte relationer og give social plads til mennesker, som ofte bliver overset.<\/p>\n<h2><\/h2>\n<h2 id=\"benefices-volontaires-isolement\" style=\"text-align: justify;\">Gevinsterne for deltagerne ved frivilligt arbejde mod social isolation<\/h2>\n<p style=\"text-align: justify;\"><strong>Internationalt frivilligt arbejde og social isolation<\/strong> handler ikke kun om dem, der f\u00e5r st\u00f8tte. Mange v\u00e6lger at tage afsted i en periode med tvivl, overgang eller et \u00f8nske om mere mening. N\u00e5r man indg\u00e5r i et forl\u00f8b i et andet land, m\u00f8der man en ny kultur, nye rammer og et menneskeligt milj\u00f8, hvor f\u00e6llesskab og ansvar fylder meget.<\/p>\n<p style=\"text-align: justify;\">Gevinsterne ved <strong>internationalt frivilligt arbejde for at bryde social isolation<\/strong> kan v\u00e6re mange:<\/p>\n<ul style=\"text-align: justify;\">\n<li>en tydeligere oplevelse af at g\u00f8re nytte gennem m\u00f8det med andre livsvilk\u00e5r;<\/li>\n<li>styrket empati, lytning og interkulturel kommunikation;<\/li>\n<li>indsigt i andre m\u00e5der at leve p\u00e5, som kan nuancere synet p\u00e5 relationer;<\/li>\n<li>st\u00e6rke b\u00e5nd til lokale teams eller andre deltagere fra forskellige lande;<\/li>\n<li>en bedre forst\u00e5else af sociale problemstillinger i en international kontekst.<\/li>\n<\/ul>\n<p style=\"text-align: justify;\">N\u00e5r man deltager i <strong>internationale sociale forl\u00f8b<\/strong>, l\u00e6rer man at tilpasse sig, samarbejde og st\u00e5 i situationer, der kan v\u00e6re f\u00f8lelsesm\u00e6ssigt kr\u00e6vende. De menneskelige og interkulturelle kompetencer kan efterf\u00f8lgende bruges i privatlivet, i studierne og senere i arbejdslivet.<\/p>\n<p style=\"text-align: justify;\">Mange fort\u00e6ller ogs\u00e5, at n\u00e5r de engagerer sig for at st\u00f8tte mennesker, der st\u00e5r alene i udlandet, s\u00e5 bryder de samtidig deres egen f\u00f8lelse af isolation. Internationalt frivilligt arbejde kan skabe et f\u00e6llesskab pr\u00e6get af deling, n\u00e6rv\u00e6r og st\u00f8tte, hvor b\u00e5de deltagere og mennesker i m\u00e5lgruppen kan finde plads og mening.<\/p>\n<h2 style=\"text-align: justify;\"><\/h2>\n<h2 id=\"preparer-mission-isolement\" style=\"text-align: justify;\">S\u00e5dan forbereder du et frivilligforl\u00f8b med fokus p\u00e5 social isolation<\/h2>\n<p style=\"text-align: justify;\">For at <strong>frivilligt arbejde mod social isolation<\/strong> bliver meningsfuldt, er forberedelse vigtig. Det handler ikke om at planl\u00e6gge alt p\u00e5 forh\u00e5nd, men om at m\u00f8de op med et \u00e5bent og respektfuldt mindset.<\/p>\n<p style=\"text-align: justify;\">Inden du tager afsted, kan det v\u00e6re en hj\u00e6lp at:<\/p>\n<ul style=\"text-align: justify;\">\n<li>s\u00e6tte dig ind i den lokale kontekst og den m\u00e5lgruppe, du skal v\u00e6re sammen med;<\/li>\n<li>forst\u00e5 form\u00e5let med den sociale indsats og hvordan den er organiseret;<\/li>\n<li>have et par id\u00e9er til enkle aktiviteter, der kan tilpasses;<\/li>\n<li>overveje din egen motivation: hvorfor vil du engagere dig mod social isolation?<\/li>\n<li>acceptere, at ikke alt bliver, som du havde forestillet dig.<\/li>\n<\/ul>\n<p style=\"text-align: justify;\">P\u00e5 stedet kr\u00e6ver <strong>frivilligt arbejde for at bryde social isolation<\/strong> t\u00e5lmodighed, ro og vedholdenhed. Mennesker, der har st\u00e5et alene l\u00e6nge, har ikke altid tillid fra f\u00f8rste dag. Der skal ofte tid til, f\u00f8r relationen vokser. Derfor er regelm\u00e6ssighed, kvaliteten af n\u00e6rv\u00e6ret og respekt for den enkeltes tempo afg\u00f8rende.<\/p>\n<p style=\"text-align: justify;\">Til sidst er det vigtigt at passe p\u00e5 dig selv undervejs. <strong>Frivilligt arbejde og social isolation<\/strong> kan give indblik i sv\u00e6re livshistorier. At dele tanker med teamet, sparre med andre deltagere og huske pauser kan hj\u00e6lpe med at holde balancen.<\/p>\n<h2><\/h2>\n<p><a href=\"https:\/\/www.vita-explorers.dk\/blog\/wp-content\/uploads\/2022\/04\/Nepal-enfants-2.jpeg\"><img loading=\"lazy\" decoding=\"async\" class=\"size-medium wp-image-14411 aligncenter\" src=\"https:\/\/www.vita-explorers.dk\/blog\/wp-content\/uploads\/2022\/04\/Nepal-enfants-2-300x200.jpeg\" alt=\"Familieforl\u00f8b i udlandet med b\u00f8rn\" width=\"300\" height=\"200\" srcset=\"https:\/\/www.vita-explorers.dk\/blog\/wp-content\/uploads\/2022\/04\/Nepal-enfants-2-300x200.jpeg 300w, https:\/\/www.vita-explorers.dk\/blog\/wp-content\/uploads\/2022\/04\/Nepal-enfants-2-1024x683.jpeg 1024w, https:\/\/www.vita-explorers.dk\/blog\/wp-content\/uploads\/2022\/04\/Nepal-enfants-2-768x512.jpeg 768w, https:\/\/www.vita-explorers.dk\/blog\/wp-content\/uploads\/2022\/04\/Nepal-enfants-2.jpeg 1200w\" sizes=\"(max-width: 300px) 100vw, 300px\" \/><\/a><\/p>\n<p>\u00a0<\/p>\n<h2 id=\"faq\" style=\"text-align: justify;\">FAQ om frivilligt arbejde og social isolation<\/h2>\n<h3 style=\"text-align: justify;\"><strong>Kan frivilligt arbejde virkelig mindske social isolation?<\/strong><\/h3>\n<p style=\"text-align: justify;\">Ja. <strong>Frivilligt arbejde mod social isolation<\/strong> kan genskabe konkrete relationer til mennesker, der f\u00f8ler sig alene. Med regelm\u00e6ssig tilstedev\u00e6relse, lytten og f\u00e6lles aktiviteter kan de gradvist f\u00e5 mere lyst til kontakt og st\u00f8rre tro p\u00e5 sig selv.<\/p>\n<h3 style=\"text-align: justify;\"><strong>Hvilke forl\u00f8b egner sig bedst til at arbejde mod isolation?<\/strong><\/h3>\n<p style=\"text-align: justify;\">I mange sammenh\u00e6nge g\u00e5r <strong>sociale forl\u00f8b og isolation<\/strong> h\u00e5nd i h\u00e5nd: st\u00f8tte til \u00e6ldre, aktiviteter med b\u00f8rn i s\u00e5rbare situationer, hverdagsliv p\u00e5 bosteder eller dagtilbud samt lokale f\u00e6llesskabsprojekter. F\u00e6lles for dem er, at menneskelig kontakt er i centrum.<\/p>\n<h3 style=\"text-align: justify;\"><strong>Skal man have s\u00e6rlige kompetencer for at deltage?<\/strong><\/h3>\n<p style=\"text-align: justify;\">Ofte ikke. <strong>Frivilligt arbejde for at bryde social isolation<\/strong> bygger f\u00f8rst og fremmest p\u00e5 n\u00e6rv\u00e6r, t\u00e5lmodighed og respekt. Der kan v\u00e6re en introduktion p\u00e5 stedet, men motivation og en ordentlig tilgang er det vigtigste.<\/p>\n<h3 style=\"text-align: justify;\"><strong>G\u00e6lder frivilligt engagement og social isolation ogs\u00e5 for deltagerne selv?<\/strong><\/h3>\n<p style=\"text-align: justify;\">Ja, nogle gange. Nogle f\u00f8ler sig selv isolerede, f\u00f8r de tager afsted. N\u00e5r de bliver en del af et forl\u00f8b, m\u00f8der de andre engagerede mennesker og tr\u00e6der ind i et nyt f\u00e6llesskab. P\u00e5 den m\u00e5de kan <strong>frivilligt engagement og social isolation<\/strong> ogs\u00e5 blive til en positiv og udviklende erfaring for deltagerne.<\/p>\n<h3 style=\"text-align: justify;\"><strong>Hvordan forbereder man sig mentalt p\u00e5 den type forl\u00f8b?<\/strong><\/h3>\n<p style=\"text-align: justify;\">Inden et forl\u00f8b med <strong>frivilligt arbejde mod social isolation<\/strong> kan det hj\u00e6lpe at acceptere, at du ikke kan \u00e6ndre alt. Til geng\u00e6ld t\u00e6ller hver handling. Tal med teamet, stil sp\u00f8rgsm\u00e5l, og v\u00e6r opm\u00e6rksom p\u00e5 dine egne reaktioner\u2014s\u00e5 er der bedre rammer for en rolig og tryg oplevelse.<\/p>\n<p style=\"text-align: justify;\"><script type=\"application\/ld+json\">\n{\n \"@context\": \"https:\/\/schema.org\",\n \"@type\": \"FAQPage\",\n \"mainEntity\": [\n  {\n   \"@type\": \"Question\",\n   \"name\": \"Kan frivilligt arbejde virkelig mindske social isolation?\",\n   \"acceptedAnswer\": {\n     \"@type\": \"Answer\",\n     \"text\": \"Ja. Frivilligt arbejde mod social isolation kan genskabe konkrete relationer til mennesker, der f\u00f8ler sig alene. Med regelm\u00e6ssig tilstedev\u00e6relse, lytten og f\u00e6lles aktiviteter kan de gradvist f\u00e5 mere lyst til kontakt og st\u00f8rre tro p\u00e5 sig selv.\"\n   }\n  },\n  {\n   \"@type\": \"Question\",\n   \"name\": \"Hvilke forl\u00f8b egner sig bedst til at arbejde mod isolation?\",\n   \"acceptedAnswer\": {\n     \"@type\": \"Answer\",\n     \"text\": \"I mange sammenh\u00e6nge g\u00e5r sociale forl\u00f8b og isolation h\u00e5nd i h\u00e5nd: st\u00f8tte til \u00e6ldre, aktiviteter med b\u00f8rn i s\u00e5rbare situationer, hverdagsliv p\u00e5 bosteder eller dagtilbud samt lokale f\u00e6llesskabsprojekter. F\u00e6lles for dem er, at menneskelig kontakt er i centrum.\"\n   }\n  },\n  {\n   \"@type\": \"Question\",\n   \"name\": \"Skal man have s\u00e6rlige kompetencer for at deltage?\",\n   \"acceptedAnswer\": {\n     \"@type\": \"Answer\",\n     \"text\": \"Ofte ikke. Frivilligt arbejde for at bryde social isolation bygger f\u00f8rst og fremmest p\u00e5 n\u00e6rv\u00e6r, t\u00e5lmodighed og respekt. Der kan v\u00e6re en introduktion p\u00e5 stedet, men motivation og en ordentlig tilgang er det vigtigste.\"\n   }\n  },\n  {\n   \"@type\": \"Question\",\n   \"name\": \"G\u00e6lder frivilligt engagement og social isolation ogs\u00e5 for deltagerne selv?\",\n   \"acceptedAnswer\": {\n     \"@type\": \"Answer\",\n     \"text\": \"Ja, nogle gange. Nogle f\u00f8ler sig selv isolerede, f\u00f8r de tager afsted. N\u00e5r de bliver en del af et forl\u00f8b, m\u00f8der de andre engagerede mennesker og tr\u00e6der ind i et nyt f\u00e6llesskab. P\u00e5 den m\u00e5de kan frivilligt engagement og social isolation ogs\u00e5 blive til en positiv og udviklende erfaring for deltagerne.\"\n   }\n  },\n  {\n   \"@type\": \"Question\",\n   \"name\": \"Hvordan forbereder man sig mentalt p\u00e5 den type forl\u00f8b?\",\n   \"acceptedAnswer\": {\n     \"@type\": \"Answer\",\n     \"text\": \"Inden et forl\u00f8b med frivilligt arbejde mod social isolation kan det hj\u00e6lpe at acceptere, at du ikke kan \u00e6ndre alt. Til geng\u00e6ld t\u00e6ller hver handling. Tal med teamet, stil sp\u00f8rgsm\u00e5l, og v\u00e6r opm\u00e6rksom p\u00e5 dine egne reaktioner\u2014s\u00e5 er der bedre rammer for en rolig og tryg oplevelse.\"\n   }\n  }\n ]\n}\n<\/script><\/p>\n<h2 id=\"conclusion-volontariat-isolement\">Konklusion: at engagere sig internationalt for at bryde social isolation<\/h2>\n<p style=\"text-align: justify;\">Sammenh\u00e6ngen mellem <strong>internationalt frivilligt arbejde og social isolation<\/strong> viser, hvor meget menneskelig tilstedev\u00e6relse kan betyde\u2014uanset land. N\u00e5r man tager p\u00e5 forl\u00f8b i udlandet, bidrager man ofte med langt mere end praktisk hj\u00e6lp: man skaber \u00e6gte relationer, giver mod og er med til at genopbygge sociale netv\u00e6rk for mennesker, der let bliver glemt eller st\u00e5r alene.<\/p>\n<p style=\"text-align: justify;\">Med <strong>frivilligt arbejde mod social isolation<\/strong> f\u00e5r lokalsamfund st\u00f8tte i form af n\u00e6rv\u00e6r, f\u00e6lles aktiviteter og respektfuld opbakning. Deltagerne m\u00f8der samtidig en ny kultur, l\u00e6rer at lytte og udvikler en menneskelig forst\u00e5else, de tager med sig l\u00e6nge efter opholdet. Den gensidighed g\u00f8r oplevelsen meningsfuld.<\/p>\n<p style=\"text-align: justify;\">N\u00e5r man engagerer sig i <strong>internationale sociale forl\u00f8b<\/strong>, kan man blive en del af en positiv forandring. F\u00e5 uger i en landsbyskole, et f\u00e6llesskabscenter eller et botilbud kan v\u00e6re nok til at lette en persons ensomhed og skabe kontakt, der r\u00e6kker videre. Frivilligt arbejde for at bryde social isolation er derfor en enkel, tilg\u00e6ngelig og menneskelig m\u00e5de at bidrage til et mere inkluderende f\u00e6llesskab.<\/p>\n<p>\u00a0<\/p>\n<div class=\"entry-content\">\n<div class=\"entry-content\">\n<p id=\"contact\" style=\"text-align: center;\"><strong>Klar til at tage n\u00e6ste skridt?<\/strong><\/p>\n<p style=\"text-align: center;\"><a href=\"https:\/\/www.vita-explorers.dk\/#tel-contact-form-glob\" target=\"_blank\" rel=\"noopener\">Jeg vil gerne kontaktes<\/a><\/p>\n<p class=\"muted\" style=\"text-align: center;\">\u00a9 VITA Institute \u2014 Ressourcer til ansvarligt internationalt frivilligt arbejde.<\/p>\n<p class=\"p4\" style=\"text-align: center;\"><b>Vil du h\u00f8re mere, er du velkommen til at skrive til os p\u00e5 <\/b><a href=\"mailto:info@globalong.com\"><span class=\"s2\"><b>info@globalong.com<\/b><\/span><\/a><\/p>\n<p class=\"p4\" style=\"text-align: center;\"><b>Vil du f\u00f8lge med i VITA Institute og vores community, s\u00e5 find os p\u00e5 <\/b><a href=\"https:\/\/www.instagram.com\/globalongofficiel\/\" target=\"_blank\" rel=\"noopener\"><span class=\"s2\"><b>Instagram<\/b><\/span><\/a><b>, <\/b><a href=\"https:\/\/www.facebook.com\/globalong\" target=\"_blank\" rel=\"noopener\"><span class=\"s2\"><b>Facebook<\/b><\/span><\/a><b>, <\/b><a href=\"https:\/\/www.linkedin.com\/company\/5113177\/admin\/feed\/posts\/\" target=\"_blank\" rel=\"noopener\"><span class=\"s2\"><b>LinkedIn<\/b><\/span><\/a><b> og <\/b><a href=\"https:\/\/www.youtube.com\/c\/globalong\/videos\" target=\"_blank\" rel=\"noopener\"><span class=\"s2\"><b>YouTube<\/b><\/span><\/a><b>!<\/b><\/p>\n<div class=\"getsocial gs-inline-group\"><\/div>\n<\/div>\n<div class=\"getsocial gs-inline-group\"><\/div>\n<\/div>\n","protected":false},"excerpt":{"rendered":"<p>Hvordan frivilligt arbejde kan v\u00e6re med til at mindske social isolation Verden over f\u00e5r sammenh\u00e6ngen mellem frivilligt arbejde og social isolation en s\u00e6rlig betydning.\u2026<\/p>\n","protected":false},"author":7,"featured_media":22688,"comment_status":"open","ping_status":"open","sticky":false,"template":"","format":"standard","meta":{"footnotes":""},"categories":[8],"tags":[],"yoast_head":"<!-- This site is optimized with the Yoast SEO Premium plugin v23.4 (Yoast SEO v23.4) - https:\/\/yoast.com\/wordpress\/plugins\/seo\/ -->\n<title>Frivilligt arbejde og social isolation: konsekvenserne<\/title>\n<meta name=\"description\" content=\"D\u00e9couvrez comment le volontariat aide \u00e0 rompre l\u2019isolement social et cr\u00e9e des liens humains forts, en France comme \u00e0 l\u2019international.\" \/>\n<meta name=\"robots\" content=\"index, follow, max-snippet:-1, max-image-preview:large, max-video-preview:-1\" \/>\n<link rel=\"canonical\" href=\"https:\/\/www.vita-explorers.dk\/blog\/frivilligt-arbejde-social-isolation\/\" \/>\n<meta property=\"og:locale\" content=\"da_DK\" \/>\n<meta property=\"og:type\" content=\"article\" \/>\n<meta property=\"og:title\" content=\"Hvordan frivilligt arbejde kan v\u00e6re med til at modvirke social isolation\" \/>\n<meta property=\"og:description\" content=\"D\u00e9couvrez comment le volontariat aide \u00e0 rompre l\u2019isolement social et cr\u00e9e des liens humains forts, en France comme \u00e0 l\u2019international.\" \/>\n<meta property=\"og:url\" content=\"https:\/\/www.vita-explorers.dk\/blog\/frivilligt-arbejde-social-isolation\/\" \/>\n<meta property=\"og:site_name\" content=\"VITA Explorers Blog\" \/>\n<meta property=\"article:publisher\" content=\"https:\/\/www.facebook.com\/globalong\" \/>\n<meta property=\"article:published_time\" content=\"2025-11-29T10:38:05+00:00\" \/>\n<meta property=\"og:image\" content=\"https:\/\/www.vita-explorers.dk\/blog\/wp-content\/uploads\/2025\/11\/WhatsApp_Image_2025-11-17_at_14.53.27-1.jpeg\" \/>\n\t<meta property=\"og:image:width\" content=\"2000\" \/>\n\t<meta property=\"og:image:height\" content=\"1500\" \/>\n\t<meta property=\"og:image:type\" content=\"image\/jpeg\" \/>\n<meta name=\"author\" content=\"VITA Tribe\" \/>\n<meta name=\"twitter:card\" content=\"summary_large_image\" \/>\n<meta name=\"twitter:label1\" content=\"Skrevet af\" \/>\n\t<meta name=\"twitter:data1\" content=\"VITA Tribe\" \/>\n\t<meta name=\"twitter:label2\" content=\"Estimeret l\u00e6setid\" \/>\n\t<meta name=\"twitter:data2\" content=\"15 minutter\" \/>\n<script type=\"application\/ld+json\" class=\"yoast-schema-graph\">{\"@context\":\"https:\/\/schema.org\",\"@graph\":[{\"@type\":\"Article\",\"@id\":\"https:\/\/www.vita-explorers.dk\/blog\/frivilligt-arbejde-social-isolation\/#article\",\"isPartOf\":{\"@id\":\"https:\/\/www.vita-explorers.dk\/blog\/frivilligt-arbejde-social-isolation\/\"},\"author\":{\"name\":\"VITA Tribe\",\"@id\":\"https:\/\/www.vita-explorers.dk\/blog\/#\/schema\/person\/fc0343a2f2db2ebb2793c1f62dbe73f0\"},\"headline\":\"Hvordan frivilligt arbejde kan v\u00e6re med til at modvirke social isolation\",\"datePublished\":\"2025-11-29T10:38:05+00:00\",\"dateModified\":\"2025-11-29T10:38:05+00:00\",\"mainEntityOfPage\":{\"@id\":\"https:\/\/www.vita-explorers.dk\/blog\/frivilligt-arbejde-social-isolation\/\"},\"wordCount\":2984,\"commentCount\":0,\"publisher\":{\"@id\":\"https:\/\/www.vita-explorers.dk\/blog\/#organization\"},\"image\":{\"@id\":\"https:\/\/www.vita-explorers.dk\/blog\/frivilligt-arbejde-social-isolation\/#primaryimage\"},\"thumbnailUrl\":\"https:\/\/www.vita-explorers.dk\/blog\/wp-content\/uploads\/2025\/11\/WhatsApp_Image_2025-11-17_at_14.53.27-1.jpeg\",\"articleSection\":[\"Humanit\u00e6rt frivilligt arbejde\"],\"inLanguage\":\"da-DK\",\"potentialAction\":[{\"@type\":\"CommentAction\",\"name\":\"Comment\",\"target\":[\"https:\/\/www.vita-explorers.dk\/blog\/frivilligt-arbejde-social-isolation\/#respond\"]}]},{\"@type\":\"WebPage\",\"@id\":\"https:\/\/www.vita-explorers.dk\/blog\/frivilligt-arbejde-social-isolation\/\",\"url\":\"https:\/\/www.vita-explorers.dk\/blog\/frivilligt-arbejde-social-isolation\/\",\"name\":\"Frivilligt arbejde og social isolation: konsekvenserne\",\"isPartOf\":{\"@id\":\"https:\/\/www.vita-explorers.dk\/blog\/#website\"},\"primaryImageOfPage\":{\"@id\":\"https:\/\/www.vita-explorers.dk\/blog\/frivilligt-arbejde-social-isolation\/#primaryimage\"},\"image\":{\"@id\":\"https:\/\/www.vita-explorers.dk\/blog\/frivilligt-arbejde-social-isolation\/#primaryimage\"},\"thumbnailUrl\":\"https:\/\/www.vita-explorers.dk\/blog\/wp-content\/uploads\/2025\/11\/WhatsApp_Image_2025-11-17_at_14.53.27-1.jpeg\",\"datePublished\":\"2025-11-29T10:38:05+00:00\",\"dateModified\":\"2025-11-29T10:38:05+00:00\",\"description\":\"D\u00e9couvrez comment le volontariat aide \u00e0 rompre l\u2019isolement social et cr\u00e9e des liens humains forts, en France comme \u00e0 l\u2019international.\",\"breadcrumb\":{\"@id\":\"https:\/\/www.vita-explorers.dk\/blog\/frivilligt-arbejde-social-isolation\/#breadcrumb\"},\"inLanguage\":\"da-DK\",\"potentialAction\":[{\"@type\":\"ReadAction\",\"target\":[\"https:\/\/www.vita-explorers.dk\/blog\/frivilligt-arbejde-social-isolation\/\"]}]},{\"@type\":\"ImageObject\",\"inLanguage\":\"da-DK\",\"@id\":\"https:\/\/www.vita-explorers.dk\/blog\/frivilligt-arbejde-social-isolation\/#primaryimage\",\"url\":\"https:\/\/www.vita-explorers.dk\/blog\/wp-content\/uploads\/2025\/11\/WhatsApp_Image_2025-11-17_at_14.53.27-1.jpeg\",\"contentUrl\":\"https:\/\/www.vita-explorers.dk\/blog\/wp-content\/uploads\/2025\/11\/WhatsApp_Image_2025-11-17_at_14.53.27-1.jpeg\",\"width\":2000,\"height\":1500,\"caption\":\"Annie Madagascar\"},{\"@type\":\"BreadcrumbList\",\"@id\":\"https:\/\/www.vita-explorers.dk\/blog\/frivilligt-arbejde-social-isolation\/#breadcrumb\",\"itemListElement\":[{\"@type\":\"ListItem\",\"position\":1,\"name\":\"Accueil\",\"item\":\"https:\/\/www.vita-explorers.dk\/blog\/\"},{\"@type\":\"ListItem\",\"position\":2,\"name\":\"Hvordan frivilligt arbejde kan v\u00e6re med til at modvirke social isolation\"}]},{\"@type\":\"WebSite\",\"@id\":\"https:\/\/www.vita-explorers.dk\/blog\/#website\",\"url\":\"https:\/\/www.vita-explorers.dk\/blog\/\",\"name\":\"Association Globalong\",\"description\":\"Frivilligt arbejde, sprogophold, praktik i udlandet og internationale oplevelser\",\"publisher\":{\"@id\":\"https:\/\/www.vita-explorers.dk\/blog\/#organization\"},\"potentialAction\":[{\"@type\":\"SearchAction\",\"target\":{\"@type\":\"EntryPoint\",\"urlTemplate\":\"https:\/\/www.vita-explorers.dk\/blog\/?s={search_term_string}\"},\"query-input\":{\"@type\":\"PropertyValueSpecification\",\"valueRequired\":true,\"valueName\":\"search_term_string\"}}],\"inLanguage\":\"da-DK\"},{\"@type\":\"Organization\",\"@id\":\"https:\/\/www.vita-explorers.dk\/blog\/#organization\",\"name\":\"Association Globalong\",\"url\":\"https:\/\/www.vita-explorers.dk\/blog\/\",\"logo\":{\"@type\":\"ImageObject\",\"inLanguage\":\"da-DK\",\"@id\":\"https:\/\/www.vita-explorers.dk\/blog\/#\/schema\/logo\/image\/\",\"url\":\"https:\/\/www.globalong.com\/blog\/wp-content\/uploads\/2014\/11\/cropped-cropped-Logo-et-Afrique-Globalong-petite-taille-2.jpg\",\"contentUrl\":\"https:\/\/www.globalong.com\/blog\/wp-content\/uploads\/2014\/11\/cropped-cropped-Logo-et-Afrique-Globalong-petite-taille-2.jpg\",\"width\":512,\"height\":512,\"caption\":\"Association Globalong\"},\"image\":{\"@id\":\"https:\/\/www.vita-explorers.dk\/blog\/#\/schema\/logo\/image\/\"},\"sameAs\":[\"https:\/\/www.facebook.com\/globalong\"]},{\"@type\":\"Person\",\"@id\":\"https:\/\/www.vita-explorers.dk\/blog\/#\/schema\/person\/fc0343a2f2db2ebb2793c1f62dbe73f0\",\"name\":\"VITA Tribe\",\"image\":{\"@type\":\"ImageObject\",\"inLanguage\":\"da-DK\",\"@id\":\"https:\/\/www.vita-explorers.dk\/blog\/#\/schema\/person\/image\/\",\"url\":\"https:\/\/secure.gravatar.com\/avatar\/f7f05026bb439d0c96b30e135e5f852c?s=96&d=mm&r=g\",\"contentUrl\":\"https:\/\/secure.gravatar.com\/avatar\/f7f05026bb439d0c96b30e135e5f852c?s=96&d=mm&r=g\",\"caption\":\"VITA Tribe\"},\"sameAs\":[\"http:\/\/www.globalong.com\"],\"url\":\"https:\/\/www.vita-explorers.dk\/blog\/author\/teamglobalong\/\"}]}<\/script>\n<!-- \/ Yoast SEO Premium plugin. -->","yoast_head_json":{"title":"Frivilligt arbejde og social isolation: konsekvenserne","description":"D\u00e9couvrez comment le volontariat aide \u00e0 rompre l\u2019isolement social et cr\u00e9e des liens humains forts, en France comme \u00e0 l\u2019international.","robots":{"index":"index","follow":"follow","max-snippet":"max-snippet:-1","max-image-preview":"max-image-preview:large","max-video-preview":"max-video-preview:-1"},"canonical":"https:\/\/www.vita-explorers.dk\/blog\/frivilligt-arbejde-social-isolation\/","og_locale":"da_DK","og_type":"article","og_title":"Hvordan frivilligt arbejde kan v\u00e6re med til at modvirke social isolation","og_description":"D\u00e9couvrez comment le volontariat aide \u00e0 rompre l\u2019isolement social et cr\u00e9e des liens humains forts, en France comme \u00e0 l\u2019international.","og_url":"https:\/\/www.vita-explorers.dk\/blog\/frivilligt-arbejde-social-isolation\/","og_site_name":"VITA Explorers Blog","article_publisher":"https:\/\/www.facebook.com\/globalong","article_published_time":"2025-11-29T10:38:05+00:00","og_image":[{"width":2000,"height":1500,"url":"https:\/\/www.vita-explorers.dk\/blog\/wp-content\/uploads\/2025\/11\/WhatsApp_Image_2025-11-17_at_14.53.27-1.jpeg","type":"image\/jpeg"}],"author":"VITA Tribe","twitter_card":"summary_large_image","twitter_misc":{"Skrevet af":"VITA Tribe","Estimeret l\u00e6setid":"15 minutter"},"schema":{"@context":"https:\/\/schema.org","@graph":[{"@type":"Article","@id":"https:\/\/www.vita-explorers.dk\/blog\/frivilligt-arbejde-social-isolation\/#article","isPartOf":{"@id":"https:\/\/www.vita-explorers.dk\/blog\/frivilligt-arbejde-social-isolation\/"},"author":{"name":"VITA Tribe","@id":"https:\/\/www.vita-explorers.dk\/blog\/#\/schema\/person\/fc0343a2f2db2ebb2793c1f62dbe73f0"},"headline":"Hvordan frivilligt arbejde kan v\u00e6re med til at modvirke social isolation","datePublished":"2025-11-29T10:38:05+00:00","dateModified":"2025-11-29T10:38:05+00:00","mainEntityOfPage":{"@id":"https:\/\/www.vita-explorers.dk\/blog\/frivilligt-arbejde-social-isolation\/"},"wordCount":2984,"commentCount":0,"publisher":{"@id":"https:\/\/www.vita-explorers.dk\/blog\/#organization"},"image":{"@id":"https:\/\/www.vita-explorers.dk\/blog\/frivilligt-arbejde-social-isolation\/#primaryimage"},"thumbnailUrl":"https:\/\/www.vita-explorers.dk\/blog\/wp-content\/uploads\/2025\/11\/WhatsApp_Image_2025-11-17_at_14.53.27-1.jpeg","articleSection":["Humanit\u00e6rt frivilligt arbejde"],"inLanguage":"da-DK","potentialAction":[{"@type":"CommentAction","name":"Comment","target":["https:\/\/www.vita-explorers.dk\/blog\/frivilligt-arbejde-social-isolation\/#respond"]}]},{"@type":"WebPage","@id":"https:\/\/www.vita-explorers.dk\/blog\/frivilligt-arbejde-social-isolation\/","url":"https:\/\/www.vita-explorers.dk\/blog\/frivilligt-arbejde-social-isolation\/","name":"Frivilligt arbejde og social isolation: konsekvenserne","isPartOf":{"@id":"https:\/\/www.vita-explorers.dk\/blog\/#website"},"primaryImageOfPage":{"@id":"https:\/\/www.vita-explorers.dk\/blog\/frivilligt-arbejde-social-isolation\/#primaryimage"},"image":{"@id":"https:\/\/www.vita-explorers.dk\/blog\/frivilligt-arbejde-social-isolation\/#primaryimage"},"thumbnailUrl":"https:\/\/www.vita-explorers.dk\/blog\/wp-content\/uploads\/2025\/11\/WhatsApp_Image_2025-11-17_at_14.53.27-1.jpeg","datePublished":"2025-11-29T10:38:05+00:00","dateModified":"2025-11-29T10:38:05+00:00","description":"D\u00e9couvrez comment le volontariat aide \u00e0 rompre l\u2019isolement social et cr\u00e9e des liens humains forts, en France comme \u00e0 l\u2019international.","breadcrumb":{"@id":"https:\/\/www.vita-explorers.dk\/blog\/frivilligt-arbejde-social-isolation\/#breadcrumb"},"inLanguage":"da-DK","potentialAction":[{"@type":"ReadAction","target":["https:\/\/www.vita-explorers.dk\/blog\/frivilligt-arbejde-social-isolation\/"]}]},{"@type":"ImageObject","inLanguage":"da-DK","@id":"https:\/\/www.vita-explorers.dk\/blog\/frivilligt-arbejde-social-isolation\/#primaryimage","url":"https:\/\/www.vita-explorers.dk\/blog\/wp-content\/uploads\/2025\/11\/WhatsApp_Image_2025-11-17_at_14.53.27-1.jpeg","contentUrl":"https:\/\/www.vita-explorers.dk\/blog\/wp-content\/uploads\/2025\/11\/WhatsApp_Image_2025-11-17_at_14.53.27-1.jpeg","width":2000,"height":1500,"caption":"Annie Madagascar"},{"@type":"BreadcrumbList","@id":"https:\/\/www.vita-explorers.dk\/blog\/frivilligt-arbejde-social-isolation\/#breadcrumb","itemListElement":[{"@type":"ListItem","position":1,"name":"Accueil","item":"https:\/\/www.vita-explorers.dk\/blog\/"},{"@type":"ListItem","position":2,"name":"Hvordan frivilligt arbejde kan v\u00e6re med til at modvirke social isolation"}]},{"@type":"WebSite","@id":"https:\/\/www.vita-explorers.dk\/blog\/#website","url":"https:\/\/www.vita-explorers.dk\/blog\/","name":"Association Globalong","description":"Frivilligt arbejde, sprogophold, praktik i udlandet og internationale oplevelser","publisher":{"@id":"https:\/\/www.vita-explorers.dk\/blog\/#organization"},"potentialAction":[{"@type":"SearchAction","target":{"@type":"EntryPoint","urlTemplate":"https:\/\/www.vita-explorers.dk\/blog\/?s={search_term_string}"},"query-input":{"@type":"PropertyValueSpecification","valueRequired":true,"valueName":"search_term_string"}}],"inLanguage":"da-DK"},{"@type":"Organization","@id":"https:\/\/www.vita-explorers.dk\/blog\/#organization","name":"Association Globalong","url":"https:\/\/www.vita-explorers.dk\/blog\/","logo":{"@type":"ImageObject","inLanguage":"da-DK","@id":"https:\/\/www.vita-explorers.dk\/blog\/#\/schema\/logo\/image\/","url":"https:\/\/www.globalong.com\/blog\/wp-content\/uploads\/2014\/11\/cropped-cropped-Logo-et-Afrique-Globalong-petite-taille-2.jpg","contentUrl":"https:\/\/www.globalong.com\/blog\/wp-content\/uploads\/2014\/11\/cropped-cropped-Logo-et-Afrique-Globalong-petite-taille-2.jpg","width":512,"height":512,"caption":"Association Globalong"},"image":{"@id":"https:\/\/www.vita-explorers.dk\/blog\/#\/schema\/logo\/image\/"},"sameAs":["https:\/\/www.facebook.com\/globalong"]},{"@type":"Person","@id":"https:\/\/www.vita-explorers.dk\/blog\/#\/schema\/person\/fc0343a2f2db2ebb2793c1f62dbe73f0","name":"VITA Tribe","image":{"@type":"ImageObject","inLanguage":"da-DK","@id":"https:\/\/www.vita-explorers.dk\/blog\/#\/schema\/person\/image\/","url":"https:\/\/secure.gravatar.com\/avatar\/f7f05026bb439d0c96b30e135e5f852c?s=96&d=mm&r=g","contentUrl":"https:\/\/secure.gravatar.com\/avatar\/f7f05026bb439d0c96b30e135e5f852c?s=96&d=mm&r=g","caption":"VITA Tribe"},"sameAs":["http:\/\/www.globalong.com"],"url":"https:\/\/www.vita-explorers.dk\/blog\/author\/teamglobalong\/"}]}},"_links":{"self":[{"href":"https:\/\/www.vita-explorers.dk\/blog\/wp-json\/wp\/v2\/posts\/22686"}],"collection":[{"href":"https:\/\/www.vita-explorers.dk\/blog\/wp-json\/wp\/v2\/posts"}],"about":[{"href":"https:\/\/www.vita-explorers.dk\/blog\/wp-json\/wp\/v2\/types\/post"}],"author":[{"embeddable":true,"href":"https:\/\/www.vita-explorers.dk\/blog\/wp-json\/wp\/v2\/users\/7"}],"replies":[{"embeddable":true,"href":"https:\/\/www.vita-explorers.dk\/blog\/wp-json\/wp\/v2\/comments?post=22686"}],"version-history":[{"count":2,"href":"https:\/\/www.vita-explorers.dk\/blog\/wp-json\/wp\/v2\/posts\/22686\/revisions"}],"predecessor-version":[{"id":22689,"href":"https:\/\/www.vita-explorers.dk\/blog\/wp-json\/wp\/v2\/posts\/22686\/revisions\/22689"}],"wp:featuredmedia":[{"embeddable":true,"href":"https:\/\/www.vita-explorers.dk\/blog\/wp-json\/wp\/v2\/media\/22688"}],"wp:attachment":[{"href":"https:\/\/www.vita-explorers.dk\/blog\/wp-json\/wp\/v2\/media?parent=22686"}],"wp:term":[{"taxonomy":"category","embeddable":true,"href":"https:\/\/www.vita-explorers.dk\/blog\/wp-json\/wp\/v2\/categories?post=22686"},{"taxonomy":"post_tag","embeddable":true,"href":"https:\/\/www.vita-explorers.dk\/blog\/wp-json\/wp\/v2\/tags?post=22686"}],"curies":[{"name":"wp","href":"https:\/\/api.w.org\/{rel}","templated":true}]}}