{"id":22764,"date":"2025-12-06T05:32:01","date_gmt":"2025-12-06T04:32:01","guid":{"rendered":"https:\/\/www.globalong.com\/blog\/?p=22764"},"modified":"2025-12-10T12:32:35","modified_gmt":"2025-12-10T11:32:35","slug":"praktik-for-9-klasse","status":"publish","type":"post","link":"https:\/\/www.vita-explorers.dk\/blog\/praktik-for-9-klasse\/","title":{"rendered":"Erhvervspraktik i 2.g: hvad det er \u2013 og muligheder for at tage praktikken i udlandet"},"content":{"rendered":"<h1 style=\"text-align: justify;\">Erhvervspraktik i 1.g: hvad er det \u2013 og hvilke muligheder er der for et ophold i udlandet?<\/h1>\n<p style=\"text-align: justify;\">En <strong>erhvervspraktik i 1.g<\/strong> er ofte gymnasieelevens f\u00f8rste m\u00f8de med arbejdslivet. Praktikken giver mulighed for at f\u00e5 indblik i et fagomr\u00e5de, f\u00f8lge en arbejdsdag t\u00e6t og blive klogere p\u00e5 studievalg og retning \u2013 uanset om forl\u00f8bet foreg\u00e5r i Danmark eller i udlandet.<\/p>\n<p style=\"text-align: justify;\">Praktikken ligger typisk i l\u00f8bet af skole\u00e5ret og varer som regel f\u00e5 dage og er fortsat forankret i gymnasiet. Eleven bliver tilknyttet en v\u00e6rtsorganisation, der introducerer sine aktiviteter og arbejdsmetoder \u2013 og viser, hvordan forskellige roller tilsammen f\u00e5r organisationen til at fungere.<\/p>\n<div id=\"sommaire\" class=\"sommaire-article\" style=\"background-color: #ffe6f4; border-radius: 12px; padding: 16px 20px; margin: 24px 0;\">\n<h2 style=\"margin-top: 0; color: #6b2c83; font-size: 1.3rem;\"><span style=\"font-size: 18pt;\">Indhold<\/span><\/h2>\n<ul style=\"margin: 0; padding-left: 20px; list-style-type: disc; color: #6b2c83;\">\n<li><a style=\"color: #6b2c83; text-decoration: none;\" href=\"#stage-observation-seconde\">Hvad er erhvervspraktik i 1.g?<\/a><\/li>\n<li><a style=\"color: #6b2c83; text-decoration: none;\" href=\"#stage-etranger-seconde\">Hvorfor overveje erhvervspraktik i 1.g i udlandet?<\/a><\/li>\n<li><a style=\"color: #6b2c83; text-decoration: none;\" href=\"#types-missions-etranger\">Forl\u00f8b, der passer til gymnasieelever: socialt, dyr, milj\u00f8 \u2026<\/a><\/li>\n<li><a style=\"color: #6b2c83; text-decoration: none;\" href=\"#organisation-conditions-mineurs\">Planl\u00e6gning, rammer og vilk\u00e5r for unge under 18 \u00e5r<\/a><\/li>\n<li><a style=\"color: #6b2c83; text-decoration: none;\" href=\"#avantages-stage-etranger\">Fordele ved at tage erhvervspraktik i 1.g i udlandet<\/a><\/li>\n<li><a style=\"color: #6b2c83; text-decoration: none;\" href=\"#faq-stage-observation-seconde\">FAQ: Erhvervspraktik i 1.g i udlandet<\/a><\/li>\n<li><a style=\"color: #6b2c83; text-decoration: none;\" href=\"#conclusion-stage-etranger\">Konklusion<\/a><\/li>\n<\/ul>\n<\/div>\n<h2><\/h2>\n<p><a href=\"https:\/\/www.vita-explorers.dk\/blog\/wp-content\/uploads\/2017\/11\/Chicas-Costa-Rica-Globalong-volunteering-min.jpg\"><img loading=\"lazy\" decoding=\"async\" class=\"size-medium wp-image-7552 aligncenter\" src=\"https:\/\/www.vita-explorers.dk\/blog\/wp-content\/uploads\/2017\/11\/Chicas-Costa-Rica-Globalong-volunteering-min-300x225.jpg\" alt=\"Gap Year\" width=\"300\" height=\"225\" srcset=\"https:\/\/www.vita-explorers.dk\/blog\/wp-content\/uploads\/2017\/11\/Chicas-Costa-Rica-Globalong-volunteering-min-300x225.jpg 300w, https:\/\/www.vita-explorers.dk\/blog\/wp-content\/uploads\/2017\/11\/Chicas-Costa-Rica-Globalong-volunteering-min-768x577.jpg 768w, https:\/\/www.vita-explorers.dk\/blog\/wp-content\/uploads\/2017\/11\/Chicas-Costa-Rica-Globalong-volunteering-min-150x113.jpg 150w, https:\/\/www.vita-explorers.dk\/blog\/wp-content\/uploads\/2017\/11\/Chicas-Costa-Rica-Globalong-volunteering-min.jpg 852w\" sizes=\"(max-width: 300px) 100vw, 300px\" \/><\/a><\/p>\n<p>a0<\/p>\n<h2 id=\"stage-observation-seconde\" style=\"text-align: justify;\">Hvad er erhvervspraktik i 1.g?<\/h2>\n<p style=\"text-align: justify;\">Erhvervspraktik i 1.g er for mange gymnasieelever den f\u00f8rste konkrete erfaring \u201cude i virkeligheden\u201d. Det er hverken et job eller et forl\u00f8b, hvor man forventes at kunne noget p\u00e5 forh\u00e5nd. Fokus er at f\u00e5 indblik: Eleven f\u00f8lger hverdagen i en afdeling, ser udvalgte opgaver p\u00e5 t\u00e6t hold og taler med fagpersoner om deres vej ind i jobbet og deres arbejdsopgaver.<\/p>\n<p style=\"text-align: justify;\">Praktikken har typisk flere form\u00e5l:<\/p>\n<ul style=\"padding-left: 20px; text-align: justify;\">\n<li>at give et realistisk indblik i arbejdslivet \u2013 ud over undervisning og b\u00f8ger;<\/li>\n<li>at hj\u00e6lpe eleven med at bekr\u00e6fte eller justere en tidlig id\u00e9 om uddannelsesvalg;<\/li>\n<li>at styrke selvst\u00e6ndighed, punktlighed og ansvarsf\u00f8lelse;<\/li>\n<li>at l\u00e6re at kommunikere med voksne i en professionel ramme.<\/li>\n<\/ul>\n<p style=\"text-align: justify;\">I Danmark foreg\u00e5r en <strong>erhvervspraktik i 1.g<\/strong> oftest i en virksomhed, en forening, en kommune eller en offentlig institution. Tider og rammer tilpasses elevens alder, og opgaverne er begr\u00e6nset til observation og enkelte enkle opgaver \u2013 altid med en ansvarlig kontaktperson.<\/p>\n<p style=\"text-align: justify;\">For nogle unge bliver praktikken ogs\u00e5 en \u00f8jen\u00e5bner. De opdager, at de trives med borgerkontakt, teamwork eller kreative processer \u2013 eller omvendt, at de fungerer bedst i et roligt og struktureret milj\u00f8. Den f\u00f8rste erfaring kan derfor p\u00e5virke valg af fag, retning i gymnasiet og senere videre uddannelse.<\/p>\n<p style=\"text-align: justify;\">Flere familier og gymnasieelever sp\u00f8rger i dag, om man kan g\u00f8re praktikken til en mere international oplevelse ved at <a href=\"https:\/\/www.vita-explorers.dk\/blog\/parcoursup-praktik-i-udlandet\/\" target=\"_blank\" rel=\"noopener\">tage den i udlandet<\/a>. Her kan erhvervspraktik i 1.g foreg\u00e5 i en international v\u00e6rtsramme, hvor hverdagen er anderledes end hjemme \u2013 forudsat at der er klare krav til sikkerhed, ansvarlige rammer og passende aktiviteter.<\/p>\n<h2 style=\"text-align: justify;\"><\/h2>\n<h2 id=\"stage-etranger-seconde\" style=\"text-align: justify;\">Hvorfor overveje erhvervspraktik i 1.g i udlandet?<\/h2>\n<p style=\"text-align: justify;\">At tage sin <strong>erhvervspraktik i 1.g<\/strong> i udlandet kan v\u00e6re meget mere end \u201cen uge i praktik\u201d. Eleven m\u00f8der en ny kultur, andre hverdagsvaner og forskellige m\u00e5der at arbejde p\u00e5. Det styrker nysgerrighed og omstillingsevne \u2013 og kan samtidig give et naturligt skub til sprog. For mange unge bliver s\u00e5dan en oplevelse et vigtigt skridt, der udvider perspektivet og kan \u00f8ge motivationen for skole og fremtidsvalg.<\/p>\n<p style=\"text-align: justify;\">N\u00e5r praktikken indg\u00e5r i et ophold i udlandet, der er tilrettelagt specifikt for unge under 18 \u00e5r, foreg\u00e5r det under trygge og tydelige rammer drevet lokalt. De unge st\u00e5r ikke alene: De deltager i aktiviteter, der passer til alder og modenhed, og f\u00f8lger b\u00e5de v\u00e6rtslandets regler og rytmen i de daglige aktiviteter. Den type struktur er afg\u00f8rende \u2013 b\u00e5de for unges sikkerhed og for at sikre en respektfuld tilgang til de mennesker og milj\u00f8er, man m\u00f8der.<\/p>\n<h2><\/h2>\n<h2><a href=\"https:\/\/www.vita-explorers.dk\/blog\/wp-content\/uploads\/2016\/05\/etudiants-afrique-du-sud.jpg\"><img loading=\"lazy\" decoding=\"async\" class=\"size-medium wp-image-4040 aligncenter\" src=\"https:\/\/www.vita-explorers.dk\/blog\/wp-content\/uploads\/2016\/05\/etudiants-afrique-du-sud-300x225.jpg\" alt=\"Groupe d'\u00e9tudiants en afrique du Sud Globalong b\u00e9n\u00e9volat\" width=\"300\" height=\"225\" srcset=\"https:\/\/www.vita-explorers.dk\/blog\/wp-content\/uploads\/2016\/05\/etudiants-afrique-du-sud-300x225.jpg 300w, https:\/\/www.vita-explorers.dk\/blog\/wp-content\/uploads\/2016\/05\/etudiants-afrique-du-sud-768x576.jpg 768w, https:\/\/www.vita-explorers.dk\/blog\/wp-content\/uploads\/2016\/05\/etudiants-afrique-du-sud-1024x768.jpg 1024w, https:\/\/www.vita-explorers.dk\/blog\/wp-content\/uploads\/2016\/05\/etudiants-afrique-du-sud-150x113.jpg 150w, https:\/\/www.vita-explorers.dk\/blog\/wp-content\/uploads\/2016\/05\/etudiants-afrique-du-sud.jpg 1600w\" sizes=\"(max-width: 300px) 100vw, 300px\" \/><\/a><\/h2>\n<p>a0<\/p>\n<h2 id=\"types-missions-etranger\" style=\"text-align: justify;\">Forl\u00f8b, der passer til gymnasieelever for en erhvervspraktik i udlandet<\/h2>\n<p style=\"text-align: justify;\">En <strong>erhvervspraktik i 1.g<\/strong> i udlandet skal v\u00e6re enkel og tryg. Gymnasieelever indg\u00e5r ikke i en egentlig stilling. De f\u00e5r f\u00f8rst og fremmest indblik i nye rammer, observerer hverdagen og deltager i lette aktiviteter. P\u00e5 den m\u00e5de bliver opholdet l\u00e6rerigt \u2013 samtidig med at det tager hensyn til alder og ansvar.<\/p>\n<p style=\"text-align: justify;\">Aktiviteter for unge varierer fra land til land. Der er dog nogle typer, som g\u00e5r igen, fordi de giver mulighed for at l\u00e6re, forst\u00e5 og bidrage uden at st\u00e5 med et for stort ansvar. De ansvarlige p\u00e5 stedet f\u00f8lger l\u00f8bende med, s\u00e5 b\u00e5de tempo og indhold passer til den enkelte. Det giver en tryg ramme.<\/p>\n<h3 style=\"text-align: justify;\"><strong><span style=\"color: #800080;\">Sociale forl\u00f8b<\/span><\/strong><\/h3>\n<p style=\"text-align: justify;\">Elever kan indg\u00e5 i milj\u00f8er, hvor der arbejdes med b\u00f8rn. De kan deltage i l\u00e6ringslege og hj\u00e6lpe til ved enkle aktiviteter. Det giver kulturudveksling i praksis og foreg\u00e5r altid under opsyn og p\u00e5 et niveau, der passer til gymnasieelever. P\u00e5 den m\u00e5de bliver oplevelsen konstruktiv og respektfuld.<\/p>\n<p style=\"text-align: justify;\">Sociale forl\u00f8b kan give en st\u00e6rk menneskelig kontakt og et indblik i andre hverdagsvilk\u00e5r. De kan ogs\u00e5 styrke t\u00e5lmodighed og kreativitet \u2013 noget mange unge s\u00e6tter pris p\u00e5.<\/p>\n<h3 style=\"text-align: justify;\"><strong><span style=\"color: #800080;\">Forl\u00f8b med dyr<\/span><\/strong><\/h3>\n<p style=\"text-align: justify;\">Nogle ophold indeholder aktiviteter med dyr. De unge kan hj\u00e6lpe med at forberede foder, g\u00f8re mindre omr\u00e5der rene og assistere dyrepassere i enkle opgaver. Her f\u00e5r de et indblik i <a href=\"https:\/\/www.vita-explorers.dk\/blog\/dyrebeskyttelse-frivilligt-arbejde-internationalt\/\" target=\"_blank\" rel=\"noopener\">dyrevelf\u00e6rd og beskyttelse af dyr<\/a> p\u00e5 en ny m\u00e5de.<\/p>\n<p style=\"text-align: justify;\">Samtidig tr\u00e6ner den type aktiviteter grundighed og evnen til at f\u00f8lge klare instruktioner. Det giver ofte en naturlig forst\u00e5else for ansvar.<\/p>\n<h3 style=\"text-align: justify;\"><strong><span style=\"color: #800080;\">Milj\u00f8- og naturforl\u00f8b<\/span><\/strong><\/h3>\n<p style=\"text-align: justify;\">Nogle programmer rummer aktiviteter med fokus p\u00e5 milj\u00f8. Elever kan deltage i strand- eller omr\u00e5deoprydning, hj\u00e6lpe med formidlingsaktiviteter og indimellem f\u00f8lge lokale teams, n\u00e5r de observerer natur og dyreliv. Den type praktik kan styrke forst\u00e5elsen for natur og klima.<\/p>\n<p style=\"text-align: justify;\">Mange unge kan lide kombinationen af natur, nye omgivelser og samarbejde. Samtidig viser den, hvorfor <a href=\"https:\/\/www.vita-explorers.dk\/blog\/frivilligt-arbejde-for-beskyttelse-af-miljoeet\/\" target=\"_blank\" rel=\"noopener\">beskyttelse af milj\u00f8et<\/a> betyder noget i praksis.<\/p>\n<h2 style=\"text-align: justify;\"><\/h2>\n<h2 id=\"organisation-conditions-mineurs\" style=\"text-align: justify;\">Planl\u00e6gning, rammer og vilk\u00e5r for unge under 18 \u00e5r<\/h2>\n<p style=\"text-align: justify;\">En <strong>erhvervspraktik i 1.g<\/strong> i udlandet kr\u00e6ver en stram og gennemt\u00e6nkt plan. De unge er ikke alene. Kontaktpersoner p\u00e5 stedet f\u00f8lger op i hverdagen og sikrer, at rammer, regler og tempo bliver overholdt. Det er med til at skabe tryghed for b\u00e5de elever og for\u00e6ldre.<\/p>\n<p style=\"text-align: justify;\">Inden afrejse f\u00e5r familierne klare informationer om destination, indhold og praktiske forhold. Det g\u00f8r det lettere for eleven at rejse afsted med realistiske forventninger og forbereder bedre p\u00e5 at falde til.<\/p>\n<p style=\"text-align: justify;\">Dage og tider planl\u00e6gges enkelt og alderssvarende. De unge deltager i nogle timers aktiviteter og har derefter fritid i rammer, hvor der stadig er opsyn. Det giver en god balance mellem l\u00e6ring og ro og reducerer risikoen for at blive overbelastet.<\/p>\n<p style=\"text-align: justify;\">Endelig tilpasses aktiviteterne altid til unge. Farlige eller komplekse opgaver indg\u00e5r ikke. Tyngden ligger p\u00e5 observation, l\u00e6ring og m\u00f8det med mennesker. S\u00e5dan bliver praktikken b\u00e5de udviklende og tryg.<\/p>\n<h2><\/h2>\n<p><a href=\"https:\/\/www.vita-explorers.dk\/blog\/wp-content\/uploads\/2017\/11\/Etudiants-et-be\u0301ne\u0301voles-en-Afrique-du-Sud-GlobAlong-.jpg\"><img loading=\"lazy\" decoding=\"async\" class=\"size-medium wp-image-7604 aligncenter\" src=\"https:\/\/www.vita-explorers.dk\/blog\/wp-content\/uploads\/2017\/11\/Etudiants-et-be\u0301ne\u0301voles-en-Afrique-du-Sud-GlobAlong--300x200.jpg\" alt=\"Projet solidaire \u00e9tudiant\" width=\"300\" height=\"200\" srcset=\"https:\/\/www.vita-explorers.dk\/blog\/wp-content\/uploads\/2017\/11\/Etudiants-et-be\u0301ne\u0301voles-en-Afrique-du-Sud-GlobAlong--300x200.jpg 300w, https:\/\/www.vita-explorers.dk\/blog\/wp-content\/uploads\/2017\/11\/Etudiants-et-be\u0301ne\u0301voles-en-Afrique-du-Sud-GlobAlong--768x512.jpg 768w, https:\/\/www.vita-explorers.dk\/blog\/wp-content\/uploads\/2017\/11\/Etudiants-et-be\u0301ne\u0301voles-en-Afrique-du-Sud-GlobAlong--1024x682.jpg 1024w, https:\/\/www.vita-explorers.dk\/blog\/wp-content\/uploads\/2017\/11\/Etudiants-et-be\u0301ne\u0301voles-en-Afrique-du-Sud-GlobAlong--150x100.jpg 150w\" sizes=\"(max-width: 300px) 100vw, 300px\" \/><\/a><\/p>\n<p>a0<\/p>\n<h2 id=\"avantages-stage-etranger\">Fordele ved at tage erhvervspraktik i 1.g i udlandet<\/h2>\n<p style=\"text-align: justify;\">En <strong>erhvervspraktik i 1.g<\/strong> i udlandet kan give mange gevinster. Eleven f\u00e5r ikke kun et indblik i et arbejdsmilj\u00f8 \u2013 men m\u00f8der ogs\u00e5 et nyt land, en kultur og en anden m\u00e5de at l\u00e6re p\u00e5. Derfor f\u00e5r praktikken ofte et bredere perspektiv og kan blive en vigtig personlig erfaring for en ung.<\/p>\n<p style=\"text-align: justify;\">At opleve verden p\u00e5 den m\u00e5de kan styrke b\u00e5de nysgerrighed og selvtillid. Samtidig vokser selvst\u00e6ndigheden, fordi man skal orientere sig og trives i nye rammer.<\/p>\n<h3 style=\"text-align: justify;\"><strong><span style=\"color: #800080;\">M\u00f8de en anden kultur allerede i 1.g<\/span><\/strong><\/h3>\n<p style=\"text-align: justify;\">Under en <strong>erhvervspraktik i 1.g<\/strong> i udlandet m\u00f8der elever andre vaner og traditioner. De ser andre rytmer i hverdagen og l\u00e6rer at afl\u00e6se sociale koder i v\u00e6rtslandet. Det kan give et mere nuanceret blik p\u00e5 verden.<\/p>\n<p style=\"text-align: justify;\">Dialogen med teams p\u00e5 stedet underst\u00f8tter ofte den forst\u00e5else. Gymnasieelever opdager, at arbejdsmetoder kan v\u00e6re forskellige fra land til land. De sammenligner, sp\u00f8rger ind og bliver nysgerrige p\u00e5 forskelle. Det kan bidrage til modenhed.<\/p>\n<p style=\"text-align: justify;\">Mange kommer hjem med et bredere perspektiv. De forst\u00e5r bedre, hvordan sociale, milj\u00f8m\u00e6ssige eller uddannelsesm\u00e6ssige udfordringer kan se ud i forskellige lande. Det kan inspirere refleksion i de n\u00e6ste skole\u00e5r.<\/p>\n<h3 style=\"text-align: justify;\"><strong><span style=\"color: #800080;\">Styrke kompetencer, der er nyttige senere<\/span><\/strong><\/h3>\n<p style=\"text-align: justify;\">Selvom praktikken prim\u00e6rt handler om at observere, f\u00e5r eleven ofte en r\u00e6kke kompetencer med sig. For det f\u00f8rste tr\u00e6nes evnen til at omstille sig, n\u00e5r man m\u00f8der nye rammer. For det andet udvikles kommunikationen, n\u00e5r man taler med mennesker med andre erfaringer og perspektiver.<\/p>\n<p style=\"text-align: justify;\">Derudover kan et ophold i udlandet styrke vigtige personlige kompetencer:<\/p>\n<ul style=\"padding-left: 20px; text-align: justify;\">\n<li>selvst\u00e6ndighed;<\/li>\n<li>ansvarsf\u00f8lelse;<\/li>\n<li>evnen til at lytte og forst\u00e5;<\/li>\n<li>\u00e5benhed;<\/li>\n<li>omstillingsevne, n\u00e5r noget er nyt.<\/li>\n<\/ul>\n<p style=\"text-align: justify;\">Det kan v\u00e6re v\u00e6rdifuldt senere i gymnasiet, p\u00e5 videre uddannelse og i forhold til at tr\u00e6ffe gode valg om retning.<\/p>\n<h3 style=\"text-align: justify;\"><strong><span style=\"color: #800080;\">En erfaring, der kan styrke elevens profil<\/span><\/strong><\/h3>\n<p style=\"text-align: justify;\">En <strong>erhvervspraktik i 1.g<\/strong> i udlandet bliver ofte bem\u00e6rket. L\u00e6rere og senere arbejdsgivere kan se det som et tegn p\u00e5 initiativ og evnen til at pr\u00f8ve noget nyt p\u00e5 en ansvarlig m\u00e5de.<\/p>\n<p style=\"text-align: justify;\">Derudover giver oplevelsen konkrete eksempler til ans\u00f8gninger og samtaler. Eleven kan forklare, hvad der blev observeret, hvad der fungerede godt, og hvad der gav nye perspektiver.<\/p>\n<p style=\"text-align: justify;\">Selv om praktikken er kort, kan den s\u00e6tte spor. Mange unge oplever, at de kommer hjem med mere ro og selvtillid, som kan hj\u00e6lpe dem videre med deres planer.<\/p>\n<h3 style=\"text-align: justify;\"><strong><span style=\"color: #800080;\">Trygge rammer for unge under 18 \u00e5r<\/span><\/strong><\/h3>\n<p style=\"text-align: justify;\">At v\u00e6lge en <strong>erhvervspraktik i 1.g<\/strong> i udlandet kr\u00e6ver et sikkert setup. Forl\u00f8b, der er lavet til unge, bygger netop p\u00e5 den pr\u00e6mis. De ansvarlige f\u00f8lger op hver dag og har styr p\u00e5 aktiviteter, bev\u00e6gelse rundt og tidsplan.<\/p>\n<p style=\"text-align: justify;\">Det er med til at skabe en god og tryg oplevelse for de unge \u2013 og ro hos familien. S\u00e5 kan eleven f\u00e5 sin <a href=\"https:\/\/www.vita-explorers.dk\/blog\/internationalt-immersionsforloeb-og-frivilligt-arbejde\/\" target=\"_blank\" rel=\"noopener\">oplevelse af at v\u00e6re i nye omgivelser<\/a> p\u00e5 en tryg m\u00e5de.<\/p>\n<p style=\"text-align: justify;\">Overnatningssteder udv\u00e6lges med omhu og f\u00f8lger klare retningslinjer, der passer til unge. Samtidig er der altid kontaktpersoner, som kan kontaktes. Det giver stabile rammer.<\/p>\n<h3 style=\"text-align: justify;\"><strong><span style=\"color: #800080;\">En praktik, der kan give lyst til mere<\/span><\/strong><\/h3>\n<p style=\"text-align: justify;\">For mange elever \u00e5bner det f\u00f8rste ophold i udlandet nye muligheder. Nogle f\u00e5r lyst til at rejse igen senere i et l\u00e6ngere forl\u00f8b. Andre bliver nysgerrige p\u00e5 uddannelser, der handler om sprog, sociale indsatser, milj\u00f8 eller turisme.<\/p>\n<p style=\"text-align: justify;\">Derfor kan den f\u00f8rste oplevelse v\u00e6re vigtig. Den kan tydeligg\u00f8re interesser og give mere selvtillid. Det g\u00f8r det lettere at se n\u00e6ste skridt i skole- og uddannelsesvejen.<\/p>\n<h2><\/h2>\n<h2><a href=\"https:\/\/www.vita-explorers.dk\/blog\/wp-content\/uploads\/2016\/05\/classe-afrique-du-sud-etudiants.jpg\"><img loading=\"lazy\" decoding=\"async\" class=\"size-medium wp-image-4038 aligncenter\" src=\"https:\/\/www.vita-explorers.dk\/blog\/wp-content\/uploads\/2016\/05\/classe-afrique-du-sud-etudiants-300x225.jpg\" alt=\"Cours de langue en Afrique du Sud\" width=\"300\" height=\"225\" srcset=\"https:\/\/www.vita-explorers.dk\/blog\/wp-content\/uploads\/2016\/05\/classe-afrique-du-sud-etudiants-300x225.jpg 300w, https:\/\/www.vita-explorers.dk\/blog\/wp-content\/uploads\/2016\/05\/classe-afrique-du-sud-etudiants-768x576.jpg 768w, https:\/\/www.vita-explorers.dk\/blog\/wp-content\/uploads\/2016\/05\/classe-afrique-du-sud-etudiants-1024x768.jpg 1024w, https:\/\/www.vita-explorers.dk\/blog\/wp-content\/uploads\/2016\/05\/classe-afrique-du-sud-etudiants-150x113.jpg 150w, https:\/\/www.vita-explorers.dk\/blog\/wp-content\/uploads\/2016\/05\/classe-afrique-du-sud-etudiants.jpg 1600w\" sizes=\"(max-width: 300px) 100vw, 300px\" \/><\/a><\/h2>\n<h2><\/h2>\n<h2 id=\"faq-stage-observation-seconde\" style=\"text-align: justify;\">FAQ: Erhvervspraktik i 1.g i udlandet<\/h2>\n<h3 style=\"text-align: justify;\"><strong>Kan en elev i 1.g tage sin erhvervspraktik i udlandet?<\/strong><\/h3>\n<p style=\"text-align: justify;\">Ja, det kan man. Rammerne skal dog v\u00e6re tydelige og alderssvarende. Aktiviteterne skal v\u00e6re enkle og have fokus p\u00e5 observation. Derudover b\u00f8r familien afstemme planen med gymnasiet, inden afrejse.<\/p>\n<h3 style=\"text-align: justify;\"><strong>Er forl\u00f8b i udlandet for unge i praktik sikre?<\/strong><\/h3>\n<p style=\"text-align: justify;\">Ja, forl\u00f8b for unge f\u00f8lger typisk klare retningslinjer. Kontaktpersoner p\u00e5 stedet f\u00f8lger de unge i hverdagen og har styr p\u00e5 aktiviteter, overnatning og transport. Det er med til at sikre, at rammerne er trygge og passende.<\/p>\n<h3 style=\"text-align: justify;\"><strong>Hvilke aktiviteter kan en gymnasieelev lave i sin erhvervspraktik?<\/strong><\/h3>\n<p style=\"text-align: justify;\">Aktiviteterne er enkle. Eleven observerer arbejdet, deltager i lette aktiviteter eller hj\u00e6lper med sm\u00e5 opgaver. Eleven erstatter ikke en fagperson og f\u00f8lger altid instruktioner fra de ansvarlige.<\/p>\n<h3 style=\"text-align: justify;\"><strong>Hvorfor v\u00e6lge praktik i udlandet frem for i Danmark?<\/strong><\/h3>\n<p style=\"text-align: justify;\">Praktik i udlandet giver hurtig kulturudveksling. Eleven oplever en anden hverdag, bliver mere selvst\u00e6ndig og f\u00e5r et bredere udsyn. Samtidig kan erfaringen v\u00e6re en styrke senere i uddannelsesforl\u00f8bet.<\/p>\n<h2><\/h2>\n<h2 style=\"text-align: justify;\">Konklusion<\/h2>\n<p style=\"text-align: justify;\">En <strong>erhvervspraktik i 1.g<\/strong> er et vigtigt skridt for gymnasieelever. Den giver et f\u00f8rste indblik i arbejdslivet og kan hj\u00e6lpe med at afklare de f\u00f8rste tanker om retning og uddannelse. I Danmark er praktikken ofte kort og overskuelig. Nogle elever har dog lyst til at opleve mere. Her kan et forl\u00f8b i udlandet give ekstra perspektiv ved at kombinere observation med kulturudveksling.<\/p>\n<p style=\"text-align: justify;\">N\u00e5r opholdet er tilrettelagt for unge og gennemf\u00f8rt under trygge rammer, kan det f\u00f8les sikkert. Det kan styrke selvst\u00e6ndighed, nysgerrighed og selvtillid \u2013 og blive en oplevelse, der s\u00e6tter sig positivt i b\u00e5de l\u00e6ring og udvikling.<\/p>\n<p style=\"text-align: justify;\">At tage praktikken i udlandet kan derfor give erhvervspraktikken i 1.g en s\u00e6rlig dimension. Eleven kommer ofte hjem med et bredere udsyn, ny motivation og et bedre afs\u00e6t for de n\u00e6ste \u00e5r.<\/p>\n<p style=\"text-align: justify;\"><!-- FAQ JSON-LD --><br \/>\n<script type=\"application\/ld+json\">\n{\n  \"@context\": \"https:\/\/schema.org\",\n  \"@type\": \"FAQPage\",\n  \"mainEntity\": [\n    {\n      \"@type\": \"Question\",\n      \"name\": \"Kan en elev i 1.g tage sin erhvervspraktik i udlandet?\",\n      \"acceptedAnswer\": {\n        \"@type\": \"Answer\",\n        \"text\": \"Ja, det kan man. Rammerne skal dog v\u00e6re tydelige og alderssvarende. Aktiviteterne er enkle og har fokus p\u00e5 observation. Familien b\u00f8r afstemme planen med gymnasiet inden afrejse.\"\n      }\n    },\n    {\n      \"@type\": \"Question\",\n      \"name\": \"Er forl\u00f8b i udlandet for unge i praktik sikre?\",\n      \"acceptedAnswer\": {\n        \"@type\": \"Answer\",\n        \"text\": \"Ja, forl\u00f8b for unge f\u00f8lger typisk klare retningslinjer. Kontaktpersoner p\u00e5 stedet f\u00f8lger de unge i hverdagen og har styr p\u00e5 aktiviteter, overnatning og transport.\"\n      }\n    },\n    {\n      \"@type\": \"Question\",\n      \"name\": \"Hvilke aktiviteter kan en gymnasieelev lave i sin erhvervspraktik?\",\n      \"acceptedAnswer\": {\n        \"@type\": \"Answer\",\n        \"text\": \"Aktiviteterne er enkle: Eleven observerer arbejdet, deltager i lette aktiviteter eller hj\u00e6lper med sm\u00e5 opgaver. Eleven erstatter ikke en fagperson.\"\n      }\n    },\n    {\n      \"@type\": \"Question\",\n      \"name\": \"Hvorfor v\u00e6lge praktik i udlandet frem for i Danmark?\",\n      \"acceptedAnswer\": {\n        \"@type\": \"Answer\",\n        \"text\": \"Praktik i udlandet giver en tydelig kulturudveksling. Eleven oplever en anden hverdag, bliver mere selvst\u00e6ndig og f\u00e5r et bredere udsyn, som kan v\u00e6re v\u00e6rdifuldt senere.\"\n      }\n    }\n  ]\n}\n<\/script><\/p>\n<h3 id=\"contact\" style=\"text-align: center;\">Klar til n\u00e6ste skridt?<\/h3>\n<p style=\"text-align: center;\"><a href=\"https:\/\/www.vita-explorers.dk\/#tel-contact-form-glob\" target=\"_blank\" rel=\"noopener\">Jeg vil gerne h\u00f8re om mulighederne<\/a><\/p>\n<p class=\"muted\" style=\"text-align: center;\">\u00a9 VITA Institute \u2014 viden og ressourcer om ansvarlige internationale forl\u00f8b.<\/p>\n<p class=\"p4\" style=\"text-align: center;\"><b>Hvis du vil h\u00f8re mere, er du velkommen til at kontakte os p\u00e5 <\/b><a href=\"mailto:info@globalong.com\"><span class=\"s2\"><b>info@globalong.com<\/b><\/span><\/a><\/p>\n<p class=\"p4\" style=\"text-align: center;\"><b>Vil du f\u00f8lge VITA Institute og vores community, s\u00e5 find os p\u00e5 <\/b><a href=\"https:\/\/www.instagram.com\/globalongofficiel\/\" target=\"_blank\" rel=\"noopener\"><span class=\"s2\"><b>Instagram<\/b><\/span><\/a><b>, <\/b><a href=\"https:\/\/www.facebook.com\/globalong\" target=\"_blank\" rel=\"noopener\"><span class=\"s2\"><b>Facebook<\/b><\/span><\/a><b>, <\/b><a href=\"https:\/\/www.linkedin.com\/company\/5113177\/admin\/feed\/posts\/\" target=\"_blank\" rel=\"noopener\"><span class=\"s2\"><b>LinkedIn<\/b><\/span><\/a><b> og <\/b><a href=\"https:\/\/www.youtube.com\/c\/globalong\/videos\" target=\"_blank\" rel=\"noopener\"><span class=\"s2\"><b>YouTube<\/b><\/span><\/a><b>.<\/b><\/p>\n","protected":false},"excerpt":{"rendered":"<p>Erhvervspraktik i 1.g: hvad er det \u2013 og hvilke muligheder er der for et ophold i udlandet? En erhvervspraktik i 1.g er ofte gymnasieelevens\u2026<\/p>\n","protected":false},"author":7,"featured_media":22768,"comment_status":"open","ping_status":"open","sticky":false,"template":"","format":"standard","meta":{"footnotes":""},"categories":[1463],"tags":[],"yoast_head":"<!-- This site is optimized with the Yoast SEO Premium plugin v23.4 (Yoast SEO v23.4) - https:\/\/yoast.com\/wordpress\/plugins\/seo\/ -->\n<title>Observationspraktik i 2.g: s\u00e5dan kan du komme i praktik i udlandet<\/title>\n<meta name=\"description\" content=\"Stage observation seconde : d\u00e9marches, objectifs et possibilit\u00e9 de r\u00e9aliser un stage \u00e0 l\u2019\u00e9tranger en mission encadr\u00e9e.\" \/>\n<meta name=\"robots\" content=\"index, follow, max-snippet:-1, max-image-preview:large, max-video-preview:-1\" \/>\n<link rel=\"canonical\" href=\"https:\/\/www.vita-explorers.dk\/blog\/praktik-for-9-klasse\/\" \/>\n<meta property=\"og:locale\" content=\"da_DK\" \/>\n<meta property=\"og:type\" content=\"article\" \/>\n<meta property=\"og:title\" content=\"Erhvervspraktik i 2.g: hvad det er \u2013 og muligheder for at tage praktikken i udlandet\" \/>\n<meta property=\"og:description\" content=\"Stage observation seconde : d\u00e9marches, objectifs et possibilit\u00e9 de r\u00e9aliser un stage \u00e0 l\u2019\u00e9tranger en mission encadr\u00e9e.\" \/>\n<meta property=\"og:url\" content=\"https:\/\/www.vita-explorers.dk\/blog\/praktik-for-9-klasse\/\" \/>\n<meta property=\"og:site_name\" content=\"VITA Explorers Blog\" \/>\n<meta property=\"article:publisher\" content=\"https:\/\/www.facebook.com\/globalong\" \/>\n<meta property=\"article:published_time\" content=\"2025-12-06T04:32:01+00:00\" \/>\n<meta property=\"article:modified_time\" content=\"2025-12-10T11:32:35+00:00\" \/>\n<meta property=\"og:image\" content=\"https:\/\/www.vita-explorers.dk\/blog\/wp-content\/uploads\/2025\/12\/parc-etudiants-afrique-du-sud-min.jpg\" \/>\n\t<meta property=\"og:image:width\" content=\"1600\" \/>\n\t<meta property=\"og:image:height\" content=\"1200\" \/>\n\t<meta property=\"og:image:type\" content=\"image\/jpeg\" \/>\n<meta name=\"author\" content=\"VITA Tribe\" \/>\n<meta name=\"twitter:card\" content=\"summary_large_image\" \/>\n<meta name=\"twitter:label1\" content=\"Skrevet af\" \/>\n\t<meta name=\"twitter:data1\" content=\"VITA Tribe\" \/>\n\t<meta name=\"twitter:label2\" content=\"Estimeret l\u00e6setid\" \/>\n\t<meta name=\"twitter:data2\" content=\"12 minutter\" \/>\n<script type=\"application\/ld+json\" class=\"yoast-schema-graph\">{\"@context\":\"https:\/\/schema.org\",\"@graph\":[{\"@type\":\"Article\",\"@id\":\"https:\/\/www.vita-explorers.dk\/blog\/praktik-for-9-klasse\/#article\",\"isPartOf\":{\"@id\":\"https:\/\/www.vita-explorers.dk\/blog\/praktik-for-9-klasse\/\"},\"author\":{\"name\":\"VITA Tribe\",\"@id\":\"https:\/\/www.vita-explorers.dk\/blog\/#\/schema\/person\/fc0343a2f2db2ebb2793c1f62dbe73f0\"},\"headline\":\"Erhvervspraktik i 2.g: hvad det er \u2013 og muligheder for at tage praktikken i udlandet\",\"datePublished\":\"2025-12-06T04:32:01+00:00\",\"dateModified\":\"2025-12-10T11:32:35+00:00\",\"mainEntityOfPage\":{\"@id\":\"https:\/\/www.vita-explorers.dk\/blog\/praktik-for-9-klasse\/\"},\"wordCount\":2129,\"commentCount\":0,\"publisher\":{\"@id\":\"https:\/\/www.vita-explorers.dk\/blog\/#organization\"},\"image\":{\"@id\":\"https:\/\/www.vita-explorers.dk\/blog\/praktik-for-9-klasse\/#primaryimage\"},\"thumbnailUrl\":\"https:\/\/www.vita-explorers.dk\/blog\/wp-content\/uploads\/2025\/12\/parc-etudiants-afrique-du-sud-min.jpg\",\"articleSection\":[\"Praktik i udlandet\"],\"inLanguage\":\"da-DK\",\"potentialAction\":[{\"@type\":\"CommentAction\",\"name\":\"Comment\",\"target\":[\"https:\/\/www.vita-explorers.dk\/blog\/praktik-for-9-klasse\/#respond\"]}]},{\"@type\":\"WebPage\",\"@id\":\"https:\/\/www.vita-explorers.dk\/blog\/praktik-for-9-klasse\/\",\"url\":\"https:\/\/www.vita-explorers.dk\/blog\/praktik-for-9-klasse\/\",\"name\":\"Observationspraktik i 2.g: s\u00e5dan kan du komme i praktik i udlandet\",\"isPartOf\":{\"@id\":\"https:\/\/www.vita-explorers.dk\/blog\/#website\"},\"primaryImageOfPage\":{\"@id\":\"https:\/\/www.vita-explorers.dk\/blog\/praktik-for-9-klasse\/#primaryimage\"},\"image\":{\"@id\":\"https:\/\/www.vita-explorers.dk\/blog\/praktik-for-9-klasse\/#primaryimage\"},\"thumbnailUrl\":\"https:\/\/www.vita-explorers.dk\/blog\/wp-content\/uploads\/2025\/12\/parc-etudiants-afrique-du-sud-min.jpg\",\"datePublished\":\"2025-12-06T04:32:01+00:00\",\"dateModified\":\"2025-12-10T11:32:35+00:00\",\"description\":\"Stage observation seconde : d\u00e9marches, objectifs et possibilit\u00e9 de r\u00e9aliser un stage \u00e0 l\u2019\u00e9tranger en mission encadr\u00e9e.\",\"breadcrumb\":{\"@id\":\"https:\/\/www.vita-explorers.dk\/blog\/praktik-for-9-klasse\/#breadcrumb\"},\"inLanguage\":\"da-DK\",\"potentialAction\":[{\"@type\":\"ReadAction\",\"target\":[\"https:\/\/www.vita-explorers.dk\/blog\/praktik-for-9-klasse\/\"]}]},{\"@type\":\"ImageObject\",\"inLanguage\":\"da-DK\",\"@id\":\"https:\/\/www.vita-explorers.dk\/blog\/praktik-for-9-klasse\/#primaryimage\",\"url\":\"https:\/\/www.vita-explorers.dk\/blog\/wp-content\/uploads\/2025\/12\/parc-etudiants-afrique-du-sud-min.jpg\",\"contentUrl\":\"https:\/\/www.vita-explorers.dk\/blog\/wp-content\/uploads\/2025\/12\/parc-etudiants-afrique-du-sud-min.jpg\",\"width\":1600,\"height\":1200,\"caption\":\"Stage \u00e9tudiants\"},{\"@type\":\"BreadcrumbList\",\"@id\":\"https:\/\/www.vita-explorers.dk\/blog\/praktik-for-9-klasse\/#breadcrumb\",\"itemListElement\":[{\"@type\":\"ListItem\",\"position\":1,\"name\":\"Accueil\",\"item\":\"https:\/\/www.vita-explorers.dk\/blog\/\"},{\"@type\":\"ListItem\",\"position\":2,\"name\":\"Erhvervspraktik i 2.g: hvad det er \u2013 og muligheder for at tage praktikken i udlandet\"}]},{\"@type\":\"WebSite\",\"@id\":\"https:\/\/www.vita-explorers.dk\/blog\/#website\",\"url\":\"https:\/\/www.vita-explorers.dk\/blog\/\",\"name\":\"Association Globalong\",\"description\":\"Frivilligt arbejde, sprogophold, praktik i udlandet og internationale oplevelser\",\"publisher\":{\"@id\":\"https:\/\/www.vita-explorers.dk\/blog\/#organization\"},\"potentialAction\":[{\"@type\":\"SearchAction\",\"target\":{\"@type\":\"EntryPoint\",\"urlTemplate\":\"https:\/\/www.vita-explorers.dk\/blog\/?s={search_term_string}\"},\"query-input\":{\"@type\":\"PropertyValueSpecification\",\"valueRequired\":true,\"valueName\":\"search_term_string\"}}],\"inLanguage\":\"da-DK\"},{\"@type\":\"Organization\",\"@id\":\"https:\/\/www.vita-explorers.dk\/blog\/#organization\",\"name\":\"Association Globalong\",\"url\":\"https:\/\/www.vita-explorers.dk\/blog\/\",\"logo\":{\"@type\":\"ImageObject\",\"inLanguage\":\"da-DK\",\"@id\":\"https:\/\/www.vita-explorers.dk\/blog\/#\/schema\/logo\/image\/\",\"url\":\"https:\/\/www.globalong.com\/blog\/wp-content\/uploads\/2014\/11\/cropped-cropped-Logo-et-Afrique-Globalong-petite-taille-2.jpg\",\"contentUrl\":\"https:\/\/www.globalong.com\/blog\/wp-content\/uploads\/2014\/11\/cropped-cropped-Logo-et-Afrique-Globalong-petite-taille-2.jpg\",\"width\":512,\"height\":512,\"caption\":\"Association Globalong\"},\"image\":{\"@id\":\"https:\/\/www.vita-explorers.dk\/blog\/#\/schema\/logo\/image\/\"},\"sameAs\":[\"https:\/\/www.facebook.com\/globalong\"]},{\"@type\":\"Person\",\"@id\":\"https:\/\/www.vita-explorers.dk\/blog\/#\/schema\/person\/fc0343a2f2db2ebb2793c1f62dbe73f0\",\"name\":\"VITA Tribe\",\"image\":{\"@type\":\"ImageObject\",\"inLanguage\":\"da-DK\",\"@id\":\"https:\/\/www.vita-explorers.dk\/blog\/#\/schema\/person\/image\/\",\"url\":\"https:\/\/secure.gravatar.com\/avatar\/f7f05026bb439d0c96b30e135e5f852c?s=96&d=mm&r=g\",\"contentUrl\":\"https:\/\/secure.gravatar.com\/avatar\/f7f05026bb439d0c96b30e135e5f852c?s=96&d=mm&r=g\",\"caption\":\"VITA Tribe\"},\"sameAs\":[\"http:\/\/www.globalong.com\"],\"url\":\"https:\/\/www.vita-explorers.dk\/blog\/author\/teamglobalong\/\"}]}<\/script>\n<!-- \/ Yoast SEO Premium plugin. -->","yoast_head_json":{"title":"Observationspraktik i 2.g: s\u00e5dan kan du komme i praktik i udlandet","description":"Stage observation seconde : d\u00e9marches, objectifs et possibilit\u00e9 de r\u00e9aliser un stage \u00e0 l\u2019\u00e9tranger en mission encadr\u00e9e.","robots":{"index":"index","follow":"follow","max-snippet":"max-snippet:-1","max-image-preview":"max-image-preview:large","max-video-preview":"max-video-preview:-1"},"canonical":"https:\/\/www.vita-explorers.dk\/blog\/praktik-for-9-klasse\/","og_locale":"da_DK","og_type":"article","og_title":"Erhvervspraktik i 2.g: hvad det er \u2013 og muligheder for at tage praktikken i udlandet","og_description":"Stage observation seconde : d\u00e9marches, objectifs et possibilit\u00e9 de r\u00e9aliser un stage \u00e0 l\u2019\u00e9tranger en mission encadr\u00e9e.","og_url":"https:\/\/www.vita-explorers.dk\/blog\/praktik-for-9-klasse\/","og_site_name":"VITA Explorers Blog","article_publisher":"https:\/\/www.facebook.com\/globalong","article_published_time":"2025-12-06T04:32:01+00:00","article_modified_time":"2025-12-10T11:32:35+00:00","og_image":[{"width":1600,"height":1200,"url":"https:\/\/www.vita-explorers.dk\/blog\/wp-content\/uploads\/2025\/12\/parc-etudiants-afrique-du-sud-min.jpg","type":"image\/jpeg"}],"author":"VITA Tribe","twitter_card":"summary_large_image","twitter_misc":{"Skrevet af":"VITA Tribe","Estimeret l\u00e6setid":"12 minutter"},"schema":{"@context":"https:\/\/schema.org","@graph":[{"@type":"Article","@id":"https:\/\/www.vita-explorers.dk\/blog\/praktik-for-9-klasse\/#article","isPartOf":{"@id":"https:\/\/www.vita-explorers.dk\/blog\/praktik-for-9-klasse\/"},"author":{"name":"VITA Tribe","@id":"https:\/\/www.vita-explorers.dk\/blog\/#\/schema\/person\/fc0343a2f2db2ebb2793c1f62dbe73f0"},"headline":"Erhvervspraktik i 2.g: hvad det er \u2013 og muligheder for at tage praktikken i udlandet","datePublished":"2025-12-06T04:32:01+00:00","dateModified":"2025-12-10T11:32:35+00:00","mainEntityOfPage":{"@id":"https:\/\/www.vita-explorers.dk\/blog\/praktik-for-9-klasse\/"},"wordCount":2129,"commentCount":0,"publisher":{"@id":"https:\/\/www.vita-explorers.dk\/blog\/#organization"},"image":{"@id":"https:\/\/www.vita-explorers.dk\/blog\/praktik-for-9-klasse\/#primaryimage"},"thumbnailUrl":"https:\/\/www.vita-explorers.dk\/blog\/wp-content\/uploads\/2025\/12\/parc-etudiants-afrique-du-sud-min.jpg","articleSection":["Praktik i udlandet"],"inLanguage":"da-DK","potentialAction":[{"@type":"CommentAction","name":"Comment","target":["https:\/\/www.vita-explorers.dk\/blog\/praktik-for-9-klasse\/#respond"]}]},{"@type":"WebPage","@id":"https:\/\/www.vita-explorers.dk\/blog\/praktik-for-9-klasse\/","url":"https:\/\/www.vita-explorers.dk\/blog\/praktik-for-9-klasse\/","name":"Observationspraktik i 2.g: s\u00e5dan kan du komme i praktik i udlandet","isPartOf":{"@id":"https:\/\/www.vita-explorers.dk\/blog\/#website"},"primaryImageOfPage":{"@id":"https:\/\/www.vita-explorers.dk\/blog\/praktik-for-9-klasse\/#primaryimage"},"image":{"@id":"https:\/\/www.vita-explorers.dk\/blog\/praktik-for-9-klasse\/#primaryimage"},"thumbnailUrl":"https:\/\/www.vita-explorers.dk\/blog\/wp-content\/uploads\/2025\/12\/parc-etudiants-afrique-du-sud-min.jpg","datePublished":"2025-12-06T04:32:01+00:00","dateModified":"2025-12-10T11:32:35+00:00","description":"Stage observation seconde : d\u00e9marches, objectifs et possibilit\u00e9 de r\u00e9aliser un stage \u00e0 l\u2019\u00e9tranger en mission encadr\u00e9e.","breadcrumb":{"@id":"https:\/\/www.vita-explorers.dk\/blog\/praktik-for-9-klasse\/#breadcrumb"},"inLanguage":"da-DK","potentialAction":[{"@type":"ReadAction","target":["https:\/\/www.vita-explorers.dk\/blog\/praktik-for-9-klasse\/"]}]},{"@type":"ImageObject","inLanguage":"da-DK","@id":"https:\/\/www.vita-explorers.dk\/blog\/praktik-for-9-klasse\/#primaryimage","url":"https:\/\/www.vita-explorers.dk\/blog\/wp-content\/uploads\/2025\/12\/parc-etudiants-afrique-du-sud-min.jpg","contentUrl":"https:\/\/www.vita-explorers.dk\/blog\/wp-content\/uploads\/2025\/12\/parc-etudiants-afrique-du-sud-min.jpg","width":1600,"height":1200,"caption":"Stage \u00e9tudiants"},{"@type":"BreadcrumbList","@id":"https:\/\/www.vita-explorers.dk\/blog\/praktik-for-9-klasse\/#breadcrumb","itemListElement":[{"@type":"ListItem","position":1,"name":"Accueil","item":"https:\/\/www.vita-explorers.dk\/blog\/"},{"@type":"ListItem","position":2,"name":"Erhvervspraktik i 2.g: hvad det er \u2013 og muligheder for at tage praktikken i udlandet"}]},{"@type":"WebSite","@id":"https:\/\/www.vita-explorers.dk\/blog\/#website","url":"https:\/\/www.vita-explorers.dk\/blog\/","name":"Association Globalong","description":"Frivilligt arbejde, sprogophold, praktik i udlandet og internationale oplevelser","publisher":{"@id":"https:\/\/www.vita-explorers.dk\/blog\/#organization"},"potentialAction":[{"@type":"SearchAction","target":{"@type":"EntryPoint","urlTemplate":"https:\/\/www.vita-explorers.dk\/blog\/?s={search_term_string}"},"query-input":{"@type":"PropertyValueSpecification","valueRequired":true,"valueName":"search_term_string"}}],"inLanguage":"da-DK"},{"@type":"Organization","@id":"https:\/\/www.vita-explorers.dk\/blog\/#organization","name":"Association Globalong","url":"https:\/\/www.vita-explorers.dk\/blog\/","logo":{"@type":"ImageObject","inLanguage":"da-DK","@id":"https:\/\/www.vita-explorers.dk\/blog\/#\/schema\/logo\/image\/","url":"https:\/\/www.globalong.com\/blog\/wp-content\/uploads\/2014\/11\/cropped-cropped-Logo-et-Afrique-Globalong-petite-taille-2.jpg","contentUrl":"https:\/\/www.globalong.com\/blog\/wp-content\/uploads\/2014\/11\/cropped-cropped-Logo-et-Afrique-Globalong-petite-taille-2.jpg","width":512,"height":512,"caption":"Association Globalong"},"image":{"@id":"https:\/\/www.vita-explorers.dk\/blog\/#\/schema\/logo\/image\/"},"sameAs":["https:\/\/www.facebook.com\/globalong"]},{"@type":"Person","@id":"https:\/\/www.vita-explorers.dk\/blog\/#\/schema\/person\/fc0343a2f2db2ebb2793c1f62dbe73f0","name":"VITA Tribe","image":{"@type":"ImageObject","inLanguage":"da-DK","@id":"https:\/\/www.vita-explorers.dk\/blog\/#\/schema\/person\/image\/","url":"https:\/\/secure.gravatar.com\/avatar\/f7f05026bb439d0c96b30e135e5f852c?s=96&d=mm&r=g","contentUrl":"https:\/\/secure.gravatar.com\/avatar\/f7f05026bb439d0c96b30e135e5f852c?s=96&d=mm&r=g","caption":"VITA Tribe"},"sameAs":["http:\/\/www.globalong.com"],"url":"https:\/\/www.vita-explorers.dk\/blog\/author\/teamglobalong\/"}]}},"_links":{"self":[{"href":"https:\/\/www.vita-explorers.dk\/blog\/wp-json\/wp\/v2\/posts\/22764"}],"collection":[{"href":"https:\/\/www.vita-explorers.dk\/blog\/wp-json\/wp\/v2\/posts"}],"about":[{"href":"https:\/\/www.vita-explorers.dk\/blog\/wp-json\/wp\/v2\/types\/post"}],"author":[{"embeddable":true,"href":"https:\/\/www.vita-explorers.dk\/blog\/wp-json\/wp\/v2\/users\/7"}],"replies":[{"embeddable":true,"href":"https:\/\/www.vita-explorers.dk\/blog\/wp-json\/wp\/v2\/comments?post=22764"}],"version-history":[{"count":8,"href":"https:\/\/www.vita-explorers.dk\/blog\/wp-json\/wp\/v2\/posts\/22764\/revisions"}],"predecessor-version":[{"id":22774,"href":"https:\/\/www.vita-explorers.dk\/blog\/wp-json\/wp\/v2\/posts\/22764\/revisions\/22774"}],"wp:featuredmedia":[{"embeddable":true,"href":"https:\/\/www.vita-explorers.dk\/blog\/wp-json\/wp\/v2\/media\/22768"}],"wp:attachment":[{"href":"https:\/\/www.vita-explorers.dk\/blog\/wp-json\/wp\/v2\/media?parent=22764"}],"wp:term":[{"taxonomy":"category","embeddable":true,"href":"https:\/\/www.vita-explorers.dk\/blog\/wp-json\/wp\/v2\/categories?post=22764"},{"taxonomy":"post_tag","embeddable":true,"href":"https:\/\/www.vita-explorers.dk\/blog\/wp-json\/wp\/v2\/tags?post=22764"}],"curies":[{"name":"wp","href":"https:\/\/api.w.org\/{rel}","templated":true}]}}