{"id":22799,"date":"2025-12-10T12:23:18","date_gmt":"2025-12-10T11:23:18","guid":{"rendered":"https:\/\/www.globalong.com\/blog\/?p=22799"},"modified":"2025-12-11T15:56:27","modified_gmt":"2025-12-11T14:56:27","slug":"traumatisk-stress-i-humanitaert-arbejde","status":"publish","type":"post","link":"https:\/\/www.vita-explorers.dk\/blog\/traumatisk-stress-i-humanitaert-arbejde\/","title":{"rendered":"Posttraumatisk stress under humanit\u00e6re ophold: forst\u00e5 de psykologiske risici og beskyt din mentale sundhed"},"content":{"rendered":"<h1 style=\"text-align: justify;\">PTSD og posttraumatisk stress p\u00e5 et humanit\u00e6rt ophold: forst\u00e5 de psykiske risici og pas p\u00e5 din mentale sundhed<\/h1>\n<p style=\"text-align: justify;\">Flere og flere engagerer sig i solidaritetsarbejde i udlandet \u2013 som deltagere, ansatte eller fagpersoner i humanit\u00e6re indsatser. P\u00e5 stedet kan man blive m\u00f8dt af vold, sygdom, ekstrem fattigdom eller akutte krisesituationer. I den sammenh\u00e6ng kan <strong>posttraumatisk stress i humanit\u00e6rt arbejde<\/strong> blive en reel mulighed \u2013 ogs\u00e5 for mennesker, der er meget motiverede og godt forberedte. Derfor er det vigtigt at forst\u00e5 risiciene, s\u00e5 man kan beskytte sin mentale sundhed f\u00f8r, under og efter et ophold.<\/p>\n<p style=\"text-align: justify;\">Alligevel er psykisk belastning ofte usynlig \u2013 eller bliver nedtonet. Mange deltagere har fokus p\u00e5 andres behov og skubber deres egne f\u00f8lelser til side. Andre t\u00e6nker, at de ikke \u201char ret\u201d til at have det sv\u00e6rt, fordi de selv har valgt at tage afsted. Men gentagen eksponering for sv\u00e6re indtryk, menneskelig n\u00f8d eller usikre livsvilk\u00e5r kan s\u00e6tte spor. Derfor er det vigtigt at tale om <strong>psykiske traumer<\/strong>, stress \u2013 og ikke mindst forebyggelse og st\u00f8tte.<\/p>\n<div style=\"background-color: #f8e7f9; padding: 18px; border-left: 4px solid #7a1a8a; margin-bottom: 25px; text-align: justify;\">\n<h2 style=\"color: #7a1a8a; margin-top: 0;\">Indhold<\/h2>\n<ul style=\"list-style-type: disc; color: #7a1a8a; padding-left: 22px; margin: 0;\">\n<li><a style=\"color: #6b2c83; text-decoration: none;\" href=\"#definition-sspt-humanitaire\">Forst\u00e5 posttraumatisk stress i en humanit\u00e6r kontekst<\/a><\/li>\n<li><a style=\"color: #6b2c83; text-decoration: none;\" href=\"#facteurs-exposition-volontaires\">Faktorer, der \u00f8ger risikoen for traumer for deltagere og fagpersoner<\/a><\/li>\n<li><a style=\"color: #6b2c83; text-decoration: none;\" href=\"#signes-prevention-sspt\">Tegn, konsekvenser og forebyggelse af posttraumatisk stress i humanit\u00e6rt arbejde<\/a><\/li>\n<li><a style=\"color: #6b2c83; text-decoration: none;\" href=\"#accompagnement-retour-ressources\">St\u00f8tte, hjemkomst og nyttige ressourcer<\/a><\/li>\n<li><a style=\"color: #6b2c83; text-decoration: none;\" href=\"#faq-stress-post-traumatique-humanitaire\">Ofte stillede sp\u00f8rgsm\u00e5l om posttraumatisk stress i humanit\u00e6rt arbejde<\/a><\/li>\n<li><a style=\"color: #6b2c83; text-decoration: none;\" href=\"#conclusion\">Konklusion<\/a><\/li>\n<\/ul>\n<\/div>\n<h2 style=\"text-align: justify;\"><\/h2>\n<p><a href=\"https:\/\/www.vita-explorers.dk\/blog\/wp-content\/uploads\/2025\/12\/808x539_cmsv2_bf3acd88-3140-5f03-81a4-0b21494146fd-8785764.webp\"><img loading=\"lazy\" decoding=\"async\" class=\"size-medium wp-image-22807 aligncenter\" src=\"https:\/\/www.vita-explorers.dk\/blog\/wp-content\/uploads\/2025\/12\/808x539_cmsv2_bf3acd88-3140-5f03-81a4-0b21494146fd-8785764-300x200.webp\" alt=\"SSPT humanitaire\" width=\"300\" height=\"200\" srcset=\"https:\/\/www.vita-explorers.dk\/blog\/wp-content\/uploads\/2025\/12\/808x539_cmsv2_bf3acd88-3140-5f03-81a4-0b21494146fd-8785764-300x200.webp 300w, https:\/\/www.vita-explorers.dk\/blog\/wp-content\/uploads\/2025\/12\/808x539_cmsv2_bf3acd88-3140-5f03-81a4-0b21494146fd-8785764-768x512.webp 768w, https:\/\/www.vita-explorers.dk\/blog\/wp-content\/uploads\/2025\/12\/808x539_cmsv2_bf3acd88-3140-5f03-81a4-0b21494146fd-8785764.webp 808w\" sizes=\"(max-width: 300px) 100vw, 300px\" \/><\/a><\/p>\n<p>\u00a0<\/p>\n<h2 id=\"definition-sspt-humanitaire\" style=\"text-align: justify;\">Forst\u00e5 posttraumatisk stress i en humanit\u00e6r kontekst<\/h2>\n<p style=\"text-align: justify;\">F\u00f8r vi taler om ophold og arbejde i felten, giver det mening at afklare, hvad posttraumatisk stress egentlig er. Det handler ikke om almindelig stress fra hverdags pres, tr\u00e6thed eller det at skifte land. Posttraumatisk stress kan opst\u00e5 efter \u00e9n eller flere h\u00e6ndelser, der opleves som ekstremt truende, chokerende eller smertefulde. H\u00e6ndelserne overstiger personens normale evne til at h\u00e5ndtere situationen \u2013 ogs\u00e5 selv om man udadtil \u201cholder sammen p\u00e5 sig selv\u201d i \u00f8jeblikket.<\/p>\n<h3 style=\"text-align: justify;\"><span style=\"color: #800080;\"><strong>Hvad er PTSD (posttraumatisk stresslidelse)?<\/strong><\/span><\/h3>\n<p style=\"text-align: justify;\">PTSD (posttraumatisk stresslidelse) d\u00e6kker over en r\u00e6kke symptomer, der kan opst\u00e5 efter en traumatisk oplevelse. Det kan fx v\u00e6re billeder, der dukker op uden varsel, mareridt, konstant alarmberedskab eller en vedvarende f\u00f8lelse af fare. Nogle undg\u00e5r bestemte steder, samtaler eller minder, fordi alt kan trigge det, de har oplevet. Man kan ogs\u00e5 f\u00f8le sig distanceret fra andre, have sv\u00e6rt ved at koncentrere sig eller opleve skyldf\u00f8lelse over at have klaret sig, mens andre har lidt mere.<\/p>\n<p style=\"text-align: justify;\">De reaktioner er ikke et tegn p\u00e5 svaghed. Tv\u00e6rtimod viser de, hvor voldsomt indtrykket har v\u00e6ret. I starten er det normalt at f\u00f8le chok, sorg, vrede eller frygt. Men hvis symptomerne bliver ved, tiltager eller g\u00f8r det sv\u00e6rt at leve en god hverdag, er det vigtigt at tage det alvorligt som en mulig <strong>traumereaktion<\/strong> og s\u00f8ge passende st\u00f8tte.<\/p>\n<h3 style=\"text-align: justify;\"><span style=\"color: #800080;\"><strong>Hvorfor er en humanit\u00e6r kontekst s\u00e6rlig?<\/strong><\/span><\/h3>\n<p style=\"text-align: justify;\">P\u00e5 et ophold arbejder deltagere og fagpersoner ofte i omgivelser, der ligger langt fra det, de kender. De kan blive m\u00f8dt af situationer, de ellers kun har set i medierne: <a href=\"https:\/\/www.vita-explorers.dk\/blog\/kampen-mod-undern\u00e6ring-hos-b\u00f8rn\/\" target=\"_blank\" rel=\"noopener\">b\u00f8rn i alvorlig n\u00f8d<\/a>, familier uden adgang til sundhed, mennesker p\u00e5 flugt, naturkatastrofer eller vold. Og det er ikke altid enkeltst\u00e5ende episoder. Nogle gange gentager m\u00f8det med lidelse sig dag efter dag, hvilket kan g\u00f8re den f\u00f8lelsesm\u00e6ssige belastning st\u00e6rkere.<\/p>\n<p style=\"text-align: justify;\">Derudover samler humanit\u00e6rt arbejde flere stresskilder p\u00e5 \u00e9n gang: ansvar over for mennesker, man hj\u00e6lper, pres i forhold til projektm\u00e5l, afstand til familie og venner, sprog- og kulturbarrierer \u2013 og nogle gange en f\u00f8lelse af afmagt over for behov, der virker uendelige. Man kan alts\u00e5 godt f\u00f8le sig nyttig og samtidig blive overv\u00e6ldet. Den kombination \u00f8ger risikoen for <strong>posttraumatisk stress i humanit\u00e6rt arbejde<\/strong> og andre former for psykisk belastning.<\/p>\n<p style=\"text-align: justify;\">Endelig kan hj\u00e6lperrollen g\u00f8re det sv\u00e6rere at erkende sine egne gr\u00e6nser. Mange, der engagerer sig, forbinder sig selv med evnen til at hj\u00e6lpe andre. At sige h\u00f8jt, at man har det sv\u00e6rt, sover d\u00e5rligt eller har brug for at tale med nogen, kan derfor f\u00f8les modstridende. Men at passe p\u00e5 sin mentale sundhed er ikke en luksus \u2013 det er en foruds\u00e6tning for at kunne engagere sig over tid uden at br\u00e6nde ud.<\/p>\n<h3 style=\"text-align: justify;\"><span style=\"color: #800080;\"><strong>Almindelig stress, akut stress og posttraumatisk stress<\/strong><\/span><\/h3>\n<p style=\"text-align: justify;\">Det er ogs\u00e5 vigtigt at skelne mellem forskellige niveauer af stress. F\u00f8rst og fremmest er en vis stress normal, n\u00e5r man skifter land, sprog og rammer. Tilpasningsstress kan vise sig som tr\u00e6thed, irritabilitet eller perioder med modl\u00f8shed, men det aftager typisk, n\u00e5r man falder mere til. Efter en s\u00e6rlig chokerende h\u00e6ndelse kan der dern\u00e6st opst\u00e5 akut stress: man sover d\u00e5rligt, er p\u00e5 kanten eller gennemspiller det, der skete, igen og igen. De umiddelbare reaktioner betyder ikke n\u00f8dvendigvis, at man udvikler PTSD.<\/p>\n<p style=\"text-align: justify;\"><strong>Posttraumatisk stress<\/strong> handler snarere om, at symptomerne bliver ved over tid \u2013 ud over nogle f\u00e5 uger \u2013 og p\u00e5virker hverdagen m\u00e6rkbart, fx arbejde, relationer eller generelt trivsel. N\u00e5r man forst\u00e5r forskellen, bliver det lettere at holde \u00f8je med egne reaktioner, tale om dem tidligere og om n\u00f8dvendigt s\u00f8ge hj\u00e6lp, f\u00f8r det s\u00e6tter sig fast.<\/p>\n<h2 style=\"text-align: justify;\"><\/h2>\n<p><a href=\"https:\/\/www.vita-explorers.dk\/blog\/wp-content\/uploads\/2016\/09\/Mission-humanitaire-dans-un-orphelinat-Globalong.jpg\"><img loading=\"lazy\" decoding=\"async\" class=\"size-medium wp-image-5426 aligncenter\" src=\"https:\/\/www.vita-explorers.dk\/blog\/wp-content\/uploads\/2016\/09\/Mission-humanitaire-dans-un-orphelinat-Globalong-225x300.jpg\" alt=\"Mission de b\u00e9n\u00e9volat avec Globalong en Asie\" width=\"225\" height=\"300\" srcset=\"https:\/\/www.vita-explorers.dk\/blog\/wp-content\/uploads\/2016\/09\/Mission-humanitaire-dans-un-orphelinat-Globalong-225x300.jpg 225w, https:\/\/www.vita-explorers.dk\/blog\/wp-content\/uploads\/2016\/09\/Mission-humanitaire-dans-un-orphelinat-Globalong.jpg 768w, https:\/\/www.vita-explorers.dk\/blog\/wp-content\/uploads\/2016\/09\/Mission-humanitaire-dans-un-orphelinat-Globalong-113x150.jpg 113w\" sizes=\"(max-width: 225px) 100vw, 225px\" \/><\/a><\/p>\n<p>\u00a0<\/p>\n<h2 id=\"facteurs-exposition-volontaires\" style=\"text-align: justify;\">Faktorer, der \u00f8ger risikoen for traumer for deltagere og fagpersoner<\/h2>\n<p style=\"text-align: justify;\">I felten kan mange forhold \u00f8ge s\u00e5rbarheden over for <strong>posttraumatisk stress i humanit\u00e6rt arbejde<\/strong>. Selv med h\u00f8j motivation kan gentagne sv\u00e6re indtryk udfordre den f\u00f8lelsesm\u00e6ssige balance. N\u00e5r man kender risikofaktorerne, bliver det lettere at forberede sig, justere sine vaner og mindske risikoen for psykiske traumer.<\/p>\n<h3 style=\"text-align: justify;\"><span style=\"color: #800080;\"><strong>M\u00f8det med vold eller farlige situationer<\/strong><\/span><\/h3>\n<p style=\"text-align: justify;\">Nogle deltagere og fagpersoner befinder sig i sammenh\u00e6nge, hvor direkte eller indirekte vold er en del af hverdagen. Det kan v\u00e6re lokale sp\u00e6ndinger, overfald, sikkerhedsrisici eller episoder med vold i hjemmet. Ogs\u00e5 n\u00e5r man ikke selv er i direkte fare, kan det at v\u00e6re vidne til s\u00e5danne situationer skabe <strong>intens stress<\/strong> og bidrage til udviklingen af <strong>psykiske traumer<\/strong>. Den type eksponering er blandt de hyppigste triggere for mulig <strong>posttraumatisk stress i humanit\u00e6rt arbejde<\/strong>.<\/p>\n<h3 style=\"text-align: justify;\"><span style=\"color: #800080;\"><strong>Eksponering for sygdom, lidelse og d\u00f8d<\/strong><\/span><\/h3>\n<p style=\"text-align: justify;\">I nogle forl\u00f8b arbejder man t\u00e6t p\u00e5 mennesker, der er syge, s\u00e5rede, s\u00e5rbare eller d\u00f8ende. At se lidelse hver dag \u2013 eller st\u00e5 i en akut sundhedssituation \u2013 kan skabe et stort f\u00f8lelsesm\u00e6ssigt pres. Over tid kan det f\u00f8re til <strong>empatitr\u00e6thed<\/strong>, som \u00f8ger risikoen for <strong>posttraumatisk stress<\/strong> og andre reaktioner som hypervigilans eller vedvarende uro.<\/p>\n<h3 style=\"text-align: justify;\"><strong><span style=\"color: #800080;\">Ekstrem fattigdom og kulturchok<\/span><\/strong><\/h3>\n<p style=\"text-align: justify;\">At komme til et sted pr\u00e6get af fattigdom, manglende infrastruktur eller begr\u00e6nset adgang til basale behov kan v\u00e6re et dybt chok. Kontrasten mellem levevilk\u00e5rene i v\u00e6rtslandet og dem, man kender hjemmefra, kan v\u00e6kke en f\u00f8lelse af uretf\u00e6rdighed eller afmagt. Den forskel \u2013 kombineret med \u00f8nsket om at hj\u00e6lpe \u2013 kan \u00f8ge s\u00e5rbarheden over for <strong>posttraumatisk stress i humanit\u00e6rt arbejde<\/strong>. Et kraftigt <a href=\"https:\/\/www.vita-explorers.dk\/blog\/kulturchok-frivilligt-ophold\/\" target=\"_blank\" rel=\"noopener\">kulturchok<\/a> kan ogs\u00e5 forst\u00e6rke f\u00f8lelsesreaktioner og g\u00f8re det sv\u00e6rere at bevare overblikket.<\/p>\n<h3 style=\"text-align: justify;\"><span style=\"color: #800080;\"><strong>F\u00f8lelsesm\u00e6ssigt pres og oplevet ansvar<\/strong><\/span><\/h3>\n<p style=\"text-align: justify;\">Mange f\u00f8ler et st\u00e6rkt personligt ansvar for de mennesker, de er t\u00e6t p\u00e5. Det engagement kan v\u00e6re meget meningsfuldt, men kan ogs\u00e5 skabe et stort indre pres. N\u00e5r resultaterne udebliver, eller et projekt m\u00f8der modstand, kan der opst\u00e5 en f\u00f8lelse af nederlag. Den vedvarende belastning kan f\u00f8re til ophobet stress og p\u00e5 l\u00e6ngere sigt bidrage til <strong>posttraumatisk stress<\/strong> eller en dyb mental tr\u00e6thed.<\/p>\n<h3 style=\"text-align: justify;\"><span style=\"color: #800080;\"><strong>Isolation, tr\u00e6thed og sv\u00e6re levevilk\u00e5r<\/strong><\/span><\/h3>\n<p style=\"text-align: justify;\">Afstand til familie og netv\u00e6rk, sprogbarrierer, manglende rutiner eller enkle materielle forhold kan mindske evnen til at omstille sig. N\u00e5r fysisk tr\u00e6thed kombineres med et h\u00f8jt tempo, falder den f\u00f8lelsesm\u00e6ssige robusthed. Hvis udmattelsen tager over, bliver stressreaktioner ofte st\u00e6rkere og hurtigere, hvilket kan \u00f8ge risikoen for <strong>posttraumatisk stress i humanit\u00e6rt arbejde<\/strong> og andre traumereaktioner.<\/p>\n<p style=\"text-align: justify;\">N\u00e5r man kan genkende disse eksponeringsfaktorer, f\u00e5r man nogle vigtige pejlem\u00e6rker til at forst\u00e5, hvordan <strong>psykiske traumer<\/strong> kan opst\u00e5 under et ophold \u2013 og hvordan man kan forebygge, at reaktionerne bliver for dominerende.<\/p>\n<h2 style=\"text-align: justify;\"><\/h2>\n<p><a href=\"https:\/\/www.vita-explorers.dk\/blog\/wp-content\/uploads\/2016\/11\/Programme-reconstruction-au-Nepal-avec-Globalong.jpg\"><img loading=\"lazy\" decoding=\"async\" class=\"size-medium wp-image-5757 aligncenter\" src=\"https:\/\/www.vita-explorers.dk\/blog\/wp-content\/uploads\/2016\/11\/Programme-reconstruction-au-Nepal-avec-Globalong-300x169.jpg\" alt=\"Reconstruction au N\u00e9pal - GlobAlong\" width=\"300\" height=\"169\" srcset=\"https:\/\/www.vita-explorers.dk\/blog\/wp-content\/uploads\/2016\/11\/Programme-reconstruction-au-Nepal-avec-Globalong-300x169.jpg 300w, https:\/\/www.vita-explorers.dk\/blog\/wp-content\/uploads\/2016\/11\/Programme-reconstruction-au-Nepal-avec-Globalong-768x432.jpg 768w, https:\/\/www.vita-explorers.dk\/blog\/wp-content\/uploads\/2016\/11\/Programme-reconstruction-au-Nepal-avec-Globalong-150x84.jpg 150w, https:\/\/www.vita-explorers.dk\/blog\/wp-content\/uploads\/2016\/11\/Programme-reconstruction-au-Nepal-avec-Globalong.jpg 974w\" sizes=\"(max-width: 300px) 100vw, 300px\" \/><\/a><\/p>\n<p>\u00a0<\/p>\n<h2 id=\"signes-prevention-sspt\" style=\"text-align: justify;\">Tegn, konsekvenser og forebyggelse af posttraumatisk stress i humanit\u00e6rt arbejde<\/h2>\n<p style=\"text-align: justify;\">N\u00e5r man kan genkende tegnene p\u00e5 <strong>posttraumatisk stress i humanit\u00e6rt arbejde<\/strong>, kan man reagere tidligere og mindske risikoen for, at belastningen s\u00e6tter sig fast. Deltagere og fagpersoner kan reagere meget forskelligt afh\u00e6ngigt af personlighed, livserfaring og hvad de har m\u00f8dt i felten. Alligevel g\u00e5r nogle symptomer ofte igen og fortjener s\u00e6rlig opm\u00e6rksomhed.<\/p>\n<h3 style=\"text-align: justify;\"><span style=\"color: #800080;\"><strong>De f\u00f8rste tegn p\u00e5 psykiske traumer<\/strong><\/span><\/h3>\n<p style=\"text-align: justify;\">Tidlige symptomer kan v\u00e6re s\u00f8vnproblemer, us\u00e6dvanlig irritabilitet, p\u00e5tr\u00e6ngende tanker eller \u00f8get f\u00f8lelsesm\u00e6ssig s\u00e5rbarhed. Nogle genoplever sv\u00e6re scener \u2013 som flashbacks eller mareridt. Andre undg\u00e5r alt, der minder om opholdet: samtaler, billeder, steder eller endda bestemte lyde. Reaktionerne kan komme i dagene eller ugerne efter de belastende h\u00e6ndelser.<\/p>\n<h3 style=\"text-align: justify;\"><strong><span style=\"color: #800080;\">Forskellen p\u00e5 almindelig stress og posttraumatisk stress i humanit\u00e6rt arbejde<\/span><\/strong><\/h3>\n<p style=\"text-align: justify;\">Det er afg\u00f8rende at skelne mellem tilpasningsstress \u2013 som er almindeligt i nye omgivelser \u2013 og <strong>posttraumatisk stress i humanit\u00e6rt arbejde<\/strong>, som kendetegnes ved vedvarende og indgribende symptomer. Almindelig stress aftager typisk, n\u00e5r man finder rytmen. Men ved psykiske traumer kan f\u00f8lelsen af fare blive ved, ogs\u00e5 i trygge omgivelser. F\u00f8lelserne bliver st\u00e6rkere, tankerne tungere, og reaktionerne kan f\u00f8les ude af proportion med hverdagens situationer.<\/p>\n<h3 style=\"text-align: justify;\"><span style=\"color: #800080;\"><strong>F\u00f8lelsesm\u00e6ssige og fysiske konsekvenser af traumer<\/strong><\/span><\/h3>\n<p style=\"text-align: justify;\">Hvis <strong>posttraumatisk stress<\/strong> ikke bliver opdaget i tide, kan det f\u00e5 mange konsekvenser: vedvarende angst, kronisk tr\u00e6thed, koncentrationsbesv\u00e6r, social tilbagetr\u00e6kning, lavere selvv\u00e6rd eller mindre lyst til aktiviteter, man normalt holder af. Nogle oplever ogs\u00e5 skyldf\u00f8lelse \u2013 ofte i m\u00f8det mellem oplevelserne i felten og hverdagen efter hjemkomst. Kroppen kan reagere med muskelsp\u00e6ndinger, hjertebanken eller hovedpine.<\/p>\n<h3 style=\"text-align: justify;\"><span style=\"color: #800080;\"><strong>S\u00e5dan forebygger du posttraumatisk stress f\u00f8r, under og efter opholdet<\/strong><\/span><\/h3>\n<p style=\"text-align: justify;\">Forebyggelse spiller en central rolle i at mindske risikoen. F\u00f8r afrejse er det en hj\u00e6lp at forberede sig mentalt, f\u00e5 realistisk viden om den lokale kontekst og s\u00e6tte ord p\u00e5 eventuelle bekymringer. Under opholdet er det vigtigt at holde pauser, dele oplevelser med andre og s\u00f8ge st\u00f8tte, n\u00e5r f\u00f8lelserne bliver for tunge. Efter hjemkomst er der brug for tid til at lande, bearbejde erfaringerne og genfinde en f\u00f8lelsesm\u00e6ssig balance.<\/p>\n<ul style=\"padding-left: 18px; text-align: justify;\">\n<li>V\u00e6r opm\u00e6rksom p\u00e5 dine egne gr\u00e6nser og accepter, at du ikke kan rumme alt alene.<\/li>\n<li>Hold regelm\u00e6ssige pauser for at forebygge empatitr\u00e6thed.<\/li>\n<li>Hold kontakt med n\u00e6re relationer, der kan give st\u00f8tte og perspektiv.<\/li>\n<li>Brug beroligende aktiviteter: g\u00e5ture, vejrtr\u00e6kning, skrivning, musik.<\/li>\n<li>S\u00f8g psykologisk st\u00f8tte, hvis f\u00f8lelserne bliver for dominerende.<\/li>\n<\/ul>\n<h3 style=\"text-align: justify;\"><span style=\"color: #800080;\"><strong>Erfaring: at blive ramt af et f\u00f8lelsesm\u00e6ssigt chok under et ophold<\/strong><\/span><\/h3>\n<blockquote>\n<p style=\"text-align: justify;\">\u00ab Under mit ophold blev jeg dybt p\u00e5virket af en uventet situation. I flere dage bar jeg p\u00e5 en intens f\u00f8lelse, som jeg ikke kunne f\u00e5 ud af kroppen. Jeg sov d\u00e5rligt og opdagede, at jeg igen og igen t\u00e6nkte p\u00e5 det, jeg havde set. Da jeg talte med en kollega, forstod jeg, at reaktionerne var normale i forhold til det, jeg havde v\u00e6ret igennem. St\u00f8tten gjorde, at jeg kunne f\u00e5 lidt afstand og komme igennem perioden uden at f\u00f8le mig alene. \u00bb<\/p>\n<\/blockquote>\n<p style=\"text-align: justify;\">Den slags oplevelser viser, hvor vigtigt det er at genkende tegn p\u00e5 psykiske traumer og ikke bagatellisere p\u00e5virkningen. Tidlig st\u00f8tte kan i praksis forhindre, at <strong>posttraumatisk stress i humanit\u00e6rt arbejde<\/strong> udvikler sig og s\u00e6tter sig fast.<\/p>\n<p>\u00a0<\/p>\n<h2 id=\"accompagnement-retour-ressources\" style=\"text-align: justify;\">St\u00f8tte, hjemkomst og nyttige ressourcer<\/h2>\n<p style=\"text-align: justify;\">Efter en intens periode i felten er det vigtigt at give sig selv tid til at forst\u00e5, hvad man har v\u00e6ret igennem. Hjemkomsten kan nogle gange v\u00e6kke eller forst\u00e6rke f\u00f8lelser. Ogs\u00e5 n\u00e5r opholdet samlet set har v\u00e6ret godt, kan overgangen til en roligere hverdag bringe minder eller nye sp\u00f8rgsm\u00e5l frem. I nogle tilf\u00e6lde h\u00e6nger reaktionerne sammen med <strong>posttraumatisk stress i humanit\u00e6rt arbejde<\/strong>, som endnu ikke har vist sig tydeligt. Med den rette st\u00f8tte kan man komme roligt igennem den fase.<\/p>\n<h3 style=\"text-align: justify;\"><span style=\"color: #800080;\"><strong>At s\u00f8ge hj\u00e6lp: et vigtigt skridt ved psykiske traumer<\/strong><\/span><\/h3>\n<p style=\"text-align: justify;\">Hvis en deltager eller fagperson oplever vedvarende symptomer \u2013 angst, flashbacks, mareridt, undg\u00e5else eller ekstrem tr\u00e6thed \u2013 er det vigtigt at tale med en professionel. Psykologer, l\u00e6ger eller specialiserede tilbud inden for psykologisk krisest\u00f8tte kan hj\u00e6lpe med relevante redskaber. At tage sine behov alvorligt er ikke et tegn p\u00e5 skr\u00f8belighed \u2013 det er tv\u00e6rtimod udtryk for modenhed og ansvarlighed i m\u00f8det med en mulig form for <strong>posttraumatisk stress<\/strong>.<\/p>\n<h3 style=\"text-align: justify;\"><span style=\"color: #800080;\"><strong>Hvad et debriefing-forl\u00f8b kan betyde efter et humanit\u00e6rt ophold<\/strong><\/span><\/h3>\n<p style=\"text-align: justify;\">Et debriefing-forl\u00f8b \u2013 enten kort efter eller lidt senere \u2013 kan hj\u00e6lpe med at s\u00e6tte ord p\u00e5 sv\u00e6re oplevelser. Samtalen kan g\u00f8re f\u00f8lelserne mere forst\u00e5elige, tydeligg\u00f8re det, der har gjort indtryk, og skabe bedre orden i det indre kaos. Det er et v\u00e6rdifuldt redskab til at d\u00e6mpe reaktioner knyttet til <strong>psykiske traumer<\/strong>, forebygge skyldf\u00f8lelse og st\u00f8tte overgangen tilbage til hverdagen.<\/p>\n<h3 style=\"text-align: justify;\"><span style=\"color: #800080;\"><strong>Nyttige ressourcer, hvis du vil forst\u00e5 posttraumatisk stress i humanit\u00e6rt arbejde bedre<\/strong><\/span><\/h3>\n<p style=\"text-align: justify;\">Hvis du vil dykke dybere ned i emnet, findes der mange muligheder: psykologsamtaler, informationsplatforme om traumer, fagb\u00f8ger eller samtalegrupper. Ressourcerne kan hj\u00e6lpe med at forst\u00e5, hvordan <strong>posttraumatisk stress i humanit\u00e6rt arbejde<\/strong> fungerer, hvilke tegn man skal holde \u00f8je med, og hvilke l\u00f8sninger der passer til den enkelte.<\/p>\n<h2><\/h2>\n<p><a href=\"https:\/\/www.vita-explorers.dk\/blog\/wp-content\/uploads\/2019\/12\/Chantier-de-reconstruction-au-Nepal-globalong-e1576827197652.jpg\"><img loading=\"lazy\" decoding=\"async\" class=\"size-medium wp-image-13121 aligncenter\" src=\"https:\/\/www.vita-explorers.dk\/blog\/wp-content\/uploads\/2019\/12\/Chantier-de-reconstruction-au-Nepal-globalong-300x169.jpg\" alt=\"Chantier solidaire\" width=\"300\" height=\"169\" \/><\/a><\/p>\n<p>\u00a0<\/p>\n<h2 id=\"faq-stress-post-traumatique-humanitaire\" style=\"text-align: justify;\">Ofte stillede sp\u00f8rgsm\u00e5l om posttraumatisk stress i humanit\u00e6rt arbejde<\/h2>\n<h3 style=\"text-align: justify;\"><strong>Opst\u00e5r posttraumatisk stress med det samme efter opholdet?<\/strong><\/h3>\n<p style=\"text-align: justify;\">Ikke altid. Nogle m\u00e6rker symptomer allerede de f\u00f8rste dage, mens andre f\u00f8rst reagerer efter hjemkomst. Psykiske traumer kan nogle gange bruge tid p\u00e5 at vise sig.<\/p>\n<h3 style=\"text-align: justify;\"><strong>Kan man forebygge posttraumatisk stress i humanit\u00e6rt arbejde?<\/strong><\/h3>\n<p style=\"text-align: justify;\">Ja. God mental forberedelse, faste pauser og opf\u00f8lgning efter opholdet kan mindske risikoen. At dele oplevelser med andre kan ogs\u00e5 forebygge, at belastningen hober sig op.<\/p>\n<h3 style=\"text-align: justify;\">G\u00e6lder PTSD kun akutte n\u00f8dsituationer?<\/h3>\n<p style=\"text-align: justify;\">Nej. <strong>Posttraumatisk stress<\/strong> kan ramme mennesker i alle typer indsatser: sociale, p\u00e6dagogiske, sundhedsfaglige, milj\u00f8- eller lokalsamfundsorienterede projekter. Nogle gange er det en enkelt situation med stor f\u00f8lelsesm\u00e6ssig intensitet, der kan udl\u00f8se en traumereaktion.<\/p>\n<h3 style=\"text-align: justify;\">Hvorn\u00e5r b\u00f8r man kontakte en fagperson?<\/h3>\n<p style=\"text-align: justify;\">Det anbefales at s\u00f8ge hj\u00e6lp, hvis symptomerne varer i flere uger, bliver v\u00e6rre, forstyrrer s\u00f8vnen, p\u00e5virker hverdagen eller giver betydelig mistrivsel. Tidlig st\u00f8tte kan g\u00f8re en stor forskel for bedring.<\/p>\n<h2><\/h2>\n<h2 id=\"conclusion\" style=\"text-align: justify;\">Konklusion<\/h2>\n<p style=\"text-align: justify;\"><strong>Posttraumatisk stress i humanit\u00e6rt arbejde<\/strong> er ikke en uundg\u00e5elig konsekvens, men det er en reel risiko for deltagere og fagpersoner, der m\u00f8der lidelse, usikre livsvilk\u00e5r eller vold. N\u00e5r man forst\u00e5r traumemekanismerne, genkender advarselstegn og s\u00f8ger st\u00f8tte p\u00e5 det rigtige tidspunkt, kan man passe bedre p\u00e5 sin mentale sundhed og engagere sig p\u00e5 en m\u00e5de, der er langtidsholdbar, menneskelig og ansvarlig.<\/p>\n<p><script type=\"application\/ld+json\">\n{\n  \"@context\": \"https:\/\/schema.org\",\n  \"@type\": \"FAQPage\",\n  \"mainEntity\": [\n    {\n      \"@type\": \"Question\",\n      \"name\": \"Opst\u00e5r posttraumatisk stress med det samme efter opholdet?\",\n      \"acceptedAnswer\": {\n        \"@type\": \"Answer\",\n        \"text\": \"Ikke altid. Nogle m\u00e6rker symptomer allerede de f\u00f8rste dage, mens andre f\u00f8rst reagerer efter hjemkomst. Psykiske traumer kan nogle gange bruge tid p\u00e5 at vise sig.\"\n      }\n    },\n    {\n      \"@type\": \"Question\",\n      \"name\": \"Kan man forebygge posttraumatisk stress i humanit\u00e6rt arbejde?\",\n      \"acceptedAnswer\": {\n        \"@type\": \"Answer\",\n        \"text\": \"Ja. God mental forberedelse, faste pauser og opf\u00f8lgning efter opholdet kan mindske risikoen. At dele oplevelser med andre kan ogs\u00e5 forebygge, at belastningen hober sig op.\"\n      }\n    },\n    {\n      \"@type\": \"Question\",\n      \"name\": \"G\u00e6lder PTSD kun akutte n\u00f8dsituationer?\",\n      \"acceptedAnswer\": {\n        \"@type\": \"Answer\",\n        \"text\": \"Nej. Posttraumatisk stress kan ramme mennesker i alle typer indsatser, uanset om de er sociale, p\u00e6dagogiske, sundhedsfaglige eller lokalsamfundsorienterede.\"\n      }\n    },\n    {\n      \"@type\": \"Question\",\n      \"name\": \"Hvorn\u00e5r b\u00f8r man kontakte en fagperson?\",\n      \"acceptedAnswer\": {\n        \"@type\": \"Answer\",\n        \"text\": \"Det anbefales at s\u00f8ge hj\u00e6lp, hvis symptomerne varer i flere uger, bliver v\u00e6rre eller forstyrrer hverdagen markant. Tidlig st\u00f8tte kan fremme bedring.\"\n      }\n    }\n  ]\n}\n<\/script><\/p>\n<h3 id=\"contact\" style=\"text-align: center;\">Klar til n\u00e6ste skridt?<\/h3>\n<p style=\"text-align: center;\"><a href=\"https:\/\/www.vita-explorers.dk\/#tel-contact-form-glob\" target=\"_blank\" rel=\"noopener\">Jeg vil gerne s\u00e6ttes i kontakt<\/a><\/p>\n<p class=\"muted\" style=\"text-align: center;\">\u00a9 VITA Institute \u2014 ressourcer til ansvarlige internationale forl\u00f8b.<\/p>\n<p class=\"p4\" style=\"text-align: center;\"><b>Hvis du vil h\u00f8re mere, er du velkommen til at kontakte os p\u00e5 <\/b><a href=\"mailto:info@globalong.com\"><span class=\"s2\"><b>info@globalong.com<\/b><\/span><\/a><\/p>\n<p><!-- BLOC R\u00c9SEAUX SOCIAUX GLOBALONG --><\/p>\n<div style=\"margin: 40px 0; padding: 25px; background: #f9f5f4; border-left: 4px solid #ba372a; border-radius: 6px; max-width: 850px; margin-left: auto; margin-right: auto;\">\n<h3 style=\"margin-top: 0; color: #ba372a; font-size: 20px; text-align: center; line-height: 1.4;\">???? Bliv en del af VITA community!<\/h3>\n<p style=\"font-size: 16px; line-height: 1.6; margin-bottom: 25px; text-align: center;\">F\u00e5 indblik i projekter, f\u00f8lg hverdagen for vores medlemmer i udlandet og find brugbare r\u00e5d til at forberede dit internationale ophold, studiepraktik eller sprogophold.<\/p>\n<div style=\"text-align: center; display: flex; flex-wrap: wrap; gap: 10px; justify-content: center;\"><a style=\"flex: 0 1 140px; padding: 10px 15px; background: #ba372a; color: #fff; text-decoration: none; border-radius: 4px; font-weight: bold; font-size: 14px; text-align: center;\" href=\"https:\/\/www.instagram.com\/globalongofficiel\" target=\"_blank\" rel=\"noopener\"><br \/>\n???? Instagram<br \/>\n<\/a><br \/>\n<a style=\"flex: 0 1 140px; padding: 10px 15px; background: #000; color: #fff; text-decoration: none; border-radius: 4px; font-weight: bold; font-size: 14px; text-align: center;\" href=\"https:\/\/www.tiktok.com\/@globalong\" target=\"_blank\" rel=\"noopener\"><br \/>\n???? TikTok<br \/>\n<\/a><br \/>\n<a style=\"flex: 0 1 140px; padding: 10px 15px; background: #1877F2; color: #fff; text-decoration: none; border-radius: 4px; font-weight: bold; font-size: 14px; text-align: center;\" href=\"https:\/\/www.facebook.com\/globalong\" target=\"_blank\" rel=\"noopener\"><br \/>\n???? Facebook<br \/>\n<\/a><br \/>\n<a style=\"flex: 0 1 140px; padding: 10px 15px; background: #0077B5; color: #fff; text-decoration: none; border-radius: 4px; font-weight: bold; font-size: 14px; text-align: center;\" href=\"https:\/\/www.linkedin.com\/company\/globalong\" target=\"_blank\" rel=\"noopener\"><br \/>\n???? LinkedIn<br \/>\n<\/a><br \/>\n<a style=\"flex: 0 1 140px; padding: 10px 15px; background: #ff0000; color: #fff; text-decoration: none; border-radius: 4px; font-weight: bold; font-size: 14px; text-align: center;\" href=\"https:\/\/www.youtube.com\/c\/globalong\" target=\"_blank\" rel=\"noopener\"><br \/>\n\u25b6\ufe0f YouTube<br \/>\n<\/a><\/div>\n<\/div>\n","protected":false},"excerpt":{"rendered":"<p>PTSD og posttraumatisk stress p\u00e5 et humanit\u00e6rt ophold: forst\u00e5 de psykiske risici og pas p\u00e5 din mentale sundhed Flere og flere engagerer sig i\u2026<\/p>\n","protected":false},"author":7,"featured_media":22806,"comment_status":"open","ping_status":"open","sticky":false,"template":"","format":"standard","meta":{"footnotes":""},"categories":[8,472],"tags":[],"yoast_head":"<!-- This site is optimized with the Yoast SEO Premium plugin v23.4 (Yoast SEO v23.4) - https:\/\/yoast.com\/wordpress\/plugins\/seo\/ -->\n<title>Humanit\u00e6r PTSD: risici og konsekvenser<\/title>\n<meta name=\"description\" content=\"Quels risques pour la sant\u00e9 mentale en mission ? Comprendre le stress post-traumatique humanitaire et les outils pour mieux s\u2019en prot\u00e9ger.\" \/>\n<meta name=\"robots\" content=\"index, follow, max-snippet:-1, max-image-preview:large, max-video-preview:-1\" \/>\n<link rel=\"canonical\" href=\"https:\/\/www.vita-explorers.dk\/blog\/traumatisk-stress-i-humanitaert-arbejde\/\" \/>\n<meta property=\"og:locale\" content=\"da_DK\" \/>\n<meta property=\"og:type\" content=\"article\" \/>\n<meta property=\"og:title\" content=\"Posttraumatisk stress under humanit\u00e6re ophold: forst\u00e5 de psykologiske risici og beskyt din mentale sundhed\" \/>\n<meta property=\"og:description\" content=\"Quels risques pour la sant\u00e9 mentale en mission ? Comprendre le stress post-traumatique humanitaire et les outils pour mieux s\u2019en prot\u00e9ger.\" \/>\n<meta property=\"og:url\" content=\"https:\/\/www.vita-explorers.dk\/blog\/traumatisk-stress-i-humanitaert-arbejde\/\" \/>\n<meta property=\"og:site_name\" content=\"VITA Explorers Blog\" \/>\n<meta property=\"article:publisher\" content=\"https:\/\/www.facebook.com\/globalong\" \/>\n<meta property=\"article:published_time\" content=\"2025-12-10T11:23:18+00:00\" \/>\n<meta property=\"article:modified_time\" content=\"2025-12-11T14:56:27+00:00\" \/>\n<meta property=\"og:image\" content=\"https:\/\/www.vita-explorers.dk\/blog\/wp-content\/uploads\/2025\/12\/unr-msw-why-is-mental-health-important-to-social-work-image.jpg\" \/>\n\t<meta property=\"og:image:width\" content=\"780\" \/>\n\t<meta property=\"og:image:height\" content=\"520\" \/>\n\t<meta property=\"og:image:type\" content=\"image\/jpeg\" \/>\n<meta name=\"author\" content=\"VITA Tribe\" \/>\n<meta name=\"twitter:card\" content=\"summary_large_image\" \/>\n<meta name=\"twitter:label1\" content=\"Skrevet af\" \/>\n\t<meta name=\"twitter:data1\" content=\"VITA Tribe\" \/>\n\t<meta name=\"twitter:label2\" content=\"Estimeret l\u00e6setid\" \/>\n\t<meta name=\"twitter:data2\" content=\"14 minutter\" \/>\n<script type=\"application\/ld+json\" class=\"yoast-schema-graph\">{\"@context\":\"https:\/\/schema.org\",\"@graph\":[{\"@type\":\"Article\",\"@id\":\"https:\/\/www.vita-explorers.dk\/blog\/traumatisk-stress-i-humanitaert-arbejde\/#article\",\"isPartOf\":{\"@id\":\"https:\/\/www.vita-explorers.dk\/blog\/traumatisk-stress-i-humanitaert-arbejde\/\"},\"author\":{\"name\":\"VITA Tribe\",\"@id\":\"https:\/\/www.vita-explorers.dk\/blog\/#\/schema\/person\/fc0343a2f2db2ebb2793c1f62dbe73f0\"},\"headline\":\"Posttraumatisk stress under humanit\u00e6re ophold: forst\u00e5 de psykologiske risici og beskyt din mentale sundhed\",\"datePublished\":\"2025-12-10T11:23:18+00:00\",\"dateModified\":\"2025-12-11T14:56:27+00:00\",\"mainEntityOfPage\":{\"@id\":\"https:\/\/www.vita-explorers.dk\/blog\/traumatisk-stress-i-humanitaert-arbejde\/\"},\"wordCount\":2602,\"commentCount\":0,\"publisher\":{\"@id\":\"https:\/\/www.vita-explorers.dk\/blog\/#organization\"},\"image\":{\"@id\":\"https:\/\/www.vita-explorers.dk\/blog\/traumatisk-stress-i-humanitaert-arbejde\/#primaryimage\"},\"thumbnailUrl\":\"https:\/\/www.vita-explorers.dk\/blog\/wp-content\/uploads\/2025\/12\/unr-msw-why-is-mental-health-important-to-social-work-image.jpg\",\"articleSection\":[\"Humanit\u00e6rt frivilligt arbejde\",\"Oplysning\"],\"inLanguage\":\"da-DK\",\"potentialAction\":[{\"@type\":\"CommentAction\",\"name\":\"Comment\",\"target\":[\"https:\/\/www.vita-explorers.dk\/blog\/traumatisk-stress-i-humanitaert-arbejde\/#respond\"]}]},{\"@type\":\"WebPage\",\"@id\":\"https:\/\/www.vita-explorers.dk\/blog\/traumatisk-stress-i-humanitaert-arbejde\/\",\"url\":\"https:\/\/www.vita-explorers.dk\/blog\/traumatisk-stress-i-humanitaert-arbejde\/\",\"name\":\"Humanit\u00e6r PTSD: risici og konsekvenser\",\"isPartOf\":{\"@id\":\"https:\/\/www.vita-explorers.dk\/blog\/#website\"},\"primaryImageOfPage\":{\"@id\":\"https:\/\/www.vita-explorers.dk\/blog\/traumatisk-stress-i-humanitaert-arbejde\/#primaryimage\"},\"image\":{\"@id\":\"https:\/\/www.vita-explorers.dk\/blog\/traumatisk-stress-i-humanitaert-arbejde\/#primaryimage\"},\"thumbnailUrl\":\"https:\/\/www.vita-explorers.dk\/blog\/wp-content\/uploads\/2025\/12\/unr-msw-why-is-mental-health-important-to-social-work-image.jpg\",\"datePublished\":\"2025-12-10T11:23:18+00:00\",\"dateModified\":\"2025-12-11T14:56:27+00:00\",\"description\":\"Quels risques pour la sant\u00e9 mentale en mission ? Comprendre le stress post-traumatique humanitaire et les outils pour mieux s\u2019en prot\u00e9ger.\",\"breadcrumb\":{\"@id\":\"https:\/\/www.vita-explorers.dk\/blog\/traumatisk-stress-i-humanitaert-arbejde\/#breadcrumb\"},\"inLanguage\":\"da-DK\",\"potentialAction\":[{\"@type\":\"ReadAction\",\"target\":[\"https:\/\/www.vita-explorers.dk\/blog\/traumatisk-stress-i-humanitaert-arbejde\/\"]}]},{\"@type\":\"ImageObject\",\"inLanguage\":\"da-DK\",\"@id\":\"https:\/\/www.vita-explorers.dk\/blog\/traumatisk-stress-i-humanitaert-arbejde\/#primaryimage\",\"url\":\"https:\/\/www.vita-explorers.dk\/blog\/wp-content\/uploads\/2025\/12\/unr-msw-why-is-mental-health-important-to-social-work-image.jpg\",\"contentUrl\":\"https:\/\/www.vita-explorers.dk\/blog\/wp-content\/uploads\/2025\/12\/unr-msw-why-is-mental-health-important-to-social-work-image.jpg\",\"width\":780,\"height\":520,\"caption\":\"SSPT humanitaire\"},{\"@type\":\"BreadcrumbList\",\"@id\":\"https:\/\/www.vita-explorers.dk\/blog\/traumatisk-stress-i-humanitaert-arbejde\/#breadcrumb\",\"itemListElement\":[{\"@type\":\"ListItem\",\"position\":1,\"name\":\"Accueil\",\"item\":\"https:\/\/www.vita-explorers.dk\/blog\/\"},{\"@type\":\"ListItem\",\"position\":2,\"name\":\"Posttraumatisk stress under humanit\u00e6re ophold: forst\u00e5 de psykologiske risici og beskyt din mentale sundhed\"}]},{\"@type\":\"WebSite\",\"@id\":\"https:\/\/www.vita-explorers.dk\/blog\/#website\",\"url\":\"https:\/\/www.vita-explorers.dk\/blog\/\",\"name\":\"Association Globalong\",\"description\":\"Frivilligt arbejde, sprogophold, praktik i udlandet og internationale oplevelser\",\"publisher\":{\"@id\":\"https:\/\/www.vita-explorers.dk\/blog\/#organization\"},\"potentialAction\":[{\"@type\":\"SearchAction\",\"target\":{\"@type\":\"EntryPoint\",\"urlTemplate\":\"https:\/\/www.vita-explorers.dk\/blog\/?s={search_term_string}\"},\"query-input\":{\"@type\":\"PropertyValueSpecification\",\"valueRequired\":true,\"valueName\":\"search_term_string\"}}],\"inLanguage\":\"da-DK\"},{\"@type\":\"Organization\",\"@id\":\"https:\/\/www.vita-explorers.dk\/blog\/#organization\",\"name\":\"Association Globalong\",\"url\":\"https:\/\/www.vita-explorers.dk\/blog\/\",\"logo\":{\"@type\":\"ImageObject\",\"inLanguage\":\"da-DK\",\"@id\":\"https:\/\/www.vita-explorers.dk\/blog\/#\/schema\/logo\/image\/\",\"url\":\"https:\/\/www.globalong.com\/blog\/wp-content\/uploads\/2014\/11\/cropped-cropped-Logo-et-Afrique-Globalong-petite-taille-2.jpg\",\"contentUrl\":\"https:\/\/www.globalong.com\/blog\/wp-content\/uploads\/2014\/11\/cropped-cropped-Logo-et-Afrique-Globalong-petite-taille-2.jpg\",\"width\":512,\"height\":512,\"caption\":\"Association Globalong\"},\"image\":{\"@id\":\"https:\/\/www.vita-explorers.dk\/blog\/#\/schema\/logo\/image\/\"},\"sameAs\":[\"https:\/\/www.facebook.com\/globalong\"]},{\"@type\":\"Person\",\"@id\":\"https:\/\/www.vita-explorers.dk\/blog\/#\/schema\/person\/fc0343a2f2db2ebb2793c1f62dbe73f0\",\"name\":\"VITA Tribe\",\"image\":{\"@type\":\"ImageObject\",\"inLanguage\":\"da-DK\",\"@id\":\"https:\/\/www.vita-explorers.dk\/blog\/#\/schema\/person\/image\/\",\"url\":\"https:\/\/secure.gravatar.com\/avatar\/f7f05026bb439d0c96b30e135e5f852c?s=96&d=mm&r=g\",\"contentUrl\":\"https:\/\/secure.gravatar.com\/avatar\/f7f05026bb439d0c96b30e135e5f852c?s=96&d=mm&r=g\",\"caption\":\"VITA Tribe\"},\"sameAs\":[\"http:\/\/www.globalong.com\"],\"url\":\"https:\/\/www.vita-explorers.dk\/blog\/author\/teamglobalong\/\"}]}<\/script>\n<!-- \/ Yoast SEO Premium plugin. -->","yoast_head_json":{"title":"Humanit\u00e6r PTSD: risici og konsekvenser","description":"Quels risques pour la sant\u00e9 mentale en mission ? Comprendre le stress post-traumatique humanitaire et les outils pour mieux s\u2019en prot\u00e9ger.","robots":{"index":"index","follow":"follow","max-snippet":"max-snippet:-1","max-image-preview":"max-image-preview:large","max-video-preview":"max-video-preview:-1"},"canonical":"https:\/\/www.vita-explorers.dk\/blog\/traumatisk-stress-i-humanitaert-arbejde\/","og_locale":"da_DK","og_type":"article","og_title":"Posttraumatisk stress under humanit\u00e6re ophold: forst\u00e5 de psykologiske risici og beskyt din mentale sundhed","og_description":"Quels risques pour la sant\u00e9 mentale en mission ? Comprendre le stress post-traumatique humanitaire et les outils pour mieux s\u2019en prot\u00e9ger.","og_url":"https:\/\/www.vita-explorers.dk\/blog\/traumatisk-stress-i-humanitaert-arbejde\/","og_site_name":"VITA Explorers Blog","article_publisher":"https:\/\/www.facebook.com\/globalong","article_published_time":"2025-12-10T11:23:18+00:00","article_modified_time":"2025-12-11T14:56:27+00:00","og_image":[{"width":780,"height":520,"url":"https:\/\/www.vita-explorers.dk\/blog\/wp-content\/uploads\/2025\/12\/unr-msw-why-is-mental-health-important-to-social-work-image.jpg","type":"image\/jpeg"}],"author":"VITA Tribe","twitter_card":"summary_large_image","twitter_misc":{"Skrevet af":"VITA Tribe","Estimeret l\u00e6setid":"14 minutter"},"schema":{"@context":"https:\/\/schema.org","@graph":[{"@type":"Article","@id":"https:\/\/www.vita-explorers.dk\/blog\/traumatisk-stress-i-humanitaert-arbejde\/#article","isPartOf":{"@id":"https:\/\/www.vita-explorers.dk\/blog\/traumatisk-stress-i-humanitaert-arbejde\/"},"author":{"name":"VITA Tribe","@id":"https:\/\/www.vita-explorers.dk\/blog\/#\/schema\/person\/fc0343a2f2db2ebb2793c1f62dbe73f0"},"headline":"Posttraumatisk stress under humanit\u00e6re ophold: forst\u00e5 de psykologiske risici og beskyt din mentale sundhed","datePublished":"2025-12-10T11:23:18+00:00","dateModified":"2025-12-11T14:56:27+00:00","mainEntityOfPage":{"@id":"https:\/\/www.vita-explorers.dk\/blog\/traumatisk-stress-i-humanitaert-arbejde\/"},"wordCount":2602,"commentCount":0,"publisher":{"@id":"https:\/\/www.vita-explorers.dk\/blog\/#organization"},"image":{"@id":"https:\/\/www.vita-explorers.dk\/blog\/traumatisk-stress-i-humanitaert-arbejde\/#primaryimage"},"thumbnailUrl":"https:\/\/www.vita-explorers.dk\/blog\/wp-content\/uploads\/2025\/12\/unr-msw-why-is-mental-health-important-to-social-work-image.jpg","articleSection":["Humanit\u00e6rt frivilligt arbejde","Oplysning"],"inLanguage":"da-DK","potentialAction":[{"@type":"CommentAction","name":"Comment","target":["https:\/\/www.vita-explorers.dk\/blog\/traumatisk-stress-i-humanitaert-arbejde\/#respond"]}]},{"@type":"WebPage","@id":"https:\/\/www.vita-explorers.dk\/blog\/traumatisk-stress-i-humanitaert-arbejde\/","url":"https:\/\/www.vita-explorers.dk\/blog\/traumatisk-stress-i-humanitaert-arbejde\/","name":"Humanit\u00e6r PTSD: risici og konsekvenser","isPartOf":{"@id":"https:\/\/www.vita-explorers.dk\/blog\/#website"},"primaryImageOfPage":{"@id":"https:\/\/www.vita-explorers.dk\/blog\/traumatisk-stress-i-humanitaert-arbejde\/#primaryimage"},"image":{"@id":"https:\/\/www.vita-explorers.dk\/blog\/traumatisk-stress-i-humanitaert-arbejde\/#primaryimage"},"thumbnailUrl":"https:\/\/www.vita-explorers.dk\/blog\/wp-content\/uploads\/2025\/12\/unr-msw-why-is-mental-health-important-to-social-work-image.jpg","datePublished":"2025-12-10T11:23:18+00:00","dateModified":"2025-12-11T14:56:27+00:00","description":"Quels risques pour la sant\u00e9 mentale en mission ? Comprendre le stress post-traumatique humanitaire et les outils pour mieux s\u2019en prot\u00e9ger.","breadcrumb":{"@id":"https:\/\/www.vita-explorers.dk\/blog\/traumatisk-stress-i-humanitaert-arbejde\/#breadcrumb"},"inLanguage":"da-DK","potentialAction":[{"@type":"ReadAction","target":["https:\/\/www.vita-explorers.dk\/blog\/traumatisk-stress-i-humanitaert-arbejde\/"]}]},{"@type":"ImageObject","inLanguage":"da-DK","@id":"https:\/\/www.vita-explorers.dk\/blog\/traumatisk-stress-i-humanitaert-arbejde\/#primaryimage","url":"https:\/\/www.vita-explorers.dk\/blog\/wp-content\/uploads\/2025\/12\/unr-msw-why-is-mental-health-important-to-social-work-image.jpg","contentUrl":"https:\/\/www.vita-explorers.dk\/blog\/wp-content\/uploads\/2025\/12\/unr-msw-why-is-mental-health-important-to-social-work-image.jpg","width":780,"height":520,"caption":"SSPT humanitaire"},{"@type":"BreadcrumbList","@id":"https:\/\/www.vita-explorers.dk\/blog\/traumatisk-stress-i-humanitaert-arbejde\/#breadcrumb","itemListElement":[{"@type":"ListItem","position":1,"name":"Accueil","item":"https:\/\/www.vita-explorers.dk\/blog\/"},{"@type":"ListItem","position":2,"name":"Posttraumatisk stress under humanit\u00e6re ophold: forst\u00e5 de psykologiske risici og beskyt din mentale sundhed"}]},{"@type":"WebSite","@id":"https:\/\/www.vita-explorers.dk\/blog\/#website","url":"https:\/\/www.vita-explorers.dk\/blog\/","name":"Association Globalong","description":"Frivilligt arbejde, sprogophold, praktik i udlandet og internationale oplevelser","publisher":{"@id":"https:\/\/www.vita-explorers.dk\/blog\/#organization"},"potentialAction":[{"@type":"SearchAction","target":{"@type":"EntryPoint","urlTemplate":"https:\/\/www.vita-explorers.dk\/blog\/?s={search_term_string}"},"query-input":{"@type":"PropertyValueSpecification","valueRequired":true,"valueName":"search_term_string"}}],"inLanguage":"da-DK"},{"@type":"Organization","@id":"https:\/\/www.vita-explorers.dk\/blog\/#organization","name":"Association Globalong","url":"https:\/\/www.vita-explorers.dk\/blog\/","logo":{"@type":"ImageObject","inLanguage":"da-DK","@id":"https:\/\/www.vita-explorers.dk\/blog\/#\/schema\/logo\/image\/","url":"https:\/\/www.globalong.com\/blog\/wp-content\/uploads\/2014\/11\/cropped-cropped-Logo-et-Afrique-Globalong-petite-taille-2.jpg","contentUrl":"https:\/\/www.globalong.com\/blog\/wp-content\/uploads\/2014\/11\/cropped-cropped-Logo-et-Afrique-Globalong-petite-taille-2.jpg","width":512,"height":512,"caption":"Association Globalong"},"image":{"@id":"https:\/\/www.vita-explorers.dk\/blog\/#\/schema\/logo\/image\/"},"sameAs":["https:\/\/www.facebook.com\/globalong"]},{"@type":"Person","@id":"https:\/\/www.vita-explorers.dk\/blog\/#\/schema\/person\/fc0343a2f2db2ebb2793c1f62dbe73f0","name":"VITA Tribe","image":{"@type":"ImageObject","inLanguage":"da-DK","@id":"https:\/\/www.vita-explorers.dk\/blog\/#\/schema\/person\/image\/","url":"https:\/\/secure.gravatar.com\/avatar\/f7f05026bb439d0c96b30e135e5f852c?s=96&d=mm&r=g","contentUrl":"https:\/\/secure.gravatar.com\/avatar\/f7f05026bb439d0c96b30e135e5f852c?s=96&d=mm&r=g","caption":"VITA Tribe"},"sameAs":["http:\/\/www.globalong.com"],"url":"https:\/\/www.vita-explorers.dk\/blog\/author\/teamglobalong\/"}]}},"_links":{"self":[{"href":"https:\/\/www.vita-explorers.dk\/blog\/wp-json\/wp\/v2\/posts\/22799"}],"collection":[{"href":"https:\/\/www.vita-explorers.dk\/blog\/wp-json\/wp\/v2\/posts"}],"about":[{"href":"https:\/\/www.vita-explorers.dk\/blog\/wp-json\/wp\/v2\/types\/post"}],"author":[{"embeddable":true,"href":"https:\/\/www.vita-explorers.dk\/blog\/wp-json\/wp\/v2\/users\/7"}],"replies":[{"embeddable":true,"href":"https:\/\/www.vita-explorers.dk\/blog\/wp-json\/wp\/v2\/comments?post=22799"}],"version-history":[{"count":7,"href":"https:\/\/www.vita-explorers.dk\/blog\/wp-json\/wp\/v2\/posts\/22799\/revisions"}],"predecessor-version":[{"id":22840,"href":"https:\/\/www.vita-explorers.dk\/blog\/wp-json\/wp\/v2\/posts\/22799\/revisions\/22840"}],"wp:featuredmedia":[{"embeddable":true,"href":"https:\/\/www.vita-explorers.dk\/blog\/wp-json\/wp\/v2\/media\/22806"}],"wp:attachment":[{"href":"https:\/\/www.vita-explorers.dk\/blog\/wp-json\/wp\/v2\/media?parent=22799"}],"wp:term":[{"taxonomy":"category","embeddable":true,"href":"https:\/\/www.vita-explorers.dk\/blog\/wp-json\/wp\/v2\/categories?post=22799"},{"taxonomy":"post_tag","embeddable":true,"href":"https:\/\/www.vita-explorers.dk\/blog\/wp-json\/wp\/v2\/tags?post=22799"}],"curies":[{"name":"wp","href":"https:\/\/api.w.org\/{rel}","templated":true}]}}