{"id":235,"date":"2014-04-10T16:46:41","date_gmt":"2014-04-10T14:46:41","guid":{"rendered":"https:\/\/www.globalong.com\/blog\/?p=235"},"modified":"2016-03-20T14:33:16","modified_gmt":"2016-03-20T13:33:16","slug":"dyrehaver-forbudt-i-costa-rica","status":"publish","type":"post","link":"https:\/\/www.vita-explorers.dk\/blog\/dyrehaver-forbudt-i-costa-rica\/","title":{"rendered":"Zoologiske haver forbudt i Costa Rica"},"content":{"rendered":"<p style=\"text-align: justify;\"><a href=\"https:\/\/www.vita-explorers.dk\/blog\/wp-content\/uploads\/2014\/04\/Lion-en-cage.jpg\"><img loading=\"lazy\" decoding=\"async\" class=\"alignright wp-image-236 size-medium\" src=\"https:\/\/www.vita-explorers.dk\/blog\/wp-content\/uploads\/2014\/04\/Lion-en-cage-300x168.jpg\" alt=\"Lion en cage\" width=\"300\" height=\"168\" srcset=\"https:\/\/www.vita-explorers.dk\/blog\/wp-content\/uploads\/2014\/04\/Lion-en-cage-300x168.jpg 300w, https:\/\/www.vita-explorers.dk\/blog\/wp-content\/uploads\/2014\/04\/Lion-en-cage-150x84.jpg 150w, https:\/\/www.vita-explorers.dk\/blog\/wp-content\/uploads\/2014\/04\/Lion-en-cage.jpg 510w\" sizes=\"(max-width: 300px) 100vw, 300px\" \/><\/a>Regeringen i Costa Rica har meldt ud, at den \u00f8nsker at lukke alle landets zoologiske haver. Beslutningen, som efter planen skulle tr\u00e6de i kraft i maj 2014, skal give dyrene mulighed for at komme t\u00e6ttere p\u00e5 deres naturlige levevis igen. Omkring 400 dyr og 60 forskellige arter vil enten blive sat fri eller f\u00e5 en form for semi-frihed i private reservater \u2013 for de dyr, der ikke kan finde sig til rette i den costaricanske jungle.<\/p>\n<p style=\"text-align: justify;\">&#8220;<i>Det er sket som f\u00f8lge af en \u00e6ndring i costaricanernes milj\u00f8bevidsthed.\u00a0<a href=\"https:\/\/www.vita-explorers.dk\/blog\/wp-content\/uploads\/2014\/11\/Wild_Cats_2.jpg\"><img loading=\"lazy\" decoding=\"async\" class=\"alignright wp-image-1591 size-medium\" src=\"https:\/\/www.vita-explorers.dk\/blog\/wp-content\/uploads\/2014\/11\/Wild_Cats_2-300x291.jpg\" alt=\"protection animale\" width=\"300\" height=\"291\" srcset=\"https:\/\/www.vita-explorers.dk\/blog\/wp-content\/uploads\/2014\/11\/Wild_Cats_2-300x291.jpg 300w, https:\/\/www.vita-explorers.dk\/blog\/wp-content\/uploads\/2014\/11\/Wild_Cats_2-150x145.jpg 150w, https:\/\/www.vita-explorers.dk\/blog\/wp-content\/uploads\/2014\/11\/Wild_Cats_2.jpg 495w\" sizes=\"(max-width: 300px) 100vw, 300px\" \/><\/a>Vi \u00f8nsker ikke l\u00e6ngere dyr i fangenskab eller indesp\u00e6rret p\u00e5 nogen m\u00e5de, medmindre det handler om redning og rehabilitering.&#8221;<\/i>\u00a0udtalte Ren\u00e9 Castro, Costa Ricas milj\u00f8minister.<\/p>\n<p style=\"text-align: justify;\">De to zoologiske haver i San Jos\u00e9, landets hovedstad, vil blive omdannet til botaniske haver og byparker. Dyrev\u00e6rnsorganisationer som <b>Code Animal<\/b> roser Costa Rica for dette us\u00e6dvanlige initiativ, men vurderer samtidig, at &#8220;<i>p\u00e5 mellemlangt sigt vil der uundg\u00e5eligt komme konsekvenser<\/i>&#8220;.<\/p>\n<p style=\"text-align: justify;\"><i>\u00ab Det er meget positivt \u2013 og en stor nyhed! \u00bb\u00a0<\/i>siger Franck Schrafstetter, formand for organisationen, der arbejder for dyr i fangenskab.\u00a0\u00ab\u00a0<i>Zoologiske haver er <a href=\"https:\/\/www.vita-explorers.dk\/blog\/wp-content\/uploads\/2016\/02\/FB_IMG_1439416756494.jpg\"><img loading=\"lazy\" decoding=\"async\" class=\"alignright wp-image-991 size-medium\" src=\"https:\/\/www.vita-explorers.dk\/blog\/wp-content\/uploads\/2016\/02\/FB_IMG_1439416756494-300x200.jpg\" alt=\"Safari en Afrique du Sud - Globalong\" width=\"300\" height=\"200\" srcset=\"https:\/\/www.vita-explorers.dk\/blog\/wp-content\/uploads\/2016\/02\/FB_IMG_1439416756494-300x200.jpg 300w, https:\/\/www.vita-explorers.dk\/blog\/wp-content\/uploads\/2016\/02\/FB_IMG_1439416756494-150x100.jpg 150w, https:\/\/www.vita-explorers.dk\/blog\/wp-content\/uploads\/2016\/02\/FB_IMG_1439416756494.jpg 720w\" sizes=\"(max-width: 300px) 100vw, 300px\" \/><\/a>steder, hvor dyr fjernes fra deres naturlige omgivelser og lukkes inde af kommercielle og underholdningsm\u00e6ssige grunde. I dag bliver dyr betragtet som forbrugsgoder. Man g\u00e5r i zoo for at \u201cforbruge\u201d en panda. Det, der sker i Costa Rica, er et meget st\u00e6rkt symbol, som kan v\u00e6re med til at \u00e6ndre disse dyrs status. \u00bb<\/i><\/p>\n<p style=\"text-align: justify;\">Til dem, der er bekymrede for, om dyrene kan genvinde evnen til at jage og overleve i junglen, svarer Franck Schrafstetter: <i>\u00ab Vi skal ikke narre os selv \u2013 mange af de her dyr har ringe chance. Det virker sv\u00e6rt, at de bare kan vende direkte tilbage til et vildt liv. De vil formentlig blive placeret i reservater eller fristeder, hvor de kan l\u00e6re at leve uden kontakt med mennesker. Det er stadig en god beslutning, som kan hj\u00e6lpe dyrene med gradvist at v\u00e6nne sig af med menneskelig p\u00e5virkning og n\u00e6rme sig en mere naturlig tilv\u00e6relse igen \u00bb.<\/i><\/p>\n<p style=\"text-align: justify;\">Costa Rica er ikke det eneste land, der handler i den retning. Indien har ogs\u00e5 taget et stort skridt for dyrebeskyttelse ved at forbyde udnyttelse af delfiner og anerkende dem som \u201cikke-menneskelige personer\u201d. USA vil ogs\u00e5 snart lovgive om hold af chimpanser i fangenskab \u2013 en art, som forventes at blive optaget p\u00e5 listen over truede arter.<\/p>\n<p style=\"text-align: justify;\">Hvis du vil til Sydafrika og deltage i et forl\u00f8b med dyr, <span style=\"text-decoration: underline;\"><a href=\"https:\/\/www.vita-explorers.dk\/frivilligt-arbejde\/\" target=\"_blank\">s\u00e5 klik her\u00a0<\/a><\/span><\/p>\n<p style=\"text-align: justify;\">Du kan ogs\u00e5 <span style=\"text-decoration: underline;\"><a href=\"mailto:info@globalong.com\">kontakte os for mere information<\/a><\/span><\/p>\n<p style=\"text-align: justify;\">Se vores billeder fra<span style=\"text-decoration: underline;\"> <a href=\"https:\/\/www.flickr.com\/photos\/globalong\/albums\/72157663593094953\" target=\"_blank\">Sydafrika og dyrelivet<\/a><\/span><\/p>\n","protected":false},"excerpt":{"rendered":"<p>Regeringen i Costa Rica har meldt ud, at den \u00f8nsker at lukke alle landets zoologiske haver. Beslutningen, som efter planen skulle tr\u00e6de i kraft\u2026<\/p>\n","protected":false},"author":1,"featured_media":236,"comment_status":"open","ping_status":"open","sticky":false,"template":"","format":"standard","meta":{"footnotes":""},"categories":[13,8,1,6,3,4],"tags":[51,49,52,50],"yoast_head":"<!-- This site is optimized with the Yoast SEO Premium plugin v23.4 (Yoast SEO v23.4) - https:\/\/yoast.com\/wordpress\/plugins\/seo\/ -->\n<title>Zoologiske haver forbudt i Costa Rica - VITA Explorers Blog<\/title>\n<meta name=\"robots\" content=\"index, follow, max-snippet:-1, max-image-preview:large, max-video-preview:-1\" \/>\n<link rel=\"canonical\" href=\"https:\/\/www.vita-explorers.dk\/blog\/dyrehaver-forbudt-i-costa-rica\/\" \/>\n<meta property=\"og:locale\" content=\"da_DK\" \/>\n<meta property=\"og:type\" content=\"article\" \/>\n<meta property=\"og:title\" content=\"Zoologiske haver forbudt i Costa Rica\" \/>\n<meta property=\"og:description\" content=\"Regeringen i Costa Rica har meldt ud, at den \u00f8nsker at lukke alle landets zoologiske haver. Beslutningen, som efter planen skulle tr\u00e6de i kraft\u2026\" \/>\n<meta property=\"og:url\" content=\"https:\/\/www.vita-explorers.dk\/blog\/dyrehaver-forbudt-i-costa-rica\/\" \/>\n<meta property=\"og:site_name\" content=\"VITA Explorers Blog\" \/>\n<meta property=\"article:publisher\" content=\"https:\/\/www.facebook.com\/globalong\" \/>\n<meta property=\"article:published_time\" content=\"2014-04-10T14:46:41+00:00\" \/>\n<meta property=\"article:modified_time\" content=\"2016-03-20T13:33:16+00:00\" \/>\n<meta property=\"og:image\" content=\"https:\/\/www.vita-explorers.dk\/blog\/wp-content\/uploads\/2014\/04\/Lion-en-cage.jpg\" \/>\n\t<meta property=\"og:image:width\" content=\"510\" \/>\n\t<meta property=\"og:image:height\" content=\"287\" \/>\n\t<meta property=\"og:image:type\" content=\"image\/jpeg\" \/>\n<meta name=\"author\" content=\"VITA Tribe\" \/>\n<meta name=\"twitter:card\" content=\"summary_large_image\" \/>\n<meta name=\"twitter:label1\" content=\"Skrevet af\" \/>\n\t<meta name=\"twitter:data1\" content=\"VITA Tribe\" \/>\n\t<meta name=\"twitter:label2\" content=\"Estimeret l\u00e6setid\" \/>\n\t<meta name=\"twitter:data2\" content=\"2 minutter\" \/>\n<script type=\"application\/ld+json\" class=\"yoast-schema-graph\">{\"@context\":\"https:\/\/schema.org\",\"@graph\":[{\"@type\":\"Article\",\"@id\":\"https:\/\/www.vita-explorers.dk\/blog\/dyrehaver-forbudt-i-costa-rica\/#article\",\"isPartOf\":{\"@id\":\"https:\/\/www.vita-explorers.dk\/blog\/dyrehaver-forbudt-i-costa-rica\/\"},\"author\":{\"name\":\"VITA Tribe\",\"@id\":\"https:\/\/www.vita-explorers.dk\/blog\/#\/schema\/person\/d7df267b64f23018d1dc519e78fb2735\"},\"headline\":\"Zoologiske haver forbudt i Costa Rica\",\"datePublished\":\"2014-04-10T14:46:41+00:00\",\"dateModified\":\"2016-03-20T13:33:16+00:00\",\"mainEntityOfPage\":{\"@id\":\"https:\/\/www.vita-explorers.dk\/blog\/dyrehaver-forbudt-i-costa-rica\/\"},\"wordCount\":434,\"commentCount\":0,\"publisher\":{\"@id\":\"https:\/\/www.vita-explorers.dk\/blog\/#organization\"},\"image\":{\"@id\":\"https:\/\/www.vita-explorers.dk\/blog\/dyrehaver-forbudt-i-costa-rica\/#primaryimage\"},\"thumbnailUrl\":\"https:\/\/www.vita-explorers.dk\/blog\/wp-content\/uploads\/2014\/04\/Lion-en-cage.jpg\",\"keywords\":[\"Animaux\",\"Costa Rica\",\"Eco-volontariat\",\"Zoo\"],\"articleSection\":[\"Afrika\",\"Humanit\u00e6rt frivilligt arbejde\",\"No Name\",\"Nyheder\",\"Rejser - generelle oplysninger\",\"VITA Explorers\"],\"inLanguage\":\"da-DK\",\"potentialAction\":[{\"@type\":\"CommentAction\",\"name\":\"Comment\",\"target\":[\"https:\/\/www.vita-explorers.dk\/blog\/dyrehaver-forbudt-i-costa-rica\/#respond\"]}]},{\"@type\":\"WebPage\",\"@id\":\"https:\/\/www.vita-explorers.dk\/blog\/dyrehaver-forbudt-i-costa-rica\/\",\"url\":\"https:\/\/www.vita-explorers.dk\/blog\/dyrehaver-forbudt-i-costa-rica\/\",\"name\":\"Zoologiske haver forbudt i Costa Rica - VITA Explorers Blog\",\"isPartOf\":{\"@id\":\"https:\/\/www.vita-explorers.dk\/blog\/#website\"},\"primaryImageOfPage\":{\"@id\":\"https:\/\/www.vita-explorers.dk\/blog\/dyrehaver-forbudt-i-costa-rica\/#primaryimage\"},\"image\":{\"@id\":\"https:\/\/www.vita-explorers.dk\/blog\/dyrehaver-forbudt-i-costa-rica\/#primaryimage\"},\"thumbnailUrl\":\"https:\/\/www.vita-explorers.dk\/blog\/wp-content\/uploads\/2014\/04\/Lion-en-cage.jpg\",\"datePublished\":\"2014-04-10T14:46:41+00:00\",\"dateModified\":\"2016-03-20T13:33:16+00:00\",\"breadcrumb\":{\"@id\":\"https:\/\/www.vita-explorers.dk\/blog\/dyrehaver-forbudt-i-costa-rica\/#breadcrumb\"},\"inLanguage\":\"da-DK\",\"potentialAction\":[{\"@type\":\"ReadAction\",\"target\":[\"https:\/\/www.vita-explorers.dk\/blog\/dyrehaver-forbudt-i-costa-rica\/\"]}]},{\"@type\":\"ImageObject\",\"inLanguage\":\"da-DK\",\"@id\":\"https:\/\/www.vita-explorers.dk\/blog\/dyrehaver-forbudt-i-costa-rica\/#primaryimage\",\"url\":\"https:\/\/www.vita-explorers.dk\/blog\/wp-content\/uploads\/2014\/04\/Lion-en-cage.jpg\",\"contentUrl\":\"https:\/\/www.vita-explorers.dk\/blog\/wp-content\/uploads\/2014\/04\/Lion-en-cage.jpg\",\"width\":510,\"height\":287},{\"@type\":\"BreadcrumbList\",\"@id\":\"https:\/\/www.vita-explorers.dk\/blog\/dyrehaver-forbudt-i-costa-rica\/#breadcrumb\",\"itemListElement\":[{\"@type\":\"ListItem\",\"position\":1,\"name\":\"Accueil\",\"item\":\"https:\/\/www.vita-explorers.dk\/blog\/\"},{\"@type\":\"ListItem\",\"position\":2,\"name\":\"Zoologiske haver forbudt i Costa Rica\"}]},{\"@type\":\"WebSite\",\"@id\":\"https:\/\/www.vita-explorers.dk\/blog\/#website\",\"url\":\"https:\/\/www.vita-explorers.dk\/blog\/\",\"name\":\"Association Globalong\",\"description\":\"Frivilligt arbejde, sprogophold, praktik i udlandet og internationale oplevelser\",\"publisher\":{\"@id\":\"https:\/\/www.vita-explorers.dk\/blog\/#organization\"},\"potentialAction\":[{\"@type\":\"SearchAction\",\"target\":{\"@type\":\"EntryPoint\",\"urlTemplate\":\"https:\/\/www.vita-explorers.dk\/blog\/?s={search_term_string}\"},\"query-input\":{\"@type\":\"PropertyValueSpecification\",\"valueRequired\":true,\"valueName\":\"search_term_string\"}}],\"inLanguage\":\"da-DK\"},{\"@type\":\"Organization\",\"@id\":\"https:\/\/www.vita-explorers.dk\/blog\/#organization\",\"name\":\"Association Globalong\",\"url\":\"https:\/\/www.vita-explorers.dk\/blog\/\",\"logo\":{\"@type\":\"ImageObject\",\"inLanguage\":\"da-DK\",\"@id\":\"https:\/\/www.vita-explorers.dk\/blog\/#\/schema\/logo\/image\/\",\"url\":\"https:\/\/www.globalong.com\/blog\/wp-content\/uploads\/2014\/11\/cropped-cropped-Logo-et-Afrique-Globalong-petite-taille-2.jpg\",\"contentUrl\":\"https:\/\/www.globalong.com\/blog\/wp-content\/uploads\/2014\/11\/cropped-cropped-Logo-et-Afrique-Globalong-petite-taille-2.jpg\",\"width\":512,\"height\":512,\"caption\":\"Association Globalong\"},\"image\":{\"@id\":\"https:\/\/www.vita-explorers.dk\/blog\/#\/schema\/logo\/image\/\"},\"sameAs\":[\"https:\/\/www.facebook.com\/globalong\"]},{\"@type\":\"Person\",\"@id\":\"https:\/\/www.vita-explorers.dk\/blog\/#\/schema\/person\/d7df267b64f23018d1dc519e78fb2735\",\"name\":\"VITA Tribe\",\"image\":{\"@type\":\"ImageObject\",\"inLanguage\":\"da-DK\",\"@id\":\"https:\/\/www.vita-explorers.dk\/blog\/#\/schema\/person\/image\/\",\"url\":\"https:\/\/secure.gravatar.com\/avatar\/81461bcc213d0ff2bdc043d4206648f0?s=96&d=mm&r=g\",\"contentUrl\":\"https:\/\/secure.gravatar.com\/avatar\/81461bcc213d0ff2bdc043d4206648f0?s=96&d=mm&r=g\",\"caption\":\"VITA Tribe\"},\"sameAs\":[\"https:\/\/www.globalong.com\"],\"url\":\"https:\/\/www.vita-explorers.dk\/blog\/author\/sophie\/\"}]}<\/script>\n<!-- \/ Yoast SEO Premium plugin. -->","yoast_head_json":{"title":"Zoologiske haver forbudt i Costa Rica - VITA Explorers Blog","robots":{"index":"index","follow":"follow","max-snippet":"max-snippet:-1","max-image-preview":"max-image-preview:large","max-video-preview":"max-video-preview:-1"},"canonical":"https:\/\/www.vita-explorers.dk\/blog\/dyrehaver-forbudt-i-costa-rica\/","og_locale":"da_DK","og_type":"article","og_title":"Zoologiske haver forbudt i Costa Rica","og_description":"Regeringen i Costa Rica har meldt ud, at den \u00f8nsker at lukke alle landets zoologiske haver. Beslutningen, som efter planen skulle tr\u00e6de i kraft\u2026","og_url":"https:\/\/www.vita-explorers.dk\/blog\/dyrehaver-forbudt-i-costa-rica\/","og_site_name":"VITA Explorers Blog","article_publisher":"https:\/\/www.facebook.com\/globalong","article_published_time":"2014-04-10T14:46:41+00:00","article_modified_time":"2016-03-20T13:33:16+00:00","og_image":[{"width":510,"height":287,"url":"https:\/\/www.vita-explorers.dk\/blog\/wp-content\/uploads\/2014\/04\/Lion-en-cage.jpg","type":"image\/jpeg"}],"author":"VITA Tribe","twitter_card":"summary_large_image","twitter_misc":{"Skrevet af":"VITA Tribe","Estimeret l\u00e6setid":"2 minutter"},"schema":{"@context":"https:\/\/schema.org","@graph":[{"@type":"Article","@id":"https:\/\/www.vita-explorers.dk\/blog\/dyrehaver-forbudt-i-costa-rica\/#article","isPartOf":{"@id":"https:\/\/www.vita-explorers.dk\/blog\/dyrehaver-forbudt-i-costa-rica\/"},"author":{"name":"VITA Tribe","@id":"https:\/\/www.vita-explorers.dk\/blog\/#\/schema\/person\/d7df267b64f23018d1dc519e78fb2735"},"headline":"Zoologiske haver forbudt i Costa Rica","datePublished":"2014-04-10T14:46:41+00:00","dateModified":"2016-03-20T13:33:16+00:00","mainEntityOfPage":{"@id":"https:\/\/www.vita-explorers.dk\/blog\/dyrehaver-forbudt-i-costa-rica\/"},"wordCount":434,"commentCount":0,"publisher":{"@id":"https:\/\/www.vita-explorers.dk\/blog\/#organization"},"image":{"@id":"https:\/\/www.vita-explorers.dk\/blog\/dyrehaver-forbudt-i-costa-rica\/#primaryimage"},"thumbnailUrl":"https:\/\/www.vita-explorers.dk\/blog\/wp-content\/uploads\/2014\/04\/Lion-en-cage.jpg","keywords":["Animaux","Costa Rica","Eco-volontariat","Zoo"],"articleSection":["Afrika","Humanit\u00e6rt frivilligt arbejde","No Name","Nyheder","Rejser - generelle oplysninger","VITA Explorers"],"inLanguage":"da-DK","potentialAction":[{"@type":"CommentAction","name":"Comment","target":["https:\/\/www.vita-explorers.dk\/blog\/dyrehaver-forbudt-i-costa-rica\/#respond"]}]},{"@type":"WebPage","@id":"https:\/\/www.vita-explorers.dk\/blog\/dyrehaver-forbudt-i-costa-rica\/","url":"https:\/\/www.vita-explorers.dk\/blog\/dyrehaver-forbudt-i-costa-rica\/","name":"Zoologiske haver forbudt i Costa Rica - VITA Explorers Blog","isPartOf":{"@id":"https:\/\/www.vita-explorers.dk\/blog\/#website"},"primaryImageOfPage":{"@id":"https:\/\/www.vita-explorers.dk\/blog\/dyrehaver-forbudt-i-costa-rica\/#primaryimage"},"image":{"@id":"https:\/\/www.vita-explorers.dk\/blog\/dyrehaver-forbudt-i-costa-rica\/#primaryimage"},"thumbnailUrl":"https:\/\/www.vita-explorers.dk\/blog\/wp-content\/uploads\/2014\/04\/Lion-en-cage.jpg","datePublished":"2014-04-10T14:46:41+00:00","dateModified":"2016-03-20T13:33:16+00:00","breadcrumb":{"@id":"https:\/\/www.vita-explorers.dk\/blog\/dyrehaver-forbudt-i-costa-rica\/#breadcrumb"},"inLanguage":"da-DK","potentialAction":[{"@type":"ReadAction","target":["https:\/\/www.vita-explorers.dk\/blog\/dyrehaver-forbudt-i-costa-rica\/"]}]},{"@type":"ImageObject","inLanguage":"da-DK","@id":"https:\/\/www.vita-explorers.dk\/blog\/dyrehaver-forbudt-i-costa-rica\/#primaryimage","url":"https:\/\/www.vita-explorers.dk\/blog\/wp-content\/uploads\/2014\/04\/Lion-en-cage.jpg","contentUrl":"https:\/\/www.vita-explorers.dk\/blog\/wp-content\/uploads\/2014\/04\/Lion-en-cage.jpg","width":510,"height":287},{"@type":"BreadcrumbList","@id":"https:\/\/www.vita-explorers.dk\/blog\/dyrehaver-forbudt-i-costa-rica\/#breadcrumb","itemListElement":[{"@type":"ListItem","position":1,"name":"Accueil","item":"https:\/\/www.vita-explorers.dk\/blog\/"},{"@type":"ListItem","position":2,"name":"Zoologiske haver forbudt i Costa Rica"}]},{"@type":"WebSite","@id":"https:\/\/www.vita-explorers.dk\/blog\/#website","url":"https:\/\/www.vita-explorers.dk\/blog\/","name":"Association Globalong","description":"Frivilligt arbejde, sprogophold, praktik i udlandet og internationale oplevelser","publisher":{"@id":"https:\/\/www.vita-explorers.dk\/blog\/#organization"},"potentialAction":[{"@type":"SearchAction","target":{"@type":"EntryPoint","urlTemplate":"https:\/\/www.vita-explorers.dk\/blog\/?s={search_term_string}"},"query-input":{"@type":"PropertyValueSpecification","valueRequired":true,"valueName":"search_term_string"}}],"inLanguage":"da-DK"},{"@type":"Organization","@id":"https:\/\/www.vita-explorers.dk\/blog\/#organization","name":"Association Globalong","url":"https:\/\/www.vita-explorers.dk\/blog\/","logo":{"@type":"ImageObject","inLanguage":"da-DK","@id":"https:\/\/www.vita-explorers.dk\/blog\/#\/schema\/logo\/image\/","url":"https:\/\/www.globalong.com\/blog\/wp-content\/uploads\/2014\/11\/cropped-cropped-Logo-et-Afrique-Globalong-petite-taille-2.jpg","contentUrl":"https:\/\/www.globalong.com\/blog\/wp-content\/uploads\/2014\/11\/cropped-cropped-Logo-et-Afrique-Globalong-petite-taille-2.jpg","width":512,"height":512,"caption":"Association Globalong"},"image":{"@id":"https:\/\/www.vita-explorers.dk\/blog\/#\/schema\/logo\/image\/"},"sameAs":["https:\/\/www.facebook.com\/globalong"]},{"@type":"Person","@id":"https:\/\/www.vita-explorers.dk\/blog\/#\/schema\/person\/d7df267b64f23018d1dc519e78fb2735","name":"VITA Tribe","image":{"@type":"ImageObject","inLanguage":"da-DK","@id":"https:\/\/www.vita-explorers.dk\/blog\/#\/schema\/person\/image\/","url":"https:\/\/secure.gravatar.com\/avatar\/81461bcc213d0ff2bdc043d4206648f0?s=96&d=mm&r=g","contentUrl":"https:\/\/secure.gravatar.com\/avatar\/81461bcc213d0ff2bdc043d4206648f0?s=96&d=mm&r=g","caption":"VITA Tribe"},"sameAs":["https:\/\/www.globalong.com"],"url":"https:\/\/www.vita-explorers.dk\/blog\/author\/sophie\/"}]}},"_links":{"self":[{"href":"https:\/\/www.vita-explorers.dk\/blog\/wp-json\/wp\/v2\/posts\/235"}],"collection":[{"href":"https:\/\/www.vita-explorers.dk\/blog\/wp-json\/wp\/v2\/posts"}],"about":[{"href":"https:\/\/www.vita-explorers.dk\/blog\/wp-json\/wp\/v2\/types\/post"}],"author":[{"embeddable":true,"href":"https:\/\/www.vita-explorers.dk\/blog\/wp-json\/wp\/v2\/users\/1"}],"replies":[{"embeddable":true,"href":"https:\/\/www.vita-explorers.dk\/blog\/wp-json\/wp\/v2\/comments?post=235"}],"version-history":[{"count":10,"href":"https:\/\/www.vita-explorers.dk\/blog\/wp-json\/wp\/v2\/posts\/235\/revisions"}],"predecessor-version":[{"id":1754,"href":"https:\/\/www.vita-explorers.dk\/blog\/wp-json\/wp\/v2\/posts\/235\/revisions\/1754"}],"wp:featuredmedia":[{"embeddable":true,"href":"https:\/\/www.vita-explorers.dk\/blog\/wp-json\/wp\/v2\/media\/236"}],"wp:attachment":[{"href":"https:\/\/www.vita-explorers.dk\/blog\/wp-json\/wp\/v2\/media?parent=235"}],"wp:term":[{"taxonomy":"category","embeddable":true,"href":"https:\/\/www.vita-explorers.dk\/blog\/wp-json\/wp\/v2\/categories?post=235"},{"taxonomy":"post_tag","embeddable":true,"href":"https:\/\/www.vita-explorers.dk\/blog\/wp-json\/wp\/v2\/tags?post=235"}],"curies":[{"name":"wp","href":"https:\/\/api.w.org\/{rel}","templated":true}]}}