{"id":302,"date":"2014-05-06T13:13:57","date_gmt":"2014-05-06T11:13:57","guid":{"rendered":"https:\/\/www.globalong.com\/blog\/?p=302"},"modified":"2016-03-20T14:33:40","modified_gmt":"2016-03-20T13:33:40","slug":"kultur-som-drivkraft-for-baeredygtig-udvikling","status":"publish","type":"post","link":"https:\/\/www.vita-explorers.dk\/blog\/kultur-som-drivkraft-for-baeredygtig-udvikling\/","title":{"rendered":"Kultur som drivkraft for b\u00e6redygtig udvikling"},"content":{"rendered":"<p style=\"text-align: justify;\"><a href=\"https:\/\/www.vita-explorers.dk\/blog\/wp-content\/uploads\/2014\/05\/Globalong-togo-3.jpg\"><img loading=\"lazy\" decoding=\"async\" class=\"alignright wp-image-303\" src=\"https:\/\/www.vita-explorers.dk\/blog\/wp-content\/uploads\/2014\/05\/Globalong-togo-3-277x300.jpg\" alt=\"Globalong togo (3)\" width=\"300\" height=\"325\" srcset=\"https:\/\/www.vita-explorers.dk\/blog\/wp-content\/uploads\/2014\/05\/Globalong-togo-3-277x300.jpg 277w, https:\/\/www.vita-explorers.dk\/blog\/wp-content\/uploads\/2014\/05\/Globalong-togo-3-945x1024.jpg 945w, https:\/\/www.vita-explorers.dk\/blog\/wp-content\/uploads\/2014\/05\/Globalong-togo-3-138x150.jpg 138w, https:\/\/www.vita-explorers.dk\/blog\/wp-content\/uploads\/2014\/05\/Globalong-togo-3.jpg 1108w\" sizes=\"(max-width: 300px) 100vw, 300px\" \/><\/a>If\u00f8lge FN\u2019s vicegeneralsekret\u00e6r Jan Eliasson har kultur stor betydning for b\u00e6redygtig udvikling.<\/p>\n<p style=\"text-align: justify;\">\u201cKultur, forst\u00e5et i en dybere forstand, kan have stor indflydelse p\u00e5 b\u00e6redygtig udvikling. En forandrende tilgang til udvikling handler om at v\u00e6lge m\u00e5der at leve p\u00e5, som ikke belaster planetens ressourcer un\u00f8digt, og som giver mennesker i udsathed og fattigdom mulighed for at d\u00e6kke deres grundl\u00e6ggende behov,\u201d sagde Eliasson i en tale ved en temadebat i FN\u2019s Generalforsamling om kultur og udvikling. \u201cDe fleste samfund \u2013 s\u00e6rligt dem med oprindelige folk \u2013 rummer en kulturarv, der bygger p\u00e5 ansvarlighed over for naturen. Vi har brug for at v\u00e6re i balance med naturen, og det kr\u00e6ver, at vi bevarer ressourcerne. <img loading=\"lazy\" decoding=\"async\" class=\"alignright wp-image-1721\" src=\"https:\/\/www.vita-explorers.dk\/blog\/wp-content\/uploads\/2014\/05\/IMG_3351-225x300.jpg\" alt=\"Partir en mission de b\u00e9n\u00e9volat en Afrique avec Globalong\" width=\"300\" height=\"400\" srcset=\"https:\/\/www.vita-explorers.dk\/blog\/wp-content\/uploads\/2014\/05\/IMG_3351-225x300.jpg 225w, https:\/\/www.vita-explorers.dk\/blog\/wp-content\/uploads\/2014\/05\/IMG_3351-768x1024.jpg 768w, https:\/\/www.vita-explorers.dk\/blog\/wp-content\/uploads\/2014\/05\/IMG_3351-113x150.jpg 113w, https:\/\/www.vita-explorers.dk\/blog\/wp-content\/uploads\/2014\/05\/IMG_3351.jpg 1000w\" sizes=\"(max-width: 300px) 100vw, 300px\" \/>Disse v\u00e6rdier er fundamentet for b\u00e6redygtig udvikling,\u201d tilf\u00f8jede han.<\/p>\n<p style=\"text-align: justify;\">Det betyder dog ikke, at kultur skal betragtes som noget fastl\u00e5st. Kultur er dynamisk og udvikler sig l\u00f8bende og tilpasser sig over tid.<\/p>\n<p style=\"text-align: justify;\">\u201cOg vi m\u00e5 ikke acceptere, at kultur bruges som en undskyldning for at bremse udvikling. For eksempel har denne forsamling med rette opfordret til at s\u00e6tte en stopper for kvindelig omsk\u00e6ring, som desv\u00e6rre stadig er en tradition i flere lande. Det er afg\u00f8rende for vores vision om en verden uden vold mod kvinder \u2013 <span style=\"line-height: 1.5;\">og det er afg\u00f8rende for<\/span> udvikling og helt n\u00f8dvendigt for et v\u00e6rdigt liv for alle,\u201d tilf\u00f8jede han.<\/p>\n<p style=\"text-align: justify;\">Kvindernes rolle i kulturen og i fremtiden for udviklingslande er tydelig \u2013 og bliver stadig vigtigere.<\/p>\n<p style=\"text-align: justify;\">Det g\u00e6lder ikke mindst, fordi kvinders deltagelse <a href=\"https:\/\/www.vita-explorers.dk\/blog\/wp-content\/uploads\/2014\/05\/ghana_21.jpg\"><img loading=\"lazy\" decoding=\"async\" class=\"alignright wp-image-1720\" src=\"https:\/\/www.vita-explorers.dk\/blog\/wp-content\/uploads\/2014\/05\/ghana_21.jpg\" alt=\"Eco volontariat avec Globalong en Afrique\" width=\"300\" height=\"300\" srcset=\"https:\/\/www.vita-explorers.dk\/blog\/wp-content\/uploads\/2014\/05\/ghana_21.jpg 190w, https:\/\/www.vita-explorers.dk\/blog\/wp-content\/uploads\/2014\/05\/ghana_21-150x150.jpg 150w\" sizes=\"(max-width: 300px) 100vw, 300px\" \/><\/a>i politik forts\u00e6tter med at vokse, selv om der stadig findes \u201cglaslofter\u201d mellem kvinder og de \u00f8verste poster.<\/p>\n<p style=\"text-align: justify;\">\u201cHvert valg er en vigtig mulighed for at styrke kvinders deltagelse \u2013 b\u00e5de blandt v\u00e6lgere og kandidater,\u201d udtalte vicedirekt\u00f8ren i UN Women, John Hendra, i en pressemeddelelse.<\/p>\n<p style=\"text-align: justify;\">\u201cDer er nu flere kvinder i politik, og de har st\u00f8rre indflydelse p\u00e5 den politiske dagsorden p\u00e5 h\u00f8je niveauer. Det kan man ikke ben\u00e6gte. Men ikke p\u00e5 det allerh\u00f8jeste niveau,\u201d sagde UIP\u2019s generalsekret\u00e6r, Anders Johnsson. \u201cNogle kvindelige ledere er lykkedes med at bryde det glasloft, som kvinder har v\u00e6ret fastholdt af, gennem personlig vision og politisk vilje. De har vist, hvor afg\u00f8rende politisk lederskab er for at skabe forandring. Nu har vi brug for flere kvindelige ledere, der udviser det samme politiske mod.\u201d<\/p>\n<p><span style=\"text-decoration: underline;\"><a title=\"Mission de b\u00e9n\u00e9volat pour aider les femmes d\u00e9favoris\u00e9es\" href=\"https:\/\/www.vita-explorers.dk\/frivilligt-arbejde\/engelsk-i-afrika\/femmes-enfants-afrique.html\" target=\"_blank\">Du kan st\u00f8tte kvinder i at styrke deres muligheder gennem et frivilligt forl\u00f8b.<\/a><\/span><\/p>\n<p>source: <span style=\"text-decoration: underline;\"><a href=\"http:\/\/www.un.org\" target=\"_blank\">www.un.org<\/a><\/span><\/p>\n<p>Kontakt os p\u00e5 <span style=\"text-decoration: underline;\"><a href=\"mailto:info@gloablong.com\">info@gloablong.com<\/a><\/span><\/p>\n<p><span style=\"text-decoration: underline;\"><a href=\"https:\/\/www.flickr.com\/photos\/globalong\/albums\/\" target=\"_blank\">Se vores billeder<\/a><\/span><\/p>\n","protected":false},"excerpt":{"rendered":"<p>If\u00f8lge FN\u2019s vicegeneralsekret\u00e6r Jan Eliasson har kultur stor betydning for b\u00e6redygtig udvikling. \u201cKultur, forst\u00e5et i en dybere forstand, kan have stor indflydelse p\u00e5 b\u00e6redygtig\u2026<\/p>\n","protected":false},"author":1,"featured_media":303,"comment_status":"open","ping_status":"open","sticky":false,"template":"","format":"standard","meta":{"footnotes":""},"categories":[13,8,1,6,3,4],"tags":[57,58,56,55],"yoast_head":"<!-- This site is optimized with the Yoast SEO Premium plugin v23.4 (Yoast SEO v23.4) - https:\/\/yoast.com\/wordpress\/plugins\/seo\/ -->\n<title>Kultur som drivkraft for b\u00e6redygtig udvikling - VITA Explorers Blog<\/title>\n<meta name=\"robots\" content=\"index, follow, max-snippet:-1, max-image-preview:large, max-video-preview:-1\" \/>\n<link rel=\"canonical\" href=\"https:\/\/www.vita-explorers.dk\/blog\/kultur-som-drivkraft-for-baeredygtig-udvikling\/\" \/>\n<meta property=\"og:locale\" content=\"da_DK\" \/>\n<meta property=\"og:type\" content=\"article\" \/>\n<meta property=\"og:title\" content=\"Kultur som drivkraft for b\u00e6redygtig udvikling\" \/>\n<meta property=\"og:description\" content=\"If\u00f8lge FN\u2019s vicegeneralsekret\u00e6r Jan Eliasson har kultur stor betydning for b\u00e6redygtig udvikling. \u201cKultur, forst\u00e5et i en dybere forstand, kan have stor indflydelse p\u00e5 b\u00e6redygtig\u2026\" \/>\n<meta property=\"og:url\" content=\"https:\/\/www.vita-explorers.dk\/blog\/kultur-som-drivkraft-for-baeredygtig-udvikling\/\" \/>\n<meta property=\"og:site_name\" content=\"VITA Explorers Blog\" \/>\n<meta property=\"article:publisher\" content=\"https:\/\/www.facebook.com\/globalong\" \/>\n<meta property=\"article:published_time\" content=\"2014-05-06T11:13:57+00:00\" \/>\n<meta property=\"article:modified_time\" content=\"2016-03-20T13:33:40+00:00\" \/>\n<meta property=\"og:image\" content=\"https:\/\/www.vita-explorers.dk\/blog\/wp-content\/uploads\/2014\/05\/Globalong-togo-3.jpg\" \/>\n\t<meta property=\"og:image:width\" content=\"1108\" \/>\n\t<meta property=\"og:image:height\" content=\"1200\" \/>\n\t<meta property=\"og:image:type\" content=\"image\/jpeg\" \/>\n<meta name=\"author\" content=\"VITA Tribe\" \/>\n<meta name=\"twitter:card\" content=\"summary_large_image\" \/>\n<meta name=\"twitter:label1\" content=\"Skrevet af\" \/>\n\t<meta name=\"twitter:data1\" content=\"VITA Tribe\" \/>\n\t<meta name=\"twitter:label2\" content=\"Estimeret l\u00e6setid\" \/>\n\t<meta name=\"twitter:data2\" content=\"2 minutter\" \/>\n<script type=\"application\/ld+json\" class=\"yoast-schema-graph\">{\"@context\":\"https:\/\/schema.org\",\"@graph\":[{\"@type\":\"Article\",\"@id\":\"https:\/\/www.vita-explorers.dk\/blog\/kultur-som-drivkraft-for-baeredygtig-udvikling\/#article\",\"isPartOf\":{\"@id\":\"https:\/\/www.vita-explorers.dk\/blog\/kultur-som-drivkraft-for-baeredygtig-udvikling\/\"},\"author\":{\"name\":\"VITA Tribe\",\"@id\":\"https:\/\/www.vita-explorers.dk\/blog\/#\/schema\/person\/d7df267b64f23018d1dc519e78fb2735\"},\"headline\":\"Kultur som drivkraft for b\u00e6redygtig udvikling\",\"datePublished\":\"2014-05-06T11:13:57+00:00\",\"dateModified\":\"2016-03-20T13:33:40+00:00\",\"mainEntityOfPage\":{\"@id\":\"https:\/\/www.vita-explorers.dk\/blog\/kultur-som-drivkraft-for-baeredygtig-udvikling\/\"},\"wordCount\":436,\"commentCount\":0,\"publisher\":{\"@id\":\"https:\/\/www.vita-explorers.dk\/blog\/#organization\"},\"image\":{\"@id\":\"https:\/\/www.vita-explorers.dk\/blog\/kultur-som-drivkraft-for-baeredygtig-udvikling\/#primaryimage\"},\"thumbnailUrl\":\"https:\/\/www.vita-explorers.dk\/blog\/wp-content\/uploads\/2014\/05\/Globalong-togo-3.jpg\",\"keywords\":[\"afrique\",\"culture\",\"d\u00e9veloppement\",\"femmes\"],\"articleSection\":[\"Afrika\",\"Humanit\u00e6rt frivilligt arbejde\",\"No Name\",\"Nyheder\",\"Rejser - generelle oplysninger\",\"VITA Explorers\"],\"inLanguage\":\"da-DK\",\"potentialAction\":[{\"@type\":\"CommentAction\",\"name\":\"Comment\",\"target\":[\"https:\/\/www.vita-explorers.dk\/blog\/kultur-som-drivkraft-for-baeredygtig-udvikling\/#respond\"]}]},{\"@type\":\"WebPage\",\"@id\":\"https:\/\/www.vita-explorers.dk\/blog\/kultur-som-drivkraft-for-baeredygtig-udvikling\/\",\"url\":\"https:\/\/www.vita-explorers.dk\/blog\/kultur-som-drivkraft-for-baeredygtig-udvikling\/\",\"name\":\"Kultur som drivkraft for b\u00e6redygtig udvikling - VITA Explorers Blog\",\"isPartOf\":{\"@id\":\"https:\/\/www.vita-explorers.dk\/blog\/#website\"},\"primaryImageOfPage\":{\"@id\":\"https:\/\/www.vita-explorers.dk\/blog\/kultur-som-drivkraft-for-baeredygtig-udvikling\/#primaryimage\"},\"image\":{\"@id\":\"https:\/\/www.vita-explorers.dk\/blog\/kultur-som-drivkraft-for-baeredygtig-udvikling\/#primaryimage\"},\"thumbnailUrl\":\"https:\/\/www.vita-explorers.dk\/blog\/wp-content\/uploads\/2014\/05\/Globalong-togo-3.jpg\",\"datePublished\":\"2014-05-06T11:13:57+00:00\",\"dateModified\":\"2016-03-20T13:33:40+00:00\",\"breadcrumb\":{\"@id\":\"https:\/\/www.vita-explorers.dk\/blog\/kultur-som-drivkraft-for-baeredygtig-udvikling\/#breadcrumb\"},\"inLanguage\":\"da-DK\",\"potentialAction\":[{\"@type\":\"ReadAction\",\"target\":[\"https:\/\/www.vita-explorers.dk\/blog\/kultur-som-drivkraft-for-baeredygtig-udvikling\/\"]}]},{\"@type\":\"ImageObject\",\"inLanguage\":\"da-DK\",\"@id\":\"https:\/\/www.vita-explorers.dk\/blog\/kultur-som-drivkraft-for-baeredygtig-udvikling\/#primaryimage\",\"url\":\"https:\/\/www.vita-explorers.dk\/blog\/wp-content\/uploads\/2014\/05\/Globalong-togo-3.jpg\",\"contentUrl\":\"https:\/\/www.vita-explorers.dk\/blog\/wp-content\/uploads\/2014\/05\/Globalong-togo-3.jpg\",\"width\":1108,\"height\":1200},{\"@type\":\"BreadcrumbList\",\"@id\":\"https:\/\/www.vita-explorers.dk\/blog\/kultur-som-drivkraft-for-baeredygtig-udvikling\/#breadcrumb\",\"itemListElement\":[{\"@type\":\"ListItem\",\"position\":1,\"name\":\"Accueil\",\"item\":\"https:\/\/www.vita-explorers.dk\/blog\/\"},{\"@type\":\"ListItem\",\"position\":2,\"name\":\"Kultur som drivkraft for b\u00e6redygtig udvikling\"}]},{\"@type\":\"WebSite\",\"@id\":\"https:\/\/www.vita-explorers.dk\/blog\/#website\",\"url\":\"https:\/\/www.vita-explorers.dk\/blog\/\",\"name\":\"Association Globalong\",\"description\":\"Frivilligt arbejde, sprogophold, praktik i udlandet og internationale oplevelser\",\"publisher\":{\"@id\":\"https:\/\/www.vita-explorers.dk\/blog\/#organization\"},\"potentialAction\":[{\"@type\":\"SearchAction\",\"target\":{\"@type\":\"EntryPoint\",\"urlTemplate\":\"https:\/\/www.vita-explorers.dk\/blog\/?s={search_term_string}\"},\"query-input\":{\"@type\":\"PropertyValueSpecification\",\"valueRequired\":true,\"valueName\":\"search_term_string\"}}],\"inLanguage\":\"da-DK\"},{\"@type\":\"Organization\",\"@id\":\"https:\/\/www.vita-explorers.dk\/blog\/#organization\",\"name\":\"Association Globalong\",\"url\":\"https:\/\/www.vita-explorers.dk\/blog\/\",\"logo\":{\"@type\":\"ImageObject\",\"inLanguage\":\"da-DK\",\"@id\":\"https:\/\/www.vita-explorers.dk\/blog\/#\/schema\/logo\/image\/\",\"url\":\"https:\/\/www.globalong.com\/blog\/wp-content\/uploads\/2014\/11\/cropped-cropped-Logo-et-Afrique-Globalong-petite-taille-2.jpg\",\"contentUrl\":\"https:\/\/www.globalong.com\/blog\/wp-content\/uploads\/2014\/11\/cropped-cropped-Logo-et-Afrique-Globalong-petite-taille-2.jpg\",\"width\":512,\"height\":512,\"caption\":\"Association Globalong\"},\"image\":{\"@id\":\"https:\/\/www.vita-explorers.dk\/blog\/#\/schema\/logo\/image\/\"},\"sameAs\":[\"https:\/\/www.facebook.com\/globalong\"]},{\"@type\":\"Person\",\"@id\":\"https:\/\/www.vita-explorers.dk\/blog\/#\/schema\/person\/d7df267b64f23018d1dc519e78fb2735\",\"name\":\"VITA Tribe\",\"image\":{\"@type\":\"ImageObject\",\"inLanguage\":\"da-DK\",\"@id\":\"https:\/\/www.vita-explorers.dk\/blog\/#\/schema\/person\/image\/\",\"url\":\"https:\/\/secure.gravatar.com\/avatar\/81461bcc213d0ff2bdc043d4206648f0?s=96&d=mm&r=g\",\"contentUrl\":\"https:\/\/secure.gravatar.com\/avatar\/81461bcc213d0ff2bdc043d4206648f0?s=96&d=mm&r=g\",\"caption\":\"VITA Tribe\"},\"sameAs\":[\"https:\/\/www.globalong.com\"],\"url\":\"https:\/\/www.vita-explorers.dk\/blog\/author\/sophie\/\"}]}<\/script>\n<!-- \/ Yoast SEO Premium plugin. -->","yoast_head_json":{"title":"Kultur som drivkraft for b\u00e6redygtig udvikling - VITA Explorers Blog","robots":{"index":"index","follow":"follow","max-snippet":"max-snippet:-1","max-image-preview":"max-image-preview:large","max-video-preview":"max-video-preview:-1"},"canonical":"https:\/\/www.vita-explorers.dk\/blog\/kultur-som-drivkraft-for-baeredygtig-udvikling\/","og_locale":"da_DK","og_type":"article","og_title":"Kultur som drivkraft for b\u00e6redygtig udvikling","og_description":"If\u00f8lge FN\u2019s vicegeneralsekret\u00e6r Jan Eliasson har kultur stor betydning for b\u00e6redygtig udvikling. \u201cKultur, forst\u00e5et i en dybere forstand, kan have stor indflydelse p\u00e5 b\u00e6redygtig\u2026","og_url":"https:\/\/www.vita-explorers.dk\/blog\/kultur-som-drivkraft-for-baeredygtig-udvikling\/","og_site_name":"VITA Explorers Blog","article_publisher":"https:\/\/www.facebook.com\/globalong","article_published_time":"2014-05-06T11:13:57+00:00","article_modified_time":"2016-03-20T13:33:40+00:00","og_image":[{"width":1108,"height":1200,"url":"https:\/\/www.vita-explorers.dk\/blog\/wp-content\/uploads\/2014\/05\/Globalong-togo-3.jpg","type":"image\/jpeg"}],"author":"VITA Tribe","twitter_card":"summary_large_image","twitter_misc":{"Skrevet af":"VITA Tribe","Estimeret l\u00e6setid":"2 minutter"},"schema":{"@context":"https:\/\/schema.org","@graph":[{"@type":"Article","@id":"https:\/\/www.vita-explorers.dk\/blog\/kultur-som-drivkraft-for-baeredygtig-udvikling\/#article","isPartOf":{"@id":"https:\/\/www.vita-explorers.dk\/blog\/kultur-som-drivkraft-for-baeredygtig-udvikling\/"},"author":{"name":"VITA Tribe","@id":"https:\/\/www.vita-explorers.dk\/blog\/#\/schema\/person\/d7df267b64f23018d1dc519e78fb2735"},"headline":"Kultur som drivkraft for b\u00e6redygtig udvikling","datePublished":"2014-05-06T11:13:57+00:00","dateModified":"2016-03-20T13:33:40+00:00","mainEntityOfPage":{"@id":"https:\/\/www.vita-explorers.dk\/blog\/kultur-som-drivkraft-for-baeredygtig-udvikling\/"},"wordCount":436,"commentCount":0,"publisher":{"@id":"https:\/\/www.vita-explorers.dk\/blog\/#organization"},"image":{"@id":"https:\/\/www.vita-explorers.dk\/blog\/kultur-som-drivkraft-for-baeredygtig-udvikling\/#primaryimage"},"thumbnailUrl":"https:\/\/www.vita-explorers.dk\/blog\/wp-content\/uploads\/2014\/05\/Globalong-togo-3.jpg","keywords":["afrique","culture","d\u00e9veloppement","femmes"],"articleSection":["Afrika","Humanit\u00e6rt frivilligt arbejde","No Name","Nyheder","Rejser - generelle oplysninger","VITA Explorers"],"inLanguage":"da-DK","potentialAction":[{"@type":"CommentAction","name":"Comment","target":["https:\/\/www.vita-explorers.dk\/blog\/kultur-som-drivkraft-for-baeredygtig-udvikling\/#respond"]}]},{"@type":"WebPage","@id":"https:\/\/www.vita-explorers.dk\/blog\/kultur-som-drivkraft-for-baeredygtig-udvikling\/","url":"https:\/\/www.vita-explorers.dk\/blog\/kultur-som-drivkraft-for-baeredygtig-udvikling\/","name":"Kultur som drivkraft for b\u00e6redygtig udvikling - VITA Explorers Blog","isPartOf":{"@id":"https:\/\/www.vita-explorers.dk\/blog\/#website"},"primaryImageOfPage":{"@id":"https:\/\/www.vita-explorers.dk\/blog\/kultur-som-drivkraft-for-baeredygtig-udvikling\/#primaryimage"},"image":{"@id":"https:\/\/www.vita-explorers.dk\/blog\/kultur-som-drivkraft-for-baeredygtig-udvikling\/#primaryimage"},"thumbnailUrl":"https:\/\/www.vita-explorers.dk\/blog\/wp-content\/uploads\/2014\/05\/Globalong-togo-3.jpg","datePublished":"2014-05-06T11:13:57+00:00","dateModified":"2016-03-20T13:33:40+00:00","breadcrumb":{"@id":"https:\/\/www.vita-explorers.dk\/blog\/kultur-som-drivkraft-for-baeredygtig-udvikling\/#breadcrumb"},"inLanguage":"da-DK","potentialAction":[{"@type":"ReadAction","target":["https:\/\/www.vita-explorers.dk\/blog\/kultur-som-drivkraft-for-baeredygtig-udvikling\/"]}]},{"@type":"ImageObject","inLanguage":"da-DK","@id":"https:\/\/www.vita-explorers.dk\/blog\/kultur-som-drivkraft-for-baeredygtig-udvikling\/#primaryimage","url":"https:\/\/www.vita-explorers.dk\/blog\/wp-content\/uploads\/2014\/05\/Globalong-togo-3.jpg","contentUrl":"https:\/\/www.vita-explorers.dk\/blog\/wp-content\/uploads\/2014\/05\/Globalong-togo-3.jpg","width":1108,"height":1200},{"@type":"BreadcrumbList","@id":"https:\/\/www.vita-explorers.dk\/blog\/kultur-som-drivkraft-for-baeredygtig-udvikling\/#breadcrumb","itemListElement":[{"@type":"ListItem","position":1,"name":"Accueil","item":"https:\/\/www.vita-explorers.dk\/blog\/"},{"@type":"ListItem","position":2,"name":"Kultur som drivkraft for b\u00e6redygtig udvikling"}]},{"@type":"WebSite","@id":"https:\/\/www.vita-explorers.dk\/blog\/#website","url":"https:\/\/www.vita-explorers.dk\/blog\/","name":"Association Globalong","description":"Frivilligt arbejde, sprogophold, praktik i udlandet og internationale oplevelser","publisher":{"@id":"https:\/\/www.vita-explorers.dk\/blog\/#organization"},"potentialAction":[{"@type":"SearchAction","target":{"@type":"EntryPoint","urlTemplate":"https:\/\/www.vita-explorers.dk\/blog\/?s={search_term_string}"},"query-input":{"@type":"PropertyValueSpecification","valueRequired":true,"valueName":"search_term_string"}}],"inLanguage":"da-DK"},{"@type":"Organization","@id":"https:\/\/www.vita-explorers.dk\/blog\/#organization","name":"Association Globalong","url":"https:\/\/www.vita-explorers.dk\/blog\/","logo":{"@type":"ImageObject","inLanguage":"da-DK","@id":"https:\/\/www.vita-explorers.dk\/blog\/#\/schema\/logo\/image\/","url":"https:\/\/www.globalong.com\/blog\/wp-content\/uploads\/2014\/11\/cropped-cropped-Logo-et-Afrique-Globalong-petite-taille-2.jpg","contentUrl":"https:\/\/www.globalong.com\/blog\/wp-content\/uploads\/2014\/11\/cropped-cropped-Logo-et-Afrique-Globalong-petite-taille-2.jpg","width":512,"height":512,"caption":"Association Globalong"},"image":{"@id":"https:\/\/www.vita-explorers.dk\/blog\/#\/schema\/logo\/image\/"},"sameAs":["https:\/\/www.facebook.com\/globalong"]},{"@type":"Person","@id":"https:\/\/www.vita-explorers.dk\/blog\/#\/schema\/person\/d7df267b64f23018d1dc519e78fb2735","name":"VITA Tribe","image":{"@type":"ImageObject","inLanguage":"da-DK","@id":"https:\/\/www.vita-explorers.dk\/blog\/#\/schema\/person\/image\/","url":"https:\/\/secure.gravatar.com\/avatar\/81461bcc213d0ff2bdc043d4206648f0?s=96&d=mm&r=g","contentUrl":"https:\/\/secure.gravatar.com\/avatar\/81461bcc213d0ff2bdc043d4206648f0?s=96&d=mm&r=g","caption":"VITA Tribe"},"sameAs":["https:\/\/www.globalong.com"],"url":"https:\/\/www.vita-explorers.dk\/blog\/author\/sophie\/"}]}},"_links":{"self":[{"href":"https:\/\/www.vita-explorers.dk\/blog\/wp-json\/wp\/v2\/posts\/302"}],"collection":[{"href":"https:\/\/www.vita-explorers.dk\/blog\/wp-json\/wp\/v2\/posts"}],"about":[{"href":"https:\/\/www.vita-explorers.dk\/blog\/wp-json\/wp\/v2\/types\/post"}],"author":[{"embeddable":true,"href":"https:\/\/www.vita-explorers.dk\/blog\/wp-json\/wp\/v2\/users\/1"}],"replies":[{"embeddable":true,"href":"https:\/\/www.vita-explorers.dk\/blog\/wp-json\/wp\/v2\/comments?post=302"}],"version-history":[{"count":24,"href":"https:\/\/www.vita-explorers.dk\/blog\/wp-json\/wp\/v2\/posts\/302\/revisions"}],"predecessor-version":[{"id":1745,"href":"https:\/\/www.vita-explorers.dk\/blog\/wp-json\/wp\/v2\/posts\/302\/revisions\/1745"}],"wp:featuredmedia":[{"embeddable":true,"href":"https:\/\/www.vita-explorers.dk\/blog\/wp-json\/wp\/v2\/media\/303"}],"wp:attachment":[{"href":"https:\/\/www.vita-explorers.dk\/blog\/wp-json\/wp\/v2\/media?parent=302"}],"wp:term":[{"taxonomy":"category","embeddable":true,"href":"https:\/\/www.vita-explorers.dk\/blog\/wp-json\/wp\/v2\/categories?post=302"},{"taxonomy":"post_tag","embeddable":true,"href":"https:\/\/www.vita-explorers.dk\/blog\/wp-json\/wp\/v2\/tags?post=302"}],"curies":[{"name":"wp","href":"https:\/\/api.w.org\/{rel}","templated":true}]}}