{"id":309,"date":"2014-05-25T00:21:08","date_gmt":"2014-05-24T22:21:08","guid":{"rendered":"https:\/\/www.globalong.com\/blog\/?p=309"},"modified":"2022-05-14T13:03:30","modified_gmt":"2022-05-14T11:03:30","slug":"afrikas-dag-den-25-maj","status":"publish","type":"post","link":"https:\/\/www.vita-explorers.dk\/blog\/afrikas-dag-den-25-maj\/","title":{"rendered":"Afrikas Dag \u2013 25. maj"},"content":{"rendered":"<p><a href=\"https:\/\/www.vita-explorers.dk\/blog\/wp-content\/uploads\/2014\/05\/Union-africaine.jpeg\"><img loading=\"lazy\" decoding=\"async\" class=\"alignright wp-image-310\" src=\"https:\/\/www.vita-explorers.dk\/blog\/wp-content\/uploads\/2014\/05\/Union-africaine.jpeg\" alt=\"Den Afrikanske Unions flag\" width=\"300\" height=\"222\" srcset=\"https:\/\/www.vita-explorers.dk\/blog\/wp-content\/uploads\/2014\/05\/Union-africaine.jpeg 261w, https:\/\/www.vita-explorers.dk\/blog\/wp-content\/uploads\/2014\/05\/Union-africaine-150x110.jpeg 150w\" sizes=\"(max-width: 300px) 100vw, 300px\" \/><\/a><\/p>\n<p style=\"text-align: justify;\">For de fleste af os forbindes den 25. maj 2014 med Mors Dag. Nogle ved ogs\u00e5, at det er Sofie-dag. Men datoen rummer ogs\u00e5 en anden \u2013 og ret vigtig \u2013 markering.<\/p>\n<p style=\"text-align: justify;\">Den 25. maj 1963 blev aftalerne om OAU (Organisationen for Afrikansk Enhed) underskrevet. Men hvad betyder det i praksis? Dagen er s\u00e5 betydningsfuld i Afrika, at den er blevet officiel fridag i alle OAU\u2019s medlemslande (organisationen skiftede i 2002 navn og hedder i dag AU \u2013 Den Afrikanske Union). Den symboliserer hele kontinentets arbejde for frihed, <a href=\"https:\/\/www.vita-explorers.dk\/blog\/wp-content\/uploads\/2014\/04\/kenya_21.jpg\"><img loading=\"lazy\" decoding=\"async\" class=\"alignright wp-image-268\" src=\"https:\/\/www.vita-explorers.dk\/blog\/wp-content\/uploads\/2014\/04\/kenya_21.jpg\" alt=\"Elefanter og Mount Kenya\" width=\"300\" height=\"300\" srcset=\"https:\/\/www.vita-explorers.dk\/blog\/wp-content\/uploads\/2014\/04\/kenya_21.jpg 190w, https:\/\/www.vita-explorers.dk\/blog\/wp-content\/uploads\/2014\/04\/kenya_21-150x150.jpg 150w\" sizes=\"(max-width: 300px) 100vw, 300px\" \/><\/a>udvikling og \u00f8konomisk fremgang.<\/p>\n<p style=\"text-align: justify;\">Afrika er \u2013 og vil altid v\u00e6re \u2013 menneskehedens vugge, vores f\u00e6lles oprindelse. Kontinentet rummer stadig i dag utallige kulturer, sprog og folkeslag. Og alligevel ligger BNP i mange afrikanske lande fortsat blandt verdens laveste, p\u00e5 trods af store naturressourcer. Mangel p\u00e5 rent drikkevand og hiv\/aids er med til at g\u00f8re sundhed til en af de st\u00f8rste udfordringer. I nogle lande overstiger levealderen ikke 50 \u00e5r, og 50% af befolkningen er under 15 \u00e5r.<\/p>\n<p style=\"text-align: justify;\">Dagen er en anledning til at h\u00e6dre de kvinder og m\u00e6nd i Afrika, som har arbejdet for enhed, udvikling og fred. Siden begyndelsen af 2000\u2019erne har Afrika oplevet<a href=\"https:\/\/www.vita-explorers.dk\/blog\/wp-content\/uploads\/2014\/04\/kenya_19.jpg\"><img loading=\"lazy\" decoding=\"async\" class=\"alignright wp-image-271\" src=\"https:\/\/www.vita-explorers.dk\/blog\/wp-content\/uploads\/2014\/04\/kenya_19.jpg\" alt=\"Fugle i Kenya\" width=\"300\" height=\"300\" srcset=\"https:\/\/www.vita-explorers.dk\/blog\/wp-content\/uploads\/2014\/04\/kenya_19.jpg 190w, https:\/\/www.vita-explorers.dk\/blog\/wp-content\/uploads\/2014\/04\/kenya_19-150x150.jpg 150w\" sizes=\"(max-width: 300px) 100vw, 300px\" \/><\/a> fremskridt uden fortilf\u00e6lde, blandt andet gennem \u00f8konomiske og sociale reformer. Den Afrikanske Union har som m\u00e5l at fremme:<\/p>\n<ul style=\"text-align: justify;\">\n<li>demokrati<\/li>\n<li>menneskerettigheder<\/li>\n<li>udvikling p\u00e5 tv\u00e6rs af Afrika<\/li>\n<\/ul>\n<p style=\"text-align: justify;\">For AU er fred og demokrati n\u00f8glen til fremskridt mod en b\u00e6redygtig udvikling. 54 lande er medlem af AU; det eneste afrikanske land, der ikke st\u00e5r p\u00e5 listen, er Marokko. 3 lande er i \u00f8jeblikket suspenderet efter milit\u00e6rkup: Guinea-Bissau, Den Centralafrikanske Republik og Egypten.<\/p>\n<p style=\"text-align: justify;\">Den Afrikanske Union er inspireret af EU i sin opbygning, og nogle peger p\u00e5, at m\u00e5let p\u00e5 sigt kan v\u00e6re at skabe et \u201cAfrikas Forenede Stater\u201d.<\/p>\n<p style=\"text-align: justify;\">Vi \u00f8nsker alle vores afrikanske venner en rigtig god international Afrikadag \u2013 og h\u00e5ber, at vi fortsat kan arbejde sammen om en bedre fremtid. En stor tak til alle VITA Explorers, der l\u00f8bende engagerer sig i ansvarlige internationale forl\u00f8b og projekter, herunder frivilligt arbejde og natur- og milj\u00f8indsatser rundt om p\u00e5 det afrikanske kontinent.<\/p>\n<p>Sources: www.wikipedia.fr\/www.journee-mondiale.com \/ www.un.org<\/p>\n<p>Pour partir en mission pour l&#8217;Afrique <span style=\"text-decoration: underline;\"><a href=\"https:\/\/www.vita-explorers.dk\/frivilligt-arbejde\/\" target=\"_blank\" rel=\"noopener\">klik her<\/a>\u00a0<\/span><\/p>\n<p><span style=\"text-decoration: underline;\"><a href=\"mailto:info@globalong.com\">Kontakt os<\/a><\/span> for yderligere information<\/p>\n<p><span style=\"text-decoration: underline;\"><a href=\"https:\/\/www.flickr.com\/photos\/globalong\/albums\/\" target=\"_blank\" rel=\"noopener\">Se vores billeder<\/a><\/span>, fra Sydafrika, Kenya, Togo og mange andre destinationer<\/p>\n<p>\u00a0<\/p>\n","protected":false},"excerpt":{"rendered":"<p>For de fleste af os forbindes den 25. maj 2014 med Mors Dag. Nogle ved ogs\u00e5, at det er Sofie-dag. Men datoen rummer ogs\u00e5\u2026<\/p>\n","protected":false},"author":1,"featured_media":310,"comment_status":"open","ping_status":"open","sticky":false,"template":"","format":"standard","meta":{"footnotes":""},"categories":[13,8,6],"tags":[57,59,60],"yoast_head":"<!-- This site is optimized with the Yoast SEO Premium plugin v23.4 (Yoast SEO v23.4) - https:\/\/yoast.com\/wordpress\/plugins\/seo\/ -->\n<title>Afrikas Dag \u2013 25. maj - VITA Explorers Blog<\/title>\n<meta name=\"robots\" content=\"index, follow, max-snippet:-1, max-image-preview:large, max-video-preview:-1\" \/>\n<link rel=\"canonical\" href=\"https:\/\/www.vita-explorers.dk\/blog\/Afrikas%20dag%20den%2025.%20maj\/\" \/>\n<meta property=\"og:locale\" content=\"da_DK\" \/>\n<meta property=\"og:type\" content=\"article\" \/>\n<meta property=\"og:title\" content=\"Afrikas Dag \u2013 25. maj\" \/>\n<meta property=\"og:description\" content=\"For de fleste af os forbindes den 25. maj 2014 med Mors Dag. Nogle ved ogs\u00e5, at det er Sofie-dag. Men datoen rummer ogs\u00e5\u2026\" \/>\n<meta property=\"og:url\" content=\"https:\/\/www.vita-explorers.dk\/blog\/Afrikas dag den 25. maj\/\" \/>\n<meta property=\"og:site_name\" content=\"VITA Explorers Blog\" \/>\n<meta property=\"article:publisher\" content=\"https:\/\/www.facebook.com\/globalong\" \/>\n<meta property=\"article:published_time\" content=\"2014-05-24T22:21:08+00:00\" \/>\n<meta property=\"article:modified_time\" content=\"2022-05-14T11:03:30+00:00\" \/>\n<meta property=\"og:image\" content=\"https:\/\/www.vita-explorers.dk\/blog\/wp-content\/uploads\/2014\/05\/Union-africaine.jpeg\" \/>\n\t<meta property=\"og:image:width\" content=\"261\" \/>\n\t<meta property=\"og:image:height\" content=\"193\" \/>\n\t<meta property=\"og:image:type\" content=\"image\/jpeg\" \/>\n<meta name=\"author\" content=\"VITA Tribe\" \/>\n<meta name=\"twitter:card\" content=\"summary_large_image\" \/>\n<meta name=\"twitter:label1\" content=\"Skrevet af\" \/>\n\t<meta name=\"twitter:data1\" content=\"VITA Tribe\" \/>\n\t<meta name=\"twitter:label2\" content=\"Estimeret l\u00e6setid\" \/>\n\t<meta name=\"twitter:data2\" content=\"2 minutter\" \/>\n<script type=\"application\/ld+json\" class=\"yoast-schema-graph\">{\"@context\":\"https:\/\/schema.org\",\"@graph\":[{\"@type\":\"Article\",\"@id\":\"https:\/\/www.vita-explorers.dk\/blog\/Afrikas dag den 25. maj\/#article\",\"isPartOf\":{\"@id\":\"https:\/\/www.vita-explorers.dk\/blog\/Afrikas dag den 25. maj\/\"},\"author\":{\"name\":\"VITA Tribe\",\"@id\":\"https:\/\/www.vita-explorers.dk\/blog\/#\/schema\/person\/d7df267b64f23018d1dc519e78fb2735\"},\"headline\":\"Afrikas Dag \u2013 25. maj\",\"datePublished\":\"2014-05-24T22:21:08+00:00\",\"dateModified\":\"2022-05-14T11:03:30+00:00\",\"mainEntityOfPage\":{\"@id\":\"https:\/\/www.vita-explorers.dk\/blog\/Afrikas dag den 25. maj\/\"},\"wordCount\":385,\"commentCount\":0,\"publisher\":{\"@id\":\"https:\/\/www.vita-explorers.dk\/blog\/#organization\"},\"image\":{\"@id\":\"https:\/\/www.vita-explorers.dk\/blog\/Afrikas dag den 25. maj\/#primaryimage\"},\"thumbnailUrl\":\"https:\/\/www.vita-explorers.dk\/blog\/wp-content\/uploads\/2014\/05\/Union-africaine.jpeg\",\"keywords\":[\"afrique\",\"journ\u00e9e internationale\",\"Union Africaine\"],\"articleSection\":[\"Afrika\",\"Humanit\u00e6rt frivilligt arbejde\",\"Nyheder\"],\"inLanguage\":\"da-DK\",\"potentialAction\":[{\"@type\":\"CommentAction\",\"name\":\"Comment\",\"target\":[\"https:\/\/www.vita-explorers.dk\/blog\/Afrikas dag den 25. maj\/#respond\"]}]},{\"@type\":\"WebPage\",\"@id\":\"https:\/\/www.vita-explorers.dk\/blog\/Afrikas dag den 25. maj\/\",\"url\":\"https:\/\/www.vita-explorers.dk\/blog\/Afrikas dag den 25. maj\/\",\"name\":\"Afrikas Dag \u2013 25. maj - VITA Explorers Blog\",\"isPartOf\":{\"@id\":\"https:\/\/www.vita-explorers.dk\/blog\/#website\"},\"primaryImageOfPage\":{\"@id\":\"https:\/\/www.vita-explorers.dk\/blog\/Afrikas dag den 25. maj\/#primaryimage\"},\"image\":{\"@id\":\"https:\/\/www.vita-explorers.dk\/blog\/Afrikas dag den 25. maj\/#primaryimage\"},\"thumbnailUrl\":\"https:\/\/www.vita-explorers.dk\/blog\/wp-content\/uploads\/2014\/05\/Union-africaine.jpeg\",\"datePublished\":\"2014-05-24T22:21:08+00:00\",\"dateModified\":\"2022-05-14T11:03:30+00:00\",\"breadcrumb\":{\"@id\":\"https:\/\/www.vita-explorers.dk\/blog\/Afrikas dag den 25. maj\/#breadcrumb\"},\"inLanguage\":\"da-DK\",\"potentialAction\":[{\"@type\":\"ReadAction\",\"target\":[\"https:\/\/www.vita-explorers.dk\/blog\/Afrikas dag den 25. maj\/\"]}]},{\"@type\":\"ImageObject\",\"inLanguage\":\"da-DK\",\"@id\":\"https:\/\/www.vita-explorers.dk\/blog\/Afrikas dag den 25. maj\/#primaryimage\",\"url\":\"https:\/\/www.vita-explorers.dk\/blog\/wp-content\/uploads\/2014\/05\/Union-africaine.jpeg\",\"contentUrl\":\"https:\/\/www.vita-explorers.dk\/blog\/wp-content\/uploads\/2014\/05\/Union-africaine.jpeg\",\"width\":261,\"height\":193,\"caption\":\"Drapeau de l'Union Africaine\"},{\"@type\":\"BreadcrumbList\",\"@id\":\"https:\/\/www.vita-explorers.dk\/blog\/Afrikas dag den 25. maj\/#breadcrumb\",\"itemListElement\":[{\"@type\":\"ListItem\",\"position\":1,\"name\":\"Accueil\",\"item\":\"https:\/\/www.vita-explorers.dk\/blog\/\"},{\"@type\":\"ListItem\",\"position\":2,\"name\":\"Afrikas Dag \u2013 25. maj\"}]},{\"@type\":\"WebSite\",\"@id\":\"https:\/\/www.vita-explorers.dk\/blog\/#website\",\"url\":\"https:\/\/www.vita-explorers.dk\/blog\/\",\"name\":\"Association Globalong\",\"description\":\"Frivilligt arbejde, sprogophold, praktik i udlandet og internationale oplevelser\",\"publisher\":{\"@id\":\"https:\/\/www.vita-explorers.dk\/blog\/#organization\"},\"potentialAction\":[{\"@type\":\"SearchAction\",\"target\":{\"@type\":\"EntryPoint\",\"urlTemplate\":\"https:\/\/www.vita-explorers.dk\/blog\/?s={search_term_string}\"},\"query-input\":{\"@type\":\"PropertyValueSpecification\",\"valueRequired\":true,\"valueName\":\"search_term_string\"}}],\"inLanguage\":\"da-DK\"},{\"@type\":\"Organization\",\"@id\":\"https:\/\/www.vita-explorers.dk\/blog\/#organization\",\"name\":\"Association Globalong\",\"url\":\"https:\/\/www.vita-explorers.dk\/blog\/\",\"logo\":{\"@type\":\"ImageObject\",\"inLanguage\":\"da-DK\",\"@id\":\"https:\/\/www.vita-explorers.dk\/blog\/#\/schema\/logo\/image\/\",\"url\":\"https:\/\/www.globalong.com\/blog\/wp-content\/uploads\/2014\/11\/cropped-cropped-Logo-et-Afrique-Globalong-petite-taille-2.jpg\",\"contentUrl\":\"https:\/\/www.globalong.com\/blog\/wp-content\/uploads\/2014\/11\/cropped-cropped-Logo-et-Afrique-Globalong-petite-taille-2.jpg\",\"width\":512,\"height\":512,\"caption\":\"Association Globalong\"},\"image\":{\"@id\":\"https:\/\/www.vita-explorers.dk\/blog\/#\/schema\/logo\/image\/\"},\"sameAs\":[\"https:\/\/www.facebook.com\/globalong\"]},{\"@type\":\"Person\",\"@id\":\"https:\/\/www.vita-explorers.dk\/blog\/#\/schema\/person\/d7df267b64f23018d1dc519e78fb2735\",\"name\":\"VITA Tribe\",\"image\":{\"@type\":\"ImageObject\",\"inLanguage\":\"da-DK\",\"@id\":\"https:\/\/www.vita-explorers.dk\/blog\/#\/schema\/person\/image\/\",\"url\":\"https:\/\/secure.gravatar.com\/avatar\/81461bcc213d0ff2bdc043d4206648f0?s=96&d=mm&r=g\",\"contentUrl\":\"https:\/\/secure.gravatar.com\/avatar\/81461bcc213d0ff2bdc043d4206648f0?s=96&d=mm&r=g\",\"caption\":\"VITA Tribe\"},\"sameAs\":[\"https:\/\/www.globalong.com\"],\"url\":\"https:\/\/www.vita-explorers.dk\/blog\/author\/sophie\/\"}]}<\/script>\n<!-- \/ Yoast SEO Premium plugin. -->","yoast_head_json":{"title":"Afrikas Dag \u2013 25. maj - VITA Explorers Blog","robots":{"index":"index","follow":"follow","max-snippet":"max-snippet:-1","max-image-preview":"max-image-preview:large","max-video-preview":"max-video-preview:-1"},"canonical":"https:\/\/www.vita-explorers.dk\/blog\/Afrikas dag den 25. maj\/","og_locale":"da_DK","og_type":"article","og_title":"Afrikas Dag \u2013 25. maj","og_description":"For de fleste af os forbindes den 25. maj 2014 med Mors Dag. Nogle ved ogs\u00e5, at det er Sofie-dag. Men datoen rummer ogs\u00e5\u2026","og_url":"https:\/\/www.vita-explorers.dk\/blog\/Afrikas dag den 25. maj\/","og_site_name":"VITA Explorers Blog","article_publisher":"https:\/\/www.facebook.com\/globalong","article_published_time":"2014-05-24T22:21:08+00:00","article_modified_time":"2022-05-14T11:03:30+00:00","og_image":[{"width":261,"height":193,"url":"https:\/\/www.vita-explorers.dk\/blog\/wp-content\/uploads\/2014\/05\/Union-africaine.jpeg","type":"image\/jpeg"}],"author":"VITA Tribe","twitter_card":"summary_large_image","twitter_misc":{"Skrevet af":"VITA Tribe","Estimeret l\u00e6setid":"2 minutter"},"schema":{"@context":"https:\/\/schema.org","@graph":[{"@type":"Article","@id":"https:\/\/www.vita-explorers.dk\/blog\/Afrikas dag den 25. maj\/#article","isPartOf":{"@id":"https:\/\/www.vita-explorers.dk\/blog\/Afrikas dag den 25. maj\/"},"author":{"name":"VITA Tribe","@id":"https:\/\/www.vita-explorers.dk\/blog\/#\/schema\/person\/d7df267b64f23018d1dc519e78fb2735"},"headline":"Afrikas Dag \u2013 25. maj","datePublished":"2014-05-24T22:21:08+00:00","dateModified":"2022-05-14T11:03:30+00:00","mainEntityOfPage":{"@id":"https:\/\/www.vita-explorers.dk\/blog\/Afrikas dag den 25. maj\/"},"wordCount":385,"commentCount":0,"publisher":{"@id":"https:\/\/www.vita-explorers.dk\/blog\/#organization"},"image":{"@id":"https:\/\/www.vita-explorers.dk\/blog\/Afrikas dag den 25. maj\/#primaryimage"},"thumbnailUrl":"https:\/\/www.vita-explorers.dk\/blog\/wp-content\/uploads\/2014\/05\/Union-africaine.jpeg","keywords":["afrique","journ\u00e9e internationale","Union Africaine"],"articleSection":["Afrika","Humanit\u00e6rt frivilligt arbejde","Nyheder"],"inLanguage":"da-DK","potentialAction":[{"@type":"CommentAction","name":"Comment","target":["https:\/\/www.vita-explorers.dk\/blog\/Afrikas dag den 25. maj\/#respond"]}]},{"@type":"WebPage","@id":"https:\/\/www.vita-explorers.dk\/blog\/Afrikas dag den 25. maj\/","url":"https:\/\/www.vita-explorers.dk\/blog\/Afrikas dag den 25. maj\/","name":"Afrikas Dag \u2013 25. maj - VITA Explorers Blog","isPartOf":{"@id":"https:\/\/www.vita-explorers.dk\/blog\/#website"},"primaryImageOfPage":{"@id":"https:\/\/www.vita-explorers.dk\/blog\/Afrikas dag den 25. maj\/#primaryimage"},"image":{"@id":"https:\/\/www.vita-explorers.dk\/blog\/Afrikas dag den 25. maj\/#primaryimage"},"thumbnailUrl":"https:\/\/www.vita-explorers.dk\/blog\/wp-content\/uploads\/2014\/05\/Union-africaine.jpeg","datePublished":"2014-05-24T22:21:08+00:00","dateModified":"2022-05-14T11:03:30+00:00","breadcrumb":{"@id":"https:\/\/www.vita-explorers.dk\/blog\/Afrikas dag den 25. maj\/#breadcrumb"},"inLanguage":"da-DK","potentialAction":[{"@type":"ReadAction","target":["https:\/\/www.vita-explorers.dk\/blog\/Afrikas dag den 25. maj\/"]}]},{"@type":"ImageObject","inLanguage":"da-DK","@id":"https:\/\/www.vita-explorers.dk\/blog\/Afrikas dag den 25. maj\/#primaryimage","url":"https:\/\/www.vita-explorers.dk\/blog\/wp-content\/uploads\/2014\/05\/Union-africaine.jpeg","contentUrl":"https:\/\/www.vita-explorers.dk\/blog\/wp-content\/uploads\/2014\/05\/Union-africaine.jpeg","width":261,"height":193,"caption":"Drapeau de l'Union Africaine"},{"@type":"BreadcrumbList","@id":"https:\/\/www.vita-explorers.dk\/blog\/Afrikas dag den 25. maj\/#breadcrumb","itemListElement":[{"@type":"ListItem","position":1,"name":"Accueil","item":"https:\/\/www.vita-explorers.dk\/blog\/"},{"@type":"ListItem","position":2,"name":"Afrikas Dag \u2013 25. maj"}]},{"@type":"WebSite","@id":"https:\/\/www.vita-explorers.dk\/blog\/#website","url":"https:\/\/www.vita-explorers.dk\/blog\/","name":"Association Globalong","description":"Frivilligt arbejde, sprogophold, praktik i udlandet og internationale oplevelser","publisher":{"@id":"https:\/\/www.vita-explorers.dk\/blog\/#organization"},"potentialAction":[{"@type":"SearchAction","target":{"@type":"EntryPoint","urlTemplate":"https:\/\/www.vita-explorers.dk\/blog\/?s={search_term_string}"},"query-input":{"@type":"PropertyValueSpecification","valueRequired":true,"valueName":"search_term_string"}}],"inLanguage":"da-DK"},{"@type":"Organization","@id":"https:\/\/www.vita-explorers.dk\/blog\/#organization","name":"Association Globalong","url":"https:\/\/www.vita-explorers.dk\/blog\/","logo":{"@type":"ImageObject","inLanguage":"da-DK","@id":"https:\/\/www.vita-explorers.dk\/blog\/#\/schema\/logo\/image\/","url":"https:\/\/www.globalong.com\/blog\/wp-content\/uploads\/2014\/11\/cropped-cropped-Logo-et-Afrique-Globalong-petite-taille-2.jpg","contentUrl":"https:\/\/www.globalong.com\/blog\/wp-content\/uploads\/2014\/11\/cropped-cropped-Logo-et-Afrique-Globalong-petite-taille-2.jpg","width":512,"height":512,"caption":"Association Globalong"},"image":{"@id":"https:\/\/www.vita-explorers.dk\/blog\/#\/schema\/logo\/image\/"},"sameAs":["https:\/\/www.facebook.com\/globalong"]},{"@type":"Person","@id":"https:\/\/www.vita-explorers.dk\/blog\/#\/schema\/person\/d7df267b64f23018d1dc519e78fb2735","name":"VITA Tribe","image":{"@type":"ImageObject","inLanguage":"da-DK","@id":"https:\/\/www.vita-explorers.dk\/blog\/#\/schema\/person\/image\/","url":"https:\/\/secure.gravatar.com\/avatar\/81461bcc213d0ff2bdc043d4206648f0?s=96&d=mm&r=g","contentUrl":"https:\/\/secure.gravatar.com\/avatar\/81461bcc213d0ff2bdc043d4206648f0?s=96&d=mm&r=g","caption":"VITA Tribe"},"sameAs":["https:\/\/www.globalong.com"],"url":"https:\/\/www.vita-explorers.dk\/blog\/author\/sophie\/"}]}},"_links":{"self":[{"href":"https:\/\/www.vita-explorers.dk\/blog\/wp-json\/wp\/v2\/posts\/309"}],"collection":[{"href":"https:\/\/www.vita-explorers.dk\/blog\/wp-json\/wp\/v2\/posts"}],"about":[{"href":"https:\/\/www.vita-explorers.dk\/blog\/wp-json\/wp\/v2\/types\/post"}],"author":[{"embeddable":true,"href":"https:\/\/www.vita-explorers.dk\/blog\/wp-json\/wp\/v2\/users\/1"}],"replies":[{"embeddable":true,"href":"https:\/\/www.vita-explorers.dk\/blog\/wp-json\/wp\/v2\/comments?post=309"}],"version-history":[{"count":9,"href":"https:\/\/www.vita-explorers.dk\/blog\/wp-json\/wp\/v2\/posts\/309\/revisions"}],"predecessor-version":[{"id":14659,"href":"https:\/\/www.vita-explorers.dk\/blog\/wp-json\/wp\/v2\/posts\/309\/revisions\/14659"}],"wp:featuredmedia":[{"embeddable":true,"href":"https:\/\/www.vita-explorers.dk\/blog\/wp-json\/wp\/v2\/media\/310"}],"wp:attachment":[{"href":"https:\/\/www.vita-explorers.dk\/blog\/wp-json\/wp\/v2\/media?parent=309"}],"wp:term":[{"taxonomy":"category","embeddable":true,"href":"https:\/\/www.vita-explorers.dk\/blog\/wp-json\/wp\/v2\/categories?post=309"},{"taxonomy":"post_tag","embeddable":true,"href":"https:\/\/www.vita-explorers.dk\/blog\/wp-json\/wp\/v2\/tags?post=309"}],"curies":[{"name":"wp","href":"https:\/\/api.w.org\/{rel}","templated":true}]}}