{"id":316,"date":"2014-06-08T14:57:56","date_gmt":"2014-06-08T12:57:56","guid":{"rendered":"https:\/\/www.globalong.com\/blog\/?p=316"},"modified":"2016-03-20T14:33:40","modified_gmt":"2016-03-20T13:33:40","slug":"sammen-har-vi-styrken-til-at-beskytte-havet","status":"publish","type":"post","link":"https:\/\/www.vita-explorers.dk\/blog\/sammen-har-vi-styrken-til-at-beskytte-havet\/","title":{"rendered":"\u201cSammen har vi styrken til at beskytte havet\u201d. Det er temaet for Verdens Havdag den 8. juni 2014."},"content":{"rendered":"<p style=\"text-align: justify;\"><span style=\"line-height: 1.5em;\"><img loading=\"lazy\" decoding=\"async\" class=\"size-medium wp-image-317 alignright\" title=\"Galapagos-\u00f8erne \u2013 havet\" src=\"https:\/\/www.vita-explorers.dk\/blog\/wp-content\/uploads\/2014\/06\/Galapagos1-300x225.jpg\" alt=\"Galapagos1\" width=\"300\" height=\"225\" srcset=\"https:\/\/www.vita-explorers.dk\/blog\/wp-content\/uploads\/2014\/06\/Galapagos1-300x225.jpg 300w, https:\/\/www.vita-explorers.dk\/blog\/wp-content\/uploads\/2014\/06\/Galapagos1-150x112.jpg 150w, https:\/\/www.vita-explorers.dk\/blog\/wp-content\/uploads\/2014\/06\/Galapagos1.jpg 504w\" sizes=\"(max-width: 300px) 100vw, 300px\" \/>I anledning af denne dag er det v\u00e6rd at minde hinanden om, hvor vigtig havet er for vores liv. Havet bidrager med en stor del af den ilt, vi er afh\u00e6ngige af. Det er en foruds\u00e6tning for, at vi kan leve. Derfor er det i vores f\u00e6lles interesse at beskytte havet og blive mere bevidste om, hvilken p\u00e5virkning vi selv har. Dagen er skabt for b\u00e5de at informere og styrke en global bev\u00e6gelse for havet ved at f\u00e5 flere til at t\u00e6nke over, hvad vand betyder for dem \u2013 og hvorfor det fortjener at blive v\u00e6rdsat og passet p\u00e5.<\/span><\/p>\n<p style=\"text-align: justify;\"><a href=\"https:\/\/www.vita-explorers.dk\/blog\/wp-content\/uploads\/2014\/06\/capetown_waterfront.jpg\"><img loading=\"lazy\" decoding=\"async\" class=\"alignright wp-image-1706\" src=\"https:\/\/www.vita-explorers.dk\/blog\/wp-content\/uploads\/2014\/06\/capetown_waterfront.jpg\" alt=\"havet VITA frivilligt arbejde\" width=\"300\" height=\"300\" srcset=\"https:\/\/www.vita-explorers.dk\/blog\/wp-content\/uploads\/2014\/06\/capetown_waterfront.jpg 190w, https:\/\/www.vita-explorers.dk\/blog\/wp-content\/uploads\/2014\/06\/capetown_waterfront-150x150.jpg 150w\" sizes=\"(max-width: 300px) 100vw, 300px\" \/><\/a>Oplysning handler ogs\u00e5 om at f\u00e5 \u00f8je p\u00e5 den enorme mangfoldighed af dyr, der lever i havet \u2013 og om at forst\u00e5, hvor s\u00e5rbare deres levesteder kan v\u00e6re. Samtidig bliver vi mindet om, at vores valg p\u00e5virker b\u00e5de havet og vores floder.<\/p>\n<p style=\"text-align: justify;\">Havet er naturligvis en vigtig kilde til mad, men ogs\u00e5 til medicin, og det spiller en helt central rolle for biosf\u00e6ren.<\/p>\n<p style=\"text-align: justify;\">Ud over at v\u00e6re en livskilde er havet ogs\u00e5 smukt og betyder meget for mange mennesker \u2013 uanset om man holder af surfing, dykning, kunst, sejlads eller bare roen ved vandet.<\/p>\n<p style=\"text-align: justify;\">Rundt om i verden arrangerer akvarier, science-centre, museer og foreninger i dag aktiviteter med <a href=\"https:\/\/www.vita-explorers.dk\/blog\/wp-content\/uploads\/2014\/06\/estrenc.jpg\"><img loading=\"lazy\" decoding=\"async\" class=\"alignright size-medium wp-image-1707\" src=\"https:\/\/www.vita-explorers.dk\/blog\/wp-content\/uploads\/2014\/06\/estrenc-300x167.jpg\" alt=\"beskyt havet med VITA\" width=\"300\" height=\"167\" srcset=\"https:\/\/www.vita-explorers.dk\/blog\/wp-content\/uploads\/2014\/06\/estrenc-300x167.jpg 300w, https:\/\/www.vita-explorers.dk\/blog\/wp-content\/uploads\/2014\/06\/estrenc-150x84.jpg 150w, https:\/\/www.vita-explorers.dk\/blog\/wp-content\/uploads\/2014\/06\/estrenc.jpg 960w\" sizes=\"(max-width: 300px) 100vw, 300px\" \/><\/a>oplevelser for b\u00e5de b\u00f8rn og voksne. Det kan v\u00e6re alt fra sm\u00e5 workshops til st\u00f8rre f\u00e6lles indsatser som strandrensninger. Aktiviteterne str\u00e6kker sig over hele weekenden.<\/p>\n<p style=\"text-align: justify;\">Bestil <a href=\"http:\/\/www.worldoceannetwork.org\/fr\/home-page\/citoyen-de-l-ocean\/\">dit \u201chavborger\u201d-pas her<\/a> og vis dit engagement!<\/p>\n<p style=\"text-align: justify;\">Havet i korte tal:<\/p>\n<p style=\"text-align: justify;\">&#8211;\u00a0\u00a0\u00a0\u00a0\u00a0\u00a0 90% af de 10 mest fiskede arter er p\u00e5 vej mod at forsvinde <a href=\"https:\/\/www.vita-explorers.dk\/blog\/wp-content\/uploads\/2014\/06\/Sa-Foradada.jpg\"><img loading=\"lazy\" decoding=\"async\" class=\"alignright size-medium wp-image-1712\" src=\"https:\/\/www.vita-explorers.dk\/blog\/wp-content\/uploads\/2014\/06\/Sa-Foradada-300x200.jpg\" alt=\"\u00d8ko-frivilligt arbejde i verden VITA\" width=\"300\" height=\"200\" srcset=\"https:\/\/www.vita-explorers.dk\/blog\/wp-content\/uploads\/2014\/06\/Sa-Foradada-300x200.jpg 300w, https:\/\/www.vita-explorers.dk\/blog\/wp-content\/uploads\/2014\/06\/Sa-Foradada-1024x683.jpg 1024w, https:\/\/www.vita-explorers.dk\/blog\/wp-content\/uploads\/2014\/06\/Sa-Foradada-150x100.jpg 150w, https:\/\/www.vita-explorers.dk\/blog\/wp-content\/uploads\/2014\/06\/Sa-Foradada.jpg 2048w\" sizes=\"(max-width: 300px) 100vw, 300px\" \/><\/a><\/p>\n<p style=\"text-align: justify;\">&#8211;\u00a0\u00a0\u00a0\u00a0\u00a0\u00a0\u00a050% af de \u00f8vrige kommercielt udnyttede arter er truet<\/p>\n<p style=\"text-align: justify;\">&#8211;\u00a0\u00a0\u00a0\u00a0\u00a0\u00a0 80% af forureningen i havet kommer fra land<\/p>\n<p style=\"text-align: justify;\">Vi kan alle g\u00f8re noget for at beskytte havet. Vand er en begr\u00e6nset ressource, og vi har kun den m\u00e6ngde, der allerede findes p\u00e5 jorden. Vandet fra havet fordamper, falder som regn, siver ned i jorden og ender til sidst tilbage i havet. Pas p\u00e5 havet ved at v\u00e6re opm\u00e6rksom p\u00e5 dit vandforbrug i hverdagen!<\/p>\n<p style=\"text-align: justify;\">VITA tilbyder forl\u00f8b med direkte fokus p\u00e5 havet:<\/p>\n<p style=\"text-align: justify;\">Vietnam: <span style=\"text-decoration: underline;\"><a href=\"https:\/\/www.vita-explorers.dk\/frivilligt-arbejde\/frivilligt-arbejde-vietnam\/ansvarlig-oekoturisme-vietnam.html\">\u00d8koturisme og b\u00e6redygtig udvikling<\/a><\/span><\/p>\n<p style=\"text-align: justify;\">Galapagos-\u00f8erne: <span style=\"text-decoration: underline;\"><a href=\"https:\/\/www.vita-explorers.dk\/sprog-og-frivilligt-arbejde\/ecovolontariat-galapagos.html\">\u00d8koturisme<\/a><\/span><\/p>\n<p>Sources :<\/p>\n<p><span style=\"text-decoration: underline;\"><a href=\"http:\/\/www.journee-mondiale.com\/190\/journee-mondiale-des-oceans.htm\">http:\/\/www.journee-mondiale.com\/190\/journee-mondiale-des-oceans.htm<\/a><\/span><\/p>\n<p><span style=\"text-decoration: underline;\"><a href=\"http:\/\/www.un.org\/fr\/events\/oceansday\/\">http:\/\/www.un.org\/fr\/events\/oceansday\/<\/a><\/span><\/p>\n<p><span style=\"text-decoration: underline;\"><a href=\"https:\/\/www.flickr.com\/photos\/globalong\/albums\/\" target=\"_blank\">Se vores billeder<\/a><\/span><\/p>\n<p><span style=\"text-decoration: underline;\"><a href=\"mailto:info@globalong.com\">Kontakt os<\/a><\/span><\/p>\n<p>\u00a0<\/p>\n","protected":false},"excerpt":{"rendered":"<p>I anledning af denne dag er det v\u00e6rd at minde hinanden om, hvor vigtig havet er for vores liv. Havet bidrager med en stor\u2026<\/p>\n","protected":false},"author":1,"featured_media":317,"comment_status":"open","ping_status":"open","sticky":false,"template":"","format":"standard","meta":{"footnotes":""},"categories":[8,1,6,3,4],"tags":[62,52,61,63],"yoast_head":"<!-- This site is optimized with the Yoast SEO Premium plugin v23.4 (Yoast SEO v23.4) - https:\/\/yoast.com\/wordpress\/plugins\/seo\/ -->\n<title>\u201cSammen har vi styrken til at beskytte havet\u201d. Det er temaet for Verdens Havdag den 8. juni 2014. - VITA Explorers Blog<\/title>\n<meta name=\"robots\" content=\"index, follow, max-snippet:-1, max-image-preview:large, max-video-preview:-1\" \/>\n<link rel=\"canonical\" href=\"https:\/\/www.vita-explorers.dk\/blog\/Sammen%20har%20vi%20styrken%20til%20at%20beskytte%20havet%20\u2013%20temaet%20for%20Verdenshavets%20Dag%20den%208.%20juni%202014\/\" \/>\n<meta property=\"og:locale\" content=\"da_DK\" \/>\n<meta property=\"og:type\" content=\"article\" \/>\n<meta property=\"og:title\" content=\"\u201cSammen har vi styrken til at beskytte havet\u201d. Det er temaet for Verdens Havdag den 8. juni 2014.\" \/>\n<meta property=\"og:description\" content=\"I anledning af denne dag er det v\u00e6rd at minde hinanden om, hvor vigtig havet er for vores liv. Havet bidrager med en stor\u2026\" \/>\n<meta property=\"og:url\" content=\"https:\/\/www.vita-explorers.dk\/blog\/Sammen har vi styrken til at beskytte havet \u2013 temaet for Verdenshavets Dag den 8. juni 2014\/\" \/>\n<meta property=\"og:site_name\" content=\"VITA Explorers Blog\" \/>\n<meta property=\"article:publisher\" content=\"https:\/\/www.facebook.com\/globalong\" \/>\n<meta property=\"article:published_time\" content=\"2014-06-08T12:57:56+00:00\" \/>\n<meta property=\"article:modified_time\" content=\"2016-03-20T13:33:40+00:00\" \/>\n<meta property=\"og:image\" content=\"https:\/\/www.vita-explorers.dk\/blog\/wp-content\/uploads\/2014\/06\/Galapagos1.jpg\" \/>\n\t<meta property=\"og:image:width\" content=\"504\" \/>\n\t<meta property=\"og:image:height\" content=\"378\" \/>\n\t<meta property=\"og:image:type\" content=\"image\/jpeg\" \/>\n<meta name=\"author\" content=\"VITA Tribe\" \/>\n<meta name=\"twitter:card\" content=\"summary_large_image\" \/>\n<meta name=\"twitter:label1\" content=\"Skrevet af\" \/>\n\t<meta name=\"twitter:data1\" content=\"VITA Tribe\" \/>\n\t<meta name=\"twitter:label2\" content=\"Estimeret l\u00e6setid\" \/>\n\t<meta name=\"twitter:data2\" content=\"2 minutter\" \/>\n<script type=\"application\/ld+json\" class=\"yoast-schema-graph\">{\"@context\":\"https:\/\/schema.org\",\"@graph\":[{\"@type\":\"Article\",\"@id\":\"https:\/\/www.vita-explorers.dk\/blog\/Sammen har vi styrken til at beskytte havet \u2013 temaet for Verdenshavets Dag den 8. juni 2014\/#article\",\"isPartOf\":{\"@id\":\"https:\/\/www.vita-explorers.dk\/blog\/Sammen har vi styrken til at beskytte havet \u2013 temaet for Verdenshavets Dag den 8. juni 2014\/\"},\"author\":{\"name\":\"VITA Tribe\",\"@id\":\"https:\/\/www.vita-explorers.dk\/blog\/#\/schema\/person\/d7df267b64f23018d1dc519e78fb2735\"},\"headline\":\"\u201cSammen har vi styrken til at beskytte havet\u201d. Det er temaet for Verdens Havdag den 8. juni 2014.\",\"datePublished\":\"2014-06-08T12:57:56+00:00\",\"dateModified\":\"2016-03-20T13:33:40+00:00\",\"mainEntityOfPage\":{\"@id\":\"https:\/\/www.vita-explorers.dk\/blog\/Sammen har vi styrken til at beskytte havet \u2013 temaet for Verdenshavets Dag den 8. juni 2014\/\"},\"wordCount\":405,\"commentCount\":0,\"publisher\":{\"@id\":\"https:\/\/www.vita-explorers.dk\/blog\/#organization\"},\"image\":{\"@id\":\"https:\/\/www.vita-explorers.dk\/blog\/Sammen har vi styrken til at beskytte havet \u2013 temaet for Verdenshavets Dag den 8. juni 2014\/#primaryimage\"},\"thumbnailUrl\":\"https:\/\/www.vita-explorers.dk\/blog\/wp-content\/uploads\/2014\/06\/Galapagos1.jpg\",\"keywords\":[\"\u00e9co-tourisme\",\"Eco-volontariat\",\"Oc\u00e9an\",\"prot\u00e9ger la mer\"],\"articleSection\":[\"Humanit\u00e6rt frivilligt arbejde\",\"No Name\",\"Nyheder\",\"Rejser - generelle oplysninger\",\"VITA Explorers\"],\"inLanguage\":\"da-DK\",\"potentialAction\":[{\"@type\":\"CommentAction\",\"name\":\"Comment\",\"target\":[\"https:\/\/www.vita-explorers.dk\/blog\/Sammen har vi styrken til at beskytte havet \u2013 temaet for Verdenshavets Dag den 8. juni 2014\/#respond\"]}]},{\"@type\":\"WebPage\",\"@id\":\"https:\/\/www.vita-explorers.dk\/blog\/Sammen har vi styrken til at beskytte havet \u2013 temaet for Verdenshavets Dag den 8. juni 2014\/\",\"url\":\"https:\/\/www.vita-explorers.dk\/blog\/Sammen har vi styrken til at beskytte havet \u2013 temaet for Verdenshavets Dag den 8. juni 2014\/\",\"name\":\"\u201cSammen har vi styrken til at beskytte havet\u201d. Det er temaet for Verdens Havdag den 8. juni 2014. - VITA Explorers Blog\",\"isPartOf\":{\"@id\":\"https:\/\/www.vita-explorers.dk\/blog\/#website\"},\"primaryImageOfPage\":{\"@id\":\"https:\/\/www.vita-explorers.dk\/blog\/Sammen har vi styrken til at beskytte havet \u2013 temaet for Verdenshavets Dag den 8. juni 2014\/#primaryimage\"},\"image\":{\"@id\":\"https:\/\/www.vita-explorers.dk\/blog\/Sammen har vi styrken til at beskytte havet \u2013 temaet for Verdenshavets Dag den 8. juni 2014\/#primaryimage\"},\"thumbnailUrl\":\"https:\/\/www.vita-explorers.dk\/blog\/wp-content\/uploads\/2014\/06\/Galapagos1.jpg\",\"datePublished\":\"2014-06-08T12:57:56+00:00\",\"dateModified\":\"2016-03-20T13:33:40+00:00\",\"breadcrumb\":{\"@id\":\"https:\/\/www.vita-explorers.dk\/blog\/Sammen har vi styrken til at beskytte havet \u2013 temaet for Verdenshavets Dag den 8. juni 2014\/#breadcrumb\"},\"inLanguage\":\"da-DK\",\"potentialAction\":[{\"@type\":\"ReadAction\",\"target\":[\"https:\/\/www.vita-explorers.dk\/blog\/Sammen har vi styrken til at beskytte havet \u2013 temaet for Verdenshavets Dag den 8. juni 2014\/\"]}]},{\"@type\":\"ImageObject\",\"inLanguage\":\"da-DK\",\"@id\":\"https:\/\/www.vita-explorers.dk\/blog\/Sammen har vi styrken til at beskytte havet \u2013 temaet for Verdenshavets Dag den 8. juni 2014\/#primaryimage\",\"url\":\"https:\/\/www.vita-explorers.dk\/blog\/wp-content\/uploads\/2014\/06\/Galapagos1.jpg\",\"contentUrl\":\"https:\/\/www.vita-explorers.dk\/blog\/wp-content\/uploads\/2014\/06\/Galapagos1.jpg\",\"width\":504,\"height\":378},{\"@type\":\"BreadcrumbList\",\"@id\":\"https:\/\/www.vita-explorers.dk\/blog\/Sammen har vi styrken til at beskytte havet \u2013 temaet for Verdenshavets Dag den 8. juni 2014\/#breadcrumb\",\"itemListElement\":[{\"@type\":\"ListItem\",\"position\":1,\"name\":\"Accueil\",\"item\":\"https:\/\/www.vita-explorers.dk\/blog\/\"},{\"@type\":\"ListItem\",\"position\":2,\"name\":\"\u201cSammen har vi styrken til at beskytte havet\u201d. Det er temaet for Verdens Havdag den 8. juni 2014.\"}]},{\"@type\":\"WebSite\",\"@id\":\"https:\/\/www.vita-explorers.dk\/blog\/#website\",\"url\":\"https:\/\/www.vita-explorers.dk\/blog\/\",\"name\":\"Association Globalong\",\"description\":\"Frivilligt arbejde, sprogophold, praktik i udlandet og internationale oplevelser\",\"publisher\":{\"@id\":\"https:\/\/www.vita-explorers.dk\/blog\/#organization\"},\"potentialAction\":[{\"@type\":\"SearchAction\",\"target\":{\"@type\":\"EntryPoint\",\"urlTemplate\":\"https:\/\/www.vita-explorers.dk\/blog\/?s={search_term_string}\"},\"query-input\":{\"@type\":\"PropertyValueSpecification\",\"valueRequired\":true,\"valueName\":\"search_term_string\"}}],\"inLanguage\":\"da-DK\"},{\"@type\":\"Organization\",\"@id\":\"https:\/\/www.vita-explorers.dk\/blog\/#organization\",\"name\":\"Association Globalong\",\"url\":\"https:\/\/www.vita-explorers.dk\/blog\/\",\"logo\":{\"@type\":\"ImageObject\",\"inLanguage\":\"da-DK\",\"@id\":\"https:\/\/www.vita-explorers.dk\/blog\/#\/schema\/logo\/image\/\",\"url\":\"https:\/\/www.globalong.com\/blog\/wp-content\/uploads\/2014\/11\/cropped-cropped-Logo-et-Afrique-Globalong-petite-taille-2.jpg\",\"contentUrl\":\"https:\/\/www.globalong.com\/blog\/wp-content\/uploads\/2014\/11\/cropped-cropped-Logo-et-Afrique-Globalong-petite-taille-2.jpg\",\"width\":512,\"height\":512,\"caption\":\"Association Globalong\"},\"image\":{\"@id\":\"https:\/\/www.vita-explorers.dk\/blog\/#\/schema\/logo\/image\/\"},\"sameAs\":[\"https:\/\/www.facebook.com\/globalong\"]},{\"@type\":\"Person\",\"@id\":\"https:\/\/www.vita-explorers.dk\/blog\/#\/schema\/person\/d7df267b64f23018d1dc519e78fb2735\",\"name\":\"VITA Tribe\",\"image\":{\"@type\":\"ImageObject\",\"inLanguage\":\"da-DK\",\"@id\":\"https:\/\/www.vita-explorers.dk\/blog\/#\/schema\/person\/image\/\",\"url\":\"https:\/\/secure.gravatar.com\/avatar\/81461bcc213d0ff2bdc043d4206648f0?s=96&d=mm&r=g\",\"contentUrl\":\"https:\/\/secure.gravatar.com\/avatar\/81461bcc213d0ff2bdc043d4206648f0?s=96&d=mm&r=g\",\"caption\":\"VITA Tribe\"},\"sameAs\":[\"https:\/\/www.globalong.com\"],\"url\":\"https:\/\/www.vita-explorers.dk\/blog\/author\/sophie\/\"}]}<\/script>\n<!-- \/ Yoast SEO Premium plugin. -->","yoast_head_json":{"title":"\u201cSammen har vi styrken til at beskytte havet\u201d. Det er temaet for Verdens Havdag den 8. juni 2014. - VITA Explorers Blog","robots":{"index":"index","follow":"follow","max-snippet":"max-snippet:-1","max-image-preview":"max-image-preview:large","max-video-preview":"max-video-preview:-1"},"canonical":"https:\/\/www.vita-explorers.dk\/blog\/Sammen har vi styrken til at beskytte havet \u2013 temaet for Verdenshavets Dag den 8. juni 2014\/","og_locale":"da_DK","og_type":"article","og_title":"\u201cSammen har vi styrken til at beskytte havet\u201d. Det er temaet for Verdens Havdag den 8. juni 2014.","og_description":"I anledning af denne dag er det v\u00e6rd at minde hinanden om, hvor vigtig havet er for vores liv. Havet bidrager med en stor\u2026","og_url":"https:\/\/www.vita-explorers.dk\/blog\/Sammen har vi styrken til at beskytte havet \u2013 temaet for Verdenshavets Dag den 8. juni 2014\/","og_site_name":"VITA Explorers Blog","article_publisher":"https:\/\/www.facebook.com\/globalong","article_published_time":"2014-06-08T12:57:56+00:00","article_modified_time":"2016-03-20T13:33:40+00:00","og_image":[{"width":504,"height":378,"url":"https:\/\/www.vita-explorers.dk\/blog\/wp-content\/uploads\/2014\/06\/Galapagos1.jpg","type":"image\/jpeg"}],"author":"VITA Tribe","twitter_card":"summary_large_image","twitter_misc":{"Skrevet af":"VITA Tribe","Estimeret l\u00e6setid":"2 minutter"},"schema":{"@context":"https:\/\/schema.org","@graph":[{"@type":"Article","@id":"https:\/\/www.vita-explorers.dk\/blog\/Sammen har vi styrken til at beskytte havet \u2013 temaet for Verdenshavets Dag den 8. juni 2014\/#article","isPartOf":{"@id":"https:\/\/www.vita-explorers.dk\/blog\/Sammen har vi styrken til at beskytte havet \u2013 temaet for Verdenshavets Dag den 8. juni 2014\/"},"author":{"name":"VITA Tribe","@id":"https:\/\/www.vita-explorers.dk\/blog\/#\/schema\/person\/d7df267b64f23018d1dc519e78fb2735"},"headline":"\u201cSammen har vi styrken til at beskytte havet\u201d. Det er temaet for Verdens Havdag den 8. juni 2014.","datePublished":"2014-06-08T12:57:56+00:00","dateModified":"2016-03-20T13:33:40+00:00","mainEntityOfPage":{"@id":"https:\/\/www.vita-explorers.dk\/blog\/Sammen har vi styrken til at beskytte havet \u2013 temaet for Verdenshavets Dag den 8. juni 2014\/"},"wordCount":405,"commentCount":0,"publisher":{"@id":"https:\/\/www.vita-explorers.dk\/blog\/#organization"},"image":{"@id":"https:\/\/www.vita-explorers.dk\/blog\/Sammen har vi styrken til at beskytte havet \u2013 temaet for Verdenshavets Dag den 8. juni 2014\/#primaryimage"},"thumbnailUrl":"https:\/\/www.vita-explorers.dk\/blog\/wp-content\/uploads\/2014\/06\/Galapagos1.jpg","keywords":["\u00e9co-tourisme","Eco-volontariat","Oc\u00e9an","prot\u00e9ger la mer"],"articleSection":["Humanit\u00e6rt frivilligt arbejde","No Name","Nyheder","Rejser - generelle oplysninger","VITA Explorers"],"inLanguage":"da-DK","potentialAction":[{"@type":"CommentAction","name":"Comment","target":["https:\/\/www.vita-explorers.dk\/blog\/Sammen har vi styrken til at beskytte havet \u2013 temaet for Verdenshavets Dag den 8. juni 2014\/#respond"]}]},{"@type":"WebPage","@id":"https:\/\/www.vita-explorers.dk\/blog\/Sammen har vi styrken til at beskytte havet \u2013 temaet for Verdenshavets Dag den 8. juni 2014\/","url":"https:\/\/www.vita-explorers.dk\/blog\/Sammen har vi styrken til at beskytte havet \u2013 temaet for Verdenshavets Dag den 8. juni 2014\/","name":"\u201cSammen har vi styrken til at beskytte havet\u201d. Det er temaet for Verdens Havdag den 8. juni 2014. - VITA Explorers Blog","isPartOf":{"@id":"https:\/\/www.vita-explorers.dk\/blog\/#website"},"primaryImageOfPage":{"@id":"https:\/\/www.vita-explorers.dk\/blog\/Sammen har vi styrken til at beskytte havet \u2013 temaet for Verdenshavets Dag den 8. juni 2014\/#primaryimage"},"image":{"@id":"https:\/\/www.vita-explorers.dk\/blog\/Sammen har vi styrken til at beskytte havet \u2013 temaet for Verdenshavets Dag den 8. juni 2014\/#primaryimage"},"thumbnailUrl":"https:\/\/www.vita-explorers.dk\/blog\/wp-content\/uploads\/2014\/06\/Galapagos1.jpg","datePublished":"2014-06-08T12:57:56+00:00","dateModified":"2016-03-20T13:33:40+00:00","breadcrumb":{"@id":"https:\/\/www.vita-explorers.dk\/blog\/Sammen har vi styrken til at beskytte havet \u2013 temaet for Verdenshavets Dag den 8. juni 2014\/#breadcrumb"},"inLanguage":"da-DK","potentialAction":[{"@type":"ReadAction","target":["https:\/\/www.vita-explorers.dk\/blog\/Sammen har vi styrken til at beskytte havet \u2013 temaet for Verdenshavets Dag den 8. juni 2014\/"]}]},{"@type":"ImageObject","inLanguage":"da-DK","@id":"https:\/\/www.vita-explorers.dk\/blog\/Sammen har vi styrken til at beskytte havet \u2013 temaet for Verdenshavets Dag den 8. juni 2014\/#primaryimage","url":"https:\/\/www.vita-explorers.dk\/blog\/wp-content\/uploads\/2014\/06\/Galapagos1.jpg","contentUrl":"https:\/\/www.vita-explorers.dk\/blog\/wp-content\/uploads\/2014\/06\/Galapagos1.jpg","width":504,"height":378},{"@type":"BreadcrumbList","@id":"https:\/\/www.vita-explorers.dk\/blog\/Sammen har vi styrken til at beskytte havet \u2013 temaet for Verdenshavets Dag den 8. juni 2014\/#breadcrumb","itemListElement":[{"@type":"ListItem","position":1,"name":"Accueil","item":"https:\/\/www.vita-explorers.dk\/blog\/"},{"@type":"ListItem","position":2,"name":"\u201cSammen har vi styrken til at beskytte havet\u201d. Det er temaet for Verdens Havdag den 8. juni 2014."}]},{"@type":"WebSite","@id":"https:\/\/www.vita-explorers.dk\/blog\/#website","url":"https:\/\/www.vita-explorers.dk\/blog\/","name":"Association Globalong","description":"Frivilligt arbejde, sprogophold, praktik i udlandet og internationale oplevelser","publisher":{"@id":"https:\/\/www.vita-explorers.dk\/blog\/#organization"},"potentialAction":[{"@type":"SearchAction","target":{"@type":"EntryPoint","urlTemplate":"https:\/\/www.vita-explorers.dk\/blog\/?s={search_term_string}"},"query-input":{"@type":"PropertyValueSpecification","valueRequired":true,"valueName":"search_term_string"}}],"inLanguage":"da-DK"},{"@type":"Organization","@id":"https:\/\/www.vita-explorers.dk\/blog\/#organization","name":"Association Globalong","url":"https:\/\/www.vita-explorers.dk\/blog\/","logo":{"@type":"ImageObject","inLanguage":"da-DK","@id":"https:\/\/www.vita-explorers.dk\/blog\/#\/schema\/logo\/image\/","url":"https:\/\/www.globalong.com\/blog\/wp-content\/uploads\/2014\/11\/cropped-cropped-Logo-et-Afrique-Globalong-petite-taille-2.jpg","contentUrl":"https:\/\/www.globalong.com\/blog\/wp-content\/uploads\/2014\/11\/cropped-cropped-Logo-et-Afrique-Globalong-petite-taille-2.jpg","width":512,"height":512,"caption":"Association Globalong"},"image":{"@id":"https:\/\/www.vita-explorers.dk\/blog\/#\/schema\/logo\/image\/"},"sameAs":["https:\/\/www.facebook.com\/globalong"]},{"@type":"Person","@id":"https:\/\/www.vita-explorers.dk\/blog\/#\/schema\/person\/d7df267b64f23018d1dc519e78fb2735","name":"VITA Tribe","image":{"@type":"ImageObject","inLanguage":"da-DK","@id":"https:\/\/www.vita-explorers.dk\/blog\/#\/schema\/person\/image\/","url":"https:\/\/secure.gravatar.com\/avatar\/81461bcc213d0ff2bdc043d4206648f0?s=96&d=mm&r=g","contentUrl":"https:\/\/secure.gravatar.com\/avatar\/81461bcc213d0ff2bdc043d4206648f0?s=96&d=mm&r=g","caption":"VITA Tribe"},"sameAs":["https:\/\/www.globalong.com"],"url":"https:\/\/www.vita-explorers.dk\/blog\/author\/sophie\/"}]}},"_links":{"self":[{"href":"https:\/\/www.vita-explorers.dk\/blog\/wp-json\/wp\/v2\/posts\/316"}],"collection":[{"href":"https:\/\/www.vita-explorers.dk\/blog\/wp-json\/wp\/v2\/posts"}],"about":[{"href":"https:\/\/www.vita-explorers.dk\/blog\/wp-json\/wp\/v2\/types\/post"}],"author":[{"embeddable":true,"href":"https:\/\/www.vita-explorers.dk\/blog\/wp-json\/wp\/v2\/users\/1"}],"replies":[{"embeddable":true,"href":"https:\/\/www.vita-explorers.dk\/blog\/wp-json\/wp\/v2\/comments?post=316"}],"version-history":[{"count":7,"href":"https:\/\/www.vita-explorers.dk\/blog\/wp-json\/wp\/v2\/posts\/316\/revisions"}],"predecessor-version":[{"id":1714,"href":"https:\/\/www.vita-explorers.dk\/blog\/wp-json\/wp\/v2\/posts\/316\/revisions\/1714"}],"wp:featuredmedia":[{"embeddable":true,"href":"https:\/\/www.vita-explorers.dk\/blog\/wp-json\/wp\/v2\/media\/317"}],"wp:attachment":[{"href":"https:\/\/www.vita-explorers.dk\/blog\/wp-json\/wp\/v2\/media?parent=316"}],"wp:term":[{"taxonomy":"category","embeddable":true,"href":"https:\/\/www.vita-explorers.dk\/blog\/wp-json\/wp\/v2\/categories?post=316"},{"taxonomy":"post_tag","embeddable":true,"href":"https:\/\/www.vita-explorers.dk\/blog\/wp-json\/wp\/v2\/tags?post=316"}],"curies":[{"name":"wp","href":"https:\/\/api.w.org\/{rel}","templated":true}]}}