{"id":336,"date":"2014-09-11T09:53:28","date_gmt":"2014-09-11T07:53:28","guid":{"rendered":"https:\/\/www.globalong.com\/blog\/?p=336"},"modified":"2016-03-20T14:33:40","modified_gmt":"2016-03-20T13:33:40","slug":"emilies-foerste-dag-i-cambodja","status":"publish","type":"post","link":"https:\/\/www.vita-explorers.dk\/blog\/emilies-foerste-dag-i-cambodja\/","title":{"rendered":"Emilies f\u00f8rste dag i Cambodja"},"content":{"rendered":"<p class=\"p1\" style=\"text-align: justify;\"><a href=\"https:\/\/www.vita-explorers.dk\/blog\/wp-content\/uploads\/2014\/09\/DSC_0345.jpg\"><img loading=\"lazy\" decoding=\"async\" class=\"alignright wp-image-1648 size-medium\" src=\"https:\/\/www.vita-explorers.dk\/blog\/wp-content\/uploads\/2014\/09\/DSC_0345-300x200.jpg\" alt=\"Partir au Cambodge avec Globalong\" width=\"300\" height=\"200\" srcset=\"https:\/\/www.vita-explorers.dk\/blog\/wp-content\/uploads\/2014\/09\/DSC_0345-300x200.jpg 300w, https:\/\/www.vita-explorers.dk\/blog\/wp-content\/uploads\/2014\/09\/DSC_0345-1024x683.jpg 1024w, https:\/\/www.vita-explorers.dk\/blog\/wp-content\/uploads\/2014\/09\/DSC_0345-150x100.jpg 150w\" sizes=\"(max-width: 300px) 100vw, 300px\" \/><\/a>Hej alle!<\/p>\n<p class=\"p1\" style=\"text-align: justify;\">Her er dag 1 af eventyret! Da vi blev hentet (vi var tre franske piger p\u00e5 18\u201319 \u00e5r), k\u00f8rte vi i tuk-tuk hen til guesthouse \u2013 helt vildt. Jeg forklarer: hvorfor b\u00f8vle med en bil, n\u00e5r man kan v\u00e6re fem p\u00e5 en scooter? Hvorfor f\u00f8lge vejstriberne, n\u00e5r man bare kan overhale, som man vil? Det er i den her lidt vilde hverdag, jeg er landet. Og s\u00e5 er der en lugt, som jeg allerede lagde m\u00e6rke til i flyet \u2013 bare mere \u201ckold\u201d \u2013 en ret skarp forureningslugt, lidt m\u00e6rkelig, og den slipper man ikke rigtig for.<\/p>\n<p class=\"p1\" style=\"text-align: justify;\">Guesthouse\u2019et er virkelig hyggeligt. Nogle bor fire p\u00e5 et v\u00e6relse, vi har et til tre \u2013 men jeg har kun \u00e9n roommate: en meget h\u00f8j holl\u00e6nder (hvad er mere normalt, vil I nok sige \ud83d\ude09 )! Super s\u00f8d, bortset fra at jeg f\u00f8ler mig som en nybegynder i engelsk ved siden af :p. V\u00e6relset er stort, sengene er ret brede, men man oversv\u00f8mmer badev\u00e6relset, n\u00e5r man g\u00e5r i bad. F\u00f8rst ledte jeg efter brusekabinen \u2013 men der er bare et brusehoved!<\/p>\n<p class=\"p1\" style=\"text-align: justify;\"><a href=\"https:\/\/www.vita-explorers.dk\/blog\/wp-content\/uploads\/2014\/09\/1DSC_0907-1.jpg\"><img loading=\"lazy\" decoding=\"async\" class=\"alignright size-medium wp-image-1692\" src=\"https:\/\/www.vita-explorers.dk\/blog\/wp-content\/uploads\/2014\/09\/1DSC_0907-1-300x200.jpg\" alt=\"Emilie au Cambodge avec Globalong\" width=\"300\" height=\"200\" srcset=\"https:\/\/www.vita-explorers.dk\/blog\/wp-content\/uploads\/2014\/09\/1DSC_0907-1-300x200.jpg 300w, https:\/\/www.vita-explorers.dk\/blog\/wp-content\/uploads\/2014\/09\/1DSC_0907-1-1024x683.jpg 1024w, https:\/\/www.vita-explorers.dk\/blog\/wp-content\/uploads\/2014\/09\/1DSC_0907-1-150x100.jpg 150w\" sizes=\"(max-width: 300px) 100vw, 300px\" \/><\/a>Varmen: lidt som Montpellier p\u00e5 en solrig sommerdag, bare fugtigt og med forurening \u2013 s\u00e5 I kan nok forestille jer det; man f\u00f8ler sig lidt klistret hele tiden! Vi fik en tropisk byge tidligere, ret sjovt: h\u00f8j sol, og pludselig et helt vildt skybrud, s\u00e5 vi m\u00e5tte l\u00f8be. Selv hvis du n\u00e5r at finde regnjakken frem, er du allerede gennembl\u00f8dt.<\/p>\n<p class=\"p1\" style=\"text-align: justify;\">De andre deltagere er virkelig flinke, og de kommer fra hele verden: England, USA, New Mexico, Taiwan, Tyskland, Holland osv. Man h\u00f8rer alle mulige accenter, men de taler alle sammen virkelig godt engelsk!<\/p>\n<p class=\"p1\" style=\"text-align: justify;\"><a href=\"https:\/\/www.vita-explorers.dk\/blog\/wp-content\/uploads\/2014\/09\/DSC_0114.jpg\"><img loading=\"lazy\" decoding=\"async\" class=\"alignright size-medium wp-image-1704\" src=\"https:\/\/www.vita-explorers.dk\/blog\/wp-content\/uploads\/2014\/09\/DSC_0114-300x200.jpg\" alt=\"Cambodge b\u00e9n\u00e9volat Globalong\" width=\"300\" height=\"200\" srcset=\"https:\/\/www.vita-explorers.dk\/blog\/wp-content\/uploads\/2014\/09\/DSC_0114-300x200.jpg 300w, https:\/\/www.vita-explorers.dk\/blog\/wp-content\/uploads\/2014\/09\/DSC_0114-1024x683.jpg 1024w, https:\/\/www.vita-explorers.dk\/blog\/wp-content\/uploads\/2014\/09\/DSC_0114-150x100.jpg 150w\" sizes=\"(max-width: 300px) 100vw, 300px\" \/><\/a>Vi var ude og f\u00e5 noget at drikke p\u00e5 en lille restaurant, og bagefter bes\u00f8gte vi et historisk museum om forf\u00f8lgelserne under De R\u00f8de Khmerer i 1975. Det var ret h\u00e5rdt \u2013 eller i hvert fald ubehageligt \u2013 men vigtigt for at forst\u00e5 landets historie. Derefter tog vi forbi det kongelige palads (udefra, fordi en pige havde shorts p\u00e5, og hun skulle ovenik\u00f8bet betale ekstra for at k\u00f8be et par bukser \u2013 og da jeg siger gr\u00f8n, mener jeg s\u00e5dan en lidt falmet \u00e6blegr\u00f8n). S\u00e5 vi s\u00e5 det udefra \u2013 virkelig smukt \u2013 og bagefter var vi i et buddhistisk tempel, ret lille og enkelt, men meget smukt. Munken forklarede os om ofringer til Buddha osv. Der sad ogs\u00e5 folk og mediterede foran.<\/p>\n<p class=\"p1\" style=\"text-align: justify;\">S\u00e5 tog vi tilbage. Jeg viste mine billeder til min roommate, vi snakkede lidt, og nu skriver jeg til jer! Vi skal vist spise om 1,5 time (18.30 lokal tid).<\/p>\n<p class=\"p1\" style=\"text-align: justify;\">Se VITAs internationale forl\u00f8b i Cambodja <span style=\"text-decoration: underline;\"><a href=\"https:\/\/www.vita-explorers.dk\/frivilligt-arbejde\/frivilligt-arbejde-cambodja-boern.html\">frivilligt arbejde med b\u00f8rn<\/a><\/span><\/p>\n<p class=\"p1\" style=\"text-align: justify;\"><span style=\"text-decoration: underline;\"><a href=\"mailto:info@globalong.com\">Kontakt os her<\/a><\/span><\/p>\n<p class=\"p1\" style=\"text-align: justify;\">Har du lyst til at se billeder fra deltagere i Cambodja? <span style=\"text-decoration: underline;\"><a href=\"https:\/\/www.flickr.com\/photos\/globalong\/albums\/72157639827967953\" target=\"_blank\">S\u00e5 kig her<\/a><\/span><\/p>\n","protected":false},"excerpt":{"rendered":"<p>Hej alle! Her er dag 1 af eventyret! Da vi blev hentet (vi var tre franske piger p\u00e5 18\u201319 \u00e5r), k\u00f8rte vi i tuk-tuk\u2026<\/p>\n","protected":false},"author":1,"featured_media":337,"comment_status":"open","ping_status":"open","sticky":false,"template":"","format":"standard","meta":{"footnotes":""},"categories":[12,8,1,6,3,4],"tags":[17,71,70],"yoast_head":"<!-- This site is optimized with the Yoast SEO Premium plugin v23.4 (Yoast SEO v23.4) - https:\/\/yoast.com\/wordpress\/plugins\/seo\/ -->\n<title>Emilies f\u00f8rste dag i Cambodja - VITA Explorers Blog<\/title>\n<meta name=\"robots\" content=\"index, follow, max-snippet:-1, max-image-preview:large, max-video-preview:-1\" \/>\n<link rel=\"canonical\" href=\"https:\/\/www.vita-explorers.dk\/blog\/emilies-foerste-dag-i-cambodja\/\" \/>\n<meta property=\"og:locale\" content=\"da_DK\" \/>\n<meta property=\"og:type\" content=\"article\" \/>\n<meta property=\"og:title\" content=\"Emilies f\u00f8rste dag i Cambodja\" \/>\n<meta property=\"og:description\" content=\"Hej alle! Her er dag 1 af eventyret! Da vi blev hentet (vi var tre franske piger p\u00e5 18\u201319 \u00e5r), k\u00f8rte vi i tuk-tuk\u2026\" \/>\n<meta property=\"og:url\" content=\"https:\/\/www.vita-explorers.dk\/blog\/emilies-foerste-dag-i-cambodja\/\" \/>\n<meta property=\"og:site_name\" content=\"VITA Explorers Blog\" \/>\n<meta property=\"article:publisher\" content=\"https:\/\/www.facebook.com\/globalong\" \/>\n<meta property=\"article:published_time\" content=\"2014-09-11T07:53:28+00:00\" \/>\n<meta property=\"article:modified_time\" content=\"2016-03-20T13:33:40+00:00\" \/>\n<meta property=\"og:image\" content=\"https:\/\/www.vita-explorers.dk\/blog\/wp-content\/uploads\/2014\/09\/b\u00e9n\u00e9voles-au-match-cambodge-globalong.jpg\" \/>\n\t<meta property=\"og:image:width\" content=\"1024\" \/>\n\t<meta property=\"og:image:height\" content=\"768\" \/>\n\t<meta property=\"og:image:type\" content=\"image\/jpeg\" \/>\n<meta name=\"author\" content=\"VITA Tribe\" \/>\n<meta name=\"twitter:card\" content=\"summary_large_image\" \/>\n<meta name=\"twitter:label1\" content=\"Skrevet af\" \/>\n\t<meta name=\"twitter:data1\" content=\"VITA Tribe\" \/>\n\t<meta name=\"twitter:label2\" content=\"Estimeret l\u00e6setid\" \/>\n\t<meta name=\"twitter:data2\" content=\"2 minutter\" \/>\n<script type=\"application\/ld+json\" class=\"yoast-schema-graph\">{\"@context\":\"https:\/\/schema.org\",\"@graph\":[{\"@type\":\"Article\",\"@id\":\"https:\/\/www.vita-explorers.dk\/blog\/emilies-foerste-dag-i-cambodja\/#article\",\"isPartOf\":{\"@id\":\"https:\/\/www.vita-explorers.dk\/blog\/emilies-foerste-dag-i-cambodja\/\"},\"author\":{\"name\":\"VITA Tribe\",\"@id\":\"https:\/\/www.vita-explorers.dk\/blog\/#\/schema\/person\/d7df267b64f23018d1dc519e78fb2735\"},\"headline\":\"Emilies f\u00f8rste dag i Cambodja\",\"datePublished\":\"2014-09-11T07:53:28+00:00\",\"dateModified\":\"2016-03-20T13:33:40+00:00\",\"mainEntityOfPage\":{\"@id\":\"https:\/\/www.vita-explorers.dk\/blog\/emilies-foerste-dag-i-cambodja\/\"},\"wordCount\":479,\"commentCount\":0,\"publisher\":{\"@id\":\"https:\/\/www.vita-explorers.dk\/blog\/#organization\"},\"image\":{\"@id\":\"https:\/\/www.vita-explorers.dk\/blog\/emilies-foerste-dag-i-cambodja\/#primaryimage\"},\"thumbnailUrl\":\"https:\/\/www.vita-explorers.dk\/blog\/wp-content\/uploads\/2014\/09\/b\u00e9n\u00e9voles-au-match-cambodge-globalong.jpg\",\"keywords\":[\"b\u00e9n\u00e9volat\",\"Cambodge\",\"r\u00e9cit de voyage\"],\"articleSection\":[\"Asien\",\"Humanit\u00e6rt frivilligt arbejde\",\"No Name\",\"Nyheder\",\"Rejser - generelle oplysninger\",\"VITA Explorers\"],\"inLanguage\":\"da-DK\",\"potentialAction\":[{\"@type\":\"CommentAction\",\"name\":\"Comment\",\"target\":[\"https:\/\/www.vita-explorers.dk\/blog\/emilies-foerste-dag-i-cambodja\/#respond\"]}]},{\"@type\":\"WebPage\",\"@id\":\"https:\/\/www.vita-explorers.dk\/blog\/emilies-foerste-dag-i-cambodja\/\",\"url\":\"https:\/\/www.vita-explorers.dk\/blog\/emilies-foerste-dag-i-cambodja\/\",\"name\":\"Emilies f\u00f8rste dag i Cambodja - VITA Explorers Blog\",\"isPartOf\":{\"@id\":\"https:\/\/www.vita-explorers.dk\/blog\/#website\"},\"primaryImageOfPage\":{\"@id\":\"https:\/\/www.vita-explorers.dk\/blog\/emilies-foerste-dag-i-cambodja\/#primaryimage\"},\"image\":{\"@id\":\"https:\/\/www.vita-explorers.dk\/blog\/emilies-foerste-dag-i-cambodja\/#primaryimage\"},\"thumbnailUrl\":\"https:\/\/www.vita-explorers.dk\/blog\/wp-content\/uploads\/2014\/09\/b\u00e9n\u00e9voles-au-match-cambodge-globalong.jpg\",\"datePublished\":\"2014-09-11T07:53:28+00:00\",\"dateModified\":\"2016-03-20T13:33:40+00:00\",\"breadcrumb\":{\"@id\":\"https:\/\/www.vita-explorers.dk\/blog\/emilies-foerste-dag-i-cambodja\/#breadcrumb\"},\"inLanguage\":\"da-DK\",\"potentialAction\":[{\"@type\":\"ReadAction\",\"target\":[\"https:\/\/www.vita-explorers.dk\/blog\/emilies-foerste-dag-i-cambodja\/\"]}]},{\"@type\":\"ImageObject\",\"inLanguage\":\"da-DK\",\"@id\":\"https:\/\/www.vita-explorers.dk\/blog\/emilies-foerste-dag-i-cambodja\/#primaryimage\",\"url\":\"https:\/\/www.vita-explorers.dk\/blog\/wp-content\/uploads\/2014\/09\/b\u00e9n\u00e9voles-au-match-cambodge-globalong.jpg\",\"contentUrl\":\"https:\/\/www.vita-explorers.dk\/blog\/wp-content\/uploads\/2014\/09\/b\u00e9n\u00e9voles-au-match-cambodge-globalong.jpg\",\"width\":1024,\"height\":768},{\"@type\":\"BreadcrumbList\",\"@id\":\"https:\/\/www.vita-explorers.dk\/blog\/emilies-foerste-dag-i-cambodja\/#breadcrumb\",\"itemListElement\":[{\"@type\":\"ListItem\",\"position\":1,\"name\":\"Accueil\",\"item\":\"https:\/\/www.vita-explorers.dk\/blog\/\"},{\"@type\":\"ListItem\",\"position\":2,\"name\":\"Emilies f\u00f8rste dag i Cambodja\"}]},{\"@type\":\"WebSite\",\"@id\":\"https:\/\/www.vita-explorers.dk\/blog\/#website\",\"url\":\"https:\/\/www.vita-explorers.dk\/blog\/\",\"name\":\"Association Globalong\",\"description\":\"Frivilligt arbejde, sprogophold, praktik i udlandet og internationale oplevelser\",\"publisher\":{\"@id\":\"https:\/\/www.vita-explorers.dk\/blog\/#organization\"},\"potentialAction\":[{\"@type\":\"SearchAction\",\"target\":{\"@type\":\"EntryPoint\",\"urlTemplate\":\"https:\/\/www.vita-explorers.dk\/blog\/?s={search_term_string}\"},\"query-input\":{\"@type\":\"PropertyValueSpecification\",\"valueRequired\":true,\"valueName\":\"search_term_string\"}}],\"inLanguage\":\"da-DK\"},{\"@type\":\"Organization\",\"@id\":\"https:\/\/www.vita-explorers.dk\/blog\/#organization\",\"name\":\"Association Globalong\",\"url\":\"https:\/\/www.vita-explorers.dk\/blog\/\",\"logo\":{\"@type\":\"ImageObject\",\"inLanguage\":\"da-DK\",\"@id\":\"https:\/\/www.vita-explorers.dk\/blog\/#\/schema\/logo\/image\/\",\"url\":\"https:\/\/www.globalong.com\/blog\/wp-content\/uploads\/2014\/11\/cropped-cropped-Logo-et-Afrique-Globalong-petite-taille-2.jpg\",\"contentUrl\":\"https:\/\/www.globalong.com\/blog\/wp-content\/uploads\/2014\/11\/cropped-cropped-Logo-et-Afrique-Globalong-petite-taille-2.jpg\",\"width\":512,\"height\":512,\"caption\":\"Association Globalong\"},\"image\":{\"@id\":\"https:\/\/www.vita-explorers.dk\/blog\/#\/schema\/logo\/image\/\"},\"sameAs\":[\"https:\/\/www.facebook.com\/globalong\"]},{\"@type\":\"Person\",\"@id\":\"https:\/\/www.vita-explorers.dk\/blog\/#\/schema\/person\/d7df267b64f23018d1dc519e78fb2735\",\"name\":\"VITA Tribe\",\"image\":{\"@type\":\"ImageObject\",\"inLanguage\":\"da-DK\",\"@id\":\"https:\/\/www.vita-explorers.dk\/blog\/#\/schema\/person\/image\/\",\"url\":\"https:\/\/secure.gravatar.com\/avatar\/81461bcc213d0ff2bdc043d4206648f0?s=96&d=mm&r=g\",\"contentUrl\":\"https:\/\/secure.gravatar.com\/avatar\/81461bcc213d0ff2bdc043d4206648f0?s=96&d=mm&r=g\",\"caption\":\"VITA Tribe\"},\"sameAs\":[\"https:\/\/www.globalong.com\"],\"url\":\"https:\/\/www.vita-explorers.dk\/blog\/author\/sophie\/\"}]}<\/script>\n<!-- \/ Yoast SEO Premium plugin. -->","yoast_head_json":{"title":"Emilies f\u00f8rste dag i Cambodja - VITA Explorers Blog","robots":{"index":"index","follow":"follow","max-snippet":"max-snippet:-1","max-image-preview":"max-image-preview:large","max-video-preview":"max-video-preview:-1"},"canonical":"https:\/\/www.vita-explorers.dk\/blog\/emilies-foerste-dag-i-cambodja\/","og_locale":"da_DK","og_type":"article","og_title":"Emilies f\u00f8rste dag i Cambodja","og_description":"Hej alle! Her er dag 1 af eventyret! Da vi blev hentet (vi var tre franske piger p\u00e5 18\u201319 \u00e5r), k\u00f8rte vi i tuk-tuk\u2026","og_url":"https:\/\/www.vita-explorers.dk\/blog\/emilies-foerste-dag-i-cambodja\/","og_site_name":"VITA Explorers Blog","article_publisher":"https:\/\/www.facebook.com\/globalong","article_published_time":"2014-09-11T07:53:28+00:00","article_modified_time":"2016-03-20T13:33:40+00:00","og_image":[{"width":1024,"height":768,"url":"https:\/\/www.vita-explorers.dk\/blog\/wp-content\/uploads\/2014\/09\/b\u00e9n\u00e9voles-au-match-cambodge-globalong.jpg","type":"image\/jpeg"}],"author":"VITA Tribe","twitter_card":"summary_large_image","twitter_misc":{"Skrevet af":"VITA Tribe","Estimeret l\u00e6setid":"2 minutter"},"schema":{"@context":"https:\/\/schema.org","@graph":[{"@type":"Article","@id":"https:\/\/www.vita-explorers.dk\/blog\/emilies-foerste-dag-i-cambodja\/#article","isPartOf":{"@id":"https:\/\/www.vita-explorers.dk\/blog\/emilies-foerste-dag-i-cambodja\/"},"author":{"name":"VITA Tribe","@id":"https:\/\/www.vita-explorers.dk\/blog\/#\/schema\/person\/d7df267b64f23018d1dc519e78fb2735"},"headline":"Emilies f\u00f8rste dag i Cambodja","datePublished":"2014-09-11T07:53:28+00:00","dateModified":"2016-03-20T13:33:40+00:00","mainEntityOfPage":{"@id":"https:\/\/www.vita-explorers.dk\/blog\/emilies-foerste-dag-i-cambodja\/"},"wordCount":479,"commentCount":0,"publisher":{"@id":"https:\/\/www.vita-explorers.dk\/blog\/#organization"},"image":{"@id":"https:\/\/www.vita-explorers.dk\/blog\/emilies-foerste-dag-i-cambodja\/#primaryimage"},"thumbnailUrl":"https:\/\/www.vita-explorers.dk\/blog\/wp-content\/uploads\/2014\/09\/b\u00e9n\u00e9voles-au-match-cambodge-globalong.jpg","keywords":["b\u00e9n\u00e9volat","Cambodge","r\u00e9cit de voyage"],"articleSection":["Asien","Humanit\u00e6rt frivilligt arbejde","No Name","Nyheder","Rejser - generelle oplysninger","VITA Explorers"],"inLanguage":"da-DK","potentialAction":[{"@type":"CommentAction","name":"Comment","target":["https:\/\/www.vita-explorers.dk\/blog\/emilies-foerste-dag-i-cambodja\/#respond"]}]},{"@type":"WebPage","@id":"https:\/\/www.vita-explorers.dk\/blog\/emilies-foerste-dag-i-cambodja\/","url":"https:\/\/www.vita-explorers.dk\/blog\/emilies-foerste-dag-i-cambodja\/","name":"Emilies f\u00f8rste dag i Cambodja - VITA Explorers Blog","isPartOf":{"@id":"https:\/\/www.vita-explorers.dk\/blog\/#website"},"primaryImageOfPage":{"@id":"https:\/\/www.vita-explorers.dk\/blog\/emilies-foerste-dag-i-cambodja\/#primaryimage"},"image":{"@id":"https:\/\/www.vita-explorers.dk\/blog\/emilies-foerste-dag-i-cambodja\/#primaryimage"},"thumbnailUrl":"https:\/\/www.vita-explorers.dk\/blog\/wp-content\/uploads\/2014\/09\/b\u00e9n\u00e9voles-au-match-cambodge-globalong.jpg","datePublished":"2014-09-11T07:53:28+00:00","dateModified":"2016-03-20T13:33:40+00:00","breadcrumb":{"@id":"https:\/\/www.vita-explorers.dk\/blog\/emilies-foerste-dag-i-cambodja\/#breadcrumb"},"inLanguage":"da-DK","potentialAction":[{"@type":"ReadAction","target":["https:\/\/www.vita-explorers.dk\/blog\/emilies-foerste-dag-i-cambodja\/"]}]},{"@type":"ImageObject","inLanguage":"da-DK","@id":"https:\/\/www.vita-explorers.dk\/blog\/emilies-foerste-dag-i-cambodja\/#primaryimage","url":"https:\/\/www.vita-explorers.dk\/blog\/wp-content\/uploads\/2014\/09\/b\u00e9n\u00e9voles-au-match-cambodge-globalong.jpg","contentUrl":"https:\/\/www.vita-explorers.dk\/blog\/wp-content\/uploads\/2014\/09\/b\u00e9n\u00e9voles-au-match-cambodge-globalong.jpg","width":1024,"height":768},{"@type":"BreadcrumbList","@id":"https:\/\/www.vita-explorers.dk\/blog\/emilies-foerste-dag-i-cambodja\/#breadcrumb","itemListElement":[{"@type":"ListItem","position":1,"name":"Accueil","item":"https:\/\/www.vita-explorers.dk\/blog\/"},{"@type":"ListItem","position":2,"name":"Emilies f\u00f8rste dag i Cambodja"}]},{"@type":"WebSite","@id":"https:\/\/www.vita-explorers.dk\/blog\/#website","url":"https:\/\/www.vita-explorers.dk\/blog\/","name":"Association Globalong","description":"Frivilligt arbejde, sprogophold, praktik i udlandet og internationale oplevelser","publisher":{"@id":"https:\/\/www.vita-explorers.dk\/blog\/#organization"},"potentialAction":[{"@type":"SearchAction","target":{"@type":"EntryPoint","urlTemplate":"https:\/\/www.vita-explorers.dk\/blog\/?s={search_term_string}"},"query-input":{"@type":"PropertyValueSpecification","valueRequired":true,"valueName":"search_term_string"}}],"inLanguage":"da-DK"},{"@type":"Organization","@id":"https:\/\/www.vita-explorers.dk\/blog\/#organization","name":"Association Globalong","url":"https:\/\/www.vita-explorers.dk\/blog\/","logo":{"@type":"ImageObject","inLanguage":"da-DK","@id":"https:\/\/www.vita-explorers.dk\/blog\/#\/schema\/logo\/image\/","url":"https:\/\/www.globalong.com\/blog\/wp-content\/uploads\/2014\/11\/cropped-cropped-Logo-et-Afrique-Globalong-petite-taille-2.jpg","contentUrl":"https:\/\/www.globalong.com\/blog\/wp-content\/uploads\/2014\/11\/cropped-cropped-Logo-et-Afrique-Globalong-petite-taille-2.jpg","width":512,"height":512,"caption":"Association Globalong"},"image":{"@id":"https:\/\/www.vita-explorers.dk\/blog\/#\/schema\/logo\/image\/"},"sameAs":["https:\/\/www.facebook.com\/globalong"]},{"@type":"Person","@id":"https:\/\/www.vita-explorers.dk\/blog\/#\/schema\/person\/d7df267b64f23018d1dc519e78fb2735","name":"VITA Tribe","image":{"@type":"ImageObject","inLanguage":"da-DK","@id":"https:\/\/www.vita-explorers.dk\/blog\/#\/schema\/person\/image\/","url":"https:\/\/secure.gravatar.com\/avatar\/81461bcc213d0ff2bdc043d4206648f0?s=96&d=mm&r=g","contentUrl":"https:\/\/secure.gravatar.com\/avatar\/81461bcc213d0ff2bdc043d4206648f0?s=96&d=mm&r=g","caption":"VITA Tribe"},"sameAs":["https:\/\/www.globalong.com"],"url":"https:\/\/www.vita-explorers.dk\/blog\/author\/sophie\/"}]}},"_links":{"self":[{"href":"https:\/\/www.vita-explorers.dk\/blog\/wp-json\/wp\/v2\/posts\/336"}],"collection":[{"href":"https:\/\/www.vita-explorers.dk\/blog\/wp-json\/wp\/v2\/posts"}],"about":[{"href":"https:\/\/www.vita-explorers.dk\/blog\/wp-json\/wp\/v2\/types\/post"}],"author":[{"embeddable":true,"href":"https:\/\/www.vita-explorers.dk\/blog\/wp-json\/wp\/v2\/users\/1"}],"replies":[{"embeddable":true,"href":"https:\/\/www.vita-explorers.dk\/blog\/wp-json\/wp\/v2\/comments?post=336"}],"version-history":[{"count":28,"href":"https:\/\/www.vita-explorers.dk\/blog\/wp-json\/wp\/v2\/posts\/336\/revisions"}],"predecessor-version":[{"id":1710,"href":"https:\/\/www.vita-explorers.dk\/blog\/wp-json\/wp\/v2\/posts\/336\/revisions\/1710"}],"wp:featuredmedia":[{"embeddable":true,"href":"https:\/\/www.vita-explorers.dk\/blog\/wp-json\/wp\/v2\/media\/337"}],"wp:attachment":[{"href":"https:\/\/www.vita-explorers.dk\/blog\/wp-json\/wp\/v2\/media?parent=336"}],"wp:term":[{"taxonomy":"category","embeddable":true,"href":"https:\/\/www.vita-explorers.dk\/blog\/wp-json\/wp\/v2\/categories?post=336"},{"taxonomy":"post_tag","embeddable":true,"href":"https:\/\/www.vita-explorers.dk\/blog\/wp-json\/wp\/v2\/tags?post=336"}],"curies":[{"name":"wp","href":"https:\/\/api.w.org\/{rel}","templated":true}]}}