{"id":347,"date":"2014-10-17T14:48:26","date_gmt":"2014-10-17T12:48:26","guid":{"rendered":"https:\/\/www.globalong.com\/blog\/?p=347"},"modified":"2016-03-20T14:33:40","modified_gmt":"2016-03-20T13:33:40","slug":"glem-ingen-taenk-beslut-og-handle-sammen-mod-ekstrem-fattigdom","status":"publish","type":"post","link":"https:\/\/www.vita-explorers.dk\/blog\/glem-ingen-taenk-beslut-og-handle-sammen-mod-ekstrem-fattigdom\/","title":{"rendered":"Lad os ikke glemme nogen: Lad os t\u00e6nke, beslutte og handle sammen mod ekstrem fattigdom"},"content":{"rendered":"<p style=\"text-align: justify;\"><img loading=\"lazy\" decoding=\"async\" class=\"alignright wp-image-348\" src=\"https:\/\/www.vita-explorers.dk\/blog\/wp-content\/uploads\/2014\/10\/Capture-d\u2019\u00e9cran-2014-10-17-\u00e0-14.46.29.png\" alt=\"Refuser la mis\u00e8re\" width=\"300\" height=\"227\" srcset=\"https:\/\/www.vita-explorers.dk\/blog\/wp-content\/uploads\/2014\/10\/Capture-d\u2019\u00e9cran-2014-10-17-\u00e0-14.46.29.png 278w, https:\/\/www.vita-explorers.dk\/blog\/wp-content\/uploads\/2014\/10\/Capture-d\u2019\u00e9cran-2014-10-17-\u00e0-14.46.29-150x113.png 150w\" sizes=\"(max-width: 300px) 100vw, 300px\" \/>Siden 1993 er den 17. oktober blevet markeret som <strong><em>&#8220;den internationale dag for afskaffelse af fattigdom&#8221;<\/em><\/strong>. Dagen blev etableret for at \u00f8ge bevidstheden om n\u00f8dvendigheden af at udrydde fattigdom og n\u00f8d i alle lande.<\/p>\n<p style=\"text-align: justify;\">\u00c5rets tema (2014) er: <strong><em>&#8220;Glem ingen: T\u00e6nk, beslut og handle sammen mod ekstrem fattigdom&#8221;.<\/em><\/strong><em> <\/em><\/p>\n<p style=\"text-align: justify;\">Ordene &#8220;glem ingen&#8221; understreger, hvor vigtigt det er at bek\u00e6mpe diskrimination, marginalisering og udelukkelse <a href=\"https:\/\/www.vita-explorers.dk\/blog\/wp-content\/uploads\/2014\/10\/Voyager-autrement-1.jpg\"><img loading=\"lazy\" decoding=\"async\" class=\"alignright wp-image-1622 size-medium\" src=\"https:\/\/www.vita-explorers.dk\/blog\/wp-content\/uploads\/2014\/10\/Voyager-autrement-1-300x202.jpg\" alt=\"Mission contre l'extr\u00eame pauvret\u00e9 avec Globalong\" width=\"300\" height=\"202\" srcset=\"https:\/\/www.vita-explorers.dk\/blog\/wp-content\/uploads\/2014\/10\/Voyager-autrement-1-300x202.jpg 300w, https:\/\/www.vita-explorers.dk\/blog\/wp-content\/uploads\/2014\/10\/Voyager-autrement-1-1024x689.jpg 1024w, https:\/\/www.vita-explorers.dk\/blog\/wp-content\/uploads\/2014\/10\/Voyager-autrement-1-150x101.jpg 150w, https:\/\/www.vita-explorers.dk\/blog\/wp-content\/uploads\/2014\/10\/Voyager-autrement-1.jpg 1100w\" sizes=\"(max-width: 300px) 100vw, 300px\" \/><\/a>af mennesker p\u00e5 grund af deres levevilk\u00e5r, etnicitet, k\u00f8n, alder, handicap eller socio\u00f8konomiske situation. Det er gennem f\u00e6lles handling, at vi kan n\u00e5 mennesker, der lever i fattigdom \u2013 og dem, der st\u00e5r uden for f\u00e6llesskabet.<\/p>\n<p style=\"text-align: justify;\">S\u00e6tningen &#8220;t\u00e6nk, beslut og handle sammen mod ekstrem fattigdom&#8221; peger p\u00e5 behovet for at inddrage mennesker, der lever i fattigdom, s\u00e5 de kan bidrage til, at internationale organisationer styrker deres viden om udviklingsarbejde.<a href=\"https:\/\/www.vita-explorers.dk\/blog\/wp-content\/uploads\/2014\/10\/panneaux-voyages.jpg\"><img loading=\"lazy\" decoding=\"async\" class=\"alignright size-medium wp-image-1624\" src=\"https:\/\/www.vita-explorers.dk\/blog\/wp-content\/uploads\/2014\/10\/panneaux-voyages-300x200.jpg\" alt=\"Mission de lutte contre la puavret\u00e9 dans le monde entier\" width=\"300\" height=\"200\" srcset=\"https:\/\/www.vita-explorers.dk\/blog\/wp-content\/uploads\/2014\/10\/panneaux-voyages-300x200.jpg 300w, https:\/\/www.vita-explorers.dk\/blog\/wp-content\/uploads\/2014\/10\/panneaux-voyages-150x100.jpg 150w, https:\/\/www.vita-explorers.dk\/blog\/wp-content\/uploads\/2014\/10\/panneaux-voyages.jpg 460w\" sizes=\"(max-width: 300px) 100vw, 300px\" \/><\/a> Det handler om at skabe en mere retf\u00e6rdig og b\u00e6redygtig \u00f8konomi, som respekterer milj\u00f8et, skaber jobmuligheder for alle og sikrer kvalitetsuddannelse og adgang til sundhed for alle \u2013 ogs\u00e5 for mennesker, der lever i fattigdom.<\/p>\n<p style=\"text-align: justify;\">Det er blandt andet den internationale bev\u00e6gelse ATD Quart Monde, der arbejder for, at flere engagerer sig og bliver opm\u00e6rksomme p\u00e5, hvor vigtigt det er at bek\u00e6mpe fattigdom i verden.<\/p>\n<p style=\"text-align: justify;\">Blandt de aktiviteter, der er planlagt i \u00e5r i Frankrig og internationalt, kan n\u00e6vnes:<\/p>\n<ul style=\"text-align: justify;\">\n<li> <a href=\"https:\/\/www.vita-explorers.dk\/blog\/wp-content\/uploads\/2014\/10\/dictionnaire.jpg\"><img loading=\"lazy\" decoding=\"async\" class=\"alignright size-medium wp-image-1628\" src=\"https:\/\/www.vita-explorers.dk\/blog\/wp-content\/uploads\/2014\/10\/dictionnaire-300x210.jpg\" alt=\"Partir en mission avec Globalong\" width=\"300\" height=\"210\" srcset=\"https:\/\/www.vita-explorers.dk\/blog\/wp-content\/uploads\/2014\/10\/dictionnaire.jpg 300w, https:\/\/www.vita-explorers.dk\/blog\/wp-content\/uploads\/2014\/10\/dictionnaire-150x105.jpg 150w\" sizes=\"(max-width: 300px) 100vw, 300px\" \/><\/a>en udstilling i New York med kunstgenstande skabt i f\u00e6llesskab af mennesker, der lever i fattigdom<\/li>\n<li>aktiviteter og udstillinger i Colmar<\/li>\n<li>workshops og markeringer i Mulhouse<\/li>\n<li>aktiviteter og oplysningskampagner i Toulouse<\/li>\n<li>opl\u00e6sninger og aktiviteter i Seilh<\/li>\n<li>et m\u00f8de i Caen<\/li>\n<li>og meget mere \u2013 kontakt din kommune for at h\u00f8re n\u00e6rmere<\/li>\n<\/ul>\n<p style=\"text-align: justify;\">I g\u00e5r (den 16. oktober) blev der afholdt en rundbordssamtale i FN\u2019s hovedkvarter i New York om de uforholdsm\u00e6ssigt store konsekvenser, fattigdom har for kvinder, og om de bidrag, kvinder kan give i kampen mod fattigdom.<\/p>\n<p style=\"text-align: justify;\">Hvis du vil deltage i samtalen p\u00e5 sociale medier, s\u00e5 brug #EndPoverty!<\/p>\n<p style=\"text-align: justify;\">Du kan downloade <span style=\"text-decoration: underline;\"><a href=\"http:\/\/refuserlamisere.org\/sites\/default\/files\/2013_charte_internationale-journee_mondiale_du_refus_de_la_misere_0.pdf\" target=\"_blank\">dagens internationale charter her.<\/a><\/span><\/p>\n<p style=\"text-align: justify;\"><span style=\"text-decoration: underline;\"><a href=\"http:\/\/www.un.org\/fr\/events\/povertyday\/\" target=\"_blank\">Kilde<\/a><\/span><\/p>\n<p style=\"text-align: justify;\">For mere information kan du kontakte os p\u00e5 <span style=\"text-decoration: underline;\"><a href=\"mailto:info@globalong.com\">info@globalong.com<\/a><\/span><\/p>\n<p style=\"text-align: justify;\">Du kan ogs\u00e5 tage af sted p\u00e5 et forl\u00f8b for at st\u00f8tte indsatsen mod ekstrem fattigdom ved at<span style=\"text-decoration: underline;\"> <a href=\"https:\/\/www.vita-explorers.dk\" target=\"_blank\">klikke her<\/a><\/span>!<\/p>\n<p style=\"text-align: justify;\"><span style=\"text-decoration: underline;\"><a href=\"https:\/\/www.flickr.com\/photos\/globalong\/albums\/\" target=\"_blank\">Se vores billeder<\/a><\/span><\/p>\n","protected":false},"excerpt":{"rendered":"<p>Siden 1993 er den 17. oktober blevet markeret som &#8220;den internationale dag for afskaffelse af fattigdom&#8221;. Dagen blev etableret for at \u00f8ge bevidstheden om\u2026<\/p>\n","protected":false},"author":1,"featured_media":348,"comment_status":"open","ping_status":"open","sticky":false,"template":"","format":"standard","meta":{"footnotes":""},"categories":[1,6,3,4],"tags":[78,59,77,76],"yoast_head":"<!-- This site is optimized with the Yoast SEO Premium plugin v23.4 (Yoast SEO v23.4) - https:\/\/yoast.com\/wordpress\/plugins\/seo\/ -->\n<title>Lad os ikke glemme nogen: Lad os t\u00e6nke, beslutte og handle sammen mod ekstrem fattigdom - VITA Explorers Blog<\/title>\n<meta name=\"robots\" content=\"index, follow, max-snippet:-1, max-image-preview:large, max-video-preview:-1\" \/>\n<link rel=\"canonical\" href=\"https:\/\/www.vita-explorers.dk\/blog\/Glem%20ingen%20\u2013%20taenk,%20beslut%20og%20handle%20sammen%20mod%20ekstrem%20fattigdom\/\" \/>\n<meta property=\"og:locale\" content=\"da_DK\" \/>\n<meta property=\"og:type\" content=\"article\" \/>\n<meta property=\"og:title\" content=\"Lad os ikke glemme nogen: Lad os t\u00e6nke, beslutte og handle sammen mod ekstrem fattigdom\" \/>\n<meta property=\"og:description\" content=\"Siden 1993 er den 17. oktober blevet markeret som &#8220;den internationale dag for afskaffelse af fattigdom&#8221;. Dagen blev etableret for at \u00f8ge bevidstheden om\u2026\" \/>\n<meta property=\"og:url\" content=\"https:\/\/www.vita-explorers.dk\/blog\/Glem ingen \u2013 taenk, beslut og handle sammen mod ekstrem fattigdom\/\" \/>\n<meta property=\"og:site_name\" content=\"VITA Explorers Blog\" \/>\n<meta property=\"article:publisher\" content=\"https:\/\/www.facebook.com\/globalong\" \/>\n<meta property=\"article:published_time\" content=\"2014-10-17T12:48:26+00:00\" \/>\n<meta property=\"article:modified_time\" content=\"2016-03-20T13:33:40+00:00\" \/>\n<meta property=\"og:image\" content=\"https:\/\/www.vita-explorers.dk\/blog\/wp-content\/uploads\/2014\/10\/Capture-d\u2019\u00e9cran-2014-10-17-\u00e0-14.46.29.png\" \/>\n\t<meta property=\"og:image:width\" content=\"278\" \/>\n\t<meta property=\"og:image:height\" content=\"210\" \/>\n\t<meta property=\"og:image:type\" content=\"image\/png\" \/>\n<meta name=\"author\" content=\"VITA Tribe\" \/>\n<meta name=\"twitter:card\" content=\"summary_large_image\" \/>\n<meta name=\"twitter:label1\" content=\"Skrevet af\" \/>\n\t<meta name=\"twitter:data1\" content=\"VITA Tribe\" \/>\n\t<meta name=\"twitter:label2\" content=\"Estimeret l\u00e6setid\" \/>\n\t<meta name=\"twitter:data2\" content=\"2 minutter\" \/>\n<script type=\"application\/ld+json\" class=\"yoast-schema-graph\">{\"@context\":\"https:\/\/schema.org\",\"@graph\":[{\"@type\":\"Article\",\"@id\":\"https:\/\/www.vita-explorers.dk\/blog\/Glem ingen \u2013 taenk, beslut og handle sammen mod ekstrem fattigdom\/#article\",\"isPartOf\":{\"@id\":\"https:\/\/www.vita-explorers.dk\/blog\/Glem ingen \u2013 taenk, beslut og handle sammen mod ekstrem fattigdom\/\"},\"author\":{\"name\":\"VITA Tribe\",\"@id\":\"https:\/\/www.vita-explorers.dk\/blog\/#\/schema\/person\/d7df267b64f23018d1dc519e78fb2735\"},\"headline\":\"Lad os ikke glemme nogen: Lad os t\u00e6nke, beslutte og handle sammen mod ekstrem fattigdom\",\"datePublished\":\"2014-10-17T12:48:26+00:00\",\"dateModified\":\"2016-03-20T13:33:40+00:00\",\"mainEntityOfPage\":{\"@id\":\"https:\/\/www.vita-explorers.dk\/blog\/Glem ingen \u2013 taenk, beslut og handle sammen mod ekstrem fattigdom\/\"},\"wordCount\":389,\"commentCount\":0,\"publisher\":{\"@id\":\"https:\/\/www.vita-explorers.dk\/blog\/#organization\"},\"image\":{\"@id\":\"https:\/\/www.vita-explorers.dk\/blog\/Glem ingen \u2013 taenk, beslut og handle sammen mod ekstrem fattigdom\/#primaryimage\"},\"thumbnailUrl\":\"https:\/\/www.vita-explorers.dk\/blog\/wp-content\/uploads\/2014\/10\/Capture-d\u2019\u00e9cran-2014-10-17-\u00e0-14.46.29.png\",\"keywords\":[\"17 octobre\",\"journ\u00e9e internationale\",\"mis\u00e8re\",\"pauvret\u00e9\"],\"articleSection\":[\"No Name\",\"Nyheder\",\"Rejser - generelle oplysninger\",\"VITA Explorers\"],\"inLanguage\":\"da-DK\",\"potentialAction\":[{\"@type\":\"CommentAction\",\"name\":\"Comment\",\"target\":[\"https:\/\/www.vita-explorers.dk\/blog\/Glem ingen \u2013 taenk, beslut og handle sammen mod ekstrem fattigdom\/#respond\"]}]},{\"@type\":\"WebPage\",\"@id\":\"https:\/\/www.vita-explorers.dk\/blog\/Glem ingen \u2013 taenk, beslut og handle sammen mod ekstrem fattigdom\/\",\"url\":\"https:\/\/www.vita-explorers.dk\/blog\/Glem ingen \u2013 taenk, beslut og handle sammen mod ekstrem fattigdom\/\",\"name\":\"Lad os ikke glemme nogen: Lad os t\u00e6nke, beslutte og handle sammen mod ekstrem fattigdom - VITA Explorers Blog\",\"isPartOf\":{\"@id\":\"https:\/\/www.vita-explorers.dk\/blog\/#website\"},\"primaryImageOfPage\":{\"@id\":\"https:\/\/www.vita-explorers.dk\/blog\/Glem ingen \u2013 taenk, beslut og handle sammen mod ekstrem fattigdom\/#primaryimage\"},\"image\":{\"@id\":\"https:\/\/www.vita-explorers.dk\/blog\/Glem ingen \u2013 taenk, beslut og handle sammen mod ekstrem fattigdom\/#primaryimage\"},\"thumbnailUrl\":\"https:\/\/www.vita-explorers.dk\/blog\/wp-content\/uploads\/2014\/10\/Capture-d\u2019\u00e9cran-2014-10-17-\u00e0-14.46.29.png\",\"datePublished\":\"2014-10-17T12:48:26+00:00\",\"dateModified\":\"2016-03-20T13:33:40+00:00\",\"breadcrumb\":{\"@id\":\"https:\/\/www.vita-explorers.dk\/blog\/Glem ingen \u2013 taenk, beslut og handle sammen mod ekstrem fattigdom\/#breadcrumb\"},\"inLanguage\":\"da-DK\",\"potentialAction\":[{\"@type\":\"ReadAction\",\"target\":[\"https:\/\/www.vita-explorers.dk\/blog\/Glem ingen \u2013 taenk, beslut og handle sammen mod ekstrem fattigdom\/\"]}]},{\"@type\":\"ImageObject\",\"inLanguage\":\"da-DK\",\"@id\":\"https:\/\/www.vita-explorers.dk\/blog\/Glem ingen \u2013 taenk, beslut og handle sammen mod ekstrem fattigdom\/#primaryimage\",\"url\":\"https:\/\/www.vita-explorers.dk\/blog\/wp-content\/uploads\/2014\/10\/Capture-d\u2019\u00e9cran-2014-10-17-\u00e0-14.46.29.png\",\"contentUrl\":\"https:\/\/www.vita-explorers.dk\/blog\/wp-content\/uploads\/2014\/10\/Capture-d\u2019\u00e9cran-2014-10-17-\u00e0-14.46.29.png\",\"width\":278,\"height\":210},{\"@type\":\"BreadcrumbList\",\"@id\":\"https:\/\/www.vita-explorers.dk\/blog\/Glem ingen \u2013 taenk, beslut og handle sammen mod ekstrem fattigdom\/#breadcrumb\",\"itemListElement\":[{\"@type\":\"ListItem\",\"position\":1,\"name\":\"Accueil\",\"item\":\"https:\/\/www.vita-explorers.dk\/blog\/\"},{\"@type\":\"ListItem\",\"position\":2,\"name\":\"Lad os ikke glemme nogen: Lad os t\u00e6nke, beslutte og handle sammen mod ekstrem fattigdom\"}]},{\"@type\":\"WebSite\",\"@id\":\"https:\/\/www.vita-explorers.dk\/blog\/#website\",\"url\":\"https:\/\/www.vita-explorers.dk\/blog\/\",\"name\":\"Association Globalong\",\"description\":\"Frivilligt arbejde, sprogophold, praktik i udlandet og internationale oplevelser\",\"publisher\":{\"@id\":\"https:\/\/www.vita-explorers.dk\/blog\/#organization\"},\"potentialAction\":[{\"@type\":\"SearchAction\",\"target\":{\"@type\":\"EntryPoint\",\"urlTemplate\":\"https:\/\/www.vita-explorers.dk\/blog\/?s={search_term_string}\"},\"query-input\":{\"@type\":\"PropertyValueSpecification\",\"valueRequired\":true,\"valueName\":\"search_term_string\"}}],\"inLanguage\":\"da-DK\"},{\"@type\":\"Organization\",\"@id\":\"https:\/\/www.vita-explorers.dk\/blog\/#organization\",\"name\":\"Association Globalong\",\"url\":\"https:\/\/www.vita-explorers.dk\/blog\/\",\"logo\":{\"@type\":\"ImageObject\",\"inLanguage\":\"da-DK\",\"@id\":\"https:\/\/www.vita-explorers.dk\/blog\/#\/schema\/logo\/image\/\",\"url\":\"https:\/\/www.globalong.com\/blog\/wp-content\/uploads\/2014\/11\/cropped-cropped-Logo-et-Afrique-Globalong-petite-taille-2.jpg\",\"contentUrl\":\"https:\/\/www.globalong.com\/blog\/wp-content\/uploads\/2014\/11\/cropped-cropped-Logo-et-Afrique-Globalong-petite-taille-2.jpg\",\"width\":512,\"height\":512,\"caption\":\"Association Globalong\"},\"image\":{\"@id\":\"https:\/\/www.vita-explorers.dk\/blog\/#\/schema\/logo\/image\/\"},\"sameAs\":[\"https:\/\/www.facebook.com\/globalong\"]},{\"@type\":\"Person\",\"@id\":\"https:\/\/www.vita-explorers.dk\/blog\/#\/schema\/person\/d7df267b64f23018d1dc519e78fb2735\",\"name\":\"VITA Tribe\",\"image\":{\"@type\":\"ImageObject\",\"inLanguage\":\"da-DK\",\"@id\":\"https:\/\/www.vita-explorers.dk\/blog\/#\/schema\/person\/image\/\",\"url\":\"https:\/\/secure.gravatar.com\/avatar\/81461bcc213d0ff2bdc043d4206648f0?s=96&d=mm&r=g\",\"contentUrl\":\"https:\/\/secure.gravatar.com\/avatar\/81461bcc213d0ff2bdc043d4206648f0?s=96&d=mm&r=g\",\"caption\":\"VITA Tribe\"},\"sameAs\":[\"https:\/\/www.globalong.com\"],\"url\":\"https:\/\/www.vita-explorers.dk\/blog\/author\/sophie\/\"}]}<\/script>\n<!-- \/ Yoast SEO Premium plugin. -->","yoast_head_json":{"title":"Lad os ikke glemme nogen: Lad os t\u00e6nke, beslutte og handle sammen mod ekstrem fattigdom - VITA Explorers Blog","robots":{"index":"index","follow":"follow","max-snippet":"max-snippet:-1","max-image-preview":"max-image-preview:large","max-video-preview":"max-video-preview:-1"},"canonical":"https:\/\/www.vita-explorers.dk\/blog\/Glem ingen \u2013 taenk, beslut og handle sammen mod ekstrem fattigdom\/","og_locale":"da_DK","og_type":"article","og_title":"Lad os ikke glemme nogen: Lad os t\u00e6nke, beslutte og handle sammen mod ekstrem fattigdom","og_description":"Siden 1993 er den 17. oktober blevet markeret som &#8220;den internationale dag for afskaffelse af fattigdom&#8221;. Dagen blev etableret for at \u00f8ge bevidstheden om\u2026","og_url":"https:\/\/www.vita-explorers.dk\/blog\/Glem ingen \u2013 taenk, beslut og handle sammen mod ekstrem fattigdom\/","og_site_name":"VITA Explorers Blog","article_publisher":"https:\/\/www.facebook.com\/globalong","article_published_time":"2014-10-17T12:48:26+00:00","article_modified_time":"2016-03-20T13:33:40+00:00","og_image":[{"width":278,"height":210,"url":"https:\/\/www.vita-explorers.dk\/blog\/wp-content\/uploads\/2014\/10\/Capture-d\u2019\u00e9cran-2014-10-17-\u00e0-14.46.29.png","type":"image\/png"}],"author":"VITA Tribe","twitter_card":"summary_large_image","twitter_misc":{"Skrevet af":"VITA Tribe","Estimeret l\u00e6setid":"2 minutter"},"schema":{"@context":"https:\/\/schema.org","@graph":[{"@type":"Article","@id":"https:\/\/www.vita-explorers.dk\/blog\/Glem ingen \u2013 taenk, beslut og handle sammen mod ekstrem fattigdom\/#article","isPartOf":{"@id":"https:\/\/www.vita-explorers.dk\/blog\/Glem ingen \u2013 taenk, beslut og handle sammen mod ekstrem fattigdom\/"},"author":{"name":"VITA Tribe","@id":"https:\/\/www.vita-explorers.dk\/blog\/#\/schema\/person\/d7df267b64f23018d1dc519e78fb2735"},"headline":"Lad os ikke glemme nogen: Lad os t\u00e6nke, beslutte og handle sammen mod ekstrem fattigdom","datePublished":"2014-10-17T12:48:26+00:00","dateModified":"2016-03-20T13:33:40+00:00","mainEntityOfPage":{"@id":"https:\/\/www.vita-explorers.dk\/blog\/Glem ingen \u2013 taenk, beslut og handle sammen mod ekstrem fattigdom\/"},"wordCount":389,"commentCount":0,"publisher":{"@id":"https:\/\/www.vita-explorers.dk\/blog\/#organization"},"image":{"@id":"https:\/\/www.vita-explorers.dk\/blog\/Glem ingen \u2013 taenk, beslut og handle sammen mod ekstrem fattigdom\/#primaryimage"},"thumbnailUrl":"https:\/\/www.vita-explorers.dk\/blog\/wp-content\/uploads\/2014\/10\/Capture-d\u2019\u00e9cran-2014-10-17-\u00e0-14.46.29.png","keywords":["17 octobre","journ\u00e9e internationale","mis\u00e8re","pauvret\u00e9"],"articleSection":["No Name","Nyheder","Rejser - generelle oplysninger","VITA Explorers"],"inLanguage":"da-DK","potentialAction":[{"@type":"CommentAction","name":"Comment","target":["https:\/\/www.vita-explorers.dk\/blog\/Glem ingen \u2013 taenk, beslut og handle sammen mod ekstrem fattigdom\/#respond"]}]},{"@type":"WebPage","@id":"https:\/\/www.vita-explorers.dk\/blog\/Glem ingen \u2013 taenk, beslut og handle sammen mod ekstrem fattigdom\/","url":"https:\/\/www.vita-explorers.dk\/blog\/Glem ingen \u2013 taenk, beslut og handle sammen mod ekstrem fattigdom\/","name":"Lad os ikke glemme nogen: Lad os t\u00e6nke, beslutte og handle sammen mod ekstrem fattigdom - VITA Explorers Blog","isPartOf":{"@id":"https:\/\/www.vita-explorers.dk\/blog\/#website"},"primaryImageOfPage":{"@id":"https:\/\/www.vita-explorers.dk\/blog\/Glem ingen \u2013 taenk, beslut og handle sammen mod ekstrem fattigdom\/#primaryimage"},"image":{"@id":"https:\/\/www.vita-explorers.dk\/blog\/Glem ingen \u2013 taenk, beslut og handle sammen mod ekstrem fattigdom\/#primaryimage"},"thumbnailUrl":"https:\/\/www.vita-explorers.dk\/blog\/wp-content\/uploads\/2014\/10\/Capture-d\u2019\u00e9cran-2014-10-17-\u00e0-14.46.29.png","datePublished":"2014-10-17T12:48:26+00:00","dateModified":"2016-03-20T13:33:40+00:00","breadcrumb":{"@id":"https:\/\/www.vita-explorers.dk\/blog\/Glem ingen \u2013 taenk, beslut og handle sammen mod ekstrem fattigdom\/#breadcrumb"},"inLanguage":"da-DK","potentialAction":[{"@type":"ReadAction","target":["https:\/\/www.vita-explorers.dk\/blog\/Glem ingen \u2013 taenk, beslut og handle sammen mod ekstrem fattigdom\/"]}]},{"@type":"ImageObject","inLanguage":"da-DK","@id":"https:\/\/www.vita-explorers.dk\/blog\/Glem ingen \u2013 taenk, beslut og handle sammen mod ekstrem fattigdom\/#primaryimage","url":"https:\/\/www.vita-explorers.dk\/blog\/wp-content\/uploads\/2014\/10\/Capture-d\u2019\u00e9cran-2014-10-17-\u00e0-14.46.29.png","contentUrl":"https:\/\/www.vita-explorers.dk\/blog\/wp-content\/uploads\/2014\/10\/Capture-d\u2019\u00e9cran-2014-10-17-\u00e0-14.46.29.png","width":278,"height":210},{"@type":"BreadcrumbList","@id":"https:\/\/www.vita-explorers.dk\/blog\/Glem ingen \u2013 taenk, beslut og handle sammen mod ekstrem fattigdom\/#breadcrumb","itemListElement":[{"@type":"ListItem","position":1,"name":"Accueil","item":"https:\/\/www.vita-explorers.dk\/blog\/"},{"@type":"ListItem","position":2,"name":"Lad os ikke glemme nogen: Lad os t\u00e6nke, beslutte og handle sammen mod ekstrem fattigdom"}]},{"@type":"WebSite","@id":"https:\/\/www.vita-explorers.dk\/blog\/#website","url":"https:\/\/www.vita-explorers.dk\/blog\/","name":"Association Globalong","description":"Frivilligt arbejde, sprogophold, praktik i udlandet og internationale oplevelser","publisher":{"@id":"https:\/\/www.vita-explorers.dk\/blog\/#organization"},"potentialAction":[{"@type":"SearchAction","target":{"@type":"EntryPoint","urlTemplate":"https:\/\/www.vita-explorers.dk\/blog\/?s={search_term_string}"},"query-input":{"@type":"PropertyValueSpecification","valueRequired":true,"valueName":"search_term_string"}}],"inLanguage":"da-DK"},{"@type":"Organization","@id":"https:\/\/www.vita-explorers.dk\/blog\/#organization","name":"Association Globalong","url":"https:\/\/www.vita-explorers.dk\/blog\/","logo":{"@type":"ImageObject","inLanguage":"da-DK","@id":"https:\/\/www.vita-explorers.dk\/blog\/#\/schema\/logo\/image\/","url":"https:\/\/www.globalong.com\/blog\/wp-content\/uploads\/2014\/11\/cropped-cropped-Logo-et-Afrique-Globalong-petite-taille-2.jpg","contentUrl":"https:\/\/www.globalong.com\/blog\/wp-content\/uploads\/2014\/11\/cropped-cropped-Logo-et-Afrique-Globalong-petite-taille-2.jpg","width":512,"height":512,"caption":"Association Globalong"},"image":{"@id":"https:\/\/www.vita-explorers.dk\/blog\/#\/schema\/logo\/image\/"},"sameAs":["https:\/\/www.facebook.com\/globalong"]},{"@type":"Person","@id":"https:\/\/www.vita-explorers.dk\/blog\/#\/schema\/person\/d7df267b64f23018d1dc519e78fb2735","name":"VITA Tribe","image":{"@type":"ImageObject","inLanguage":"da-DK","@id":"https:\/\/www.vita-explorers.dk\/blog\/#\/schema\/person\/image\/","url":"https:\/\/secure.gravatar.com\/avatar\/81461bcc213d0ff2bdc043d4206648f0?s=96&d=mm&r=g","contentUrl":"https:\/\/secure.gravatar.com\/avatar\/81461bcc213d0ff2bdc043d4206648f0?s=96&d=mm&r=g","caption":"VITA Tribe"},"sameAs":["https:\/\/www.globalong.com"],"url":"https:\/\/www.vita-explorers.dk\/blog\/author\/sophie\/"}]}},"_links":{"self":[{"href":"https:\/\/www.vita-explorers.dk\/blog\/wp-json\/wp\/v2\/posts\/347"}],"collection":[{"href":"https:\/\/www.vita-explorers.dk\/blog\/wp-json\/wp\/v2\/posts"}],"about":[{"href":"https:\/\/www.vita-explorers.dk\/blog\/wp-json\/wp\/v2\/types\/post"}],"author":[{"embeddable":true,"href":"https:\/\/www.vita-explorers.dk\/blog\/wp-json\/wp\/v2\/users\/1"}],"replies":[{"embeddable":true,"href":"https:\/\/www.vita-explorers.dk\/blog\/wp-json\/wp\/v2\/comments?post=347"}],"version-history":[{"count":14,"href":"https:\/\/www.vita-explorers.dk\/blog\/wp-json\/wp\/v2\/posts\/347\/revisions"}],"predecessor-version":[{"id":1660,"href":"https:\/\/www.vita-explorers.dk\/blog\/wp-json\/wp\/v2\/posts\/347\/revisions\/1660"}],"wp:featuredmedia":[{"embeddable":true,"href":"https:\/\/www.vita-explorers.dk\/blog\/wp-json\/wp\/v2\/media\/348"}],"wp:attachment":[{"href":"https:\/\/www.vita-explorers.dk\/blog\/wp-json\/wp\/v2\/media?parent=347"}],"wp:term":[{"taxonomy":"category","embeddable":true,"href":"https:\/\/www.vita-explorers.dk\/blog\/wp-json\/wp\/v2\/categories?post=347"},{"taxonomy":"post_tag","embeddable":true,"href":"https:\/\/www.vita-explorers.dk\/blog\/wp-json\/wp\/v2\/tags?post=347"}],"curies":[{"name":"wp","href":"https:\/\/api.w.org\/{rel}","templated":true}]}}