{"id":3568,"date":"2016-04-13T11:41:58","date_gmt":"2016-04-13T09:41:58","guid":{"rendered":"https:\/\/www.globalong.com\/blog\/?p=3568"},"modified":"2022-05-03T12:16:44","modified_gmt":"2022-05-03T10:16:44","slug":"babyskildpadder-galapagos-oerne-ecovolontorforlob-gap-year-vita-latinamerika","status":"publish","type":"post","link":"https:\/\/www.vita-explorers.dk\/blog\/babyskildpadder-galapagos-oerne-ecovolontorforlob-gap-year-vita-latinamerika\/","title":{"rendered":"Lille mirakel p\u00e5 Gal\u00e1pagos\u00f8erne!"},"content":{"rendered":"<p style=\"text-align: justify;\"><a href=\"https:\/\/www.vita-explorers.dk\/blog\/wp-content\/uploads\/2016\/04\/Galapagos1.jpg\" rel=\"attachment wp-att-3570\"><img loading=\"lazy\" decoding=\"async\" class=\"wp-image-3570 aligncenter\" src=\"https:\/\/www.vita-explorers.dk\/blog\/wp-content\/uploads\/2016\/04\/Galapagos1-300x225.jpg\" alt=\"Galapagos1\" width=\"248\" height=\"186\" srcset=\"https:\/\/www.vita-explorers.dk\/blog\/wp-content\/uploads\/2016\/04\/Galapagos1-300x225.jpg 300w, https:\/\/www.vita-explorers.dk\/blog\/wp-content\/uploads\/2016\/04\/Galapagos1-150x113.jpg 150w, https:\/\/www.vita-explorers.dk\/blog\/wp-content\/uploads\/2016\/04\/Galapagos1.jpg 504w\" sizes=\"(max-width: 248px) 100vw, 248px\" \/><\/a>Cirka 1.000 km fra Ecuadors fastland f\u00e5r du mulighed for at opleve den enest\u00e5ende Gal\u00e1pagos-\u00f8gruppe, som best\u00e5r af omkring 40 \u00f8er og sm\u00e5\u00f8er.<\/p>\n<p style=\"text-align: justify;\">\u00d8ernes markante, vulkanske landskaber rummer et imponerende dyreliv med beskyttede arter som bl.a. albatrosser, flamingoer, skarver, bl\u00e5fodede suler, marine og landlevende leguaner, s\u00f8l\u00f8ver, pelss\u00e6ler, pelikaner, finker og k\u00e6mpeskildpadder.<\/p>\n<p style=\"text-align: justify;\"><a href=\"https:\/\/www.vita-explorers.dk\/blog\/wp-content\/uploads\/2015\/12\/Voluntario-en-Gal\u2020pagos.jpg\" rel=\"attachment wp-att-821\"><img loading=\"lazy\" decoding=\"async\" class=\"wp-image-821 aligncenter\" src=\"https:\/\/www.vita-explorers.dk\/blog\/wp-content\/uploads\/2015\/12\/Voluntario-en-Gal\u2020pagos-300x225.jpg\" alt=\"Voluntario en Gal\u2020pagos\" width=\"249\" height=\"187\" srcset=\"https:\/\/www.vita-explorers.dk\/blog\/wp-content\/uploads\/2015\/12\/Voluntario-en-Gal\u2020pagos-300x225.jpg 300w, https:\/\/www.vita-explorers.dk\/blog\/wp-content\/uploads\/2015\/12\/Voluntario-en-Gal\u2020pagos-150x113.jpg 150w, https:\/\/www.vita-explorers.dk\/blog\/wp-content\/uploads\/2015\/12\/Voluntario-en-Gal\u2020pagos.jpg 604w\" sizes=\"(max-width: 249px) 100vw, 249px\" \/><\/a>Som om den levende natur med fauna og flora i konstant forandring ikke var nok, er der nu sket noget helt uventet \u2013 en begivenhed, som af nogle internationale deltagere og medarbejdere i \u00f8ernes naturreservater bliver beskrevet som n\u00e6rmest mirakul\u00f8s.<\/p>\n<p style=\"text-align: justify;\">For f\u00f8rste gang i mere end 100 \u00e5r er der blevet observeret skildpaddeunger p\u00e5 den ubeboede \u00f8 Pinz\u00f3n, ogs\u00e5 kendt som Duncan Island.<\/p>\n<p style=\"text-align: justify;\">Den store opdagelse giver nyt h\u00e5b for en art, der regnes som truet, og som indtil nu<a href=\"https:\/\/www.vita-explorers.dk\/blog\/wp-content\/uploads\/2016\/04\/galapagos_03.jpg\" rel=\"attachment wp-att-3583\"><img loading=\"lazy\" decoding=\"async\" class=\"wp-image-3583 aligncenter\" src=\"https:\/\/www.vita-explorers.dk\/blog\/wp-content\/uploads\/2016\/04\/galapagos_03.jpg\" alt=\"galapagos_03\" width=\"249\" height=\"249\" srcset=\"https:\/\/www.vita-explorers.dk\/blog\/wp-content\/uploads\/2016\/04\/galapagos_03.jpg 190w, https:\/\/www.vita-explorers.dk\/blog\/wp-content\/uploads\/2016\/04\/galapagos_03-150x150.jpg 150w\" sizes=\"(max-width: 249px) 100vw, 249px\" \/><\/a> har haft sv\u00e6rt ved at formere sig uden menneskelig hj\u00e6lp \u2013 hvor man har holdt ungerne i fangenskab, indtil de var store nok til ikke at blive bytte for rotter eller andre rovdyr.<\/p>\n<p style=\"text-align: justify;\">Holder du af dyr og natur \u2013 og trives du bedst under \u00e5ben himmel? S\u00e5 kan du <span style=\"text-decoration: underline;\"><a href=\"https:\/\/www.vita-explorers.dk\/inscription.html\" target=\"_blank\" rel=\"noopener\">tilmelde dig<\/a><\/span> et internationalt forl\u00f8b med fokus p\u00e5 natur og bevaring p\u00e5 Gal\u00e1pagos-\u00f8erne i Ecuador.<\/p>\n<p style=\"text-align: justify;\">Vil du se vores forl\u00f8b med natur- og bevaringsarbejde p\u00e5 Gal\u00e1pagos, s\u00e5 <span style=\"text-decoration: underline;\"><a href=\"https:\/\/www.vita-explorers.dk\/sprog-og-frivilligt-arbejde\/ecovolontariat-galapagos.html\" target=\"_blank\" rel=\"noopener\">klik her<\/a><\/span> !<\/p>\n<p style=\"text-align: justify;\">Se ogs\u00e5 vores billeder fra Gal\u00e1pagos-\u00f8erne ved at <span style=\"text-decoration: underline;\"><a href=\"https:\/\/www.flickr.com\/photos\/globalong\/albums\/72157643717348074\" target=\"_blank\" rel=\"noopener\">klikke her<\/a><\/span> !<\/p>\n","protected":false},"excerpt":{"rendered":"<p>Cirka 1.000 km fra Ecuadors fastland f\u00e5r du mulighed for at opleve den enest\u00e5ende Gal\u00e1pagos-\u00f8gruppe, som best\u00e5r af omkring 40 \u00f8er og sm\u00e5\u00f8er. \u00d8ernes\u2026<\/p>\n","protected":false},"author":1,"featured_media":820,"comment_status":"open","ping_status":"open","sticky":false,"template":"","format":"standard","meta":{"footnotes":""},"categories":[191,8,6,3,4],"tags":[256,258,94,106,185,257,259,16],"yoast_head":"<!-- This site is optimized with the Yoast SEO Premium plugin v23.4 (Yoast SEO v23.4) - https:\/\/yoast.com\/wordpress\/plugins\/seo\/ -->\n<title>Lille mirakel p\u00e5 Gal\u00e1pagos\u00f8erne! - VITA Explorers Blog<\/title>\n<meta name=\"robots\" content=\"index, follow, max-snippet:-1, max-image-preview:large, max-video-preview:-1\" \/>\n<link rel=\"canonical\" href=\"https:\/\/www.vita-explorers.dk\/blog\/babyskildpadder-galapagos-oerne-ecovolontorforlob-gap-year-vita-latinamerika\/\" \/>\n<meta property=\"og:locale\" content=\"da_DK\" \/>\n<meta property=\"og:type\" content=\"article\" \/>\n<meta property=\"og:title\" content=\"Lille mirakel p\u00e5 Gal\u00e1pagos\u00f8erne!\" \/>\n<meta property=\"og:description\" content=\"Cirka 1.000 km fra Ecuadors fastland f\u00e5r du mulighed for at opleve den enest\u00e5ende Gal\u00e1pagos-\u00f8gruppe, som best\u00e5r af omkring 40 \u00f8er og sm\u00e5\u00f8er. \u00d8ernes\u2026\" \/>\n<meta property=\"og:url\" content=\"https:\/\/www.vita-explorers.dk\/blog\/babyskildpadder-galapagos-oerne-ecovolontorforlob-gap-year-vita-latinamerika\/\" \/>\n<meta property=\"og:site_name\" content=\"VITA Explorers Blog\" \/>\n<meta property=\"article:publisher\" content=\"https:\/\/www.facebook.com\/globalong\" \/>\n<meta property=\"article:published_time\" content=\"2016-04-13T09:41:58+00:00\" \/>\n<meta property=\"article:modified_time\" content=\"2022-05-03T10:16:44+00:00\" \/>\n<meta property=\"og:image\" content=\"https:\/\/www.vita-explorers.dk\/blog\/wp-content\/uploads\/2015\/12\/Galapagos1.jpg\" \/>\n\t<meta property=\"og:image:width\" content=\"504\" \/>\n\t<meta property=\"og:image:height\" content=\"378\" \/>\n\t<meta property=\"og:image:type\" content=\"image\/jpeg\" \/>\n<meta name=\"author\" content=\"VITA Tribe\" \/>\n<meta name=\"twitter:card\" content=\"summary_large_image\" \/>\n<meta name=\"twitter:label1\" content=\"Skrevet af\" \/>\n\t<meta name=\"twitter:data1\" content=\"VITA Tribe\" \/>\n\t<meta name=\"twitter:label2\" content=\"Estimeret l\u00e6setid\" \/>\n\t<meta name=\"twitter:data2\" content=\"1 minut\" \/>\n<script type=\"application\/ld+json\" class=\"yoast-schema-graph\">{\"@context\":\"https:\/\/schema.org\",\"@graph\":[{\"@type\":\"Article\",\"@id\":\"https:\/\/www.vita-explorers.dk\/blog\/babyskildpadder-galapagos-oerne-ecovolontorforlob-gap-year-vita-latinamerika\/#article\",\"isPartOf\":{\"@id\":\"https:\/\/www.vita-explorers.dk\/blog\/babyskildpadder-galapagos-oerne-ecovolontorforlob-gap-year-vita-latinamerika\/\"},\"author\":{\"name\":\"VITA Tribe\",\"@id\":\"https:\/\/www.vita-explorers.dk\/blog\/#\/schema\/person\/d7df267b64f23018d1dc519e78fb2735\"},\"headline\":\"Lille mirakel p\u00e5 Gal\u00e1pagos\u00f8erne!\",\"datePublished\":\"2016-04-13T09:41:58+00:00\",\"dateModified\":\"2022-05-03T10:16:44+00:00\",\"mainEntityOfPage\":{\"@id\":\"https:\/\/www.vita-explorers.dk\/blog\/babyskildpadder-galapagos-oerne-ecovolontorforlob-gap-year-vita-latinamerika\/\"},\"wordCount\":245,\"commentCount\":0,\"publisher\":{\"@id\":\"https:\/\/www.vita-explorers.dk\/blog\/#organization\"},\"image\":{\"@id\":\"https:\/\/www.vita-explorers.dk\/blog\/babyskildpadder-galapagos-oerne-ecovolontorforlob-gap-year-vita-latinamerika\/#primaryimage\"},\"thumbnailUrl\":\"https:\/\/www.vita-explorers.dk\/blog\/wp-content\/uploads\/2015\/12\/Galapagos1.jpg\",\"keywords\":[\"am\u00e9riquelatine\",\"bebes\",\"Ecovolontariat\",\"Equateur\",\"globalong\",\"ilesgalapagos\",\"tortues\",\"volontariat\"],\"articleSection\":[\"Amerika\",\"Humanit\u00e6rt frivilligt arbejde\",\"Nyheder\",\"Rejser - generelle oplysninger\",\"VITA Explorers\"],\"inLanguage\":\"da-DK\",\"potentialAction\":[{\"@type\":\"CommentAction\",\"name\":\"Comment\",\"target\":[\"https:\/\/www.vita-explorers.dk\/blog\/babyskildpadder-galapagos-oerne-ecovolontorforlob-gap-year-vita-latinamerika\/#respond\"]}]},{\"@type\":\"WebPage\",\"@id\":\"https:\/\/www.vita-explorers.dk\/blog\/babyskildpadder-galapagos-oerne-ecovolontorforlob-gap-year-vita-latinamerika\/\",\"url\":\"https:\/\/www.vita-explorers.dk\/blog\/babyskildpadder-galapagos-oerne-ecovolontorforlob-gap-year-vita-latinamerika\/\",\"name\":\"Lille mirakel p\u00e5 Gal\u00e1pagos\u00f8erne! - VITA Explorers Blog\",\"isPartOf\":{\"@id\":\"https:\/\/www.vita-explorers.dk\/blog\/#website\"},\"primaryImageOfPage\":{\"@id\":\"https:\/\/www.vita-explorers.dk\/blog\/babyskildpadder-galapagos-oerne-ecovolontorforlob-gap-year-vita-latinamerika\/#primaryimage\"},\"image\":{\"@id\":\"https:\/\/www.vita-explorers.dk\/blog\/babyskildpadder-galapagos-oerne-ecovolontorforlob-gap-year-vita-latinamerika\/#primaryimage\"},\"thumbnailUrl\":\"https:\/\/www.vita-explorers.dk\/blog\/wp-content\/uploads\/2015\/12\/Galapagos1.jpg\",\"datePublished\":\"2016-04-13T09:41:58+00:00\",\"dateModified\":\"2022-05-03T10:16:44+00:00\",\"breadcrumb\":{\"@id\":\"https:\/\/www.vita-explorers.dk\/blog\/babyskildpadder-galapagos-oerne-ecovolontorforlob-gap-year-vita-latinamerika\/#breadcrumb\"},\"inLanguage\":\"da-DK\",\"potentialAction\":[{\"@type\":\"ReadAction\",\"target\":[\"https:\/\/www.vita-explorers.dk\/blog\/babyskildpadder-galapagos-oerne-ecovolontorforlob-gap-year-vita-latinamerika\/\"]}]},{\"@type\":\"ImageObject\",\"inLanguage\":\"da-DK\",\"@id\":\"https:\/\/www.vita-explorers.dk\/blog\/babyskildpadder-galapagos-oerne-ecovolontorforlob-gap-year-vita-latinamerika\/#primaryimage\",\"url\":\"https:\/\/www.vita-explorers.dk\/blog\/wp-content\/uploads\/2015\/12\/Galapagos1.jpg\",\"contentUrl\":\"https:\/\/www.vita-explorers.dk\/blog\/wp-content\/uploads\/2015\/12\/Galapagos1.jpg\",\"width\":504,\"height\":378,\"caption\":\"galapagos\"},{\"@type\":\"BreadcrumbList\",\"@id\":\"https:\/\/www.vita-explorers.dk\/blog\/babyskildpadder-galapagos-oerne-ecovolontorforlob-gap-year-vita-latinamerika\/#breadcrumb\",\"itemListElement\":[{\"@type\":\"ListItem\",\"position\":1,\"name\":\"Accueil\",\"item\":\"https:\/\/www.vita-explorers.dk\/blog\/\"},{\"@type\":\"ListItem\",\"position\":2,\"name\":\"Lille mirakel p\u00e5 Gal\u00e1pagos\u00f8erne!\"}]},{\"@type\":\"WebSite\",\"@id\":\"https:\/\/www.vita-explorers.dk\/blog\/#website\",\"url\":\"https:\/\/www.vita-explorers.dk\/blog\/\",\"name\":\"Association Globalong\",\"description\":\"Frivilligt arbejde, sprogophold, praktik i udlandet og internationale oplevelser\",\"publisher\":{\"@id\":\"https:\/\/www.vita-explorers.dk\/blog\/#organization\"},\"potentialAction\":[{\"@type\":\"SearchAction\",\"target\":{\"@type\":\"EntryPoint\",\"urlTemplate\":\"https:\/\/www.vita-explorers.dk\/blog\/?s={search_term_string}\"},\"query-input\":{\"@type\":\"PropertyValueSpecification\",\"valueRequired\":true,\"valueName\":\"search_term_string\"}}],\"inLanguage\":\"da-DK\"},{\"@type\":\"Organization\",\"@id\":\"https:\/\/www.vita-explorers.dk\/blog\/#organization\",\"name\":\"Association Globalong\",\"url\":\"https:\/\/www.vita-explorers.dk\/blog\/\",\"logo\":{\"@type\":\"ImageObject\",\"inLanguage\":\"da-DK\",\"@id\":\"https:\/\/www.vita-explorers.dk\/blog\/#\/schema\/logo\/image\/\",\"url\":\"https:\/\/www.globalong.com\/blog\/wp-content\/uploads\/2014\/11\/cropped-cropped-Logo-et-Afrique-Globalong-petite-taille-2.jpg\",\"contentUrl\":\"https:\/\/www.globalong.com\/blog\/wp-content\/uploads\/2014\/11\/cropped-cropped-Logo-et-Afrique-Globalong-petite-taille-2.jpg\",\"width\":512,\"height\":512,\"caption\":\"Association Globalong\"},\"image\":{\"@id\":\"https:\/\/www.vita-explorers.dk\/blog\/#\/schema\/logo\/image\/\"},\"sameAs\":[\"https:\/\/www.facebook.com\/globalong\"]},{\"@type\":\"Person\",\"@id\":\"https:\/\/www.vita-explorers.dk\/blog\/#\/schema\/person\/d7df267b64f23018d1dc519e78fb2735\",\"name\":\"VITA Tribe\",\"image\":{\"@type\":\"ImageObject\",\"inLanguage\":\"da-DK\",\"@id\":\"https:\/\/www.vita-explorers.dk\/blog\/#\/schema\/person\/image\/\",\"url\":\"https:\/\/secure.gravatar.com\/avatar\/81461bcc213d0ff2bdc043d4206648f0?s=96&d=mm&r=g\",\"contentUrl\":\"https:\/\/secure.gravatar.com\/avatar\/81461bcc213d0ff2bdc043d4206648f0?s=96&d=mm&r=g\",\"caption\":\"VITA Tribe\"},\"sameAs\":[\"https:\/\/www.globalong.com\"],\"url\":\"https:\/\/www.vita-explorers.dk\/blog\/author\/sophie\/\"}]}<\/script>\n<!-- \/ Yoast SEO Premium plugin. -->","yoast_head_json":{"title":"Lille mirakel p\u00e5 Gal\u00e1pagos\u00f8erne! - VITA Explorers Blog","robots":{"index":"index","follow":"follow","max-snippet":"max-snippet:-1","max-image-preview":"max-image-preview:large","max-video-preview":"max-video-preview:-1"},"canonical":"https:\/\/www.vita-explorers.dk\/blog\/babyskildpadder-galapagos-oerne-ecovolontorforlob-gap-year-vita-latinamerika\/","og_locale":"da_DK","og_type":"article","og_title":"Lille mirakel p\u00e5 Gal\u00e1pagos\u00f8erne!","og_description":"Cirka 1.000 km fra Ecuadors fastland f\u00e5r du mulighed for at opleve den enest\u00e5ende Gal\u00e1pagos-\u00f8gruppe, som best\u00e5r af omkring 40 \u00f8er og sm\u00e5\u00f8er. \u00d8ernes\u2026","og_url":"https:\/\/www.vita-explorers.dk\/blog\/babyskildpadder-galapagos-oerne-ecovolontorforlob-gap-year-vita-latinamerika\/","og_site_name":"VITA Explorers Blog","article_publisher":"https:\/\/www.facebook.com\/globalong","article_published_time":"2016-04-13T09:41:58+00:00","article_modified_time":"2022-05-03T10:16:44+00:00","og_image":[{"width":504,"height":378,"url":"https:\/\/www.vita-explorers.dk\/blog\/wp-content\/uploads\/2015\/12\/Galapagos1.jpg","type":"image\/jpeg"}],"author":"VITA Tribe","twitter_card":"summary_large_image","twitter_misc":{"Skrevet af":"VITA Tribe","Estimeret l\u00e6setid":"1 minut"},"schema":{"@context":"https:\/\/schema.org","@graph":[{"@type":"Article","@id":"https:\/\/www.vita-explorers.dk\/blog\/babyskildpadder-galapagos-oerne-ecovolontorforlob-gap-year-vita-latinamerika\/#article","isPartOf":{"@id":"https:\/\/www.vita-explorers.dk\/blog\/babyskildpadder-galapagos-oerne-ecovolontorforlob-gap-year-vita-latinamerika\/"},"author":{"name":"VITA Tribe","@id":"https:\/\/www.vita-explorers.dk\/blog\/#\/schema\/person\/d7df267b64f23018d1dc519e78fb2735"},"headline":"Lille mirakel p\u00e5 Gal\u00e1pagos\u00f8erne!","datePublished":"2016-04-13T09:41:58+00:00","dateModified":"2022-05-03T10:16:44+00:00","mainEntityOfPage":{"@id":"https:\/\/www.vita-explorers.dk\/blog\/babyskildpadder-galapagos-oerne-ecovolontorforlob-gap-year-vita-latinamerika\/"},"wordCount":245,"commentCount":0,"publisher":{"@id":"https:\/\/www.vita-explorers.dk\/blog\/#organization"},"image":{"@id":"https:\/\/www.vita-explorers.dk\/blog\/babyskildpadder-galapagos-oerne-ecovolontorforlob-gap-year-vita-latinamerika\/#primaryimage"},"thumbnailUrl":"https:\/\/www.vita-explorers.dk\/blog\/wp-content\/uploads\/2015\/12\/Galapagos1.jpg","keywords":["am\u00e9riquelatine","bebes","Ecovolontariat","Equateur","globalong","ilesgalapagos","tortues","volontariat"],"articleSection":["Amerika","Humanit\u00e6rt frivilligt arbejde","Nyheder","Rejser - generelle oplysninger","VITA Explorers"],"inLanguage":"da-DK","potentialAction":[{"@type":"CommentAction","name":"Comment","target":["https:\/\/www.vita-explorers.dk\/blog\/babyskildpadder-galapagos-oerne-ecovolontorforlob-gap-year-vita-latinamerika\/#respond"]}]},{"@type":"WebPage","@id":"https:\/\/www.vita-explorers.dk\/blog\/babyskildpadder-galapagos-oerne-ecovolontorforlob-gap-year-vita-latinamerika\/","url":"https:\/\/www.vita-explorers.dk\/blog\/babyskildpadder-galapagos-oerne-ecovolontorforlob-gap-year-vita-latinamerika\/","name":"Lille mirakel p\u00e5 Gal\u00e1pagos\u00f8erne! - VITA Explorers Blog","isPartOf":{"@id":"https:\/\/www.vita-explorers.dk\/blog\/#website"},"primaryImageOfPage":{"@id":"https:\/\/www.vita-explorers.dk\/blog\/babyskildpadder-galapagos-oerne-ecovolontorforlob-gap-year-vita-latinamerika\/#primaryimage"},"image":{"@id":"https:\/\/www.vita-explorers.dk\/blog\/babyskildpadder-galapagos-oerne-ecovolontorforlob-gap-year-vita-latinamerika\/#primaryimage"},"thumbnailUrl":"https:\/\/www.vita-explorers.dk\/blog\/wp-content\/uploads\/2015\/12\/Galapagos1.jpg","datePublished":"2016-04-13T09:41:58+00:00","dateModified":"2022-05-03T10:16:44+00:00","breadcrumb":{"@id":"https:\/\/www.vita-explorers.dk\/blog\/babyskildpadder-galapagos-oerne-ecovolontorforlob-gap-year-vita-latinamerika\/#breadcrumb"},"inLanguage":"da-DK","potentialAction":[{"@type":"ReadAction","target":["https:\/\/www.vita-explorers.dk\/blog\/babyskildpadder-galapagos-oerne-ecovolontorforlob-gap-year-vita-latinamerika\/"]}]},{"@type":"ImageObject","inLanguage":"da-DK","@id":"https:\/\/www.vita-explorers.dk\/blog\/babyskildpadder-galapagos-oerne-ecovolontorforlob-gap-year-vita-latinamerika\/#primaryimage","url":"https:\/\/www.vita-explorers.dk\/blog\/wp-content\/uploads\/2015\/12\/Galapagos1.jpg","contentUrl":"https:\/\/www.vita-explorers.dk\/blog\/wp-content\/uploads\/2015\/12\/Galapagos1.jpg","width":504,"height":378,"caption":"galapagos"},{"@type":"BreadcrumbList","@id":"https:\/\/www.vita-explorers.dk\/blog\/babyskildpadder-galapagos-oerne-ecovolontorforlob-gap-year-vita-latinamerika\/#breadcrumb","itemListElement":[{"@type":"ListItem","position":1,"name":"Accueil","item":"https:\/\/www.vita-explorers.dk\/blog\/"},{"@type":"ListItem","position":2,"name":"Lille mirakel p\u00e5 Gal\u00e1pagos\u00f8erne!"}]},{"@type":"WebSite","@id":"https:\/\/www.vita-explorers.dk\/blog\/#website","url":"https:\/\/www.vita-explorers.dk\/blog\/","name":"Association Globalong","description":"Frivilligt arbejde, sprogophold, praktik i udlandet og internationale oplevelser","publisher":{"@id":"https:\/\/www.vita-explorers.dk\/blog\/#organization"},"potentialAction":[{"@type":"SearchAction","target":{"@type":"EntryPoint","urlTemplate":"https:\/\/www.vita-explorers.dk\/blog\/?s={search_term_string}"},"query-input":{"@type":"PropertyValueSpecification","valueRequired":true,"valueName":"search_term_string"}}],"inLanguage":"da-DK"},{"@type":"Organization","@id":"https:\/\/www.vita-explorers.dk\/blog\/#organization","name":"Association Globalong","url":"https:\/\/www.vita-explorers.dk\/blog\/","logo":{"@type":"ImageObject","inLanguage":"da-DK","@id":"https:\/\/www.vita-explorers.dk\/blog\/#\/schema\/logo\/image\/","url":"https:\/\/www.globalong.com\/blog\/wp-content\/uploads\/2014\/11\/cropped-cropped-Logo-et-Afrique-Globalong-petite-taille-2.jpg","contentUrl":"https:\/\/www.globalong.com\/blog\/wp-content\/uploads\/2014\/11\/cropped-cropped-Logo-et-Afrique-Globalong-petite-taille-2.jpg","width":512,"height":512,"caption":"Association Globalong"},"image":{"@id":"https:\/\/www.vita-explorers.dk\/blog\/#\/schema\/logo\/image\/"},"sameAs":["https:\/\/www.facebook.com\/globalong"]},{"@type":"Person","@id":"https:\/\/www.vita-explorers.dk\/blog\/#\/schema\/person\/d7df267b64f23018d1dc519e78fb2735","name":"VITA Tribe","image":{"@type":"ImageObject","inLanguage":"da-DK","@id":"https:\/\/www.vita-explorers.dk\/blog\/#\/schema\/person\/image\/","url":"https:\/\/secure.gravatar.com\/avatar\/81461bcc213d0ff2bdc043d4206648f0?s=96&d=mm&r=g","contentUrl":"https:\/\/secure.gravatar.com\/avatar\/81461bcc213d0ff2bdc043d4206648f0?s=96&d=mm&r=g","caption":"VITA Tribe"},"sameAs":["https:\/\/www.globalong.com"],"url":"https:\/\/www.vita-explorers.dk\/blog\/author\/sophie\/"}]}},"_links":{"self":[{"href":"https:\/\/www.vita-explorers.dk\/blog\/wp-json\/wp\/v2\/posts\/3568"}],"collection":[{"href":"https:\/\/www.vita-explorers.dk\/blog\/wp-json\/wp\/v2\/posts"}],"about":[{"href":"https:\/\/www.vita-explorers.dk\/blog\/wp-json\/wp\/v2\/types\/post"}],"author":[{"embeddable":true,"href":"https:\/\/www.vita-explorers.dk\/blog\/wp-json\/wp\/v2\/users\/1"}],"replies":[{"embeddable":true,"href":"https:\/\/www.vita-explorers.dk\/blog\/wp-json\/wp\/v2\/comments?post=3568"}],"version-history":[{"count":18,"href":"https:\/\/www.vita-explorers.dk\/blog\/wp-json\/wp\/v2\/posts\/3568\/revisions"}],"predecessor-version":[{"id":14462,"href":"https:\/\/www.vita-explorers.dk\/blog\/wp-json\/wp\/v2\/posts\/3568\/revisions\/14462"}],"wp:featuredmedia":[{"embeddable":true,"href":"https:\/\/www.vita-explorers.dk\/blog\/wp-json\/wp\/v2\/media\/820"}],"wp:attachment":[{"href":"https:\/\/www.vita-explorers.dk\/blog\/wp-json\/wp\/v2\/media?parent=3568"}],"wp:term":[{"taxonomy":"category","embeddable":true,"href":"https:\/\/www.vita-explorers.dk\/blog\/wp-json\/wp\/v2\/categories?post=3568"},{"taxonomy":"post_tag","embeddable":true,"href":"https:\/\/www.vita-explorers.dk\/blog\/wp-json\/wp\/v2\/tags?post=3568"}],"curies":[{"name":"wp","href":"https:\/\/api.w.org\/{rel}","templated":true}]}}