{"id":3641,"date":"2016-04-22T14:09:08","date_gmt":"2016-04-22T12:09:08","guid":{"rendered":"https:\/\/www.globalong.com\/blog\/?p=3641"},"modified":"2020-04-22T15:29:13","modified_gmt":"2020-04-22T13:29:13","slug":"international-jorddag-vita-australien-frivilligt-arbejde-miljoe-traeer-genplantning-praktik-rejse","status":"publish","type":"post","link":"https:\/\/www.vita-explorers.dk\/blog\/international-jorddag-vita-australien-frivilligt-arbejde-miljoe-traeer-genplantning-praktik-rejse\/","title":{"rendered":"Den internationale Jorddag"},"content":{"rendered":"<h4 style=\"text-align: center;\"><span style=\"color: #b81657;\">I dag, den 22. april, bakker VITA op om Jordens Dag.<\/span><\/h4>\n<p style=\"text-align: justify;\"><a href=\"https:\/\/www.vita-explorers.dk\/blog\/wp-content\/uploads\/2016\/04\/Planter-des-arbres.jpg\" rel=\"attachment wp-att-3643\"><img loading=\"lazy\" decoding=\"async\" class=\"alignright wp-image-3643\" src=\"https:\/\/www.vita-explorers.dk\/blog\/wp-content\/uploads\/2016\/04\/Planter-des-arbres-300x225.jpg\" alt=\"Journ\u00e9e de la Terre avec Globalong 22 Avril\" width=\"250\" height=\"188\" srcset=\"https:\/\/www.vita-explorers.dk\/blog\/wp-content\/uploads\/2016\/04\/Planter-des-arbres-300x225.jpg 300w, https:\/\/www.vita-explorers.dk\/blog\/wp-content\/uploads\/2016\/04\/Planter-des-arbres-150x113.jpg 150w, https:\/\/www.vita-explorers.dk\/blog\/wp-content\/uploads\/2016\/04\/Planter-des-arbres.jpg 640w\" sizes=\"(max-width: 250px) 100vw, 250px\" \/><\/a><strong>\u00d8kologi, milj\u00f8, beskyttelse<\/strong> \u2013 ord, der betyder mere og mere. Siden 70\u2019erne har <strong>hensyn til milj\u00f8et<\/strong> v\u00e6ret et vigtigt emne, som vi taler om igen og igen.<\/p>\n<p style=\"text-align: justify;\">I dag st\u00f8tter <span style=\"text-decoration: underline;\"><strong><a href=\"http:\/\/www.vita-explorers.dk\" target=\"_blank\" rel=\"noopener noreferrer\">VITA<\/a><\/strong><\/span> <strong>den 50. udgave af Jordens Dag<\/strong> og inviterer ogs\u00e5 dig til at plante tr\u00e6er i din have!<\/p>\n<p style=\"text-align: justify;\">I \u00e5r opfordrer <strong>Earth Day<\/strong>-netv\u00e6rket, som st\u00e5r bag denne <strong>internationale dag<\/strong>, <span style=\"text-decoration: underline;\"><strong><a href=\"https:\/\/www.vita-explorers.dk\/blog\/humanitaer-rejse-etudiant\/\" target=\"_blank\" rel=\"noopener noreferrer\">studerende<\/a><\/strong><\/span> til at s\u00e6tte <strong>projekter i gang, der skaber opm\u00e6rksomhed om milj\u00f8et<\/strong> i deres lokalsamfund.<br \/>\n<a href=\"https:\/\/www.vita-explorers.dk\/blog\/wp-content\/uploads\/2016\/04\/NSW-planter-des-arbres.jpg\" rel=\"attachment wp-att-3644\"><img loading=\"lazy\" decoding=\"async\" class=\"alignright wp-image-3644\" src=\"https:\/\/www.vita-explorers.dk\/blog\/wp-content\/uploads\/2016\/04\/NSW-planter-des-arbres-300x168.jpg\" alt=\"22 avril 2016 Planter des arbres avec Globalong en Australie\" width=\"250\" height=\"140\" srcset=\"https:\/\/www.vita-explorers.dk\/blog\/wp-content\/uploads\/2016\/04\/NSW-planter-des-arbres-300x168.jpg 300w, https:\/\/www.vita-explorers.dk\/blog\/wp-content\/uploads\/2016\/04\/NSW-planter-des-arbres-768x431.jpg 768w, https:\/\/www.vita-explorers.dk\/blog\/wp-content\/uploads\/2016\/04\/NSW-planter-des-arbres-150x84.jpg 150w, https:\/\/www.vita-explorers.dk\/blog\/wp-content\/uploads\/2016\/04\/NSW-planter-des-arbres.jpg 960w\" sizes=\"(max-width: 250px) 100vw, 250px\" \/><\/a>I dag markeres Jordens Dag verden over af <strong>mere end 500 millioner mennesker i 184 lande.<\/strong><\/p>\n<p style=\"text-align: justify;\"><strong>Tr\u00e6er er helt afg\u00f8rende for vores liv.<\/strong><\/p>\n<p style=\"text-align: justify;\">De g\u00f8r det muligt for os at tr\u00e6kke vejret ved at optage CO2. De er ogs\u00e5 med til at bremse klimaforandringer, filtrere den luft, vi ind\u00e5nder, og de bidrager med mad og energi \u2013 og kan samtidig skabe indt\u00e6gter.<\/p>\n<p style=\"text-align: justify;\">Tr\u00e6ers betydning p\u00e5 Jorden kan derfor ikke undervurderes.<a href=\"https:\/\/www.vita-explorers.dk\/blog\/wp-content\/uploads\/2016\/04\/Australie-novembre-2015.jpg\" rel=\"attachment wp-att-3645\"><img loading=\"lazy\" decoding=\"async\" class=\"alignright wp-image-3645\" src=\"https:\/\/www.vita-explorers.dk\/blog\/wp-content\/uploads\/2016\/04\/Australie-novembre-2015-300x225.jpg\" alt=\"Partez en mission \u00e9co-volontaire avec Globalong pour planter des arbres en Australie\" width=\"250\" height=\"188\" srcset=\"https:\/\/www.vita-explorers.dk\/blog\/wp-content\/uploads\/2016\/04\/Australie-novembre-2015-300x225.jpg 300w, https:\/\/www.vita-explorers.dk\/blog\/wp-content\/uploads\/2016\/04\/Australie-novembre-2015-150x113.jpg 150w, https:\/\/www.vita-explorers.dk\/blog\/wp-content\/uploads\/2016\/04\/Australie-novembre-2015.jpg 720w\" sizes=\"(max-width: 250px) 100vw, 250px\" \/><\/a><\/p>\n<p style=\"text-align: justify;\"><strong><em>Jorden er mor for alle folk!<\/em><\/strong><\/p>\n<p style=\"text-align: justify;\">Earth Day-netv\u00e6rket \u00f8nsker at samle mennesker p\u00e5 tv\u00e6rs af lande om milj\u00f8udfordringerne ved at <strong>\u00ab <em>opbygge et sundt og b\u00e6redygtigt milj\u00f8, s\u00e5 vi kan h\u00e5ndtere klimaforandringer og beskytte Jorden for kommende generationer.<\/em> \u00bb<\/strong><\/p>\n<p style=\"text-align: justify;\">Der er derfor sat et m\u00e5l: At plante 7,8 milliarder tr\u00e6er inden for de n\u00e6ste 5 \u00e5r.<a href=\"https:\/\/www.vita-explorers.dk\/blog\/wp-content\/uploads\/2016\/04\/Reboisement.jpg\" rel=\"attachment wp-att-3646\"><img loading=\"lazy\" decoding=\"async\" class=\"alignright wp-image-3646\" src=\"https:\/\/www.vita-explorers.dk\/blog\/wp-content\/uploads\/2016\/04\/Reboisement-300x183.jpg\" alt=\"Mision eco-volontaire en Australie pour reboiser\" width=\"250\" height=\"152\" srcset=\"https:\/\/www.vita-explorers.dk\/blog\/wp-content\/uploads\/2016\/04\/Reboisement-300x183.jpg 300w, https:\/\/www.vita-explorers.dk\/blog\/wp-content\/uploads\/2016\/04\/Reboisement-768x468.jpg 768w, https:\/\/www.vita-explorers.dk\/blog\/wp-content\/uploads\/2016\/04\/Reboisement-150x91.jpg 150w, https:\/\/www.vita-explorers.dk\/blog\/wp-content\/uploads\/2016\/04\/Reboisement.jpg 960w\" sizes=\"(max-width: 250px) 100vw, 250px\" \/><\/a><\/p>\n<p style=\"text-align: justify;\">Er du klar til at tage udfordringen op? Det starter i <span style=\"text-decoration: underline;\"><strong><a href=\"https:\/\/www.vita-explorers.dk\/frivilligt-arbejde\/ecovolontariat-i-australien.html\" target=\"_blank\" rel=\"noopener noreferrer\">Australien!<\/a><\/strong><\/span> Tag afsted p\u00e5 et <strong>internationalt forl\u00f8b med fokus p\u00e5 natur og milj\u00f8<\/strong> sammen med andre deltagere, der allerede er p\u00e5 stedet.<\/p>\n<p style=\"text-align: justify;\">Se VITA\u2019s muligheder inden for <strong>internationale milj\u00f8forl\u00f8b<\/strong>, og tag allerede i morgen p\u00e5 opdagelse i <strong>Australien<\/strong> \u2013 med en indsats, der giver mening for vores f\u00e6lles jord og for kommende generationer.<\/p>\n<p><strong>For mere information er du velkommen til at kontakte os p\u00e5<\/strong> <span style=\"text-decoration: underline; color: #b81657;\"><a style=\"color: #b81657; text-decoration: underline;\" href=\"mailto:info@globalong.com\">info@globalong.com<\/a><\/span><\/p>\n<p><span style=\"text-decoration: underline;\"><span style=\"color: #b81657;\"><a style=\"color: #b81657; text-decoration: underline;\" href=\"https:\/\/www.flickr.com\/photos\/globalong\/albums\/72157662248337234\" target=\"_blank\" rel=\"noopener noreferrer\">Se vores billeder fra milj\u00f8forl\u00f8b i Australien her!<\/a><\/span><\/span><\/p>\n<p><span style=\"text-decoration: underline;\"><span style=\"color: #b81657;\"><a style=\"color: #b81657; text-decoration: underline;\" href=\"https:\/\/www.vita-explorers.dk\/\" target=\"_blank\" rel=\"noopener noreferrer\">www.vita-explorers.dk<\/a><\/span><\/span><\/p>\n","protected":false},"excerpt":{"rendered":"<p>I dag, den 22. april, bakker VITA op om Jordens Dag. \u00d8kologi, milj\u00f8, beskyttelse \u2013 ord, der betyder mere og mere. Siden 70\u2019erne har\u2026<\/p>\n","protected":false},"author":1,"featured_media":3647,"comment_status":"open","ping_status":"open","sticky":false,"template":"","format":"standard","meta":{"footnotes":""},"categories":[8,1,6,3,4],"tags":[268,72,114,261,260,17,109,269,52,104,95,264,185,149,262,59,233,244,272,266,234,265,99,267,271,270,263,170,206],"yoast_head":"<!-- This site is optimized with the Yoast SEO Premium plugin v23.4 (Yoast SEO v23.4) - https:\/\/yoast.com\/wordpress\/plugins\/seo\/ -->\n<title>Den internationale Jorddag - VITA Explorers Blog<\/title>\n<meta name=\"robots\" content=\"index, follow, max-snippet:-1, max-image-preview:large, max-video-preview:-1\" \/>\n<link rel=\"canonical\" href=\"https:\/\/www.vita-explorers.dk\/blog\/international-jorddag-vita-australien-frivilligt-arbejde-miljoe-traeer-genplantning-praktik-rejse\/\" \/>\n<meta property=\"og:locale\" content=\"da_DK\" \/>\n<meta property=\"og:type\" content=\"article\" \/>\n<meta property=\"og:title\" content=\"Den internationale Jorddag\" \/>\n<meta property=\"og:description\" content=\"I dag, den 22. april, bakker VITA op om Jordens Dag. \u00d8kologi, milj\u00f8, beskyttelse \u2013 ord, der betyder mere og mere. Siden 70\u2019erne har\u2026\" \/>\n<meta property=\"og:url\" content=\"https:\/\/www.vita-explorers.dk\/blog\/international-jorddag-vita-australien-frivilligt-arbejde-miljoe-traeer-genplantning-praktik-rejse\/\" \/>\n<meta property=\"og:site_name\" content=\"VITA Explorers Blog\" \/>\n<meta property=\"article:publisher\" content=\"https:\/\/www.facebook.com\/globalong\" \/>\n<meta property=\"article:published_time\" content=\"2016-04-22T12:09:08+00:00\" \/>\n<meta property=\"article:modified_time\" content=\"2020-04-22T13:29:13+00:00\" \/>\n<meta property=\"og:image\" content=\"https:\/\/www.vita-explorers.dk\/blog\/wp-content\/uploads\/2016\/04\/Journ\u00e9e-de-la-Terre-Arbres.jpg\" \/>\n\t<meta property=\"og:image:width\" content=\"1080\" \/>\n\t<meta property=\"og:image:height\" content=\"1041\" \/>\n\t<meta property=\"og:image:type\" content=\"image\/jpeg\" \/>\n<meta name=\"author\" content=\"VITA Tribe\" \/>\n<meta name=\"twitter:card\" content=\"summary_large_image\" \/>\n<meta name=\"twitter:label1\" content=\"Skrevet af\" \/>\n\t<meta name=\"twitter:data1\" content=\"VITA Tribe\" \/>\n\t<meta name=\"twitter:label2\" content=\"Estimeret l\u00e6setid\" \/>\n\t<meta name=\"twitter:data2\" content=\"2 minutter\" \/>\n<script type=\"application\/ld+json\" class=\"yoast-schema-graph\">{\"@context\":\"https:\/\/schema.org\",\"@graph\":[{\"@type\":\"Article\",\"@id\":\"https:\/\/www.vita-explorers.dk\/blog\/international-jorddag-vita-australien-frivilligt-arbejde-miljoe-traeer-genplantning-praktik-rejse\/#article\",\"isPartOf\":{\"@id\":\"https:\/\/www.vita-explorers.dk\/blog\/international-jorddag-vita-australien-frivilligt-arbejde-miljoe-traeer-genplantning-praktik-rejse\/\"},\"author\":{\"name\":\"VITA Tribe\",\"@id\":\"https:\/\/www.vita-explorers.dk\/blog\/#\/schema\/person\/d7df267b64f23018d1dc519e78fb2735\"},\"headline\":\"Den internationale Jorddag\",\"datePublished\":\"2016-04-22T12:09:08+00:00\",\"dateModified\":\"2020-04-22T13:29:13+00:00\",\"mainEntityOfPage\":{\"@id\":\"https:\/\/www.vita-explorers.dk\/blog\/international-jorddag-vita-australien-frivilligt-arbejde-miljoe-traeer-genplantning-praktik-rejse\/\"},\"wordCount\":323,\"commentCount\":0,\"publisher\":{\"@id\":\"https:\/\/www.vita-explorers.dk\/blog\/#organization\"},\"image\":{\"@id\":\"https:\/\/www.vita-explorers.dk\/blog\/international-jorddag-vita-australien-frivilligt-arbejde-miljoe-traeer-genplantning-praktik-rejse\/#primaryimage\"},\"thumbnailUrl\":\"https:\/\/www.vita-explorers.dk\/blog\/wp-content\/uploads\/2016\/04\/Journ\u00e9e-de-la-Terre-Arbres.jpg\",\"keywords\":[\"22 Avril 2016\",\"anglais\",\"ann\u00e9e sabbatique\",\"Arbres\",\"Australie\",\"b\u00e9n\u00e9volat\",\"climat\",\"Earth Day\",\"Eco-volontariat\",\"\u00e9cologie\",\"environnement\",\"g\u00e9n\u00e9ration\",\"globalong\",\"humanitaire\",\"Journ\u00e9e de la Terre\",\"journ\u00e9e internationale\",\"Missions\",\"oc\u00e9anie\",\"Oxyg\u00e8ne\",\"plantation\",\"Programmes\",\"Project\",\"protection de l'environnement\",\"Reboisement\",\"sauvons la plan\u00e8te\",\"Save the planet\",\"Terre\",\"tourisme\",\"Voyager autrement\"],\"articleSection\":[\"Humanit\u00e6rt frivilligt arbejde\",\"No Name\",\"Nyheder\",\"Rejser - generelle oplysninger\",\"VITA Explorers\"],\"inLanguage\":\"da-DK\",\"potentialAction\":[{\"@type\":\"CommentAction\",\"name\":\"Comment\",\"target\":[\"https:\/\/www.vita-explorers.dk\/blog\/international-jorddag-vita-australien-frivilligt-arbejde-miljoe-traeer-genplantning-praktik-rejse\/#respond\"]}]},{\"@type\":\"WebPage\",\"@id\":\"https:\/\/www.vita-explorers.dk\/blog\/international-jorddag-vita-australien-frivilligt-arbejde-miljoe-traeer-genplantning-praktik-rejse\/\",\"url\":\"https:\/\/www.vita-explorers.dk\/blog\/international-jorddag-vita-australien-frivilligt-arbejde-miljoe-traeer-genplantning-praktik-rejse\/\",\"name\":\"Den internationale Jorddag - VITA Explorers Blog\",\"isPartOf\":{\"@id\":\"https:\/\/www.vita-explorers.dk\/blog\/#website\"},\"primaryImageOfPage\":{\"@id\":\"https:\/\/www.vita-explorers.dk\/blog\/international-jorddag-vita-australien-frivilligt-arbejde-miljoe-traeer-genplantning-praktik-rejse\/#primaryimage\"},\"image\":{\"@id\":\"https:\/\/www.vita-explorers.dk\/blog\/international-jorddag-vita-australien-frivilligt-arbejde-miljoe-traeer-genplantning-praktik-rejse\/#primaryimage\"},\"thumbnailUrl\":\"https:\/\/www.vita-explorers.dk\/blog\/wp-content\/uploads\/2016\/04\/Journ\u00e9e-de-la-Terre-Arbres.jpg\",\"datePublished\":\"2016-04-22T12:09:08+00:00\",\"dateModified\":\"2020-04-22T13:29:13+00:00\",\"breadcrumb\":{\"@id\":\"https:\/\/www.vita-explorers.dk\/blog\/international-jorddag-vita-australien-frivilligt-arbejde-miljoe-traeer-genplantning-praktik-rejse\/#breadcrumb\"},\"inLanguage\":\"da-DK\",\"potentialAction\":[{\"@type\":\"ReadAction\",\"target\":[\"https:\/\/www.vita-explorers.dk\/blog\/international-jorddag-vita-australien-frivilligt-arbejde-miljoe-traeer-genplantning-praktik-rejse\/\"]}]},{\"@type\":\"ImageObject\",\"inLanguage\":\"da-DK\",\"@id\":\"https:\/\/www.vita-explorers.dk\/blog\/international-jorddag-vita-australien-frivilligt-arbejde-miljoe-traeer-genplantning-praktik-rejse\/#primaryimage\",\"url\":\"https:\/\/www.vita-explorers.dk\/blog\/wp-content\/uploads\/2016\/04\/Journ\u00e9e-de-la-Terre-Arbres.jpg\",\"contentUrl\":\"https:\/\/www.vita-explorers.dk\/blog\/wp-content\/uploads\/2016\/04\/Journ\u00e9e-de-la-Terre-Arbres.jpg\",\"width\":1080,\"height\":1041,\"caption\":\"Arbres planattion 22 aVril 2016 Journ\u00e9e de la terre \u00e9co-volontariat Globalong\"},{\"@type\":\"BreadcrumbList\",\"@id\":\"https:\/\/www.vita-explorers.dk\/blog\/international-jorddag-vita-australien-frivilligt-arbejde-miljoe-traeer-genplantning-praktik-rejse\/#breadcrumb\",\"itemListElement\":[{\"@type\":\"ListItem\",\"position\":1,\"name\":\"Accueil\",\"item\":\"https:\/\/www.vita-explorers.dk\/blog\/\"},{\"@type\":\"ListItem\",\"position\":2,\"name\":\"Den internationale Jorddag\"}]},{\"@type\":\"WebSite\",\"@id\":\"https:\/\/www.vita-explorers.dk\/blog\/#website\",\"url\":\"https:\/\/www.vita-explorers.dk\/blog\/\",\"name\":\"Association Globalong\",\"description\":\"Frivilligt arbejde, sprogophold, praktik i udlandet og internationale oplevelser\",\"publisher\":{\"@id\":\"https:\/\/www.vita-explorers.dk\/blog\/#organization\"},\"potentialAction\":[{\"@type\":\"SearchAction\",\"target\":{\"@type\":\"EntryPoint\",\"urlTemplate\":\"https:\/\/www.vita-explorers.dk\/blog\/?s={search_term_string}\"},\"query-input\":{\"@type\":\"PropertyValueSpecification\",\"valueRequired\":true,\"valueName\":\"search_term_string\"}}],\"inLanguage\":\"da-DK\"},{\"@type\":\"Organization\",\"@id\":\"https:\/\/www.vita-explorers.dk\/blog\/#organization\",\"name\":\"Association Globalong\",\"url\":\"https:\/\/www.vita-explorers.dk\/blog\/\",\"logo\":{\"@type\":\"ImageObject\",\"inLanguage\":\"da-DK\",\"@id\":\"https:\/\/www.vita-explorers.dk\/blog\/#\/schema\/logo\/image\/\",\"url\":\"https:\/\/www.globalong.com\/blog\/wp-content\/uploads\/2014\/11\/cropped-cropped-Logo-et-Afrique-Globalong-petite-taille-2.jpg\",\"contentUrl\":\"https:\/\/www.globalong.com\/blog\/wp-content\/uploads\/2014\/11\/cropped-cropped-Logo-et-Afrique-Globalong-petite-taille-2.jpg\",\"width\":512,\"height\":512,\"caption\":\"Association Globalong\"},\"image\":{\"@id\":\"https:\/\/www.vita-explorers.dk\/blog\/#\/schema\/logo\/image\/\"},\"sameAs\":[\"https:\/\/www.facebook.com\/globalong\"]},{\"@type\":\"Person\",\"@id\":\"https:\/\/www.vita-explorers.dk\/blog\/#\/schema\/person\/d7df267b64f23018d1dc519e78fb2735\",\"name\":\"VITA Tribe\",\"image\":{\"@type\":\"ImageObject\",\"inLanguage\":\"da-DK\",\"@id\":\"https:\/\/www.vita-explorers.dk\/blog\/#\/schema\/person\/image\/\",\"url\":\"https:\/\/secure.gravatar.com\/avatar\/81461bcc213d0ff2bdc043d4206648f0?s=96&d=mm&r=g\",\"contentUrl\":\"https:\/\/secure.gravatar.com\/avatar\/81461bcc213d0ff2bdc043d4206648f0?s=96&d=mm&r=g\",\"caption\":\"VITA Tribe\"},\"sameAs\":[\"https:\/\/www.globalong.com\"],\"url\":\"https:\/\/www.vita-explorers.dk\/blog\/author\/sophie\/\"}]}<\/script>\n<!-- \/ Yoast SEO Premium plugin. -->","yoast_head_json":{"title":"Den internationale Jorddag - VITA Explorers Blog","robots":{"index":"index","follow":"follow","max-snippet":"max-snippet:-1","max-image-preview":"max-image-preview:large","max-video-preview":"max-video-preview:-1"},"canonical":"https:\/\/www.vita-explorers.dk\/blog\/international-jorddag-vita-australien-frivilligt-arbejde-miljoe-traeer-genplantning-praktik-rejse\/","og_locale":"da_DK","og_type":"article","og_title":"Den internationale Jorddag","og_description":"I dag, den 22. april, bakker VITA op om Jordens Dag. \u00d8kologi, milj\u00f8, beskyttelse \u2013 ord, der betyder mere og mere. Siden 70\u2019erne har\u2026","og_url":"https:\/\/www.vita-explorers.dk\/blog\/international-jorddag-vita-australien-frivilligt-arbejde-miljoe-traeer-genplantning-praktik-rejse\/","og_site_name":"VITA Explorers Blog","article_publisher":"https:\/\/www.facebook.com\/globalong","article_published_time":"2016-04-22T12:09:08+00:00","article_modified_time":"2020-04-22T13:29:13+00:00","og_image":[{"width":1080,"height":1041,"url":"https:\/\/www.vita-explorers.dk\/blog\/wp-content\/uploads\/2016\/04\/Journ\u00e9e-de-la-Terre-Arbres.jpg","type":"image\/jpeg"}],"author":"VITA Tribe","twitter_card":"summary_large_image","twitter_misc":{"Skrevet af":"VITA Tribe","Estimeret l\u00e6setid":"2 minutter"},"schema":{"@context":"https:\/\/schema.org","@graph":[{"@type":"Article","@id":"https:\/\/www.vita-explorers.dk\/blog\/international-jorddag-vita-australien-frivilligt-arbejde-miljoe-traeer-genplantning-praktik-rejse\/#article","isPartOf":{"@id":"https:\/\/www.vita-explorers.dk\/blog\/international-jorddag-vita-australien-frivilligt-arbejde-miljoe-traeer-genplantning-praktik-rejse\/"},"author":{"name":"VITA Tribe","@id":"https:\/\/www.vita-explorers.dk\/blog\/#\/schema\/person\/d7df267b64f23018d1dc519e78fb2735"},"headline":"Den internationale Jorddag","datePublished":"2016-04-22T12:09:08+00:00","dateModified":"2020-04-22T13:29:13+00:00","mainEntityOfPage":{"@id":"https:\/\/www.vita-explorers.dk\/blog\/international-jorddag-vita-australien-frivilligt-arbejde-miljoe-traeer-genplantning-praktik-rejse\/"},"wordCount":323,"commentCount":0,"publisher":{"@id":"https:\/\/www.vita-explorers.dk\/blog\/#organization"},"image":{"@id":"https:\/\/www.vita-explorers.dk\/blog\/international-jorddag-vita-australien-frivilligt-arbejde-miljoe-traeer-genplantning-praktik-rejse\/#primaryimage"},"thumbnailUrl":"https:\/\/www.vita-explorers.dk\/blog\/wp-content\/uploads\/2016\/04\/Journ\u00e9e-de-la-Terre-Arbres.jpg","keywords":["22 Avril 2016","anglais","ann\u00e9e sabbatique","Arbres","Australie","b\u00e9n\u00e9volat","climat","Earth Day","Eco-volontariat","\u00e9cologie","environnement","g\u00e9n\u00e9ration","globalong","humanitaire","Journ\u00e9e de la Terre","journ\u00e9e internationale","Missions","oc\u00e9anie","Oxyg\u00e8ne","plantation","Programmes","Project","protection de l'environnement","Reboisement","sauvons la plan\u00e8te","Save the planet","Terre","tourisme","Voyager autrement"],"articleSection":["Humanit\u00e6rt frivilligt arbejde","No Name","Nyheder","Rejser - generelle oplysninger","VITA Explorers"],"inLanguage":"da-DK","potentialAction":[{"@type":"CommentAction","name":"Comment","target":["https:\/\/www.vita-explorers.dk\/blog\/international-jorddag-vita-australien-frivilligt-arbejde-miljoe-traeer-genplantning-praktik-rejse\/#respond"]}]},{"@type":"WebPage","@id":"https:\/\/www.vita-explorers.dk\/blog\/international-jorddag-vita-australien-frivilligt-arbejde-miljoe-traeer-genplantning-praktik-rejse\/","url":"https:\/\/www.vita-explorers.dk\/blog\/international-jorddag-vita-australien-frivilligt-arbejde-miljoe-traeer-genplantning-praktik-rejse\/","name":"Den internationale Jorddag - VITA Explorers Blog","isPartOf":{"@id":"https:\/\/www.vita-explorers.dk\/blog\/#website"},"primaryImageOfPage":{"@id":"https:\/\/www.vita-explorers.dk\/blog\/international-jorddag-vita-australien-frivilligt-arbejde-miljoe-traeer-genplantning-praktik-rejse\/#primaryimage"},"image":{"@id":"https:\/\/www.vita-explorers.dk\/blog\/international-jorddag-vita-australien-frivilligt-arbejde-miljoe-traeer-genplantning-praktik-rejse\/#primaryimage"},"thumbnailUrl":"https:\/\/www.vita-explorers.dk\/blog\/wp-content\/uploads\/2016\/04\/Journ\u00e9e-de-la-Terre-Arbres.jpg","datePublished":"2016-04-22T12:09:08+00:00","dateModified":"2020-04-22T13:29:13+00:00","breadcrumb":{"@id":"https:\/\/www.vita-explorers.dk\/blog\/international-jorddag-vita-australien-frivilligt-arbejde-miljoe-traeer-genplantning-praktik-rejse\/#breadcrumb"},"inLanguage":"da-DK","potentialAction":[{"@type":"ReadAction","target":["https:\/\/www.vita-explorers.dk\/blog\/international-jorddag-vita-australien-frivilligt-arbejde-miljoe-traeer-genplantning-praktik-rejse\/"]}]},{"@type":"ImageObject","inLanguage":"da-DK","@id":"https:\/\/www.vita-explorers.dk\/blog\/international-jorddag-vita-australien-frivilligt-arbejde-miljoe-traeer-genplantning-praktik-rejse\/#primaryimage","url":"https:\/\/www.vita-explorers.dk\/blog\/wp-content\/uploads\/2016\/04\/Journ\u00e9e-de-la-Terre-Arbres.jpg","contentUrl":"https:\/\/www.vita-explorers.dk\/blog\/wp-content\/uploads\/2016\/04\/Journ\u00e9e-de-la-Terre-Arbres.jpg","width":1080,"height":1041,"caption":"Arbres planattion 22 aVril 2016 Journ\u00e9e de la terre \u00e9co-volontariat Globalong"},{"@type":"BreadcrumbList","@id":"https:\/\/www.vita-explorers.dk\/blog\/international-jorddag-vita-australien-frivilligt-arbejde-miljoe-traeer-genplantning-praktik-rejse\/#breadcrumb","itemListElement":[{"@type":"ListItem","position":1,"name":"Accueil","item":"https:\/\/www.vita-explorers.dk\/blog\/"},{"@type":"ListItem","position":2,"name":"Den internationale Jorddag"}]},{"@type":"WebSite","@id":"https:\/\/www.vita-explorers.dk\/blog\/#website","url":"https:\/\/www.vita-explorers.dk\/blog\/","name":"Association Globalong","description":"Frivilligt arbejde, sprogophold, praktik i udlandet og internationale oplevelser","publisher":{"@id":"https:\/\/www.vita-explorers.dk\/blog\/#organization"},"potentialAction":[{"@type":"SearchAction","target":{"@type":"EntryPoint","urlTemplate":"https:\/\/www.vita-explorers.dk\/blog\/?s={search_term_string}"},"query-input":{"@type":"PropertyValueSpecification","valueRequired":true,"valueName":"search_term_string"}}],"inLanguage":"da-DK"},{"@type":"Organization","@id":"https:\/\/www.vita-explorers.dk\/blog\/#organization","name":"Association Globalong","url":"https:\/\/www.vita-explorers.dk\/blog\/","logo":{"@type":"ImageObject","inLanguage":"da-DK","@id":"https:\/\/www.vita-explorers.dk\/blog\/#\/schema\/logo\/image\/","url":"https:\/\/www.globalong.com\/blog\/wp-content\/uploads\/2014\/11\/cropped-cropped-Logo-et-Afrique-Globalong-petite-taille-2.jpg","contentUrl":"https:\/\/www.globalong.com\/blog\/wp-content\/uploads\/2014\/11\/cropped-cropped-Logo-et-Afrique-Globalong-petite-taille-2.jpg","width":512,"height":512,"caption":"Association Globalong"},"image":{"@id":"https:\/\/www.vita-explorers.dk\/blog\/#\/schema\/logo\/image\/"},"sameAs":["https:\/\/www.facebook.com\/globalong"]},{"@type":"Person","@id":"https:\/\/www.vita-explorers.dk\/blog\/#\/schema\/person\/d7df267b64f23018d1dc519e78fb2735","name":"VITA Tribe","image":{"@type":"ImageObject","inLanguage":"da-DK","@id":"https:\/\/www.vita-explorers.dk\/blog\/#\/schema\/person\/image\/","url":"https:\/\/secure.gravatar.com\/avatar\/81461bcc213d0ff2bdc043d4206648f0?s=96&d=mm&r=g","contentUrl":"https:\/\/secure.gravatar.com\/avatar\/81461bcc213d0ff2bdc043d4206648f0?s=96&d=mm&r=g","caption":"VITA Tribe"},"sameAs":["https:\/\/www.globalong.com"],"url":"https:\/\/www.vita-explorers.dk\/blog\/author\/sophie\/"}]}},"_links":{"self":[{"href":"https:\/\/www.vita-explorers.dk\/blog\/wp-json\/wp\/v2\/posts\/3641"}],"collection":[{"href":"https:\/\/www.vita-explorers.dk\/blog\/wp-json\/wp\/v2\/posts"}],"about":[{"href":"https:\/\/www.vita-explorers.dk\/blog\/wp-json\/wp\/v2\/types\/post"}],"author":[{"embeddable":true,"href":"https:\/\/www.vita-explorers.dk\/blog\/wp-json\/wp\/v2\/users\/1"}],"replies":[{"embeddable":true,"href":"https:\/\/www.vita-explorers.dk\/blog\/wp-json\/wp\/v2\/comments?post=3641"}],"version-history":[{"count":7,"href":"https:\/\/www.vita-explorers.dk\/blog\/wp-json\/wp\/v2\/posts\/3641\/revisions"}],"predecessor-version":[{"id":13453,"href":"https:\/\/www.vita-explorers.dk\/blog\/wp-json\/wp\/v2\/posts\/3641\/revisions\/13453"}],"wp:featuredmedia":[{"embeddable":true,"href":"https:\/\/www.vita-explorers.dk\/blog\/wp-json\/wp\/v2\/media\/3647"}],"wp:attachment":[{"href":"https:\/\/www.vita-explorers.dk\/blog\/wp-json\/wp\/v2\/media?parent=3641"}],"wp:term":[{"taxonomy":"category","embeddable":true,"href":"https:\/\/www.vita-explorers.dk\/blog\/wp-json\/wp\/v2\/categories?post=3641"},{"taxonomy":"post_tag","embeddable":true,"href":"https:\/\/www.vita-explorers.dk\/blog\/wp-json\/wp\/v2\/tags?post=3641"}],"curies":[{"name":"wp","href":"https:\/\/api.w.org\/{rel}","templated":true}]}}