{"id":365,"date":"2014-11-12T10:53:29","date_gmt":"2014-11-12T09:53:29","guid":{"rendered":"https:\/\/www.globalong.com\/blog\/?p=365"},"modified":"2025-01-28T23:30:30","modified_gmt":"2025-01-28T22:30:30","slug":"ugen-for-international-solidaritet-og-fair-trade","status":"publish","type":"post","link":"https:\/\/www.vita-explorers.dk\/blog\/ugen-for-international-solidaritet-og-fair-trade\/","title":{"rendered":"Uge for international solidaritet og fair handel"},"content":{"rendered":"<p class=\"p1\" style=\"text-align: justify;\"><img loading=\"lazy\" decoding=\"async\" class=\"size-medium wp-image-366 alignright\" src=\"https:\/\/www.vita-explorers.dk\/blog\/wp-content\/uploads\/2014\/11\/La-semaine-de-la-solidarit\u00e9-internationale-300x94.png\" alt=\"La semaine de la solidarit\u00e9 internationale\" width=\"300\" height=\"94\" srcset=\"https:\/\/www.vita-explorers.dk\/blog\/wp-content\/uploads\/2014\/11\/La-semaine-de-la-solidarit\u00e9-internationale-300x94.png 300w, https:\/\/www.vita-explorers.dk\/blog\/wp-content\/uploads\/2014\/11\/La-semaine-de-la-solidarit\u00e9-internationale-150x47.png 150w, https:\/\/www.vita-explorers.dk\/blog\/wp-content\/uploads\/2014\/11\/La-semaine-de-la-solidarit\u00e9-internationale.png 516w\" sizes=\"(max-width: 300px) 100vw, 300px\" \/>Fra den 15. til 23. november 2014 afholdes den 17. udgave af Den Internationale Solidaritetuge over hele Frankrig.<\/p>\n<p class=\"p1\" style=\"text-align: justify;\">De ni dage er dedikeret til at skabe st\u00f8rre opm\u00e6rksomhed om international solidaritet og b\u00e6redygtig udvikling.<\/p>\n<p class=\"p1\" style=\"text-align: justify;\">Der afholdes mange konferencer og debatter om <a href=\"https:\/\/www.vita-explorers.dk\/blog\/wp-content\/uploads\/2016\/02\/P1290152.jpg\"><img loading=\"lazy\" decoding=\"async\" class=\"alignright size-medium wp-image-1175\" src=\"https:\/\/www.vita-explorers.dk\/blog\/wp-content\/uploads\/2016\/02\/P1290152-300x225.jpg\" alt=\"OLYMPUS DIGITAL CAMERA\" width=\"300\" height=\"225\" srcset=\"https:\/\/www.vita-explorers.dk\/blog\/wp-content\/uploads\/2016\/02\/P1290152-300x225.jpg 300w, https:\/\/www.vita-explorers.dk\/blog\/wp-content\/uploads\/2016\/02\/P1290152-1024x768.jpg 1024w, https:\/\/www.vita-explorers.dk\/blog\/wp-content\/uploads\/2016\/02\/P1290152-150x113.jpg 150w\" sizes=\"(max-width: 300px) 100vw, 300px\" \/><\/a>international solidaritet i alle Frankrigs regioner \u2013 sammen med masser af aktiviteter, koncerter, gadekunst, spil m.m.<\/p>\n<p class=\"p1\" style=\"text-align: justify;\">Mange akt\u00f8rer inden for <a href=\"https:\/\/www.vita-explorers.dk\/blog\/praktikophold-paa-business-school-i-udlandet\/\" target=\"_blank\" rel=\"noopener\">fairtrade<\/a> deltager i arrangementet, som bl.a. har til form\u00e5l at mindske sociale uligheder.<\/p>\n<p class=\"p1\" style=\"text-align: justify;\">Find alle arrangementer i din region p\u00e5 <a href=\"http:\/\/www.lasemaine.org\/\">www.lasemaine.org\u00a0<\/a><\/p>\n<p class=\"p1\" style=\"text-align: justify;\"><span style=\"text-decoration: underline;\"><a href=\"mailto:info@globalong.com\">Kontakt os<\/a><\/span> og l\u00e6s mere om internationale forl\u00f8b, sprogophold og sprogkurser p\u00e5 vores <span style=\"text-decoration: underline;\"><a href=\"https:\/\/www.vita-explorers.dk\" target=\"_blank\" rel=\"noopener\">VITA-website<\/a><\/span><\/p>\n<p class=\"p1\">\n","protected":false},"excerpt":{"rendered":"<p>Fra den 15. til 23. november 2014 afholdes den 17. udgave af Den Internationale Solidaritetuge over hele Frankrig. De ni dage er dedikeret til\u2026<\/p>\n","protected":false},"author":1,"featured_media":366,"comment_status":"open","ping_status":"open","sticky":false,"template":"","format":"standard","meta":{"footnotes":""},"categories":[8,6,4],"tags":[92,91,90,89],"yoast_head":"<!-- This site is optimized with the Yoast SEO Premium plugin v23.4 (Yoast SEO v23.4) - https:\/\/yoast.com\/wordpress\/plugins\/seo\/ -->\n<title>Uge for international solidaritet og fair handel - VITA Explorers Blog<\/title>\n<meta name=\"robots\" content=\"index, follow, max-snippet:-1, max-image-preview:large, max-video-preview:-1\" \/>\n<link rel=\"canonical\" href=\"https:\/\/www.vita-explorers.dk\/blog\/ugen-for-international-solidaritet-og-fair-trade\/\" \/>\n<meta property=\"og:locale\" content=\"da_DK\" \/>\n<meta property=\"og:type\" content=\"article\" \/>\n<meta property=\"og:title\" content=\"Uge for international solidaritet og fair handel\" \/>\n<meta property=\"og:description\" content=\"Fra den 15. til 23. november 2014 afholdes den 17. udgave af Den Internationale Solidaritetuge over hele Frankrig. De ni dage er dedikeret til\u2026\" \/>\n<meta property=\"og:url\" content=\"https:\/\/www.vita-explorers.dk\/blog\/ugen-for-international-solidaritet-og-fair-trade\/\" \/>\n<meta property=\"og:site_name\" content=\"VITA Explorers Blog\" \/>\n<meta property=\"article:publisher\" content=\"https:\/\/www.facebook.com\/globalong\" \/>\n<meta property=\"article:published_time\" content=\"2014-11-12T09:53:29+00:00\" \/>\n<meta property=\"article:modified_time\" content=\"2025-01-28T22:30:30+00:00\" \/>\n<meta property=\"og:image\" content=\"https:\/\/www.vita-explorers.dk\/blog\/wp-content\/uploads\/2014\/11\/La-semaine-de-la-solidarit\u00e9-internationale.png\" \/>\n\t<meta property=\"og:image:width\" content=\"516\" \/>\n\t<meta property=\"og:image:height\" content=\"162\" \/>\n\t<meta property=\"og:image:type\" content=\"image\/png\" \/>\n<meta name=\"author\" content=\"VITA Tribe\" \/>\n<meta name=\"twitter:card\" content=\"summary_large_image\" \/>\n<meta name=\"twitter:label1\" content=\"Skrevet af\" \/>\n\t<meta name=\"twitter:data1\" content=\"VITA Tribe\" \/>\n\t<meta name=\"twitter:label2\" content=\"Estimeret l\u00e6setid\" \/>\n\t<meta name=\"twitter:data2\" content=\"2 minutter\" \/>\n<script type=\"application\/ld+json\" class=\"yoast-schema-graph\">{\"@context\":\"https:\/\/schema.org\",\"@graph\":[{\"@type\":\"Article\",\"@id\":\"https:\/\/www.vita-explorers.dk\/blog\/ugen-for-international-solidaritet-og-fair-trade\/#article\",\"isPartOf\":{\"@id\":\"https:\/\/www.vita-explorers.dk\/blog\/ugen-for-international-solidaritet-og-fair-trade\/\"},\"author\":{\"name\":\"VITA Tribe\",\"@id\":\"https:\/\/www.vita-explorers.dk\/blog\/#\/schema\/person\/d7df267b64f23018d1dc519e78fb2735\"},\"headline\":\"Uge for international solidaritet og fair handel\",\"datePublished\":\"2014-11-12T09:53:29+00:00\",\"dateModified\":\"2025-01-28T22:30:30+00:00\",\"mainEntityOfPage\":{\"@id\":\"https:\/\/www.vita-explorers.dk\/blog\/ugen-for-international-solidaritet-og-fair-trade\/\"},\"wordCount\":109,\"commentCount\":0,\"publisher\":{\"@id\":\"https:\/\/www.vita-explorers.dk\/blog\/#organization\"},\"image\":{\"@id\":\"https:\/\/www.vita-explorers.dk\/blog\/ugen-for-international-solidaritet-og-fair-trade\/#primaryimage\"},\"thumbnailUrl\":\"https:\/\/www.vita-explorers.dk\/blog\/wp-content\/uploads\/2014\/11\/La-semaine-de-la-solidarit\u00e9-internationale.png\",\"keywords\":[\"d\u00e9bat\",\"d\u00e9veloppement durable\",\"in\u00e9galit\u00e9s sociales\",\"solidarit\u00e9 internationale\"],\"articleSection\":[\"Humanit\u00e6rt frivilligt arbejde\",\"Nyheder\",\"VITA Explorers\"],\"inLanguage\":\"da-DK\",\"potentialAction\":[{\"@type\":\"CommentAction\",\"name\":\"Comment\",\"target\":[\"https:\/\/www.vita-explorers.dk\/blog\/ugen-for-international-solidaritet-og-fair-trade\/#respond\"]}]},{\"@type\":\"WebPage\",\"@id\":\"https:\/\/www.vita-explorers.dk\/blog\/ugen-for-international-solidaritet-og-fair-trade\/\",\"url\":\"https:\/\/www.vita-explorers.dk\/blog\/ugen-for-international-solidaritet-og-fair-trade\/\",\"name\":\"Uge for international solidaritet og fair handel - VITA Explorers Blog\",\"isPartOf\":{\"@id\":\"https:\/\/www.vita-explorers.dk\/blog\/#website\"},\"primaryImageOfPage\":{\"@id\":\"https:\/\/www.vita-explorers.dk\/blog\/ugen-for-international-solidaritet-og-fair-trade\/#primaryimage\"},\"image\":{\"@id\":\"https:\/\/www.vita-explorers.dk\/blog\/ugen-for-international-solidaritet-og-fair-trade\/#primaryimage\"},\"thumbnailUrl\":\"https:\/\/www.vita-explorers.dk\/blog\/wp-content\/uploads\/2014\/11\/La-semaine-de-la-solidarit\u00e9-internationale.png\",\"datePublished\":\"2014-11-12T09:53:29+00:00\",\"dateModified\":\"2025-01-28T22:30:30+00:00\",\"breadcrumb\":{\"@id\":\"https:\/\/www.vita-explorers.dk\/blog\/ugen-for-international-solidaritet-og-fair-trade\/#breadcrumb\"},\"inLanguage\":\"da-DK\",\"potentialAction\":[{\"@type\":\"ReadAction\",\"target\":[\"https:\/\/www.vita-explorers.dk\/blog\/ugen-for-international-solidaritet-og-fair-trade\/\"]}]},{\"@type\":\"ImageObject\",\"inLanguage\":\"da-DK\",\"@id\":\"https:\/\/www.vita-explorers.dk\/blog\/ugen-for-international-solidaritet-og-fair-trade\/#primaryimage\",\"url\":\"https:\/\/www.vita-explorers.dk\/blog\/wp-content\/uploads\/2014\/11\/La-semaine-de-la-solidarit\u00e9-internationale.png\",\"contentUrl\":\"https:\/\/www.vita-explorers.dk\/blog\/wp-content\/uploads\/2014\/11\/La-semaine-de-la-solidarit\u00e9-internationale.png\",\"width\":516,\"height\":162},{\"@type\":\"BreadcrumbList\",\"@id\":\"https:\/\/www.vita-explorers.dk\/blog\/ugen-for-international-solidaritet-og-fair-trade\/#breadcrumb\",\"itemListElement\":[{\"@type\":\"ListItem\",\"position\":1,\"name\":\"Accueil\",\"item\":\"https:\/\/www.vita-explorers.dk\/blog\/\"},{\"@type\":\"ListItem\",\"position\":2,\"name\":\"Uge for international solidaritet og fair handel\"}]},{\"@type\":\"WebSite\",\"@id\":\"https:\/\/www.vita-explorers.dk\/blog\/#website\",\"url\":\"https:\/\/www.vita-explorers.dk\/blog\/\",\"name\":\"Association Globalong\",\"description\":\"Frivilligt arbejde, sprogophold, praktik i udlandet og internationale oplevelser\",\"publisher\":{\"@id\":\"https:\/\/www.vita-explorers.dk\/blog\/#organization\"},\"potentialAction\":[{\"@type\":\"SearchAction\",\"target\":{\"@type\":\"EntryPoint\",\"urlTemplate\":\"https:\/\/www.vita-explorers.dk\/blog\/?s={search_term_string}\"},\"query-input\":{\"@type\":\"PropertyValueSpecification\",\"valueRequired\":true,\"valueName\":\"search_term_string\"}}],\"inLanguage\":\"da-DK\"},{\"@type\":\"Organization\",\"@id\":\"https:\/\/www.vita-explorers.dk\/blog\/#organization\",\"name\":\"Association Globalong\",\"url\":\"https:\/\/www.vita-explorers.dk\/blog\/\",\"logo\":{\"@type\":\"ImageObject\",\"inLanguage\":\"da-DK\",\"@id\":\"https:\/\/www.vita-explorers.dk\/blog\/#\/schema\/logo\/image\/\",\"url\":\"https:\/\/www.globalong.com\/blog\/wp-content\/uploads\/2014\/11\/cropped-cropped-Logo-et-Afrique-Globalong-petite-taille-2.jpg\",\"contentUrl\":\"https:\/\/www.globalong.com\/blog\/wp-content\/uploads\/2014\/11\/cropped-cropped-Logo-et-Afrique-Globalong-petite-taille-2.jpg\",\"width\":512,\"height\":512,\"caption\":\"Association Globalong\"},\"image\":{\"@id\":\"https:\/\/www.vita-explorers.dk\/blog\/#\/schema\/logo\/image\/\"},\"sameAs\":[\"https:\/\/www.facebook.com\/globalong\"]},{\"@type\":\"Person\",\"@id\":\"https:\/\/www.vita-explorers.dk\/blog\/#\/schema\/person\/d7df267b64f23018d1dc519e78fb2735\",\"name\":\"VITA Tribe\",\"image\":{\"@type\":\"ImageObject\",\"inLanguage\":\"da-DK\",\"@id\":\"https:\/\/www.vita-explorers.dk\/blog\/#\/schema\/person\/image\/\",\"url\":\"https:\/\/secure.gravatar.com\/avatar\/81461bcc213d0ff2bdc043d4206648f0?s=96&d=mm&r=g\",\"contentUrl\":\"https:\/\/secure.gravatar.com\/avatar\/81461bcc213d0ff2bdc043d4206648f0?s=96&d=mm&r=g\",\"caption\":\"VITA Tribe\"},\"sameAs\":[\"https:\/\/www.globalong.com\"],\"url\":\"https:\/\/www.vita-explorers.dk\/blog\/author\/sophie\/\"}]}<\/script>\n<!-- \/ Yoast SEO Premium plugin. -->","yoast_head_json":{"title":"Uge for international solidaritet og fair handel - VITA Explorers Blog","robots":{"index":"index","follow":"follow","max-snippet":"max-snippet:-1","max-image-preview":"max-image-preview:large","max-video-preview":"max-video-preview:-1"},"canonical":"https:\/\/www.vita-explorers.dk\/blog\/ugen-for-international-solidaritet-og-fair-trade\/","og_locale":"da_DK","og_type":"article","og_title":"Uge for international solidaritet og fair handel","og_description":"Fra den 15. til 23. november 2014 afholdes den 17. udgave af Den Internationale Solidaritetuge over hele Frankrig. De ni dage er dedikeret til\u2026","og_url":"https:\/\/www.vita-explorers.dk\/blog\/ugen-for-international-solidaritet-og-fair-trade\/","og_site_name":"VITA Explorers Blog","article_publisher":"https:\/\/www.facebook.com\/globalong","article_published_time":"2014-11-12T09:53:29+00:00","article_modified_time":"2025-01-28T22:30:30+00:00","og_image":[{"width":516,"height":162,"url":"https:\/\/www.vita-explorers.dk\/blog\/wp-content\/uploads\/2014\/11\/La-semaine-de-la-solidarit\u00e9-internationale.png","type":"image\/png"}],"author":"VITA Tribe","twitter_card":"summary_large_image","twitter_misc":{"Skrevet af":"VITA Tribe","Estimeret l\u00e6setid":"2 minutter"},"schema":{"@context":"https:\/\/schema.org","@graph":[{"@type":"Article","@id":"https:\/\/www.vita-explorers.dk\/blog\/ugen-for-international-solidaritet-og-fair-trade\/#article","isPartOf":{"@id":"https:\/\/www.vita-explorers.dk\/blog\/ugen-for-international-solidaritet-og-fair-trade\/"},"author":{"name":"VITA Tribe","@id":"https:\/\/www.vita-explorers.dk\/blog\/#\/schema\/person\/d7df267b64f23018d1dc519e78fb2735"},"headline":"Uge for international solidaritet og fair handel","datePublished":"2014-11-12T09:53:29+00:00","dateModified":"2025-01-28T22:30:30+00:00","mainEntityOfPage":{"@id":"https:\/\/www.vita-explorers.dk\/blog\/ugen-for-international-solidaritet-og-fair-trade\/"},"wordCount":109,"commentCount":0,"publisher":{"@id":"https:\/\/www.vita-explorers.dk\/blog\/#organization"},"image":{"@id":"https:\/\/www.vita-explorers.dk\/blog\/ugen-for-international-solidaritet-og-fair-trade\/#primaryimage"},"thumbnailUrl":"https:\/\/www.vita-explorers.dk\/blog\/wp-content\/uploads\/2014\/11\/La-semaine-de-la-solidarit\u00e9-internationale.png","keywords":["d\u00e9bat","d\u00e9veloppement durable","in\u00e9galit\u00e9s sociales","solidarit\u00e9 internationale"],"articleSection":["Humanit\u00e6rt frivilligt arbejde","Nyheder","VITA Explorers"],"inLanguage":"da-DK","potentialAction":[{"@type":"CommentAction","name":"Comment","target":["https:\/\/www.vita-explorers.dk\/blog\/ugen-for-international-solidaritet-og-fair-trade\/#respond"]}]},{"@type":"WebPage","@id":"https:\/\/www.vita-explorers.dk\/blog\/ugen-for-international-solidaritet-og-fair-trade\/","url":"https:\/\/www.vita-explorers.dk\/blog\/ugen-for-international-solidaritet-og-fair-trade\/","name":"Uge for international solidaritet og fair handel - VITA Explorers Blog","isPartOf":{"@id":"https:\/\/www.vita-explorers.dk\/blog\/#website"},"primaryImageOfPage":{"@id":"https:\/\/www.vita-explorers.dk\/blog\/ugen-for-international-solidaritet-og-fair-trade\/#primaryimage"},"image":{"@id":"https:\/\/www.vita-explorers.dk\/blog\/ugen-for-international-solidaritet-og-fair-trade\/#primaryimage"},"thumbnailUrl":"https:\/\/www.vita-explorers.dk\/blog\/wp-content\/uploads\/2014\/11\/La-semaine-de-la-solidarit\u00e9-internationale.png","datePublished":"2014-11-12T09:53:29+00:00","dateModified":"2025-01-28T22:30:30+00:00","breadcrumb":{"@id":"https:\/\/www.vita-explorers.dk\/blog\/ugen-for-international-solidaritet-og-fair-trade\/#breadcrumb"},"inLanguage":"da-DK","potentialAction":[{"@type":"ReadAction","target":["https:\/\/www.vita-explorers.dk\/blog\/ugen-for-international-solidaritet-og-fair-trade\/"]}]},{"@type":"ImageObject","inLanguage":"da-DK","@id":"https:\/\/www.vita-explorers.dk\/blog\/ugen-for-international-solidaritet-og-fair-trade\/#primaryimage","url":"https:\/\/www.vita-explorers.dk\/blog\/wp-content\/uploads\/2014\/11\/La-semaine-de-la-solidarit\u00e9-internationale.png","contentUrl":"https:\/\/www.vita-explorers.dk\/blog\/wp-content\/uploads\/2014\/11\/La-semaine-de-la-solidarit\u00e9-internationale.png","width":516,"height":162},{"@type":"BreadcrumbList","@id":"https:\/\/www.vita-explorers.dk\/blog\/ugen-for-international-solidaritet-og-fair-trade\/#breadcrumb","itemListElement":[{"@type":"ListItem","position":1,"name":"Accueil","item":"https:\/\/www.vita-explorers.dk\/blog\/"},{"@type":"ListItem","position":2,"name":"Uge for international solidaritet og fair handel"}]},{"@type":"WebSite","@id":"https:\/\/www.vita-explorers.dk\/blog\/#website","url":"https:\/\/www.vita-explorers.dk\/blog\/","name":"Association Globalong","description":"Frivilligt arbejde, sprogophold, praktik i udlandet og internationale oplevelser","publisher":{"@id":"https:\/\/www.vita-explorers.dk\/blog\/#organization"},"potentialAction":[{"@type":"SearchAction","target":{"@type":"EntryPoint","urlTemplate":"https:\/\/www.vita-explorers.dk\/blog\/?s={search_term_string}"},"query-input":{"@type":"PropertyValueSpecification","valueRequired":true,"valueName":"search_term_string"}}],"inLanguage":"da-DK"},{"@type":"Organization","@id":"https:\/\/www.vita-explorers.dk\/blog\/#organization","name":"Association Globalong","url":"https:\/\/www.vita-explorers.dk\/blog\/","logo":{"@type":"ImageObject","inLanguage":"da-DK","@id":"https:\/\/www.vita-explorers.dk\/blog\/#\/schema\/logo\/image\/","url":"https:\/\/www.globalong.com\/blog\/wp-content\/uploads\/2014\/11\/cropped-cropped-Logo-et-Afrique-Globalong-petite-taille-2.jpg","contentUrl":"https:\/\/www.globalong.com\/blog\/wp-content\/uploads\/2014\/11\/cropped-cropped-Logo-et-Afrique-Globalong-petite-taille-2.jpg","width":512,"height":512,"caption":"Association Globalong"},"image":{"@id":"https:\/\/www.vita-explorers.dk\/blog\/#\/schema\/logo\/image\/"},"sameAs":["https:\/\/www.facebook.com\/globalong"]},{"@type":"Person","@id":"https:\/\/www.vita-explorers.dk\/blog\/#\/schema\/person\/d7df267b64f23018d1dc519e78fb2735","name":"VITA Tribe","image":{"@type":"ImageObject","inLanguage":"da-DK","@id":"https:\/\/www.vita-explorers.dk\/blog\/#\/schema\/person\/image\/","url":"https:\/\/secure.gravatar.com\/avatar\/81461bcc213d0ff2bdc043d4206648f0?s=96&d=mm&r=g","contentUrl":"https:\/\/secure.gravatar.com\/avatar\/81461bcc213d0ff2bdc043d4206648f0?s=96&d=mm&r=g","caption":"VITA Tribe"},"sameAs":["https:\/\/www.globalong.com"],"url":"https:\/\/www.vita-explorers.dk\/blog\/author\/sophie\/"}]}},"_links":{"self":[{"href":"https:\/\/www.vita-explorers.dk\/blog\/wp-json\/wp\/v2\/posts\/365"}],"collection":[{"href":"https:\/\/www.vita-explorers.dk\/blog\/wp-json\/wp\/v2\/posts"}],"about":[{"href":"https:\/\/www.vita-explorers.dk\/blog\/wp-json\/wp\/v2\/types\/post"}],"author":[{"embeddable":true,"href":"https:\/\/www.vita-explorers.dk\/blog\/wp-json\/wp\/v2\/users\/1"}],"replies":[{"embeddable":true,"href":"https:\/\/www.vita-explorers.dk\/blog\/wp-json\/wp\/v2\/comments?post=365"}],"version-history":[{"count":6,"href":"https:\/\/www.vita-explorers.dk\/blog\/wp-json\/wp\/v2\/posts\/365\/revisions"}],"predecessor-version":[{"id":20643,"href":"https:\/\/www.vita-explorers.dk\/blog\/wp-json\/wp\/v2\/posts\/365\/revisions\/20643"}],"wp:featuredmedia":[{"embeddable":true,"href":"https:\/\/www.vita-explorers.dk\/blog\/wp-json\/wp\/v2\/media\/366"}],"wp:attachment":[{"href":"https:\/\/www.vita-explorers.dk\/blog\/wp-json\/wp\/v2\/media?parent=365"}],"wp:term":[{"taxonomy":"category","embeddable":true,"href":"https:\/\/www.vita-explorers.dk\/blog\/wp-json\/wp\/v2\/categories?post=365"},{"taxonomy":"post_tag","embeddable":true,"href":"https:\/\/www.vita-explorers.dk\/blog\/wp-json\/wp\/v2\/tags?post=365"}],"curies":[{"name":"wp","href":"https:\/\/api.w.org\/{rel}","templated":true}]}}