{"id":372,"date":"2014-11-14T09:58:05","date_gmt":"2014-11-14T08:58:05","guid":{"rendered":"https:\/\/www.globalong.com\/blog\/?p=372"},"modified":"2016-03-20T14:33:40","modified_gmt":"2016-03-20T13:33:40","slug":"den-gronne-brigade-i-togo","status":"publish","type":"post","link":"https:\/\/www.vita-explorers.dk\/blog\/den-gronne-brigade-i-togo\/","title":{"rendered":"Den gr\u00f8nne brigade i Togo"},"content":{"rendered":"<p class=\"p1\" style=\"text-align: justify;\"><a href=\"https:\/\/www.vita-explorers.dk\/blog\/wp-content\/uploads\/2014\/11\/Brigade-verte-Togo.jpg\"><img loading=\"lazy\" decoding=\"async\" class=\"alignright wp-image-373 size-medium\" src=\"https:\/\/www.vita-explorers.dk\/blog\/wp-content\/uploads\/2014\/11\/Brigade-verte-Togo-300x162.jpg\" alt=\"Brigade verte Togo\" width=\"300\" height=\"162\" srcset=\"https:\/\/www.vita-explorers.dk\/blog\/wp-content\/uploads\/2014\/11\/Brigade-verte-Togo-300x162.jpg 300w, https:\/\/www.vita-explorers.dk\/blog\/wp-content\/uploads\/2014\/11\/Brigade-verte-Togo-150x81.jpg 150w, https:\/\/www.vita-explorers.dk\/blog\/wp-content\/uploads\/2014\/11\/Brigade-verte-Togo.jpg 448w\" sizes=\"(max-width: 300px) 100vw, 300px\" \/><\/a>Siden september har 70 personer i Lom\u00e9 i Togo gennemf\u00f8rt et kursus og er nu en del af et team, der skal v\u00e6re med til at beskytte og bevare milj\u00f8et.<\/p>\n<p class=\"p1\" style=\"text-align: justify;\">Denne \u201cgr\u00f8nne brigade\u201d blev etableret p\u00e5 initiativ af en gruppe NGO\u2019er. Form\u00e5let med programmet er at fremme bedre milj\u00f8forvaltning og reducere negative konsekvenser for menneskers og dyrs sundhed. <img loading=\"lazy\" decoding=\"async\" class=\"alignright wp-image-1599\" src=\"https:\/\/www.vita-explorers.dk\/blog\/wp-content\/uploads\/2014\/11\/togo14.jpg\" alt=\"Partir en b\u00e9n\u00e9volat au Togo\" width=\"300\" height=\"300\" srcset=\"https:\/\/www.vita-explorers.dk\/blog\/wp-content\/uploads\/2014\/11\/togo14.jpg 190w, https:\/\/www.vita-explorers.dk\/blog\/wp-content\/uploads\/2014\/11\/togo14-150x150.jpg 150w\" sizes=\"(max-width: 300px) 100vw, 300px\" \/>Brigaden vil bev\u00e6ge sig rundt i hovedstaden for at informere og skabe opm\u00e6rksomhed om daglig affaldsh\u00e5ndtering \u2013 og hvad det betyder p\u00e5 l\u00e6ngere sigt.<\/p>\n<p class=\"p1\" style=\"text-align: justify;\">Den \u201cgr\u00f8nne\u201d indsats har naturligvis f\u00e5et st\u00f8tte fra Togos milj\u00f8ministerium og forventes p\u00e5 sigt at blive udvidet til andre af landets st\u00f8rre byer.<\/p>\n<p class=\"p1\" style=\"text-align: justify;\">Vi vil gerne anerkende det gr\u00f8nne initiativ og alle dem, der i hverdagen bidrager til ansvarlige milj\u00f8indsatser og bedre beskyttelse af naturen.<\/p>\n<p class=\"p1\" style=\"text-align: justify;\">Kilde: Karinfo<\/p>\n<p class=\"p1\" style=\"text-align: justify;\">Vil du p\u00e5 frivilligt arbejde i Togo med VITA <span style=\"text-decoration: underline;\"><a href=\"https:\/\/www.vita-explorers.dk\/frivilligt-arbejde\/togo-frivilligt-arbejde-humanitaert.html\" target=\"_blank\">s\u00e5 klik her!<\/a><\/span><\/p>\n<p class=\"p1\" style=\"text-align: justify;\"><a href=\"mailto:info@globalong.com\"><span style=\"text-decoration: underline;\">Kontakt os<\/span><\/a> for mere information!<\/p>\n<p class=\"p1\" style=\"text-align: justify;\"><span style=\"text-decoration: underline;\"><a href=\"https:\/\/www.flickr.com\/photos\/globalong\/albums\/72157640040896094\" target=\"_blank\">Se vores billeder fra Togo<\/a><\/span><\/p>\n","protected":false},"excerpt":{"rendered":"<p>Siden september har 70 personer i Lom\u00e9 i Togo gennemf\u00f8rt et kursus og er nu en del af et team, der skal v\u00e6re med\u2026<\/p>\n","protected":false},"author":1,"featured_media":373,"comment_status":"open","ping_status":"open","sticky":false,"template":"","format":"standard","meta":{"footnotes":""},"categories":[13,1,6,4],"tags":[96,94,95,93,41],"yoast_head":"<!-- This site is optimized with the Yoast SEO Premium plugin v23.4 (Yoast SEO v23.4) - https:\/\/yoast.com\/wordpress\/plugins\/seo\/ -->\n<title>Den gr\u00f8nne brigade i Togo - VITA Explorers Blog<\/title>\n<meta name=\"robots\" content=\"index, follow, max-snippet:-1, max-image-preview:large, max-video-preview:-1\" \/>\n<link rel=\"canonical\" href=\"https:\/\/www.vita-explorers.dk\/blog\/den-gronne-brigade-i-togo\/\" \/>\n<meta property=\"og:locale\" content=\"da_DK\" \/>\n<meta property=\"og:type\" content=\"article\" \/>\n<meta property=\"og:title\" content=\"Den gr\u00f8nne brigade i Togo\" \/>\n<meta property=\"og:description\" content=\"Siden september har 70 personer i Lom\u00e9 i Togo gennemf\u00f8rt et kursus og er nu en del af et team, der skal v\u00e6re med\u2026\" \/>\n<meta property=\"og:url\" content=\"https:\/\/www.vita-explorers.dk\/blog\/den-gronne-brigade-i-togo\/\" \/>\n<meta property=\"og:site_name\" content=\"VITA Explorers Blog\" \/>\n<meta property=\"article:publisher\" content=\"https:\/\/www.facebook.com\/globalong\" \/>\n<meta property=\"article:published_time\" content=\"2014-11-14T08:58:05+00:00\" \/>\n<meta property=\"article:modified_time\" content=\"2016-03-20T13:33:40+00:00\" \/>\n<meta property=\"og:image\" content=\"https:\/\/www.vita-explorers.dk\/blog\/wp-content\/uploads\/2014\/11\/Brigade-verte-Togo.jpg\" \/>\n\t<meta property=\"og:image:width\" content=\"448\" \/>\n\t<meta property=\"og:image:height\" content=\"243\" \/>\n\t<meta property=\"og:image:type\" content=\"image\/jpeg\" \/>\n<meta name=\"author\" content=\"VITA Tribe\" \/>\n<meta name=\"twitter:card\" content=\"summary_large_image\" \/>\n<meta name=\"twitter:label1\" content=\"Skrevet af\" \/>\n\t<meta name=\"twitter:data1\" content=\"VITA Tribe\" \/>\n\t<meta name=\"twitter:label2\" content=\"Estimeret l\u00e6setid\" \/>\n\t<meta name=\"twitter:data2\" content=\"1 minut\" \/>\n<script type=\"application\/ld+json\" class=\"yoast-schema-graph\">{\"@context\":\"https:\/\/schema.org\",\"@graph\":[{\"@type\":\"Article\",\"@id\":\"https:\/\/www.vita-explorers.dk\/blog\/den-gronne-brigade-i-togo\/#article\",\"isPartOf\":{\"@id\":\"https:\/\/www.vita-explorers.dk\/blog\/den-gronne-brigade-i-togo\/\"},\"author\":{\"name\":\"VITA Tribe\",\"@id\":\"https:\/\/www.vita-explorers.dk\/blog\/#\/schema\/person\/d7df267b64f23018d1dc519e78fb2735\"},\"headline\":\"Den gr\u00f8nne brigade i Togo\",\"datePublished\":\"2014-11-14T08:58:05+00:00\",\"dateModified\":\"2016-03-20T13:33:40+00:00\",\"mainEntityOfPage\":{\"@id\":\"https:\/\/www.vita-explorers.dk\/blog\/den-gronne-brigade-i-togo\/\"},\"wordCount\":173,\"commentCount\":0,\"publisher\":{\"@id\":\"https:\/\/www.vita-explorers.dk\/blog\/#organization\"},\"image\":{\"@id\":\"https:\/\/www.vita-explorers.dk\/blog\/den-gronne-brigade-i-togo\/#primaryimage\"},\"thumbnailUrl\":\"https:\/\/www.vita-explorers.dk\/blog\/wp-content\/uploads\/2014\/11\/Brigade-verte-Togo.jpg\",\"keywords\":[\"Brigade Verte\",\"Ecovolontariat\",\"environnement\",\"environnment en Afrique\",\"togo\"],\"articleSection\":[\"Afrika\",\"No Name\",\"Nyheder\",\"VITA Explorers\"],\"inLanguage\":\"da-DK\",\"potentialAction\":[{\"@type\":\"CommentAction\",\"name\":\"Comment\",\"target\":[\"https:\/\/www.vita-explorers.dk\/blog\/den-gronne-brigade-i-togo\/#respond\"]}]},{\"@type\":\"WebPage\",\"@id\":\"https:\/\/www.vita-explorers.dk\/blog\/den-gronne-brigade-i-togo\/\",\"url\":\"https:\/\/www.vita-explorers.dk\/blog\/den-gronne-brigade-i-togo\/\",\"name\":\"Den gr\u00f8nne brigade i Togo - VITA Explorers Blog\",\"isPartOf\":{\"@id\":\"https:\/\/www.vita-explorers.dk\/blog\/#website\"},\"primaryImageOfPage\":{\"@id\":\"https:\/\/www.vita-explorers.dk\/blog\/den-gronne-brigade-i-togo\/#primaryimage\"},\"image\":{\"@id\":\"https:\/\/www.vita-explorers.dk\/blog\/den-gronne-brigade-i-togo\/#primaryimage\"},\"thumbnailUrl\":\"https:\/\/www.vita-explorers.dk\/blog\/wp-content\/uploads\/2014\/11\/Brigade-verte-Togo.jpg\",\"datePublished\":\"2014-11-14T08:58:05+00:00\",\"dateModified\":\"2016-03-20T13:33:40+00:00\",\"breadcrumb\":{\"@id\":\"https:\/\/www.vita-explorers.dk\/blog\/den-gronne-brigade-i-togo\/#breadcrumb\"},\"inLanguage\":\"da-DK\",\"potentialAction\":[{\"@type\":\"ReadAction\",\"target\":[\"https:\/\/www.vita-explorers.dk\/blog\/den-gronne-brigade-i-togo\/\"]}]},{\"@type\":\"ImageObject\",\"inLanguage\":\"da-DK\",\"@id\":\"https:\/\/www.vita-explorers.dk\/blog\/den-gronne-brigade-i-togo\/#primaryimage\",\"url\":\"https:\/\/www.vita-explorers.dk\/blog\/wp-content\/uploads\/2014\/11\/Brigade-verte-Togo.jpg\",\"contentUrl\":\"https:\/\/www.vita-explorers.dk\/blog\/wp-content\/uploads\/2014\/11\/Brigade-verte-Togo.jpg\",\"width\":448,\"height\":243},{\"@type\":\"BreadcrumbList\",\"@id\":\"https:\/\/www.vita-explorers.dk\/blog\/den-gronne-brigade-i-togo\/#breadcrumb\",\"itemListElement\":[{\"@type\":\"ListItem\",\"position\":1,\"name\":\"Accueil\",\"item\":\"https:\/\/www.vita-explorers.dk\/blog\/\"},{\"@type\":\"ListItem\",\"position\":2,\"name\":\"Den gr\u00f8nne brigade i Togo\"}]},{\"@type\":\"WebSite\",\"@id\":\"https:\/\/www.vita-explorers.dk\/blog\/#website\",\"url\":\"https:\/\/www.vita-explorers.dk\/blog\/\",\"name\":\"Association Globalong\",\"description\":\"Frivilligt arbejde, sprogophold, praktik i udlandet og internationale oplevelser\",\"publisher\":{\"@id\":\"https:\/\/www.vita-explorers.dk\/blog\/#organization\"},\"potentialAction\":[{\"@type\":\"SearchAction\",\"target\":{\"@type\":\"EntryPoint\",\"urlTemplate\":\"https:\/\/www.vita-explorers.dk\/blog\/?s={search_term_string}\"},\"query-input\":{\"@type\":\"PropertyValueSpecification\",\"valueRequired\":true,\"valueName\":\"search_term_string\"}}],\"inLanguage\":\"da-DK\"},{\"@type\":\"Organization\",\"@id\":\"https:\/\/www.vita-explorers.dk\/blog\/#organization\",\"name\":\"Association Globalong\",\"url\":\"https:\/\/www.vita-explorers.dk\/blog\/\",\"logo\":{\"@type\":\"ImageObject\",\"inLanguage\":\"da-DK\",\"@id\":\"https:\/\/www.vita-explorers.dk\/blog\/#\/schema\/logo\/image\/\",\"url\":\"https:\/\/www.globalong.com\/blog\/wp-content\/uploads\/2014\/11\/cropped-cropped-Logo-et-Afrique-Globalong-petite-taille-2.jpg\",\"contentUrl\":\"https:\/\/www.globalong.com\/blog\/wp-content\/uploads\/2014\/11\/cropped-cropped-Logo-et-Afrique-Globalong-petite-taille-2.jpg\",\"width\":512,\"height\":512,\"caption\":\"Association Globalong\"},\"image\":{\"@id\":\"https:\/\/www.vita-explorers.dk\/blog\/#\/schema\/logo\/image\/\"},\"sameAs\":[\"https:\/\/www.facebook.com\/globalong\"]},{\"@type\":\"Person\",\"@id\":\"https:\/\/www.vita-explorers.dk\/blog\/#\/schema\/person\/d7df267b64f23018d1dc519e78fb2735\",\"name\":\"VITA Tribe\",\"image\":{\"@type\":\"ImageObject\",\"inLanguage\":\"da-DK\",\"@id\":\"https:\/\/www.vita-explorers.dk\/blog\/#\/schema\/person\/image\/\",\"url\":\"https:\/\/secure.gravatar.com\/avatar\/81461bcc213d0ff2bdc043d4206648f0?s=96&d=mm&r=g\",\"contentUrl\":\"https:\/\/secure.gravatar.com\/avatar\/81461bcc213d0ff2bdc043d4206648f0?s=96&d=mm&r=g\",\"caption\":\"VITA Tribe\"},\"sameAs\":[\"https:\/\/www.globalong.com\"],\"url\":\"https:\/\/www.vita-explorers.dk\/blog\/author\/sophie\/\"}]}<\/script>\n<!-- \/ Yoast SEO Premium plugin. -->","yoast_head_json":{"title":"Den gr\u00f8nne brigade i Togo - VITA Explorers Blog","robots":{"index":"index","follow":"follow","max-snippet":"max-snippet:-1","max-image-preview":"max-image-preview:large","max-video-preview":"max-video-preview:-1"},"canonical":"https:\/\/www.vita-explorers.dk\/blog\/den-gronne-brigade-i-togo\/","og_locale":"da_DK","og_type":"article","og_title":"Den gr\u00f8nne brigade i Togo","og_description":"Siden september har 70 personer i Lom\u00e9 i Togo gennemf\u00f8rt et kursus og er nu en del af et team, der skal v\u00e6re med\u2026","og_url":"https:\/\/www.vita-explorers.dk\/blog\/den-gronne-brigade-i-togo\/","og_site_name":"VITA Explorers Blog","article_publisher":"https:\/\/www.facebook.com\/globalong","article_published_time":"2014-11-14T08:58:05+00:00","article_modified_time":"2016-03-20T13:33:40+00:00","og_image":[{"width":448,"height":243,"url":"https:\/\/www.vita-explorers.dk\/blog\/wp-content\/uploads\/2014\/11\/Brigade-verte-Togo.jpg","type":"image\/jpeg"}],"author":"VITA Tribe","twitter_card":"summary_large_image","twitter_misc":{"Skrevet af":"VITA Tribe","Estimeret l\u00e6setid":"1 minut"},"schema":{"@context":"https:\/\/schema.org","@graph":[{"@type":"Article","@id":"https:\/\/www.vita-explorers.dk\/blog\/den-gronne-brigade-i-togo\/#article","isPartOf":{"@id":"https:\/\/www.vita-explorers.dk\/blog\/den-gronne-brigade-i-togo\/"},"author":{"name":"VITA Tribe","@id":"https:\/\/www.vita-explorers.dk\/blog\/#\/schema\/person\/d7df267b64f23018d1dc519e78fb2735"},"headline":"Den gr\u00f8nne brigade i Togo","datePublished":"2014-11-14T08:58:05+00:00","dateModified":"2016-03-20T13:33:40+00:00","mainEntityOfPage":{"@id":"https:\/\/www.vita-explorers.dk\/blog\/den-gronne-brigade-i-togo\/"},"wordCount":173,"commentCount":0,"publisher":{"@id":"https:\/\/www.vita-explorers.dk\/blog\/#organization"},"image":{"@id":"https:\/\/www.vita-explorers.dk\/blog\/den-gronne-brigade-i-togo\/#primaryimage"},"thumbnailUrl":"https:\/\/www.vita-explorers.dk\/blog\/wp-content\/uploads\/2014\/11\/Brigade-verte-Togo.jpg","keywords":["Brigade Verte","Ecovolontariat","environnement","environnment en Afrique","togo"],"articleSection":["Afrika","No Name","Nyheder","VITA Explorers"],"inLanguage":"da-DK","potentialAction":[{"@type":"CommentAction","name":"Comment","target":["https:\/\/www.vita-explorers.dk\/blog\/den-gronne-brigade-i-togo\/#respond"]}]},{"@type":"WebPage","@id":"https:\/\/www.vita-explorers.dk\/blog\/den-gronne-brigade-i-togo\/","url":"https:\/\/www.vita-explorers.dk\/blog\/den-gronne-brigade-i-togo\/","name":"Den gr\u00f8nne brigade i Togo - VITA Explorers Blog","isPartOf":{"@id":"https:\/\/www.vita-explorers.dk\/blog\/#website"},"primaryImageOfPage":{"@id":"https:\/\/www.vita-explorers.dk\/blog\/den-gronne-brigade-i-togo\/#primaryimage"},"image":{"@id":"https:\/\/www.vita-explorers.dk\/blog\/den-gronne-brigade-i-togo\/#primaryimage"},"thumbnailUrl":"https:\/\/www.vita-explorers.dk\/blog\/wp-content\/uploads\/2014\/11\/Brigade-verte-Togo.jpg","datePublished":"2014-11-14T08:58:05+00:00","dateModified":"2016-03-20T13:33:40+00:00","breadcrumb":{"@id":"https:\/\/www.vita-explorers.dk\/blog\/den-gronne-brigade-i-togo\/#breadcrumb"},"inLanguage":"da-DK","potentialAction":[{"@type":"ReadAction","target":["https:\/\/www.vita-explorers.dk\/blog\/den-gronne-brigade-i-togo\/"]}]},{"@type":"ImageObject","inLanguage":"da-DK","@id":"https:\/\/www.vita-explorers.dk\/blog\/den-gronne-brigade-i-togo\/#primaryimage","url":"https:\/\/www.vita-explorers.dk\/blog\/wp-content\/uploads\/2014\/11\/Brigade-verte-Togo.jpg","contentUrl":"https:\/\/www.vita-explorers.dk\/blog\/wp-content\/uploads\/2014\/11\/Brigade-verte-Togo.jpg","width":448,"height":243},{"@type":"BreadcrumbList","@id":"https:\/\/www.vita-explorers.dk\/blog\/den-gronne-brigade-i-togo\/#breadcrumb","itemListElement":[{"@type":"ListItem","position":1,"name":"Accueil","item":"https:\/\/www.vita-explorers.dk\/blog\/"},{"@type":"ListItem","position":2,"name":"Den gr\u00f8nne brigade i Togo"}]},{"@type":"WebSite","@id":"https:\/\/www.vita-explorers.dk\/blog\/#website","url":"https:\/\/www.vita-explorers.dk\/blog\/","name":"Association Globalong","description":"Frivilligt arbejde, sprogophold, praktik i udlandet og internationale oplevelser","publisher":{"@id":"https:\/\/www.vita-explorers.dk\/blog\/#organization"},"potentialAction":[{"@type":"SearchAction","target":{"@type":"EntryPoint","urlTemplate":"https:\/\/www.vita-explorers.dk\/blog\/?s={search_term_string}"},"query-input":{"@type":"PropertyValueSpecification","valueRequired":true,"valueName":"search_term_string"}}],"inLanguage":"da-DK"},{"@type":"Organization","@id":"https:\/\/www.vita-explorers.dk\/blog\/#organization","name":"Association Globalong","url":"https:\/\/www.vita-explorers.dk\/blog\/","logo":{"@type":"ImageObject","inLanguage":"da-DK","@id":"https:\/\/www.vita-explorers.dk\/blog\/#\/schema\/logo\/image\/","url":"https:\/\/www.globalong.com\/blog\/wp-content\/uploads\/2014\/11\/cropped-cropped-Logo-et-Afrique-Globalong-petite-taille-2.jpg","contentUrl":"https:\/\/www.globalong.com\/blog\/wp-content\/uploads\/2014\/11\/cropped-cropped-Logo-et-Afrique-Globalong-petite-taille-2.jpg","width":512,"height":512,"caption":"Association Globalong"},"image":{"@id":"https:\/\/www.vita-explorers.dk\/blog\/#\/schema\/logo\/image\/"},"sameAs":["https:\/\/www.facebook.com\/globalong"]},{"@type":"Person","@id":"https:\/\/www.vita-explorers.dk\/blog\/#\/schema\/person\/d7df267b64f23018d1dc519e78fb2735","name":"VITA Tribe","image":{"@type":"ImageObject","inLanguage":"da-DK","@id":"https:\/\/www.vita-explorers.dk\/blog\/#\/schema\/person\/image\/","url":"https:\/\/secure.gravatar.com\/avatar\/81461bcc213d0ff2bdc043d4206648f0?s=96&d=mm&r=g","contentUrl":"https:\/\/secure.gravatar.com\/avatar\/81461bcc213d0ff2bdc043d4206648f0?s=96&d=mm&r=g","caption":"VITA Tribe"},"sameAs":["https:\/\/www.globalong.com"],"url":"https:\/\/www.vita-explorers.dk\/blog\/author\/sophie\/"}]}},"_links":{"self":[{"href":"https:\/\/www.vita-explorers.dk\/blog\/wp-json\/wp\/v2\/posts\/372"}],"collection":[{"href":"https:\/\/www.vita-explorers.dk\/blog\/wp-json\/wp\/v2\/posts"}],"about":[{"href":"https:\/\/www.vita-explorers.dk\/blog\/wp-json\/wp\/v2\/types\/post"}],"author":[{"embeddable":true,"href":"https:\/\/www.vita-explorers.dk\/blog\/wp-json\/wp\/v2\/users\/1"}],"replies":[{"embeddable":true,"href":"https:\/\/www.vita-explorers.dk\/blog\/wp-json\/wp\/v2\/comments?post=372"}],"version-history":[{"count":4,"href":"https:\/\/www.vita-explorers.dk\/blog\/wp-json\/wp\/v2\/posts\/372\/revisions"}],"predecessor-version":[{"id":1602,"href":"https:\/\/www.vita-explorers.dk\/blog\/wp-json\/wp\/v2\/posts\/372\/revisions\/1602"}],"wp:featuredmedia":[{"embeddable":true,"href":"https:\/\/www.vita-explorers.dk\/blog\/wp-json\/wp\/v2\/media\/373"}],"wp:attachment":[{"href":"https:\/\/www.vita-explorers.dk\/blog\/wp-json\/wp\/v2\/media?parent=372"}],"wp:term":[{"taxonomy":"category","embeddable":true,"href":"https:\/\/www.vita-explorers.dk\/blog\/wp-json\/wp\/v2\/categories?post=372"},{"taxonomy":"post_tag","embeddable":true,"href":"https:\/\/www.vita-explorers.dk\/blog\/wp-json\/wp\/v2\/tags?post=372"}],"curies":[{"name":"wp","href":"https:\/\/api.w.org\/{rel}","templated":true}]}}