{"id":413,"date":"2014-11-24T09:49:18","date_gmt":"2014-11-24T08:49:18","guid":{"rendered":"https:\/\/www.globalong.com\/blog\/?p=413"},"modified":"2025-01-28T23:45:48","modified_gmt":"2025-01-28T22:45:48","slug":"ikke-flere-plastikposer-til-ecuador","status":"publish","type":"post","link":"https:\/\/www.vita-explorers.dk\/blog\/ikke-flere-plastikposer-til-ecuador\/","title":{"rendered":"Ikke flere plastikposer i Ecuador!"},"content":{"rendered":"<p class=\"p1\"><img loading=\"lazy\" decoding=\"async\" class=\"alignright wp-image-414 size-medium\" src=\"https:\/\/www.vita-explorers.dk\/blog\/wp-content\/uploads\/2014\/11\/n26003890_32206907_9994-300x225.jpg\" alt=\"Galapagos-nature - Globalong\" width=\"300\" height=\"225\" srcset=\"https:\/\/www.vita-explorers.dk\/blog\/wp-content\/uploads\/2014\/11\/n26003890_32206907_9994-300x225.jpg 300w, https:\/\/www.vita-explorers.dk\/blog\/wp-content\/uploads\/2014\/11\/n26003890_32206907_9994-150x112.jpg 150w, https:\/\/www.vita-explorers.dk\/blog\/wp-content\/uploads\/2014\/11\/n26003890_32206907_9994.jpg 604w\" sizes=\"(max-width: 300px) 100vw, 300px\" \/><a href=\"https:\/\/www.vita-explorers.dk\/blog\/humanitaer-rejse-i-ecuador\/\" target=\"_blank\" rel=\"noopener\">Ecuador<\/a> har netop taget et vigtigt skridt for natur og klima ved at styrke indsatsen for at beskytte milj\u00f8et.<\/p>\n<p class=\"p1\" style=\"text-align: justify;\">Det latinamerikanske land har nemlig forbudt brugen af plastposer og plastikkrus i hele Gal\u00e1pagos-\u00f8gruppen p\u00e5 grund af deres alvorlige konsekvenser for milj\u00f8et.<\/p>\n<p class=\"p1\" style=\"text-align: justify;\">\u00d8gruppen er optaget p\u00e5 UNESCO\u2019s verdensnaturarvsliste. Plastaffald kan v\u00e6re op til 200 \u00e5r om at nedbrydes og udg\u00f8r en stor trussel mod livet i havet.<\/p>\n<p class=\"p1\" style=\"text-align: justify;\">Det er en rigtig st\u00e6rk beslutning fra den <img loading=\"lazy\" decoding=\"async\" class=\"alignright wp-image-1577\" src=\"https:\/\/www.vita-explorers.dk\/blog\/wp-content\/uploads\/2014\/11\/galapagos_03.jpg\" alt=\"Partez en mission humanitaire avec Globalong\" width=\"300\" height=\"300\" srcset=\"https:\/\/www.vita-explorers.dk\/blog\/wp-content\/uploads\/2014\/11\/galapagos_03.jpg 190w, https:\/\/www.vita-explorers.dk\/blog\/wp-content\/uploads\/2014\/11\/galapagos_03-150x150.jpg 150w\" sizes=\"(max-width: 300px) 100vw, 300px\" \/>ecuadorianske regering, som bidrager til at beskytte et af verdens mest s\u00e5rbare \u00f8kosystemer.<\/p>\n<p class=\"p1\" style=\"text-align: justify;\">Ikke langt derfra, i Peru, er 500 s\u00f8l\u00f8ver for nylig blevet fundet d\u00f8de p\u00e5 stranden ved Anconcillo i den nordlige del af landet. Distriktslederen i Samanco skulle if\u00f8lge oplysninger mene, at dyrene kan v\u00e6re blevet forgiftet af fiskere og marikultur-akt\u00f8rer, der indsamler skaldyr.<\/p>\n<p class=\"p1\" style=\"text-align: justify;\">Allerede for nogle uger siden blev 187 s\u00f8l\u00f8ver, 4 delfiner, skildpadder og pelikaner ogs\u00e5 fundet d\u00f8de i Nordperu. Myndighederne unders\u00f8ger blandt andet sygdom, jagt og indtagelse af plast som mulige \u00e5rsager.<\/p>\n<p class=\"p1\" style=\"text-align: justify;\">De tragiske h\u00e6ndelser understreger, hvor vigtig beslutningen i Ecuador er. Forh\u00e5bentlig vil flere regeringer i Latinamerika f\u00f8lge trop, og at der globalt kommer st\u00f8rre opm\u00e6rksomhed p\u00e5 de milj\u00f8katastrofer, vi st\u00e5r overfor.<\/p>\n<p class=\"p2\">Se <span style=\"text-decoration: underline;\"><a href=\"https:\/\/www.vita-explorers.dk\/sprog-og-frivilligt-arbejde\/ecovolontariat-galapagos.html\" target=\"_blank\" rel=\"noopener\">frivilligt arbejde og sprogkurser p\u00e5 Gal\u00e1pagos<\/a><\/span> og rejs afsted med VITA<\/p>\n<p class=\"p2\">Du er ogs\u00e5 velkommen til at <span style=\"text-decoration: underline;\"><a href=\"mailto:info@globalong.com\">kontakte os<\/a><\/span> for mere information<\/p>\n<p class=\"p2\"><span style=\"text-decoration: underline;\"><a href=\"https:\/\/www.flickr.com\/photos\/globalong\/albums\/72157643717348074\" target=\"_blank\" rel=\"noopener\">Se vores billeder<\/a><\/span> fra Gal\u00e1pagos<\/p>\n<p class=\"p1\">Kilde: RTL og LeParisien<\/p>\n","protected":false},"excerpt":{"rendered":"<p>Ecuador har netop taget et vigtigt skridt for natur og klima ved at styrke indsatsen for at beskytte milj\u00f8et. Det latinamerikanske land har nemlig\u2026<\/p>\n","protected":false},"author":1,"featured_media":414,"comment_status":"open","ping_status":"open","sticky":false,"template":"","format":"standard","meta":{"footnotes":""},"categories":[8,1,6,3],"tags":[104,106,105,107],"yoast_head":"<!-- This site is optimized with the Yoast SEO Premium plugin v23.4 (Yoast SEO v23.4) - https:\/\/yoast.com\/wordpress\/plugins\/seo\/ -->\n<title>Ikke flere plastikposer i Ecuador! - VITA Explorers Blog<\/title>\n<meta name=\"robots\" content=\"index, follow, max-snippet:-1, max-image-preview:large, max-video-preview:-1\" \/>\n<link rel=\"canonical\" href=\"https:\/\/www.vita-explorers.dk\/blog\/ikke-flere-plastikposer-til-ecuador\/\" \/>\n<meta property=\"og:locale\" content=\"da_DK\" \/>\n<meta property=\"og:type\" content=\"article\" \/>\n<meta property=\"og:title\" content=\"Ikke flere plastikposer i Ecuador!\" \/>\n<meta property=\"og:description\" content=\"Ecuador har netop taget et vigtigt skridt for natur og klima ved at styrke indsatsen for at beskytte milj\u00f8et. Det latinamerikanske land har nemlig\u2026\" \/>\n<meta property=\"og:url\" content=\"https:\/\/www.vita-explorers.dk\/blog\/ikke-flere-plastikposer-til-ecuador\/\" \/>\n<meta property=\"og:site_name\" content=\"VITA Explorers Blog\" \/>\n<meta property=\"article:publisher\" content=\"https:\/\/www.facebook.com\/globalong\" \/>\n<meta property=\"article:published_time\" content=\"2014-11-24T08:49:18+00:00\" \/>\n<meta property=\"article:modified_time\" content=\"2025-01-28T22:45:48+00:00\" \/>\n<meta property=\"og:image\" content=\"https:\/\/www.vita-explorers.dk\/blog\/wp-content\/uploads\/2014\/11\/n26003890_32206907_9994.jpg\" \/>\n\t<meta property=\"og:image:width\" content=\"604\" \/>\n\t<meta property=\"og:image:height\" content=\"453\" \/>\n\t<meta property=\"og:image:type\" content=\"image\/jpeg\" \/>\n<meta name=\"author\" content=\"VITA Tribe\" \/>\n<meta name=\"twitter:card\" content=\"summary_large_image\" \/>\n<meta name=\"twitter:label1\" content=\"Skrevet af\" \/>\n\t<meta name=\"twitter:data1\" content=\"VITA Tribe\" \/>\n\t<meta name=\"twitter:label2\" content=\"Estimeret l\u00e6setid\" \/>\n\t<meta name=\"twitter:data2\" content=\"2 minutter\" \/>\n<script type=\"application\/ld+json\" class=\"yoast-schema-graph\">{\"@context\":\"https:\/\/schema.org\",\"@graph\":[{\"@type\":\"Article\",\"@id\":\"https:\/\/www.vita-explorers.dk\/blog\/ikke-flere-plastikposer-til-ecuador\/#article\",\"isPartOf\":{\"@id\":\"https:\/\/www.vita-explorers.dk\/blog\/ikke-flere-plastikposer-til-ecuador\/\"},\"author\":{\"name\":\"VITA Tribe\",\"@id\":\"https:\/\/www.vita-explorers.dk\/blog\/#\/schema\/person\/d7df267b64f23018d1dc519e78fb2735\"},\"headline\":\"Ikke flere plastikposer i Ecuador!\",\"datePublished\":\"2014-11-24T08:49:18+00:00\",\"dateModified\":\"2025-01-28T22:45:48+00:00\",\"mainEntityOfPage\":{\"@id\":\"https:\/\/www.vita-explorers.dk\/blog\/ikke-flere-plastikposer-til-ecuador\/\"},\"wordCount\":253,\"commentCount\":0,\"publisher\":{\"@id\":\"https:\/\/www.vita-explorers.dk\/blog\/#organization\"},\"image\":{\"@id\":\"https:\/\/www.vita-explorers.dk\/blog\/ikke-flere-plastikposer-til-ecuador\/#primaryimage\"},\"thumbnailUrl\":\"https:\/\/www.vita-explorers.dk\/blog\/wp-content\/uploads\/2014\/11\/n26003890_32206907_9994.jpg\",\"keywords\":[\"\u00e9cologie\",\"Equateur\",\"sacs plastique\",\"vie marine\"],\"articleSection\":[\"Humanit\u00e6rt frivilligt arbejde\",\"No Name\",\"Nyheder\",\"Rejser - generelle oplysninger\"],\"inLanguage\":\"da-DK\",\"potentialAction\":[{\"@type\":\"CommentAction\",\"name\":\"Comment\",\"target\":[\"https:\/\/www.vita-explorers.dk\/blog\/ikke-flere-plastikposer-til-ecuador\/#respond\"]}]},{\"@type\":\"WebPage\",\"@id\":\"https:\/\/www.vita-explorers.dk\/blog\/ikke-flere-plastikposer-til-ecuador\/\",\"url\":\"https:\/\/www.vita-explorers.dk\/blog\/ikke-flere-plastikposer-til-ecuador\/\",\"name\":\"Ikke flere plastikposer i Ecuador! - VITA Explorers Blog\",\"isPartOf\":{\"@id\":\"https:\/\/www.vita-explorers.dk\/blog\/#website\"},\"primaryImageOfPage\":{\"@id\":\"https:\/\/www.vita-explorers.dk\/blog\/ikke-flere-plastikposer-til-ecuador\/#primaryimage\"},\"image\":{\"@id\":\"https:\/\/www.vita-explorers.dk\/blog\/ikke-flere-plastikposer-til-ecuador\/#primaryimage\"},\"thumbnailUrl\":\"https:\/\/www.vita-explorers.dk\/blog\/wp-content\/uploads\/2014\/11\/n26003890_32206907_9994.jpg\",\"datePublished\":\"2014-11-24T08:49:18+00:00\",\"dateModified\":\"2025-01-28T22:45:48+00:00\",\"breadcrumb\":{\"@id\":\"https:\/\/www.vita-explorers.dk\/blog\/ikke-flere-plastikposer-til-ecuador\/#breadcrumb\"},\"inLanguage\":\"da-DK\",\"potentialAction\":[{\"@type\":\"ReadAction\",\"target\":[\"https:\/\/www.vita-explorers.dk\/blog\/ikke-flere-plastikposer-til-ecuador\/\"]}]},{\"@type\":\"ImageObject\",\"inLanguage\":\"da-DK\",\"@id\":\"https:\/\/www.vita-explorers.dk\/blog\/ikke-flere-plastikposer-til-ecuador\/#primaryimage\",\"url\":\"https:\/\/www.vita-explorers.dk\/blog\/wp-content\/uploads\/2014\/11\/n26003890_32206907_9994.jpg\",\"contentUrl\":\"https:\/\/www.vita-explorers.dk\/blog\/wp-content\/uploads\/2014\/11\/n26003890_32206907_9994.jpg\",\"width\":604,\"height\":453,\"caption\":\"galapagos\"},{\"@type\":\"BreadcrumbList\",\"@id\":\"https:\/\/www.vita-explorers.dk\/blog\/ikke-flere-plastikposer-til-ecuador\/#breadcrumb\",\"itemListElement\":[{\"@type\":\"ListItem\",\"position\":1,\"name\":\"Accueil\",\"item\":\"https:\/\/www.vita-explorers.dk\/blog\/\"},{\"@type\":\"ListItem\",\"position\":2,\"name\":\"Ikke flere plastikposer i Ecuador!\"}]},{\"@type\":\"WebSite\",\"@id\":\"https:\/\/www.vita-explorers.dk\/blog\/#website\",\"url\":\"https:\/\/www.vita-explorers.dk\/blog\/\",\"name\":\"Association Globalong\",\"description\":\"Frivilligt arbejde, sprogophold, praktik i udlandet og internationale oplevelser\",\"publisher\":{\"@id\":\"https:\/\/www.vita-explorers.dk\/blog\/#organization\"},\"potentialAction\":[{\"@type\":\"SearchAction\",\"target\":{\"@type\":\"EntryPoint\",\"urlTemplate\":\"https:\/\/www.vita-explorers.dk\/blog\/?s={search_term_string}\"},\"query-input\":{\"@type\":\"PropertyValueSpecification\",\"valueRequired\":true,\"valueName\":\"search_term_string\"}}],\"inLanguage\":\"da-DK\"},{\"@type\":\"Organization\",\"@id\":\"https:\/\/www.vita-explorers.dk\/blog\/#organization\",\"name\":\"Association Globalong\",\"url\":\"https:\/\/www.vita-explorers.dk\/blog\/\",\"logo\":{\"@type\":\"ImageObject\",\"inLanguage\":\"da-DK\",\"@id\":\"https:\/\/www.vita-explorers.dk\/blog\/#\/schema\/logo\/image\/\",\"url\":\"https:\/\/www.globalong.com\/blog\/wp-content\/uploads\/2014\/11\/cropped-cropped-Logo-et-Afrique-Globalong-petite-taille-2.jpg\",\"contentUrl\":\"https:\/\/www.globalong.com\/blog\/wp-content\/uploads\/2014\/11\/cropped-cropped-Logo-et-Afrique-Globalong-petite-taille-2.jpg\",\"width\":512,\"height\":512,\"caption\":\"Association Globalong\"},\"image\":{\"@id\":\"https:\/\/www.vita-explorers.dk\/blog\/#\/schema\/logo\/image\/\"},\"sameAs\":[\"https:\/\/www.facebook.com\/globalong\"]},{\"@type\":\"Person\",\"@id\":\"https:\/\/www.vita-explorers.dk\/blog\/#\/schema\/person\/d7df267b64f23018d1dc519e78fb2735\",\"name\":\"VITA Tribe\",\"image\":{\"@type\":\"ImageObject\",\"inLanguage\":\"da-DK\",\"@id\":\"https:\/\/www.vita-explorers.dk\/blog\/#\/schema\/person\/image\/\",\"url\":\"https:\/\/secure.gravatar.com\/avatar\/81461bcc213d0ff2bdc043d4206648f0?s=96&d=mm&r=g\",\"contentUrl\":\"https:\/\/secure.gravatar.com\/avatar\/81461bcc213d0ff2bdc043d4206648f0?s=96&d=mm&r=g\",\"caption\":\"VITA Tribe\"},\"sameAs\":[\"https:\/\/www.globalong.com\"],\"url\":\"https:\/\/www.vita-explorers.dk\/blog\/author\/sophie\/\"}]}<\/script>\n<!-- \/ Yoast SEO Premium plugin. -->","yoast_head_json":{"title":"Ikke flere plastikposer i Ecuador! - VITA Explorers Blog","robots":{"index":"index","follow":"follow","max-snippet":"max-snippet:-1","max-image-preview":"max-image-preview:large","max-video-preview":"max-video-preview:-1"},"canonical":"https:\/\/www.vita-explorers.dk\/blog\/ikke-flere-plastikposer-til-ecuador\/","og_locale":"da_DK","og_type":"article","og_title":"Ikke flere plastikposer i Ecuador!","og_description":"Ecuador har netop taget et vigtigt skridt for natur og klima ved at styrke indsatsen for at beskytte milj\u00f8et. Det latinamerikanske land har nemlig\u2026","og_url":"https:\/\/www.vita-explorers.dk\/blog\/ikke-flere-plastikposer-til-ecuador\/","og_site_name":"VITA Explorers Blog","article_publisher":"https:\/\/www.facebook.com\/globalong","article_published_time":"2014-11-24T08:49:18+00:00","article_modified_time":"2025-01-28T22:45:48+00:00","og_image":[{"width":604,"height":453,"url":"https:\/\/www.vita-explorers.dk\/blog\/wp-content\/uploads\/2014\/11\/n26003890_32206907_9994.jpg","type":"image\/jpeg"}],"author":"VITA Tribe","twitter_card":"summary_large_image","twitter_misc":{"Skrevet af":"VITA Tribe","Estimeret l\u00e6setid":"2 minutter"},"schema":{"@context":"https:\/\/schema.org","@graph":[{"@type":"Article","@id":"https:\/\/www.vita-explorers.dk\/blog\/ikke-flere-plastikposer-til-ecuador\/#article","isPartOf":{"@id":"https:\/\/www.vita-explorers.dk\/blog\/ikke-flere-plastikposer-til-ecuador\/"},"author":{"name":"VITA Tribe","@id":"https:\/\/www.vita-explorers.dk\/blog\/#\/schema\/person\/d7df267b64f23018d1dc519e78fb2735"},"headline":"Ikke flere plastikposer i Ecuador!","datePublished":"2014-11-24T08:49:18+00:00","dateModified":"2025-01-28T22:45:48+00:00","mainEntityOfPage":{"@id":"https:\/\/www.vita-explorers.dk\/blog\/ikke-flere-plastikposer-til-ecuador\/"},"wordCount":253,"commentCount":0,"publisher":{"@id":"https:\/\/www.vita-explorers.dk\/blog\/#organization"},"image":{"@id":"https:\/\/www.vita-explorers.dk\/blog\/ikke-flere-plastikposer-til-ecuador\/#primaryimage"},"thumbnailUrl":"https:\/\/www.vita-explorers.dk\/blog\/wp-content\/uploads\/2014\/11\/n26003890_32206907_9994.jpg","keywords":["\u00e9cologie","Equateur","sacs plastique","vie marine"],"articleSection":["Humanit\u00e6rt frivilligt arbejde","No Name","Nyheder","Rejser - generelle oplysninger"],"inLanguage":"da-DK","potentialAction":[{"@type":"CommentAction","name":"Comment","target":["https:\/\/www.vita-explorers.dk\/blog\/ikke-flere-plastikposer-til-ecuador\/#respond"]}]},{"@type":"WebPage","@id":"https:\/\/www.vita-explorers.dk\/blog\/ikke-flere-plastikposer-til-ecuador\/","url":"https:\/\/www.vita-explorers.dk\/blog\/ikke-flere-plastikposer-til-ecuador\/","name":"Ikke flere plastikposer i Ecuador! - VITA Explorers Blog","isPartOf":{"@id":"https:\/\/www.vita-explorers.dk\/blog\/#website"},"primaryImageOfPage":{"@id":"https:\/\/www.vita-explorers.dk\/blog\/ikke-flere-plastikposer-til-ecuador\/#primaryimage"},"image":{"@id":"https:\/\/www.vita-explorers.dk\/blog\/ikke-flere-plastikposer-til-ecuador\/#primaryimage"},"thumbnailUrl":"https:\/\/www.vita-explorers.dk\/blog\/wp-content\/uploads\/2014\/11\/n26003890_32206907_9994.jpg","datePublished":"2014-11-24T08:49:18+00:00","dateModified":"2025-01-28T22:45:48+00:00","breadcrumb":{"@id":"https:\/\/www.vita-explorers.dk\/blog\/ikke-flere-plastikposer-til-ecuador\/#breadcrumb"},"inLanguage":"da-DK","potentialAction":[{"@type":"ReadAction","target":["https:\/\/www.vita-explorers.dk\/blog\/ikke-flere-plastikposer-til-ecuador\/"]}]},{"@type":"ImageObject","inLanguage":"da-DK","@id":"https:\/\/www.vita-explorers.dk\/blog\/ikke-flere-plastikposer-til-ecuador\/#primaryimage","url":"https:\/\/www.vita-explorers.dk\/blog\/wp-content\/uploads\/2014\/11\/n26003890_32206907_9994.jpg","contentUrl":"https:\/\/www.vita-explorers.dk\/blog\/wp-content\/uploads\/2014\/11\/n26003890_32206907_9994.jpg","width":604,"height":453,"caption":"galapagos"},{"@type":"BreadcrumbList","@id":"https:\/\/www.vita-explorers.dk\/blog\/ikke-flere-plastikposer-til-ecuador\/#breadcrumb","itemListElement":[{"@type":"ListItem","position":1,"name":"Accueil","item":"https:\/\/www.vita-explorers.dk\/blog\/"},{"@type":"ListItem","position":2,"name":"Ikke flere plastikposer i Ecuador!"}]},{"@type":"WebSite","@id":"https:\/\/www.vita-explorers.dk\/blog\/#website","url":"https:\/\/www.vita-explorers.dk\/blog\/","name":"Association Globalong","description":"Frivilligt arbejde, sprogophold, praktik i udlandet og internationale oplevelser","publisher":{"@id":"https:\/\/www.vita-explorers.dk\/blog\/#organization"},"potentialAction":[{"@type":"SearchAction","target":{"@type":"EntryPoint","urlTemplate":"https:\/\/www.vita-explorers.dk\/blog\/?s={search_term_string}"},"query-input":{"@type":"PropertyValueSpecification","valueRequired":true,"valueName":"search_term_string"}}],"inLanguage":"da-DK"},{"@type":"Organization","@id":"https:\/\/www.vita-explorers.dk\/blog\/#organization","name":"Association Globalong","url":"https:\/\/www.vita-explorers.dk\/blog\/","logo":{"@type":"ImageObject","inLanguage":"da-DK","@id":"https:\/\/www.vita-explorers.dk\/blog\/#\/schema\/logo\/image\/","url":"https:\/\/www.globalong.com\/blog\/wp-content\/uploads\/2014\/11\/cropped-cropped-Logo-et-Afrique-Globalong-petite-taille-2.jpg","contentUrl":"https:\/\/www.globalong.com\/blog\/wp-content\/uploads\/2014\/11\/cropped-cropped-Logo-et-Afrique-Globalong-petite-taille-2.jpg","width":512,"height":512,"caption":"Association Globalong"},"image":{"@id":"https:\/\/www.vita-explorers.dk\/blog\/#\/schema\/logo\/image\/"},"sameAs":["https:\/\/www.facebook.com\/globalong"]},{"@type":"Person","@id":"https:\/\/www.vita-explorers.dk\/blog\/#\/schema\/person\/d7df267b64f23018d1dc519e78fb2735","name":"VITA Tribe","image":{"@type":"ImageObject","inLanguage":"da-DK","@id":"https:\/\/www.vita-explorers.dk\/blog\/#\/schema\/person\/image\/","url":"https:\/\/secure.gravatar.com\/avatar\/81461bcc213d0ff2bdc043d4206648f0?s=96&d=mm&r=g","contentUrl":"https:\/\/secure.gravatar.com\/avatar\/81461bcc213d0ff2bdc043d4206648f0?s=96&d=mm&r=g","caption":"VITA Tribe"},"sameAs":["https:\/\/www.globalong.com"],"url":"https:\/\/www.vita-explorers.dk\/blog\/author\/sophie\/"}]}},"_links":{"self":[{"href":"https:\/\/www.vita-explorers.dk\/blog\/wp-json\/wp\/v2\/posts\/413"}],"collection":[{"href":"https:\/\/www.vita-explorers.dk\/blog\/wp-json\/wp\/v2\/posts"}],"about":[{"href":"https:\/\/www.vita-explorers.dk\/blog\/wp-json\/wp\/v2\/types\/post"}],"author":[{"embeddable":true,"href":"https:\/\/www.vita-explorers.dk\/blog\/wp-json\/wp\/v2\/users\/1"}],"replies":[{"embeddable":true,"href":"https:\/\/www.vita-explorers.dk\/blog\/wp-json\/wp\/v2\/comments?post=413"}],"version-history":[{"count":6,"href":"https:\/\/www.vita-explorers.dk\/blog\/wp-json\/wp\/v2\/posts\/413\/revisions"}],"predecessor-version":[{"id":20657,"href":"https:\/\/www.vita-explorers.dk\/blog\/wp-json\/wp\/v2\/posts\/413\/revisions\/20657"}],"wp:featuredmedia":[{"embeddable":true,"href":"https:\/\/www.vita-explorers.dk\/blog\/wp-json\/wp\/v2\/media\/414"}],"wp:attachment":[{"href":"https:\/\/www.vita-explorers.dk\/blog\/wp-json\/wp\/v2\/media?parent=413"}],"wp:term":[{"taxonomy":"category","embeddable":true,"href":"https:\/\/www.vita-explorers.dk\/blog\/wp-json\/wp\/v2\/categories?post=413"},{"taxonomy":"post_tag","embeddable":true,"href":"https:\/\/www.vita-explorers.dk\/blog\/wp-json\/wp\/v2\/tags?post=413"}],"curies":[{"name":"wp","href":"https:\/\/api.w.org\/{rel}","templated":true}]}}