{"id":417,"date":"2014-12-01T13:44:31","date_gmt":"2014-12-01T12:44:31","guid":{"rendered":"https:\/\/www.globalong.com\/blog\/?p=417"},"modified":"2016-03-20T14:33:39","modified_gmt":"2016-03-20T13:33:39","slug":"verdensdagen-mod-aids","status":"publish","type":"post","link":"https:\/\/www.vita-explorers.dk\/blog\/verdensdagen-mod-aids\/","title":{"rendered":"Verdens AIDS-dag"},"content":{"rendered":"<p class=\"p1\" style=\"text-align: justify;\"><img loading=\"lazy\" decoding=\"async\" class=\"wp-image-418 size-medium alignright\" src=\"https:\/\/www.vita-explorers.dk\/blog\/wp-content\/uploads\/2014\/12\/lutte-SIDA-300x300.jpg\" alt=\"lutte SIDA\" width=\"300\" height=\"300\" srcset=\"https:\/\/www.vita-explorers.dk\/blog\/wp-content\/uploads\/2014\/12\/lutte-SIDA-300x300.jpg 300w, https:\/\/www.vita-explorers.dk\/blog\/wp-content\/uploads\/2014\/12\/lutte-SIDA-150x150.jpg 150w, https:\/\/www.vita-explorers.dk\/blog\/wp-content\/uploads\/2014\/12\/lutte-SIDA.jpg 400w\" sizes=\"(max-width: 300px) 100vw, 300px\" \/>Med omkring seks millioner mennesker ber\u00f8rt af hiv er Sydafrika det land i verden med flest hiv-positive.<\/p>\n<p class=\"p1\" style=\"text-align: justify;\">I de seneste ti \u00e5r har landets myndigheder udleveret antiretroviral behandling gratis til befolkningen. I dag lever omkring 1 ud af 10 med virusset i landet, og mere end 2,6 millioner mennesker er i behandling.<\/p>\n<p class=\"p1\" style=\"text-align: justify;\">Verdens AIDS-dag er en anledning til at sige tak til de mange sundheds- og civilsamfundsakt\u00f8rer verden over, som hver dag arbejder for at bremse smitten og st\u00f8tte mennesker, der lever med hiv.<\/p>\n<p class=\"p1\" style=\"text-align: justify;\">Med VITA har du mulighed for at engagere dig i forskellige oplysnings- og forebyggelsesprojekter i Afrika, Asien og Latinamerika.<\/p>\n<p class=\"p2\">Kilde: lepoint.fr<\/p>\n<p class=\"p2\" style=\"text-align: left;\">Hvis du vil bidrage til indsatser rundt om i verden, <span style=\"text-decoration: underline;\"><a href=\"https:\/\/www.vita-explorers.dk\" target=\"_blank\">klik her<\/a><\/span> og rejs afsted med VITA!<\/p>\n<p class=\"p2\" style=\"text-align: left;\">Kontakt os for mere information: <span style=\"text-decoration: underline;\"><a href=\"mailto:info@globalong.com\">info@globalong.com<\/a><\/span><\/p>\n<p class=\"p2\" style=\"text-align: left;\"><span style=\"text-decoration: underline;\"><a href=\"https:\/\/www.flickr.com\/photos\/globalong\/albums\/\" target=\"_blank\">Se billederne<\/a><\/span> fra deltagere, der allerede har rejst ud med VITA!<\/p>\n","protected":false},"excerpt":{"rendered":"<p>Med omkring seks millioner mennesker ber\u00f8rt af hiv er Sydafrika det land i verden med flest hiv-positive. I de seneste ti \u00e5r har landets\u2026<\/p>\n","protected":false},"author":1,"featured_media":418,"comment_status":"open","ping_status":"open","sticky":false,"template":"","format":"standard","meta":{"footnotes":""},"categories":[13,12,8,6,4],"tags":[57,17,108,16],"yoast_head":"<!-- This site is optimized with the Yoast SEO Premium plugin v23.4 (Yoast SEO v23.4) - https:\/\/yoast.com\/wordpress\/plugins\/seo\/ -->\n<title>Verdens AIDS-dag - VITA Explorers Blog<\/title>\n<meta name=\"robots\" content=\"index, follow, max-snippet:-1, max-image-preview:large, max-video-preview:-1\" \/>\n<link rel=\"canonical\" href=\"https:\/\/www.vita-explorers.dk\/blog\/verdensdagen-mod-aids\/\" \/>\n<meta property=\"og:locale\" content=\"da_DK\" \/>\n<meta property=\"og:type\" content=\"article\" \/>\n<meta property=\"og:title\" content=\"Verdens AIDS-dag\" \/>\n<meta property=\"og:description\" content=\"Med omkring seks millioner mennesker ber\u00f8rt af hiv er Sydafrika det land i verden med flest hiv-positive. I de seneste ti \u00e5r har landets\u2026\" \/>\n<meta property=\"og:url\" content=\"https:\/\/www.vita-explorers.dk\/blog\/verdensdagen-mod-aids\/\" \/>\n<meta property=\"og:site_name\" content=\"VITA Explorers Blog\" \/>\n<meta property=\"article:publisher\" content=\"https:\/\/www.facebook.com\/globalong\" \/>\n<meta property=\"article:published_time\" content=\"2014-12-01T12:44:31+00:00\" \/>\n<meta property=\"article:modified_time\" content=\"2016-03-20T13:33:39+00:00\" \/>\n<meta property=\"og:image\" content=\"https:\/\/www.vita-explorers.dk\/blog\/wp-content\/uploads\/2014\/12\/lutte-SIDA.jpg\" \/>\n\t<meta property=\"og:image:width\" content=\"400\" \/>\n\t<meta property=\"og:image:height\" content=\"400\" \/>\n\t<meta property=\"og:image:type\" content=\"image\/jpeg\" \/>\n<meta name=\"author\" content=\"VITA Tribe\" \/>\n<meta name=\"twitter:card\" content=\"summary_large_image\" \/>\n<meta name=\"twitter:label1\" content=\"Skrevet af\" \/>\n\t<meta name=\"twitter:data1\" content=\"VITA Tribe\" \/>\n\t<meta name=\"twitter:label2\" content=\"Estimeret l\u00e6setid\" \/>\n\t<meta name=\"twitter:data2\" content=\"1 minut\" \/>\n<script type=\"application\/ld+json\" class=\"yoast-schema-graph\">{\"@context\":\"https:\/\/schema.org\",\"@graph\":[{\"@type\":\"Article\",\"@id\":\"https:\/\/www.vita-explorers.dk\/blog\/verdensdagen-mod-aids\/#article\",\"isPartOf\":{\"@id\":\"https:\/\/www.vita-explorers.dk\/blog\/verdensdagen-mod-aids\/\"},\"author\":{\"name\":\"VITA Tribe\",\"@id\":\"https:\/\/www.vita-explorers.dk\/blog\/#\/schema\/person\/d7df267b64f23018d1dc519e78fb2735\"},\"headline\":\"Verdens AIDS-dag\",\"datePublished\":\"2014-12-01T12:44:31+00:00\",\"dateModified\":\"2016-03-20T13:33:39+00:00\",\"mainEntityOfPage\":{\"@id\":\"https:\/\/www.vita-explorers.dk\/blog\/verdensdagen-mod-aids\/\"},\"wordCount\":144,\"commentCount\":0,\"publisher\":{\"@id\":\"https:\/\/www.vita-explorers.dk\/blog\/#organization\"},\"image\":{\"@id\":\"https:\/\/www.vita-explorers.dk\/blog\/verdensdagen-mod-aids\/#primaryimage\"},\"thumbnailUrl\":\"https:\/\/www.vita-explorers.dk\/blog\/wp-content\/uploads\/2014\/12\/lutte-SIDA.jpg\",\"keywords\":[\"afrique\",\"b\u00e9n\u00e9volat\",\"lutte contre le SIDA\",\"volontariat\"],\"articleSection\":[\"Afrika\",\"Asien\",\"Humanit\u00e6rt frivilligt arbejde\",\"Nyheder\",\"VITA Explorers\"],\"inLanguage\":\"da-DK\",\"potentialAction\":[{\"@type\":\"CommentAction\",\"name\":\"Comment\",\"target\":[\"https:\/\/www.vita-explorers.dk\/blog\/verdensdagen-mod-aids\/#respond\"]}]},{\"@type\":\"WebPage\",\"@id\":\"https:\/\/www.vita-explorers.dk\/blog\/verdensdagen-mod-aids\/\",\"url\":\"https:\/\/www.vita-explorers.dk\/blog\/verdensdagen-mod-aids\/\",\"name\":\"Verdens AIDS-dag - VITA Explorers Blog\",\"isPartOf\":{\"@id\":\"https:\/\/www.vita-explorers.dk\/blog\/#website\"},\"primaryImageOfPage\":{\"@id\":\"https:\/\/www.vita-explorers.dk\/blog\/verdensdagen-mod-aids\/#primaryimage\"},\"image\":{\"@id\":\"https:\/\/www.vita-explorers.dk\/blog\/verdensdagen-mod-aids\/#primaryimage\"},\"thumbnailUrl\":\"https:\/\/www.vita-explorers.dk\/blog\/wp-content\/uploads\/2014\/12\/lutte-SIDA.jpg\",\"datePublished\":\"2014-12-01T12:44:31+00:00\",\"dateModified\":\"2016-03-20T13:33:39+00:00\",\"breadcrumb\":{\"@id\":\"https:\/\/www.vita-explorers.dk\/blog\/verdensdagen-mod-aids\/#breadcrumb\"},\"inLanguage\":\"da-DK\",\"potentialAction\":[{\"@type\":\"ReadAction\",\"target\":[\"https:\/\/www.vita-explorers.dk\/blog\/verdensdagen-mod-aids\/\"]}]},{\"@type\":\"ImageObject\",\"inLanguage\":\"da-DK\",\"@id\":\"https:\/\/www.vita-explorers.dk\/blog\/verdensdagen-mod-aids\/#primaryimage\",\"url\":\"https:\/\/www.vita-explorers.dk\/blog\/wp-content\/uploads\/2014\/12\/lutte-SIDA.jpg\",\"contentUrl\":\"https:\/\/www.vita-explorers.dk\/blog\/wp-content\/uploads\/2014\/12\/lutte-SIDA.jpg\",\"width\":400,\"height\":400},{\"@type\":\"BreadcrumbList\",\"@id\":\"https:\/\/www.vita-explorers.dk\/blog\/verdensdagen-mod-aids\/#breadcrumb\",\"itemListElement\":[{\"@type\":\"ListItem\",\"position\":1,\"name\":\"Accueil\",\"item\":\"https:\/\/www.vita-explorers.dk\/blog\/\"},{\"@type\":\"ListItem\",\"position\":2,\"name\":\"Verdens AIDS-dag\"}]},{\"@type\":\"WebSite\",\"@id\":\"https:\/\/www.vita-explorers.dk\/blog\/#website\",\"url\":\"https:\/\/www.vita-explorers.dk\/blog\/\",\"name\":\"Association Globalong\",\"description\":\"Frivilligt arbejde, sprogophold, praktik i udlandet og internationale oplevelser\",\"publisher\":{\"@id\":\"https:\/\/www.vita-explorers.dk\/blog\/#organization\"},\"potentialAction\":[{\"@type\":\"SearchAction\",\"target\":{\"@type\":\"EntryPoint\",\"urlTemplate\":\"https:\/\/www.vita-explorers.dk\/blog\/?s={search_term_string}\"},\"query-input\":{\"@type\":\"PropertyValueSpecification\",\"valueRequired\":true,\"valueName\":\"search_term_string\"}}],\"inLanguage\":\"da-DK\"},{\"@type\":\"Organization\",\"@id\":\"https:\/\/www.vita-explorers.dk\/blog\/#organization\",\"name\":\"Association Globalong\",\"url\":\"https:\/\/www.vita-explorers.dk\/blog\/\",\"logo\":{\"@type\":\"ImageObject\",\"inLanguage\":\"da-DK\",\"@id\":\"https:\/\/www.vita-explorers.dk\/blog\/#\/schema\/logo\/image\/\",\"url\":\"https:\/\/www.globalong.com\/blog\/wp-content\/uploads\/2014\/11\/cropped-cropped-Logo-et-Afrique-Globalong-petite-taille-2.jpg\",\"contentUrl\":\"https:\/\/www.globalong.com\/blog\/wp-content\/uploads\/2014\/11\/cropped-cropped-Logo-et-Afrique-Globalong-petite-taille-2.jpg\",\"width\":512,\"height\":512,\"caption\":\"Association Globalong\"},\"image\":{\"@id\":\"https:\/\/www.vita-explorers.dk\/blog\/#\/schema\/logo\/image\/\"},\"sameAs\":[\"https:\/\/www.facebook.com\/globalong\"]},{\"@type\":\"Person\",\"@id\":\"https:\/\/www.vita-explorers.dk\/blog\/#\/schema\/person\/d7df267b64f23018d1dc519e78fb2735\",\"name\":\"VITA Tribe\",\"image\":{\"@type\":\"ImageObject\",\"inLanguage\":\"da-DK\",\"@id\":\"https:\/\/www.vita-explorers.dk\/blog\/#\/schema\/person\/image\/\",\"url\":\"https:\/\/secure.gravatar.com\/avatar\/81461bcc213d0ff2bdc043d4206648f0?s=96&d=mm&r=g\",\"contentUrl\":\"https:\/\/secure.gravatar.com\/avatar\/81461bcc213d0ff2bdc043d4206648f0?s=96&d=mm&r=g\",\"caption\":\"VITA Tribe\"},\"sameAs\":[\"https:\/\/www.globalong.com\"],\"url\":\"https:\/\/www.vita-explorers.dk\/blog\/author\/sophie\/\"}]}<\/script>\n<!-- \/ Yoast SEO Premium plugin. -->","yoast_head_json":{"title":"Verdens AIDS-dag - VITA Explorers Blog","robots":{"index":"index","follow":"follow","max-snippet":"max-snippet:-1","max-image-preview":"max-image-preview:large","max-video-preview":"max-video-preview:-1"},"canonical":"https:\/\/www.vita-explorers.dk\/blog\/verdensdagen-mod-aids\/","og_locale":"da_DK","og_type":"article","og_title":"Verdens AIDS-dag","og_description":"Med omkring seks millioner mennesker ber\u00f8rt af hiv er Sydafrika det land i verden med flest hiv-positive. I de seneste ti \u00e5r har landets\u2026","og_url":"https:\/\/www.vita-explorers.dk\/blog\/verdensdagen-mod-aids\/","og_site_name":"VITA Explorers Blog","article_publisher":"https:\/\/www.facebook.com\/globalong","article_published_time":"2014-12-01T12:44:31+00:00","article_modified_time":"2016-03-20T13:33:39+00:00","og_image":[{"width":400,"height":400,"url":"https:\/\/www.vita-explorers.dk\/blog\/wp-content\/uploads\/2014\/12\/lutte-SIDA.jpg","type":"image\/jpeg"}],"author":"VITA Tribe","twitter_card":"summary_large_image","twitter_misc":{"Skrevet af":"VITA Tribe","Estimeret l\u00e6setid":"1 minut"},"schema":{"@context":"https:\/\/schema.org","@graph":[{"@type":"Article","@id":"https:\/\/www.vita-explorers.dk\/blog\/verdensdagen-mod-aids\/#article","isPartOf":{"@id":"https:\/\/www.vita-explorers.dk\/blog\/verdensdagen-mod-aids\/"},"author":{"name":"VITA Tribe","@id":"https:\/\/www.vita-explorers.dk\/blog\/#\/schema\/person\/d7df267b64f23018d1dc519e78fb2735"},"headline":"Verdens AIDS-dag","datePublished":"2014-12-01T12:44:31+00:00","dateModified":"2016-03-20T13:33:39+00:00","mainEntityOfPage":{"@id":"https:\/\/www.vita-explorers.dk\/blog\/verdensdagen-mod-aids\/"},"wordCount":144,"commentCount":0,"publisher":{"@id":"https:\/\/www.vita-explorers.dk\/blog\/#organization"},"image":{"@id":"https:\/\/www.vita-explorers.dk\/blog\/verdensdagen-mod-aids\/#primaryimage"},"thumbnailUrl":"https:\/\/www.vita-explorers.dk\/blog\/wp-content\/uploads\/2014\/12\/lutte-SIDA.jpg","keywords":["afrique","b\u00e9n\u00e9volat","lutte contre le SIDA","volontariat"],"articleSection":["Afrika","Asien","Humanit\u00e6rt frivilligt arbejde","Nyheder","VITA Explorers"],"inLanguage":"da-DK","potentialAction":[{"@type":"CommentAction","name":"Comment","target":["https:\/\/www.vita-explorers.dk\/blog\/verdensdagen-mod-aids\/#respond"]}]},{"@type":"WebPage","@id":"https:\/\/www.vita-explorers.dk\/blog\/verdensdagen-mod-aids\/","url":"https:\/\/www.vita-explorers.dk\/blog\/verdensdagen-mod-aids\/","name":"Verdens AIDS-dag - VITA Explorers Blog","isPartOf":{"@id":"https:\/\/www.vita-explorers.dk\/blog\/#website"},"primaryImageOfPage":{"@id":"https:\/\/www.vita-explorers.dk\/blog\/verdensdagen-mod-aids\/#primaryimage"},"image":{"@id":"https:\/\/www.vita-explorers.dk\/blog\/verdensdagen-mod-aids\/#primaryimage"},"thumbnailUrl":"https:\/\/www.vita-explorers.dk\/blog\/wp-content\/uploads\/2014\/12\/lutte-SIDA.jpg","datePublished":"2014-12-01T12:44:31+00:00","dateModified":"2016-03-20T13:33:39+00:00","breadcrumb":{"@id":"https:\/\/www.vita-explorers.dk\/blog\/verdensdagen-mod-aids\/#breadcrumb"},"inLanguage":"da-DK","potentialAction":[{"@type":"ReadAction","target":["https:\/\/www.vita-explorers.dk\/blog\/verdensdagen-mod-aids\/"]}]},{"@type":"ImageObject","inLanguage":"da-DK","@id":"https:\/\/www.vita-explorers.dk\/blog\/verdensdagen-mod-aids\/#primaryimage","url":"https:\/\/www.vita-explorers.dk\/blog\/wp-content\/uploads\/2014\/12\/lutte-SIDA.jpg","contentUrl":"https:\/\/www.vita-explorers.dk\/blog\/wp-content\/uploads\/2014\/12\/lutte-SIDA.jpg","width":400,"height":400},{"@type":"BreadcrumbList","@id":"https:\/\/www.vita-explorers.dk\/blog\/verdensdagen-mod-aids\/#breadcrumb","itemListElement":[{"@type":"ListItem","position":1,"name":"Accueil","item":"https:\/\/www.vita-explorers.dk\/blog\/"},{"@type":"ListItem","position":2,"name":"Verdens AIDS-dag"}]},{"@type":"WebSite","@id":"https:\/\/www.vita-explorers.dk\/blog\/#website","url":"https:\/\/www.vita-explorers.dk\/blog\/","name":"Association Globalong","description":"Frivilligt arbejde, sprogophold, praktik i udlandet og internationale oplevelser","publisher":{"@id":"https:\/\/www.vita-explorers.dk\/blog\/#organization"},"potentialAction":[{"@type":"SearchAction","target":{"@type":"EntryPoint","urlTemplate":"https:\/\/www.vita-explorers.dk\/blog\/?s={search_term_string}"},"query-input":{"@type":"PropertyValueSpecification","valueRequired":true,"valueName":"search_term_string"}}],"inLanguage":"da-DK"},{"@type":"Organization","@id":"https:\/\/www.vita-explorers.dk\/blog\/#organization","name":"Association Globalong","url":"https:\/\/www.vita-explorers.dk\/blog\/","logo":{"@type":"ImageObject","inLanguage":"da-DK","@id":"https:\/\/www.vita-explorers.dk\/blog\/#\/schema\/logo\/image\/","url":"https:\/\/www.globalong.com\/blog\/wp-content\/uploads\/2014\/11\/cropped-cropped-Logo-et-Afrique-Globalong-petite-taille-2.jpg","contentUrl":"https:\/\/www.globalong.com\/blog\/wp-content\/uploads\/2014\/11\/cropped-cropped-Logo-et-Afrique-Globalong-petite-taille-2.jpg","width":512,"height":512,"caption":"Association Globalong"},"image":{"@id":"https:\/\/www.vita-explorers.dk\/blog\/#\/schema\/logo\/image\/"},"sameAs":["https:\/\/www.facebook.com\/globalong"]},{"@type":"Person","@id":"https:\/\/www.vita-explorers.dk\/blog\/#\/schema\/person\/d7df267b64f23018d1dc519e78fb2735","name":"VITA Tribe","image":{"@type":"ImageObject","inLanguage":"da-DK","@id":"https:\/\/www.vita-explorers.dk\/blog\/#\/schema\/person\/image\/","url":"https:\/\/secure.gravatar.com\/avatar\/81461bcc213d0ff2bdc043d4206648f0?s=96&d=mm&r=g","contentUrl":"https:\/\/secure.gravatar.com\/avatar\/81461bcc213d0ff2bdc043d4206648f0?s=96&d=mm&r=g","caption":"VITA Tribe"},"sameAs":["https:\/\/www.globalong.com"],"url":"https:\/\/www.vita-explorers.dk\/blog\/author\/sophie\/"}]}},"_links":{"self":[{"href":"https:\/\/www.vita-explorers.dk\/blog\/wp-json\/wp\/v2\/posts\/417"}],"collection":[{"href":"https:\/\/www.vita-explorers.dk\/blog\/wp-json\/wp\/v2\/posts"}],"about":[{"href":"https:\/\/www.vita-explorers.dk\/blog\/wp-json\/wp\/v2\/types\/post"}],"author":[{"embeddable":true,"href":"https:\/\/www.vita-explorers.dk\/blog\/wp-json\/wp\/v2\/users\/1"}],"replies":[{"embeddable":true,"href":"https:\/\/www.vita-explorers.dk\/blog\/wp-json\/wp\/v2\/comments?post=417"}],"version-history":[{"count":3,"href":"https:\/\/www.vita-explorers.dk\/blog\/wp-json\/wp\/v2\/posts\/417\/revisions"}],"predecessor-version":[{"id":1576,"href":"https:\/\/www.vita-explorers.dk\/blog\/wp-json\/wp\/v2\/posts\/417\/revisions\/1576"}],"wp:featuredmedia":[{"embeddable":true,"href":"https:\/\/www.vita-explorers.dk\/blog\/wp-json\/wp\/v2\/media\/418"}],"wp:attachment":[{"href":"https:\/\/www.vita-explorers.dk\/blog\/wp-json\/wp\/v2\/media?parent=417"}],"wp:term":[{"taxonomy":"category","embeddable":true,"href":"https:\/\/www.vita-explorers.dk\/blog\/wp-json\/wp\/v2\/categories?post=417"},{"taxonomy":"post_tag","embeddable":true,"href":"https:\/\/www.vita-explorers.dk\/blog\/wp-json\/wp\/v2\/tags?post=417"}],"curies":[{"name":"wp","href":"https:\/\/api.w.org\/{rel}","templated":true}]}}