{"id":428,"date":"2014-12-05T14:27:02","date_gmt":"2014-12-05T13:27:02","guid":{"rendered":"https:\/\/www.globalong.com\/blog\/?p=428"},"modified":"2016-03-20T14:33:39","modified_gmt":"2016-03-20T13:33:39","slug":"forandr-verden-bliv-frivillig-den-5-december-international-frivillighedsdag","status":"publish","type":"post","link":"https:\/\/www.vita-explorers.dk\/blog\/forandr-verden-bliv-frivillig-den-5-december-international-frivillighedsdag\/","title":{"rendered":"Forandr verden \u2013 bliv frivillig! 5. december: International Frivillighedsdag"},"content":{"rendered":"<p style=\"text-align: justify;\"><img loading=\"lazy\" decoding=\"async\" class=\"wp-image-429 size-medium alignright\" src=\"https:\/\/www.vita-explorers.dk\/blog\/wp-content\/uploads\/2014\/12\/Volontaire-Globalong-300x200.jpg\" alt=\"Volontaire Globalong\" width=\"300\" height=\"200\" srcset=\"https:\/\/www.vita-explorers.dk\/blog\/wp-content\/uploads\/2014\/12\/Volontaire-Globalong-300x200.jpg 300w, https:\/\/www.vita-explorers.dk\/blog\/wp-content\/uploads\/2014\/12\/Volontaire-Globalong-150x100.jpg 150w, https:\/\/www.vita-explorers.dk\/blog\/wp-content\/uploads\/2014\/12\/Volontaire-Globalong.jpg 424w\" sizes=\"(max-width: 300px) 100vw, 300px\" \/>Den internationale frivillighedsdag har eksisteret siden 1985. Den blev etableret af FN for at synligg\u00f8re frivilliges engagement og den positive betydning, frivilligt arbejde kan have for social og \u00f8konomisk udvikling \u2013 b\u00e5de lokalt og globalt.<\/p>\n<p style=\"text-align: justify;\">If\u00f8lge FN b\u00f8r frivilligt arbejde ses som en vigtig og n\u00f8dvendig del af samfundet. \u00c5rets tema er: Forandr verden \u2013 bliv frivillig!<\/p>\n<p style=\"text-align: justify;\">I Frankrig findes der omkring 1 million foreninger og mere end 12 millioner registrerede frivillige. I mange lande er frivilligt arbejde n\u00e6sten blevet en fast del af uddannelsesforl\u00f8b, fordi flere studier inkluderer en periode med frivilligt engagement \u2013 m\u00e5ske kunne vi en dag g\u00f8re noget lignende og bytte &#8220;kopieringspraktikken&#8221; ud med en indsats, der faktisk g\u00f8r gavn?<\/p>\n<p>For mere information om frivilligt arbejde, <span style=\"text-decoration: underline;\"><a href=\"https:\/\/www.vita-explorers.dk\/blog\/frivilligt-arbejde-i-udlandet\/\">klik her.<\/a><\/span><\/p>\n<p>Skriv til os p\u00e5 <span style=\"text-decoration: underline;\"><a href=\"mailto:info@globalong.com\">info@globalong.com<\/a><\/span><\/p>\n<p>Se vores deltageres fotoalbums <a href=\"https:\/\/www.flickr.com\/photos\/globalong\/albums\/\" target=\"_blank\"><span style=\"text-decoration: underline;\">her<\/span> <\/a>!<\/p>\n<p>kilde: journee-mondiale.com<\/p>\n","protected":false},"excerpt":{"rendered":"<p>Den internationale frivillighedsdag har eksisteret siden 1985. Den blev etableret af FN for at synligg\u00f8re frivilliges engagement og den positive betydning, frivilligt arbejde kan\u2026<\/p>\n","protected":false},"author":1,"featured_media":429,"comment_status":"open","ping_status":"open","sticky":false,"template":"","format":"standard","meta":{"footnotes":""},"categories":[13,12,8,1,6,4],"tags":[114,17,113,115,116,16],"yoast_head":"<!-- This site is optimized with the Yoast SEO Premium plugin v23.4 (Yoast SEO v23.4) - https:\/\/yoast.com\/wordpress\/plugins\/seo\/ -->\n<title>Forandr verden \u2013 bliv frivillig! 5. december: International Frivillighedsdag - VITA Explorers Blog<\/title>\n<meta name=\"robots\" content=\"index, follow, max-snippet:-1, max-image-preview:large, max-video-preview:-1\" \/>\n<link rel=\"canonical\" href=\"https:\/\/www.vita-explorers.dk\/blog\/forandr-verden-bliv-frivillig-den-5-december-international-frivillighedsdag\/\" \/>\n<meta property=\"og:locale\" content=\"da_DK\" \/>\n<meta property=\"og:type\" content=\"article\" \/>\n<meta property=\"og:title\" content=\"Forandr verden \u2013 bliv frivillig! 5. december: International Frivillighedsdag\" \/>\n<meta property=\"og:description\" content=\"Den internationale frivillighedsdag har eksisteret siden 1985. Den blev etableret af FN for at synligg\u00f8re frivilliges engagement og den positive betydning, frivilligt arbejde kan\u2026\" \/>\n<meta property=\"og:url\" content=\"https:\/\/www.vita-explorers.dk\/blog\/forandr-verden-bliv-frivillig-den-5-december-international-frivillighedsdag\/\" \/>\n<meta property=\"og:site_name\" content=\"VITA Explorers Blog\" \/>\n<meta property=\"article:publisher\" content=\"https:\/\/www.facebook.com\/globalong\" \/>\n<meta property=\"article:published_time\" content=\"2014-12-05T13:27:02+00:00\" \/>\n<meta property=\"article:modified_time\" content=\"2016-03-20T13:33:39+00:00\" \/>\n<meta property=\"og:image\" content=\"https:\/\/www.vita-explorers.dk\/blog\/wp-content\/uploads\/2014\/12\/Volontaire-Globalong.jpg\" \/>\n\t<meta property=\"og:image:width\" content=\"424\" \/>\n\t<meta property=\"og:image:height\" content=\"283\" \/>\n\t<meta property=\"og:image:type\" content=\"image\/jpeg\" \/>\n<meta name=\"author\" content=\"VITA Tribe\" \/>\n<meta name=\"twitter:card\" content=\"summary_large_image\" \/>\n<meta name=\"twitter:label1\" content=\"Skrevet af\" \/>\n\t<meta name=\"twitter:data1\" content=\"VITA Tribe\" \/>\n\t<meta name=\"twitter:label2\" content=\"Estimeret l\u00e6setid\" \/>\n\t<meta name=\"twitter:data2\" content=\"1 minut\" \/>\n<script type=\"application\/ld+json\" class=\"yoast-schema-graph\">{\"@context\":\"https:\/\/schema.org\",\"@graph\":[{\"@type\":\"Article\",\"@id\":\"https:\/\/www.vita-explorers.dk\/blog\/forandr-verden-bliv-frivillig-den-5-december-international-frivillighedsdag\/#article\",\"isPartOf\":{\"@id\":\"https:\/\/www.vita-explorers.dk\/blog\/forandr-verden-bliv-frivillig-den-5-december-international-frivillighedsdag\/\"},\"author\":{\"name\":\"VITA Tribe\",\"@id\":\"https:\/\/www.vita-explorers.dk\/blog\/#\/schema\/person\/d7df267b64f23018d1dc519e78fb2735\"},\"headline\":\"Forandr verden \u2013 bliv frivillig! 5. december: International Frivillighedsdag\",\"datePublished\":\"2014-12-05T13:27:02+00:00\",\"dateModified\":\"2016-03-20T13:33:39+00:00\",\"mainEntityOfPage\":{\"@id\":\"https:\/\/www.vita-explorers.dk\/blog\/forandr-verden-bliv-frivillig-den-5-december-international-frivillighedsdag\/\"},\"wordCount\":148,\"commentCount\":0,\"publisher\":{\"@id\":\"https:\/\/www.vita-explorers.dk\/blog\/#organization\"},\"image\":{\"@id\":\"https:\/\/www.vita-explorers.dk\/blog\/forandr-verden-bliv-frivillig-den-5-december-international-frivillighedsdag\/#primaryimage\"},\"thumbnailUrl\":\"https:\/\/www.vita-explorers.dk\/blog\/wp-content\/uploads\/2014\/12\/Volontaire-Globalong.jpg\",\"keywords\":[\"ann\u00e9e sabbatique\",\"b\u00e9n\u00e9volat\",\"changer le monde\",\"\u00eatre utile\",\"faire du b\u00e9n\u00e9volat\",\"volontariat\"],\"articleSection\":[\"Afrika\",\"Asien\",\"Humanit\u00e6rt frivilligt arbejde\",\"No Name\",\"Nyheder\",\"VITA Explorers\"],\"inLanguage\":\"da-DK\",\"potentialAction\":[{\"@type\":\"CommentAction\",\"name\":\"Comment\",\"target\":[\"https:\/\/www.vita-explorers.dk\/blog\/forandr-verden-bliv-frivillig-den-5-december-international-frivillighedsdag\/#respond\"]}]},{\"@type\":\"WebPage\",\"@id\":\"https:\/\/www.vita-explorers.dk\/blog\/forandr-verden-bliv-frivillig-den-5-december-international-frivillighedsdag\/\",\"url\":\"https:\/\/www.vita-explorers.dk\/blog\/forandr-verden-bliv-frivillig-den-5-december-international-frivillighedsdag\/\",\"name\":\"Forandr verden \u2013 bliv frivillig! 5. december: International Frivillighedsdag - VITA Explorers Blog\",\"isPartOf\":{\"@id\":\"https:\/\/www.vita-explorers.dk\/blog\/#website\"},\"primaryImageOfPage\":{\"@id\":\"https:\/\/www.vita-explorers.dk\/blog\/forandr-verden-bliv-frivillig-den-5-december-international-frivillighedsdag\/#primaryimage\"},\"image\":{\"@id\":\"https:\/\/www.vita-explorers.dk\/blog\/forandr-verden-bliv-frivillig-den-5-december-international-frivillighedsdag\/#primaryimage\"},\"thumbnailUrl\":\"https:\/\/www.vita-explorers.dk\/blog\/wp-content\/uploads\/2014\/12\/Volontaire-Globalong.jpg\",\"datePublished\":\"2014-12-05T13:27:02+00:00\",\"dateModified\":\"2016-03-20T13:33:39+00:00\",\"breadcrumb\":{\"@id\":\"https:\/\/www.vita-explorers.dk\/blog\/forandr-verden-bliv-frivillig-den-5-december-international-frivillighedsdag\/#breadcrumb\"},\"inLanguage\":\"da-DK\",\"potentialAction\":[{\"@type\":\"ReadAction\",\"target\":[\"https:\/\/www.vita-explorers.dk\/blog\/forandr-verden-bliv-frivillig-den-5-december-international-frivillighedsdag\/\"]}]},{\"@type\":\"ImageObject\",\"inLanguage\":\"da-DK\",\"@id\":\"https:\/\/www.vita-explorers.dk\/blog\/forandr-verden-bliv-frivillig-den-5-december-international-frivillighedsdag\/#primaryimage\",\"url\":\"https:\/\/www.vita-explorers.dk\/blog\/wp-content\/uploads\/2014\/12\/Volontaire-Globalong.jpg\",\"contentUrl\":\"https:\/\/www.vita-explorers.dk\/blog\/wp-content\/uploads\/2014\/12\/Volontaire-Globalong.jpg\",\"width\":424,\"height\":283,\"caption\":\"volontaire humanitaire\"},{\"@type\":\"BreadcrumbList\",\"@id\":\"https:\/\/www.vita-explorers.dk\/blog\/forandr-verden-bliv-frivillig-den-5-december-international-frivillighedsdag\/#breadcrumb\",\"itemListElement\":[{\"@type\":\"ListItem\",\"position\":1,\"name\":\"Accueil\",\"item\":\"https:\/\/www.vita-explorers.dk\/blog\/\"},{\"@type\":\"ListItem\",\"position\":2,\"name\":\"Forandr verden \u2013 bliv frivillig! 5. december: International Frivillighedsdag\"}]},{\"@type\":\"WebSite\",\"@id\":\"https:\/\/www.vita-explorers.dk\/blog\/#website\",\"url\":\"https:\/\/www.vita-explorers.dk\/blog\/\",\"name\":\"Association Globalong\",\"description\":\"Frivilligt arbejde, sprogophold, praktik i udlandet og internationale oplevelser\",\"publisher\":{\"@id\":\"https:\/\/www.vita-explorers.dk\/blog\/#organization\"},\"potentialAction\":[{\"@type\":\"SearchAction\",\"target\":{\"@type\":\"EntryPoint\",\"urlTemplate\":\"https:\/\/www.vita-explorers.dk\/blog\/?s={search_term_string}\"},\"query-input\":{\"@type\":\"PropertyValueSpecification\",\"valueRequired\":true,\"valueName\":\"search_term_string\"}}],\"inLanguage\":\"da-DK\"},{\"@type\":\"Organization\",\"@id\":\"https:\/\/www.vita-explorers.dk\/blog\/#organization\",\"name\":\"Association Globalong\",\"url\":\"https:\/\/www.vita-explorers.dk\/blog\/\",\"logo\":{\"@type\":\"ImageObject\",\"inLanguage\":\"da-DK\",\"@id\":\"https:\/\/www.vita-explorers.dk\/blog\/#\/schema\/logo\/image\/\",\"url\":\"https:\/\/www.globalong.com\/blog\/wp-content\/uploads\/2014\/11\/cropped-cropped-Logo-et-Afrique-Globalong-petite-taille-2.jpg\",\"contentUrl\":\"https:\/\/www.globalong.com\/blog\/wp-content\/uploads\/2014\/11\/cropped-cropped-Logo-et-Afrique-Globalong-petite-taille-2.jpg\",\"width\":512,\"height\":512,\"caption\":\"Association Globalong\"},\"image\":{\"@id\":\"https:\/\/www.vita-explorers.dk\/blog\/#\/schema\/logo\/image\/\"},\"sameAs\":[\"https:\/\/www.facebook.com\/globalong\"]},{\"@type\":\"Person\",\"@id\":\"https:\/\/www.vita-explorers.dk\/blog\/#\/schema\/person\/d7df267b64f23018d1dc519e78fb2735\",\"name\":\"VITA Tribe\",\"image\":{\"@type\":\"ImageObject\",\"inLanguage\":\"da-DK\",\"@id\":\"https:\/\/www.vita-explorers.dk\/blog\/#\/schema\/person\/image\/\",\"url\":\"https:\/\/secure.gravatar.com\/avatar\/81461bcc213d0ff2bdc043d4206648f0?s=96&d=mm&r=g\",\"contentUrl\":\"https:\/\/secure.gravatar.com\/avatar\/81461bcc213d0ff2bdc043d4206648f0?s=96&d=mm&r=g\",\"caption\":\"VITA Tribe\"},\"sameAs\":[\"https:\/\/www.globalong.com\"],\"url\":\"https:\/\/www.vita-explorers.dk\/blog\/author\/sophie\/\"}]}<\/script>\n<!-- \/ Yoast SEO Premium plugin. -->","yoast_head_json":{"title":"Forandr verden \u2013 bliv frivillig! 5. december: International Frivillighedsdag - VITA Explorers Blog","robots":{"index":"index","follow":"follow","max-snippet":"max-snippet:-1","max-image-preview":"max-image-preview:large","max-video-preview":"max-video-preview:-1"},"canonical":"https:\/\/www.vita-explorers.dk\/blog\/forandr-verden-bliv-frivillig-den-5-december-international-frivillighedsdag\/","og_locale":"da_DK","og_type":"article","og_title":"Forandr verden \u2013 bliv frivillig! 5. december: International Frivillighedsdag","og_description":"Den internationale frivillighedsdag har eksisteret siden 1985. Den blev etableret af FN for at synligg\u00f8re frivilliges engagement og den positive betydning, frivilligt arbejde kan\u2026","og_url":"https:\/\/www.vita-explorers.dk\/blog\/forandr-verden-bliv-frivillig-den-5-december-international-frivillighedsdag\/","og_site_name":"VITA Explorers Blog","article_publisher":"https:\/\/www.facebook.com\/globalong","article_published_time":"2014-12-05T13:27:02+00:00","article_modified_time":"2016-03-20T13:33:39+00:00","og_image":[{"width":424,"height":283,"url":"https:\/\/www.vita-explorers.dk\/blog\/wp-content\/uploads\/2014\/12\/Volontaire-Globalong.jpg","type":"image\/jpeg"}],"author":"VITA Tribe","twitter_card":"summary_large_image","twitter_misc":{"Skrevet af":"VITA Tribe","Estimeret l\u00e6setid":"1 minut"},"schema":{"@context":"https:\/\/schema.org","@graph":[{"@type":"Article","@id":"https:\/\/www.vita-explorers.dk\/blog\/forandr-verden-bliv-frivillig-den-5-december-international-frivillighedsdag\/#article","isPartOf":{"@id":"https:\/\/www.vita-explorers.dk\/blog\/forandr-verden-bliv-frivillig-den-5-december-international-frivillighedsdag\/"},"author":{"name":"VITA Tribe","@id":"https:\/\/www.vita-explorers.dk\/blog\/#\/schema\/person\/d7df267b64f23018d1dc519e78fb2735"},"headline":"Forandr verden \u2013 bliv frivillig! 5. december: International Frivillighedsdag","datePublished":"2014-12-05T13:27:02+00:00","dateModified":"2016-03-20T13:33:39+00:00","mainEntityOfPage":{"@id":"https:\/\/www.vita-explorers.dk\/blog\/forandr-verden-bliv-frivillig-den-5-december-international-frivillighedsdag\/"},"wordCount":148,"commentCount":0,"publisher":{"@id":"https:\/\/www.vita-explorers.dk\/blog\/#organization"},"image":{"@id":"https:\/\/www.vita-explorers.dk\/blog\/forandr-verden-bliv-frivillig-den-5-december-international-frivillighedsdag\/#primaryimage"},"thumbnailUrl":"https:\/\/www.vita-explorers.dk\/blog\/wp-content\/uploads\/2014\/12\/Volontaire-Globalong.jpg","keywords":["ann\u00e9e sabbatique","b\u00e9n\u00e9volat","changer le monde","\u00eatre utile","faire du b\u00e9n\u00e9volat","volontariat"],"articleSection":["Afrika","Asien","Humanit\u00e6rt frivilligt arbejde","No Name","Nyheder","VITA Explorers"],"inLanguage":"da-DK","potentialAction":[{"@type":"CommentAction","name":"Comment","target":["https:\/\/www.vita-explorers.dk\/blog\/forandr-verden-bliv-frivillig-den-5-december-international-frivillighedsdag\/#respond"]}]},{"@type":"WebPage","@id":"https:\/\/www.vita-explorers.dk\/blog\/forandr-verden-bliv-frivillig-den-5-december-international-frivillighedsdag\/","url":"https:\/\/www.vita-explorers.dk\/blog\/forandr-verden-bliv-frivillig-den-5-december-international-frivillighedsdag\/","name":"Forandr verden \u2013 bliv frivillig! 5. december: International Frivillighedsdag - VITA Explorers Blog","isPartOf":{"@id":"https:\/\/www.vita-explorers.dk\/blog\/#website"},"primaryImageOfPage":{"@id":"https:\/\/www.vita-explorers.dk\/blog\/forandr-verden-bliv-frivillig-den-5-december-international-frivillighedsdag\/#primaryimage"},"image":{"@id":"https:\/\/www.vita-explorers.dk\/blog\/forandr-verden-bliv-frivillig-den-5-december-international-frivillighedsdag\/#primaryimage"},"thumbnailUrl":"https:\/\/www.vita-explorers.dk\/blog\/wp-content\/uploads\/2014\/12\/Volontaire-Globalong.jpg","datePublished":"2014-12-05T13:27:02+00:00","dateModified":"2016-03-20T13:33:39+00:00","breadcrumb":{"@id":"https:\/\/www.vita-explorers.dk\/blog\/forandr-verden-bliv-frivillig-den-5-december-international-frivillighedsdag\/#breadcrumb"},"inLanguage":"da-DK","potentialAction":[{"@type":"ReadAction","target":["https:\/\/www.vita-explorers.dk\/blog\/forandr-verden-bliv-frivillig-den-5-december-international-frivillighedsdag\/"]}]},{"@type":"ImageObject","inLanguage":"da-DK","@id":"https:\/\/www.vita-explorers.dk\/blog\/forandr-verden-bliv-frivillig-den-5-december-international-frivillighedsdag\/#primaryimage","url":"https:\/\/www.vita-explorers.dk\/blog\/wp-content\/uploads\/2014\/12\/Volontaire-Globalong.jpg","contentUrl":"https:\/\/www.vita-explorers.dk\/blog\/wp-content\/uploads\/2014\/12\/Volontaire-Globalong.jpg","width":424,"height":283,"caption":"volontaire humanitaire"},{"@type":"BreadcrumbList","@id":"https:\/\/www.vita-explorers.dk\/blog\/forandr-verden-bliv-frivillig-den-5-december-international-frivillighedsdag\/#breadcrumb","itemListElement":[{"@type":"ListItem","position":1,"name":"Accueil","item":"https:\/\/www.vita-explorers.dk\/blog\/"},{"@type":"ListItem","position":2,"name":"Forandr verden \u2013 bliv frivillig! 5. december: International Frivillighedsdag"}]},{"@type":"WebSite","@id":"https:\/\/www.vita-explorers.dk\/blog\/#website","url":"https:\/\/www.vita-explorers.dk\/blog\/","name":"Association Globalong","description":"Frivilligt arbejde, sprogophold, praktik i udlandet og internationale oplevelser","publisher":{"@id":"https:\/\/www.vita-explorers.dk\/blog\/#organization"},"potentialAction":[{"@type":"SearchAction","target":{"@type":"EntryPoint","urlTemplate":"https:\/\/www.vita-explorers.dk\/blog\/?s={search_term_string}"},"query-input":{"@type":"PropertyValueSpecification","valueRequired":true,"valueName":"search_term_string"}}],"inLanguage":"da-DK"},{"@type":"Organization","@id":"https:\/\/www.vita-explorers.dk\/blog\/#organization","name":"Association Globalong","url":"https:\/\/www.vita-explorers.dk\/blog\/","logo":{"@type":"ImageObject","inLanguage":"da-DK","@id":"https:\/\/www.vita-explorers.dk\/blog\/#\/schema\/logo\/image\/","url":"https:\/\/www.globalong.com\/blog\/wp-content\/uploads\/2014\/11\/cropped-cropped-Logo-et-Afrique-Globalong-petite-taille-2.jpg","contentUrl":"https:\/\/www.globalong.com\/blog\/wp-content\/uploads\/2014\/11\/cropped-cropped-Logo-et-Afrique-Globalong-petite-taille-2.jpg","width":512,"height":512,"caption":"Association Globalong"},"image":{"@id":"https:\/\/www.vita-explorers.dk\/blog\/#\/schema\/logo\/image\/"},"sameAs":["https:\/\/www.facebook.com\/globalong"]},{"@type":"Person","@id":"https:\/\/www.vita-explorers.dk\/blog\/#\/schema\/person\/d7df267b64f23018d1dc519e78fb2735","name":"VITA Tribe","image":{"@type":"ImageObject","inLanguage":"da-DK","@id":"https:\/\/www.vita-explorers.dk\/blog\/#\/schema\/person\/image\/","url":"https:\/\/secure.gravatar.com\/avatar\/81461bcc213d0ff2bdc043d4206648f0?s=96&d=mm&r=g","contentUrl":"https:\/\/secure.gravatar.com\/avatar\/81461bcc213d0ff2bdc043d4206648f0?s=96&d=mm&r=g","caption":"VITA Tribe"},"sameAs":["https:\/\/www.globalong.com"],"url":"https:\/\/www.vita-explorers.dk\/blog\/author\/sophie\/"}]}},"_links":{"self":[{"href":"https:\/\/www.vita-explorers.dk\/blog\/wp-json\/wp\/v2\/posts\/428"}],"collection":[{"href":"https:\/\/www.vita-explorers.dk\/blog\/wp-json\/wp\/v2\/posts"}],"about":[{"href":"https:\/\/www.vita-explorers.dk\/blog\/wp-json\/wp\/v2\/types\/post"}],"author":[{"embeddable":true,"href":"https:\/\/www.vita-explorers.dk\/blog\/wp-json\/wp\/v2\/users\/1"}],"replies":[{"embeddable":true,"href":"https:\/\/www.vita-explorers.dk\/blog\/wp-json\/wp\/v2\/comments?post=428"}],"version-history":[{"count":5,"href":"https:\/\/www.vita-explorers.dk\/blog\/wp-json\/wp\/v2\/posts\/428\/revisions"}],"predecessor-version":[{"id":1571,"href":"https:\/\/www.vita-explorers.dk\/blog\/wp-json\/wp\/v2\/posts\/428\/revisions\/1571"}],"wp:featuredmedia":[{"embeddable":true,"href":"https:\/\/www.vita-explorers.dk\/blog\/wp-json\/wp\/v2\/media\/429"}],"wp:attachment":[{"href":"https:\/\/www.vita-explorers.dk\/blog\/wp-json\/wp\/v2\/media?parent=428"}],"wp:term":[{"taxonomy":"category","embeddable":true,"href":"https:\/\/www.vita-explorers.dk\/blog\/wp-json\/wp\/v2\/categories?post=428"},{"taxonomy":"post_tag","embeddable":true,"href":"https:\/\/www.vita-explorers.dk\/blog\/wp-json\/wp\/v2\/tags?post=428"}],"curies":[{"name":"wp","href":"https:\/\/api.w.org\/{rel}","templated":true}]}}