{"id":446,"date":"2014-12-27T23:41:29","date_gmt":"2014-12-27T22:41:29","guid":{"rendered":"https:\/\/www.globalong.com\/blog\/?p=446"},"modified":"2016-03-20T14:33:39","modified_gmt":"2016-03-20T13:33:39","slug":"u-vejr-paa-sri-lanka","status":"publish","type":"post","link":"https:\/\/www.vita-explorers.dk\/blog\/u-vejr-paa-sri-lanka\/","title":{"rendered":"Uvejrsforhold i Sri Lanka"},"content":{"rendered":"<p class=\"p1\"><img loading=\"lazy\" decoding=\"async\" class=\"size-medium wp-image-447 alignright\" src=\"https:\/\/www.vita-explorers.dk\/blog\/wp-content\/uploads\/2014\/12\/Map-Sri-Lanka-227x300.jpg\" alt=\"Map Sri Lanka\" width=\"227\" height=\"300\" srcset=\"https:\/\/www.vita-explorers.dk\/blog\/wp-content\/uploads\/2014\/12\/Map-Sri-Lanka-227x300.jpg 227w, https:\/\/www.vita-explorers.dk\/blog\/wp-content\/uploads\/2014\/12\/Map-Sri-Lanka-114x150.jpg 114w, https:\/\/www.vita-explorers.dk\/blog\/wp-content\/uploads\/2014\/12\/Map-Sri-Lanka.jpg 400w\" sizes=\"(max-width: 227px) 100vw, 227px\" \/>Mens flere asiatiske lande i g\u00e5r \u2013 den 26. december 2014 \u2013 markerede 10-\u00e5rsdagen for den \u00f8del\u00e6ggende tsunami, der ramte deres kyster, blev Sri Lanka ramt af kraftige oversv\u00f8mmelser, som har for\u00e5rsaget store skader. Der er desv\u00e6rre allerede rapporteret om flere d\u00f8dsfald. Uvejret rammer is\u00e6r den nordlige og centrale del af landet, og meteorologerne varsler, at situationen kan forv\u00e6rres i de kommende dage.<\/p>\n<p class=\"p1\">Vi vil gerne berolige familier og venner til vores VITA Explorers, der lige nu er i Sri Lanka: De er i god behold, og de forl\u00f8b, som VITA er involveret i, ligger ikke i de omr\u00e5der, der er ramt.<\/p>\n<p class=\"p1\">Se vores <span style=\"text-decoration: underline;\"><a href=\"https:\/\/www.vita-explorers.dk\/frivilligt-arbejde\/sri-lanka.html\" target=\"_blank\">programmer i Sri Lanka<\/a><\/span> og rejs afsted med VITA!<\/p>\n<p class=\"p1\">Kontakt os for flere oplysninger p\u00e5 f\u00f8lgende adresse: <a href=\"mailto:info@globalong.com\"><span style=\"text-decoration: underline;\">info@globalong<\/span>.<\/a><\/p>\n<p class=\"p1\">Se billeder fra vores VITA Explorers, der har v\u00e6ret i Sri Lanka, <span style=\"text-decoration: underline;\"><a href=\"https:\/\/www.flickr.com\/photos\/globalong\/albums\/72157641528910795\" target=\"_blank\">her<\/a><\/span>!!<\/p>\n<p class=\"p1\">\n","protected":false},"excerpt":{"rendered":"<p>Mens flere asiatiske lande i g\u00e5r \u2013 den 26. december 2014 \u2013 markerede 10-\u00e5rsdagen for den \u00f8del\u00e6ggende tsunami, der ramte deres kyster, blev Sri\u2026<\/p>\n","protected":false},"author":1,"featured_media":447,"comment_status":"open","ping_status":"open","sticky":false,"template":"","format":"standard","meta":{"footnotes":""},"categories":[12,6,3,4],"tags":[132,86,133],"yoast_head":"<!-- This site is optimized with the Yoast SEO Premium plugin v23.4 (Yoast SEO v23.4) - https:\/\/yoast.com\/wordpress\/plugins\/seo\/ -->\n<title>Uvejrsforhold i Sri Lanka - VITA Explorers Blog<\/title>\n<meta name=\"robots\" content=\"index, follow, max-snippet:-1, max-image-preview:large, max-video-preview:-1\" \/>\n<link rel=\"canonical\" href=\"https:\/\/www.vita-explorers.dk\/blog\/u-vejr-paa-sri-lanka\/\" \/>\n<meta property=\"og:locale\" content=\"da_DK\" \/>\n<meta property=\"og:type\" content=\"article\" \/>\n<meta property=\"og:title\" content=\"Uvejrsforhold i Sri Lanka\" \/>\n<meta property=\"og:description\" content=\"Mens flere asiatiske lande i g\u00e5r \u2013 den 26. december 2014 \u2013 markerede 10-\u00e5rsdagen for den \u00f8del\u00e6ggende tsunami, der ramte deres kyster, blev Sri\u2026\" \/>\n<meta property=\"og:url\" content=\"https:\/\/www.vita-explorers.dk\/blog\/u-vejr-paa-sri-lanka\/\" \/>\n<meta property=\"og:site_name\" content=\"VITA Explorers Blog\" \/>\n<meta property=\"article:publisher\" content=\"https:\/\/www.facebook.com\/globalong\" \/>\n<meta property=\"article:published_time\" content=\"2014-12-27T22:41:29+00:00\" \/>\n<meta property=\"article:modified_time\" content=\"2016-03-20T13:33:39+00:00\" \/>\n<meta property=\"og:image\" content=\"https:\/\/www.vita-explorers.dk\/blog\/wp-content\/uploads\/2014\/12\/Map-Sri-Lanka.jpg\" \/>\n\t<meta property=\"og:image:width\" content=\"400\" \/>\n\t<meta property=\"og:image:height\" content=\"528\" \/>\n\t<meta property=\"og:image:type\" content=\"image\/jpeg\" \/>\n<meta name=\"author\" content=\"VITA Tribe\" \/>\n<meta name=\"twitter:card\" content=\"summary_large_image\" \/>\n<meta name=\"twitter:label1\" content=\"Skrevet af\" \/>\n\t<meta name=\"twitter:data1\" content=\"VITA Tribe\" \/>\n\t<meta name=\"twitter:label2\" content=\"Estimeret l\u00e6setid\" \/>\n\t<meta name=\"twitter:data2\" content=\"1 minut\" \/>\n<script type=\"application\/ld+json\" class=\"yoast-schema-graph\">{\"@context\":\"https:\/\/schema.org\",\"@graph\":[{\"@type\":\"Article\",\"@id\":\"https:\/\/www.vita-explorers.dk\/blog\/u-vejr-paa-sri-lanka\/#article\",\"isPartOf\":{\"@id\":\"https:\/\/www.vita-explorers.dk\/blog\/u-vejr-paa-sri-lanka\/\"},\"author\":{\"name\":\"VITA Tribe\",\"@id\":\"https:\/\/www.vita-explorers.dk\/blog\/#\/schema\/person\/d7df267b64f23018d1dc519e78fb2735\"},\"headline\":\"Uvejrsforhold i Sri Lanka\",\"datePublished\":\"2014-12-27T22:41:29+00:00\",\"dateModified\":\"2016-03-20T13:33:39+00:00\",\"mainEntityOfPage\":{\"@id\":\"https:\/\/www.vita-explorers.dk\/blog\/u-vejr-paa-sri-lanka\/\"},\"wordCount\":149,\"commentCount\":0,\"publisher\":{\"@id\":\"https:\/\/www.vita-explorers.dk\/blog\/#organization\"},\"image\":{\"@id\":\"https:\/\/www.vita-explorers.dk\/blog\/u-vejr-paa-sri-lanka\/#primaryimage\"},\"thumbnailUrl\":\"https:\/\/www.vita-explorers.dk\/blog\/wp-content\/uploads\/2014\/12\/Map-Sri-Lanka.jpg\",\"keywords\":[\"Intemp\u00e9ries\",\"Sri Lanka\",\"Tsunami\"],\"articleSection\":[\"Asien\",\"Nyheder\",\"Rejser - generelle oplysninger\",\"VITA Explorers\"],\"inLanguage\":\"da-DK\",\"potentialAction\":[{\"@type\":\"CommentAction\",\"name\":\"Comment\",\"target\":[\"https:\/\/www.vita-explorers.dk\/blog\/u-vejr-paa-sri-lanka\/#respond\"]}]},{\"@type\":\"WebPage\",\"@id\":\"https:\/\/www.vita-explorers.dk\/blog\/u-vejr-paa-sri-lanka\/\",\"url\":\"https:\/\/www.vita-explorers.dk\/blog\/u-vejr-paa-sri-lanka\/\",\"name\":\"Uvejrsforhold i Sri Lanka - VITA Explorers Blog\",\"isPartOf\":{\"@id\":\"https:\/\/www.vita-explorers.dk\/blog\/#website\"},\"primaryImageOfPage\":{\"@id\":\"https:\/\/www.vita-explorers.dk\/blog\/u-vejr-paa-sri-lanka\/#primaryimage\"},\"image\":{\"@id\":\"https:\/\/www.vita-explorers.dk\/blog\/u-vejr-paa-sri-lanka\/#primaryimage\"},\"thumbnailUrl\":\"https:\/\/www.vita-explorers.dk\/blog\/wp-content\/uploads\/2014\/12\/Map-Sri-Lanka.jpg\",\"datePublished\":\"2014-12-27T22:41:29+00:00\",\"dateModified\":\"2016-03-20T13:33:39+00:00\",\"breadcrumb\":{\"@id\":\"https:\/\/www.vita-explorers.dk\/blog\/u-vejr-paa-sri-lanka\/#breadcrumb\"},\"inLanguage\":\"da-DK\",\"potentialAction\":[{\"@type\":\"ReadAction\",\"target\":[\"https:\/\/www.vita-explorers.dk\/blog\/u-vejr-paa-sri-lanka\/\"]}]},{\"@type\":\"ImageObject\",\"inLanguage\":\"da-DK\",\"@id\":\"https:\/\/www.vita-explorers.dk\/blog\/u-vejr-paa-sri-lanka\/#primaryimage\",\"url\":\"https:\/\/www.vita-explorers.dk\/blog\/wp-content\/uploads\/2014\/12\/Map-Sri-Lanka.jpg\",\"contentUrl\":\"https:\/\/www.vita-explorers.dk\/blog\/wp-content\/uploads\/2014\/12\/Map-Sri-Lanka.jpg\",\"width\":400,\"height\":528},{\"@type\":\"BreadcrumbList\",\"@id\":\"https:\/\/www.vita-explorers.dk\/blog\/u-vejr-paa-sri-lanka\/#breadcrumb\",\"itemListElement\":[{\"@type\":\"ListItem\",\"position\":1,\"name\":\"Accueil\",\"item\":\"https:\/\/www.vita-explorers.dk\/blog\/\"},{\"@type\":\"ListItem\",\"position\":2,\"name\":\"Uvejrsforhold i Sri Lanka\"}]},{\"@type\":\"WebSite\",\"@id\":\"https:\/\/www.vita-explorers.dk\/blog\/#website\",\"url\":\"https:\/\/www.vita-explorers.dk\/blog\/\",\"name\":\"Association Globalong\",\"description\":\"Frivilligt arbejde, sprogophold, praktik i udlandet og internationale oplevelser\",\"publisher\":{\"@id\":\"https:\/\/www.vita-explorers.dk\/blog\/#organization\"},\"potentialAction\":[{\"@type\":\"SearchAction\",\"target\":{\"@type\":\"EntryPoint\",\"urlTemplate\":\"https:\/\/www.vita-explorers.dk\/blog\/?s={search_term_string}\"},\"query-input\":{\"@type\":\"PropertyValueSpecification\",\"valueRequired\":true,\"valueName\":\"search_term_string\"}}],\"inLanguage\":\"da-DK\"},{\"@type\":\"Organization\",\"@id\":\"https:\/\/www.vita-explorers.dk\/blog\/#organization\",\"name\":\"Association Globalong\",\"url\":\"https:\/\/www.vita-explorers.dk\/blog\/\",\"logo\":{\"@type\":\"ImageObject\",\"inLanguage\":\"da-DK\",\"@id\":\"https:\/\/www.vita-explorers.dk\/blog\/#\/schema\/logo\/image\/\",\"url\":\"https:\/\/www.globalong.com\/blog\/wp-content\/uploads\/2014\/11\/cropped-cropped-Logo-et-Afrique-Globalong-petite-taille-2.jpg\",\"contentUrl\":\"https:\/\/www.globalong.com\/blog\/wp-content\/uploads\/2014\/11\/cropped-cropped-Logo-et-Afrique-Globalong-petite-taille-2.jpg\",\"width\":512,\"height\":512,\"caption\":\"Association Globalong\"},\"image\":{\"@id\":\"https:\/\/www.vita-explorers.dk\/blog\/#\/schema\/logo\/image\/\"},\"sameAs\":[\"https:\/\/www.facebook.com\/globalong\"]},{\"@type\":\"Person\",\"@id\":\"https:\/\/www.vita-explorers.dk\/blog\/#\/schema\/person\/d7df267b64f23018d1dc519e78fb2735\",\"name\":\"VITA Tribe\",\"image\":{\"@type\":\"ImageObject\",\"inLanguage\":\"da-DK\",\"@id\":\"https:\/\/www.vita-explorers.dk\/blog\/#\/schema\/person\/image\/\",\"url\":\"https:\/\/secure.gravatar.com\/avatar\/81461bcc213d0ff2bdc043d4206648f0?s=96&d=mm&r=g\",\"contentUrl\":\"https:\/\/secure.gravatar.com\/avatar\/81461bcc213d0ff2bdc043d4206648f0?s=96&d=mm&r=g\",\"caption\":\"VITA Tribe\"},\"sameAs\":[\"https:\/\/www.globalong.com\"],\"url\":\"https:\/\/www.vita-explorers.dk\/blog\/author\/sophie\/\"}]}<\/script>\n<!-- \/ Yoast SEO Premium plugin. -->","yoast_head_json":{"title":"Uvejrsforhold i Sri Lanka - VITA Explorers Blog","robots":{"index":"index","follow":"follow","max-snippet":"max-snippet:-1","max-image-preview":"max-image-preview:large","max-video-preview":"max-video-preview:-1"},"canonical":"https:\/\/www.vita-explorers.dk\/blog\/u-vejr-paa-sri-lanka\/","og_locale":"da_DK","og_type":"article","og_title":"Uvejrsforhold i Sri Lanka","og_description":"Mens flere asiatiske lande i g\u00e5r \u2013 den 26. december 2014 \u2013 markerede 10-\u00e5rsdagen for den \u00f8del\u00e6ggende tsunami, der ramte deres kyster, blev Sri\u2026","og_url":"https:\/\/www.vita-explorers.dk\/blog\/u-vejr-paa-sri-lanka\/","og_site_name":"VITA Explorers Blog","article_publisher":"https:\/\/www.facebook.com\/globalong","article_published_time":"2014-12-27T22:41:29+00:00","article_modified_time":"2016-03-20T13:33:39+00:00","og_image":[{"width":400,"height":528,"url":"https:\/\/www.vita-explorers.dk\/blog\/wp-content\/uploads\/2014\/12\/Map-Sri-Lanka.jpg","type":"image\/jpeg"}],"author":"VITA Tribe","twitter_card":"summary_large_image","twitter_misc":{"Skrevet af":"VITA Tribe","Estimeret l\u00e6setid":"1 minut"},"schema":{"@context":"https:\/\/schema.org","@graph":[{"@type":"Article","@id":"https:\/\/www.vita-explorers.dk\/blog\/u-vejr-paa-sri-lanka\/#article","isPartOf":{"@id":"https:\/\/www.vita-explorers.dk\/blog\/u-vejr-paa-sri-lanka\/"},"author":{"name":"VITA Tribe","@id":"https:\/\/www.vita-explorers.dk\/blog\/#\/schema\/person\/d7df267b64f23018d1dc519e78fb2735"},"headline":"Uvejrsforhold i Sri Lanka","datePublished":"2014-12-27T22:41:29+00:00","dateModified":"2016-03-20T13:33:39+00:00","mainEntityOfPage":{"@id":"https:\/\/www.vita-explorers.dk\/blog\/u-vejr-paa-sri-lanka\/"},"wordCount":149,"commentCount":0,"publisher":{"@id":"https:\/\/www.vita-explorers.dk\/blog\/#organization"},"image":{"@id":"https:\/\/www.vita-explorers.dk\/blog\/u-vejr-paa-sri-lanka\/#primaryimage"},"thumbnailUrl":"https:\/\/www.vita-explorers.dk\/blog\/wp-content\/uploads\/2014\/12\/Map-Sri-Lanka.jpg","keywords":["Intemp\u00e9ries","Sri Lanka","Tsunami"],"articleSection":["Asien","Nyheder","Rejser - generelle oplysninger","VITA Explorers"],"inLanguage":"da-DK","potentialAction":[{"@type":"CommentAction","name":"Comment","target":["https:\/\/www.vita-explorers.dk\/blog\/u-vejr-paa-sri-lanka\/#respond"]}]},{"@type":"WebPage","@id":"https:\/\/www.vita-explorers.dk\/blog\/u-vejr-paa-sri-lanka\/","url":"https:\/\/www.vita-explorers.dk\/blog\/u-vejr-paa-sri-lanka\/","name":"Uvejrsforhold i Sri Lanka - VITA Explorers Blog","isPartOf":{"@id":"https:\/\/www.vita-explorers.dk\/blog\/#website"},"primaryImageOfPage":{"@id":"https:\/\/www.vita-explorers.dk\/blog\/u-vejr-paa-sri-lanka\/#primaryimage"},"image":{"@id":"https:\/\/www.vita-explorers.dk\/blog\/u-vejr-paa-sri-lanka\/#primaryimage"},"thumbnailUrl":"https:\/\/www.vita-explorers.dk\/blog\/wp-content\/uploads\/2014\/12\/Map-Sri-Lanka.jpg","datePublished":"2014-12-27T22:41:29+00:00","dateModified":"2016-03-20T13:33:39+00:00","breadcrumb":{"@id":"https:\/\/www.vita-explorers.dk\/blog\/u-vejr-paa-sri-lanka\/#breadcrumb"},"inLanguage":"da-DK","potentialAction":[{"@type":"ReadAction","target":["https:\/\/www.vita-explorers.dk\/blog\/u-vejr-paa-sri-lanka\/"]}]},{"@type":"ImageObject","inLanguage":"da-DK","@id":"https:\/\/www.vita-explorers.dk\/blog\/u-vejr-paa-sri-lanka\/#primaryimage","url":"https:\/\/www.vita-explorers.dk\/blog\/wp-content\/uploads\/2014\/12\/Map-Sri-Lanka.jpg","contentUrl":"https:\/\/www.vita-explorers.dk\/blog\/wp-content\/uploads\/2014\/12\/Map-Sri-Lanka.jpg","width":400,"height":528},{"@type":"BreadcrumbList","@id":"https:\/\/www.vita-explorers.dk\/blog\/u-vejr-paa-sri-lanka\/#breadcrumb","itemListElement":[{"@type":"ListItem","position":1,"name":"Accueil","item":"https:\/\/www.vita-explorers.dk\/blog\/"},{"@type":"ListItem","position":2,"name":"Uvejrsforhold i Sri Lanka"}]},{"@type":"WebSite","@id":"https:\/\/www.vita-explorers.dk\/blog\/#website","url":"https:\/\/www.vita-explorers.dk\/blog\/","name":"Association Globalong","description":"Frivilligt arbejde, sprogophold, praktik i udlandet og internationale oplevelser","publisher":{"@id":"https:\/\/www.vita-explorers.dk\/blog\/#organization"},"potentialAction":[{"@type":"SearchAction","target":{"@type":"EntryPoint","urlTemplate":"https:\/\/www.vita-explorers.dk\/blog\/?s={search_term_string}"},"query-input":{"@type":"PropertyValueSpecification","valueRequired":true,"valueName":"search_term_string"}}],"inLanguage":"da-DK"},{"@type":"Organization","@id":"https:\/\/www.vita-explorers.dk\/blog\/#organization","name":"Association Globalong","url":"https:\/\/www.vita-explorers.dk\/blog\/","logo":{"@type":"ImageObject","inLanguage":"da-DK","@id":"https:\/\/www.vita-explorers.dk\/blog\/#\/schema\/logo\/image\/","url":"https:\/\/www.globalong.com\/blog\/wp-content\/uploads\/2014\/11\/cropped-cropped-Logo-et-Afrique-Globalong-petite-taille-2.jpg","contentUrl":"https:\/\/www.globalong.com\/blog\/wp-content\/uploads\/2014\/11\/cropped-cropped-Logo-et-Afrique-Globalong-petite-taille-2.jpg","width":512,"height":512,"caption":"Association Globalong"},"image":{"@id":"https:\/\/www.vita-explorers.dk\/blog\/#\/schema\/logo\/image\/"},"sameAs":["https:\/\/www.facebook.com\/globalong"]},{"@type":"Person","@id":"https:\/\/www.vita-explorers.dk\/blog\/#\/schema\/person\/d7df267b64f23018d1dc519e78fb2735","name":"VITA Tribe","image":{"@type":"ImageObject","inLanguage":"da-DK","@id":"https:\/\/www.vita-explorers.dk\/blog\/#\/schema\/person\/image\/","url":"https:\/\/secure.gravatar.com\/avatar\/81461bcc213d0ff2bdc043d4206648f0?s=96&d=mm&r=g","contentUrl":"https:\/\/secure.gravatar.com\/avatar\/81461bcc213d0ff2bdc043d4206648f0?s=96&d=mm&r=g","caption":"VITA Tribe"},"sameAs":["https:\/\/www.globalong.com"],"url":"https:\/\/www.vita-explorers.dk\/blog\/author\/sophie\/"}]}},"_links":{"self":[{"href":"https:\/\/www.vita-explorers.dk\/blog\/wp-json\/wp\/v2\/posts\/446"}],"collection":[{"href":"https:\/\/www.vita-explorers.dk\/blog\/wp-json\/wp\/v2\/posts"}],"about":[{"href":"https:\/\/www.vita-explorers.dk\/blog\/wp-json\/wp\/v2\/types\/post"}],"author":[{"embeddable":true,"href":"https:\/\/www.vita-explorers.dk\/blog\/wp-json\/wp\/v2\/users\/1"}],"replies":[{"embeddable":true,"href":"https:\/\/www.vita-explorers.dk\/blog\/wp-json\/wp\/v2\/comments?post=446"}],"version-history":[{"count":3,"href":"https:\/\/www.vita-explorers.dk\/blog\/wp-json\/wp\/v2\/posts\/446\/revisions"}],"predecessor-version":[{"id":1557,"href":"https:\/\/www.vita-explorers.dk\/blog\/wp-json\/wp\/v2\/posts\/446\/revisions\/1557"}],"wp:featuredmedia":[{"embeddable":true,"href":"https:\/\/www.vita-explorers.dk\/blog\/wp-json\/wp\/v2\/media\/447"}],"wp:attachment":[{"href":"https:\/\/www.vita-explorers.dk\/blog\/wp-json\/wp\/v2\/media?parent=446"}],"wp:term":[{"taxonomy":"category","embeddable":true,"href":"https:\/\/www.vita-explorers.dk\/blog\/wp-json\/wp\/v2\/categories?post=446"},{"taxonomy":"post_tag","embeddable":true,"href":"https:\/\/www.vita-explorers.dk\/blog\/wp-json\/wp\/v2\/tags?post=446"}],"curies":[{"name":"wp","href":"https:\/\/api.w.org\/{rel}","templated":true}]}}