{"id":4483,"date":"2016-06-05T17:30:35","date_gmt":"2016-06-05T15:30:35","guid":{"rendered":"https:\/\/www.globalong.com\/blog\/?p=4483"},"modified":"2016-06-06T17:47:35","modified_gmt":"2016-06-06T15:47:35","slug":"miljo-international-dag-mod-krybskytteri-beskyttelse-af-vilde-dyr-vita-frivilligt-arbejde-naturbevarelse-aktiviteter-gap-year-verden","status":"publish","type":"post","link":"https:\/\/www.vita-explorers.dk\/blog\/miljo-international-dag-mod-krybskytteri-beskyttelse-af-vilde-dyr-vita-frivilligt-arbejde-naturbevarelse-aktiviteter-gap-year-verden\/","title":{"rendered":"Verdens milj\u00f8dag"},"content":{"rendered":"<h4 style=\"text-align: center;\"><span style=\"color: #b81657;\">Lad os passe p\u00e5 vores planet \u2013 for de kommende generationer!<\/span><\/h4>\n<p style=\"text-align: justify;\"><a href=\"https:\/\/www.vita-explorers.dk\/blog\/wp-content\/uploads\/2016\/06\/Capture-d\u2019\u00e9cran-2015-10-08-\u00e0-11.58.57.png\" rel=\"attachment wp-att-4484\"><img loading=\"lazy\" decoding=\"async\" class=\"alignright wp-image-4484 size-medium\" src=\"https:\/\/www.vita-explorers.dk\/blog\/wp-content\/uploads\/2016\/06\/Capture-d\u2019\u00e9cran-2015-10-08-\u00e0-11.58.57-300x176.png\" alt=\"VITA bakker op om Verdens Milj\u00f8dag\" width=\"300\" height=\"176\" srcset=\"https:\/\/www.vita-explorers.dk\/blog\/wp-content\/uploads\/2016\/06\/Capture-d\u2019\u00e9cran-2015-10-08-\u00e0-11.58.57-300x176.png 300w, https:\/\/www.vita-explorers.dk\/blog\/wp-content\/uploads\/2016\/06\/Capture-d\u2019\u00e9cran-2015-10-08-\u00e0-11.58.57-768x452.png 768w, https:\/\/www.vita-explorers.dk\/blog\/wp-content\/uploads\/2016\/06\/Capture-d\u2019\u00e9cran-2015-10-08-\u00e0-11.58.57-150x88.png 150w, https:\/\/www.vita-explorers.dk\/blog\/wp-content\/uploads\/2016\/06\/Capture-d\u2019\u00e9cran-2015-10-08-\u00e0-11.58.57.png 949w\" sizes=\"(max-width: 300px) 100vw, 300px\" \/><\/a>Verdens Milj\u00f8dag, som er udpeget af FN\u2019s milj\u00f8program, finder sted s\u00f8ndag den 5. juni 2016.<\/p>\n<p style=\"text-align: justify;\">I \u00e5r har Verdens Milj\u00f8dag fokus p\u00e5 vilde dyr. FN arbejder for at styrke den globale bevidsthed og f\u00e5 flere til at handle \u2013 b\u00e5de for at beskytte truede arter og for at passe bedre p\u00e5 milj\u00f8et.<\/p>\n<p style=\"text-align: justify;\"><a href=\"https:\/\/www.vita-explorers.dk\/blog\/wp-content\/uploads\/2016\/05\/Paysages-co\u0302tiers-Afrique-Du-Sud-Globalong.jpg\" rel=\"attachment wp-att-4285\"><img loading=\"lazy\" decoding=\"async\" class=\"alignright size-medium wp-image-4285\" src=\"https:\/\/www.vita-explorers.dk\/blog\/wp-content\/uploads\/2016\/05\/Paysages-co\u0302tiers-Afrique-Du-Sud-Globalong-300x231.jpg\" alt=\"VITA landskaber i Sydafrika \u2013 internationale deltagere\" width=\"300\" height=\"231\" srcset=\"https:\/\/www.vita-explorers.dk\/blog\/wp-content\/uploads\/2016\/05\/Paysages-co\u0302tiers-Afrique-Du-Sud-Globalong-300x231.jpg 300w, https:\/\/www.vita-explorers.dk\/blog\/wp-content\/uploads\/2016\/05\/Paysages-co\u0302tiers-Afrique-Du-Sud-Globalong-768x591.jpg 768w, https:\/\/www.vita-explorers.dk\/blog\/wp-content\/uploads\/2016\/05\/Paysages-co\u0302tiers-Afrique-Du-Sud-Globalong-1024x788.jpg 1024w, https:\/\/www.vita-explorers.dk\/blog\/wp-content\/uploads\/2016\/05\/Paysages-co\u0302tiers-Afrique-Du-Sud-Globalong-150x115.jpg 150w\" sizes=\"(max-width: 300px) 100vw, 300px\" \/><\/a>Desv\u00e6rre er alt for mange dyr ofre for krybskytteri \u2013 ofte drevet af kommercielle interesser. Derfor handler dagen ogs\u00e5 om at engagere mennesker verden over i kampen mod den ulovlige handel.<\/p>\n<p style=\"text-align: justify;\">Det er kun gennem f\u00e6lles ansvar, konkrete handlinger og \u00e6ndrede vaner, at vi kan v\u00e6re med til at bremse krybskytteri og mindske risikoen for, at beskyttede arter forsvinder.<\/p>\n<p style=\"text-align: justify;\">I 2015 blev der registreret 2861 frivillige indsatser takket v\u00e6re engagement fra mere end 1,26 millioner deltagere.<\/p>\n<p style=\"text-align: justify;\"><a href=\"https:\/\/www.vita-explorers.dk\/blog\/wp-content\/uploads\/2016\/05\/SUNSET-in-Cambodia-Globalong.jpg\" rel=\"attachment wp-att-3666\"><img loading=\"lazy\" decoding=\"async\" class=\"alignright wp-image-4419 size-medium\" src=\"https:\/\/www.vita-explorers.dk\/blog\/wp-content\/uploads\/2016\/05\/SUNSET-in-Cambodia-Globalong-300x225.jpg\" alt=\"solnedgang i Cambodja med VITA\" width=\"300\" height=\"225\" srcset=\"https:\/\/www.vita-explorers.dk\/blog\/wp-content\/uploads\/2016\/05\/SUNSET-in-Cambodia-Globalong-300x225.jpg 300w, https:\/\/www.vita-explorers.dk\/blog\/wp-content\/uploads\/2016\/05\/SUNSET-in-Cambodia-Globalong-768x576.jpg 768w, https:\/\/www.vita-explorers.dk\/blog\/wp-content\/uploads\/2016\/05\/SUNSET-in-Cambodia-Globalong-1024x768.jpg 1024w, https:\/\/www.vita-explorers.dk\/blog\/wp-content\/uploads\/2016\/05\/SUNSET-in-Cambodia-Globalong-150x113.jpg 150w\" sizes=\"(max-width: 300px) 100vw, 300px\" \/><\/a>Lad os st\u00e5 sammen og g\u00f8re endnu mere i 2016!<\/p>\n<p style=\"text-align: justify;\">Bliv en del af vores internationale deltagere rundt om i verden, og engag\u00e9r dig i et ansvarligt \u00f8ko-forl\u00f8b, der bidrager til at beskytte natur og milj\u00f8.<\/p>\n<p style=\"text-align: justify;\"><span style=\"text-decoration: underline;\"><a href=\"https:\/\/www.vita-explorers.dk\" target=\"_blank\">www.vita-explorers.dk<\/a><\/span><\/p>\n<p style=\"text-align: justify;\">L\u00e6s <span style=\"text-decoration: underline;\"><a href=\"https:\/\/www.vita-explorers.dk\/blog\/temoignages\/\" target=\"_blank\">vores oplevelser<\/a><\/span> og se alle <span style=\"text-decoration: underline;\"><a href=\"https:\/\/www.flickr.com\/photos\/globalong\/albums\/\" target=\"_blank\">billederne fra vores deltagere<\/a><\/span>!<\/p>\n<p style=\"text-align: justify;\">Har du sp\u00f8rgsm\u00e5l, er du altid velkommen til at kontakte os p\u00e5 <span style=\"text-decoration: underline;\"><a href=\"mailto:info@globalong.com\">info@globalong.com<\/a><\/span><\/p>\n<p style=\"text-align: justify;\">Kilde: M\u00e9diaterre.org<\/p>\n","protected":false},"excerpt":{"rendered":"<p>Lad os passe p\u00e5 vores planet \u2013 for de kommende generationer! Verdens Milj\u00f8dag, som er udpeget af FN\u2019s milj\u00f8program, finder sted s\u00f8ndag den 5.\u2026<\/p>\n","protected":false},"author":1,"featured_media":4287,"comment_status":"open","ping_status":"open","sticky":false,"template":"","format":"standard","meta":{"footnotes":""},"categories":[13,191,11,12,10,8,1,6,3,5,4],"tags":[51,114,24,17,109,49,58,62,52,104,95,116,185,149,27,59,333,111,234,99,25,170,21,15],"yoast_head":"<!-- This site is optimized with the Yoast SEO Premium plugin v23.4 (Yoast SEO v23.4) - https:\/\/yoast.com\/wordpress\/plugins\/seo\/ -->\n<title>Verdens milj\u00f8dag - VITA Explorers Blog<\/title>\n<meta name=\"robots\" content=\"index, follow, max-snippet:-1, max-image-preview:large, max-video-preview:-1\" \/>\n<link rel=\"canonical\" href=\"https:\/\/www.vita-explorers.dk\/blog\/miljo-international-dag-mod-krybskytteri-beskyttelse-af-vilde-dyr-vita-frivilligt-arbejde-naturbevarelse-aktiviteter-gap-year-verden\/\" \/>\n<meta property=\"og:locale\" content=\"da_DK\" \/>\n<meta property=\"og:type\" content=\"article\" \/>\n<meta property=\"og:title\" content=\"Verdens milj\u00f8dag\" \/>\n<meta property=\"og:description\" content=\"Lad os passe p\u00e5 vores planet \u2013 for de kommende generationer! Verdens Milj\u00f8dag, som er udpeget af FN\u2019s milj\u00f8program, finder sted s\u00f8ndag den 5.\u2026\" \/>\n<meta property=\"og:url\" content=\"https:\/\/www.vita-explorers.dk\/blog\/miljo-international-dag-mod-krybskytteri-beskyttelse-af-vilde-dyr-vita-frivilligt-arbejde-naturbevarelse-aktiviteter-gap-year-verden\/\" \/>\n<meta property=\"og:site_name\" content=\"VITA Explorers Blog\" \/>\n<meta property=\"article:publisher\" content=\"https:\/\/www.facebook.com\/globalong\" \/>\n<meta property=\"article:published_time\" content=\"2016-06-05T15:30:35+00:00\" \/>\n<meta property=\"article:modified_time\" content=\"2016-06-06T15:47:35+00:00\" \/>\n<meta property=\"og:image\" content=\"https:\/\/www.vita-explorers.dk\/blog\/wp-content\/uploads\/2016\/05\/Plage-Globalong-afrique-du-Sud.jpg\" \/>\n\t<meta property=\"og:image:width\" content=\"3017\" \/>\n\t<meta property=\"og:image:height\" content=\"2264\" \/>\n\t<meta property=\"og:image:type\" content=\"image\/jpeg\" \/>\n<meta name=\"author\" content=\"VITA Tribe\" \/>\n<meta name=\"twitter:card\" content=\"summary_large_image\" \/>\n<meta name=\"twitter:label1\" content=\"Skrevet af\" \/>\n\t<meta name=\"twitter:data1\" content=\"VITA Tribe\" \/>\n\t<meta name=\"twitter:label2\" content=\"Estimeret l\u00e6setid\" \/>\n\t<meta name=\"twitter:data2\" content=\"1 minut\" \/>\n<script type=\"application\/ld+json\" class=\"yoast-schema-graph\">{\"@context\":\"https:\/\/schema.org\",\"@graph\":[{\"@type\":\"Article\",\"@id\":\"https:\/\/www.vita-explorers.dk\/blog\/miljo-international-dag-mod-krybskytteri-beskyttelse-af-vilde-dyr-vita-frivilligt-arbejde-naturbevarelse-aktiviteter-gap-year-verden\/#article\",\"isPartOf\":{\"@id\":\"https:\/\/www.vita-explorers.dk\/blog\/miljo-international-dag-mod-krybskytteri-beskyttelse-af-vilde-dyr-vita-frivilligt-arbejde-naturbevarelse-aktiviteter-gap-year-verden\/\"},\"author\":{\"name\":\"VITA Tribe\",\"@id\":\"https:\/\/www.vita-explorers.dk\/blog\/#\/schema\/person\/d7df267b64f23018d1dc519e78fb2735\"},\"headline\":\"Verdens milj\u00f8dag\",\"datePublished\":\"2016-06-05T15:30:35+00:00\",\"dateModified\":\"2016-06-06T15:47:35+00:00\",\"mainEntityOfPage\":{\"@id\":\"https:\/\/www.vita-explorers.dk\/blog\/miljo-international-dag-mod-krybskytteri-beskyttelse-af-vilde-dyr-vita-frivilligt-arbejde-naturbevarelse-aktiviteter-gap-year-verden\/\"},\"wordCount\":218,\"commentCount\":0,\"publisher\":{\"@id\":\"https:\/\/www.vita-explorers.dk\/blog\/#organization\"},\"image\":{\"@id\":\"https:\/\/www.vita-explorers.dk\/blog\/miljo-international-dag-mod-krybskytteri-beskyttelse-af-vilde-dyr-vita-frivilligt-arbejde-naturbevarelse-aktiviteter-gap-year-verden\/#primaryimage\"},\"thumbnailUrl\":\"https:\/\/www.vita-explorers.dk\/blog\/wp-content\/uploads\/2016\/05\/Plage-Globalong-afrique-du-Sud.jpg\",\"keywords\":[\"Animaux\",\"ann\u00e9e sabbatique\",\"apprendre\",\"b\u00e9n\u00e9volat\",\"climat\",\"Costa Rica\",\"culture\",\"\u00e9co-tourisme\",\"Eco-volontariat\",\"\u00e9cologie\",\"environnement\",\"faire du b\u00e9n\u00e9volat\",\"globalong\",\"humanitaire\",\"immersion\",\"journ\u00e9e internationale\",\"journ\u00e9e mondiale de l'environnement\",\"monde\",\"Programmes\",\"protection de l'environnement\",\"solidarit\u00e9\",\"tourisme\",\"valeurs\",\"voyage\"],\"articleSection\":[\"Afrika\",\"Amerika\",\"Amerika\",\"Asien\",\"Europa\",\"Humanit\u00e6rt frivilligt arbejde\",\"No Name\",\"Nyheder\",\"Rejser - generelle oplysninger\",\"Sprogophold\",\"VITA Explorers\"],\"inLanguage\":\"da-DK\",\"potentialAction\":[{\"@type\":\"CommentAction\",\"name\":\"Comment\",\"target\":[\"https:\/\/www.vita-explorers.dk\/blog\/miljo-international-dag-mod-krybskytteri-beskyttelse-af-vilde-dyr-vita-frivilligt-arbejde-naturbevarelse-aktiviteter-gap-year-verden\/#respond\"]}]},{\"@type\":\"WebPage\",\"@id\":\"https:\/\/www.vita-explorers.dk\/blog\/miljo-international-dag-mod-krybskytteri-beskyttelse-af-vilde-dyr-vita-frivilligt-arbejde-naturbevarelse-aktiviteter-gap-year-verden\/\",\"url\":\"https:\/\/www.vita-explorers.dk\/blog\/miljo-international-dag-mod-krybskytteri-beskyttelse-af-vilde-dyr-vita-frivilligt-arbejde-naturbevarelse-aktiviteter-gap-year-verden\/\",\"name\":\"Verdens milj\u00f8dag - VITA Explorers Blog\",\"isPartOf\":{\"@id\":\"https:\/\/www.vita-explorers.dk\/blog\/#website\"},\"primaryImageOfPage\":{\"@id\":\"https:\/\/www.vita-explorers.dk\/blog\/miljo-international-dag-mod-krybskytteri-beskyttelse-af-vilde-dyr-vita-frivilligt-arbejde-naturbevarelse-aktiviteter-gap-year-verden\/#primaryimage\"},\"image\":{\"@id\":\"https:\/\/www.vita-explorers.dk\/blog\/miljo-international-dag-mod-krybskytteri-beskyttelse-af-vilde-dyr-vita-frivilligt-arbejde-naturbevarelse-aktiviteter-gap-year-verden\/#primaryimage\"},\"thumbnailUrl\":\"https:\/\/www.vita-explorers.dk\/blog\/wp-content\/uploads\/2016\/05\/Plage-Globalong-afrique-du-Sud.jpg\",\"datePublished\":\"2016-06-05T15:30:35+00:00\",\"dateModified\":\"2016-06-06T15:47:35+00:00\",\"breadcrumb\":{\"@id\":\"https:\/\/www.vita-explorers.dk\/blog\/miljo-international-dag-mod-krybskytteri-beskyttelse-af-vilde-dyr-vita-frivilligt-arbejde-naturbevarelse-aktiviteter-gap-year-verden\/#breadcrumb\"},\"inLanguage\":\"da-DK\",\"potentialAction\":[{\"@type\":\"ReadAction\",\"target\":[\"https:\/\/www.vita-explorers.dk\/blog\/miljo-international-dag-mod-krybskytteri-beskyttelse-af-vilde-dyr-vita-frivilligt-arbejde-naturbevarelse-aktiviteter-gap-year-verden\/\"]}]},{\"@type\":\"ImageObject\",\"inLanguage\":\"da-DK\",\"@id\":\"https:\/\/www.vita-explorers.dk\/blog\/miljo-international-dag-mod-krybskytteri-beskyttelse-af-vilde-dyr-vita-frivilligt-arbejde-naturbevarelse-aktiviteter-gap-year-verden\/#primaryimage\",\"url\":\"https:\/\/www.vita-explorers.dk\/blog\/wp-content\/uploads\/2016\/05\/Plage-Globalong-afrique-du-Sud.jpg\",\"contentUrl\":\"https:\/\/www.vita-explorers.dk\/blog\/wp-content\/uploads\/2016\/05\/Plage-Globalong-afrique-du-Sud.jpg\",\"width\":3017,\"height\":2264,\"caption\":\"Paysages sud africains Globalong\"},{\"@type\":\"BreadcrumbList\",\"@id\":\"https:\/\/www.vita-explorers.dk\/blog\/miljo-international-dag-mod-krybskytteri-beskyttelse-af-vilde-dyr-vita-frivilligt-arbejde-naturbevarelse-aktiviteter-gap-year-verden\/#breadcrumb\",\"itemListElement\":[{\"@type\":\"ListItem\",\"position\":1,\"name\":\"Accueil\",\"item\":\"https:\/\/www.vita-explorers.dk\/blog\/\"},{\"@type\":\"ListItem\",\"position\":2,\"name\":\"Verdens milj\u00f8dag\"}]},{\"@type\":\"WebSite\",\"@id\":\"https:\/\/www.vita-explorers.dk\/blog\/#website\",\"url\":\"https:\/\/www.vita-explorers.dk\/blog\/\",\"name\":\"Association Globalong\",\"description\":\"Frivilligt arbejde, sprogophold, praktik i udlandet og internationale oplevelser\",\"publisher\":{\"@id\":\"https:\/\/www.vita-explorers.dk\/blog\/#organization\"},\"potentialAction\":[{\"@type\":\"SearchAction\",\"target\":{\"@type\":\"EntryPoint\",\"urlTemplate\":\"https:\/\/www.vita-explorers.dk\/blog\/?s={search_term_string}\"},\"query-input\":{\"@type\":\"PropertyValueSpecification\",\"valueRequired\":true,\"valueName\":\"search_term_string\"}}],\"inLanguage\":\"da-DK\"},{\"@type\":\"Organization\",\"@id\":\"https:\/\/www.vita-explorers.dk\/blog\/#organization\",\"name\":\"Association Globalong\",\"url\":\"https:\/\/www.vita-explorers.dk\/blog\/\",\"logo\":{\"@type\":\"ImageObject\",\"inLanguage\":\"da-DK\",\"@id\":\"https:\/\/www.vita-explorers.dk\/blog\/#\/schema\/logo\/image\/\",\"url\":\"https:\/\/www.globalong.com\/blog\/wp-content\/uploads\/2014\/11\/cropped-cropped-Logo-et-Afrique-Globalong-petite-taille-2.jpg\",\"contentUrl\":\"https:\/\/www.globalong.com\/blog\/wp-content\/uploads\/2014\/11\/cropped-cropped-Logo-et-Afrique-Globalong-petite-taille-2.jpg\",\"width\":512,\"height\":512,\"caption\":\"Association Globalong\"},\"image\":{\"@id\":\"https:\/\/www.vita-explorers.dk\/blog\/#\/schema\/logo\/image\/\"},\"sameAs\":[\"https:\/\/www.facebook.com\/globalong\"]},{\"@type\":\"Person\",\"@id\":\"https:\/\/www.vita-explorers.dk\/blog\/#\/schema\/person\/d7df267b64f23018d1dc519e78fb2735\",\"name\":\"VITA Tribe\",\"image\":{\"@type\":\"ImageObject\",\"inLanguage\":\"da-DK\",\"@id\":\"https:\/\/www.vita-explorers.dk\/blog\/#\/schema\/person\/image\/\",\"url\":\"https:\/\/secure.gravatar.com\/avatar\/81461bcc213d0ff2bdc043d4206648f0?s=96&d=mm&r=g\",\"contentUrl\":\"https:\/\/secure.gravatar.com\/avatar\/81461bcc213d0ff2bdc043d4206648f0?s=96&d=mm&r=g\",\"caption\":\"VITA Tribe\"},\"sameAs\":[\"https:\/\/www.globalong.com\"],\"url\":\"https:\/\/www.vita-explorers.dk\/blog\/author\/sophie\/\"}]}<\/script>\n<!-- \/ Yoast SEO Premium plugin. -->","yoast_head_json":{"title":"Verdens milj\u00f8dag - VITA Explorers Blog","robots":{"index":"index","follow":"follow","max-snippet":"max-snippet:-1","max-image-preview":"max-image-preview:large","max-video-preview":"max-video-preview:-1"},"canonical":"https:\/\/www.vita-explorers.dk\/blog\/miljo-international-dag-mod-krybskytteri-beskyttelse-af-vilde-dyr-vita-frivilligt-arbejde-naturbevarelse-aktiviteter-gap-year-verden\/","og_locale":"da_DK","og_type":"article","og_title":"Verdens milj\u00f8dag","og_description":"Lad os passe p\u00e5 vores planet \u2013 for de kommende generationer! Verdens Milj\u00f8dag, som er udpeget af FN\u2019s milj\u00f8program, finder sted s\u00f8ndag den 5.\u2026","og_url":"https:\/\/www.vita-explorers.dk\/blog\/miljo-international-dag-mod-krybskytteri-beskyttelse-af-vilde-dyr-vita-frivilligt-arbejde-naturbevarelse-aktiviteter-gap-year-verden\/","og_site_name":"VITA Explorers Blog","article_publisher":"https:\/\/www.facebook.com\/globalong","article_published_time":"2016-06-05T15:30:35+00:00","article_modified_time":"2016-06-06T15:47:35+00:00","og_image":[{"width":3017,"height":2264,"url":"https:\/\/www.vita-explorers.dk\/blog\/wp-content\/uploads\/2016\/05\/Plage-Globalong-afrique-du-Sud.jpg","type":"image\/jpeg"}],"author":"VITA Tribe","twitter_card":"summary_large_image","twitter_misc":{"Skrevet af":"VITA Tribe","Estimeret l\u00e6setid":"1 minut"},"schema":{"@context":"https:\/\/schema.org","@graph":[{"@type":"Article","@id":"https:\/\/www.vita-explorers.dk\/blog\/miljo-international-dag-mod-krybskytteri-beskyttelse-af-vilde-dyr-vita-frivilligt-arbejde-naturbevarelse-aktiviteter-gap-year-verden\/#article","isPartOf":{"@id":"https:\/\/www.vita-explorers.dk\/blog\/miljo-international-dag-mod-krybskytteri-beskyttelse-af-vilde-dyr-vita-frivilligt-arbejde-naturbevarelse-aktiviteter-gap-year-verden\/"},"author":{"name":"VITA Tribe","@id":"https:\/\/www.vita-explorers.dk\/blog\/#\/schema\/person\/d7df267b64f23018d1dc519e78fb2735"},"headline":"Verdens milj\u00f8dag","datePublished":"2016-06-05T15:30:35+00:00","dateModified":"2016-06-06T15:47:35+00:00","mainEntityOfPage":{"@id":"https:\/\/www.vita-explorers.dk\/blog\/miljo-international-dag-mod-krybskytteri-beskyttelse-af-vilde-dyr-vita-frivilligt-arbejde-naturbevarelse-aktiviteter-gap-year-verden\/"},"wordCount":218,"commentCount":0,"publisher":{"@id":"https:\/\/www.vita-explorers.dk\/blog\/#organization"},"image":{"@id":"https:\/\/www.vita-explorers.dk\/blog\/miljo-international-dag-mod-krybskytteri-beskyttelse-af-vilde-dyr-vita-frivilligt-arbejde-naturbevarelse-aktiviteter-gap-year-verden\/#primaryimage"},"thumbnailUrl":"https:\/\/www.vita-explorers.dk\/blog\/wp-content\/uploads\/2016\/05\/Plage-Globalong-afrique-du-Sud.jpg","keywords":["Animaux","ann\u00e9e sabbatique","apprendre","b\u00e9n\u00e9volat","climat","Costa Rica","culture","\u00e9co-tourisme","Eco-volontariat","\u00e9cologie","environnement","faire du b\u00e9n\u00e9volat","globalong","humanitaire","immersion","journ\u00e9e internationale","journ\u00e9e mondiale de l'environnement","monde","Programmes","protection de l'environnement","solidarit\u00e9","tourisme","valeurs","voyage"],"articleSection":["Afrika","Amerika","Amerika","Asien","Europa","Humanit\u00e6rt frivilligt arbejde","No Name","Nyheder","Rejser - generelle oplysninger","Sprogophold","VITA Explorers"],"inLanguage":"da-DK","potentialAction":[{"@type":"CommentAction","name":"Comment","target":["https:\/\/www.vita-explorers.dk\/blog\/miljo-international-dag-mod-krybskytteri-beskyttelse-af-vilde-dyr-vita-frivilligt-arbejde-naturbevarelse-aktiviteter-gap-year-verden\/#respond"]}]},{"@type":"WebPage","@id":"https:\/\/www.vita-explorers.dk\/blog\/miljo-international-dag-mod-krybskytteri-beskyttelse-af-vilde-dyr-vita-frivilligt-arbejde-naturbevarelse-aktiviteter-gap-year-verden\/","url":"https:\/\/www.vita-explorers.dk\/blog\/miljo-international-dag-mod-krybskytteri-beskyttelse-af-vilde-dyr-vita-frivilligt-arbejde-naturbevarelse-aktiviteter-gap-year-verden\/","name":"Verdens milj\u00f8dag - VITA Explorers Blog","isPartOf":{"@id":"https:\/\/www.vita-explorers.dk\/blog\/#website"},"primaryImageOfPage":{"@id":"https:\/\/www.vita-explorers.dk\/blog\/miljo-international-dag-mod-krybskytteri-beskyttelse-af-vilde-dyr-vita-frivilligt-arbejde-naturbevarelse-aktiviteter-gap-year-verden\/#primaryimage"},"image":{"@id":"https:\/\/www.vita-explorers.dk\/blog\/miljo-international-dag-mod-krybskytteri-beskyttelse-af-vilde-dyr-vita-frivilligt-arbejde-naturbevarelse-aktiviteter-gap-year-verden\/#primaryimage"},"thumbnailUrl":"https:\/\/www.vita-explorers.dk\/blog\/wp-content\/uploads\/2016\/05\/Plage-Globalong-afrique-du-Sud.jpg","datePublished":"2016-06-05T15:30:35+00:00","dateModified":"2016-06-06T15:47:35+00:00","breadcrumb":{"@id":"https:\/\/www.vita-explorers.dk\/blog\/miljo-international-dag-mod-krybskytteri-beskyttelse-af-vilde-dyr-vita-frivilligt-arbejde-naturbevarelse-aktiviteter-gap-year-verden\/#breadcrumb"},"inLanguage":"da-DK","potentialAction":[{"@type":"ReadAction","target":["https:\/\/www.vita-explorers.dk\/blog\/miljo-international-dag-mod-krybskytteri-beskyttelse-af-vilde-dyr-vita-frivilligt-arbejde-naturbevarelse-aktiviteter-gap-year-verden\/"]}]},{"@type":"ImageObject","inLanguage":"da-DK","@id":"https:\/\/www.vita-explorers.dk\/blog\/miljo-international-dag-mod-krybskytteri-beskyttelse-af-vilde-dyr-vita-frivilligt-arbejde-naturbevarelse-aktiviteter-gap-year-verden\/#primaryimage","url":"https:\/\/www.vita-explorers.dk\/blog\/wp-content\/uploads\/2016\/05\/Plage-Globalong-afrique-du-Sud.jpg","contentUrl":"https:\/\/www.vita-explorers.dk\/blog\/wp-content\/uploads\/2016\/05\/Plage-Globalong-afrique-du-Sud.jpg","width":3017,"height":2264,"caption":"Paysages sud africains Globalong"},{"@type":"BreadcrumbList","@id":"https:\/\/www.vita-explorers.dk\/blog\/miljo-international-dag-mod-krybskytteri-beskyttelse-af-vilde-dyr-vita-frivilligt-arbejde-naturbevarelse-aktiviteter-gap-year-verden\/#breadcrumb","itemListElement":[{"@type":"ListItem","position":1,"name":"Accueil","item":"https:\/\/www.vita-explorers.dk\/blog\/"},{"@type":"ListItem","position":2,"name":"Verdens milj\u00f8dag"}]},{"@type":"WebSite","@id":"https:\/\/www.vita-explorers.dk\/blog\/#website","url":"https:\/\/www.vita-explorers.dk\/blog\/","name":"Association Globalong","description":"Frivilligt arbejde, sprogophold, praktik i udlandet og internationale oplevelser","publisher":{"@id":"https:\/\/www.vita-explorers.dk\/blog\/#organization"},"potentialAction":[{"@type":"SearchAction","target":{"@type":"EntryPoint","urlTemplate":"https:\/\/www.vita-explorers.dk\/blog\/?s={search_term_string}"},"query-input":{"@type":"PropertyValueSpecification","valueRequired":true,"valueName":"search_term_string"}}],"inLanguage":"da-DK"},{"@type":"Organization","@id":"https:\/\/www.vita-explorers.dk\/blog\/#organization","name":"Association Globalong","url":"https:\/\/www.vita-explorers.dk\/blog\/","logo":{"@type":"ImageObject","inLanguage":"da-DK","@id":"https:\/\/www.vita-explorers.dk\/blog\/#\/schema\/logo\/image\/","url":"https:\/\/www.globalong.com\/blog\/wp-content\/uploads\/2014\/11\/cropped-cropped-Logo-et-Afrique-Globalong-petite-taille-2.jpg","contentUrl":"https:\/\/www.globalong.com\/blog\/wp-content\/uploads\/2014\/11\/cropped-cropped-Logo-et-Afrique-Globalong-petite-taille-2.jpg","width":512,"height":512,"caption":"Association Globalong"},"image":{"@id":"https:\/\/www.vita-explorers.dk\/blog\/#\/schema\/logo\/image\/"},"sameAs":["https:\/\/www.facebook.com\/globalong"]},{"@type":"Person","@id":"https:\/\/www.vita-explorers.dk\/blog\/#\/schema\/person\/d7df267b64f23018d1dc519e78fb2735","name":"VITA Tribe","image":{"@type":"ImageObject","inLanguage":"da-DK","@id":"https:\/\/www.vita-explorers.dk\/blog\/#\/schema\/person\/image\/","url":"https:\/\/secure.gravatar.com\/avatar\/81461bcc213d0ff2bdc043d4206648f0?s=96&d=mm&r=g","contentUrl":"https:\/\/secure.gravatar.com\/avatar\/81461bcc213d0ff2bdc043d4206648f0?s=96&d=mm&r=g","caption":"VITA Tribe"},"sameAs":["https:\/\/www.globalong.com"],"url":"https:\/\/www.vita-explorers.dk\/blog\/author\/sophie\/"}]}},"_links":{"self":[{"href":"https:\/\/www.vita-explorers.dk\/blog\/wp-json\/wp\/v2\/posts\/4483"}],"collection":[{"href":"https:\/\/www.vita-explorers.dk\/blog\/wp-json\/wp\/v2\/posts"}],"about":[{"href":"https:\/\/www.vita-explorers.dk\/blog\/wp-json\/wp\/v2\/types\/post"}],"author":[{"embeddable":true,"href":"https:\/\/www.vita-explorers.dk\/blog\/wp-json\/wp\/v2\/users\/1"}],"replies":[{"embeddable":true,"href":"https:\/\/www.vita-explorers.dk\/blog\/wp-json\/wp\/v2\/comments?post=4483"}],"version-history":[{"count":7,"href":"https:\/\/www.vita-explorers.dk\/blog\/wp-json\/wp\/v2\/posts\/4483\/revisions"}],"predecessor-version":[{"id":4491,"href":"https:\/\/www.vita-explorers.dk\/blog\/wp-json\/wp\/v2\/posts\/4483\/revisions\/4491"}],"wp:featuredmedia":[{"embeddable":true,"href":"https:\/\/www.vita-explorers.dk\/blog\/wp-json\/wp\/v2\/media\/4287"}],"wp:attachment":[{"href":"https:\/\/www.vita-explorers.dk\/blog\/wp-json\/wp\/v2\/media?parent=4483"}],"wp:term":[{"taxonomy":"category","embeddable":true,"href":"https:\/\/www.vita-explorers.dk\/blog\/wp-json\/wp\/v2\/categories?post=4483"},{"taxonomy":"post_tag","embeddable":true,"href":"https:\/\/www.vita-explorers.dk\/blog\/wp-json\/wp\/v2\/tags?post=4483"}],"curies":[{"name":"wp","href":"https:\/\/api.w.org\/{rel}","templated":true}]}}